{"id":102424,"date":"2018-08-10T12:32:03","date_gmt":"2018-08-10T12:32:03","guid":{"rendered":"http:\/\/candas365.es\/noticias\/?p=102424"},"modified":"2018-08-10T12:32:03","modified_gmt":"2018-08-10T12:32:03","slug":"arreglo-de-pisos-en-ciano","status":"publish","type":"post","link":"https:\/\/candas365.es\/noticias\/arreglo-de-pisos-en-ciano\/","title":{"rendered":"Arreglo de pisos en Cia\u00f1o"},"content":{"rendered":"<p><img fetchpriority=\"high\" decoding=\"async\" class=\"alignleft size-medium wp-image-102425\" src=\"https:\/\/candas365.es\/noticias\/wp-content\/uploads\/2018\/08\/Rueda-de-prensa-del-consejo-de-gobierno-4-360x240.jpg\" alt=\"\" width=\"360\" height=\"240\" srcset=\"https:\/\/candas365.es\/noticias\/wp-content\/uploads\/2018\/08\/Rueda-de-prensa-del-consejo-de-gobierno-4-360x240.jpg 360w, https:\/\/candas365.es\/noticias\/wp-content\/uploads\/2018\/08\/Rueda-de-prensa-del-consejo-de-gobierno-4-768x512.jpg 768w, https:\/\/candas365.es\/noticias\/wp-content\/uploads\/2018\/08\/Rueda-de-prensa-del-consejo-de-gobierno-4-655x436.jpg 655w, https:\/\/candas365.es\/noticias\/wp-content\/uploads\/2018\/08\/Rueda-de-prensa-del-consejo-de-gobierno-4-696x464.jpg 696w, https:\/\/candas365.es\/noticias\/wp-content\/uploads\/2018\/08\/Rueda-de-prensa-del-consejo-de-gobierno-4-1068x712.jpg 1068w, https:\/\/candas365.es\/noticias\/wp-content\/uploads\/2018\/08\/Rueda-de-prensa-del-consejo-de-gobierno-4-630x420.jpg 630w, https:\/\/candas365.es\/noticias\/wp-content\/uploads\/2018\/08\/Rueda-de-prensa-del-consejo-de-gobierno-4.jpg 1280w\" sizes=\"(max-width: 360px) 100vw, 360px\" \/>El Ejecutivo ha dado luz verde a un gasto de 443.133 euros para contratar la reparaci\u00f3n de 16 viviendas vacantes en Langreo, concretamente en Cia\u00f1o, una de ellas en el centro de la localidad y otras 15 en el barrio de Samu\u00f1o.<\/p>\n<p>La actuaci\u00f3n, que cuenta con un plazo de ejecuci\u00f3n de tres meses, consistir\u00e1 en la reparaci\u00f3n integral de las viviendas, que incluye la renovaci\u00f3n de las instalaciones el\u00e9ctricas y de agua, cambio de suelos, carpinter\u00eda de ventanas y puertas, pintura y azulejos, as\u00ed como la sustituci\u00f3n de equipos higi\u00e9nicos y de cocina.<\/p>\n<p>La contrataci\u00f3n plantea varios criterios de adjudicaci\u00f3n, por lo que se valorar\u00e1n, entre otros, aspectos relacionados con la calidad, el proceso constructivo, la organizaci\u00f3n de los trabajos, los controles sobre las unidades de obra y los medios personales.<\/p>\n","protected":false},"excerpt":{"rendered":"<p>El Ejecutivo ha dado luz verde a un gasto de 443.133 euros para contratar la reparaci\u00f3n de 16 viviendas vacantes en Langreo, concretamente en Cia\u00f1o, una de ellas en el centro de la localidad y otras 15 en el barrio de Samu\u00f1o. La actuaci\u00f3n, que cuenta con un plazo de ejecuci\u00f3n de tres meses, consistir\u00e1<\/p>\n","protected":false},"author":1,"featured_media":102425,"comment_status":"closed","ping_status":"closed","sticky":false,"template":"","format":"standard","meta":{"footnotes":""},"categories":[7],"tags":[],"class_list":{"0":"post-102424","1":"post","2":"type-post","3":"status-publish","4":"format-standard","5":"has-post-thumbnail","7":"category-asturias"},"aioseo_notices":[],"aioseo_head":"\n\t\t<!-- All in One SEO Pro 4.9.6.2 - aioseo.com -->\n\t<meta name=\"description\" content=\"El Ejecutivo ha dado luz verde a un gasto de 443.133 euros para contratar la reparaci\u00f3n de 16 viviendas vacantes en Langreo, concretamente en Cia\u00f1o, una de ellas en el centro de la localidad y otras 15 en el barrio de Samu\u00f1o. La actuaci\u00f3n, que cuenta con un plazo de ejecuci\u00f3n de tres meses, consistir\u00e1\" \/>\n\t<meta name=\"robots\" content=\"max-image-preview:large\" \/>\n\t<meta name=\"author\" content=\"Cand\u00e1s 365\"\/>\n\t<meta name=\"google-site-verification\" content=\"UA-32230408-1\" \/>\n\t<meta name=\"msvalidate.01\" content=\"354F3CDFB2DA171B47FBE9ABF1F88D5\" \/>\n\t<meta name=\"keywords\" content=\"asturias\" \/>\n\t<link rel=\"canonical\" href=\"https:\/\/candas365.es\/noticias\/arreglo-de-pisos-en-ciano\/\" \/>\n\t<meta name=\"generator\" content=\"All in One SEO Pro (AIOSEO) 4.9.6.2\" \/>\n\t\t<meta property=\"og:locale\" content=\"es_ES\" \/>\n\t\t<meta property=\"og:site_name\" content=\"Cand\u00e1s 365\" \/>\n\t\t<meta property=\"og:type\" content=\"article\" \/>\n\t\t<meta property=\"og:title\" content=\"Arreglo de pisos en Cia\u00f1o | Cand\u00e1s 365\" \/>\n\t\t<meta property=\"og:description\" content=\"El Ejecutivo ha dado luz verde a un gasto de 443.133 euros para contratar la reparaci\u00f3n de 16 viviendas vacantes en Langreo, concretamente en Cia\u00f1o, una de ellas en el centro de la localidad y otras 15 en el barrio de Samu\u00f1o. La actuaci\u00f3n, que cuenta con un plazo de ejecuci\u00f3n de tres meses, consistir\u00e1\" \/>\n\t\t<meta property=\"og:url\" content=\"https:\/\/candas365.es\/noticias\/arreglo-de-pisos-en-ciano\/\" \/>\n\t\t<meta property=\"og:image\" content=\"https:\/\/candas365.es\/noticias\/wp-content\/uploads\/2018\/08\/Rueda-de-prensa-del-consejo-de-gobierno-4.jpg\" \/>\n\t\t<meta property=\"og:image:secure_url\" content=\"https:\/\/candas365.es\/noticias\/wp-content\/uploads\/2018\/08\/Rueda-de-prensa-del-consejo-de-gobierno-4.jpg\" \/>\n\t\t<meta property=\"og:image:width\" content=\"1280\" \/>\n\t\t<meta property=\"og:image:height\" content=\"853\" \/>\n\t\t<meta property=\"article:published_time\" content=\"2018-08-10T12:32:03+00:00\" \/>\n\t\t<meta property=\"article:modified_time\" content=\"2018-08-10T12:32:03+00:00\" \/>\n\t\t<meta property=\"article:publisher\" content=\"https:\/\/www.facebook.com\/Nachofdezber\" \/>\n\t\t<meta property=\"article:author\" content=\"https:\/\/www.facebook.com\/carrenoactualidad\" \/>\n\t\t<meta name=\"twitter:card\" content=\"summary_large_image\" \/>\n\t\t<meta name=\"twitter:site\" content=\"@NabercoDigital\" \/>\n\t\t<meta name=\"twitter:title\" content=\"Arreglo de pisos en Cia\u00f1o | Cand\u00e1s 365\" \/>\n\t\t<meta name=\"twitter:description\" content=\"El Ejecutivo ha dado luz verde a un gasto de 443.133 euros para contratar la reparaci\u00f3n de 16 viviendas vacantes en Langreo, concretamente en Cia\u00f1o, una de ellas en el centro de la localidad y otras 15 en el barrio de Samu\u00f1o. La actuaci\u00f3n, que cuenta con un plazo de ejecuci\u00f3n de tres meses, consistir\u00e1\" \/>\n\t\t<meta name=\"twitter:creator\" content=\"@nbasturias\" \/>\n\t\t<meta name=\"twitter:image\" content=\"https:\/\/candas365.es\/noticias\/wp-content\/uploads\/2018\/08\/Rueda-de-prensa-del-consejo-de-gobierno-4.jpg\" \/>\n\t\t<meta name=\"twitter:label1\" content=\"Escrito por\" \/>\n\t\t<meta name=\"twitter:data1\" content=\"Cand\u00e1s 365\" \/>\n\t\t<meta name=\"twitter:label2\" content=\"Tiempo de lectura estimado\" \/>\n\t\t<meta name=\"twitter:data2\" content=\"1 minuto\" \/>\n\t\t<script type=\"application\/ld+json\" class=\"aioseo-schema\">\n\t\t\t{\"@context\":\"https:\\\/\\\/schema.org\",\"@graph\":[{\"@type\":\"BreadcrumbList\",\"@id\":\"https:\\\/\\\/candas365.es\\\/noticias\\\/arreglo-de-pisos-en-ciano\\\/#breadcrumblist\",\"itemListElement\":[{\"@type\":\"ListItem\",\"@id\":\"https:\\\/\\\/candas365.es\\\/noticias#listItem\",\"position\":1,\"name\":\"Home\",\"item\":\"https:\\\/\\\/candas365.es\\\/noticias\",\"nextItem\":{\"@type\":\"ListItem\",\"@id\":\"https:\\\/\\\/candas365.es\\\/noticias\\\/category\\\/asturias\\\/#listItem\",\"name\":\"Asturias\"}},{\"@type\":\"ListItem\",\"@id\":\"https:\\\/\\\/candas365.es\\\/noticias\\\/category\\\/asturias\\\/#listItem\",\"position\":2,\"name\":\"Asturias\",\"item\":\"https:\\\/\\\/candas365.es\\\/noticias\\\/category\\\/asturias\\\/\",\"nextItem\":{\"@type\":\"ListItem\",\"@id\":\"https:\\\/\\\/candas365.es\\\/noticias\\\/arreglo-de-pisos-en-ciano\\\/#listItem\",\"name\":\"Arreglo de pisos en Cia\\u00f1o\"},\"previousItem\":{\"@type\":\"ListItem\",\"@id\":\"https:\\\/\\\/candas365.es\\\/noticias#listItem\",\"name\":\"Home\"}},{\"@type\":\"ListItem\",\"@id\":\"https:\\\/\\\/candas365.es\\\/noticias\\\/arreglo-de-pisos-en-ciano\\\/#listItem\",\"position\":3,\"name\":\"Arreglo de pisos en Cia\\u00f1o\",\"previousItem\":{\"@type\":\"ListItem\",\"@id\":\"https:\\\/\\\/candas365.es\\\/noticias\\\/category\\\/asturias\\\/#listItem\",\"name\":\"Asturias\"}}]},{\"@type\":\"NewsArticle\",\"@id\":\"https:\\\/\\\/candas365.es\\\/noticias\\\/arreglo-de-pisos-en-ciano\\\/#newsarticle\",\"name\":\"Arreglo de pisos en Cia\\u00f1o | Cand\\u00e1s 365\",\"headline\":\"Arreglo de pisos en Cia\\u00f1o\",\"author\":{\"@id\":\"https:\\\/\\\/candas365.es\\\/noticias\\\/author\\\/admin\\\/#author\"},\"publisher\":{\"@id\":\"https:\\\/\\\/candas365.es\\\/noticias\\\/#organization\"},\"image\":{\"@type\":\"ImageObject\",\"url\":\"https:\\\/\\\/candas365.es\\\/noticias\\\/wp-content\\\/uploads\\\/2018\\\/08\\\/Rueda-de-prensa-del-consejo-de-gobierno-4.jpg\",\"width\":1280,\"height\":853},\"datePublished\":\"2018-08-10T12:32:03+02:00\",\"dateModified\":\"2018-08-10T12:32:03+02:00\",\"inLanguage\":\"es-ES\",\"mainEntityOfPage\":{\"@id\":\"https:\\\/\\\/candas365.es\\\/noticias\\\/arreglo-de-pisos-en-ciano\\\/#webpage\"},\"isPartOf\":{\"@id\":\"https:\\\/\\\/candas365.es\\\/noticias\\\/arreglo-de-pisos-en-ciano\\\/#webpage\"},\"articleSection\":\"Asturias\",\"dateline\":\"Publicado el agosto 10, 2018.\"},{\"@type\":\"Organization\",\"@id\":\"https:\\\/\\\/candas365.es\\\/noticias\\\/#organization\",\"name\":\"Cand\\u00e1s 365\",\"description\":\"Cand\\u00e1s 365 es un diario digital independiente, fundado en 2012, con base en Asturias. Informamos con rigor sobre actualidad, sociedad, cultura y ocio, con una mirada local y global.\",\"url\":\"https:\\\/\\\/candas365.es\\\/noticias\\\/\",\"email\":\"info@candas365.es\",\"telephone\":\"+34652131393\",\"foundingDate\":\"2012-06-10\",\"logo\":{\"@type\":\"ImageObject\",\"url\":\"https:\\\/\\\/candas365.es\\\/noticias\\\/wp-content\\\/uploads\\\/2024\\\/09\\\/Candas-365-Redes.jpg\",\"@id\":\"https:\\\/\\\/candas365.es\\\/noticias\\\/arreglo-de-pisos-en-ciano\\\/#organizationLogo\",\"width\":1152,\"height\":864,\"caption\":\"Cand\\u00e1s 365 Redes\"},\"image\":{\"@id\":\"https:\\\/\\\/candas365.es\\\/noticias\\\/arreglo-de-pisos-en-ciano\\\/#organizationLogo\"},\"sameAs\":[\"https:\\\/\\\/www.facebook.com\\\/Nachofdezber\",\"https:\\\/\\\/x.com\\\/NabercoDigital\",\"https:\\\/\\\/www.instagram.com\\\/nachofdezber\\\/\",\"https:\\\/\\\/www.youtube.com\\\/channel\\\/UCZP-2wLEB9Rv6erhFmqVnvg\"],\"address\":{\"@id\":\"https:\\\/\\\/candas365.es\\\/noticias\\\/#postaladdress\",\"@type\":\"PostalAddress\",\"streetAddress\":\"san antonio 4, san antonio 4\",\"postalCode\":\"33430\",\"addressLocality\":\"Cand\\u00e1s\",\"addressRegion\":\"Asturias\",\"addressCountry\":\"ES\"}},{\"@type\":\"Person\",\"@id\":\"https:\\\/\\\/candas365.es\\\/noticias\\\/author\\\/admin\\\/#author\",\"url\":\"https:\\\/\\\/candas365.es\\\/noticias\\\/author\\\/admin\\\/\",\"name\":\"Cand\\u00e1s 365\",\"image\":{\"@type\":\"ImageObject\",\"@id\":\"https:\\\/\\\/candas365.es\\\/noticias\\\/arreglo-de-pisos-en-ciano\\\/#authorImage\",\"url\":\"https:\\\/\\\/secure.gravatar.com\\\/avatar\\\/496a8e03d0c493ede1718b7934145dbdf8d89be1036b0eec9544e1094c9de390?s=96&d=mm&r=g\",\"width\":96,\"height\":96,\"caption\":\"Cand\\u00e1s 365\"},\"sameAs\":[\"https:\\\/\\\/www.facebook.com\\\/carrenoactualidad\",\"https:\\\/\\\/twitter.com\\\/nbasturias\",\"https:\\\/\\\/www.instagram.com\\\/nachofdezber\\\/\",\"https:\\\/\\\/www.youtube.com\\\/channel\\\/UCZP-2wLEB9Rv6erhFmqVnvg\"]},{\"@type\":\"WebPage\",\"@id\":\"https:\\\/\\\/candas365.es\\\/noticias\\\/arreglo-de-pisos-en-ciano\\\/#webpage\",\"url\":\"https:\\\/\\\/candas365.es\\\/noticias\\\/arreglo-de-pisos-en-ciano\\\/\",\"name\":\"Arreglo de pisos en Cia\\u00f1o | Cand\\u00e1s 365\",\"description\":\"El Ejecutivo ha dado luz verde a un gasto de 443.133 euros para contratar la reparaci\\u00f3n de 16 viviendas vacantes en Langreo, concretamente en Cia\\u00f1o, una de ellas en el centro de la localidad y otras 15 en el barrio de Samu\\u00f1o. La actuaci\\u00f3n, que cuenta con un plazo de ejecuci\\u00f3n de tres meses, consistir\\u00e1\",\"inLanguage\":\"es-ES\",\"isPartOf\":{\"@id\":\"https:\\\/\\\/candas365.es\\\/noticias\\\/#website\"},\"breadcrumb\":{\"@id\":\"https:\\\/\\\/candas365.es\\\/noticias\\\/arreglo-de-pisos-en-ciano\\\/#breadcrumblist\"},\"author\":{\"@id\":\"https:\\\/\\\/candas365.es\\\/noticias\\\/author\\\/admin\\\/#author\"},\"creator\":{\"@id\":\"https:\\\/\\\/candas365.es\\\/noticias\\\/author\\\/admin\\\/#author\"},\"image\":{\"@type\":\"ImageObject\",\"url\":\"https:\\\/\\\/candas365.es\\\/noticias\\\/wp-content\\\/uploads\\\/2018\\\/08\\\/Rueda-de-prensa-del-consejo-de-gobierno-4.jpg\",\"@id\":\"https:\\\/\\\/candas365.es\\\/noticias\\\/arreglo-de-pisos-en-ciano\\\/#mainImage\",\"width\":1280,\"height\":853},\"primaryImageOfPage\":{\"@id\":\"https:\\\/\\\/candas365.es\\\/noticias\\\/arreglo-de-pisos-en-ciano\\\/#mainImage\"},\"datePublished\":\"2018-08-10T12:32:03+02:00\",\"dateModified\":\"2018-08-10T12:32:03+02:00\"},{\"@type\":\"WebSite\",\"@id\":\"https:\\\/\\\/candas365.es\\\/noticias\\\/#website\",\"url\":\"https:\\\/\\\/candas365.es\\\/noticias\\\/\",\"name\":\"Cand\\u00e1s 365\",\"alternateName\":\"Cand\\u00e1s 365 Noticias\",\"description\":\"Actualidad desde Carre\\u00f1o para el mundo\",\"inLanguage\":\"es-ES\",\"publisher\":{\"@id\":\"https:\\\/\\\/candas365.es\\\/noticias\\\/#organization\"}}]}\n\t\t<\/script>\n\t\t<!-- All in One SEO Pro -->\r\n\t\t<title>Arreglo de pisos en Cia\u00f1o | Cand\u00e1s 365<\/title>\n\n","aioseo_head_json":{"title":"Arreglo de pisos en Cia\u00f1o | Cand\u00e1s 365","description":"El Ejecutivo ha dado luz verde a un gasto de 443.133 euros para contratar la reparaci\u00f3n de 16 viviendas vacantes en Langreo, concretamente en Cia\u00f1o, una de ellas en el centro de la localidad y otras 15 en el barrio de Samu\u00f1o. La actuaci\u00f3n, que cuenta con un plazo de ejecuci\u00f3n de tres meses, consistir\u00e1","canonical_url":"https:\/\/candas365.es\/noticias\/arreglo-de-pisos-en-ciano\/","robots":"max-image-preview:large","keywords":"asturias","webmasterTools":{"google-site-verification":"UA-32230408-1","msvalidate.01":"354F3CDFB2DA171B47FBE9ABF1F88D5","miscellaneous":""},"schema":{"@context":"https:\/\/schema.org","@graph":[{"@type":"BreadcrumbList","@id":"https:\/\/candas365.es\/noticias\/arreglo-de-pisos-en-ciano\/#breadcrumblist","itemListElement":[{"@type":"ListItem","@id":"https:\/\/candas365.es\/noticias#listItem","position":1,"name":"Home","item":"https:\/\/candas365.es\/noticias","nextItem":{"@type":"ListItem","@id":"https:\/\/candas365.es\/noticias\/category\/asturias\/#listItem","name":"Asturias"}},{"@type":"ListItem","@id":"https:\/\/candas365.es\/noticias\/category\/asturias\/#listItem","position":2,"name":"Asturias","item":"https:\/\/candas365.es\/noticias\/category\/asturias\/","nextItem":{"@type":"ListItem","@id":"https:\/\/candas365.es\/noticias\/arreglo-de-pisos-en-ciano\/#listItem","name":"Arreglo de pisos en Cia\u00f1o"},"previousItem":{"@type":"ListItem","@id":"https:\/\/candas365.es\/noticias#listItem","name":"Home"}},{"@type":"ListItem","@id":"https:\/\/candas365.es\/noticias\/arreglo-de-pisos-en-ciano\/#listItem","position":3,"name":"Arreglo de pisos en Cia\u00f1o","previousItem":{"@type":"ListItem","@id":"https:\/\/candas365.es\/noticias\/category\/asturias\/#listItem","name":"Asturias"}}]},{"@type":"NewsArticle","@id":"https:\/\/candas365.es\/noticias\/arreglo-de-pisos-en-ciano\/#newsarticle","name":"Arreglo de pisos en Cia\u00f1o | Cand\u00e1s 365","headline":"Arreglo de pisos en Cia\u00f1o","author":{"@id":"https:\/\/candas365.es\/noticias\/author\/admin\/#author"},"publisher":{"@id":"https:\/\/candas365.es\/noticias\/#organization"},"image":{"@type":"ImageObject","url":"https:\/\/candas365.es\/noticias\/wp-content\/uploads\/2018\/08\/Rueda-de-prensa-del-consejo-de-gobierno-4.jpg","width":1280,"height":853},"datePublished":"2018-08-10T12:32:03+02:00","dateModified":"2018-08-10T12:32:03+02:00","inLanguage":"es-ES","mainEntityOfPage":{"@id":"https:\/\/candas365.es\/noticias\/arreglo-de-pisos-en-ciano\/#webpage"},"isPartOf":{"@id":"https:\/\/candas365.es\/noticias\/arreglo-de-pisos-en-ciano\/#webpage"},"articleSection":"Asturias","dateline":"Publicado el agosto 10, 2018."},{"@type":"Organization","@id":"https:\/\/candas365.es\/noticias\/#organization","name":"Cand\u00e1s 365","description":"Cand\u00e1s 365 es un diario digital independiente, fundado en 2012, con base en Asturias. Informamos con rigor sobre actualidad, sociedad, cultura y ocio, con una mirada local y global.","url":"https:\/\/candas365.es\/noticias\/","email":"info@candas365.es","telephone":"+34652131393","foundingDate":"2012-06-10","logo":{"@type":"ImageObject","url":"https:\/\/candas365.es\/noticias\/wp-content\/uploads\/2024\/09\/Candas-365-Redes.jpg","@id":"https:\/\/candas365.es\/noticias\/arreglo-de-pisos-en-ciano\/#organizationLogo","width":1152,"height":864,"caption":"Cand\u00e1s 365 Redes"},"image":{"@id":"https:\/\/candas365.es\/noticias\/arreglo-de-pisos-en-ciano\/#organizationLogo"},"sameAs":["https:\/\/www.facebook.com\/Nachofdezber","https:\/\/x.com\/NabercoDigital","https:\/\/www.instagram.com\/nachofdezber\/","https:\/\/www.youtube.com\/channel\/UCZP-2wLEB9Rv6erhFmqVnvg"],"address":{"@id":"https:\/\/candas365.es\/noticias\/#postaladdress","@type":"PostalAddress","streetAddress":"san antonio 4, san antonio 4","postalCode":"33430","addressLocality":"Cand\u00e1s","addressRegion":"Asturias","addressCountry":"ES"}},{"@type":"Person","@id":"https:\/\/candas365.es\/noticias\/author\/admin\/#author","url":"https:\/\/candas365.es\/noticias\/author\/admin\/","name":"Cand\u00e1s 365","image":{"@type":"ImageObject","@id":"https:\/\/candas365.es\/noticias\/arreglo-de-pisos-en-ciano\/#authorImage","url":"https:\/\/secure.gravatar.com\/avatar\/496a8e03d0c493ede1718b7934145dbdf8d89be1036b0eec9544e1094c9de390?s=96&d=mm&r=g","width":96,"height":96,"caption":"Cand\u00e1s 365"},"sameAs":["https:\/\/www.facebook.com\/carrenoactualidad","https:\/\/twitter.com\/nbasturias","https:\/\/www.instagram.com\/nachofdezber\/","https:\/\/www.youtube.com\/channel\/UCZP-2wLEB9Rv6erhFmqVnvg"]},{"@type":"WebPage","@id":"https:\/\/candas365.es\/noticias\/arreglo-de-pisos-en-ciano\/#webpage","url":"https:\/\/candas365.es\/noticias\/arreglo-de-pisos-en-ciano\/","name":"Arreglo de pisos en Cia\u00f1o | Cand\u00e1s 365","description":"El Ejecutivo ha dado luz verde a un gasto de 443.133 euros para contratar la reparaci\u00f3n de 16 viviendas vacantes en Langreo, concretamente en Cia\u00f1o, una de ellas en el centro de la localidad y otras 15 en el barrio de Samu\u00f1o. La actuaci\u00f3n, que cuenta con un plazo de ejecuci\u00f3n de tres meses, consistir\u00e1","inLanguage":"es-ES","isPartOf":{"@id":"https:\/\/candas365.es\/noticias\/#website"},"breadcrumb":{"@id":"https:\/\/candas365.es\/noticias\/arreglo-de-pisos-en-ciano\/#breadcrumblist"},"author":{"@id":"https:\/\/candas365.es\/noticias\/author\/admin\/#author"},"creator":{"@id":"https:\/\/candas365.es\/noticias\/author\/admin\/#author"},"image":{"@type":"ImageObject","url":"https:\/\/candas365.es\/noticias\/wp-content\/uploads\/2018\/08\/Rueda-de-prensa-del-consejo-de-gobierno-4.jpg","@id":"https:\/\/candas365.es\/noticias\/arreglo-de-pisos-en-ciano\/#mainImage","width":1280,"height":853},"primaryImageOfPage":{"@id":"https:\/\/candas365.es\/noticias\/arreglo-de-pisos-en-ciano\/#mainImage"},"datePublished":"2018-08-10T12:32:03+02:00","dateModified":"2018-08-10T12:32:03+02:00"},{"@type":"WebSite","@id":"https:\/\/candas365.es\/noticias\/#website","url":"https:\/\/candas365.es\/noticias\/","name":"Cand\u00e1s 365","alternateName":"Cand\u00e1s 365 Noticias","description":"Actualidad desde Carre\u00f1o para el mundo","inLanguage":"es-ES","publisher":{"@id":"https:\/\/candas365.es\/noticias\/#organization"}}]},"og:locale":"es_ES","og:site_name":"Cand\u00e1s 365","og:type":"article","og:title":"Arreglo de pisos en Cia\u00f1o | Cand\u00e1s 365","og:description":"El Ejecutivo ha dado luz verde a un gasto de 443.133 euros para contratar la reparaci\u00f3n de 16 viviendas vacantes en Langreo, concretamente en Cia\u00f1o, una de ellas en el centro de la localidad y otras 15 en el barrio de Samu\u00f1o. La actuaci\u00f3n, que cuenta con un plazo de ejecuci\u00f3n de tres meses, consistir\u00e1","og:url":"https:\/\/candas365.es\/noticias\/arreglo-de-pisos-en-ciano\/","og:image":"https:\/\/candas365.es\/noticias\/wp-content\/uploads\/2018\/08\/Rueda-de-prensa-del-consejo-de-gobierno-4.jpg","og:image:secure_url":"https:\/\/candas365.es\/noticias\/wp-content\/uploads\/2018\/08\/Rueda-de-prensa-del-consejo-de-gobierno-4.jpg","og:image:width":1280,"og:image:height":853,"article:published_time":"2018-08-10T12:32:03+00:00","article:modified_time":"2018-08-10T12:32:03+00:00","article:publisher":"https:\/\/www.facebook.com\/Nachofdezber","article:author":"https:\/\/www.facebook.com\/carrenoactualidad","twitter:card":"summary_large_image","twitter:site":"@NabercoDigital","twitter:title":"Arreglo de pisos en Cia\u00f1o | Cand\u00e1s 365","twitter:description":"El Ejecutivo ha dado luz verde a un gasto de 443.133 euros para contratar la reparaci\u00f3n de 16 viviendas vacantes en Langreo, concretamente en Cia\u00f1o, una de ellas en el centro de la localidad y otras 15 en el barrio de Samu\u00f1o. La actuaci\u00f3n, que cuenta con un plazo de ejecuci\u00f3n de tres meses, consistir\u00e1","twitter:creator":"@nbasturias","twitter:image":"https:\/\/candas365.es\/noticias\/wp-content\/uploads\/2018\/08\/Rueda-de-prensa-del-consejo-de-gobierno-4.jpg","twitter:label1":"Escrito por","twitter:data1":"Cand\u00e1s 365","twitter:label2":"Tiempo de lectura estimado","twitter:data2":"1 minuto"},"aioseo_meta_data":{"post_id":"102424","title":null,"description":null,"keywords":null,"keyphrases":null,"primary_term":null,"canonical_url":null,"og_title":null,"og_description":null,"og_object_type":"default","og_image_type":"default","og_image_url":null,"og_image_width":null,"og_image_height":null,"og_image_custom_url":null,"og_image_custom_fields":null,"og_video":null,"og_custom_url":null,"og_article_section":null,"og_article_tags":null,"twitter_use_og":false,"twitter_card":"default","twitter_image_type":"default","twitter_image_url":null,"twitter_image_custom_url":null,"twitter_image_custom_fields":null,"twitter_title":null,"twitter_description":null,"schema":{"blockGraphs":[],"customGraphs":[],"default":{"data":{"Article":[],"Course":[],"Dataset":[],"FAQPage":[],"Movie":[],"Person":[],"Product":[],"ProductReview":[],"Car":[],"Recipe":[],"Service":[],"SoftwareApplication":[],"WebPage":[]},"graphName":"","isEnabled":true},"graphs":[]},"schema_type":null,"schema_type_options":null,"pillar_content":false,"robots_default":true,"robots_noindex":false,"robots_noarchive":false,"robots_nosnippet":false,"robots_nofollow":false,"robots_noimageindex":false,"robots_noodp":false,"robots_notranslate":false,"robots_max_snippet":null,"robots_max_videopreview":null,"robots_max_imagepreview":"large","priority":null,"frequency":null,"location":null,"local_seo":null,"seo_analyzer_scan_date":"2025-08-27 14:08:14","breadcrumb_settings":null,"limit_modified_date":false,"reviewed_by":null,"open_ai":null,"ai":null,"created":"2020-12-21 11:47:18","updated":"2025-08-27 14:08:14"},"aioseo_breadcrumb":"<div class=\"aioseo-breadcrumbs\"><span class=\"aioseo-breadcrumb\">\n\t<a href=\"https:\/\/candas365.es\/noticias\" title=\"Home\">Home<\/a>\n<\/span><span class=\"aioseo-breadcrumb-separator\">&ndash;<\/span><span class=\"aioseo-breadcrumb\">\n\t<a href=\"https:\/\/candas365.es\/noticias\/category\/asturias\/\" title=\"Asturias\">Asturias<\/a>\n<\/span><span class=\"aioseo-breadcrumb-separator\">&ndash;<\/span><span class=\"aioseo-breadcrumb\">\n\tArreglo de pisos en Cia\u00f1o\n<\/span><\/div>","aioseo_breadcrumb_json":[{"label":"Home","link":"https:\/\/candas365.es\/noticias"},{"label":"Asturias","link":"https:\/\/candas365.es\/noticias\/category\/asturias\/"},{"label":"Arreglo de pisos en Cia\u00f1o","link":"https:\/\/candas365.es\/noticias\/arreglo-de-pisos-en-ciano\/"}],"_links":{"self":[{"href":"https:\/\/candas365.es\/noticias\/wp-json\/wp\/v2\/posts\/102424","targetHints":{"allow":["GET"]}}],"collection":[{"href":"https:\/\/candas365.es\/noticias\/wp-json\/wp\/v2\/posts"}],"about":[{"href":"https:\/\/candas365.es\/noticias\/wp-json\/wp\/v2\/types\/post"}],"author":[{"embeddable":true,"href":"https:\/\/candas365.es\/noticias\/wp-json\/wp\/v2\/users\/1"}],"replies":[{"embeddable":true,"href":"https:\/\/candas365.es\/noticias\/wp-json\/wp\/v2\/comments?post=102424"}],"version-history":[{"count":0,"href":"https:\/\/candas365.es\/noticias\/wp-json\/wp\/v2\/posts\/102424\/revisions"}],"wp:featuredmedia":[{"embeddable":true,"href":"https:\/\/candas365.es\/noticias\/wp-json\/wp\/v2\/media\/102425"}],"wp:attachment":[{"href":"https:\/\/candas365.es\/noticias\/wp-json\/wp\/v2\/media?parent=102424"}],"wp:term":[{"taxonomy":"category","embeddable":true,"href":"https:\/\/candas365.es\/noticias\/wp-json\/wp\/v2\/categories?post=102424"},{"taxonomy":"post_tag","embeddable":true,"href":"https:\/\/candas365.es\/noticias\/wp-json\/wp\/v2\/tags?post=102424"}],"curies":[{"name":"wp","href":"https:\/\/api.w.org\/{rel}","templated":true}]}}