{"id":102332,"date":"2018-08-08T23:50:16","date_gmt":"2018-08-08T23:50:16","guid":{"rendered":"http:\/\/candas365.es\/noticias\/?p=102332"},"modified":"2018-08-08T23:50:16","modified_gmt":"2018-08-08T23:50:16","slug":"twitter-defiende-la-permanencia-de-los-podcast-de-jones","status":"publish","type":"post","link":"https:\/\/candas365.es\/noticias\/twitter-defiende-la-permanencia-de-los-podcast-de-jones\/","title":{"rendered":"Twitter defiende la permanencia de los podcast de Jones"},"content":{"rendered":"<p><img fetchpriority=\"high\" decoding=\"async\" class=\"alignleft size-medium wp-image-95755\" src=\"https:\/\/candas365.es\/noticias\/wp-content\/uploads\/2018\/05\/internet-3113279_960_720-360x240.jpg\" alt=\"\" width=\"360\" height=\"240\" srcset=\"https:\/\/candas365.es\/noticias\/wp-content\/uploads\/2018\/05\/internet-3113279_960_720-360x240.jpg 360w, https:\/\/candas365.es\/noticias\/wp-content\/uploads\/2018\/05\/internet-3113279_960_720-768x512.jpg 768w, https:\/\/candas365.es\/noticias\/wp-content\/uploads\/2018\/05\/internet-3113279_960_720-655x437.jpg 655w, https:\/\/candas365.es\/noticias\/wp-content\/uploads\/2018\/05\/internet-3113279_960_720-696x464.jpg 696w, https:\/\/candas365.es\/noticias\/wp-content\/uploads\/2018\/05\/internet-3113279_960_720-630x420.jpg 630w, https:\/\/candas365.es\/noticias\/wp-content\/uploads\/2018\/05\/internet-3113279_960_720.jpg 960w\" sizes=\"(max-width: 360px) 100vw, 360px\" \/>Berl\u00edn, 8 ago (dpa) &#8211; El director ejecutivo de Twitter, Jack Dorsey, defendi\u00f3 hoy la decisi\u00f3n de la red social de no bloquear al te\u00f3rico de la conspiraci\u00f3n estadounidense Alex Jones ni su podcast \u00abInfowars\u00bb, al contrario de lo que hicieron otras compa\u00f1\u00edas.<\/p>\n<p>\u00abNo bloqueamos a Alex Jones ni a &#8216;Infowars&#8217; ayer. Sabemos que es algo duro para muchos, pero la raz\u00f3n es sencilla: no viol\u00f3 nuestras reglas\u00bb, tuite\u00f3 Dorsey. Si lo hiciese, se actuar\u00eda en consecuencia, a\u00f1adi\u00f3. El populista de derechas tiene m\u00e1s de 860.000 seguidores en Twitter.<\/p>\n<p>La red social que dirige Dorsey est\u00e1 bajo presi\u00f3n por su postura en este caso. El resto de grandes plataformas de Internet retiraron parcial o totalmente de sus contenidos los controvertidos mensajes de Jones. Apple y Spotify borraron los programas de \u00abInfowars\u00bb y despu\u00e9s Facebook borr\u00f3 cuatro de sus p\u00e1ginas.<\/p>\n<p>Apple justific\u00f3 su decisi\u00f3n asegurando que no permite mensajes de odio y Facebook se\u00f1al\u00f3 que enaltece la violencia, adem\u00e1s de utilizar un lenguaje deshumanizador para referirse a los transg\u00e9nero, musulmanes e inmigrantes. Tampoco puede verse el canal de Jones en YouTube, que tiene m\u00e1s de 2,4 millones de suscriptores.<\/p>\n<p>Jones ha propagado teor\u00edas como que el Gobierno estadounidense estuvo implicado en los atentados del 11 de septiembre de 2001 en Nueva York, que la masacre de la escuela secundaria Sandy Hook fue simulada por actores o que el cambio clim\u00e1tico es un mito.<\/p>\n<p>\u00abJones ser\u00e1 tratado con los mismos est\u00e1ndares que el resto de usuarios\u00bb, se\u00f1al\u00f3 el director ejecutivo de Twitter, y no habr\u00e1 decisiones \u00abprovisionales para que nos sintamos mejor a corto plazo pero que desaten nuevas teor\u00edas de la conspiraci\u00f3n\u00bb.<\/p>\n<p>Dorsey asegur\u00f3 que Twitter no quiere ceder a la presi\u00f3n sino mantenerse fiel a sus principios. \u00abCuentas como la de Jones pueden ser sensacionalistas con los temas y difundir rumores\u00bb, reconoce, as\u00ed que es \u00abvital que los periodistas documenten, verifiquen y refuten esas informaciones directamente, para que la gente se pueda formar sus propias opiniones\u00bb.<\/p>\n","protected":false},"excerpt":{"rendered":"<p>Berl\u00edn, 8 ago (dpa) &#8211; El director ejecutivo de Twitter, Jack Dorsey, defendi\u00f3 hoy la decisi\u00f3n de la red social de no bloquear al te\u00f3rico de la conspiraci\u00f3n estadounidense Alex Jones ni su podcast \u00abInfowars\u00bb, al contrario de lo que hicieron otras compa\u00f1\u00edas. \u00abNo bloqueamos a Alex Jones ni a &#8216;Infowars&#8217; ayer. Sabemos que es<\/p>\n","protected":false},"author":1,"featured_media":95755,"comment_status":"closed","ping_status":"closed","sticky":false,"template":"","format":"standard","meta":{"footnotes":""},"categories":[142],"tags":[],"class_list":{"0":"post-102332","1":"post","2":"type-post","3":"status-publish","4":"format-standard","5":"has-post-thumbnail","7":"category-revista"},"aioseo_notices":[],"aioseo_head":"\n\t\t<!-- All in One SEO Pro 4.9.6.2 - aioseo.com -->\n\t<meta name=\"description\" content=\"Berl\u00edn, 8 ago (dpa) - El director ejecutivo de Twitter, Jack Dorsey, defendi\u00f3 hoy la decisi\u00f3n de la red social de no bloquear al te\u00f3rico de la conspiraci\u00f3n estadounidense Alex Jones ni su podcast &quot;Infowars&quot;, al contrario de lo que hicieron otras compa\u00f1\u00edas. &quot;No bloqueamos a Alex Jones ni a &#039;Infowars&#039; ayer. Sabemos que es\" \/>\n\t<meta name=\"robots\" content=\"max-image-preview:large\" \/>\n\t<meta name=\"author\" content=\"Cand\u00e1s 365\"\/>\n\t<meta name=\"google-site-verification\" content=\"UA-32230408-1\" \/>\n\t<meta name=\"msvalidate.01\" content=\"354F3CDFB2DA171B47FBE9ABF1F88D5\" \/>\n\t<meta name=\"keywords\" content=\"revista\" \/>\n\t<link rel=\"canonical\" href=\"https:\/\/candas365.es\/noticias\/twitter-defiende-la-permanencia-de-los-podcast-de-jones\/\" \/>\n\t<meta name=\"generator\" content=\"All in One SEO Pro (AIOSEO) 4.9.6.2\" \/>\n\t\t<meta property=\"og:locale\" content=\"es_ES\" \/>\n\t\t<meta property=\"og:site_name\" content=\"Cand\u00e1s 365\" \/>\n\t\t<meta property=\"og:type\" content=\"article\" \/>\n\t\t<meta property=\"og:title\" content=\"Twitter defiende la permanencia de los podcast de Jones | Cand\u00e1s 365\" \/>\n\t\t<meta property=\"og:description\" content=\"Berl\u00edn, 8 ago (dpa) - El director ejecutivo de Twitter, Jack Dorsey, defendi\u00f3 hoy la decisi\u00f3n de la red social de no bloquear al te\u00f3rico de la conspiraci\u00f3n estadounidense Alex Jones ni su podcast &quot;Infowars&quot;, al contrario de lo que hicieron otras compa\u00f1\u00edas. &quot;No bloqueamos a Alex Jones ni a &#039;Infowars&#039; ayer. Sabemos que es\" \/>\n\t\t<meta property=\"og:url\" content=\"https:\/\/candas365.es\/noticias\/twitter-defiende-la-permanencia-de-los-podcast-de-jones\/\" \/>\n\t\t<meta property=\"og:image\" content=\"https:\/\/candas365.es\/noticias\/wp-content\/uploads\/2018\/05\/internet-3113279_960_720.jpg\" \/>\n\t\t<meta property=\"og:image:secure_url\" content=\"https:\/\/candas365.es\/noticias\/wp-content\/uploads\/2018\/05\/internet-3113279_960_720.jpg\" \/>\n\t\t<meta property=\"og:image:width\" content=\"960\" \/>\n\t\t<meta property=\"og:image:height\" content=\"640\" \/>\n\t\t<meta property=\"article:published_time\" content=\"2018-08-08T23:50:16+00:00\" \/>\n\t\t<meta property=\"article:modified_time\" content=\"2018-08-08T23:50:16+00:00\" \/>\n\t\t<meta property=\"article:publisher\" content=\"https:\/\/www.facebook.com\/Nachofdezber\" \/>\n\t\t<meta property=\"article:author\" content=\"https:\/\/www.facebook.com\/carrenoactualidad\" \/>\n\t\t<meta name=\"twitter:card\" content=\"summary_large_image\" \/>\n\t\t<meta name=\"twitter:site\" content=\"@NabercoDigital\" \/>\n\t\t<meta name=\"twitter:title\" content=\"Twitter defiende la permanencia de los podcast de Jones | Cand\u00e1s 365\" \/>\n\t\t<meta name=\"twitter:description\" content=\"Berl\u00edn, 8 ago (dpa) - El director ejecutivo de Twitter, Jack Dorsey, defendi\u00f3 hoy la decisi\u00f3n de la red social de no bloquear al te\u00f3rico de la conspiraci\u00f3n estadounidense Alex Jones ni su podcast &quot;Infowars&quot;, al contrario de lo que hicieron otras compa\u00f1\u00edas. &quot;No bloqueamos a Alex Jones ni a &#039;Infowars&#039; ayer. Sabemos que es\" \/>\n\t\t<meta name=\"twitter:creator\" content=\"@nbasturias\" \/>\n\t\t<meta name=\"twitter:image\" content=\"https:\/\/candas365.es\/noticias\/wp-content\/uploads\/2018\/05\/internet-3113279_960_720.jpg\" \/>\n\t\t<meta name=\"twitter:label1\" content=\"Escrito por\" \/>\n\t\t<meta name=\"twitter:data1\" content=\"Cand\u00e1s 365\" \/>\n\t\t<meta name=\"twitter:label2\" content=\"Tiempo de lectura estimado\" \/>\n\t\t<meta name=\"twitter:data2\" content=\"2 minutos\" \/>\n\t\t<script type=\"application\/ld+json\" class=\"aioseo-schema\">\n\t\t\t{\"@context\":\"https:\\\/\\\/schema.org\",\"@graph\":[{\"@type\":\"BreadcrumbList\",\"@id\":\"https:\\\/\\\/candas365.es\\\/noticias\\\/twitter-defiende-la-permanencia-de-los-podcast-de-jones\\\/#breadcrumblist\",\"itemListElement\":[{\"@type\":\"ListItem\",\"@id\":\"https:\\\/\\\/candas365.es\\\/noticias#listItem\",\"position\":1,\"name\":\"Home\",\"item\":\"https:\\\/\\\/candas365.es\\\/noticias\",\"nextItem\":{\"@type\":\"ListItem\",\"@id\":\"https:\\\/\\\/candas365.es\\\/noticias\\\/category\\\/revista\\\/#listItem\",\"name\":\"Revista\"}},{\"@type\":\"ListItem\",\"@id\":\"https:\\\/\\\/candas365.es\\\/noticias\\\/category\\\/revista\\\/#listItem\",\"position\":2,\"name\":\"Revista\",\"item\":\"https:\\\/\\\/candas365.es\\\/noticias\\\/category\\\/revista\\\/\",\"nextItem\":{\"@type\":\"ListItem\",\"@id\":\"https:\\\/\\\/candas365.es\\\/noticias\\\/twitter-defiende-la-permanencia-de-los-podcast-de-jones\\\/#listItem\",\"name\":\"Twitter defiende la permanencia de los podcast de Jones\"},\"previousItem\":{\"@type\":\"ListItem\",\"@id\":\"https:\\\/\\\/candas365.es\\\/noticias#listItem\",\"name\":\"Home\"}},{\"@type\":\"ListItem\",\"@id\":\"https:\\\/\\\/candas365.es\\\/noticias\\\/twitter-defiende-la-permanencia-de-los-podcast-de-jones\\\/#listItem\",\"position\":3,\"name\":\"Twitter defiende la permanencia de los podcast de Jones\",\"previousItem\":{\"@type\":\"ListItem\",\"@id\":\"https:\\\/\\\/candas365.es\\\/noticias\\\/category\\\/revista\\\/#listItem\",\"name\":\"Revista\"}}]},{\"@type\":\"NewsArticle\",\"@id\":\"https:\\\/\\\/candas365.es\\\/noticias\\\/twitter-defiende-la-permanencia-de-los-podcast-de-jones\\\/#newsarticle\",\"name\":\"Twitter defiende la permanencia de los podcast de Jones | Cand\\u00e1s 365\",\"headline\":\"Twitter defiende la permanencia de los podcast de Jones\",\"author\":{\"@id\":\"https:\\\/\\\/candas365.es\\\/noticias\\\/author\\\/admin\\\/#author\"},\"publisher\":{\"@id\":\"https:\\\/\\\/candas365.es\\\/noticias\\\/#organization\"},\"image\":{\"@type\":\"ImageObject\",\"url\":\"https:\\\/\\\/candas365.es\\\/noticias\\\/wp-content\\\/uploads\\\/2018\\\/05\\\/internet-3113279_960_720.jpg\",\"width\":960,\"height\":640},\"datePublished\":\"2018-08-08T23:50:16+02:00\",\"dateModified\":\"2018-08-08T23:50:16+02:00\",\"inLanguage\":\"es-ES\",\"mainEntityOfPage\":{\"@id\":\"https:\\\/\\\/candas365.es\\\/noticias\\\/twitter-defiende-la-permanencia-de-los-podcast-de-jones\\\/#webpage\"},\"isPartOf\":{\"@id\":\"https:\\\/\\\/candas365.es\\\/noticias\\\/twitter-defiende-la-permanencia-de-los-podcast-de-jones\\\/#webpage\"},\"articleSection\":\"Revista\",\"dateline\":\"Publicado el agosto 8, 2018.\"},{\"@type\":\"Organization\",\"@id\":\"https:\\\/\\\/candas365.es\\\/noticias\\\/#organization\",\"name\":\"Cand\\u00e1s 365\",\"description\":\"Cand\\u00e1s 365 es un diario digital independiente, fundado en 2012, con base en Asturias. Informamos con rigor sobre actualidad, sociedad, cultura y ocio, con una mirada local y global.\",\"url\":\"https:\\\/\\\/candas365.es\\\/noticias\\\/\",\"email\":\"info@candas365.es\",\"telephone\":\"+34652131393\",\"foundingDate\":\"2012-06-10\",\"logo\":{\"@type\":\"ImageObject\",\"url\":\"https:\\\/\\\/candas365.es\\\/noticias\\\/wp-content\\\/uploads\\\/2024\\\/09\\\/Candas-365-Redes.jpg\",\"@id\":\"https:\\\/\\\/candas365.es\\\/noticias\\\/twitter-defiende-la-permanencia-de-los-podcast-de-jones\\\/#organizationLogo\",\"width\":1152,\"height\":864,\"caption\":\"Cand\\u00e1s 365 Redes\"},\"image\":{\"@id\":\"https:\\\/\\\/candas365.es\\\/noticias\\\/twitter-defiende-la-permanencia-de-los-podcast-de-jones\\\/#organizationLogo\"},\"sameAs\":[\"https:\\\/\\\/www.facebook.com\\\/Nachofdezber\",\"https:\\\/\\\/x.com\\\/NabercoDigital\",\"https:\\\/\\\/www.instagram.com\\\/nachofdezber\\\/\",\"https:\\\/\\\/www.youtube.com\\\/channel\\\/UCZP-2wLEB9Rv6erhFmqVnvg\"],\"address\":{\"@id\":\"https:\\\/\\\/candas365.es\\\/noticias\\\/#postaladdress\",\"@type\":\"PostalAddress\",\"streetAddress\":\"san antonio 4, san antonio 4\",\"postalCode\":\"33430\",\"addressLocality\":\"Cand\\u00e1s\",\"addressRegion\":\"Asturias\",\"addressCountry\":\"ES\"}},{\"@type\":\"Person\",\"@id\":\"https:\\\/\\\/candas365.es\\\/noticias\\\/author\\\/admin\\\/#author\",\"url\":\"https:\\\/\\\/candas365.es\\\/noticias\\\/author\\\/admin\\\/\",\"name\":\"Cand\\u00e1s 365\",\"image\":{\"@type\":\"ImageObject\",\"@id\":\"https:\\\/\\\/candas365.es\\\/noticias\\\/twitter-defiende-la-permanencia-de-los-podcast-de-jones\\\/#authorImage\",\"url\":\"https:\\\/\\\/secure.gravatar.com\\\/avatar\\\/496a8e03d0c493ede1718b7934145dbdf8d89be1036b0eec9544e1094c9de390?s=96&d=mm&r=g\",\"width\":96,\"height\":96,\"caption\":\"Cand\\u00e1s 365\"},\"sameAs\":[\"https:\\\/\\\/www.facebook.com\\\/carrenoactualidad\",\"https:\\\/\\\/twitter.com\\\/nbasturias\",\"https:\\\/\\\/www.instagram.com\\\/nachofdezber\\\/\",\"https:\\\/\\\/www.youtube.com\\\/channel\\\/UCZP-2wLEB9Rv6erhFmqVnvg\"]},{\"@type\":\"WebPage\",\"@id\":\"https:\\\/\\\/candas365.es\\\/noticias\\\/twitter-defiende-la-permanencia-de-los-podcast-de-jones\\\/#webpage\",\"url\":\"https:\\\/\\\/candas365.es\\\/noticias\\\/twitter-defiende-la-permanencia-de-los-podcast-de-jones\\\/\",\"name\":\"Twitter defiende la permanencia de los podcast de Jones | Cand\\u00e1s 365\",\"description\":\"Berl\\u00edn, 8 ago (dpa) - El director ejecutivo de Twitter, Jack Dorsey, defendi\\u00f3 hoy la decisi\\u00f3n de la red social de no bloquear al te\\u00f3rico de la conspiraci\\u00f3n estadounidense Alex Jones ni su podcast \\\"Infowars\\\", al contrario de lo que hicieron otras compa\\u00f1\\u00edas. \\\"No bloqueamos a Alex Jones ni a 'Infowars' ayer. Sabemos que es\",\"inLanguage\":\"es-ES\",\"isPartOf\":{\"@id\":\"https:\\\/\\\/candas365.es\\\/noticias\\\/#website\"},\"breadcrumb\":{\"@id\":\"https:\\\/\\\/candas365.es\\\/noticias\\\/twitter-defiende-la-permanencia-de-los-podcast-de-jones\\\/#breadcrumblist\"},\"author\":{\"@id\":\"https:\\\/\\\/candas365.es\\\/noticias\\\/author\\\/admin\\\/#author\"},\"creator\":{\"@id\":\"https:\\\/\\\/candas365.es\\\/noticias\\\/author\\\/admin\\\/#author\"},\"image\":{\"@type\":\"ImageObject\",\"url\":\"https:\\\/\\\/candas365.es\\\/noticias\\\/wp-content\\\/uploads\\\/2018\\\/05\\\/internet-3113279_960_720.jpg\",\"@id\":\"https:\\\/\\\/candas365.es\\\/noticias\\\/twitter-defiende-la-permanencia-de-los-podcast-de-jones\\\/#mainImage\",\"width\":960,\"height\":640},\"primaryImageOfPage\":{\"@id\":\"https:\\\/\\\/candas365.es\\\/noticias\\\/twitter-defiende-la-permanencia-de-los-podcast-de-jones\\\/#mainImage\"},\"datePublished\":\"2018-08-08T23:50:16+02:00\",\"dateModified\":\"2018-08-08T23:50:16+02:00\"},{\"@type\":\"WebSite\",\"@id\":\"https:\\\/\\\/candas365.es\\\/noticias\\\/#website\",\"url\":\"https:\\\/\\\/candas365.es\\\/noticias\\\/\",\"name\":\"Cand\\u00e1s 365\",\"alternateName\":\"Cand\\u00e1s 365 Noticias\",\"description\":\"Actualidad desde Carre\\u00f1o para el mundo\",\"inLanguage\":\"es-ES\",\"publisher\":{\"@id\":\"https:\\\/\\\/candas365.es\\\/noticias\\\/#organization\"}}]}\n\t\t<\/script>\n\t\t<!-- All in One SEO Pro -->\r\n\t\t<title>Twitter defiende la permanencia de los podcast de Jones | Cand\u00e1s 365<\/title>\n\n","aioseo_head_json":{"title":"Twitter defiende la permanencia de los podcast de Jones | Cand\u00e1s 365","description":"Berl\u00edn, 8 ago (dpa) - El director ejecutivo de Twitter, Jack Dorsey, defendi\u00f3 hoy la decisi\u00f3n de la red social de no bloquear al te\u00f3rico de la conspiraci\u00f3n estadounidense Alex Jones ni su podcast \"Infowars\", al contrario de lo que hicieron otras compa\u00f1\u00edas. \"No bloqueamos a Alex Jones ni a 'Infowars' ayer. Sabemos que es","canonical_url":"https:\/\/candas365.es\/noticias\/twitter-defiende-la-permanencia-de-los-podcast-de-jones\/","robots":"max-image-preview:large","keywords":"revista","webmasterTools":{"google-site-verification":"UA-32230408-1","msvalidate.01":"354F3CDFB2DA171B47FBE9ABF1F88D5","miscellaneous":""},"schema":{"@context":"https:\/\/schema.org","@graph":[{"@type":"BreadcrumbList","@id":"https:\/\/candas365.es\/noticias\/twitter-defiende-la-permanencia-de-los-podcast-de-jones\/#breadcrumblist","itemListElement":[{"@type":"ListItem","@id":"https:\/\/candas365.es\/noticias#listItem","position":1,"name":"Home","item":"https:\/\/candas365.es\/noticias","nextItem":{"@type":"ListItem","@id":"https:\/\/candas365.es\/noticias\/category\/revista\/#listItem","name":"Revista"}},{"@type":"ListItem","@id":"https:\/\/candas365.es\/noticias\/category\/revista\/#listItem","position":2,"name":"Revista","item":"https:\/\/candas365.es\/noticias\/category\/revista\/","nextItem":{"@type":"ListItem","@id":"https:\/\/candas365.es\/noticias\/twitter-defiende-la-permanencia-de-los-podcast-de-jones\/#listItem","name":"Twitter defiende la permanencia de los podcast de Jones"},"previousItem":{"@type":"ListItem","@id":"https:\/\/candas365.es\/noticias#listItem","name":"Home"}},{"@type":"ListItem","@id":"https:\/\/candas365.es\/noticias\/twitter-defiende-la-permanencia-de-los-podcast-de-jones\/#listItem","position":3,"name":"Twitter defiende la permanencia de los podcast de Jones","previousItem":{"@type":"ListItem","@id":"https:\/\/candas365.es\/noticias\/category\/revista\/#listItem","name":"Revista"}}]},{"@type":"NewsArticle","@id":"https:\/\/candas365.es\/noticias\/twitter-defiende-la-permanencia-de-los-podcast-de-jones\/#newsarticle","name":"Twitter defiende la permanencia de los podcast de Jones | Cand\u00e1s 365","headline":"Twitter defiende la permanencia de los podcast de Jones","author":{"@id":"https:\/\/candas365.es\/noticias\/author\/admin\/#author"},"publisher":{"@id":"https:\/\/candas365.es\/noticias\/#organization"},"image":{"@type":"ImageObject","url":"https:\/\/candas365.es\/noticias\/wp-content\/uploads\/2018\/05\/internet-3113279_960_720.jpg","width":960,"height":640},"datePublished":"2018-08-08T23:50:16+02:00","dateModified":"2018-08-08T23:50:16+02:00","inLanguage":"es-ES","mainEntityOfPage":{"@id":"https:\/\/candas365.es\/noticias\/twitter-defiende-la-permanencia-de-los-podcast-de-jones\/#webpage"},"isPartOf":{"@id":"https:\/\/candas365.es\/noticias\/twitter-defiende-la-permanencia-de-los-podcast-de-jones\/#webpage"},"articleSection":"Revista","dateline":"Publicado el agosto 8, 2018."},{"@type":"Organization","@id":"https:\/\/candas365.es\/noticias\/#organization","name":"Cand\u00e1s 365","description":"Cand\u00e1s 365 es un diario digital independiente, fundado en 2012, con base en Asturias. Informamos con rigor sobre actualidad, sociedad, cultura y ocio, con una mirada local y global.","url":"https:\/\/candas365.es\/noticias\/","email":"info@candas365.es","telephone":"+34652131393","foundingDate":"2012-06-10","logo":{"@type":"ImageObject","url":"https:\/\/candas365.es\/noticias\/wp-content\/uploads\/2024\/09\/Candas-365-Redes.jpg","@id":"https:\/\/candas365.es\/noticias\/twitter-defiende-la-permanencia-de-los-podcast-de-jones\/#organizationLogo","width":1152,"height":864,"caption":"Cand\u00e1s 365 Redes"},"image":{"@id":"https:\/\/candas365.es\/noticias\/twitter-defiende-la-permanencia-de-los-podcast-de-jones\/#organizationLogo"},"sameAs":["https:\/\/www.facebook.com\/Nachofdezber","https:\/\/x.com\/NabercoDigital","https:\/\/www.instagram.com\/nachofdezber\/","https:\/\/www.youtube.com\/channel\/UCZP-2wLEB9Rv6erhFmqVnvg"],"address":{"@id":"https:\/\/candas365.es\/noticias\/#postaladdress","@type":"PostalAddress","streetAddress":"san antonio 4, san antonio 4","postalCode":"33430","addressLocality":"Cand\u00e1s","addressRegion":"Asturias","addressCountry":"ES"}},{"@type":"Person","@id":"https:\/\/candas365.es\/noticias\/author\/admin\/#author","url":"https:\/\/candas365.es\/noticias\/author\/admin\/","name":"Cand\u00e1s 365","image":{"@type":"ImageObject","@id":"https:\/\/candas365.es\/noticias\/twitter-defiende-la-permanencia-de-los-podcast-de-jones\/#authorImage","url":"https:\/\/secure.gravatar.com\/avatar\/496a8e03d0c493ede1718b7934145dbdf8d89be1036b0eec9544e1094c9de390?s=96&d=mm&r=g","width":96,"height":96,"caption":"Cand\u00e1s 365"},"sameAs":["https:\/\/www.facebook.com\/carrenoactualidad","https:\/\/twitter.com\/nbasturias","https:\/\/www.instagram.com\/nachofdezber\/","https:\/\/www.youtube.com\/channel\/UCZP-2wLEB9Rv6erhFmqVnvg"]},{"@type":"WebPage","@id":"https:\/\/candas365.es\/noticias\/twitter-defiende-la-permanencia-de-los-podcast-de-jones\/#webpage","url":"https:\/\/candas365.es\/noticias\/twitter-defiende-la-permanencia-de-los-podcast-de-jones\/","name":"Twitter defiende la permanencia de los podcast de Jones | Cand\u00e1s 365","description":"Berl\u00edn, 8 ago (dpa) - El director ejecutivo de Twitter, Jack Dorsey, defendi\u00f3 hoy la decisi\u00f3n de la red social de no bloquear al te\u00f3rico de la conspiraci\u00f3n estadounidense Alex Jones ni su podcast \"Infowars\", al contrario de lo que hicieron otras compa\u00f1\u00edas. \"No bloqueamos a Alex Jones ni a 'Infowars' ayer. Sabemos que es","inLanguage":"es-ES","isPartOf":{"@id":"https:\/\/candas365.es\/noticias\/#website"},"breadcrumb":{"@id":"https:\/\/candas365.es\/noticias\/twitter-defiende-la-permanencia-de-los-podcast-de-jones\/#breadcrumblist"},"author":{"@id":"https:\/\/candas365.es\/noticias\/author\/admin\/#author"},"creator":{"@id":"https:\/\/candas365.es\/noticias\/author\/admin\/#author"},"image":{"@type":"ImageObject","url":"https:\/\/candas365.es\/noticias\/wp-content\/uploads\/2018\/05\/internet-3113279_960_720.jpg","@id":"https:\/\/candas365.es\/noticias\/twitter-defiende-la-permanencia-de-los-podcast-de-jones\/#mainImage","width":960,"height":640},"primaryImageOfPage":{"@id":"https:\/\/candas365.es\/noticias\/twitter-defiende-la-permanencia-de-los-podcast-de-jones\/#mainImage"},"datePublished":"2018-08-08T23:50:16+02:00","dateModified":"2018-08-08T23:50:16+02:00"},{"@type":"WebSite","@id":"https:\/\/candas365.es\/noticias\/#website","url":"https:\/\/candas365.es\/noticias\/","name":"Cand\u00e1s 365","alternateName":"Cand\u00e1s 365 Noticias","description":"Actualidad desde Carre\u00f1o para el mundo","inLanguage":"es-ES","publisher":{"@id":"https:\/\/candas365.es\/noticias\/#organization"}}]},"og:locale":"es_ES","og:site_name":"Cand\u00e1s 365","og:type":"article","og:title":"Twitter defiende la permanencia de los podcast de Jones | Cand\u00e1s 365","og:description":"Berl\u00edn, 8 ago (dpa) - El director ejecutivo de Twitter, Jack Dorsey, defendi\u00f3 hoy la decisi\u00f3n de la red social de no bloquear al te\u00f3rico de la conspiraci\u00f3n estadounidense Alex Jones ni su podcast &quot;Infowars&quot;, al contrario de lo que hicieron otras compa\u00f1\u00edas. &quot;No bloqueamos a Alex Jones ni a 'Infowars' ayer. Sabemos que es","og:url":"https:\/\/candas365.es\/noticias\/twitter-defiende-la-permanencia-de-los-podcast-de-jones\/","og:image":"https:\/\/candas365.es\/noticias\/wp-content\/uploads\/2018\/05\/internet-3113279_960_720.jpg","og:image:secure_url":"https:\/\/candas365.es\/noticias\/wp-content\/uploads\/2018\/05\/internet-3113279_960_720.jpg","og:image:width":960,"og:image:height":640,"article:published_time":"2018-08-08T23:50:16+00:00","article:modified_time":"2018-08-08T23:50:16+00:00","article:publisher":"https:\/\/www.facebook.com\/Nachofdezber","article:author":"https:\/\/www.facebook.com\/carrenoactualidad","twitter:card":"summary_large_image","twitter:site":"@NabercoDigital","twitter:title":"Twitter defiende la permanencia de los podcast de Jones | Cand\u00e1s 365","twitter:description":"Berl\u00edn, 8 ago (dpa) - El director ejecutivo de Twitter, Jack Dorsey, defendi\u00f3 hoy la decisi\u00f3n de la red social de no bloquear al te\u00f3rico de la conspiraci\u00f3n estadounidense Alex Jones ni su podcast &quot;Infowars&quot;, al contrario de lo que hicieron otras compa\u00f1\u00edas. &quot;No bloqueamos a Alex Jones ni a 'Infowars' ayer. Sabemos que es","twitter:creator":"@nbasturias","twitter:image":"https:\/\/candas365.es\/noticias\/wp-content\/uploads\/2018\/05\/internet-3113279_960_720.jpg","twitter:label1":"Escrito por","twitter:data1":"Cand\u00e1s 365","twitter:label2":"Tiempo de lectura estimado","twitter:data2":"2 minutos"},"aioseo_meta_data":{"post_id":"102332","title":null,"description":null,"keywords":null,"keyphrases":null,"primary_term":null,"canonical_url":null,"og_title":null,"og_description":null,"og_object_type":"default","og_image_type":"default","og_image_url":null,"og_image_width":null,"og_image_height":null,"og_image_custom_url":null,"og_image_custom_fields":null,"og_video":null,"og_custom_url":null,"og_article_section":null,"og_article_tags":null,"twitter_use_og":false,"twitter_card":"default","twitter_image_type":"default","twitter_image_url":null,"twitter_image_custom_url":null,"twitter_image_custom_fields":null,"twitter_title":null,"twitter_description":null,"schema":{"blockGraphs":[],"customGraphs":[],"default":{"data":{"Article":[],"Course":[],"Dataset":[],"FAQPage":[],"Movie":[],"Person":[],"Product":[],"ProductReview":[],"Car":[],"Recipe":[],"Service":[],"SoftwareApplication":[],"WebPage":[]},"graphName":"","isEnabled":true},"graphs":[],"defaultGraph":"","defaultPostTypeGraph":""},"schema_type":null,"schema_type_options":null,"pillar_content":false,"robots_default":true,"robots_noindex":false,"robots_noarchive":false,"robots_nosnippet":false,"robots_nofollow":false,"robots_noimageindex":false,"robots_noodp":false,"robots_notranslate":false,"robots_max_snippet":null,"robots_max_videopreview":null,"robots_max_imagepreview":"large","priority":null,"frequency":null,"location":null,"local_seo":null,"seo_analyzer_scan_date":"2025-08-27 13:53:20","breadcrumb_settings":null,"limit_modified_date":false,"reviewed_by":null,"open_ai":null,"ai":null,"created":"2020-12-21 11:47:28","updated":"2025-08-27 13:53:20"},"aioseo_breadcrumb":"<div class=\"aioseo-breadcrumbs\"><span class=\"aioseo-breadcrumb\">\n\t<a href=\"https:\/\/candas365.es\/noticias\" title=\"Home\">Home<\/a>\n<\/span><span class=\"aioseo-breadcrumb-separator\">&ndash;<\/span><span class=\"aioseo-breadcrumb\">\n\t<a href=\"https:\/\/candas365.es\/noticias\/category\/revista\/\" title=\"Revista\">Revista<\/a>\n<\/span><span class=\"aioseo-breadcrumb-separator\">&ndash;<\/span><span class=\"aioseo-breadcrumb\">\n\tTwitter defiende la permanencia de los podcast de Jones\n<\/span><\/div>","aioseo_breadcrumb_json":[{"label":"Home","link":"https:\/\/candas365.es\/noticias"},{"label":"Revista","link":"https:\/\/candas365.es\/noticias\/category\/revista\/"},{"label":"Twitter defiende la permanencia de los podcast de Jones","link":"https:\/\/candas365.es\/noticias\/twitter-defiende-la-permanencia-de-los-podcast-de-jones\/"}],"_links":{"self":[{"href":"https:\/\/candas365.es\/noticias\/wp-json\/wp\/v2\/posts\/102332","targetHints":{"allow":["GET"]}}],"collection":[{"href":"https:\/\/candas365.es\/noticias\/wp-json\/wp\/v2\/posts"}],"about":[{"href":"https:\/\/candas365.es\/noticias\/wp-json\/wp\/v2\/types\/post"}],"author":[{"embeddable":true,"href":"https:\/\/candas365.es\/noticias\/wp-json\/wp\/v2\/users\/1"}],"replies":[{"embeddable":true,"href":"https:\/\/candas365.es\/noticias\/wp-json\/wp\/v2\/comments?post=102332"}],"version-history":[{"count":0,"href":"https:\/\/candas365.es\/noticias\/wp-json\/wp\/v2\/posts\/102332\/revisions"}],"wp:featuredmedia":[{"embeddable":true,"href":"https:\/\/candas365.es\/noticias\/wp-json\/wp\/v2\/media\/95755"}],"wp:attachment":[{"href":"https:\/\/candas365.es\/noticias\/wp-json\/wp\/v2\/media?parent=102332"}],"wp:term":[{"taxonomy":"category","embeddable":true,"href":"https:\/\/candas365.es\/noticias\/wp-json\/wp\/v2\/categories?post=102332"},{"taxonomy":"post_tag","embeddable":true,"href":"https:\/\/candas365.es\/noticias\/wp-json\/wp\/v2\/tags?post=102332"}],"curies":[{"name":"wp","href":"https:\/\/api.w.org\/{rel}","templated":true}]}}