{"id":102292,"date":"2018-08-08T20:24:31","date_gmt":"2018-08-08T20:24:31","guid":{"rendered":"http:\/\/candas365.es\/noticias\/?p=102292"},"modified":"2018-08-08T20:24:31","modified_gmt":"2018-08-08T20:24:31","slug":"nuevas-redes-de-saneamiento-en-perlora","status":"publish","type":"post","link":"https:\/\/candas365.es\/noticias\/nuevas-redes-de-saneamiento-en-perlora\/","title":{"rendered":"Nuevas redes de saneamiento en Perlora"},"content":{"rendered":"<p><img fetchpriority=\"high\" decoding=\"async\" class=\"alignleft size-medium wp-image-102293\" src=\"https:\/\/candas365.es\/noticias\/wp-content\/uploads\/2018\/08\/Obras-Perlora-360x271.jpg\" alt=\"\" width=\"360\" height=\"271\" srcset=\"https:\/\/candas365.es\/noticias\/wp-content\/uploads\/2018\/08\/Obras-Perlora-360x271.jpg 360w, https:\/\/candas365.es\/noticias\/wp-content\/uploads\/2018\/08\/Obras-Perlora-639x480.jpg 639w, https:\/\/candas365.es\/noticias\/wp-content\/uploads\/2018\/08\/Obras-Perlora-80x60.jpg 80w, https:\/\/candas365.es\/noticias\/wp-content\/uploads\/2018\/08\/Obras-Perlora-265x198.jpg 265w, https:\/\/candas365.es\/noticias\/wp-content\/uploads\/2018\/08\/Obras-Perlora-559x420.jpg 559w, https:\/\/candas365.es\/noticias\/wp-content\/uploads\/2018\/08\/Obras-Perlora.jpg 640w\" sizes=\"(max-width: 360px) 100vw, 360px\" \/>En el d\u00eda de hoy, la Alcald\u00eda de Carre\u00f1o emiti\u00f3 un bando que se comunicar\u00e1 a la entidad vecinal de la zona \u201cR\u00edo Espasa\u201d de Perlora y se colocar\u00e1 por los espacios p\u00fablicos habilitados para la informaci\u00f3n municipal.<\/p>\n<p>A trav\u00e9s del mismo, se informa al vecindario de la zona que ya se encuentran en servicio nuevas REDES DE SANEAMIENTO correspondientes a los siguientes barrios de la parroquia de PERLORA: RODILES, EL PRAU, FRIERA, LA TORRE, LES ARENES, LA ROTELLA, SALGUERU, LA PEDRERA, LA NOZALEDA, LA IGLESIA, ESTAQUERA, ESPASA, LA ESTACI\u00d3N y LA RODADA.<\/p>\n<p>\u201cDesde el gobierno local consideramos necesario poner de manifiesto al vecindario del a zona la disponibilidad de las redes de saneamiento p\u00fablico y la obligatoriedad de solicitar la conexi\u00f3n de las aguas residuales de las viviendas a dichas redes, siempre que \u00e9stas se encuentren a una distancia no superior a 100 metros del punto de vertido, salvo que demuestre la imposibilidad f\u00edsica para ejecutar dicha conexi\u00f3n (art. 7.50 de la Normativa del PGO vigente)\u201d \u2013 explic\u00f3 el concejal del \u00e1rea, Gabriel Rodr\u00edguez.<\/p>\n<p>\u201cLas conexiones, en su caso, se realizar\u00e1n previa obtenci\u00f3n de la correspondiente autorizaci\u00f3n municipal. En lo que va de legislatura acometimos mejoras en las redes de saneamiento de varias parroquias, entre otras, Cand\u00e1s, Guimar\u00e1n, Prevera, Carri\u00f3, y Perlora. Se est\u00e1 licitando una obra de saneamiento para la zona de Monte Mor\u00eds ( Albandi) y se est\u00e1n ejecutando actualmente en Manzaneda para dar servicio a dos parroquias\u201d \u2013 concluyo el edil.<\/p>\n","protected":false},"excerpt":{"rendered":"<p>En el d\u00eda de hoy, la Alcald\u00eda de Carre\u00f1o emiti\u00f3 un bando que se comunicar\u00e1 a la entidad vecinal de la zona \u201cR\u00edo Espasa\u201d de Perlora y se colocar\u00e1 por los espacios p\u00fablicos habilitados para la informaci\u00f3n municipal. A trav\u00e9s del mismo, se informa al vecindario de la zona que ya se encuentran en servicio<\/p>\n","protected":false},"author":1,"featured_media":102293,"comment_status":"closed","ping_status":"closed","sticky":false,"template":"","format":"standard","meta":{"footnotes":""},"categories":[2],"tags":[],"class_list":{"0":"post-102292","1":"post","2":"type-post","3":"status-publish","4":"format-standard","5":"has-post-thumbnail","7":"category-noticias-carreno"},"aioseo_notices":[],"aioseo_head":"\n\t\t<!-- All in One SEO Pro 4.9.6.2 - aioseo.com -->\n\t<meta name=\"description\" content=\"En el d\u00eda de hoy, la Alcald\u00eda de Carre\u00f1o emiti\u00f3 un bando que se comunicar\u00e1 a la entidad vecinal de la zona \u201cR\u00edo Espasa\u201d de Perlora y se colocar\u00e1 por los espacios p\u00fablicos habilitados para la informaci\u00f3n municipal. A trav\u00e9s del mismo, se informa al vecindario de la zona que ya se encuentran en servicio\" \/>\n\t<meta name=\"robots\" content=\"max-image-preview:large\" \/>\n\t<meta name=\"author\" content=\"Cand\u00e1s 365\"\/>\n\t<meta name=\"google-site-verification\" content=\"UA-32230408-1\" \/>\n\t<meta name=\"msvalidate.01\" content=\"354F3CDFB2DA171B47FBE9ABF1F88D5\" \/>\n\t<meta name=\"keywords\" content=\"noticias carre\u00f1o\" \/>\n\t<link rel=\"canonical\" href=\"https:\/\/candas365.es\/noticias\/nuevas-redes-de-saneamiento-en-perlora\/\" \/>\n\t<meta name=\"generator\" content=\"All in One SEO Pro (AIOSEO) 4.9.6.2\" \/>\n\t\t<meta property=\"og:locale\" content=\"es_ES\" \/>\n\t\t<meta property=\"og:site_name\" content=\"Cand\u00e1s 365\" \/>\n\t\t<meta property=\"og:type\" content=\"article\" \/>\n\t\t<meta property=\"og:title\" content=\"Nuevas redes de saneamiento en Perlora | Cand\u00e1s 365\" \/>\n\t\t<meta property=\"og:description\" content=\"En el d\u00eda de hoy, la Alcald\u00eda de Carre\u00f1o emiti\u00f3 un bando que se comunicar\u00e1 a la entidad vecinal de la zona \u201cR\u00edo Espasa\u201d de Perlora y se colocar\u00e1 por los espacios p\u00fablicos habilitados para la informaci\u00f3n municipal. A trav\u00e9s del mismo, se informa al vecindario de la zona que ya se encuentran en servicio\" \/>\n\t\t<meta property=\"og:url\" content=\"https:\/\/candas365.es\/noticias\/nuevas-redes-de-saneamiento-en-perlora\/\" \/>\n\t\t<meta property=\"og:image\" content=\"https:\/\/candas365.es\/noticias\/wp-content\/uploads\/2018\/08\/Obras-Perlora.jpg\" \/>\n\t\t<meta property=\"og:image:secure_url\" content=\"https:\/\/candas365.es\/noticias\/wp-content\/uploads\/2018\/08\/Obras-Perlora.jpg\" \/>\n\t\t<meta property=\"og:image:width\" content=\"640\" \/>\n\t\t<meta property=\"og:image:height\" content=\"481\" \/>\n\t\t<meta property=\"article:published_time\" content=\"2018-08-08T20:24:31+00:00\" \/>\n\t\t<meta property=\"article:modified_time\" content=\"2018-08-08T20:24:31+00:00\" \/>\n\t\t<meta property=\"article:publisher\" content=\"https:\/\/www.facebook.com\/Nachofdezber\" \/>\n\t\t<meta property=\"article:author\" content=\"https:\/\/www.facebook.com\/carrenoactualidad\" \/>\n\t\t<meta name=\"twitter:card\" content=\"summary_large_image\" \/>\n\t\t<meta name=\"twitter:site\" content=\"@NabercoDigital\" \/>\n\t\t<meta name=\"twitter:title\" content=\"Nuevas redes de saneamiento en Perlora | Cand\u00e1s 365\" \/>\n\t\t<meta name=\"twitter:description\" content=\"En el d\u00eda de hoy, la Alcald\u00eda de Carre\u00f1o emiti\u00f3 un bando que se comunicar\u00e1 a la entidad vecinal de la zona \u201cR\u00edo Espasa\u201d de Perlora y se colocar\u00e1 por los espacios p\u00fablicos habilitados para la informaci\u00f3n municipal. A trav\u00e9s del mismo, se informa al vecindario de la zona que ya se encuentran en servicio\" \/>\n\t\t<meta name=\"twitter:creator\" content=\"@nbasturias\" \/>\n\t\t<meta name=\"twitter:image\" content=\"https:\/\/candas365.es\/noticias\/wp-content\/uploads\/2018\/08\/Obras-Perlora.jpg\" \/>\n\t\t<meta name=\"twitter:label1\" content=\"Escrito por\" \/>\n\t\t<meta name=\"twitter:data1\" content=\"Cand\u00e1s 365\" \/>\n\t\t<meta name=\"twitter:label2\" content=\"Tiempo de lectura estimado\" \/>\n\t\t<meta name=\"twitter:data2\" content=\"1 minuto\" \/>\n\t\t<script type=\"application\/ld+json\" class=\"aioseo-schema\">\n\t\t\t{\"@context\":\"https:\\\/\\\/schema.org\",\"@graph\":[{\"@type\":\"BreadcrumbList\",\"@id\":\"https:\\\/\\\/candas365.es\\\/noticias\\\/nuevas-redes-de-saneamiento-en-perlora\\\/#breadcrumblist\",\"itemListElement\":[{\"@type\":\"ListItem\",\"@id\":\"https:\\\/\\\/candas365.es\\\/noticias#listItem\",\"position\":1,\"name\":\"Home\",\"item\":\"https:\\\/\\\/candas365.es\\\/noticias\",\"nextItem\":{\"@type\":\"ListItem\",\"@id\":\"https:\\\/\\\/candas365.es\\\/noticias\\\/category\\\/noticias-carreno\\\/#listItem\",\"name\":\"Noticias Carre\\u00f1o\"}},{\"@type\":\"ListItem\",\"@id\":\"https:\\\/\\\/candas365.es\\\/noticias\\\/category\\\/noticias-carreno\\\/#listItem\",\"position\":2,\"name\":\"Noticias Carre\\u00f1o\",\"item\":\"https:\\\/\\\/candas365.es\\\/noticias\\\/category\\\/noticias-carreno\\\/\",\"nextItem\":{\"@type\":\"ListItem\",\"@id\":\"https:\\\/\\\/candas365.es\\\/noticias\\\/nuevas-redes-de-saneamiento-en-perlora\\\/#listItem\",\"name\":\"Nuevas redes de saneamiento en Perlora\"},\"previousItem\":{\"@type\":\"ListItem\",\"@id\":\"https:\\\/\\\/candas365.es\\\/noticias#listItem\",\"name\":\"Home\"}},{\"@type\":\"ListItem\",\"@id\":\"https:\\\/\\\/candas365.es\\\/noticias\\\/nuevas-redes-de-saneamiento-en-perlora\\\/#listItem\",\"position\":3,\"name\":\"Nuevas redes de saneamiento en Perlora\",\"previousItem\":{\"@type\":\"ListItem\",\"@id\":\"https:\\\/\\\/candas365.es\\\/noticias\\\/category\\\/noticias-carreno\\\/#listItem\",\"name\":\"Noticias Carre\\u00f1o\"}}]},{\"@type\":\"NewsArticle\",\"@id\":\"https:\\\/\\\/candas365.es\\\/noticias\\\/nuevas-redes-de-saneamiento-en-perlora\\\/#newsarticle\",\"name\":\"Nuevas redes de saneamiento en Perlora | Cand\\u00e1s 365\",\"headline\":\"Nuevas redes de saneamiento en Perlora\",\"author\":{\"@id\":\"https:\\\/\\\/candas365.es\\\/noticias\\\/author\\\/admin\\\/#author\"},\"publisher\":{\"@id\":\"https:\\\/\\\/candas365.es\\\/noticias\\\/#organization\"},\"image\":{\"@type\":\"ImageObject\",\"url\":\"https:\\\/\\\/candas365.es\\\/noticias\\\/wp-content\\\/uploads\\\/2018\\\/08\\\/Obras-Perlora.jpg\",\"width\":640,\"height\":481},\"datePublished\":\"2018-08-08T20:24:31+02:00\",\"dateModified\":\"2018-08-08T20:24:31+02:00\",\"inLanguage\":\"es-ES\",\"mainEntityOfPage\":{\"@id\":\"https:\\\/\\\/candas365.es\\\/noticias\\\/nuevas-redes-de-saneamiento-en-perlora\\\/#webpage\"},\"isPartOf\":{\"@id\":\"https:\\\/\\\/candas365.es\\\/noticias\\\/nuevas-redes-de-saneamiento-en-perlora\\\/#webpage\"},\"articleSection\":\"Noticias Carre\\u00f1o\",\"dateline\":\"Publicado el agosto 8, 2018.\"},{\"@type\":\"Organization\",\"@id\":\"https:\\\/\\\/candas365.es\\\/noticias\\\/#organization\",\"name\":\"Cand\\u00e1s 365\",\"description\":\"Cand\\u00e1s 365 es un diario digital independiente, fundado en 2012, con base en Asturias. Informamos con rigor sobre actualidad, sociedad, cultura y ocio, con una mirada local y global.\",\"url\":\"https:\\\/\\\/candas365.es\\\/noticias\\\/\",\"email\":\"info@candas365.es\",\"telephone\":\"+34652131393\",\"foundingDate\":\"2012-06-10\",\"logo\":{\"@type\":\"ImageObject\",\"url\":\"https:\\\/\\\/candas365.es\\\/noticias\\\/wp-content\\\/uploads\\\/2024\\\/09\\\/Candas-365-Redes.jpg\",\"@id\":\"https:\\\/\\\/candas365.es\\\/noticias\\\/nuevas-redes-de-saneamiento-en-perlora\\\/#organizationLogo\",\"width\":1152,\"height\":864,\"caption\":\"Cand\\u00e1s 365 Redes\"},\"image\":{\"@id\":\"https:\\\/\\\/candas365.es\\\/noticias\\\/nuevas-redes-de-saneamiento-en-perlora\\\/#organizationLogo\"},\"sameAs\":[\"https:\\\/\\\/www.facebook.com\\\/Nachofdezber\",\"https:\\\/\\\/x.com\\\/NabercoDigital\",\"https:\\\/\\\/www.instagram.com\\\/nachofdezber\\\/\",\"https:\\\/\\\/www.youtube.com\\\/channel\\\/UCZP-2wLEB9Rv6erhFmqVnvg\"],\"address\":{\"@id\":\"https:\\\/\\\/candas365.es\\\/noticias\\\/#postaladdress\",\"@type\":\"PostalAddress\",\"streetAddress\":\"san antonio 4, san antonio 4\",\"postalCode\":\"33430\",\"addressLocality\":\"Cand\\u00e1s\",\"addressRegion\":\"Asturias\",\"addressCountry\":\"ES\"}},{\"@type\":\"Person\",\"@id\":\"https:\\\/\\\/candas365.es\\\/noticias\\\/author\\\/admin\\\/#author\",\"url\":\"https:\\\/\\\/candas365.es\\\/noticias\\\/author\\\/admin\\\/\",\"name\":\"Cand\\u00e1s 365\",\"image\":{\"@type\":\"ImageObject\",\"@id\":\"https:\\\/\\\/candas365.es\\\/noticias\\\/nuevas-redes-de-saneamiento-en-perlora\\\/#authorImage\",\"url\":\"https:\\\/\\\/secure.gravatar.com\\\/avatar\\\/496a8e03d0c493ede1718b7934145dbdf8d89be1036b0eec9544e1094c9de390?s=96&d=mm&r=g\",\"width\":96,\"height\":96,\"caption\":\"Cand\\u00e1s 365\"},\"sameAs\":[\"https:\\\/\\\/www.facebook.com\\\/carrenoactualidad\",\"https:\\\/\\\/twitter.com\\\/nbasturias\",\"https:\\\/\\\/www.instagram.com\\\/nachofdezber\\\/\",\"https:\\\/\\\/www.youtube.com\\\/channel\\\/UCZP-2wLEB9Rv6erhFmqVnvg\"]},{\"@type\":\"WebPage\",\"@id\":\"https:\\\/\\\/candas365.es\\\/noticias\\\/nuevas-redes-de-saneamiento-en-perlora\\\/#webpage\",\"url\":\"https:\\\/\\\/candas365.es\\\/noticias\\\/nuevas-redes-de-saneamiento-en-perlora\\\/\",\"name\":\"Nuevas redes de saneamiento en Perlora | Cand\\u00e1s 365\",\"description\":\"En el d\\u00eda de hoy, la Alcald\\u00eda de Carre\\u00f1o emiti\\u00f3 un bando que se comunicar\\u00e1 a la entidad vecinal de la zona \\u201cR\\u00edo Espasa\\u201d de Perlora y se colocar\\u00e1 por los espacios p\\u00fablicos habilitados para la informaci\\u00f3n municipal. A trav\\u00e9s del mismo, se informa al vecindario de la zona que ya se encuentran en servicio\",\"inLanguage\":\"es-ES\",\"isPartOf\":{\"@id\":\"https:\\\/\\\/candas365.es\\\/noticias\\\/#website\"},\"breadcrumb\":{\"@id\":\"https:\\\/\\\/candas365.es\\\/noticias\\\/nuevas-redes-de-saneamiento-en-perlora\\\/#breadcrumblist\"},\"author\":{\"@id\":\"https:\\\/\\\/candas365.es\\\/noticias\\\/author\\\/admin\\\/#author\"},\"creator\":{\"@id\":\"https:\\\/\\\/candas365.es\\\/noticias\\\/author\\\/admin\\\/#author\"},\"image\":{\"@type\":\"ImageObject\",\"url\":\"https:\\\/\\\/candas365.es\\\/noticias\\\/wp-content\\\/uploads\\\/2018\\\/08\\\/Obras-Perlora.jpg\",\"@id\":\"https:\\\/\\\/candas365.es\\\/noticias\\\/nuevas-redes-de-saneamiento-en-perlora\\\/#mainImage\",\"width\":640,\"height\":481},\"primaryImageOfPage\":{\"@id\":\"https:\\\/\\\/candas365.es\\\/noticias\\\/nuevas-redes-de-saneamiento-en-perlora\\\/#mainImage\"},\"datePublished\":\"2018-08-08T20:24:31+02:00\",\"dateModified\":\"2018-08-08T20:24:31+02:00\"},{\"@type\":\"WebSite\",\"@id\":\"https:\\\/\\\/candas365.es\\\/noticias\\\/#website\",\"url\":\"https:\\\/\\\/candas365.es\\\/noticias\\\/\",\"name\":\"Cand\\u00e1s 365\",\"alternateName\":\"Cand\\u00e1s 365 Noticias\",\"description\":\"Actualidad desde Carre\\u00f1o para el mundo\",\"inLanguage\":\"es-ES\",\"publisher\":{\"@id\":\"https:\\\/\\\/candas365.es\\\/noticias\\\/#organization\"}}]}\n\t\t<\/script>\n\t\t<!-- All in One SEO Pro -->\r\n\t\t<title>Nuevas redes de saneamiento en Perlora | Cand\u00e1s 365<\/title>\n\n","aioseo_head_json":{"title":"Nuevas redes de saneamiento en Perlora | Cand\u00e1s 365","description":"En el d\u00eda de hoy, la Alcald\u00eda de Carre\u00f1o emiti\u00f3 un bando que se comunicar\u00e1 a la entidad vecinal de la zona \u201cR\u00edo Espasa\u201d de Perlora y se colocar\u00e1 por los espacios p\u00fablicos habilitados para la informaci\u00f3n municipal. A trav\u00e9s del mismo, se informa al vecindario de la zona que ya se encuentran en servicio","canonical_url":"https:\/\/candas365.es\/noticias\/nuevas-redes-de-saneamiento-en-perlora\/","robots":"max-image-preview:large","keywords":"noticias carre\u00f1o","webmasterTools":{"google-site-verification":"UA-32230408-1","msvalidate.01":"354F3CDFB2DA171B47FBE9ABF1F88D5","miscellaneous":""},"schema":{"@context":"https:\/\/schema.org","@graph":[{"@type":"BreadcrumbList","@id":"https:\/\/candas365.es\/noticias\/nuevas-redes-de-saneamiento-en-perlora\/#breadcrumblist","itemListElement":[{"@type":"ListItem","@id":"https:\/\/candas365.es\/noticias#listItem","position":1,"name":"Home","item":"https:\/\/candas365.es\/noticias","nextItem":{"@type":"ListItem","@id":"https:\/\/candas365.es\/noticias\/category\/noticias-carreno\/#listItem","name":"Noticias Carre\u00f1o"}},{"@type":"ListItem","@id":"https:\/\/candas365.es\/noticias\/category\/noticias-carreno\/#listItem","position":2,"name":"Noticias Carre\u00f1o","item":"https:\/\/candas365.es\/noticias\/category\/noticias-carreno\/","nextItem":{"@type":"ListItem","@id":"https:\/\/candas365.es\/noticias\/nuevas-redes-de-saneamiento-en-perlora\/#listItem","name":"Nuevas redes de saneamiento en Perlora"},"previousItem":{"@type":"ListItem","@id":"https:\/\/candas365.es\/noticias#listItem","name":"Home"}},{"@type":"ListItem","@id":"https:\/\/candas365.es\/noticias\/nuevas-redes-de-saneamiento-en-perlora\/#listItem","position":3,"name":"Nuevas redes de saneamiento en Perlora","previousItem":{"@type":"ListItem","@id":"https:\/\/candas365.es\/noticias\/category\/noticias-carreno\/#listItem","name":"Noticias Carre\u00f1o"}}]},{"@type":"NewsArticle","@id":"https:\/\/candas365.es\/noticias\/nuevas-redes-de-saneamiento-en-perlora\/#newsarticle","name":"Nuevas redes de saneamiento en Perlora | Cand\u00e1s 365","headline":"Nuevas redes de saneamiento en Perlora","author":{"@id":"https:\/\/candas365.es\/noticias\/author\/admin\/#author"},"publisher":{"@id":"https:\/\/candas365.es\/noticias\/#organization"},"image":{"@type":"ImageObject","url":"https:\/\/candas365.es\/noticias\/wp-content\/uploads\/2018\/08\/Obras-Perlora.jpg","width":640,"height":481},"datePublished":"2018-08-08T20:24:31+02:00","dateModified":"2018-08-08T20:24:31+02:00","inLanguage":"es-ES","mainEntityOfPage":{"@id":"https:\/\/candas365.es\/noticias\/nuevas-redes-de-saneamiento-en-perlora\/#webpage"},"isPartOf":{"@id":"https:\/\/candas365.es\/noticias\/nuevas-redes-de-saneamiento-en-perlora\/#webpage"},"articleSection":"Noticias Carre\u00f1o","dateline":"Publicado el agosto 8, 2018."},{"@type":"Organization","@id":"https:\/\/candas365.es\/noticias\/#organization","name":"Cand\u00e1s 365","description":"Cand\u00e1s 365 es un diario digital independiente, fundado en 2012, con base en Asturias. Informamos con rigor sobre actualidad, sociedad, cultura y ocio, con una mirada local y global.","url":"https:\/\/candas365.es\/noticias\/","email":"info@candas365.es","telephone":"+34652131393","foundingDate":"2012-06-10","logo":{"@type":"ImageObject","url":"https:\/\/candas365.es\/noticias\/wp-content\/uploads\/2024\/09\/Candas-365-Redes.jpg","@id":"https:\/\/candas365.es\/noticias\/nuevas-redes-de-saneamiento-en-perlora\/#organizationLogo","width":1152,"height":864,"caption":"Cand\u00e1s 365 Redes"},"image":{"@id":"https:\/\/candas365.es\/noticias\/nuevas-redes-de-saneamiento-en-perlora\/#organizationLogo"},"sameAs":["https:\/\/www.facebook.com\/Nachofdezber","https:\/\/x.com\/NabercoDigital","https:\/\/www.instagram.com\/nachofdezber\/","https:\/\/www.youtube.com\/channel\/UCZP-2wLEB9Rv6erhFmqVnvg"],"address":{"@id":"https:\/\/candas365.es\/noticias\/#postaladdress","@type":"PostalAddress","streetAddress":"san antonio 4, san antonio 4","postalCode":"33430","addressLocality":"Cand\u00e1s","addressRegion":"Asturias","addressCountry":"ES"}},{"@type":"Person","@id":"https:\/\/candas365.es\/noticias\/author\/admin\/#author","url":"https:\/\/candas365.es\/noticias\/author\/admin\/","name":"Cand\u00e1s 365","image":{"@type":"ImageObject","@id":"https:\/\/candas365.es\/noticias\/nuevas-redes-de-saneamiento-en-perlora\/#authorImage","url":"https:\/\/secure.gravatar.com\/avatar\/496a8e03d0c493ede1718b7934145dbdf8d89be1036b0eec9544e1094c9de390?s=96&d=mm&r=g","width":96,"height":96,"caption":"Cand\u00e1s 365"},"sameAs":["https:\/\/www.facebook.com\/carrenoactualidad","https:\/\/twitter.com\/nbasturias","https:\/\/www.instagram.com\/nachofdezber\/","https:\/\/www.youtube.com\/channel\/UCZP-2wLEB9Rv6erhFmqVnvg"]},{"@type":"WebPage","@id":"https:\/\/candas365.es\/noticias\/nuevas-redes-de-saneamiento-en-perlora\/#webpage","url":"https:\/\/candas365.es\/noticias\/nuevas-redes-de-saneamiento-en-perlora\/","name":"Nuevas redes de saneamiento en Perlora | Cand\u00e1s 365","description":"En el d\u00eda de hoy, la Alcald\u00eda de Carre\u00f1o emiti\u00f3 un bando que se comunicar\u00e1 a la entidad vecinal de la zona \u201cR\u00edo Espasa\u201d de Perlora y se colocar\u00e1 por los espacios p\u00fablicos habilitados para la informaci\u00f3n municipal. A trav\u00e9s del mismo, se informa al vecindario de la zona que ya se encuentran en servicio","inLanguage":"es-ES","isPartOf":{"@id":"https:\/\/candas365.es\/noticias\/#website"},"breadcrumb":{"@id":"https:\/\/candas365.es\/noticias\/nuevas-redes-de-saneamiento-en-perlora\/#breadcrumblist"},"author":{"@id":"https:\/\/candas365.es\/noticias\/author\/admin\/#author"},"creator":{"@id":"https:\/\/candas365.es\/noticias\/author\/admin\/#author"},"image":{"@type":"ImageObject","url":"https:\/\/candas365.es\/noticias\/wp-content\/uploads\/2018\/08\/Obras-Perlora.jpg","@id":"https:\/\/candas365.es\/noticias\/nuevas-redes-de-saneamiento-en-perlora\/#mainImage","width":640,"height":481},"primaryImageOfPage":{"@id":"https:\/\/candas365.es\/noticias\/nuevas-redes-de-saneamiento-en-perlora\/#mainImage"},"datePublished":"2018-08-08T20:24:31+02:00","dateModified":"2018-08-08T20:24:31+02:00"},{"@type":"WebSite","@id":"https:\/\/candas365.es\/noticias\/#website","url":"https:\/\/candas365.es\/noticias\/","name":"Cand\u00e1s 365","alternateName":"Cand\u00e1s 365 Noticias","description":"Actualidad desde Carre\u00f1o para el mundo","inLanguage":"es-ES","publisher":{"@id":"https:\/\/candas365.es\/noticias\/#organization"}}]},"og:locale":"es_ES","og:site_name":"Cand\u00e1s 365","og:type":"article","og:title":"Nuevas redes de saneamiento en Perlora | Cand\u00e1s 365","og:description":"En el d\u00eda de hoy, la Alcald\u00eda de Carre\u00f1o emiti\u00f3 un bando que se comunicar\u00e1 a la entidad vecinal de la zona \u201cR\u00edo Espasa\u201d de Perlora y se colocar\u00e1 por los espacios p\u00fablicos habilitados para la informaci\u00f3n municipal. A trav\u00e9s del mismo, se informa al vecindario de la zona que ya se encuentran en servicio","og:url":"https:\/\/candas365.es\/noticias\/nuevas-redes-de-saneamiento-en-perlora\/","og:image":"https:\/\/candas365.es\/noticias\/wp-content\/uploads\/2018\/08\/Obras-Perlora.jpg","og:image:secure_url":"https:\/\/candas365.es\/noticias\/wp-content\/uploads\/2018\/08\/Obras-Perlora.jpg","og:image:width":640,"og:image:height":481,"article:published_time":"2018-08-08T20:24:31+00:00","article:modified_time":"2018-08-08T20:24:31+00:00","article:publisher":"https:\/\/www.facebook.com\/Nachofdezber","article:author":"https:\/\/www.facebook.com\/carrenoactualidad","twitter:card":"summary_large_image","twitter:site":"@NabercoDigital","twitter:title":"Nuevas redes de saneamiento en Perlora | Cand\u00e1s 365","twitter:description":"En el d\u00eda de hoy, la Alcald\u00eda de Carre\u00f1o emiti\u00f3 un bando que se comunicar\u00e1 a la entidad vecinal de la zona \u201cR\u00edo Espasa\u201d de Perlora y se colocar\u00e1 por los espacios p\u00fablicos habilitados para la informaci\u00f3n municipal. A trav\u00e9s del mismo, se informa al vecindario de la zona que ya se encuentran en servicio","twitter:creator":"@nbasturias","twitter:image":"https:\/\/candas365.es\/noticias\/wp-content\/uploads\/2018\/08\/Obras-Perlora.jpg","twitter:label1":"Escrito por","twitter:data1":"Cand\u00e1s 365","twitter:label2":"Tiempo de lectura estimado","twitter:data2":"1 minuto"},"aioseo_meta_data":{"post_id":"102292","title":null,"description":null,"keywords":null,"keyphrases":null,"primary_term":null,"canonical_url":null,"og_title":null,"og_description":null,"og_object_type":"default","og_image_type":"default","og_image_url":null,"og_image_width":null,"og_image_height":null,"og_image_custom_url":null,"og_image_custom_fields":null,"og_video":null,"og_custom_url":null,"og_article_section":null,"og_article_tags":null,"twitter_use_og":false,"twitter_card":"default","twitter_image_type":"default","twitter_image_url":null,"twitter_image_custom_url":null,"twitter_image_custom_fields":null,"twitter_title":null,"twitter_description":null,"schema":{"blockGraphs":[],"customGraphs":[],"default":{"data":{"Article":[],"Course":[],"Dataset":[],"FAQPage":[],"Movie":[],"Person":[],"Product":[],"ProductReview":[],"Car":[],"Recipe":[],"Service":[],"SoftwareApplication":[],"WebPage":[]},"graphName":"","isEnabled":true},"graphs":[],"defaultGraph":"","defaultPostTypeGraph":""},"schema_type":null,"schema_type_options":null,"pillar_content":false,"robots_default":true,"robots_noindex":false,"robots_noarchive":false,"robots_nosnippet":false,"robots_nofollow":false,"robots_noimageindex":false,"robots_noodp":false,"robots_notranslate":false,"robots_max_snippet":null,"robots_max_videopreview":null,"robots_max_imagepreview":"large","priority":null,"frequency":null,"location":null,"local_seo":null,"seo_analyzer_scan_date":"2025-08-27 13:47:06","breadcrumb_settings":null,"limit_modified_date":false,"reviewed_by":null,"open_ai":null,"ai":null,"created":"2020-12-21 11:47:28","updated":"2025-08-27 13:47:06"},"aioseo_breadcrumb":"<div class=\"aioseo-breadcrumbs\"><span class=\"aioseo-breadcrumb\">\n\t<a href=\"https:\/\/candas365.es\/noticias\" title=\"Home\">Home<\/a>\n<\/span><span class=\"aioseo-breadcrumb-separator\">&ndash;<\/span><span class=\"aioseo-breadcrumb\">\n\t<a href=\"https:\/\/candas365.es\/noticias\/category\/noticias-carreno\/\" title=\"Noticias Carre\u00f1o\">Noticias Carre\u00f1o<\/a>\n<\/span><span class=\"aioseo-breadcrumb-separator\">&ndash;<\/span><span class=\"aioseo-breadcrumb\">\n\tNuevas redes de saneamiento en Perlora\n<\/span><\/div>","aioseo_breadcrumb_json":[{"label":"Home","link":"https:\/\/candas365.es\/noticias"},{"label":"Noticias Carre\u00f1o","link":"https:\/\/candas365.es\/noticias\/category\/noticias-carreno\/"},{"label":"Nuevas redes de saneamiento en Perlora","link":"https:\/\/candas365.es\/noticias\/nuevas-redes-de-saneamiento-en-perlora\/"}],"_links":{"self":[{"href":"https:\/\/candas365.es\/noticias\/wp-json\/wp\/v2\/posts\/102292","targetHints":{"allow":["GET"]}}],"collection":[{"href":"https:\/\/candas365.es\/noticias\/wp-json\/wp\/v2\/posts"}],"about":[{"href":"https:\/\/candas365.es\/noticias\/wp-json\/wp\/v2\/types\/post"}],"author":[{"embeddable":true,"href":"https:\/\/candas365.es\/noticias\/wp-json\/wp\/v2\/users\/1"}],"replies":[{"embeddable":true,"href":"https:\/\/candas365.es\/noticias\/wp-json\/wp\/v2\/comments?post=102292"}],"version-history":[{"count":0,"href":"https:\/\/candas365.es\/noticias\/wp-json\/wp\/v2\/posts\/102292\/revisions"}],"wp:featuredmedia":[{"embeddable":true,"href":"https:\/\/candas365.es\/noticias\/wp-json\/wp\/v2\/media\/102293"}],"wp:attachment":[{"href":"https:\/\/candas365.es\/noticias\/wp-json\/wp\/v2\/media?parent=102292"}],"wp:term":[{"taxonomy":"category","embeddable":true,"href":"https:\/\/candas365.es\/noticias\/wp-json\/wp\/v2\/categories?post=102292"},{"taxonomy":"post_tag","embeddable":true,"href":"https:\/\/candas365.es\/noticias\/wp-json\/wp\/v2\/tags?post=102292"}],"curies":[{"name":"wp","href":"https:\/\/api.w.org\/{rel}","templated":true}]}}