{"id":102282,"date":"2018-08-08T16:23:16","date_gmt":"2018-08-08T16:23:16","guid":{"rendered":"http:\/\/candas365.es\/noticias\/?p=102282"},"modified":"2018-08-08T16:23:16","modified_gmt":"2018-08-08T16:23:16","slug":"la-fundacion-ferrocarriles-firma-una-convenio-con-el-ayuntamiento-de-carreno","status":"publish","type":"post","link":"https:\/\/candas365.es\/noticias\/la-fundacion-ferrocarriles-firma-una-convenio-con-el-ayuntamiento-de-carreno\/","title":{"rendered":"La Fundaci\u00f3n Ferrocarriles firma una convenio con el Ayuntamiento de Carre\u00f1o"},"content":{"rendered":"<p><img fetchpriority=\"high\" decoding=\"async\" class=\"alignleft size-medium wp-image-6453\" src=\"https:\/\/candas365.es\/noticias\/wp-content\/uploads\/2015\/01\/ayuntamiento-360x270.jpg\" alt=\"\" width=\"360\" height=\"270\" srcset=\"https:\/\/candas365.es\/noticias\/wp-content\/uploads\/2015\/01\/ayuntamiento-360x270.jpg 360w, https:\/\/candas365.es\/noticias\/wp-content\/uploads\/2015\/01\/ayuntamiento-640x480.jpg 640w, https:\/\/candas365.es\/noticias\/wp-content\/uploads\/2015\/01\/ayuntamiento-768x576.jpg 768w, https:\/\/candas365.es\/noticias\/wp-content\/uploads\/2015\/01\/ayuntamiento-150x113.jpg 150w, https:\/\/candas365.es\/noticias\/wp-content\/uploads\/2015\/01\/ayuntamiento-450x338.jpg 450w, https:\/\/candas365.es\/noticias\/wp-content\/uploads\/2015\/01\/ayuntamiento-80x60.jpg 80w, https:\/\/candas365.es\/noticias\/wp-content\/uploads\/2015\/01\/ayuntamiento-265x198.jpg 265w, https:\/\/candas365.es\/noticias\/wp-content\/uploads\/2015\/01\/ayuntamiento-696x522.jpg 696w, https:\/\/candas365.es\/noticias\/wp-content\/uploads\/2015\/01\/ayuntamiento-560x420.jpg 560w, https:\/\/candas365.es\/noticias\/wp-content\/uploads\/2015\/01\/ayuntamiento-90x67.jpg 90w, https:\/\/candas365.es\/noticias\/wp-content\/uploads\/2015\/01\/ayuntamiento.jpg 800w\" sizes=\"(max-width: 360px) 100vw, 360px\" \/>El Director de la Fundaci\u00f3n Ferrocarriles, C\u00e9sar Felipe L\u00f3pez S\u00e1nchez, visit\u00f3 el pasado martes el Concejo de Carre\u00f1o con el objetivo de avanzar en la ejecuci\u00f3n del convenio suscrito con el ayuntamiento, el cual pretende difundir el valor de los elementos hist\u00f3ricos y arqueol\u00f3gicos de la industria ferroviaria.<\/p>\n<p>En este sentido L\u00f3pez destac\u00f3 que el municipio de Carre\u00f1o tiene una fuerte huella del ferrocarril en su historia que es importante difundir y preservar.<\/p>\n<p>\u201cNuestra intenci\u00f3n es colaborar en la preservaci\u00f3n del patrimonio hist\u00f3rico y cultural ferroviario y por ello, hemos llevado a cabo la firma de un convenio con el ayuntamiento para realizar actividades dentro del programa de puesta en valor de la fundaci\u00f3n y del cumplimiento de sus fines\u201d, precis\u00f3 el Director de la Fundaci\u00f3n Ferrocarriles.<\/p>\n<p>Adem\u00e1s se\u00f1al\u00f3 que el convenio suscrito entre su fundaci\u00f3n y el Ayuntamiento de Carre\u00f1o pretende ir ampliando los fondos con los que se van a dotar los espacios municipales.<\/p>\n<p>\u201cEste convenio tendr\u00e1 como principal iniciativa resguardar y propagar la memoria ferroviaria de la localidad y la estrecha vinculaci\u00f3n de su poblaci\u00f3n con el ferrocarril estrat\u00e9gico de Ferrol a Gij\u00f3n\u201d, a\u00f1adi\u00f3 L\u00f3pez<\/p>\n<p>Por su parte, la alcaldesa de Carre\u00f1o, Amelia Fern\u00e1ndez, anunci\u00f3 que gracias a la estrecha colaboraci\u00f3n del Museo del Ferrocarril de Gij\u00f3n, se ha creado la Casa de Acogida de la Familia Ferroviaria, con un aforo de 50 personas, la cual est\u00e1 inspirada en la centenaria historia ferroviaria del Concejo de Carre\u00f1o.<\/p>\n<p>\u201cHemos creado con mucha ilusi\u00f3n este espacio patrimonial con fuerte carga did\u00e1ctica que transmite a sus visitantes las claves del mundo ferroviario, en sus vertientes t\u00e9cnicas y humanas. Complemento espec\u00edfico tambi\u00e9n de qui\u00e9nes visiten el museo gijon\u00e9s. Adem\u00e1s hay materiales de inter\u00e9s hist\u00f3rico pertenecientes a la Fundaci\u00f3n que estuvieron en los talleres de Cand\u00e1s que queremos que sigan en el Concejo y puedan ser incorporados a este centro expositivo una vez restaurados y cedidos\u201d, concluy\u00f3 Fern\u00e1ndez.<\/p>\n<p>Soraya A.P<\/p>\n","protected":false},"excerpt":{"rendered":"<p>El Director de la Fundaci\u00f3n Ferrocarriles, C\u00e9sar Felipe L\u00f3pez S\u00e1nchez, visit\u00f3 el pasado martes el Concejo de Carre\u00f1o con el objetivo de avanzar en la ejecuci\u00f3n del convenio suscrito con el ayuntamiento, el cual pretende difundir el valor de los elementos hist\u00f3ricos y arqueol\u00f3gicos de la industria ferroviaria. En este sentido L\u00f3pez destac\u00f3 que el<\/p>\n","protected":false},"author":1,"featured_media":6453,"comment_status":"closed","ping_status":"closed","sticky":false,"template":"","format":"standard","meta":{"footnotes":""},"categories":[2],"tags":[],"class_list":{"0":"post-102282","1":"post","2":"type-post","3":"status-publish","4":"format-standard","5":"has-post-thumbnail","7":"category-noticias-carreno"},"aioseo_notices":[],"aioseo_head":"\n\t\t<!-- All in One SEO Pro 4.9.6.2 - aioseo.com -->\n\t<meta name=\"description\" content=\"El Director de la Fundaci\u00f3n Ferrocarriles, C\u00e9sar Felipe L\u00f3pez S\u00e1nchez, visit\u00f3 el pasado martes el Concejo de Carre\u00f1o con el objetivo de avanzar en la ejecuci\u00f3n del convenio suscrito con el ayuntamiento, el cual pretende difundir el valor de los elementos hist\u00f3ricos y arqueol\u00f3gicos de la industria ferroviaria. En este sentido L\u00f3pez destac\u00f3 que el\" \/>\n\t<meta name=\"robots\" content=\"max-image-preview:large\" \/>\n\t<meta name=\"author\" content=\"Cand\u00e1s 365\"\/>\n\t<meta name=\"google-site-verification\" content=\"UA-32230408-1\" \/>\n\t<meta name=\"msvalidate.01\" content=\"354F3CDFB2DA171B47FBE9ABF1F88D5\" \/>\n\t<meta name=\"keywords\" content=\"noticias carre\u00f1o\" \/>\n\t<link rel=\"canonical\" href=\"https:\/\/candas365.es\/noticias\/la-fundacion-ferrocarriles-firma-una-convenio-con-el-ayuntamiento-de-carreno\/\" \/>\n\t<meta name=\"generator\" content=\"All in One SEO Pro (AIOSEO) 4.9.6.2\" \/>\n\t\t<meta property=\"og:locale\" content=\"es_ES\" \/>\n\t\t<meta property=\"og:site_name\" content=\"Cand\u00e1s 365\" \/>\n\t\t<meta property=\"og:type\" content=\"article\" \/>\n\t\t<meta property=\"og:title\" content=\"La Fundaci\u00f3n Ferrocarriles firma una convenio con el Ayuntamiento de Carre\u00f1o | Cand\u00e1s 365\" \/>\n\t\t<meta property=\"og:description\" content=\"El Director de la Fundaci\u00f3n Ferrocarriles, C\u00e9sar Felipe L\u00f3pez S\u00e1nchez, visit\u00f3 el pasado martes el Concejo de Carre\u00f1o con el objetivo de avanzar en la ejecuci\u00f3n del convenio suscrito con el ayuntamiento, el cual pretende difundir el valor de los elementos hist\u00f3ricos y arqueol\u00f3gicos de la industria ferroviaria. En este sentido L\u00f3pez destac\u00f3 que el\" \/>\n\t\t<meta property=\"og:url\" content=\"https:\/\/candas365.es\/noticias\/la-fundacion-ferrocarriles-firma-una-convenio-con-el-ayuntamiento-de-carreno\/\" \/>\n\t\t<meta property=\"og:image\" content=\"https:\/\/candas365.es\/noticias\/wp-content\/uploads\/2015\/01\/ayuntamiento.jpg\" \/>\n\t\t<meta property=\"og:image:secure_url\" content=\"https:\/\/candas365.es\/noticias\/wp-content\/uploads\/2015\/01\/ayuntamiento.jpg\" \/>\n\t\t<meta property=\"og:image:width\" content=\"800\" \/>\n\t\t<meta property=\"og:image:height\" content=\"600\" \/>\n\t\t<meta property=\"article:published_time\" content=\"2018-08-08T16:23:16+00:00\" \/>\n\t\t<meta property=\"article:modified_time\" content=\"2018-08-08T16:23:16+00:00\" \/>\n\t\t<meta property=\"article:publisher\" content=\"https:\/\/www.facebook.com\/Nachofdezber\" \/>\n\t\t<meta property=\"article:author\" content=\"https:\/\/www.facebook.com\/carrenoactualidad\" \/>\n\t\t<meta name=\"twitter:card\" content=\"summary_large_image\" \/>\n\t\t<meta name=\"twitter:site\" content=\"@NabercoDigital\" \/>\n\t\t<meta name=\"twitter:title\" content=\"La Fundaci\u00f3n Ferrocarriles firma una convenio con el Ayuntamiento de Carre\u00f1o | Cand\u00e1s 365\" \/>\n\t\t<meta name=\"twitter:description\" content=\"El Director de la Fundaci\u00f3n Ferrocarriles, C\u00e9sar Felipe L\u00f3pez S\u00e1nchez, visit\u00f3 el pasado martes el Concejo de Carre\u00f1o con el objetivo de avanzar en la ejecuci\u00f3n del convenio suscrito con el ayuntamiento, el cual pretende difundir el valor de los elementos hist\u00f3ricos y arqueol\u00f3gicos de la industria ferroviaria. En este sentido L\u00f3pez destac\u00f3 que el\" \/>\n\t\t<meta name=\"twitter:creator\" content=\"@nbasturias\" \/>\n\t\t<meta name=\"twitter:image\" content=\"https:\/\/candas365.es\/noticias\/wp-content\/uploads\/2015\/01\/ayuntamiento.jpg\" \/>\n\t\t<meta name=\"twitter:label1\" content=\"Escrito por\" \/>\n\t\t<meta name=\"twitter:data1\" content=\"Cand\u00e1s 365\" \/>\n\t\t<meta name=\"twitter:label2\" content=\"Tiempo de lectura estimado\" \/>\n\t\t<meta name=\"twitter:data2\" content=\"2 minutos\" \/>\n\t\t<script type=\"application\/ld+json\" class=\"aioseo-schema\">\n\t\t\t{\"@context\":\"https:\\\/\\\/schema.org\",\"@graph\":[{\"@type\":\"BreadcrumbList\",\"@id\":\"https:\\\/\\\/candas365.es\\\/noticias\\\/la-fundacion-ferrocarriles-firma-una-convenio-con-el-ayuntamiento-de-carreno\\\/#breadcrumblist\",\"itemListElement\":[{\"@type\":\"ListItem\",\"@id\":\"https:\\\/\\\/candas365.es\\\/noticias#listItem\",\"position\":1,\"name\":\"Home\",\"item\":\"https:\\\/\\\/candas365.es\\\/noticias\",\"nextItem\":{\"@type\":\"ListItem\",\"@id\":\"https:\\\/\\\/candas365.es\\\/noticias\\\/category\\\/noticias-carreno\\\/#listItem\",\"name\":\"Noticias Carre\\u00f1o\"}},{\"@type\":\"ListItem\",\"@id\":\"https:\\\/\\\/candas365.es\\\/noticias\\\/category\\\/noticias-carreno\\\/#listItem\",\"position\":2,\"name\":\"Noticias Carre\\u00f1o\",\"item\":\"https:\\\/\\\/candas365.es\\\/noticias\\\/category\\\/noticias-carreno\\\/\",\"nextItem\":{\"@type\":\"ListItem\",\"@id\":\"https:\\\/\\\/candas365.es\\\/noticias\\\/la-fundacion-ferrocarriles-firma-una-convenio-con-el-ayuntamiento-de-carreno\\\/#listItem\",\"name\":\"La Fundaci\\u00f3n Ferrocarriles firma una convenio con el Ayuntamiento de Carre\\u00f1o\"},\"previousItem\":{\"@type\":\"ListItem\",\"@id\":\"https:\\\/\\\/candas365.es\\\/noticias#listItem\",\"name\":\"Home\"}},{\"@type\":\"ListItem\",\"@id\":\"https:\\\/\\\/candas365.es\\\/noticias\\\/la-fundacion-ferrocarriles-firma-una-convenio-con-el-ayuntamiento-de-carreno\\\/#listItem\",\"position\":3,\"name\":\"La Fundaci\\u00f3n Ferrocarriles firma una convenio con el Ayuntamiento de Carre\\u00f1o\",\"previousItem\":{\"@type\":\"ListItem\",\"@id\":\"https:\\\/\\\/candas365.es\\\/noticias\\\/category\\\/noticias-carreno\\\/#listItem\",\"name\":\"Noticias Carre\\u00f1o\"}}]},{\"@type\":\"NewsArticle\",\"@id\":\"https:\\\/\\\/candas365.es\\\/noticias\\\/la-fundacion-ferrocarriles-firma-una-convenio-con-el-ayuntamiento-de-carreno\\\/#newsarticle\",\"name\":\"La Fundaci\\u00f3n Ferrocarriles firma una convenio con el Ayuntamiento de Carre\\u00f1o | Cand\\u00e1s 365\",\"headline\":\"La Fundaci\\u00f3n Ferrocarriles firma una convenio con el Ayuntamiento de Carre\\u00f1o\",\"author\":{\"@id\":\"https:\\\/\\\/candas365.es\\\/noticias\\\/author\\\/admin\\\/#author\"},\"publisher\":{\"@id\":\"https:\\\/\\\/candas365.es\\\/noticias\\\/#organization\"},\"image\":{\"@type\":\"ImageObject\",\"url\":\"https:\\\/\\\/candas365.es\\\/noticias\\\/wp-content\\\/uploads\\\/2015\\\/01\\\/ayuntamiento.jpg\",\"width\":800,\"height\":600,\"caption\":\"Carre\\u00f1o\"},\"datePublished\":\"2018-08-08T16:23:16+02:00\",\"dateModified\":\"2018-08-08T16:23:16+02:00\",\"inLanguage\":\"es-ES\",\"mainEntityOfPage\":{\"@id\":\"https:\\\/\\\/candas365.es\\\/noticias\\\/la-fundacion-ferrocarriles-firma-una-convenio-con-el-ayuntamiento-de-carreno\\\/#webpage\"},\"isPartOf\":{\"@id\":\"https:\\\/\\\/candas365.es\\\/noticias\\\/la-fundacion-ferrocarriles-firma-una-convenio-con-el-ayuntamiento-de-carreno\\\/#webpage\"},\"articleSection\":\"Noticias Carre\\u00f1o\",\"dateline\":\"Publicado el agosto 8, 2018.\"},{\"@type\":\"Organization\",\"@id\":\"https:\\\/\\\/candas365.es\\\/noticias\\\/#organization\",\"name\":\"Cand\\u00e1s 365\",\"description\":\"Cand\\u00e1s 365 es un diario digital independiente, fundado en 2012, con base en Asturias. Informamos con rigor sobre actualidad, sociedad, cultura y ocio, con una mirada local y global.\",\"url\":\"https:\\\/\\\/candas365.es\\\/noticias\\\/\",\"email\":\"info@candas365.es\",\"telephone\":\"+34652131393\",\"foundingDate\":\"2012-06-10\",\"logo\":{\"@type\":\"ImageObject\",\"url\":\"https:\\\/\\\/candas365.es\\\/noticias\\\/wp-content\\\/uploads\\\/2024\\\/09\\\/Candas-365-Redes.jpg\",\"@id\":\"https:\\\/\\\/candas365.es\\\/noticias\\\/la-fundacion-ferrocarriles-firma-una-convenio-con-el-ayuntamiento-de-carreno\\\/#organizationLogo\",\"width\":1152,\"height\":864,\"caption\":\"Cand\\u00e1s 365 Redes\"},\"image\":{\"@id\":\"https:\\\/\\\/candas365.es\\\/noticias\\\/la-fundacion-ferrocarriles-firma-una-convenio-con-el-ayuntamiento-de-carreno\\\/#organizationLogo\"},\"sameAs\":[\"https:\\\/\\\/www.facebook.com\\\/Nachofdezber\",\"https:\\\/\\\/x.com\\\/NabercoDigital\",\"https:\\\/\\\/www.instagram.com\\\/nachofdezber\\\/\",\"https:\\\/\\\/www.youtube.com\\\/channel\\\/UCZP-2wLEB9Rv6erhFmqVnvg\"],\"address\":{\"@id\":\"https:\\\/\\\/candas365.es\\\/noticias\\\/#postaladdress\",\"@type\":\"PostalAddress\",\"streetAddress\":\"san antonio 4, san antonio 4\",\"postalCode\":\"33430\",\"addressLocality\":\"Cand\\u00e1s\",\"addressRegion\":\"Asturias\",\"addressCountry\":\"ES\"}},{\"@type\":\"Person\",\"@id\":\"https:\\\/\\\/candas365.es\\\/noticias\\\/author\\\/admin\\\/#author\",\"url\":\"https:\\\/\\\/candas365.es\\\/noticias\\\/author\\\/admin\\\/\",\"name\":\"Cand\\u00e1s 365\",\"image\":{\"@type\":\"ImageObject\",\"@id\":\"https:\\\/\\\/candas365.es\\\/noticias\\\/la-fundacion-ferrocarriles-firma-una-convenio-con-el-ayuntamiento-de-carreno\\\/#authorImage\",\"url\":\"https:\\\/\\\/secure.gravatar.com\\\/avatar\\\/496a8e03d0c493ede1718b7934145dbdf8d89be1036b0eec9544e1094c9de390?s=96&d=mm&r=g\",\"width\":96,\"height\":96,\"caption\":\"Cand\\u00e1s 365\"},\"sameAs\":[\"https:\\\/\\\/www.facebook.com\\\/carrenoactualidad\",\"https:\\\/\\\/twitter.com\\\/nbasturias\",\"https:\\\/\\\/www.instagram.com\\\/nachofdezber\\\/\",\"https:\\\/\\\/www.youtube.com\\\/channel\\\/UCZP-2wLEB9Rv6erhFmqVnvg\"]},{\"@type\":\"WebPage\",\"@id\":\"https:\\\/\\\/candas365.es\\\/noticias\\\/la-fundacion-ferrocarriles-firma-una-convenio-con-el-ayuntamiento-de-carreno\\\/#webpage\",\"url\":\"https:\\\/\\\/candas365.es\\\/noticias\\\/la-fundacion-ferrocarriles-firma-una-convenio-con-el-ayuntamiento-de-carreno\\\/\",\"name\":\"La Fundaci\\u00f3n Ferrocarriles firma una convenio con el Ayuntamiento de Carre\\u00f1o | Cand\\u00e1s 365\",\"description\":\"El Director de la Fundaci\\u00f3n Ferrocarriles, C\\u00e9sar Felipe L\\u00f3pez S\\u00e1nchez, visit\\u00f3 el pasado martes el Concejo de Carre\\u00f1o con el objetivo de avanzar en la ejecuci\\u00f3n del convenio suscrito con el ayuntamiento, el cual pretende difundir el valor de los elementos hist\\u00f3ricos y arqueol\\u00f3gicos de la industria ferroviaria. En este sentido L\\u00f3pez destac\\u00f3 que el\",\"inLanguage\":\"es-ES\",\"isPartOf\":{\"@id\":\"https:\\\/\\\/candas365.es\\\/noticias\\\/#website\"},\"breadcrumb\":{\"@id\":\"https:\\\/\\\/candas365.es\\\/noticias\\\/la-fundacion-ferrocarriles-firma-una-convenio-con-el-ayuntamiento-de-carreno\\\/#breadcrumblist\"},\"author\":{\"@id\":\"https:\\\/\\\/candas365.es\\\/noticias\\\/author\\\/admin\\\/#author\"},\"creator\":{\"@id\":\"https:\\\/\\\/candas365.es\\\/noticias\\\/author\\\/admin\\\/#author\"},\"image\":{\"@type\":\"ImageObject\",\"url\":\"https:\\\/\\\/candas365.es\\\/noticias\\\/wp-content\\\/uploads\\\/2015\\\/01\\\/ayuntamiento.jpg\",\"@id\":\"https:\\\/\\\/candas365.es\\\/noticias\\\/la-fundacion-ferrocarriles-firma-una-convenio-con-el-ayuntamiento-de-carreno\\\/#mainImage\",\"width\":800,\"height\":600,\"caption\":\"Carre\\u00f1o\"},\"primaryImageOfPage\":{\"@id\":\"https:\\\/\\\/candas365.es\\\/noticias\\\/la-fundacion-ferrocarriles-firma-una-convenio-con-el-ayuntamiento-de-carreno\\\/#mainImage\"},\"datePublished\":\"2018-08-08T16:23:16+02:00\",\"dateModified\":\"2018-08-08T16:23:16+02:00\"},{\"@type\":\"WebSite\",\"@id\":\"https:\\\/\\\/candas365.es\\\/noticias\\\/#website\",\"url\":\"https:\\\/\\\/candas365.es\\\/noticias\\\/\",\"name\":\"Cand\\u00e1s 365\",\"alternateName\":\"Cand\\u00e1s 365 Noticias\",\"description\":\"Actualidad desde Carre\\u00f1o para el mundo\",\"inLanguage\":\"es-ES\",\"publisher\":{\"@id\":\"https:\\\/\\\/candas365.es\\\/noticias\\\/#organization\"}}]}\n\t\t<\/script>\n\t\t<!-- All in One SEO Pro -->\r\n\t\t<title>La Fundaci\u00f3n Ferrocarriles firma una convenio con el Ayuntamiento de Carre\u00f1o | Cand\u00e1s 365<\/title>\n\n","aioseo_head_json":{"title":"La Fundaci\u00f3n Ferrocarriles firma una convenio con el Ayuntamiento de Carre\u00f1o | Cand\u00e1s 365","description":"El Director de la Fundaci\u00f3n Ferrocarriles, C\u00e9sar Felipe L\u00f3pez S\u00e1nchez, visit\u00f3 el pasado martes el Concejo de Carre\u00f1o con el objetivo de avanzar en la ejecuci\u00f3n del convenio suscrito con el ayuntamiento, el cual pretende difundir el valor de los elementos hist\u00f3ricos y arqueol\u00f3gicos de la industria ferroviaria. En este sentido L\u00f3pez destac\u00f3 que el","canonical_url":"https:\/\/candas365.es\/noticias\/la-fundacion-ferrocarriles-firma-una-convenio-con-el-ayuntamiento-de-carreno\/","robots":"max-image-preview:large","keywords":"noticias carre\u00f1o","webmasterTools":{"google-site-verification":"UA-32230408-1","msvalidate.01":"354F3CDFB2DA171B47FBE9ABF1F88D5","miscellaneous":""},"schema":{"@context":"https:\/\/schema.org","@graph":[{"@type":"BreadcrumbList","@id":"https:\/\/candas365.es\/noticias\/la-fundacion-ferrocarriles-firma-una-convenio-con-el-ayuntamiento-de-carreno\/#breadcrumblist","itemListElement":[{"@type":"ListItem","@id":"https:\/\/candas365.es\/noticias#listItem","position":1,"name":"Home","item":"https:\/\/candas365.es\/noticias","nextItem":{"@type":"ListItem","@id":"https:\/\/candas365.es\/noticias\/category\/noticias-carreno\/#listItem","name":"Noticias Carre\u00f1o"}},{"@type":"ListItem","@id":"https:\/\/candas365.es\/noticias\/category\/noticias-carreno\/#listItem","position":2,"name":"Noticias Carre\u00f1o","item":"https:\/\/candas365.es\/noticias\/category\/noticias-carreno\/","nextItem":{"@type":"ListItem","@id":"https:\/\/candas365.es\/noticias\/la-fundacion-ferrocarriles-firma-una-convenio-con-el-ayuntamiento-de-carreno\/#listItem","name":"La Fundaci\u00f3n Ferrocarriles firma una convenio con el Ayuntamiento de Carre\u00f1o"},"previousItem":{"@type":"ListItem","@id":"https:\/\/candas365.es\/noticias#listItem","name":"Home"}},{"@type":"ListItem","@id":"https:\/\/candas365.es\/noticias\/la-fundacion-ferrocarriles-firma-una-convenio-con-el-ayuntamiento-de-carreno\/#listItem","position":3,"name":"La Fundaci\u00f3n Ferrocarriles firma una convenio con el Ayuntamiento de Carre\u00f1o","previousItem":{"@type":"ListItem","@id":"https:\/\/candas365.es\/noticias\/category\/noticias-carreno\/#listItem","name":"Noticias Carre\u00f1o"}}]},{"@type":"NewsArticle","@id":"https:\/\/candas365.es\/noticias\/la-fundacion-ferrocarriles-firma-una-convenio-con-el-ayuntamiento-de-carreno\/#newsarticle","name":"La Fundaci\u00f3n Ferrocarriles firma una convenio con el Ayuntamiento de Carre\u00f1o | Cand\u00e1s 365","headline":"La Fundaci\u00f3n Ferrocarriles firma una convenio con el Ayuntamiento de Carre\u00f1o","author":{"@id":"https:\/\/candas365.es\/noticias\/author\/admin\/#author"},"publisher":{"@id":"https:\/\/candas365.es\/noticias\/#organization"},"image":{"@type":"ImageObject","url":"https:\/\/candas365.es\/noticias\/wp-content\/uploads\/2015\/01\/ayuntamiento.jpg","width":800,"height":600,"caption":"Carre\u00f1o"},"datePublished":"2018-08-08T16:23:16+02:00","dateModified":"2018-08-08T16:23:16+02:00","inLanguage":"es-ES","mainEntityOfPage":{"@id":"https:\/\/candas365.es\/noticias\/la-fundacion-ferrocarriles-firma-una-convenio-con-el-ayuntamiento-de-carreno\/#webpage"},"isPartOf":{"@id":"https:\/\/candas365.es\/noticias\/la-fundacion-ferrocarriles-firma-una-convenio-con-el-ayuntamiento-de-carreno\/#webpage"},"articleSection":"Noticias Carre\u00f1o","dateline":"Publicado el agosto 8, 2018."},{"@type":"Organization","@id":"https:\/\/candas365.es\/noticias\/#organization","name":"Cand\u00e1s 365","description":"Cand\u00e1s 365 es un diario digital independiente, fundado en 2012, con base en Asturias. Informamos con rigor sobre actualidad, sociedad, cultura y ocio, con una mirada local y global.","url":"https:\/\/candas365.es\/noticias\/","email":"info@candas365.es","telephone":"+34652131393","foundingDate":"2012-06-10","logo":{"@type":"ImageObject","url":"https:\/\/candas365.es\/noticias\/wp-content\/uploads\/2024\/09\/Candas-365-Redes.jpg","@id":"https:\/\/candas365.es\/noticias\/la-fundacion-ferrocarriles-firma-una-convenio-con-el-ayuntamiento-de-carreno\/#organizationLogo","width":1152,"height":864,"caption":"Cand\u00e1s 365 Redes"},"image":{"@id":"https:\/\/candas365.es\/noticias\/la-fundacion-ferrocarriles-firma-una-convenio-con-el-ayuntamiento-de-carreno\/#organizationLogo"},"sameAs":["https:\/\/www.facebook.com\/Nachofdezber","https:\/\/x.com\/NabercoDigital","https:\/\/www.instagram.com\/nachofdezber\/","https:\/\/www.youtube.com\/channel\/UCZP-2wLEB9Rv6erhFmqVnvg"],"address":{"@id":"https:\/\/candas365.es\/noticias\/#postaladdress","@type":"PostalAddress","streetAddress":"san antonio 4, san antonio 4","postalCode":"33430","addressLocality":"Cand\u00e1s","addressRegion":"Asturias","addressCountry":"ES"}},{"@type":"Person","@id":"https:\/\/candas365.es\/noticias\/author\/admin\/#author","url":"https:\/\/candas365.es\/noticias\/author\/admin\/","name":"Cand\u00e1s 365","image":{"@type":"ImageObject","@id":"https:\/\/candas365.es\/noticias\/la-fundacion-ferrocarriles-firma-una-convenio-con-el-ayuntamiento-de-carreno\/#authorImage","url":"https:\/\/secure.gravatar.com\/avatar\/496a8e03d0c493ede1718b7934145dbdf8d89be1036b0eec9544e1094c9de390?s=96&d=mm&r=g","width":96,"height":96,"caption":"Cand\u00e1s 365"},"sameAs":["https:\/\/www.facebook.com\/carrenoactualidad","https:\/\/twitter.com\/nbasturias","https:\/\/www.instagram.com\/nachofdezber\/","https:\/\/www.youtube.com\/channel\/UCZP-2wLEB9Rv6erhFmqVnvg"]},{"@type":"WebPage","@id":"https:\/\/candas365.es\/noticias\/la-fundacion-ferrocarriles-firma-una-convenio-con-el-ayuntamiento-de-carreno\/#webpage","url":"https:\/\/candas365.es\/noticias\/la-fundacion-ferrocarriles-firma-una-convenio-con-el-ayuntamiento-de-carreno\/","name":"La Fundaci\u00f3n Ferrocarriles firma una convenio con el Ayuntamiento de Carre\u00f1o | Cand\u00e1s 365","description":"El Director de la Fundaci\u00f3n Ferrocarriles, C\u00e9sar Felipe L\u00f3pez S\u00e1nchez, visit\u00f3 el pasado martes el Concejo de Carre\u00f1o con el objetivo de avanzar en la ejecuci\u00f3n del convenio suscrito con el ayuntamiento, el cual pretende difundir el valor de los elementos hist\u00f3ricos y arqueol\u00f3gicos de la industria ferroviaria. En este sentido L\u00f3pez destac\u00f3 que el","inLanguage":"es-ES","isPartOf":{"@id":"https:\/\/candas365.es\/noticias\/#website"},"breadcrumb":{"@id":"https:\/\/candas365.es\/noticias\/la-fundacion-ferrocarriles-firma-una-convenio-con-el-ayuntamiento-de-carreno\/#breadcrumblist"},"author":{"@id":"https:\/\/candas365.es\/noticias\/author\/admin\/#author"},"creator":{"@id":"https:\/\/candas365.es\/noticias\/author\/admin\/#author"},"image":{"@type":"ImageObject","url":"https:\/\/candas365.es\/noticias\/wp-content\/uploads\/2015\/01\/ayuntamiento.jpg","@id":"https:\/\/candas365.es\/noticias\/la-fundacion-ferrocarriles-firma-una-convenio-con-el-ayuntamiento-de-carreno\/#mainImage","width":800,"height":600,"caption":"Carre\u00f1o"},"primaryImageOfPage":{"@id":"https:\/\/candas365.es\/noticias\/la-fundacion-ferrocarriles-firma-una-convenio-con-el-ayuntamiento-de-carreno\/#mainImage"},"datePublished":"2018-08-08T16:23:16+02:00","dateModified":"2018-08-08T16:23:16+02:00"},{"@type":"WebSite","@id":"https:\/\/candas365.es\/noticias\/#website","url":"https:\/\/candas365.es\/noticias\/","name":"Cand\u00e1s 365","alternateName":"Cand\u00e1s 365 Noticias","description":"Actualidad desde Carre\u00f1o para el mundo","inLanguage":"es-ES","publisher":{"@id":"https:\/\/candas365.es\/noticias\/#organization"}}]},"og:locale":"es_ES","og:site_name":"Cand\u00e1s 365","og:type":"article","og:title":"La Fundaci\u00f3n Ferrocarriles firma una convenio con el Ayuntamiento de Carre\u00f1o | Cand\u00e1s 365","og:description":"El Director de la Fundaci\u00f3n Ferrocarriles, C\u00e9sar Felipe L\u00f3pez S\u00e1nchez, visit\u00f3 el pasado martes el Concejo de Carre\u00f1o con el objetivo de avanzar en la ejecuci\u00f3n del convenio suscrito con el ayuntamiento, el cual pretende difundir el valor de los elementos hist\u00f3ricos y arqueol\u00f3gicos de la industria ferroviaria. En este sentido L\u00f3pez destac\u00f3 que el","og:url":"https:\/\/candas365.es\/noticias\/la-fundacion-ferrocarriles-firma-una-convenio-con-el-ayuntamiento-de-carreno\/","og:image":"https:\/\/candas365.es\/noticias\/wp-content\/uploads\/2015\/01\/ayuntamiento.jpg","og:image:secure_url":"https:\/\/candas365.es\/noticias\/wp-content\/uploads\/2015\/01\/ayuntamiento.jpg","og:image:width":800,"og:image:height":600,"article:published_time":"2018-08-08T16:23:16+00:00","article:modified_time":"2018-08-08T16:23:16+00:00","article:publisher":"https:\/\/www.facebook.com\/Nachofdezber","article:author":"https:\/\/www.facebook.com\/carrenoactualidad","twitter:card":"summary_large_image","twitter:site":"@NabercoDigital","twitter:title":"La Fundaci\u00f3n Ferrocarriles firma una convenio con el Ayuntamiento de Carre\u00f1o | Cand\u00e1s 365","twitter:description":"El Director de la Fundaci\u00f3n Ferrocarriles, C\u00e9sar Felipe L\u00f3pez S\u00e1nchez, visit\u00f3 el pasado martes el Concejo de Carre\u00f1o con el objetivo de avanzar en la ejecuci\u00f3n del convenio suscrito con el ayuntamiento, el cual pretende difundir el valor de los elementos hist\u00f3ricos y arqueol\u00f3gicos de la industria ferroviaria. En este sentido L\u00f3pez destac\u00f3 que el","twitter:creator":"@nbasturias","twitter:image":"https:\/\/candas365.es\/noticias\/wp-content\/uploads\/2015\/01\/ayuntamiento.jpg","twitter:label1":"Escrito por","twitter:data1":"Cand\u00e1s 365","twitter:label2":"Tiempo de lectura estimado","twitter:data2":"2 minutos"},"aioseo_meta_data":{"post_id":"102282","title":null,"description":null,"keywords":null,"keyphrases":null,"primary_term":null,"canonical_url":null,"og_title":null,"og_description":null,"og_object_type":"default","og_image_type":"default","og_image_url":null,"og_image_width":null,"og_image_height":null,"og_image_custom_url":null,"og_image_custom_fields":null,"og_video":null,"og_custom_url":null,"og_article_section":null,"og_article_tags":null,"twitter_use_og":false,"twitter_card":"default","twitter_image_type":"default","twitter_image_url":null,"twitter_image_custom_url":null,"twitter_image_custom_fields":null,"twitter_title":null,"twitter_description":null,"schema":{"blockGraphs":[],"customGraphs":[],"default":{"data":{"Article":[],"Course":[],"Dataset":[],"FAQPage":[],"Movie":[],"Person":[],"Product":[],"ProductReview":[],"Car":[],"Recipe":[],"Service":[],"SoftwareApplication":[],"WebPage":[]},"graphName":"","isEnabled":true},"graphs":[]},"schema_type":null,"schema_type_options":null,"pillar_content":false,"robots_default":true,"robots_noindex":false,"robots_noarchive":false,"robots_nosnippet":false,"robots_nofollow":false,"robots_noimageindex":false,"robots_noodp":false,"robots_notranslate":false,"robots_max_snippet":null,"robots_max_videopreview":null,"robots_max_imagepreview":"large","priority":null,"frequency":null,"location":null,"local_seo":null,"seo_analyzer_scan_date":"2025-08-27 13:45:17","breadcrumb_settings":null,"limit_modified_date":false,"reviewed_by":null,"open_ai":null,"ai":null,"created":"2020-12-21 11:47:28","updated":"2025-08-27 13:45:17"},"aioseo_breadcrumb":"<div class=\"aioseo-breadcrumbs\"><span class=\"aioseo-breadcrumb\">\n\t<a href=\"https:\/\/candas365.es\/noticias\" title=\"Home\">Home<\/a>\n<\/span><span class=\"aioseo-breadcrumb-separator\">&ndash;<\/span><span class=\"aioseo-breadcrumb\">\n\t<a href=\"https:\/\/candas365.es\/noticias\/category\/noticias-carreno\/\" title=\"Noticias Carre\u00f1o\">Noticias Carre\u00f1o<\/a>\n<\/span><span class=\"aioseo-breadcrumb-separator\">&ndash;<\/span><span class=\"aioseo-breadcrumb\">\n\tLa Fundaci\u00f3n Ferrocarriles firma una convenio con el Ayuntamiento de Carre\u00f1o\n<\/span><\/div>","aioseo_breadcrumb_json":[{"label":"Home","link":"https:\/\/candas365.es\/noticias"},{"label":"Noticias Carre\u00f1o","link":"https:\/\/candas365.es\/noticias\/category\/noticias-carreno\/"},{"label":"La Fundaci\u00f3n Ferrocarriles firma una convenio con el Ayuntamiento de Carre\u00f1o","link":"https:\/\/candas365.es\/noticias\/la-fundacion-ferrocarriles-firma-una-convenio-con-el-ayuntamiento-de-carreno\/"}],"_links":{"self":[{"href":"https:\/\/candas365.es\/noticias\/wp-json\/wp\/v2\/posts\/102282","targetHints":{"allow":["GET"]}}],"collection":[{"href":"https:\/\/candas365.es\/noticias\/wp-json\/wp\/v2\/posts"}],"about":[{"href":"https:\/\/candas365.es\/noticias\/wp-json\/wp\/v2\/types\/post"}],"author":[{"embeddable":true,"href":"https:\/\/candas365.es\/noticias\/wp-json\/wp\/v2\/users\/1"}],"replies":[{"embeddable":true,"href":"https:\/\/candas365.es\/noticias\/wp-json\/wp\/v2\/comments?post=102282"}],"version-history":[{"count":0,"href":"https:\/\/candas365.es\/noticias\/wp-json\/wp\/v2\/posts\/102282\/revisions"}],"wp:featuredmedia":[{"embeddable":true,"href":"https:\/\/candas365.es\/noticias\/wp-json\/wp\/v2\/media\/6453"}],"wp:attachment":[{"href":"https:\/\/candas365.es\/noticias\/wp-json\/wp\/v2\/media?parent=102282"}],"wp:term":[{"taxonomy":"category","embeddable":true,"href":"https:\/\/candas365.es\/noticias\/wp-json\/wp\/v2\/categories?post=102282"},{"taxonomy":"post_tag","embeddable":true,"href":"https:\/\/candas365.es\/noticias\/wp-json\/wp\/v2\/tags?post=102282"}],"curies":[{"name":"wp","href":"https:\/\/api.w.org\/{rel}","templated":true}]}}