{"id":102277,"date":"2018-08-08T16:17:30","date_gmt":"2018-08-08T16:17:30","guid":{"rendered":"http:\/\/candas365.es\/noticias\/?p=102277"},"modified":"2018-08-08T16:17:30","modified_gmt":"2018-08-08T16:17:30","slug":"cuentos-de-la-selva-de-quiroga-eco-incesante-de-una-geografia","status":"publish","type":"post","link":"https:\/\/candas365.es\/noticias\/cuentos-de-la-selva-de-quiroga-eco-incesante-de-una-geografia\/","title":{"rendered":"\u00abCuentos de la selva\u00bb de Quiroga, eco incesante de una geograf\u00eda"},"content":{"rendered":"<p><img fetchpriority=\"high\" decoding=\"async\" class=\"alignleft size-medium wp-image-94892\" src=\"https:\/\/candas365.es\/noticias\/wp-content\/uploads\/2018\/04\/book-759873_1920-360x219.jpg\" alt=\"\" width=\"360\" height=\"219\" srcset=\"https:\/\/candas365.es\/noticias\/wp-content\/uploads\/2018\/04\/book-759873_1920-360x219.jpg 360w, https:\/\/candas365.es\/noticias\/wp-content\/uploads\/2018\/04\/book-759873_1920-768x468.jpg 768w, https:\/\/candas365.es\/noticias\/wp-content\/uploads\/2018\/04\/book-759873_1920-655x399.jpg 655w, https:\/\/candas365.es\/noticias\/wp-content\/uploads\/2018\/04\/book-759873_1920-696x424.jpg 696w, https:\/\/candas365.es\/noticias\/wp-content\/uploads\/2018\/04\/book-759873_1920-1068x651.jpg 1068w, https:\/\/candas365.es\/noticias\/wp-content\/uploads\/2018\/04\/book-759873_1920-689x420.jpg 689w, https:\/\/candas365.es\/noticias\/wp-content\/uploads\/2018\/04\/book-759873_1920.jpg 1920w\" sizes=\"(max-width: 360px) 100vw, 360px\" \/>Buenos Aires, 7 ago (dpa) \u2013 \u00abCuentos de la selva\u00bb del uruguayo Horacio Quiroga, con sus relatos protagonizados por yacar\u00e9s, flamencos, tigres y coat\u00edes, celebra este a\u00f1o el centenario de su primera publicaci\u00f3n en Buenos Aires, convertido en un cl\u00e1sico de la literatura infantil con innumerables reediciones y traducciones.<\/p>\n<p>Quiroga (Salto, Uruguay, 1878-Buenos Aires, 1937) fue un autor atravesado por la selva misionera, donde encontr\u00f3 inspiraci\u00f3n y refugio de una vida marcada por la tragedia. Su experiencia en esa exuberante geograf\u00eda no pudo ser m\u00e1s directa: all\u00ed cri\u00f3 a sus hijos, cultiv\u00f3 yerba mate y levant\u00f3 una casa con sus propias manos.<\/p>\n<p>\u00abTodos los cuentos de Quiroga, cualquiera fuera su tema, est\u00e1n construidos de manera impecable. Pero debo se\u00f1alar que aquellos que se sit\u00faan en Misiones est\u00e1n impregnados del misterio, la pobreza, la amenaza latente de la selva\u00bb, lo elogiaba su compatriota Juan Carlos Onetti.<\/p>\n<p>Los ocho relatos que atraparon a numerosas generaciones tienen como personajes a animales selv\u00e1ticos representados de forma humanizada, que hacen uso de la palabra y del pensamiento. A veces se enfrentan o se al\u00edan entre ellos; otras, su socio o adversario es el hombre.<\/p>\n<p>En sus p\u00e1ginas una tortuga busca salvar a su amigo humano enfermo (\u00abLa tortuga gigante\u00bb), los yacar\u00e9s se enfrentan a un buque (\u00abLa guerra de los yacar\u00e9s\u00bb) y las rayas dan encarnizada batalla a los tigres para defender a un hombre (\u00abEl paso del Yabebir\u00ed\u00bb). Completan el libro \u00abLas medias de los flamencos\u00bb, \u00abEl loro pelado\u00bb, \u00abLa gama ciega\u00bb, \u00abHistoria de dos cachorros de coat\u00ed y de dos cachorros de hombre\u00bb y \u00abLa abeja haragana\u00bb.<\/p>\n<p>La primera edici\u00f3n de la obra vio la luz en 1918 como \u00abCuentos de la selva para los ni\u00f1os\u00bb, publicada por la Sociedad Cooperativa Editorial Limitada en Buenos Aires. Sin embargo, sus relatos hab\u00edan ido difundi\u00e9ndose en las p\u00e1ginas de populares revistas y semanarios porte\u00f1os a partir de 1916.<\/p>\n<p>Entre las innovaciones del libro se encuentra, \u00aben primer lugar, un golpe de aire fresco gracias a la naturalidad con que narra pero hay m\u00e1s: acierta en el movimiento de atenci\u00f3n que mueve a todo lector y, en especial, a los ni\u00f1os que perciben la trampa de la ni\u00f1er\u00eda\u00bb, apunta a dpa el cr\u00edtico literario argentino No\u00e9 Jitrik.<\/p>\n<p>Lo que el cuentista rioplatense descubre en la selva misionera \u00abest\u00e1 en estrecha relaci\u00f3n con una mirada que act\u00faa por capas, del exterior brumoso de personajes en apariencia simples a situaciones que &#8216;significan&#8217; poderosamente, el sentido de la experiencia, el trato con la muerte\u00bb, indica Jitrik.<\/p>\n<p>En 1903, en lo que devendr\u00eda el viaje inici\u00e1tico que impregnar\u00eda su vida y su literatura, Quiroga acompa\u00f1\u00f3 como fot\u00f3grafo al escritor Leopoldo Lugones a una expedici\u00f3n a las misiones jesu\u00edticas en la provincia argentina de Misiones.<\/p>\n<p>Fascinado por ese paisaje, lo eligi\u00f3 para vivir all\u00ed a\u00f1os despu\u00e9s junto a su esposa, la joven Ana Mar\u00eda Cir\u00e9s, con quien tuvo dos hijos. Tras seis a\u00f1os de jungla y matrimonio, Cir\u00e9s se suicid\u00f3 en 1915 y Quiroga se traslad\u00f3 luego con sus hijos a Buenos Aires.<\/p>\n<p>El maestro del cuento latinoamericano regres\u00f3 por \u00faltima vez a la selva entre 1932 y 1936 con su segunda mujer, Mar\u00eda Elena Bravo, tres d\u00e9cadas menor que \u00e9l, y quien dio a luz a su tercera hija.<\/p>\n<p>El libro, con su prosa sencilla, clara y por momentos violenta como la propia naturaleza, cont\u00f3 con adaptaciones teatrales en diversas latitudes.<\/p>\n<p>El argentino Gast\u00f3n Marioni, quien recientemente escribi\u00f3 y dirigi\u00f3 una versi\u00f3n de \u00abCuentos de la selva\u00bb en el Teatro Municipal Coliseo Podest\u00e1 de La Plata, una precuela de estos relatos con m\u00fasica de Dami\u00e1n Mahler, dice a dpa: \u00abMe parecieron m\u00e1s que oportunos los universos que despliega, en tanto cualidades, valores e idiosincrasia en tiempos de tanta globalizaci\u00f3n, individualismo y sectaci\u00f3n\u00bb.<\/p>\n<p>Asimismo el cl\u00e1sico de la literatura infantil inspir\u00f3 un film argentino-uruguayo de animaci\u00f3n en 2010, una versi\u00f3n libre dirigida por Liliana Romero y Norman Ruiz. Previamente tres de sus relatos se convirtieron en dibujos animados, en cortos producidos por el Instituto Cubano de Arte e Industria Cinematogr\u00e1ficos (ICAIC).<\/p>\n<p>\u00bfA qu\u00e9 se debe la vigencia de esta obra de Quiroga? \u00abSon hechos que no se pueden explicar; no les sucede a todos los libros, ni siquiera a otros de su mano\u00bb, analiza Jitrik. \u00abDebe ser porque en su oportunidad toc\u00f3 alguna cuerda humana sensible y la resonancia que produjo no se apaga porque no es inherente a los ni\u00f1os ni al ambiente que describe\u00bb, concluye el escritor y cr\u00edtico.<\/p>\n<p>Por su parte, el dramaturgo Marioni considera: \u00abLa vigencia ser\u00e1 perenne mientras la condici\u00f3n humana siga siendo tal. All\u00ed su validez, su inmortalidad; ese espejo que nos devuelve a pensarnos en sociedad\u00bb.<\/p>\n<p>Quiroga, quien public\u00f3 tambi\u00e9n obras como \u00abCuentos de amor, de locura y de muerte\u00bb, \u00abAnaconda\u00bb y \u00abLos desterrados\u00bb, fue adem\u00e1s poeta, dramaturgo, docente, ciclista aficionado, inventor amateur y juez de paz. En 1937, enfermo de c\u00e1ncer, se quit\u00f3 la vida en Buenos Aires.<\/p>\n<p>Mientras tanto, los \u00abCuentos de la selva\u00bb siguen acercando al lector los m\u00e1gicos ecos de esa geograf\u00eda que tanto lo apasion\u00f3. Como escribiera la autora argentina Liliana Bodoc: Al terminar de leer el libro \u00abes posible que haya barro en la suela de nuestros zapatos, porque, p\u00e1gina a p\u00e1gina, hemos atravesado una selva\u00bb.<\/p>\n<p><i class=\"lang-es\"><span class=\" readonly\" title=\"\">Por Gabriela Mayer (dpa)<\/span><\/i><\/p>\n","protected":false},"excerpt":{"rendered":"<p>Buenos Aires, 7 ago (dpa) \u2013 \u00abCuentos de la selva\u00bb del uruguayo Horacio Quiroga, con sus relatos protagonizados por yacar\u00e9s, flamencos, tigres y coat\u00edes, celebra este a\u00f1o el centenario de su primera publicaci\u00f3n en Buenos Aires, convertido en un cl\u00e1sico de la literatura infantil con innumerables reediciones y traducciones. Quiroga (Salto, Uruguay, 1878-Buenos Aires, 1937)<\/p>\n","protected":false},"author":1,"featured_media":94892,"comment_status":"closed","ping_status":"closed","sticky":false,"template":"","format":"standard","meta":{"footnotes":""},"categories":[142],"tags":[],"class_list":{"0":"post-102277","1":"post","2":"type-post","3":"status-publish","4":"format-standard","5":"has-post-thumbnail","7":"category-revista"},"aioseo_notices":[],"aioseo_head":"\n\t\t<!-- All in One SEO Pro 4.9.6.2 - aioseo.com -->\n\t<meta name=\"description\" content=\"Buenos Aires, 7 ago (dpa) \u2013 &quot;Cuentos de la selva&quot; del uruguayo Horacio Quiroga, con sus relatos protagonizados por yacar\u00e9s, flamencos, tigres y coat\u00edes, celebra este a\u00f1o el centenario de su primera publicaci\u00f3n en Buenos Aires, convertido en un cl\u00e1sico de la literatura infantil con innumerables reediciones y traducciones. Quiroga (Salto, Uruguay, 1878-Buenos Aires, 1937)\" \/>\n\t<meta name=\"robots\" content=\"max-image-preview:large\" \/>\n\t<meta name=\"author\" content=\"Cand\u00e1s 365\"\/>\n\t<meta name=\"google-site-verification\" content=\"UA-32230408-1\" \/>\n\t<meta name=\"msvalidate.01\" content=\"354F3CDFB2DA171B47FBE9ABF1F88D5\" \/>\n\t<meta name=\"keywords\" content=\"revista\" \/>\n\t<link rel=\"canonical\" href=\"https:\/\/candas365.es\/noticias\/cuentos-de-la-selva-de-quiroga-eco-incesante-de-una-geografia\/\" \/>\n\t<meta name=\"generator\" content=\"All in One SEO Pro (AIOSEO) 4.9.6.2\" \/>\n\t\t<meta property=\"og:locale\" content=\"es_ES\" \/>\n\t\t<meta property=\"og:site_name\" content=\"Cand\u00e1s 365\" \/>\n\t\t<meta property=\"og:type\" content=\"article\" \/>\n\t\t<meta property=\"og:title\" content=\"\u00abCuentos de la selva\u00bb de Quiroga, eco incesante de una geograf\u00eda | Cand\u00e1s 365\" \/>\n\t\t<meta property=\"og:description\" content=\"Buenos Aires, 7 ago (dpa) \u2013 &quot;Cuentos de la selva&quot; del uruguayo Horacio Quiroga, con sus relatos protagonizados por yacar\u00e9s, flamencos, tigres y coat\u00edes, celebra este a\u00f1o el centenario de su primera publicaci\u00f3n en Buenos Aires, convertido en un cl\u00e1sico de la literatura infantil con innumerables reediciones y traducciones. Quiroga (Salto, Uruguay, 1878-Buenos Aires, 1937)\" \/>\n\t\t<meta property=\"og:url\" content=\"https:\/\/candas365.es\/noticias\/cuentos-de-la-selva-de-quiroga-eco-incesante-de-una-geografia\/\" \/>\n\t\t<meta property=\"og:image\" content=\"https:\/\/candas365.es\/noticias\/wp-content\/uploads\/2018\/04\/book-759873_1920.jpg\" \/>\n\t\t<meta property=\"og:image:secure_url\" content=\"https:\/\/candas365.es\/noticias\/wp-content\/uploads\/2018\/04\/book-759873_1920.jpg\" \/>\n\t\t<meta property=\"og:image:width\" content=\"1920\" \/>\n\t\t<meta property=\"og:image:height\" content=\"1170\" \/>\n\t\t<meta property=\"article:published_time\" content=\"2018-08-08T16:17:30+00:00\" \/>\n\t\t<meta property=\"article:modified_time\" content=\"2018-08-08T16:17:30+00:00\" \/>\n\t\t<meta property=\"article:publisher\" content=\"https:\/\/www.facebook.com\/Nachofdezber\" \/>\n\t\t<meta property=\"article:author\" content=\"https:\/\/www.facebook.com\/carrenoactualidad\" \/>\n\t\t<meta name=\"twitter:card\" content=\"summary_large_image\" \/>\n\t\t<meta name=\"twitter:site\" content=\"@NabercoDigital\" \/>\n\t\t<meta name=\"twitter:title\" content=\"\u00abCuentos de la selva\u00bb de Quiroga, eco incesante de una geograf\u00eda | Cand\u00e1s 365\" \/>\n\t\t<meta name=\"twitter:description\" content=\"Buenos Aires, 7 ago (dpa) \u2013 &quot;Cuentos de la selva&quot; del uruguayo Horacio Quiroga, con sus relatos protagonizados por yacar\u00e9s, flamencos, tigres y coat\u00edes, celebra este a\u00f1o el centenario de su primera publicaci\u00f3n en Buenos Aires, convertido en un cl\u00e1sico de la literatura infantil con innumerables reediciones y traducciones. Quiroga (Salto, Uruguay, 1878-Buenos Aires, 1937)\" \/>\n\t\t<meta name=\"twitter:creator\" content=\"@nbasturias\" \/>\n\t\t<meta name=\"twitter:image\" content=\"https:\/\/candas365.es\/noticias\/wp-content\/uploads\/2018\/04\/book-759873_1920.jpg\" \/>\n\t\t<meta name=\"twitter:label1\" content=\"Escrito por\" \/>\n\t\t<meta name=\"twitter:data1\" content=\"Cand\u00e1s 365\" \/>\n\t\t<meta name=\"twitter:label2\" content=\"Tiempo de lectura estimado\" \/>\n\t\t<meta name=\"twitter:data2\" content=\"5 minutos\" \/>\n\t\t<script type=\"application\/ld+json\" class=\"aioseo-schema\">\n\t\t\t{\"@context\":\"https:\\\/\\\/schema.org\",\"@graph\":[{\"@type\":\"BreadcrumbList\",\"@id\":\"https:\\\/\\\/candas365.es\\\/noticias\\\/cuentos-de-la-selva-de-quiroga-eco-incesante-de-una-geografia\\\/#breadcrumblist\",\"itemListElement\":[{\"@type\":\"ListItem\",\"@id\":\"https:\\\/\\\/candas365.es\\\/noticias#listItem\",\"position\":1,\"name\":\"Home\",\"item\":\"https:\\\/\\\/candas365.es\\\/noticias\",\"nextItem\":{\"@type\":\"ListItem\",\"@id\":\"https:\\\/\\\/candas365.es\\\/noticias\\\/category\\\/revista\\\/#listItem\",\"name\":\"Revista\"}},{\"@type\":\"ListItem\",\"@id\":\"https:\\\/\\\/candas365.es\\\/noticias\\\/category\\\/revista\\\/#listItem\",\"position\":2,\"name\":\"Revista\",\"item\":\"https:\\\/\\\/candas365.es\\\/noticias\\\/category\\\/revista\\\/\",\"nextItem\":{\"@type\":\"ListItem\",\"@id\":\"https:\\\/\\\/candas365.es\\\/noticias\\\/cuentos-de-la-selva-de-quiroga-eco-incesante-de-una-geografia\\\/#listItem\",\"name\":\"\\u00abCuentos de la selva\\u00bb de Quiroga, eco incesante de una geograf\\u00eda\"},\"previousItem\":{\"@type\":\"ListItem\",\"@id\":\"https:\\\/\\\/candas365.es\\\/noticias#listItem\",\"name\":\"Home\"}},{\"@type\":\"ListItem\",\"@id\":\"https:\\\/\\\/candas365.es\\\/noticias\\\/cuentos-de-la-selva-de-quiroga-eco-incesante-de-una-geografia\\\/#listItem\",\"position\":3,\"name\":\"\\u00abCuentos de la selva\\u00bb de Quiroga, eco incesante de una geograf\\u00eda\",\"previousItem\":{\"@type\":\"ListItem\",\"@id\":\"https:\\\/\\\/candas365.es\\\/noticias\\\/category\\\/revista\\\/#listItem\",\"name\":\"Revista\"}}]},{\"@type\":\"NewsArticle\",\"@id\":\"https:\\\/\\\/candas365.es\\\/noticias\\\/cuentos-de-la-selva-de-quiroga-eco-incesante-de-una-geografia\\\/#newsarticle\",\"name\":\"\\u00abCuentos de la selva\\u00bb de Quiroga, eco incesante de una geograf\\u00eda | Cand\\u00e1s 365\",\"headline\":\"\\u00abCuentos de la selva\\u00bb de Quiroga, eco incesante de una geograf\\u00eda\",\"author\":{\"@id\":\"https:\\\/\\\/candas365.es\\\/noticias\\\/author\\\/admin\\\/#author\"},\"publisher\":{\"@id\":\"https:\\\/\\\/candas365.es\\\/noticias\\\/#organization\"},\"image\":{\"@type\":\"ImageObject\",\"url\":\"https:\\\/\\\/candas365.es\\\/noticias\\\/wp-content\\\/uploads\\\/2018\\\/04\\\/book-759873_1920.jpg\",\"width\":1920,\"height\":1170},\"datePublished\":\"2018-08-08T16:17:30+02:00\",\"dateModified\":\"2018-08-08T16:17:30+02:00\",\"inLanguage\":\"es-ES\",\"mainEntityOfPage\":{\"@id\":\"https:\\\/\\\/candas365.es\\\/noticias\\\/cuentos-de-la-selva-de-quiroga-eco-incesante-de-una-geografia\\\/#webpage\"},\"isPartOf\":{\"@id\":\"https:\\\/\\\/candas365.es\\\/noticias\\\/cuentos-de-la-selva-de-quiroga-eco-incesante-de-una-geografia\\\/#webpage\"},\"articleSection\":\"Revista\",\"dateline\":\"Publicado el agosto 8, 2018.\"},{\"@type\":\"Organization\",\"@id\":\"https:\\\/\\\/candas365.es\\\/noticias\\\/#organization\",\"name\":\"Cand\\u00e1s 365\",\"description\":\"Cand\\u00e1s 365 es un diario digital independiente, fundado en 2012, con base en Asturias. Informamos con rigor sobre actualidad, sociedad, cultura y ocio, con una mirada local y global.\",\"url\":\"https:\\\/\\\/candas365.es\\\/noticias\\\/\",\"email\":\"info@candas365.es\",\"telephone\":\"+34652131393\",\"foundingDate\":\"2012-06-10\",\"logo\":{\"@type\":\"ImageObject\",\"url\":\"https:\\\/\\\/candas365.es\\\/noticias\\\/wp-content\\\/uploads\\\/2024\\\/09\\\/Candas-365-Redes.jpg\",\"@id\":\"https:\\\/\\\/candas365.es\\\/noticias\\\/cuentos-de-la-selva-de-quiroga-eco-incesante-de-una-geografia\\\/#organizationLogo\",\"width\":1152,\"height\":864,\"caption\":\"Cand\\u00e1s 365 Redes\"},\"image\":{\"@id\":\"https:\\\/\\\/candas365.es\\\/noticias\\\/cuentos-de-la-selva-de-quiroga-eco-incesante-de-una-geografia\\\/#organizationLogo\"},\"sameAs\":[\"https:\\\/\\\/www.facebook.com\\\/Nachofdezber\",\"https:\\\/\\\/x.com\\\/NabercoDigital\",\"https:\\\/\\\/www.instagram.com\\\/nachofdezber\\\/\",\"https:\\\/\\\/www.youtube.com\\\/channel\\\/UCZP-2wLEB9Rv6erhFmqVnvg\"],\"address\":{\"@id\":\"https:\\\/\\\/candas365.es\\\/noticias\\\/#postaladdress\",\"@type\":\"PostalAddress\",\"streetAddress\":\"san antonio 4, san antonio 4\",\"postalCode\":\"33430\",\"addressLocality\":\"Cand\\u00e1s\",\"addressRegion\":\"Asturias\",\"addressCountry\":\"ES\"}},{\"@type\":\"Person\",\"@id\":\"https:\\\/\\\/candas365.es\\\/noticias\\\/author\\\/admin\\\/#author\",\"url\":\"https:\\\/\\\/candas365.es\\\/noticias\\\/author\\\/admin\\\/\",\"name\":\"Cand\\u00e1s 365\",\"image\":{\"@type\":\"ImageObject\",\"@id\":\"https:\\\/\\\/candas365.es\\\/noticias\\\/cuentos-de-la-selva-de-quiroga-eco-incesante-de-una-geografia\\\/#authorImage\",\"url\":\"https:\\\/\\\/secure.gravatar.com\\\/avatar\\\/496a8e03d0c493ede1718b7934145dbdf8d89be1036b0eec9544e1094c9de390?s=96&d=mm&r=g\",\"width\":96,\"height\":96,\"caption\":\"Cand\\u00e1s 365\"},\"sameAs\":[\"https:\\\/\\\/www.facebook.com\\\/carrenoactualidad\",\"https:\\\/\\\/twitter.com\\\/nbasturias\",\"https:\\\/\\\/www.instagram.com\\\/nachofdezber\\\/\",\"https:\\\/\\\/www.youtube.com\\\/channel\\\/UCZP-2wLEB9Rv6erhFmqVnvg\"]},{\"@type\":\"WebPage\",\"@id\":\"https:\\\/\\\/candas365.es\\\/noticias\\\/cuentos-de-la-selva-de-quiroga-eco-incesante-de-una-geografia\\\/#webpage\",\"url\":\"https:\\\/\\\/candas365.es\\\/noticias\\\/cuentos-de-la-selva-de-quiroga-eco-incesante-de-una-geografia\\\/\",\"name\":\"\\u00abCuentos de la selva\\u00bb de Quiroga, eco incesante de una geograf\\u00eda | Cand\\u00e1s 365\",\"description\":\"Buenos Aires, 7 ago (dpa) \\u2013 \\\"Cuentos de la selva\\\" del uruguayo Horacio Quiroga, con sus relatos protagonizados por yacar\\u00e9s, flamencos, tigres y coat\\u00edes, celebra este a\\u00f1o el centenario de su primera publicaci\\u00f3n en Buenos Aires, convertido en un cl\\u00e1sico de la literatura infantil con innumerables reediciones y traducciones. Quiroga (Salto, Uruguay, 1878-Buenos Aires, 1937)\",\"inLanguage\":\"es-ES\",\"isPartOf\":{\"@id\":\"https:\\\/\\\/candas365.es\\\/noticias\\\/#website\"},\"breadcrumb\":{\"@id\":\"https:\\\/\\\/candas365.es\\\/noticias\\\/cuentos-de-la-selva-de-quiroga-eco-incesante-de-una-geografia\\\/#breadcrumblist\"},\"author\":{\"@id\":\"https:\\\/\\\/candas365.es\\\/noticias\\\/author\\\/admin\\\/#author\"},\"creator\":{\"@id\":\"https:\\\/\\\/candas365.es\\\/noticias\\\/author\\\/admin\\\/#author\"},\"image\":{\"@type\":\"ImageObject\",\"url\":\"https:\\\/\\\/candas365.es\\\/noticias\\\/wp-content\\\/uploads\\\/2018\\\/04\\\/book-759873_1920.jpg\",\"@id\":\"https:\\\/\\\/candas365.es\\\/noticias\\\/cuentos-de-la-selva-de-quiroga-eco-incesante-de-una-geografia\\\/#mainImage\",\"width\":1920,\"height\":1170},\"primaryImageOfPage\":{\"@id\":\"https:\\\/\\\/candas365.es\\\/noticias\\\/cuentos-de-la-selva-de-quiroga-eco-incesante-de-una-geografia\\\/#mainImage\"},\"datePublished\":\"2018-08-08T16:17:30+02:00\",\"dateModified\":\"2018-08-08T16:17:30+02:00\"},{\"@type\":\"WebSite\",\"@id\":\"https:\\\/\\\/candas365.es\\\/noticias\\\/#website\",\"url\":\"https:\\\/\\\/candas365.es\\\/noticias\\\/\",\"name\":\"Cand\\u00e1s 365\",\"alternateName\":\"Cand\\u00e1s 365 Noticias\",\"description\":\"Actualidad desde Carre\\u00f1o para el mundo\",\"inLanguage\":\"es-ES\",\"publisher\":{\"@id\":\"https:\\\/\\\/candas365.es\\\/noticias\\\/#organization\"}}]}\n\t\t<\/script>\n\t\t<!-- All in One SEO Pro -->\r\n\t\t<title>\u00abCuentos de la selva\u00bb de Quiroga, eco incesante de una geograf\u00eda | Cand\u00e1s 365<\/title>\n\n","aioseo_head_json":{"title":"\u00abCuentos de la selva\u00bb de Quiroga, eco incesante de una geograf\u00eda | Cand\u00e1s 365","description":"Buenos Aires, 7 ago (dpa) \u2013 \"Cuentos de la selva\" del uruguayo Horacio Quiroga, con sus relatos protagonizados por yacar\u00e9s, flamencos, tigres y coat\u00edes, celebra este a\u00f1o el centenario de su primera publicaci\u00f3n en Buenos Aires, convertido en un cl\u00e1sico de la literatura infantil con innumerables reediciones y traducciones. Quiroga (Salto, Uruguay, 1878-Buenos Aires, 1937)","canonical_url":"https:\/\/candas365.es\/noticias\/cuentos-de-la-selva-de-quiroga-eco-incesante-de-una-geografia\/","robots":"max-image-preview:large","keywords":"revista","webmasterTools":{"google-site-verification":"UA-32230408-1","msvalidate.01":"354F3CDFB2DA171B47FBE9ABF1F88D5","miscellaneous":""},"schema":{"@context":"https:\/\/schema.org","@graph":[{"@type":"BreadcrumbList","@id":"https:\/\/candas365.es\/noticias\/cuentos-de-la-selva-de-quiroga-eco-incesante-de-una-geografia\/#breadcrumblist","itemListElement":[{"@type":"ListItem","@id":"https:\/\/candas365.es\/noticias#listItem","position":1,"name":"Home","item":"https:\/\/candas365.es\/noticias","nextItem":{"@type":"ListItem","@id":"https:\/\/candas365.es\/noticias\/category\/revista\/#listItem","name":"Revista"}},{"@type":"ListItem","@id":"https:\/\/candas365.es\/noticias\/category\/revista\/#listItem","position":2,"name":"Revista","item":"https:\/\/candas365.es\/noticias\/category\/revista\/","nextItem":{"@type":"ListItem","@id":"https:\/\/candas365.es\/noticias\/cuentos-de-la-selva-de-quiroga-eco-incesante-de-una-geografia\/#listItem","name":"\u00abCuentos de la selva\u00bb de Quiroga, eco incesante de una geograf\u00eda"},"previousItem":{"@type":"ListItem","@id":"https:\/\/candas365.es\/noticias#listItem","name":"Home"}},{"@type":"ListItem","@id":"https:\/\/candas365.es\/noticias\/cuentos-de-la-selva-de-quiroga-eco-incesante-de-una-geografia\/#listItem","position":3,"name":"\u00abCuentos de la selva\u00bb de Quiroga, eco incesante de una geograf\u00eda","previousItem":{"@type":"ListItem","@id":"https:\/\/candas365.es\/noticias\/category\/revista\/#listItem","name":"Revista"}}]},{"@type":"NewsArticle","@id":"https:\/\/candas365.es\/noticias\/cuentos-de-la-selva-de-quiroga-eco-incesante-de-una-geografia\/#newsarticle","name":"\u00abCuentos de la selva\u00bb de Quiroga, eco incesante de una geograf\u00eda | Cand\u00e1s 365","headline":"\u00abCuentos de la selva\u00bb de Quiroga, eco incesante de una geograf\u00eda","author":{"@id":"https:\/\/candas365.es\/noticias\/author\/admin\/#author"},"publisher":{"@id":"https:\/\/candas365.es\/noticias\/#organization"},"image":{"@type":"ImageObject","url":"https:\/\/candas365.es\/noticias\/wp-content\/uploads\/2018\/04\/book-759873_1920.jpg","width":1920,"height":1170},"datePublished":"2018-08-08T16:17:30+02:00","dateModified":"2018-08-08T16:17:30+02:00","inLanguage":"es-ES","mainEntityOfPage":{"@id":"https:\/\/candas365.es\/noticias\/cuentos-de-la-selva-de-quiroga-eco-incesante-de-una-geografia\/#webpage"},"isPartOf":{"@id":"https:\/\/candas365.es\/noticias\/cuentos-de-la-selva-de-quiroga-eco-incesante-de-una-geografia\/#webpage"},"articleSection":"Revista","dateline":"Publicado el agosto 8, 2018."},{"@type":"Organization","@id":"https:\/\/candas365.es\/noticias\/#organization","name":"Cand\u00e1s 365","description":"Cand\u00e1s 365 es un diario digital independiente, fundado en 2012, con base en Asturias. Informamos con rigor sobre actualidad, sociedad, cultura y ocio, con una mirada local y global.","url":"https:\/\/candas365.es\/noticias\/","email":"info@candas365.es","telephone":"+34652131393","foundingDate":"2012-06-10","logo":{"@type":"ImageObject","url":"https:\/\/candas365.es\/noticias\/wp-content\/uploads\/2024\/09\/Candas-365-Redes.jpg","@id":"https:\/\/candas365.es\/noticias\/cuentos-de-la-selva-de-quiroga-eco-incesante-de-una-geografia\/#organizationLogo","width":1152,"height":864,"caption":"Cand\u00e1s 365 Redes"},"image":{"@id":"https:\/\/candas365.es\/noticias\/cuentos-de-la-selva-de-quiroga-eco-incesante-de-una-geografia\/#organizationLogo"},"sameAs":["https:\/\/www.facebook.com\/Nachofdezber","https:\/\/x.com\/NabercoDigital","https:\/\/www.instagram.com\/nachofdezber\/","https:\/\/www.youtube.com\/channel\/UCZP-2wLEB9Rv6erhFmqVnvg"],"address":{"@id":"https:\/\/candas365.es\/noticias\/#postaladdress","@type":"PostalAddress","streetAddress":"san antonio 4, san antonio 4","postalCode":"33430","addressLocality":"Cand\u00e1s","addressRegion":"Asturias","addressCountry":"ES"}},{"@type":"Person","@id":"https:\/\/candas365.es\/noticias\/author\/admin\/#author","url":"https:\/\/candas365.es\/noticias\/author\/admin\/","name":"Cand\u00e1s 365","image":{"@type":"ImageObject","@id":"https:\/\/candas365.es\/noticias\/cuentos-de-la-selva-de-quiroga-eco-incesante-de-una-geografia\/#authorImage","url":"https:\/\/secure.gravatar.com\/avatar\/496a8e03d0c493ede1718b7934145dbdf8d89be1036b0eec9544e1094c9de390?s=96&d=mm&r=g","width":96,"height":96,"caption":"Cand\u00e1s 365"},"sameAs":["https:\/\/www.facebook.com\/carrenoactualidad","https:\/\/twitter.com\/nbasturias","https:\/\/www.instagram.com\/nachofdezber\/","https:\/\/www.youtube.com\/channel\/UCZP-2wLEB9Rv6erhFmqVnvg"]},{"@type":"WebPage","@id":"https:\/\/candas365.es\/noticias\/cuentos-de-la-selva-de-quiroga-eco-incesante-de-una-geografia\/#webpage","url":"https:\/\/candas365.es\/noticias\/cuentos-de-la-selva-de-quiroga-eco-incesante-de-una-geografia\/","name":"\u00abCuentos de la selva\u00bb de Quiroga, eco incesante de una geograf\u00eda | Cand\u00e1s 365","description":"Buenos Aires, 7 ago (dpa) \u2013 \"Cuentos de la selva\" del uruguayo Horacio Quiroga, con sus relatos protagonizados por yacar\u00e9s, flamencos, tigres y coat\u00edes, celebra este a\u00f1o el centenario de su primera publicaci\u00f3n en Buenos Aires, convertido en un cl\u00e1sico de la literatura infantil con innumerables reediciones y traducciones. Quiroga (Salto, Uruguay, 1878-Buenos Aires, 1937)","inLanguage":"es-ES","isPartOf":{"@id":"https:\/\/candas365.es\/noticias\/#website"},"breadcrumb":{"@id":"https:\/\/candas365.es\/noticias\/cuentos-de-la-selva-de-quiroga-eco-incesante-de-una-geografia\/#breadcrumblist"},"author":{"@id":"https:\/\/candas365.es\/noticias\/author\/admin\/#author"},"creator":{"@id":"https:\/\/candas365.es\/noticias\/author\/admin\/#author"},"image":{"@type":"ImageObject","url":"https:\/\/candas365.es\/noticias\/wp-content\/uploads\/2018\/04\/book-759873_1920.jpg","@id":"https:\/\/candas365.es\/noticias\/cuentos-de-la-selva-de-quiroga-eco-incesante-de-una-geografia\/#mainImage","width":1920,"height":1170},"primaryImageOfPage":{"@id":"https:\/\/candas365.es\/noticias\/cuentos-de-la-selva-de-quiroga-eco-incesante-de-una-geografia\/#mainImage"},"datePublished":"2018-08-08T16:17:30+02:00","dateModified":"2018-08-08T16:17:30+02:00"},{"@type":"WebSite","@id":"https:\/\/candas365.es\/noticias\/#website","url":"https:\/\/candas365.es\/noticias\/","name":"Cand\u00e1s 365","alternateName":"Cand\u00e1s 365 Noticias","description":"Actualidad desde Carre\u00f1o para el mundo","inLanguage":"es-ES","publisher":{"@id":"https:\/\/candas365.es\/noticias\/#organization"}}]},"og:locale":"es_ES","og:site_name":"Cand\u00e1s 365","og:type":"article","og:title":"\u00abCuentos de la selva\u00bb de Quiroga, eco incesante de una geograf\u00eda | Cand\u00e1s 365","og:description":"Buenos Aires, 7 ago (dpa) \u2013 &quot;Cuentos de la selva&quot; del uruguayo Horacio Quiroga, con sus relatos protagonizados por yacar\u00e9s, flamencos, tigres y coat\u00edes, celebra este a\u00f1o el centenario de su primera publicaci\u00f3n en Buenos Aires, convertido en un cl\u00e1sico de la literatura infantil con innumerables reediciones y traducciones. Quiroga (Salto, Uruguay, 1878-Buenos Aires, 1937)","og:url":"https:\/\/candas365.es\/noticias\/cuentos-de-la-selva-de-quiroga-eco-incesante-de-una-geografia\/","og:image":"https:\/\/candas365.es\/noticias\/wp-content\/uploads\/2018\/04\/book-759873_1920.jpg","og:image:secure_url":"https:\/\/candas365.es\/noticias\/wp-content\/uploads\/2018\/04\/book-759873_1920.jpg","og:image:width":1920,"og:image:height":1170,"article:published_time":"2018-08-08T16:17:30+00:00","article:modified_time":"2018-08-08T16:17:30+00:00","article:publisher":"https:\/\/www.facebook.com\/Nachofdezber","article:author":"https:\/\/www.facebook.com\/carrenoactualidad","twitter:card":"summary_large_image","twitter:site":"@NabercoDigital","twitter:title":"\u00abCuentos de la selva\u00bb de Quiroga, eco incesante de una geograf\u00eda | Cand\u00e1s 365","twitter:description":"Buenos Aires, 7 ago (dpa) \u2013 &quot;Cuentos de la selva&quot; del uruguayo Horacio Quiroga, con sus relatos protagonizados por yacar\u00e9s, flamencos, tigres y coat\u00edes, celebra este a\u00f1o el centenario de su primera publicaci\u00f3n en Buenos Aires, convertido en un cl\u00e1sico de la literatura infantil con innumerables reediciones y traducciones. Quiroga (Salto, Uruguay, 1878-Buenos Aires, 1937)","twitter:creator":"@nbasturias","twitter:image":"https:\/\/candas365.es\/noticias\/wp-content\/uploads\/2018\/04\/book-759873_1920.jpg","twitter:label1":"Escrito por","twitter:data1":"Cand\u00e1s 365","twitter:label2":"Tiempo de lectura estimado","twitter:data2":"5 minutos"},"aioseo_meta_data":{"post_id":"102277","title":null,"description":null,"keywords":null,"keyphrases":null,"primary_term":null,"canonical_url":null,"og_title":null,"og_description":null,"og_object_type":"default","og_image_type":"default","og_image_url":null,"og_image_width":null,"og_image_height":null,"og_image_custom_url":null,"og_image_custom_fields":null,"og_video":null,"og_custom_url":null,"og_article_section":null,"og_article_tags":null,"twitter_use_og":false,"twitter_card":"default","twitter_image_type":"default","twitter_image_url":null,"twitter_image_custom_url":null,"twitter_image_custom_fields":null,"twitter_title":null,"twitter_description":null,"schema":{"blockGraphs":[],"customGraphs":[],"default":{"data":{"Article":[],"Course":[],"Dataset":[],"FAQPage":[],"Movie":[],"Person":[],"Product":[],"ProductReview":[],"Car":[],"Recipe":[],"Service":[],"SoftwareApplication":[],"WebPage":[]},"graphName":"","isEnabled":true},"graphs":[]},"schema_type":null,"schema_type_options":null,"pillar_content":false,"robots_default":true,"robots_noindex":false,"robots_noarchive":false,"robots_nosnippet":false,"robots_nofollow":false,"robots_noimageindex":false,"robots_noodp":false,"robots_notranslate":false,"robots_max_snippet":null,"robots_max_videopreview":null,"robots_max_imagepreview":"large","priority":null,"frequency":null,"location":null,"local_seo":null,"seo_analyzer_scan_date":"2025-08-27 13:43:11","breadcrumb_settings":null,"limit_modified_date":false,"reviewed_by":null,"open_ai":null,"ai":null,"created":"2020-12-21 11:47:28","updated":"2025-08-27 13:43:11"},"aioseo_breadcrumb":"<div class=\"aioseo-breadcrumbs\"><span class=\"aioseo-breadcrumb\">\n\t<a href=\"https:\/\/candas365.es\/noticias\" title=\"Home\">Home<\/a>\n<\/span><span class=\"aioseo-breadcrumb-separator\">&ndash;<\/span><span class=\"aioseo-breadcrumb\">\n\t<a href=\"https:\/\/candas365.es\/noticias\/category\/revista\/\" title=\"Revista\">Revista<\/a>\n<\/span><span class=\"aioseo-breadcrumb-separator\">&ndash;<\/span><span class=\"aioseo-breadcrumb\">\n\t\u00abCuentos de la selva\u00bb de Quiroga, eco incesante de una geograf\u00eda\n<\/span><\/div>","aioseo_breadcrumb_json":[{"label":"Home","link":"https:\/\/candas365.es\/noticias"},{"label":"Revista","link":"https:\/\/candas365.es\/noticias\/category\/revista\/"},{"label":"\u00abCuentos de la selva\u00bb de Quiroga, eco incesante de una geograf\u00eda","link":"https:\/\/candas365.es\/noticias\/cuentos-de-la-selva-de-quiroga-eco-incesante-de-una-geografia\/"}],"_links":{"self":[{"href":"https:\/\/candas365.es\/noticias\/wp-json\/wp\/v2\/posts\/102277","targetHints":{"allow":["GET"]}}],"collection":[{"href":"https:\/\/candas365.es\/noticias\/wp-json\/wp\/v2\/posts"}],"about":[{"href":"https:\/\/candas365.es\/noticias\/wp-json\/wp\/v2\/types\/post"}],"author":[{"embeddable":true,"href":"https:\/\/candas365.es\/noticias\/wp-json\/wp\/v2\/users\/1"}],"replies":[{"embeddable":true,"href":"https:\/\/candas365.es\/noticias\/wp-json\/wp\/v2\/comments?post=102277"}],"version-history":[{"count":0,"href":"https:\/\/candas365.es\/noticias\/wp-json\/wp\/v2\/posts\/102277\/revisions"}],"wp:featuredmedia":[{"embeddable":true,"href":"https:\/\/candas365.es\/noticias\/wp-json\/wp\/v2\/media\/94892"}],"wp:attachment":[{"href":"https:\/\/candas365.es\/noticias\/wp-json\/wp\/v2\/media?parent=102277"}],"wp:term":[{"taxonomy":"category","embeddable":true,"href":"https:\/\/candas365.es\/noticias\/wp-json\/wp\/v2\/categories?post=102277"},{"taxonomy":"post_tag","embeddable":true,"href":"https:\/\/candas365.es\/noticias\/wp-json\/wp\/v2\/tags?post=102277"}],"curies":[{"name":"wp","href":"https:\/\/api.w.org\/{rel}","templated":true}]}}