{"id":101842,"date":"2018-08-03T21:07:04","date_gmt":"2018-08-03T21:07:04","guid":{"rendered":"http:\/\/candas365.es\/noticias\/?p=101842"},"modified":"2018-08-03T21:07:04","modified_gmt":"2018-08-03T21:07:04","slug":"mario-vaquerizo-y-bibiana-fernandez-en-crush","status":"publish","type":"post","link":"https:\/\/candas365.es\/noticias\/mario-vaquerizo-y-bibiana-fernandez-en-crush\/","title":{"rendered":"Mario Vaquerizo y Bibiana Fern\u00e1ndez en \u00abCrush\u00bb"},"content":{"rendered":"<p><img fetchpriority=\"high\" decoding=\"async\" class=\"alignleft size-medium wp-image-101843\" src=\"https:\/\/candas365.es\/noticias\/wp-content\/uploads\/2018\/08\/tele381802-360x240.jpg\" alt=\"\" width=\"360\" height=\"240\" srcset=\"https:\/\/candas365.es\/noticias\/wp-content\/uploads\/2018\/08\/tele381802-360x240.jpg 360w, https:\/\/candas365.es\/noticias\/wp-content\/uploads\/2018\/08\/tele381802-768x512.jpg 768w, https:\/\/candas365.es\/noticias\/wp-content\/uploads\/2018\/08\/tele381802-655x436.jpg 655w, https:\/\/candas365.es\/noticias\/wp-content\/uploads\/2018\/08\/tele381802-696x464.jpg 696w, https:\/\/candas365.es\/noticias\/wp-content\/uploads\/2018\/08\/tele381802-1068x712.jpg 1068w, https:\/\/candas365.es\/noticias\/wp-content\/uploads\/2018\/08\/tele381802-630x420.jpg 630w, https:\/\/candas365.es\/noticias\/wp-content\/uploads\/2018\/08\/tele381802.jpg 1600w\" sizes=\"(max-width: 360px) 100vw, 360px\" \/>&#8216;Crush&#8217; tendr\u00e1 como invitados esta semana a Mario Vaquerizo y Bibiana Fern\u00e1ndez. Se sumar\u00e1n como concursantes a los equipos que competir\u00e1n por el bote: un grupo de Barcelona, cuyos integrantes regentan puestos de mercadillo, y un equipo de Asturias, cuyos miembros se dedican al mundo de las joyas.<\/p>\n<p>Los concursantes podr\u00e1n a prueba sus conocimientos y su estrategia para evitar ser aplastados por las gigantescas cajas fuertes y conseguir el suculento premio. En este caso, el equipo catal\u00e1n contar\u00e1 como quinto concursante con Mario Vaquerizo, mientras que el asturiano completar\u00e1 el equipo con la ayuda de Bibiana.<\/p>\n<p>En este divertido gameshow, conducido por Juanma L\u00f3pez Iturriaga, los concursantes podr\u00e1n a prueba sus conocimientos y tambi\u00e9n su estrategia para evitar ser \u201cv\u00edctimas\u201d de las cajas fuertes tama\u00f1o XXL. Aunque en &#8216;Crush&#8217; existe la posibilidad de regresar del \u201climbo\u201d, el lugar donde acaban los concursantes que han perdido la batalla con las cajas, gracias al comod\u00edn de la reanimaci\u00f3n. Si no consiguieran regresar, siempre podr\u00e1n ver c\u00f3mo contin\u00faa la competici\u00f3n y animar al resto de miembros de su equipo.<\/p>\n","protected":false},"excerpt":{"rendered":"<p>&#8216;Crush&#8217; tendr\u00e1 como invitados esta semana a Mario Vaquerizo y Bibiana Fern\u00e1ndez. Se sumar\u00e1n como concursantes a los equipos que competir\u00e1n por el bote: un grupo de Barcelona, cuyos integrantes regentan puestos de mercadillo, y un equipo de Asturias, cuyos miembros se dedican al mundo de las joyas. Los concursantes podr\u00e1n a prueba sus conocimientos<\/p>\n","protected":false},"author":1,"featured_media":101843,"comment_status":"closed","ping_status":"closed","sticky":false,"template":"","format":"standard","meta":{"footnotes":""},"categories":[1],"tags":[],"class_list":{"0":"post-101842","1":"post","2":"type-post","3":"status-publish","4":"format-standard","5":"has-post-thumbnail","7":"category-agenda"},"aioseo_notices":[],"aioseo_head":"\n\t\t<!-- All in One SEO Pro 4.9.6.2 - aioseo.com -->\n\t<meta name=\"description\" content=\"&#039;Crush&#039; tendr\u00e1 como invitados esta semana a Mario Vaquerizo y Bibiana Fern\u00e1ndez. Se sumar\u00e1n como concursantes a los equipos que competir\u00e1n por el bote: un grupo de Barcelona, cuyos integrantes regentan puestos de mercadillo, y un equipo de Asturias, cuyos miembros se dedican al mundo de las joyas. Los concursantes podr\u00e1n a prueba sus conocimientos\" \/>\n\t<meta name=\"robots\" content=\"max-image-preview:large\" \/>\n\t<meta name=\"author\" content=\"Cand\u00e1s 365\"\/>\n\t<meta name=\"google-site-verification\" content=\"UA-32230408-1\" \/>\n\t<meta name=\"msvalidate.01\" content=\"354F3CDFB2DA171B47FBE9ABF1F88D5\" \/>\n\t<meta name=\"keywords\" content=\"agenda\" \/>\n\t<link rel=\"canonical\" href=\"https:\/\/candas365.es\/noticias\/mario-vaquerizo-y-bibiana-fernandez-en-crush\/\" \/>\n\t<meta name=\"generator\" content=\"All in One SEO Pro (AIOSEO) 4.9.6.2\" \/>\n\t\t<meta property=\"og:locale\" content=\"es_ES\" \/>\n\t\t<meta property=\"og:site_name\" content=\"Cand\u00e1s 365\" \/>\n\t\t<meta property=\"og:type\" content=\"article\" \/>\n\t\t<meta property=\"og:title\" content=\"Mario Vaquerizo y Bibiana Fern\u00e1ndez en \u00abCrush\u00bb | Cand\u00e1s 365\" \/>\n\t\t<meta property=\"og:description\" content=\"&#039;Crush&#039; tendr\u00e1 como invitados esta semana a Mario Vaquerizo y Bibiana Fern\u00e1ndez. Se sumar\u00e1n como concursantes a los equipos que competir\u00e1n por el bote: un grupo de Barcelona, cuyos integrantes regentan puestos de mercadillo, y un equipo de Asturias, cuyos miembros se dedican al mundo de las joyas. Los concursantes podr\u00e1n a prueba sus conocimientos\" \/>\n\t\t<meta property=\"og:url\" content=\"https:\/\/candas365.es\/noticias\/mario-vaquerizo-y-bibiana-fernandez-en-crush\/\" \/>\n\t\t<meta property=\"og:image\" content=\"https:\/\/candas365.es\/noticias\/wp-content\/uploads\/2018\/08\/tele381802.jpg\" \/>\n\t\t<meta property=\"og:image:secure_url\" content=\"https:\/\/candas365.es\/noticias\/wp-content\/uploads\/2018\/08\/tele381802.jpg\" \/>\n\t\t<meta property=\"og:image:width\" content=\"1600\" \/>\n\t\t<meta property=\"og:image:height\" content=\"1066\" \/>\n\t\t<meta property=\"article:published_time\" content=\"2018-08-03T21:07:04+00:00\" \/>\n\t\t<meta property=\"article:modified_time\" content=\"2018-08-03T21:07:04+00:00\" \/>\n\t\t<meta property=\"article:publisher\" content=\"https:\/\/www.facebook.com\/Nachofdezber\" \/>\n\t\t<meta property=\"article:author\" content=\"https:\/\/www.facebook.com\/carrenoactualidad\" \/>\n\t\t<meta name=\"twitter:card\" content=\"summary_large_image\" \/>\n\t\t<meta name=\"twitter:site\" content=\"@NabercoDigital\" \/>\n\t\t<meta name=\"twitter:title\" content=\"Mario Vaquerizo y Bibiana Fern\u00e1ndez en \u00abCrush\u00bb | Cand\u00e1s 365\" \/>\n\t\t<meta name=\"twitter:description\" content=\"&#039;Crush&#039; tendr\u00e1 como invitados esta semana a Mario Vaquerizo y Bibiana Fern\u00e1ndez. Se sumar\u00e1n como concursantes a los equipos que competir\u00e1n por el bote: un grupo de Barcelona, cuyos integrantes regentan puestos de mercadillo, y un equipo de Asturias, cuyos miembros se dedican al mundo de las joyas. Los concursantes podr\u00e1n a prueba sus conocimientos\" \/>\n\t\t<meta name=\"twitter:creator\" content=\"@nbasturias\" \/>\n\t\t<meta name=\"twitter:image\" content=\"https:\/\/candas365.es\/noticias\/wp-content\/uploads\/2018\/08\/tele381802.jpg\" \/>\n\t\t<meta name=\"twitter:label1\" content=\"Escrito por\" \/>\n\t\t<meta name=\"twitter:data1\" content=\"Cand\u00e1s 365\" \/>\n\t\t<meta name=\"twitter:label2\" content=\"Tiempo de lectura estimado\" \/>\n\t\t<meta name=\"twitter:data2\" content=\"1 minuto\" \/>\n\t\t<script type=\"application\/ld+json\" class=\"aioseo-schema\">\n\t\t\t{\"@context\":\"https:\\\/\\\/schema.org\",\"@graph\":[{\"@type\":\"BreadcrumbList\",\"@id\":\"https:\\\/\\\/candas365.es\\\/noticias\\\/mario-vaquerizo-y-bibiana-fernandez-en-crush\\\/#breadcrumblist\",\"itemListElement\":[{\"@type\":\"ListItem\",\"@id\":\"https:\\\/\\\/candas365.es\\\/noticias#listItem\",\"position\":1,\"name\":\"Home\",\"item\":\"https:\\\/\\\/candas365.es\\\/noticias\",\"nextItem\":{\"@type\":\"ListItem\",\"@id\":\"https:\\\/\\\/candas365.es\\\/noticias\\\/category\\\/agenda\\\/#listItem\",\"name\":\"Agenda\"}},{\"@type\":\"ListItem\",\"@id\":\"https:\\\/\\\/candas365.es\\\/noticias\\\/category\\\/agenda\\\/#listItem\",\"position\":2,\"name\":\"Agenda\",\"item\":\"https:\\\/\\\/candas365.es\\\/noticias\\\/category\\\/agenda\\\/\",\"nextItem\":{\"@type\":\"ListItem\",\"@id\":\"https:\\\/\\\/candas365.es\\\/noticias\\\/mario-vaquerizo-y-bibiana-fernandez-en-crush\\\/#listItem\",\"name\":\"Mario Vaquerizo y Bibiana Fern\\u00e1ndez en \\u00abCrush\\u00bb\"},\"previousItem\":{\"@type\":\"ListItem\",\"@id\":\"https:\\\/\\\/candas365.es\\\/noticias#listItem\",\"name\":\"Home\"}},{\"@type\":\"ListItem\",\"@id\":\"https:\\\/\\\/candas365.es\\\/noticias\\\/mario-vaquerizo-y-bibiana-fernandez-en-crush\\\/#listItem\",\"position\":3,\"name\":\"Mario Vaquerizo y Bibiana Fern\\u00e1ndez en \\u00abCrush\\u00bb\",\"previousItem\":{\"@type\":\"ListItem\",\"@id\":\"https:\\\/\\\/candas365.es\\\/noticias\\\/category\\\/agenda\\\/#listItem\",\"name\":\"Agenda\"}}]},{\"@type\":\"NewsArticle\",\"@id\":\"https:\\\/\\\/candas365.es\\\/noticias\\\/mario-vaquerizo-y-bibiana-fernandez-en-crush\\\/#newsarticle\",\"name\":\"Mario Vaquerizo y Bibiana Fern\\u00e1ndez en \\u00abCrush\\u00bb | Cand\\u00e1s 365\",\"headline\":\"Mario Vaquerizo y Bibiana Fern\\u00e1ndez en \\u00abCrush\\u00bb\",\"author\":{\"@id\":\"https:\\\/\\\/candas365.es\\\/noticias\\\/author\\\/admin\\\/#author\"},\"publisher\":{\"@id\":\"https:\\\/\\\/candas365.es\\\/noticias\\\/#organization\"},\"image\":{\"@type\":\"ImageObject\",\"url\":\"https:\\\/\\\/candas365.es\\\/noticias\\\/wp-content\\\/uploads\\\/2018\\\/08\\\/tele381802.jpg\",\"width\":1600,\"height\":1066},\"datePublished\":\"2018-08-03T21:07:04+02:00\",\"dateModified\":\"2018-08-03T21:07:04+02:00\",\"inLanguage\":\"es-ES\",\"mainEntityOfPage\":{\"@id\":\"https:\\\/\\\/candas365.es\\\/noticias\\\/mario-vaquerizo-y-bibiana-fernandez-en-crush\\\/#webpage\"},\"isPartOf\":{\"@id\":\"https:\\\/\\\/candas365.es\\\/noticias\\\/mario-vaquerizo-y-bibiana-fernandez-en-crush\\\/#webpage\"},\"articleSection\":\"Agenda\",\"dateline\":\"Publicado el agosto 3, 2018.\"},{\"@type\":\"Organization\",\"@id\":\"https:\\\/\\\/candas365.es\\\/noticias\\\/#organization\",\"name\":\"Cand\\u00e1s 365\",\"description\":\"Cand\\u00e1s 365 es un diario digital independiente, fundado en 2012, con base en Asturias. Informamos con rigor sobre actualidad, sociedad, cultura y ocio, con una mirada local y global.\",\"url\":\"https:\\\/\\\/candas365.es\\\/noticias\\\/\",\"email\":\"info@candas365.es\",\"telephone\":\"+34652131393\",\"foundingDate\":\"2012-06-10\",\"logo\":{\"@type\":\"ImageObject\",\"url\":\"https:\\\/\\\/candas365.es\\\/noticias\\\/wp-content\\\/uploads\\\/2024\\\/09\\\/Candas-365-Redes.jpg\",\"@id\":\"https:\\\/\\\/candas365.es\\\/noticias\\\/mario-vaquerizo-y-bibiana-fernandez-en-crush\\\/#organizationLogo\",\"width\":1152,\"height\":864,\"caption\":\"Cand\\u00e1s 365 Redes\"},\"image\":{\"@id\":\"https:\\\/\\\/candas365.es\\\/noticias\\\/mario-vaquerizo-y-bibiana-fernandez-en-crush\\\/#organizationLogo\"},\"sameAs\":[\"https:\\\/\\\/www.facebook.com\\\/Nachofdezber\",\"https:\\\/\\\/x.com\\\/NabercoDigital\",\"https:\\\/\\\/www.instagram.com\\\/nachofdezber\\\/\",\"https:\\\/\\\/www.youtube.com\\\/channel\\\/UCZP-2wLEB9Rv6erhFmqVnvg\"],\"address\":{\"@id\":\"https:\\\/\\\/candas365.es\\\/noticias\\\/#postaladdress\",\"@type\":\"PostalAddress\",\"streetAddress\":\"san antonio 4, san antonio 4\",\"postalCode\":\"33430\",\"addressLocality\":\"Cand\\u00e1s\",\"addressRegion\":\"Asturias\",\"addressCountry\":\"ES\"}},{\"@type\":\"Person\",\"@id\":\"https:\\\/\\\/candas365.es\\\/noticias\\\/author\\\/admin\\\/#author\",\"url\":\"https:\\\/\\\/candas365.es\\\/noticias\\\/author\\\/admin\\\/\",\"name\":\"Cand\\u00e1s 365\",\"image\":{\"@type\":\"ImageObject\",\"@id\":\"https:\\\/\\\/candas365.es\\\/noticias\\\/mario-vaquerizo-y-bibiana-fernandez-en-crush\\\/#authorImage\",\"url\":\"https:\\\/\\\/secure.gravatar.com\\\/avatar\\\/496a8e03d0c493ede1718b7934145dbdf8d89be1036b0eec9544e1094c9de390?s=96&d=mm&r=g\",\"width\":96,\"height\":96,\"caption\":\"Cand\\u00e1s 365\"},\"sameAs\":[\"https:\\\/\\\/www.facebook.com\\\/carrenoactualidad\",\"https:\\\/\\\/twitter.com\\\/nbasturias\",\"https:\\\/\\\/www.instagram.com\\\/nachofdezber\\\/\",\"https:\\\/\\\/www.youtube.com\\\/channel\\\/UCZP-2wLEB9Rv6erhFmqVnvg\"]},{\"@type\":\"WebPage\",\"@id\":\"https:\\\/\\\/candas365.es\\\/noticias\\\/mario-vaquerizo-y-bibiana-fernandez-en-crush\\\/#webpage\",\"url\":\"https:\\\/\\\/candas365.es\\\/noticias\\\/mario-vaquerizo-y-bibiana-fernandez-en-crush\\\/\",\"name\":\"Mario Vaquerizo y Bibiana Fern\\u00e1ndez en \\u00abCrush\\u00bb | Cand\\u00e1s 365\",\"description\":\"'Crush' tendr\\u00e1 como invitados esta semana a Mario Vaquerizo y Bibiana Fern\\u00e1ndez. Se sumar\\u00e1n como concursantes a los equipos que competir\\u00e1n por el bote: un grupo de Barcelona, cuyos integrantes regentan puestos de mercadillo, y un equipo de Asturias, cuyos miembros se dedican al mundo de las joyas. Los concursantes podr\\u00e1n a prueba sus conocimientos\",\"inLanguage\":\"es-ES\",\"isPartOf\":{\"@id\":\"https:\\\/\\\/candas365.es\\\/noticias\\\/#website\"},\"breadcrumb\":{\"@id\":\"https:\\\/\\\/candas365.es\\\/noticias\\\/mario-vaquerizo-y-bibiana-fernandez-en-crush\\\/#breadcrumblist\"},\"author\":{\"@id\":\"https:\\\/\\\/candas365.es\\\/noticias\\\/author\\\/admin\\\/#author\"},\"creator\":{\"@id\":\"https:\\\/\\\/candas365.es\\\/noticias\\\/author\\\/admin\\\/#author\"},\"image\":{\"@type\":\"ImageObject\",\"url\":\"https:\\\/\\\/candas365.es\\\/noticias\\\/wp-content\\\/uploads\\\/2018\\\/08\\\/tele381802.jpg\",\"@id\":\"https:\\\/\\\/candas365.es\\\/noticias\\\/mario-vaquerizo-y-bibiana-fernandez-en-crush\\\/#mainImage\",\"width\":1600,\"height\":1066},\"primaryImageOfPage\":{\"@id\":\"https:\\\/\\\/candas365.es\\\/noticias\\\/mario-vaquerizo-y-bibiana-fernandez-en-crush\\\/#mainImage\"},\"datePublished\":\"2018-08-03T21:07:04+02:00\",\"dateModified\":\"2018-08-03T21:07:04+02:00\"},{\"@type\":\"WebSite\",\"@id\":\"https:\\\/\\\/candas365.es\\\/noticias\\\/#website\",\"url\":\"https:\\\/\\\/candas365.es\\\/noticias\\\/\",\"name\":\"Cand\\u00e1s 365\",\"alternateName\":\"Cand\\u00e1s 365 Noticias\",\"description\":\"Actualidad desde Carre\\u00f1o para el mundo\",\"inLanguage\":\"es-ES\",\"publisher\":{\"@id\":\"https:\\\/\\\/candas365.es\\\/noticias\\\/#organization\"}}]}\n\t\t<\/script>\n\t\t<!-- All in One SEO Pro -->\r\n\t\t<title>Mario Vaquerizo y Bibiana Fern\u00e1ndez en \u00abCrush\u00bb | Cand\u00e1s 365<\/title>\n\n","aioseo_head_json":{"title":"Mario Vaquerizo y Bibiana Fern\u00e1ndez en \u00abCrush\u00bb | Cand\u00e1s 365","description":"'Crush' tendr\u00e1 como invitados esta semana a Mario Vaquerizo y Bibiana Fern\u00e1ndez. Se sumar\u00e1n como concursantes a los equipos que competir\u00e1n por el bote: un grupo de Barcelona, cuyos integrantes regentan puestos de mercadillo, y un equipo de Asturias, cuyos miembros se dedican al mundo de las joyas. Los concursantes podr\u00e1n a prueba sus conocimientos","canonical_url":"https:\/\/candas365.es\/noticias\/mario-vaquerizo-y-bibiana-fernandez-en-crush\/","robots":"max-image-preview:large","keywords":"agenda","webmasterTools":{"google-site-verification":"UA-32230408-1","msvalidate.01":"354F3CDFB2DA171B47FBE9ABF1F88D5","miscellaneous":""},"schema":{"@context":"https:\/\/schema.org","@graph":[{"@type":"BreadcrumbList","@id":"https:\/\/candas365.es\/noticias\/mario-vaquerizo-y-bibiana-fernandez-en-crush\/#breadcrumblist","itemListElement":[{"@type":"ListItem","@id":"https:\/\/candas365.es\/noticias#listItem","position":1,"name":"Home","item":"https:\/\/candas365.es\/noticias","nextItem":{"@type":"ListItem","@id":"https:\/\/candas365.es\/noticias\/category\/agenda\/#listItem","name":"Agenda"}},{"@type":"ListItem","@id":"https:\/\/candas365.es\/noticias\/category\/agenda\/#listItem","position":2,"name":"Agenda","item":"https:\/\/candas365.es\/noticias\/category\/agenda\/","nextItem":{"@type":"ListItem","@id":"https:\/\/candas365.es\/noticias\/mario-vaquerizo-y-bibiana-fernandez-en-crush\/#listItem","name":"Mario Vaquerizo y Bibiana Fern\u00e1ndez en \u00abCrush\u00bb"},"previousItem":{"@type":"ListItem","@id":"https:\/\/candas365.es\/noticias#listItem","name":"Home"}},{"@type":"ListItem","@id":"https:\/\/candas365.es\/noticias\/mario-vaquerizo-y-bibiana-fernandez-en-crush\/#listItem","position":3,"name":"Mario Vaquerizo y Bibiana Fern\u00e1ndez en \u00abCrush\u00bb","previousItem":{"@type":"ListItem","@id":"https:\/\/candas365.es\/noticias\/category\/agenda\/#listItem","name":"Agenda"}}]},{"@type":"NewsArticle","@id":"https:\/\/candas365.es\/noticias\/mario-vaquerizo-y-bibiana-fernandez-en-crush\/#newsarticle","name":"Mario Vaquerizo y Bibiana Fern\u00e1ndez en \u00abCrush\u00bb | Cand\u00e1s 365","headline":"Mario Vaquerizo y Bibiana Fern\u00e1ndez en \u00abCrush\u00bb","author":{"@id":"https:\/\/candas365.es\/noticias\/author\/admin\/#author"},"publisher":{"@id":"https:\/\/candas365.es\/noticias\/#organization"},"image":{"@type":"ImageObject","url":"https:\/\/candas365.es\/noticias\/wp-content\/uploads\/2018\/08\/tele381802.jpg","width":1600,"height":1066},"datePublished":"2018-08-03T21:07:04+02:00","dateModified":"2018-08-03T21:07:04+02:00","inLanguage":"es-ES","mainEntityOfPage":{"@id":"https:\/\/candas365.es\/noticias\/mario-vaquerizo-y-bibiana-fernandez-en-crush\/#webpage"},"isPartOf":{"@id":"https:\/\/candas365.es\/noticias\/mario-vaquerizo-y-bibiana-fernandez-en-crush\/#webpage"},"articleSection":"Agenda","dateline":"Publicado el agosto 3, 2018."},{"@type":"Organization","@id":"https:\/\/candas365.es\/noticias\/#organization","name":"Cand\u00e1s 365","description":"Cand\u00e1s 365 es un diario digital independiente, fundado en 2012, con base en Asturias. Informamos con rigor sobre actualidad, sociedad, cultura y ocio, con una mirada local y global.","url":"https:\/\/candas365.es\/noticias\/","email":"info@candas365.es","telephone":"+34652131393","foundingDate":"2012-06-10","logo":{"@type":"ImageObject","url":"https:\/\/candas365.es\/noticias\/wp-content\/uploads\/2024\/09\/Candas-365-Redes.jpg","@id":"https:\/\/candas365.es\/noticias\/mario-vaquerizo-y-bibiana-fernandez-en-crush\/#organizationLogo","width":1152,"height":864,"caption":"Cand\u00e1s 365 Redes"},"image":{"@id":"https:\/\/candas365.es\/noticias\/mario-vaquerizo-y-bibiana-fernandez-en-crush\/#organizationLogo"},"sameAs":["https:\/\/www.facebook.com\/Nachofdezber","https:\/\/x.com\/NabercoDigital","https:\/\/www.instagram.com\/nachofdezber\/","https:\/\/www.youtube.com\/channel\/UCZP-2wLEB9Rv6erhFmqVnvg"],"address":{"@id":"https:\/\/candas365.es\/noticias\/#postaladdress","@type":"PostalAddress","streetAddress":"san antonio 4, san antonio 4","postalCode":"33430","addressLocality":"Cand\u00e1s","addressRegion":"Asturias","addressCountry":"ES"}},{"@type":"Person","@id":"https:\/\/candas365.es\/noticias\/author\/admin\/#author","url":"https:\/\/candas365.es\/noticias\/author\/admin\/","name":"Cand\u00e1s 365","image":{"@type":"ImageObject","@id":"https:\/\/candas365.es\/noticias\/mario-vaquerizo-y-bibiana-fernandez-en-crush\/#authorImage","url":"https:\/\/secure.gravatar.com\/avatar\/496a8e03d0c493ede1718b7934145dbdf8d89be1036b0eec9544e1094c9de390?s=96&d=mm&r=g","width":96,"height":96,"caption":"Cand\u00e1s 365"},"sameAs":["https:\/\/www.facebook.com\/carrenoactualidad","https:\/\/twitter.com\/nbasturias","https:\/\/www.instagram.com\/nachofdezber\/","https:\/\/www.youtube.com\/channel\/UCZP-2wLEB9Rv6erhFmqVnvg"]},{"@type":"WebPage","@id":"https:\/\/candas365.es\/noticias\/mario-vaquerizo-y-bibiana-fernandez-en-crush\/#webpage","url":"https:\/\/candas365.es\/noticias\/mario-vaquerizo-y-bibiana-fernandez-en-crush\/","name":"Mario Vaquerizo y Bibiana Fern\u00e1ndez en \u00abCrush\u00bb | Cand\u00e1s 365","description":"'Crush' tendr\u00e1 como invitados esta semana a Mario Vaquerizo y Bibiana Fern\u00e1ndez. Se sumar\u00e1n como concursantes a los equipos que competir\u00e1n por el bote: un grupo de Barcelona, cuyos integrantes regentan puestos de mercadillo, y un equipo de Asturias, cuyos miembros se dedican al mundo de las joyas. Los concursantes podr\u00e1n a prueba sus conocimientos","inLanguage":"es-ES","isPartOf":{"@id":"https:\/\/candas365.es\/noticias\/#website"},"breadcrumb":{"@id":"https:\/\/candas365.es\/noticias\/mario-vaquerizo-y-bibiana-fernandez-en-crush\/#breadcrumblist"},"author":{"@id":"https:\/\/candas365.es\/noticias\/author\/admin\/#author"},"creator":{"@id":"https:\/\/candas365.es\/noticias\/author\/admin\/#author"},"image":{"@type":"ImageObject","url":"https:\/\/candas365.es\/noticias\/wp-content\/uploads\/2018\/08\/tele381802.jpg","@id":"https:\/\/candas365.es\/noticias\/mario-vaquerizo-y-bibiana-fernandez-en-crush\/#mainImage","width":1600,"height":1066},"primaryImageOfPage":{"@id":"https:\/\/candas365.es\/noticias\/mario-vaquerizo-y-bibiana-fernandez-en-crush\/#mainImage"},"datePublished":"2018-08-03T21:07:04+02:00","dateModified":"2018-08-03T21:07:04+02:00"},{"@type":"WebSite","@id":"https:\/\/candas365.es\/noticias\/#website","url":"https:\/\/candas365.es\/noticias\/","name":"Cand\u00e1s 365","alternateName":"Cand\u00e1s 365 Noticias","description":"Actualidad desde Carre\u00f1o para el mundo","inLanguage":"es-ES","publisher":{"@id":"https:\/\/candas365.es\/noticias\/#organization"}}]},"og:locale":"es_ES","og:site_name":"Cand\u00e1s 365","og:type":"article","og:title":"Mario Vaquerizo y Bibiana Fern\u00e1ndez en \u00abCrush\u00bb | Cand\u00e1s 365","og:description":"'Crush' tendr\u00e1 como invitados esta semana a Mario Vaquerizo y Bibiana Fern\u00e1ndez. Se sumar\u00e1n como concursantes a los equipos que competir\u00e1n por el bote: un grupo de Barcelona, cuyos integrantes regentan puestos de mercadillo, y un equipo de Asturias, cuyos miembros se dedican al mundo de las joyas. Los concursantes podr\u00e1n a prueba sus conocimientos","og:url":"https:\/\/candas365.es\/noticias\/mario-vaquerizo-y-bibiana-fernandez-en-crush\/","og:image":"https:\/\/candas365.es\/noticias\/wp-content\/uploads\/2018\/08\/tele381802.jpg","og:image:secure_url":"https:\/\/candas365.es\/noticias\/wp-content\/uploads\/2018\/08\/tele381802.jpg","og:image:width":1600,"og:image:height":1066,"article:published_time":"2018-08-03T21:07:04+00:00","article:modified_time":"2018-08-03T21:07:04+00:00","article:publisher":"https:\/\/www.facebook.com\/Nachofdezber","article:author":"https:\/\/www.facebook.com\/carrenoactualidad","twitter:card":"summary_large_image","twitter:site":"@NabercoDigital","twitter:title":"Mario Vaquerizo y Bibiana Fern\u00e1ndez en \u00abCrush\u00bb | Cand\u00e1s 365","twitter:description":"'Crush' tendr\u00e1 como invitados esta semana a Mario Vaquerizo y Bibiana Fern\u00e1ndez. Se sumar\u00e1n como concursantes a los equipos que competir\u00e1n por el bote: un grupo de Barcelona, cuyos integrantes regentan puestos de mercadillo, y un equipo de Asturias, cuyos miembros se dedican al mundo de las joyas. Los concursantes podr\u00e1n a prueba sus conocimientos","twitter:creator":"@nbasturias","twitter:image":"https:\/\/candas365.es\/noticias\/wp-content\/uploads\/2018\/08\/tele381802.jpg","twitter:label1":"Escrito por","twitter:data1":"Cand\u00e1s 365","twitter:label2":"Tiempo de lectura estimado","twitter:data2":"1 minuto"},"aioseo_meta_data":{"post_id":"101842","title":null,"description":null,"keywords":null,"keyphrases":null,"primary_term":null,"canonical_url":null,"og_title":null,"og_description":null,"og_object_type":"default","og_image_type":"default","og_image_url":null,"og_image_width":null,"og_image_height":null,"og_image_custom_url":null,"og_image_custom_fields":null,"og_video":null,"og_custom_url":null,"og_article_section":null,"og_article_tags":null,"twitter_use_og":false,"twitter_card":"default","twitter_image_type":"default","twitter_image_url":null,"twitter_image_custom_url":null,"twitter_image_custom_fields":null,"twitter_title":null,"twitter_description":null,"schema":{"blockGraphs":[],"customGraphs":[],"default":{"data":{"Article":[],"Course":[],"Dataset":[],"FAQPage":[],"Movie":[],"Person":[],"Product":[],"ProductReview":[],"Car":[],"Recipe":[],"Service":[],"SoftwareApplication":[],"WebPage":[]},"graphName":"","isEnabled":true},"graphs":[]},"schema_type":null,"schema_type_options":null,"pillar_content":false,"robots_default":true,"robots_noindex":false,"robots_noarchive":false,"robots_nosnippet":false,"robots_nofollow":false,"robots_noimageindex":false,"robots_noodp":false,"robots_notranslate":false,"robots_max_snippet":null,"robots_max_videopreview":null,"robots_max_imagepreview":"large","priority":null,"frequency":null,"location":null,"local_seo":null,"seo_analyzer_scan_date":"2025-08-27 12:34:11","breadcrumb_settings":null,"limit_modified_date":false,"reviewed_by":null,"open_ai":null,"ai":null,"created":"2020-12-21 11:47:44","updated":"2025-08-27 12:34:11"},"aioseo_breadcrumb":"<div class=\"aioseo-breadcrumbs\"><span class=\"aioseo-breadcrumb\">\n\t<a href=\"https:\/\/candas365.es\/noticias\" title=\"Home\">Home<\/a>\n<\/span><span class=\"aioseo-breadcrumb-separator\">&ndash;<\/span><span class=\"aioseo-breadcrumb\">\n\t<a href=\"https:\/\/candas365.es\/noticias\/category\/agenda\/\" title=\"Agenda\">Agenda<\/a>\n<\/span><span class=\"aioseo-breadcrumb-separator\">&ndash;<\/span><span class=\"aioseo-breadcrumb\">\n\tMario Vaquerizo y Bibiana Fern\u00e1ndez en \u00abCrush\u00bb\n<\/span><\/div>","aioseo_breadcrumb_json":[{"label":"Home","link":"https:\/\/candas365.es\/noticias"},{"label":"Agenda","link":"https:\/\/candas365.es\/noticias\/category\/agenda\/"},{"label":"Mario Vaquerizo y Bibiana Fern\u00e1ndez en \u00abCrush\u00bb","link":"https:\/\/candas365.es\/noticias\/mario-vaquerizo-y-bibiana-fernandez-en-crush\/"}],"_links":{"self":[{"href":"https:\/\/candas365.es\/noticias\/wp-json\/wp\/v2\/posts\/101842","targetHints":{"allow":["GET"]}}],"collection":[{"href":"https:\/\/candas365.es\/noticias\/wp-json\/wp\/v2\/posts"}],"about":[{"href":"https:\/\/candas365.es\/noticias\/wp-json\/wp\/v2\/types\/post"}],"author":[{"embeddable":true,"href":"https:\/\/candas365.es\/noticias\/wp-json\/wp\/v2\/users\/1"}],"replies":[{"embeddable":true,"href":"https:\/\/candas365.es\/noticias\/wp-json\/wp\/v2\/comments?post=101842"}],"version-history":[{"count":0,"href":"https:\/\/candas365.es\/noticias\/wp-json\/wp\/v2\/posts\/101842\/revisions"}],"wp:featuredmedia":[{"embeddable":true,"href":"https:\/\/candas365.es\/noticias\/wp-json\/wp\/v2\/media\/101843"}],"wp:attachment":[{"href":"https:\/\/candas365.es\/noticias\/wp-json\/wp\/v2\/media?parent=101842"}],"wp:term":[{"taxonomy":"category","embeddable":true,"href":"https:\/\/candas365.es\/noticias\/wp-json\/wp\/v2\/categories?post=101842"},{"taxonomy":"post_tag","embeddable":true,"href":"https:\/\/candas365.es\/noticias\/wp-json\/wp\/v2\/tags?post=101842"}],"curies":[{"name":"wp","href":"https:\/\/api.w.org\/{rel}","templated":true}]}}