{"id":101513,"date":"2018-07-29T20:14:53","date_gmt":"2018-07-29T20:14:53","guid":{"rendered":"http:\/\/candas365.es\/noticias\/?p=101513"},"modified":"2018-07-29T20:14:53","modified_gmt":"2018-07-29T20:14:53","slug":"vuelve-comando-al-sol","status":"publish","type":"post","link":"https:\/\/candas365.es\/noticias\/vuelve-comando-al-sol\/","title":{"rendered":"Vuelve \u00abComando al sol\u00bb"},"content":{"rendered":"<p><img fetchpriority=\"high\" decoding=\"async\" class=\"alignleft size-medium wp-image-101514\" src=\"https:\/\/candas365.es\/noticias\/wp-content\/uploads\/2018\/07\/ndp-tele29071802-360x202.jpg\" alt=\"\" width=\"360\" height=\"202\" srcset=\"https:\/\/candas365.es\/noticias\/wp-content\/uploads\/2018\/07\/ndp-tele29071802-360x202.jpg 360w, https:\/\/candas365.es\/noticias\/wp-content\/uploads\/2018\/07\/ndp-tele29071802-768x431.jpg 768w, https:\/\/candas365.es\/noticias\/wp-content\/uploads\/2018\/07\/ndp-tele29071802-655x368.jpg 655w, https:\/\/candas365.es\/noticias\/wp-content\/uploads\/2018\/07\/ndp-tele29071802-696x391.jpg 696w, https:\/\/candas365.es\/noticias\/wp-content\/uploads\/2018\/07\/ndp-tele29071802-1068x599.jpg 1068w, https:\/\/candas365.es\/noticias\/wp-content\/uploads\/2018\/07\/ndp-tele29071802-748x420.jpg 748w, https:\/\/candas365.es\/noticias\/wp-content\/uploads\/2018\/07\/ndp-tele29071802.jpg 1600w\" sizes=\"(max-width: 360px) 100vw, 360px\" \/>&#8216;Comando Actualidad&#8217; se transforma un verano m\u00e1s en &#8216;Comando al sol&#8217;. Los reporteros viajar\u00e1n all\u00ed donde no llega nadie para encontrar destinos a\u00fan inexplorados, las mejores playas o las fiestas m\u00e1s emocionantes. Adem\u00e1s, el programa de reportajes estrena una secci\u00f3n: &#8216;El sitio de mi recreo&#8217;, en la que los reporteros viajar\u00e1n a sus lugares de veraneo favoritos para compartirlo con los espectadores. A partir del 30 de julio, los lunes en La 1. Y esta semana, con doble entrega de estreno.<\/p>\n<p><strong>&#8216;Los tops del verano&#8217;<\/strong><\/p>\n<p>Entre las mejores playas del mundo. Bartolo es el due\u00f1o de un chiringuito escondido en uno de los destinos m\u00e1s codiciados del Mediterr\u00e1neo: Formentera. Su playa de Ses Illetes es uno de los tesoros de arena blanca y agua turquesa que guarda esta isla con 69 kil\u00f3metros de playas paradis\u00edacas, pueblos pintorescos y una naturaleza todav\u00eda salvaje a pesar del turismo. El reportero Juan Carlos Cuevas viajar\u00e1 a su lugar de recreo favorito para zambullirse en sus aguas transparentes, nombradas Patrimonio de la Humanidad, con Manu, el bi\u00f3logo que estudia la posidonia y bucea los fondos marinos de esta joya del Mediterr\u00e1neo de puestas de sol irrepetibles.<\/p>\n<p>Los pueblos m\u00e1s remotos de Los Pirineos. A medio camino entre Francia y Navarra, donde parece que el tiempo se ha detenido, tiene Silvia una casa, una de las m\u00e1s antiguas de Ans\u00f3 de recias paredes de piedra y balconadas de madera. Esta localidad, enclavada en los Valles Occidentales, es junto con su vecino Hecho uno de los pueblos m\u00e1s remotos del Pirineo aragon\u00e9s. Un destino de pueblos de piedra, ovejas \u00fanicas y bosques plagados de hayas y abetos.<\/p>\n<p>La mujer de musgo. Sale embutida, por primera vez, como hiciera su padre, bajo doce kilos de musgo, enrollados a su cuerpo con doscientos metros de cuerda. Ocho a\u00f1os llevaba Puri esperando ese momento. S\u00f3lo seis personas pueden llevar este curioso traje en la fiesta de los Hombres de musgo con la que los habitantes de B\u00e9jar celebran la reconquista de la localidad salmantina. Pasean por las calles durante cuatro horas ante la mirada at\u00f3nita de vecinos y turistas, alfombras de sal, altares, romero y tomillo.<\/p>\n<p>Granada oculta. Rosario es el alma de la playa de Cantarrij\u00e1n y propietaria de parte de esta cala escondida en la Costa Tropical. Desde su chiringuito, famoso por sus paellas y pescados al horno, se disfruta de impresionantes puestas de sol en el mar. La playa se encuentra en un paraje protegido de salvajes acantilados y cuevas ocultas. En sus aguas cristalinas y serenas est\u00e1 prohibido pescar y son para\u00edso de buceadores. Granada es la provincia elegida por la reportera Silvia S\u00e1nchez como sitio de su recreo.<\/p>\n<p>Con ella, el programa ascender\u00e1 la monta\u00f1a a caballo para adentrarse en la ruta que lleva al Mulhac\u00e9n y conocer a Rafael, un madrile\u00f1o que lo dej\u00f3 todo para vivir en Bubi\u00f3n, el \u00faltimo pueblo granadino que entra en la lista de los m\u00e1s bonitos de Espa\u00f1a. El viaje terminar\u00e1 en la Alhambra m\u00e1s desconocida. Antonio guarda con celo las llaves de los pasadizos secretos y de los lugares m\u00e1s inaccesibles del monumento nazar\u00ed. &#8216;Comando al sol&#8217; bajar\u00e1 al silo mazmorra m\u00e1s grande del monumento y entrar\u00e1 en Torres Bermejas, una fortaleza militar en la que nunca antes hab\u00eda entrado una c\u00e1mara y desde la que se divisa una imagen nunca vista de la Alhambra.<\/p>\n<p>California en Madrid. Jaime sobrevuela las crestas de las olas, salta remolinos mientras hace piruetas y cabriolas sobre la estela que pinta el barco en la superficie del agua. Su cuerpo se mantiene erguido sobre una tabla, brincando atado al cable que le arrastra por las aguas del pantano de San Juan. Igual que en California, decenas de familias se acercan a disfrutar de la \u00faltima moda del verano: surfear las olas del pantano. La playa de Madrid estrena bandera azul.<\/p>\n","protected":false},"excerpt":{"rendered":"<p>&#8216;Comando Actualidad&#8217; se transforma un verano m\u00e1s en &#8216;Comando al sol&#8217;. Los reporteros viajar\u00e1n all\u00ed donde no llega nadie para encontrar destinos a\u00fan inexplorados, las mejores playas o las fiestas m\u00e1s emocionantes. Adem\u00e1s, el programa de reportajes estrena una secci\u00f3n: &#8216;El sitio de mi recreo&#8217;, en la que los reporteros viajar\u00e1n a sus lugares de<\/p>\n","protected":false},"author":1,"featured_media":101514,"comment_status":"closed","ping_status":"closed","sticky":false,"template":"","format":"standard","meta":{"footnotes":""},"categories":[1],"tags":[],"class_list":{"0":"post-101513","1":"post","2":"type-post","3":"status-publish","4":"format-standard","5":"has-post-thumbnail","7":"category-agenda"},"aioseo_notices":[],"aioseo_head":"\n\t\t<!-- All in One SEO Pro 4.9.6.2 - aioseo.com -->\n\t<meta name=\"description\" content=\"&#039;Comando Actualidad&#039; se transforma un verano m\u00e1s en &#039;Comando al sol&#039;. Los reporteros viajar\u00e1n all\u00ed donde no llega nadie para encontrar destinos a\u00fan inexplorados, las mejores playas o las fiestas m\u00e1s emocionantes. Adem\u00e1s, el programa de reportajes estrena una secci\u00f3n: &#039;El sitio de mi recreo&#039;, en la que los reporteros viajar\u00e1n a sus lugares de\" \/>\n\t<meta name=\"robots\" content=\"max-image-preview:large\" \/>\n\t<meta name=\"author\" content=\"Cand\u00e1s 365\"\/>\n\t<meta name=\"google-site-verification\" content=\"UA-32230408-1\" \/>\n\t<meta name=\"msvalidate.01\" content=\"354F3CDFB2DA171B47FBE9ABF1F88D5\" \/>\n\t<meta name=\"keywords\" content=\"agenda\" \/>\n\t<link rel=\"canonical\" href=\"https:\/\/candas365.es\/noticias\/vuelve-comando-al-sol\/\" \/>\n\t<meta name=\"generator\" content=\"All in One SEO Pro (AIOSEO) 4.9.6.2\" \/>\n\t\t<meta property=\"og:locale\" content=\"es_ES\" \/>\n\t\t<meta property=\"og:site_name\" content=\"Cand\u00e1s 365\" \/>\n\t\t<meta property=\"og:type\" content=\"article\" \/>\n\t\t<meta property=\"og:title\" content=\"Vuelve \u00abComando al sol\u00bb | Cand\u00e1s 365\" \/>\n\t\t<meta property=\"og:description\" content=\"&#039;Comando Actualidad&#039; se transforma un verano m\u00e1s en &#039;Comando al sol&#039;. Los reporteros viajar\u00e1n all\u00ed donde no llega nadie para encontrar destinos a\u00fan inexplorados, las mejores playas o las fiestas m\u00e1s emocionantes. Adem\u00e1s, el programa de reportajes estrena una secci\u00f3n: &#039;El sitio de mi recreo&#039;, en la que los reporteros viajar\u00e1n a sus lugares de\" \/>\n\t\t<meta property=\"og:url\" content=\"https:\/\/candas365.es\/noticias\/vuelve-comando-al-sol\/\" \/>\n\t\t<meta property=\"og:image\" content=\"https:\/\/candas365.es\/noticias\/wp-content\/uploads\/2018\/07\/ndp-tele29071802.jpg\" \/>\n\t\t<meta property=\"og:image:secure_url\" content=\"https:\/\/candas365.es\/noticias\/wp-content\/uploads\/2018\/07\/ndp-tele29071802.jpg\" \/>\n\t\t<meta property=\"og:image:width\" content=\"1600\" \/>\n\t\t<meta property=\"og:image:height\" content=\"898\" \/>\n\t\t<meta property=\"article:published_time\" content=\"2018-07-29T20:14:53+00:00\" \/>\n\t\t<meta property=\"article:modified_time\" content=\"2018-07-29T20:14:53+00:00\" \/>\n\t\t<meta property=\"article:publisher\" content=\"https:\/\/www.facebook.com\/Nachofdezber\" \/>\n\t\t<meta property=\"article:author\" content=\"https:\/\/www.facebook.com\/carrenoactualidad\" \/>\n\t\t<meta name=\"twitter:card\" content=\"summary_large_image\" \/>\n\t\t<meta name=\"twitter:site\" content=\"@NabercoDigital\" \/>\n\t\t<meta name=\"twitter:title\" content=\"Vuelve \u00abComando al sol\u00bb | Cand\u00e1s 365\" \/>\n\t\t<meta name=\"twitter:description\" content=\"&#039;Comando Actualidad&#039; se transforma un verano m\u00e1s en &#039;Comando al sol&#039;. Los reporteros viajar\u00e1n all\u00ed donde no llega nadie para encontrar destinos a\u00fan inexplorados, las mejores playas o las fiestas m\u00e1s emocionantes. Adem\u00e1s, el programa de reportajes estrena una secci\u00f3n: &#039;El sitio de mi recreo&#039;, en la que los reporteros viajar\u00e1n a sus lugares de\" \/>\n\t\t<meta name=\"twitter:creator\" content=\"@nbasturias\" \/>\n\t\t<meta name=\"twitter:image\" content=\"https:\/\/candas365.es\/noticias\/wp-content\/uploads\/2018\/07\/ndp-tele29071802.jpg\" \/>\n\t\t<meta name=\"twitter:label1\" content=\"Escrito por\" \/>\n\t\t<meta name=\"twitter:data1\" content=\"Cand\u00e1s 365\" \/>\n\t\t<meta name=\"twitter:label2\" content=\"Tiempo de lectura estimado\" \/>\n\t\t<meta name=\"twitter:data2\" content=\"3 minutos\" \/>\n\t\t<script type=\"application\/ld+json\" class=\"aioseo-schema\">\n\t\t\t{\"@context\":\"https:\\\/\\\/schema.org\",\"@graph\":[{\"@type\":\"BreadcrumbList\",\"@id\":\"https:\\\/\\\/candas365.es\\\/noticias\\\/vuelve-comando-al-sol\\\/#breadcrumblist\",\"itemListElement\":[{\"@type\":\"ListItem\",\"@id\":\"https:\\\/\\\/candas365.es\\\/noticias#listItem\",\"position\":1,\"name\":\"Home\",\"item\":\"https:\\\/\\\/candas365.es\\\/noticias\",\"nextItem\":{\"@type\":\"ListItem\",\"@id\":\"https:\\\/\\\/candas365.es\\\/noticias\\\/category\\\/agenda\\\/#listItem\",\"name\":\"Agenda\"}},{\"@type\":\"ListItem\",\"@id\":\"https:\\\/\\\/candas365.es\\\/noticias\\\/category\\\/agenda\\\/#listItem\",\"position\":2,\"name\":\"Agenda\",\"item\":\"https:\\\/\\\/candas365.es\\\/noticias\\\/category\\\/agenda\\\/\",\"nextItem\":{\"@type\":\"ListItem\",\"@id\":\"https:\\\/\\\/candas365.es\\\/noticias\\\/vuelve-comando-al-sol\\\/#listItem\",\"name\":\"Vuelve \\u00abComando al sol\\u00bb\"},\"previousItem\":{\"@type\":\"ListItem\",\"@id\":\"https:\\\/\\\/candas365.es\\\/noticias#listItem\",\"name\":\"Home\"}},{\"@type\":\"ListItem\",\"@id\":\"https:\\\/\\\/candas365.es\\\/noticias\\\/vuelve-comando-al-sol\\\/#listItem\",\"position\":3,\"name\":\"Vuelve \\u00abComando al sol\\u00bb\",\"previousItem\":{\"@type\":\"ListItem\",\"@id\":\"https:\\\/\\\/candas365.es\\\/noticias\\\/category\\\/agenda\\\/#listItem\",\"name\":\"Agenda\"}}]},{\"@type\":\"NewsArticle\",\"@id\":\"https:\\\/\\\/candas365.es\\\/noticias\\\/vuelve-comando-al-sol\\\/#newsarticle\",\"name\":\"Vuelve \\u00abComando al sol\\u00bb | Cand\\u00e1s 365\",\"headline\":\"Vuelve \\u00abComando al sol\\u00bb\",\"author\":{\"@id\":\"https:\\\/\\\/candas365.es\\\/noticias\\\/author\\\/admin\\\/#author\"},\"publisher\":{\"@id\":\"https:\\\/\\\/candas365.es\\\/noticias\\\/#organization\"},\"image\":{\"@type\":\"ImageObject\",\"url\":\"https:\\\/\\\/candas365.es\\\/noticias\\\/wp-content\\\/uploads\\\/2018\\\/07\\\/ndp-tele29071802.jpg\",\"width\":1600,\"height\":898},\"datePublished\":\"2018-07-29T20:14:53+02:00\",\"dateModified\":\"2018-07-29T20:14:53+02:00\",\"inLanguage\":\"es-ES\",\"mainEntityOfPage\":{\"@id\":\"https:\\\/\\\/candas365.es\\\/noticias\\\/vuelve-comando-al-sol\\\/#webpage\"},\"isPartOf\":{\"@id\":\"https:\\\/\\\/candas365.es\\\/noticias\\\/vuelve-comando-al-sol\\\/#webpage\"},\"articleSection\":\"Agenda\",\"dateline\":\"Publicado el julio 29, 2018.\"},{\"@type\":\"Organization\",\"@id\":\"https:\\\/\\\/candas365.es\\\/noticias\\\/#organization\",\"name\":\"Cand\\u00e1s 365\",\"description\":\"Cand\\u00e1s 365 es un diario digital independiente, fundado en 2012, con base en Asturias. Informamos con rigor sobre actualidad, sociedad, cultura y ocio, con una mirada local y global.\",\"url\":\"https:\\\/\\\/candas365.es\\\/noticias\\\/\",\"email\":\"info@candas365.es\",\"telephone\":\"+34652131393\",\"foundingDate\":\"2012-06-10\",\"logo\":{\"@type\":\"ImageObject\",\"url\":\"https:\\\/\\\/candas365.es\\\/noticias\\\/wp-content\\\/uploads\\\/2024\\\/09\\\/Candas-365-Redes.jpg\",\"@id\":\"https:\\\/\\\/candas365.es\\\/noticias\\\/vuelve-comando-al-sol\\\/#organizationLogo\",\"width\":1152,\"height\":864,\"caption\":\"Cand\\u00e1s 365 Redes\"},\"image\":{\"@id\":\"https:\\\/\\\/candas365.es\\\/noticias\\\/vuelve-comando-al-sol\\\/#organizationLogo\"},\"sameAs\":[\"https:\\\/\\\/www.facebook.com\\\/Nachofdezber\",\"https:\\\/\\\/x.com\\\/NabercoDigital\",\"https:\\\/\\\/www.instagram.com\\\/nachofdezber\\\/\",\"https:\\\/\\\/www.youtube.com\\\/channel\\\/UCZP-2wLEB9Rv6erhFmqVnvg\"],\"address\":{\"@id\":\"https:\\\/\\\/candas365.es\\\/noticias\\\/#postaladdress\",\"@type\":\"PostalAddress\",\"streetAddress\":\"san antonio 4, san antonio 4\",\"postalCode\":\"33430\",\"addressLocality\":\"Cand\\u00e1s\",\"addressRegion\":\"Asturias\",\"addressCountry\":\"ES\"}},{\"@type\":\"Person\",\"@id\":\"https:\\\/\\\/candas365.es\\\/noticias\\\/author\\\/admin\\\/#author\",\"url\":\"https:\\\/\\\/candas365.es\\\/noticias\\\/author\\\/admin\\\/\",\"name\":\"Cand\\u00e1s 365\",\"image\":{\"@type\":\"ImageObject\",\"@id\":\"https:\\\/\\\/candas365.es\\\/noticias\\\/vuelve-comando-al-sol\\\/#authorImage\",\"url\":\"https:\\\/\\\/secure.gravatar.com\\\/avatar\\\/496a8e03d0c493ede1718b7934145dbdf8d89be1036b0eec9544e1094c9de390?s=96&d=mm&r=g\",\"width\":96,\"height\":96,\"caption\":\"Cand\\u00e1s 365\"},\"sameAs\":[\"https:\\\/\\\/www.facebook.com\\\/carrenoactualidad\",\"https:\\\/\\\/twitter.com\\\/nbasturias\",\"https:\\\/\\\/www.instagram.com\\\/nachofdezber\\\/\",\"https:\\\/\\\/www.youtube.com\\\/channel\\\/UCZP-2wLEB9Rv6erhFmqVnvg\"]},{\"@type\":\"WebPage\",\"@id\":\"https:\\\/\\\/candas365.es\\\/noticias\\\/vuelve-comando-al-sol\\\/#webpage\",\"url\":\"https:\\\/\\\/candas365.es\\\/noticias\\\/vuelve-comando-al-sol\\\/\",\"name\":\"Vuelve \\u00abComando al sol\\u00bb | Cand\\u00e1s 365\",\"description\":\"'Comando Actualidad' se transforma un verano m\\u00e1s en 'Comando al sol'. Los reporteros viajar\\u00e1n all\\u00ed donde no llega nadie para encontrar destinos a\\u00fan inexplorados, las mejores playas o las fiestas m\\u00e1s emocionantes. Adem\\u00e1s, el programa de reportajes estrena una secci\\u00f3n: 'El sitio de mi recreo', en la que los reporteros viajar\\u00e1n a sus lugares de\",\"inLanguage\":\"es-ES\",\"isPartOf\":{\"@id\":\"https:\\\/\\\/candas365.es\\\/noticias\\\/#website\"},\"breadcrumb\":{\"@id\":\"https:\\\/\\\/candas365.es\\\/noticias\\\/vuelve-comando-al-sol\\\/#breadcrumblist\"},\"author\":{\"@id\":\"https:\\\/\\\/candas365.es\\\/noticias\\\/author\\\/admin\\\/#author\"},\"creator\":{\"@id\":\"https:\\\/\\\/candas365.es\\\/noticias\\\/author\\\/admin\\\/#author\"},\"image\":{\"@type\":\"ImageObject\",\"url\":\"https:\\\/\\\/candas365.es\\\/noticias\\\/wp-content\\\/uploads\\\/2018\\\/07\\\/ndp-tele29071802.jpg\",\"@id\":\"https:\\\/\\\/candas365.es\\\/noticias\\\/vuelve-comando-al-sol\\\/#mainImage\",\"width\":1600,\"height\":898},\"primaryImageOfPage\":{\"@id\":\"https:\\\/\\\/candas365.es\\\/noticias\\\/vuelve-comando-al-sol\\\/#mainImage\"},\"datePublished\":\"2018-07-29T20:14:53+02:00\",\"dateModified\":\"2018-07-29T20:14:53+02:00\"},{\"@type\":\"WebSite\",\"@id\":\"https:\\\/\\\/candas365.es\\\/noticias\\\/#website\",\"url\":\"https:\\\/\\\/candas365.es\\\/noticias\\\/\",\"name\":\"Cand\\u00e1s 365\",\"alternateName\":\"Cand\\u00e1s 365 Noticias\",\"description\":\"Actualidad desde Carre\\u00f1o para el mundo\",\"inLanguage\":\"es-ES\",\"publisher\":{\"@id\":\"https:\\\/\\\/candas365.es\\\/noticias\\\/#organization\"}}]}\n\t\t<\/script>\n\t\t<!-- All in One SEO Pro -->\r\n\t\t<title>Vuelve \u00abComando al sol\u00bb | Cand\u00e1s 365<\/title>\n\n","aioseo_head_json":{"title":"Vuelve \u00abComando al sol\u00bb | Cand\u00e1s 365","description":"'Comando Actualidad' se transforma un verano m\u00e1s en 'Comando al sol'. Los reporteros viajar\u00e1n all\u00ed donde no llega nadie para encontrar destinos a\u00fan inexplorados, las mejores playas o las fiestas m\u00e1s emocionantes. Adem\u00e1s, el programa de reportajes estrena una secci\u00f3n: 'El sitio de mi recreo', en la que los reporteros viajar\u00e1n a sus lugares de","canonical_url":"https:\/\/candas365.es\/noticias\/vuelve-comando-al-sol\/","robots":"max-image-preview:large","keywords":"agenda","webmasterTools":{"google-site-verification":"UA-32230408-1","msvalidate.01":"354F3CDFB2DA171B47FBE9ABF1F88D5","miscellaneous":""},"schema":{"@context":"https:\/\/schema.org","@graph":[{"@type":"BreadcrumbList","@id":"https:\/\/candas365.es\/noticias\/vuelve-comando-al-sol\/#breadcrumblist","itemListElement":[{"@type":"ListItem","@id":"https:\/\/candas365.es\/noticias#listItem","position":1,"name":"Home","item":"https:\/\/candas365.es\/noticias","nextItem":{"@type":"ListItem","@id":"https:\/\/candas365.es\/noticias\/category\/agenda\/#listItem","name":"Agenda"}},{"@type":"ListItem","@id":"https:\/\/candas365.es\/noticias\/category\/agenda\/#listItem","position":2,"name":"Agenda","item":"https:\/\/candas365.es\/noticias\/category\/agenda\/","nextItem":{"@type":"ListItem","@id":"https:\/\/candas365.es\/noticias\/vuelve-comando-al-sol\/#listItem","name":"Vuelve \u00abComando al sol\u00bb"},"previousItem":{"@type":"ListItem","@id":"https:\/\/candas365.es\/noticias#listItem","name":"Home"}},{"@type":"ListItem","@id":"https:\/\/candas365.es\/noticias\/vuelve-comando-al-sol\/#listItem","position":3,"name":"Vuelve \u00abComando al sol\u00bb","previousItem":{"@type":"ListItem","@id":"https:\/\/candas365.es\/noticias\/category\/agenda\/#listItem","name":"Agenda"}}]},{"@type":"NewsArticle","@id":"https:\/\/candas365.es\/noticias\/vuelve-comando-al-sol\/#newsarticle","name":"Vuelve \u00abComando al sol\u00bb | Cand\u00e1s 365","headline":"Vuelve \u00abComando al sol\u00bb","author":{"@id":"https:\/\/candas365.es\/noticias\/author\/admin\/#author"},"publisher":{"@id":"https:\/\/candas365.es\/noticias\/#organization"},"image":{"@type":"ImageObject","url":"https:\/\/candas365.es\/noticias\/wp-content\/uploads\/2018\/07\/ndp-tele29071802.jpg","width":1600,"height":898},"datePublished":"2018-07-29T20:14:53+02:00","dateModified":"2018-07-29T20:14:53+02:00","inLanguage":"es-ES","mainEntityOfPage":{"@id":"https:\/\/candas365.es\/noticias\/vuelve-comando-al-sol\/#webpage"},"isPartOf":{"@id":"https:\/\/candas365.es\/noticias\/vuelve-comando-al-sol\/#webpage"},"articleSection":"Agenda","dateline":"Publicado el julio 29, 2018."},{"@type":"Organization","@id":"https:\/\/candas365.es\/noticias\/#organization","name":"Cand\u00e1s 365","description":"Cand\u00e1s 365 es un diario digital independiente, fundado en 2012, con base en Asturias. Informamos con rigor sobre actualidad, sociedad, cultura y ocio, con una mirada local y global.","url":"https:\/\/candas365.es\/noticias\/","email":"info@candas365.es","telephone":"+34652131393","foundingDate":"2012-06-10","logo":{"@type":"ImageObject","url":"https:\/\/candas365.es\/noticias\/wp-content\/uploads\/2024\/09\/Candas-365-Redes.jpg","@id":"https:\/\/candas365.es\/noticias\/vuelve-comando-al-sol\/#organizationLogo","width":1152,"height":864,"caption":"Cand\u00e1s 365 Redes"},"image":{"@id":"https:\/\/candas365.es\/noticias\/vuelve-comando-al-sol\/#organizationLogo"},"sameAs":["https:\/\/www.facebook.com\/Nachofdezber","https:\/\/x.com\/NabercoDigital","https:\/\/www.instagram.com\/nachofdezber\/","https:\/\/www.youtube.com\/channel\/UCZP-2wLEB9Rv6erhFmqVnvg"],"address":{"@id":"https:\/\/candas365.es\/noticias\/#postaladdress","@type":"PostalAddress","streetAddress":"san antonio 4, san antonio 4","postalCode":"33430","addressLocality":"Cand\u00e1s","addressRegion":"Asturias","addressCountry":"ES"}},{"@type":"Person","@id":"https:\/\/candas365.es\/noticias\/author\/admin\/#author","url":"https:\/\/candas365.es\/noticias\/author\/admin\/","name":"Cand\u00e1s 365","image":{"@type":"ImageObject","@id":"https:\/\/candas365.es\/noticias\/vuelve-comando-al-sol\/#authorImage","url":"https:\/\/secure.gravatar.com\/avatar\/496a8e03d0c493ede1718b7934145dbdf8d89be1036b0eec9544e1094c9de390?s=96&d=mm&r=g","width":96,"height":96,"caption":"Cand\u00e1s 365"},"sameAs":["https:\/\/www.facebook.com\/carrenoactualidad","https:\/\/twitter.com\/nbasturias","https:\/\/www.instagram.com\/nachofdezber\/","https:\/\/www.youtube.com\/channel\/UCZP-2wLEB9Rv6erhFmqVnvg"]},{"@type":"WebPage","@id":"https:\/\/candas365.es\/noticias\/vuelve-comando-al-sol\/#webpage","url":"https:\/\/candas365.es\/noticias\/vuelve-comando-al-sol\/","name":"Vuelve \u00abComando al sol\u00bb | Cand\u00e1s 365","description":"'Comando Actualidad' se transforma un verano m\u00e1s en 'Comando al sol'. Los reporteros viajar\u00e1n all\u00ed donde no llega nadie para encontrar destinos a\u00fan inexplorados, las mejores playas o las fiestas m\u00e1s emocionantes. Adem\u00e1s, el programa de reportajes estrena una secci\u00f3n: 'El sitio de mi recreo', en la que los reporteros viajar\u00e1n a sus lugares de","inLanguage":"es-ES","isPartOf":{"@id":"https:\/\/candas365.es\/noticias\/#website"},"breadcrumb":{"@id":"https:\/\/candas365.es\/noticias\/vuelve-comando-al-sol\/#breadcrumblist"},"author":{"@id":"https:\/\/candas365.es\/noticias\/author\/admin\/#author"},"creator":{"@id":"https:\/\/candas365.es\/noticias\/author\/admin\/#author"},"image":{"@type":"ImageObject","url":"https:\/\/candas365.es\/noticias\/wp-content\/uploads\/2018\/07\/ndp-tele29071802.jpg","@id":"https:\/\/candas365.es\/noticias\/vuelve-comando-al-sol\/#mainImage","width":1600,"height":898},"primaryImageOfPage":{"@id":"https:\/\/candas365.es\/noticias\/vuelve-comando-al-sol\/#mainImage"},"datePublished":"2018-07-29T20:14:53+02:00","dateModified":"2018-07-29T20:14:53+02:00"},{"@type":"WebSite","@id":"https:\/\/candas365.es\/noticias\/#website","url":"https:\/\/candas365.es\/noticias\/","name":"Cand\u00e1s 365","alternateName":"Cand\u00e1s 365 Noticias","description":"Actualidad desde Carre\u00f1o para el mundo","inLanguage":"es-ES","publisher":{"@id":"https:\/\/candas365.es\/noticias\/#organization"}}]},"og:locale":"es_ES","og:site_name":"Cand\u00e1s 365","og:type":"article","og:title":"Vuelve \u00abComando al sol\u00bb | Cand\u00e1s 365","og:description":"'Comando Actualidad' se transforma un verano m\u00e1s en 'Comando al sol'. Los reporteros viajar\u00e1n all\u00ed donde no llega nadie para encontrar destinos a\u00fan inexplorados, las mejores playas o las fiestas m\u00e1s emocionantes. Adem\u00e1s, el programa de reportajes estrena una secci\u00f3n: 'El sitio de mi recreo', en la que los reporteros viajar\u00e1n a sus lugares de","og:url":"https:\/\/candas365.es\/noticias\/vuelve-comando-al-sol\/","og:image":"https:\/\/candas365.es\/noticias\/wp-content\/uploads\/2018\/07\/ndp-tele29071802.jpg","og:image:secure_url":"https:\/\/candas365.es\/noticias\/wp-content\/uploads\/2018\/07\/ndp-tele29071802.jpg","og:image:width":1600,"og:image:height":898,"article:published_time":"2018-07-29T20:14:53+00:00","article:modified_time":"2018-07-29T20:14:53+00:00","article:publisher":"https:\/\/www.facebook.com\/Nachofdezber","article:author":"https:\/\/www.facebook.com\/carrenoactualidad","twitter:card":"summary_large_image","twitter:site":"@NabercoDigital","twitter:title":"Vuelve \u00abComando al sol\u00bb | Cand\u00e1s 365","twitter:description":"'Comando Actualidad' se transforma un verano m\u00e1s en 'Comando al sol'. Los reporteros viajar\u00e1n all\u00ed donde no llega nadie para encontrar destinos a\u00fan inexplorados, las mejores playas o las fiestas m\u00e1s emocionantes. Adem\u00e1s, el programa de reportajes estrena una secci\u00f3n: 'El sitio de mi recreo', en la que los reporteros viajar\u00e1n a sus lugares de","twitter:creator":"@nbasturias","twitter:image":"https:\/\/candas365.es\/noticias\/wp-content\/uploads\/2018\/07\/ndp-tele29071802.jpg","twitter:label1":"Escrito por","twitter:data1":"Cand\u00e1s 365","twitter:label2":"Tiempo de lectura estimado","twitter:data2":"3 minutos"},"aioseo_meta_data":{"post_id":"101513","title":null,"description":null,"keywords":null,"keyphrases":null,"primary_term":null,"canonical_url":null,"og_title":null,"og_description":null,"og_object_type":"default","og_image_type":"default","og_image_url":null,"og_image_width":null,"og_image_height":null,"og_image_custom_url":null,"og_image_custom_fields":null,"og_video":null,"og_custom_url":null,"og_article_section":null,"og_article_tags":null,"twitter_use_og":false,"twitter_card":"default","twitter_image_type":"default","twitter_image_url":null,"twitter_image_custom_url":null,"twitter_image_custom_fields":null,"twitter_title":null,"twitter_description":null,"schema":{"blockGraphs":[],"customGraphs":[],"default":{"data":{"Article":[],"Course":[],"Dataset":[],"FAQPage":[],"Movie":[],"Person":[],"Product":[],"ProductReview":[],"Car":[],"Recipe":[],"Service":[],"SoftwareApplication":[],"WebPage":[]},"graphName":"","isEnabled":true},"graphs":[],"defaultGraph":"","defaultPostTypeGraph":""},"schema_type":null,"schema_type_options":null,"pillar_content":false,"robots_default":true,"robots_noindex":false,"robots_noarchive":false,"robots_nosnippet":false,"robots_nofollow":false,"robots_noimageindex":false,"robots_noodp":false,"robots_notranslate":false,"robots_max_snippet":null,"robots_max_videopreview":null,"robots_max_imagepreview":"large","priority":null,"frequency":null,"location":null,"local_seo":null,"seo_analyzer_scan_date":"2025-08-27 11:42:18","breadcrumb_settings":null,"limit_modified_date":false,"reviewed_by":null,"open_ai":null,"ai":null,"created":"2020-12-21 11:47:57","updated":"2025-08-27 11:42:18"},"aioseo_breadcrumb":"<div class=\"aioseo-breadcrumbs\"><span class=\"aioseo-breadcrumb\">\n\t<a href=\"https:\/\/candas365.es\/noticias\" title=\"Home\">Home<\/a>\n<\/span><span class=\"aioseo-breadcrumb-separator\">&ndash;<\/span><span class=\"aioseo-breadcrumb\">\n\t<a href=\"https:\/\/candas365.es\/noticias\/category\/agenda\/\" title=\"Agenda\">Agenda<\/a>\n<\/span><span class=\"aioseo-breadcrumb-separator\">&ndash;<\/span><span class=\"aioseo-breadcrumb\">\n\tVuelve \u00abComando al sol\u00bb\n<\/span><\/div>","aioseo_breadcrumb_json":[{"label":"Home","link":"https:\/\/candas365.es\/noticias"},{"label":"Agenda","link":"https:\/\/candas365.es\/noticias\/category\/agenda\/"},{"label":"Vuelve \u00abComando al sol\u00bb","link":"https:\/\/candas365.es\/noticias\/vuelve-comando-al-sol\/"}],"_links":{"self":[{"href":"https:\/\/candas365.es\/noticias\/wp-json\/wp\/v2\/posts\/101513","targetHints":{"allow":["GET"]}}],"collection":[{"href":"https:\/\/candas365.es\/noticias\/wp-json\/wp\/v2\/posts"}],"about":[{"href":"https:\/\/candas365.es\/noticias\/wp-json\/wp\/v2\/types\/post"}],"author":[{"embeddable":true,"href":"https:\/\/candas365.es\/noticias\/wp-json\/wp\/v2\/users\/1"}],"replies":[{"embeddable":true,"href":"https:\/\/candas365.es\/noticias\/wp-json\/wp\/v2\/comments?post=101513"}],"version-history":[{"count":0,"href":"https:\/\/candas365.es\/noticias\/wp-json\/wp\/v2\/posts\/101513\/revisions"}],"wp:featuredmedia":[{"embeddable":true,"href":"https:\/\/candas365.es\/noticias\/wp-json\/wp\/v2\/media\/101514"}],"wp:attachment":[{"href":"https:\/\/candas365.es\/noticias\/wp-json\/wp\/v2\/media?parent=101513"}],"wp:term":[{"taxonomy":"category","embeddable":true,"href":"https:\/\/candas365.es\/noticias\/wp-json\/wp\/v2\/categories?post=101513"},{"taxonomy":"post_tag","embeddable":true,"href":"https:\/\/candas365.es\/noticias\/wp-json\/wp\/v2\/tags?post=101513"}],"curies":[{"name":"wp","href":"https:\/\/api.w.org\/{rel}","templated":true}]}}