{"id":101509,"date":"2018-07-29T20:09:42","date_gmt":"2018-07-29T20:09:42","guid":{"rendered":"http:\/\/candas365.es\/noticias\/?p=101509"},"modified":"2018-07-29T20:09:42","modified_gmt":"2018-07-29T20:09:42","slug":"silvia-jato-regresa-a-la-manana-de-la-1","status":"publish","type":"post","link":"https:\/\/candas365.es\/noticias\/silvia-jato-regresa-a-la-manana-de-la-1\/","title":{"rendered":"Silvia Jato regresa a &#8216;La ma\u00f1ana&#8217; de La 1"},"content":{"rendered":"<p><img fetchpriority=\"high\" decoding=\"async\" class=\"alignleft size-medium wp-image-101510\" src=\"https:\/\/candas365.es\/noticias\/wp-content\/uploads\/2018\/07\/1532691956077-360x240.jpg\" alt=\"\" width=\"360\" height=\"240\" srcset=\"https:\/\/candas365.es\/noticias\/wp-content\/uploads\/2018\/07\/1532691956077-360x240.jpg 360w, https:\/\/candas365.es\/noticias\/wp-content\/uploads\/2018\/07\/1532691956077-768x512.jpg 768w, https:\/\/candas365.es\/noticias\/wp-content\/uploads\/2018\/07\/1532691956077-655x436.jpg 655w, https:\/\/candas365.es\/noticias\/wp-content\/uploads\/2018\/07\/1532691956077-696x464.jpg 696w, https:\/\/candas365.es\/noticias\/wp-content\/uploads\/2018\/07\/1532691956077-630x420.jpg 630w, https:\/\/candas365.es\/noticias\/wp-content\/uploads\/2018\/07\/1532691956077.jpg 800w\" sizes=\"(max-width: 360px) 100vw, 360px\" \/>Silvia Jato regresa a La 1 y toma las riendas de &#8216;La ma\u00f1ana&#8217; durante las vacaciones de Mar\u00eda Casado. A partir del lunes 30 de julio presentar\u00e1 el magac\u00edn de actualidad de La 1 en su tercer verano como presentadora del programa. Adem\u00e1s desde el lunes, y tambi\u00e9n por tercer verano consecutivo, Berta Collado se pondr\u00e1 al frente de &#8216;Amigas y conocidas&#8217;, aunque In\u00e9s Ballester seguir\u00e1 realizando los especiales de &#8216;Lazos de sangre&#8217;.<\/p>\n<p>Licenciada en Ciencias Econ\u00f3micas y Empresariales, Silvia Jato cuenta con una larga trayectoria como presentadora de televisi\u00f3n. Su carrera en este medio se inici\u00f3 en 1990 en la auton\u00f3mica TVG, donde estuvo seis a\u00f1os a cargo de galas, especiales y programas de entretenimiento.<\/p>\n<p>Fue fichada por Antena 3 Televisi\u00f3n, cadena donde le lleg\u00f3 el reconocimiento a nivel nacional por su trabajo al frente de &#8216;Pasapalabra&#8217;, con el que recibi\u00f3 m\u00e1s de 20 premios, entre ellos el Micr\u00f3fono de oro, la Antena de oro y cuatro premios TP. Tambi\u00e9n cuenta con el premio Iris de la Academia de la Televisi\u00f3n a la mejor presentadora auton\u00f3mica.<\/p>\n<p>Ha trabajado, pr\u00e1cticamente en todas las cadenas nacionales, al frente de los m\u00e1s variados formatos, programas de entretenimiento, magacines, documental reality, concursos, campa\u00f1as y galas: en Televisi\u00f3n Espa\u00f1ola, Telecinco, Cuatro, La Sexta, Veo 7, Telemadrid y en producciones realizadas para todas las cadenas auton\u00f3micas. Entre 2014 y 2015 present\u00f3 el programa de actualidad &#8216;Boas Tardes&#8217; en la auton\u00f3mica gallega.<\/p>\n<p><strong>Berta Collado, en &#8216;Amigas y conocidas&#8217;<\/strong><\/p>\n<p>Tambi\u00e9n ser\u00e1 el tercer verano de Berta Collado como moderadora de &#8216;Amigas y conocidas&#8217;. Licenciada en Periodismo y M\u00e1ster en Comunicaci\u00f3n Televisiva, lleva casi quince a\u00f1os entre plat\u00f3s, rodajes y bambalinas, as\u00ed como colaborando en distintos medios de prensa escrita y radio. Comenz\u00f3 su carrera en 2004, aunque su salto a la primera l\u00ednea fue con el programa &#8216;S\u00e9 lo que hicisteis&#8217;. Colabora habitualmente en &#8216;Amigas y conocidas&#8217; y en otros formatos de RTVE.<\/p>\n<p>In\u00e9s Ballester seguir\u00e1 al frente de los especiales de &#8216;Amigas y conocidas&#8217; que se emiten cada semana despu\u00e9s de &#8216;Lazos de sangre&#8217;, en el late night de los jueves.<\/p>\n","protected":false},"excerpt":{"rendered":"<p>Silvia Jato regresa a La 1 y toma las riendas de &#8216;La ma\u00f1ana&#8217; durante las vacaciones de Mar\u00eda Casado. A partir del lunes 30 de julio presentar\u00e1 el magac\u00edn de actualidad de La 1 en su tercer verano como presentadora del programa. Adem\u00e1s desde el lunes, y tambi\u00e9n por tercer verano consecutivo, Berta Collado se<\/p>\n","protected":false},"author":1,"featured_media":101510,"comment_status":"closed","ping_status":"closed","sticky":false,"template":"","format":"standard","meta":{"footnotes":""},"categories":[1],"tags":[],"class_list":{"0":"post-101509","1":"post","2":"type-post","3":"status-publish","4":"format-standard","5":"has-post-thumbnail","7":"category-agenda"},"aioseo_notices":[],"aioseo_head":"\n\t\t<!-- All in One SEO Pro 4.9.6.2 - aioseo.com -->\n\t<meta name=\"description\" content=\"Silvia Jato regresa a La 1 y toma las riendas de &#039;La ma\u00f1ana&#039; durante las vacaciones de Mar\u00eda Casado. A partir del lunes 30 de julio presentar\u00e1 el magac\u00edn de actualidad de La 1 en su tercer verano como presentadora del programa. Adem\u00e1s desde el lunes, y tambi\u00e9n por tercer verano consecutivo, Berta Collado se\" \/>\n\t<meta name=\"robots\" content=\"max-image-preview:large\" \/>\n\t<meta name=\"author\" content=\"Cand\u00e1s 365\"\/>\n\t<meta name=\"google-site-verification\" content=\"UA-32230408-1\" \/>\n\t<meta name=\"msvalidate.01\" content=\"354F3CDFB2DA171B47FBE9ABF1F88D5\" \/>\n\t<meta name=\"keywords\" content=\"agenda\" \/>\n\t<link rel=\"canonical\" href=\"https:\/\/candas365.es\/noticias\/silvia-jato-regresa-a-la-manana-de-la-1\/\" \/>\n\t<meta name=\"generator\" content=\"All in One SEO Pro (AIOSEO) 4.9.6.2\" \/>\n\t\t<meta property=\"og:locale\" content=\"es_ES\" \/>\n\t\t<meta property=\"og:site_name\" content=\"Cand\u00e1s 365\" \/>\n\t\t<meta property=\"og:type\" content=\"article\" \/>\n\t\t<meta property=\"og:title\" content=\"Silvia Jato regresa a \u2018La ma\u00f1ana\u2019 de La 1 | Cand\u00e1s 365\" \/>\n\t\t<meta property=\"og:description\" content=\"Silvia Jato regresa a La 1 y toma las riendas de &#039;La ma\u00f1ana&#039; durante las vacaciones de Mar\u00eda Casado. A partir del lunes 30 de julio presentar\u00e1 el magac\u00edn de actualidad de La 1 en su tercer verano como presentadora del programa. Adem\u00e1s desde el lunes, y tambi\u00e9n por tercer verano consecutivo, Berta Collado se\" \/>\n\t\t<meta property=\"og:url\" content=\"https:\/\/candas365.es\/noticias\/silvia-jato-regresa-a-la-manana-de-la-1\/\" \/>\n\t\t<meta property=\"og:image\" content=\"https:\/\/candas365.es\/noticias\/wp-content\/uploads\/2018\/07\/1532691956077.jpg\" \/>\n\t\t<meta property=\"og:image:secure_url\" content=\"https:\/\/candas365.es\/noticias\/wp-content\/uploads\/2018\/07\/1532691956077.jpg\" \/>\n\t\t<meta property=\"og:image:width\" content=\"800\" \/>\n\t\t<meta property=\"og:image:height\" content=\"533\" \/>\n\t\t<meta property=\"article:published_time\" content=\"2018-07-29T20:09:42+00:00\" \/>\n\t\t<meta property=\"article:modified_time\" content=\"2018-07-29T20:09:42+00:00\" \/>\n\t\t<meta property=\"article:publisher\" content=\"https:\/\/www.facebook.com\/Nachofdezber\" \/>\n\t\t<meta property=\"article:author\" content=\"https:\/\/www.facebook.com\/carrenoactualidad\" \/>\n\t\t<meta name=\"twitter:card\" content=\"summary_large_image\" \/>\n\t\t<meta name=\"twitter:site\" content=\"@NabercoDigital\" \/>\n\t\t<meta name=\"twitter:title\" content=\"Silvia Jato regresa a \u2018La ma\u00f1ana\u2019 de La 1 | Cand\u00e1s 365\" \/>\n\t\t<meta name=\"twitter:description\" content=\"Silvia Jato regresa a La 1 y toma las riendas de &#039;La ma\u00f1ana&#039; durante las vacaciones de Mar\u00eda Casado. A partir del lunes 30 de julio presentar\u00e1 el magac\u00edn de actualidad de La 1 en su tercer verano como presentadora del programa. Adem\u00e1s desde el lunes, y tambi\u00e9n por tercer verano consecutivo, Berta Collado se\" \/>\n\t\t<meta name=\"twitter:creator\" content=\"@nbasturias\" \/>\n\t\t<meta name=\"twitter:image\" content=\"https:\/\/candas365.es\/noticias\/wp-content\/uploads\/2018\/07\/1532691956077.jpg\" \/>\n\t\t<meta name=\"twitter:label1\" content=\"Escrito por\" \/>\n\t\t<meta name=\"twitter:data1\" content=\"Cand\u00e1s 365\" \/>\n\t\t<meta name=\"twitter:label2\" content=\"Tiempo de lectura estimado\" \/>\n\t\t<meta name=\"twitter:data2\" content=\"2 minutos\" \/>\n\t\t<script type=\"application\/ld+json\" class=\"aioseo-schema\">\n\t\t\t{\"@context\":\"https:\\\/\\\/schema.org\",\"@graph\":[{\"@type\":\"BreadcrumbList\",\"@id\":\"https:\\\/\\\/candas365.es\\\/noticias\\\/silvia-jato-regresa-a-la-manana-de-la-1\\\/#breadcrumblist\",\"itemListElement\":[{\"@type\":\"ListItem\",\"@id\":\"https:\\\/\\\/candas365.es\\\/noticias#listItem\",\"position\":1,\"name\":\"Home\",\"item\":\"https:\\\/\\\/candas365.es\\\/noticias\",\"nextItem\":{\"@type\":\"ListItem\",\"@id\":\"https:\\\/\\\/candas365.es\\\/noticias\\\/category\\\/agenda\\\/#listItem\",\"name\":\"Agenda\"}},{\"@type\":\"ListItem\",\"@id\":\"https:\\\/\\\/candas365.es\\\/noticias\\\/category\\\/agenda\\\/#listItem\",\"position\":2,\"name\":\"Agenda\",\"item\":\"https:\\\/\\\/candas365.es\\\/noticias\\\/category\\\/agenda\\\/\",\"nextItem\":{\"@type\":\"ListItem\",\"@id\":\"https:\\\/\\\/candas365.es\\\/noticias\\\/silvia-jato-regresa-a-la-manana-de-la-1\\\/#listItem\",\"name\":\"Silvia Jato regresa a &#8216;La ma\\u00f1ana&#8217; de La 1\"},\"previousItem\":{\"@type\":\"ListItem\",\"@id\":\"https:\\\/\\\/candas365.es\\\/noticias#listItem\",\"name\":\"Home\"}},{\"@type\":\"ListItem\",\"@id\":\"https:\\\/\\\/candas365.es\\\/noticias\\\/silvia-jato-regresa-a-la-manana-de-la-1\\\/#listItem\",\"position\":3,\"name\":\"Silvia Jato regresa a &#8216;La ma\\u00f1ana&#8217; de La 1\",\"previousItem\":{\"@type\":\"ListItem\",\"@id\":\"https:\\\/\\\/candas365.es\\\/noticias\\\/category\\\/agenda\\\/#listItem\",\"name\":\"Agenda\"}}]},{\"@type\":\"NewsArticle\",\"@id\":\"https:\\\/\\\/candas365.es\\\/noticias\\\/silvia-jato-regresa-a-la-manana-de-la-1\\\/#newsarticle\",\"name\":\"Silvia Jato regresa a \\u2018La ma\\u00f1ana\\u2019 de La 1 | Cand\\u00e1s 365\",\"headline\":\"Silvia Jato regresa a &#8216;La ma\\u00f1ana&#8217; de La 1\",\"author\":{\"@id\":\"https:\\\/\\\/candas365.es\\\/noticias\\\/author\\\/admin\\\/#author\"},\"publisher\":{\"@id\":\"https:\\\/\\\/candas365.es\\\/noticias\\\/#organization\"},\"image\":{\"@type\":\"ImageObject\",\"url\":\"https:\\\/\\\/candas365.es\\\/noticias\\\/wp-content\\\/uploads\\\/2018\\\/07\\\/1532691956077.jpg\",\"width\":800,\"height\":533},\"datePublished\":\"2018-07-29T20:09:42+02:00\",\"dateModified\":\"2018-07-29T20:09:42+02:00\",\"inLanguage\":\"es-ES\",\"mainEntityOfPage\":{\"@id\":\"https:\\\/\\\/candas365.es\\\/noticias\\\/silvia-jato-regresa-a-la-manana-de-la-1\\\/#webpage\"},\"isPartOf\":{\"@id\":\"https:\\\/\\\/candas365.es\\\/noticias\\\/silvia-jato-regresa-a-la-manana-de-la-1\\\/#webpage\"},\"articleSection\":\"Agenda\",\"dateline\":\"Publicado el julio 29, 2018.\"},{\"@type\":\"Organization\",\"@id\":\"https:\\\/\\\/candas365.es\\\/noticias\\\/#organization\",\"name\":\"Cand\\u00e1s 365\",\"description\":\"Cand\\u00e1s 365 es un diario digital independiente, fundado en 2012, con base en Asturias. Informamos con rigor sobre actualidad, sociedad, cultura y ocio, con una mirada local y global.\",\"url\":\"https:\\\/\\\/candas365.es\\\/noticias\\\/\",\"email\":\"info@candas365.es\",\"telephone\":\"+34652131393\",\"foundingDate\":\"2012-06-10\",\"logo\":{\"@type\":\"ImageObject\",\"url\":\"https:\\\/\\\/candas365.es\\\/noticias\\\/wp-content\\\/uploads\\\/2024\\\/09\\\/Candas-365-Redes.jpg\",\"@id\":\"https:\\\/\\\/candas365.es\\\/noticias\\\/silvia-jato-regresa-a-la-manana-de-la-1\\\/#organizationLogo\",\"width\":1152,\"height\":864,\"caption\":\"Cand\\u00e1s 365 Redes\"},\"image\":{\"@id\":\"https:\\\/\\\/candas365.es\\\/noticias\\\/silvia-jato-regresa-a-la-manana-de-la-1\\\/#organizationLogo\"},\"sameAs\":[\"https:\\\/\\\/www.facebook.com\\\/Nachofdezber\",\"https:\\\/\\\/x.com\\\/NabercoDigital\",\"https:\\\/\\\/www.instagram.com\\\/nachofdezber\\\/\",\"https:\\\/\\\/www.youtube.com\\\/channel\\\/UCZP-2wLEB9Rv6erhFmqVnvg\"],\"address\":{\"@id\":\"https:\\\/\\\/candas365.es\\\/noticias\\\/#postaladdress\",\"@type\":\"PostalAddress\",\"streetAddress\":\"san antonio 4, san antonio 4\",\"postalCode\":\"33430\",\"addressLocality\":\"Cand\\u00e1s\",\"addressRegion\":\"Asturias\",\"addressCountry\":\"ES\"}},{\"@type\":\"Person\",\"@id\":\"https:\\\/\\\/candas365.es\\\/noticias\\\/author\\\/admin\\\/#author\",\"url\":\"https:\\\/\\\/candas365.es\\\/noticias\\\/author\\\/admin\\\/\",\"name\":\"Cand\\u00e1s 365\",\"image\":{\"@type\":\"ImageObject\",\"@id\":\"https:\\\/\\\/candas365.es\\\/noticias\\\/silvia-jato-regresa-a-la-manana-de-la-1\\\/#authorImage\",\"url\":\"https:\\\/\\\/secure.gravatar.com\\\/avatar\\\/496a8e03d0c493ede1718b7934145dbdf8d89be1036b0eec9544e1094c9de390?s=96&d=mm&r=g\",\"width\":96,\"height\":96,\"caption\":\"Cand\\u00e1s 365\"},\"sameAs\":[\"https:\\\/\\\/www.facebook.com\\\/carrenoactualidad\",\"https:\\\/\\\/twitter.com\\\/nbasturias\",\"https:\\\/\\\/www.instagram.com\\\/nachofdezber\\\/\",\"https:\\\/\\\/www.youtube.com\\\/channel\\\/UCZP-2wLEB9Rv6erhFmqVnvg\"]},{\"@type\":\"WebPage\",\"@id\":\"https:\\\/\\\/candas365.es\\\/noticias\\\/silvia-jato-regresa-a-la-manana-de-la-1\\\/#webpage\",\"url\":\"https:\\\/\\\/candas365.es\\\/noticias\\\/silvia-jato-regresa-a-la-manana-de-la-1\\\/\",\"name\":\"Silvia Jato regresa a \\u2018La ma\\u00f1ana\\u2019 de La 1 | Cand\\u00e1s 365\",\"description\":\"Silvia Jato regresa a La 1 y toma las riendas de 'La ma\\u00f1ana' durante las vacaciones de Mar\\u00eda Casado. A partir del lunes 30 de julio presentar\\u00e1 el magac\\u00edn de actualidad de La 1 en su tercer verano como presentadora del programa. Adem\\u00e1s desde el lunes, y tambi\\u00e9n por tercer verano consecutivo, Berta Collado se\",\"inLanguage\":\"es-ES\",\"isPartOf\":{\"@id\":\"https:\\\/\\\/candas365.es\\\/noticias\\\/#website\"},\"breadcrumb\":{\"@id\":\"https:\\\/\\\/candas365.es\\\/noticias\\\/silvia-jato-regresa-a-la-manana-de-la-1\\\/#breadcrumblist\"},\"author\":{\"@id\":\"https:\\\/\\\/candas365.es\\\/noticias\\\/author\\\/admin\\\/#author\"},\"creator\":{\"@id\":\"https:\\\/\\\/candas365.es\\\/noticias\\\/author\\\/admin\\\/#author\"},\"image\":{\"@type\":\"ImageObject\",\"url\":\"https:\\\/\\\/candas365.es\\\/noticias\\\/wp-content\\\/uploads\\\/2018\\\/07\\\/1532691956077.jpg\",\"@id\":\"https:\\\/\\\/candas365.es\\\/noticias\\\/silvia-jato-regresa-a-la-manana-de-la-1\\\/#mainImage\",\"width\":800,\"height\":533},\"primaryImageOfPage\":{\"@id\":\"https:\\\/\\\/candas365.es\\\/noticias\\\/silvia-jato-regresa-a-la-manana-de-la-1\\\/#mainImage\"},\"datePublished\":\"2018-07-29T20:09:42+02:00\",\"dateModified\":\"2018-07-29T20:09:42+02:00\"},{\"@type\":\"WebSite\",\"@id\":\"https:\\\/\\\/candas365.es\\\/noticias\\\/#website\",\"url\":\"https:\\\/\\\/candas365.es\\\/noticias\\\/\",\"name\":\"Cand\\u00e1s 365\",\"alternateName\":\"Cand\\u00e1s 365 Noticias\",\"description\":\"Actualidad desde Carre\\u00f1o para el mundo\",\"inLanguage\":\"es-ES\",\"publisher\":{\"@id\":\"https:\\\/\\\/candas365.es\\\/noticias\\\/#organization\"}}]}\n\t\t<\/script>\n\t\t<!-- All in One SEO Pro -->\r\n\t\t<title>Silvia Jato regresa a \u2018La ma\u00f1ana\u2019 de La 1 | Cand\u00e1s 365<\/title>\n\n","aioseo_head_json":{"title":"Silvia Jato regresa a \u2018La ma\u00f1ana\u2019 de La 1 | Cand\u00e1s 365","description":"Silvia Jato regresa a La 1 y toma las riendas de 'La ma\u00f1ana' durante las vacaciones de Mar\u00eda Casado. A partir del lunes 30 de julio presentar\u00e1 el magac\u00edn de actualidad de La 1 en su tercer verano como presentadora del programa. Adem\u00e1s desde el lunes, y tambi\u00e9n por tercer verano consecutivo, Berta Collado se","canonical_url":"https:\/\/candas365.es\/noticias\/silvia-jato-regresa-a-la-manana-de-la-1\/","robots":"max-image-preview:large","keywords":"agenda","webmasterTools":{"google-site-verification":"UA-32230408-1","msvalidate.01":"354F3CDFB2DA171B47FBE9ABF1F88D5","miscellaneous":""},"schema":{"@context":"https:\/\/schema.org","@graph":[{"@type":"BreadcrumbList","@id":"https:\/\/candas365.es\/noticias\/silvia-jato-regresa-a-la-manana-de-la-1\/#breadcrumblist","itemListElement":[{"@type":"ListItem","@id":"https:\/\/candas365.es\/noticias#listItem","position":1,"name":"Home","item":"https:\/\/candas365.es\/noticias","nextItem":{"@type":"ListItem","@id":"https:\/\/candas365.es\/noticias\/category\/agenda\/#listItem","name":"Agenda"}},{"@type":"ListItem","@id":"https:\/\/candas365.es\/noticias\/category\/agenda\/#listItem","position":2,"name":"Agenda","item":"https:\/\/candas365.es\/noticias\/category\/agenda\/","nextItem":{"@type":"ListItem","@id":"https:\/\/candas365.es\/noticias\/silvia-jato-regresa-a-la-manana-de-la-1\/#listItem","name":"Silvia Jato regresa a &#8216;La ma\u00f1ana&#8217; de La 1"},"previousItem":{"@type":"ListItem","@id":"https:\/\/candas365.es\/noticias#listItem","name":"Home"}},{"@type":"ListItem","@id":"https:\/\/candas365.es\/noticias\/silvia-jato-regresa-a-la-manana-de-la-1\/#listItem","position":3,"name":"Silvia Jato regresa a &#8216;La ma\u00f1ana&#8217; de La 1","previousItem":{"@type":"ListItem","@id":"https:\/\/candas365.es\/noticias\/category\/agenda\/#listItem","name":"Agenda"}}]},{"@type":"NewsArticle","@id":"https:\/\/candas365.es\/noticias\/silvia-jato-regresa-a-la-manana-de-la-1\/#newsarticle","name":"Silvia Jato regresa a \u2018La ma\u00f1ana\u2019 de La 1 | Cand\u00e1s 365","headline":"Silvia Jato regresa a &#8216;La ma\u00f1ana&#8217; de La 1","author":{"@id":"https:\/\/candas365.es\/noticias\/author\/admin\/#author"},"publisher":{"@id":"https:\/\/candas365.es\/noticias\/#organization"},"image":{"@type":"ImageObject","url":"https:\/\/candas365.es\/noticias\/wp-content\/uploads\/2018\/07\/1532691956077.jpg","width":800,"height":533},"datePublished":"2018-07-29T20:09:42+02:00","dateModified":"2018-07-29T20:09:42+02:00","inLanguage":"es-ES","mainEntityOfPage":{"@id":"https:\/\/candas365.es\/noticias\/silvia-jato-regresa-a-la-manana-de-la-1\/#webpage"},"isPartOf":{"@id":"https:\/\/candas365.es\/noticias\/silvia-jato-regresa-a-la-manana-de-la-1\/#webpage"},"articleSection":"Agenda","dateline":"Publicado el julio 29, 2018."},{"@type":"Organization","@id":"https:\/\/candas365.es\/noticias\/#organization","name":"Cand\u00e1s 365","description":"Cand\u00e1s 365 es un diario digital independiente, fundado en 2012, con base en Asturias. Informamos con rigor sobre actualidad, sociedad, cultura y ocio, con una mirada local y global.","url":"https:\/\/candas365.es\/noticias\/","email":"info@candas365.es","telephone":"+34652131393","foundingDate":"2012-06-10","logo":{"@type":"ImageObject","url":"https:\/\/candas365.es\/noticias\/wp-content\/uploads\/2024\/09\/Candas-365-Redes.jpg","@id":"https:\/\/candas365.es\/noticias\/silvia-jato-regresa-a-la-manana-de-la-1\/#organizationLogo","width":1152,"height":864,"caption":"Cand\u00e1s 365 Redes"},"image":{"@id":"https:\/\/candas365.es\/noticias\/silvia-jato-regresa-a-la-manana-de-la-1\/#organizationLogo"},"sameAs":["https:\/\/www.facebook.com\/Nachofdezber","https:\/\/x.com\/NabercoDigital","https:\/\/www.instagram.com\/nachofdezber\/","https:\/\/www.youtube.com\/channel\/UCZP-2wLEB9Rv6erhFmqVnvg"],"address":{"@id":"https:\/\/candas365.es\/noticias\/#postaladdress","@type":"PostalAddress","streetAddress":"san antonio 4, san antonio 4","postalCode":"33430","addressLocality":"Cand\u00e1s","addressRegion":"Asturias","addressCountry":"ES"}},{"@type":"Person","@id":"https:\/\/candas365.es\/noticias\/author\/admin\/#author","url":"https:\/\/candas365.es\/noticias\/author\/admin\/","name":"Cand\u00e1s 365","image":{"@type":"ImageObject","@id":"https:\/\/candas365.es\/noticias\/silvia-jato-regresa-a-la-manana-de-la-1\/#authorImage","url":"https:\/\/secure.gravatar.com\/avatar\/496a8e03d0c493ede1718b7934145dbdf8d89be1036b0eec9544e1094c9de390?s=96&d=mm&r=g","width":96,"height":96,"caption":"Cand\u00e1s 365"},"sameAs":["https:\/\/www.facebook.com\/carrenoactualidad","https:\/\/twitter.com\/nbasturias","https:\/\/www.instagram.com\/nachofdezber\/","https:\/\/www.youtube.com\/channel\/UCZP-2wLEB9Rv6erhFmqVnvg"]},{"@type":"WebPage","@id":"https:\/\/candas365.es\/noticias\/silvia-jato-regresa-a-la-manana-de-la-1\/#webpage","url":"https:\/\/candas365.es\/noticias\/silvia-jato-regresa-a-la-manana-de-la-1\/","name":"Silvia Jato regresa a \u2018La ma\u00f1ana\u2019 de La 1 | Cand\u00e1s 365","description":"Silvia Jato regresa a La 1 y toma las riendas de 'La ma\u00f1ana' durante las vacaciones de Mar\u00eda Casado. A partir del lunes 30 de julio presentar\u00e1 el magac\u00edn de actualidad de La 1 en su tercer verano como presentadora del programa. Adem\u00e1s desde el lunes, y tambi\u00e9n por tercer verano consecutivo, Berta Collado se","inLanguage":"es-ES","isPartOf":{"@id":"https:\/\/candas365.es\/noticias\/#website"},"breadcrumb":{"@id":"https:\/\/candas365.es\/noticias\/silvia-jato-regresa-a-la-manana-de-la-1\/#breadcrumblist"},"author":{"@id":"https:\/\/candas365.es\/noticias\/author\/admin\/#author"},"creator":{"@id":"https:\/\/candas365.es\/noticias\/author\/admin\/#author"},"image":{"@type":"ImageObject","url":"https:\/\/candas365.es\/noticias\/wp-content\/uploads\/2018\/07\/1532691956077.jpg","@id":"https:\/\/candas365.es\/noticias\/silvia-jato-regresa-a-la-manana-de-la-1\/#mainImage","width":800,"height":533},"primaryImageOfPage":{"@id":"https:\/\/candas365.es\/noticias\/silvia-jato-regresa-a-la-manana-de-la-1\/#mainImage"},"datePublished":"2018-07-29T20:09:42+02:00","dateModified":"2018-07-29T20:09:42+02:00"},{"@type":"WebSite","@id":"https:\/\/candas365.es\/noticias\/#website","url":"https:\/\/candas365.es\/noticias\/","name":"Cand\u00e1s 365","alternateName":"Cand\u00e1s 365 Noticias","description":"Actualidad desde Carre\u00f1o para el mundo","inLanguage":"es-ES","publisher":{"@id":"https:\/\/candas365.es\/noticias\/#organization"}}]},"og:locale":"es_ES","og:site_name":"Cand\u00e1s 365","og:type":"article","og:title":"Silvia Jato regresa a \u2018La ma\u00f1ana\u2019 de La 1 | Cand\u00e1s 365","og:description":"Silvia Jato regresa a La 1 y toma las riendas de 'La ma\u00f1ana' durante las vacaciones de Mar\u00eda Casado. A partir del lunes 30 de julio presentar\u00e1 el magac\u00edn de actualidad de La 1 en su tercer verano como presentadora del programa. Adem\u00e1s desde el lunes, y tambi\u00e9n por tercer verano consecutivo, Berta Collado se","og:url":"https:\/\/candas365.es\/noticias\/silvia-jato-regresa-a-la-manana-de-la-1\/","og:image":"https:\/\/candas365.es\/noticias\/wp-content\/uploads\/2018\/07\/1532691956077.jpg","og:image:secure_url":"https:\/\/candas365.es\/noticias\/wp-content\/uploads\/2018\/07\/1532691956077.jpg","og:image:width":800,"og:image:height":533,"article:published_time":"2018-07-29T20:09:42+00:00","article:modified_time":"2018-07-29T20:09:42+00:00","article:publisher":"https:\/\/www.facebook.com\/Nachofdezber","article:author":"https:\/\/www.facebook.com\/carrenoactualidad","twitter:card":"summary_large_image","twitter:site":"@NabercoDigital","twitter:title":"Silvia Jato regresa a \u2018La ma\u00f1ana\u2019 de La 1 | Cand\u00e1s 365","twitter:description":"Silvia Jato regresa a La 1 y toma las riendas de 'La ma\u00f1ana' durante las vacaciones de Mar\u00eda Casado. A partir del lunes 30 de julio presentar\u00e1 el magac\u00edn de actualidad de La 1 en su tercer verano como presentadora del programa. Adem\u00e1s desde el lunes, y tambi\u00e9n por tercer verano consecutivo, Berta Collado se","twitter:creator":"@nbasturias","twitter:image":"https:\/\/candas365.es\/noticias\/wp-content\/uploads\/2018\/07\/1532691956077.jpg","twitter:label1":"Escrito por","twitter:data1":"Cand\u00e1s 365","twitter:label2":"Tiempo de lectura estimado","twitter:data2":"2 minutos"},"aioseo_meta_data":{"post_id":"101509","title":null,"description":null,"keywords":null,"keyphrases":null,"primary_term":null,"canonical_url":null,"og_title":null,"og_description":null,"og_object_type":"default","og_image_type":"default","og_image_url":null,"og_image_width":null,"og_image_height":null,"og_image_custom_url":null,"og_image_custom_fields":null,"og_video":null,"og_custom_url":null,"og_article_section":null,"og_article_tags":null,"twitter_use_og":false,"twitter_card":"default","twitter_image_type":"default","twitter_image_url":null,"twitter_image_custom_url":null,"twitter_image_custom_fields":null,"twitter_title":null,"twitter_description":null,"schema":{"blockGraphs":[],"customGraphs":[],"default":{"data":{"Article":[],"Course":[],"Dataset":[],"FAQPage":[],"Movie":[],"Person":[],"Product":[],"ProductReview":[],"Car":[],"Recipe":[],"Service":[],"SoftwareApplication":[],"WebPage":[]},"graphName":"","isEnabled":true},"graphs":[]},"schema_type":null,"schema_type_options":null,"pillar_content":false,"robots_default":true,"robots_noindex":false,"robots_noarchive":false,"robots_nosnippet":false,"robots_nofollow":false,"robots_noimageindex":false,"robots_noodp":false,"robots_notranslate":false,"robots_max_snippet":null,"robots_max_videopreview":null,"robots_max_imagepreview":"large","priority":null,"frequency":null,"location":null,"local_seo":null,"seo_analyzer_scan_date":"2025-08-27 11:41:11","breadcrumb_settings":null,"limit_modified_date":false,"reviewed_by":null,"open_ai":null,"ai":null,"created":"2020-12-21 10:55:21","updated":"2025-08-27 11:41:11"},"aioseo_breadcrumb":"<div class=\"aioseo-breadcrumbs\"><span class=\"aioseo-breadcrumb\">\n\t<a href=\"https:\/\/candas365.es\/noticias\" title=\"Home\">Home<\/a>\n<\/span><span class=\"aioseo-breadcrumb-separator\">&ndash;<\/span><span class=\"aioseo-breadcrumb\">\n\t<a href=\"https:\/\/candas365.es\/noticias\/category\/agenda\/\" title=\"Agenda\">Agenda<\/a>\n<\/span><span class=\"aioseo-breadcrumb-separator\">&ndash;<\/span><span class=\"aioseo-breadcrumb\">\n\tSilvia Jato regresa a \u2018La ma\u00f1ana\u2019 de La 1\n<\/span><\/div>","aioseo_breadcrumb_json":[{"label":"Home","link":"https:\/\/candas365.es\/noticias"},{"label":"Agenda","link":"https:\/\/candas365.es\/noticias\/category\/agenda\/"},{"label":"Silvia Jato regresa a &#8216;La ma\u00f1ana&#8217; de La 1","link":"https:\/\/candas365.es\/noticias\/silvia-jato-regresa-a-la-manana-de-la-1\/"}],"_links":{"self":[{"href":"https:\/\/candas365.es\/noticias\/wp-json\/wp\/v2\/posts\/101509","targetHints":{"allow":["GET"]}}],"collection":[{"href":"https:\/\/candas365.es\/noticias\/wp-json\/wp\/v2\/posts"}],"about":[{"href":"https:\/\/candas365.es\/noticias\/wp-json\/wp\/v2\/types\/post"}],"author":[{"embeddable":true,"href":"https:\/\/candas365.es\/noticias\/wp-json\/wp\/v2\/users\/1"}],"replies":[{"embeddable":true,"href":"https:\/\/candas365.es\/noticias\/wp-json\/wp\/v2\/comments?post=101509"}],"version-history":[{"count":0,"href":"https:\/\/candas365.es\/noticias\/wp-json\/wp\/v2\/posts\/101509\/revisions"}],"wp:featuredmedia":[{"embeddable":true,"href":"https:\/\/candas365.es\/noticias\/wp-json\/wp\/v2\/media\/101510"}],"wp:attachment":[{"href":"https:\/\/candas365.es\/noticias\/wp-json\/wp\/v2\/media?parent=101509"}],"wp:term":[{"taxonomy":"category","embeddable":true,"href":"https:\/\/candas365.es\/noticias\/wp-json\/wp\/v2\/categories?post=101509"},{"taxonomy":"post_tag","embeddable":true,"href":"https:\/\/candas365.es\/noticias\/wp-json\/wp\/v2\/tags?post=101509"}],"curies":[{"name":"wp","href":"https:\/\/api.w.org\/{rel}","templated":true}]}}