{"id":101319,"date":"2018-07-27T19:53:32","date_gmt":"2018-07-27T19:53:32","guid":{"rendered":"http:\/\/candas365.es\/noticias\/?p=101319"},"modified":"2018-07-27T19:53:32","modified_gmt":"2018-07-27T19:53:32","slug":"la-reparacion-del-dique-exterior-de-el-puntal-comenzara-este-ano","status":"publish","type":"post","link":"https:\/\/candas365.es\/noticias\/la-reparacion-del-dique-exterior-de-el-puntal-comenzara-este-ano\/","title":{"rendered":"La reparaci\u00f3n del dique exterior de El Puntal comenzar\u00e1 este a\u00f1o"},"content":{"rendered":"<p><img fetchpriority=\"high\" decoding=\"async\" class=\"alignleft size-medium wp-image-101320\" src=\"https:\/\/candas365.es\/noticias\/wp-content\/uploads\/2018\/07\/visita-actuaciones-puntal-360x203.jpg\" alt=\"\" width=\"360\" height=\"203\" srcset=\"https:\/\/candas365.es\/noticias\/wp-content\/uploads\/2018\/07\/visita-actuaciones-puntal-360x203.jpg 360w, https:\/\/candas365.es\/noticias\/wp-content\/uploads\/2018\/07\/visita-actuaciones-puntal-768x433.jpg 768w, https:\/\/candas365.es\/noticias\/wp-content\/uploads\/2018\/07\/visita-actuaciones-puntal-655x369.jpg 655w, https:\/\/candas365.es\/noticias\/wp-content\/uploads\/2018\/07\/visita-actuaciones-puntal-696x392.jpg 696w, https:\/\/candas365.es\/noticias\/wp-content\/uploads\/2018\/07\/visita-actuaciones-puntal-1068x602.jpg 1068w, https:\/\/candas365.es\/noticias\/wp-content\/uploads\/2018\/07\/visita-actuaciones-puntal-746x420.jpg 746w, https:\/\/candas365.es\/noticias\/wp-content\/uploads\/2018\/07\/visita-actuaciones-puntal.jpg 1280w\" sizes=\"(max-width: 360px) 100vw, 360px\" \/>El consejero de Infraestructuras, Ordenaci\u00f3n del Territorio y Medio Ambiente, Fernando Lastra, ha visitado hoy el puerto de El Puntal, en el concejo de Villaviciosa, donde ha informado de que su departamento tiene previsto iniciar este a\u00f1o la reparaci\u00f3n del dique exterior, en el marco de una actuaci\u00f3n plurianual con cargo al cr\u00e9dito extraordinario. Los trabajos contar\u00e1n con un plazo de ejecuci\u00f3n de doce meses y el presupuesto de licitaci\u00f3n rondar\u00e1 los 800.000 euros.<\/p>\n<p>Acompa\u00f1ado por el director general de Infraestructuras y Transportes, Jos\u00e9 Mar\u00eda Pertierra, y el alcalde del municipio, Alejandro Vega, Lastra ha explicado que la d\u00e1rsena del puerto tiene dos diques de protecci\u00f3n, uno situado al sur y otro al este. Este \u00faltimo, que separa la d\u00e1rsena de la r\u00eda, est\u00e1 sometido a la acci\u00f3n permanente de las mareas, por lo que presenta un importante deterioro que exige su reconstrucci\u00f3n.<\/p>\n<p>La infraestructura tiene una longitud total de 302 metros, de los que los 21 iniciales ya han sido reparados, por lo que en la siguiente fase se actuar\u00e1 sobre los cuatro metros superiores del dique, los m\u00e1s afectados de los 280 restantes.<\/p>\n<p>El titular de Medio Ambiente ha supervisado las actuaciones llevadas a cabo en el puerto, que han consistido en la instalaci\u00f3n de una gr\u00faa n\u00e1utica de brazo giratorio, con capacidad para levantar hasta 8.000 kilogramos, y en la construcci\u00f3n de una marina seca. La inversi\u00f3n, que ha superado los 222.200 euros, ha permitido tambi\u00e9n la mejora de terrenos adyacentes y la puesta en marcha de nuevos servicios de aguas, alumbrado y energ\u00eda el\u00e9ctrica.<\/p>\n<p>Por \u00faltimo, Lastra ha visitado el punto de la carretera VV-5 en el que su departamento tuvo que actuar de emergencia para retirar los desprendimientos registrados esta primavera como consecuencia de las intensas precipitaciones, que llegaron a dificultar el acceso a la localidad y al propio puerto.<\/p>\n","protected":false},"excerpt":{"rendered":"<p>El consejero de Infraestructuras, Ordenaci\u00f3n del Territorio y Medio Ambiente, Fernando Lastra, ha visitado hoy el puerto de El Puntal, en el concejo de Villaviciosa, donde ha informado de que su departamento tiene previsto iniciar este a\u00f1o la reparaci\u00f3n del dique exterior, en el marco de una actuaci\u00f3n plurianual con cargo al cr\u00e9dito extraordinario. Los<\/p>\n","protected":false},"author":1,"featured_media":101320,"comment_status":"closed","ping_status":"closed","sticky":false,"template":"","format":"standard","meta":{"footnotes":""},"categories":[7],"tags":[],"class_list":{"0":"post-101319","1":"post","2":"type-post","3":"status-publish","4":"format-standard","5":"has-post-thumbnail","7":"category-asturias"},"aioseo_notices":[],"aioseo_head":"\n\t\t<!-- All in One SEO Pro 4.9.6.2 - aioseo.com -->\n\t<meta name=\"description\" content=\"El consejero de Infraestructuras, Ordenaci\u00f3n del Territorio y Medio Ambiente, Fernando Lastra, ha visitado hoy el puerto de El Puntal, en el concejo de Villaviciosa, donde ha informado de que su departamento tiene previsto iniciar este a\u00f1o la reparaci\u00f3n del dique exterior, en el marco de una actuaci\u00f3n plurianual con cargo al cr\u00e9dito extraordinario. Los\" \/>\n\t<meta name=\"robots\" content=\"max-image-preview:large\" \/>\n\t<meta name=\"author\" content=\"Cand\u00e1s 365\"\/>\n\t<meta name=\"google-site-verification\" content=\"UA-32230408-1\" \/>\n\t<meta name=\"msvalidate.01\" content=\"354F3CDFB2DA171B47FBE9ABF1F88D5\" \/>\n\t<meta name=\"keywords\" content=\"asturias\" \/>\n\t<link rel=\"canonical\" href=\"https:\/\/candas365.es\/noticias\/la-reparacion-del-dique-exterior-de-el-puntal-comenzara-este-ano\/\" \/>\n\t<meta name=\"generator\" content=\"All in One SEO Pro (AIOSEO) 4.9.6.2\" \/>\n\t\t<meta property=\"og:locale\" content=\"es_ES\" \/>\n\t\t<meta property=\"og:site_name\" content=\"Cand\u00e1s 365\" \/>\n\t\t<meta property=\"og:type\" content=\"article\" \/>\n\t\t<meta property=\"og:title\" content=\"La reparaci\u00f3n del dique exterior de El Puntal comenzar\u00e1 este a\u00f1o | Cand\u00e1s 365\" \/>\n\t\t<meta property=\"og:description\" content=\"El consejero de Infraestructuras, Ordenaci\u00f3n del Territorio y Medio Ambiente, Fernando Lastra, ha visitado hoy el puerto de El Puntal, en el concejo de Villaviciosa, donde ha informado de que su departamento tiene previsto iniciar este a\u00f1o la reparaci\u00f3n del dique exterior, en el marco de una actuaci\u00f3n plurianual con cargo al cr\u00e9dito extraordinario. Los\" \/>\n\t\t<meta property=\"og:url\" content=\"https:\/\/candas365.es\/noticias\/la-reparacion-del-dique-exterior-de-el-puntal-comenzara-este-ano\/\" \/>\n\t\t<meta property=\"og:image\" content=\"https:\/\/candas365.es\/noticias\/wp-content\/uploads\/2018\/07\/visita-actuaciones-puntal.jpg\" \/>\n\t\t<meta property=\"og:image:secure_url\" content=\"https:\/\/candas365.es\/noticias\/wp-content\/uploads\/2018\/07\/visita-actuaciones-puntal.jpg\" \/>\n\t\t<meta property=\"og:image:width\" content=\"1280\" \/>\n\t\t<meta property=\"og:image:height\" content=\"721\" \/>\n\t\t<meta property=\"article:published_time\" content=\"2018-07-27T19:53:32+00:00\" \/>\n\t\t<meta property=\"article:modified_time\" content=\"2018-07-27T19:53:32+00:00\" \/>\n\t\t<meta property=\"article:publisher\" content=\"https:\/\/www.facebook.com\/Nachofdezber\" \/>\n\t\t<meta property=\"article:author\" content=\"https:\/\/www.facebook.com\/carrenoactualidad\" \/>\n\t\t<meta name=\"twitter:card\" content=\"summary_large_image\" \/>\n\t\t<meta name=\"twitter:site\" content=\"@NabercoDigital\" \/>\n\t\t<meta name=\"twitter:title\" content=\"La reparaci\u00f3n del dique exterior de El Puntal comenzar\u00e1 este a\u00f1o | Cand\u00e1s 365\" \/>\n\t\t<meta name=\"twitter:description\" content=\"El consejero de Infraestructuras, Ordenaci\u00f3n del Territorio y Medio Ambiente, Fernando Lastra, ha visitado hoy el puerto de El Puntal, en el concejo de Villaviciosa, donde ha informado de que su departamento tiene previsto iniciar este a\u00f1o la reparaci\u00f3n del dique exterior, en el marco de una actuaci\u00f3n plurianual con cargo al cr\u00e9dito extraordinario. Los\" \/>\n\t\t<meta name=\"twitter:creator\" content=\"@nbasturias\" \/>\n\t\t<meta name=\"twitter:image\" content=\"https:\/\/candas365.es\/noticias\/wp-content\/uploads\/2018\/07\/visita-actuaciones-puntal.jpg\" \/>\n\t\t<meta name=\"twitter:label1\" content=\"Escrito por\" \/>\n\t\t<meta name=\"twitter:data1\" content=\"Cand\u00e1s 365\" \/>\n\t\t<meta name=\"twitter:label2\" content=\"Tiempo de lectura estimado\" \/>\n\t\t<meta name=\"twitter:data2\" content=\"2 minutos\" \/>\n\t\t<script type=\"application\/ld+json\" class=\"aioseo-schema\">\n\t\t\t{\"@context\":\"https:\\\/\\\/schema.org\",\"@graph\":[{\"@type\":\"BreadcrumbList\",\"@id\":\"https:\\\/\\\/candas365.es\\\/noticias\\\/la-reparacion-del-dique-exterior-de-el-puntal-comenzara-este-ano\\\/#breadcrumblist\",\"itemListElement\":[{\"@type\":\"ListItem\",\"@id\":\"https:\\\/\\\/candas365.es\\\/noticias#listItem\",\"position\":1,\"name\":\"Home\",\"item\":\"https:\\\/\\\/candas365.es\\\/noticias\",\"nextItem\":{\"@type\":\"ListItem\",\"@id\":\"https:\\\/\\\/candas365.es\\\/noticias\\\/category\\\/asturias\\\/#listItem\",\"name\":\"Asturias\"}},{\"@type\":\"ListItem\",\"@id\":\"https:\\\/\\\/candas365.es\\\/noticias\\\/category\\\/asturias\\\/#listItem\",\"position\":2,\"name\":\"Asturias\",\"item\":\"https:\\\/\\\/candas365.es\\\/noticias\\\/category\\\/asturias\\\/\",\"nextItem\":{\"@type\":\"ListItem\",\"@id\":\"https:\\\/\\\/candas365.es\\\/noticias\\\/la-reparacion-del-dique-exterior-de-el-puntal-comenzara-este-ano\\\/#listItem\",\"name\":\"La reparaci\\u00f3n del dique exterior de El Puntal comenzar\\u00e1 este a\\u00f1o\"},\"previousItem\":{\"@type\":\"ListItem\",\"@id\":\"https:\\\/\\\/candas365.es\\\/noticias#listItem\",\"name\":\"Home\"}},{\"@type\":\"ListItem\",\"@id\":\"https:\\\/\\\/candas365.es\\\/noticias\\\/la-reparacion-del-dique-exterior-de-el-puntal-comenzara-este-ano\\\/#listItem\",\"position\":3,\"name\":\"La reparaci\\u00f3n del dique exterior de El Puntal comenzar\\u00e1 este a\\u00f1o\",\"previousItem\":{\"@type\":\"ListItem\",\"@id\":\"https:\\\/\\\/candas365.es\\\/noticias\\\/category\\\/asturias\\\/#listItem\",\"name\":\"Asturias\"}}]},{\"@type\":\"NewsArticle\",\"@id\":\"https:\\\/\\\/candas365.es\\\/noticias\\\/la-reparacion-del-dique-exterior-de-el-puntal-comenzara-este-ano\\\/#newsarticle\",\"name\":\"La reparaci\\u00f3n del dique exterior de El Puntal comenzar\\u00e1 este a\\u00f1o | Cand\\u00e1s 365\",\"headline\":\"La reparaci\\u00f3n del dique exterior de El Puntal comenzar\\u00e1 este a\\u00f1o\",\"author\":{\"@id\":\"https:\\\/\\\/candas365.es\\\/noticias\\\/author\\\/admin\\\/#author\"},\"publisher\":{\"@id\":\"https:\\\/\\\/candas365.es\\\/noticias\\\/#organization\"},\"image\":{\"@type\":\"ImageObject\",\"url\":\"https:\\\/\\\/candas365.es\\\/noticias\\\/wp-content\\\/uploads\\\/2018\\\/07\\\/visita-actuaciones-puntal.jpg\",\"width\":1280,\"height\":721},\"datePublished\":\"2018-07-27T19:53:32+02:00\",\"dateModified\":\"2018-07-27T19:53:32+02:00\",\"inLanguage\":\"es-ES\",\"mainEntityOfPage\":{\"@id\":\"https:\\\/\\\/candas365.es\\\/noticias\\\/la-reparacion-del-dique-exterior-de-el-puntal-comenzara-este-ano\\\/#webpage\"},\"isPartOf\":{\"@id\":\"https:\\\/\\\/candas365.es\\\/noticias\\\/la-reparacion-del-dique-exterior-de-el-puntal-comenzara-este-ano\\\/#webpage\"},\"articleSection\":\"Asturias\",\"dateline\":\"Publicado el julio 27, 2018.\"},{\"@type\":\"Organization\",\"@id\":\"https:\\\/\\\/candas365.es\\\/noticias\\\/#organization\",\"name\":\"Cand\\u00e1s 365\",\"description\":\"Cand\\u00e1s 365 es un diario digital independiente, fundado en 2012, con base en Asturias. Informamos con rigor sobre actualidad, sociedad, cultura y ocio, con una mirada local y global.\",\"url\":\"https:\\\/\\\/candas365.es\\\/noticias\\\/\",\"email\":\"info@candas365.es\",\"telephone\":\"+34652131393\",\"foundingDate\":\"2012-06-10\",\"logo\":{\"@type\":\"ImageObject\",\"url\":\"https:\\\/\\\/candas365.es\\\/noticias\\\/wp-content\\\/uploads\\\/2024\\\/09\\\/Candas-365-Redes.jpg\",\"@id\":\"https:\\\/\\\/candas365.es\\\/noticias\\\/la-reparacion-del-dique-exterior-de-el-puntal-comenzara-este-ano\\\/#organizationLogo\",\"width\":1152,\"height\":864,\"caption\":\"Cand\\u00e1s 365 Redes\"},\"image\":{\"@id\":\"https:\\\/\\\/candas365.es\\\/noticias\\\/la-reparacion-del-dique-exterior-de-el-puntal-comenzara-este-ano\\\/#organizationLogo\"},\"sameAs\":[\"https:\\\/\\\/www.facebook.com\\\/Nachofdezber\",\"https:\\\/\\\/x.com\\\/NabercoDigital\",\"https:\\\/\\\/www.instagram.com\\\/nachofdezber\\\/\",\"https:\\\/\\\/www.youtube.com\\\/channel\\\/UCZP-2wLEB9Rv6erhFmqVnvg\"],\"address\":{\"@id\":\"https:\\\/\\\/candas365.es\\\/noticias\\\/#postaladdress\",\"@type\":\"PostalAddress\",\"streetAddress\":\"san antonio 4, san antonio 4\",\"postalCode\":\"33430\",\"addressLocality\":\"Cand\\u00e1s\",\"addressRegion\":\"Asturias\",\"addressCountry\":\"ES\"}},{\"@type\":\"Person\",\"@id\":\"https:\\\/\\\/candas365.es\\\/noticias\\\/author\\\/admin\\\/#author\",\"url\":\"https:\\\/\\\/candas365.es\\\/noticias\\\/author\\\/admin\\\/\",\"name\":\"Cand\\u00e1s 365\",\"image\":{\"@type\":\"ImageObject\",\"@id\":\"https:\\\/\\\/candas365.es\\\/noticias\\\/la-reparacion-del-dique-exterior-de-el-puntal-comenzara-este-ano\\\/#authorImage\",\"url\":\"https:\\\/\\\/secure.gravatar.com\\\/avatar\\\/496a8e03d0c493ede1718b7934145dbdf8d89be1036b0eec9544e1094c9de390?s=96&d=mm&r=g\",\"width\":96,\"height\":96,\"caption\":\"Cand\\u00e1s 365\"},\"sameAs\":[\"https:\\\/\\\/www.facebook.com\\\/carrenoactualidad\",\"https:\\\/\\\/twitter.com\\\/nbasturias\",\"https:\\\/\\\/www.instagram.com\\\/nachofdezber\\\/\",\"https:\\\/\\\/www.youtube.com\\\/channel\\\/UCZP-2wLEB9Rv6erhFmqVnvg\"]},{\"@type\":\"WebPage\",\"@id\":\"https:\\\/\\\/candas365.es\\\/noticias\\\/la-reparacion-del-dique-exterior-de-el-puntal-comenzara-este-ano\\\/#webpage\",\"url\":\"https:\\\/\\\/candas365.es\\\/noticias\\\/la-reparacion-del-dique-exterior-de-el-puntal-comenzara-este-ano\\\/\",\"name\":\"La reparaci\\u00f3n del dique exterior de El Puntal comenzar\\u00e1 este a\\u00f1o | Cand\\u00e1s 365\",\"description\":\"El consejero de Infraestructuras, Ordenaci\\u00f3n del Territorio y Medio Ambiente, Fernando Lastra, ha visitado hoy el puerto de El Puntal, en el concejo de Villaviciosa, donde ha informado de que su departamento tiene previsto iniciar este a\\u00f1o la reparaci\\u00f3n del dique exterior, en el marco de una actuaci\\u00f3n plurianual con cargo al cr\\u00e9dito extraordinario. Los\",\"inLanguage\":\"es-ES\",\"isPartOf\":{\"@id\":\"https:\\\/\\\/candas365.es\\\/noticias\\\/#website\"},\"breadcrumb\":{\"@id\":\"https:\\\/\\\/candas365.es\\\/noticias\\\/la-reparacion-del-dique-exterior-de-el-puntal-comenzara-este-ano\\\/#breadcrumblist\"},\"author\":{\"@id\":\"https:\\\/\\\/candas365.es\\\/noticias\\\/author\\\/admin\\\/#author\"},\"creator\":{\"@id\":\"https:\\\/\\\/candas365.es\\\/noticias\\\/author\\\/admin\\\/#author\"},\"image\":{\"@type\":\"ImageObject\",\"url\":\"https:\\\/\\\/candas365.es\\\/noticias\\\/wp-content\\\/uploads\\\/2018\\\/07\\\/visita-actuaciones-puntal.jpg\",\"@id\":\"https:\\\/\\\/candas365.es\\\/noticias\\\/la-reparacion-del-dique-exterior-de-el-puntal-comenzara-este-ano\\\/#mainImage\",\"width\":1280,\"height\":721},\"primaryImageOfPage\":{\"@id\":\"https:\\\/\\\/candas365.es\\\/noticias\\\/la-reparacion-del-dique-exterior-de-el-puntal-comenzara-este-ano\\\/#mainImage\"},\"datePublished\":\"2018-07-27T19:53:32+02:00\",\"dateModified\":\"2018-07-27T19:53:32+02:00\"},{\"@type\":\"WebSite\",\"@id\":\"https:\\\/\\\/candas365.es\\\/noticias\\\/#website\",\"url\":\"https:\\\/\\\/candas365.es\\\/noticias\\\/\",\"name\":\"Cand\\u00e1s 365\",\"alternateName\":\"Cand\\u00e1s 365 Noticias\",\"description\":\"Actualidad desde Carre\\u00f1o para el mundo\",\"inLanguage\":\"es-ES\",\"publisher\":{\"@id\":\"https:\\\/\\\/candas365.es\\\/noticias\\\/#organization\"}}]}\n\t\t<\/script>\n\t\t<!-- All in One SEO Pro -->\r\n\t\t<title>La reparaci\u00f3n del dique exterior de El Puntal comenzar\u00e1 este a\u00f1o | Cand\u00e1s 365<\/title>\n\n","aioseo_head_json":{"title":"La reparaci\u00f3n del dique exterior de El Puntal comenzar\u00e1 este a\u00f1o | Cand\u00e1s 365","description":"El consejero de Infraestructuras, Ordenaci\u00f3n del Territorio y Medio Ambiente, Fernando Lastra, ha visitado hoy el puerto de El Puntal, en el concejo de Villaviciosa, donde ha informado de que su departamento tiene previsto iniciar este a\u00f1o la reparaci\u00f3n del dique exterior, en el marco de una actuaci\u00f3n plurianual con cargo al cr\u00e9dito extraordinario. Los","canonical_url":"https:\/\/candas365.es\/noticias\/la-reparacion-del-dique-exterior-de-el-puntal-comenzara-este-ano\/","robots":"max-image-preview:large","keywords":"asturias","webmasterTools":{"google-site-verification":"UA-32230408-1","msvalidate.01":"354F3CDFB2DA171B47FBE9ABF1F88D5","miscellaneous":""},"schema":{"@context":"https:\/\/schema.org","@graph":[{"@type":"BreadcrumbList","@id":"https:\/\/candas365.es\/noticias\/la-reparacion-del-dique-exterior-de-el-puntal-comenzara-este-ano\/#breadcrumblist","itemListElement":[{"@type":"ListItem","@id":"https:\/\/candas365.es\/noticias#listItem","position":1,"name":"Home","item":"https:\/\/candas365.es\/noticias","nextItem":{"@type":"ListItem","@id":"https:\/\/candas365.es\/noticias\/category\/asturias\/#listItem","name":"Asturias"}},{"@type":"ListItem","@id":"https:\/\/candas365.es\/noticias\/category\/asturias\/#listItem","position":2,"name":"Asturias","item":"https:\/\/candas365.es\/noticias\/category\/asturias\/","nextItem":{"@type":"ListItem","@id":"https:\/\/candas365.es\/noticias\/la-reparacion-del-dique-exterior-de-el-puntal-comenzara-este-ano\/#listItem","name":"La reparaci\u00f3n del dique exterior de El Puntal comenzar\u00e1 este a\u00f1o"},"previousItem":{"@type":"ListItem","@id":"https:\/\/candas365.es\/noticias#listItem","name":"Home"}},{"@type":"ListItem","@id":"https:\/\/candas365.es\/noticias\/la-reparacion-del-dique-exterior-de-el-puntal-comenzara-este-ano\/#listItem","position":3,"name":"La reparaci\u00f3n del dique exterior de El Puntal comenzar\u00e1 este a\u00f1o","previousItem":{"@type":"ListItem","@id":"https:\/\/candas365.es\/noticias\/category\/asturias\/#listItem","name":"Asturias"}}]},{"@type":"NewsArticle","@id":"https:\/\/candas365.es\/noticias\/la-reparacion-del-dique-exterior-de-el-puntal-comenzara-este-ano\/#newsarticle","name":"La reparaci\u00f3n del dique exterior de El Puntal comenzar\u00e1 este a\u00f1o | Cand\u00e1s 365","headline":"La reparaci\u00f3n del dique exterior de El Puntal comenzar\u00e1 este a\u00f1o","author":{"@id":"https:\/\/candas365.es\/noticias\/author\/admin\/#author"},"publisher":{"@id":"https:\/\/candas365.es\/noticias\/#organization"},"image":{"@type":"ImageObject","url":"https:\/\/candas365.es\/noticias\/wp-content\/uploads\/2018\/07\/visita-actuaciones-puntal.jpg","width":1280,"height":721},"datePublished":"2018-07-27T19:53:32+02:00","dateModified":"2018-07-27T19:53:32+02:00","inLanguage":"es-ES","mainEntityOfPage":{"@id":"https:\/\/candas365.es\/noticias\/la-reparacion-del-dique-exterior-de-el-puntal-comenzara-este-ano\/#webpage"},"isPartOf":{"@id":"https:\/\/candas365.es\/noticias\/la-reparacion-del-dique-exterior-de-el-puntal-comenzara-este-ano\/#webpage"},"articleSection":"Asturias","dateline":"Publicado el julio 27, 2018."},{"@type":"Organization","@id":"https:\/\/candas365.es\/noticias\/#organization","name":"Cand\u00e1s 365","description":"Cand\u00e1s 365 es un diario digital independiente, fundado en 2012, con base en Asturias. Informamos con rigor sobre actualidad, sociedad, cultura y ocio, con una mirada local y global.","url":"https:\/\/candas365.es\/noticias\/","email":"info@candas365.es","telephone":"+34652131393","foundingDate":"2012-06-10","logo":{"@type":"ImageObject","url":"https:\/\/candas365.es\/noticias\/wp-content\/uploads\/2024\/09\/Candas-365-Redes.jpg","@id":"https:\/\/candas365.es\/noticias\/la-reparacion-del-dique-exterior-de-el-puntal-comenzara-este-ano\/#organizationLogo","width":1152,"height":864,"caption":"Cand\u00e1s 365 Redes"},"image":{"@id":"https:\/\/candas365.es\/noticias\/la-reparacion-del-dique-exterior-de-el-puntal-comenzara-este-ano\/#organizationLogo"},"sameAs":["https:\/\/www.facebook.com\/Nachofdezber","https:\/\/x.com\/NabercoDigital","https:\/\/www.instagram.com\/nachofdezber\/","https:\/\/www.youtube.com\/channel\/UCZP-2wLEB9Rv6erhFmqVnvg"],"address":{"@id":"https:\/\/candas365.es\/noticias\/#postaladdress","@type":"PostalAddress","streetAddress":"san antonio 4, san antonio 4","postalCode":"33430","addressLocality":"Cand\u00e1s","addressRegion":"Asturias","addressCountry":"ES"}},{"@type":"Person","@id":"https:\/\/candas365.es\/noticias\/author\/admin\/#author","url":"https:\/\/candas365.es\/noticias\/author\/admin\/","name":"Cand\u00e1s 365","image":{"@type":"ImageObject","@id":"https:\/\/candas365.es\/noticias\/la-reparacion-del-dique-exterior-de-el-puntal-comenzara-este-ano\/#authorImage","url":"https:\/\/secure.gravatar.com\/avatar\/496a8e03d0c493ede1718b7934145dbdf8d89be1036b0eec9544e1094c9de390?s=96&d=mm&r=g","width":96,"height":96,"caption":"Cand\u00e1s 365"},"sameAs":["https:\/\/www.facebook.com\/carrenoactualidad","https:\/\/twitter.com\/nbasturias","https:\/\/www.instagram.com\/nachofdezber\/","https:\/\/www.youtube.com\/channel\/UCZP-2wLEB9Rv6erhFmqVnvg"]},{"@type":"WebPage","@id":"https:\/\/candas365.es\/noticias\/la-reparacion-del-dique-exterior-de-el-puntal-comenzara-este-ano\/#webpage","url":"https:\/\/candas365.es\/noticias\/la-reparacion-del-dique-exterior-de-el-puntal-comenzara-este-ano\/","name":"La reparaci\u00f3n del dique exterior de El Puntal comenzar\u00e1 este a\u00f1o | Cand\u00e1s 365","description":"El consejero de Infraestructuras, Ordenaci\u00f3n del Territorio y Medio Ambiente, Fernando Lastra, ha visitado hoy el puerto de El Puntal, en el concejo de Villaviciosa, donde ha informado de que su departamento tiene previsto iniciar este a\u00f1o la reparaci\u00f3n del dique exterior, en el marco de una actuaci\u00f3n plurianual con cargo al cr\u00e9dito extraordinario. Los","inLanguage":"es-ES","isPartOf":{"@id":"https:\/\/candas365.es\/noticias\/#website"},"breadcrumb":{"@id":"https:\/\/candas365.es\/noticias\/la-reparacion-del-dique-exterior-de-el-puntal-comenzara-este-ano\/#breadcrumblist"},"author":{"@id":"https:\/\/candas365.es\/noticias\/author\/admin\/#author"},"creator":{"@id":"https:\/\/candas365.es\/noticias\/author\/admin\/#author"},"image":{"@type":"ImageObject","url":"https:\/\/candas365.es\/noticias\/wp-content\/uploads\/2018\/07\/visita-actuaciones-puntal.jpg","@id":"https:\/\/candas365.es\/noticias\/la-reparacion-del-dique-exterior-de-el-puntal-comenzara-este-ano\/#mainImage","width":1280,"height":721},"primaryImageOfPage":{"@id":"https:\/\/candas365.es\/noticias\/la-reparacion-del-dique-exterior-de-el-puntal-comenzara-este-ano\/#mainImage"},"datePublished":"2018-07-27T19:53:32+02:00","dateModified":"2018-07-27T19:53:32+02:00"},{"@type":"WebSite","@id":"https:\/\/candas365.es\/noticias\/#website","url":"https:\/\/candas365.es\/noticias\/","name":"Cand\u00e1s 365","alternateName":"Cand\u00e1s 365 Noticias","description":"Actualidad desde Carre\u00f1o para el mundo","inLanguage":"es-ES","publisher":{"@id":"https:\/\/candas365.es\/noticias\/#organization"}}]},"og:locale":"es_ES","og:site_name":"Cand\u00e1s 365","og:type":"article","og:title":"La reparaci\u00f3n del dique exterior de El Puntal comenzar\u00e1 este a\u00f1o | Cand\u00e1s 365","og:description":"El consejero de Infraestructuras, Ordenaci\u00f3n del Territorio y Medio Ambiente, Fernando Lastra, ha visitado hoy el puerto de El Puntal, en el concejo de Villaviciosa, donde ha informado de que su departamento tiene previsto iniciar este a\u00f1o la reparaci\u00f3n del dique exterior, en el marco de una actuaci\u00f3n plurianual con cargo al cr\u00e9dito extraordinario. Los","og:url":"https:\/\/candas365.es\/noticias\/la-reparacion-del-dique-exterior-de-el-puntal-comenzara-este-ano\/","og:image":"https:\/\/candas365.es\/noticias\/wp-content\/uploads\/2018\/07\/visita-actuaciones-puntal.jpg","og:image:secure_url":"https:\/\/candas365.es\/noticias\/wp-content\/uploads\/2018\/07\/visita-actuaciones-puntal.jpg","og:image:width":1280,"og:image:height":721,"article:published_time":"2018-07-27T19:53:32+00:00","article:modified_time":"2018-07-27T19:53:32+00:00","article:publisher":"https:\/\/www.facebook.com\/Nachofdezber","article:author":"https:\/\/www.facebook.com\/carrenoactualidad","twitter:card":"summary_large_image","twitter:site":"@NabercoDigital","twitter:title":"La reparaci\u00f3n del dique exterior de El Puntal comenzar\u00e1 este a\u00f1o | Cand\u00e1s 365","twitter:description":"El consejero de Infraestructuras, Ordenaci\u00f3n del Territorio y Medio Ambiente, Fernando Lastra, ha visitado hoy el puerto de El Puntal, en el concejo de Villaviciosa, donde ha informado de que su departamento tiene previsto iniciar este a\u00f1o la reparaci\u00f3n del dique exterior, en el marco de una actuaci\u00f3n plurianual con cargo al cr\u00e9dito extraordinario. Los","twitter:creator":"@nbasturias","twitter:image":"https:\/\/candas365.es\/noticias\/wp-content\/uploads\/2018\/07\/visita-actuaciones-puntal.jpg","twitter:label1":"Escrito por","twitter:data1":"Cand\u00e1s 365","twitter:label2":"Tiempo de lectura estimado","twitter:data2":"2 minutos"},"aioseo_meta_data":{"post_id":"101319","title":null,"description":null,"keywords":null,"keyphrases":null,"primary_term":null,"canonical_url":null,"og_title":null,"og_description":null,"og_object_type":"default","og_image_type":"default","og_image_url":null,"og_image_width":null,"og_image_height":null,"og_image_custom_url":null,"og_image_custom_fields":null,"og_video":null,"og_custom_url":null,"og_article_section":null,"og_article_tags":null,"twitter_use_og":false,"twitter_card":"default","twitter_image_type":"default","twitter_image_url":null,"twitter_image_custom_url":null,"twitter_image_custom_fields":null,"twitter_title":null,"twitter_description":null,"schema":{"blockGraphs":[],"customGraphs":[],"default":{"data":{"Article":[],"Course":[],"Dataset":[],"FAQPage":[],"Movie":[],"Person":[],"Product":[],"ProductReview":[],"Car":[],"Recipe":[],"Service":[],"SoftwareApplication":[],"WebPage":[]},"graphName":"","isEnabled":true},"graphs":[],"defaultGraph":"","defaultPostTypeGraph":""},"schema_type":null,"schema_type_options":null,"pillar_content":false,"robots_default":true,"robots_noindex":false,"robots_noarchive":false,"robots_nosnippet":false,"robots_nofollow":false,"robots_noimageindex":false,"robots_noodp":false,"robots_notranslate":false,"robots_max_snippet":null,"robots_max_videopreview":null,"robots_max_imagepreview":"large","priority":null,"frequency":null,"location":null,"local_seo":null,"seo_analyzer_scan_date":"2025-08-27 11:10:11","breadcrumb_settings":null,"limit_modified_date":false,"reviewed_by":null,"open_ai":null,"ai":null,"created":"2020-12-21 11:48:07","updated":"2025-08-27 11:10:11"},"aioseo_breadcrumb":"<div class=\"aioseo-breadcrumbs\"><span class=\"aioseo-breadcrumb\">\n\t<a href=\"https:\/\/candas365.es\/noticias\" title=\"Home\">Home<\/a>\n<\/span><span class=\"aioseo-breadcrumb-separator\">&ndash;<\/span><span class=\"aioseo-breadcrumb\">\n\t<a href=\"https:\/\/candas365.es\/noticias\/category\/asturias\/\" title=\"Asturias\">Asturias<\/a>\n<\/span><span class=\"aioseo-breadcrumb-separator\">&ndash;<\/span><span class=\"aioseo-breadcrumb\">\n\tLa reparaci\u00f3n del dique exterior de El Puntal comenzar\u00e1 este a\u00f1o\n<\/span><\/div>","aioseo_breadcrumb_json":[{"label":"Home","link":"https:\/\/candas365.es\/noticias"},{"label":"Asturias","link":"https:\/\/candas365.es\/noticias\/category\/asturias\/"},{"label":"La reparaci\u00f3n del dique exterior de El Puntal comenzar\u00e1 este a\u00f1o","link":"https:\/\/candas365.es\/noticias\/la-reparacion-del-dique-exterior-de-el-puntal-comenzara-este-ano\/"}],"_links":{"self":[{"href":"https:\/\/candas365.es\/noticias\/wp-json\/wp\/v2\/posts\/101319","targetHints":{"allow":["GET"]}}],"collection":[{"href":"https:\/\/candas365.es\/noticias\/wp-json\/wp\/v2\/posts"}],"about":[{"href":"https:\/\/candas365.es\/noticias\/wp-json\/wp\/v2\/types\/post"}],"author":[{"embeddable":true,"href":"https:\/\/candas365.es\/noticias\/wp-json\/wp\/v2\/users\/1"}],"replies":[{"embeddable":true,"href":"https:\/\/candas365.es\/noticias\/wp-json\/wp\/v2\/comments?post=101319"}],"version-history":[{"count":0,"href":"https:\/\/candas365.es\/noticias\/wp-json\/wp\/v2\/posts\/101319\/revisions"}],"wp:featuredmedia":[{"embeddable":true,"href":"https:\/\/candas365.es\/noticias\/wp-json\/wp\/v2\/media\/101320"}],"wp:attachment":[{"href":"https:\/\/candas365.es\/noticias\/wp-json\/wp\/v2\/media?parent=101319"}],"wp:term":[{"taxonomy":"category","embeddable":true,"href":"https:\/\/candas365.es\/noticias\/wp-json\/wp\/v2\/categories?post=101319"},{"taxonomy":"post_tag","embeddable":true,"href":"https:\/\/candas365.es\/noticias\/wp-json\/wp\/v2\/tags?post=101319"}],"curies":[{"name":"wp","href":"https:\/\/api.w.org\/{rel}","templated":true}]}}