{"id":101316,"date":"2018-07-27T19:46:25","date_gmt":"2018-07-27T19:46:25","guid":{"rendered":"http:\/\/candas365.es\/noticias\/?p=101316"},"modified":"2018-07-27T19:46:25","modified_gmt":"2018-07-27T19:46:25","slug":"urdiales-asturias-atendio-el-ano-pasado-269-alertas-alimentarias","status":"publish","type":"post","link":"https:\/\/candas365.es\/noticias\/urdiales-asturias-atendio-el-ano-pasado-269-alertas-alimentarias\/","title":{"rendered":"Urdiales: \u201cAsturias atendi\u00f3 el a\u00f1o pasado 269 alertas alimentarias\u201d"},"content":{"rendered":"<p><img fetchpriority=\"high\" decoding=\"async\" class=\"alignleft size-medium wp-image-101317\" src=\"https:\/\/candas365.es\/noticias\/wp-content\/uploads\/2018\/07\/Presentacion-memoria-ASAC-360x195.jpg\" alt=\"\" width=\"360\" height=\"195\" srcset=\"https:\/\/candas365.es\/noticias\/wp-content\/uploads\/2018\/07\/Presentacion-memoria-ASAC-360x195.jpg 360w, https:\/\/candas365.es\/noticias\/wp-content\/uploads\/2018\/07\/Presentacion-memoria-ASAC-768x415.jpg 768w, https:\/\/candas365.es\/noticias\/wp-content\/uploads\/2018\/07\/Presentacion-memoria-ASAC-655x354.jpg 655w, https:\/\/candas365.es\/noticias\/wp-content\/uploads\/2018\/07\/Presentacion-memoria-ASAC-696x376.jpg 696w, https:\/\/candas365.es\/noticias\/wp-content\/uploads\/2018\/07\/Presentacion-memoria-ASAC-1068x577.jpg 1068w, https:\/\/candas365.es\/noticias\/wp-content\/uploads\/2018\/07\/Presentacion-memoria-ASAC-777x420.jpg 777w, https:\/\/candas365.es\/noticias\/wp-content\/uploads\/2018\/07\/Presentacion-memoria-ASAC.jpg 1280w\" sizes=\"(max-width: 360px) 100vw, 360px\" \/>La directora de la Agencia de Sanidad Ambiental y Consumo (ASAC), Rosa Urdiales, inform\u00f3 este viernes en rueda de prensa que el Gobierno de Asturias atendi\u00f3 el a\u00f1o pasado 269 alertas alimentarias y retir\u00f3 del mercado 38 productos.<\/p>\n<p>En ese sentido, Urdiales destac\u00f3 que la mayor\u00eda de los productos que suelen estar implicados en alertas alimentarias son de origen animal.<\/p>\n<p>\u201cEl a\u00f1o pasado atendimos 269 alertas, b\u00e1sicamente los alimentos que suelen estar involucrados en estas alertas son de origen animal. Los de origen vegetal son minor\u00eda. Es importante que haya un control en todo lo que tiene que ver con el etiquetado de los productos y con las autorizaciones, en el comercio minorista todav\u00eda hay bastantes establecimientos que se est\u00e1n registrando en nuestro registro auton\u00f3mico\u201d, se\u00f1al\u00f3 la directora de la Agencia de Sanidad Ambiental y Consumo.<\/p>\n<p>Asimismo, indic\u00f3 que la agencia realiza alrededor de 8.800 inspecciones anuales en centros alimentarios para proteger la salud de la poblaci\u00f3n.<\/p>\n<p>\u201cEl Gobierno de Asturias realiz\u00f3 el a\u00f1o pasado 8.803 visitas de control en 7.905 establecimientos relacionados con la preparaci\u00f3n, distribuci\u00f3n y consumo de alimentos, con el fin de proteger la salud de la poblaci\u00f3n, reducir riesgos y garantizar la seguridad en los mercados\u201d, asegur\u00f3 Urdiales.<\/p>\n<p>Finalmente precis\u00f3 que en el 2017 se procesaron m\u00e1s de 4000 muestras y se realizaron m\u00e1s de 25.000 an\u00e1lisis para garantizar la calidad de los alimentos del Hospital Central de Asturias.<\/p>\n<p>\u201cHemos contado con la colaboraci\u00f3n del Hospital Central de Asturias para realizar controles microbiol\u00f3gicos de los platos preparados y para realizar el control de la higiene de la superficie de las cocinas del hospital. Esto se hace con la finalidad de garantizar que los alimentos que se ofrecen a los pacientes sean seguros\u201d, concluy\u00f3.<\/p>\n<p>Actualmente ASAC cuenta con 156 profesionales, de los cuales 88 trabajan en los servicios centrales y otros 68 repartidos en las 8 unidades territoriales ubicadas en las cabeceras de las \u00e1reas sanitarias. Su actividad se divide en cuatro \u00e1reas: seguridad alimentaria, sanidad ambiental, consumo y Laboratorio de Salud P\u00fablica.<\/p>\n<p>Soraya Andreina P\u00e9rez<\/p>\n","protected":false},"excerpt":{"rendered":"<p>La directora de la Agencia de Sanidad Ambiental y Consumo (ASAC), Rosa Urdiales, inform\u00f3 este viernes en rueda de prensa que el Gobierno de Asturias atendi\u00f3 el a\u00f1o pasado 269 alertas alimentarias y retir\u00f3 del mercado 38 productos. En ese sentido, Urdiales destac\u00f3 que la mayor\u00eda de los productos que suelen estar implicados en alertas<\/p>\n","protected":false},"author":1,"featured_media":101317,"comment_status":"closed","ping_status":"closed","sticky":false,"template":"","format":"standard","meta":{"footnotes":""},"categories":[7],"tags":[],"class_list":{"0":"post-101316","1":"post","2":"type-post","3":"status-publish","4":"format-standard","5":"has-post-thumbnail","7":"category-asturias"},"aioseo_notices":[],"aioseo_head":"\n\t\t<!-- All in One SEO Pro 4.9.6.2 - aioseo.com -->\n\t<meta name=\"description\" content=\"La directora de la Agencia de Sanidad Ambiental y Consumo (ASAC), Rosa Urdiales, inform\u00f3 este viernes en rueda de prensa que el Gobierno de Asturias atendi\u00f3 el a\u00f1o pasado 269 alertas alimentarias y retir\u00f3 del mercado 38 productos. En ese sentido, Urdiales destac\u00f3 que la mayor\u00eda de los productos que suelen estar implicados en alertas\" \/>\n\t<meta name=\"robots\" content=\"max-image-preview:large\" \/>\n\t<meta name=\"author\" content=\"Cand\u00e1s 365\"\/>\n\t<meta name=\"google-site-verification\" content=\"UA-32230408-1\" \/>\n\t<meta name=\"msvalidate.01\" content=\"354F3CDFB2DA171B47FBE9ABF1F88D5\" \/>\n\t<meta name=\"keywords\" content=\"asturias\" \/>\n\t<link rel=\"canonical\" href=\"https:\/\/candas365.es\/noticias\/urdiales-asturias-atendio-el-ano-pasado-269-alertas-alimentarias\/\" \/>\n\t<meta name=\"generator\" content=\"All in One SEO Pro (AIOSEO) 4.9.6.2\" \/>\n\t\t<meta property=\"og:locale\" content=\"es_ES\" \/>\n\t\t<meta property=\"og:site_name\" content=\"Cand\u00e1s 365\" \/>\n\t\t<meta property=\"og:type\" content=\"article\" \/>\n\t\t<meta property=\"og:title\" content=\"Urdiales: \u201cAsturias atendi\u00f3 el a\u00f1o pasado 269 alertas alimentarias\u201d | Cand\u00e1s 365\" \/>\n\t\t<meta property=\"og:description\" content=\"La directora de la Agencia de Sanidad Ambiental y Consumo (ASAC), Rosa Urdiales, inform\u00f3 este viernes en rueda de prensa que el Gobierno de Asturias atendi\u00f3 el a\u00f1o pasado 269 alertas alimentarias y retir\u00f3 del mercado 38 productos. En ese sentido, Urdiales destac\u00f3 que la mayor\u00eda de los productos que suelen estar implicados en alertas\" \/>\n\t\t<meta property=\"og:url\" content=\"https:\/\/candas365.es\/noticias\/urdiales-asturias-atendio-el-ano-pasado-269-alertas-alimentarias\/\" \/>\n\t\t<meta property=\"og:image\" content=\"https:\/\/candas365.es\/noticias\/wp-content\/uploads\/2018\/07\/Presentacion-memoria-ASAC.jpg\" \/>\n\t\t<meta property=\"og:image:secure_url\" content=\"https:\/\/candas365.es\/noticias\/wp-content\/uploads\/2018\/07\/Presentacion-memoria-ASAC.jpg\" \/>\n\t\t<meta property=\"og:image:width\" content=\"1280\" \/>\n\t\t<meta property=\"og:image:height\" content=\"692\" \/>\n\t\t<meta property=\"article:published_time\" content=\"2018-07-27T19:46:25+00:00\" \/>\n\t\t<meta property=\"article:modified_time\" content=\"2018-07-27T19:46:25+00:00\" \/>\n\t\t<meta property=\"article:publisher\" content=\"https:\/\/www.facebook.com\/Nachofdezber\" \/>\n\t\t<meta property=\"article:author\" content=\"https:\/\/www.facebook.com\/carrenoactualidad\" \/>\n\t\t<meta name=\"twitter:card\" content=\"summary_large_image\" \/>\n\t\t<meta name=\"twitter:site\" content=\"@NabercoDigital\" \/>\n\t\t<meta name=\"twitter:title\" content=\"Urdiales: \u201cAsturias atendi\u00f3 el a\u00f1o pasado 269 alertas alimentarias\u201d | Cand\u00e1s 365\" \/>\n\t\t<meta name=\"twitter:description\" content=\"La directora de la Agencia de Sanidad Ambiental y Consumo (ASAC), Rosa Urdiales, inform\u00f3 este viernes en rueda de prensa que el Gobierno de Asturias atendi\u00f3 el a\u00f1o pasado 269 alertas alimentarias y retir\u00f3 del mercado 38 productos. En ese sentido, Urdiales destac\u00f3 que la mayor\u00eda de los productos que suelen estar implicados en alertas\" \/>\n\t\t<meta name=\"twitter:creator\" content=\"@nbasturias\" \/>\n\t\t<meta name=\"twitter:image\" content=\"https:\/\/candas365.es\/noticias\/wp-content\/uploads\/2018\/07\/Presentacion-memoria-ASAC.jpg\" \/>\n\t\t<meta name=\"twitter:label1\" content=\"Escrito por\" \/>\n\t\t<meta name=\"twitter:data1\" content=\"Cand\u00e1s 365\" \/>\n\t\t<meta name=\"twitter:label2\" content=\"Tiempo de lectura estimado\" \/>\n\t\t<meta name=\"twitter:data2\" content=\"2 minutos\" \/>\n\t\t<script type=\"application\/ld+json\" class=\"aioseo-schema\">\n\t\t\t{\"@context\":\"https:\\\/\\\/schema.org\",\"@graph\":[{\"@type\":\"BreadcrumbList\",\"@id\":\"https:\\\/\\\/candas365.es\\\/noticias\\\/urdiales-asturias-atendio-el-ano-pasado-269-alertas-alimentarias\\\/#breadcrumblist\",\"itemListElement\":[{\"@type\":\"ListItem\",\"@id\":\"https:\\\/\\\/candas365.es\\\/noticias#listItem\",\"position\":1,\"name\":\"Home\",\"item\":\"https:\\\/\\\/candas365.es\\\/noticias\",\"nextItem\":{\"@type\":\"ListItem\",\"@id\":\"https:\\\/\\\/candas365.es\\\/noticias\\\/category\\\/asturias\\\/#listItem\",\"name\":\"Asturias\"}},{\"@type\":\"ListItem\",\"@id\":\"https:\\\/\\\/candas365.es\\\/noticias\\\/category\\\/asturias\\\/#listItem\",\"position\":2,\"name\":\"Asturias\",\"item\":\"https:\\\/\\\/candas365.es\\\/noticias\\\/category\\\/asturias\\\/\",\"nextItem\":{\"@type\":\"ListItem\",\"@id\":\"https:\\\/\\\/candas365.es\\\/noticias\\\/urdiales-asturias-atendio-el-ano-pasado-269-alertas-alimentarias\\\/#listItem\",\"name\":\"Urdiales: \\u201cAsturias atendi\\u00f3 el a\\u00f1o pasado 269 alertas alimentarias\\u201d\"},\"previousItem\":{\"@type\":\"ListItem\",\"@id\":\"https:\\\/\\\/candas365.es\\\/noticias#listItem\",\"name\":\"Home\"}},{\"@type\":\"ListItem\",\"@id\":\"https:\\\/\\\/candas365.es\\\/noticias\\\/urdiales-asturias-atendio-el-ano-pasado-269-alertas-alimentarias\\\/#listItem\",\"position\":3,\"name\":\"Urdiales: \\u201cAsturias atendi\\u00f3 el a\\u00f1o pasado 269 alertas alimentarias\\u201d\",\"previousItem\":{\"@type\":\"ListItem\",\"@id\":\"https:\\\/\\\/candas365.es\\\/noticias\\\/category\\\/asturias\\\/#listItem\",\"name\":\"Asturias\"}}]},{\"@type\":\"NewsArticle\",\"@id\":\"https:\\\/\\\/candas365.es\\\/noticias\\\/urdiales-asturias-atendio-el-ano-pasado-269-alertas-alimentarias\\\/#newsarticle\",\"name\":\"Urdiales: \\u201cAsturias atendi\\u00f3 el a\\u00f1o pasado 269 alertas alimentarias\\u201d | Cand\\u00e1s 365\",\"headline\":\"Urdiales: \\u201cAsturias atendi\\u00f3 el a\\u00f1o pasado 269 alertas alimentarias\\u201d\",\"author\":{\"@id\":\"https:\\\/\\\/candas365.es\\\/noticias\\\/author\\\/admin\\\/#author\"},\"publisher\":{\"@id\":\"https:\\\/\\\/candas365.es\\\/noticias\\\/#organization\"},\"image\":{\"@type\":\"ImageObject\",\"url\":\"https:\\\/\\\/candas365.es\\\/noticias\\\/wp-content\\\/uploads\\\/2018\\\/07\\\/Presentacion-memoria-ASAC.jpg\",\"width\":1280,\"height\":692},\"datePublished\":\"2018-07-27T19:46:25+02:00\",\"dateModified\":\"2018-07-27T19:46:25+02:00\",\"inLanguage\":\"es-ES\",\"mainEntityOfPage\":{\"@id\":\"https:\\\/\\\/candas365.es\\\/noticias\\\/urdiales-asturias-atendio-el-ano-pasado-269-alertas-alimentarias\\\/#webpage\"},\"isPartOf\":{\"@id\":\"https:\\\/\\\/candas365.es\\\/noticias\\\/urdiales-asturias-atendio-el-ano-pasado-269-alertas-alimentarias\\\/#webpage\"},\"articleSection\":\"Asturias\",\"dateline\":\"Publicado el julio 27, 2018.\"},{\"@type\":\"Organization\",\"@id\":\"https:\\\/\\\/candas365.es\\\/noticias\\\/#organization\",\"name\":\"Cand\\u00e1s 365\",\"description\":\"Cand\\u00e1s 365 es un diario digital independiente, fundado en 2012, con base en Asturias. Informamos con rigor sobre actualidad, sociedad, cultura y ocio, con una mirada local y global.\",\"url\":\"https:\\\/\\\/candas365.es\\\/noticias\\\/\",\"email\":\"info@candas365.es\",\"telephone\":\"+34652131393\",\"foundingDate\":\"2012-06-10\",\"logo\":{\"@type\":\"ImageObject\",\"url\":\"https:\\\/\\\/candas365.es\\\/noticias\\\/wp-content\\\/uploads\\\/2024\\\/09\\\/Candas-365-Redes.jpg\",\"@id\":\"https:\\\/\\\/candas365.es\\\/noticias\\\/urdiales-asturias-atendio-el-ano-pasado-269-alertas-alimentarias\\\/#organizationLogo\",\"width\":1152,\"height\":864,\"caption\":\"Cand\\u00e1s 365 Redes\"},\"image\":{\"@id\":\"https:\\\/\\\/candas365.es\\\/noticias\\\/urdiales-asturias-atendio-el-ano-pasado-269-alertas-alimentarias\\\/#organizationLogo\"},\"sameAs\":[\"https:\\\/\\\/www.facebook.com\\\/Nachofdezber\",\"https:\\\/\\\/x.com\\\/NabercoDigital\",\"https:\\\/\\\/www.instagram.com\\\/nachofdezber\\\/\",\"https:\\\/\\\/www.youtube.com\\\/channel\\\/UCZP-2wLEB9Rv6erhFmqVnvg\"],\"address\":{\"@id\":\"https:\\\/\\\/candas365.es\\\/noticias\\\/#postaladdress\",\"@type\":\"PostalAddress\",\"streetAddress\":\"san antonio 4, san antonio 4\",\"postalCode\":\"33430\",\"addressLocality\":\"Cand\\u00e1s\",\"addressRegion\":\"Asturias\",\"addressCountry\":\"ES\"}},{\"@type\":\"Person\",\"@id\":\"https:\\\/\\\/candas365.es\\\/noticias\\\/author\\\/admin\\\/#author\",\"url\":\"https:\\\/\\\/candas365.es\\\/noticias\\\/author\\\/admin\\\/\",\"name\":\"Cand\\u00e1s 365\",\"image\":{\"@type\":\"ImageObject\",\"@id\":\"https:\\\/\\\/candas365.es\\\/noticias\\\/urdiales-asturias-atendio-el-ano-pasado-269-alertas-alimentarias\\\/#authorImage\",\"url\":\"https:\\\/\\\/secure.gravatar.com\\\/avatar\\\/496a8e03d0c493ede1718b7934145dbdf8d89be1036b0eec9544e1094c9de390?s=96&d=mm&r=g\",\"width\":96,\"height\":96,\"caption\":\"Cand\\u00e1s 365\"},\"sameAs\":[\"https:\\\/\\\/www.facebook.com\\\/carrenoactualidad\",\"https:\\\/\\\/twitter.com\\\/nbasturias\",\"https:\\\/\\\/www.instagram.com\\\/nachofdezber\\\/\",\"https:\\\/\\\/www.youtube.com\\\/channel\\\/UCZP-2wLEB9Rv6erhFmqVnvg\"]},{\"@type\":\"WebPage\",\"@id\":\"https:\\\/\\\/candas365.es\\\/noticias\\\/urdiales-asturias-atendio-el-ano-pasado-269-alertas-alimentarias\\\/#webpage\",\"url\":\"https:\\\/\\\/candas365.es\\\/noticias\\\/urdiales-asturias-atendio-el-ano-pasado-269-alertas-alimentarias\\\/\",\"name\":\"Urdiales: \\u201cAsturias atendi\\u00f3 el a\\u00f1o pasado 269 alertas alimentarias\\u201d | Cand\\u00e1s 365\",\"description\":\"La directora de la Agencia de Sanidad Ambiental y Consumo (ASAC), Rosa Urdiales, inform\\u00f3 este viernes en rueda de prensa que el Gobierno de Asturias atendi\\u00f3 el a\\u00f1o pasado 269 alertas alimentarias y retir\\u00f3 del mercado 38 productos. En ese sentido, Urdiales destac\\u00f3 que la mayor\\u00eda de los productos que suelen estar implicados en alertas\",\"inLanguage\":\"es-ES\",\"isPartOf\":{\"@id\":\"https:\\\/\\\/candas365.es\\\/noticias\\\/#website\"},\"breadcrumb\":{\"@id\":\"https:\\\/\\\/candas365.es\\\/noticias\\\/urdiales-asturias-atendio-el-ano-pasado-269-alertas-alimentarias\\\/#breadcrumblist\"},\"author\":{\"@id\":\"https:\\\/\\\/candas365.es\\\/noticias\\\/author\\\/admin\\\/#author\"},\"creator\":{\"@id\":\"https:\\\/\\\/candas365.es\\\/noticias\\\/author\\\/admin\\\/#author\"},\"image\":{\"@type\":\"ImageObject\",\"url\":\"https:\\\/\\\/candas365.es\\\/noticias\\\/wp-content\\\/uploads\\\/2018\\\/07\\\/Presentacion-memoria-ASAC.jpg\",\"@id\":\"https:\\\/\\\/candas365.es\\\/noticias\\\/urdiales-asturias-atendio-el-ano-pasado-269-alertas-alimentarias\\\/#mainImage\",\"width\":1280,\"height\":692},\"primaryImageOfPage\":{\"@id\":\"https:\\\/\\\/candas365.es\\\/noticias\\\/urdiales-asturias-atendio-el-ano-pasado-269-alertas-alimentarias\\\/#mainImage\"},\"datePublished\":\"2018-07-27T19:46:25+02:00\",\"dateModified\":\"2018-07-27T19:46:25+02:00\"},{\"@type\":\"WebSite\",\"@id\":\"https:\\\/\\\/candas365.es\\\/noticias\\\/#website\",\"url\":\"https:\\\/\\\/candas365.es\\\/noticias\\\/\",\"name\":\"Cand\\u00e1s 365\",\"alternateName\":\"Cand\\u00e1s 365 Noticias\",\"description\":\"Actualidad desde Carre\\u00f1o para el mundo\",\"inLanguage\":\"es-ES\",\"publisher\":{\"@id\":\"https:\\\/\\\/candas365.es\\\/noticias\\\/#organization\"}}]}\n\t\t<\/script>\n\t\t<!-- All in One SEO Pro -->\r\n\t\t<title>Urdiales: \u201cAsturias atendi\u00f3 el a\u00f1o pasado 269 alertas alimentarias\u201d | Cand\u00e1s 365<\/title>\n\n","aioseo_head_json":{"title":"Urdiales: \u201cAsturias atendi\u00f3 el a\u00f1o pasado 269 alertas alimentarias\u201d | Cand\u00e1s 365","description":"La directora de la Agencia de Sanidad Ambiental y Consumo (ASAC), Rosa Urdiales, inform\u00f3 este viernes en rueda de prensa que el Gobierno de Asturias atendi\u00f3 el a\u00f1o pasado 269 alertas alimentarias y retir\u00f3 del mercado 38 productos. En ese sentido, Urdiales destac\u00f3 que la mayor\u00eda de los productos que suelen estar implicados en alertas","canonical_url":"https:\/\/candas365.es\/noticias\/urdiales-asturias-atendio-el-ano-pasado-269-alertas-alimentarias\/","robots":"max-image-preview:large","keywords":"asturias","webmasterTools":{"google-site-verification":"UA-32230408-1","msvalidate.01":"354F3CDFB2DA171B47FBE9ABF1F88D5","miscellaneous":""},"schema":{"@context":"https:\/\/schema.org","@graph":[{"@type":"BreadcrumbList","@id":"https:\/\/candas365.es\/noticias\/urdiales-asturias-atendio-el-ano-pasado-269-alertas-alimentarias\/#breadcrumblist","itemListElement":[{"@type":"ListItem","@id":"https:\/\/candas365.es\/noticias#listItem","position":1,"name":"Home","item":"https:\/\/candas365.es\/noticias","nextItem":{"@type":"ListItem","@id":"https:\/\/candas365.es\/noticias\/category\/asturias\/#listItem","name":"Asturias"}},{"@type":"ListItem","@id":"https:\/\/candas365.es\/noticias\/category\/asturias\/#listItem","position":2,"name":"Asturias","item":"https:\/\/candas365.es\/noticias\/category\/asturias\/","nextItem":{"@type":"ListItem","@id":"https:\/\/candas365.es\/noticias\/urdiales-asturias-atendio-el-ano-pasado-269-alertas-alimentarias\/#listItem","name":"Urdiales: \u201cAsturias atendi\u00f3 el a\u00f1o pasado 269 alertas alimentarias\u201d"},"previousItem":{"@type":"ListItem","@id":"https:\/\/candas365.es\/noticias#listItem","name":"Home"}},{"@type":"ListItem","@id":"https:\/\/candas365.es\/noticias\/urdiales-asturias-atendio-el-ano-pasado-269-alertas-alimentarias\/#listItem","position":3,"name":"Urdiales: \u201cAsturias atendi\u00f3 el a\u00f1o pasado 269 alertas alimentarias\u201d","previousItem":{"@type":"ListItem","@id":"https:\/\/candas365.es\/noticias\/category\/asturias\/#listItem","name":"Asturias"}}]},{"@type":"NewsArticle","@id":"https:\/\/candas365.es\/noticias\/urdiales-asturias-atendio-el-ano-pasado-269-alertas-alimentarias\/#newsarticle","name":"Urdiales: \u201cAsturias atendi\u00f3 el a\u00f1o pasado 269 alertas alimentarias\u201d | Cand\u00e1s 365","headline":"Urdiales: \u201cAsturias atendi\u00f3 el a\u00f1o pasado 269 alertas alimentarias\u201d","author":{"@id":"https:\/\/candas365.es\/noticias\/author\/admin\/#author"},"publisher":{"@id":"https:\/\/candas365.es\/noticias\/#organization"},"image":{"@type":"ImageObject","url":"https:\/\/candas365.es\/noticias\/wp-content\/uploads\/2018\/07\/Presentacion-memoria-ASAC.jpg","width":1280,"height":692},"datePublished":"2018-07-27T19:46:25+02:00","dateModified":"2018-07-27T19:46:25+02:00","inLanguage":"es-ES","mainEntityOfPage":{"@id":"https:\/\/candas365.es\/noticias\/urdiales-asturias-atendio-el-ano-pasado-269-alertas-alimentarias\/#webpage"},"isPartOf":{"@id":"https:\/\/candas365.es\/noticias\/urdiales-asturias-atendio-el-ano-pasado-269-alertas-alimentarias\/#webpage"},"articleSection":"Asturias","dateline":"Publicado el julio 27, 2018."},{"@type":"Organization","@id":"https:\/\/candas365.es\/noticias\/#organization","name":"Cand\u00e1s 365","description":"Cand\u00e1s 365 es un diario digital independiente, fundado en 2012, con base en Asturias. Informamos con rigor sobre actualidad, sociedad, cultura y ocio, con una mirada local y global.","url":"https:\/\/candas365.es\/noticias\/","email":"info@candas365.es","telephone":"+34652131393","foundingDate":"2012-06-10","logo":{"@type":"ImageObject","url":"https:\/\/candas365.es\/noticias\/wp-content\/uploads\/2024\/09\/Candas-365-Redes.jpg","@id":"https:\/\/candas365.es\/noticias\/urdiales-asturias-atendio-el-ano-pasado-269-alertas-alimentarias\/#organizationLogo","width":1152,"height":864,"caption":"Cand\u00e1s 365 Redes"},"image":{"@id":"https:\/\/candas365.es\/noticias\/urdiales-asturias-atendio-el-ano-pasado-269-alertas-alimentarias\/#organizationLogo"},"sameAs":["https:\/\/www.facebook.com\/Nachofdezber","https:\/\/x.com\/NabercoDigital","https:\/\/www.instagram.com\/nachofdezber\/","https:\/\/www.youtube.com\/channel\/UCZP-2wLEB9Rv6erhFmqVnvg"],"address":{"@id":"https:\/\/candas365.es\/noticias\/#postaladdress","@type":"PostalAddress","streetAddress":"san antonio 4, san antonio 4","postalCode":"33430","addressLocality":"Cand\u00e1s","addressRegion":"Asturias","addressCountry":"ES"}},{"@type":"Person","@id":"https:\/\/candas365.es\/noticias\/author\/admin\/#author","url":"https:\/\/candas365.es\/noticias\/author\/admin\/","name":"Cand\u00e1s 365","image":{"@type":"ImageObject","@id":"https:\/\/candas365.es\/noticias\/urdiales-asturias-atendio-el-ano-pasado-269-alertas-alimentarias\/#authorImage","url":"https:\/\/secure.gravatar.com\/avatar\/496a8e03d0c493ede1718b7934145dbdf8d89be1036b0eec9544e1094c9de390?s=96&d=mm&r=g","width":96,"height":96,"caption":"Cand\u00e1s 365"},"sameAs":["https:\/\/www.facebook.com\/carrenoactualidad","https:\/\/twitter.com\/nbasturias","https:\/\/www.instagram.com\/nachofdezber\/","https:\/\/www.youtube.com\/channel\/UCZP-2wLEB9Rv6erhFmqVnvg"]},{"@type":"WebPage","@id":"https:\/\/candas365.es\/noticias\/urdiales-asturias-atendio-el-ano-pasado-269-alertas-alimentarias\/#webpage","url":"https:\/\/candas365.es\/noticias\/urdiales-asturias-atendio-el-ano-pasado-269-alertas-alimentarias\/","name":"Urdiales: \u201cAsturias atendi\u00f3 el a\u00f1o pasado 269 alertas alimentarias\u201d | Cand\u00e1s 365","description":"La directora de la Agencia de Sanidad Ambiental y Consumo (ASAC), Rosa Urdiales, inform\u00f3 este viernes en rueda de prensa que el Gobierno de Asturias atendi\u00f3 el a\u00f1o pasado 269 alertas alimentarias y retir\u00f3 del mercado 38 productos. En ese sentido, Urdiales destac\u00f3 que la mayor\u00eda de los productos que suelen estar implicados en alertas","inLanguage":"es-ES","isPartOf":{"@id":"https:\/\/candas365.es\/noticias\/#website"},"breadcrumb":{"@id":"https:\/\/candas365.es\/noticias\/urdiales-asturias-atendio-el-ano-pasado-269-alertas-alimentarias\/#breadcrumblist"},"author":{"@id":"https:\/\/candas365.es\/noticias\/author\/admin\/#author"},"creator":{"@id":"https:\/\/candas365.es\/noticias\/author\/admin\/#author"},"image":{"@type":"ImageObject","url":"https:\/\/candas365.es\/noticias\/wp-content\/uploads\/2018\/07\/Presentacion-memoria-ASAC.jpg","@id":"https:\/\/candas365.es\/noticias\/urdiales-asturias-atendio-el-ano-pasado-269-alertas-alimentarias\/#mainImage","width":1280,"height":692},"primaryImageOfPage":{"@id":"https:\/\/candas365.es\/noticias\/urdiales-asturias-atendio-el-ano-pasado-269-alertas-alimentarias\/#mainImage"},"datePublished":"2018-07-27T19:46:25+02:00","dateModified":"2018-07-27T19:46:25+02:00"},{"@type":"WebSite","@id":"https:\/\/candas365.es\/noticias\/#website","url":"https:\/\/candas365.es\/noticias\/","name":"Cand\u00e1s 365","alternateName":"Cand\u00e1s 365 Noticias","description":"Actualidad desde Carre\u00f1o para el mundo","inLanguage":"es-ES","publisher":{"@id":"https:\/\/candas365.es\/noticias\/#organization"}}]},"og:locale":"es_ES","og:site_name":"Cand\u00e1s 365","og:type":"article","og:title":"Urdiales: \u201cAsturias atendi\u00f3 el a\u00f1o pasado 269 alertas alimentarias\u201d | Cand\u00e1s 365","og:description":"La directora de la Agencia de Sanidad Ambiental y Consumo (ASAC), Rosa Urdiales, inform\u00f3 este viernes en rueda de prensa que el Gobierno de Asturias atendi\u00f3 el a\u00f1o pasado 269 alertas alimentarias y retir\u00f3 del mercado 38 productos. En ese sentido, Urdiales destac\u00f3 que la mayor\u00eda de los productos que suelen estar implicados en alertas","og:url":"https:\/\/candas365.es\/noticias\/urdiales-asturias-atendio-el-ano-pasado-269-alertas-alimentarias\/","og:image":"https:\/\/candas365.es\/noticias\/wp-content\/uploads\/2018\/07\/Presentacion-memoria-ASAC.jpg","og:image:secure_url":"https:\/\/candas365.es\/noticias\/wp-content\/uploads\/2018\/07\/Presentacion-memoria-ASAC.jpg","og:image:width":1280,"og:image:height":692,"article:published_time":"2018-07-27T19:46:25+00:00","article:modified_time":"2018-07-27T19:46:25+00:00","article:publisher":"https:\/\/www.facebook.com\/Nachofdezber","article:author":"https:\/\/www.facebook.com\/carrenoactualidad","twitter:card":"summary_large_image","twitter:site":"@NabercoDigital","twitter:title":"Urdiales: \u201cAsturias atendi\u00f3 el a\u00f1o pasado 269 alertas alimentarias\u201d | Cand\u00e1s 365","twitter:description":"La directora de la Agencia de Sanidad Ambiental y Consumo (ASAC), Rosa Urdiales, inform\u00f3 este viernes en rueda de prensa que el Gobierno de Asturias atendi\u00f3 el a\u00f1o pasado 269 alertas alimentarias y retir\u00f3 del mercado 38 productos. En ese sentido, Urdiales destac\u00f3 que la mayor\u00eda de los productos que suelen estar implicados en alertas","twitter:creator":"@nbasturias","twitter:image":"https:\/\/candas365.es\/noticias\/wp-content\/uploads\/2018\/07\/Presentacion-memoria-ASAC.jpg","twitter:label1":"Escrito por","twitter:data1":"Cand\u00e1s 365","twitter:label2":"Tiempo de lectura estimado","twitter:data2":"2 minutos"},"aioseo_meta_data":{"post_id":"101316","title":null,"description":null,"keywords":null,"keyphrases":null,"primary_term":null,"canonical_url":null,"og_title":null,"og_description":null,"og_object_type":"default","og_image_type":"default","og_image_url":null,"og_image_width":null,"og_image_height":null,"og_image_custom_url":null,"og_image_custom_fields":null,"og_video":null,"og_custom_url":null,"og_article_section":null,"og_article_tags":null,"twitter_use_og":false,"twitter_card":"default","twitter_image_type":"default","twitter_image_url":null,"twitter_image_custom_url":null,"twitter_image_custom_fields":null,"twitter_title":null,"twitter_description":null,"schema":{"blockGraphs":[],"customGraphs":[],"default":{"data":{"Article":[],"Course":[],"Dataset":[],"FAQPage":[],"Movie":[],"Person":[],"Product":[],"ProductReview":[],"Car":[],"Recipe":[],"Service":[],"SoftwareApplication":[],"WebPage":[]},"graphName":"","isEnabled":true},"graphs":[]},"schema_type":null,"schema_type_options":null,"pillar_content":false,"robots_default":true,"robots_noindex":false,"robots_noarchive":false,"robots_nosnippet":false,"robots_nofollow":false,"robots_noimageindex":false,"robots_noodp":false,"robots_notranslate":false,"robots_max_snippet":null,"robots_max_videopreview":null,"robots_max_imagepreview":"large","priority":null,"frequency":null,"location":null,"local_seo":null,"seo_analyzer_scan_date":"2025-08-27 11:10:10","breadcrumb_settings":null,"limit_modified_date":false,"reviewed_by":null,"open_ai":null,"ai":null,"created":"2020-12-21 11:48:07","updated":"2025-08-27 11:10:10"},"aioseo_breadcrumb":"<div class=\"aioseo-breadcrumbs\"><span class=\"aioseo-breadcrumb\">\n\t<a href=\"https:\/\/candas365.es\/noticias\" title=\"Home\">Home<\/a>\n<\/span><span class=\"aioseo-breadcrumb-separator\">&ndash;<\/span><span class=\"aioseo-breadcrumb\">\n\t<a href=\"https:\/\/candas365.es\/noticias\/category\/asturias\/\" title=\"Asturias\">Asturias<\/a>\n<\/span><span class=\"aioseo-breadcrumb-separator\">&ndash;<\/span><span class=\"aioseo-breadcrumb\">\n\tUrdiales: \u201cAsturias atendi\u00f3 el a\u00f1o pasado 269 alertas alimentarias\u201d\n<\/span><\/div>","aioseo_breadcrumb_json":[{"label":"Home","link":"https:\/\/candas365.es\/noticias"},{"label":"Asturias","link":"https:\/\/candas365.es\/noticias\/category\/asturias\/"},{"label":"Urdiales: \u201cAsturias atendi\u00f3 el a\u00f1o pasado 269 alertas alimentarias\u201d","link":"https:\/\/candas365.es\/noticias\/urdiales-asturias-atendio-el-ano-pasado-269-alertas-alimentarias\/"}],"_links":{"self":[{"href":"https:\/\/candas365.es\/noticias\/wp-json\/wp\/v2\/posts\/101316","targetHints":{"allow":["GET"]}}],"collection":[{"href":"https:\/\/candas365.es\/noticias\/wp-json\/wp\/v2\/posts"}],"about":[{"href":"https:\/\/candas365.es\/noticias\/wp-json\/wp\/v2\/types\/post"}],"author":[{"embeddable":true,"href":"https:\/\/candas365.es\/noticias\/wp-json\/wp\/v2\/users\/1"}],"replies":[{"embeddable":true,"href":"https:\/\/candas365.es\/noticias\/wp-json\/wp\/v2\/comments?post=101316"}],"version-history":[{"count":0,"href":"https:\/\/candas365.es\/noticias\/wp-json\/wp\/v2\/posts\/101316\/revisions"}],"wp:featuredmedia":[{"embeddable":true,"href":"https:\/\/candas365.es\/noticias\/wp-json\/wp\/v2\/media\/101317"}],"wp:attachment":[{"href":"https:\/\/candas365.es\/noticias\/wp-json\/wp\/v2\/media?parent=101316"}],"wp:term":[{"taxonomy":"category","embeddable":true,"href":"https:\/\/candas365.es\/noticias\/wp-json\/wp\/v2\/categories?post=101316"},{"taxonomy":"post_tag","embeddable":true,"href":"https:\/\/candas365.es\/noticias\/wp-json\/wp\/v2\/tags?post=101316"}],"curies":[{"name":"wp","href":"https:\/\/api.w.org\/{rel}","templated":true}]}}