{"id":101308,"date":"2018-07-27T09:48:47","date_gmt":"2018-07-27T09:48:47","guid":{"rendered":"http:\/\/candas365.es\/noticias\/?p=101308"},"modified":"2018-07-27T09:48:47","modified_gmt":"2018-07-27T09:48:47","slug":"mariano-pena-llega-a-gijon-con-obra-de-dios","status":"publish","type":"post","link":"https:\/\/candas365.es\/noticias\/mariano-pena-llega-a-gijon-con-obra-de-dios\/","title":{"rendered":"Mariano Pe\u00f1a llega a Gij\u00f3n con \u2018Obra de Dios\u2019"},"content":{"rendered":"<p><img fetchpriority=\"high\" decoding=\"async\" class=\"alignleft size-full wp-image-21914\" src=\"https:\/\/candas365.es\/noticias\/wp-content\/uploads\/2015\/12\/jovellanos.jpg\" alt=\"\" width=\"334\" height=\"254\" srcset=\"https:\/\/candas365.es\/noticias\/wp-content\/uploads\/2015\/12\/jovellanos.jpg 334w, https:\/\/candas365.es\/noticias\/wp-content\/uploads\/2015\/12\/jovellanos-150x114.jpg 150w, https:\/\/candas365.es\/noticias\/wp-content\/uploads\/2015\/12\/jovellanos-80x60.jpg 80w, https:\/\/candas365.es\/noticias\/wp-content\/uploads\/2015\/12\/jovellanos-90x67.jpg 90w\" sizes=\"(max-width: 334px) 100vw, 334px\" \/>El conocido actor de cine y televisi\u00f3n Mariano Pe\u00f1a se convierte en el Se\u00f1or del Universo en la comedia que ha triunfado en Nueva York. Los d\u00edas 3 y 4 de agosto, el Teatro Jovellanos de Gij\u00f3n acoger\u00e1 Obra de Dios, escrita por David Javerbaum y dirigida por Tamzin Townsend, una coproducci\u00f3n de Txalo Producciones y Pentaci\u00f3n Espect\u00e1culos. Bernab\u00e9 Fern\u00e1ndez y Chema Rodr\u00edguez-Calder\u00f3n completan el reparto de esta producci\u00f3n aclamada por la cr\u00edtica. Las funciones tendr\u00e1n lugar a las 20:30 horas.<\/p>\n<p>\u00bfPor qu\u00e9 cre\u00f3 Dios a Ad\u00e1n? \u00bfEra Eva realmente una pecadora? \u00bfCu\u00e1ntos animales meti\u00f3 No\u00e9 en el arca? El se\u00f1or del Universo, creador de los Cielos y la Tierra nos visita en el teatro para reescribir sus diez mandamientos. Al fin llegan las respuestas a todas esas preguntas que nos hacemos desde el comienzo de nuestra era.<\/p>\n<p>La aut\u00e9ntica historia jam\u00e1s contada de los protagonistas de la Biblia: Jes\u00fas, Abraham, Mois\u00e9s y Steve Jobs. Todo aquello que usted siempre quiso saber contestado por el rey del espacio y el tiempo y sus fieles arc\u00e1ngeles. S\u00f3lo te aseguramos una cosa&#8230; no podr\u00e1s parar de re\u00edr.<\/p>\n<p><strong>Sobre el protagonista<\/strong><\/p>\n<p>Natural de Manzanilla (Huelva), Mariano Pe\u00f1a dio sus primeros pasos como actor de doblaje y de teatro, medio en el que empez\u00f3 con la obra La hermosa hembra. Ha sido la voz de personajes como el maestro KameSennin de DragonBall, adem\u00e1s de haber participado en algunas de las series m\u00e1s exitosas de los \u00faltimos a\u00f1os, como Compa\u00f1eros, Hospital Central, Los Serrano o A\u00edda, en la que interpretaba a Mauricio Colmenero, papel por el que ha recibido m\u00faltiples premios. En el cine, ha formado parte de largometrajes como La luz prodigiosa, Reinas y No lo llames amor, ll\u00e1malo X. Tambi\u00e9n ha protagonizado grandes musicales como Priscilla, Reina del Desierto, en el que interpretaba a la mujer transexual Bernardette Basinger.<\/p>\n<p><strong>Sobre la directora<\/strong><\/p>\n<p>Nacida en Inglaterra, Tamzin Townsed es uno de los nombres m\u00e1s asociados al \u00e9xito teatral en Espa\u00f1a. Comenz\u00f3 su carrera en Barcelona, dirigiendo montajes de gran acogida como Bones Festes o El Diari d\u2019Anna Frank. Tambi\u00e9n ha dirigido varias de las obras de Jordi Galcer\u00e1n, como Palabras Encadenadas, Carnavala o Fuga. Con m\u00e1s de 40 producciones teatrales a sus espaldas, Townsend ha trabajado toda clase de textos, desde cl\u00e1sicos como Shakespeare y Zorrilla hasta contempor\u00e1neos como Yasmine Reza o Sharman Macdonald. Actualmente es la coordinadora del Grado en Artes Esc\u00e9nicas de la Universidad Europea de Madrid.<\/p>\n","protected":false},"excerpt":{"rendered":"<p>El conocido actor de cine y televisi\u00f3n Mariano Pe\u00f1a se convierte en el Se\u00f1or del Universo en la comedia que ha triunfado en Nueva York. Los d\u00edas 3 y 4 de agosto, el Teatro Jovellanos de Gij\u00f3n acoger\u00e1 Obra de Dios, escrita por David Javerbaum y dirigida por Tamzin Townsend, una coproducci\u00f3n de Txalo Producciones<\/p>\n","protected":false},"author":1,"featured_media":270,"comment_status":"closed","ping_status":"closed","sticky":false,"template":"","format":"standard","meta":{"footnotes":""},"categories":[1],"tags":[],"class_list":{"0":"post-101308","1":"post","2":"type-post","3":"status-publish","4":"format-standard","5":"has-post-thumbnail","7":"category-agenda"},"aioseo_notices":[],"aioseo_head":"\n\t\t<!-- All in One SEO Pro 4.9.6.2 - aioseo.com -->\n\t<meta name=\"description\" content=\"El conocido actor de cine y televisi\u00f3n Mariano Pe\u00f1a se convierte en el Se\u00f1or del Universo en la comedia que ha triunfado en Nueva York. Los d\u00edas 3 y 4 de agosto, el Teatro Jovellanos de Gij\u00f3n acoger\u00e1 Obra de Dios, escrita por David Javerbaum y dirigida por Tamzin Townsend, una coproducci\u00f3n de Txalo Producciones\" \/>\n\t<meta name=\"robots\" content=\"max-image-preview:large\" \/>\n\t<meta name=\"author\" content=\"Cand\u00e1s 365\"\/>\n\t<meta name=\"google-site-verification\" content=\"UA-32230408-1\" \/>\n\t<meta name=\"msvalidate.01\" content=\"354F3CDFB2DA171B47FBE9ABF1F88D5\" \/>\n\t<meta name=\"keywords\" content=\"agenda\" \/>\n\t<link rel=\"canonical\" href=\"https:\/\/candas365.es\/noticias\/mariano-pena-llega-a-gijon-con-obra-de-dios\/\" \/>\n\t<meta name=\"generator\" content=\"All in One SEO Pro (AIOSEO) 4.9.6.2\" \/>\n\t\t<meta property=\"og:locale\" content=\"es_ES\" \/>\n\t\t<meta property=\"og:site_name\" content=\"Cand\u00e1s 365\" \/>\n\t\t<meta property=\"og:type\" content=\"article\" \/>\n\t\t<meta property=\"og:title\" content=\"Mariano Pe\u00f1a llega a Gij\u00f3n con \u2018Obra de Dios\u2019 | Cand\u00e1s 365\" \/>\n\t\t<meta property=\"og:description\" content=\"El conocido actor de cine y televisi\u00f3n Mariano Pe\u00f1a se convierte en el Se\u00f1or del Universo en la comedia que ha triunfado en Nueva York. Los d\u00edas 3 y 4 de agosto, el Teatro Jovellanos de Gij\u00f3n acoger\u00e1 Obra de Dios, escrita por David Javerbaum y dirigida por Tamzin Townsend, una coproducci\u00f3n de Txalo Producciones\" \/>\n\t\t<meta property=\"og:url\" content=\"https:\/\/candas365.es\/noticias\/mariano-pena-llega-a-gijon-con-obra-de-dios\/\" \/>\n\t\t<meta property=\"og:image\" content=\"https:\/\/candas365.es\/noticias\/wp-content\/uploads\/2014\/09\/agenda.jpg\" \/>\n\t\t<meta property=\"og:image:secure_url\" content=\"https:\/\/candas365.es\/noticias\/wp-content\/uploads\/2014\/09\/agenda.jpg\" \/>\n\t\t<meta property=\"og:image:width\" content=\"500\" \/>\n\t\t<meta property=\"og:image:height\" content=\"331\" \/>\n\t\t<meta property=\"article:published_time\" content=\"2018-07-27T09:48:47+00:00\" \/>\n\t\t<meta property=\"article:modified_time\" content=\"2018-07-27T09:48:47+00:00\" \/>\n\t\t<meta property=\"article:publisher\" content=\"https:\/\/www.facebook.com\/Nachofdezber\" \/>\n\t\t<meta property=\"article:author\" content=\"https:\/\/www.facebook.com\/carrenoactualidad\" \/>\n\t\t<meta name=\"twitter:card\" content=\"summary_large_image\" \/>\n\t\t<meta name=\"twitter:site\" content=\"@NabercoDigital\" \/>\n\t\t<meta name=\"twitter:title\" content=\"Mariano Pe\u00f1a llega a Gij\u00f3n con \u2018Obra de Dios\u2019 | Cand\u00e1s 365\" \/>\n\t\t<meta name=\"twitter:description\" content=\"El conocido actor de cine y televisi\u00f3n Mariano Pe\u00f1a se convierte en el Se\u00f1or del Universo en la comedia que ha triunfado en Nueva York. Los d\u00edas 3 y 4 de agosto, el Teatro Jovellanos de Gij\u00f3n acoger\u00e1 Obra de Dios, escrita por David Javerbaum y dirigida por Tamzin Townsend, una coproducci\u00f3n de Txalo Producciones\" \/>\n\t\t<meta name=\"twitter:creator\" content=\"@nbasturias\" \/>\n\t\t<meta name=\"twitter:image\" content=\"https:\/\/candas365.es\/noticias\/wp-content\/uploads\/2014\/09\/agenda.jpg\" \/>\n\t\t<meta name=\"twitter:label1\" content=\"Escrito por\" \/>\n\t\t<meta name=\"twitter:data1\" content=\"Cand\u00e1s 365\" \/>\n\t\t<meta name=\"twitter:label2\" content=\"Tiempo de lectura estimado\" \/>\n\t\t<meta name=\"twitter:data2\" content=\"2 minutos\" \/>\n\t\t<script type=\"application\/ld+json\" class=\"aioseo-schema\">\n\t\t\t{\"@context\":\"https:\\\/\\\/schema.org\",\"@graph\":[{\"@type\":\"BreadcrumbList\",\"@id\":\"https:\\\/\\\/candas365.es\\\/noticias\\\/mariano-pena-llega-a-gijon-con-obra-de-dios\\\/#breadcrumblist\",\"itemListElement\":[{\"@type\":\"ListItem\",\"@id\":\"https:\\\/\\\/candas365.es\\\/noticias#listItem\",\"position\":1,\"name\":\"Home\",\"item\":\"https:\\\/\\\/candas365.es\\\/noticias\",\"nextItem\":{\"@type\":\"ListItem\",\"@id\":\"https:\\\/\\\/candas365.es\\\/noticias\\\/category\\\/agenda\\\/#listItem\",\"name\":\"Agenda\"}},{\"@type\":\"ListItem\",\"@id\":\"https:\\\/\\\/candas365.es\\\/noticias\\\/category\\\/agenda\\\/#listItem\",\"position\":2,\"name\":\"Agenda\",\"item\":\"https:\\\/\\\/candas365.es\\\/noticias\\\/category\\\/agenda\\\/\",\"nextItem\":{\"@type\":\"ListItem\",\"@id\":\"https:\\\/\\\/candas365.es\\\/noticias\\\/mariano-pena-llega-a-gijon-con-obra-de-dios\\\/#listItem\",\"name\":\"Mariano Pe\\u00f1a llega a Gij\\u00f3n con \\u2018Obra de Dios\\u2019\"},\"previousItem\":{\"@type\":\"ListItem\",\"@id\":\"https:\\\/\\\/candas365.es\\\/noticias#listItem\",\"name\":\"Home\"}},{\"@type\":\"ListItem\",\"@id\":\"https:\\\/\\\/candas365.es\\\/noticias\\\/mariano-pena-llega-a-gijon-con-obra-de-dios\\\/#listItem\",\"position\":3,\"name\":\"Mariano Pe\\u00f1a llega a Gij\\u00f3n con \\u2018Obra de Dios\\u2019\",\"previousItem\":{\"@type\":\"ListItem\",\"@id\":\"https:\\\/\\\/candas365.es\\\/noticias\\\/category\\\/agenda\\\/#listItem\",\"name\":\"Agenda\"}}]},{\"@type\":\"NewsArticle\",\"@id\":\"https:\\\/\\\/candas365.es\\\/noticias\\\/mariano-pena-llega-a-gijon-con-obra-de-dios\\\/#newsarticle\",\"name\":\"Mariano Pe\\u00f1a llega a Gij\\u00f3n con \\u2018Obra de Dios\\u2019 | Cand\\u00e1s 365\",\"headline\":\"Mariano Pe\\u00f1a llega a Gij\\u00f3n con \\u2018Obra de Dios\\u2019\",\"author\":{\"@id\":\"https:\\\/\\\/candas365.es\\\/noticias\\\/author\\\/admin\\\/#author\"},\"publisher\":{\"@id\":\"https:\\\/\\\/candas365.es\\\/noticias\\\/#organization\"},\"image\":{\"@type\":\"ImageObject\",\"url\":\"https:\\\/\\\/candas365.es\\\/noticias\\\/wp-content\\\/uploads\\\/2014\\\/09\\\/agenda.jpg\",\"width\":500,\"height\":331},\"datePublished\":\"2018-07-27T09:48:47+02:00\",\"dateModified\":\"2018-07-27T09:48:47+02:00\",\"inLanguage\":\"es-ES\",\"mainEntityOfPage\":{\"@id\":\"https:\\\/\\\/candas365.es\\\/noticias\\\/mariano-pena-llega-a-gijon-con-obra-de-dios\\\/#webpage\"},\"isPartOf\":{\"@id\":\"https:\\\/\\\/candas365.es\\\/noticias\\\/mariano-pena-llega-a-gijon-con-obra-de-dios\\\/#webpage\"},\"articleSection\":\"Agenda\",\"dateline\":\"Publicado el julio 27, 2018.\"},{\"@type\":\"Organization\",\"@id\":\"https:\\\/\\\/candas365.es\\\/noticias\\\/#organization\",\"name\":\"Cand\\u00e1s 365\",\"description\":\"Cand\\u00e1s 365 es un diario digital independiente, fundado en 2012, con base en Asturias. Informamos con rigor sobre actualidad, sociedad, cultura y ocio, con una mirada local y global.\",\"url\":\"https:\\\/\\\/candas365.es\\\/noticias\\\/\",\"email\":\"info@candas365.es\",\"telephone\":\"+34652131393\",\"foundingDate\":\"2012-06-10\",\"logo\":{\"@type\":\"ImageObject\",\"url\":\"https:\\\/\\\/candas365.es\\\/noticias\\\/wp-content\\\/uploads\\\/2024\\\/09\\\/Candas-365-Redes.jpg\",\"@id\":\"https:\\\/\\\/candas365.es\\\/noticias\\\/mariano-pena-llega-a-gijon-con-obra-de-dios\\\/#organizationLogo\",\"width\":1152,\"height\":864,\"caption\":\"Cand\\u00e1s 365 Redes\"},\"image\":{\"@id\":\"https:\\\/\\\/candas365.es\\\/noticias\\\/mariano-pena-llega-a-gijon-con-obra-de-dios\\\/#organizationLogo\"},\"sameAs\":[\"https:\\\/\\\/www.facebook.com\\\/Nachofdezber\",\"https:\\\/\\\/x.com\\\/NabercoDigital\",\"https:\\\/\\\/www.instagram.com\\\/nachofdezber\\\/\",\"https:\\\/\\\/www.youtube.com\\\/channel\\\/UCZP-2wLEB9Rv6erhFmqVnvg\"],\"address\":{\"@id\":\"https:\\\/\\\/candas365.es\\\/noticias\\\/#postaladdress\",\"@type\":\"PostalAddress\",\"streetAddress\":\"san antonio 4, san antonio 4\",\"postalCode\":\"33430\",\"addressLocality\":\"Cand\\u00e1s\",\"addressRegion\":\"Asturias\",\"addressCountry\":\"ES\"}},{\"@type\":\"Person\",\"@id\":\"https:\\\/\\\/candas365.es\\\/noticias\\\/author\\\/admin\\\/#author\",\"url\":\"https:\\\/\\\/candas365.es\\\/noticias\\\/author\\\/admin\\\/\",\"name\":\"Cand\\u00e1s 365\",\"image\":{\"@type\":\"ImageObject\",\"@id\":\"https:\\\/\\\/candas365.es\\\/noticias\\\/mariano-pena-llega-a-gijon-con-obra-de-dios\\\/#authorImage\",\"url\":\"https:\\\/\\\/secure.gravatar.com\\\/avatar\\\/496a8e03d0c493ede1718b7934145dbdf8d89be1036b0eec9544e1094c9de390?s=96&d=mm&r=g\",\"width\":96,\"height\":96,\"caption\":\"Cand\\u00e1s 365\"},\"sameAs\":[\"https:\\\/\\\/www.facebook.com\\\/carrenoactualidad\",\"https:\\\/\\\/twitter.com\\\/nbasturias\",\"https:\\\/\\\/www.instagram.com\\\/nachofdezber\\\/\",\"https:\\\/\\\/www.youtube.com\\\/channel\\\/UCZP-2wLEB9Rv6erhFmqVnvg\"]},{\"@type\":\"WebPage\",\"@id\":\"https:\\\/\\\/candas365.es\\\/noticias\\\/mariano-pena-llega-a-gijon-con-obra-de-dios\\\/#webpage\",\"url\":\"https:\\\/\\\/candas365.es\\\/noticias\\\/mariano-pena-llega-a-gijon-con-obra-de-dios\\\/\",\"name\":\"Mariano Pe\\u00f1a llega a Gij\\u00f3n con \\u2018Obra de Dios\\u2019 | Cand\\u00e1s 365\",\"description\":\"El conocido actor de cine y televisi\\u00f3n Mariano Pe\\u00f1a se convierte en el Se\\u00f1or del Universo en la comedia que ha triunfado en Nueva York. Los d\\u00edas 3 y 4 de agosto, el Teatro Jovellanos de Gij\\u00f3n acoger\\u00e1 Obra de Dios, escrita por David Javerbaum y dirigida por Tamzin Townsend, una coproducci\\u00f3n de Txalo Producciones\",\"inLanguage\":\"es-ES\",\"isPartOf\":{\"@id\":\"https:\\\/\\\/candas365.es\\\/noticias\\\/#website\"},\"breadcrumb\":{\"@id\":\"https:\\\/\\\/candas365.es\\\/noticias\\\/mariano-pena-llega-a-gijon-con-obra-de-dios\\\/#breadcrumblist\"},\"author\":{\"@id\":\"https:\\\/\\\/candas365.es\\\/noticias\\\/author\\\/admin\\\/#author\"},\"creator\":{\"@id\":\"https:\\\/\\\/candas365.es\\\/noticias\\\/author\\\/admin\\\/#author\"},\"image\":{\"@type\":\"ImageObject\",\"url\":\"https:\\\/\\\/candas365.es\\\/noticias\\\/wp-content\\\/uploads\\\/2014\\\/09\\\/agenda.jpg\",\"@id\":\"https:\\\/\\\/candas365.es\\\/noticias\\\/mariano-pena-llega-a-gijon-con-obra-de-dios\\\/#mainImage\",\"width\":500,\"height\":331},\"primaryImageOfPage\":{\"@id\":\"https:\\\/\\\/candas365.es\\\/noticias\\\/mariano-pena-llega-a-gijon-con-obra-de-dios\\\/#mainImage\"},\"datePublished\":\"2018-07-27T09:48:47+02:00\",\"dateModified\":\"2018-07-27T09:48:47+02:00\"},{\"@type\":\"WebSite\",\"@id\":\"https:\\\/\\\/candas365.es\\\/noticias\\\/#website\",\"url\":\"https:\\\/\\\/candas365.es\\\/noticias\\\/\",\"name\":\"Cand\\u00e1s 365\",\"alternateName\":\"Cand\\u00e1s 365 Noticias\",\"description\":\"Actualidad desde Carre\\u00f1o para el mundo\",\"inLanguage\":\"es-ES\",\"publisher\":{\"@id\":\"https:\\\/\\\/candas365.es\\\/noticias\\\/#organization\"}}]}\n\t\t<\/script>\n\t\t<!-- All in One SEO Pro -->\r\n\t\t<title>Mariano Pe\u00f1a llega a Gij\u00f3n con \u2018Obra de Dios\u2019 | Cand\u00e1s 365<\/title>\n\n","aioseo_head_json":{"title":"Mariano Pe\u00f1a llega a Gij\u00f3n con \u2018Obra de Dios\u2019 | Cand\u00e1s 365","description":"El conocido actor de cine y televisi\u00f3n Mariano Pe\u00f1a se convierte en el Se\u00f1or del Universo en la comedia que ha triunfado en Nueva York. Los d\u00edas 3 y 4 de agosto, el Teatro Jovellanos de Gij\u00f3n acoger\u00e1 Obra de Dios, escrita por David Javerbaum y dirigida por Tamzin Townsend, una coproducci\u00f3n de Txalo Producciones","canonical_url":"https:\/\/candas365.es\/noticias\/mariano-pena-llega-a-gijon-con-obra-de-dios\/","robots":"max-image-preview:large","keywords":"agenda","webmasterTools":{"google-site-verification":"UA-32230408-1","msvalidate.01":"354F3CDFB2DA171B47FBE9ABF1F88D5","miscellaneous":""},"schema":{"@context":"https:\/\/schema.org","@graph":[{"@type":"BreadcrumbList","@id":"https:\/\/candas365.es\/noticias\/mariano-pena-llega-a-gijon-con-obra-de-dios\/#breadcrumblist","itemListElement":[{"@type":"ListItem","@id":"https:\/\/candas365.es\/noticias#listItem","position":1,"name":"Home","item":"https:\/\/candas365.es\/noticias","nextItem":{"@type":"ListItem","@id":"https:\/\/candas365.es\/noticias\/category\/agenda\/#listItem","name":"Agenda"}},{"@type":"ListItem","@id":"https:\/\/candas365.es\/noticias\/category\/agenda\/#listItem","position":2,"name":"Agenda","item":"https:\/\/candas365.es\/noticias\/category\/agenda\/","nextItem":{"@type":"ListItem","@id":"https:\/\/candas365.es\/noticias\/mariano-pena-llega-a-gijon-con-obra-de-dios\/#listItem","name":"Mariano Pe\u00f1a llega a Gij\u00f3n con \u2018Obra de Dios\u2019"},"previousItem":{"@type":"ListItem","@id":"https:\/\/candas365.es\/noticias#listItem","name":"Home"}},{"@type":"ListItem","@id":"https:\/\/candas365.es\/noticias\/mariano-pena-llega-a-gijon-con-obra-de-dios\/#listItem","position":3,"name":"Mariano Pe\u00f1a llega a Gij\u00f3n con \u2018Obra de Dios\u2019","previousItem":{"@type":"ListItem","@id":"https:\/\/candas365.es\/noticias\/category\/agenda\/#listItem","name":"Agenda"}}]},{"@type":"NewsArticle","@id":"https:\/\/candas365.es\/noticias\/mariano-pena-llega-a-gijon-con-obra-de-dios\/#newsarticle","name":"Mariano Pe\u00f1a llega a Gij\u00f3n con \u2018Obra de Dios\u2019 | Cand\u00e1s 365","headline":"Mariano Pe\u00f1a llega a Gij\u00f3n con \u2018Obra de Dios\u2019","author":{"@id":"https:\/\/candas365.es\/noticias\/author\/admin\/#author"},"publisher":{"@id":"https:\/\/candas365.es\/noticias\/#organization"},"image":{"@type":"ImageObject","url":"https:\/\/candas365.es\/noticias\/wp-content\/uploads\/2014\/09\/agenda.jpg","width":500,"height":331},"datePublished":"2018-07-27T09:48:47+02:00","dateModified":"2018-07-27T09:48:47+02:00","inLanguage":"es-ES","mainEntityOfPage":{"@id":"https:\/\/candas365.es\/noticias\/mariano-pena-llega-a-gijon-con-obra-de-dios\/#webpage"},"isPartOf":{"@id":"https:\/\/candas365.es\/noticias\/mariano-pena-llega-a-gijon-con-obra-de-dios\/#webpage"},"articleSection":"Agenda","dateline":"Publicado el julio 27, 2018."},{"@type":"Organization","@id":"https:\/\/candas365.es\/noticias\/#organization","name":"Cand\u00e1s 365","description":"Cand\u00e1s 365 es un diario digital independiente, fundado en 2012, con base en Asturias. Informamos con rigor sobre actualidad, sociedad, cultura y ocio, con una mirada local y global.","url":"https:\/\/candas365.es\/noticias\/","email":"info@candas365.es","telephone":"+34652131393","foundingDate":"2012-06-10","logo":{"@type":"ImageObject","url":"https:\/\/candas365.es\/noticias\/wp-content\/uploads\/2024\/09\/Candas-365-Redes.jpg","@id":"https:\/\/candas365.es\/noticias\/mariano-pena-llega-a-gijon-con-obra-de-dios\/#organizationLogo","width":1152,"height":864,"caption":"Cand\u00e1s 365 Redes"},"image":{"@id":"https:\/\/candas365.es\/noticias\/mariano-pena-llega-a-gijon-con-obra-de-dios\/#organizationLogo"},"sameAs":["https:\/\/www.facebook.com\/Nachofdezber","https:\/\/x.com\/NabercoDigital","https:\/\/www.instagram.com\/nachofdezber\/","https:\/\/www.youtube.com\/channel\/UCZP-2wLEB9Rv6erhFmqVnvg"],"address":{"@id":"https:\/\/candas365.es\/noticias\/#postaladdress","@type":"PostalAddress","streetAddress":"san antonio 4, san antonio 4","postalCode":"33430","addressLocality":"Cand\u00e1s","addressRegion":"Asturias","addressCountry":"ES"}},{"@type":"Person","@id":"https:\/\/candas365.es\/noticias\/author\/admin\/#author","url":"https:\/\/candas365.es\/noticias\/author\/admin\/","name":"Cand\u00e1s 365","image":{"@type":"ImageObject","@id":"https:\/\/candas365.es\/noticias\/mariano-pena-llega-a-gijon-con-obra-de-dios\/#authorImage","url":"https:\/\/secure.gravatar.com\/avatar\/496a8e03d0c493ede1718b7934145dbdf8d89be1036b0eec9544e1094c9de390?s=96&d=mm&r=g","width":96,"height":96,"caption":"Cand\u00e1s 365"},"sameAs":["https:\/\/www.facebook.com\/carrenoactualidad","https:\/\/twitter.com\/nbasturias","https:\/\/www.instagram.com\/nachofdezber\/","https:\/\/www.youtube.com\/channel\/UCZP-2wLEB9Rv6erhFmqVnvg"]},{"@type":"WebPage","@id":"https:\/\/candas365.es\/noticias\/mariano-pena-llega-a-gijon-con-obra-de-dios\/#webpage","url":"https:\/\/candas365.es\/noticias\/mariano-pena-llega-a-gijon-con-obra-de-dios\/","name":"Mariano Pe\u00f1a llega a Gij\u00f3n con \u2018Obra de Dios\u2019 | Cand\u00e1s 365","description":"El conocido actor de cine y televisi\u00f3n Mariano Pe\u00f1a se convierte en el Se\u00f1or del Universo en la comedia que ha triunfado en Nueva York. Los d\u00edas 3 y 4 de agosto, el Teatro Jovellanos de Gij\u00f3n acoger\u00e1 Obra de Dios, escrita por David Javerbaum y dirigida por Tamzin Townsend, una coproducci\u00f3n de Txalo Producciones","inLanguage":"es-ES","isPartOf":{"@id":"https:\/\/candas365.es\/noticias\/#website"},"breadcrumb":{"@id":"https:\/\/candas365.es\/noticias\/mariano-pena-llega-a-gijon-con-obra-de-dios\/#breadcrumblist"},"author":{"@id":"https:\/\/candas365.es\/noticias\/author\/admin\/#author"},"creator":{"@id":"https:\/\/candas365.es\/noticias\/author\/admin\/#author"},"image":{"@type":"ImageObject","url":"https:\/\/candas365.es\/noticias\/wp-content\/uploads\/2014\/09\/agenda.jpg","@id":"https:\/\/candas365.es\/noticias\/mariano-pena-llega-a-gijon-con-obra-de-dios\/#mainImage","width":500,"height":331},"primaryImageOfPage":{"@id":"https:\/\/candas365.es\/noticias\/mariano-pena-llega-a-gijon-con-obra-de-dios\/#mainImage"},"datePublished":"2018-07-27T09:48:47+02:00","dateModified":"2018-07-27T09:48:47+02:00"},{"@type":"WebSite","@id":"https:\/\/candas365.es\/noticias\/#website","url":"https:\/\/candas365.es\/noticias\/","name":"Cand\u00e1s 365","alternateName":"Cand\u00e1s 365 Noticias","description":"Actualidad desde Carre\u00f1o para el mundo","inLanguage":"es-ES","publisher":{"@id":"https:\/\/candas365.es\/noticias\/#organization"}}]},"og:locale":"es_ES","og:site_name":"Cand\u00e1s 365","og:type":"article","og:title":"Mariano Pe\u00f1a llega a Gij\u00f3n con \u2018Obra de Dios\u2019 | Cand\u00e1s 365","og:description":"El conocido actor de cine y televisi\u00f3n Mariano Pe\u00f1a se convierte en el Se\u00f1or del Universo en la comedia que ha triunfado en Nueva York. Los d\u00edas 3 y 4 de agosto, el Teatro Jovellanos de Gij\u00f3n acoger\u00e1 Obra de Dios, escrita por David Javerbaum y dirigida por Tamzin Townsend, una coproducci\u00f3n de Txalo Producciones","og:url":"https:\/\/candas365.es\/noticias\/mariano-pena-llega-a-gijon-con-obra-de-dios\/","og:image":"https:\/\/candas365.es\/noticias\/wp-content\/uploads\/2014\/09\/agenda.jpg","og:image:secure_url":"https:\/\/candas365.es\/noticias\/wp-content\/uploads\/2014\/09\/agenda.jpg","og:image:width":500,"og:image:height":331,"article:published_time":"2018-07-27T09:48:47+00:00","article:modified_time":"2018-07-27T09:48:47+00:00","article:publisher":"https:\/\/www.facebook.com\/Nachofdezber","article:author":"https:\/\/www.facebook.com\/carrenoactualidad","twitter:card":"summary_large_image","twitter:site":"@NabercoDigital","twitter:title":"Mariano Pe\u00f1a llega a Gij\u00f3n con \u2018Obra de Dios\u2019 | Cand\u00e1s 365","twitter:description":"El conocido actor de cine y televisi\u00f3n Mariano Pe\u00f1a se convierte en el Se\u00f1or del Universo en la comedia que ha triunfado en Nueva York. Los d\u00edas 3 y 4 de agosto, el Teatro Jovellanos de Gij\u00f3n acoger\u00e1 Obra de Dios, escrita por David Javerbaum y dirigida por Tamzin Townsend, una coproducci\u00f3n de Txalo Producciones","twitter:creator":"@nbasturias","twitter:image":"https:\/\/candas365.es\/noticias\/wp-content\/uploads\/2014\/09\/agenda.jpg","twitter:label1":"Escrito por","twitter:data1":"Cand\u00e1s 365","twitter:label2":"Tiempo de lectura estimado","twitter:data2":"2 minutos"},"aioseo_meta_data":{"post_id":"101308","title":null,"description":null,"keywords":null,"keyphrases":null,"primary_term":null,"canonical_url":null,"og_title":null,"og_description":null,"og_object_type":"default","og_image_type":"default","og_image_url":null,"og_image_width":null,"og_image_height":null,"og_image_custom_url":null,"og_image_custom_fields":null,"og_video":null,"og_custom_url":null,"og_article_section":null,"og_article_tags":null,"twitter_use_og":false,"twitter_card":"default","twitter_image_type":"default","twitter_image_url":null,"twitter_image_custom_url":null,"twitter_image_custom_fields":null,"twitter_title":null,"twitter_description":null,"schema":{"blockGraphs":[],"customGraphs":[],"default":{"data":{"Article":[],"Course":[],"Dataset":[],"FAQPage":[],"Movie":[],"Person":[],"Product":[],"ProductReview":[],"Car":[],"Recipe":[],"Service":[],"SoftwareApplication":[],"WebPage":[]},"graphName":"","isEnabled":true},"graphs":[],"defaultGraph":"","defaultPostTypeGraph":""},"schema_type":null,"schema_type_options":null,"pillar_content":false,"robots_default":true,"robots_noindex":false,"robots_noarchive":false,"robots_nosnippet":false,"robots_nofollow":false,"robots_noimageindex":false,"robots_noodp":false,"robots_notranslate":false,"robots_max_snippet":null,"robots_max_videopreview":null,"robots_max_imagepreview":"large","priority":null,"frequency":null,"location":null,"local_seo":null,"seo_analyzer_scan_date":"2025-08-27 11:08:16","breadcrumb_settings":null,"limit_modified_date":false,"reviewed_by":null,"open_ai":null,"ai":null,"created":"2020-12-21 11:48:07","updated":"2025-08-27 11:08:16"},"aioseo_breadcrumb":"<div class=\"aioseo-breadcrumbs\"><span class=\"aioseo-breadcrumb\">\n\t<a href=\"https:\/\/candas365.es\/noticias\" title=\"Home\">Home<\/a>\n<\/span><span class=\"aioseo-breadcrumb-separator\">&ndash;<\/span><span class=\"aioseo-breadcrumb\">\n\t<a href=\"https:\/\/candas365.es\/noticias\/category\/agenda\/\" title=\"Agenda\">Agenda<\/a>\n<\/span><span class=\"aioseo-breadcrumb-separator\">&ndash;<\/span><span class=\"aioseo-breadcrumb\">\n\tMariano Pe\u00f1a llega a Gij\u00f3n con \u2018Obra de Dios\u2019\n<\/span><\/div>","aioseo_breadcrumb_json":[{"label":"Home","link":"https:\/\/candas365.es\/noticias"},{"label":"Agenda","link":"https:\/\/candas365.es\/noticias\/category\/agenda\/"},{"label":"Mariano Pe\u00f1a llega a Gij\u00f3n con \u2018Obra de Dios\u2019","link":"https:\/\/candas365.es\/noticias\/mariano-pena-llega-a-gijon-con-obra-de-dios\/"}],"_links":{"self":[{"href":"https:\/\/candas365.es\/noticias\/wp-json\/wp\/v2\/posts\/101308","targetHints":{"allow":["GET"]}}],"collection":[{"href":"https:\/\/candas365.es\/noticias\/wp-json\/wp\/v2\/posts"}],"about":[{"href":"https:\/\/candas365.es\/noticias\/wp-json\/wp\/v2\/types\/post"}],"author":[{"embeddable":true,"href":"https:\/\/candas365.es\/noticias\/wp-json\/wp\/v2\/users\/1"}],"replies":[{"embeddable":true,"href":"https:\/\/candas365.es\/noticias\/wp-json\/wp\/v2\/comments?post=101308"}],"version-history":[{"count":0,"href":"https:\/\/candas365.es\/noticias\/wp-json\/wp\/v2\/posts\/101308\/revisions"}],"wp:featuredmedia":[{"embeddable":true,"href":"https:\/\/candas365.es\/noticias\/wp-json\/wp\/v2\/media\/270"}],"wp:attachment":[{"href":"https:\/\/candas365.es\/noticias\/wp-json\/wp\/v2\/media?parent=101308"}],"wp:term":[{"taxonomy":"category","embeddable":true,"href":"https:\/\/candas365.es\/noticias\/wp-json\/wp\/v2\/categories?post=101308"},{"taxonomy":"post_tag","embeddable":true,"href":"https:\/\/candas365.es\/noticias\/wp-json\/wp\/v2\/tags?post=101308"}],"curies":[{"name":"wp","href":"https:\/\/api.w.org\/{rel}","templated":true}]}}