{"id":101279,"date":"2018-07-27T00:42:30","date_gmt":"2018-07-27T00:42:30","guid":{"rendered":"http:\/\/candas365.es\/noticias\/?p=101279"},"modified":"2018-07-27T00:42:30","modified_gmt":"2018-07-27T00:42:30","slug":"el-numero-de-parados-baja-durante-el-segundo-trimestre-de-2018","status":"publish","type":"post","link":"https:\/\/candas365.es\/noticias\/el-numero-de-parados-baja-durante-el-segundo-trimestre-de-2018\/","title":{"rendered":"El n\u00famero de parados baja durante el segundo trimestre de 2018"},"content":{"rendered":"<p><img fetchpriority=\"high\" decoding=\"async\" class=\"alignleft size-medium wp-image-2071\" src=\"https:\/\/candas365.es\/noticias\/wp-content\/uploads\/2014\/10\/fotonoticia_20141002102425_800-360x270.jpg\" alt=\"\" width=\"360\" height=\"270\" srcset=\"https:\/\/candas365.es\/noticias\/wp-content\/uploads\/2014\/10\/fotonoticia_20141002102425_800-360x270.jpg 360w, https:\/\/candas365.es\/noticias\/wp-content\/uploads\/2014\/10\/fotonoticia_20141002102425_800-640x480.jpg 640w, https:\/\/candas365.es\/noticias\/wp-content\/uploads\/2014\/10\/fotonoticia_20141002102425_800-768x576.jpg 768w, https:\/\/candas365.es\/noticias\/wp-content\/uploads\/2014\/10\/fotonoticia_20141002102425_800-150x113.jpg 150w, https:\/\/candas365.es\/noticias\/wp-content\/uploads\/2014\/10\/fotonoticia_20141002102425_800-450x338.jpg 450w, https:\/\/candas365.es\/noticias\/wp-content\/uploads\/2014\/10\/fotonoticia_20141002102425_800-80x60.jpg 80w, https:\/\/candas365.es\/noticias\/wp-content\/uploads\/2014\/10\/fotonoticia_20141002102425_800-265x198.jpg 265w, https:\/\/candas365.es\/noticias\/wp-content\/uploads\/2014\/10\/fotonoticia_20141002102425_800-696x522.jpg 696w, https:\/\/candas365.es\/noticias\/wp-content\/uploads\/2014\/10\/fotonoticia_20141002102425_800-560x420.jpg 560w, https:\/\/candas365.es\/noticias\/wp-content\/uploads\/2014\/10\/fotonoticia_20141002102425_800-90x67.jpg 90w, https:\/\/candas365.es\/noticias\/wp-content\/uploads\/2014\/10\/fotonoticia_20141002102425_800.jpg 800w\" sizes=\"(max-width: 360px) 100vw, 360px\" \/>El n\u00famero de ocupados aument\u00f3 en 469.900 personas en el segundo trimestre de 2018, seg\u00fan los datos de la Encuesta de Poblaci\u00f3n Activa (EPA) que elabora el Instituto Nacional de Estad\u00edstica (INE). Este incremento trimestral es el mayor de toda la serie hist\u00f3rica de la EPA (se elabora desde 1976) y ha permitido que se hayan alcanzado los 19,3 millones de ocupados, la cifra m\u00e1s elevada desde el \u00faltimo trimestre de 2008 y muy cerca del objetivo previsto para todo el a\u00f1o.<\/p>\n<p>\u200bEl n\u00famero de parados se ha reducido en 306.000 personas en el segundo trimestre, situ\u00e1ndose por debajo de los 3,5 millones por primera vez desde finales de 2008. En los \u00faltimos doce meses el paro se ha rebajado en 424.200 personas con una reducci\u00f3n del 10,84%. La tasa de paro se coloca en el 15,28%, 1,46 puntos menos que en el trimestre anterior y se reduce casi dos puntos en el \u00faltimo a\u00f1o. Con series desestacionalizadas, el desempleo disminuye el 4,09% en el segundo trimestre respecto al trimestre previo, frente a la reducci\u00f3n del 3,13% del periodo anterior, encaden\u00e1ndose m\u00e1s de cinco a\u00f1os de descensos ininterrumpidos.<\/p>\n<p>Los datos de la Encuesta de Poblaci\u00f3n Activa confirman la recuperaci\u00f3n del mercado de trabajo, alcanz\u00e1ndose niveles de ocupaci\u00f3n similares a los de finales de 2008 pero todav\u00eda alejados del m\u00e1ximo previo a la crisis. El desempleo sigue descendiendo a tasas interanuales superiores al 10% y se consolida la creaci\u00f3n de puestos de trabajo a un ritmo superior a los 500.000 anuales (530.800 en los \u00faltimos doce meses), lo que permitir\u00e1 alcanzar los 20 millones de ocupados en 2020.<\/p>\n<p>Los datos del segundo trimestre ponen de manifiesto la continuidad en la positiva evoluci\u00f3n del mercado de trabajo y la fortaleza de la econom\u00eda espa\u00f1ola. Al aumento hist\u00f3rico del n\u00famero de ocupados hay que a\u00f1adir que ha sido generalizado en todas las Comunidades Aut\u00f3nomas. Por sectores se crea empleo principalmente en servicios (371.400) seguido por la construcci\u00f3n e industria. Hay que destacar tambi\u00e9n que el incremento se produce en todos los grupos de edad, siendo el de m\u00e1s de 55 a\u00f1os el que m\u00e1s aumenta. La tasa de temporalidad se sit\u00faa en el 26,8%, superior en 69 cent\u00e9simas a la del primer trimestre y similar a la de hace un a\u00f1o.<\/p>\n<p>Con series desestacionalizadas, el empleo ha crecido el 1% en el segundo trimestre en t\u00e9rminos intertrimestrales, tasa superior en cuatro d\u00e9cimas a la del trimestre previo y la m\u00e1s elevada de los tres \u00faltimos a\u00f1os. En los \u00faltimos doce meses el empleo ha aumentado en 530.800 personas, el 2,82%, lo que supone una aceleraci\u00f3n de casi medio punto respecto al primer trimestre.<\/p>\n<p>En el \u00faltimo a\u00f1o, el n\u00famero de hogares con todos sus miembros activos en paro se ha reducido en 164.500 y los que tienen todos sus activos ocupados ha aumentado en 310.500.<\/p>\n","protected":false},"excerpt":{"rendered":"<p>El n\u00famero de ocupados aument\u00f3 en 469.900 personas en el segundo trimestre de 2018, seg\u00fan los datos de la Encuesta de Poblaci\u00f3n Activa (EPA) que elabora el Instituto Nacional de Estad\u00edstica (INE). Este incremento trimestral es el mayor de toda la serie hist\u00f3rica de la EPA (se elabora desde 1976) y ha permitido que se<\/p>\n","protected":false},"author":1,"featured_media":88138,"comment_status":"closed","ping_status":"closed","sticky":false,"template":"","format":"standard","meta":{"footnotes":""},"categories":[343],"tags":[],"class_list":{"0":"post-101279","1":"post","2":"type-post","3":"status-publish","4":"format-standard","5":"has-post-thumbnail","7":"category-actualidad"},"aioseo_notices":[],"aioseo_head":"\n\t\t<!-- All in One SEO Pro 4.9.6.2 - aioseo.com -->\n\t<meta name=\"description\" content=\"El n\u00famero de ocupados aument\u00f3 en 469.900 personas en el segundo trimestre de 2018, seg\u00fan los datos de la Encuesta de Poblaci\u00f3n Activa (EPA) que elabora el Instituto Nacional de Estad\u00edstica (INE). Este incremento trimestral es el mayor de toda la serie hist\u00f3rica de la EPA (se elabora desde 1976) y ha permitido que se\" \/>\n\t<meta name=\"robots\" content=\"max-image-preview:large\" \/>\n\t<meta name=\"author\" content=\"Cand\u00e1s 365\"\/>\n\t<meta name=\"google-site-verification\" content=\"UA-32230408-1\" \/>\n\t<meta name=\"msvalidate.01\" content=\"354F3CDFB2DA171B47FBE9ABF1F88D5\" \/>\n\t<meta name=\"keywords\" content=\"actualidad\" \/>\n\t<link rel=\"canonical\" href=\"https:\/\/candas365.es\/noticias\/el-numero-de-parados-baja-durante-el-segundo-trimestre-de-2018\/\" \/>\n\t<meta name=\"generator\" content=\"All in One SEO Pro (AIOSEO) 4.9.6.2\" \/>\n\t\t<meta property=\"og:locale\" content=\"es_ES\" \/>\n\t\t<meta property=\"og:site_name\" content=\"Cand\u00e1s 365\" \/>\n\t\t<meta property=\"og:type\" content=\"article\" \/>\n\t\t<meta property=\"og:title\" content=\"El n\u00famero de parados baja durante el segundo trimestre de 2018 | Cand\u00e1s 365\" \/>\n\t\t<meta property=\"og:description\" content=\"El n\u00famero de ocupados aument\u00f3 en 469.900 personas en el segundo trimestre de 2018, seg\u00fan los datos de la Encuesta de Poblaci\u00f3n Activa (EPA) que elabora el Instituto Nacional de Estad\u00edstica (INE). Este incremento trimestral es el mayor de toda la serie hist\u00f3rica de la EPA (se elabora desde 1976) y ha permitido que se\" \/>\n\t\t<meta property=\"og:url\" content=\"https:\/\/candas365.es\/noticias\/el-numero-de-parados-baja-durante-el-segundo-trimestre-de-2018\/\" \/>\n\t\t<meta property=\"og:image\" content=\"https:\/\/candas365.es\/noticias\/wp-content\/uploads\/2018\/01\/020817Datosparo.jpg\" \/>\n\t\t<meta property=\"og:image:secure_url\" content=\"https:\/\/candas365.es\/noticias\/wp-content\/uploads\/2018\/01\/020817Datosparo.jpg\" \/>\n\t\t<meta property=\"og:image:width\" content=\"496\" \/>\n\t\t<meta property=\"og:image:height\" content=\"329\" \/>\n\t\t<meta property=\"article:published_time\" content=\"2018-07-27T00:42:30+00:00\" \/>\n\t\t<meta property=\"article:modified_time\" content=\"2018-07-27T00:42:30+00:00\" \/>\n\t\t<meta property=\"article:publisher\" content=\"https:\/\/www.facebook.com\/Nachofdezber\" \/>\n\t\t<meta property=\"article:author\" content=\"https:\/\/www.facebook.com\/carrenoactualidad\" \/>\n\t\t<meta name=\"twitter:card\" content=\"summary_large_image\" \/>\n\t\t<meta name=\"twitter:site\" content=\"@NabercoDigital\" \/>\n\t\t<meta name=\"twitter:title\" content=\"El n\u00famero de parados baja durante el segundo trimestre de 2018 | Cand\u00e1s 365\" \/>\n\t\t<meta name=\"twitter:description\" content=\"El n\u00famero de ocupados aument\u00f3 en 469.900 personas en el segundo trimestre de 2018, seg\u00fan los datos de la Encuesta de Poblaci\u00f3n Activa (EPA) que elabora el Instituto Nacional de Estad\u00edstica (INE). Este incremento trimestral es el mayor de toda la serie hist\u00f3rica de la EPA (se elabora desde 1976) y ha permitido que se\" \/>\n\t\t<meta name=\"twitter:creator\" content=\"@nbasturias\" \/>\n\t\t<meta name=\"twitter:image\" content=\"https:\/\/candas365.es\/noticias\/wp-content\/uploads\/2018\/01\/020817Datosparo.jpg\" \/>\n\t\t<meta name=\"twitter:label1\" content=\"Escrito por\" \/>\n\t\t<meta name=\"twitter:data1\" content=\"Cand\u00e1s 365\" \/>\n\t\t<meta name=\"twitter:label2\" content=\"Tiempo de lectura estimado\" \/>\n\t\t<meta name=\"twitter:data2\" content=\"2 minutos\" \/>\n\t\t<script type=\"application\/ld+json\" class=\"aioseo-schema\">\n\t\t\t{\"@context\":\"https:\\\/\\\/schema.org\",\"@graph\":[{\"@type\":\"BreadcrumbList\",\"@id\":\"https:\\\/\\\/candas365.es\\\/noticias\\\/el-numero-de-parados-baja-durante-el-segundo-trimestre-de-2018\\\/#breadcrumblist\",\"itemListElement\":[{\"@type\":\"ListItem\",\"@id\":\"https:\\\/\\\/candas365.es\\\/noticias#listItem\",\"position\":1,\"name\":\"Home\",\"item\":\"https:\\\/\\\/candas365.es\\\/noticias\",\"nextItem\":{\"@type\":\"ListItem\",\"@id\":\"https:\\\/\\\/candas365.es\\\/noticias\\\/category\\\/actualidad\\\/#listItem\",\"name\":\"Actualidad\"}},{\"@type\":\"ListItem\",\"@id\":\"https:\\\/\\\/candas365.es\\\/noticias\\\/category\\\/actualidad\\\/#listItem\",\"position\":2,\"name\":\"Actualidad\",\"item\":\"https:\\\/\\\/candas365.es\\\/noticias\\\/category\\\/actualidad\\\/\",\"nextItem\":{\"@type\":\"ListItem\",\"@id\":\"https:\\\/\\\/candas365.es\\\/noticias\\\/el-numero-de-parados-baja-durante-el-segundo-trimestre-de-2018\\\/#listItem\",\"name\":\"El n\\u00famero de parados baja durante el segundo trimestre de 2018\"},\"previousItem\":{\"@type\":\"ListItem\",\"@id\":\"https:\\\/\\\/candas365.es\\\/noticias#listItem\",\"name\":\"Home\"}},{\"@type\":\"ListItem\",\"@id\":\"https:\\\/\\\/candas365.es\\\/noticias\\\/el-numero-de-parados-baja-durante-el-segundo-trimestre-de-2018\\\/#listItem\",\"position\":3,\"name\":\"El n\\u00famero de parados baja durante el segundo trimestre de 2018\",\"previousItem\":{\"@type\":\"ListItem\",\"@id\":\"https:\\\/\\\/candas365.es\\\/noticias\\\/category\\\/actualidad\\\/#listItem\",\"name\":\"Actualidad\"}}]},{\"@type\":\"NewsArticle\",\"@id\":\"https:\\\/\\\/candas365.es\\\/noticias\\\/el-numero-de-parados-baja-durante-el-segundo-trimestre-de-2018\\\/#newsarticle\",\"name\":\"El n\\u00famero de parados baja durante el segundo trimestre de 2018 | Cand\\u00e1s 365\",\"headline\":\"El n\\u00famero de parados baja durante el segundo trimestre de 2018\",\"author\":{\"@id\":\"https:\\\/\\\/candas365.es\\\/noticias\\\/author\\\/admin\\\/#author\"},\"publisher\":{\"@id\":\"https:\\\/\\\/candas365.es\\\/noticias\\\/#organization\"},\"image\":{\"@type\":\"ImageObject\",\"url\":\"https:\\\/\\\/candas365.es\\\/noticias\\\/wp-content\\\/uploads\\\/2018\\\/01\\\/020817Datosparo.jpg\",\"width\":496,\"height\":329},\"datePublished\":\"2018-07-27T00:42:30+02:00\",\"dateModified\":\"2018-07-27T00:42:30+02:00\",\"inLanguage\":\"es-ES\",\"mainEntityOfPage\":{\"@id\":\"https:\\\/\\\/candas365.es\\\/noticias\\\/el-numero-de-parados-baja-durante-el-segundo-trimestre-de-2018\\\/#webpage\"},\"isPartOf\":{\"@id\":\"https:\\\/\\\/candas365.es\\\/noticias\\\/el-numero-de-parados-baja-durante-el-segundo-trimestre-de-2018\\\/#webpage\"},\"articleSection\":\"Actualidad\",\"dateline\":\"Publicado el julio 27, 2018.\"},{\"@type\":\"Organization\",\"@id\":\"https:\\\/\\\/candas365.es\\\/noticias\\\/#organization\",\"name\":\"Cand\\u00e1s 365\",\"description\":\"Cand\\u00e1s 365 es un diario digital independiente, fundado en 2012, con base en Asturias. Informamos con rigor sobre actualidad, sociedad, cultura y ocio, con una mirada local y global.\",\"url\":\"https:\\\/\\\/candas365.es\\\/noticias\\\/\",\"email\":\"info@candas365.es\",\"telephone\":\"+34652131393\",\"foundingDate\":\"2012-06-10\",\"logo\":{\"@type\":\"ImageObject\",\"url\":\"https:\\\/\\\/candas365.es\\\/noticias\\\/wp-content\\\/uploads\\\/2024\\\/09\\\/Candas-365-Redes.jpg\",\"@id\":\"https:\\\/\\\/candas365.es\\\/noticias\\\/el-numero-de-parados-baja-durante-el-segundo-trimestre-de-2018\\\/#organizationLogo\",\"width\":1152,\"height\":864,\"caption\":\"Cand\\u00e1s 365 Redes\"},\"image\":{\"@id\":\"https:\\\/\\\/candas365.es\\\/noticias\\\/el-numero-de-parados-baja-durante-el-segundo-trimestre-de-2018\\\/#organizationLogo\"},\"sameAs\":[\"https:\\\/\\\/www.facebook.com\\\/Nachofdezber\",\"https:\\\/\\\/x.com\\\/NabercoDigital\",\"https:\\\/\\\/www.instagram.com\\\/nachofdezber\\\/\",\"https:\\\/\\\/www.youtube.com\\\/channel\\\/UCZP-2wLEB9Rv6erhFmqVnvg\"],\"address\":{\"@id\":\"https:\\\/\\\/candas365.es\\\/noticias\\\/#postaladdress\",\"@type\":\"PostalAddress\",\"streetAddress\":\"san antonio 4, san antonio 4\",\"postalCode\":\"33430\",\"addressLocality\":\"Cand\\u00e1s\",\"addressRegion\":\"Asturias\",\"addressCountry\":\"ES\"}},{\"@type\":\"Person\",\"@id\":\"https:\\\/\\\/candas365.es\\\/noticias\\\/author\\\/admin\\\/#author\",\"url\":\"https:\\\/\\\/candas365.es\\\/noticias\\\/author\\\/admin\\\/\",\"name\":\"Cand\\u00e1s 365\",\"image\":{\"@type\":\"ImageObject\",\"@id\":\"https:\\\/\\\/candas365.es\\\/noticias\\\/el-numero-de-parados-baja-durante-el-segundo-trimestre-de-2018\\\/#authorImage\",\"url\":\"https:\\\/\\\/secure.gravatar.com\\\/avatar\\\/496a8e03d0c493ede1718b7934145dbdf8d89be1036b0eec9544e1094c9de390?s=96&d=mm&r=g\",\"width\":96,\"height\":96,\"caption\":\"Cand\\u00e1s 365\"},\"sameAs\":[\"https:\\\/\\\/www.facebook.com\\\/carrenoactualidad\",\"https:\\\/\\\/twitter.com\\\/nbasturias\",\"https:\\\/\\\/www.instagram.com\\\/nachofdezber\\\/\",\"https:\\\/\\\/www.youtube.com\\\/channel\\\/UCZP-2wLEB9Rv6erhFmqVnvg\"]},{\"@type\":\"WebPage\",\"@id\":\"https:\\\/\\\/candas365.es\\\/noticias\\\/el-numero-de-parados-baja-durante-el-segundo-trimestre-de-2018\\\/#webpage\",\"url\":\"https:\\\/\\\/candas365.es\\\/noticias\\\/el-numero-de-parados-baja-durante-el-segundo-trimestre-de-2018\\\/\",\"name\":\"El n\\u00famero de parados baja durante el segundo trimestre de 2018 | Cand\\u00e1s 365\",\"description\":\"El n\\u00famero de ocupados aument\\u00f3 en 469.900 personas en el segundo trimestre de 2018, seg\\u00fan los datos de la Encuesta de Poblaci\\u00f3n Activa (EPA) que elabora el Instituto Nacional de Estad\\u00edstica (INE). Este incremento trimestral es el mayor de toda la serie hist\\u00f3rica de la EPA (se elabora desde 1976) y ha permitido que se\",\"inLanguage\":\"es-ES\",\"isPartOf\":{\"@id\":\"https:\\\/\\\/candas365.es\\\/noticias\\\/#website\"},\"breadcrumb\":{\"@id\":\"https:\\\/\\\/candas365.es\\\/noticias\\\/el-numero-de-parados-baja-durante-el-segundo-trimestre-de-2018\\\/#breadcrumblist\"},\"author\":{\"@id\":\"https:\\\/\\\/candas365.es\\\/noticias\\\/author\\\/admin\\\/#author\"},\"creator\":{\"@id\":\"https:\\\/\\\/candas365.es\\\/noticias\\\/author\\\/admin\\\/#author\"},\"image\":{\"@type\":\"ImageObject\",\"url\":\"https:\\\/\\\/candas365.es\\\/noticias\\\/wp-content\\\/uploads\\\/2018\\\/01\\\/020817Datosparo.jpg\",\"@id\":\"https:\\\/\\\/candas365.es\\\/noticias\\\/el-numero-de-parados-baja-durante-el-segundo-trimestre-de-2018\\\/#mainImage\",\"width\":496,\"height\":329},\"primaryImageOfPage\":{\"@id\":\"https:\\\/\\\/candas365.es\\\/noticias\\\/el-numero-de-parados-baja-durante-el-segundo-trimestre-de-2018\\\/#mainImage\"},\"datePublished\":\"2018-07-27T00:42:30+02:00\",\"dateModified\":\"2018-07-27T00:42:30+02:00\"},{\"@type\":\"WebSite\",\"@id\":\"https:\\\/\\\/candas365.es\\\/noticias\\\/#website\",\"url\":\"https:\\\/\\\/candas365.es\\\/noticias\\\/\",\"name\":\"Cand\\u00e1s 365\",\"alternateName\":\"Cand\\u00e1s 365 Noticias\",\"description\":\"Actualidad desde Carre\\u00f1o para el mundo\",\"inLanguage\":\"es-ES\",\"publisher\":{\"@id\":\"https:\\\/\\\/candas365.es\\\/noticias\\\/#organization\"}}]}\n\t\t<\/script>\n\t\t<!-- All in One SEO Pro -->\r\n\t\t<title>El n\u00famero de parados baja durante el segundo trimestre de 2018 | Cand\u00e1s 365<\/title>\n\n","aioseo_head_json":{"title":"El n\u00famero de parados baja durante el segundo trimestre de 2018 | Cand\u00e1s 365","description":"El n\u00famero de ocupados aument\u00f3 en 469.900 personas en el segundo trimestre de 2018, seg\u00fan los datos de la Encuesta de Poblaci\u00f3n Activa (EPA) que elabora el Instituto Nacional de Estad\u00edstica (INE). Este incremento trimestral es el mayor de toda la serie hist\u00f3rica de la EPA (se elabora desde 1976) y ha permitido que se","canonical_url":"https:\/\/candas365.es\/noticias\/el-numero-de-parados-baja-durante-el-segundo-trimestre-de-2018\/","robots":"max-image-preview:large","keywords":"actualidad","webmasterTools":{"google-site-verification":"UA-32230408-1","msvalidate.01":"354F3CDFB2DA171B47FBE9ABF1F88D5","miscellaneous":""},"schema":{"@context":"https:\/\/schema.org","@graph":[{"@type":"BreadcrumbList","@id":"https:\/\/candas365.es\/noticias\/el-numero-de-parados-baja-durante-el-segundo-trimestre-de-2018\/#breadcrumblist","itemListElement":[{"@type":"ListItem","@id":"https:\/\/candas365.es\/noticias#listItem","position":1,"name":"Home","item":"https:\/\/candas365.es\/noticias","nextItem":{"@type":"ListItem","@id":"https:\/\/candas365.es\/noticias\/category\/actualidad\/#listItem","name":"Actualidad"}},{"@type":"ListItem","@id":"https:\/\/candas365.es\/noticias\/category\/actualidad\/#listItem","position":2,"name":"Actualidad","item":"https:\/\/candas365.es\/noticias\/category\/actualidad\/","nextItem":{"@type":"ListItem","@id":"https:\/\/candas365.es\/noticias\/el-numero-de-parados-baja-durante-el-segundo-trimestre-de-2018\/#listItem","name":"El n\u00famero de parados baja durante el segundo trimestre de 2018"},"previousItem":{"@type":"ListItem","@id":"https:\/\/candas365.es\/noticias#listItem","name":"Home"}},{"@type":"ListItem","@id":"https:\/\/candas365.es\/noticias\/el-numero-de-parados-baja-durante-el-segundo-trimestre-de-2018\/#listItem","position":3,"name":"El n\u00famero de parados baja durante el segundo trimestre de 2018","previousItem":{"@type":"ListItem","@id":"https:\/\/candas365.es\/noticias\/category\/actualidad\/#listItem","name":"Actualidad"}}]},{"@type":"NewsArticle","@id":"https:\/\/candas365.es\/noticias\/el-numero-de-parados-baja-durante-el-segundo-trimestre-de-2018\/#newsarticle","name":"El n\u00famero de parados baja durante el segundo trimestre de 2018 | Cand\u00e1s 365","headline":"El n\u00famero de parados baja durante el segundo trimestre de 2018","author":{"@id":"https:\/\/candas365.es\/noticias\/author\/admin\/#author"},"publisher":{"@id":"https:\/\/candas365.es\/noticias\/#organization"},"image":{"@type":"ImageObject","url":"https:\/\/candas365.es\/noticias\/wp-content\/uploads\/2018\/01\/020817Datosparo.jpg","width":496,"height":329},"datePublished":"2018-07-27T00:42:30+02:00","dateModified":"2018-07-27T00:42:30+02:00","inLanguage":"es-ES","mainEntityOfPage":{"@id":"https:\/\/candas365.es\/noticias\/el-numero-de-parados-baja-durante-el-segundo-trimestre-de-2018\/#webpage"},"isPartOf":{"@id":"https:\/\/candas365.es\/noticias\/el-numero-de-parados-baja-durante-el-segundo-trimestre-de-2018\/#webpage"},"articleSection":"Actualidad","dateline":"Publicado el julio 27, 2018."},{"@type":"Organization","@id":"https:\/\/candas365.es\/noticias\/#organization","name":"Cand\u00e1s 365","description":"Cand\u00e1s 365 es un diario digital independiente, fundado en 2012, con base en Asturias. Informamos con rigor sobre actualidad, sociedad, cultura y ocio, con una mirada local y global.","url":"https:\/\/candas365.es\/noticias\/","email":"info@candas365.es","telephone":"+34652131393","foundingDate":"2012-06-10","logo":{"@type":"ImageObject","url":"https:\/\/candas365.es\/noticias\/wp-content\/uploads\/2024\/09\/Candas-365-Redes.jpg","@id":"https:\/\/candas365.es\/noticias\/el-numero-de-parados-baja-durante-el-segundo-trimestre-de-2018\/#organizationLogo","width":1152,"height":864,"caption":"Cand\u00e1s 365 Redes"},"image":{"@id":"https:\/\/candas365.es\/noticias\/el-numero-de-parados-baja-durante-el-segundo-trimestre-de-2018\/#organizationLogo"},"sameAs":["https:\/\/www.facebook.com\/Nachofdezber","https:\/\/x.com\/NabercoDigital","https:\/\/www.instagram.com\/nachofdezber\/","https:\/\/www.youtube.com\/channel\/UCZP-2wLEB9Rv6erhFmqVnvg"],"address":{"@id":"https:\/\/candas365.es\/noticias\/#postaladdress","@type":"PostalAddress","streetAddress":"san antonio 4, san antonio 4","postalCode":"33430","addressLocality":"Cand\u00e1s","addressRegion":"Asturias","addressCountry":"ES"}},{"@type":"Person","@id":"https:\/\/candas365.es\/noticias\/author\/admin\/#author","url":"https:\/\/candas365.es\/noticias\/author\/admin\/","name":"Cand\u00e1s 365","image":{"@type":"ImageObject","@id":"https:\/\/candas365.es\/noticias\/el-numero-de-parados-baja-durante-el-segundo-trimestre-de-2018\/#authorImage","url":"https:\/\/secure.gravatar.com\/avatar\/496a8e03d0c493ede1718b7934145dbdf8d89be1036b0eec9544e1094c9de390?s=96&d=mm&r=g","width":96,"height":96,"caption":"Cand\u00e1s 365"},"sameAs":["https:\/\/www.facebook.com\/carrenoactualidad","https:\/\/twitter.com\/nbasturias","https:\/\/www.instagram.com\/nachofdezber\/","https:\/\/www.youtube.com\/channel\/UCZP-2wLEB9Rv6erhFmqVnvg"]},{"@type":"WebPage","@id":"https:\/\/candas365.es\/noticias\/el-numero-de-parados-baja-durante-el-segundo-trimestre-de-2018\/#webpage","url":"https:\/\/candas365.es\/noticias\/el-numero-de-parados-baja-durante-el-segundo-trimestre-de-2018\/","name":"El n\u00famero de parados baja durante el segundo trimestre de 2018 | Cand\u00e1s 365","description":"El n\u00famero de ocupados aument\u00f3 en 469.900 personas en el segundo trimestre de 2018, seg\u00fan los datos de la Encuesta de Poblaci\u00f3n Activa (EPA) que elabora el Instituto Nacional de Estad\u00edstica (INE). Este incremento trimestral es el mayor de toda la serie hist\u00f3rica de la EPA (se elabora desde 1976) y ha permitido que se","inLanguage":"es-ES","isPartOf":{"@id":"https:\/\/candas365.es\/noticias\/#website"},"breadcrumb":{"@id":"https:\/\/candas365.es\/noticias\/el-numero-de-parados-baja-durante-el-segundo-trimestre-de-2018\/#breadcrumblist"},"author":{"@id":"https:\/\/candas365.es\/noticias\/author\/admin\/#author"},"creator":{"@id":"https:\/\/candas365.es\/noticias\/author\/admin\/#author"},"image":{"@type":"ImageObject","url":"https:\/\/candas365.es\/noticias\/wp-content\/uploads\/2018\/01\/020817Datosparo.jpg","@id":"https:\/\/candas365.es\/noticias\/el-numero-de-parados-baja-durante-el-segundo-trimestre-de-2018\/#mainImage","width":496,"height":329},"primaryImageOfPage":{"@id":"https:\/\/candas365.es\/noticias\/el-numero-de-parados-baja-durante-el-segundo-trimestre-de-2018\/#mainImage"},"datePublished":"2018-07-27T00:42:30+02:00","dateModified":"2018-07-27T00:42:30+02:00"},{"@type":"WebSite","@id":"https:\/\/candas365.es\/noticias\/#website","url":"https:\/\/candas365.es\/noticias\/","name":"Cand\u00e1s 365","alternateName":"Cand\u00e1s 365 Noticias","description":"Actualidad desde Carre\u00f1o para el mundo","inLanguage":"es-ES","publisher":{"@id":"https:\/\/candas365.es\/noticias\/#organization"}}]},"og:locale":"es_ES","og:site_name":"Cand\u00e1s 365","og:type":"article","og:title":"El n\u00famero de parados baja durante el segundo trimestre de 2018 | Cand\u00e1s 365","og:description":"El n\u00famero de ocupados aument\u00f3 en 469.900 personas en el segundo trimestre de 2018, seg\u00fan los datos de la Encuesta de Poblaci\u00f3n Activa (EPA) que elabora el Instituto Nacional de Estad\u00edstica (INE). Este incremento trimestral es el mayor de toda la serie hist\u00f3rica de la EPA (se elabora desde 1976) y ha permitido que se","og:url":"https:\/\/candas365.es\/noticias\/el-numero-de-parados-baja-durante-el-segundo-trimestre-de-2018\/","og:image":"https:\/\/candas365.es\/noticias\/wp-content\/uploads\/2018\/01\/020817Datosparo.jpg","og:image:secure_url":"https:\/\/candas365.es\/noticias\/wp-content\/uploads\/2018\/01\/020817Datosparo.jpg","og:image:width":496,"og:image:height":329,"article:published_time":"2018-07-27T00:42:30+00:00","article:modified_time":"2018-07-27T00:42:30+00:00","article:publisher":"https:\/\/www.facebook.com\/Nachofdezber","article:author":"https:\/\/www.facebook.com\/carrenoactualidad","twitter:card":"summary_large_image","twitter:site":"@NabercoDigital","twitter:title":"El n\u00famero de parados baja durante el segundo trimestre de 2018 | Cand\u00e1s 365","twitter:description":"El n\u00famero de ocupados aument\u00f3 en 469.900 personas en el segundo trimestre de 2018, seg\u00fan los datos de la Encuesta de Poblaci\u00f3n Activa (EPA) que elabora el Instituto Nacional de Estad\u00edstica (INE). Este incremento trimestral es el mayor de toda la serie hist\u00f3rica de la EPA (se elabora desde 1976) y ha permitido que se","twitter:creator":"@nbasturias","twitter:image":"https:\/\/candas365.es\/noticias\/wp-content\/uploads\/2018\/01\/020817Datosparo.jpg","twitter:label1":"Escrito por","twitter:data1":"Cand\u00e1s 365","twitter:label2":"Tiempo de lectura estimado","twitter:data2":"2 minutos"},"aioseo_meta_data":{"post_id":"101279","title":null,"description":null,"keywords":null,"keyphrases":null,"primary_term":null,"canonical_url":null,"og_title":null,"og_description":null,"og_object_type":"default","og_image_type":"default","og_image_url":null,"og_image_width":null,"og_image_height":null,"og_image_custom_url":null,"og_image_custom_fields":null,"og_video":null,"og_custom_url":null,"og_article_section":null,"og_article_tags":null,"twitter_use_og":false,"twitter_card":"default","twitter_image_type":"default","twitter_image_url":null,"twitter_image_custom_url":null,"twitter_image_custom_fields":null,"twitter_title":null,"twitter_description":null,"schema":{"blockGraphs":[],"customGraphs":[],"default":{"data":{"Article":[],"Course":[],"Dataset":[],"FAQPage":[],"Movie":[],"Person":[],"Product":[],"ProductReview":[],"Car":[],"Recipe":[],"Service":[],"SoftwareApplication":[],"WebPage":[]},"graphName":"","isEnabled":true},"graphs":[],"defaultGraph":"","defaultPostTypeGraph":""},"schema_type":null,"schema_type_options":null,"pillar_content":false,"robots_default":true,"robots_noindex":false,"robots_noarchive":false,"robots_nosnippet":false,"robots_nofollow":false,"robots_noimageindex":false,"robots_noodp":false,"robots_notranslate":false,"robots_max_snippet":null,"robots_max_videopreview":null,"robots_max_imagepreview":"large","priority":null,"frequency":null,"location":null,"local_seo":null,"seo_analyzer_scan_date":"2025-08-27 11:04:21","breadcrumb_settings":null,"limit_modified_date":false,"reviewed_by":null,"open_ai":null,"ai":null,"created":"2020-12-21 11:48:07","updated":"2025-08-27 11:04:21"},"aioseo_breadcrumb":"<div class=\"aioseo-breadcrumbs\"><span class=\"aioseo-breadcrumb\">\n\t<a href=\"https:\/\/candas365.es\/noticias\" title=\"Home\">Home<\/a>\n<\/span><span class=\"aioseo-breadcrumb-separator\">&ndash;<\/span><span class=\"aioseo-breadcrumb\">\n\t<a href=\"https:\/\/candas365.es\/noticias\/category\/actualidad\/\" title=\"Actualidad\">Actualidad<\/a>\n<\/span><span class=\"aioseo-breadcrumb-separator\">&ndash;<\/span><span class=\"aioseo-breadcrumb\">\n\tEl n\u00famero de parados baja durante el segundo trimestre de 2018\n<\/span><\/div>","aioseo_breadcrumb_json":[{"label":"Home","link":"https:\/\/candas365.es\/noticias"},{"label":"Actualidad","link":"https:\/\/candas365.es\/noticias\/category\/actualidad\/"},{"label":"El n\u00famero de parados baja durante el segundo trimestre de 2018","link":"https:\/\/candas365.es\/noticias\/el-numero-de-parados-baja-durante-el-segundo-trimestre-de-2018\/"}],"_links":{"self":[{"href":"https:\/\/candas365.es\/noticias\/wp-json\/wp\/v2\/posts\/101279","targetHints":{"allow":["GET"]}}],"collection":[{"href":"https:\/\/candas365.es\/noticias\/wp-json\/wp\/v2\/posts"}],"about":[{"href":"https:\/\/candas365.es\/noticias\/wp-json\/wp\/v2\/types\/post"}],"author":[{"embeddable":true,"href":"https:\/\/candas365.es\/noticias\/wp-json\/wp\/v2\/users\/1"}],"replies":[{"embeddable":true,"href":"https:\/\/candas365.es\/noticias\/wp-json\/wp\/v2\/comments?post=101279"}],"version-history":[{"count":0,"href":"https:\/\/candas365.es\/noticias\/wp-json\/wp\/v2\/posts\/101279\/revisions"}],"wp:featuredmedia":[{"embeddable":true,"href":"https:\/\/candas365.es\/noticias\/wp-json\/wp\/v2\/media\/88138"}],"wp:attachment":[{"href":"https:\/\/candas365.es\/noticias\/wp-json\/wp\/v2\/media?parent=101279"}],"wp:term":[{"taxonomy":"category","embeddable":true,"href":"https:\/\/candas365.es\/noticias\/wp-json\/wp\/v2\/categories?post=101279"},{"taxonomy":"post_tag","embeddable":true,"href":"https:\/\/candas365.es\/noticias\/wp-json\/wp\/v2\/tags?post=101279"}],"curies":[{"name":"wp","href":"https:\/\/api.w.org\/{rel}","templated":true}]}}