{"id":101277,"date":"2018-07-27T00:41:02","date_gmt":"2018-07-27T00:41:02","guid":{"rendered":"http:\/\/candas365.es\/noticias\/?p=101277"},"modified":"2018-07-27T00:41:02","modified_gmt":"2018-07-27T00:41:02","slug":"pence-acusa-a-ortega-de-librar-una-guerra-contra-la-iglesia-catolica","status":"publish","type":"post","link":"https:\/\/candas365.es\/noticias\/pence-acusa-a-ortega-de-librar-una-guerra-contra-la-iglesia-catolica\/","title":{"rendered":"Pence acusa a Ortega de librar una guerra contra la Iglesia cat\u00f3lica"},"content":{"rendered":"<p><img fetchpriority=\"high\" decoding=\"async\" class=\"alignleft size-medium wp-image-94077\" src=\"https:\/\/candas365.es\/noticias\/wp-content\/uploads\/2018\/04\/administration-1846270_960_720-360x270.jpg\" alt=\"\" width=\"360\" height=\"270\" srcset=\"https:\/\/candas365.es\/noticias\/wp-content\/uploads\/2018\/04\/administration-1846270_960_720-360x270.jpg 360w, https:\/\/candas365.es\/noticias\/wp-content\/uploads\/2018\/04\/administration-1846270_960_720-80x60.jpg 80w, https:\/\/candas365.es\/noticias\/wp-content\/uploads\/2018\/04\/administration-1846270_960_720-265x198.jpg 265w, https:\/\/candas365.es\/noticias\/wp-content\/uploads\/2018\/04\/administration-1846270_960_720-696x522.jpg 696w, https:\/\/candas365.es\/noticias\/wp-content\/uploads\/2018\/04\/administration-1846270_960_720-560x420.jpg 560w, https:\/\/candas365.es\/noticias\/wp-content\/uploads\/2018\/04\/administration-1846270_960_720-768x576.jpg 768w, https:\/\/candas365.es\/noticias\/wp-content\/uploads\/2018\/04\/administration-1846270_960_720-640x480.jpg 640w, https:\/\/candas365.es\/noticias\/wp-content\/uploads\/2018\/04\/administration-1846270_960_720-90x67.jpg 90w, https:\/\/candas365.es\/noticias\/wp-content\/uploads\/2018\/04\/administration-1846270_960_720.jpg 960w\" sizes=\"(max-width: 360px) 100vw, 360px\" \/>Washington, 26 jul (dpa) &#8211; El vicepresidente de Estados Unidos, Mike Pence, acus\u00f3 hoy a Daniel Ortega de \u00abestar librando\u00bb una guerra con la Iglesia cat\u00f3lica en Nicaragua, que se encuentra sumida en su peor crisis en d\u00e9cadas desde mediados de abril.<\/p>\n<p>\u00abEl Gobierno de Daniel Ortega est\u00e1 librando virtualmente una guerra con la Iglesia cat\u00f3lica\u00bb, manifest\u00f3 el n\u00famero dos del Gobierno de Donald Trump en el marco de una cumbre de libertad religiosa que se celebra esta semana en el Departamento de Estado.<\/p>\n<p>\u00abTurbas armadas con machetes e incluso armas pesadas, apoyadas por el Gobierno, han atacado parroquias y propiedades de la Iglesia, y obispos y sacerdotes han sido asaltados f\u00edsicamente por la polic\u00eda\u00bb, dijo Pence.<\/p>\n<p>El vicepresidente norteamericano ha condenado ya en varias ocasiones al Gobierno del ex guerrillero sandinista.<\/p>\n<p>De hecho, la de Pence fue una de las primeras voces de la administraci\u00f3n estadounidense en pronunciarse sobre la situaci\u00f3n en el pa\u00eds centroamericano, poco despu\u00e9s de que el 18 de abril comenzaran las protestas contra Ortega por la aprobaci\u00f3n por decreto de una reforma de la seguridad social.<\/p>\n<p>Desde aquella fecha, en Nicaragua han muerto ya m\u00e1s de 350 personas, seg\u00fan organizaciones de derechos humanos.<\/p>\n<p>\u00abLa violencia patrocinada por el Estado en Nicaragua es innegable\u00bb, dijo Pence el martes en un tuit con el que respondi\u00f3 a la entrevista que el presidente nicarag\u00fcense hab\u00eda dado a la cadena estadounidense Fox News y en la que neg\u00f3 la represi\u00f3n de la que lo acusan.<\/p>\n","protected":false},"excerpt":{"rendered":"<p>Washington, 26 jul (dpa) &#8211; El vicepresidente de Estados Unidos, Mike Pence, acus\u00f3 hoy a Daniel Ortega de \u00abestar librando\u00bb una guerra con la Iglesia cat\u00f3lica en Nicaragua, que se encuentra sumida en su peor crisis en d\u00e9cadas desde mediados de abril. \u00abEl Gobierno de Daniel Ortega est\u00e1 librando virtualmente una guerra con la Iglesia<\/p>\n","protected":false},"author":1,"featured_media":94077,"comment_status":"closed","ping_status":"closed","sticky":false,"template":"","format":"standard","meta":{"footnotes":""},"categories":[343],"tags":[],"class_list":{"0":"post-101277","1":"post","2":"type-post","3":"status-publish","4":"format-standard","5":"has-post-thumbnail","7":"category-actualidad"},"aioseo_notices":[],"aioseo_head":"\n\t\t<!-- All in One SEO Pro 4.9.6.2 - aioseo.com -->\n\t<meta name=\"description\" content=\"Washington, 26 jul (dpa) - El vicepresidente de Estados Unidos, Mike Pence, acus\u00f3 hoy a Daniel Ortega de &quot;estar librando&quot; una guerra con la Iglesia cat\u00f3lica en Nicaragua, que se encuentra sumida en su peor crisis en d\u00e9cadas desde mediados de abril. &quot;El Gobierno de Daniel Ortega est\u00e1 librando virtualmente una guerra con la Iglesia\" \/>\n\t<meta name=\"robots\" content=\"max-image-preview:large\" \/>\n\t<meta name=\"author\" content=\"Cand\u00e1s 365\"\/>\n\t<meta name=\"google-site-verification\" content=\"UA-32230408-1\" \/>\n\t<meta name=\"msvalidate.01\" content=\"354F3CDFB2DA171B47FBE9ABF1F88D5\" \/>\n\t<meta name=\"keywords\" content=\"actualidad\" \/>\n\t<link rel=\"canonical\" href=\"https:\/\/candas365.es\/noticias\/pence-acusa-a-ortega-de-librar-una-guerra-contra-la-iglesia-catolica\/\" \/>\n\t<meta name=\"generator\" content=\"All in One SEO Pro (AIOSEO) 4.9.6.2\" \/>\n\t\t<meta property=\"og:locale\" content=\"es_ES\" \/>\n\t\t<meta property=\"og:site_name\" content=\"Cand\u00e1s 365\" \/>\n\t\t<meta property=\"og:type\" content=\"article\" \/>\n\t\t<meta property=\"og:title\" content=\"Pence acusa a Ortega de librar una guerra contra la Iglesia cat\u00f3lica | Cand\u00e1s 365\" \/>\n\t\t<meta property=\"og:description\" content=\"Washington, 26 jul (dpa) - El vicepresidente de Estados Unidos, Mike Pence, acus\u00f3 hoy a Daniel Ortega de &quot;estar librando&quot; una guerra con la Iglesia cat\u00f3lica en Nicaragua, que se encuentra sumida en su peor crisis en d\u00e9cadas desde mediados de abril. &quot;El Gobierno de Daniel Ortega est\u00e1 librando virtualmente una guerra con la Iglesia\" \/>\n\t\t<meta property=\"og:url\" content=\"https:\/\/candas365.es\/noticias\/pence-acusa-a-ortega-de-librar-una-guerra-contra-la-iglesia-catolica\/\" \/>\n\t\t<meta property=\"og:image\" content=\"https:\/\/candas365.es\/noticias\/wp-content\/uploads\/2018\/04\/administration-1846270_960_720.jpg\" \/>\n\t\t<meta property=\"og:image:secure_url\" content=\"https:\/\/candas365.es\/noticias\/wp-content\/uploads\/2018\/04\/administration-1846270_960_720.jpg\" \/>\n\t\t<meta property=\"og:image:width\" content=\"960\" \/>\n\t\t<meta property=\"og:image:height\" content=\"720\" \/>\n\t\t<meta property=\"article:published_time\" content=\"2018-07-27T00:41:02+00:00\" \/>\n\t\t<meta property=\"article:modified_time\" content=\"2018-07-27T00:41:02+00:00\" \/>\n\t\t<meta property=\"article:publisher\" content=\"https:\/\/www.facebook.com\/Nachofdezber\" \/>\n\t\t<meta property=\"article:author\" content=\"https:\/\/www.facebook.com\/carrenoactualidad\" \/>\n\t\t<meta name=\"twitter:card\" content=\"summary_large_image\" \/>\n\t\t<meta name=\"twitter:site\" content=\"@NabercoDigital\" \/>\n\t\t<meta name=\"twitter:title\" content=\"Pence acusa a Ortega de librar una guerra contra la Iglesia cat\u00f3lica | Cand\u00e1s 365\" \/>\n\t\t<meta name=\"twitter:description\" content=\"Washington, 26 jul (dpa) - El vicepresidente de Estados Unidos, Mike Pence, acus\u00f3 hoy a Daniel Ortega de &quot;estar librando&quot; una guerra con la Iglesia cat\u00f3lica en Nicaragua, que se encuentra sumida en su peor crisis en d\u00e9cadas desde mediados de abril. &quot;El Gobierno de Daniel Ortega est\u00e1 librando virtualmente una guerra con la Iglesia\" \/>\n\t\t<meta name=\"twitter:creator\" content=\"@nbasturias\" \/>\n\t\t<meta name=\"twitter:image\" content=\"https:\/\/candas365.es\/noticias\/wp-content\/uploads\/2018\/04\/administration-1846270_960_720.jpg\" \/>\n\t\t<meta name=\"twitter:label1\" content=\"Escrito por\" \/>\n\t\t<meta name=\"twitter:data1\" content=\"Cand\u00e1s 365\" \/>\n\t\t<meta name=\"twitter:label2\" content=\"Tiempo de lectura estimado\" \/>\n\t\t<meta name=\"twitter:data2\" content=\"1 minuto\" \/>\n\t\t<script type=\"application\/ld+json\" class=\"aioseo-schema\">\n\t\t\t{\"@context\":\"https:\\\/\\\/schema.org\",\"@graph\":[{\"@type\":\"BreadcrumbList\",\"@id\":\"https:\\\/\\\/candas365.es\\\/noticias\\\/pence-acusa-a-ortega-de-librar-una-guerra-contra-la-iglesia-catolica\\\/#breadcrumblist\",\"itemListElement\":[{\"@type\":\"ListItem\",\"@id\":\"https:\\\/\\\/candas365.es\\\/noticias#listItem\",\"position\":1,\"name\":\"Home\",\"item\":\"https:\\\/\\\/candas365.es\\\/noticias\",\"nextItem\":{\"@type\":\"ListItem\",\"@id\":\"https:\\\/\\\/candas365.es\\\/noticias\\\/category\\\/actualidad\\\/#listItem\",\"name\":\"Actualidad\"}},{\"@type\":\"ListItem\",\"@id\":\"https:\\\/\\\/candas365.es\\\/noticias\\\/category\\\/actualidad\\\/#listItem\",\"position\":2,\"name\":\"Actualidad\",\"item\":\"https:\\\/\\\/candas365.es\\\/noticias\\\/category\\\/actualidad\\\/\",\"nextItem\":{\"@type\":\"ListItem\",\"@id\":\"https:\\\/\\\/candas365.es\\\/noticias\\\/pence-acusa-a-ortega-de-librar-una-guerra-contra-la-iglesia-catolica\\\/#listItem\",\"name\":\"Pence acusa a Ortega de librar una guerra contra la Iglesia cat\\u00f3lica\"},\"previousItem\":{\"@type\":\"ListItem\",\"@id\":\"https:\\\/\\\/candas365.es\\\/noticias#listItem\",\"name\":\"Home\"}},{\"@type\":\"ListItem\",\"@id\":\"https:\\\/\\\/candas365.es\\\/noticias\\\/pence-acusa-a-ortega-de-librar-una-guerra-contra-la-iglesia-catolica\\\/#listItem\",\"position\":3,\"name\":\"Pence acusa a Ortega de librar una guerra contra la Iglesia cat\\u00f3lica\",\"previousItem\":{\"@type\":\"ListItem\",\"@id\":\"https:\\\/\\\/candas365.es\\\/noticias\\\/category\\\/actualidad\\\/#listItem\",\"name\":\"Actualidad\"}}]},{\"@type\":\"NewsArticle\",\"@id\":\"https:\\\/\\\/candas365.es\\\/noticias\\\/pence-acusa-a-ortega-de-librar-una-guerra-contra-la-iglesia-catolica\\\/#newsarticle\",\"name\":\"Pence acusa a Ortega de librar una guerra contra la Iglesia cat\\u00f3lica | Cand\\u00e1s 365\",\"headline\":\"Pence acusa a Ortega de librar una guerra contra la Iglesia cat\\u00f3lica\",\"author\":{\"@id\":\"https:\\\/\\\/candas365.es\\\/noticias\\\/author\\\/admin\\\/#author\"},\"publisher\":{\"@id\":\"https:\\\/\\\/candas365.es\\\/noticias\\\/#organization\"},\"image\":{\"@type\":\"ImageObject\",\"url\":\"https:\\\/\\\/candas365.es\\\/noticias\\\/wp-content\\\/uploads\\\/2018\\\/04\\\/administration-1846270_960_720.jpg\",\"width\":960,\"height\":720},\"datePublished\":\"2018-07-27T00:41:02+02:00\",\"dateModified\":\"2018-07-27T00:41:02+02:00\",\"inLanguage\":\"es-ES\",\"mainEntityOfPage\":{\"@id\":\"https:\\\/\\\/candas365.es\\\/noticias\\\/pence-acusa-a-ortega-de-librar-una-guerra-contra-la-iglesia-catolica\\\/#webpage\"},\"isPartOf\":{\"@id\":\"https:\\\/\\\/candas365.es\\\/noticias\\\/pence-acusa-a-ortega-de-librar-una-guerra-contra-la-iglesia-catolica\\\/#webpage\"},\"articleSection\":\"Actualidad\",\"dateline\":\"Publicado el julio 27, 2018.\"},{\"@type\":\"Organization\",\"@id\":\"https:\\\/\\\/candas365.es\\\/noticias\\\/#organization\",\"name\":\"Cand\\u00e1s 365\",\"description\":\"Cand\\u00e1s 365 es un diario digital independiente, fundado en 2012, con base en Asturias. Informamos con rigor sobre actualidad, sociedad, cultura y ocio, con una mirada local y global.\",\"url\":\"https:\\\/\\\/candas365.es\\\/noticias\\\/\",\"email\":\"info@candas365.es\",\"telephone\":\"+34652131393\",\"foundingDate\":\"2012-06-10\",\"logo\":{\"@type\":\"ImageObject\",\"url\":\"https:\\\/\\\/candas365.es\\\/noticias\\\/wp-content\\\/uploads\\\/2024\\\/09\\\/Candas-365-Redes.jpg\",\"@id\":\"https:\\\/\\\/candas365.es\\\/noticias\\\/pence-acusa-a-ortega-de-librar-una-guerra-contra-la-iglesia-catolica\\\/#organizationLogo\",\"width\":1152,\"height\":864,\"caption\":\"Cand\\u00e1s 365 Redes\"},\"image\":{\"@id\":\"https:\\\/\\\/candas365.es\\\/noticias\\\/pence-acusa-a-ortega-de-librar-una-guerra-contra-la-iglesia-catolica\\\/#organizationLogo\"},\"sameAs\":[\"https:\\\/\\\/www.facebook.com\\\/Nachofdezber\",\"https:\\\/\\\/x.com\\\/NabercoDigital\",\"https:\\\/\\\/www.instagram.com\\\/nachofdezber\\\/\",\"https:\\\/\\\/www.youtube.com\\\/channel\\\/UCZP-2wLEB9Rv6erhFmqVnvg\"],\"address\":{\"@id\":\"https:\\\/\\\/candas365.es\\\/noticias\\\/#postaladdress\",\"@type\":\"PostalAddress\",\"streetAddress\":\"san antonio 4, san antonio 4\",\"postalCode\":\"33430\",\"addressLocality\":\"Cand\\u00e1s\",\"addressRegion\":\"Asturias\",\"addressCountry\":\"ES\"}},{\"@type\":\"Person\",\"@id\":\"https:\\\/\\\/candas365.es\\\/noticias\\\/author\\\/admin\\\/#author\",\"url\":\"https:\\\/\\\/candas365.es\\\/noticias\\\/author\\\/admin\\\/\",\"name\":\"Cand\\u00e1s 365\",\"image\":{\"@type\":\"ImageObject\",\"@id\":\"https:\\\/\\\/candas365.es\\\/noticias\\\/pence-acusa-a-ortega-de-librar-una-guerra-contra-la-iglesia-catolica\\\/#authorImage\",\"url\":\"https:\\\/\\\/secure.gravatar.com\\\/avatar\\\/496a8e03d0c493ede1718b7934145dbdf8d89be1036b0eec9544e1094c9de390?s=96&d=mm&r=g\",\"width\":96,\"height\":96,\"caption\":\"Cand\\u00e1s 365\"},\"sameAs\":[\"https:\\\/\\\/www.facebook.com\\\/carrenoactualidad\",\"https:\\\/\\\/twitter.com\\\/nbasturias\",\"https:\\\/\\\/www.instagram.com\\\/nachofdezber\\\/\",\"https:\\\/\\\/www.youtube.com\\\/channel\\\/UCZP-2wLEB9Rv6erhFmqVnvg\"]},{\"@type\":\"WebPage\",\"@id\":\"https:\\\/\\\/candas365.es\\\/noticias\\\/pence-acusa-a-ortega-de-librar-una-guerra-contra-la-iglesia-catolica\\\/#webpage\",\"url\":\"https:\\\/\\\/candas365.es\\\/noticias\\\/pence-acusa-a-ortega-de-librar-una-guerra-contra-la-iglesia-catolica\\\/\",\"name\":\"Pence acusa a Ortega de librar una guerra contra la Iglesia cat\\u00f3lica | Cand\\u00e1s 365\",\"description\":\"Washington, 26 jul (dpa) - El vicepresidente de Estados Unidos, Mike Pence, acus\\u00f3 hoy a Daniel Ortega de \\\"estar librando\\\" una guerra con la Iglesia cat\\u00f3lica en Nicaragua, que se encuentra sumida en su peor crisis en d\\u00e9cadas desde mediados de abril. \\\"El Gobierno de Daniel Ortega est\\u00e1 librando virtualmente una guerra con la Iglesia\",\"inLanguage\":\"es-ES\",\"isPartOf\":{\"@id\":\"https:\\\/\\\/candas365.es\\\/noticias\\\/#website\"},\"breadcrumb\":{\"@id\":\"https:\\\/\\\/candas365.es\\\/noticias\\\/pence-acusa-a-ortega-de-librar-una-guerra-contra-la-iglesia-catolica\\\/#breadcrumblist\"},\"author\":{\"@id\":\"https:\\\/\\\/candas365.es\\\/noticias\\\/author\\\/admin\\\/#author\"},\"creator\":{\"@id\":\"https:\\\/\\\/candas365.es\\\/noticias\\\/author\\\/admin\\\/#author\"},\"image\":{\"@type\":\"ImageObject\",\"url\":\"https:\\\/\\\/candas365.es\\\/noticias\\\/wp-content\\\/uploads\\\/2018\\\/04\\\/administration-1846270_960_720.jpg\",\"@id\":\"https:\\\/\\\/candas365.es\\\/noticias\\\/pence-acusa-a-ortega-de-librar-una-guerra-contra-la-iglesia-catolica\\\/#mainImage\",\"width\":960,\"height\":720},\"primaryImageOfPage\":{\"@id\":\"https:\\\/\\\/candas365.es\\\/noticias\\\/pence-acusa-a-ortega-de-librar-una-guerra-contra-la-iglesia-catolica\\\/#mainImage\"},\"datePublished\":\"2018-07-27T00:41:02+02:00\",\"dateModified\":\"2018-07-27T00:41:02+02:00\"},{\"@type\":\"WebSite\",\"@id\":\"https:\\\/\\\/candas365.es\\\/noticias\\\/#website\",\"url\":\"https:\\\/\\\/candas365.es\\\/noticias\\\/\",\"name\":\"Cand\\u00e1s 365\",\"alternateName\":\"Cand\\u00e1s 365 Noticias\",\"description\":\"Actualidad desde Carre\\u00f1o para el mundo\",\"inLanguage\":\"es-ES\",\"publisher\":{\"@id\":\"https:\\\/\\\/candas365.es\\\/noticias\\\/#organization\"}}]}\n\t\t<\/script>\n\t\t<!-- All in One SEO Pro -->\r\n\t\t<title>Pence acusa a Ortega de librar una guerra contra la Iglesia cat\u00f3lica | Cand\u00e1s 365<\/title>\n\n","aioseo_head_json":{"title":"Pence acusa a Ortega de librar una guerra contra la Iglesia cat\u00f3lica | Cand\u00e1s 365","description":"Washington, 26 jul (dpa) - El vicepresidente de Estados Unidos, Mike Pence, acus\u00f3 hoy a Daniel Ortega de \"estar librando\" una guerra con la Iglesia cat\u00f3lica en Nicaragua, que se encuentra sumida en su peor crisis en d\u00e9cadas desde mediados de abril. \"El Gobierno de Daniel Ortega est\u00e1 librando virtualmente una guerra con la Iglesia","canonical_url":"https:\/\/candas365.es\/noticias\/pence-acusa-a-ortega-de-librar-una-guerra-contra-la-iglesia-catolica\/","robots":"max-image-preview:large","keywords":"actualidad","webmasterTools":{"google-site-verification":"UA-32230408-1","msvalidate.01":"354F3CDFB2DA171B47FBE9ABF1F88D5","miscellaneous":""},"schema":{"@context":"https:\/\/schema.org","@graph":[{"@type":"BreadcrumbList","@id":"https:\/\/candas365.es\/noticias\/pence-acusa-a-ortega-de-librar-una-guerra-contra-la-iglesia-catolica\/#breadcrumblist","itemListElement":[{"@type":"ListItem","@id":"https:\/\/candas365.es\/noticias#listItem","position":1,"name":"Home","item":"https:\/\/candas365.es\/noticias","nextItem":{"@type":"ListItem","@id":"https:\/\/candas365.es\/noticias\/category\/actualidad\/#listItem","name":"Actualidad"}},{"@type":"ListItem","@id":"https:\/\/candas365.es\/noticias\/category\/actualidad\/#listItem","position":2,"name":"Actualidad","item":"https:\/\/candas365.es\/noticias\/category\/actualidad\/","nextItem":{"@type":"ListItem","@id":"https:\/\/candas365.es\/noticias\/pence-acusa-a-ortega-de-librar-una-guerra-contra-la-iglesia-catolica\/#listItem","name":"Pence acusa a Ortega de librar una guerra contra la Iglesia cat\u00f3lica"},"previousItem":{"@type":"ListItem","@id":"https:\/\/candas365.es\/noticias#listItem","name":"Home"}},{"@type":"ListItem","@id":"https:\/\/candas365.es\/noticias\/pence-acusa-a-ortega-de-librar-una-guerra-contra-la-iglesia-catolica\/#listItem","position":3,"name":"Pence acusa a Ortega de librar una guerra contra la Iglesia cat\u00f3lica","previousItem":{"@type":"ListItem","@id":"https:\/\/candas365.es\/noticias\/category\/actualidad\/#listItem","name":"Actualidad"}}]},{"@type":"NewsArticle","@id":"https:\/\/candas365.es\/noticias\/pence-acusa-a-ortega-de-librar-una-guerra-contra-la-iglesia-catolica\/#newsarticle","name":"Pence acusa a Ortega de librar una guerra contra la Iglesia cat\u00f3lica | Cand\u00e1s 365","headline":"Pence acusa a Ortega de librar una guerra contra la Iglesia cat\u00f3lica","author":{"@id":"https:\/\/candas365.es\/noticias\/author\/admin\/#author"},"publisher":{"@id":"https:\/\/candas365.es\/noticias\/#organization"},"image":{"@type":"ImageObject","url":"https:\/\/candas365.es\/noticias\/wp-content\/uploads\/2018\/04\/administration-1846270_960_720.jpg","width":960,"height":720},"datePublished":"2018-07-27T00:41:02+02:00","dateModified":"2018-07-27T00:41:02+02:00","inLanguage":"es-ES","mainEntityOfPage":{"@id":"https:\/\/candas365.es\/noticias\/pence-acusa-a-ortega-de-librar-una-guerra-contra-la-iglesia-catolica\/#webpage"},"isPartOf":{"@id":"https:\/\/candas365.es\/noticias\/pence-acusa-a-ortega-de-librar-una-guerra-contra-la-iglesia-catolica\/#webpage"},"articleSection":"Actualidad","dateline":"Publicado el julio 27, 2018."},{"@type":"Organization","@id":"https:\/\/candas365.es\/noticias\/#organization","name":"Cand\u00e1s 365","description":"Cand\u00e1s 365 es un diario digital independiente, fundado en 2012, con base en Asturias. Informamos con rigor sobre actualidad, sociedad, cultura y ocio, con una mirada local y global.","url":"https:\/\/candas365.es\/noticias\/","email":"info@candas365.es","telephone":"+34652131393","foundingDate":"2012-06-10","logo":{"@type":"ImageObject","url":"https:\/\/candas365.es\/noticias\/wp-content\/uploads\/2024\/09\/Candas-365-Redes.jpg","@id":"https:\/\/candas365.es\/noticias\/pence-acusa-a-ortega-de-librar-una-guerra-contra-la-iglesia-catolica\/#organizationLogo","width":1152,"height":864,"caption":"Cand\u00e1s 365 Redes"},"image":{"@id":"https:\/\/candas365.es\/noticias\/pence-acusa-a-ortega-de-librar-una-guerra-contra-la-iglesia-catolica\/#organizationLogo"},"sameAs":["https:\/\/www.facebook.com\/Nachofdezber","https:\/\/x.com\/NabercoDigital","https:\/\/www.instagram.com\/nachofdezber\/","https:\/\/www.youtube.com\/channel\/UCZP-2wLEB9Rv6erhFmqVnvg"],"address":{"@id":"https:\/\/candas365.es\/noticias\/#postaladdress","@type":"PostalAddress","streetAddress":"san antonio 4, san antonio 4","postalCode":"33430","addressLocality":"Cand\u00e1s","addressRegion":"Asturias","addressCountry":"ES"}},{"@type":"Person","@id":"https:\/\/candas365.es\/noticias\/author\/admin\/#author","url":"https:\/\/candas365.es\/noticias\/author\/admin\/","name":"Cand\u00e1s 365","image":{"@type":"ImageObject","@id":"https:\/\/candas365.es\/noticias\/pence-acusa-a-ortega-de-librar-una-guerra-contra-la-iglesia-catolica\/#authorImage","url":"https:\/\/secure.gravatar.com\/avatar\/496a8e03d0c493ede1718b7934145dbdf8d89be1036b0eec9544e1094c9de390?s=96&d=mm&r=g","width":96,"height":96,"caption":"Cand\u00e1s 365"},"sameAs":["https:\/\/www.facebook.com\/carrenoactualidad","https:\/\/twitter.com\/nbasturias","https:\/\/www.instagram.com\/nachofdezber\/","https:\/\/www.youtube.com\/channel\/UCZP-2wLEB9Rv6erhFmqVnvg"]},{"@type":"WebPage","@id":"https:\/\/candas365.es\/noticias\/pence-acusa-a-ortega-de-librar-una-guerra-contra-la-iglesia-catolica\/#webpage","url":"https:\/\/candas365.es\/noticias\/pence-acusa-a-ortega-de-librar-una-guerra-contra-la-iglesia-catolica\/","name":"Pence acusa a Ortega de librar una guerra contra la Iglesia cat\u00f3lica | Cand\u00e1s 365","description":"Washington, 26 jul (dpa) - El vicepresidente de Estados Unidos, Mike Pence, acus\u00f3 hoy a Daniel Ortega de \"estar librando\" una guerra con la Iglesia cat\u00f3lica en Nicaragua, que se encuentra sumida en su peor crisis en d\u00e9cadas desde mediados de abril. \"El Gobierno de Daniel Ortega est\u00e1 librando virtualmente una guerra con la Iglesia","inLanguage":"es-ES","isPartOf":{"@id":"https:\/\/candas365.es\/noticias\/#website"},"breadcrumb":{"@id":"https:\/\/candas365.es\/noticias\/pence-acusa-a-ortega-de-librar-una-guerra-contra-la-iglesia-catolica\/#breadcrumblist"},"author":{"@id":"https:\/\/candas365.es\/noticias\/author\/admin\/#author"},"creator":{"@id":"https:\/\/candas365.es\/noticias\/author\/admin\/#author"},"image":{"@type":"ImageObject","url":"https:\/\/candas365.es\/noticias\/wp-content\/uploads\/2018\/04\/administration-1846270_960_720.jpg","@id":"https:\/\/candas365.es\/noticias\/pence-acusa-a-ortega-de-librar-una-guerra-contra-la-iglesia-catolica\/#mainImage","width":960,"height":720},"primaryImageOfPage":{"@id":"https:\/\/candas365.es\/noticias\/pence-acusa-a-ortega-de-librar-una-guerra-contra-la-iglesia-catolica\/#mainImage"},"datePublished":"2018-07-27T00:41:02+02:00","dateModified":"2018-07-27T00:41:02+02:00"},{"@type":"WebSite","@id":"https:\/\/candas365.es\/noticias\/#website","url":"https:\/\/candas365.es\/noticias\/","name":"Cand\u00e1s 365","alternateName":"Cand\u00e1s 365 Noticias","description":"Actualidad desde Carre\u00f1o para el mundo","inLanguage":"es-ES","publisher":{"@id":"https:\/\/candas365.es\/noticias\/#organization"}}]},"og:locale":"es_ES","og:site_name":"Cand\u00e1s 365","og:type":"article","og:title":"Pence acusa a Ortega de librar una guerra contra la Iglesia cat\u00f3lica | Cand\u00e1s 365","og:description":"Washington, 26 jul (dpa) - El vicepresidente de Estados Unidos, Mike Pence, acus\u00f3 hoy a Daniel Ortega de &quot;estar librando&quot; una guerra con la Iglesia cat\u00f3lica en Nicaragua, que se encuentra sumida en su peor crisis en d\u00e9cadas desde mediados de abril. &quot;El Gobierno de Daniel Ortega est\u00e1 librando virtualmente una guerra con la Iglesia","og:url":"https:\/\/candas365.es\/noticias\/pence-acusa-a-ortega-de-librar-una-guerra-contra-la-iglesia-catolica\/","og:image":"https:\/\/candas365.es\/noticias\/wp-content\/uploads\/2018\/04\/administration-1846270_960_720.jpg","og:image:secure_url":"https:\/\/candas365.es\/noticias\/wp-content\/uploads\/2018\/04\/administration-1846270_960_720.jpg","og:image:width":960,"og:image:height":720,"article:published_time":"2018-07-27T00:41:02+00:00","article:modified_time":"2018-07-27T00:41:02+00:00","article:publisher":"https:\/\/www.facebook.com\/Nachofdezber","article:author":"https:\/\/www.facebook.com\/carrenoactualidad","twitter:card":"summary_large_image","twitter:site":"@NabercoDigital","twitter:title":"Pence acusa a Ortega de librar una guerra contra la Iglesia cat\u00f3lica | Cand\u00e1s 365","twitter:description":"Washington, 26 jul (dpa) - El vicepresidente de Estados Unidos, Mike Pence, acus\u00f3 hoy a Daniel Ortega de &quot;estar librando&quot; una guerra con la Iglesia cat\u00f3lica en Nicaragua, que se encuentra sumida en su peor crisis en d\u00e9cadas desde mediados de abril. &quot;El Gobierno de Daniel Ortega est\u00e1 librando virtualmente una guerra con la Iglesia","twitter:creator":"@nbasturias","twitter:image":"https:\/\/candas365.es\/noticias\/wp-content\/uploads\/2018\/04\/administration-1846270_960_720.jpg","twitter:label1":"Escrito por","twitter:data1":"Cand\u00e1s 365","twitter:label2":"Tiempo de lectura estimado","twitter:data2":"1 minuto"},"aioseo_meta_data":{"post_id":"101277","title":null,"description":null,"keywords":null,"keyphrases":null,"primary_term":null,"canonical_url":null,"og_title":null,"og_description":null,"og_object_type":"default","og_image_type":"default","og_image_url":null,"og_image_width":null,"og_image_height":null,"og_image_custom_url":null,"og_image_custom_fields":null,"og_video":null,"og_custom_url":null,"og_article_section":null,"og_article_tags":null,"twitter_use_og":false,"twitter_card":"default","twitter_image_type":"default","twitter_image_url":null,"twitter_image_custom_url":null,"twitter_image_custom_fields":null,"twitter_title":null,"twitter_description":null,"schema":{"blockGraphs":[],"customGraphs":[],"default":{"data":{"Article":[],"Course":[],"Dataset":[],"FAQPage":[],"Movie":[],"Person":[],"Product":[],"ProductReview":[],"Car":[],"Recipe":[],"Service":[],"SoftwareApplication":[],"WebPage":[]},"graphName":"","isEnabled":true},"graphs":[],"defaultGraph":"","defaultPostTypeGraph":""},"schema_type":null,"schema_type_options":null,"pillar_content":false,"robots_default":true,"robots_noindex":false,"robots_noarchive":false,"robots_nosnippet":false,"robots_nofollow":false,"robots_noimageindex":false,"robots_noodp":false,"robots_notranslate":false,"robots_max_snippet":null,"robots_max_videopreview":null,"robots_max_imagepreview":"large","priority":null,"frequency":null,"location":null,"local_seo":null,"seo_analyzer_scan_date":"2025-08-27 11:04:20","breadcrumb_settings":null,"limit_modified_date":false,"reviewed_by":null,"open_ai":null,"ai":null,"created":"2020-12-21 11:48:07","updated":"2025-08-27 11:04:20"},"aioseo_breadcrumb":"<div class=\"aioseo-breadcrumbs\"><span class=\"aioseo-breadcrumb\">\n\t<a href=\"https:\/\/candas365.es\/noticias\" title=\"Home\">Home<\/a>\n<\/span><span class=\"aioseo-breadcrumb-separator\">&ndash;<\/span><span class=\"aioseo-breadcrumb\">\n\t<a href=\"https:\/\/candas365.es\/noticias\/category\/actualidad\/\" title=\"Actualidad\">Actualidad<\/a>\n<\/span><span class=\"aioseo-breadcrumb-separator\">&ndash;<\/span><span class=\"aioseo-breadcrumb\">\n\tPence acusa a Ortega de librar una guerra contra la Iglesia cat\u00f3lica\n<\/span><\/div>","aioseo_breadcrumb_json":[{"label":"Home","link":"https:\/\/candas365.es\/noticias"},{"label":"Actualidad","link":"https:\/\/candas365.es\/noticias\/category\/actualidad\/"},{"label":"Pence acusa a Ortega de librar una guerra contra la Iglesia cat\u00f3lica","link":"https:\/\/candas365.es\/noticias\/pence-acusa-a-ortega-de-librar-una-guerra-contra-la-iglesia-catolica\/"}],"_links":{"self":[{"href":"https:\/\/candas365.es\/noticias\/wp-json\/wp\/v2\/posts\/101277","targetHints":{"allow":["GET"]}}],"collection":[{"href":"https:\/\/candas365.es\/noticias\/wp-json\/wp\/v2\/posts"}],"about":[{"href":"https:\/\/candas365.es\/noticias\/wp-json\/wp\/v2\/types\/post"}],"author":[{"embeddable":true,"href":"https:\/\/candas365.es\/noticias\/wp-json\/wp\/v2\/users\/1"}],"replies":[{"embeddable":true,"href":"https:\/\/candas365.es\/noticias\/wp-json\/wp\/v2\/comments?post=101277"}],"version-history":[{"count":0,"href":"https:\/\/candas365.es\/noticias\/wp-json\/wp\/v2\/posts\/101277\/revisions"}],"wp:featuredmedia":[{"embeddable":true,"href":"https:\/\/candas365.es\/noticias\/wp-json\/wp\/v2\/media\/94077"}],"wp:attachment":[{"href":"https:\/\/candas365.es\/noticias\/wp-json\/wp\/v2\/media?parent=101277"}],"wp:term":[{"taxonomy":"category","embeddable":true,"href":"https:\/\/candas365.es\/noticias\/wp-json\/wp\/v2\/categories?post=101277"},{"taxonomy":"post_tag","embeddable":true,"href":"https:\/\/candas365.es\/noticias\/wp-json\/wp\/v2\/tags?post=101277"}],"curies":[{"name":"wp","href":"https:\/\/api.w.org\/{rel}","templated":true}]}}