{"id":101245,"date":"2018-07-26T20:06:04","date_gmt":"2018-07-26T20:06:04","guid":{"rendered":"http:\/\/candas365.es\/noticias\/?p=101245"},"modified":"2018-07-26T20:06:04","modified_gmt":"2018-07-26T20:06:04","slug":"el-1-de-agosto-comenzara-la-campana-de-la-sardina-iberica","status":"publish","type":"post","link":"https:\/\/candas365.es\/noticias\/el-1-de-agosto-comenzara-la-campana-de-la-sardina-iberica\/","title":{"rendered":"El 1 de agosto comenzar\u00e1 la campa\u00f1a de la sardina ib\u00e9rica"},"content":{"rendered":"<p><img fetchpriority=\"high\" decoding=\"async\" class=\"alignleft size-medium wp-image-101247\" src=\"https:\/\/candas365.es\/noticias\/wp-content\/uploads\/2018\/07\/21122016_BarcoPescaPajaros-360x239.jpg\" alt=\"\" width=\"360\" height=\"239\" srcset=\"https:\/\/candas365.es\/noticias\/wp-content\/uploads\/2018\/07\/21122016_BarcoPescaPajaros-360x239.jpg 360w, https:\/\/candas365.es\/noticias\/wp-content\/uploads\/2018\/07\/21122016_BarcoPescaPajaros.jpg 496w\" sizes=\"(max-width: 360px) 100vw, 360px\" \/>La Secretar\u00eda General de Pesca confirma el acuerdo para la apertura de la pesquer\u00eda de la sardina ib\u00e9rica del 1 de agosto al 30 de septiembre, con un l\u00edmite de capturas que ha quedado reducido a 4.728 toneladas para Espa\u00f1a y Portugal.<\/p>\n<p>Espa\u00f1a y Portugal presentaron a la Comisi\u00f3n una serie de medidas de refuerzo del Plan Conjunto de Gesti\u00f3n y Recuperaci\u00f3n de la Sardina Ib\u00e9rica, actualmente en vigor, entre las que se encuentra la disminuci\u00f3n de las posibilidades de pesca en este segundo tramo del a\u00f1o, limitando las capturas a 4.728 toneladas, de las que 1.583,88 corresponden a Espa\u00f1a.<\/p>\n<p>El refuerzo de las medidas contenidas en este Plan Conjunto permite mantener abierta esta pesquer\u00eda durante el periodo estival, una cuesti\u00f3n de vital importancia para el sector pesquero, al tiempo que contribuye a la recuperaci\u00f3n de esta especie, aspecto prioritario de dicho Plan.<\/p>\n<p>Espa\u00f1a y Portugal mantienen su compromiso de reforzar las campa\u00f1as de investigaci\u00f3n de la pesquer\u00eda, para consolidar los datos disponibles que deber\u00edan contribuir a mejorar la evaluaci\u00f3n del estado del stock para el a\u00f1o 2019.<\/p>\n","protected":false},"excerpt":{"rendered":"<p>La Secretar\u00eda General de Pesca confirma el acuerdo para la apertura de la pesquer\u00eda de la sardina ib\u00e9rica del 1 de agosto al 30 de septiembre, con un l\u00edmite de capturas que ha quedado reducido a 4.728 toneladas para Espa\u00f1a y Portugal. Espa\u00f1a y Portugal presentaron a la Comisi\u00f3n una serie de medidas de refuerzo<\/p>\n","protected":false},"author":1,"featured_media":101246,"comment_status":"closed","ping_status":"closed","sticky":false,"template":"","format":"standard","meta":{"footnotes":""},"categories":[343],"tags":[],"class_list":{"0":"post-101245","1":"post","2":"type-post","3":"status-publish","4":"format-standard","5":"has-post-thumbnail","7":"category-actualidad"},"aioseo_notices":[],"aioseo_head":"\n\t\t<!-- All in One SEO Pro 4.9.6.2 - aioseo.com -->\n\t<meta name=\"description\" content=\"La Secretar\u00eda General de Pesca confirma el acuerdo para la apertura de la pesquer\u00eda de la sardina ib\u00e9rica del 1 de agosto al 30 de septiembre, con un l\u00edmite de capturas que ha quedado reducido a 4.728 toneladas para Espa\u00f1a y Portugal. Espa\u00f1a y Portugal presentaron a la Comisi\u00f3n una serie de medidas de refuerzo\" \/>\n\t<meta name=\"robots\" content=\"max-image-preview:large\" \/>\n\t<meta name=\"author\" content=\"Cand\u00e1s 365\"\/>\n\t<meta name=\"google-site-verification\" content=\"UA-32230408-1\" \/>\n\t<meta name=\"msvalidate.01\" content=\"354F3CDFB2DA171B47FBE9ABF1F88D5\" \/>\n\t<meta name=\"keywords\" content=\"actualidad\" \/>\n\t<link rel=\"canonical\" href=\"https:\/\/candas365.es\/noticias\/el-1-de-agosto-comenzara-la-campana-de-la-sardina-iberica\/\" \/>\n\t<meta name=\"generator\" content=\"All in One SEO Pro (AIOSEO) 4.9.6.2\" \/>\n\t\t<meta property=\"og:locale\" content=\"es_ES\" \/>\n\t\t<meta property=\"og:site_name\" content=\"Cand\u00e1s 365\" \/>\n\t\t<meta property=\"og:type\" content=\"article\" \/>\n\t\t<meta property=\"og:title\" content=\"El 1 de agosto comenzar\u00e1 la campa\u00f1a de la sardina ib\u00e9rica | Cand\u00e1s 365\" \/>\n\t\t<meta property=\"og:description\" content=\"La Secretar\u00eda General de Pesca confirma el acuerdo para la apertura de la pesquer\u00eda de la sardina ib\u00e9rica del 1 de agosto al 30 de septiembre, con un l\u00edmite de capturas que ha quedado reducido a 4.728 toneladas para Espa\u00f1a y Portugal. Espa\u00f1a y Portugal presentaron a la Comisi\u00f3n una serie de medidas de refuerzo\" \/>\n\t\t<meta property=\"og:url\" content=\"https:\/\/candas365.es\/noticias\/el-1-de-agosto-comenzara-la-campana-de-la-sardina-iberica\/\" \/>\n\t\t<meta property=\"og:image\" content=\"https:\/\/candas365.es\/noticias\/wp-content\/uploads\/2018\/07\/bird-2612626_960_720.jpg\" \/>\n\t\t<meta property=\"og:image:secure_url\" content=\"https:\/\/candas365.es\/noticias\/wp-content\/uploads\/2018\/07\/bird-2612626_960_720.jpg\" \/>\n\t\t<meta property=\"og:image:width\" content=\"960\" \/>\n\t\t<meta property=\"og:image:height\" content=\"640\" \/>\n\t\t<meta property=\"article:published_time\" content=\"2018-07-26T20:06:04+00:00\" \/>\n\t\t<meta property=\"article:modified_time\" content=\"2018-07-26T20:06:04+00:00\" \/>\n\t\t<meta property=\"article:publisher\" content=\"https:\/\/www.facebook.com\/Nachofdezber\" \/>\n\t\t<meta property=\"article:author\" content=\"https:\/\/www.facebook.com\/carrenoactualidad\" \/>\n\t\t<meta name=\"twitter:card\" content=\"summary_large_image\" \/>\n\t\t<meta name=\"twitter:site\" content=\"@NabercoDigital\" \/>\n\t\t<meta name=\"twitter:title\" content=\"El 1 de agosto comenzar\u00e1 la campa\u00f1a de la sardina ib\u00e9rica | Cand\u00e1s 365\" \/>\n\t\t<meta name=\"twitter:description\" content=\"La Secretar\u00eda General de Pesca confirma el acuerdo para la apertura de la pesquer\u00eda de la sardina ib\u00e9rica del 1 de agosto al 30 de septiembre, con un l\u00edmite de capturas que ha quedado reducido a 4.728 toneladas para Espa\u00f1a y Portugal. Espa\u00f1a y Portugal presentaron a la Comisi\u00f3n una serie de medidas de refuerzo\" \/>\n\t\t<meta name=\"twitter:creator\" content=\"@nbasturias\" \/>\n\t\t<meta name=\"twitter:image\" content=\"https:\/\/candas365.es\/noticias\/wp-content\/uploads\/2018\/07\/bird-2612626_960_720.jpg\" \/>\n\t\t<meta name=\"twitter:label1\" content=\"Escrito por\" \/>\n\t\t<meta name=\"twitter:data1\" content=\"Cand\u00e1s 365\" \/>\n\t\t<meta name=\"twitter:label2\" content=\"Tiempo de lectura estimado\" \/>\n\t\t<meta name=\"twitter:data2\" content=\"1 minuto\" \/>\n\t\t<script type=\"application\/ld+json\" class=\"aioseo-schema\">\n\t\t\t{\"@context\":\"https:\\\/\\\/schema.org\",\"@graph\":[{\"@type\":\"BreadcrumbList\",\"@id\":\"https:\\\/\\\/candas365.es\\\/noticias\\\/el-1-de-agosto-comenzara-la-campana-de-la-sardina-iberica\\\/#breadcrumblist\",\"itemListElement\":[{\"@type\":\"ListItem\",\"@id\":\"https:\\\/\\\/candas365.es\\\/noticias#listItem\",\"position\":1,\"name\":\"Home\",\"item\":\"https:\\\/\\\/candas365.es\\\/noticias\",\"nextItem\":{\"@type\":\"ListItem\",\"@id\":\"https:\\\/\\\/candas365.es\\\/noticias\\\/category\\\/actualidad\\\/#listItem\",\"name\":\"Actualidad\"}},{\"@type\":\"ListItem\",\"@id\":\"https:\\\/\\\/candas365.es\\\/noticias\\\/category\\\/actualidad\\\/#listItem\",\"position\":2,\"name\":\"Actualidad\",\"item\":\"https:\\\/\\\/candas365.es\\\/noticias\\\/category\\\/actualidad\\\/\",\"nextItem\":{\"@type\":\"ListItem\",\"@id\":\"https:\\\/\\\/candas365.es\\\/noticias\\\/el-1-de-agosto-comenzara-la-campana-de-la-sardina-iberica\\\/#listItem\",\"name\":\"El 1 de agosto comenzar\\u00e1 la campa\\u00f1a de la sardina ib\\u00e9rica\"},\"previousItem\":{\"@type\":\"ListItem\",\"@id\":\"https:\\\/\\\/candas365.es\\\/noticias#listItem\",\"name\":\"Home\"}},{\"@type\":\"ListItem\",\"@id\":\"https:\\\/\\\/candas365.es\\\/noticias\\\/el-1-de-agosto-comenzara-la-campana-de-la-sardina-iberica\\\/#listItem\",\"position\":3,\"name\":\"El 1 de agosto comenzar\\u00e1 la campa\\u00f1a de la sardina ib\\u00e9rica\",\"previousItem\":{\"@type\":\"ListItem\",\"@id\":\"https:\\\/\\\/candas365.es\\\/noticias\\\/category\\\/actualidad\\\/#listItem\",\"name\":\"Actualidad\"}}]},{\"@type\":\"NewsArticle\",\"@id\":\"https:\\\/\\\/candas365.es\\\/noticias\\\/el-1-de-agosto-comenzara-la-campana-de-la-sardina-iberica\\\/#newsarticle\",\"name\":\"El 1 de agosto comenzar\\u00e1 la campa\\u00f1a de la sardina ib\\u00e9rica | Cand\\u00e1s 365\",\"headline\":\"El 1 de agosto comenzar\\u00e1 la campa\\u00f1a de la sardina ib\\u00e9rica\",\"author\":{\"@id\":\"https:\\\/\\\/candas365.es\\\/noticias\\\/author\\\/admin\\\/#author\"},\"publisher\":{\"@id\":\"https:\\\/\\\/candas365.es\\\/noticias\\\/#organization\"},\"image\":{\"@type\":\"ImageObject\",\"url\":\"https:\\\/\\\/candas365.es\\\/noticias\\\/wp-content\\\/uploads\\\/2018\\\/07\\\/bird-2612626_960_720.jpg\",\"width\":960,\"height\":640},\"datePublished\":\"2018-07-26T20:06:04+02:00\",\"dateModified\":\"2018-07-26T20:06:04+02:00\",\"inLanguage\":\"es-ES\",\"mainEntityOfPage\":{\"@id\":\"https:\\\/\\\/candas365.es\\\/noticias\\\/el-1-de-agosto-comenzara-la-campana-de-la-sardina-iberica\\\/#webpage\"},\"isPartOf\":{\"@id\":\"https:\\\/\\\/candas365.es\\\/noticias\\\/el-1-de-agosto-comenzara-la-campana-de-la-sardina-iberica\\\/#webpage\"},\"articleSection\":\"Actualidad\",\"dateline\":\"Publicado el julio 26, 2018.\"},{\"@type\":\"Organization\",\"@id\":\"https:\\\/\\\/candas365.es\\\/noticias\\\/#organization\",\"name\":\"Cand\\u00e1s 365\",\"description\":\"Cand\\u00e1s 365 es un diario digital independiente, fundado en 2012, con base en Asturias. Informamos con rigor sobre actualidad, sociedad, cultura y ocio, con una mirada local y global.\",\"url\":\"https:\\\/\\\/candas365.es\\\/noticias\\\/\",\"email\":\"info@candas365.es\",\"telephone\":\"+34652131393\",\"foundingDate\":\"2012-06-10\",\"logo\":{\"@type\":\"ImageObject\",\"url\":\"https:\\\/\\\/candas365.es\\\/noticias\\\/wp-content\\\/uploads\\\/2024\\\/09\\\/Candas-365-Redes.jpg\",\"@id\":\"https:\\\/\\\/candas365.es\\\/noticias\\\/el-1-de-agosto-comenzara-la-campana-de-la-sardina-iberica\\\/#organizationLogo\",\"width\":1152,\"height\":864,\"caption\":\"Cand\\u00e1s 365 Redes\"},\"image\":{\"@id\":\"https:\\\/\\\/candas365.es\\\/noticias\\\/el-1-de-agosto-comenzara-la-campana-de-la-sardina-iberica\\\/#organizationLogo\"},\"sameAs\":[\"https:\\\/\\\/www.facebook.com\\\/Nachofdezber\",\"https:\\\/\\\/x.com\\\/NabercoDigital\",\"https:\\\/\\\/www.instagram.com\\\/nachofdezber\\\/\",\"https:\\\/\\\/www.youtube.com\\\/channel\\\/UCZP-2wLEB9Rv6erhFmqVnvg\"],\"address\":{\"@id\":\"https:\\\/\\\/candas365.es\\\/noticias\\\/#postaladdress\",\"@type\":\"PostalAddress\",\"streetAddress\":\"san antonio 4, san antonio 4\",\"postalCode\":\"33430\",\"addressLocality\":\"Cand\\u00e1s\",\"addressRegion\":\"Asturias\",\"addressCountry\":\"ES\"}},{\"@type\":\"Person\",\"@id\":\"https:\\\/\\\/candas365.es\\\/noticias\\\/author\\\/admin\\\/#author\",\"url\":\"https:\\\/\\\/candas365.es\\\/noticias\\\/author\\\/admin\\\/\",\"name\":\"Cand\\u00e1s 365\",\"image\":{\"@type\":\"ImageObject\",\"@id\":\"https:\\\/\\\/candas365.es\\\/noticias\\\/el-1-de-agosto-comenzara-la-campana-de-la-sardina-iberica\\\/#authorImage\",\"url\":\"https:\\\/\\\/secure.gravatar.com\\\/avatar\\\/496a8e03d0c493ede1718b7934145dbdf8d89be1036b0eec9544e1094c9de390?s=96&d=mm&r=g\",\"width\":96,\"height\":96,\"caption\":\"Cand\\u00e1s 365\"},\"sameAs\":[\"https:\\\/\\\/www.facebook.com\\\/carrenoactualidad\",\"https:\\\/\\\/twitter.com\\\/nbasturias\",\"https:\\\/\\\/www.instagram.com\\\/nachofdezber\\\/\",\"https:\\\/\\\/www.youtube.com\\\/channel\\\/UCZP-2wLEB9Rv6erhFmqVnvg\"]},{\"@type\":\"WebPage\",\"@id\":\"https:\\\/\\\/candas365.es\\\/noticias\\\/el-1-de-agosto-comenzara-la-campana-de-la-sardina-iberica\\\/#webpage\",\"url\":\"https:\\\/\\\/candas365.es\\\/noticias\\\/el-1-de-agosto-comenzara-la-campana-de-la-sardina-iberica\\\/\",\"name\":\"El 1 de agosto comenzar\\u00e1 la campa\\u00f1a de la sardina ib\\u00e9rica | Cand\\u00e1s 365\",\"description\":\"La Secretar\\u00eda General de Pesca confirma el acuerdo para la apertura de la pesquer\\u00eda de la sardina ib\\u00e9rica del 1 de agosto al 30 de septiembre, con un l\\u00edmite de capturas que ha quedado reducido a 4.728 toneladas para Espa\\u00f1a y Portugal. Espa\\u00f1a y Portugal presentaron a la Comisi\\u00f3n una serie de medidas de refuerzo\",\"inLanguage\":\"es-ES\",\"isPartOf\":{\"@id\":\"https:\\\/\\\/candas365.es\\\/noticias\\\/#website\"},\"breadcrumb\":{\"@id\":\"https:\\\/\\\/candas365.es\\\/noticias\\\/el-1-de-agosto-comenzara-la-campana-de-la-sardina-iberica\\\/#breadcrumblist\"},\"author\":{\"@id\":\"https:\\\/\\\/candas365.es\\\/noticias\\\/author\\\/admin\\\/#author\"},\"creator\":{\"@id\":\"https:\\\/\\\/candas365.es\\\/noticias\\\/author\\\/admin\\\/#author\"},\"image\":{\"@type\":\"ImageObject\",\"url\":\"https:\\\/\\\/candas365.es\\\/noticias\\\/wp-content\\\/uploads\\\/2018\\\/07\\\/bird-2612626_960_720.jpg\",\"@id\":\"https:\\\/\\\/candas365.es\\\/noticias\\\/el-1-de-agosto-comenzara-la-campana-de-la-sardina-iberica\\\/#mainImage\",\"width\":960,\"height\":640},\"primaryImageOfPage\":{\"@id\":\"https:\\\/\\\/candas365.es\\\/noticias\\\/el-1-de-agosto-comenzara-la-campana-de-la-sardina-iberica\\\/#mainImage\"},\"datePublished\":\"2018-07-26T20:06:04+02:00\",\"dateModified\":\"2018-07-26T20:06:04+02:00\"},{\"@type\":\"WebSite\",\"@id\":\"https:\\\/\\\/candas365.es\\\/noticias\\\/#website\",\"url\":\"https:\\\/\\\/candas365.es\\\/noticias\\\/\",\"name\":\"Cand\\u00e1s 365\",\"alternateName\":\"Cand\\u00e1s 365 Noticias\",\"description\":\"Actualidad desde Carre\\u00f1o para el mundo\",\"inLanguage\":\"es-ES\",\"publisher\":{\"@id\":\"https:\\\/\\\/candas365.es\\\/noticias\\\/#organization\"}}]}\n\t\t<\/script>\n\t\t<!-- All in One SEO Pro -->\r\n\t\t<title>El 1 de agosto comenzar\u00e1 la campa\u00f1a de la sardina ib\u00e9rica | Cand\u00e1s 365<\/title>\n\n","aioseo_head_json":{"title":"El 1 de agosto comenzar\u00e1 la campa\u00f1a de la sardina ib\u00e9rica | Cand\u00e1s 365","description":"La Secretar\u00eda General de Pesca confirma el acuerdo para la apertura de la pesquer\u00eda de la sardina ib\u00e9rica del 1 de agosto al 30 de septiembre, con un l\u00edmite de capturas que ha quedado reducido a 4.728 toneladas para Espa\u00f1a y Portugal. Espa\u00f1a y Portugal presentaron a la Comisi\u00f3n una serie de medidas de refuerzo","canonical_url":"https:\/\/candas365.es\/noticias\/el-1-de-agosto-comenzara-la-campana-de-la-sardina-iberica\/","robots":"max-image-preview:large","keywords":"actualidad","webmasterTools":{"google-site-verification":"UA-32230408-1","msvalidate.01":"354F3CDFB2DA171B47FBE9ABF1F88D5","miscellaneous":""},"schema":{"@context":"https:\/\/schema.org","@graph":[{"@type":"BreadcrumbList","@id":"https:\/\/candas365.es\/noticias\/el-1-de-agosto-comenzara-la-campana-de-la-sardina-iberica\/#breadcrumblist","itemListElement":[{"@type":"ListItem","@id":"https:\/\/candas365.es\/noticias#listItem","position":1,"name":"Home","item":"https:\/\/candas365.es\/noticias","nextItem":{"@type":"ListItem","@id":"https:\/\/candas365.es\/noticias\/category\/actualidad\/#listItem","name":"Actualidad"}},{"@type":"ListItem","@id":"https:\/\/candas365.es\/noticias\/category\/actualidad\/#listItem","position":2,"name":"Actualidad","item":"https:\/\/candas365.es\/noticias\/category\/actualidad\/","nextItem":{"@type":"ListItem","@id":"https:\/\/candas365.es\/noticias\/el-1-de-agosto-comenzara-la-campana-de-la-sardina-iberica\/#listItem","name":"El 1 de agosto comenzar\u00e1 la campa\u00f1a de la sardina ib\u00e9rica"},"previousItem":{"@type":"ListItem","@id":"https:\/\/candas365.es\/noticias#listItem","name":"Home"}},{"@type":"ListItem","@id":"https:\/\/candas365.es\/noticias\/el-1-de-agosto-comenzara-la-campana-de-la-sardina-iberica\/#listItem","position":3,"name":"El 1 de agosto comenzar\u00e1 la campa\u00f1a de la sardina ib\u00e9rica","previousItem":{"@type":"ListItem","@id":"https:\/\/candas365.es\/noticias\/category\/actualidad\/#listItem","name":"Actualidad"}}]},{"@type":"NewsArticle","@id":"https:\/\/candas365.es\/noticias\/el-1-de-agosto-comenzara-la-campana-de-la-sardina-iberica\/#newsarticle","name":"El 1 de agosto comenzar\u00e1 la campa\u00f1a de la sardina ib\u00e9rica | Cand\u00e1s 365","headline":"El 1 de agosto comenzar\u00e1 la campa\u00f1a de la sardina ib\u00e9rica","author":{"@id":"https:\/\/candas365.es\/noticias\/author\/admin\/#author"},"publisher":{"@id":"https:\/\/candas365.es\/noticias\/#organization"},"image":{"@type":"ImageObject","url":"https:\/\/candas365.es\/noticias\/wp-content\/uploads\/2018\/07\/bird-2612626_960_720.jpg","width":960,"height":640},"datePublished":"2018-07-26T20:06:04+02:00","dateModified":"2018-07-26T20:06:04+02:00","inLanguage":"es-ES","mainEntityOfPage":{"@id":"https:\/\/candas365.es\/noticias\/el-1-de-agosto-comenzara-la-campana-de-la-sardina-iberica\/#webpage"},"isPartOf":{"@id":"https:\/\/candas365.es\/noticias\/el-1-de-agosto-comenzara-la-campana-de-la-sardina-iberica\/#webpage"},"articleSection":"Actualidad","dateline":"Publicado el julio 26, 2018."},{"@type":"Organization","@id":"https:\/\/candas365.es\/noticias\/#organization","name":"Cand\u00e1s 365","description":"Cand\u00e1s 365 es un diario digital independiente, fundado en 2012, con base en Asturias. Informamos con rigor sobre actualidad, sociedad, cultura y ocio, con una mirada local y global.","url":"https:\/\/candas365.es\/noticias\/","email":"info@candas365.es","telephone":"+34652131393","foundingDate":"2012-06-10","logo":{"@type":"ImageObject","url":"https:\/\/candas365.es\/noticias\/wp-content\/uploads\/2024\/09\/Candas-365-Redes.jpg","@id":"https:\/\/candas365.es\/noticias\/el-1-de-agosto-comenzara-la-campana-de-la-sardina-iberica\/#organizationLogo","width":1152,"height":864,"caption":"Cand\u00e1s 365 Redes"},"image":{"@id":"https:\/\/candas365.es\/noticias\/el-1-de-agosto-comenzara-la-campana-de-la-sardina-iberica\/#organizationLogo"},"sameAs":["https:\/\/www.facebook.com\/Nachofdezber","https:\/\/x.com\/NabercoDigital","https:\/\/www.instagram.com\/nachofdezber\/","https:\/\/www.youtube.com\/channel\/UCZP-2wLEB9Rv6erhFmqVnvg"],"address":{"@id":"https:\/\/candas365.es\/noticias\/#postaladdress","@type":"PostalAddress","streetAddress":"san antonio 4, san antonio 4","postalCode":"33430","addressLocality":"Cand\u00e1s","addressRegion":"Asturias","addressCountry":"ES"}},{"@type":"Person","@id":"https:\/\/candas365.es\/noticias\/author\/admin\/#author","url":"https:\/\/candas365.es\/noticias\/author\/admin\/","name":"Cand\u00e1s 365","image":{"@type":"ImageObject","@id":"https:\/\/candas365.es\/noticias\/el-1-de-agosto-comenzara-la-campana-de-la-sardina-iberica\/#authorImage","url":"https:\/\/secure.gravatar.com\/avatar\/496a8e03d0c493ede1718b7934145dbdf8d89be1036b0eec9544e1094c9de390?s=96&d=mm&r=g","width":96,"height":96,"caption":"Cand\u00e1s 365"},"sameAs":["https:\/\/www.facebook.com\/carrenoactualidad","https:\/\/twitter.com\/nbasturias","https:\/\/www.instagram.com\/nachofdezber\/","https:\/\/www.youtube.com\/channel\/UCZP-2wLEB9Rv6erhFmqVnvg"]},{"@type":"WebPage","@id":"https:\/\/candas365.es\/noticias\/el-1-de-agosto-comenzara-la-campana-de-la-sardina-iberica\/#webpage","url":"https:\/\/candas365.es\/noticias\/el-1-de-agosto-comenzara-la-campana-de-la-sardina-iberica\/","name":"El 1 de agosto comenzar\u00e1 la campa\u00f1a de la sardina ib\u00e9rica | Cand\u00e1s 365","description":"La Secretar\u00eda General de Pesca confirma el acuerdo para la apertura de la pesquer\u00eda de la sardina ib\u00e9rica del 1 de agosto al 30 de septiembre, con un l\u00edmite de capturas que ha quedado reducido a 4.728 toneladas para Espa\u00f1a y Portugal. Espa\u00f1a y Portugal presentaron a la Comisi\u00f3n una serie de medidas de refuerzo","inLanguage":"es-ES","isPartOf":{"@id":"https:\/\/candas365.es\/noticias\/#website"},"breadcrumb":{"@id":"https:\/\/candas365.es\/noticias\/el-1-de-agosto-comenzara-la-campana-de-la-sardina-iberica\/#breadcrumblist"},"author":{"@id":"https:\/\/candas365.es\/noticias\/author\/admin\/#author"},"creator":{"@id":"https:\/\/candas365.es\/noticias\/author\/admin\/#author"},"image":{"@type":"ImageObject","url":"https:\/\/candas365.es\/noticias\/wp-content\/uploads\/2018\/07\/bird-2612626_960_720.jpg","@id":"https:\/\/candas365.es\/noticias\/el-1-de-agosto-comenzara-la-campana-de-la-sardina-iberica\/#mainImage","width":960,"height":640},"primaryImageOfPage":{"@id":"https:\/\/candas365.es\/noticias\/el-1-de-agosto-comenzara-la-campana-de-la-sardina-iberica\/#mainImage"},"datePublished":"2018-07-26T20:06:04+02:00","dateModified":"2018-07-26T20:06:04+02:00"},{"@type":"WebSite","@id":"https:\/\/candas365.es\/noticias\/#website","url":"https:\/\/candas365.es\/noticias\/","name":"Cand\u00e1s 365","alternateName":"Cand\u00e1s 365 Noticias","description":"Actualidad desde Carre\u00f1o para el mundo","inLanguage":"es-ES","publisher":{"@id":"https:\/\/candas365.es\/noticias\/#organization"}}]},"og:locale":"es_ES","og:site_name":"Cand\u00e1s 365","og:type":"article","og:title":"El 1 de agosto comenzar\u00e1 la campa\u00f1a de la sardina ib\u00e9rica | Cand\u00e1s 365","og:description":"La Secretar\u00eda General de Pesca confirma el acuerdo para la apertura de la pesquer\u00eda de la sardina ib\u00e9rica del 1 de agosto al 30 de septiembre, con un l\u00edmite de capturas que ha quedado reducido a 4.728 toneladas para Espa\u00f1a y Portugal. Espa\u00f1a y Portugal presentaron a la Comisi\u00f3n una serie de medidas de refuerzo","og:url":"https:\/\/candas365.es\/noticias\/el-1-de-agosto-comenzara-la-campana-de-la-sardina-iberica\/","og:image":"https:\/\/candas365.es\/noticias\/wp-content\/uploads\/2018\/07\/bird-2612626_960_720.jpg","og:image:secure_url":"https:\/\/candas365.es\/noticias\/wp-content\/uploads\/2018\/07\/bird-2612626_960_720.jpg","og:image:width":960,"og:image:height":640,"article:published_time":"2018-07-26T20:06:04+00:00","article:modified_time":"2018-07-26T20:06:04+00:00","article:publisher":"https:\/\/www.facebook.com\/Nachofdezber","article:author":"https:\/\/www.facebook.com\/carrenoactualidad","twitter:card":"summary_large_image","twitter:site":"@NabercoDigital","twitter:title":"El 1 de agosto comenzar\u00e1 la campa\u00f1a de la sardina ib\u00e9rica | Cand\u00e1s 365","twitter:description":"La Secretar\u00eda General de Pesca confirma el acuerdo para la apertura de la pesquer\u00eda de la sardina ib\u00e9rica del 1 de agosto al 30 de septiembre, con un l\u00edmite de capturas que ha quedado reducido a 4.728 toneladas para Espa\u00f1a y Portugal. Espa\u00f1a y Portugal presentaron a la Comisi\u00f3n una serie de medidas de refuerzo","twitter:creator":"@nbasturias","twitter:image":"https:\/\/candas365.es\/noticias\/wp-content\/uploads\/2018\/07\/bird-2612626_960_720.jpg","twitter:label1":"Escrito por","twitter:data1":"Cand\u00e1s 365","twitter:label2":"Tiempo de lectura estimado","twitter:data2":"1 minuto"},"aioseo_meta_data":{"post_id":"101245","title":null,"description":null,"keywords":null,"keyphrases":null,"primary_term":null,"canonical_url":null,"og_title":null,"og_description":null,"og_object_type":"default","og_image_type":"default","og_image_url":null,"og_image_width":null,"og_image_height":null,"og_image_custom_url":null,"og_image_custom_fields":null,"og_video":null,"og_custom_url":null,"og_article_section":null,"og_article_tags":null,"twitter_use_og":false,"twitter_card":"default","twitter_image_type":"default","twitter_image_url":null,"twitter_image_custom_url":null,"twitter_image_custom_fields":null,"twitter_title":null,"twitter_description":null,"schema":{"blockGraphs":[],"customGraphs":[],"default":{"data":{"Article":[],"Course":[],"Dataset":[],"FAQPage":[],"Movie":[],"Person":[],"Product":[],"ProductReview":[],"Car":[],"Recipe":[],"Service":[],"SoftwareApplication":[],"WebPage":[]},"graphName":"","isEnabled":true},"graphs":[]},"schema_type":null,"schema_type_options":null,"pillar_content":false,"robots_default":true,"robots_noindex":false,"robots_noarchive":false,"robots_nosnippet":false,"robots_nofollow":false,"robots_noimageindex":false,"robots_noodp":false,"robots_notranslate":false,"robots_max_snippet":null,"robots_max_videopreview":null,"robots_max_imagepreview":"large","priority":null,"frequency":null,"location":null,"local_seo":null,"seo_analyzer_scan_date":"2025-08-27 10:59:18","breadcrumb_settings":null,"limit_modified_date":false,"reviewed_by":null,"open_ai":null,"ai":null,"created":"2020-12-21 11:48:07","updated":"2025-08-27 10:59:18"},"aioseo_breadcrumb":"<div class=\"aioseo-breadcrumbs\"><span class=\"aioseo-breadcrumb\">\n\t<a href=\"https:\/\/candas365.es\/noticias\" title=\"Home\">Home<\/a>\n<\/span><span class=\"aioseo-breadcrumb-separator\">&ndash;<\/span><span class=\"aioseo-breadcrumb\">\n\t<a href=\"https:\/\/candas365.es\/noticias\/category\/actualidad\/\" title=\"Actualidad\">Actualidad<\/a>\n<\/span><span class=\"aioseo-breadcrumb-separator\">&ndash;<\/span><span class=\"aioseo-breadcrumb\">\n\tEl 1 de agosto comenzar\u00e1 la campa\u00f1a de la sardina ib\u00e9rica\n<\/span><\/div>","aioseo_breadcrumb_json":[{"label":"Home","link":"https:\/\/candas365.es\/noticias"},{"label":"Actualidad","link":"https:\/\/candas365.es\/noticias\/category\/actualidad\/"},{"label":"El 1 de agosto comenzar\u00e1 la campa\u00f1a de la sardina ib\u00e9rica","link":"https:\/\/candas365.es\/noticias\/el-1-de-agosto-comenzara-la-campana-de-la-sardina-iberica\/"}],"_links":{"self":[{"href":"https:\/\/candas365.es\/noticias\/wp-json\/wp\/v2\/posts\/101245","targetHints":{"allow":["GET"]}}],"collection":[{"href":"https:\/\/candas365.es\/noticias\/wp-json\/wp\/v2\/posts"}],"about":[{"href":"https:\/\/candas365.es\/noticias\/wp-json\/wp\/v2\/types\/post"}],"author":[{"embeddable":true,"href":"https:\/\/candas365.es\/noticias\/wp-json\/wp\/v2\/users\/1"}],"replies":[{"embeddable":true,"href":"https:\/\/candas365.es\/noticias\/wp-json\/wp\/v2\/comments?post=101245"}],"version-history":[{"count":0,"href":"https:\/\/candas365.es\/noticias\/wp-json\/wp\/v2\/posts\/101245\/revisions"}],"wp:featuredmedia":[{"embeddable":true,"href":"https:\/\/candas365.es\/noticias\/wp-json\/wp\/v2\/media\/101246"}],"wp:attachment":[{"href":"https:\/\/candas365.es\/noticias\/wp-json\/wp\/v2\/media?parent=101245"}],"wp:term":[{"taxonomy":"category","embeddable":true,"href":"https:\/\/candas365.es\/noticias\/wp-json\/wp\/v2\/categories?post=101245"},{"taxonomy":"post_tag","embeddable":true,"href":"https:\/\/candas365.es\/noticias\/wp-json\/wp\/v2\/tags?post=101245"}],"curies":[{"name":"wp","href":"https:\/\/api.w.org\/{rel}","templated":true}]}}