{"id":101237,"date":"2018-07-26T18:11:27","date_gmt":"2018-07-26T18:11:27","guid":{"rendered":"http:\/\/candas365.es\/noticias\/?p=101237"},"modified":"2018-07-26T18:11:27","modified_gmt":"2018-07-26T18:11:27","slug":"pola-en-asturias-el-binomio-industria-energia-alcanza-una-dimension-paradigmatica","status":"publish","type":"post","link":"https:\/\/candas365.es\/noticias\/pola-en-asturias-el-binomio-industria-energia-alcanza-una-dimension-paradigmatica\/","title":{"rendered":"Pola: \u201cEn Asturias el binomio industria-energ\u00eda alcanza una dimensi\u00f3n paradigm\u00e1tica\u201d"},"content":{"rendered":"<p><img fetchpriority=\"high\" decoding=\"async\" class=\"alignleft size-medium wp-image-101238\" src=\"https:\/\/candas365.es\/noticias\/wp-content\/uploads\/2018\/07\/photovoltaic-2138992_960_720-360x237.jpg\" alt=\"\" width=\"360\" height=\"237\" srcset=\"https:\/\/candas365.es\/noticias\/wp-content\/uploads\/2018\/07\/photovoltaic-2138992_960_720-360x237.jpg 360w, https:\/\/candas365.es\/noticias\/wp-content\/uploads\/2018\/07\/photovoltaic-2138992_960_720-768x505.jpg 768w, https:\/\/candas365.es\/noticias\/wp-content\/uploads\/2018\/07\/photovoltaic-2138992_960_720-655x431.jpg 655w, https:\/\/candas365.es\/noticias\/wp-content\/uploads\/2018\/07\/photovoltaic-2138992_960_720-696x457.jpg 696w, https:\/\/candas365.es\/noticias\/wp-content\/uploads\/2018\/07\/photovoltaic-2138992_960_720-741x486.jpg 741w, https:\/\/candas365.es\/noticias\/wp-content\/uploads\/2018\/07\/photovoltaic-2138992_960_720-639x420.jpg 639w, https:\/\/candas365.es\/noticias\/wp-content\/uploads\/2018\/07\/photovoltaic-2138992_960_720.jpg 960w\" sizes=\"(max-width: 360px) 100vw, 360px\" \/>El consejero de Empleo, Industria y Turismo, Isaac Pola, ha informado este jueves en rueda de presa los aspectos relevantes sobre su participaci\u00f3n en la conferencia denominada: \u201cII International Research Conferenceon Sustainable Energy, Engineering, Materials andEnvironment\u201d propuesta por la empresa SEEME, para tratar temas relacionados con el desarrollo de energ\u00eda renovable en Asturias.<\/p>\n<p>Pola asegur\u00f3 que es importante desarrollar estrategias para poder optimizar el aprovechamiento del recurso renovable de la energ\u00eda e\u00f3lica terrestre y de la biomasa forestal que existe en Asturias.<\/p>\n<p>\u201cQuiero recordar que ese desarrollo de energ\u00eda renovable se viene trabajando desde hace mucho tiempo. Se trata de optimizar el aprovechamiento del recurso renovable que tenemos en la regi\u00f3n, que en este momento pasa fundamentalmente por la energ\u00eda e\u00f3lica terrestre y por la biomasa forestal. Adem\u00e1s la Consejer\u00eda, a trav\u00e9s de la Fundaci\u00f3n Asturiana de Energ\u00eda viene analizando el recurso solar para el desarrollo de la energ\u00eda solar fotovoltaica, y hemos identificado incluso algunos recursos de energ\u00edas marinas\u201d, precis\u00f3 el Consejero de Empleo, Industria y Turismo.<\/p>\n<p>Asimismo afirm\u00f3 que Asturias tiene un potencial superior con respecto al resto de Espa\u00f1a para desarrollar energ\u00edas renovables.<\/p>\n<p>\u201cEn cuanto al componente industrial que tienen las energ\u00edas renovables sabemos que Asturias es un ejemplo absolutamente ilustrativo de esa inducci\u00f3n de actividades industriales que genera el sector energ\u00e9tico. El caso m\u00e1s paradigm\u00e1tico lo tenemos en el polo de la e\u00f3lica marina que tenemos en Avil\u00e9s con esa combinaci\u00f3n de capacidades industriales y log\u00edstica\u201d, sentenci\u00f3 Pola.<\/p>\n<p>Finamente indic\u00f3 que los aspectos correspondientes a la creaci\u00f3n de energ\u00eda renovable son temas que resultan especialmente trascendentes para Asturias.<\/p>\n<p>\u201cEsto es especialmente importante para nuestra comunidad aut\u00f3noma dada su configuraci\u00f3n fundamentalmente industrial y adem\u00e1s trat\u00e1ndose de un lugar en el que ese binomio industria-energ\u00eda alcanza una dimensi\u00f3n paradigm\u00e1tica\u201d, concluy\u00f3.<\/p>\n<p>Soraya Andreina P\u00e9rez<\/p>\n","protected":false},"excerpt":{"rendered":"<p>El consejero de Empleo, Industria y Turismo, Isaac Pola, ha informado este jueves en rueda de presa los aspectos relevantes sobre su participaci\u00f3n en la conferencia denominada: \u201cII International Research Conferenceon Sustainable Energy, Engineering, Materials andEnvironment\u201d propuesta por la empresa SEEME, para tratar temas relacionados con el desarrollo de energ\u00eda renovable en Asturias. Pola asegur\u00f3<\/p>\n","protected":false},"author":1,"featured_media":101238,"comment_status":"closed","ping_status":"closed","sticky":false,"template":"","format":"standard","meta":{"footnotes":""},"categories":[7],"tags":[],"class_list":{"0":"post-101237","1":"post","2":"type-post","3":"status-publish","4":"format-standard","5":"has-post-thumbnail","7":"category-asturias"},"aioseo_notices":[],"aioseo_head":"\n\t\t<!-- All in One SEO Pro 4.9.6.2 - aioseo.com -->\n\t<meta name=\"description\" content=\"El consejero de Empleo, Industria y Turismo, Isaac Pola, ha informado este jueves en rueda de presa los aspectos relevantes sobre su participaci\u00f3n en la conferencia denominada: \u201cII International Research Conferenceon Sustainable Energy, Engineering, Materials andEnvironment\u201d propuesta por la empresa SEEME, para tratar temas relacionados con el desarrollo de energ\u00eda renovable en Asturias. Pola asegur\u00f3\" \/>\n\t<meta name=\"robots\" content=\"max-image-preview:large\" \/>\n\t<meta name=\"author\" content=\"Cand\u00e1s 365\"\/>\n\t<meta name=\"google-site-verification\" content=\"UA-32230408-1\" \/>\n\t<meta name=\"msvalidate.01\" content=\"354F3CDFB2DA171B47FBE9ABF1F88D5\" \/>\n\t<meta name=\"keywords\" content=\"asturias\" \/>\n\t<link rel=\"canonical\" href=\"https:\/\/candas365.es\/noticias\/pola-en-asturias-el-binomio-industria-energia-alcanza-una-dimension-paradigmatica\/\" \/>\n\t<meta name=\"generator\" content=\"All in One SEO Pro (AIOSEO) 4.9.6.2\" \/>\n\t\t<meta property=\"og:locale\" content=\"es_ES\" \/>\n\t\t<meta property=\"og:site_name\" content=\"Cand\u00e1s 365\" \/>\n\t\t<meta property=\"og:type\" content=\"article\" \/>\n\t\t<meta property=\"og:title\" content=\"Pola: \u201cEn Asturias el binomio industria-energ\u00eda alcanza una dimensi\u00f3n paradigm\u00e1tica\u201d | Cand\u00e1s 365\" \/>\n\t\t<meta property=\"og:description\" content=\"El consejero de Empleo, Industria y Turismo, Isaac Pola, ha informado este jueves en rueda de presa los aspectos relevantes sobre su participaci\u00f3n en la conferencia denominada: \u201cII International Research Conferenceon Sustainable Energy, Engineering, Materials andEnvironment\u201d propuesta por la empresa SEEME, para tratar temas relacionados con el desarrollo de energ\u00eda renovable en Asturias. Pola asegur\u00f3\" \/>\n\t\t<meta property=\"og:url\" content=\"https:\/\/candas365.es\/noticias\/pola-en-asturias-el-binomio-industria-energia-alcanza-una-dimension-paradigmatica\/\" \/>\n\t\t<meta property=\"og:image\" content=\"https:\/\/candas365.es\/noticias\/wp-content\/uploads\/2018\/07\/photovoltaic-2138992_960_720.jpg\" \/>\n\t\t<meta property=\"og:image:secure_url\" content=\"https:\/\/candas365.es\/noticias\/wp-content\/uploads\/2018\/07\/photovoltaic-2138992_960_720.jpg\" \/>\n\t\t<meta property=\"og:image:width\" content=\"960\" \/>\n\t\t<meta property=\"og:image:height\" content=\"631\" \/>\n\t\t<meta property=\"article:published_time\" content=\"2018-07-26T18:11:27+00:00\" \/>\n\t\t<meta property=\"article:modified_time\" content=\"2018-07-26T18:11:27+00:00\" \/>\n\t\t<meta property=\"article:publisher\" content=\"https:\/\/www.facebook.com\/Nachofdezber\" \/>\n\t\t<meta property=\"article:author\" content=\"https:\/\/www.facebook.com\/carrenoactualidad\" \/>\n\t\t<meta name=\"twitter:card\" content=\"summary_large_image\" \/>\n\t\t<meta name=\"twitter:site\" content=\"@NabercoDigital\" \/>\n\t\t<meta name=\"twitter:title\" content=\"Pola: \u201cEn Asturias el binomio industria-energ\u00eda alcanza una dimensi\u00f3n paradigm\u00e1tica\u201d | Cand\u00e1s 365\" \/>\n\t\t<meta name=\"twitter:description\" content=\"El consejero de Empleo, Industria y Turismo, Isaac Pola, ha informado este jueves en rueda de presa los aspectos relevantes sobre su participaci\u00f3n en la conferencia denominada: \u201cII International Research Conferenceon Sustainable Energy, Engineering, Materials andEnvironment\u201d propuesta por la empresa SEEME, para tratar temas relacionados con el desarrollo de energ\u00eda renovable en Asturias. Pola asegur\u00f3\" \/>\n\t\t<meta name=\"twitter:creator\" content=\"@nbasturias\" \/>\n\t\t<meta name=\"twitter:image\" content=\"https:\/\/candas365.es\/noticias\/wp-content\/uploads\/2018\/07\/photovoltaic-2138992_960_720.jpg\" \/>\n\t\t<meta name=\"twitter:label1\" content=\"Escrito por\" \/>\n\t\t<meta name=\"twitter:data1\" content=\"Cand\u00e1s 365\" \/>\n\t\t<meta name=\"twitter:label2\" content=\"Tiempo de lectura estimado\" \/>\n\t\t<meta name=\"twitter:data2\" content=\"2 minutos\" \/>\n\t\t<script type=\"application\/ld+json\" class=\"aioseo-schema\">\n\t\t\t{\"@context\":\"https:\\\/\\\/schema.org\",\"@graph\":[{\"@type\":\"BreadcrumbList\",\"@id\":\"https:\\\/\\\/candas365.es\\\/noticias\\\/pola-en-asturias-el-binomio-industria-energia-alcanza-una-dimension-paradigmatica\\\/#breadcrumblist\",\"itemListElement\":[{\"@type\":\"ListItem\",\"@id\":\"https:\\\/\\\/candas365.es\\\/noticias#listItem\",\"position\":1,\"name\":\"Home\",\"item\":\"https:\\\/\\\/candas365.es\\\/noticias\",\"nextItem\":{\"@type\":\"ListItem\",\"@id\":\"https:\\\/\\\/candas365.es\\\/noticias\\\/category\\\/asturias\\\/#listItem\",\"name\":\"Asturias\"}},{\"@type\":\"ListItem\",\"@id\":\"https:\\\/\\\/candas365.es\\\/noticias\\\/category\\\/asturias\\\/#listItem\",\"position\":2,\"name\":\"Asturias\",\"item\":\"https:\\\/\\\/candas365.es\\\/noticias\\\/category\\\/asturias\\\/\",\"nextItem\":{\"@type\":\"ListItem\",\"@id\":\"https:\\\/\\\/candas365.es\\\/noticias\\\/pola-en-asturias-el-binomio-industria-energia-alcanza-una-dimension-paradigmatica\\\/#listItem\",\"name\":\"Pola: \\u201cEn Asturias el binomio industria-energ\\u00eda alcanza una dimensi\\u00f3n paradigm\\u00e1tica\\u201d\"},\"previousItem\":{\"@type\":\"ListItem\",\"@id\":\"https:\\\/\\\/candas365.es\\\/noticias#listItem\",\"name\":\"Home\"}},{\"@type\":\"ListItem\",\"@id\":\"https:\\\/\\\/candas365.es\\\/noticias\\\/pola-en-asturias-el-binomio-industria-energia-alcanza-una-dimension-paradigmatica\\\/#listItem\",\"position\":3,\"name\":\"Pola: \\u201cEn Asturias el binomio industria-energ\\u00eda alcanza una dimensi\\u00f3n paradigm\\u00e1tica\\u201d\",\"previousItem\":{\"@type\":\"ListItem\",\"@id\":\"https:\\\/\\\/candas365.es\\\/noticias\\\/category\\\/asturias\\\/#listItem\",\"name\":\"Asturias\"}}]},{\"@type\":\"NewsArticle\",\"@id\":\"https:\\\/\\\/candas365.es\\\/noticias\\\/pola-en-asturias-el-binomio-industria-energia-alcanza-una-dimension-paradigmatica\\\/#newsarticle\",\"name\":\"Pola: \\u201cEn Asturias el binomio industria-energ\\u00eda alcanza una dimensi\\u00f3n paradigm\\u00e1tica\\u201d | Cand\\u00e1s 365\",\"headline\":\"Pola: \\u201cEn Asturias el binomio industria-energ\\u00eda alcanza una dimensi\\u00f3n paradigm\\u00e1tica\\u201d\",\"author\":{\"@id\":\"https:\\\/\\\/candas365.es\\\/noticias\\\/author\\\/admin\\\/#author\"},\"publisher\":{\"@id\":\"https:\\\/\\\/candas365.es\\\/noticias\\\/#organization\"},\"image\":{\"@type\":\"ImageObject\",\"url\":\"https:\\\/\\\/candas365.es\\\/noticias\\\/wp-content\\\/uploads\\\/2018\\\/07\\\/photovoltaic-2138992_960_720.jpg\",\"width\":960,\"height\":631},\"datePublished\":\"2018-07-26T18:11:27+02:00\",\"dateModified\":\"2018-07-26T18:11:27+02:00\",\"inLanguage\":\"es-ES\",\"mainEntityOfPage\":{\"@id\":\"https:\\\/\\\/candas365.es\\\/noticias\\\/pola-en-asturias-el-binomio-industria-energia-alcanza-una-dimension-paradigmatica\\\/#webpage\"},\"isPartOf\":{\"@id\":\"https:\\\/\\\/candas365.es\\\/noticias\\\/pola-en-asturias-el-binomio-industria-energia-alcanza-una-dimension-paradigmatica\\\/#webpage\"},\"articleSection\":\"Asturias\",\"dateline\":\"Publicado el julio 26, 2018.\"},{\"@type\":\"Organization\",\"@id\":\"https:\\\/\\\/candas365.es\\\/noticias\\\/#organization\",\"name\":\"Cand\\u00e1s 365\",\"description\":\"Cand\\u00e1s 365 es un diario digital independiente, fundado en 2012, con base en Asturias. Informamos con rigor sobre actualidad, sociedad, cultura y ocio, con una mirada local y global.\",\"url\":\"https:\\\/\\\/candas365.es\\\/noticias\\\/\",\"email\":\"info@candas365.es\",\"telephone\":\"+34652131393\",\"foundingDate\":\"2012-06-10\",\"logo\":{\"@type\":\"ImageObject\",\"url\":\"https:\\\/\\\/candas365.es\\\/noticias\\\/wp-content\\\/uploads\\\/2024\\\/09\\\/Candas-365-Redes.jpg\",\"@id\":\"https:\\\/\\\/candas365.es\\\/noticias\\\/pola-en-asturias-el-binomio-industria-energia-alcanza-una-dimension-paradigmatica\\\/#organizationLogo\",\"width\":1152,\"height\":864,\"caption\":\"Cand\\u00e1s 365 Redes\"},\"image\":{\"@id\":\"https:\\\/\\\/candas365.es\\\/noticias\\\/pola-en-asturias-el-binomio-industria-energia-alcanza-una-dimension-paradigmatica\\\/#organizationLogo\"},\"sameAs\":[\"https:\\\/\\\/www.facebook.com\\\/Nachofdezber\",\"https:\\\/\\\/x.com\\\/NabercoDigital\",\"https:\\\/\\\/www.instagram.com\\\/nachofdezber\\\/\",\"https:\\\/\\\/www.youtube.com\\\/channel\\\/UCZP-2wLEB9Rv6erhFmqVnvg\"],\"address\":{\"@id\":\"https:\\\/\\\/candas365.es\\\/noticias\\\/#postaladdress\",\"@type\":\"PostalAddress\",\"streetAddress\":\"san antonio 4, san antonio 4\",\"postalCode\":\"33430\",\"addressLocality\":\"Cand\\u00e1s\",\"addressRegion\":\"Asturias\",\"addressCountry\":\"ES\"}},{\"@type\":\"Person\",\"@id\":\"https:\\\/\\\/candas365.es\\\/noticias\\\/author\\\/admin\\\/#author\",\"url\":\"https:\\\/\\\/candas365.es\\\/noticias\\\/author\\\/admin\\\/\",\"name\":\"Cand\\u00e1s 365\",\"image\":{\"@type\":\"ImageObject\",\"@id\":\"https:\\\/\\\/candas365.es\\\/noticias\\\/pola-en-asturias-el-binomio-industria-energia-alcanza-una-dimension-paradigmatica\\\/#authorImage\",\"url\":\"https:\\\/\\\/secure.gravatar.com\\\/avatar\\\/496a8e03d0c493ede1718b7934145dbdf8d89be1036b0eec9544e1094c9de390?s=96&d=mm&r=g\",\"width\":96,\"height\":96,\"caption\":\"Cand\\u00e1s 365\"},\"sameAs\":[\"https:\\\/\\\/www.facebook.com\\\/carrenoactualidad\",\"https:\\\/\\\/twitter.com\\\/nbasturias\",\"https:\\\/\\\/www.instagram.com\\\/nachofdezber\\\/\",\"https:\\\/\\\/www.youtube.com\\\/channel\\\/UCZP-2wLEB9Rv6erhFmqVnvg\"]},{\"@type\":\"WebPage\",\"@id\":\"https:\\\/\\\/candas365.es\\\/noticias\\\/pola-en-asturias-el-binomio-industria-energia-alcanza-una-dimension-paradigmatica\\\/#webpage\",\"url\":\"https:\\\/\\\/candas365.es\\\/noticias\\\/pola-en-asturias-el-binomio-industria-energia-alcanza-una-dimension-paradigmatica\\\/\",\"name\":\"Pola: \\u201cEn Asturias el binomio industria-energ\\u00eda alcanza una dimensi\\u00f3n paradigm\\u00e1tica\\u201d | Cand\\u00e1s 365\",\"description\":\"El consejero de Empleo, Industria y Turismo, Isaac Pola, ha informado este jueves en rueda de presa los aspectos relevantes sobre su participaci\\u00f3n en la conferencia denominada: \\u201cII International Research Conferenceon Sustainable Energy, Engineering, Materials andEnvironment\\u201d propuesta por la empresa SEEME, para tratar temas relacionados con el desarrollo de energ\\u00eda renovable en Asturias. Pola asegur\\u00f3\",\"inLanguage\":\"es-ES\",\"isPartOf\":{\"@id\":\"https:\\\/\\\/candas365.es\\\/noticias\\\/#website\"},\"breadcrumb\":{\"@id\":\"https:\\\/\\\/candas365.es\\\/noticias\\\/pola-en-asturias-el-binomio-industria-energia-alcanza-una-dimension-paradigmatica\\\/#breadcrumblist\"},\"author\":{\"@id\":\"https:\\\/\\\/candas365.es\\\/noticias\\\/author\\\/admin\\\/#author\"},\"creator\":{\"@id\":\"https:\\\/\\\/candas365.es\\\/noticias\\\/author\\\/admin\\\/#author\"},\"image\":{\"@type\":\"ImageObject\",\"url\":\"https:\\\/\\\/candas365.es\\\/noticias\\\/wp-content\\\/uploads\\\/2018\\\/07\\\/photovoltaic-2138992_960_720.jpg\",\"@id\":\"https:\\\/\\\/candas365.es\\\/noticias\\\/pola-en-asturias-el-binomio-industria-energia-alcanza-una-dimension-paradigmatica\\\/#mainImage\",\"width\":960,\"height\":631},\"primaryImageOfPage\":{\"@id\":\"https:\\\/\\\/candas365.es\\\/noticias\\\/pola-en-asturias-el-binomio-industria-energia-alcanza-una-dimension-paradigmatica\\\/#mainImage\"},\"datePublished\":\"2018-07-26T18:11:27+02:00\",\"dateModified\":\"2018-07-26T18:11:27+02:00\"},{\"@type\":\"WebSite\",\"@id\":\"https:\\\/\\\/candas365.es\\\/noticias\\\/#website\",\"url\":\"https:\\\/\\\/candas365.es\\\/noticias\\\/\",\"name\":\"Cand\\u00e1s 365\",\"alternateName\":\"Cand\\u00e1s 365 Noticias\",\"description\":\"Actualidad desde Carre\\u00f1o para el mundo\",\"inLanguage\":\"es-ES\",\"publisher\":{\"@id\":\"https:\\\/\\\/candas365.es\\\/noticias\\\/#organization\"}}]}\n\t\t<\/script>\n\t\t<!-- All in One SEO Pro -->\r\n\t\t<title>Pola: \u201cEn Asturias el binomio industria-energ\u00eda alcanza una dimensi\u00f3n paradigm\u00e1tica\u201d | Cand\u00e1s 365<\/title>\n\n","aioseo_head_json":{"title":"Pola: \u201cEn Asturias el binomio industria-energ\u00eda alcanza una dimensi\u00f3n paradigm\u00e1tica\u201d | Cand\u00e1s 365","description":"El consejero de Empleo, Industria y Turismo, Isaac Pola, ha informado este jueves en rueda de presa los aspectos relevantes sobre su participaci\u00f3n en la conferencia denominada: \u201cII International Research Conferenceon Sustainable Energy, Engineering, Materials andEnvironment\u201d propuesta por la empresa SEEME, para tratar temas relacionados con el desarrollo de energ\u00eda renovable en Asturias. Pola asegur\u00f3","canonical_url":"https:\/\/candas365.es\/noticias\/pola-en-asturias-el-binomio-industria-energia-alcanza-una-dimension-paradigmatica\/","robots":"max-image-preview:large","keywords":"asturias","webmasterTools":{"google-site-verification":"UA-32230408-1","msvalidate.01":"354F3CDFB2DA171B47FBE9ABF1F88D5","miscellaneous":""},"schema":{"@context":"https:\/\/schema.org","@graph":[{"@type":"BreadcrumbList","@id":"https:\/\/candas365.es\/noticias\/pola-en-asturias-el-binomio-industria-energia-alcanza-una-dimension-paradigmatica\/#breadcrumblist","itemListElement":[{"@type":"ListItem","@id":"https:\/\/candas365.es\/noticias#listItem","position":1,"name":"Home","item":"https:\/\/candas365.es\/noticias","nextItem":{"@type":"ListItem","@id":"https:\/\/candas365.es\/noticias\/category\/asturias\/#listItem","name":"Asturias"}},{"@type":"ListItem","@id":"https:\/\/candas365.es\/noticias\/category\/asturias\/#listItem","position":2,"name":"Asturias","item":"https:\/\/candas365.es\/noticias\/category\/asturias\/","nextItem":{"@type":"ListItem","@id":"https:\/\/candas365.es\/noticias\/pola-en-asturias-el-binomio-industria-energia-alcanza-una-dimension-paradigmatica\/#listItem","name":"Pola: \u201cEn Asturias el binomio industria-energ\u00eda alcanza una dimensi\u00f3n paradigm\u00e1tica\u201d"},"previousItem":{"@type":"ListItem","@id":"https:\/\/candas365.es\/noticias#listItem","name":"Home"}},{"@type":"ListItem","@id":"https:\/\/candas365.es\/noticias\/pola-en-asturias-el-binomio-industria-energia-alcanza-una-dimension-paradigmatica\/#listItem","position":3,"name":"Pola: \u201cEn Asturias el binomio industria-energ\u00eda alcanza una dimensi\u00f3n paradigm\u00e1tica\u201d","previousItem":{"@type":"ListItem","@id":"https:\/\/candas365.es\/noticias\/category\/asturias\/#listItem","name":"Asturias"}}]},{"@type":"NewsArticle","@id":"https:\/\/candas365.es\/noticias\/pola-en-asturias-el-binomio-industria-energia-alcanza-una-dimension-paradigmatica\/#newsarticle","name":"Pola: \u201cEn Asturias el binomio industria-energ\u00eda alcanza una dimensi\u00f3n paradigm\u00e1tica\u201d | Cand\u00e1s 365","headline":"Pola: \u201cEn Asturias el binomio industria-energ\u00eda alcanza una dimensi\u00f3n paradigm\u00e1tica\u201d","author":{"@id":"https:\/\/candas365.es\/noticias\/author\/admin\/#author"},"publisher":{"@id":"https:\/\/candas365.es\/noticias\/#organization"},"image":{"@type":"ImageObject","url":"https:\/\/candas365.es\/noticias\/wp-content\/uploads\/2018\/07\/photovoltaic-2138992_960_720.jpg","width":960,"height":631},"datePublished":"2018-07-26T18:11:27+02:00","dateModified":"2018-07-26T18:11:27+02:00","inLanguage":"es-ES","mainEntityOfPage":{"@id":"https:\/\/candas365.es\/noticias\/pola-en-asturias-el-binomio-industria-energia-alcanza-una-dimension-paradigmatica\/#webpage"},"isPartOf":{"@id":"https:\/\/candas365.es\/noticias\/pola-en-asturias-el-binomio-industria-energia-alcanza-una-dimension-paradigmatica\/#webpage"},"articleSection":"Asturias","dateline":"Publicado el julio 26, 2018."},{"@type":"Organization","@id":"https:\/\/candas365.es\/noticias\/#organization","name":"Cand\u00e1s 365","description":"Cand\u00e1s 365 es un diario digital independiente, fundado en 2012, con base en Asturias. Informamos con rigor sobre actualidad, sociedad, cultura y ocio, con una mirada local y global.","url":"https:\/\/candas365.es\/noticias\/","email":"info@candas365.es","telephone":"+34652131393","foundingDate":"2012-06-10","logo":{"@type":"ImageObject","url":"https:\/\/candas365.es\/noticias\/wp-content\/uploads\/2024\/09\/Candas-365-Redes.jpg","@id":"https:\/\/candas365.es\/noticias\/pola-en-asturias-el-binomio-industria-energia-alcanza-una-dimension-paradigmatica\/#organizationLogo","width":1152,"height":864,"caption":"Cand\u00e1s 365 Redes"},"image":{"@id":"https:\/\/candas365.es\/noticias\/pola-en-asturias-el-binomio-industria-energia-alcanza-una-dimension-paradigmatica\/#organizationLogo"},"sameAs":["https:\/\/www.facebook.com\/Nachofdezber","https:\/\/x.com\/NabercoDigital","https:\/\/www.instagram.com\/nachofdezber\/","https:\/\/www.youtube.com\/channel\/UCZP-2wLEB9Rv6erhFmqVnvg"],"address":{"@id":"https:\/\/candas365.es\/noticias\/#postaladdress","@type":"PostalAddress","streetAddress":"san antonio 4, san antonio 4","postalCode":"33430","addressLocality":"Cand\u00e1s","addressRegion":"Asturias","addressCountry":"ES"}},{"@type":"Person","@id":"https:\/\/candas365.es\/noticias\/author\/admin\/#author","url":"https:\/\/candas365.es\/noticias\/author\/admin\/","name":"Cand\u00e1s 365","image":{"@type":"ImageObject","@id":"https:\/\/candas365.es\/noticias\/pola-en-asturias-el-binomio-industria-energia-alcanza-una-dimension-paradigmatica\/#authorImage","url":"https:\/\/secure.gravatar.com\/avatar\/496a8e03d0c493ede1718b7934145dbdf8d89be1036b0eec9544e1094c9de390?s=96&d=mm&r=g","width":96,"height":96,"caption":"Cand\u00e1s 365"},"sameAs":["https:\/\/www.facebook.com\/carrenoactualidad","https:\/\/twitter.com\/nbasturias","https:\/\/www.instagram.com\/nachofdezber\/","https:\/\/www.youtube.com\/channel\/UCZP-2wLEB9Rv6erhFmqVnvg"]},{"@type":"WebPage","@id":"https:\/\/candas365.es\/noticias\/pola-en-asturias-el-binomio-industria-energia-alcanza-una-dimension-paradigmatica\/#webpage","url":"https:\/\/candas365.es\/noticias\/pola-en-asturias-el-binomio-industria-energia-alcanza-una-dimension-paradigmatica\/","name":"Pola: \u201cEn Asturias el binomio industria-energ\u00eda alcanza una dimensi\u00f3n paradigm\u00e1tica\u201d | Cand\u00e1s 365","description":"El consejero de Empleo, Industria y Turismo, Isaac Pola, ha informado este jueves en rueda de presa los aspectos relevantes sobre su participaci\u00f3n en la conferencia denominada: \u201cII International Research Conferenceon Sustainable Energy, Engineering, Materials andEnvironment\u201d propuesta por la empresa SEEME, para tratar temas relacionados con el desarrollo de energ\u00eda renovable en Asturias. Pola asegur\u00f3","inLanguage":"es-ES","isPartOf":{"@id":"https:\/\/candas365.es\/noticias\/#website"},"breadcrumb":{"@id":"https:\/\/candas365.es\/noticias\/pola-en-asturias-el-binomio-industria-energia-alcanza-una-dimension-paradigmatica\/#breadcrumblist"},"author":{"@id":"https:\/\/candas365.es\/noticias\/author\/admin\/#author"},"creator":{"@id":"https:\/\/candas365.es\/noticias\/author\/admin\/#author"},"image":{"@type":"ImageObject","url":"https:\/\/candas365.es\/noticias\/wp-content\/uploads\/2018\/07\/photovoltaic-2138992_960_720.jpg","@id":"https:\/\/candas365.es\/noticias\/pola-en-asturias-el-binomio-industria-energia-alcanza-una-dimension-paradigmatica\/#mainImage","width":960,"height":631},"primaryImageOfPage":{"@id":"https:\/\/candas365.es\/noticias\/pola-en-asturias-el-binomio-industria-energia-alcanza-una-dimension-paradigmatica\/#mainImage"},"datePublished":"2018-07-26T18:11:27+02:00","dateModified":"2018-07-26T18:11:27+02:00"},{"@type":"WebSite","@id":"https:\/\/candas365.es\/noticias\/#website","url":"https:\/\/candas365.es\/noticias\/","name":"Cand\u00e1s 365","alternateName":"Cand\u00e1s 365 Noticias","description":"Actualidad desde Carre\u00f1o para el mundo","inLanguage":"es-ES","publisher":{"@id":"https:\/\/candas365.es\/noticias\/#organization"}}]},"og:locale":"es_ES","og:site_name":"Cand\u00e1s 365","og:type":"article","og:title":"Pola: \u201cEn Asturias el binomio industria-energ\u00eda alcanza una dimensi\u00f3n paradigm\u00e1tica\u201d | Cand\u00e1s 365","og:description":"El consejero de Empleo, Industria y Turismo, Isaac Pola, ha informado este jueves en rueda de presa los aspectos relevantes sobre su participaci\u00f3n en la conferencia denominada: \u201cII International Research Conferenceon Sustainable Energy, Engineering, Materials andEnvironment\u201d propuesta por la empresa SEEME, para tratar temas relacionados con el desarrollo de energ\u00eda renovable en Asturias. Pola asegur\u00f3","og:url":"https:\/\/candas365.es\/noticias\/pola-en-asturias-el-binomio-industria-energia-alcanza-una-dimension-paradigmatica\/","og:image":"https:\/\/candas365.es\/noticias\/wp-content\/uploads\/2018\/07\/photovoltaic-2138992_960_720.jpg","og:image:secure_url":"https:\/\/candas365.es\/noticias\/wp-content\/uploads\/2018\/07\/photovoltaic-2138992_960_720.jpg","og:image:width":960,"og:image:height":631,"article:published_time":"2018-07-26T18:11:27+00:00","article:modified_time":"2018-07-26T18:11:27+00:00","article:publisher":"https:\/\/www.facebook.com\/Nachofdezber","article:author":"https:\/\/www.facebook.com\/carrenoactualidad","twitter:card":"summary_large_image","twitter:site":"@NabercoDigital","twitter:title":"Pola: \u201cEn Asturias el binomio industria-energ\u00eda alcanza una dimensi\u00f3n paradigm\u00e1tica\u201d | Cand\u00e1s 365","twitter:description":"El consejero de Empleo, Industria y Turismo, Isaac Pola, ha informado este jueves en rueda de presa los aspectos relevantes sobre su participaci\u00f3n en la conferencia denominada: \u201cII International Research Conferenceon Sustainable Energy, Engineering, Materials andEnvironment\u201d propuesta por la empresa SEEME, para tratar temas relacionados con el desarrollo de energ\u00eda renovable en Asturias. Pola asegur\u00f3","twitter:creator":"@nbasturias","twitter:image":"https:\/\/candas365.es\/noticias\/wp-content\/uploads\/2018\/07\/photovoltaic-2138992_960_720.jpg","twitter:label1":"Escrito por","twitter:data1":"Cand\u00e1s 365","twitter:label2":"Tiempo de lectura estimado","twitter:data2":"2 minutos"},"aioseo_meta_data":{"post_id":"101237","title":null,"description":null,"keywords":null,"keyphrases":null,"primary_term":null,"canonical_url":null,"og_title":null,"og_description":null,"og_object_type":"default","og_image_type":"default","og_image_url":null,"og_image_width":null,"og_image_height":null,"og_image_custom_url":null,"og_image_custom_fields":null,"og_video":null,"og_custom_url":null,"og_article_section":null,"og_article_tags":null,"twitter_use_og":false,"twitter_card":"default","twitter_image_type":"default","twitter_image_url":null,"twitter_image_custom_url":null,"twitter_image_custom_fields":null,"twitter_title":null,"twitter_description":null,"schema":{"blockGraphs":[],"customGraphs":[],"default":{"data":{"Article":[],"Course":[],"Dataset":[],"FAQPage":[],"Movie":[],"Person":[],"Product":[],"ProductReview":[],"Car":[],"Recipe":[],"Service":[],"SoftwareApplication":[],"WebPage":[]},"graphName":"","isEnabled":true},"graphs":[]},"schema_type":null,"schema_type_options":null,"pillar_content":false,"robots_default":true,"robots_noindex":false,"robots_noarchive":false,"robots_nosnippet":false,"robots_nofollow":false,"robots_noimageindex":false,"robots_noodp":false,"robots_notranslate":false,"robots_max_snippet":null,"robots_max_videopreview":null,"robots_max_imagepreview":"large","priority":null,"frequency":null,"location":null,"local_seo":null,"seo_analyzer_scan_date":"2025-08-27 10:58:11","breadcrumb_settings":null,"limit_modified_date":false,"reviewed_by":null,"open_ai":null,"ai":null,"created":"2020-12-21 11:48:07","updated":"2025-08-27 10:58:11"},"aioseo_breadcrumb":"<div class=\"aioseo-breadcrumbs\"><span class=\"aioseo-breadcrumb\">\n\t<a href=\"https:\/\/candas365.es\/noticias\" title=\"Home\">Home<\/a>\n<\/span><span class=\"aioseo-breadcrumb-separator\">&ndash;<\/span><span class=\"aioseo-breadcrumb\">\n\t<a href=\"https:\/\/candas365.es\/noticias\/category\/asturias\/\" title=\"Asturias\">Asturias<\/a>\n<\/span><span class=\"aioseo-breadcrumb-separator\">&ndash;<\/span><span class=\"aioseo-breadcrumb\">\n\tPola: \u201cEn Asturias el binomio industria-energ\u00eda alcanza una dimensi\u00f3n paradigm\u00e1tica\u201d\n<\/span><\/div>","aioseo_breadcrumb_json":[{"label":"Home","link":"https:\/\/candas365.es\/noticias"},{"label":"Asturias","link":"https:\/\/candas365.es\/noticias\/category\/asturias\/"},{"label":"Pola: \u201cEn Asturias el binomio industria-energ\u00eda alcanza una dimensi\u00f3n paradigm\u00e1tica\u201d","link":"https:\/\/candas365.es\/noticias\/pola-en-asturias-el-binomio-industria-energia-alcanza-una-dimension-paradigmatica\/"}],"_links":{"self":[{"href":"https:\/\/candas365.es\/noticias\/wp-json\/wp\/v2\/posts\/101237","targetHints":{"allow":["GET"]}}],"collection":[{"href":"https:\/\/candas365.es\/noticias\/wp-json\/wp\/v2\/posts"}],"about":[{"href":"https:\/\/candas365.es\/noticias\/wp-json\/wp\/v2\/types\/post"}],"author":[{"embeddable":true,"href":"https:\/\/candas365.es\/noticias\/wp-json\/wp\/v2\/users\/1"}],"replies":[{"embeddable":true,"href":"https:\/\/candas365.es\/noticias\/wp-json\/wp\/v2\/comments?post=101237"}],"version-history":[{"count":0,"href":"https:\/\/candas365.es\/noticias\/wp-json\/wp\/v2\/posts\/101237\/revisions"}],"wp:featuredmedia":[{"embeddable":true,"href":"https:\/\/candas365.es\/noticias\/wp-json\/wp\/v2\/media\/101238"}],"wp:attachment":[{"href":"https:\/\/candas365.es\/noticias\/wp-json\/wp\/v2\/media?parent=101237"}],"wp:term":[{"taxonomy":"category","embeddable":true,"href":"https:\/\/candas365.es\/noticias\/wp-json\/wp\/v2\/categories?post=101237"},{"taxonomy":"post_tag","embeddable":true,"href":"https:\/\/candas365.es\/noticias\/wp-json\/wp\/v2\/tags?post=101237"}],"curies":[{"name":"wp","href":"https:\/\/api.w.org\/{rel}","templated":true}]}}