{"id":101222,"date":"2018-07-26T17:31:08","date_gmt":"2018-07-26T17:31:08","guid":{"rendered":"http:\/\/candas365.es\/noticias\/?p=101222"},"modified":"2018-07-26T17:31:08","modified_gmt":"2018-07-26T17:31:08","slug":"llamazares-se-trata-de-una-ley-continuista-y-vacia-de-contenido","status":"publish","type":"post","link":"https:\/\/candas365.es\/noticias\/llamazares-se-trata-de-una-ley-continuista-y-vacia-de-contenido\/","title":{"rendered":"Llamazares: \u201cSe trata de una ley continuista y vac\u00eda de contenido\u201d"},"content":{"rendered":"<p><img fetchpriority=\"high\" decoding=\"async\" class=\"alignleft size-medium wp-image-101223\" src=\"https:\/\/candas365.es\/noticias\/wp-content\/uploads\/2018\/07\/Gaspar-IU-Asturias-360x241.jpg\" alt=\"\" width=\"360\" height=\"241\" srcset=\"https:\/\/candas365.es\/noticias\/wp-content\/uploads\/2018\/07\/Gaspar-IU-Asturias-360x241.jpg 360w, https:\/\/candas365.es\/noticias\/wp-content\/uploads\/2018\/07\/Gaspar-IU-Asturias-768x514.jpg 768w, https:\/\/candas365.es\/noticias\/wp-content\/uploads\/2018\/07\/Gaspar-IU-Asturias-655x438.jpg 655w, https:\/\/candas365.es\/noticias\/wp-content\/uploads\/2018\/07\/Gaspar-IU-Asturias-696x465.jpg 696w, https:\/\/candas365.es\/noticias\/wp-content\/uploads\/2018\/07\/Gaspar-IU-Asturias-1068x714.jpg 1068w, https:\/\/candas365.es\/noticias\/wp-content\/uploads\/2018\/07\/Gaspar-IU-Asturias-628x420.jpg 628w, https:\/\/candas365.es\/noticias\/wp-content\/uploads\/2018\/07\/Gaspar-IU-Asturias.jpg 1280w\" sizes=\"(max-width: 360px) 100vw, 360px\" \/>El diputado de Izquierda Unida (IU) Gaspar Llamazares realiz\u00f3 este jueves en rueda de prensa una valoraci\u00f3n del proyecto de ley de salud, calific\u00e1ndola como una ley vac\u00eda de contenido y vac\u00eda de proyecto sanitario que no merece el voto del grupo parlamentario de IU.<\/p>\n<p>Llamazares asegur\u00f3 que se trata de un proyecto continuista que no aporta nada nuevo al sistema de salud.<\/p>\n<p>\u201cEl proyecto del Gobierno en materia de salud se trata de una ley continuista, que no cambia absolutamente nada, como si todo funcionase a la perfecci\u00f3n. Se trata de una ley que no ha sido realmente negociada y por lo tanto es una ley de gabinete, es una ley vac\u00eda de contenido\u201d, puntualiz\u00f3 el diputado.<\/p>\n<p>Asimismo destac\u00f3 que el grupo parlamentario de Izquierda Unida no votar\u00e1 a favor de esta ley mientras no se realicen cambios significativos en ella.<\/p>\n<p>\u201cEsta ley est\u00e1 repleta de art\u00edculos y de ret\u00f3rica pero est\u00e1 totalmente vac\u00eda de proyectos sanitarios, en definitiva. Esa es la raz\u00f3n por la que el grupo parlamentario de Izquierda Unida considera que esa ley no merece nuestro voto hoy por hoy. En ese sentido, el Gobierno mucho tendr\u00e1 que cambiar la ley para que cuente con nuestro voto\u201d, precis\u00f3 Llamazares.<\/p>\n<p>Finalmente indic\u00f3 que este proyecto de salud tiene una direcci\u00f3n totalmente err\u00e1tica y confusa que no promueve ning\u00fan plan sanitario.<\/p>\n<p>\u201cUno puede plantearse una ley de salud para ordenar lo que en estos momentos est\u00e1 desordenado, pero esta ley no lo hace. Desordena incluso m\u00e1s que ordenar. Lo ideal ser\u00eda contar con una ley que promueva el cambio y que dirija el cambio sanitario, pero esta ley del Gobierno no tiene direcci\u00f3n y si hubiese una ser\u00eda totalmente err\u00e1tica y confusa\u201d, concluy\u00f3.<\/p>\n<p>Soraya Andreina P\u00e9rez<\/p>\n","protected":false},"excerpt":{"rendered":"<p>El diputado de Izquierda Unida (IU) Gaspar Llamazares realiz\u00f3 este jueves en rueda de prensa una valoraci\u00f3n del proyecto de ley de salud, calific\u00e1ndola como una ley vac\u00eda de contenido y vac\u00eda de proyecto sanitario que no merece el voto del grupo parlamentario de IU. Llamazares asegur\u00f3 que se trata de un proyecto continuista que<\/p>\n","protected":false},"author":1,"featured_media":101223,"comment_status":"closed","ping_status":"closed","sticky":false,"template":"","format":"standard","meta":{"footnotes":""},"categories":[7],"tags":[],"class_list":{"0":"post-101222","1":"post","2":"type-post","3":"status-publish","4":"format-standard","5":"has-post-thumbnail","7":"category-asturias"},"aioseo_notices":[],"aioseo_head":"\n\t\t<!-- All in One SEO Pro 4.9.6.2 - aioseo.com -->\n\t<meta name=\"description\" content=\"El diputado de Izquierda Unida (IU) Gaspar Llamazares realiz\u00f3 este jueves en rueda de prensa una valoraci\u00f3n del proyecto de ley de salud, calific\u00e1ndola como una ley vac\u00eda de contenido y vac\u00eda de proyecto sanitario que no merece el voto del grupo parlamentario de IU. Llamazares asegur\u00f3 que se trata de un proyecto continuista que\" \/>\n\t<meta name=\"robots\" content=\"max-image-preview:large\" \/>\n\t<meta name=\"author\" content=\"Cand\u00e1s 365\"\/>\n\t<meta name=\"google-site-verification\" content=\"UA-32230408-1\" \/>\n\t<meta name=\"msvalidate.01\" content=\"354F3CDFB2DA171B47FBE9ABF1F88D5\" \/>\n\t<meta name=\"keywords\" content=\"asturias\" \/>\n\t<link rel=\"canonical\" href=\"https:\/\/candas365.es\/noticias\/llamazares-se-trata-de-una-ley-continuista-y-vacia-de-contenido\/\" \/>\n\t<meta name=\"generator\" content=\"All in One SEO Pro (AIOSEO) 4.9.6.2\" \/>\n\t\t<meta property=\"og:locale\" content=\"es_ES\" \/>\n\t\t<meta property=\"og:site_name\" content=\"Cand\u00e1s 365\" \/>\n\t\t<meta property=\"og:type\" content=\"article\" \/>\n\t\t<meta property=\"og:title\" content=\"Llamazares: \u201cSe trata de una ley continuista y vac\u00eda de contenido\u201d | Cand\u00e1s 365\" \/>\n\t\t<meta property=\"og:description\" content=\"El diputado de Izquierda Unida (IU) Gaspar Llamazares realiz\u00f3 este jueves en rueda de prensa una valoraci\u00f3n del proyecto de ley de salud, calific\u00e1ndola como una ley vac\u00eda de contenido y vac\u00eda de proyecto sanitario que no merece el voto del grupo parlamentario de IU. Llamazares asegur\u00f3 que se trata de un proyecto continuista que\" \/>\n\t\t<meta property=\"og:url\" content=\"https:\/\/candas365.es\/noticias\/llamazares-se-trata-de-una-ley-continuista-y-vacia-de-contenido\/\" \/>\n\t\t<meta property=\"og:image\" content=\"https:\/\/candas365.es\/noticias\/wp-content\/uploads\/2018\/07\/Gaspar-IU-Asturias.jpg\" \/>\n\t\t<meta property=\"og:image:secure_url\" content=\"https:\/\/candas365.es\/noticias\/wp-content\/uploads\/2018\/07\/Gaspar-IU-Asturias.jpg\" \/>\n\t\t<meta property=\"og:image:width\" content=\"1280\" \/>\n\t\t<meta property=\"og:image:height\" content=\"856\" \/>\n\t\t<meta property=\"article:published_time\" content=\"2018-07-26T17:31:08+00:00\" \/>\n\t\t<meta property=\"article:modified_time\" content=\"2018-07-26T17:31:08+00:00\" \/>\n\t\t<meta property=\"article:publisher\" content=\"https:\/\/www.facebook.com\/Nachofdezber\" \/>\n\t\t<meta property=\"article:author\" content=\"https:\/\/www.facebook.com\/carrenoactualidad\" \/>\n\t\t<meta name=\"twitter:card\" content=\"summary_large_image\" \/>\n\t\t<meta name=\"twitter:site\" content=\"@NabercoDigital\" \/>\n\t\t<meta name=\"twitter:title\" content=\"Llamazares: \u201cSe trata de una ley continuista y vac\u00eda de contenido\u201d | Cand\u00e1s 365\" \/>\n\t\t<meta name=\"twitter:description\" content=\"El diputado de Izquierda Unida (IU) Gaspar Llamazares realiz\u00f3 este jueves en rueda de prensa una valoraci\u00f3n del proyecto de ley de salud, calific\u00e1ndola como una ley vac\u00eda de contenido y vac\u00eda de proyecto sanitario que no merece el voto del grupo parlamentario de IU. Llamazares asegur\u00f3 que se trata de un proyecto continuista que\" \/>\n\t\t<meta name=\"twitter:creator\" content=\"@nbasturias\" \/>\n\t\t<meta name=\"twitter:image\" content=\"https:\/\/candas365.es\/noticias\/wp-content\/uploads\/2018\/07\/Gaspar-IU-Asturias.jpg\" \/>\n\t\t<meta name=\"twitter:label1\" content=\"Escrito por\" \/>\n\t\t<meta name=\"twitter:data1\" content=\"Cand\u00e1s 365\" \/>\n\t\t<meta name=\"twitter:label2\" content=\"Tiempo de lectura estimado\" \/>\n\t\t<meta name=\"twitter:data2\" content=\"2 minutos\" \/>\n\t\t<script type=\"application\/ld+json\" class=\"aioseo-schema\">\n\t\t\t{\"@context\":\"https:\\\/\\\/schema.org\",\"@graph\":[{\"@type\":\"BreadcrumbList\",\"@id\":\"https:\\\/\\\/candas365.es\\\/noticias\\\/llamazares-se-trata-de-una-ley-continuista-y-vacia-de-contenido\\\/#breadcrumblist\",\"itemListElement\":[{\"@type\":\"ListItem\",\"@id\":\"https:\\\/\\\/candas365.es\\\/noticias#listItem\",\"position\":1,\"name\":\"Home\",\"item\":\"https:\\\/\\\/candas365.es\\\/noticias\",\"nextItem\":{\"@type\":\"ListItem\",\"@id\":\"https:\\\/\\\/candas365.es\\\/noticias\\\/category\\\/asturias\\\/#listItem\",\"name\":\"Asturias\"}},{\"@type\":\"ListItem\",\"@id\":\"https:\\\/\\\/candas365.es\\\/noticias\\\/category\\\/asturias\\\/#listItem\",\"position\":2,\"name\":\"Asturias\",\"item\":\"https:\\\/\\\/candas365.es\\\/noticias\\\/category\\\/asturias\\\/\",\"nextItem\":{\"@type\":\"ListItem\",\"@id\":\"https:\\\/\\\/candas365.es\\\/noticias\\\/llamazares-se-trata-de-una-ley-continuista-y-vacia-de-contenido\\\/#listItem\",\"name\":\"Llamazares: \\u201cSe trata de una ley continuista y vac\\u00eda de contenido\\u201d\"},\"previousItem\":{\"@type\":\"ListItem\",\"@id\":\"https:\\\/\\\/candas365.es\\\/noticias#listItem\",\"name\":\"Home\"}},{\"@type\":\"ListItem\",\"@id\":\"https:\\\/\\\/candas365.es\\\/noticias\\\/llamazares-se-trata-de-una-ley-continuista-y-vacia-de-contenido\\\/#listItem\",\"position\":3,\"name\":\"Llamazares: \\u201cSe trata de una ley continuista y vac\\u00eda de contenido\\u201d\",\"previousItem\":{\"@type\":\"ListItem\",\"@id\":\"https:\\\/\\\/candas365.es\\\/noticias\\\/category\\\/asturias\\\/#listItem\",\"name\":\"Asturias\"}}]},{\"@type\":\"NewsArticle\",\"@id\":\"https:\\\/\\\/candas365.es\\\/noticias\\\/llamazares-se-trata-de-una-ley-continuista-y-vacia-de-contenido\\\/#newsarticle\",\"name\":\"Llamazares: \\u201cSe trata de una ley continuista y vac\\u00eda de contenido\\u201d | Cand\\u00e1s 365\",\"headline\":\"Llamazares: \\u201cSe trata de una ley continuista y vac\\u00eda de contenido\\u201d\",\"author\":{\"@id\":\"https:\\\/\\\/candas365.es\\\/noticias\\\/author\\\/admin\\\/#author\"},\"publisher\":{\"@id\":\"https:\\\/\\\/candas365.es\\\/noticias\\\/#organization\"},\"image\":{\"@type\":\"ImageObject\",\"url\":\"https:\\\/\\\/candas365.es\\\/noticias\\\/wp-content\\\/uploads\\\/2018\\\/07\\\/Gaspar-IU-Asturias.jpg\",\"width\":1280,\"height\":856},\"datePublished\":\"2018-07-26T17:31:08+02:00\",\"dateModified\":\"2018-07-26T17:31:08+02:00\",\"inLanguage\":\"es-ES\",\"mainEntityOfPage\":{\"@id\":\"https:\\\/\\\/candas365.es\\\/noticias\\\/llamazares-se-trata-de-una-ley-continuista-y-vacia-de-contenido\\\/#webpage\"},\"isPartOf\":{\"@id\":\"https:\\\/\\\/candas365.es\\\/noticias\\\/llamazares-se-trata-de-una-ley-continuista-y-vacia-de-contenido\\\/#webpage\"},\"articleSection\":\"Asturias\",\"dateline\":\"Publicado el julio 26, 2018.\"},{\"@type\":\"Organization\",\"@id\":\"https:\\\/\\\/candas365.es\\\/noticias\\\/#organization\",\"name\":\"Cand\\u00e1s 365\",\"description\":\"Cand\\u00e1s 365 es un diario digital independiente, fundado en 2012, con base en Asturias. Informamos con rigor sobre actualidad, sociedad, cultura y ocio, con una mirada local y global.\",\"url\":\"https:\\\/\\\/candas365.es\\\/noticias\\\/\",\"email\":\"info@candas365.es\",\"telephone\":\"+34652131393\",\"foundingDate\":\"2012-06-10\",\"logo\":{\"@type\":\"ImageObject\",\"url\":\"https:\\\/\\\/candas365.es\\\/noticias\\\/wp-content\\\/uploads\\\/2024\\\/09\\\/Candas-365-Redes.jpg\",\"@id\":\"https:\\\/\\\/candas365.es\\\/noticias\\\/llamazares-se-trata-de-una-ley-continuista-y-vacia-de-contenido\\\/#organizationLogo\",\"width\":1152,\"height\":864,\"caption\":\"Cand\\u00e1s 365 Redes\"},\"image\":{\"@id\":\"https:\\\/\\\/candas365.es\\\/noticias\\\/llamazares-se-trata-de-una-ley-continuista-y-vacia-de-contenido\\\/#organizationLogo\"},\"sameAs\":[\"https:\\\/\\\/www.facebook.com\\\/Nachofdezber\",\"https:\\\/\\\/x.com\\\/NabercoDigital\",\"https:\\\/\\\/www.instagram.com\\\/nachofdezber\\\/\",\"https:\\\/\\\/www.youtube.com\\\/channel\\\/UCZP-2wLEB9Rv6erhFmqVnvg\"],\"address\":{\"@id\":\"https:\\\/\\\/candas365.es\\\/noticias\\\/#postaladdress\",\"@type\":\"PostalAddress\",\"streetAddress\":\"san antonio 4, san antonio 4\",\"postalCode\":\"33430\",\"addressLocality\":\"Cand\\u00e1s\",\"addressRegion\":\"Asturias\",\"addressCountry\":\"ES\"}},{\"@type\":\"Person\",\"@id\":\"https:\\\/\\\/candas365.es\\\/noticias\\\/author\\\/admin\\\/#author\",\"url\":\"https:\\\/\\\/candas365.es\\\/noticias\\\/author\\\/admin\\\/\",\"name\":\"Cand\\u00e1s 365\",\"image\":{\"@type\":\"ImageObject\",\"@id\":\"https:\\\/\\\/candas365.es\\\/noticias\\\/llamazares-se-trata-de-una-ley-continuista-y-vacia-de-contenido\\\/#authorImage\",\"url\":\"https:\\\/\\\/secure.gravatar.com\\\/avatar\\\/496a8e03d0c493ede1718b7934145dbdf8d89be1036b0eec9544e1094c9de390?s=96&d=mm&r=g\",\"width\":96,\"height\":96,\"caption\":\"Cand\\u00e1s 365\"},\"sameAs\":[\"https:\\\/\\\/www.facebook.com\\\/carrenoactualidad\",\"https:\\\/\\\/twitter.com\\\/nbasturias\",\"https:\\\/\\\/www.instagram.com\\\/nachofdezber\\\/\",\"https:\\\/\\\/www.youtube.com\\\/channel\\\/UCZP-2wLEB9Rv6erhFmqVnvg\"]},{\"@type\":\"WebPage\",\"@id\":\"https:\\\/\\\/candas365.es\\\/noticias\\\/llamazares-se-trata-de-una-ley-continuista-y-vacia-de-contenido\\\/#webpage\",\"url\":\"https:\\\/\\\/candas365.es\\\/noticias\\\/llamazares-se-trata-de-una-ley-continuista-y-vacia-de-contenido\\\/\",\"name\":\"Llamazares: \\u201cSe trata de una ley continuista y vac\\u00eda de contenido\\u201d | Cand\\u00e1s 365\",\"description\":\"El diputado de Izquierda Unida (IU) Gaspar Llamazares realiz\\u00f3 este jueves en rueda de prensa una valoraci\\u00f3n del proyecto de ley de salud, calific\\u00e1ndola como una ley vac\\u00eda de contenido y vac\\u00eda de proyecto sanitario que no merece el voto del grupo parlamentario de IU. Llamazares asegur\\u00f3 que se trata de un proyecto continuista que\",\"inLanguage\":\"es-ES\",\"isPartOf\":{\"@id\":\"https:\\\/\\\/candas365.es\\\/noticias\\\/#website\"},\"breadcrumb\":{\"@id\":\"https:\\\/\\\/candas365.es\\\/noticias\\\/llamazares-se-trata-de-una-ley-continuista-y-vacia-de-contenido\\\/#breadcrumblist\"},\"author\":{\"@id\":\"https:\\\/\\\/candas365.es\\\/noticias\\\/author\\\/admin\\\/#author\"},\"creator\":{\"@id\":\"https:\\\/\\\/candas365.es\\\/noticias\\\/author\\\/admin\\\/#author\"},\"image\":{\"@type\":\"ImageObject\",\"url\":\"https:\\\/\\\/candas365.es\\\/noticias\\\/wp-content\\\/uploads\\\/2018\\\/07\\\/Gaspar-IU-Asturias.jpg\",\"@id\":\"https:\\\/\\\/candas365.es\\\/noticias\\\/llamazares-se-trata-de-una-ley-continuista-y-vacia-de-contenido\\\/#mainImage\",\"width\":1280,\"height\":856},\"primaryImageOfPage\":{\"@id\":\"https:\\\/\\\/candas365.es\\\/noticias\\\/llamazares-se-trata-de-una-ley-continuista-y-vacia-de-contenido\\\/#mainImage\"},\"datePublished\":\"2018-07-26T17:31:08+02:00\",\"dateModified\":\"2018-07-26T17:31:08+02:00\"},{\"@type\":\"WebSite\",\"@id\":\"https:\\\/\\\/candas365.es\\\/noticias\\\/#website\",\"url\":\"https:\\\/\\\/candas365.es\\\/noticias\\\/\",\"name\":\"Cand\\u00e1s 365\",\"alternateName\":\"Cand\\u00e1s 365 Noticias\",\"description\":\"Actualidad desde Carre\\u00f1o para el mundo\",\"inLanguage\":\"es-ES\",\"publisher\":{\"@id\":\"https:\\\/\\\/candas365.es\\\/noticias\\\/#organization\"}}]}\n\t\t<\/script>\n\t\t<!-- All in One SEO Pro -->\r\n\t\t<title>Llamazares: \u201cSe trata de una ley continuista y vac\u00eda de contenido\u201d | Cand\u00e1s 365<\/title>\n\n","aioseo_head_json":{"title":"Llamazares: \u201cSe trata de una ley continuista y vac\u00eda de contenido\u201d | Cand\u00e1s 365","description":"El diputado de Izquierda Unida (IU) Gaspar Llamazares realiz\u00f3 este jueves en rueda de prensa una valoraci\u00f3n del proyecto de ley de salud, calific\u00e1ndola como una ley vac\u00eda de contenido y vac\u00eda de proyecto sanitario que no merece el voto del grupo parlamentario de IU. Llamazares asegur\u00f3 que se trata de un proyecto continuista que","canonical_url":"https:\/\/candas365.es\/noticias\/llamazares-se-trata-de-una-ley-continuista-y-vacia-de-contenido\/","robots":"max-image-preview:large","keywords":"asturias","webmasterTools":{"google-site-verification":"UA-32230408-1","msvalidate.01":"354F3CDFB2DA171B47FBE9ABF1F88D5","miscellaneous":""},"schema":{"@context":"https:\/\/schema.org","@graph":[{"@type":"BreadcrumbList","@id":"https:\/\/candas365.es\/noticias\/llamazares-se-trata-de-una-ley-continuista-y-vacia-de-contenido\/#breadcrumblist","itemListElement":[{"@type":"ListItem","@id":"https:\/\/candas365.es\/noticias#listItem","position":1,"name":"Home","item":"https:\/\/candas365.es\/noticias","nextItem":{"@type":"ListItem","@id":"https:\/\/candas365.es\/noticias\/category\/asturias\/#listItem","name":"Asturias"}},{"@type":"ListItem","@id":"https:\/\/candas365.es\/noticias\/category\/asturias\/#listItem","position":2,"name":"Asturias","item":"https:\/\/candas365.es\/noticias\/category\/asturias\/","nextItem":{"@type":"ListItem","@id":"https:\/\/candas365.es\/noticias\/llamazares-se-trata-de-una-ley-continuista-y-vacia-de-contenido\/#listItem","name":"Llamazares: \u201cSe trata de una ley continuista y vac\u00eda de contenido\u201d"},"previousItem":{"@type":"ListItem","@id":"https:\/\/candas365.es\/noticias#listItem","name":"Home"}},{"@type":"ListItem","@id":"https:\/\/candas365.es\/noticias\/llamazares-se-trata-de-una-ley-continuista-y-vacia-de-contenido\/#listItem","position":3,"name":"Llamazares: \u201cSe trata de una ley continuista y vac\u00eda de contenido\u201d","previousItem":{"@type":"ListItem","@id":"https:\/\/candas365.es\/noticias\/category\/asturias\/#listItem","name":"Asturias"}}]},{"@type":"NewsArticle","@id":"https:\/\/candas365.es\/noticias\/llamazares-se-trata-de-una-ley-continuista-y-vacia-de-contenido\/#newsarticle","name":"Llamazares: \u201cSe trata de una ley continuista y vac\u00eda de contenido\u201d | Cand\u00e1s 365","headline":"Llamazares: \u201cSe trata de una ley continuista y vac\u00eda de contenido\u201d","author":{"@id":"https:\/\/candas365.es\/noticias\/author\/admin\/#author"},"publisher":{"@id":"https:\/\/candas365.es\/noticias\/#organization"},"image":{"@type":"ImageObject","url":"https:\/\/candas365.es\/noticias\/wp-content\/uploads\/2018\/07\/Gaspar-IU-Asturias.jpg","width":1280,"height":856},"datePublished":"2018-07-26T17:31:08+02:00","dateModified":"2018-07-26T17:31:08+02:00","inLanguage":"es-ES","mainEntityOfPage":{"@id":"https:\/\/candas365.es\/noticias\/llamazares-se-trata-de-una-ley-continuista-y-vacia-de-contenido\/#webpage"},"isPartOf":{"@id":"https:\/\/candas365.es\/noticias\/llamazares-se-trata-de-una-ley-continuista-y-vacia-de-contenido\/#webpage"},"articleSection":"Asturias","dateline":"Publicado el julio 26, 2018."},{"@type":"Organization","@id":"https:\/\/candas365.es\/noticias\/#organization","name":"Cand\u00e1s 365","description":"Cand\u00e1s 365 es un diario digital independiente, fundado en 2012, con base en Asturias. Informamos con rigor sobre actualidad, sociedad, cultura y ocio, con una mirada local y global.","url":"https:\/\/candas365.es\/noticias\/","email":"info@candas365.es","telephone":"+34652131393","foundingDate":"2012-06-10","logo":{"@type":"ImageObject","url":"https:\/\/candas365.es\/noticias\/wp-content\/uploads\/2024\/09\/Candas-365-Redes.jpg","@id":"https:\/\/candas365.es\/noticias\/llamazares-se-trata-de-una-ley-continuista-y-vacia-de-contenido\/#organizationLogo","width":1152,"height":864,"caption":"Cand\u00e1s 365 Redes"},"image":{"@id":"https:\/\/candas365.es\/noticias\/llamazares-se-trata-de-una-ley-continuista-y-vacia-de-contenido\/#organizationLogo"},"sameAs":["https:\/\/www.facebook.com\/Nachofdezber","https:\/\/x.com\/NabercoDigital","https:\/\/www.instagram.com\/nachofdezber\/","https:\/\/www.youtube.com\/channel\/UCZP-2wLEB9Rv6erhFmqVnvg"],"address":{"@id":"https:\/\/candas365.es\/noticias\/#postaladdress","@type":"PostalAddress","streetAddress":"san antonio 4, san antonio 4","postalCode":"33430","addressLocality":"Cand\u00e1s","addressRegion":"Asturias","addressCountry":"ES"}},{"@type":"Person","@id":"https:\/\/candas365.es\/noticias\/author\/admin\/#author","url":"https:\/\/candas365.es\/noticias\/author\/admin\/","name":"Cand\u00e1s 365","image":{"@type":"ImageObject","@id":"https:\/\/candas365.es\/noticias\/llamazares-se-trata-de-una-ley-continuista-y-vacia-de-contenido\/#authorImage","url":"https:\/\/secure.gravatar.com\/avatar\/496a8e03d0c493ede1718b7934145dbdf8d89be1036b0eec9544e1094c9de390?s=96&d=mm&r=g","width":96,"height":96,"caption":"Cand\u00e1s 365"},"sameAs":["https:\/\/www.facebook.com\/carrenoactualidad","https:\/\/twitter.com\/nbasturias","https:\/\/www.instagram.com\/nachofdezber\/","https:\/\/www.youtube.com\/channel\/UCZP-2wLEB9Rv6erhFmqVnvg"]},{"@type":"WebPage","@id":"https:\/\/candas365.es\/noticias\/llamazares-se-trata-de-una-ley-continuista-y-vacia-de-contenido\/#webpage","url":"https:\/\/candas365.es\/noticias\/llamazares-se-trata-de-una-ley-continuista-y-vacia-de-contenido\/","name":"Llamazares: \u201cSe trata de una ley continuista y vac\u00eda de contenido\u201d | Cand\u00e1s 365","description":"El diputado de Izquierda Unida (IU) Gaspar Llamazares realiz\u00f3 este jueves en rueda de prensa una valoraci\u00f3n del proyecto de ley de salud, calific\u00e1ndola como una ley vac\u00eda de contenido y vac\u00eda de proyecto sanitario que no merece el voto del grupo parlamentario de IU. Llamazares asegur\u00f3 que se trata de un proyecto continuista que","inLanguage":"es-ES","isPartOf":{"@id":"https:\/\/candas365.es\/noticias\/#website"},"breadcrumb":{"@id":"https:\/\/candas365.es\/noticias\/llamazares-se-trata-de-una-ley-continuista-y-vacia-de-contenido\/#breadcrumblist"},"author":{"@id":"https:\/\/candas365.es\/noticias\/author\/admin\/#author"},"creator":{"@id":"https:\/\/candas365.es\/noticias\/author\/admin\/#author"},"image":{"@type":"ImageObject","url":"https:\/\/candas365.es\/noticias\/wp-content\/uploads\/2018\/07\/Gaspar-IU-Asturias.jpg","@id":"https:\/\/candas365.es\/noticias\/llamazares-se-trata-de-una-ley-continuista-y-vacia-de-contenido\/#mainImage","width":1280,"height":856},"primaryImageOfPage":{"@id":"https:\/\/candas365.es\/noticias\/llamazares-se-trata-de-una-ley-continuista-y-vacia-de-contenido\/#mainImage"},"datePublished":"2018-07-26T17:31:08+02:00","dateModified":"2018-07-26T17:31:08+02:00"},{"@type":"WebSite","@id":"https:\/\/candas365.es\/noticias\/#website","url":"https:\/\/candas365.es\/noticias\/","name":"Cand\u00e1s 365","alternateName":"Cand\u00e1s 365 Noticias","description":"Actualidad desde Carre\u00f1o para el mundo","inLanguage":"es-ES","publisher":{"@id":"https:\/\/candas365.es\/noticias\/#organization"}}]},"og:locale":"es_ES","og:site_name":"Cand\u00e1s 365","og:type":"article","og:title":"Llamazares: \u201cSe trata de una ley continuista y vac\u00eda de contenido\u201d | Cand\u00e1s 365","og:description":"El diputado de Izquierda Unida (IU) Gaspar Llamazares realiz\u00f3 este jueves en rueda de prensa una valoraci\u00f3n del proyecto de ley de salud, calific\u00e1ndola como una ley vac\u00eda de contenido y vac\u00eda de proyecto sanitario que no merece el voto del grupo parlamentario de IU. Llamazares asegur\u00f3 que se trata de un proyecto continuista que","og:url":"https:\/\/candas365.es\/noticias\/llamazares-se-trata-de-una-ley-continuista-y-vacia-de-contenido\/","og:image":"https:\/\/candas365.es\/noticias\/wp-content\/uploads\/2018\/07\/Gaspar-IU-Asturias.jpg","og:image:secure_url":"https:\/\/candas365.es\/noticias\/wp-content\/uploads\/2018\/07\/Gaspar-IU-Asturias.jpg","og:image:width":1280,"og:image:height":856,"article:published_time":"2018-07-26T17:31:08+00:00","article:modified_time":"2018-07-26T17:31:08+00:00","article:publisher":"https:\/\/www.facebook.com\/Nachofdezber","article:author":"https:\/\/www.facebook.com\/carrenoactualidad","twitter:card":"summary_large_image","twitter:site":"@NabercoDigital","twitter:title":"Llamazares: \u201cSe trata de una ley continuista y vac\u00eda de contenido\u201d | Cand\u00e1s 365","twitter:description":"El diputado de Izquierda Unida (IU) Gaspar Llamazares realiz\u00f3 este jueves en rueda de prensa una valoraci\u00f3n del proyecto de ley de salud, calific\u00e1ndola como una ley vac\u00eda de contenido y vac\u00eda de proyecto sanitario que no merece el voto del grupo parlamentario de IU. Llamazares asegur\u00f3 que se trata de un proyecto continuista que","twitter:creator":"@nbasturias","twitter:image":"https:\/\/candas365.es\/noticias\/wp-content\/uploads\/2018\/07\/Gaspar-IU-Asturias.jpg","twitter:label1":"Escrito por","twitter:data1":"Cand\u00e1s 365","twitter:label2":"Tiempo de lectura estimado","twitter:data2":"2 minutos"},"aioseo_meta_data":{"post_id":"101222","title":null,"description":null,"keywords":null,"keyphrases":null,"primary_term":null,"canonical_url":null,"og_title":null,"og_description":null,"og_object_type":"default","og_image_type":"default","og_image_url":null,"og_image_width":null,"og_image_height":null,"og_image_custom_url":null,"og_image_custom_fields":null,"og_video":null,"og_custom_url":null,"og_article_section":null,"og_article_tags":null,"twitter_use_og":false,"twitter_card":"default","twitter_image_type":"default","twitter_image_url":null,"twitter_image_custom_url":null,"twitter_image_custom_fields":null,"twitter_title":null,"twitter_description":null,"schema":{"blockGraphs":[],"customGraphs":[],"default":{"data":{"Article":[],"Course":[],"Dataset":[],"FAQPage":[],"Movie":[],"Person":[],"Product":[],"ProductReview":[],"Car":[],"Recipe":[],"Service":[],"SoftwareApplication":[],"WebPage":[]},"graphName":"","isEnabled":true},"graphs":[]},"schema_type":null,"schema_type_options":null,"pillar_content":false,"robots_default":true,"robots_noindex":false,"robots_noarchive":false,"robots_nosnippet":false,"robots_nofollow":false,"robots_noimageindex":false,"robots_noodp":false,"robots_notranslate":false,"robots_max_snippet":null,"robots_max_videopreview":null,"robots_max_imagepreview":"large","priority":null,"frequency":null,"location":null,"local_seo":null,"seo_analyzer_scan_date":"2025-08-27 10:56:10","breadcrumb_settings":null,"limit_modified_date":false,"reviewed_by":null,"open_ai":null,"ai":null,"created":"2020-12-21 11:48:13","updated":"2025-08-27 10:56:10"},"aioseo_breadcrumb":"<div class=\"aioseo-breadcrumbs\"><span class=\"aioseo-breadcrumb\">\n\t<a href=\"https:\/\/candas365.es\/noticias\" title=\"Home\">Home<\/a>\n<\/span><span class=\"aioseo-breadcrumb-separator\">&ndash;<\/span><span class=\"aioseo-breadcrumb\">\n\t<a href=\"https:\/\/candas365.es\/noticias\/category\/asturias\/\" title=\"Asturias\">Asturias<\/a>\n<\/span><span class=\"aioseo-breadcrumb-separator\">&ndash;<\/span><span class=\"aioseo-breadcrumb\">\n\tLlamazares: \u201cSe trata de una ley continuista y vac\u00eda de contenido\u201d\n<\/span><\/div>","aioseo_breadcrumb_json":[{"label":"Home","link":"https:\/\/candas365.es\/noticias"},{"label":"Asturias","link":"https:\/\/candas365.es\/noticias\/category\/asturias\/"},{"label":"Llamazares: \u201cSe trata de una ley continuista y vac\u00eda de contenido\u201d","link":"https:\/\/candas365.es\/noticias\/llamazares-se-trata-de-una-ley-continuista-y-vacia-de-contenido\/"}],"_links":{"self":[{"href":"https:\/\/candas365.es\/noticias\/wp-json\/wp\/v2\/posts\/101222","targetHints":{"allow":["GET"]}}],"collection":[{"href":"https:\/\/candas365.es\/noticias\/wp-json\/wp\/v2\/posts"}],"about":[{"href":"https:\/\/candas365.es\/noticias\/wp-json\/wp\/v2\/types\/post"}],"author":[{"embeddable":true,"href":"https:\/\/candas365.es\/noticias\/wp-json\/wp\/v2\/users\/1"}],"replies":[{"embeddable":true,"href":"https:\/\/candas365.es\/noticias\/wp-json\/wp\/v2\/comments?post=101222"}],"version-history":[{"count":0,"href":"https:\/\/candas365.es\/noticias\/wp-json\/wp\/v2\/posts\/101222\/revisions"}],"wp:featuredmedia":[{"embeddable":true,"href":"https:\/\/candas365.es\/noticias\/wp-json\/wp\/v2\/media\/101223"}],"wp:attachment":[{"href":"https:\/\/candas365.es\/noticias\/wp-json\/wp\/v2\/media?parent=101222"}],"wp:term":[{"taxonomy":"category","embeddable":true,"href":"https:\/\/candas365.es\/noticias\/wp-json\/wp\/v2\/categories?post=101222"},{"taxonomy":"post_tag","embeddable":true,"href":"https:\/\/candas365.es\/noticias\/wp-json\/wp\/v2\/tags?post=101222"}],"curies":[{"name":"wp","href":"https:\/\/api.w.org\/{rel}","templated":true}]}}