{"id":101219,"date":"2018-07-26T14:45:33","date_gmt":"2018-07-26T14:45:33","guid":{"rendered":"http:\/\/candas365.es\/noticias\/?p=101219"},"modified":"2018-07-26T14:45:33","modified_gmt":"2018-07-26T14:45:33","slug":"mercedes-fernandez-el-pp-afronto-un-proceso-que-nunca-habia-afrontado","status":"publish","type":"post","link":"https:\/\/candas365.es\/noticias\/mercedes-fernandez-el-pp-afronto-un-proceso-que-nunca-habia-afrontado\/","title":{"rendered":"Mercedes Fern\u00e1ndez: \u201cEl PP afront\u00f3 un proceso que nunca hab\u00eda afrontado\u201d"},"content":{"rendered":"<p><img fetchpriority=\"high\" decoding=\"async\" class=\"alignleft size-medium wp-image-101220\" src=\"https:\/\/candas365.es\/noticias\/wp-content\/uploads\/2018\/07\/Mercedes-Ferna\u0301ndez-con-Pablo-Casado-360x240.jpg\" alt=\"\" width=\"360\" height=\"240\" srcset=\"https:\/\/candas365.es\/noticias\/wp-content\/uploads\/2018\/07\/Mercedes-Ferna\u0301ndez-con-Pablo-Casado-360x240.jpg 360w, https:\/\/candas365.es\/noticias\/wp-content\/uploads\/2018\/07\/Mercedes-Ferna\u0301ndez-con-Pablo-Casado-768x512.jpg 768w, https:\/\/candas365.es\/noticias\/wp-content\/uploads\/2018\/07\/Mercedes-Ferna\u0301ndez-con-Pablo-Casado-655x436.jpg 655w, https:\/\/candas365.es\/noticias\/wp-content\/uploads\/2018\/07\/Mercedes-Ferna\u0301ndez-con-Pablo-Casado-696x464.jpg 696w, https:\/\/candas365.es\/noticias\/wp-content\/uploads\/2018\/07\/Mercedes-Ferna\u0301ndez-con-Pablo-Casado-1068x712.jpg 1068w, https:\/\/candas365.es\/noticias\/wp-content\/uploads\/2018\/07\/Mercedes-Ferna\u0301ndez-con-Pablo-Casado-630x420.jpg 630w, https:\/\/candas365.es\/noticias\/wp-content\/uploads\/2018\/07\/Mercedes-Ferna\u0301ndez-con-Pablo-Casado.jpg 1280w\" sizes=\"(max-width: 360px) 100vw, 360px\" \/>La presidenta del Partido Popular de Asturias, Mercedes Fern\u00e1ndez, ha declarado este jueves en rueda de prensa todos los detalles sobre su participaci\u00f3n en Barcelona en la primera reuni\u00f3n del nuevo Comit\u00e9 Ejecutivo Nacional del PP, con Pablo Casado como presidente.<\/p>\n<p>Fern\u00e1ndez indic\u00f3 que el discurso de Casado fue un discurso lleno de energ\u00eda, impulso e ilusi\u00f3n por lo que est\u00e1 por venir y asegur\u00f3 que el futuro del Partido Popular (PP) ser\u00e1 prometedor.<\/p>\n<p>\u201cEs el primer Comit\u00e9 Ejecutivo Nacional presidido por Pablo Casado y yo creo que es importante que se haya celebrado en Barcelona porque supone una reivindicaci\u00f3n, y es que Pablo en su discurso resalt\u00f3 el papel preponderante que va a tener el Partido Popular en el debate catal\u00e1n y que adem\u00e1s dar\u00e1 protagonismo a nuestros compa\u00f1eros del PP en Catalu\u00f1a\u201d, inform\u00f3 Fern\u00e1ndez.<\/p>\n<p>Asimismo afirm\u00f3 sentirse muy satisfecha por la incorporaci\u00f3n de nuevos miembros al Comit\u00e9 Ejecutivo Nacional del PP.<\/p>\n<p>\u201cA m\u00ed como presidenta del Partido Popular de Asturias debo decir que tengo una gran satisfacci\u00f3n porque se ha realizado la incorporaci\u00f3n de Luis Venta al Comit\u00e9 Ejecutivo Nacional, como Secretario Ejecutivo de Rural y Despoblaci\u00f3n\u201d, precis\u00f3 la Presidenta.<\/p>\n<p>Finalmente indic\u00f3 que el proceso de elecci\u00f3n de Pablo Casado fue un proceso abierto y sin ning\u00fan tipo de presi\u00f3n del cual todos los miembros del partido deb\u00edan sentirse orgullosos.<\/p>\n<p>\u201cEl PP afront\u00f3 un proceso que nunca hab\u00eda afrontado, y por tanto eso fue una novedad en s\u00ed misma, es decir, fue un proceso abierto, un proceso de elecci\u00f3n sin ning\u00fan tipo de presi\u00f3n de ninguna \u00edndole. Todos estamos absolutamente convencidos que tenemos que mantenernos alrededor de la nueva direcci\u00f3n y desde luego de Pablo Casado en particular\u201d, concluy\u00f3 Fern\u00e1ndez.<\/p>\n<p>Soraya Andreina P\u00e9rez<\/p>\n","protected":false},"excerpt":{"rendered":"<p>La presidenta del Partido Popular de Asturias, Mercedes Fern\u00e1ndez, ha declarado este jueves en rueda de prensa todos los detalles sobre su participaci\u00f3n en Barcelona en la primera reuni\u00f3n del nuevo Comit\u00e9 Ejecutivo Nacional del PP, con Pablo Casado como presidente. Fern\u00e1ndez indic\u00f3 que el discurso de Casado fue un discurso lleno de energ\u00eda, impulso<\/p>\n","protected":false},"author":1,"featured_media":101220,"comment_status":"closed","ping_status":"closed","sticky":false,"template":"","format":"standard","meta":{"footnotes":""},"categories":[7],"tags":[],"class_list":{"0":"post-101219","1":"post","2":"type-post","3":"status-publish","4":"format-standard","5":"has-post-thumbnail","7":"category-asturias"},"aioseo_notices":[],"aioseo_head":"\n\t\t<!-- All in One SEO Pro 4.9.6.2 - aioseo.com -->\n\t<meta name=\"description\" content=\"La presidenta del Partido Popular de Asturias, Mercedes Fern\u00e1ndez, ha declarado este jueves en rueda de prensa todos los detalles sobre su participaci\u00f3n en Barcelona en la primera reuni\u00f3n del nuevo Comit\u00e9 Ejecutivo Nacional del PP, con Pablo Casado como presidente. Fern\u00e1ndez indic\u00f3 que el discurso de Casado fue un discurso lleno de energ\u00eda, impulso\" \/>\n\t<meta name=\"robots\" content=\"max-image-preview:large\" \/>\n\t<meta name=\"author\" content=\"Cand\u00e1s 365\"\/>\n\t<meta name=\"google-site-verification\" content=\"UA-32230408-1\" \/>\n\t<meta name=\"msvalidate.01\" content=\"354F3CDFB2DA171B47FBE9ABF1F88D5\" \/>\n\t<meta name=\"keywords\" content=\"asturias\" \/>\n\t<link rel=\"canonical\" href=\"https:\/\/candas365.es\/noticias\/mercedes-fernandez-el-pp-afronto-un-proceso-que-nunca-habia-afrontado\/\" \/>\n\t<meta name=\"generator\" content=\"All in One SEO Pro (AIOSEO) 4.9.6.2\" \/>\n\t\t<meta property=\"og:locale\" content=\"es_ES\" \/>\n\t\t<meta property=\"og:site_name\" content=\"Cand\u00e1s 365\" \/>\n\t\t<meta property=\"og:type\" content=\"article\" \/>\n\t\t<meta property=\"og:title\" content=\"Mercedes Fern\u00e1ndez: \u201cEl PP afront\u00f3 un proceso que nunca hab\u00eda afrontado\u201d | Cand\u00e1s 365\" \/>\n\t\t<meta property=\"og:description\" content=\"La presidenta del Partido Popular de Asturias, Mercedes Fern\u00e1ndez, ha declarado este jueves en rueda de prensa todos los detalles sobre su participaci\u00f3n en Barcelona en la primera reuni\u00f3n del nuevo Comit\u00e9 Ejecutivo Nacional del PP, con Pablo Casado como presidente. Fern\u00e1ndez indic\u00f3 que el discurso de Casado fue un discurso lleno de energ\u00eda, impulso\" \/>\n\t\t<meta property=\"og:url\" content=\"https:\/\/candas365.es\/noticias\/mercedes-fernandez-el-pp-afronto-un-proceso-que-nunca-habia-afrontado\/\" \/>\n\t\t<meta property=\"og:image\" content=\"https:\/\/candas365.es\/noticias\/wp-content\/uploads\/2018\/07\/Mercedes-Ferna\u0301ndez-con-Pablo-Casado.jpg\" \/>\n\t\t<meta property=\"og:image:secure_url\" content=\"https:\/\/candas365.es\/noticias\/wp-content\/uploads\/2018\/07\/Mercedes-Ferna\u0301ndez-con-Pablo-Casado.jpg\" \/>\n\t\t<meta property=\"og:image:width\" content=\"1280\" \/>\n\t\t<meta property=\"og:image:height\" content=\"853\" \/>\n\t\t<meta property=\"article:published_time\" content=\"2018-07-26T14:45:33+00:00\" \/>\n\t\t<meta property=\"article:modified_time\" content=\"2018-07-26T14:45:33+00:00\" \/>\n\t\t<meta property=\"article:publisher\" content=\"https:\/\/www.facebook.com\/Nachofdezber\" \/>\n\t\t<meta property=\"article:author\" content=\"https:\/\/www.facebook.com\/carrenoactualidad\" \/>\n\t\t<meta name=\"twitter:card\" content=\"summary_large_image\" \/>\n\t\t<meta name=\"twitter:site\" content=\"@NabercoDigital\" \/>\n\t\t<meta name=\"twitter:title\" content=\"Mercedes Fern\u00e1ndez: \u201cEl PP afront\u00f3 un proceso que nunca hab\u00eda afrontado\u201d | Cand\u00e1s 365\" \/>\n\t\t<meta name=\"twitter:description\" content=\"La presidenta del Partido Popular de Asturias, Mercedes Fern\u00e1ndez, ha declarado este jueves en rueda de prensa todos los detalles sobre su participaci\u00f3n en Barcelona en la primera reuni\u00f3n del nuevo Comit\u00e9 Ejecutivo Nacional del PP, con Pablo Casado como presidente. Fern\u00e1ndez indic\u00f3 que el discurso de Casado fue un discurso lleno de energ\u00eda, impulso\" \/>\n\t\t<meta name=\"twitter:creator\" content=\"@nbasturias\" \/>\n\t\t<meta name=\"twitter:image\" content=\"https:\/\/candas365.es\/noticias\/wp-content\/uploads\/2018\/07\/Mercedes-Ferna\u0301ndez-con-Pablo-Casado.jpg\" \/>\n\t\t<meta name=\"twitter:label1\" content=\"Escrito por\" \/>\n\t\t<meta name=\"twitter:data1\" content=\"Cand\u00e1s 365\" \/>\n\t\t<meta name=\"twitter:label2\" content=\"Tiempo de lectura estimado\" \/>\n\t\t<meta name=\"twitter:data2\" content=\"2 minutos\" \/>\n\t\t<script type=\"application\/ld+json\" class=\"aioseo-schema\">\n\t\t\t{\"@context\":\"https:\\\/\\\/schema.org\",\"@graph\":[{\"@type\":\"BreadcrumbList\",\"@id\":\"https:\\\/\\\/candas365.es\\\/noticias\\\/mercedes-fernandez-el-pp-afronto-un-proceso-que-nunca-habia-afrontado\\\/#breadcrumblist\",\"itemListElement\":[{\"@type\":\"ListItem\",\"@id\":\"https:\\\/\\\/candas365.es\\\/noticias#listItem\",\"position\":1,\"name\":\"Home\",\"item\":\"https:\\\/\\\/candas365.es\\\/noticias\",\"nextItem\":{\"@type\":\"ListItem\",\"@id\":\"https:\\\/\\\/candas365.es\\\/noticias\\\/category\\\/asturias\\\/#listItem\",\"name\":\"Asturias\"}},{\"@type\":\"ListItem\",\"@id\":\"https:\\\/\\\/candas365.es\\\/noticias\\\/category\\\/asturias\\\/#listItem\",\"position\":2,\"name\":\"Asturias\",\"item\":\"https:\\\/\\\/candas365.es\\\/noticias\\\/category\\\/asturias\\\/\",\"nextItem\":{\"@type\":\"ListItem\",\"@id\":\"https:\\\/\\\/candas365.es\\\/noticias\\\/mercedes-fernandez-el-pp-afronto-un-proceso-que-nunca-habia-afrontado\\\/#listItem\",\"name\":\"Mercedes Fern\\u00e1ndez: \\u201cEl PP afront\\u00f3 un proceso que nunca hab\\u00eda afrontado\\u201d\"},\"previousItem\":{\"@type\":\"ListItem\",\"@id\":\"https:\\\/\\\/candas365.es\\\/noticias#listItem\",\"name\":\"Home\"}},{\"@type\":\"ListItem\",\"@id\":\"https:\\\/\\\/candas365.es\\\/noticias\\\/mercedes-fernandez-el-pp-afronto-un-proceso-que-nunca-habia-afrontado\\\/#listItem\",\"position\":3,\"name\":\"Mercedes Fern\\u00e1ndez: \\u201cEl PP afront\\u00f3 un proceso que nunca hab\\u00eda afrontado\\u201d\",\"previousItem\":{\"@type\":\"ListItem\",\"@id\":\"https:\\\/\\\/candas365.es\\\/noticias\\\/category\\\/asturias\\\/#listItem\",\"name\":\"Asturias\"}}]},{\"@type\":\"NewsArticle\",\"@id\":\"https:\\\/\\\/candas365.es\\\/noticias\\\/mercedes-fernandez-el-pp-afronto-un-proceso-que-nunca-habia-afrontado\\\/#newsarticle\",\"name\":\"Mercedes Fern\\u00e1ndez: \\u201cEl PP afront\\u00f3 un proceso que nunca hab\\u00eda afrontado\\u201d | Cand\\u00e1s 365\",\"headline\":\"Mercedes Fern\\u00e1ndez: \\u201cEl PP afront\\u00f3 un proceso que nunca hab\\u00eda afrontado\\u201d\",\"author\":{\"@id\":\"https:\\\/\\\/candas365.es\\\/noticias\\\/author\\\/admin\\\/#author\"},\"publisher\":{\"@id\":\"https:\\\/\\\/candas365.es\\\/noticias\\\/#organization\"},\"image\":{\"@type\":\"ImageObject\",\"url\":\"https:\\\/\\\/candas365.es\\\/noticias\\\/wp-content\\\/uploads\\\/2018\\\/07\\\/Mercedes-Ferna\\u0301ndez-con-Pablo-Casado.jpg\",\"width\":1280,\"height\":853},\"datePublished\":\"2018-07-26T14:45:33+02:00\",\"dateModified\":\"2018-07-26T14:45:33+02:00\",\"inLanguage\":\"es-ES\",\"mainEntityOfPage\":{\"@id\":\"https:\\\/\\\/candas365.es\\\/noticias\\\/mercedes-fernandez-el-pp-afronto-un-proceso-que-nunca-habia-afrontado\\\/#webpage\"},\"isPartOf\":{\"@id\":\"https:\\\/\\\/candas365.es\\\/noticias\\\/mercedes-fernandez-el-pp-afronto-un-proceso-que-nunca-habia-afrontado\\\/#webpage\"},\"articleSection\":\"Asturias\",\"dateline\":\"Publicado el julio 26, 2018.\"},{\"@type\":\"Organization\",\"@id\":\"https:\\\/\\\/candas365.es\\\/noticias\\\/#organization\",\"name\":\"Cand\\u00e1s 365\",\"description\":\"Cand\\u00e1s 365 es un diario digital independiente, fundado en 2012, con base en Asturias. Informamos con rigor sobre actualidad, sociedad, cultura y ocio, con una mirada local y global.\",\"url\":\"https:\\\/\\\/candas365.es\\\/noticias\\\/\",\"email\":\"info@candas365.es\",\"telephone\":\"+34652131393\",\"foundingDate\":\"2012-06-10\",\"logo\":{\"@type\":\"ImageObject\",\"url\":\"https:\\\/\\\/candas365.es\\\/noticias\\\/wp-content\\\/uploads\\\/2024\\\/09\\\/Candas-365-Redes.jpg\",\"@id\":\"https:\\\/\\\/candas365.es\\\/noticias\\\/mercedes-fernandez-el-pp-afronto-un-proceso-que-nunca-habia-afrontado\\\/#organizationLogo\",\"width\":1152,\"height\":864,\"caption\":\"Cand\\u00e1s 365 Redes\"},\"image\":{\"@id\":\"https:\\\/\\\/candas365.es\\\/noticias\\\/mercedes-fernandez-el-pp-afronto-un-proceso-que-nunca-habia-afrontado\\\/#organizationLogo\"},\"sameAs\":[\"https:\\\/\\\/www.facebook.com\\\/Nachofdezber\",\"https:\\\/\\\/x.com\\\/NabercoDigital\",\"https:\\\/\\\/www.instagram.com\\\/nachofdezber\\\/\",\"https:\\\/\\\/www.youtube.com\\\/channel\\\/UCZP-2wLEB9Rv6erhFmqVnvg\"],\"address\":{\"@id\":\"https:\\\/\\\/candas365.es\\\/noticias\\\/#postaladdress\",\"@type\":\"PostalAddress\",\"streetAddress\":\"san antonio 4, san antonio 4\",\"postalCode\":\"33430\",\"addressLocality\":\"Cand\\u00e1s\",\"addressRegion\":\"Asturias\",\"addressCountry\":\"ES\"}},{\"@type\":\"Person\",\"@id\":\"https:\\\/\\\/candas365.es\\\/noticias\\\/author\\\/admin\\\/#author\",\"url\":\"https:\\\/\\\/candas365.es\\\/noticias\\\/author\\\/admin\\\/\",\"name\":\"Cand\\u00e1s 365\",\"image\":{\"@type\":\"ImageObject\",\"@id\":\"https:\\\/\\\/candas365.es\\\/noticias\\\/mercedes-fernandez-el-pp-afronto-un-proceso-que-nunca-habia-afrontado\\\/#authorImage\",\"url\":\"https:\\\/\\\/secure.gravatar.com\\\/avatar\\\/496a8e03d0c493ede1718b7934145dbdf8d89be1036b0eec9544e1094c9de390?s=96&d=mm&r=g\",\"width\":96,\"height\":96,\"caption\":\"Cand\\u00e1s 365\"},\"sameAs\":[\"https:\\\/\\\/www.facebook.com\\\/carrenoactualidad\",\"https:\\\/\\\/twitter.com\\\/nbasturias\",\"https:\\\/\\\/www.instagram.com\\\/nachofdezber\\\/\",\"https:\\\/\\\/www.youtube.com\\\/channel\\\/UCZP-2wLEB9Rv6erhFmqVnvg\"]},{\"@type\":\"WebPage\",\"@id\":\"https:\\\/\\\/candas365.es\\\/noticias\\\/mercedes-fernandez-el-pp-afronto-un-proceso-que-nunca-habia-afrontado\\\/#webpage\",\"url\":\"https:\\\/\\\/candas365.es\\\/noticias\\\/mercedes-fernandez-el-pp-afronto-un-proceso-que-nunca-habia-afrontado\\\/\",\"name\":\"Mercedes Fern\\u00e1ndez: \\u201cEl PP afront\\u00f3 un proceso que nunca hab\\u00eda afrontado\\u201d | Cand\\u00e1s 365\",\"description\":\"La presidenta del Partido Popular de Asturias, Mercedes Fern\\u00e1ndez, ha declarado este jueves en rueda de prensa todos los detalles sobre su participaci\\u00f3n en Barcelona en la primera reuni\\u00f3n del nuevo Comit\\u00e9 Ejecutivo Nacional del PP, con Pablo Casado como presidente. Fern\\u00e1ndez indic\\u00f3 que el discurso de Casado fue un discurso lleno de energ\\u00eda, impulso\",\"inLanguage\":\"es-ES\",\"isPartOf\":{\"@id\":\"https:\\\/\\\/candas365.es\\\/noticias\\\/#website\"},\"breadcrumb\":{\"@id\":\"https:\\\/\\\/candas365.es\\\/noticias\\\/mercedes-fernandez-el-pp-afronto-un-proceso-que-nunca-habia-afrontado\\\/#breadcrumblist\"},\"author\":{\"@id\":\"https:\\\/\\\/candas365.es\\\/noticias\\\/author\\\/admin\\\/#author\"},\"creator\":{\"@id\":\"https:\\\/\\\/candas365.es\\\/noticias\\\/author\\\/admin\\\/#author\"},\"image\":{\"@type\":\"ImageObject\",\"url\":\"https:\\\/\\\/candas365.es\\\/noticias\\\/wp-content\\\/uploads\\\/2018\\\/07\\\/Mercedes-Ferna\\u0301ndez-con-Pablo-Casado.jpg\",\"@id\":\"https:\\\/\\\/candas365.es\\\/noticias\\\/mercedes-fernandez-el-pp-afronto-un-proceso-que-nunca-habia-afrontado\\\/#mainImage\",\"width\":1280,\"height\":853},\"primaryImageOfPage\":{\"@id\":\"https:\\\/\\\/candas365.es\\\/noticias\\\/mercedes-fernandez-el-pp-afronto-un-proceso-que-nunca-habia-afrontado\\\/#mainImage\"},\"datePublished\":\"2018-07-26T14:45:33+02:00\",\"dateModified\":\"2018-07-26T14:45:33+02:00\"},{\"@type\":\"WebSite\",\"@id\":\"https:\\\/\\\/candas365.es\\\/noticias\\\/#website\",\"url\":\"https:\\\/\\\/candas365.es\\\/noticias\\\/\",\"name\":\"Cand\\u00e1s 365\",\"alternateName\":\"Cand\\u00e1s 365 Noticias\",\"description\":\"Actualidad desde Carre\\u00f1o para el mundo\",\"inLanguage\":\"es-ES\",\"publisher\":{\"@id\":\"https:\\\/\\\/candas365.es\\\/noticias\\\/#organization\"}}]}\n\t\t<\/script>\n\t\t<!-- All in One SEO Pro -->\r\n\t\t<title>Mercedes Fern\u00e1ndez: \u201cEl PP afront\u00f3 un proceso que nunca hab\u00eda afrontado\u201d | Cand\u00e1s 365<\/title>\n\n","aioseo_head_json":{"title":"Mercedes Fern\u00e1ndez: \u201cEl PP afront\u00f3 un proceso que nunca hab\u00eda afrontado\u201d | Cand\u00e1s 365","description":"La presidenta del Partido Popular de Asturias, Mercedes Fern\u00e1ndez, ha declarado este jueves en rueda de prensa todos los detalles sobre su participaci\u00f3n en Barcelona en la primera reuni\u00f3n del nuevo Comit\u00e9 Ejecutivo Nacional del PP, con Pablo Casado como presidente. Fern\u00e1ndez indic\u00f3 que el discurso de Casado fue un discurso lleno de energ\u00eda, impulso","canonical_url":"https:\/\/candas365.es\/noticias\/mercedes-fernandez-el-pp-afronto-un-proceso-que-nunca-habia-afrontado\/","robots":"max-image-preview:large","keywords":"asturias","webmasterTools":{"google-site-verification":"UA-32230408-1","msvalidate.01":"354F3CDFB2DA171B47FBE9ABF1F88D5","miscellaneous":""},"schema":{"@context":"https:\/\/schema.org","@graph":[{"@type":"BreadcrumbList","@id":"https:\/\/candas365.es\/noticias\/mercedes-fernandez-el-pp-afronto-un-proceso-que-nunca-habia-afrontado\/#breadcrumblist","itemListElement":[{"@type":"ListItem","@id":"https:\/\/candas365.es\/noticias#listItem","position":1,"name":"Home","item":"https:\/\/candas365.es\/noticias","nextItem":{"@type":"ListItem","@id":"https:\/\/candas365.es\/noticias\/category\/asturias\/#listItem","name":"Asturias"}},{"@type":"ListItem","@id":"https:\/\/candas365.es\/noticias\/category\/asturias\/#listItem","position":2,"name":"Asturias","item":"https:\/\/candas365.es\/noticias\/category\/asturias\/","nextItem":{"@type":"ListItem","@id":"https:\/\/candas365.es\/noticias\/mercedes-fernandez-el-pp-afronto-un-proceso-que-nunca-habia-afrontado\/#listItem","name":"Mercedes Fern\u00e1ndez: \u201cEl PP afront\u00f3 un proceso que nunca hab\u00eda afrontado\u201d"},"previousItem":{"@type":"ListItem","@id":"https:\/\/candas365.es\/noticias#listItem","name":"Home"}},{"@type":"ListItem","@id":"https:\/\/candas365.es\/noticias\/mercedes-fernandez-el-pp-afronto-un-proceso-que-nunca-habia-afrontado\/#listItem","position":3,"name":"Mercedes Fern\u00e1ndez: \u201cEl PP afront\u00f3 un proceso que nunca hab\u00eda afrontado\u201d","previousItem":{"@type":"ListItem","@id":"https:\/\/candas365.es\/noticias\/category\/asturias\/#listItem","name":"Asturias"}}]},{"@type":"NewsArticle","@id":"https:\/\/candas365.es\/noticias\/mercedes-fernandez-el-pp-afronto-un-proceso-que-nunca-habia-afrontado\/#newsarticle","name":"Mercedes Fern\u00e1ndez: \u201cEl PP afront\u00f3 un proceso que nunca hab\u00eda afrontado\u201d | Cand\u00e1s 365","headline":"Mercedes Fern\u00e1ndez: \u201cEl PP afront\u00f3 un proceso que nunca hab\u00eda afrontado\u201d","author":{"@id":"https:\/\/candas365.es\/noticias\/author\/admin\/#author"},"publisher":{"@id":"https:\/\/candas365.es\/noticias\/#organization"},"image":{"@type":"ImageObject","url":"https:\/\/candas365.es\/noticias\/wp-content\/uploads\/2018\/07\/Mercedes-Ferna\u0301ndez-con-Pablo-Casado.jpg","width":1280,"height":853},"datePublished":"2018-07-26T14:45:33+02:00","dateModified":"2018-07-26T14:45:33+02:00","inLanguage":"es-ES","mainEntityOfPage":{"@id":"https:\/\/candas365.es\/noticias\/mercedes-fernandez-el-pp-afronto-un-proceso-que-nunca-habia-afrontado\/#webpage"},"isPartOf":{"@id":"https:\/\/candas365.es\/noticias\/mercedes-fernandez-el-pp-afronto-un-proceso-que-nunca-habia-afrontado\/#webpage"},"articleSection":"Asturias","dateline":"Publicado el julio 26, 2018."},{"@type":"Organization","@id":"https:\/\/candas365.es\/noticias\/#organization","name":"Cand\u00e1s 365","description":"Cand\u00e1s 365 es un diario digital independiente, fundado en 2012, con base en Asturias. Informamos con rigor sobre actualidad, sociedad, cultura y ocio, con una mirada local y global.","url":"https:\/\/candas365.es\/noticias\/","email":"info@candas365.es","telephone":"+34652131393","foundingDate":"2012-06-10","logo":{"@type":"ImageObject","url":"https:\/\/candas365.es\/noticias\/wp-content\/uploads\/2024\/09\/Candas-365-Redes.jpg","@id":"https:\/\/candas365.es\/noticias\/mercedes-fernandez-el-pp-afronto-un-proceso-que-nunca-habia-afrontado\/#organizationLogo","width":1152,"height":864,"caption":"Cand\u00e1s 365 Redes"},"image":{"@id":"https:\/\/candas365.es\/noticias\/mercedes-fernandez-el-pp-afronto-un-proceso-que-nunca-habia-afrontado\/#organizationLogo"},"sameAs":["https:\/\/www.facebook.com\/Nachofdezber","https:\/\/x.com\/NabercoDigital","https:\/\/www.instagram.com\/nachofdezber\/","https:\/\/www.youtube.com\/channel\/UCZP-2wLEB9Rv6erhFmqVnvg"],"address":{"@id":"https:\/\/candas365.es\/noticias\/#postaladdress","@type":"PostalAddress","streetAddress":"san antonio 4, san antonio 4","postalCode":"33430","addressLocality":"Cand\u00e1s","addressRegion":"Asturias","addressCountry":"ES"}},{"@type":"Person","@id":"https:\/\/candas365.es\/noticias\/author\/admin\/#author","url":"https:\/\/candas365.es\/noticias\/author\/admin\/","name":"Cand\u00e1s 365","image":{"@type":"ImageObject","@id":"https:\/\/candas365.es\/noticias\/mercedes-fernandez-el-pp-afronto-un-proceso-que-nunca-habia-afrontado\/#authorImage","url":"https:\/\/secure.gravatar.com\/avatar\/496a8e03d0c493ede1718b7934145dbdf8d89be1036b0eec9544e1094c9de390?s=96&d=mm&r=g","width":96,"height":96,"caption":"Cand\u00e1s 365"},"sameAs":["https:\/\/www.facebook.com\/carrenoactualidad","https:\/\/twitter.com\/nbasturias","https:\/\/www.instagram.com\/nachofdezber\/","https:\/\/www.youtube.com\/channel\/UCZP-2wLEB9Rv6erhFmqVnvg"]},{"@type":"WebPage","@id":"https:\/\/candas365.es\/noticias\/mercedes-fernandez-el-pp-afronto-un-proceso-que-nunca-habia-afrontado\/#webpage","url":"https:\/\/candas365.es\/noticias\/mercedes-fernandez-el-pp-afronto-un-proceso-que-nunca-habia-afrontado\/","name":"Mercedes Fern\u00e1ndez: \u201cEl PP afront\u00f3 un proceso que nunca hab\u00eda afrontado\u201d | Cand\u00e1s 365","description":"La presidenta del Partido Popular de Asturias, Mercedes Fern\u00e1ndez, ha declarado este jueves en rueda de prensa todos los detalles sobre su participaci\u00f3n en Barcelona en la primera reuni\u00f3n del nuevo Comit\u00e9 Ejecutivo Nacional del PP, con Pablo Casado como presidente. Fern\u00e1ndez indic\u00f3 que el discurso de Casado fue un discurso lleno de energ\u00eda, impulso","inLanguage":"es-ES","isPartOf":{"@id":"https:\/\/candas365.es\/noticias\/#website"},"breadcrumb":{"@id":"https:\/\/candas365.es\/noticias\/mercedes-fernandez-el-pp-afronto-un-proceso-que-nunca-habia-afrontado\/#breadcrumblist"},"author":{"@id":"https:\/\/candas365.es\/noticias\/author\/admin\/#author"},"creator":{"@id":"https:\/\/candas365.es\/noticias\/author\/admin\/#author"},"image":{"@type":"ImageObject","url":"https:\/\/candas365.es\/noticias\/wp-content\/uploads\/2018\/07\/Mercedes-Ferna\u0301ndez-con-Pablo-Casado.jpg","@id":"https:\/\/candas365.es\/noticias\/mercedes-fernandez-el-pp-afronto-un-proceso-que-nunca-habia-afrontado\/#mainImage","width":1280,"height":853},"primaryImageOfPage":{"@id":"https:\/\/candas365.es\/noticias\/mercedes-fernandez-el-pp-afronto-un-proceso-que-nunca-habia-afrontado\/#mainImage"},"datePublished":"2018-07-26T14:45:33+02:00","dateModified":"2018-07-26T14:45:33+02:00"},{"@type":"WebSite","@id":"https:\/\/candas365.es\/noticias\/#website","url":"https:\/\/candas365.es\/noticias\/","name":"Cand\u00e1s 365","alternateName":"Cand\u00e1s 365 Noticias","description":"Actualidad desde Carre\u00f1o para el mundo","inLanguage":"es-ES","publisher":{"@id":"https:\/\/candas365.es\/noticias\/#organization"}}]},"og:locale":"es_ES","og:site_name":"Cand\u00e1s 365","og:type":"article","og:title":"Mercedes Fern\u00e1ndez: \u201cEl PP afront\u00f3 un proceso que nunca hab\u00eda afrontado\u201d | Cand\u00e1s 365","og:description":"La presidenta del Partido Popular de Asturias, Mercedes Fern\u00e1ndez, ha declarado este jueves en rueda de prensa todos los detalles sobre su participaci\u00f3n en Barcelona en la primera reuni\u00f3n del nuevo Comit\u00e9 Ejecutivo Nacional del PP, con Pablo Casado como presidente. Fern\u00e1ndez indic\u00f3 que el discurso de Casado fue un discurso lleno de energ\u00eda, impulso","og:url":"https:\/\/candas365.es\/noticias\/mercedes-fernandez-el-pp-afronto-un-proceso-que-nunca-habia-afrontado\/","og:image":"https:\/\/candas365.es\/noticias\/wp-content\/uploads\/2018\/07\/Mercedes-Ferna\u0301ndez-con-Pablo-Casado.jpg","og:image:secure_url":"https:\/\/candas365.es\/noticias\/wp-content\/uploads\/2018\/07\/Mercedes-Ferna\u0301ndez-con-Pablo-Casado.jpg","og:image:width":1280,"og:image:height":853,"article:published_time":"2018-07-26T14:45:33+00:00","article:modified_time":"2018-07-26T14:45:33+00:00","article:publisher":"https:\/\/www.facebook.com\/Nachofdezber","article:author":"https:\/\/www.facebook.com\/carrenoactualidad","twitter:card":"summary_large_image","twitter:site":"@NabercoDigital","twitter:title":"Mercedes Fern\u00e1ndez: \u201cEl PP afront\u00f3 un proceso que nunca hab\u00eda afrontado\u201d | Cand\u00e1s 365","twitter:description":"La presidenta del Partido Popular de Asturias, Mercedes Fern\u00e1ndez, ha declarado este jueves en rueda de prensa todos los detalles sobre su participaci\u00f3n en Barcelona en la primera reuni\u00f3n del nuevo Comit\u00e9 Ejecutivo Nacional del PP, con Pablo Casado como presidente. Fern\u00e1ndez indic\u00f3 que el discurso de Casado fue un discurso lleno de energ\u00eda, impulso","twitter:creator":"@nbasturias","twitter:image":"https:\/\/candas365.es\/noticias\/wp-content\/uploads\/2018\/07\/Mercedes-Ferna\u0301ndez-con-Pablo-Casado.jpg","twitter:label1":"Escrito por","twitter:data1":"Cand\u00e1s 365","twitter:label2":"Tiempo de lectura estimado","twitter:data2":"2 minutos"},"aioseo_meta_data":{"post_id":"101219","title":null,"description":null,"keywords":null,"keyphrases":null,"primary_term":null,"canonical_url":null,"og_title":null,"og_description":null,"og_object_type":"default","og_image_type":"default","og_image_url":null,"og_image_width":null,"og_image_height":null,"og_image_custom_url":null,"og_image_custom_fields":null,"og_video":null,"og_custom_url":null,"og_article_section":null,"og_article_tags":null,"twitter_use_og":false,"twitter_card":"default","twitter_image_type":"default","twitter_image_url":null,"twitter_image_custom_url":null,"twitter_image_custom_fields":null,"twitter_title":null,"twitter_description":null,"schema":{"blockGraphs":[],"customGraphs":[],"default":{"data":{"Article":[],"Course":[],"Dataset":[],"FAQPage":[],"Movie":[],"Person":[],"Product":[],"ProductReview":[],"Car":[],"Recipe":[],"Service":[],"SoftwareApplication":[],"WebPage":[]},"graphName":"","isEnabled":true},"graphs":[],"defaultGraph":"","defaultPostTypeGraph":""},"schema_type":null,"schema_type_options":null,"pillar_content":false,"robots_default":true,"robots_noindex":false,"robots_noarchive":false,"robots_nosnippet":false,"robots_nofollow":false,"robots_noimageindex":false,"robots_noodp":false,"robots_notranslate":false,"robots_max_snippet":null,"robots_max_videopreview":null,"robots_max_imagepreview":"large","priority":null,"frequency":null,"location":null,"local_seo":null,"seo_analyzer_scan_date":"2025-08-27 10:56:09","breadcrumb_settings":null,"limit_modified_date":false,"reviewed_by":null,"open_ai":null,"ai":null,"created":"2020-12-21 11:48:13","updated":"2025-08-27 10:56:09"},"aioseo_breadcrumb":"<div class=\"aioseo-breadcrumbs\"><span class=\"aioseo-breadcrumb\">\n\t<a href=\"https:\/\/candas365.es\/noticias\" title=\"Home\">Home<\/a>\n<\/span><span class=\"aioseo-breadcrumb-separator\">&ndash;<\/span><span class=\"aioseo-breadcrumb\">\n\t<a href=\"https:\/\/candas365.es\/noticias\/category\/asturias\/\" title=\"Asturias\">Asturias<\/a>\n<\/span><span class=\"aioseo-breadcrumb-separator\">&ndash;<\/span><span class=\"aioseo-breadcrumb\">\n\tMercedes Fern\u00e1ndez: \u201cEl PP afront\u00f3 un proceso que nunca hab\u00eda afrontado\u201d\n<\/span><\/div>","aioseo_breadcrumb_json":[{"label":"Home","link":"https:\/\/candas365.es\/noticias"},{"label":"Asturias","link":"https:\/\/candas365.es\/noticias\/category\/asturias\/"},{"label":"Mercedes Fern\u00e1ndez: \u201cEl PP afront\u00f3 un proceso que nunca hab\u00eda afrontado\u201d","link":"https:\/\/candas365.es\/noticias\/mercedes-fernandez-el-pp-afronto-un-proceso-que-nunca-habia-afrontado\/"}],"_links":{"self":[{"href":"https:\/\/candas365.es\/noticias\/wp-json\/wp\/v2\/posts\/101219","targetHints":{"allow":["GET"]}}],"collection":[{"href":"https:\/\/candas365.es\/noticias\/wp-json\/wp\/v2\/posts"}],"about":[{"href":"https:\/\/candas365.es\/noticias\/wp-json\/wp\/v2\/types\/post"}],"author":[{"embeddable":true,"href":"https:\/\/candas365.es\/noticias\/wp-json\/wp\/v2\/users\/1"}],"replies":[{"embeddable":true,"href":"https:\/\/candas365.es\/noticias\/wp-json\/wp\/v2\/comments?post=101219"}],"version-history":[{"count":0,"href":"https:\/\/candas365.es\/noticias\/wp-json\/wp\/v2\/posts\/101219\/revisions"}],"wp:featuredmedia":[{"embeddable":true,"href":"https:\/\/candas365.es\/noticias\/wp-json\/wp\/v2\/media\/101220"}],"wp:attachment":[{"href":"https:\/\/candas365.es\/noticias\/wp-json\/wp\/v2\/media?parent=101219"}],"wp:term":[{"taxonomy":"category","embeddable":true,"href":"https:\/\/candas365.es\/noticias\/wp-json\/wp\/v2\/categories?post=101219"},{"taxonomy":"post_tag","embeddable":true,"href":"https:\/\/candas365.es\/noticias\/wp-json\/wp\/v2\/tags?post=101219"}],"curies":[{"name":"wp","href":"https:\/\/api.w.org\/{rel}","templated":true}]}}