{"id":101213,"date":"2018-07-26T14:40:19","date_gmt":"2018-07-26T14:40:19","guid":{"rendered":"http:\/\/candas365.es\/noticias\/?p=101213"},"modified":"2018-07-26T14:40:19","modified_gmt":"2018-07-26T14:40:19","slug":"valerio-apuesta-por-un-un-trabajo-digno-de-calidad-y-decente","status":"publish","type":"post","link":"https:\/\/candas365.es\/noticias\/valerio-apuesta-por-un-un-trabajo-digno-de-calidad-y-decente\/","title":{"rendered":"Valerio apuesta por un \u201cun trabajo digno, de calidad y decente\u201d"},"content":{"rendered":"<p><img fetchpriority=\"high\" decoding=\"async\" class=\"alignleft size-medium wp-image-101214\" src=\"https:\/\/candas365.es\/noticias\/wp-content\/uploads\/2018\/07\/250718-valerio-360x239.jpg\" alt=\"\" width=\"360\" height=\"239\" srcset=\"https:\/\/candas365.es\/noticias\/wp-content\/uploads\/2018\/07\/250718-valerio-360x239.jpg 360w, https:\/\/candas365.es\/noticias\/wp-content\/uploads\/2018\/07\/250718-valerio.jpg 496w\" sizes=\"(max-width: 360px) 100vw, 360px\" \/>La ministra de Trabajo, Migraciones y Seguridad Social, Magdalena Valerio, ha tendido la mano a las Comunidades Aut\u00f3nomas para transitar por un camino de consenso con un objetivo prioritario: \u00abQue todas las personas desempleadas encuentren un trabajo digno, de calidad y decente\u00bb.<\/p>\n<p>\u200bLa ministra ha hecho estas declaraciones tras presidir hoy la LXXI Conferencia Sectorial de Empleo y Asuntos Laborales, donde ha hecho hincapi\u00e9 en la importancia de la formaci\u00f3n profesional continua para las personas que est\u00e1n trabajando. \u00abTenemos que actuar conjuntamente, CC.AA, agentes sociales y Administraci\u00f3n para mejorar todo lo relativo a la formaci\u00f3n: reglada, profesional y dual\u00bb.<\/p>\n<p>La titular de Trabajo ha expresado la voluntad un\u00e1nime del Ministerio y de los representantes de las CCAA de crear un grupo de trabajo para llegar a un acuerdo en materia de reordenaci\u00f3n de la protecci\u00f3n asistencial para el PREPARA, Renta Activa de Inserci\u00f3n y PAE.<\/p>\n<p>Adem\u00e1s, la titular de Trabajo ha anunciado que se est\u00e1 elaborando un Real Decreto para evitar que hasta un m\u00e1ximo de 42.000 personas se queden sin la protecci\u00f3n del Plan de Activaci\u00f3n para el Empleo (PAE). Este decreto modifica el texto del PAE, de forma que las personas que ten\u00edan suspendido el subsidio -por ejemplo, por haber firmado un contrato de trabajo de forma temporal- puedan reanudar el cobro de esta ayuda de 430 euros mensuales que ten\u00edan previamente reconocida si vuelven a la situaci\u00f3n de desempleo.<\/p>\n<p>El pr\u00f3ximo 1 de agosto se celebrar\u00e1 por v\u00eda telem\u00e1tica una Conferencia Sectorial de Empleo que deber\u00e1 dar el visto bueno a este real decreto, dotado con una partida de 50 millones de euros, y que la ministra de Trabajo espera poder llevar al Consejo de Ministros el 3 de agosto.<br \/>\nOtro tema abordado en la Conferencia ha sido la recuperaci\u00f3n del subsidio de mayores de 52 a\u00f1os y la necesidad de trabajar en un plan estrat\u00e9gico de empleo para j\u00f3venes, as\u00ed como revisar el Plan de Garant\u00eda Juvenil, un plan de empleo especial para los parados de larga duraci\u00f3n de todas las edades. \u00abAdem\u00e1s, la cuesti\u00f3n de g\u00e9nero se va a tener en cuenta en todos los planes que llevemos a cabo\u00bb, ha a\u00f1adido.<\/p>\n<p>Y todo ello, seg\u00fan ha afirmado Valerio, respetando la Constituci\u00f3n, a trav\u00e9s de la coordinaci\u00f3n, la unanimidad y el di\u00e1logo social.<\/p>\n<p><strong>Distribuci\u00f3n de fondos<\/strong><\/p>\n<p>En la Conferencia se ha acordado tambi\u00e9n el reparto complementario de 71,3 millones de euros a las comunidades aut\u00f3nomas para pol\u00edticas activas de empleo. Esta cantidad se a\u00f1aden a los 2.054,8 millones de euros, distribuidos en la Conferencia Sectorial, celebrada el pasado d\u00eda 17 de abril, dado que la cuant\u00eda destinada en los Presupuestos Generales del Estado de 2018, es mayor y alcanza la suma de 2.126,1 millones.<\/p>\n<p>Los criterios de distribuci\u00f3n de los fondos a las CC.AA para pol\u00edticas activas de empleo son equivalentes a los fijados en la anterior Conferencia Sectorial de Empleo y Asuntos Laborales. La distribuci\u00f3n territorializada por comunidades aut\u00f3nomas se recoge desglosada por aplicaciones del presupuesto de gastos del Servicio P\u00fablico de Empleo Estatal y del Ministerio de Trabajo, Migraciones y Seguridad Social para el a\u00f1o 2018.<\/p>\n","protected":false},"excerpt":{"rendered":"<p>La ministra de Trabajo, Migraciones y Seguridad Social, Magdalena Valerio, ha tendido la mano a las Comunidades Aut\u00f3nomas para transitar por un camino de consenso con un objetivo prioritario: \u00abQue todas las personas desempleadas encuentren un trabajo digno, de calidad y decente\u00bb. \u200bLa ministra ha hecho estas declaraciones tras presidir hoy la LXXI Conferencia Sectorial<\/p>\n","protected":false},"author":1,"featured_media":101214,"comment_status":"closed","ping_status":"closed","sticky":false,"template":"","format":"standard","meta":{"footnotes":""},"categories":[343],"tags":[],"class_list":{"0":"post-101213","1":"post","2":"type-post","3":"status-publish","4":"format-standard","5":"has-post-thumbnail","7":"category-actualidad"},"aioseo_notices":[],"aioseo_head":"\n\t\t<!-- All in One SEO Pro 4.9.6.2 - aioseo.com -->\n\t<meta name=\"description\" content=\"La ministra de Trabajo, Migraciones y Seguridad Social, Magdalena Valerio, ha tendido la mano a las Comunidades Aut\u00f3nomas para transitar por un camino de consenso con un objetivo prioritario: &quot;Que todas las personas desempleadas encuentren un trabajo digno, de calidad y decente&quot;. \u200bLa ministra ha hecho estas declaraciones tras presidir hoy la LXXI Conferencia Sectorial\" \/>\n\t<meta name=\"robots\" content=\"max-image-preview:large\" \/>\n\t<meta name=\"author\" content=\"Cand\u00e1s 365\"\/>\n\t<meta name=\"google-site-verification\" content=\"UA-32230408-1\" \/>\n\t<meta name=\"msvalidate.01\" content=\"354F3CDFB2DA171B47FBE9ABF1F88D5\" \/>\n\t<meta name=\"keywords\" content=\"actualidad\" \/>\n\t<link rel=\"canonical\" href=\"https:\/\/candas365.es\/noticias\/valerio-apuesta-por-un-un-trabajo-digno-de-calidad-y-decente\/\" \/>\n\t<meta name=\"generator\" content=\"All in One SEO Pro (AIOSEO) 4.9.6.2\" \/>\n\t\t<meta property=\"og:locale\" content=\"es_ES\" \/>\n\t\t<meta property=\"og:site_name\" content=\"Cand\u00e1s 365\" \/>\n\t\t<meta property=\"og:type\" content=\"article\" \/>\n\t\t<meta property=\"og:title\" content=\"Valerio apuesta por un \u201cun trabajo digno, de calidad y decente\u201d | Cand\u00e1s 365\" \/>\n\t\t<meta property=\"og:description\" content=\"La ministra de Trabajo, Migraciones y Seguridad Social, Magdalena Valerio, ha tendido la mano a las Comunidades Aut\u00f3nomas para transitar por un camino de consenso con un objetivo prioritario: &quot;Que todas las personas desempleadas encuentren un trabajo digno, de calidad y decente&quot;. \u200bLa ministra ha hecho estas declaraciones tras presidir hoy la LXXI Conferencia Sectorial\" \/>\n\t\t<meta property=\"og:url\" content=\"https:\/\/candas365.es\/noticias\/valerio-apuesta-por-un-un-trabajo-digno-de-calidad-y-decente\/\" \/>\n\t\t<meta property=\"og:image\" content=\"https:\/\/candas365.es\/noticias\/wp-content\/uploads\/2018\/07\/250718-valerio.jpg\" \/>\n\t\t<meta property=\"og:image:secure_url\" content=\"https:\/\/candas365.es\/noticias\/wp-content\/uploads\/2018\/07\/250718-valerio.jpg\" \/>\n\t\t<meta property=\"og:image:width\" content=\"496\" \/>\n\t\t<meta property=\"og:image:height\" content=\"329\" \/>\n\t\t<meta property=\"article:published_time\" content=\"2018-07-26T14:40:19+00:00\" \/>\n\t\t<meta property=\"article:modified_time\" content=\"2018-07-26T14:40:19+00:00\" \/>\n\t\t<meta property=\"article:publisher\" content=\"https:\/\/www.facebook.com\/Nachofdezber\" \/>\n\t\t<meta property=\"article:author\" content=\"https:\/\/www.facebook.com\/carrenoactualidad\" \/>\n\t\t<meta name=\"twitter:card\" content=\"summary_large_image\" \/>\n\t\t<meta name=\"twitter:site\" content=\"@NabercoDigital\" \/>\n\t\t<meta name=\"twitter:title\" content=\"Valerio apuesta por un \u201cun trabajo digno, de calidad y decente\u201d | Cand\u00e1s 365\" \/>\n\t\t<meta name=\"twitter:description\" content=\"La ministra de Trabajo, Migraciones y Seguridad Social, Magdalena Valerio, ha tendido la mano a las Comunidades Aut\u00f3nomas para transitar por un camino de consenso con un objetivo prioritario: &quot;Que todas las personas desempleadas encuentren un trabajo digno, de calidad y decente&quot;. \u200bLa ministra ha hecho estas declaraciones tras presidir hoy la LXXI Conferencia Sectorial\" \/>\n\t\t<meta name=\"twitter:creator\" content=\"@nbasturias\" \/>\n\t\t<meta name=\"twitter:image\" content=\"https:\/\/candas365.es\/noticias\/wp-content\/uploads\/2018\/07\/250718-valerio.jpg\" \/>\n\t\t<meta name=\"twitter:label1\" content=\"Escrito por\" \/>\n\t\t<meta name=\"twitter:data1\" content=\"Cand\u00e1s 365\" \/>\n\t\t<meta name=\"twitter:label2\" content=\"Tiempo de lectura estimado\" \/>\n\t\t<meta name=\"twitter:data2\" content=\"3 minutos\" \/>\n\t\t<script type=\"application\/ld+json\" class=\"aioseo-schema\">\n\t\t\t{\"@context\":\"https:\\\/\\\/schema.org\",\"@graph\":[{\"@type\":\"BreadcrumbList\",\"@id\":\"https:\\\/\\\/candas365.es\\\/noticias\\\/valerio-apuesta-por-un-un-trabajo-digno-de-calidad-y-decente\\\/#breadcrumblist\",\"itemListElement\":[{\"@type\":\"ListItem\",\"@id\":\"https:\\\/\\\/candas365.es\\\/noticias#listItem\",\"position\":1,\"name\":\"Home\",\"item\":\"https:\\\/\\\/candas365.es\\\/noticias\",\"nextItem\":{\"@type\":\"ListItem\",\"@id\":\"https:\\\/\\\/candas365.es\\\/noticias\\\/category\\\/actualidad\\\/#listItem\",\"name\":\"Actualidad\"}},{\"@type\":\"ListItem\",\"@id\":\"https:\\\/\\\/candas365.es\\\/noticias\\\/category\\\/actualidad\\\/#listItem\",\"position\":2,\"name\":\"Actualidad\",\"item\":\"https:\\\/\\\/candas365.es\\\/noticias\\\/category\\\/actualidad\\\/\",\"nextItem\":{\"@type\":\"ListItem\",\"@id\":\"https:\\\/\\\/candas365.es\\\/noticias\\\/valerio-apuesta-por-un-un-trabajo-digno-de-calidad-y-decente\\\/#listItem\",\"name\":\"Valerio apuesta por un \\u201cun trabajo digno, de calidad y decente\\u201d\"},\"previousItem\":{\"@type\":\"ListItem\",\"@id\":\"https:\\\/\\\/candas365.es\\\/noticias#listItem\",\"name\":\"Home\"}},{\"@type\":\"ListItem\",\"@id\":\"https:\\\/\\\/candas365.es\\\/noticias\\\/valerio-apuesta-por-un-un-trabajo-digno-de-calidad-y-decente\\\/#listItem\",\"position\":3,\"name\":\"Valerio apuesta por un \\u201cun trabajo digno, de calidad y decente\\u201d\",\"previousItem\":{\"@type\":\"ListItem\",\"@id\":\"https:\\\/\\\/candas365.es\\\/noticias\\\/category\\\/actualidad\\\/#listItem\",\"name\":\"Actualidad\"}}]},{\"@type\":\"NewsArticle\",\"@id\":\"https:\\\/\\\/candas365.es\\\/noticias\\\/valerio-apuesta-por-un-un-trabajo-digno-de-calidad-y-decente\\\/#newsarticle\",\"name\":\"Valerio apuesta por un \\u201cun trabajo digno, de calidad y decente\\u201d | Cand\\u00e1s 365\",\"headline\":\"Valerio apuesta por un \\u201cun trabajo digno, de calidad y decente\\u201d\",\"author\":{\"@id\":\"https:\\\/\\\/candas365.es\\\/noticias\\\/author\\\/admin\\\/#author\"},\"publisher\":{\"@id\":\"https:\\\/\\\/candas365.es\\\/noticias\\\/#organization\"},\"image\":{\"@type\":\"ImageObject\",\"url\":\"https:\\\/\\\/candas365.es\\\/noticias\\\/wp-content\\\/uploads\\\/2018\\\/07\\\/250718-valerio.jpg\",\"width\":496,\"height\":329},\"datePublished\":\"2018-07-26T14:40:19+02:00\",\"dateModified\":\"2018-07-26T14:40:19+02:00\",\"inLanguage\":\"es-ES\",\"mainEntityOfPage\":{\"@id\":\"https:\\\/\\\/candas365.es\\\/noticias\\\/valerio-apuesta-por-un-un-trabajo-digno-de-calidad-y-decente\\\/#webpage\"},\"isPartOf\":{\"@id\":\"https:\\\/\\\/candas365.es\\\/noticias\\\/valerio-apuesta-por-un-un-trabajo-digno-de-calidad-y-decente\\\/#webpage\"},\"articleSection\":\"Actualidad\",\"dateline\":\"Publicado el julio 26, 2018.\"},{\"@type\":\"Organization\",\"@id\":\"https:\\\/\\\/candas365.es\\\/noticias\\\/#organization\",\"name\":\"Cand\\u00e1s 365\",\"description\":\"Cand\\u00e1s 365 es un diario digital independiente, fundado en 2012, con base en Asturias. Informamos con rigor sobre actualidad, sociedad, cultura y ocio, con una mirada local y global.\",\"url\":\"https:\\\/\\\/candas365.es\\\/noticias\\\/\",\"email\":\"info@candas365.es\",\"telephone\":\"+34652131393\",\"foundingDate\":\"2012-06-10\",\"logo\":{\"@type\":\"ImageObject\",\"url\":\"https:\\\/\\\/candas365.es\\\/noticias\\\/wp-content\\\/uploads\\\/2024\\\/09\\\/Candas-365-Redes.jpg\",\"@id\":\"https:\\\/\\\/candas365.es\\\/noticias\\\/valerio-apuesta-por-un-un-trabajo-digno-de-calidad-y-decente\\\/#organizationLogo\",\"width\":1152,\"height\":864,\"caption\":\"Cand\\u00e1s 365 Redes\"},\"image\":{\"@id\":\"https:\\\/\\\/candas365.es\\\/noticias\\\/valerio-apuesta-por-un-un-trabajo-digno-de-calidad-y-decente\\\/#organizationLogo\"},\"sameAs\":[\"https:\\\/\\\/www.facebook.com\\\/Nachofdezber\",\"https:\\\/\\\/x.com\\\/NabercoDigital\",\"https:\\\/\\\/www.instagram.com\\\/nachofdezber\\\/\",\"https:\\\/\\\/www.youtube.com\\\/channel\\\/UCZP-2wLEB9Rv6erhFmqVnvg\"],\"address\":{\"@id\":\"https:\\\/\\\/candas365.es\\\/noticias\\\/#postaladdress\",\"@type\":\"PostalAddress\",\"streetAddress\":\"san antonio 4, san antonio 4\",\"postalCode\":\"33430\",\"addressLocality\":\"Cand\\u00e1s\",\"addressRegion\":\"Asturias\",\"addressCountry\":\"ES\"}},{\"@type\":\"Person\",\"@id\":\"https:\\\/\\\/candas365.es\\\/noticias\\\/author\\\/admin\\\/#author\",\"url\":\"https:\\\/\\\/candas365.es\\\/noticias\\\/author\\\/admin\\\/\",\"name\":\"Cand\\u00e1s 365\",\"image\":{\"@type\":\"ImageObject\",\"@id\":\"https:\\\/\\\/candas365.es\\\/noticias\\\/valerio-apuesta-por-un-un-trabajo-digno-de-calidad-y-decente\\\/#authorImage\",\"url\":\"https:\\\/\\\/secure.gravatar.com\\\/avatar\\\/496a8e03d0c493ede1718b7934145dbdf8d89be1036b0eec9544e1094c9de390?s=96&d=mm&r=g\",\"width\":96,\"height\":96,\"caption\":\"Cand\\u00e1s 365\"},\"sameAs\":[\"https:\\\/\\\/www.facebook.com\\\/carrenoactualidad\",\"https:\\\/\\\/twitter.com\\\/nbasturias\",\"https:\\\/\\\/www.instagram.com\\\/nachofdezber\\\/\",\"https:\\\/\\\/www.youtube.com\\\/channel\\\/UCZP-2wLEB9Rv6erhFmqVnvg\"]},{\"@type\":\"WebPage\",\"@id\":\"https:\\\/\\\/candas365.es\\\/noticias\\\/valerio-apuesta-por-un-un-trabajo-digno-de-calidad-y-decente\\\/#webpage\",\"url\":\"https:\\\/\\\/candas365.es\\\/noticias\\\/valerio-apuesta-por-un-un-trabajo-digno-de-calidad-y-decente\\\/\",\"name\":\"Valerio apuesta por un \\u201cun trabajo digno, de calidad y decente\\u201d | Cand\\u00e1s 365\",\"description\":\"La ministra de Trabajo, Migraciones y Seguridad Social, Magdalena Valerio, ha tendido la mano a las Comunidades Aut\\u00f3nomas para transitar por un camino de consenso con un objetivo prioritario: \\\"Que todas las personas desempleadas encuentren un trabajo digno, de calidad y decente\\\". \\u200bLa ministra ha hecho estas declaraciones tras presidir hoy la LXXI Conferencia Sectorial\",\"inLanguage\":\"es-ES\",\"isPartOf\":{\"@id\":\"https:\\\/\\\/candas365.es\\\/noticias\\\/#website\"},\"breadcrumb\":{\"@id\":\"https:\\\/\\\/candas365.es\\\/noticias\\\/valerio-apuesta-por-un-un-trabajo-digno-de-calidad-y-decente\\\/#breadcrumblist\"},\"author\":{\"@id\":\"https:\\\/\\\/candas365.es\\\/noticias\\\/author\\\/admin\\\/#author\"},\"creator\":{\"@id\":\"https:\\\/\\\/candas365.es\\\/noticias\\\/author\\\/admin\\\/#author\"},\"image\":{\"@type\":\"ImageObject\",\"url\":\"https:\\\/\\\/candas365.es\\\/noticias\\\/wp-content\\\/uploads\\\/2018\\\/07\\\/250718-valerio.jpg\",\"@id\":\"https:\\\/\\\/candas365.es\\\/noticias\\\/valerio-apuesta-por-un-un-trabajo-digno-de-calidad-y-decente\\\/#mainImage\",\"width\":496,\"height\":329},\"primaryImageOfPage\":{\"@id\":\"https:\\\/\\\/candas365.es\\\/noticias\\\/valerio-apuesta-por-un-un-trabajo-digno-de-calidad-y-decente\\\/#mainImage\"},\"datePublished\":\"2018-07-26T14:40:19+02:00\",\"dateModified\":\"2018-07-26T14:40:19+02:00\"},{\"@type\":\"WebSite\",\"@id\":\"https:\\\/\\\/candas365.es\\\/noticias\\\/#website\",\"url\":\"https:\\\/\\\/candas365.es\\\/noticias\\\/\",\"name\":\"Cand\\u00e1s 365\",\"alternateName\":\"Cand\\u00e1s 365 Noticias\",\"description\":\"Actualidad desde Carre\\u00f1o para el mundo\",\"inLanguage\":\"es-ES\",\"publisher\":{\"@id\":\"https:\\\/\\\/candas365.es\\\/noticias\\\/#organization\"}}]}\n\t\t<\/script>\n\t\t<!-- All in One SEO Pro -->\r\n\t\t<title>Valerio apuesta por un \u201cun trabajo digno, de calidad y decente\u201d | Cand\u00e1s 365<\/title>\n\n","aioseo_head_json":{"title":"Valerio apuesta por un \u201cun trabajo digno, de calidad y decente\u201d | Cand\u00e1s 365","description":"La ministra de Trabajo, Migraciones y Seguridad Social, Magdalena Valerio, ha tendido la mano a las Comunidades Aut\u00f3nomas para transitar por un camino de consenso con un objetivo prioritario: \"Que todas las personas desempleadas encuentren un trabajo digno, de calidad y decente\". \u200bLa ministra ha hecho estas declaraciones tras presidir hoy la LXXI Conferencia Sectorial","canonical_url":"https:\/\/candas365.es\/noticias\/valerio-apuesta-por-un-un-trabajo-digno-de-calidad-y-decente\/","robots":"max-image-preview:large","keywords":"actualidad","webmasterTools":{"google-site-verification":"UA-32230408-1","msvalidate.01":"354F3CDFB2DA171B47FBE9ABF1F88D5","miscellaneous":""},"schema":{"@context":"https:\/\/schema.org","@graph":[{"@type":"BreadcrumbList","@id":"https:\/\/candas365.es\/noticias\/valerio-apuesta-por-un-un-trabajo-digno-de-calidad-y-decente\/#breadcrumblist","itemListElement":[{"@type":"ListItem","@id":"https:\/\/candas365.es\/noticias#listItem","position":1,"name":"Home","item":"https:\/\/candas365.es\/noticias","nextItem":{"@type":"ListItem","@id":"https:\/\/candas365.es\/noticias\/category\/actualidad\/#listItem","name":"Actualidad"}},{"@type":"ListItem","@id":"https:\/\/candas365.es\/noticias\/category\/actualidad\/#listItem","position":2,"name":"Actualidad","item":"https:\/\/candas365.es\/noticias\/category\/actualidad\/","nextItem":{"@type":"ListItem","@id":"https:\/\/candas365.es\/noticias\/valerio-apuesta-por-un-un-trabajo-digno-de-calidad-y-decente\/#listItem","name":"Valerio apuesta por un \u201cun trabajo digno, de calidad y decente\u201d"},"previousItem":{"@type":"ListItem","@id":"https:\/\/candas365.es\/noticias#listItem","name":"Home"}},{"@type":"ListItem","@id":"https:\/\/candas365.es\/noticias\/valerio-apuesta-por-un-un-trabajo-digno-de-calidad-y-decente\/#listItem","position":3,"name":"Valerio apuesta por un \u201cun trabajo digno, de calidad y decente\u201d","previousItem":{"@type":"ListItem","@id":"https:\/\/candas365.es\/noticias\/category\/actualidad\/#listItem","name":"Actualidad"}}]},{"@type":"NewsArticle","@id":"https:\/\/candas365.es\/noticias\/valerio-apuesta-por-un-un-trabajo-digno-de-calidad-y-decente\/#newsarticle","name":"Valerio apuesta por un \u201cun trabajo digno, de calidad y decente\u201d | Cand\u00e1s 365","headline":"Valerio apuesta por un \u201cun trabajo digno, de calidad y decente\u201d","author":{"@id":"https:\/\/candas365.es\/noticias\/author\/admin\/#author"},"publisher":{"@id":"https:\/\/candas365.es\/noticias\/#organization"},"image":{"@type":"ImageObject","url":"https:\/\/candas365.es\/noticias\/wp-content\/uploads\/2018\/07\/250718-valerio.jpg","width":496,"height":329},"datePublished":"2018-07-26T14:40:19+02:00","dateModified":"2018-07-26T14:40:19+02:00","inLanguage":"es-ES","mainEntityOfPage":{"@id":"https:\/\/candas365.es\/noticias\/valerio-apuesta-por-un-un-trabajo-digno-de-calidad-y-decente\/#webpage"},"isPartOf":{"@id":"https:\/\/candas365.es\/noticias\/valerio-apuesta-por-un-un-trabajo-digno-de-calidad-y-decente\/#webpage"},"articleSection":"Actualidad","dateline":"Publicado el julio 26, 2018."},{"@type":"Organization","@id":"https:\/\/candas365.es\/noticias\/#organization","name":"Cand\u00e1s 365","description":"Cand\u00e1s 365 es un diario digital independiente, fundado en 2012, con base en Asturias. Informamos con rigor sobre actualidad, sociedad, cultura y ocio, con una mirada local y global.","url":"https:\/\/candas365.es\/noticias\/","email":"info@candas365.es","telephone":"+34652131393","foundingDate":"2012-06-10","logo":{"@type":"ImageObject","url":"https:\/\/candas365.es\/noticias\/wp-content\/uploads\/2024\/09\/Candas-365-Redes.jpg","@id":"https:\/\/candas365.es\/noticias\/valerio-apuesta-por-un-un-trabajo-digno-de-calidad-y-decente\/#organizationLogo","width":1152,"height":864,"caption":"Cand\u00e1s 365 Redes"},"image":{"@id":"https:\/\/candas365.es\/noticias\/valerio-apuesta-por-un-un-trabajo-digno-de-calidad-y-decente\/#organizationLogo"},"sameAs":["https:\/\/www.facebook.com\/Nachofdezber","https:\/\/x.com\/NabercoDigital","https:\/\/www.instagram.com\/nachofdezber\/","https:\/\/www.youtube.com\/channel\/UCZP-2wLEB9Rv6erhFmqVnvg"],"address":{"@id":"https:\/\/candas365.es\/noticias\/#postaladdress","@type":"PostalAddress","streetAddress":"san antonio 4, san antonio 4","postalCode":"33430","addressLocality":"Cand\u00e1s","addressRegion":"Asturias","addressCountry":"ES"}},{"@type":"Person","@id":"https:\/\/candas365.es\/noticias\/author\/admin\/#author","url":"https:\/\/candas365.es\/noticias\/author\/admin\/","name":"Cand\u00e1s 365","image":{"@type":"ImageObject","@id":"https:\/\/candas365.es\/noticias\/valerio-apuesta-por-un-un-trabajo-digno-de-calidad-y-decente\/#authorImage","url":"https:\/\/secure.gravatar.com\/avatar\/496a8e03d0c493ede1718b7934145dbdf8d89be1036b0eec9544e1094c9de390?s=96&d=mm&r=g","width":96,"height":96,"caption":"Cand\u00e1s 365"},"sameAs":["https:\/\/www.facebook.com\/carrenoactualidad","https:\/\/twitter.com\/nbasturias","https:\/\/www.instagram.com\/nachofdezber\/","https:\/\/www.youtube.com\/channel\/UCZP-2wLEB9Rv6erhFmqVnvg"]},{"@type":"WebPage","@id":"https:\/\/candas365.es\/noticias\/valerio-apuesta-por-un-un-trabajo-digno-de-calidad-y-decente\/#webpage","url":"https:\/\/candas365.es\/noticias\/valerio-apuesta-por-un-un-trabajo-digno-de-calidad-y-decente\/","name":"Valerio apuesta por un \u201cun trabajo digno, de calidad y decente\u201d | Cand\u00e1s 365","description":"La ministra de Trabajo, Migraciones y Seguridad Social, Magdalena Valerio, ha tendido la mano a las Comunidades Aut\u00f3nomas para transitar por un camino de consenso con un objetivo prioritario: \"Que todas las personas desempleadas encuentren un trabajo digno, de calidad y decente\". \u200bLa ministra ha hecho estas declaraciones tras presidir hoy la LXXI Conferencia Sectorial","inLanguage":"es-ES","isPartOf":{"@id":"https:\/\/candas365.es\/noticias\/#website"},"breadcrumb":{"@id":"https:\/\/candas365.es\/noticias\/valerio-apuesta-por-un-un-trabajo-digno-de-calidad-y-decente\/#breadcrumblist"},"author":{"@id":"https:\/\/candas365.es\/noticias\/author\/admin\/#author"},"creator":{"@id":"https:\/\/candas365.es\/noticias\/author\/admin\/#author"},"image":{"@type":"ImageObject","url":"https:\/\/candas365.es\/noticias\/wp-content\/uploads\/2018\/07\/250718-valerio.jpg","@id":"https:\/\/candas365.es\/noticias\/valerio-apuesta-por-un-un-trabajo-digno-de-calidad-y-decente\/#mainImage","width":496,"height":329},"primaryImageOfPage":{"@id":"https:\/\/candas365.es\/noticias\/valerio-apuesta-por-un-un-trabajo-digno-de-calidad-y-decente\/#mainImage"},"datePublished":"2018-07-26T14:40:19+02:00","dateModified":"2018-07-26T14:40:19+02:00"},{"@type":"WebSite","@id":"https:\/\/candas365.es\/noticias\/#website","url":"https:\/\/candas365.es\/noticias\/","name":"Cand\u00e1s 365","alternateName":"Cand\u00e1s 365 Noticias","description":"Actualidad desde Carre\u00f1o para el mundo","inLanguage":"es-ES","publisher":{"@id":"https:\/\/candas365.es\/noticias\/#organization"}}]},"og:locale":"es_ES","og:site_name":"Cand\u00e1s 365","og:type":"article","og:title":"Valerio apuesta por un \u201cun trabajo digno, de calidad y decente\u201d | Cand\u00e1s 365","og:description":"La ministra de Trabajo, Migraciones y Seguridad Social, Magdalena Valerio, ha tendido la mano a las Comunidades Aut\u00f3nomas para transitar por un camino de consenso con un objetivo prioritario: &quot;Que todas las personas desempleadas encuentren un trabajo digno, de calidad y decente&quot;. \u200bLa ministra ha hecho estas declaraciones tras presidir hoy la LXXI Conferencia Sectorial","og:url":"https:\/\/candas365.es\/noticias\/valerio-apuesta-por-un-un-trabajo-digno-de-calidad-y-decente\/","og:image":"https:\/\/candas365.es\/noticias\/wp-content\/uploads\/2018\/07\/250718-valerio.jpg","og:image:secure_url":"https:\/\/candas365.es\/noticias\/wp-content\/uploads\/2018\/07\/250718-valerio.jpg","og:image:width":496,"og:image:height":329,"article:published_time":"2018-07-26T14:40:19+00:00","article:modified_time":"2018-07-26T14:40:19+00:00","article:publisher":"https:\/\/www.facebook.com\/Nachofdezber","article:author":"https:\/\/www.facebook.com\/carrenoactualidad","twitter:card":"summary_large_image","twitter:site":"@NabercoDigital","twitter:title":"Valerio apuesta por un \u201cun trabajo digno, de calidad y decente\u201d | Cand\u00e1s 365","twitter:description":"La ministra de Trabajo, Migraciones y Seguridad Social, Magdalena Valerio, ha tendido la mano a las Comunidades Aut\u00f3nomas para transitar por un camino de consenso con un objetivo prioritario: &quot;Que todas las personas desempleadas encuentren un trabajo digno, de calidad y decente&quot;. \u200bLa ministra ha hecho estas declaraciones tras presidir hoy la LXXI Conferencia Sectorial","twitter:creator":"@nbasturias","twitter:image":"https:\/\/candas365.es\/noticias\/wp-content\/uploads\/2018\/07\/250718-valerio.jpg","twitter:label1":"Escrito por","twitter:data1":"Cand\u00e1s 365","twitter:label2":"Tiempo de lectura estimado","twitter:data2":"3 minutos"},"aioseo_meta_data":{"post_id":"101213","title":null,"description":null,"keywords":null,"keyphrases":null,"primary_term":null,"canonical_url":null,"og_title":null,"og_description":null,"og_object_type":"default","og_image_type":"default","og_image_url":null,"og_image_width":null,"og_image_height":null,"og_image_custom_url":null,"og_image_custom_fields":null,"og_video":null,"og_custom_url":null,"og_article_section":null,"og_article_tags":null,"twitter_use_og":false,"twitter_card":"default","twitter_image_type":"default","twitter_image_url":null,"twitter_image_custom_url":null,"twitter_image_custom_fields":null,"twitter_title":null,"twitter_description":null,"schema":{"blockGraphs":[],"customGraphs":[],"default":{"data":{"Article":[],"Course":[],"Dataset":[],"FAQPage":[],"Movie":[],"Person":[],"Product":[],"ProductReview":[],"Car":[],"Recipe":[],"Service":[],"SoftwareApplication":[],"WebPage":[]},"graphName":"","isEnabled":true},"graphs":[],"defaultGraph":"","defaultPostTypeGraph":""},"schema_type":null,"schema_type_options":null,"pillar_content":false,"robots_default":true,"robots_noindex":false,"robots_noarchive":false,"robots_nosnippet":false,"robots_nofollow":false,"robots_noimageindex":false,"robots_noodp":false,"robots_notranslate":false,"robots_max_snippet":null,"robots_max_videopreview":null,"robots_max_imagepreview":"large","priority":null,"frequency":null,"location":null,"local_seo":null,"seo_analyzer_scan_date":"2025-08-27 10:54:14","breadcrumb_settings":null,"limit_modified_date":false,"reviewed_by":null,"open_ai":null,"ai":null,"created":"2020-12-21 11:48:13","updated":"2025-08-27 10:54:14"},"aioseo_breadcrumb":"<div class=\"aioseo-breadcrumbs\"><span class=\"aioseo-breadcrumb\">\n\t<a href=\"https:\/\/candas365.es\/noticias\" title=\"Home\">Home<\/a>\n<\/span><span class=\"aioseo-breadcrumb-separator\">&ndash;<\/span><span class=\"aioseo-breadcrumb\">\n\t<a href=\"https:\/\/candas365.es\/noticias\/category\/actualidad\/\" title=\"Actualidad\">Actualidad<\/a>\n<\/span><span class=\"aioseo-breadcrumb-separator\">&ndash;<\/span><span class=\"aioseo-breadcrumb\">\n\tValerio apuesta por un \u201cun trabajo digno, de calidad y decente\u201d\n<\/span><\/div>","aioseo_breadcrumb_json":[{"label":"Home","link":"https:\/\/candas365.es\/noticias"},{"label":"Actualidad","link":"https:\/\/candas365.es\/noticias\/category\/actualidad\/"},{"label":"Valerio apuesta por un \u201cun trabajo digno, de calidad y decente\u201d","link":"https:\/\/candas365.es\/noticias\/valerio-apuesta-por-un-un-trabajo-digno-de-calidad-y-decente\/"}],"_links":{"self":[{"href":"https:\/\/candas365.es\/noticias\/wp-json\/wp\/v2\/posts\/101213","targetHints":{"allow":["GET"]}}],"collection":[{"href":"https:\/\/candas365.es\/noticias\/wp-json\/wp\/v2\/posts"}],"about":[{"href":"https:\/\/candas365.es\/noticias\/wp-json\/wp\/v2\/types\/post"}],"author":[{"embeddable":true,"href":"https:\/\/candas365.es\/noticias\/wp-json\/wp\/v2\/users\/1"}],"replies":[{"embeddable":true,"href":"https:\/\/candas365.es\/noticias\/wp-json\/wp\/v2\/comments?post=101213"}],"version-history":[{"count":0,"href":"https:\/\/candas365.es\/noticias\/wp-json\/wp\/v2\/posts\/101213\/revisions"}],"wp:featuredmedia":[{"embeddable":true,"href":"https:\/\/candas365.es\/noticias\/wp-json\/wp\/v2\/media\/101214"}],"wp:attachment":[{"href":"https:\/\/candas365.es\/noticias\/wp-json\/wp\/v2\/media?parent=101213"}],"wp:term":[{"taxonomy":"category","embeddable":true,"href":"https:\/\/candas365.es\/noticias\/wp-json\/wp\/v2\/categories?post=101213"},{"taxonomy":"post_tag","embeddable":true,"href":"https:\/\/candas365.es\/noticias\/wp-json\/wp\/v2\/tags?post=101213"}],"curies":[{"name":"wp","href":"https:\/\/api.w.org\/{rel}","templated":true}]}}