{"id":101176,"date":"2018-07-25T21:42:55","date_gmt":"2018-07-25T21:42:55","guid":{"rendered":"http:\/\/candas365.es\/noticias\/?p=101176"},"modified":"2018-07-25T21:42:55","modified_gmt":"2018-07-25T21:42:55","slug":"girauta-a-sanchez-empiece-a-tratar-lo-publico-como-lo-que-es","status":"publish","type":"post","link":"https:\/\/candas365.es\/noticias\/girauta-a-sanchez-empiece-a-tratar-lo-publico-como-lo-que-es\/","title":{"rendered":"Girauta a S\u00e1nchez: &#8216;Empiece a tratar lo p\u00fablico como lo que es\u00bb"},"content":{"rendered":"<p><img fetchpriority=\"high\" decoding=\"async\" class=\"alignleft size-medium wp-image-101177\" src=\"https:\/\/candas365.es\/noticias\/wp-content\/uploads\/2018\/07\/5938044195598085277-360x246.jpg\" alt=\"\" width=\"360\" height=\"246\" srcset=\"https:\/\/candas365.es\/noticias\/wp-content\/uploads\/2018\/07\/5938044195598085277-360x246.jpg 360w, https:\/\/candas365.es\/noticias\/wp-content\/uploads\/2018\/07\/5938044195598085277-768x525.jpg 768w, https:\/\/candas365.es\/noticias\/wp-content\/uploads\/2018\/07\/5938044195598085277-655x448.jpg 655w, https:\/\/candas365.es\/noticias\/wp-content\/uploads\/2018\/07\/5938044195598085277-218x150.jpg 218w, https:\/\/candas365.es\/noticias\/wp-content\/uploads\/2018\/07\/5938044195598085277-696x476.jpg 696w, https:\/\/candas365.es\/noticias\/wp-content\/uploads\/2018\/07\/5938044195598085277-1068x730.jpg 1068w, https:\/\/candas365.es\/noticias\/wp-content\/uploads\/2018\/07\/5938044195598085277-614x420.jpg 614w, https:\/\/candas365.es\/noticias\/wp-content\/uploads\/2018\/07\/5938044195598085277.jpg 1280w\" sizes=\"(max-width: 360px) 100vw, 360px\" \/>El portavoz del Grupo Parlamentario Ciudadanos (GPCs), <strong>Juan Carlos Girauta<\/strong>, ha exigido a Pedro S\u00e1nchez que \u201cempiece a tratar lo p\u00fablico como lo que es, sea la televisi\u00f3n o el avi\u00f3n presidencial\u201d. \u201cDejen de hacer da\u00f1o a RTVE\u201d, ha espetado Girauta al Gobierno.<\/p>\n<p>\u201cLa extra\u00f1a coalici\u00f3n\u201d que da apoyo al Gobierno \u201cabunda ahora en el dedazo en RTVE\u201d, ha subrayado el portavoz del GPCs, quien ha recordado que \u201cCiudadanos se ha ausentado de las votaciones del decretazo para no ser c\u00f3mplices de esta cacicada\u201d. El diputado del partido liberal ha se\u00f1alado que \u201cel Ejecutivo no siente verg\u00fcenza cuando vota dedazos, pero Ciudadanos s\u00ed la siente\u201d.<\/p>\n<p>Durante la Diputaci\u00f3n Permanente del Congreso, Girauta ha invitado a la candidata a administradora \u00fanica de la radio y televisi\u00f3n p\u00fablicas, Rosa Mar\u00eda Mateo, a \u201cpresentarse al concurso legalmente establecido porque es la \u00fanica garant\u00eda de dirigir RTVE gracias a la meritocracia\u201d.<\/p>\n","protected":false},"excerpt":{"rendered":"<p>El portavoz del Grupo Parlamentario Ciudadanos (GPCs), Juan Carlos Girauta, ha exigido a Pedro S\u00e1nchez que \u201cempiece a tratar lo p\u00fablico como lo que es, sea la televisi\u00f3n o el avi\u00f3n presidencial\u201d. \u201cDejen de hacer da\u00f1o a RTVE\u201d, ha espetado Girauta al Gobierno. \u201cLa extra\u00f1a coalici\u00f3n\u201d que da apoyo al Gobierno \u201cabunda ahora en el<\/p>\n","protected":false},"author":1,"featured_media":101177,"comment_status":"closed","ping_status":"closed","sticky":false,"template":"","format":"standard","meta":{"footnotes":""},"categories":[343],"tags":[],"class_list":{"0":"post-101176","1":"post","2":"type-post","3":"status-publish","4":"format-standard","5":"has-post-thumbnail","7":"category-actualidad"},"aioseo_notices":[],"aioseo_head":"\n\t\t<!-- All in One SEO Pro 4.9.6.2 - aioseo.com -->\n\t<meta name=\"description\" content=\"El portavoz del Grupo Parlamentario Ciudadanos (GPCs), Juan Carlos Girauta, ha exigido a Pedro S\u00e1nchez que \u201cempiece a tratar lo p\u00fablico como lo que es, sea la televisi\u00f3n o el avi\u00f3n presidencial\u201d. \u201cDejen de hacer da\u00f1o a RTVE\u201d, ha espetado Girauta al Gobierno. \u201cLa extra\u00f1a coalici\u00f3n\u201d que da apoyo al Gobierno \u201cabunda ahora en el\" \/>\n\t<meta name=\"robots\" content=\"max-image-preview:large\" \/>\n\t<meta name=\"author\" content=\"Cand\u00e1s 365\"\/>\n\t<meta name=\"google-site-verification\" content=\"UA-32230408-1\" \/>\n\t<meta name=\"msvalidate.01\" content=\"354F3CDFB2DA171B47FBE9ABF1F88D5\" \/>\n\t<meta name=\"keywords\" content=\"actualidad\" \/>\n\t<link rel=\"canonical\" href=\"https:\/\/candas365.es\/noticias\/girauta-a-sanchez-empiece-a-tratar-lo-publico-como-lo-que-es\/\" \/>\n\t<meta name=\"generator\" content=\"All in One SEO Pro (AIOSEO) 4.9.6.2\" \/>\n\t\t<meta property=\"og:locale\" content=\"es_ES\" \/>\n\t\t<meta property=\"og:site_name\" content=\"Cand\u00e1s 365\" \/>\n\t\t<meta property=\"og:type\" content=\"article\" \/>\n\t\t<meta property=\"og:title\" content=\"Girauta a S\u00e1nchez: \u2018Empiece a tratar lo p\u00fablico como lo que es\u00bb | Cand\u00e1s 365\" \/>\n\t\t<meta property=\"og:description\" content=\"El portavoz del Grupo Parlamentario Ciudadanos (GPCs), Juan Carlos Girauta, ha exigido a Pedro S\u00e1nchez que \u201cempiece a tratar lo p\u00fablico como lo que es, sea la televisi\u00f3n o el avi\u00f3n presidencial\u201d. \u201cDejen de hacer da\u00f1o a RTVE\u201d, ha espetado Girauta al Gobierno. \u201cLa extra\u00f1a coalici\u00f3n\u201d que da apoyo al Gobierno \u201cabunda ahora en el\" \/>\n\t\t<meta property=\"og:url\" content=\"https:\/\/candas365.es\/noticias\/girauta-a-sanchez-empiece-a-tratar-lo-publico-como-lo-que-es\/\" \/>\n\t\t<meta property=\"og:image\" content=\"https:\/\/candas365.es\/noticias\/wp-content\/uploads\/2018\/07\/5938044195598085277.jpg\" \/>\n\t\t<meta property=\"og:image:secure_url\" content=\"https:\/\/candas365.es\/noticias\/wp-content\/uploads\/2018\/07\/5938044195598085277.jpg\" \/>\n\t\t<meta property=\"og:image:width\" content=\"1280\" \/>\n\t\t<meta property=\"og:image:height\" content=\"875\" \/>\n\t\t<meta property=\"article:published_time\" content=\"2018-07-25T21:42:55+00:00\" \/>\n\t\t<meta property=\"article:modified_time\" content=\"2018-07-25T21:42:55+00:00\" \/>\n\t\t<meta property=\"article:publisher\" content=\"https:\/\/www.facebook.com\/Nachofdezber\" \/>\n\t\t<meta property=\"article:author\" content=\"https:\/\/www.facebook.com\/carrenoactualidad\" \/>\n\t\t<meta name=\"twitter:card\" content=\"summary_large_image\" \/>\n\t\t<meta name=\"twitter:site\" content=\"@NabercoDigital\" \/>\n\t\t<meta name=\"twitter:title\" content=\"Girauta a S\u00e1nchez: \u2018Empiece a tratar lo p\u00fablico como lo que es\u00bb | Cand\u00e1s 365\" \/>\n\t\t<meta name=\"twitter:description\" content=\"El portavoz del Grupo Parlamentario Ciudadanos (GPCs), Juan Carlos Girauta, ha exigido a Pedro S\u00e1nchez que \u201cempiece a tratar lo p\u00fablico como lo que es, sea la televisi\u00f3n o el avi\u00f3n presidencial\u201d. \u201cDejen de hacer da\u00f1o a RTVE\u201d, ha espetado Girauta al Gobierno. \u201cLa extra\u00f1a coalici\u00f3n\u201d que da apoyo al Gobierno \u201cabunda ahora en el\" \/>\n\t\t<meta name=\"twitter:creator\" content=\"@nbasturias\" \/>\n\t\t<meta name=\"twitter:image\" content=\"https:\/\/candas365.es\/noticias\/wp-content\/uploads\/2018\/07\/5938044195598085277.jpg\" \/>\n\t\t<meta name=\"twitter:label1\" content=\"Escrito por\" \/>\n\t\t<meta name=\"twitter:data1\" content=\"Cand\u00e1s 365\" \/>\n\t\t<meta name=\"twitter:label2\" content=\"Tiempo de lectura estimado\" \/>\n\t\t<meta name=\"twitter:data2\" content=\"1 minuto\" \/>\n\t\t<script type=\"application\/ld+json\" class=\"aioseo-schema\">\n\t\t\t{\"@context\":\"https:\\\/\\\/schema.org\",\"@graph\":[{\"@type\":\"BreadcrumbList\",\"@id\":\"https:\\\/\\\/candas365.es\\\/noticias\\\/girauta-a-sanchez-empiece-a-tratar-lo-publico-como-lo-que-es\\\/#breadcrumblist\",\"itemListElement\":[{\"@type\":\"ListItem\",\"@id\":\"https:\\\/\\\/candas365.es\\\/noticias#listItem\",\"position\":1,\"name\":\"Home\",\"item\":\"https:\\\/\\\/candas365.es\\\/noticias\",\"nextItem\":{\"@type\":\"ListItem\",\"@id\":\"https:\\\/\\\/candas365.es\\\/noticias\\\/category\\\/actualidad\\\/#listItem\",\"name\":\"Actualidad\"}},{\"@type\":\"ListItem\",\"@id\":\"https:\\\/\\\/candas365.es\\\/noticias\\\/category\\\/actualidad\\\/#listItem\",\"position\":2,\"name\":\"Actualidad\",\"item\":\"https:\\\/\\\/candas365.es\\\/noticias\\\/category\\\/actualidad\\\/\",\"nextItem\":{\"@type\":\"ListItem\",\"@id\":\"https:\\\/\\\/candas365.es\\\/noticias\\\/girauta-a-sanchez-empiece-a-tratar-lo-publico-como-lo-que-es\\\/#listItem\",\"name\":\"Girauta a S\\u00e1nchez: &#8216;Empiece a tratar lo p\\u00fablico como lo que es\\u00bb\"},\"previousItem\":{\"@type\":\"ListItem\",\"@id\":\"https:\\\/\\\/candas365.es\\\/noticias#listItem\",\"name\":\"Home\"}},{\"@type\":\"ListItem\",\"@id\":\"https:\\\/\\\/candas365.es\\\/noticias\\\/girauta-a-sanchez-empiece-a-tratar-lo-publico-como-lo-que-es\\\/#listItem\",\"position\":3,\"name\":\"Girauta a S\\u00e1nchez: &#8216;Empiece a tratar lo p\\u00fablico como lo que es\\u00bb\",\"previousItem\":{\"@type\":\"ListItem\",\"@id\":\"https:\\\/\\\/candas365.es\\\/noticias\\\/category\\\/actualidad\\\/#listItem\",\"name\":\"Actualidad\"}}]},{\"@type\":\"NewsArticle\",\"@id\":\"https:\\\/\\\/candas365.es\\\/noticias\\\/girauta-a-sanchez-empiece-a-tratar-lo-publico-como-lo-que-es\\\/#newsarticle\",\"name\":\"Girauta a S\\u00e1nchez: \\u2018Empiece a tratar lo p\\u00fablico como lo que es\\u00bb | Cand\\u00e1s 365\",\"headline\":\"Girauta a S\\u00e1nchez: &#8216;Empiece a tratar lo p\\u00fablico como lo que es\\u00bb\",\"author\":{\"@id\":\"https:\\\/\\\/candas365.es\\\/noticias\\\/author\\\/admin\\\/#author\"},\"publisher\":{\"@id\":\"https:\\\/\\\/candas365.es\\\/noticias\\\/#organization\"},\"image\":{\"@type\":\"ImageObject\",\"url\":\"https:\\\/\\\/candas365.es\\\/noticias\\\/wp-content\\\/uploads\\\/2018\\\/07\\\/5938044195598085277.jpg\",\"width\":1280,\"height\":875},\"datePublished\":\"2018-07-25T21:42:55+02:00\",\"dateModified\":\"2018-07-25T21:42:55+02:00\",\"inLanguage\":\"es-ES\",\"mainEntityOfPage\":{\"@id\":\"https:\\\/\\\/candas365.es\\\/noticias\\\/girauta-a-sanchez-empiece-a-tratar-lo-publico-como-lo-que-es\\\/#webpage\"},\"isPartOf\":{\"@id\":\"https:\\\/\\\/candas365.es\\\/noticias\\\/girauta-a-sanchez-empiece-a-tratar-lo-publico-como-lo-que-es\\\/#webpage\"},\"articleSection\":\"Actualidad\",\"dateline\":\"Publicado el julio 25, 2018.\"},{\"@type\":\"Organization\",\"@id\":\"https:\\\/\\\/candas365.es\\\/noticias\\\/#organization\",\"name\":\"Cand\\u00e1s 365\",\"description\":\"Cand\\u00e1s 365 es un diario digital independiente, fundado en 2012, con base en Asturias. Informamos con rigor sobre actualidad, sociedad, cultura y ocio, con una mirada local y global.\",\"url\":\"https:\\\/\\\/candas365.es\\\/noticias\\\/\",\"email\":\"info@candas365.es\",\"telephone\":\"+34652131393\",\"foundingDate\":\"2012-06-10\",\"logo\":{\"@type\":\"ImageObject\",\"url\":\"https:\\\/\\\/candas365.es\\\/noticias\\\/wp-content\\\/uploads\\\/2024\\\/09\\\/Candas-365-Redes.jpg\",\"@id\":\"https:\\\/\\\/candas365.es\\\/noticias\\\/girauta-a-sanchez-empiece-a-tratar-lo-publico-como-lo-que-es\\\/#organizationLogo\",\"width\":1152,\"height\":864,\"caption\":\"Cand\\u00e1s 365 Redes\"},\"image\":{\"@id\":\"https:\\\/\\\/candas365.es\\\/noticias\\\/girauta-a-sanchez-empiece-a-tratar-lo-publico-como-lo-que-es\\\/#organizationLogo\"},\"sameAs\":[\"https:\\\/\\\/www.facebook.com\\\/Nachofdezber\",\"https:\\\/\\\/x.com\\\/NabercoDigital\",\"https:\\\/\\\/www.instagram.com\\\/nachofdezber\\\/\",\"https:\\\/\\\/www.youtube.com\\\/channel\\\/UCZP-2wLEB9Rv6erhFmqVnvg\"],\"address\":{\"@id\":\"https:\\\/\\\/candas365.es\\\/noticias\\\/#postaladdress\",\"@type\":\"PostalAddress\",\"streetAddress\":\"san antonio 4, san antonio 4\",\"postalCode\":\"33430\",\"addressLocality\":\"Cand\\u00e1s\",\"addressRegion\":\"Asturias\",\"addressCountry\":\"ES\"}},{\"@type\":\"Person\",\"@id\":\"https:\\\/\\\/candas365.es\\\/noticias\\\/author\\\/admin\\\/#author\",\"url\":\"https:\\\/\\\/candas365.es\\\/noticias\\\/author\\\/admin\\\/\",\"name\":\"Cand\\u00e1s 365\",\"image\":{\"@type\":\"ImageObject\",\"@id\":\"https:\\\/\\\/candas365.es\\\/noticias\\\/girauta-a-sanchez-empiece-a-tratar-lo-publico-como-lo-que-es\\\/#authorImage\",\"url\":\"https:\\\/\\\/secure.gravatar.com\\\/avatar\\\/496a8e03d0c493ede1718b7934145dbdf8d89be1036b0eec9544e1094c9de390?s=96&d=mm&r=g\",\"width\":96,\"height\":96,\"caption\":\"Cand\\u00e1s 365\"},\"sameAs\":[\"https:\\\/\\\/www.facebook.com\\\/carrenoactualidad\",\"https:\\\/\\\/twitter.com\\\/nbasturias\",\"https:\\\/\\\/www.instagram.com\\\/nachofdezber\\\/\",\"https:\\\/\\\/www.youtube.com\\\/channel\\\/UCZP-2wLEB9Rv6erhFmqVnvg\"]},{\"@type\":\"WebPage\",\"@id\":\"https:\\\/\\\/candas365.es\\\/noticias\\\/girauta-a-sanchez-empiece-a-tratar-lo-publico-como-lo-que-es\\\/#webpage\",\"url\":\"https:\\\/\\\/candas365.es\\\/noticias\\\/girauta-a-sanchez-empiece-a-tratar-lo-publico-como-lo-que-es\\\/\",\"name\":\"Girauta a S\\u00e1nchez: \\u2018Empiece a tratar lo p\\u00fablico como lo que es\\u00bb | Cand\\u00e1s 365\",\"description\":\"El portavoz del Grupo Parlamentario Ciudadanos (GPCs), Juan Carlos Girauta, ha exigido a Pedro S\\u00e1nchez que \\u201cempiece a tratar lo p\\u00fablico como lo que es, sea la televisi\\u00f3n o el avi\\u00f3n presidencial\\u201d. \\u201cDejen de hacer da\\u00f1o a RTVE\\u201d, ha espetado Girauta al Gobierno. \\u201cLa extra\\u00f1a coalici\\u00f3n\\u201d que da apoyo al Gobierno \\u201cabunda ahora en el\",\"inLanguage\":\"es-ES\",\"isPartOf\":{\"@id\":\"https:\\\/\\\/candas365.es\\\/noticias\\\/#website\"},\"breadcrumb\":{\"@id\":\"https:\\\/\\\/candas365.es\\\/noticias\\\/girauta-a-sanchez-empiece-a-tratar-lo-publico-como-lo-que-es\\\/#breadcrumblist\"},\"author\":{\"@id\":\"https:\\\/\\\/candas365.es\\\/noticias\\\/author\\\/admin\\\/#author\"},\"creator\":{\"@id\":\"https:\\\/\\\/candas365.es\\\/noticias\\\/author\\\/admin\\\/#author\"},\"image\":{\"@type\":\"ImageObject\",\"url\":\"https:\\\/\\\/candas365.es\\\/noticias\\\/wp-content\\\/uploads\\\/2018\\\/07\\\/5938044195598085277.jpg\",\"@id\":\"https:\\\/\\\/candas365.es\\\/noticias\\\/girauta-a-sanchez-empiece-a-tratar-lo-publico-como-lo-que-es\\\/#mainImage\",\"width\":1280,\"height\":875},\"primaryImageOfPage\":{\"@id\":\"https:\\\/\\\/candas365.es\\\/noticias\\\/girauta-a-sanchez-empiece-a-tratar-lo-publico-como-lo-que-es\\\/#mainImage\"},\"datePublished\":\"2018-07-25T21:42:55+02:00\",\"dateModified\":\"2018-07-25T21:42:55+02:00\"},{\"@type\":\"WebSite\",\"@id\":\"https:\\\/\\\/candas365.es\\\/noticias\\\/#website\",\"url\":\"https:\\\/\\\/candas365.es\\\/noticias\\\/\",\"name\":\"Cand\\u00e1s 365\",\"alternateName\":\"Cand\\u00e1s 365 Noticias\",\"description\":\"Actualidad desde Carre\\u00f1o para el mundo\",\"inLanguage\":\"es-ES\",\"publisher\":{\"@id\":\"https:\\\/\\\/candas365.es\\\/noticias\\\/#organization\"}}]}\n\t\t<\/script>\n\t\t<!-- All in One SEO Pro -->\r\n\t\t<title>Girauta a S\u00e1nchez: \u2018Empiece a tratar lo p\u00fablico como lo que es\u00bb | Cand\u00e1s 365<\/title>\n\n","aioseo_head_json":{"title":"Girauta a S\u00e1nchez: \u2018Empiece a tratar lo p\u00fablico como lo que es\u00bb | Cand\u00e1s 365","description":"El portavoz del Grupo Parlamentario Ciudadanos (GPCs), Juan Carlos Girauta, ha exigido a Pedro S\u00e1nchez que \u201cempiece a tratar lo p\u00fablico como lo que es, sea la televisi\u00f3n o el avi\u00f3n presidencial\u201d. \u201cDejen de hacer da\u00f1o a RTVE\u201d, ha espetado Girauta al Gobierno. \u201cLa extra\u00f1a coalici\u00f3n\u201d que da apoyo al Gobierno \u201cabunda ahora en el","canonical_url":"https:\/\/candas365.es\/noticias\/girauta-a-sanchez-empiece-a-tratar-lo-publico-como-lo-que-es\/","robots":"max-image-preview:large","keywords":"actualidad","webmasterTools":{"google-site-verification":"UA-32230408-1","msvalidate.01":"354F3CDFB2DA171B47FBE9ABF1F88D5","miscellaneous":""},"schema":{"@context":"https:\/\/schema.org","@graph":[{"@type":"BreadcrumbList","@id":"https:\/\/candas365.es\/noticias\/girauta-a-sanchez-empiece-a-tratar-lo-publico-como-lo-que-es\/#breadcrumblist","itemListElement":[{"@type":"ListItem","@id":"https:\/\/candas365.es\/noticias#listItem","position":1,"name":"Home","item":"https:\/\/candas365.es\/noticias","nextItem":{"@type":"ListItem","@id":"https:\/\/candas365.es\/noticias\/category\/actualidad\/#listItem","name":"Actualidad"}},{"@type":"ListItem","@id":"https:\/\/candas365.es\/noticias\/category\/actualidad\/#listItem","position":2,"name":"Actualidad","item":"https:\/\/candas365.es\/noticias\/category\/actualidad\/","nextItem":{"@type":"ListItem","@id":"https:\/\/candas365.es\/noticias\/girauta-a-sanchez-empiece-a-tratar-lo-publico-como-lo-que-es\/#listItem","name":"Girauta a S\u00e1nchez: &#8216;Empiece a tratar lo p\u00fablico como lo que es\u00bb"},"previousItem":{"@type":"ListItem","@id":"https:\/\/candas365.es\/noticias#listItem","name":"Home"}},{"@type":"ListItem","@id":"https:\/\/candas365.es\/noticias\/girauta-a-sanchez-empiece-a-tratar-lo-publico-como-lo-que-es\/#listItem","position":3,"name":"Girauta a S\u00e1nchez: &#8216;Empiece a tratar lo p\u00fablico como lo que es\u00bb","previousItem":{"@type":"ListItem","@id":"https:\/\/candas365.es\/noticias\/category\/actualidad\/#listItem","name":"Actualidad"}}]},{"@type":"NewsArticle","@id":"https:\/\/candas365.es\/noticias\/girauta-a-sanchez-empiece-a-tratar-lo-publico-como-lo-que-es\/#newsarticle","name":"Girauta a S\u00e1nchez: \u2018Empiece a tratar lo p\u00fablico como lo que es\u00bb | Cand\u00e1s 365","headline":"Girauta a S\u00e1nchez: &#8216;Empiece a tratar lo p\u00fablico como lo que es\u00bb","author":{"@id":"https:\/\/candas365.es\/noticias\/author\/admin\/#author"},"publisher":{"@id":"https:\/\/candas365.es\/noticias\/#organization"},"image":{"@type":"ImageObject","url":"https:\/\/candas365.es\/noticias\/wp-content\/uploads\/2018\/07\/5938044195598085277.jpg","width":1280,"height":875},"datePublished":"2018-07-25T21:42:55+02:00","dateModified":"2018-07-25T21:42:55+02:00","inLanguage":"es-ES","mainEntityOfPage":{"@id":"https:\/\/candas365.es\/noticias\/girauta-a-sanchez-empiece-a-tratar-lo-publico-como-lo-que-es\/#webpage"},"isPartOf":{"@id":"https:\/\/candas365.es\/noticias\/girauta-a-sanchez-empiece-a-tratar-lo-publico-como-lo-que-es\/#webpage"},"articleSection":"Actualidad","dateline":"Publicado el julio 25, 2018."},{"@type":"Organization","@id":"https:\/\/candas365.es\/noticias\/#organization","name":"Cand\u00e1s 365","description":"Cand\u00e1s 365 es un diario digital independiente, fundado en 2012, con base en Asturias. Informamos con rigor sobre actualidad, sociedad, cultura y ocio, con una mirada local y global.","url":"https:\/\/candas365.es\/noticias\/","email":"info@candas365.es","telephone":"+34652131393","foundingDate":"2012-06-10","logo":{"@type":"ImageObject","url":"https:\/\/candas365.es\/noticias\/wp-content\/uploads\/2024\/09\/Candas-365-Redes.jpg","@id":"https:\/\/candas365.es\/noticias\/girauta-a-sanchez-empiece-a-tratar-lo-publico-como-lo-que-es\/#organizationLogo","width":1152,"height":864,"caption":"Cand\u00e1s 365 Redes"},"image":{"@id":"https:\/\/candas365.es\/noticias\/girauta-a-sanchez-empiece-a-tratar-lo-publico-como-lo-que-es\/#organizationLogo"},"sameAs":["https:\/\/www.facebook.com\/Nachofdezber","https:\/\/x.com\/NabercoDigital","https:\/\/www.instagram.com\/nachofdezber\/","https:\/\/www.youtube.com\/channel\/UCZP-2wLEB9Rv6erhFmqVnvg"],"address":{"@id":"https:\/\/candas365.es\/noticias\/#postaladdress","@type":"PostalAddress","streetAddress":"san antonio 4, san antonio 4","postalCode":"33430","addressLocality":"Cand\u00e1s","addressRegion":"Asturias","addressCountry":"ES"}},{"@type":"Person","@id":"https:\/\/candas365.es\/noticias\/author\/admin\/#author","url":"https:\/\/candas365.es\/noticias\/author\/admin\/","name":"Cand\u00e1s 365","image":{"@type":"ImageObject","@id":"https:\/\/candas365.es\/noticias\/girauta-a-sanchez-empiece-a-tratar-lo-publico-como-lo-que-es\/#authorImage","url":"https:\/\/secure.gravatar.com\/avatar\/496a8e03d0c493ede1718b7934145dbdf8d89be1036b0eec9544e1094c9de390?s=96&d=mm&r=g","width":96,"height":96,"caption":"Cand\u00e1s 365"},"sameAs":["https:\/\/www.facebook.com\/carrenoactualidad","https:\/\/twitter.com\/nbasturias","https:\/\/www.instagram.com\/nachofdezber\/","https:\/\/www.youtube.com\/channel\/UCZP-2wLEB9Rv6erhFmqVnvg"]},{"@type":"WebPage","@id":"https:\/\/candas365.es\/noticias\/girauta-a-sanchez-empiece-a-tratar-lo-publico-como-lo-que-es\/#webpage","url":"https:\/\/candas365.es\/noticias\/girauta-a-sanchez-empiece-a-tratar-lo-publico-como-lo-que-es\/","name":"Girauta a S\u00e1nchez: \u2018Empiece a tratar lo p\u00fablico como lo que es\u00bb | Cand\u00e1s 365","description":"El portavoz del Grupo Parlamentario Ciudadanos (GPCs), Juan Carlos Girauta, ha exigido a Pedro S\u00e1nchez que \u201cempiece a tratar lo p\u00fablico como lo que es, sea la televisi\u00f3n o el avi\u00f3n presidencial\u201d. \u201cDejen de hacer da\u00f1o a RTVE\u201d, ha espetado Girauta al Gobierno. \u201cLa extra\u00f1a coalici\u00f3n\u201d que da apoyo al Gobierno \u201cabunda ahora en el","inLanguage":"es-ES","isPartOf":{"@id":"https:\/\/candas365.es\/noticias\/#website"},"breadcrumb":{"@id":"https:\/\/candas365.es\/noticias\/girauta-a-sanchez-empiece-a-tratar-lo-publico-como-lo-que-es\/#breadcrumblist"},"author":{"@id":"https:\/\/candas365.es\/noticias\/author\/admin\/#author"},"creator":{"@id":"https:\/\/candas365.es\/noticias\/author\/admin\/#author"},"image":{"@type":"ImageObject","url":"https:\/\/candas365.es\/noticias\/wp-content\/uploads\/2018\/07\/5938044195598085277.jpg","@id":"https:\/\/candas365.es\/noticias\/girauta-a-sanchez-empiece-a-tratar-lo-publico-como-lo-que-es\/#mainImage","width":1280,"height":875},"primaryImageOfPage":{"@id":"https:\/\/candas365.es\/noticias\/girauta-a-sanchez-empiece-a-tratar-lo-publico-como-lo-que-es\/#mainImage"},"datePublished":"2018-07-25T21:42:55+02:00","dateModified":"2018-07-25T21:42:55+02:00"},{"@type":"WebSite","@id":"https:\/\/candas365.es\/noticias\/#website","url":"https:\/\/candas365.es\/noticias\/","name":"Cand\u00e1s 365","alternateName":"Cand\u00e1s 365 Noticias","description":"Actualidad desde Carre\u00f1o para el mundo","inLanguage":"es-ES","publisher":{"@id":"https:\/\/candas365.es\/noticias\/#organization"}}]},"og:locale":"es_ES","og:site_name":"Cand\u00e1s 365","og:type":"article","og:title":"Girauta a S\u00e1nchez: \u2018Empiece a tratar lo p\u00fablico como lo que es\u00bb | Cand\u00e1s 365","og:description":"El portavoz del Grupo Parlamentario Ciudadanos (GPCs), Juan Carlos Girauta, ha exigido a Pedro S\u00e1nchez que \u201cempiece a tratar lo p\u00fablico como lo que es, sea la televisi\u00f3n o el avi\u00f3n presidencial\u201d. \u201cDejen de hacer da\u00f1o a RTVE\u201d, ha espetado Girauta al Gobierno. \u201cLa extra\u00f1a coalici\u00f3n\u201d que da apoyo al Gobierno \u201cabunda ahora en el","og:url":"https:\/\/candas365.es\/noticias\/girauta-a-sanchez-empiece-a-tratar-lo-publico-como-lo-que-es\/","og:image":"https:\/\/candas365.es\/noticias\/wp-content\/uploads\/2018\/07\/5938044195598085277.jpg","og:image:secure_url":"https:\/\/candas365.es\/noticias\/wp-content\/uploads\/2018\/07\/5938044195598085277.jpg","og:image:width":1280,"og:image:height":875,"article:published_time":"2018-07-25T21:42:55+00:00","article:modified_time":"2018-07-25T21:42:55+00:00","article:publisher":"https:\/\/www.facebook.com\/Nachofdezber","article:author":"https:\/\/www.facebook.com\/carrenoactualidad","twitter:card":"summary_large_image","twitter:site":"@NabercoDigital","twitter:title":"Girauta a S\u00e1nchez: \u2018Empiece a tratar lo p\u00fablico como lo que es\u00bb | Cand\u00e1s 365","twitter:description":"El portavoz del Grupo Parlamentario Ciudadanos (GPCs), Juan Carlos Girauta, ha exigido a Pedro S\u00e1nchez que \u201cempiece a tratar lo p\u00fablico como lo que es, sea la televisi\u00f3n o el avi\u00f3n presidencial\u201d. \u201cDejen de hacer da\u00f1o a RTVE\u201d, ha espetado Girauta al Gobierno. \u201cLa extra\u00f1a coalici\u00f3n\u201d que da apoyo al Gobierno \u201cabunda ahora en el","twitter:creator":"@nbasturias","twitter:image":"https:\/\/candas365.es\/noticias\/wp-content\/uploads\/2018\/07\/5938044195598085277.jpg","twitter:label1":"Escrito por","twitter:data1":"Cand\u00e1s 365","twitter:label2":"Tiempo de lectura estimado","twitter:data2":"1 minuto"},"aioseo_meta_data":{"post_id":"101176","title":null,"description":null,"keywords":null,"keyphrases":null,"primary_term":null,"canonical_url":null,"og_title":null,"og_description":null,"og_object_type":"default","og_image_type":"default","og_image_url":null,"og_image_width":null,"og_image_height":null,"og_image_custom_url":null,"og_image_custom_fields":null,"og_video":null,"og_custom_url":null,"og_article_section":null,"og_article_tags":null,"twitter_use_og":false,"twitter_card":"default","twitter_image_type":"default","twitter_image_url":null,"twitter_image_custom_url":null,"twitter_image_custom_fields":null,"twitter_title":null,"twitter_description":null,"schema":{"blockGraphs":[],"customGraphs":[],"default":{"data":{"Article":[],"Course":[],"Dataset":[],"FAQPage":[],"Movie":[],"Person":[],"Product":[],"ProductReview":[],"Car":[],"Recipe":[],"Service":[],"SoftwareApplication":[],"WebPage":[]},"graphName":"","isEnabled":true},"graphs":[]},"schema_type":null,"schema_type_options":null,"pillar_content":false,"robots_default":true,"robots_noindex":false,"robots_noarchive":false,"robots_nosnippet":false,"robots_nofollow":false,"robots_noimageindex":false,"robots_noodp":false,"robots_notranslate":false,"robots_max_snippet":null,"robots_max_videopreview":null,"robots_max_imagepreview":"large","priority":null,"frequency":null,"location":null,"local_seo":null,"seo_analyzer_scan_date":"2025-08-27 10:48:12","breadcrumb_settings":null,"limit_modified_date":false,"reviewed_by":null,"open_ai":null,"ai":null,"created":"2020-12-21 11:48:13","updated":"2025-08-27 10:48:12"},"aioseo_breadcrumb":"<div class=\"aioseo-breadcrumbs\"><span class=\"aioseo-breadcrumb\">\n\t<a href=\"https:\/\/candas365.es\/noticias\" title=\"Home\">Home<\/a>\n<\/span><span class=\"aioseo-breadcrumb-separator\">&ndash;<\/span><span class=\"aioseo-breadcrumb\">\n\t<a href=\"https:\/\/candas365.es\/noticias\/category\/actualidad\/\" title=\"Actualidad\">Actualidad<\/a>\n<\/span><span class=\"aioseo-breadcrumb-separator\">&ndash;<\/span><span class=\"aioseo-breadcrumb\">\n\tGirauta a S\u00e1nchez: \u2018Empiece a tratar lo p\u00fablico como lo que es\u00bb\n<\/span><\/div>","aioseo_breadcrumb_json":[{"label":"Home","link":"https:\/\/candas365.es\/noticias"},{"label":"Actualidad","link":"https:\/\/candas365.es\/noticias\/category\/actualidad\/"},{"label":"Girauta a S\u00e1nchez: &#8216;Empiece a tratar lo p\u00fablico como lo que es\u00bb","link":"https:\/\/candas365.es\/noticias\/girauta-a-sanchez-empiece-a-tratar-lo-publico-como-lo-que-es\/"}],"_links":{"self":[{"href":"https:\/\/candas365.es\/noticias\/wp-json\/wp\/v2\/posts\/101176","targetHints":{"allow":["GET"]}}],"collection":[{"href":"https:\/\/candas365.es\/noticias\/wp-json\/wp\/v2\/posts"}],"about":[{"href":"https:\/\/candas365.es\/noticias\/wp-json\/wp\/v2\/types\/post"}],"author":[{"embeddable":true,"href":"https:\/\/candas365.es\/noticias\/wp-json\/wp\/v2\/users\/1"}],"replies":[{"embeddable":true,"href":"https:\/\/candas365.es\/noticias\/wp-json\/wp\/v2\/comments?post=101176"}],"version-history":[{"count":0,"href":"https:\/\/candas365.es\/noticias\/wp-json\/wp\/v2\/posts\/101176\/revisions"}],"wp:featuredmedia":[{"embeddable":true,"href":"https:\/\/candas365.es\/noticias\/wp-json\/wp\/v2\/media\/101177"}],"wp:attachment":[{"href":"https:\/\/candas365.es\/noticias\/wp-json\/wp\/v2\/media?parent=101176"}],"wp:term":[{"taxonomy":"category","embeddable":true,"href":"https:\/\/candas365.es\/noticias\/wp-json\/wp\/v2\/categories?post=101176"},{"taxonomy":"post_tag","embeddable":true,"href":"https:\/\/candas365.es\/noticias\/wp-json\/wp\/v2\/tags?post=101176"}],"curies":[{"name":"wp","href":"https:\/\/api.w.org\/{rel}","templated":true}]}}