{"id":101172,"date":"2018-07-25T20:39:37","date_gmt":"2018-07-25T20:39:37","guid":{"rendered":"http:\/\/candas365.es\/noticias\/?p=101172"},"modified":"2018-07-25T20:39:37","modified_gmt":"2018-07-25T20:39:37","slug":"carmen-fernandez-asturias-una-zona-hostil-para-los-emprendedores","status":"publish","type":"post","link":"https:\/\/candas365.es\/noticias\/carmen-fernandez-asturias-una-zona-hostil-para-los-emprendedores\/","title":{"rendered":"Carmen Fern\u00e1ndez: \u201cAsturias una zona hostil para los emprendedores\u201d"},"content":{"rendered":"<p><img fetchpriority=\"high\" decoding=\"async\" class=\"alignleft size-medium wp-image-40786\" src=\"https:\/\/candas365.es\/noticias\/wp-content\/uploads\/2017\/01\/carmen-fdz-FORO-360x198.jpg\" alt=\"\" width=\"360\" height=\"198\" srcset=\"https:\/\/candas365.es\/noticias\/wp-content\/uploads\/2017\/01\/carmen-fdz-FORO-360x198.jpg 360w, https:\/\/candas365.es\/noticias\/wp-content\/uploads\/2017\/01\/carmen-fdz-FORO-650x357.jpg 650w, https:\/\/candas365.es\/noticias\/wp-content\/uploads\/2017\/01\/carmen-fdz-FORO-150x82.jpg 150w, https:\/\/candas365.es\/noticias\/wp-content\/uploads\/2017\/01\/carmen-fdz-FORO-450x247.jpg 450w, https:\/\/candas365.es\/noticias\/wp-content\/uploads\/2017\/01\/carmen-fdz-FORO.jpg 655w\" sizes=\"(max-width: 360px) 100vw, 360px\" \/>La diputada de FORO y portavoz de Econom\u00eda en la Junta General, Carmen Fern\u00e1ndez, ha manifestado hoy su preocupaci\u00f3n ante los resultados del Global Entrepreneurship Monitor hechos p\u00fablicos en el d\u00eda de ayer seg\u00fan los cuales Asturias est\u00e1 por debajo de la media nacional en materia de emprendimiento ya que en concreto Asturias cuenta con la mitad de emprendimiento que la media espa\u00f1ola: un 3,26% frente al 6,20% de personas involucradas en la creaci\u00f3n de empleo. En base a estos datos, Carmen Fern\u00e1ndez ha expresado que \u201clos panfletos de Javier Fern\u00e1ndez, grandilocuentes pero sin seguimiento, son causa directa del fracaso emprendedor que sufre Asturias\u201d.<\/p>\n<p>Carmen Fern\u00e1ndez recuerda que \u201cAsturias ha contado con un instrumento sobre emprendimiento, dentro del Acuerdo por el Empleo y el Progreso de Asturias 2013-2015, el \u2018Programa integral para el fomento de la cultura emprendedora 2013-2015\u2019cuyos objetivos eran la creaci\u00f3n de empleo y la actividad empresarial. La falta de seguimiento de este programa sin duda no ha generado los alcances deseados. Los programas con escasa dotaci\u00f3n econ\u00f3mica y sin una evaluaci\u00f3n exhaustiva de resultados que permitan conocer el alcance final de las medidas adoptadas y que orienten a nuevos cambios para alcanzar los objetivos reales no sirven y, en este sentido, seguimos sin conocer los resultados del Programa Integral para el Fomento de la Cultura Emprendedora que finaliz\u00f3 en 2015, que ser\u00eda el paso previo a tomar nuevas medidas\u201d.<\/p>\n<p>Por otro lado, Carmen Fern\u00e1ndez ha querido tambi\u00e9n hacer hincapi\u00e9 en \u201clas medidas fiscales que diferencian Asturias de otras comunidades espa\u00f1olas es un gran lastre ante posibilidades de emprendimiento. La excesiva presi\u00f3n fiscal que sufrimos en Asturias es causa suficiente para hacer de nuestro territorio una zona hostil a emprendedores\u201d.<\/p>\n<p>\u201cNuestra prioridad ha de ser favorecer la creaci\u00f3n de empleo. Para ello \u2013a\u00f1adi\u00f3 Carmen Fern\u00e1ndez- es necesario crear confianza mediante el apoyo a la actividad econ\u00f3mica, condici\u00f3n necesaria para la creaci\u00f3n de empresas y el desarrollo del emprendimiento. Esta, a su vez, es la mejor manera de garantizar unos servicios p\u00fablicos sostenibles. Sin actividad econ\u00f3mica privada no hay sistema p\u00fablico viable. Y todo esto se puede y se debe hacer sin someter a los asturianos a una carga fiscal excesiva\u201d.<\/p>\n<p>Para concluir, Carmen Fern\u00e1ndez ha advertido de \u201cla necesidad de concienciar a la sociedad sobre la posibilidad de emprender, algo que no se hace debidamente en Asturias. La sensibilizaci\u00f3n y formaci\u00f3n sobre las posibilidades del emprendimiento siguen sin formar parte de la Formaci\u00f3n Profesional, es evidente que el modelo actual no funciona y para crear empleo es necesario un escenario de educaci\u00f3n en el emprendimiento y una regi\u00f3n atractiva para los emprendedores\u201d.<\/p>\n","protected":false},"excerpt":{"rendered":"<p>La diputada de FORO y portavoz de Econom\u00eda en la Junta General, Carmen Fern\u00e1ndez, ha manifestado hoy su preocupaci\u00f3n ante los resultados del Global Entrepreneurship Monitor hechos p\u00fablicos en el d\u00eda de ayer seg\u00fan los cuales Asturias est\u00e1 por debajo de la media nacional en materia de emprendimiento ya que en concreto Asturias cuenta con<\/p>\n","protected":false},"author":1,"featured_media":40786,"comment_status":"closed","ping_status":"closed","sticky":false,"template":"","format":"standard","meta":{"footnotes":""},"categories":[7],"tags":[],"class_list":{"0":"post-101172","1":"post","2":"type-post","3":"status-publish","4":"format-standard","5":"has-post-thumbnail","7":"category-asturias"},"aioseo_notices":[],"aioseo_head":"\n\t\t<!-- All in One SEO Pro 4.9.6.2 - aioseo.com -->\n\t<meta name=\"description\" content=\"La diputada de FORO y portavoz de Econom\u00eda en la Junta General, Carmen Fern\u00e1ndez, ha manifestado hoy su preocupaci\u00f3n ante los resultados del Global Entrepreneurship Monitor hechos p\u00fablicos en el d\u00eda de ayer seg\u00fan los cuales Asturias est\u00e1 por debajo de la media nacional en materia de emprendimiento ya que en concreto Asturias cuenta con\" \/>\n\t<meta name=\"robots\" content=\"max-image-preview:large\" \/>\n\t<meta name=\"author\" content=\"Cand\u00e1s 365\"\/>\n\t<meta name=\"google-site-verification\" content=\"UA-32230408-1\" \/>\n\t<meta name=\"msvalidate.01\" content=\"354F3CDFB2DA171B47FBE9ABF1F88D5\" \/>\n\t<meta name=\"keywords\" content=\"asturias\" \/>\n\t<link rel=\"canonical\" href=\"https:\/\/candas365.es\/noticias\/carmen-fernandez-asturias-una-zona-hostil-para-los-emprendedores\/\" \/>\n\t<meta name=\"generator\" content=\"All in One SEO Pro (AIOSEO) 4.9.6.2\" \/>\n\t\t<meta property=\"og:locale\" content=\"es_ES\" \/>\n\t\t<meta property=\"og:site_name\" content=\"Cand\u00e1s 365\" \/>\n\t\t<meta property=\"og:type\" content=\"article\" \/>\n\t\t<meta property=\"og:title\" content=\"Carmen Fern\u00e1ndez: \u201cAsturias una zona hostil para los emprendedores\u201d | Cand\u00e1s 365\" \/>\n\t\t<meta property=\"og:description\" content=\"La diputada de FORO y portavoz de Econom\u00eda en la Junta General, Carmen Fern\u00e1ndez, ha manifestado hoy su preocupaci\u00f3n ante los resultados del Global Entrepreneurship Monitor hechos p\u00fablicos en el d\u00eda de ayer seg\u00fan los cuales Asturias est\u00e1 por debajo de la media nacional en materia de emprendimiento ya que en concreto Asturias cuenta con\" \/>\n\t\t<meta property=\"og:url\" content=\"https:\/\/candas365.es\/noticias\/carmen-fernandez-asturias-una-zona-hostil-para-los-emprendedores\/\" \/>\n\t\t<meta property=\"og:image\" content=\"https:\/\/candas365.es\/noticias\/wp-content\/uploads\/2017\/01\/carmen-fdz-FORO.jpg\" \/>\n\t\t<meta property=\"og:image:secure_url\" content=\"https:\/\/candas365.es\/noticias\/wp-content\/uploads\/2017\/01\/carmen-fdz-FORO.jpg\" \/>\n\t\t<meta property=\"og:image:width\" content=\"655\" \/>\n\t\t<meta property=\"og:image:height\" content=\"360\" \/>\n\t\t<meta property=\"article:published_time\" content=\"2018-07-25T20:39:37+00:00\" \/>\n\t\t<meta property=\"article:modified_time\" content=\"2018-07-25T20:39:37+00:00\" \/>\n\t\t<meta property=\"article:publisher\" content=\"https:\/\/www.facebook.com\/Nachofdezber\" \/>\n\t\t<meta property=\"article:author\" content=\"https:\/\/www.facebook.com\/carrenoactualidad\" \/>\n\t\t<meta name=\"twitter:card\" content=\"summary_large_image\" \/>\n\t\t<meta name=\"twitter:site\" content=\"@NabercoDigital\" \/>\n\t\t<meta name=\"twitter:title\" content=\"Carmen Fern\u00e1ndez: \u201cAsturias una zona hostil para los emprendedores\u201d | Cand\u00e1s 365\" \/>\n\t\t<meta name=\"twitter:description\" content=\"La diputada de FORO y portavoz de Econom\u00eda en la Junta General, Carmen Fern\u00e1ndez, ha manifestado hoy su preocupaci\u00f3n ante los resultados del Global Entrepreneurship Monitor hechos p\u00fablicos en el d\u00eda de ayer seg\u00fan los cuales Asturias est\u00e1 por debajo de la media nacional en materia de emprendimiento ya que en concreto Asturias cuenta con\" \/>\n\t\t<meta name=\"twitter:creator\" content=\"@nbasturias\" \/>\n\t\t<meta name=\"twitter:image\" content=\"https:\/\/candas365.es\/noticias\/wp-content\/uploads\/2017\/01\/carmen-fdz-FORO.jpg\" \/>\n\t\t<meta name=\"twitter:label1\" content=\"Escrito por\" \/>\n\t\t<meta name=\"twitter:data1\" content=\"Cand\u00e1s 365\" \/>\n\t\t<meta name=\"twitter:label2\" content=\"Tiempo de lectura estimado\" \/>\n\t\t<meta name=\"twitter:data2\" content=\"2 minutos\" \/>\n\t\t<script type=\"application\/ld+json\" class=\"aioseo-schema\">\n\t\t\t{\"@context\":\"https:\\\/\\\/schema.org\",\"@graph\":[{\"@type\":\"BreadcrumbList\",\"@id\":\"https:\\\/\\\/candas365.es\\\/noticias\\\/carmen-fernandez-asturias-una-zona-hostil-para-los-emprendedores\\\/#breadcrumblist\",\"itemListElement\":[{\"@type\":\"ListItem\",\"@id\":\"https:\\\/\\\/candas365.es\\\/noticias#listItem\",\"position\":1,\"name\":\"Home\",\"item\":\"https:\\\/\\\/candas365.es\\\/noticias\",\"nextItem\":{\"@type\":\"ListItem\",\"@id\":\"https:\\\/\\\/candas365.es\\\/noticias\\\/category\\\/asturias\\\/#listItem\",\"name\":\"Asturias\"}},{\"@type\":\"ListItem\",\"@id\":\"https:\\\/\\\/candas365.es\\\/noticias\\\/category\\\/asturias\\\/#listItem\",\"position\":2,\"name\":\"Asturias\",\"item\":\"https:\\\/\\\/candas365.es\\\/noticias\\\/category\\\/asturias\\\/\",\"nextItem\":{\"@type\":\"ListItem\",\"@id\":\"https:\\\/\\\/candas365.es\\\/noticias\\\/carmen-fernandez-asturias-una-zona-hostil-para-los-emprendedores\\\/#listItem\",\"name\":\"Carmen Fern\\u00e1ndez: \\u201cAsturias una zona hostil para los emprendedores\\u201d\"},\"previousItem\":{\"@type\":\"ListItem\",\"@id\":\"https:\\\/\\\/candas365.es\\\/noticias#listItem\",\"name\":\"Home\"}},{\"@type\":\"ListItem\",\"@id\":\"https:\\\/\\\/candas365.es\\\/noticias\\\/carmen-fernandez-asturias-una-zona-hostil-para-los-emprendedores\\\/#listItem\",\"position\":3,\"name\":\"Carmen Fern\\u00e1ndez: \\u201cAsturias una zona hostil para los emprendedores\\u201d\",\"previousItem\":{\"@type\":\"ListItem\",\"@id\":\"https:\\\/\\\/candas365.es\\\/noticias\\\/category\\\/asturias\\\/#listItem\",\"name\":\"Asturias\"}}]},{\"@type\":\"NewsArticle\",\"@id\":\"https:\\\/\\\/candas365.es\\\/noticias\\\/carmen-fernandez-asturias-una-zona-hostil-para-los-emprendedores\\\/#newsarticle\",\"name\":\"Carmen Fern\\u00e1ndez: \\u201cAsturias una zona hostil para los emprendedores\\u201d | Cand\\u00e1s 365\",\"headline\":\"Carmen Fern\\u00e1ndez: \\u201cAsturias una zona hostil para los emprendedores\\u201d\",\"author\":{\"@id\":\"https:\\\/\\\/candas365.es\\\/noticias\\\/author\\\/admin\\\/#author\"},\"publisher\":{\"@id\":\"https:\\\/\\\/candas365.es\\\/noticias\\\/#organization\"},\"image\":{\"@type\":\"ImageObject\",\"url\":\"https:\\\/\\\/candas365.es\\\/noticias\\\/wp-content\\\/uploads\\\/2017\\\/01\\\/carmen-fdz-FORO.jpg\",\"width\":655,\"height\":360},\"datePublished\":\"2018-07-25T20:39:37+02:00\",\"dateModified\":\"2018-07-25T20:39:37+02:00\",\"inLanguage\":\"es-ES\",\"mainEntityOfPage\":{\"@id\":\"https:\\\/\\\/candas365.es\\\/noticias\\\/carmen-fernandez-asturias-una-zona-hostil-para-los-emprendedores\\\/#webpage\"},\"isPartOf\":{\"@id\":\"https:\\\/\\\/candas365.es\\\/noticias\\\/carmen-fernandez-asturias-una-zona-hostil-para-los-emprendedores\\\/#webpage\"},\"articleSection\":\"Asturias\",\"dateline\":\"Publicado el julio 25, 2018.\"},{\"@type\":\"Organization\",\"@id\":\"https:\\\/\\\/candas365.es\\\/noticias\\\/#organization\",\"name\":\"Cand\\u00e1s 365\",\"description\":\"Cand\\u00e1s 365 es un diario digital independiente, fundado en 2012, con base en Asturias. Informamos con rigor sobre actualidad, sociedad, cultura y ocio, con una mirada local y global.\",\"url\":\"https:\\\/\\\/candas365.es\\\/noticias\\\/\",\"email\":\"info@candas365.es\",\"telephone\":\"+34652131393\",\"foundingDate\":\"2012-06-10\",\"logo\":{\"@type\":\"ImageObject\",\"url\":\"https:\\\/\\\/candas365.es\\\/noticias\\\/wp-content\\\/uploads\\\/2024\\\/09\\\/Candas-365-Redes.jpg\",\"@id\":\"https:\\\/\\\/candas365.es\\\/noticias\\\/carmen-fernandez-asturias-una-zona-hostil-para-los-emprendedores\\\/#organizationLogo\",\"width\":1152,\"height\":864,\"caption\":\"Cand\\u00e1s 365 Redes\"},\"image\":{\"@id\":\"https:\\\/\\\/candas365.es\\\/noticias\\\/carmen-fernandez-asturias-una-zona-hostil-para-los-emprendedores\\\/#organizationLogo\"},\"sameAs\":[\"https:\\\/\\\/www.facebook.com\\\/Nachofdezber\",\"https:\\\/\\\/x.com\\\/NabercoDigital\",\"https:\\\/\\\/www.instagram.com\\\/nachofdezber\\\/\",\"https:\\\/\\\/www.youtube.com\\\/channel\\\/UCZP-2wLEB9Rv6erhFmqVnvg\"],\"address\":{\"@id\":\"https:\\\/\\\/candas365.es\\\/noticias\\\/#postaladdress\",\"@type\":\"PostalAddress\",\"streetAddress\":\"san antonio 4, san antonio 4\",\"postalCode\":\"33430\",\"addressLocality\":\"Cand\\u00e1s\",\"addressRegion\":\"Asturias\",\"addressCountry\":\"ES\"}},{\"@type\":\"Person\",\"@id\":\"https:\\\/\\\/candas365.es\\\/noticias\\\/author\\\/admin\\\/#author\",\"url\":\"https:\\\/\\\/candas365.es\\\/noticias\\\/author\\\/admin\\\/\",\"name\":\"Cand\\u00e1s 365\",\"image\":{\"@type\":\"ImageObject\",\"@id\":\"https:\\\/\\\/candas365.es\\\/noticias\\\/carmen-fernandez-asturias-una-zona-hostil-para-los-emprendedores\\\/#authorImage\",\"url\":\"https:\\\/\\\/secure.gravatar.com\\\/avatar\\\/496a8e03d0c493ede1718b7934145dbdf8d89be1036b0eec9544e1094c9de390?s=96&d=mm&r=g\",\"width\":96,\"height\":96,\"caption\":\"Cand\\u00e1s 365\"},\"sameAs\":[\"https:\\\/\\\/www.facebook.com\\\/carrenoactualidad\",\"https:\\\/\\\/twitter.com\\\/nbasturias\",\"https:\\\/\\\/www.instagram.com\\\/nachofdezber\\\/\",\"https:\\\/\\\/www.youtube.com\\\/channel\\\/UCZP-2wLEB9Rv6erhFmqVnvg\"]},{\"@type\":\"WebPage\",\"@id\":\"https:\\\/\\\/candas365.es\\\/noticias\\\/carmen-fernandez-asturias-una-zona-hostil-para-los-emprendedores\\\/#webpage\",\"url\":\"https:\\\/\\\/candas365.es\\\/noticias\\\/carmen-fernandez-asturias-una-zona-hostil-para-los-emprendedores\\\/\",\"name\":\"Carmen Fern\\u00e1ndez: \\u201cAsturias una zona hostil para los emprendedores\\u201d | Cand\\u00e1s 365\",\"description\":\"La diputada de FORO y portavoz de Econom\\u00eda en la Junta General, Carmen Fern\\u00e1ndez, ha manifestado hoy su preocupaci\\u00f3n ante los resultados del Global Entrepreneurship Monitor hechos p\\u00fablicos en el d\\u00eda de ayer seg\\u00fan los cuales Asturias est\\u00e1 por debajo de la media nacional en materia de emprendimiento ya que en concreto Asturias cuenta con\",\"inLanguage\":\"es-ES\",\"isPartOf\":{\"@id\":\"https:\\\/\\\/candas365.es\\\/noticias\\\/#website\"},\"breadcrumb\":{\"@id\":\"https:\\\/\\\/candas365.es\\\/noticias\\\/carmen-fernandez-asturias-una-zona-hostil-para-los-emprendedores\\\/#breadcrumblist\"},\"author\":{\"@id\":\"https:\\\/\\\/candas365.es\\\/noticias\\\/author\\\/admin\\\/#author\"},\"creator\":{\"@id\":\"https:\\\/\\\/candas365.es\\\/noticias\\\/author\\\/admin\\\/#author\"},\"image\":{\"@type\":\"ImageObject\",\"url\":\"https:\\\/\\\/candas365.es\\\/noticias\\\/wp-content\\\/uploads\\\/2017\\\/01\\\/carmen-fdz-FORO.jpg\",\"@id\":\"https:\\\/\\\/candas365.es\\\/noticias\\\/carmen-fernandez-asturias-una-zona-hostil-para-los-emprendedores\\\/#mainImage\",\"width\":655,\"height\":360},\"primaryImageOfPage\":{\"@id\":\"https:\\\/\\\/candas365.es\\\/noticias\\\/carmen-fernandez-asturias-una-zona-hostil-para-los-emprendedores\\\/#mainImage\"},\"datePublished\":\"2018-07-25T20:39:37+02:00\",\"dateModified\":\"2018-07-25T20:39:37+02:00\"},{\"@type\":\"WebSite\",\"@id\":\"https:\\\/\\\/candas365.es\\\/noticias\\\/#website\",\"url\":\"https:\\\/\\\/candas365.es\\\/noticias\\\/\",\"name\":\"Cand\\u00e1s 365\",\"alternateName\":\"Cand\\u00e1s 365 Noticias\",\"description\":\"Actualidad desde Carre\\u00f1o para el mundo\",\"inLanguage\":\"es-ES\",\"publisher\":{\"@id\":\"https:\\\/\\\/candas365.es\\\/noticias\\\/#organization\"}}]}\n\t\t<\/script>\n\t\t<!-- All in One SEO Pro -->\r\n\t\t<title>Carmen Fern\u00e1ndez: \u201cAsturias una zona hostil para los emprendedores\u201d | Cand\u00e1s 365<\/title>\n\n","aioseo_head_json":{"title":"Carmen Fern\u00e1ndez: \u201cAsturias una zona hostil para los emprendedores\u201d | Cand\u00e1s 365","description":"La diputada de FORO y portavoz de Econom\u00eda en la Junta General, Carmen Fern\u00e1ndez, ha manifestado hoy su preocupaci\u00f3n ante los resultados del Global Entrepreneurship Monitor hechos p\u00fablicos en el d\u00eda de ayer seg\u00fan los cuales Asturias est\u00e1 por debajo de la media nacional en materia de emprendimiento ya que en concreto Asturias cuenta con","canonical_url":"https:\/\/candas365.es\/noticias\/carmen-fernandez-asturias-una-zona-hostil-para-los-emprendedores\/","robots":"max-image-preview:large","keywords":"asturias","webmasterTools":{"google-site-verification":"UA-32230408-1","msvalidate.01":"354F3CDFB2DA171B47FBE9ABF1F88D5","miscellaneous":""},"schema":{"@context":"https:\/\/schema.org","@graph":[{"@type":"BreadcrumbList","@id":"https:\/\/candas365.es\/noticias\/carmen-fernandez-asturias-una-zona-hostil-para-los-emprendedores\/#breadcrumblist","itemListElement":[{"@type":"ListItem","@id":"https:\/\/candas365.es\/noticias#listItem","position":1,"name":"Home","item":"https:\/\/candas365.es\/noticias","nextItem":{"@type":"ListItem","@id":"https:\/\/candas365.es\/noticias\/category\/asturias\/#listItem","name":"Asturias"}},{"@type":"ListItem","@id":"https:\/\/candas365.es\/noticias\/category\/asturias\/#listItem","position":2,"name":"Asturias","item":"https:\/\/candas365.es\/noticias\/category\/asturias\/","nextItem":{"@type":"ListItem","@id":"https:\/\/candas365.es\/noticias\/carmen-fernandez-asturias-una-zona-hostil-para-los-emprendedores\/#listItem","name":"Carmen Fern\u00e1ndez: \u201cAsturias una zona hostil para los emprendedores\u201d"},"previousItem":{"@type":"ListItem","@id":"https:\/\/candas365.es\/noticias#listItem","name":"Home"}},{"@type":"ListItem","@id":"https:\/\/candas365.es\/noticias\/carmen-fernandez-asturias-una-zona-hostil-para-los-emprendedores\/#listItem","position":3,"name":"Carmen Fern\u00e1ndez: \u201cAsturias una zona hostil para los emprendedores\u201d","previousItem":{"@type":"ListItem","@id":"https:\/\/candas365.es\/noticias\/category\/asturias\/#listItem","name":"Asturias"}}]},{"@type":"NewsArticle","@id":"https:\/\/candas365.es\/noticias\/carmen-fernandez-asturias-una-zona-hostil-para-los-emprendedores\/#newsarticle","name":"Carmen Fern\u00e1ndez: \u201cAsturias una zona hostil para los emprendedores\u201d | Cand\u00e1s 365","headline":"Carmen Fern\u00e1ndez: \u201cAsturias una zona hostil para los emprendedores\u201d","author":{"@id":"https:\/\/candas365.es\/noticias\/author\/admin\/#author"},"publisher":{"@id":"https:\/\/candas365.es\/noticias\/#organization"},"image":{"@type":"ImageObject","url":"https:\/\/candas365.es\/noticias\/wp-content\/uploads\/2017\/01\/carmen-fdz-FORO.jpg","width":655,"height":360},"datePublished":"2018-07-25T20:39:37+02:00","dateModified":"2018-07-25T20:39:37+02:00","inLanguage":"es-ES","mainEntityOfPage":{"@id":"https:\/\/candas365.es\/noticias\/carmen-fernandez-asturias-una-zona-hostil-para-los-emprendedores\/#webpage"},"isPartOf":{"@id":"https:\/\/candas365.es\/noticias\/carmen-fernandez-asturias-una-zona-hostil-para-los-emprendedores\/#webpage"},"articleSection":"Asturias","dateline":"Publicado el julio 25, 2018."},{"@type":"Organization","@id":"https:\/\/candas365.es\/noticias\/#organization","name":"Cand\u00e1s 365","description":"Cand\u00e1s 365 es un diario digital independiente, fundado en 2012, con base en Asturias. Informamos con rigor sobre actualidad, sociedad, cultura y ocio, con una mirada local y global.","url":"https:\/\/candas365.es\/noticias\/","email":"info@candas365.es","telephone":"+34652131393","foundingDate":"2012-06-10","logo":{"@type":"ImageObject","url":"https:\/\/candas365.es\/noticias\/wp-content\/uploads\/2024\/09\/Candas-365-Redes.jpg","@id":"https:\/\/candas365.es\/noticias\/carmen-fernandez-asturias-una-zona-hostil-para-los-emprendedores\/#organizationLogo","width":1152,"height":864,"caption":"Cand\u00e1s 365 Redes"},"image":{"@id":"https:\/\/candas365.es\/noticias\/carmen-fernandez-asturias-una-zona-hostil-para-los-emprendedores\/#organizationLogo"},"sameAs":["https:\/\/www.facebook.com\/Nachofdezber","https:\/\/x.com\/NabercoDigital","https:\/\/www.instagram.com\/nachofdezber\/","https:\/\/www.youtube.com\/channel\/UCZP-2wLEB9Rv6erhFmqVnvg"],"address":{"@id":"https:\/\/candas365.es\/noticias\/#postaladdress","@type":"PostalAddress","streetAddress":"san antonio 4, san antonio 4","postalCode":"33430","addressLocality":"Cand\u00e1s","addressRegion":"Asturias","addressCountry":"ES"}},{"@type":"Person","@id":"https:\/\/candas365.es\/noticias\/author\/admin\/#author","url":"https:\/\/candas365.es\/noticias\/author\/admin\/","name":"Cand\u00e1s 365","image":{"@type":"ImageObject","@id":"https:\/\/candas365.es\/noticias\/carmen-fernandez-asturias-una-zona-hostil-para-los-emprendedores\/#authorImage","url":"https:\/\/secure.gravatar.com\/avatar\/496a8e03d0c493ede1718b7934145dbdf8d89be1036b0eec9544e1094c9de390?s=96&d=mm&r=g","width":96,"height":96,"caption":"Cand\u00e1s 365"},"sameAs":["https:\/\/www.facebook.com\/carrenoactualidad","https:\/\/twitter.com\/nbasturias","https:\/\/www.instagram.com\/nachofdezber\/","https:\/\/www.youtube.com\/channel\/UCZP-2wLEB9Rv6erhFmqVnvg"]},{"@type":"WebPage","@id":"https:\/\/candas365.es\/noticias\/carmen-fernandez-asturias-una-zona-hostil-para-los-emprendedores\/#webpage","url":"https:\/\/candas365.es\/noticias\/carmen-fernandez-asturias-una-zona-hostil-para-los-emprendedores\/","name":"Carmen Fern\u00e1ndez: \u201cAsturias una zona hostil para los emprendedores\u201d | Cand\u00e1s 365","description":"La diputada de FORO y portavoz de Econom\u00eda en la Junta General, Carmen Fern\u00e1ndez, ha manifestado hoy su preocupaci\u00f3n ante los resultados del Global Entrepreneurship Monitor hechos p\u00fablicos en el d\u00eda de ayer seg\u00fan los cuales Asturias est\u00e1 por debajo de la media nacional en materia de emprendimiento ya que en concreto Asturias cuenta con","inLanguage":"es-ES","isPartOf":{"@id":"https:\/\/candas365.es\/noticias\/#website"},"breadcrumb":{"@id":"https:\/\/candas365.es\/noticias\/carmen-fernandez-asturias-una-zona-hostil-para-los-emprendedores\/#breadcrumblist"},"author":{"@id":"https:\/\/candas365.es\/noticias\/author\/admin\/#author"},"creator":{"@id":"https:\/\/candas365.es\/noticias\/author\/admin\/#author"},"image":{"@type":"ImageObject","url":"https:\/\/candas365.es\/noticias\/wp-content\/uploads\/2017\/01\/carmen-fdz-FORO.jpg","@id":"https:\/\/candas365.es\/noticias\/carmen-fernandez-asturias-una-zona-hostil-para-los-emprendedores\/#mainImage","width":655,"height":360},"primaryImageOfPage":{"@id":"https:\/\/candas365.es\/noticias\/carmen-fernandez-asturias-una-zona-hostil-para-los-emprendedores\/#mainImage"},"datePublished":"2018-07-25T20:39:37+02:00","dateModified":"2018-07-25T20:39:37+02:00"},{"@type":"WebSite","@id":"https:\/\/candas365.es\/noticias\/#website","url":"https:\/\/candas365.es\/noticias\/","name":"Cand\u00e1s 365","alternateName":"Cand\u00e1s 365 Noticias","description":"Actualidad desde Carre\u00f1o para el mundo","inLanguage":"es-ES","publisher":{"@id":"https:\/\/candas365.es\/noticias\/#organization"}}]},"og:locale":"es_ES","og:site_name":"Cand\u00e1s 365","og:type":"article","og:title":"Carmen Fern\u00e1ndez: \u201cAsturias una zona hostil para los emprendedores\u201d | Cand\u00e1s 365","og:description":"La diputada de FORO y portavoz de Econom\u00eda en la Junta General, Carmen Fern\u00e1ndez, ha manifestado hoy su preocupaci\u00f3n ante los resultados del Global Entrepreneurship Monitor hechos p\u00fablicos en el d\u00eda de ayer seg\u00fan los cuales Asturias est\u00e1 por debajo de la media nacional en materia de emprendimiento ya que en concreto Asturias cuenta con","og:url":"https:\/\/candas365.es\/noticias\/carmen-fernandez-asturias-una-zona-hostil-para-los-emprendedores\/","og:image":"https:\/\/candas365.es\/noticias\/wp-content\/uploads\/2017\/01\/carmen-fdz-FORO.jpg","og:image:secure_url":"https:\/\/candas365.es\/noticias\/wp-content\/uploads\/2017\/01\/carmen-fdz-FORO.jpg","og:image:width":655,"og:image:height":360,"article:published_time":"2018-07-25T20:39:37+00:00","article:modified_time":"2018-07-25T20:39:37+00:00","article:publisher":"https:\/\/www.facebook.com\/Nachofdezber","article:author":"https:\/\/www.facebook.com\/carrenoactualidad","twitter:card":"summary_large_image","twitter:site":"@NabercoDigital","twitter:title":"Carmen Fern\u00e1ndez: \u201cAsturias una zona hostil para los emprendedores\u201d | Cand\u00e1s 365","twitter:description":"La diputada de FORO y portavoz de Econom\u00eda en la Junta General, Carmen Fern\u00e1ndez, ha manifestado hoy su preocupaci\u00f3n ante los resultados del Global Entrepreneurship Monitor hechos p\u00fablicos en el d\u00eda de ayer seg\u00fan los cuales Asturias est\u00e1 por debajo de la media nacional en materia de emprendimiento ya que en concreto Asturias cuenta con","twitter:creator":"@nbasturias","twitter:image":"https:\/\/candas365.es\/noticias\/wp-content\/uploads\/2017\/01\/carmen-fdz-FORO.jpg","twitter:label1":"Escrito por","twitter:data1":"Cand\u00e1s 365","twitter:label2":"Tiempo de lectura estimado","twitter:data2":"2 minutos"},"aioseo_meta_data":{"post_id":"101172","title":null,"description":null,"keywords":null,"keyphrases":null,"primary_term":null,"canonical_url":null,"og_title":null,"og_description":null,"og_object_type":"default","og_image_type":"default","og_image_url":null,"og_image_width":null,"og_image_height":null,"og_image_custom_url":null,"og_image_custom_fields":null,"og_video":null,"og_custom_url":null,"og_article_section":null,"og_article_tags":null,"twitter_use_og":false,"twitter_card":"default","twitter_image_type":"default","twitter_image_url":null,"twitter_image_custom_url":null,"twitter_image_custom_fields":null,"twitter_title":null,"twitter_description":null,"schema":{"blockGraphs":[],"customGraphs":[],"default":{"data":{"Article":[],"Course":[],"Dataset":[],"FAQPage":[],"Movie":[],"Person":[],"Product":[],"ProductReview":[],"Car":[],"Recipe":[],"Service":[],"SoftwareApplication":[],"WebPage":[]},"graphName":"","isEnabled":true},"graphs":[],"defaultGraph":"","defaultPostTypeGraph":""},"schema_type":null,"schema_type_options":null,"pillar_content":false,"robots_default":true,"robots_noindex":false,"robots_noarchive":false,"robots_nosnippet":false,"robots_nofollow":false,"robots_noimageindex":false,"robots_noodp":false,"robots_notranslate":false,"robots_max_snippet":null,"robots_max_videopreview":null,"robots_max_imagepreview":"large","priority":null,"frequency":null,"location":null,"local_seo":null,"seo_analyzer_scan_date":"2025-08-27 10:48:10","breadcrumb_settings":null,"limit_modified_date":false,"reviewed_by":null,"open_ai":null,"ai":null,"created":"2020-12-21 11:48:13","updated":"2025-08-27 10:48:10"},"aioseo_breadcrumb":"<div class=\"aioseo-breadcrumbs\"><span class=\"aioseo-breadcrumb\">\n\t<a href=\"https:\/\/candas365.es\/noticias\" title=\"Home\">Home<\/a>\n<\/span><span class=\"aioseo-breadcrumb-separator\">&ndash;<\/span><span class=\"aioseo-breadcrumb\">\n\t<a href=\"https:\/\/candas365.es\/noticias\/category\/asturias\/\" title=\"Asturias\">Asturias<\/a>\n<\/span><span class=\"aioseo-breadcrumb-separator\">&ndash;<\/span><span class=\"aioseo-breadcrumb\">\n\tCarmen Fern\u00e1ndez: \u201cAsturias una zona hostil para los emprendedores\u201d\n<\/span><\/div>","aioseo_breadcrumb_json":[{"label":"Home","link":"https:\/\/candas365.es\/noticias"},{"label":"Asturias","link":"https:\/\/candas365.es\/noticias\/category\/asturias\/"},{"label":"Carmen Fern\u00e1ndez: \u201cAsturias una zona hostil para los emprendedores\u201d","link":"https:\/\/candas365.es\/noticias\/carmen-fernandez-asturias-una-zona-hostil-para-los-emprendedores\/"}],"_links":{"self":[{"href":"https:\/\/candas365.es\/noticias\/wp-json\/wp\/v2\/posts\/101172","targetHints":{"allow":["GET"]}}],"collection":[{"href":"https:\/\/candas365.es\/noticias\/wp-json\/wp\/v2\/posts"}],"about":[{"href":"https:\/\/candas365.es\/noticias\/wp-json\/wp\/v2\/types\/post"}],"author":[{"embeddable":true,"href":"https:\/\/candas365.es\/noticias\/wp-json\/wp\/v2\/users\/1"}],"replies":[{"embeddable":true,"href":"https:\/\/candas365.es\/noticias\/wp-json\/wp\/v2\/comments?post=101172"}],"version-history":[{"count":0,"href":"https:\/\/candas365.es\/noticias\/wp-json\/wp\/v2\/posts\/101172\/revisions"}],"wp:featuredmedia":[{"embeddable":true,"href":"https:\/\/candas365.es\/noticias\/wp-json\/wp\/v2\/media\/40786"}],"wp:attachment":[{"href":"https:\/\/candas365.es\/noticias\/wp-json\/wp\/v2\/media?parent=101172"}],"wp:term":[{"taxonomy":"category","embeddable":true,"href":"https:\/\/candas365.es\/noticias\/wp-json\/wp\/v2\/categories?post=101172"},{"taxonomy":"post_tag","embeddable":true,"href":"https:\/\/candas365.es\/noticias\/wp-json\/wp\/v2\/tags?post=101172"}],"curies":[{"name":"wp","href":"https:\/\/api.w.org\/{rel}","templated":true}]}}