{"id":101168,"date":"2018-07-25T19:48:02","date_gmt":"2018-07-25T19:48:02","guid":{"rendered":"http:\/\/candas365.es\/noticias\/?p=101168"},"modified":"2018-07-25T19:48:02","modified_gmt":"2018-07-25T19:48:02","slug":"puigdemont-tiene-previsto-regresar-este-fin-de-semana-a-belgica","status":"publish","type":"post","link":"https:\/\/candas365.es\/noticias\/puigdemont-tiene-previsto-regresar-este-fin-de-semana-a-belgica\/","title":{"rendered":"Puigdemont tiene previsto regresar este fin de semana a B\u00e9lgica"},"content":{"rendered":"<p><img fetchpriority=\"high\" decoding=\"async\" class=\"alignleft size-medium wp-image-92393\" src=\"https:\/\/candas365.es\/noticias\/wp-content\/uploads\/2018\/03\/Puigdemont-360x202.jpg\" alt=\"\" width=\"360\" height=\"202\" srcset=\"https:\/\/candas365.es\/noticias\/wp-content\/uploads\/2018\/03\/Puigdemont-360x202.jpg 360w, https:\/\/candas365.es\/noticias\/wp-content\/uploads\/2018\/03\/Puigdemont.jpg 499w\" sizes=\"(max-width: 360px) 100vw, 360px\" \/>Berl\u00edn, 25 jul (dpa) &#8211; El l\u00edder independentista catal\u00e1n Carles Puigdemont tiene previsto abandonar Alemania este fin de semana para regresar a B\u00e9lgica, donde fij\u00f3 su residencia tras huir de Espa\u00f1a, inform\u00f3 hoy en una rueda de prensa en Berl\u00edn despu\u00e9s de que la Justicia alemana archivara el caso abierto contra \u00e9l.<\/p>\n<p>\u00abYo este s\u00e1bado volver\u00e9 a B\u00e9lgica, ah\u00ed es donde tenemos la Casa de la Rep\u00fablica y ah\u00ed es donde tendremos que empezar a trabajar por la rep\u00fablica, as\u00ed que mi intenci\u00f3n es quedarme en B\u00e9lgica\u00bb, anunci\u00f3 despu\u00e9s de que la Justicia alemana diera por cerrado el asunto la semana pasada tras la decisi\u00f3n del Tribunal Supremo de Espa\u00f1a de retirar la orden europea de detenci\u00f3n por la que fue arrestado el 25 de marzo en el norte de Alemania.<\/p>\n<p>El ex presidente catal\u00e1n indic\u00f3 tambi\u00e9n su \u00abvoluntad de continuar con el mandato de la gente, trabajar por los compa\u00f1eros que siguen presos injustamente e intentar volver a la normalidad tambi\u00e9n en mi vida\u00bb.<\/p>\n<p>La retirada de la orden de detenci\u00f3n europea debido a la decisi\u00f3n de la Justicia alemana de entregar a Puigdemont solo por malversaci\u00f3n y no por rebeli\u00f3n en relaci\u00f3n con el refer\u00e9ndum soberanista del 1 de octubre, supone que puede volver a circular libremente, pero en el caso de regresar a Espa\u00f1a podr\u00e1 ser detenido.<\/p>\n<p>\u00abYo no s\u00e9 si estar\u00e9 20 a\u00f1os sin pisar suelo espa\u00f1ol, lo que si s\u00e9 es que no estar\u00e9 20 a\u00f1os sin pisar suelo catal\u00e1n\u00bb, coment\u00f3 al ser preguntado sobre c\u00f3mo se siente al saber que en 20 a\u00f1os no podr\u00e1 volver a Espa\u00f1a.<\/p>\n<p>Respecto del hecho de que el presidente del Gobierno de Espa\u00f1a, el socialista Pedro S\u00e1nchez, ofrece di\u00e1logo, pero no independencia a Catalu\u00f1a, el l\u00edder catal\u00e1n cree que su llegada al poder ha significado un \u00abcambio de clima y de lenguaje\u00bb.<\/p>\n<p>Sin embargo, se\u00f1al\u00f3 la importancia de actuar. La reuni\u00f3n entre S\u00e1nchez y el actual jefe del Ejecutivo catal\u00e1n, Quim Torra, el pasado 9 de julio, \u00absirvi\u00f3 para mostrar los puntos de vista de manera respetuosa entre los dos Gobiernos, pero ahora es el tiempo de los hechos\u00bb.<\/p>\n<p>Durante la comparecencia en la capital alemana, Puigdemont insisti\u00f3 en la importancia de que sea el pueblo quien decida sobre su futuro. \u00abHay que respetar la voluntad de que un pueblo decida sobre su futuro y su destino, esa es la esencia de la democracia\u00bb, declar\u00f3. \u00abSi una mayor\u00eda de la poblaci\u00f3n decide cosas diferentes a las de su Gobierno, manda la poblaci\u00f3n\u00bb, coment\u00f3.<\/p>\n<p>\u00abA nosotros nos gustar\u00eda tener un refer\u00e9ndum como el escoc\u00e9s. El resultado fue muy importante en octubre en Catalu\u00f1a. Si se hubieran contado todos los votos que secuestr\u00f3 la Polic\u00eda habr\u00edamos superado los tres millones de votos\u00bb, record\u00f3. \u00abNunca diremos que no al refer\u00e9ndum\u00bb, afirm\u00f3 al mismo tiempo que indic\u00f3 que muchos pa\u00edses creen que el modelo escoc\u00e9s ser\u00eda una buena opci\u00f3n.<\/p>\n<p>Puigdemont, destituido en octubre por Madrid a ra\u00edz de la escalada de su proceso independentista, fue detenido el 25 de marzo en un \u00e1rea de servicio del norte de Alemania cuando regresaba desde Finlandia a B\u00e9lgica en virtud de la orden de arresto europea emitida dos d\u00edas antes por el Tribunal Supremo espa\u00f1ol.<\/p>\n<p>Tras pasar 12 d\u00edas en prisi\u00f3n, la Justicia alemana resolvi\u00f3 dejar al pol\u00edtico soberanista en libertad bajo fianza a la espera de que se tomase una decisi\u00f3n sobre su posible entrega a Espa\u00f1a.<\/p>\n<p>El 12 de julio, el tribunal de Schleswig-Holstein aprob\u00f3 la entrega del l\u00edder separatista a Espa\u00f1a por un delito de malversaci\u00f3n de fondos p\u00fablicos, pero rechaz\u00f3 extraditarlo por rebeli\u00f3n como ped\u00eda Espa\u00f1a.<\/p>\n","protected":false},"excerpt":{"rendered":"<p>Berl\u00edn, 25 jul (dpa) &#8211; El l\u00edder independentista catal\u00e1n Carles Puigdemont tiene previsto abandonar Alemania este fin de semana para regresar a B\u00e9lgica, donde fij\u00f3 su residencia tras huir de Espa\u00f1a, inform\u00f3 hoy en una rueda de prensa en Berl\u00edn despu\u00e9s de que la Justicia alemana archivara el caso abierto contra \u00e9l. \u00abYo este s\u00e1bado<\/p>\n","protected":false},"author":1,"featured_media":92393,"comment_status":"closed","ping_status":"closed","sticky":false,"template":"","format":"standard","meta":{"footnotes":""},"categories":[343],"tags":[],"class_list":{"0":"post-101168","1":"post","2":"type-post","3":"status-publish","4":"format-standard","5":"has-post-thumbnail","7":"category-actualidad"},"aioseo_notices":[],"aioseo_head":"\n\t\t<!-- All in One SEO Pro 4.9.6.2 - aioseo.com -->\n\t<meta name=\"description\" content=\"Berl\u00edn, 25 jul (dpa) - El l\u00edder independentista catal\u00e1n Carles Puigdemont tiene previsto abandonar Alemania este fin de semana para regresar a B\u00e9lgica, donde fij\u00f3 su residencia tras huir de Espa\u00f1a, inform\u00f3 hoy en una rueda de prensa en Berl\u00edn despu\u00e9s de que la Justicia alemana archivara el caso abierto contra \u00e9l. &quot;Yo este s\u00e1bado\" \/>\n\t<meta name=\"robots\" content=\"max-image-preview:large\" \/>\n\t<meta name=\"author\" content=\"Cand\u00e1s 365\"\/>\n\t<meta name=\"google-site-verification\" content=\"UA-32230408-1\" \/>\n\t<meta name=\"msvalidate.01\" content=\"354F3CDFB2DA171B47FBE9ABF1F88D5\" \/>\n\t<meta name=\"keywords\" content=\"actualidad\" \/>\n\t<link rel=\"canonical\" href=\"https:\/\/candas365.es\/noticias\/puigdemont-tiene-previsto-regresar-este-fin-de-semana-a-belgica\/\" \/>\n\t<meta name=\"generator\" content=\"All in One SEO Pro (AIOSEO) 4.9.6.2\" \/>\n\t\t<meta property=\"og:locale\" content=\"es_ES\" \/>\n\t\t<meta property=\"og:site_name\" content=\"Cand\u00e1s 365\" \/>\n\t\t<meta property=\"og:type\" content=\"article\" \/>\n\t\t<meta property=\"og:title\" content=\"Puigdemont tiene previsto regresar este fin de semana a B\u00e9lgica | Cand\u00e1s 365\" \/>\n\t\t<meta property=\"og:description\" content=\"Berl\u00edn, 25 jul (dpa) - El l\u00edder independentista catal\u00e1n Carles Puigdemont tiene previsto abandonar Alemania este fin de semana para regresar a B\u00e9lgica, donde fij\u00f3 su residencia tras huir de Espa\u00f1a, inform\u00f3 hoy en una rueda de prensa en Berl\u00edn despu\u00e9s de que la Justicia alemana archivara el caso abierto contra \u00e9l. &quot;Yo este s\u00e1bado\" \/>\n\t\t<meta property=\"og:url\" content=\"https:\/\/candas365.es\/noticias\/puigdemont-tiene-previsto-regresar-este-fin-de-semana-a-belgica\/\" \/>\n\t\t<meta property=\"og:image\" content=\"https:\/\/candas365.es\/noticias\/wp-content\/uploads\/2018\/03\/Puigdemont.jpg\" \/>\n\t\t<meta property=\"og:image:secure_url\" content=\"https:\/\/candas365.es\/noticias\/wp-content\/uploads\/2018\/03\/Puigdemont.jpg\" \/>\n\t\t<meta property=\"og:image:width\" content=\"499\" \/>\n\t\t<meta property=\"og:image:height\" content=\"280\" \/>\n\t\t<meta property=\"article:published_time\" content=\"2018-07-25T19:48:02+00:00\" \/>\n\t\t<meta property=\"article:modified_time\" content=\"2018-07-25T19:48:02+00:00\" \/>\n\t\t<meta property=\"article:publisher\" content=\"https:\/\/www.facebook.com\/Nachofdezber\" \/>\n\t\t<meta property=\"article:author\" content=\"https:\/\/www.facebook.com\/carrenoactualidad\" \/>\n\t\t<meta name=\"twitter:card\" content=\"summary_large_image\" \/>\n\t\t<meta name=\"twitter:site\" content=\"@NabercoDigital\" \/>\n\t\t<meta name=\"twitter:title\" content=\"Puigdemont tiene previsto regresar este fin de semana a B\u00e9lgica | Cand\u00e1s 365\" \/>\n\t\t<meta name=\"twitter:description\" content=\"Berl\u00edn, 25 jul (dpa) - El l\u00edder independentista catal\u00e1n Carles Puigdemont tiene previsto abandonar Alemania este fin de semana para regresar a B\u00e9lgica, donde fij\u00f3 su residencia tras huir de Espa\u00f1a, inform\u00f3 hoy en una rueda de prensa en Berl\u00edn despu\u00e9s de que la Justicia alemana archivara el caso abierto contra \u00e9l. &quot;Yo este s\u00e1bado\" \/>\n\t\t<meta name=\"twitter:creator\" content=\"@nbasturias\" \/>\n\t\t<meta name=\"twitter:image\" content=\"https:\/\/candas365.es\/noticias\/wp-content\/uploads\/2018\/03\/Puigdemont.jpg\" \/>\n\t\t<meta name=\"twitter:label1\" content=\"Escrito por\" \/>\n\t\t<meta name=\"twitter:data1\" content=\"Cand\u00e1s 365\" \/>\n\t\t<meta name=\"twitter:label2\" content=\"Tiempo de lectura estimado\" \/>\n\t\t<meta name=\"twitter:data2\" content=\"3 minutos\" \/>\n\t\t<script type=\"application\/ld+json\" class=\"aioseo-schema\">\n\t\t\t{\"@context\":\"https:\\\/\\\/schema.org\",\"@graph\":[{\"@type\":\"BreadcrumbList\",\"@id\":\"https:\\\/\\\/candas365.es\\\/noticias\\\/puigdemont-tiene-previsto-regresar-este-fin-de-semana-a-belgica\\\/#breadcrumblist\",\"itemListElement\":[{\"@type\":\"ListItem\",\"@id\":\"https:\\\/\\\/candas365.es\\\/noticias#listItem\",\"position\":1,\"name\":\"Home\",\"item\":\"https:\\\/\\\/candas365.es\\\/noticias\",\"nextItem\":{\"@type\":\"ListItem\",\"@id\":\"https:\\\/\\\/candas365.es\\\/noticias\\\/category\\\/actualidad\\\/#listItem\",\"name\":\"Actualidad\"}},{\"@type\":\"ListItem\",\"@id\":\"https:\\\/\\\/candas365.es\\\/noticias\\\/category\\\/actualidad\\\/#listItem\",\"position\":2,\"name\":\"Actualidad\",\"item\":\"https:\\\/\\\/candas365.es\\\/noticias\\\/category\\\/actualidad\\\/\",\"nextItem\":{\"@type\":\"ListItem\",\"@id\":\"https:\\\/\\\/candas365.es\\\/noticias\\\/puigdemont-tiene-previsto-regresar-este-fin-de-semana-a-belgica\\\/#listItem\",\"name\":\"Puigdemont tiene previsto regresar este fin de semana a B\\u00e9lgica\"},\"previousItem\":{\"@type\":\"ListItem\",\"@id\":\"https:\\\/\\\/candas365.es\\\/noticias#listItem\",\"name\":\"Home\"}},{\"@type\":\"ListItem\",\"@id\":\"https:\\\/\\\/candas365.es\\\/noticias\\\/puigdemont-tiene-previsto-regresar-este-fin-de-semana-a-belgica\\\/#listItem\",\"position\":3,\"name\":\"Puigdemont tiene previsto regresar este fin de semana a B\\u00e9lgica\",\"previousItem\":{\"@type\":\"ListItem\",\"@id\":\"https:\\\/\\\/candas365.es\\\/noticias\\\/category\\\/actualidad\\\/#listItem\",\"name\":\"Actualidad\"}}]},{\"@type\":\"NewsArticle\",\"@id\":\"https:\\\/\\\/candas365.es\\\/noticias\\\/puigdemont-tiene-previsto-regresar-este-fin-de-semana-a-belgica\\\/#newsarticle\",\"name\":\"Puigdemont tiene previsto regresar este fin de semana a B\\u00e9lgica | Cand\\u00e1s 365\",\"headline\":\"Puigdemont tiene previsto regresar este fin de semana a B\\u00e9lgica\",\"author\":{\"@id\":\"https:\\\/\\\/candas365.es\\\/noticias\\\/author\\\/admin\\\/#author\"},\"publisher\":{\"@id\":\"https:\\\/\\\/candas365.es\\\/noticias\\\/#organization\"},\"image\":{\"@type\":\"ImageObject\",\"url\":\"https:\\\/\\\/candas365.es\\\/noticias\\\/wp-content\\\/uploads\\\/2018\\\/03\\\/Puigdemont.jpg\",\"width\":499,\"height\":280},\"datePublished\":\"2018-07-25T19:48:02+02:00\",\"dateModified\":\"2018-07-25T19:48:02+02:00\",\"inLanguage\":\"es-ES\",\"mainEntityOfPage\":{\"@id\":\"https:\\\/\\\/candas365.es\\\/noticias\\\/puigdemont-tiene-previsto-regresar-este-fin-de-semana-a-belgica\\\/#webpage\"},\"isPartOf\":{\"@id\":\"https:\\\/\\\/candas365.es\\\/noticias\\\/puigdemont-tiene-previsto-regresar-este-fin-de-semana-a-belgica\\\/#webpage\"},\"articleSection\":\"Actualidad\",\"dateline\":\"Publicado el julio 25, 2018.\"},{\"@type\":\"Organization\",\"@id\":\"https:\\\/\\\/candas365.es\\\/noticias\\\/#organization\",\"name\":\"Cand\\u00e1s 365\",\"description\":\"Cand\\u00e1s 365 es un diario digital independiente, fundado en 2012, con base en Asturias. Informamos con rigor sobre actualidad, sociedad, cultura y ocio, con una mirada local y global.\",\"url\":\"https:\\\/\\\/candas365.es\\\/noticias\\\/\",\"email\":\"info@candas365.es\",\"telephone\":\"+34652131393\",\"foundingDate\":\"2012-06-10\",\"logo\":{\"@type\":\"ImageObject\",\"url\":\"https:\\\/\\\/candas365.es\\\/noticias\\\/wp-content\\\/uploads\\\/2024\\\/09\\\/Candas-365-Redes.jpg\",\"@id\":\"https:\\\/\\\/candas365.es\\\/noticias\\\/puigdemont-tiene-previsto-regresar-este-fin-de-semana-a-belgica\\\/#organizationLogo\",\"width\":1152,\"height\":864,\"caption\":\"Cand\\u00e1s 365 Redes\"},\"image\":{\"@id\":\"https:\\\/\\\/candas365.es\\\/noticias\\\/puigdemont-tiene-previsto-regresar-este-fin-de-semana-a-belgica\\\/#organizationLogo\"},\"sameAs\":[\"https:\\\/\\\/www.facebook.com\\\/Nachofdezber\",\"https:\\\/\\\/x.com\\\/NabercoDigital\",\"https:\\\/\\\/www.instagram.com\\\/nachofdezber\\\/\",\"https:\\\/\\\/www.youtube.com\\\/channel\\\/UCZP-2wLEB9Rv6erhFmqVnvg\"],\"address\":{\"@id\":\"https:\\\/\\\/candas365.es\\\/noticias\\\/#postaladdress\",\"@type\":\"PostalAddress\",\"streetAddress\":\"san antonio 4, san antonio 4\",\"postalCode\":\"33430\",\"addressLocality\":\"Cand\\u00e1s\",\"addressRegion\":\"Asturias\",\"addressCountry\":\"ES\"}},{\"@type\":\"Person\",\"@id\":\"https:\\\/\\\/candas365.es\\\/noticias\\\/author\\\/admin\\\/#author\",\"url\":\"https:\\\/\\\/candas365.es\\\/noticias\\\/author\\\/admin\\\/\",\"name\":\"Cand\\u00e1s 365\",\"image\":{\"@type\":\"ImageObject\",\"@id\":\"https:\\\/\\\/candas365.es\\\/noticias\\\/puigdemont-tiene-previsto-regresar-este-fin-de-semana-a-belgica\\\/#authorImage\",\"url\":\"https:\\\/\\\/secure.gravatar.com\\\/avatar\\\/496a8e03d0c493ede1718b7934145dbdf8d89be1036b0eec9544e1094c9de390?s=96&d=mm&r=g\",\"width\":96,\"height\":96,\"caption\":\"Cand\\u00e1s 365\"},\"sameAs\":[\"https:\\\/\\\/www.facebook.com\\\/carrenoactualidad\",\"https:\\\/\\\/twitter.com\\\/nbasturias\",\"https:\\\/\\\/www.instagram.com\\\/nachofdezber\\\/\",\"https:\\\/\\\/www.youtube.com\\\/channel\\\/UCZP-2wLEB9Rv6erhFmqVnvg\"]},{\"@type\":\"WebPage\",\"@id\":\"https:\\\/\\\/candas365.es\\\/noticias\\\/puigdemont-tiene-previsto-regresar-este-fin-de-semana-a-belgica\\\/#webpage\",\"url\":\"https:\\\/\\\/candas365.es\\\/noticias\\\/puigdemont-tiene-previsto-regresar-este-fin-de-semana-a-belgica\\\/\",\"name\":\"Puigdemont tiene previsto regresar este fin de semana a B\\u00e9lgica | Cand\\u00e1s 365\",\"description\":\"Berl\\u00edn, 25 jul (dpa) - El l\\u00edder independentista catal\\u00e1n Carles Puigdemont tiene previsto abandonar Alemania este fin de semana para regresar a B\\u00e9lgica, donde fij\\u00f3 su residencia tras huir de Espa\\u00f1a, inform\\u00f3 hoy en una rueda de prensa en Berl\\u00edn despu\\u00e9s de que la Justicia alemana archivara el caso abierto contra \\u00e9l. \\\"Yo este s\\u00e1bado\",\"inLanguage\":\"es-ES\",\"isPartOf\":{\"@id\":\"https:\\\/\\\/candas365.es\\\/noticias\\\/#website\"},\"breadcrumb\":{\"@id\":\"https:\\\/\\\/candas365.es\\\/noticias\\\/puigdemont-tiene-previsto-regresar-este-fin-de-semana-a-belgica\\\/#breadcrumblist\"},\"author\":{\"@id\":\"https:\\\/\\\/candas365.es\\\/noticias\\\/author\\\/admin\\\/#author\"},\"creator\":{\"@id\":\"https:\\\/\\\/candas365.es\\\/noticias\\\/author\\\/admin\\\/#author\"},\"image\":{\"@type\":\"ImageObject\",\"url\":\"https:\\\/\\\/candas365.es\\\/noticias\\\/wp-content\\\/uploads\\\/2018\\\/03\\\/Puigdemont.jpg\",\"@id\":\"https:\\\/\\\/candas365.es\\\/noticias\\\/puigdemont-tiene-previsto-regresar-este-fin-de-semana-a-belgica\\\/#mainImage\",\"width\":499,\"height\":280},\"primaryImageOfPage\":{\"@id\":\"https:\\\/\\\/candas365.es\\\/noticias\\\/puigdemont-tiene-previsto-regresar-este-fin-de-semana-a-belgica\\\/#mainImage\"},\"datePublished\":\"2018-07-25T19:48:02+02:00\",\"dateModified\":\"2018-07-25T19:48:02+02:00\"},{\"@type\":\"WebSite\",\"@id\":\"https:\\\/\\\/candas365.es\\\/noticias\\\/#website\",\"url\":\"https:\\\/\\\/candas365.es\\\/noticias\\\/\",\"name\":\"Cand\\u00e1s 365\",\"alternateName\":\"Cand\\u00e1s 365 Noticias\",\"description\":\"Actualidad desde Carre\\u00f1o para el mundo\",\"inLanguage\":\"es-ES\",\"publisher\":{\"@id\":\"https:\\\/\\\/candas365.es\\\/noticias\\\/#organization\"}}]}\n\t\t<\/script>\n\t\t<!-- All in One SEO Pro -->\r\n\t\t<title>Puigdemont tiene previsto regresar este fin de semana a B\u00e9lgica | Cand\u00e1s 365<\/title>\n\n","aioseo_head_json":{"title":"Puigdemont tiene previsto regresar este fin de semana a B\u00e9lgica | Cand\u00e1s 365","description":"Berl\u00edn, 25 jul (dpa) - El l\u00edder independentista catal\u00e1n Carles Puigdemont tiene previsto abandonar Alemania este fin de semana para regresar a B\u00e9lgica, donde fij\u00f3 su residencia tras huir de Espa\u00f1a, inform\u00f3 hoy en una rueda de prensa en Berl\u00edn despu\u00e9s de que la Justicia alemana archivara el caso abierto contra \u00e9l. \"Yo este s\u00e1bado","canonical_url":"https:\/\/candas365.es\/noticias\/puigdemont-tiene-previsto-regresar-este-fin-de-semana-a-belgica\/","robots":"max-image-preview:large","keywords":"actualidad","webmasterTools":{"google-site-verification":"UA-32230408-1","msvalidate.01":"354F3CDFB2DA171B47FBE9ABF1F88D5","miscellaneous":""},"schema":{"@context":"https:\/\/schema.org","@graph":[{"@type":"BreadcrumbList","@id":"https:\/\/candas365.es\/noticias\/puigdemont-tiene-previsto-regresar-este-fin-de-semana-a-belgica\/#breadcrumblist","itemListElement":[{"@type":"ListItem","@id":"https:\/\/candas365.es\/noticias#listItem","position":1,"name":"Home","item":"https:\/\/candas365.es\/noticias","nextItem":{"@type":"ListItem","@id":"https:\/\/candas365.es\/noticias\/category\/actualidad\/#listItem","name":"Actualidad"}},{"@type":"ListItem","@id":"https:\/\/candas365.es\/noticias\/category\/actualidad\/#listItem","position":2,"name":"Actualidad","item":"https:\/\/candas365.es\/noticias\/category\/actualidad\/","nextItem":{"@type":"ListItem","@id":"https:\/\/candas365.es\/noticias\/puigdemont-tiene-previsto-regresar-este-fin-de-semana-a-belgica\/#listItem","name":"Puigdemont tiene previsto regresar este fin de semana a B\u00e9lgica"},"previousItem":{"@type":"ListItem","@id":"https:\/\/candas365.es\/noticias#listItem","name":"Home"}},{"@type":"ListItem","@id":"https:\/\/candas365.es\/noticias\/puigdemont-tiene-previsto-regresar-este-fin-de-semana-a-belgica\/#listItem","position":3,"name":"Puigdemont tiene previsto regresar este fin de semana a B\u00e9lgica","previousItem":{"@type":"ListItem","@id":"https:\/\/candas365.es\/noticias\/category\/actualidad\/#listItem","name":"Actualidad"}}]},{"@type":"NewsArticle","@id":"https:\/\/candas365.es\/noticias\/puigdemont-tiene-previsto-regresar-este-fin-de-semana-a-belgica\/#newsarticle","name":"Puigdemont tiene previsto regresar este fin de semana a B\u00e9lgica | Cand\u00e1s 365","headline":"Puigdemont tiene previsto regresar este fin de semana a B\u00e9lgica","author":{"@id":"https:\/\/candas365.es\/noticias\/author\/admin\/#author"},"publisher":{"@id":"https:\/\/candas365.es\/noticias\/#organization"},"image":{"@type":"ImageObject","url":"https:\/\/candas365.es\/noticias\/wp-content\/uploads\/2018\/03\/Puigdemont.jpg","width":499,"height":280},"datePublished":"2018-07-25T19:48:02+02:00","dateModified":"2018-07-25T19:48:02+02:00","inLanguage":"es-ES","mainEntityOfPage":{"@id":"https:\/\/candas365.es\/noticias\/puigdemont-tiene-previsto-regresar-este-fin-de-semana-a-belgica\/#webpage"},"isPartOf":{"@id":"https:\/\/candas365.es\/noticias\/puigdemont-tiene-previsto-regresar-este-fin-de-semana-a-belgica\/#webpage"},"articleSection":"Actualidad","dateline":"Publicado el julio 25, 2018."},{"@type":"Organization","@id":"https:\/\/candas365.es\/noticias\/#organization","name":"Cand\u00e1s 365","description":"Cand\u00e1s 365 es un diario digital independiente, fundado en 2012, con base en Asturias. Informamos con rigor sobre actualidad, sociedad, cultura y ocio, con una mirada local y global.","url":"https:\/\/candas365.es\/noticias\/","email":"info@candas365.es","telephone":"+34652131393","foundingDate":"2012-06-10","logo":{"@type":"ImageObject","url":"https:\/\/candas365.es\/noticias\/wp-content\/uploads\/2024\/09\/Candas-365-Redes.jpg","@id":"https:\/\/candas365.es\/noticias\/puigdemont-tiene-previsto-regresar-este-fin-de-semana-a-belgica\/#organizationLogo","width":1152,"height":864,"caption":"Cand\u00e1s 365 Redes"},"image":{"@id":"https:\/\/candas365.es\/noticias\/puigdemont-tiene-previsto-regresar-este-fin-de-semana-a-belgica\/#organizationLogo"},"sameAs":["https:\/\/www.facebook.com\/Nachofdezber","https:\/\/x.com\/NabercoDigital","https:\/\/www.instagram.com\/nachofdezber\/","https:\/\/www.youtube.com\/channel\/UCZP-2wLEB9Rv6erhFmqVnvg"],"address":{"@id":"https:\/\/candas365.es\/noticias\/#postaladdress","@type":"PostalAddress","streetAddress":"san antonio 4, san antonio 4","postalCode":"33430","addressLocality":"Cand\u00e1s","addressRegion":"Asturias","addressCountry":"ES"}},{"@type":"Person","@id":"https:\/\/candas365.es\/noticias\/author\/admin\/#author","url":"https:\/\/candas365.es\/noticias\/author\/admin\/","name":"Cand\u00e1s 365","image":{"@type":"ImageObject","@id":"https:\/\/candas365.es\/noticias\/puigdemont-tiene-previsto-regresar-este-fin-de-semana-a-belgica\/#authorImage","url":"https:\/\/secure.gravatar.com\/avatar\/496a8e03d0c493ede1718b7934145dbdf8d89be1036b0eec9544e1094c9de390?s=96&d=mm&r=g","width":96,"height":96,"caption":"Cand\u00e1s 365"},"sameAs":["https:\/\/www.facebook.com\/carrenoactualidad","https:\/\/twitter.com\/nbasturias","https:\/\/www.instagram.com\/nachofdezber\/","https:\/\/www.youtube.com\/channel\/UCZP-2wLEB9Rv6erhFmqVnvg"]},{"@type":"WebPage","@id":"https:\/\/candas365.es\/noticias\/puigdemont-tiene-previsto-regresar-este-fin-de-semana-a-belgica\/#webpage","url":"https:\/\/candas365.es\/noticias\/puigdemont-tiene-previsto-regresar-este-fin-de-semana-a-belgica\/","name":"Puigdemont tiene previsto regresar este fin de semana a B\u00e9lgica | Cand\u00e1s 365","description":"Berl\u00edn, 25 jul (dpa) - El l\u00edder independentista catal\u00e1n Carles Puigdemont tiene previsto abandonar Alemania este fin de semana para regresar a B\u00e9lgica, donde fij\u00f3 su residencia tras huir de Espa\u00f1a, inform\u00f3 hoy en una rueda de prensa en Berl\u00edn despu\u00e9s de que la Justicia alemana archivara el caso abierto contra \u00e9l. \"Yo este s\u00e1bado","inLanguage":"es-ES","isPartOf":{"@id":"https:\/\/candas365.es\/noticias\/#website"},"breadcrumb":{"@id":"https:\/\/candas365.es\/noticias\/puigdemont-tiene-previsto-regresar-este-fin-de-semana-a-belgica\/#breadcrumblist"},"author":{"@id":"https:\/\/candas365.es\/noticias\/author\/admin\/#author"},"creator":{"@id":"https:\/\/candas365.es\/noticias\/author\/admin\/#author"},"image":{"@type":"ImageObject","url":"https:\/\/candas365.es\/noticias\/wp-content\/uploads\/2018\/03\/Puigdemont.jpg","@id":"https:\/\/candas365.es\/noticias\/puigdemont-tiene-previsto-regresar-este-fin-de-semana-a-belgica\/#mainImage","width":499,"height":280},"primaryImageOfPage":{"@id":"https:\/\/candas365.es\/noticias\/puigdemont-tiene-previsto-regresar-este-fin-de-semana-a-belgica\/#mainImage"},"datePublished":"2018-07-25T19:48:02+02:00","dateModified":"2018-07-25T19:48:02+02:00"},{"@type":"WebSite","@id":"https:\/\/candas365.es\/noticias\/#website","url":"https:\/\/candas365.es\/noticias\/","name":"Cand\u00e1s 365","alternateName":"Cand\u00e1s 365 Noticias","description":"Actualidad desde Carre\u00f1o para el mundo","inLanguage":"es-ES","publisher":{"@id":"https:\/\/candas365.es\/noticias\/#organization"}}]},"og:locale":"es_ES","og:site_name":"Cand\u00e1s 365","og:type":"article","og:title":"Puigdemont tiene previsto regresar este fin de semana a B\u00e9lgica | Cand\u00e1s 365","og:description":"Berl\u00edn, 25 jul (dpa) - El l\u00edder independentista catal\u00e1n Carles Puigdemont tiene previsto abandonar Alemania este fin de semana para regresar a B\u00e9lgica, donde fij\u00f3 su residencia tras huir de Espa\u00f1a, inform\u00f3 hoy en una rueda de prensa en Berl\u00edn despu\u00e9s de que la Justicia alemana archivara el caso abierto contra \u00e9l. &quot;Yo este s\u00e1bado","og:url":"https:\/\/candas365.es\/noticias\/puigdemont-tiene-previsto-regresar-este-fin-de-semana-a-belgica\/","og:image":"https:\/\/candas365.es\/noticias\/wp-content\/uploads\/2018\/03\/Puigdemont.jpg","og:image:secure_url":"https:\/\/candas365.es\/noticias\/wp-content\/uploads\/2018\/03\/Puigdemont.jpg","og:image:width":499,"og:image:height":280,"article:published_time":"2018-07-25T19:48:02+00:00","article:modified_time":"2018-07-25T19:48:02+00:00","article:publisher":"https:\/\/www.facebook.com\/Nachofdezber","article:author":"https:\/\/www.facebook.com\/carrenoactualidad","twitter:card":"summary_large_image","twitter:site":"@NabercoDigital","twitter:title":"Puigdemont tiene previsto regresar este fin de semana a B\u00e9lgica | Cand\u00e1s 365","twitter:description":"Berl\u00edn, 25 jul (dpa) - El l\u00edder independentista catal\u00e1n Carles Puigdemont tiene previsto abandonar Alemania este fin de semana para regresar a B\u00e9lgica, donde fij\u00f3 su residencia tras huir de Espa\u00f1a, inform\u00f3 hoy en una rueda de prensa en Berl\u00edn despu\u00e9s de que la Justicia alemana archivara el caso abierto contra \u00e9l. &quot;Yo este s\u00e1bado","twitter:creator":"@nbasturias","twitter:image":"https:\/\/candas365.es\/noticias\/wp-content\/uploads\/2018\/03\/Puigdemont.jpg","twitter:label1":"Escrito por","twitter:data1":"Cand\u00e1s 365","twitter:label2":"Tiempo de lectura estimado","twitter:data2":"3 minutos"},"aioseo_meta_data":{"post_id":"101168","title":null,"description":null,"keywords":null,"keyphrases":null,"primary_term":null,"canonical_url":null,"og_title":null,"og_description":null,"og_object_type":"default","og_image_type":"default","og_image_url":null,"og_image_width":null,"og_image_height":null,"og_image_custom_url":null,"og_image_custom_fields":null,"og_video":null,"og_custom_url":null,"og_article_section":null,"og_article_tags":null,"twitter_use_og":false,"twitter_card":"default","twitter_image_type":"default","twitter_image_url":null,"twitter_image_custom_url":null,"twitter_image_custom_fields":null,"twitter_title":null,"twitter_description":null,"schema":{"blockGraphs":[],"customGraphs":[],"default":{"data":{"Article":[],"Course":[],"Dataset":[],"FAQPage":[],"Movie":[],"Person":[],"Product":[],"ProductReview":[],"Car":[],"Recipe":[],"Service":[],"SoftwareApplication":[],"WebPage":[]},"graphName":"","isEnabled":true},"graphs":[],"defaultGraph":"","defaultPostTypeGraph":""},"schema_type":null,"schema_type_options":null,"pillar_content":false,"robots_default":true,"robots_noindex":false,"robots_noarchive":false,"robots_nosnippet":false,"robots_nofollow":false,"robots_noimageindex":false,"robots_noodp":false,"robots_notranslate":false,"robots_max_snippet":null,"robots_max_videopreview":null,"robots_max_imagepreview":"large","priority":null,"frequency":null,"location":null,"local_seo":null,"seo_analyzer_scan_date":"2025-08-27 10:46:14","breadcrumb_settings":null,"limit_modified_date":false,"reviewed_by":null,"open_ai":null,"ai":null,"created":"2020-12-21 11:48:13","updated":"2025-08-27 10:46:14"},"aioseo_breadcrumb":"<div class=\"aioseo-breadcrumbs\"><span class=\"aioseo-breadcrumb\">\n\t<a href=\"https:\/\/candas365.es\/noticias\" title=\"Home\">Home<\/a>\n<\/span><span class=\"aioseo-breadcrumb-separator\">&ndash;<\/span><span class=\"aioseo-breadcrumb\">\n\t<a href=\"https:\/\/candas365.es\/noticias\/category\/actualidad\/\" title=\"Actualidad\">Actualidad<\/a>\n<\/span><span class=\"aioseo-breadcrumb-separator\">&ndash;<\/span><span class=\"aioseo-breadcrumb\">\n\tPuigdemont tiene previsto regresar este fin de semana a B\u00e9lgica\n<\/span><\/div>","aioseo_breadcrumb_json":[{"label":"Home","link":"https:\/\/candas365.es\/noticias"},{"label":"Actualidad","link":"https:\/\/candas365.es\/noticias\/category\/actualidad\/"},{"label":"Puigdemont tiene previsto regresar este fin de semana a B\u00e9lgica","link":"https:\/\/candas365.es\/noticias\/puigdemont-tiene-previsto-regresar-este-fin-de-semana-a-belgica\/"}],"_links":{"self":[{"href":"https:\/\/candas365.es\/noticias\/wp-json\/wp\/v2\/posts\/101168","targetHints":{"allow":["GET"]}}],"collection":[{"href":"https:\/\/candas365.es\/noticias\/wp-json\/wp\/v2\/posts"}],"about":[{"href":"https:\/\/candas365.es\/noticias\/wp-json\/wp\/v2\/types\/post"}],"author":[{"embeddable":true,"href":"https:\/\/candas365.es\/noticias\/wp-json\/wp\/v2\/users\/1"}],"replies":[{"embeddable":true,"href":"https:\/\/candas365.es\/noticias\/wp-json\/wp\/v2\/comments?post=101168"}],"version-history":[{"count":0,"href":"https:\/\/candas365.es\/noticias\/wp-json\/wp\/v2\/posts\/101168\/revisions"}],"wp:featuredmedia":[{"embeddable":true,"href":"https:\/\/candas365.es\/noticias\/wp-json\/wp\/v2\/media\/92393"}],"wp:attachment":[{"href":"https:\/\/candas365.es\/noticias\/wp-json\/wp\/v2\/media?parent=101168"}],"wp:term":[{"taxonomy":"category","embeddable":true,"href":"https:\/\/candas365.es\/noticias\/wp-json\/wp\/v2\/categories?post=101168"},{"taxonomy":"post_tag","embeddable":true,"href":"https:\/\/candas365.es\/noticias\/wp-json\/wp\/v2\/tags?post=101168"}],"curies":[{"name":"wp","href":"https:\/\/api.w.org\/{rel}","templated":true}]}}