{"id":101137,"date":"2018-07-25T00:43:14","date_gmt":"2018-07-25T00:43:14","guid":{"rendered":"http:\/\/candas365.es\/noticias\/?p=101137"},"modified":"2018-07-25T00:43:14","modified_gmt":"2018-07-25T00:43:14","slug":"trump-esta-seguro-de-su-victoria-en-el-conflicto-comercial-con-la-ue","status":"publish","type":"post","link":"https:\/\/candas365.es\/noticias\/trump-esta-seguro-de-su-victoria-en-el-conflicto-comercial-con-la-ue\/","title":{"rendered":"Trump est\u00e1 seguro de su victoria en el conflicto comercial con la UE"},"content":{"rendered":"<p><img fetchpriority=\"high\" decoding=\"async\" class=\"alignleft size-medium wp-image-95599\" src=\"https:\/\/candas365.es\/noticias\/wp-content\/uploads\/2018\/05\/trump-2704264_960_720-360x240.jpg\" alt=\"\" width=\"360\" height=\"240\" srcset=\"https:\/\/candas365.es\/noticias\/wp-content\/uploads\/2018\/05\/trump-2704264_960_720-360x240.jpg 360w, https:\/\/candas365.es\/noticias\/wp-content\/uploads\/2018\/05\/trump-2704264_960_720-768x511.jpg 768w, https:\/\/candas365.es\/noticias\/wp-content\/uploads\/2018\/05\/trump-2704264_960_720-655x436.jpg 655w, https:\/\/candas365.es\/noticias\/wp-content\/uploads\/2018\/05\/trump-2704264_960_720-696x463.jpg 696w, https:\/\/candas365.es\/noticias\/wp-content\/uploads\/2018\/05\/trump-2704264_960_720-631x420.jpg 631w, https:\/\/candas365.es\/noticias\/wp-content\/uploads\/2018\/05\/trump-2704264_960_720.jpg 960w\" sizes=\"(max-width: 360px) 100vw, 360px\" \/>Kansas City\/Washington, 24 jul (dpa) &#8211; El presidente Donald Trump se declar\u00f3 hoy convencido de que Estados Unidos impondr\u00e1 su voluntad en la disputa comercial con la Uni\u00f3n Europea (UE), en la v\u00edspera de su reuni\u00f3n con el presidente de la Comisi\u00f3n Europea, Jean-Claude Juncker, en la Casa Blanca.<\/p>\n<p>\u00abDebemos perseverar\u00bb, dijo Trump en un discurso ante veteranos de guerra en Kansas City al referirse a los conflictos comerciales con la UE, China y otros importantes socios. \u00abEstos pa\u00edses nos han estafado durante muchos a\u00f1os\u00bb, repiti\u00f3 una vez m\u00e1s.<\/p>\n<p>El mandatario norteamericano consider\u00f3 que, por ello, no se puede lograr una soluci\u00f3n a la disputa en menos de una semana. \u00abVa a tomar m\u00e1s tiempo pero lo vamos a lograr\u00bb, asegur\u00f3. El objetivo, agreg\u00f3, consiste en \u00abcerrar acuerdos comerciales m\u00ednimamente razonables, m\u00ednimamente justos y no est\u00fapidos acuerdos comerciales como los que hemos tolerado desde hace 25 a\u00f1os\u00bb.<\/p>\n<p>Trump interpret\u00f3 la visita de Juncker a la Casa Blanca este mi\u00e9rcoles como una confesi\u00f3n de debilidad de la UE: \u00abTodos vienen. No quieren que les impongan estos aranceles\u00bb.<\/p>\n<p>El presidente agreg\u00f3: \u00abLo que nos est\u00e1 haciendo la UE es incre\u00edble. \u00a1Que malo!\u00bb A los europeos les manifest\u00f3 que deben cambiar. \u00abNo quer\u00edan cambiar. Les dije: okay, entonces vamos a imponer aranceles a sus autom\u00f3viles\u00bb. A rengl\u00f3n seguido, la UE solicit\u00f3 mantener conversaciones. \u00abEllos dijeron: \u00bfcu\u00e1ndo podemos pasar? \u00bfMa\u00f1ana estar\u00eda bien?\u00bb. Trump opin\u00f3 sobre los europeos: \u00abSuenan amables, pero son duros\u00bb.<\/p>\n<p>Trump asegur\u00f3 que al final los agricultores estadounidenses ser\u00e1n \u00ablos grandes ganadores\u00bb. Previamente, el diario \u00abThe Washington Post\u00bb hab\u00eda informado que el Gobierno de Estados Unidos est\u00e1 preparando un paquete de ayuda de emergencia para los agricultores por unos 12.000 millones de d\u00f3lares debido a la disputa comercial con China y la UE.<\/p>\n<p>Seg\u00fan el servicio de informaci\u00f3n \u00abPolitico\u00bb, la ayuda de emergencia debe asegurar que los agricultores estadounidenses no sean los m\u00e1s castigados por los conflictos comerciales con China, la UE y otros socios. Los agricultores en Estados Unidos son un importante sector de apoyo a Trump y su Partido Republicano.<\/p>\n<p>Antes de viajar a Kansas City, Trump hab\u00eda dejado claro que para \u00e9l la imposici\u00f3n de aranceles punitivos es una estrategia comercial exitosa. \u00ab\u00a1Los aranceles son lo m\u00e1s grande!\u00bb, escribi\u00f3 en Twitter. \u00abO un pa\u00eds que ha tratado de forma injusta a Estados Unidos en negociaciones comerciales negocia un acuerdo comercial justo o tendr\u00e1 que enfrentarse a aranceles. As\u00ed de sencillo\u00bb, afirm\u00f3.<\/p>\n<p>En otro tuit, Trump se mostr\u00f3 convencido de que su pol\u00edtica comercial ya est\u00e1 surtiendo efecto. \u00abTodos los pa\u00edses que nos han tratado injustamente durante muchos a\u00f1os vienen a Washington para negociar\u00bb, se\u00f1al\u00f3. \u00abEsto deber\u00eda haber ocurrido hace muchos a\u00f1os, pero como reza el refr\u00e1n: \u00a1Mejor tarde que nunca!\u00bb.<\/p>\n<p>La escalada del conflicto comercial entre Estados Unidos y la Uni\u00f3n Europea (UE) ser\u00e1 el principal tema de discusi\u00f3n en la reuni\u00f3n entre Trump y Juncker.<\/p>\n<p>El presidente estadounidense impuso aranceles a las importaciones de acero y aluminio. La UE respondi\u00f3 gravando con aranceles especiales las importaciones de productos estadounidenses como el whisky, los vaqueros y las motocicletas.<\/p>\n<p>Ahora, Trump tambi\u00e9n sopesa imponer aranceles punitivos a autom\u00f3viles europeos, lo que afectar\u00eda sobre todo a Alemania. Por este motivo, la UE ya ha comenzado a preparar nuevas represalias.<\/p>\n<p>La Comisi\u00f3n Europea inform\u00f3 que antes de viajar a Washington, Juncker celebr\u00f3 este martes consultas con varios l\u00edderes europeos, entre ellos la canciller alemana, Angela Merkel, y el presidente de Francia, Emmanuel Macron.<\/p>\n<p>El Ejecutivo europeo hab\u00eda informado el lunes que Juncker viajar\u00eda a Estados Unidos sin una propuesta concreta para desactivar el conflicto comercial, sino con el objetivo principal de \u00abdesdramatizar\u00bb las tensiones. La Comisi\u00f3n Europea ha dejado claro que no espera una r\u00e1pida soluci\u00f3n a la disputa.<\/p>\n<p>Trump justifica la imposici\u00f3n de aranceles adicionales en la defensa de \u00abintereses nacionales de seguridad\u00bb. La UE considera este argumento inveros\u00edmil y cree que, en realidad, el presidente busca proteger al sector empresarial estadounidenses de una competencia internacional indeseada.<\/p>\n<p>El Fondo Monetario Internacional (FMI) en Washington asegur\u00f3 hoy que es poco probable que la imposici\u00f3n de aranceles proteccionistas a las importaciones permita reducir los d\u00e9ficits comerciales de Estados Unidos.<\/p>\n<p>Por Maren Hennemuth (dpa)<\/p>\n","protected":false},"excerpt":{"rendered":"<p>Kansas City\/Washington, 24 jul (dpa) &#8211; El presidente Donald Trump se declar\u00f3 hoy convencido de que Estados Unidos impondr\u00e1 su voluntad en la disputa comercial con la Uni\u00f3n Europea (UE), en la v\u00edspera de su reuni\u00f3n con el presidente de la Comisi\u00f3n Europea, Jean-Claude Juncker, en la Casa Blanca. \u00abDebemos perseverar\u00bb, dijo Trump en un<\/p>\n","protected":false},"author":1,"featured_media":95599,"comment_status":"closed","ping_status":"closed","sticky":false,"template":"","format":"standard","meta":{"footnotes":""},"categories":[343],"tags":[],"class_list":{"0":"post-101137","1":"post","2":"type-post","3":"status-publish","4":"format-standard","5":"has-post-thumbnail","7":"category-actualidad"},"aioseo_notices":[],"aioseo_head":"\n\t\t<!-- All in One SEO Pro 4.9.6.2 - aioseo.com -->\n\t<meta name=\"description\" content=\"Kansas City\/Washington, 24 jul (dpa) - El presidente Donald Trump se declar\u00f3 hoy convencido de que Estados Unidos impondr\u00e1 su voluntad en la disputa comercial con la Uni\u00f3n Europea (UE), en la v\u00edspera de su reuni\u00f3n con el presidente de la Comisi\u00f3n Europea, Jean-Claude Juncker, en la Casa Blanca. &quot;Debemos perseverar&quot;, dijo Trump en un\" \/>\n\t<meta name=\"robots\" content=\"max-image-preview:large\" \/>\n\t<meta name=\"author\" content=\"Cand\u00e1s 365\"\/>\n\t<meta name=\"google-site-verification\" content=\"UA-32230408-1\" \/>\n\t<meta name=\"msvalidate.01\" content=\"354F3CDFB2DA171B47FBE9ABF1F88D5\" \/>\n\t<meta name=\"keywords\" content=\"actualidad\" \/>\n\t<link rel=\"canonical\" href=\"https:\/\/candas365.es\/noticias\/trump-esta-seguro-de-su-victoria-en-el-conflicto-comercial-con-la-ue\/\" \/>\n\t<meta name=\"generator\" content=\"All in One SEO Pro (AIOSEO) 4.9.6.2\" \/>\n\t\t<meta property=\"og:locale\" content=\"es_ES\" \/>\n\t\t<meta property=\"og:site_name\" content=\"Cand\u00e1s 365\" \/>\n\t\t<meta property=\"og:type\" content=\"article\" \/>\n\t\t<meta property=\"og:title\" content=\"Trump est\u00e1 seguro de su victoria en el conflicto comercial con la UE | Cand\u00e1s 365\" \/>\n\t\t<meta property=\"og:description\" content=\"Kansas City\/Washington, 24 jul (dpa) - El presidente Donald Trump se declar\u00f3 hoy convencido de que Estados Unidos impondr\u00e1 su voluntad en la disputa comercial con la Uni\u00f3n Europea (UE), en la v\u00edspera de su reuni\u00f3n con el presidente de la Comisi\u00f3n Europea, Jean-Claude Juncker, en la Casa Blanca. &quot;Debemos perseverar&quot;, dijo Trump en un\" \/>\n\t\t<meta property=\"og:url\" content=\"https:\/\/candas365.es\/noticias\/trump-esta-seguro-de-su-victoria-en-el-conflicto-comercial-con-la-ue\/\" \/>\n\t\t<meta property=\"og:image\" content=\"https:\/\/candas365.es\/noticias\/wp-content\/uploads\/2018\/05\/trump-2704264_960_720.jpg\" \/>\n\t\t<meta property=\"og:image:secure_url\" content=\"https:\/\/candas365.es\/noticias\/wp-content\/uploads\/2018\/05\/trump-2704264_960_720.jpg\" \/>\n\t\t<meta property=\"og:image:width\" content=\"960\" \/>\n\t\t<meta property=\"og:image:height\" content=\"639\" \/>\n\t\t<meta property=\"article:published_time\" content=\"2018-07-25T00:43:14+00:00\" \/>\n\t\t<meta property=\"article:modified_time\" content=\"2018-07-25T00:43:14+00:00\" \/>\n\t\t<meta property=\"article:publisher\" content=\"https:\/\/www.facebook.com\/Nachofdezber\" \/>\n\t\t<meta property=\"article:author\" content=\"https:\/\/www.facebook.com\/carrenoactualidad\" \/>\n\t\t<meta name=\"twitter:card\" content=\"summary_large_image\" \/>\n\t\t<meta name=\"twitter:site\" content=\"@NabercoDigital\" \/>\n\t\t<meta name=\"twitter:title\" content=\"Trump est\u00e1 seguro de su victoria en el conflicto comercial con la UE | Cand\u00e1s 365\" \/>\n\t\t<meta name=\"twitter:description\" content=\"Kansas City\/Washington, 24 jul (dpa) - El presidente Donald Trump se declar\u00f3 hoy convencido de que Estados Unidos impondr\u00e1 su voluntad en la disputa comercial con la Uni\u00f3n Europea (UE), en la v\u00edspera de su reuni\u00f3n con el presidente de la Comisi\u00f3n Europea, Jean-Claude Juncker, en la Casa Blanca. &quot;Debemos perseverar&quot;, dijo Trump en un\" \/>\n\t\t<meta name=\"twitter:creator\" content=\"@nbasturias\" \/>\n\t\t<meta name=\"twitter:image\" content=\"https:\/\/candas365.es\/noticias\/wp-content\/uploads\/2018\/05\/trump-2704264_960_720.jpg\" \/>\n\t\t<meta name=\"twitter:label1\" content=\"Escrito por\" \/>\n\t\t<meta name=\"twitter:data1\" content=\"Cand\u00e1s 365\" \/>\n\t\t<meta name=\"twitter:label2\" content=\"Tiempo de lectura estimado\" \/>\n\t\t<meta name=\"twitter:data2\" content=\"4 minutos\" \/>\n\t\t<script type=\"application\/ld+json\" class=\"aioseo-schema\">\n\t\t\t{\"@context\":\"https:\\\/\\\/schema.org\",\"@graph\":[{\"@type\":\"BreadcrumbList\",\"@id\":\"https:\\\/\\\/candas365.es\\\/noticias\\\/trump-esta-seguro-de-su-victoria-en-el-conflicto-comercial-con-la-ue\\\/#breadcrumblist\",\"itemListElement\":[{\"@type\":\"ListItem\",\"@id\":\"https:\\\/\\\/candas365.es\\\/noticias#listItem\",\"position\":1,\"name\":\"Home\",\"item\":\"https:\\\/\\\/candas365.es\\\/noticias\",\"nextItem\":{\"@type\":\"ListItem\",\"@id\":\"https:\\\/\\\/candas365.es\\\/noticias\\\/category\\\/actualidad\\\/#listItem\",\"name\":\"Actualidad\"}},{\"@type\":\"ListItem\",\"@id\":\"https:\\\/\\\/candas365.es\\\/noticias\\\/category\\\/actualidad\\\/#listItem\",\"position\":2,\"name\":\"Actualidad\",\"item\":\"https:\\\/\\\/candas365.es\\\/noticias\\\/category\\\/actualidad\\\/\",\"nextItem\":{\"@type\":\"ListItem\",\"@id\":\"https:\\\/\\\/candas365.es\\\/noticias\\\/trump-esta-seguro-de-su-victoria-en-el-conflicto-comercial-con-la-ue\\\/#listItem\",\"name\":\"Trump est\\u00e1 seguro de su victoria en el conflicto comercial con la UE\"},\"previousItem\":{\"@type\":\"ListItem\",\"@id\":\"https:\\\/\\\/candas365.es\\\/noticias#listItem\",\"name\":\"Home\"}},{\"@type\":\"ListItem\",\"@id\":\"https:\\\/\\\/candas365.es\\\/noticias\\\/trump-esta-seguro-de-su-victoria-en-el-conflicto-comercial-con-la-ue\\\/#listItem\",\"position\":3,\"name\":\"Trump est\\u00e1 seguro de su victoria en el conflicto comercial con la UE\",\"previousItem\":{\"@type\":\"ListItem\",\"@id\":\"https:\\\/\\\/candas365.es\\\/noticias\\\/category\\\/actualidad\\\/#listItem\",\"name\":\"Actualidad\"}}]},{\"@type\":\"NewsArticle\",\"@id\":\"https:\\\/\\\/candas365.es\\\/noticias\\\/trump-esta-seguro-de-su-victoria-en-el-conflicto-comercial-con-la-ue\\\/#newsarticle\",\"name\":\"Trump est\\u00e1 seguro de su victoria en el conflicto comercial con la UE | Cand\\u00e1s 365\",\"headline\":\"Trump est\\u00e1 seguro de su victoria en el conflicto comercial con la UE\",\"author\":{\"@id\":\"https:\\\/\\\/candas365.es\\\/noticias\\\/author\\\/admin\\\/#author\"},\"publisher\":{\"@id\":\"https:\\\/\\\/candas365.es\\\/noticias\\\/#organization\"},\"image\":{\"@type\":\"ImageObject\",\"url\":\"https:\\\/\\\/candas365.es\\\/noticias\\\/wp-content\\\/uploads\\\/2018\\\/05\\\/trump-2704264_960_720.jpg\",\"width\":960,\"height\":639},\"datePublished\":\"2018-07-25T00:43:14+02:00\",\"dateModified\":\"2018-07-25T00:43:14+02:00\",\"inLanguage\":\"es-ES\",\"mainEntityOfPage\":{\"@id\":\"https:\\\/\\\/candas365.es\\\/noticias\\\/trump-esta-seguro-de-su-victoria-en-el-conflicto-comercial-con-la-ue\\\/#webpage\"},\"isPartOf\":{\"@id\":\"https:\\\/\\\/candas365.es\\\/noticias\\\/trump-esta-seguro-de-su-victoria-en-el-conflicto-comercial-con-la-ue\\\/#webpage\"},\"articleSection\":\"Actualidad\",\"dateline\":\"Publicado el julio 25, 2018.\"},{\"@type\":\"Organization\",\"@id\":\"https:\\\/\\\/candas365.es\\\/noticias\\\/#organization\",\"name\":\"Cand\\u00e1s 365\",\"description\":\"Cand\\u00e1s 365 es un diario digital independiente, fundado en 2012, con base en Asturias. Informamos con rigor sobre actualidad, sociedad, cultura y ocio, con una mirada local y global.\",\"url\":\"https:\\\/\\\/candas365.es\\\/noticias\\\/\",\"email\":\"info@candas365.es\",\"telephone\":\"+34652131393\",\"foundingDate\":\"2012-06-10\",\"logo\":{\"@type\":\"ImageObject\",\"url\":\"https:\\\/\\\/candas365.es\\\/noticias\\\/wp-content\\\/uploads\\\/2024\\\/09\\\/Candas-365-Redes.jpg\",\"@id\":\"https:\\\/\\\/candas365.es\\\/noticias\\\/trump-esta-seguro-de-su-victoria-en-el-conflicto-comercial-con-la-ue\\\/#organizationLogo\",\"width\":1152,\"height\":864,\"caption\":\"Cand\\u00e1s 365 Redes\"},\"image\":{\"@id\":\"https:\\\/\\\/candas365.es\\\/noticias\\\/trump-esta-seguro-de-su-victoria-en-el-conflicto-comercial-con-la-ue\\\/#organizationLogo\"},\"sameAs\":[\"https:\\\/\\\/www.facebook.com\\\/Nachofdezber\",\"https:\\\/\\\/x.com\\\/NabercoDigital\",\"https:\\\/\\\/www.instagram.com\\\/nachofdezber\\\/\",\"https:\\\/\\\/www.youtube.com\\\/channel\\\/UCZP-2wLEB9Rv6erhFmqVnvg\"],\"address\":{\"@id\":\"https:\\\/\\\/candas365.es\\\/noticias\\\/#postaladdress\",\"@type\":\"PostalAddress\",\"streetAddress\":\"san antonio 4, san antonio 4\",\"postalCode\":\"33430\",\"addressLocality\":\"Cand\\u00e1s\",\"addressRegion\":\"Asturias\",\"addressCountry\":\"ES\"}},{\"@type\":\"Person\",\"@id\":\"https:\\\/\\\/candas365.es\\\/noticias\\\/author\\\/admin\\\/#author\",\"url\":\"https:\\\/\\\/candas365.es\\\/noticias\\\/author\\\/admin\\\/\",\"name\":\"Cand\\u00e1s 365\",\"image\":{\"@type\":\"ImageObject\",\"@id\":\"https:\\\/\\\/candas365.es\\\/noticias\\\/trump-esta-seguro-de-su-victoria-en-el-conflicto-comercial-con-la-ue\\\/#authorImage\",\"url\":\"https:\\\/\\\/secure.gravatar.com\\\/avatar\\\/496a8e03d0c493ede1718b7934145dbdf8d89be1036b0eec9544e1094c9de390?s=96&d=mm&r=g\",\"width\":96,\"height\":96,\"caption\":\"Cand\\u00e1s 365\"},\"sameAs\":[\"https:\\\/\\\/www.facebook.com\\\/carrenoactualidad\",\"https:\\\/\\\/twitter.com\\\/nbasturias\",\"https:\\\/\\\/www.instagram.com\\\/nachofdezber\\\/\",\"https:\\\/\\\/www.youtube.com\\\/channel\\\/UCZP-2wLEB9Rv6erhFmqVnvg\"]},{\"@type\":\"WebPage\",\"@id\":\"https:\\\/\\\/candas365.es\\\/noticias\\\/trump-esta-seguro-de-su-victoria-en-el-conflicto-comercial-con-la-ue\\\/#webpage\",\"url\":\"https:\\\/\\\/candas365.es\\\/noticias\\\/trump-esta-seguro-de-su-victoria-en-el-conflicto-comercial-con-la-ue\\\/\",\"name\":\"Trump est\\u00e1 seguro de su victoria en el conflicto comercial con la UE | Cand\\u00e1s 365\",\"description\":\"Kansas City\\\/Washington, 24 jul (dpa) - El presidente Donald Trump se declar\\u00f3 hoy convencido de que Estados Unidos impondr\\u00e1 su voluntad en la disputa comercial con la Uni\\u00f3n Europea (UE), en la v\\u00edspera de su reuni\\u00f3n con el presidente de la Comisi\\u00f3n Europea, Jean-Claude Juncker, en la Casa Blanca. \\\"Debemos perseverar\\\", dijo Trump en un\",\"inLanguage\":\"es-ES\",\"isPartOf\":{\"@id\":\"https:\\\/\\\/candas365.es\\\/noticias\\\/#website\"},\"breadcrumb\":{\"@id\":\"https:\\\/\\\/candas365.es\\\/noticias\\\/trump-esta-seguro-de-su-victoria-en-el-conflicto-comercial-con-la-ue\\\/#breadcrumblist\"},\"author\":{\"@id\":\"https:\\\/\\\/candas365.es\\\/noticias\\\/author\\\/admin\\\/#author\"},\"creator\":{\"@id\":\"https:\\\/\\\/candas365.es\\\/noticias\\\/author\\\/admin\\\/#author\"},\"image\":{\"@type\":\"ImageObject\",\"url\":\"https:\\\/\\\/candas365.es\\\/noticias\\\/wp-content\\\/uploads\\\/2018\\\/05\\\/trump-2704264_960_720.jpg\",\"@id\":\"https:\\\/\\\/candas365.es\\\/noticias\\\/trump-esta-seguro-de-su-victoria-en-el-conflicto-comercial-con-la-ue\\\/#mainImage\",\"width\":960,\"height\":639},\"primaryImageOfPage\":{\"@id\":\"https:\\\/\\\/candas365.es\\\/noticias\\\/trump-esta-seguro-de-su-victoria-en-el-conflicto-comercial-con-la-ue\\\/#mainImage\"},\"datePublished\":\"2018-07-25T00:43:14+02:00\",\"dateModified\":\"2018-07-25T00:43:14+02:00\"},{\"@type\":\"WebSite\",\"@id\":\"https:\\\/\\\/candas365.es\\\/noticias\\\/#website\",\"url\":\"https:\\\/\\\/candas365.es\\\/noticias\\\/\",\"name\":\"Cand\\u00e1s 365\",\"alternateName\":\"Cand\\u00e1s 365 Noticias\",\"description\":\"Actualidad desde Carre\\u00f1o para el mundo\",\"inLanguage\":\"es-ES\",\"publisher\":{\"@id\":\"https:\\\/\\\/candas365.es\\\/noticias\\\/#organization\"}}]}\n\t\t<\/script>\n\t\t<!-- All in One SEO Pro -->\r\n\t\t<title>Trump est\u00e1 seguro de su victoria en el conflicto comercial con la UE | Cand\u00e1s 365<\/title>\n\n","aioseo_head_json":{"title":"Trump est\u00e1 seguro de su victoria en el conflicto comercial con la UE | Cand\u00e1s 365","description":"Kansas City\/Washington, 24 jul (dpa) - El presidente Donald Trump se declar\u00f3 hoy convencido de que Estados Unidos impondr\u00e1 su voluntad en la disputa comercial con la Uni\u00f3n Europea (UE), en la v\u00edspera de su reuni\u00f3n con el presidente de la Comisi\u00f3n Europea, Jean-Claude Juncker, en la Casa Blanca. \"Debemos perseverar\", dijo Trump en un","canonical_url":"https:\/\/candas365.es\/noticias\/trump-esta-seguro-de-su-victoria-en-el-conflicto-comercial-con-la-ue\/","robots":"max-image-preview:large","keywords":"actualidad","webmasterTools":{"google-site-verification":"UA-32230408-1","msvalidate.01":"354F3CDFB2DA171B47FBE9ABF1F88D5","miscellaneous":""},"schema":{"@context":"https:\/\/schema.org","@graph":[{"@type":"BreadcrumbList","@id":"https:\/\/candas365.es\/noticias\/trump-esta-seguro-de-su-victoria-en-el-conflicto-comercial-con-la-ue\/#breadcrumblist","itemListElement":[{"@type":"ListItem","@id":"https:\/\/candas365.es\/noticias#listItem","position":1,"name":"Home","item":"https:\/\/candas365.es\/noticias","nextItem":{"@type":"ListItem","@id":"https:\/\/candas365.es\/noticias\/category\/actualidad\/#listItem","name":"Actualidad"}},{"@type":"ListItem","@id":"https:\/\/candas365.es\/noticias\/category\/actualidad\/#listItem","position":2,"name":"Actualidad","item":"https:\/\/candas365.es\/noticias\/category\/actualidad\/","nextItem":{"@type":"ListItem","@id":"https:\/\/candas365.es\/noticias\/trump-esta-seguro-de-su-victoria-en-el-conflicto-comercial-con-la-ue\/#listItem","name":"Trump est\u00e1 seguro de su victoria en el conflicto comercial con la UE"},"previousItem":{"@type":"ListItem","@id":"https:\/\/candas365.es\/noticias#listItem","name":"Home"}},{"@type":"ListItem","@id":"https:\/\/candas365.es\/noticias\/trump-esta-seguro-de-su-victoria-en-el-conflicto-comercial-con-la-ue\/#listItem","position":3,"name":"Trump est\u00e1 seguro de su victoria en el conflicto comercial con la UE","previousItem":{"@type":"ListItem","@id":"https:\/\/candas365.es\/noticias\/category\/actualidad\/#listItem","name":"Actualidad"}}]},{"@type":"NewsArticle","@id":"https:\/\/candas365.es\/noticias\/trump-esta-seguro-de-su-victoria-en-el-conflicto-comercial-con-la-ue\/#newsarticle","name":"Trump est\u00e1 seguro de su victoria en el conflicto comercial con la UE | Cand\u00e1s 365","headline":"Trump est\u00e1 seguro de su victoria en el conflicto comercial con la UE","author":{"@id":"https:\/\/candas365.es\/noticias\/author\/admin\/#author"},"publisher":{"@id":"https:\/\/candas365.es\/noticias\/#organization"},"image":{"@type":"ImageObject","url":"https:\/\/candas365.es\/noticias\/wp-content\/uploads\/2018\/05\/trump-2704264_960_720.jpg","width":960,"height":639},"datePublished":"2018-07-25T00:43:14+02:00","dateModified":"2018-07-25T00:43:14+02:00","inLanguage":"es-ES","mainEntityOfPage":{"@id":"https:\/\/candas365.es\/noticias\/trump-esta-seguro-de-su-victoria-en-el-conflicto-comercial-con-la-ue\/#webpage"},"isPartOf":{"@id":"https:\/\/candas365.es\/noticias\/trump-esta-seguro-de-su-victoria-en-el-conflicto-comercial-con-la-ue\/#webpage"},"articleSection":"Actualidad","dateline":"Publicado el julio 25, 2018."},{"@type":"Organization","@id":"https:\/\/candas365.es\/noticias\/#organization","name":"Cand\u00e1s 365","description":"Cand\u00e1s 365 es un diario digital independiente, fundado en 2012, con base en Asturias. Informamos con rigor sobre actualidad, sociedad, cultura y ocio, con una mirada local y global.","url":"https:\/\/candas365.es\/noticias\/","email":"info@candas365.es","telephone":"+34652131393","foundingDate":"2012-06-10","logo":{"@type":"ImageObject","url":"https:\/\/candas365.es\/noticias\/wp-content\/uploads\/2024\/09\/Candas-365-Redes.jpg","@id":"https:\/\/candas365.es\/noticias\/trump-esta-seguro-de-su-victoria-en-el-conflicto-comercial-con-la-ue\/#organizationLogo","width":1152,"height":864,"caption":"Cand\u00e1s 365 Redes"},"image":{"@id":"https:\/\/candas365.es\/noticias\/trump-esta-seguro-de-su-victoria-en-el-conflicto-comercial-con-la-ue\/#organizationLogo"},"sameAs":["https:\/\/www.facebook.com\/Nachofdezber","https:\/\/x.com\/NabercoDigital","https:\/\/www.instagram.com\/nachofdezber\/","https:\/\/www.youtube.com\/channel\/UCZP-2wLEB9Rv6erhFmqVnvg"],"address":{"@id":"https:\/\/candas365.es\/noticias\/#postaladdress","@type":"PostalAddress","streetAddress":"san antonio 4, san antonio 4","postalCode":"33430","addressLocality":"Cand\u00e1s","addressRegion":"Asturias","addressCountry":"ES"}},{"@type":"Person","@id":"https:\/\/candas365.es\/noticias\/author\/admin\/#author","url":"https:\/\/candas365.es\/noticias\/author\/admin\/","name":"Cand\u00e1s 365","image":{"@type":"ImageObject","@id":"https:\/\/candas365.es\/noticias\/trump-esta-seguro-de-su-victoria-en-el-conflicto-comercial-con-la-ue\/#authorImage","url":"https:\/\/secure.gravatar.com\/avatar\/496a8e03d0c493ede1718b7934145dbdf8d89be1036b0eec9544e1094c9de390?s=96&d=mm&r=g","width":96,"height":96,"caption":"Cand\u00e1s 365"},"sameAs":["https:\/\/www.facebook.com\/carrenoactualidad","https:\/\/twitter.com\/nbasturias","https:\/\/www.instagram.com\/nachofdezber\/","https:\/\/www.youtube.com\/channel\/UCZP-2wLEB9Rv6erhFmqVnvg"]},{"@type":"WebPage","@id":"https:\/\/candas365.es\/noticias\/trump-esta-seguro-de-su-victoria-en-el-conflicto-comercial-con-la-ue\/#webpage","url":"https:\/\/candas365.es\/noticias\/trump-esta-seguro-de-su-victoria-en-el-conflicto-comercial-con-la-ue\/","name":"Trump est\u00e1 seguro de su victoria en el conflicto comercial con la UE | Cand\u00e1s 365","description":"Kansas City\/Washington, 24 jul (dpa) - El presidente Donald Trump se declar\u00f3 hoy convencido de que Estados Unidos impondr\u00e1 su voluntad en la disputa comercial con la Uni\u00f3n Europea (UE), en la v\u00edspera de su reuni\u00f3n con el presidente de la Comisi\u00f3n Europea, Jean-Claude Juncker, en la Casa Blanca. \"Debemos perseverar\", dijo Trump en un","inLanguage":"es-ES","isPartOf":{"@id":"https:\/\/candas365.es\/noticias\/#website"},"breadcrumb":{"@id":"https:\/\/candas365.es\/noticias\/trump-esta-seguro-de-su-victoria-en-el-conflicto-comercial-con-la-ue\/#breadcrumblist"},"author":{"@id":"https:\/\/candas365.es\/noticias\/author\/admin\/#author"},"creator":{"@id":"https:\/\/candas365.es\/noticias\/author\/admin\/#author"},"image":{"@type":"ImageObject","url":"https:\/\/candas365.es\/noticias\/wp-content\/uploads\/2018\/05\/trump-2704264_960_720.jpg","@id":"https:\/\/candas365.es\/noticias\/trump-esta-seguro-de-su-victoria-en-el-conflicto-comercial-con-la-ue\/#mainImage","width":960,"height":639},"primaryImageOfPage":{"@id":"https:\/\/candas365.es\/noticias\/trump-esta-seguro-de-su-victoria-en-el-conflicto-comercial-con-la-ue\/#mainImage"},"datePublished":"2018-07-25T00:43:14+02:00","dateModified":"2018-07-25T00:43:14+02:00"},{"@type":"WebSite","@id":"https:\/\/candas365.es\/noticias\/#website","url":"https:\/\/candas365.es\/noticias\/","name":"Cand\u00e1s 365","alternateName":"Cand\u00e1s 365 Noticias","description":"Actualidad desde Carre\u00f1o para el mundo","inLanguage":"es-ES","publisher":{"@id":"https:\/\/candas365.es\/noticias\/#organization"}}]},"og:locale":"es_ES","og:site_name":"Cand\u00e1s 365","og:type":"article","og:title":"Trump est\u00e1 seguro de su victoria en el conflicto comercial con la UE | Cand\u00e1s 365","og:description":"Kansas City\/Washington, 24 jul (dpa) - El presidente Donald Trump se declar\u00f3 hoy convencido de que Estados Unidos impondr\u00e1 su voluntad en la disputa comercial con la Uni\u00f3n Europea (UE), en la v\u00edspera de su reuni\u00f3n con el presidente de la Comisi\u00f3n Europea, Jean-Claude Juncker, en la Casa Blanca. &quot;Debemos perseverar&quot;, dijo Trump en un","og:url":"https:\/\/candas365.es\/noticias\/trump-esta-seguro-de-su-victoria-en-el-conflicto-comercial-con-la-ue\/","og:image":"https:\/\/candas365.es\/noticias\/wp-content\/uploads\/2018\/05\/trump-2704264_960_720.jpg","og:image:secure_url":"https:\/\/candas365.es\/noticias\/wp-content\/uploads\/2018\/05\/trump-2704264_960_720.jpg","og:image:width":960,"og:image:height":639,"article:published_time":"2018-07-25T00:43:14+00:00","article:modified_time":"2018-07-25T00:43:14+00:00","article:publisher":"https:\/\/www.facebook.com\/Nachofdezber","article:author":"https:\/\/www.facebook.com\/carrenoactualidad","twitter:card":"summary_large_image","twitter:site":"@NabercoDigital","twitter:title":"Trump est\u00e1 seguro de su victoria en el conflicto comercial con la UE | Cand\u00e1s 365","twitter:description":"Kansas City\/Washington, 24 jul (dpa) - El presidente Donald Trump se declar\u00f3 hoy convencido de que Estados Unidos impondr\u00e1 su voluntad en la disputa comercial con la Uni\u00f3n Europea (UE), en la v\u00edspera de su reuni\u00f3n con el presidente de la Comisi\u00f3n Europea, Jean-Claude Juncker, en la Casa Blanca. &quot;Debemos perseverar&quot;, dijo Trump en un","twitter:creator":"@nbasturias","twitter:image":"https:\/\/candas365.es\/noticias\/wp-content\/uploads\/2018\/05\/trump-2704264_960_720.jpg","twitter:label1":"Escrito por","twitter:data1":"Cand\u00e1s 365","twitter:label2":"Tiempo de lectura estimado","twitter:data2":"4 minutos"},"aioseo_meta_data":{"post_id":"101137","title":null,"description":null,"keywords":null,"keyphrases":null,"primary_term":null,"canonical_url":null,"og_title":null,"og_description":null,"og_object_type":"default","og_image_type":"default","og_image_url":null,"og_image_width":null,"og_image_height":null,"og_image_custom_url":null,"og_image_custom_fields":null,"og_video":null,"og_custom_url":null,"og_article_section":null,"og_article_tags":null,"twitter_use_og":false,"twitter_card":"default","twitter_image_type":"default","twitter_image_url":null,"twitter_image_custom_url":null,"twitter_image_custom_fields":null,"twitter_title":null,"twitter_description":null,"schema":{"blockGraphs":[],"customGraphs":[],"default":{"data":{"Article":[],"Course":[],"Dataset":[],"FAQPage":[],"Movie":[],"Person":[],"Product":[],"ProductReview":[],"Car":[],"Recipe":[],"Service":[],"SoftwareApplication":[],"WebPage":[]},"graphName":"","isEnabled":true},"graphs":[],"defaultGraph":"","defaultPostTypeGraph":""},"schema_type":null,"schema_type_options":null,"pillar_content":false,"robots_default":true,"robots_noindex":false,"robots_noarchive":false,"robots_nosnippet":false,"robots_nofollow":false,"robots_noimageindex":false,"robots_noodp":false,"robots_notranslate":false,"robots_max_snippet":null,"robots_max_videopreview":null,"robots_max_imagepreview":"large","priority":null,"frequency":null,"location":null,"local_seo":null,"seo_analyzer_scan_date":"2025-08-27 10:42:08","breadcrumb_settings":null,"limit_modified_date":false,"reviewed_by":null,"open_ai":null,"ai":null,"created":"2020-12-21 11:48:13","updated":"2025-08-27 10:42:08"},"aioseo_breadcrumb":"<div class=\"aioseo-breadcrumbs\"><span class=\"aioseo-breadcrumb\">\n\t<a href=\"https:\/\/candas365.es\/noticias\" title=\"Home\">Home<\/a>\n<\/span><span class=\"aioseo-breadcrumb-separator\">&ndash;<\/span><span class=\"aioseo-breadcrumb\">\n\t<a href=\"https:\/\/candas365.es\/noticias\/category\/actualidad\/\" title=\"Actualidad\">Actualidad<\/a>\n<\/span><span class=\"aioseo-breadcrumb-separator\">&ndash;<\/span><span class=\"aioseo-breadcrumb\">\n\tTrump est\u00e1 seguro de su victoria en el conflicto comercial con la UE\n<\/span><\/div>","aioseo_breadcrumb_json":[{"label":"Home","link":"https:\/\/candas365.es\/noticias"},{"label":"Actualidad","link":"https:\/\/candas365.es\/noticias\/category\/actualidad\/"},{"label":"Trump est\u00e1 seguro de su victoria en el conflicto comercial con la UE","link":"https:\/\/candas365.es\/noticias\/trump-esta-seguro-de-su-victoria-en-el-conflicto-comercial-con-la-ue\/"}],"_links":{"self":[{"href":"https:\/\/candas365.es\/noticias\/wp-json\/wp\/v2\/posts\/101137","targetHints":{"allow":["GET"]}}],"collection":[{"href":"https:\/\/candas365.es\/noticias\/wp-json\/wp\/v2\/posts"}],"about":[{"href":"https:\/\/candas365.es\/noticias\/wp-json\/wp\/v2\/types\/post"}],"author":[{"embeddable":true,"href":"https:\/\/candas365.es\/noticias\/wp-json\/wp\/v2\/users\/1"}],"replies":[{"embeddable":true,"href":"https:\/\/candas365.es\/noticias\/wp-json\/wp\/v2\/comments?post=101137"}],"version-history":[{"count":0,"href":"https:\/\/candas365.es\/noticias\/wp-json\/wp\/v2\/posts\/101137\/revisions"}],"wp:featuredmedia":[{"embeddable":true,"href":"https:\/\/candas365.es\/noticias\/wp-json\/wp\/v2\/media\/95599"}],"wp:attachment":[{"href":"https:\/\/candas365.es\/noticias\/wp-json\/wp\/v2\/media?parent=101137"}],"wp:term":[{"taxonomy":"category","embeddable":true,"href":"https:\/\/candas365.es\/noticias\/wp-json\/wp\/v2\/categories?post=101137"},{"taxonomy":"post_tag","embeddable":true,"href":"https:\/\/candas365.es\/noticias\/wp-json\/wp\/v2\/tags?post=101137"}],"curies":[{"name":"wp","href":"https:\/\/api.w.org\/{rel}","templated":true}]}}