{"id":101135,"date":"2018-07-25T00:41:23","date_gmt":"2018-07-25T00:41:23","guid":{"rendered":"http:\/\/candas365.es\/noticias\/?p=101135"},"modified":"2018-07-25T00:41:23","modified_gmt":"2018-07-25T00:41:23","slug":"pence-tras-entrevista-de-ortega-en-fox-la-violencia-es-innegable","status":"publish","type":"post","link":"https:\/\/candas365.es\/noticias\/pence-tras-entrevista-de-ortega-en-fox-la-violencia-es-innegable\/","title":{"rendered":"Pence, tras entrevista de Ortega en Fox: \u00abLa violencia es innegable\u00bb"},"content":{"rendered":"<p><img fetchpriority=\"high\" decoding=\"async\" class=\"alignleft size-medium wp-image-94077\" src=\"https:\/\/candas365.es\/noticias\/wp-content\/uploads\/2018\/04\/administration-1846270_960_720-360x270.jpg\" alt=\"\" width=\"360\" height=\"270\" srcset=\"https:\/\/candas365.es\/noticias\/wp-content\/uploads\/2018\/04\/administration-1846270_960_720-360x270.jpg 360w, https:\/\/candas365.es\/noticias\/wp-content\/uploads\/2018\/04\/administration-1846270_960_720-80x60.jpg 80w, https:\/\/candas365.es\/noticias\/wp-content\/uploads\/2018\/04\/administration-1846270_960_720-265x198.jpg 265w, https:\/\/candas365.es\/noticias\/wp-content\/uploads\/2018\/04\/administration-1846270_960_720-696x522.jpg 696w, https:\/\/candas365.es\/noticias\/wp-content\/uploads\/2018\/04\/administration-1846270_960_720-560x420.jpg 560w, https:\/\/candas365.es\/noticias\/wp-content\/uploads\/2018\/04\/administration-1846270_960_720-768x576.jpg 768w, https:\/\/candas365.es\/noticias\/wp-content\/uploads\/2018\/04\/administration-1846270_960_720-640x480.jpg 640w, https:\/\/candas365.es\/noticias\/wp-content\/uploads\/2018\/04\/administration-1846270_960_720-90x67.jpg 90w, https:\/\/candas365.es\/noticias\/wp-content\/uploads\/2018\/04\/administration-1846270_960_720.jpg 960w\" sizes=\"(max-width: 360px) 100vw, 360px\" \/>Washington, 24 jul (dpa) &#8211; El vicepresidente de Estados Unidos, Mike Pence, calific\u00f3 hoy de \u00abinnegable\u00bb que el Gobierno de Daniel Ortega patrocina la violencia en Nicaragua y volvi\u00f3 a instarlo a celebrar elecciones anticipadas.<\/p>\n<p>\u00abLa violencia patrocinada por el Estado en Nicaragua es innegable. La propaganda de Ortega no enga\u00f1a a nadie y no cambia nada\u00bb, escribi\u00f3 Pence en Twitter como respuesta a la entrevista que el mandatario nicarag\u00fcense ofreci\u00f3 la noche del lunes a Fox News.<\/p>\n<p>Pence escribi\u00f3 su mensaje sobre un tuit de la cadena de televisi\u00f3n estadounidense en el que esta resume esa entrevista y cuelga el momento en el que Ortega niega la represi\u00f3n de la que lo acusan.<\/p>\n<p>Grupos paramilitares han actuado junto a la polic\u00eda contra protestas y barrios y localidades opuestos a Ortega, seg\u00fan, entre otros, la Comisi\u00f3n Interamericana de Derechos Humanos (CIDH).<\/p>\n<p>\u00abM\u00e1s de 350 muertos a manos del r\u00e9gimen. Estados Unidos llama al Gobierno de Ortega a frenar la violencia AHORA y celebrar elecciones anticipadas. \u00a1El mundo est\u00e1 observando\u00bb, a\u00f1adi\u00f3 Pence.<\/p>\n<p>La llamada a \u00abelecciones anticipadas, libres, justas y transparentes\u00bb fue reiterada hoy tambi\u00e9n por la portavoz del Departamento de Estado, Heather Nauert, en rueda de prensa.<\/p>\n<p>All\u00ed conden\u00f3 la \u00abviolencia e intimidaci\u00f3n sostenidas de los grupos armados controlados por Ortega\u00bb, as\u00ed como los \u00abcobardes ataques\u00bb a la Iglesia cat\u00f3lica, que act\u00faa como mediadora en el di\u00e1logo nacional, ahora suspendido, y a los cientos de muertos.<\/p>\n<p>\u00abLos ataques han sido documentados internacionalmente y son completamente inaceptables\u00bb, manifest\u00f3 Nauert sin hacer referencia expresa a la entrevista televisiva de Ortega. \u00abEl Gobierno nicarag\u00fcense no puede continuar excusando su comportamiento y responsabilizando a otros por sus acciones o las acciones de otros afiliados a \u00e9l\u00bb, dijo.<\/p>\n<p>La Organizaci\u00f3n de Estados Americanos (OEA) aprob\u00f3 la semana pasada una resoluci\u00f3n, patrocinada por un grupo de nueve pa\u00edses liderado por Estados Unidos, que condena la violencia en Nicaragua y exhorta al Gobierno del ex guerrillero sandinista a celebrar elecciones anticipadas.<\/p>\n<p>El Gobierno de Trump ha impuesto ya una primera ronda de sanciones contra tres funcionarios del entorno de poder de Ortega y su mujer, la vicepresidenta Rosario Murillo, y ha revocado visados a m\u00e1s de una veintena de funcionarios nicarag\u00fcenses.<\/p>\n<p>M\u00e1s de 300 personas, seg\u00fan organizaciones de derechos humanos, han muerto en Nicaragua en el marco de las protestas que comenzaron contra el Gobierno de Ortega el 18 de abril.<\/p>\n","protected":false},"excerpt":{"rendered":"<p>Washington, 24 jul (dpa) &#8211; El vicepresidente de Estados Unidos, Mike Pence, calific\u00f3 hoy de \u00abinnegable\u00bb que el Gobierno de Daniel Ortega patrocina la violencia en Nicaragua y volvi\u00f3 a instarlo a celebrar elecciones anticipadas. \u00abLa violencia patrocinada por el Estado en Nicaragua es innegable. La propaganda de Ortega no enga\u00f1a a nadie y no<\/p>\n","protected":false},"author":1,"featured_media":94077,"comment_status":"closed","ping_status":"closed","sticky":false,"template":"","format":"standard","meta":{"footnotes":""},"categories":[343],"tags":[],"class_list":{"0":"post-101135","1":"post","2":"type-post","3":"status-publish","4":"format-standard","5":"has-post-thumbnail","7":"category-actualidad"},"aioseo_notices":[],"aioseo_head":"\n\t\t<!-- All in One SEO Pro 4.9.6.2 - aioseo.com -->\n\t<meta name=\"description\" content=\"Washington, 24 jul (dpa) - El vicepresidente de Estados Unidos, Mike Pence, calific\u00f3 hoy de &quot;innegable&quot; que el Gobierno de Daniel Ortega patrocina la violencia en Nicaragua y volvi\u00f3 a instarlo a celebrar elecciones anticipadas. &quot;La violencia patrocinada por el Estado en Nicaragua es innegable. La propaganda de Ortega no enga\u00f1a a nadie y no\" \/>\n\t<meta name=\"robots\" content=\"max-image-preview:large\" \/>\n\t<meta name=\"author\" content=\"Cand\u00e1s 365\"\/>\n\t<meta name=\"google-site-verification\" content=\"UA-32230408-1\" \/>\n\t<meta name=\"msvalidate.01\" content=\"354F3CDFB2DA171B47FBE9ABF1F88D5\" \/>\n\t<meta name=\"keywords\" content=\"actualidad\" \/>\n\t<link rel=\"canonical\" href=\"https:\/\/candas365.es\/noticias\/pence-tras-entrevista-de-ortega-en-fox-la-violencia-es-innegable\/\" \/>\n\t<meta name=\"generator\" content=\"All in One SEO Pro (AIOSEO) 4.9.6.2\" \/>\n\t\t<meta property=\"og:locale\" content=\"es_ES\" \/>\n\t\t<meta property=\"og:site_name\" content=\"Cand\u00e1s 365\" \/>\n\t\t<meta property=\"og:type\" content=\"article\" \/>\n\t\t<meta property=\"og:title\" content=\"Pence, tras entrevista de Ortega en Fox: \u00abLa violencia es innegable\u00bb | Cand\u00e1s 365\" \/>\n\t\t<meta property=\"og:description\" content=\"Washington, 24 jul (dpa) - El vicepresidente de Estados Unidos, Mike Pence, calific\u00f3 hoy de &quot;innegable&quot; que el Gobierno de Daniel Ortega patrocina la violencia en Nicaragua y volvi\u00f3 a instarlo a celebrar elecciones anticipadas. &quot;La violencia patrocinada por el Estado en Nicaragua es innegable. La propaganda de Ortega no enga\u00f1a a nadie y no\" \/>\n\t\t<meta property=\"og:url\" content=\"https:\/\/candas365.es\/noticias\/pence-tras-entrevista-de-ortega-en-fox-la-violencia-es-innegable\/\" \/>\n\t\t<meta property=\"og:image\" content=\"https:\/\/candas365.es\/noticias\/wp-content\/uploads\/2018\/04\/administration-1846270_960_720.jpg\" \/>\n\t\t<meta property=\"og:image:secure_url\" content=\"https:\/\/candas365.es\/noticias\/wp-content\/uploads\/2018\/04\/administration-1846270_960_720.jpg\" \/>\n\t\t<meta property=\"og:image:width\" content=\"960\" \/>\n\t\t<meta property=\"og:image:height\" content=\"720\" \/>\n\t\t<meta property=\"article:published_time\" content=\"2018-07-25T00:41:23+00:00\" \/>\n\t\t<meta property=\"article:modified_time\" content=\"2018-07-25T00:41:23+00:00\" \/>\n\t\t<meta property=\"article:publisher\" content=\"https:\/\/www.facebook.com\/Nachofdezber\" \/>\n\t\t<meta property=\"article:author\" content=\"https:\/\/www.facebook.com\/carrenoactualidad\" \/>\n\t\t<meta name=\"twitter:card\" content=\"summary_large_image\" \/>\n\t\t<meta name=\"twitter:site\" content=\"@NabercoDigital\" \/>\n\t\t<meta name=\"twitter:title\" content=\"Pence, tras entrevista de Ortega en Fox: \u00abLa violencia es innegable\u00bb | Cand\u00e1s 365\" \/>\n\t\t<meta name=\"twitter:description\" content=\"Washington, 24 jul (dpa) - El vicepresidente de Estados Unidos, Mike Pence, calific\u00f3 hoy de &quot;innegable&quot; que el Gobierno de Daniel Ortega patrocina la violencia en Nicaragua y volvi\u00f3 a instarlo a celebrar elecciones anticipadas. &quot;La violencia patrocinada por el Estado en Nicaragua es innegable. La propaganda de Ortega no enga\u00f1a a nadie y no\" \/>\n\t\t<meta name=\"twitter:creator\" content=\"@nbasturias\" \/>\n\t\t<meta name=\"twitter:image\" content=\"https:\/\/candas365.es\/noticias\/wp-content\/uploads\/2018\/04\/administration-1846270_960_720.jpg\" \/>\n\t\t<meta name=\"twitter:label1\" content=\"Escrito por\" \/>\n\t\t<meta name=\"twitter:data1\" content=\"Cand\u00e1s 365\" \/>\n\t\t<meta name=\"twitter:label2\" content=\"Tiempo de lectura estimado\" \/>\n\t\t<meta name=\"twitter:data2\" content=\"2 minutos\" \/>\n\t\t<script type=\"application\/ld+json\" class=\"aioseo-schema\">\n\t\t\t{\"@context\":\"https:\\\/\\\/schema.org\",\"@graph\":[{\"@type\":\"BreadcrumbList\",\"@id\":\"https:\\\/\\\/candas365.es\\\/noticias\\\/pence-tras-entrevista-de-ortega-en-fox-la-violencia-es-innegable\\\/#breadcrumblist\",\"itemListElement\":[{\"@type\":\"ListItem\",\"@id\":\"https:\\\/\\\/candas365.es\\\/noticias#listItem\",\"position\":1,\"name\":\"Home\",\"item\":\"https:\\\/\\\/candas365.es\\\/noticias\",\"nextItem\":{\"@type\":\"ListItem\",\"@id\":\"https:\\\/\\\/candas365.es\\\/noticias\\\/category\\\/actualidad\\\/#listItem\",\"name\":\"Actualidad\"}},{\"@type\":\"ListItem\",\"@id\":\"https:\\\/\\\/candas365.es\\\/noticias\\\/category\\\/actualidad\\\/#listItem\",\"position\":2,\"name\":\"Actualidad\",\"item\":\"https:\\\/\\\/candas365.es\\\/noticias\\\/category\\\/actualidad\\\/\",\"nextItem\":{\"@type\":\"ListItem\",\"@id\":\"https:\\\/\\\/candas365.es\\\/noticias\\\/pence-tras-entrevista-de-ortega-en-fox-la-violencia-es-innegable\\\/#listItem\",\"name\":\"Pence, tras entrevista de Ortega en Fox: \\u00abLa violencia es innegable\\u00bb\"},\"previousItem\":{\"@type\":\"ListItem\",\"@id\":\"https:\\\/\\\/candas365.es\\\/noticias#listItem\",\"name\":\"Home\"}},{\"@type\":\"ListItem\",\"@id\":\"https:\\\/\\\/candas365.es\\\/noticias\\\/pence-tras-entrevista-de-ortega-en-fox-la-violencia-es-innegable\\\/#listItem\",\"position\":3,\"name\":\"Pence, tras entrevista de Ortega en Fox: \\u00abLa violencia es innegable\\u00bb\",\"previousItem\":{\"@type\":\"ListItem\",\"@id\":\"https:\\\/\\\/candas365.es\\\/noticias\\\/category\\\/actualidad\\\/#listItem\",\"name\":\"Actualidad\"}}]},{\"@type\":\"NewsArticle\",\"@id\":\"https:\\\/\\\/candas365.es\\\/noticias\\\/pence-tras-entrevista-de-ortega-en-fox-la-violencia-es-innegable\\\/#newsarticle\",\"name\":\"Pence, tras entrevista de Ortega en Fox: \\u00abLa violencia es innegable\\u00bb | Cand\\u00e1s 365\",\"headline\":\"Pence, tras entrevista de Ortega en Fox: \\u00abLa violencia es innegable\\u00bb\",\"author\":{\"@id\":\"https:\\\/\\\/candas365.es\\\/noticias\\\/author\\\/admin\\\/#author\"},\"publisher\":{\"@id\":\"https:\\\/\\\/candas365.es\\\/noticias\\\/#organization\"},\"image\":{\"@type\":\"ImageObject\",\"url\":\"https:\\\/\\\/candas365.es\\\/noticias\\\/wp-content\\\/uploads\\\/2018\\\/04\\\/administration-1846270_960_720.jpg\",\"width\":960,\"height\":720},\"datePublished\":\"2018-07-25T00:41:23+02:00\",\"dateModified\":\"2018-07-25T00:41:23+02:00\",\"inLanguage\":\"es-ES\",\"mainEntityOfPage\":{\"@id\":\"https:\\\/\\\/candas365.es\\\/noticias\\\/pence-tras-entrevista-de-ortega-en-fox-la-violencia-es-innegable\\\/#webpage\"},\"isPartOf\":{\"@id\":\"https:\\\/\\\/candas365.es\\\/noticias\\\/pence-tras-entrevista-de-ortega-en-fox-la-violencia-es-innegable\\\/#webpage\"},\"articleSection\":\"Actualidad\",\"dateline\":\"Publicado el julio 25, 2018.\"},{\"@type\":\"Organization\",\"@id\":\"https:\\\/\\\/candas365.es\\\/noticias\\\/#organization\",\"name\":\"Cand\\u00e1s 365\",\"description\":\"Cand\\u00e1s 365 es un diario digital independiente, fundado en 2012, con base en Asturias. Informamos con rigor sobre actualidad, sociedad, cultura y ocio, con una mirada local y global.\",\"url\":\"https:\\\/\\\/candas365.es\\\/noticias\\\/\",\"email\":\"info@candas365.es\",\"telephone\":\"+34652131393\",\"foundingDate\":\"2012-06-10\",\"logo\":{\"@type\":\"ImageObject\",\"url\":\"https:\\\/\\\/candas365.es\\\/noticias\\\/wp-content\\\/uploads\\\/2024\\\/09\\\/Candas-365-Redes.jpg\",\"@id\":\"https:\\\/\\\/candas365.es\\\/noticias\\\/pence-tras-entrevista-de-ortega-en-fox-la-violencia-es-innegable\\\/#organizationLogo\",\"width\":1152,\"height\":864,\"caption\":\"Cand\\u00e1s 365 Redes\"},\"image\":{\"@id\":\"https:\\\/\\\/candas365.es\\\/noticias\\\/pence-tras-entrevista-de-ortega-en-fox-la-violencia-es-innegable\\\/#organizationLogo\"},\"sameAs\":[\"https:\\\/\\\/www.facebook.com\\\/Nachofdezber\",\"https:\\\/\\\/x.com\\\/NabercoDigital\",\"https:\\\/\\\/www.instagram.com\\\/nachofdezber\\\/\",\"https:\\\/\\\/www.youtube.com\\\/channel\\\/UCZP-2wLEB9Rv6erhFmqVnvg\"],\"address\":{\"@id\":\"https:\\\/\\\/candas365.es\\\/noticias\\\/#postaladdress\",\"@type\":\"PostalAddress\",\"streetAddress\":\"san antonio 4, san antonio 4\",\"postalCode\":\"33430\",\"addressLocality\":\"Cand\\u00e1s\",\"addressRegion\":\"Asturias\",\"addressCountry\":\"ES\"}},{\"@type\":\"Person\",\"@id\":\"https:\\\/\\\/candas365.es\\\/noticias\\\/author\\\/admin\\\/#author\",\"url\":\"https:\\\/\\\/candas365.es\\\/noticias\\\/author\\\/admin\\\/\",\"name\":\"Cand\\u00e1s 365\",\"image\":{\"@type\":\"ImageObject\",\"@id\":\"https:\\\/\\\/candas365.es\\\/noticias\\\/pence-tras-entrevista-de-ortega-en-fox-la-violencia-es-innegable\\\/#authorImage\",\"url\":\"https:\\\/\\\/secure.gravatar.com\\\/avatar\\\/496a8e03d0c493ede1718b7934145dbdf8d89be1036b0eec9544e1094c9de390?s=96&d=mm&r=g\",\"width\":96,\"height\":96,\"caption\":\"Cand\\u00e1s 365\"},\"sameAs\":[\"https:\\\/\\\/www.facebook.com\\\/carrenoactualidad\",\"https:\\\/\\\/twitter.com\\\/nbasturias\",\"https:\\\/\\\/www.instagram.com\\\/nachofdezber\\\/\",\"https:\\\/\\\/www.youtube.com\\\/channel\\\/UCZP-2wLEB9Rv6erhFmqVnvg\"]},{\"@type\":\"WebPage\",\"@id\":\"https:\\\/\\\/candas365.es\\\/noticias\\\/pence-tras-entrevista-de-ortega-en-fox-la-violencia-es-innegable\\\/#webpage\",\"url\":\"https:\\\/\\\/candas365.es\\\/noticias\\\/pence-tras-entrevista-de-ortega-en-fox-la-violencia-es-innegable\\\/\",\"name\":\"Pence, tras entrevista de Ortega en Fox: \\u00abLa violencia es innegable\\u00bb | Cand\\u00e1s 365\",\"description\":\"Washington, 24 jul (dpa) - El vicepresidente de Estados Unidos, Mike Pence, calific\\u00f3 hoy de \\\"innegable\\\" que el Gobierno de Daniel Ortega patrocina la violencia en Nicaragua y volvi\\u00f3 a instarlo a celebrar elecciones anticipadas. \\\"La violencia patrocinada por el Estado en Nicaragua es innegable. La propaganda de Ortega no enga\\u00f1a a nadie y no\",\"inLanguage\":\"es-ES\",\"isPartOf\":{\"@id\":\"https:\\\/\\\/candas365.es\\\/noticias\\\/#website\"},\"breadcrumb\":{\"@id\":\"https:\\\/\\\/candas365.es\\\/noticias\\\/pence-tras-entrevista-de-ortega-en-fox-la-violencia-es-innegable\\\/#breadcrumblist\"},\"author\":{\"@id\":\"https:\\\/\\\/candas365.es\\\/noticias\\\/author\\\/admin\\\/#author\"},\"creator\":{\"@id\":\"https:\\\/\\\/candas365.es\\\/noticias\\\/author\\\/admin\\\/#author\"},\"image\":{\"@type\":\"ImageObject\",\"url\":\"https:\\\/\\\/candas365.es\\\/noticias\\\/wp-content\\\/uploads\\\/2018\\\/04\\\/administration-1846270_960_720.jpg\",\"@id\":\"https:\\\/\\\/candas365.es\\\/noticias\\\/pence-tras-entrevista-de-ortega-en-fox-la-violencia-es-innegable\\\/#mainImage\",\"width\":960,\"height\":720},\"primaryImageOfPage\":{\"@id\":\"https:\\\/\\\/candas365.es\\\/noticias\\\/pence-tras-entrevista-de-ortega-en-fox-la-violencia-es-innegable\\\/#mainImage\"},\"datePublished\":\"2018-07-25T00:41:23+02:00\",\"dateModified\":\"2018-07-25T00:41:23+02:00\"},{\"@type\":\"WebSite\",\"@id\":\"https:\\\/\\\/candas365.es\\\/noticias\\\/#website\",\"url\":\"https:\\\/\\\/candas365.es\\\/noticias\\\/\",\"name\":\"Cand\\u00e1s 365\",\"alternateName\":\"Cand\\u00e1s 365 Noticias\",\"description\":\"Actualidad desde Carre\\u00f1o para el mundo\",\"inLanguage\":\"es-ES\",\"publisher\":{\"@id\":\"https:\\\/\\\/candas365.es\\\/noticias\\\/#organization\"}}]}\n\t\t<\/script>\n\t\t<!-- All in One SEO Pro -->\r\n\t\t<title>Pence, tras entrevista de Ortega en Fox: \u00abLa violencia es innegable\u00bb | Cand\u00e1s 365<\/title>\n\n","aioseo_head_json":{"title":"Pence, tras entrevista de Ortega en Fox: \u00abLa violencia es innegable\u00bb | Cand\u00e1s 365","description":"Washington, 24 jul (dpa) - El vicepresidente de Estados Unidos, Mike Pence, calific\u00f3 hoy de \"innegable\" que el Gobierno de Daniel Ortega patrocina la violencia en Nicaragua y volvi\u00f3 a instarlo a celebrar elecciones anticipadas. \"La violencia patrocinada por el Estado en Nicaragua es innegable. La propaganda de Ortega no enga\u00f1a a nadie y no","canonical_url":"https:\/\/candas365.es\/noticias\/pence-tras-entrevista-de-ortega-en-fox-la-violencia-es-innegable\/","robots":"max-image-preview:large","keywords":"actualidad","webmasterTools":{"google-site-verification":"UA-32230408-1","msvalidate.01":"354F3CDFB2DA171B47FBE9ABF1F88D5","miscellaneous":""},"schema":{"@context":"https:\/\/schema.org","@graph":[{"@type":"BreadcrumbList","@id":"https:\/\/candas365.es\/noticias\/pence-tras-entrevista-de-ortega-en-fox-la-violencia-es-innegable\/#breadcrumblist","itemListElement":[{"@type":"ListItem","@id":"https:\/\/candas365.es\/noticias#listItem","position":1,"name":"Home","item":"https:\/\/candas365.es\/noticias","nextItem":{"@type":"ListItem","@id":"https:\/\/candas365.es\/noticias\/category\/actualidad\/#listItem","name":"Actualidad"}},{"@type":"ListItem","@id":"https:\/\/candas365.es\/noticias\/category\/actualidad\/#listItem","position":2,"name":"Actualidad","item":"https:\/\/candas365.es\/noticias\/category\/actualidad\/","nextItem":{"@type":"ListItem","@id":"https:\/\/candas365.es\/noticias\/pence-tras-entrevista-de-ortega-en-fox-la-violencia-es-innegable\/#listItem","name":"Pence, tras entrevista de Ortega en Fox: \u00abLa violencia es innegable\u00bb"},"previousItem":{"@type":"ListItem","@id":"https:\/\/candas365.es\/noticias#listItem","name":"Home"}},{"@type":"ListItem","@id":"https:\/\/candas365.es\/noticias\/pence-tras-entrevista-de-ortega-en-fox-la-violencia-es-innegable\/#listItem","position":3,"name":"Pence, tras entrevista de Ortega en Fox: \u00abLa violencia es innegable\u00bb","previousItem":{"@type":"ListItem","@id":"https:\/\/candas365.es\/noticias\/category\/actualidad\/#listItem","name":"Actualidad"}}]},{"@type":"NewsArticle","@id":"https:\/\/candas365.es\/noticias\/pence-tras-entrevista-de-ortega-en-fox-la-violencia-es-innegable\/#newsarticle","name":"Pence, tras entrevista de Ortega en Fox: \u00abLa violencia es innegable\u00bb | Cand\u00e1s 365","headline":"Pence, tras entrevista de Ortega en Fox: \u00abLa violencia es innegable\u00bb","author":{"@id":"https:\/\/candas365.es\/noticias\/author\/admin\/#author"},"publisher":{"@id":"https:\/\/candas365.es\/noticias\/#organization"},"image":{"@type":"ImageObject","url":"https:\/\/candas365.es\/noticias\/wp-content\/uploads\/2018\/04\/administration-1846270_960_720.jpg","width":960,"height":720},"datePublished":"2018-07-25T00:41:23+02:00","dateModified":"2018-07-25T00:41:23+02:00","inLanguage":"es-ES","mainEntityOfPage":{"@id":"https:\/\/candas365.es\/noticias\/pence-tras-entrevista-de-ortega-en-fox-la-violencia-es-innegable\/#webpage"},"isPartOf":{"@id":"https:\/\/candas365.es\/noticias\/pence-tras-entrevista-de-ortega-en-fox-la-violencia-es-innegable\/#webpage"},"articleSection":"Actualidad","dateline":"Publicado el julio 25, 2018."},{"@type":"Organization","@id":"https:\/\/candas365.es\/noticias\/#organization","name":"Cand\u00e1s 365","description":"Cand\u00e1s 365 es un diario digital independiente, fundado en 2012, con base en Asturias. Informamos con rigor sobre actualidad, sociedad, cultura y ocio, con una mirada local y global.","url":"https:\/\/candas365.es\/noticias\/","email":"info@candas365.es","telephone":"+34652131393","foundingDate":"2012-06-10","logo":{"@type":"ImageObject","url":"https:\/\/candas365.es\/noticias\/wp-content\/uploads\/2024\/09\/Candas-365-Redes.jpg","@id":"https:\/\/candas365.es\/noticias\/pence-tras-entrevista-de-ortega-en-fox-la-violencia-es-innegable\/#organizationLogo","width":1152,"height":864,"caption":"Cand\u00e1s 365 Redes"},"image":{"@id":"https:\/\/candas365.es\/noticias\/pence-tras-entrevista-de-ortega-en-fox-la-violencia-es-innegable\/#organizationLogo"},"sameAs":["https:\/\/www.facebook.com\/Nachofdezber","https:\/\/x.com\/NabercoDigital","https:\/\/www.instagram.com\/nachofdezber\/","https:\/\/www.youtube.com\/channel\/UCZP-2wLEB9Rv6erhFmqVnvg"],"address":{"@id":"https:\/\/candas365.es\/noticias\/#postaladdress","@type":"PostalAddress","streetAddress":"san antonio 4, san antonio 4","postalCode":"33430","addressLocality":"Cand\u00e1s","addressRegion":"Asturias","addressCountry":"ES"}},{"@type":"Person","@id":"https:\/\/candas365.es\/noticias\/author\/admin\/#author","url":"https:\/\/candas365.es\/noticias\/author\/admin\/","name":"Cand\u00e1s 365","image":{"@type":"ImageObject","@id":"https:\/\/candas365.es\/noticias\/pence-tras-entrevista-de-ortega-en-fox-la-violencia-es-innegable\/#authorImage","url":"https:\/\/secure.gravatar.com\/avatar\/496a8e03d0c493ede1718b7934145dbdf8d89be1036b0eec9544e1094c9de390?s=96&d=mm&r=g","width":96,"height":96,"caption":"Cand\u00e1s 365"},"sameAs":["https:\/\/www.facebook.com\/carrenoactualidad","https:\/\/twitter.com\/nbasturias","https:\/\/www.instagram.com\/nachofdezber\/","https:\/\/www.youtube.com\/channel\/UCZP-2wLEB9Rv6erhFmqVnvg"]},{"@type":"WebPage","@id":"https:\/\/candas365.es\/noticias\/pence-tras-entrevista-de-ortega-en-fox-la-violencia-es-innegable\/#webpage","url":"https:\/\/candas365.es\/noticias\/pence-tras-entrevista-de-ortega-en-fox-la-violencia-es-innegable\/","name":"Pence, tras entrevista de Ortega en Fox: \u00abLa violencia es innegable\u00bb | Cand\u00e1s 365","description":"Washington, 24 jul (dpa) - El vicepresidente de Estados Unidos, Mike Pence, calific\u00f3 hoy de \"innegable\" que el Gobierno de Daniel Ortega patrocina la violencia en Nicaragua y volvi\u00f3 a instarlo a celebrar elecciones anticipadas. \"La violencia patrocinada por el Estado en Nicaragua es innegable. La propaganda de Ortega no enga\u00f1a a nadie y no","inLanguage":"es-ES","isPartOf":{"@id":"https:\/\/candas365.es\/noticias\/#website"},"breadcrumb":{"@id":"https:\/\/candas365.es\/noticias\/pence-tras-entrevista-de-ortega-en-fox-la-violencia-es-innegable\/#breadcrumblist"},"author":{"@id":"https:\/\/candas365.es\/noticias\/author\/admin\/#author"},"creator":{"@id":"https:\/\/candas365.es\/noticias\/author\/admin\/#author"},"image":{"@type":"ImageObject","url":"https:\/\/candas365.es\/noticias\/wp-content\/uploads\/2018\/04\/administration-1846270_960_720.jpg","@id":"https:\/\/candas365.es\/noticias\/pence-tras-entrevista-de-ortega-en-fox-la-violencia-es-innegable\/#mainImage","width":960,"height":720},"primaryImageOfPage":{"@id":"https:\/\/candas365.es\/noticias\/pence-tras-entrevista-de-ortega-en-fox-la-violencia-es-innegable\/#mainImage"},"datePublished":"2018-07-25T00:41:23+02:00","dateModified":"2018-07-25T00:41:23+02:00"},{"@type":"WebSite","@id":"https:\/\/candas365.es\/noticias\/#website","url":"https:\/\/candas365.es\/noticias\/","name":"Cand\u00e1s 365","alternateName":"Cand\u00e1s 365 Noticias","description":"Actualidad desde Carre\u00f1o para el mundo","inLanguage":"es-ES","publisher":{"@id":"https:\/\/candas365.es\/noticias\/#organization"}}]},"og:locale":"es_ES","og:site_name":"Cand\u00e1s 365","og:type":"article","og:title":"Pence, tras entrevista de Ortega en Fox: \u00abLa violencia es innegable\u00bb | Cand\u00e1s 365","og:description":"Washington, 24 jul (dpa) - El vicepresidente de Estados Unidos, Mike Pence, calific\u00f3 hoy de &quot;innegable&quot; que el Gobierno de Daniel Ortega patrocina la violencia en Nicaragua y volvi\u00f3 a instarlo a celebrar elecciones anticipadas. &quot;La violencia patrocinada por el Estado en Nicaragua es innegable. La propaganda de Ortega no enga\u00f1a a nadie y no","og:url":"https:\/\/candas365.es\/noticias\/pence-tras-entrevista-de-ortega-en-fox-la-violencia-es-innegable\/","og:image":"https:\/\/candas365.es\/noticias\/wp-content\/uploads\/2018\/04\/administration-1846270_960_720.jpg","og:image:secure_url":"https:\/\/candas365.es\/noticias\/wp-content\/uploads\/2018\/04\/administration-1846270_960_720.jpg","og:image:width":960,"og:image:height":720,"article:published_time":"2018-07-25T00:41:23+00:00","article:modified_time":"2018-07-25T00:41:23+00:00","article:publisher":"https:\/\/www.facebook.com\/Nachofdezber","article:author":"https:\/\/www.facebook.com\/carrenoactualidad","twitter:card":"summary_large_image","twitter:site":"@NabercoDigital","twitter:title":"Pence, tras entrevista de Ortega en Fox: \u00abLa violencia es innegable\u00bb | Cand\u00e1s 365","twitter:description":"Washington, 24 jul (dpa) - El vicepresidente de Estados Unidos, Mike Pence, calific\u00f3 hoy de &quot;innegable&quot; que el Gobierno de Daniel Ortega patrocina la violencia en Nicaragua y volvi\u00f3 a instarlo a celebrar elecciones anticipadas. &quot;La violencia patrocinada por el Estado en Nicaragua es innegable. La propaganda de Ortega no enga\u00f1a a nadie y no","twitter:creator":"@nbasturias","twitter:image":"https:\/\/candas365.es\/noticias\/wp-content\/uploads\/2018\/04\/administration-1846270_960_720.jpg","twitter:label1":"Escrito por","twitter:data1":"Cand\u00e1s 365","twitter:label2":"Tiempo de lectura estimado","twitter:data2":"2 minutos"},"aioseo_meta_data":{"post_id":"101135","title":null,"description":null,"keywords":null,"keyphrases":null,"primary_term":null,"canonical_url":null,"og_title":null,"og_description":null,"og_object_type":"default","og_image_type":"default","og_image_url":null,"og_image_width":null,"og_image_height":null,"og_image_custom_url":null,"og_image_custom_fields":null,"og_video":null,"og_custom_url":null,"og_article_section":null,"og_article_tags":null,"twitter_use_og":false,"twitter_card":"default","twitter_image_type":"default","twitter_image_url":null,"twitter_image_custom_url":null,"twitter_image_custom_fields":null,"twitter_title":null,"twitter_description":null,"schema":{"blockGraphs":[],"customGraphs":[],"default":{"data":{"Article":[],"Course":[],"Dataset":[],"FAQPage":[],"Movie":[],"Person":[],"Product":[],"ProductReview":[],"Car":[],"Recipe":[],"Service":[],"SoftwareApplication":[],"WebPage":[]},"graphName":"","isEnabled":true},"graphs":[]},"schema_type":null,"schema_type_options":null,"pillar_content":false,"robots_default":true,"robots_noindex":false,"robots_noarchive":false,"robots_nosnippet":false,"robots_nofollow":false,"robots_noimageindex":false,"robots_noodp":false,"robots_notranslate":false,"robots_max_snippet":null,"robots_max_videopreview":null,"robots_max_imagepreview":"large","priority":null,"frequency":null,"location":null,"local_seo":null,"seo_analyzer_scan_date":"2025-08-27 10:42:07","breadcrumb_settings":null,"limit_modified_date":false,"reviewed_by":null,"open_ai":null,"ai":null,"created":"2020-12-21 11:48:13","updated":"2025-08-27 10:42:07"},"aioseo_breadcrumb":"<div class=\"aioseo-breadcrumbs\"><span class=\"aioseo-breadcrumb\">\n\t<a href=\"https:\/\/candas365.es\/noticias\" title=\"Home\">Home<\/a>\n<\/span><span class=\"aioseo-breadcrumb-separator\">&ndash;<\/span><span class=\"aioseo-breadcrumb\">\n\t<a href=\"https:\/\/candas365.es\/noticias\/category\/actualidad\/\" title=\"Actualidad\">Actualidad<\/a>\n<\/span><span class=\"aioseo-breadcrumb-separator\">&ndash;<\/span><span class=\"aioseo-breadcrumb\">\n\tPence, tras entrevista de Ortega en Fox: \u00abLa violencia es innegable\u00bb\n<\/span><\/div>","aioseo_breadcrumb_json":[{"label":"Home","link":"https:\/\/candas365.es\/noticias"},{"label":"Actualidad","link":"https:\/\/candas365.es\/noticias\/category\/actualidad\/"},{"label":"Pence, tras entrevista de Ortega en Fox: \u00abLa violencia es innegable\u00bb","link":"https:\/\/candas365.es\/noticias\/pence-tras-entrevista-de-ortega-en-fox-la-violencia-es-innegable\/"}],"_links":{"self":[{"href":"https:\/\/candas365.es\/noticias\/wp-json\/wp\/v2\/posts\/101135","targetHints":{"allow":["GET"]}}],"collection":[{"href":"https:\/\/candas365.es\/noticias\/wp-json\/wp\/v2\/posts"}],"about":[{"href":"https:\/\/candas365.es\/noticias\/wp-json\/wp\/v2\/types\/post"}],"author":[{"embeddable":true,"href":"https:\/\/candas365.es\/noticias\/wp-json\/wp\/v2\/users\/1"}],"replies":[{"embeddable":true,"href":"https:\/\/candas365.es\/noticias\/wp-json\/wp\/v2\/comments?post=101135"}],"version-history":[{"count":0,"href":"https:\/\/candas365.es\/noticias\/wp-json\/wp\/v2\/posts\/101135\/revisions"}],"wp:featuredmedia":[{"embeddable":true,"href":"https:\/\/candas365.es\/noticias\/wp-json\/wp\/v2\/media\/94077"}],"wp:attachment":[{"href":"https:\/\/candas365.es\/noticias\/wp-json\/wp\/v2\/media?parent=101135"}],"wp:term":[{"taxonomy":"category","embeddable":true,"href":"https:\/\/candas365.es\/noticias\/wp-json\/wp\/v2\/categories?post=101135"},{"taxonomy":"post_tag","embeddable":true,"href":"https:\/\/candas365.es\/noticias\/wp-json\/wp\/v2\/tags?post=101135"}],"curies":[{"name":"wp","href":"https:\/\/api.w.org\/{rel}","templated":true}]}}