{"id":101133,"date":"2018-07-25T00:01:45","date_gmt":"2018-07-25T00:01:45","guid":{"rendered":"http:\/\/candas365.es\/noticias\/?p=101133"},"modified":"2018-07-25T00:01:45","modified_gmt":"2018-07-25T00:01:45","slug":"escala-la-polemica-en-argentina-por-la-participacion-militar-en-seguridad","status":"publish","type":"post","link":"https:\/\/candas365.es\/noticias\/escala-la-polemica-en-argentina-por-la-participacion-militar-en-seguridad\/","title":{"rendered":"Escala la pol\u00e9mica en Argentina por la participaci\u00f3n militar en seguridad"},"content":{"rendered":"<p><img fetchpriority=\"high\" decoding=\"async\" class=\"alignleft size-medium wp-image-98429\" src=\"https:\/\/candas365.es\/noticias\/wp-content\/uploads\/2018\/06\/buenos-aires-2433480_960_720-360x240.jpg\" alt=\"\" width=\"360\" height=\"240\" srcset=\"https:\/\/candas365.es\/noticias\/wp-content\/uploads\/2018\/06\/buenos-aires-2433480_960_720-360x240.jpg 360w, https:\/\/candas365.es\/noticias\/wp-content\/uploads\/2018\/06\/buenos-aires-2433480_960_720-768x511.jpg 768w, https:\/\/candas365.es\/noticias\/wp-content\/uploads\/2018\/06\/buenos-aires-2433480_960_720-655x436.jpg 655w, https:\/\/candas365.es\/noticias\/wp-content\/uploads\/2018\/06\/buenos-aires-2433480_960_720-696x463.jpg 696w, https:\/\/candas365.es\/noticias\/wp-content\/uploads\/2018\/06\/buenos-aires-2433480_960_720-631x420.jpg 631w, https:\/\/candas365.es\/noticias\/wp-content\/uploads\/2018\/06\/buenos-aires-2433480_960_720.jpg 960w\" sizes=\"(max-width: 360px) 100vw, 360px\" \/>Buenos Aires, 24 jul (dpa) &#8211; La pol\u00e9mica por la reforma del sistema de defensa de Argentina escal\u00f3 hoy con el llamado a una marcha en contra de la decisi\u00f3n del presidente Mauricio Macri de disponer que las Fuerzas Armadas colaboren en cuestiones de seguridad interior y la custodia de objetivos estrat\u00e9gicos, pese a que estaba prohibido.<\/p>\n<p>El Gobierno oficializ\u00f3 hoy la reforma a trav\u00e9s de decretos presidenciales publicados en el Bolet\u00edn Oficial, pese a que la oposici\u00f3n, que repudi\u00f3 la medida, hab\u00eda reclamado que los cambios fueran debatidos en el Congreso.<\/p>\n<p>La presidenta de la asociaci\u00f3n Abuelas de Plaza de Mayo, Estela de Carlotto, convoc\u00f3 a una movilizaci\u00f3n popular el pr\u00f3ximo jueves al Ministerio de Defensa para \u00abevitar que las Fuerzas Armadas vuelvan a las calles\u00bb.<\/p>\n<p>\u00abNo esperaba que el Gobierno se animara a tanto, es un atropello a la democracia, nos retrotrae a un pensamiento que no olvidamos\u00bb, declar\u00f3 la activista de la organizaci\u00f3n que busca a los ni\u00f1os que fueron apropiados ilegalmente durante la dictadura c\u00edvico-militar que gobern\u00f3 Argentina entre 1976 y 1983.<\/p>\n<p>Gran parte del arco opositor y los organismos de derechos humanos consideraron que la medida es ilegal y rompe el consenso de la democracia.<\/p>\n<p>Algunos sectores advirtieron en tanto que los militares podr\u00edan ser utilizados en la represi\u00f3n de las protestas sociales que se multiplican estos meses a causa de la crisis que atraviesa el pa\u00eds sudamericano.<\/p>\n<p>El ministro de Defensa, Oscar Aguad, aclar\u00f3 hoy sin embargo que \u00ablas Fuerzas Armadas no van a intervenir en conflictos sociales ni van a patrullar ciudades\u00bb.<\/p>\n<p>\u00abLo que ahora se permite es que las Fuerzas Armadas act\u00faen frente a cualquier ataque de origen externo, que puede ser perpetrado por un Estado o por nuevas organizaciones vinculadas al terrorismo y al narcotr\u00e1fico\u00bb, explic\u00f3.<\/p>\n<p>Macri argument\u00f3 que las Fuerzas Armadas estaban desactualizadas y dise\u00f1adas \u00abpara amenazas antiguas\u00bb, por lo que necesitaban ser reconvertidas para enfrentar \u00ablos desaf\u00edos del siglo XXI\u00bb.<\/p>\n<p>El decreto publicado hoy introdujo varios cambios en el decreto 727 firmado en 2006 por el entonces presidente N\u00e9stor Kirchner (2003-2007) y derog\u00f3 otro del mismo a\u00f1o que restring\u00eda las tareas de las Fuerzas Armadas.<\/p>\n<p>La norma firmada por Macri dispone que las Fuerzas Armadas \u00abser\u00e1n empleadas en forma disuasiva o efectiva\u00bb en \u00abagresiones de origen externo\u00bb, como indicaba el decreto 727, pero ya no se habla de la participaci\u00f3n necesaria de \u00abFuerzas Armadas pertenecientes a otro\/s Estados\/s\u00bb.<\/p>\n<p>Adem\u00e1s, se\u00f1ala que estos cambios no afectan \u00ablo dispuesto en la ley N\u00b0 24.059 de Seguridad Interior y en la ley N\u00ba 24.948 de Reestructuraci\u00f3n de las Fuerzas Armadas, en lo concerniente a los escenarios en los que se prev\u00e9 el empleo del instrumento militar y a las disposiciones que definen el alcance de dicha intervenci\u00f3n en operaciones de apoyo a la seguridad interior\u201d.<\/p>\n<p>Tambi\u00e9n se cambi\u00f3 un art\u00edculo que antes prohib\u00eda la contemplaci\u00f3n de \u00abhip\u00f3tesis, supuestos y\/o situaciones pertenecientes al \u00e1mbito de la seguridad interior\u00bb para la planificaci\u00f3n del sistema de defensa nacional.<\/p>\n<p>Este art\u00edculo fue reemplazado por una lista de operaciones para el empleo de las Fuerzas Armadas, entre ellas \u00aboperaciones defensa de los intereses vitales de la naci\u00f3n; operaciones dispuestas en el marco de la Organizaci\u00f3n de las Naciones Unidas (ONU) u otros organismos internacionales; operaciones encuadradas en la Ley N\u00b0 24.059 y operaciones en apoyo a la comunidad nacional e internacional\u00bb.<\/p>\n<p>Por otro lado, se incorpora un art\u00edculo que dispone que el sistema de defensa nacional \u00abejercer\u00e1 la custodia de objetivos estrat\u00e9gicos\u00bb.<\/p>\n<p>La implicaci\u00f3n de las Fuerzas Armadas en cuestiones de seguridad interior gener\u00f3 repudio en amplios sectores, luego de la dictadura militar que gobern\u00f3 Argentina con cruentos m\u00e9todos represivos entre 1976 y 1983 y dej\u00f3 30.000 desaparecidos, seg\u00fan estimaciones de los organismos de derechos humanos.<\/p>\n<p>Por Cecilia Caminos (dpa)<\/p>\n","protected":false},"excerpt":{"rendered":"<p>Buenos Aires, 24 jul (dpa) &#8211; La pol\u00e9mica por la reforma del sistema de defensa de Argentina escal\u00f3 hoy con el llamado a una marcha en contra de la decisi\u00f3n del presidente Mauricio Macri de disponer que las Fuerzas Armadas colaboren en cuestiones de seguridad interior y la custodia de objetivos estrat\u00e9gicos, pese a que<\/p>\n","protected":false},"author":1,"featured_media":98429,"comment_status":"closed","ping_status":"closed","sticky":false,"template":"","format":"standard","meta":{"footnotes":""},"categories":[143],"tags":[],"class_list":{"0":"post-101133","1":"post","2":"type-post","3":"status-publish","4":"format-standard","5":"has-post-thumbnail","7":"category-sociedad"},"aioseo_notices":[],"aioseo_head":"\n\t\t<!-- All in One SEO Pro 4.9.6.2 - aioseo.com -->\n\t<meta name=\"description\" content=\"Buenos Aires, 24 jul (dpa) - La pol\u00e9mica por la reforma del sistema de defensa de Argentina escal\u00f3 hoy con el llamado a una marcha en contra de la decisi\u00f3n del presidente Mauricio Macri de disponer que las Fuerzas Armadas colaboren en cuestiones de seguridad interior y la custodia de objetivos estrat\u00e9gicos, pese a que\" \/>\n\t<meta name=\"robots\" content=\"max-image-preview:large\" \/>\n\t<meta name=\"author\" content=\"Cand\u00e1s 365\"\/>\n\t<meta name=\"google-site-verification\" content=\"UA-32230408-1\" \/>\n\t<meta name=\"msvalidate.01\" content=\"354F3CDFB2DA171B47FBE9ABF1F88D5\" \/>\n\t<meta name=\"keywords\" content=\"sociedad\" \/>\n\t<link rel=\"canonical\" href=\"https:\/\/candas365.es\/noticias\/escala-la-polemica-en-argentina-por-la-participacion-militar-en-seguridad\/\" \/>\n\t<meta name=\"generator\" content=\"All in One SEO Pro (AIOSEO) 4.9.6.2\" \/>\n\t\t<meta property=\"og:locale\" content=\"es_ES\" \/>\n\t\t<meta property=\"og:site_name\" content=\"Cand\u00e1s 365\" \/>\n\t\t<meta property=\"og:type\" content=\"article\" \/>\n\t\t<meta property=\"og:title\" content=\"Escala la pol\u00e9mica en Argentina por la participaci\u00f3n militar en seguridad | Cand\u00e1s 365\" \/>\n\t\t<meta property=\"og:description\" content=\"Buenos Aires, 24 jul (dpa) - La pol\u00e9mica por la reforma del sistema de defensa de Argentina escal\u00f3 hoy con el llamado a una marcha en contra de la decisi\u00f3n del presidente Mauricio Macri de disponer que las Fuerzas Armadas colaboren en cuestiones de seguridad interior y la custodia de objetivos estrat\u00e9gicos, pese a que\" \/>\n\t\t<meta property=\"og:url\" content=\"https:\/\/candas365.es\/noticias\/escala-la-polemica-en-argentina-por-la-participacion-militar-en-seguridad\/\" \/>\n\t\t<meta property=\"og:image\" content=\"https:\/\/candas365.es\/noticias\/wp-content\/uploads\/2018\/06\/buenos-aires-2433480_960_720.jpg\" \/>\n\t\t<meta property=\"og:image:secure_url\" content=\"https:\/\/candas365.es\/noticias\/wp-content\/uploads\/2018\/06\/buenos-aires-2433480_960_720.jpg\" \/>\n\t\t<meta property=\"og:image:width\" content=\"960\" \/>\n\t\t<meta property=\"og:image:height\" content=\"639\" \/>\n\t\t<meta property=\"article:published_time\" content=\"2018-07-25T00:01:45+00:00\" \/>\n\t\t<meta property=\"article:modified_time\" content=\"2018-07-25T00:01:45+00:00\" \/>\n\t\t<meta property=\"article:publisher\" content=\"https:\/\/www.facebook.com\/Nachofdezber\" \/>\n\t\t<meta property=\"article:author\" content=\"https:\/\/www.facebook.com\/carrenoactualidad\" \/>\n\t\t<meta name=\"twitter:card\" content=\"summary_large_image\" \/>\n\t\t<meta name=\"twitter:site\" content=\"@NabercoDigital\" \/>\n\t\t<meta name=\"twitter:title\" content=\"Escala la pol\u00e9mica en Argentina por la participaci\u00f3n militar en seguridad | Cand\u00e1s 365\" \/>\n\t\t<meta name=\"twitter:description\" content=\"Buenos Aires, 24 jul (dpa) - La pol\u00e9mica por la reforma del sistema de defensa de Argentina escal\u00f3 hoy con el llamado a una marcha en contra de la decisi\u00f3n del presidente Mauricio Macri de disponer que las Fuerzas Armadas colaboren en cuestiones de seguridad interior y la custodia de objetivos estrat\u00e9gicos, pese a que\" \/>\n\t\t<meta name=\"twitter:creator\" content=\"@nbasturias\" \/>\n\t\t<meta name=\"twitter:image\" content=\"https:\/\/candas365.es\/noticias\/wp-content\/uploads\/2018\/06\/buenos-aires-2433480_960_720.jpg\" \/>\n\t\t<meta name=\"twitter:label1\" content=\"Escrito por\" \/>\n\t\t<meta name=\"twitter:data1\" content=\"Cand\u00e1s 365\" \/>\n\t\t<meta name=\"twitter:label2\" content=\"Tiempo de lectura estimado\" \/>\n\t\t<meta name=\"twitter:data2\" content=\"3 minutos\" \/>\n\t\t<script type=\"application\/ld+json\" class=\"aioseo-schema\">\n\t\t\t{\"@context\":\"https:\\\/\\\/schema.org\",\"@graph\":[{\"@type\":\"BreadcrumbList\",\"@id\":\"https:\\\/\\\/candas365.es\\\/noticias\\\/escala-la-polemica-en-argentina-por-la-participacion-militar-en-seguridad\\\/#breadcrumblist\",\"itemListElement\":[{\"@type\":\"ListItem\",\"@id\":\"https:\\\/\\\/candas365.es\\\/noticias#listItem\",\"position\":1,\"name\":\"Home\",\"item\":\"https:\\\/\\\/candas365.es\\\/noticias\",\"nextItem\":{\"@type\":\"ListItem\",\"@id\":\"https:\\\/\\\/candas365.es\\\/noticias\\\/category\\\/sociedad\\\/#listItem\",\"name\":\"Sociedad\"}},{\"@type\":\"ListItem\",\"@id\":\"https:\\\/\\\/candas365.es\\\/noticias\\\/category\\\/sociedad\\\/#listItem\",\"position\":2,\"name\":\"Sociedad\",\"item\":\"https:\\\/\\\/candas365.es\\\/noticias\\\/category\\\/sociedad\\\/\",\"nextItem\":{\"@type\":\"ListItem\",\"@id\":\"https:\\\/\\\/candas365.es\\\/noticias\\\/escala-la-polemica-en-argentina-por-la-participacion-militar-en-seguridad\\\/#listItem\",\"name\":\"Escala la pol\\u00e9mica en Argentina por la participaci\\u00f3n militar en seguridad\"},\"previousItem\":{\"@type\":\"ListItem\",\"@id\":\"https:\\\/\\\/candas365.es\\\/noticias#listItem\",\"name\":\"Home\"}},{\"@type\":\"ListItem\",\"@id\":\"https:\\\/\\\/candas365.es\\\/noticias\\\/escala-la-polemica-en-argentina-por-la-participacion-militar-en-seguridad\\\/#listItem\",\"position\":3,\"name\":\"Escala la pol\\u00e9mica en Argentina por la participaci\\u00f3n militar en seguridad\",\"previousItem\":{\"@type\":\"ListItem\",\"@id\":\"https:\\\/\\\/candas365.es\\\/noticias\\\/category\\\/sociedad\\\/#listItem\",\"name\":\"Sociedad\"}}]},{\"@type\":\"NewsArticle\",\"@id\":\"https:\\\/\\\/candas365.es\\\/noticias\\\/escala-la-polemica-en-argentina-por-la-participacion-militar-en-seguridad\\\/#newsarticle\",\"name\":\"Escala la pol\\u00e9mica en Argentina por la participaci\\u00f3n militar en seguridad | Cand\\u00e1s 365\",\"headline\":\"Escala la pol\\u00e9mica en Argentina por la participaci\\u00f3n militar en seguridad\",\"author\":{\"@id\":\"https:\\\/\\\/candas365.es\\\/noticias\\\/author\\\/admin\\\/#author\"},\"publisher\":{\"@id\":\"https:\\\/\\\/candas365.es\\\/noticias\\\/#organization\"},\"image\":{\"@type\":\"ImageObject\",\"url\":\"https:\\\/\\\/candas365.es\\\/noticias\\\/wp-content\\\/uploads\\\/2018\\\/06\\\/buenos-aires-2433480_960_720.jpg\",\"width\":960,\"height\":639},\"datePublished\":\"2018-07-25T00:01:45+02:00\",\"dateModified\":\"2018-07-25T00:01:45+02:00\",\"inLanguage\":\"es-ES\",\"mainEntityOfPage\":{\"@id\":\"https:\\\/\\\/candas365.es\\\/noticias\\\/escala-la-polemica-en-argentina-por-la-participacion-militar-en-seguridad\\\/#webpage\"},\"isPartOf\":{\"@id\":\"https:\\\/\\\/candas365.es\\\/noticias\\\/escala-la-polemica-en-argentina-por-la-participacion-militar-en-seguridad\\\/#webpage\"},\"articleSection\":\"Sociedad\",\"dateline\":\"Publicado el julio 25, 2018.\"},{\"@type\":\"Organization\",\"@id\":\"https:\\\/\\\/candas365.es\\\/noticias\\\/#organization\",\"name\":\"Cand\\u00e1s 365\",\"description\":\"Cand\\u00e1s 365 es un diario digital independiente, fundado en 2012, con base en Asturias. Informamos con rigor sobre actualidad, sociedad, cultura y ocio, con una mirada local y global.\",\"url\":\"https:\\\/\\\/candas365.es\\\/noticias\\\/\",\"email\":\"info@candas365.es\",\"telephone\":\"+34652131393\",\"foundingDate\":\"2012-06-10\",\"logo\":{\"@type\":\"ImageObject\",\"url\":\"https:\\\/\\\/candas365.es\\\/noticias\\\/wp-content\\\/uploads\\\/2024\\\/09\\\/Candas-365-Redes.jpg\",\"@id\":\"https:\\\/\\\/candas365.es\\\/noticias\\\/escala-la-polemica-en-argentina-por-la-participacion-militar-en-seguridad\\\/#organizationLogo\",\"width\":1152,\"height\":864,\"caption\":\"Cand\\u00e1s 365 Redes\"},\"image\":{\"@id\":\"https:\\\/\\\/candas365.es\\\/noticias\\\/escala-la-polemica-en-argentina-por-la-participacion-militar-en-seguridad\\\/#organizationLogo\"},\"sameAs\":[\"https:\\\/\\\/www.facebook.com\\\/Nachofdezber\",\"https:\\\/\\\/x.com\\\/NabercoDigital\",\"https:\\\/\\\/www.instagram.com\\\/nachofdezber\\\/\",\"https:\\\/\\\/www.youtube.com\\\/channel\\\/UCZP-2wLEB9Rv6erhFmqVnvg\"],\"address\":{\"@id\":\"https:\\\/\\\/candas365.es\\\/noticias\\\/#postaladdress\",\"@type\":\"PostalAddress\",\"streetAddress\":\"san antonio 4, san antonio 4\",\"postalCode\":\"33430\",\"addressLocality\":\"Cand\\u00e1s\",\"addressRegion\":\"Asturias\",\"addressCountry\":\"ES\"}},{\"@type\":\"Person\",\"@id\":\"https:\\\/\\\/candas365.es\\\/noticias\\\/author\\\/admin\\\/#author\",\"url\":\"https:\\\/\\\/candas365.es\\\/noticias\\\/author\\\/admin\\\/\",\"name\":\"Cand\\u00e1s 365\",\"image\":{\"@type\":\"ImageObject\",\"@id\":\"https:\\\/\\\/candas365.es\\\/noticias\\\/escala-la-polemica-en-argentina-por-la-participacion-militar-en-seguridad\\\/#authorImage\",\"url\":\"https:\\\/\\\/secure.gravatar.com\\\/avatar\\\/496a8e03d0c493ede1718b7934145dbdf8d89be1036b0eec9544e1094c9de390?s=96&d=mm&r=g\",\"width\":96,\"height\":96,\"caption\":\"Cand\\u00e1s 365\"},\"sameAs\":[\"https:\\\/\\\/www.facebook.com\\\/carrenoactualidad\",\"https:\\\/\\\/twitter.com\\\/nbasturias\",\"https:\\\/\\\/www.instagram.com\\\/nachofdezber\\\/\",\"https:\\\/\\\/www.youtube.com\\\/channel\\\/UCZP-2wLEB9Rv6erhFmqVnvg\"]},{\"@type\":\"WebPage\",\"@id\":\"https:\\\/\\\/candas365.es\\\/noticias\\\/escala-la-polemica-en-argentina-por-la-participacion-militar-en-seguridad\\\/#webpage\",\"url\":\"https:\\\/\\\/candas365.es\\\/noticias\\\/escala-la-polemica-en-argentina-por-la-participacion-militar-en-seguridad\\\/\",\"name\":\"Escala la pol\\u00e9mica en Argentina por la participaci\\u00f3n militar en seguridad | Cand\\u00e1s 365\",\"description\":\"Buenos Aires, 24 jul (dpa) - La pol\\u00e9mica por la reforma del sistema de defensa de Argentina escal\\u00f3 hoy con el llamado a una marcha en contra de la decisi\\u00f3n del presidente Mauricio Macri de disponer que las Fuerzas Armadas colaboren en cuestiones de seguridad interior y la custodia de objetivos estrat\\u00e9gicos, pese a que\",\"inLanguage\":\"es-ES\",\"isPartOf\":{\"@id\":\"https:\\\/\\\/candas365.es\\\/noticias\\\/#website\"},\"breadcrumb\":{\"@id\":\"https:\\\/\\\/candas365.es\\\/noticias\\\/escala-la-polemica-en-argentina-por-la-participacion-militar-en-seguridad\\\/#breadcrumblist\"},\"author\":{\"@id\":\"https:\\\/\\\/candas365.es\\\/noticias\\\/author\\\/admin\\\/#author\"},\"creator\":{\"@id\":\"https:\\\/\\\/candas365.es\\\/noticias\\\/author\\\/admin\\\/#author\"},\"image\":{\"@type\":\"ImageObject\",\"url\":\"https:\\\/\\\/candas365.es\\\/noticias\\\/wp-content\\\/uploads\\\/2018\\\/06\\\/buenos-aires-2433480_960_720.jpg\",\"@id\":\"https:\\\/\\\/candas365.es\\\/noticias\\\/escala-la-polemica-en-argentina-por-la-participacion-militar-en-seguridad\\\/#mainImage\",\"width\":960,\"height\":639},\"primaryImageOfPage\":{\"@id\":\"https:\\\/\\\/candas365.es\\\/noticias\\\/escala-la-polemica-en-argentina-por-la-participacion-militar-en-seguridad\\\/#mainImage\"},\"datePublished\":\"2018-07-25T00:01:45+02:00\",\"dateModified\":\"2018-07-25T00:01:45+02:00\"},{\"@type\":\"WebSite\",\"@id\":\"https:\\\/\\\/candas365.es\\\/noticias\\\/#website\",\"url\":\"https:\\\/\\\/candas365.es\\\/noticias\\\/\",\"name\":\"Cand\\u00e1s 365\",\"alternateName\":\"Cand\\u00e1s 365 Noticias\",\"description\":\"Actualidad desde Carre\\u00f1o para el mundo\",\"inLanguage\":\"es-ES\",\"publisher\":{\"@id\":\"https:\\\/\\\/candas365.es\\\/noticias\\\/#organization\"}}]}\n\t\t<\/script>\n\t\t<!-- All in One SEO Pro -->\r\n\t\t<title>Escala la pol\u00e9mica en Argentina por la participaci\u00f3n militar en seguridad | Cand\u00e1s 365<\/title>\n\n","aioseo_head_json":{"title":"Escala la pol\u00e9mica en Argentina por la participaci\u00f3n militar en seguridad | Cand\u00e1s 365","description":"Buenos Aires, 24 jul (dpa) - La pol\u00e9mica por la reforma del sistema de defensa de Argentina escal\u00f3 hoy con el llamado a una marcha en contra de la decisi\u00f3n del presidente Mauricio Macri de disponer que las Fuerzas Armadas colaboren en cuestiones de seguridad interior y la custodia de objetivos estrat\u00e9gicos, pese a que","canonical_url":"https:\/\/candas365.es\/noticias\/escala-la-polemica-en-argentina-por-la-participacion-militar-en-seguridad\/","robots":"max-image-preview:large","keywords":"sociedad","webmasterTools":{"google-site-verification":"UA-32230408-1","msvalidate.01":"354F3CDFB2DA171B47FBE9ABF1F88D5","miscellaneous":""},"schema":{"@context":"https:\/\/schema.org","@graph":[{"@type":"BreadcrumbList","@id":"https:\/\/candas365.es\/noticias\/escala-la-polemica-en-argentina-por-la-participacion-militar-en-seguridad\/#breadcrumblist","itemListElement":[{"@type":"ListItem","@id":"https:\/\/candas365.es\/noticias#listItem","position":1,"name":"Home","item":"https:\/\/candas365.es\/noticias","nextItem":{"@type":"ListItem","@id":"https:\/\/candas365.es\/noticias\/category\/sociedad\/#listItem","name":"Sociedad"}},{"@type":"ListItem","@id":"https:\/\/candas365.es\/noticias\/category\/sociedad\/#listItem","position":2,"name":"Sociedad","item":"https:\/\/candas365.es\/noticias\/category\/sociedad\/","nextItem":{"@type":"ListItem","@id":"https:\/\/candas365.es\/noticias\/escala-la-polemica-en-argentina-por-la-participacion-militar-en-seguridad\/#listItem","name":"Escala la pol\u00e9mica en Argentina por la participaci\u00f3n militar en seguridad"},"previousItem":{"@type":"ListItem","@id":"https:\/\/candas365.es\/noticias#listItem","name":"Home"}},{"@type":"ListItem","@id":"https:\/\/candas365.es\/noticias\/escala-la-polemica-en-argentina-por-la-participacion-militar-en-seguridad\/#listItem","position":3,"name":"Escala la pol\u00e9mica en Argentina por la participaci\u00f3n militar en seguridad","previousItem":{"@type":"ListItem","@id":"https:\/\/candas365.es\/noticias\/category\/sociedad\/#listItem","name":"Sociedad"}}]},{"@type":"NewsArticle","@id":"https:\/\/candas365.es\/noticias\/escala-la-polemica-en-argentina-por-la-participacion-militar-en-seguridad\/#newsarticle","name":"Escala la pol\u00e9mica en Argentina por la participaci\u00f3n militar en seguridad | Cand\u00e1s 365","headline":"Escala la pol\u00e9mica en Argentina por la participaci\u00f3n militar en seguridad","author":{"@id":"https:\/\/candas365.es\/noticias\/author\/admin\/#author"},"publisher":{"@id":"https:\/\/candas365.es\/noticias\/#organization"},"image":{"@type":"ImageObject","url":"https:\/\/candas365.es\/noticias\/wp-content\/uploads\/2018\/06\/buenos-aires-2433480_960_720.jpg","width":960,"height":639},"datePublished":"2018-07-25T00:01:45+02:00","dateModified":"2018-07-25T00:01:45+02:00","inLanguage":"es-ES","mainEntityOfPage":{"@id":"https:\/\/candas365.es\/noticias\/escala-la-polemica-en-argentina-por-la-participacion-militar-en-seguridad\/#webpage"},"isPartOf":{"@id":"https:\/\/candas365.es\/noticias\/escala-la-polemica-en-argentina-por-la-participacion-militar-en-seguridad\/#webpage"},"articleSection":"Sociedad","dateline":"Publicado el julio 25, 2018."},{"@type":"Organization","@id":"https:\/\/candas365.es\/noticias\/#organization","name":"Cand\u00e1s 365","description":"Cand\u00e1s 365 es un diario digital independiente, fundado en 2012, con base en Asturias. Informamos con rigor sobre actualidad, sociedad, cultura y ocio, con una mirada local y global.","url":"https:\/\/candas365.es\/noticias\/","email":"info@candas365.es","telephone":"+34652131393","foundingDate":"2012-06-10","logo":{"@type":"ImageObject","url":"https:\/\/candas365.es\/noticias\/wp-content\/uploads\/2024\/09\/Candas-365-Redes.jpg","@id":"https:\/\/candas365.es\/noticias\/escala-la-polemica-en-argentina-por-la-participacion-militar-en-seguridad\/#organizationLogo","width":1152,"height":864,"caption":"Cand\u00e1s 365 Redes"},"image":{"@id":"https:\/\/candas365.es\/noticias\/escala-la-polemica-en-argentina-por-la-participacion-militar-en-seguridad\/#organizationLogo"},"sameAs":["https:\/\/www.facebook.com\/Nachofdezber","https:\/\/x.com\/NabercoDigital","https:\/\/www.instagram.com\/nachofdezber\/","https:\/\/www.youtube.com\/channel\/UCZP-2wLEB9Rv6erhFmqVnvg"],"address":{"@id":"https:\/\/candas365.es\/noticias\/#postaladdress","@type":"PostalAddress","streetAddress":"san antonio 4, san antonio 4","postalCode":"33430","addressLocality":"Cand\u00e1s","addressRegion":"Asturias","addressCountry":"ES"}},{"@type":"Person","@id":"https:\/\/candas365.es\/noticias\/author\/admin\/#author","url":"https:\/\/candas365.es\/noticias\/author\/admin\/","name":"Cand\u00e1s 365","image":{"@type":"ImageObject","@id":"https:\/\/candas365.es\/noticias\/escala-la-polemica-en-argentina-por-la-participacion-militar-en-seguridad\/#authorImage","url":"https:\/\/secure.gravatar.com\/avatar\/496a8e03d0c493ede1718b7934145dbdf8d89be1036b0eec9544e1094c9de390?s=96&d=mm&r=g","width":96,"height":96,"caption":"Cand\u00e1s 365"},"sameAs":["https:\/\/www.facebook.com\/carrenoactualidad","https:\/\/twitter.com\/nbasturias","https:\/\/www.instagram.com\/nachofdezber\/","https:\/\/www.youtube.com\/channel\/UCZP-2wLEB9Rv6erhFmqVnvg"]},{"@type":"WebPage","@id":"https:\/\/candas365.es\/noticias\/escala-la-polemica-en-argentina-por-la-participacion-militar-en-seguridad\/#webpage","url":"https:\/\/candas365.es\/noticias\/escala-la-polemica-en-argentina-por-la-participacion-militar-en-seguridad\/","name":"Escala la pol\u00e9mica en Argentina por la participaci\u00f3n militar en seguridad | Cand\u00e1s 365","description":"Buenos Aires, 24 jul (dpa) - La pol\u00e9mica por la reforma del sistema de defensa de Argentina escal\u00f3 hoy con el llamado a una marcha en contra de la decisi\u00f3n del presidente Mauricio Macri de disponer que las Fuerzas Armadas colaboren en cuestiones de seguridad interior y la custodia de objetivos estrat\u00e9gicos, pese a que","inLanguage":"es-ES","isPartOf":{"@id":"https:\/\/candas365.es\/noticias\/#website"},"breadcrumb":{"@id":"https:\/\/candas365.es\/noticias\/escala-la-polemica-en-argentina-por-la-participacion-militar-en-seguridad\/#breadcrumblist"},"author":{"@id":"https:\/\/candas365.es\/noticias\/author\/admin\/#author"},"creator":{"@id":"https:\/\/candas365.es\/noticias\/author\/admin\/#author"},"image":{"@type":"ImageObject","url":"https:\/\/candas365.es\/noticias\/wp-content\/uploads\/2018\/06\/buenos-aires-2433480_960_720.jpg","@id":"https:\/\/candas365.es\/noticias\/escala-la-polemica-en-argentina-por-la-participacion-militar-en-seguridad\/#mainImage","width":960,"height":639},"primaryImageOfPage":{"@id":"https:\/\/candas365.es\/noticias\/escala-la-polemica-en-argentina-por-la-participacion-militar-en-seguridad\/#mainImage"},"datePublished":"2018-07-25T00:01:45+02:00","dateModified":"2018-07-25T00:01:45+02:00"},{"@type":"WebSite","@id":"https:\/\/candas365.es\/noticias\/#website","url":"https:\/\/candas365.es\/noticias\/","name":"Cand\u00e1s 365","alternateName":"Cand\u00e1s 365 Noticias","description":"Actualidad desde Carre\u00f1o para el mundo","inLanguage":"es-ES","publisher":{"@id":"https:\/\/candas365.es\/noticias\/#organization"}}]},"og:locale":"es_ES","og:site_name":"Cand\u00e1s 365","og:type":"article","og:title":"Escala la pol\u00e9mica en Argentina por la participaci\u00f3n militar en seguridad | Cand\u00e1s 365","og:description":"Buenos Aires, 24 jul (dpa) - La pol\u00e9mica por la reforma del sistema de defensa de Argentina escal\u00f3 hoy con el llamado a una marcha en contra de la decisi\u00f3n del presidente Mauricio Macri de disponer que las Fuerzas Armadas colaboren en cuestiones de seguridad interior y la custodia de objetivos estrat\u00e9gicos, pese a que","og:url":"https:\/\/candas365.es\/noticias\/escala-la-polemica-en-argentina-por-la-participacion-militar-en-seguridad\/","og:image":"https:\/\/candas365.es\/noticias\/wp-content\/uploads\/2018\/06\/buenos-aires-2433480_960_720.jpg","og:image:secure_url":"https:\/\/candas365.es\/noticias\/wp-content\/uploads\/2018\/06\/buenos-aires-2433480_960_720.jpg","og:image:width":960,"og:image:height":639,"article:published_time":"2018-07-25T00:01:45+00:00","article:modified_time":"2018-07-25T00:01:45+00:00","article:publisher":"https:\/\/www.facebook.com\/Nachofdezber","article:author":"https:\/\/www.facebook.com\/carrenoactualidad","twitter:card":"summary_large_image","twitter:site":"@NabercoDigital","twitter:title":"Escala la pol\u00e9mica en Argentina por la participaci\u00f3n militar en seguridad | Cand\u00e1s 365","twitter:description":"Buenos Aires, 24 jul (dpa) - La pol\u00e9mica por la reforma del sistema de defensa de Argentina escal\u00f3 hoy con el llamado a una marcha en contra de la decisi\u00f3n del presidente Mauricio Macri de disponer que las Fuerzas Armadas colaboren en cuestiones de seguridad interior y la custodia de objetivos estrat\u00e9gicos, pese a que","twitter:creator":"@nbasturias","twitter:image":"https:\/\/candas365.es\/noticias\/wp-content\/uploads\/2018\/06\/buenos-aires-2433480_960_720.jpg","twitter:label1":"Escrito por","twitter:data1":"Cand\u00e1s 365","twitter:label2":"Tiempo de lectura estimado","twitter:data2":"3 minutos"},"aioseo_meta_data":{"post_id":"101133","title":null,"description":null,"keywords":null,"keyphrases":null,"primary_term":null,"canonical_url":null,"og_title":null,"og_description":null,"og_object_type":"default","og_image_type":"default","og_image_url":null,"og_image_width":null,"og_image_height":null,"og_image_custom_url":null,"og_image_custom_fields":null,"og_video":null,"og_custom_url":null,"og_article_section":null,"og_article_tags":null,"twitter_use_og":false,"twitter_card":"default","twitter_image_type":"default","twitter_image_url":null,"twitter_image_custom_url":null,"twitter_image_custom_fields":null,"twitter_title":null,"twitter_description":null,"schema":{"blockGraphs":[],"customGraphs":[],"default":{"data":{"Article":[],"Course":[],"Dataset":[],"FAQPage":[],"Movie":[],"Person":[],"Product":[],"ProductReview":[],"Car":[],"Recipe":[],"Service":[],"SoftwareApplication":[],"WebPage":[]},"graphName":"","isEnabled":true},"graphs":[]},"schema_type":null,"schema_type_options":null,"pillar_content":false,"robots_default":true,"robots_noindex":false,"robots_noarchive":false,"robots_nosnippet":false,"robots_nofollow":false,"robots_noimageindex":false,"robots_noodp":false,"robots_notranslate":false,"robots_max_snippet":null,"robots_max_videopreview":null,"robots_max_imagepreview":"large","priority":null,"frequency":null,"location":null,"local_seo":null,"seo_analyzer_scan_date":"2025-08-27 10:40:19","breadcrumb_settings":null,"limit_modified_date":false,"reviewed_by":null,"open_ai":null,"ai":null,"created":"2020-12-21 11:48:13","updated":"2025-08-27 10:40:19"},"aioseo_breadcrumb":"<div class=\"aioseo-breadcrumbs\"><span class=\"aioseo-breadcrumb\">\n\t<a href=\"https:\/\/candas365.es\/noticias\" title=\"Home\">Home<\/a>\n<\/span><span class=\"aioseo-breadcrumb-separator\">&ndash;<\/span><span class=\"aioseo-breadcrumb\">\n\t<a href=\"https:\/\/candas365.es\/noticias\/category\/sociedad\/\" title=\"Sociedad\">Sociedad<\/a>\n<\/span><span class=\"aioseo-breadcrumb-separator\">&ndash;<\/span><span class=\"aioseo-breadcrumb\">\n\tEscala la pol\u00e9mica en Argentina por la participaci\u00f3n militar en seguridad\n<\/span><\/div>","aioseo_breadcrumb_json":[{"label":"Home","link":"https:\/\/candas365.es\/noticias"},{"label":"Sociedad","link":"https:\/\/candas365.es\/noticias\/category\/sociedad\/"},{"label":"Escala la pol\u00e9mica en Argentina por la participaci\u00f3n militar en seguridad","link":"https:\/\/candas365.es\/noticias\/escala-la-polemica-en-argentina-por-la-participacion-militar-en-seguridad\/"}],"_links":{"self":[{"href":"https:\/\/candas365.es\/noticias\/wp-json\/wp\/v2\/posts\/101133","targetHints":{"allow":["GET"]}}],"collection":[{"href":"https:\/\/candas365.es\/noticias\/wp-json\/wp\/v2\/posts"}],"about":[{"href":"https:\/\/candas365.es\/noticias\/wp-json\/wp\/v2\/types\/post"}],"author":[{"embeddable":true,"href":"https:\/\/candas365.es\/noticias\/wp-json\/wp\/v2\/users\/1"}],"replies":[{"embeddable":true,"href":"https:\/\/candas365.es\/noticias\/wp-json\/wp\/v2\/comments?post=101133"}],"version-history":[{"count":0,"href":"https:\/\/candas365.es\/noticias\/wp-json\/wp\/v2\/posts\/101133\/revisions"}],"wp:featuredmedia":[{"embeddable":true,"href":"https:\/\/candas365.es\/noticias\/wp-json\/wp\/v2\/media\/98429"}],"wp:attachment":[{"href":"https:\/\/candas365.es\/noticias\/wp-json\/wp\/v2\/media?parent=101133"}],"wp:term":[{"taxonomy":"category","embeddable":true,"href":"https:\/\/candas365.es\/noticias\/wp-json\/wp\/v2\/categories?post=101133"},{"taxonomy":"post_tag","embeddable":true,"href":"https:\/\/candas365.es\/noticias\/wp-json\/wp\/v2\/tags?post=101133"}],"curies":[{"name":"wp","href":"https:\/\/api.w.org\/{rel}","templated":true}]}}