{"id":101124,"date":"2018-07-24T23:03:10","date_gmt":"2018-07-24T23:03:10","guid":{"rendered":"http:\/\/candas365.es\/noticias\/?p=101124"},"modified":"2018-07-24T23:03:10","modified_gmt":"2018-07-24T23:03:10","slug":"israel-derriba-un-avion-de-combate-sirio","status":"publish","type":"post","link":"https:\/\/candas365.es\/noticias\/israel-derriba-un-avion-de-combate-sirio\/","title":{"rendered":"Israel derriba un avi\u00f3n de combate sirio"},"content":{"rendered":"<p><img fetchpriority=\"high\" decoding=\"async\" class=\"alignleft size-medium wp-image-98558\" src=\"https:\/\/candas365.es\/noticias\/wp-content\/uploads\/2018\/06\/barbed-wire-1876148_960_720-360x218.jpg\" alt=\"\" width=\"360\" height=\"218\" srcset=\"https:\/\/candas365.es\/noticias\/wp-content\/uploads\/2018\/06\/barbed-wire-1876148_960_720-360x218.jpg 360w, https:\/\/candas365.es\/noticias\/wp-content\/uploads\/2018\/06\/barbed-wire-1876148_960_720-768x464.jpg 768w, https:\/\/candas365.es\/noticias\/wp-content\/uploads\/2018\/06\/barbed-wire-1876148_960_720-655x396.jpg 655w, https:\/\/candas365.es\/noticias\/wp-content\/uploads\/2018\/06\/barbed-wire-1876148_960_720-696x421.jpg 696w, https:\/\/candas365.es\/noticias\/wp-content\/uploads\/2018\/06\/barbed-wire-1876148_960_720.jpg 960w, https:\/\/candas365.es\/noticias\/wp-content\/uploads\/2018\/06\/barbed-wire-1876148_960_720-695x420.jpg 695w\" sizes=\"(max-width: 360px) 100vw, 360px\" \/>Tel Aviv\/Damasco, 24 jul (dpa) &#8211; El Ej\u00e9rcito de Israel derrib\u00f3 hoy un avi\u00f3n de combate sirio asegurando que hab\u00eda entrado en el espacio a\u00e9reo del pa\u00eds, un hecho que neg\u00f3 el Gobierno de Damasco, acusando al pa\u00eds jud\u00edo de dificultar su lucha contra grupos terroristas en la zona.<\/p>\n<p>El avi\u00f3n del tipo Sukhoi entr\u00f3 dos kil\u00f3metros en territorio israel\u00ed antes de ser interceptado por dos misiles Patriot, seg\u00fan explic\u00f3 el portavoz militar israel\u00ed Jonathan Conricus. Sin embargo, el aparato derribado cay\u00f3 en la parte sur de los Altos del Gol\u00e1n, que son territorio sirio, algo que no pudo explicar. \u00abQuiz\u00e1 gir\u00f3\u00bb, especul\u00f3 Conricus. El destino de los pilotos se desconoce.<\/p>\n<p>El Gobierno sirio confirm\u00f3 el derribo asegurando que el aparato operaba en el espacio a\u00e9reo sirio y acus\u00f3 a la aviaci\u00f3n israel\u00ed de apoyar a organizaciones terroristas. El \u00abenemigo israel\u00ed\u00bb atac\u00f3 un avi\u00f3n que combat\u00eda contra grupos terroristas en el sur de Siria, inform\u00f3 hoy la agencia de noticias Sana.<\/p>\n<p>Antes del derribo, el Ej\u00e9rtico israel\u00ed hab\u00eda constatado un incremento de los combates en el sur de Siria con participaci\u00f3n de aviones de la fuerza a\u00e9rea de Damasco.<\/p>\n<p>Las tropas del Gobierno combaten all\u00ed contra una filial de la milicia terrorista Estado Isl\u00e1mico (EI). Los extremistas controlan una peque\u00f1a zona en la frontera con los Altos del Gol\u00e1n, ocupados por Israel. Seg\u00fan el Observatorio Sirio de los Derechos Humanos, con base en Londres, el martes hubo m\u00e1s de 100 ataques a\u00e9reos contra el EI.<\/p>\n<p>Con apoyo ruso las fuerzas de Al Assad recuperaron el control de casi todo el sur de Siria en las \u00faltimas semanas, tras lanzar una ofensiva contra la regi\u00f3n en torno a Daraa, considerada la cuna de la revoluci\u00f3n siria.<\/p>\n<p>El avi\u00f3n derribado hab\u00eda despegado de la base militar siria T4 y se dirigi\u00f3 r\u00e1pidamente a territorio israel\u00ed. El Ej\u00e9rcito israel\u00ed no tiene claro si entr\u00f3 de forma intencionada o por error en su espacio a\u00e9reo.<\/p>\n<p>Seg\u00fan Conricus, Israel envi\u00f3 varias advertencias por distintos canales y en distintas lenguas. \u00abSab\u00edamos que era un avi\u00f3n sirio aunque los rusos tambi\u00e9n operan en esa zona\u00bb.<\/p>\n<p>Israel se encontraba en alto nivel de alerta, explic\u00f3 el portavoz israel\u00ed, para hacer respetar el acuerdo de alto el fuego de 1974 que incluye una zona desmilitarizada en la frontera entre territorio sirio y la parte de los Altos del Gol\u00e1n ocupados por Israel.<\/p>\n<p>Israel ya hab\u00eda activado el lunes su sistema antimisiles en vista de los combates en la zona. El Ej\u00e9rcito inform\u00f3 que su sistema defensivo \u00abHonda de David\u00bb hab\u00eda disparado dos misiles. A Israel le preocupa que los misiles sirios puedan impactar en su territorio, aunque hasta ahora cayeron en tierra siria.<\/p>\n<p>En los Altos del Gol\u00e1n y en el norte de Israel suenan las sirenas desde el lunes y los habitantes informaron de explosiones.<\/p>\n<p>La \u00abHonda de David\u00bb, conocido tambi\u00e9n como la \u00abVarita M\u00e1gica\u00bb, puede interceptar misiles con un alcance de entre 70 y 300 kil\u00f3metros, como los que tiene en su arsenal la milicia chiita libanesa proiran\u00ed Hizbol\u00e1 en L\u00edbano y tambi\u00e9n el Ej\u00e9rcito sirio.<\/p>\n<p>Israel ya derrib\u00f3 en septiembre de 2014 un avi\u00f3n de combate sirio que hab\u00eda entrado en su espacio a\u00e9reo y hace casi dos semanas el sistema de defensa antimisiles derrib\u00f3 un dron en el norte de Israel lanzado desde Siria. En febrero, un dron iran\u00ed fue interceptado en una operaci\u00f3n de combate, seg\u00fan la versi\u00f3n Israel\u00ed. Ese mismo d\u00eda la defensa antia\u00e9raea siria derrib\u00f3 un avi\u00f3n de combate israel\u00ed, en una peligrosa escalada del conflicto.<\/p>\n","protected":false},"excerpt":{"rendered":"<p>Tel Aviv\/Damasco, 24 jul (dpa) &#8211; El Ej\u00e9rcito de Israel derrib\u00f3 hoy un avi\u00f3n de combate sirio asegurando que hab\u00eda entrado en el espacio a\u00e9reo del pa\u00eds, un hecho que neg\u00f3 el Gobierno de Damasco, acusando al pa\u00eds jud\u00edo de dificultar su lucha contra grupos terroristas en la zona. El avi\u00f3n del tipo Sukhoi entr\u00f3<\/p>\n","protected":false},"author":1,"featured_media":98558,"comment_status":"closed","ping_status":"closed","sticky":false,"template":"","format":"standard","meta":{"footnotes":""},"categories":[343],"tags":[],"class_list":{"0":"post-101124","1":"post","2":"type-post","3":"status-publish","4":"format-standard","5":"has-post-thumbnail","7":"category-actualidad"},"aioseo_notices":[],"aioseo_head":"\n\t\t<!-- All in One SEO Pro 4.9.6.2 - aioseo.com -->\n\t<meta name=\"description\" content=\"Tel Aviv\/Damasco, 24 jul (dpa) - El Ej\u00e9rcito de Israel derrib\u00f3 hoy un avi\u00f3n de combate sirio asegurando que hab\u00eda entrado en el espacio a\u00e9reo del pa\u00eds, un hecho que neg\u00f3 el Gobierno de Damasco, acusando al pa\u00eds jud\u00edo de dificultar su lucha contra grupos terroristas en la zona. El avi\u00f3n del tipo Sukhoi entr\u00f3\" \/>\n\t<meta name=\"robots\" content=\"max-image-preview:large\" \/>\n\t<meta name=\"author\" content=\"Cand\u00e1s 365\"\/>\n\t<meta name=\"google-site-verification\" content=\"UA-32230408-1\" \/>\n\t<meta name=\"msvalidate.01\" content=\"354F3CDFB2DA171B47FBE9ABF1F88D5\" \/>\n\t<meta name=\"keywords\" content=\"actualidad\" \/>\n\t<link rel=\"canonical\" href=\"https:\/\/candas365.es\/noticias\/israel-derriba-un-avion-de-combate-sirio\/\" \/>\n\t<meta name=\"generator\" content=\"All in One SEO Pro (AIOSEO) 4.9.6.2\" \/>\n\t\t<meta property=\"og:locale\" content=\"es_ES\" \/>\n\t\t<meta property=\"og:site_name\" content=\"Cand\u00e1s 365\" \/>\n\t\t<meta property=\"og:type\" content=\"article\" \/>\n\t\t<meta property=\"og:title\" content=\"Israel derriba un avi\u00f3n de combate sirio | Cand\u00e1s 365\" \/>\n\t\t<meta property=\"og:description\" content=\"Tel Aviv\/Damasco, 24 jul (dpa) - El Ej\u00e9rcito de Israel derrib\u00f3 hoy un avi\u00f3n de combate sirio asegurando que hab\u00eda entrado en el espacio a\u00e9reo del pa\u00eds, un hecho que neg\u00f3 el Gobierno de Damasco, acusando al pa\u00eds jud\u00edo de dificultar su lucha contra grupos terroristas en la zona. El avi\u00f3n del tipo Sukhoi entr\u00f3\" \/>\n\t\t<meta property=\"og:url\" content=\"https:\/\/candas365.es\/noticias\/israel-derriba-un-avion-de-combate-sirio\/\" \/>\n\t\t<meta property=\"og:image\" content=\"https:\/\/candas365.es\/noticias\/wp-content\/uploads\/2018\/06\/barbed-wire-1876148_960_720.jpg\" \/>\n\t\t<meta property=\"og:image:secure_url\" content=\"https:\/\/candas365.es\/noticias\/wp-content\/uploads\/2018\/06\/barbed-wire-1876148_960_720.jpg\" \/>\n\t\t<meta property=\"og:image:width\" content=\"960\" \/>\n\t\t<meta property=\"og:image:height\" content=\"580\" \/>\n\t\t<meta property=\"article:published_time\" content=\"2018-07-24T23:03:10+00:00\" \/>\n\t\t<meta property=\"article:modified_time\" content=\"2018-07-24T23:03:10+00:00\" \/>\n\t\t<meta property=\"article:publisher\" content=\"https:\/\/www.facebook.com\/Nachofdezber\" \/>\n\t\t<meta property=\"article:author\" content=\"https:\/\/www.facebook.com\/carrenoactualidad\" \/>\n\t\t<meta name=\"twitter:card\" content=\"summary_large_image\" \/>\n\t\t<meta name=\"twitter:site\" content=\"@NabercoDigital\" \/>\n\t\t<meta name=\"twitter:title\" content=\"Israel derriba un avi\u00f3n de combate sirio | Cand\u00e1s 365\" \/>\n\t\t<meta name=\"twitter:description\" content=\"Tel Aviv\/Damasco, 24 jul (dpa) - El Ej\u00e9rcito de Israel derrib\u00f3 hoy un avi\u00f3n de combate sirio asegurando que hab\u00eda entrado en el espacio a\u00e9reo del pa\u00eds, un hecho que neg\u00f3 el Gobierno de Damasco, acusando al pa\u00eds jud\u00edo de dificultar su lucha contra grupos terroristas en la zona. El avi\u00f3n del tipo Sukhoi entr\u00f3\" \/>\n\t\t<meta name=\"twitter:creator\" content=\"@nbasturias\" \/>\n\t\t<meta name=\"twitter:image\" content=\"https:\/\/candas365.es\/noticias\/wp-content\/uploads\/2018\/06\/barbed-wire-1876148_960_720.jpg\" \/>\n\t\t<meta name=\"twitter:label1\" content=\"Escrito por\" \/>\n\t\t<meta name=\"twitter:data1\" content=\"Cand\u00e1s 365\" \/>\n\t\t<meta name=\"twitter:label2\" content=\"Tiempo de lectura estimado\" \/>\n\t\t<meta name=\"twitter:data2\" content=\"3 minutos\" \/>\n\t\t<script type=\"application\/ld+json\" class=\"aioseo-schema\">\n\t\t\t{\"@context\":\"https:\\\/\\\/schema.org\",\"@graph\":[{\"@type\":\"BreadcrumbList\",\"@id\":\"https:\\\/\\\/candas365.es\\\/noticias\\\/israel-derriba-un-avion-de-combate-sirio\\\/#breadcrumblist\",\"itemListElement\":[{\"@type\":\"ListItem\",\"@id\":\"https:\\\/\\\/candas365.es\\\/noticias#listItem\",\"position\":1,\"name\":\"Home\",\"item\":\"https:\\\/\\\/candas365.es\\\/noticias\",\"nextItem\":{\"@type\":\"ListItem\",\"@id\":\"https:\\\/\\\/candas365.es\\\/noticias\\\/category\\\/actualidad\\\/#listItem\",\"name\":\"Actualidad\"}},{\"@type\":\"ListItem\",\"@id\":\"https:\\\/\\\/candas365.es\\\/noticias\\\/category\\\/actualidad\\\/#listItem\",\"position\":2,\"name\":\"Actualidad\",\"item\":\"https:\\\/\\\/candas365.es\\\/noticias\\\/category\\\/actualidad\\\/\",\"nextItem\":{\"@type\":\"ListItem\",\"@id\":\"https:\\\/\\\/candas365.es\\\/noticias\\\/israel-derriba-un-avion-de-combate-sirio\\\/#listItem\",\"name\":\"Israel derriba un avi\\u00f3n de combate sirio\"},\"previousItem\":{\"@type\":\"ListItem\",\"@id\":\"https:\\\/\\\/candas365.es\\\/noticias#listItem\",\"name\":\"Home\"}},{\"@type\":\"ListItem\",\"@id\":\"https:\\\/\\\/candas365.es\\\/noticias\\\/israel-derriba-un-avion-de-combate-sirio\\\/#listItem\",\"position\":3,\"name\":\"Israel derriba un avi\\u00f3n de combate sirio\",\"previousItem\":{\"@type\":\"ListItem\",\"@id\":\"https:\\\/\\\/candas365.es\\\/noticias\\\/category\\\/actualidad\\\/#listItem\",\"name\":\"Actualidad\"}}]},{\"@type\":\"NewsArticle\",\"@id\":\"https:\\\/\\\/candas365.es\\\/noticias\\\/israel-derriba-un-avion-de-combate-sirio\\\/#newsarticle\",\"name\":\"Israel derriba un avi\\u00f3n de combate sirio | Cand\\u00e1s 365\",\"headline\":\"Israel derriba un avi\\u00f3n de combate sirio\",\"author\":{\"@id\":\"https:\\\/\\\/candas365.es\\\/noticias\\\/author\\\/admin\\\/#author\"},\"publisher\":{\"@id\":\"https:\\\/\\\/candas365.es\\\/noticias\\\/#organization\"},\"image\":{\"@type\":\"ImageObject\",\"url\":\"https:\\\/\\\/candas365.es\\\/noticias\\\/wp-content\\\/uploads\\\/2018\\\/06\\\/barbed-wire-1876148_960_720.jpg\",\"width\":960,\"height\":580},\"datePublished\":\"2018-07-24T23:03:10+02:00\",\"dateModified\":\"2018-07-24T23:03:10+02:00\",\"inLanguage\":\"es-ES\",\"mainEntityOfPage\":{\"@id\":\"https:\\\/\\\/candas365.es\\\/noticias\\\/israel-derriba-un-avion-de-combate-sirio\\\/#webpage\"},\"isPartOf\":{\"@id\":\"https:\\\/\\\/candas365.es\\\/noticias\\\/israel-derriba-un-avion-de-combate-sirio\\\/#webpage\"},\"articleSection\":\"Actualidad\",\"dateline\":\"Publicado el julio 24, 2018.\"},{\"@type\":\"Organization\",\"@id\":\"https:\\\/\\\/candas365.es\\\/noticias\\\/#organization\",\"name\":\"Cand\\u00e1s 365\",\"description\":\"Cand\\u00e1s 365 es un diario digital independiente, fundado en 2012, con base en Asturias. Informamos con rigor sobre actualidad, sociedad, cultura y ocio, con una mirada local y global.\",\"url\":\"https:\\\/\\\/candas365.es\\\/noticias\\\/\",\"email\":\"info@candas365.es\",\"telephone\":\"+34652131393\",\"foundingDate\":\"2012-06-10\",\"logo\":{\"@type\":\"ImageObject\",\"url\":\"https:\\\/\\\/candas365.es\\\/noticias\\\/wp-content\\\/uploads\\\/2024\\\/09\\\/Candas-365-Redes.jpg\",\"@id\":\"https:\\\/\\\/candas365.es\\\/noticias\\\/israel-derriba-un-avion-de-combate-sirio\\\/#organizationLogo\",\"width\":1152,\"height\":864,\"caption\":\"Cand\\u00e1s 365 Redes\"},\"image\":{\"@id\":\"https:\\\/\\\/candas365.es\\\/noticias\\\/israel-derriba-un-avion-de-combate-sirio\\\/#organizationLogo\"},\"sameAs\":[\"https:\\\/\\\/www.facebook.com\\\/Nachofdezber\",\"https:\\\/\\\/x.com\\\/NabercoDigital\",\"https:\\\/\\\/www.instagram.com\\\/nachofdezber\\\/\",\"https:\\\/\\\/www.youtube.com\\\/channel\\\/UCZP-2wLEB9Rv6erhFmqVnvg\"],\"address\":{\"@id\":\"https:\\\/\\\/candas365.es\\\/noticias\\\/#postaladdress\",\"@type\":\"PostalAddress\",\"streetAddress\":\"san antonio 4, san antonio 4\",\"postalCode\":\"33430\",\"addressLocality\":\"Cand\\u00e1s\",\"addressRegion\":\"Asturias\",\"addressCountry\":\"ES\"}},{\"@type\":\"Person\",\"@id\":\"https:\\\/\\\/candas365.es\\\/noticias\\\/author\\\/admin\\\/#author\",\"url\":\"https:\\\/\\\/candas365.es\\\/noticias\\\/author\\\/admin\\\/\",\"name\":\"Cand\\u00e1s 365\",\"image\":{\"@type\":\"ImageObject\",\"@id\":\"https:\\\/\\\/candas365.es\\\/noticias\\\/israel-derriba-un-avion-de-combate-sirio\\\/#authorImage\",\"url\":\"https:\\\/\\\/secure.gravatar.com\\\/avatar\\\/496a8e03d0c493ede1718b7934145dbdf8d89be1036b0eec9544e1094c9de390?s=96&d=mm&r=g\",\"width\":96,\"height\":96,\"caption\":\"Cand\\u00e1s 365\"},\"sameAs\":[\"https:\\\/\\\/www.facebook.com\\\/carrenoactualidad\",\"https:\\\/\\\/twitter.com\\\/nbasturias\",\"https:\\\/\\\/www.instagram.com\\\/nachofdezber\\\/\",\"https:\\\/\\\/www.youtube.com\\\/channel\\\/UCZP-2wLEB9Rv6erhFmqVnvg\"]},{\"@type\":\"WebPage\",\"@id\":\"https:\\\/\\\/candas365.es\\\/noticias\\\/israel-derriba-un-avion-de-combate-sirio\\\/#webpage\",\"url\":\"https:\\\/\\\/candas365.es\\\/noticias\\\/israel-derriba-un-avion-de-combate-sirio\\\/\",\"name\":\"Israel derriba un avi\\u00f3n de combate sirio | Cand\\u00e1s 365\",\"description\":\"Tel Aviv\\\/Damasco, 24 jul (dpa) - El Ej\\u00e9rcito de Israel derrib\\u00f3 hoy un avi\\u00f3n de combate sirio asegurando que hab\\u00eda entrado en el espacio a\\u00e9reo del pa\\u00eds, un hecho que neg\\u00f3 el Gobierno de Damasco, acusando al pa\\u00eds jud\\u00edo de dificultar su lucha contra grupos terroristas en la zona. El avi\\u00f3n del tipo Sukhoi entr\\u00f3\",\"inLanguage\":\"es-ES\",\"isPartOf\":{\"@id\":\"https:\\\/\\\/candas365.es\\\/noticias\\\/#website\"},\"breadcrumb\":{\"@id\":\"https:\\\/\\\/candas365.es\\\/noticias\\\/israel-derriba-un-avion-de-combate-sirio\\\/#breadcrumblist\"},\"author\":{\"@id\":\"https:\\\/\\\/candas365.es\\\/noticias\\\/author\\\/admin\\\/#author\"},\"creator\":{\"@id\":\"https:\\\/\\\/candas365.es\\\/noticias\\\/author\\\/admin\\\/#author\"},\"image\":{\"@type\":\"ImageObject\",\"url\":\"https:\\\/\\\/candas365.es\\\/noticias\\\/wp-content\\\/uploads\\\/2018\\\/06\\\/barbed-wire-1876148_960_720.jpg\",\"@id\":\"https:\\\/\\\/candas365.es\\\/noticias\\\/israel-derriba-un-avion-de-combate-sirio\\\/#mainImage\",\"width\":960,\"height\":580},\"primaryImageOfPage\":{\"@id\":\"https:\\\/\\\/candas365.es\\\/noticias\\\/israel-derriba-un-avion-de-combate-sirio\\\/#mainImage\"},\"datePublished\":\"2018-07-24T23:03:10+02:00\",\"dateModified\":\"2018-07-24T23:03:10+02:00\"},{\"@type\":\"WebSite\",\"@id\":\"https:\\\/\\\/candas365.es\\\/noticias\\\/#website\",\"url\":\"https:\\\/\\\/candas365.es\\\/noticias\\\/\",\"name\":\"Cand\\u00e1s 365\",\"alternateName\":\"Cand\\u00e1s 365 Noticias\",\"description\":\"Actualidad desde Carre\\u00f1o para el mundo\",\"inLanguage\":\"es-ES\",\"publisher\":{\"@id\":\"https:\\\/\\\/candas365.es\\\/noticias\\\/#organization\"}}]}\n\t\t<\/script>\n\t\t<!-- All in One SEO Pro -->\r\n\t\t<title>Israel derriba un avi\u00f3n de combate sirio | Cand\u00e1s 365<\/title>\n\n","aioseo_head_json":{"title":"Israel derriba un avi\u00f3n de combate sirio | Cand\u00e1s 365","description":"Tel Aviv\/Damasco, 24 jul (dpa) - El Ej\u00e9rcito de Israel derrib\u00f3 hoy un avi\u00f3n de combate sirio asegurando que hab\u00eda entrado en el espacio a\u00e9reo del pa\u00eds, un hecho que neg\u00f3 el Gobierno de Damasco, acusando al pa\u00eds jud\u00edo de dificultar su lucha contra grupos terroristas en la zona. El avi\u00f3n del tipo Sukhoi entr\u00f3","canonical_url":"https:\/\/candas365.es\/noticias\/israel-derriba-un-avion-de-combate-sirio\/","robots":"max-image-preview:large","keywords":"actualidad","webmasterTools":{"google-site-verification":"UA-32230408-1","msvalidate.01":"354F3CDFB2DA171B47FBE9ABF1F88D5","miscellaneous":""},"schema":{"@context":"https:\/\/schema.org","@graph":[{"@type":"BreadcrumbList","@id":"https:\/\/candas365.es\/noticias\/israel-derriba-un-avion-de-combate-sirio\/#breadcrumblist","itemListElement":[{"@type":"ListItem","@id":"https:\/\/candas365.es\/noticias#listItem","position":1,"name":"Home","item":"https:\/\/candas365.es\/noticias","nextItem":{"@type":"ListItem","@id":"https:\/\/candas365.es\/noticias\/category\/actualidad\/#listItem","name":"Actualidad"}},{"@type":"ListItem","@id":"https:\/\/candas365.es\/noticias\/category\/actualidad\/#listItem","position":2,"name":"Actualidad","item":"https:\/\/candas365.es\/noticias\/category\/actualidad\/","nextItem":{"@type":"ListItem","@id":"https:\/\/candas365.es\/noticias\/israel-derriba-un-avion-de-combate-sirio\/#listItem","name":"Israel derriba un avi\u00f3n de combate sirio"},"previousItem":{"@type":"ListItem","@id":"https:\/\/candas365.es\/noticias#listItem","name":"Home"}},{"@type":"ListItem","@id":"https:\/\/candas365.es\/noticias\/israel-derriba-un-avion-de-combate-sirio\/#listItem","position":3,"name":"Israel derriba un avi\u00f3n de combate sirio","previousItem":{"@type":"ListItem","@id":"https:\/\/candas365.es\/noticias\/category\/actualidad\/#listItem","name":"Actualidad"}}]},{"@type":"NewsArticle","@id":"https:\/\/candas365.es\/noticias\/israel-derriba-un-avion-de-combate-sirio\/#newsarticle","name":"Israel derriba un avi\u00f3n de combate sirio | Cand\u00e1s 365","headline":"Israel derriba un avi\u00f3n de combate sirio","author":{"@id":"https:\/\/candas365.es\/noticias\/author\/admin\/#author"},"publisher":{"@id":"https:\/\/candas365.es\/noticias\/#organization"},"image":{"@type":"ImageObject","url":"https:\/\/candas365.es\/noticias\/wp-content\/uploads\/2018\/06\/barbed-wire-1876148_960_720.jpg","width":960,"height":580},"datePublished":"2018-07-24T23:03:10+02:00","dateModified":"2018-07-24T23:03:10+02:00","inLanguage":"es-ES","mainEntityOfPage":{"@id":"https:\/\/candas365.es\/noticias\/israel-derriba-un-avion-de-combate-sirio\/#webpage"},"isPartOf":{"@id":"https:\/\/candas365.es\/noticias\/israel-derriba-un-avion-de-combate-sirio\/#webpage"},"articleSection":"Actualidad","dateline":"Publicado el julio 24, 2018."},{"@type":"Organization","@id":"https:\/\/candas365.es\/noticias\/#organization","name":"Cand\u00e1s 365","description":"Cand\u00e1s 365 es un diario digital independiente, fundado en 2012, con base en Asturias. Informamos con rigor sobre actualidad, sociedad, cultura y ocio, con una mirada local y global.","url":"https:\/\/candas365.es\/noticias\/","email":"info@candas365.es","telephone":"+34652131393","foundingDate":"2012-06-10","logo":{"@type":"ImageObject","url":"https:\/\/candas365.es\/noticias\/wp-content\/uploads\/2024\/09\/Candas-365-Redes.jpg","@id":"https:\/\/candas365.es\/noticias\/israel-derriba-un-avion-de-combate-sirio\/#organizationLogo","width":1152,"height":864,"caption":"Cand\u00e1s 365 Redes"},"image":{"@id":"https:\/\/candas365.es\/noticias\/israel-derriba-un-avion-de-combate-sirio\/#organizationLogo"},"sameAs":["https:\/\/www.facebook.com\/Nachofdezber","https:\/\/x.com\/NabercoDigital","https:\/\/www.instagram.com\/nachofdezber\/","https:\/\/www.youtube.com\/channel\/UCZP-2wLEB9Rv6erhFmqVnvg"],"address":{"@id":"https:\/\/candas365.es\/noticias\/#postaladdress","@type":"PostalAddress","streetAddress":"san antonio 4, san antonio 4","postalCode":"33430","addressLocality":"Cand\u00e1s","addressRegion":"Asturias","addressCountry":"ES"}},{"@type":"Person","@id":"https:\/\/candas365.es\/noticias\/author\/admin\/#author","url":"https:\/\/candas365.es\/noticias\/author\/admin\/","name":"Cand\u00e1s 365","image":{"@type":"ImageObject","@id":"https:\/\/candas365.es\/noticias\/israel-derriba-un-avion-de-combate-sirio\/#authorImage","url":"https:\/\/secure.gravatar.com\/avatar\/496a8e03d0c493ede1718b7934145dbdf8d89be1036b0eec9544e1094c9de390?s=96&d=mm&r=g","width":96,"height":96,"caption":"Cand\u00e1s 365"},"sameAs":["https:\/\/www.facebook.com\/carrenoactualidad","https:\/\/twitter.com\/nbasturias","https:\/\/www.instagram.com\/nachofdezber\/","https:\/\/www.youtube.com\/channel\/UCZP-2wLEB9Rv6erhFmqVnvg"]},{"@type":"WebPage","@id":"https:\/\/candas365.es\/noticias\/israel-derriba-un-avion-de-combate-sirio\/#webpage","url":"https:\/\/candas365.es\/noticias\/israel-derriba-un-avion-de-combate-sirio\/","name":"Israel derriba un avi\u00f3n de combate sirio | Cand\u00e1s 365","description":"Tel Aviv\/Damasco, 24 jul (dpa) - El Ej\u00e9rcito de Israel derrib\u00f3 hoy un avi\u00f3n de combate sirio asegurando que hab\u00eda entrado en el espacio a\u00e9reo del pa\u00eds, un hecho que neg\u00f3 el Gobierno de Damasco, acusando al pa\u00eds jud\u00edo de dificultar su lucha contra grupos terroristas en la zona. El avi\u00f3n del tipo Sukhoi entr\u00f3","inLanguage":"es-ES","isPartOf":{"@id":"https:\/\/candas365.es\/noticias\/#website"},"breadcrumb":{"@id":"https:\/\/candas365.es\/noticias\/israel-derriba-un-avion-de-combate-sirio\/#breadcrumblist"},"author":{"@id":"https:\/\/candas365.es\/noticias\/author\/admin\/#author"},"creator":{"@id":"https:\/\/candas365.es\/noticias\/author\/admin\/#author"},"image":{"@type":"ImageObject","url":"https:\/\/candas365.es\/noticias\/wp-content\/uploads\/2018\/06\/barbed-wire-1876148_960_720.jpg","@id":"https:\/\/candas365.es\/noticias\/israel-derriba-un-avion-de-combate-sirio\/#mainImage","width":960,"height":580},"primaryImageOfPage":{"@id":"https:\/\/candas365.es\/noticias\/israel-derriba-un-avion-de-combate-sirio\/#mainImage"},"datePublished":"2018-07-24T23:03:10+02:00","dateModified":"2018-07-24T23:03:10+02:00"},{"@type":"WebSite","@id":"https:\/\/candas365.es\/noticias\/#website","url":"https:\/\/candas365.es\/noticias\/","name":"Cand\u00e1s 365","alternateName":"Cand\u00e1s 365 Noticias","description":"Actualidad desde Carre\u00f1o para el mundo","inLanguage":"es-ES","publisher":{"@id":"https:\/\/candas365.es\/noticias\/#organization"}}]},"og:locale":"es_ES","og:site_name":"Cand\u00e1s 365","og:type":"article","og:title":"Israel derriba un avi\u00f3n de combate sirio | Cand\u00e1s 365","og:description":"Tel Aviv\/Damasco, 24 jul (dpa) - El Ej\u00e9rcito de Israel derrib\u00f3 hoy un avi\u00f3n de combate sirio asegurando que hab\u00eda entrado en el espacio a\u00e9reo del pa\u00eds, un hecho que neg\u00f3 el Gobierno de Damasco, acusando al pa\u00eds jud\u00edo de dificultar su lucha contra grupos terroristas en la zona. El avi\u00f3n del tipo Sukhoi entr\u00f3","og:url":"https:\/\/candas365.es\/noticias\/israel-derriba-un-avion-de-combate-sirio\/","og:image":"https:\/\/candas365.es\/noticias\/wp-content\/uploads\/2018\/06\/barbed-wire-1876148_960_720.jpg","og:image:secure_url":"https:\/\/candas365.es\/noticias\/wp-content\/uploads\/2018\/06\/barbed-wire-1876148_960_720.jpg","og:image:width":960,"og:image:height":580,"article:published_time":"2018-07-24T23:03:10+00:00","article:modified_time":"2018-07-24T23:03:10+00:00","article:publisher":"https:\/\/www.facebook.com\/Nachofdezber","article:author":"https:\/\/www.facebook.com\/carrenoactualidad","twitter:card":"summary_large_image","twitter:site":"@NabercoDigital","twitter:title":"Israel derriba un avi\u00f3n de combate sirio | Cand\u00e1s 365","twitter:description":"Tel Aviv\/Damasco, 24 jul (dpa) - El Ej\u00e9rcito de Israel derrib\u00f3 hoy un avi\u00f3n de combate sirio asegurando que hab\u00eda entrado en el espacio a\u00e9reo del pa\u00eds, un hecho que neg\u00f3 el Gobierno de Damasco, acusando al pa\u00eds jud\u00edo de dificultar su lucha contra grupos terroristas en la zona. El avi\u00f3n del tipo Sukhoi entr\u00f3","twitter:creator":"@nbasturias","twitter:image":"https:\/\/candas365.es\/noticias\/wp-content\/uploads\/2018\/06\/barbed-wire-1876148_960_720.jpg","twitter:label1":"Escrito por","twitter:data1":"Cand\u00e1s 365","twitter:label2":"Tiempo de lectura estimado","twitter:data2":"3 minutos"},"aioseo_meta_data":{"post_id":"101124","title":null,"description":null,"keywords":null,"keyphrases":null,"primary_term":null,"canonical_url":null,"og_title":null,"og_description":null,"og_object_type":"default","og_image_type":"default","og_image_url":null,"og_image_width":null,"og_image_height":null,"og_image_custom_url":null,"og_image_custom_fields":null,"og_video":null,"og_custom_url":null,"og_article_section":null,"og_article_tags":null,"twitter_use_og":false,"twitter_card":"default","twitter_image_type":"default","twitter_image_url":null,"twitter_image_custom_url":null,"twitter_image_custom_fields":null,"twitter_title":null,"twitter_description":null,"schema":{"blockGraphs":[],"customGraphs":[],"default":{"data":{"Article":[],"Course":[],"Dataset":[],"FAQPage":[],"Movie":[],"Person":[],"Product":[],"ProductReview":[],"Car":[],"Recipe":[],"Service":[],"SoftwareApplication":[],"WebPage":[]},"graphName":"","isEnabled":true},"graphs":[],"defaultGraph":"","defaultPostTypeGraph":""},"schema_type":null,"schema_type_options":null,"pillar_content":false,"robots_default":true,"robots_noindex":false,"robots_noarchive":false,"robots_nosnippet":false,"robots_nofollow":false,"robots_noimageindex":false,"robots_noodp":false,"robots_notranslate":false,"robots_max_snippet":null,"robots_max_videopreview":null,"robots_max_imagepreview":"large","priority":null,"frequency":null,"location":null,"local_seo":null,"seo_analyzer_scan_date":"2025-08-27 10:40:15","breadcrumb_settings":null,"limit_modified_date":false,"reviewed_by":null,"open_ai":null,"ai":null,"created":"2020-12-21 11:48:13","updated":"2025-08-27 10:40:15"},"aioseo_breadcrumb":"<div class=\"aioseo-breadcrumbs\"><span class=\"aioseo-breadcrumb\">\n\t<a href=\"https:\/\/candas365.es\/noticias\" title=\"Home\">Home<\/a>\n<\/span><span class=\"aioseo-breadcrumb-separator\">&ndash;<\/span><span class=\"aioseo-breadcrumb\">\n\t<a href=\"https:\/\/candas365.es\/noticias\/category\/actualidad\/\" title=\"Actualidad\">Actualidad<\/a>\n<\/span><span class=\"aioseo-breadcrumb-separator\">&ndash;<\/span><span class=\"aioseo-breadcrumb\">\n\tIsrael derriba un avi\u00f3n de combate sirio\n<\/span><\/div>","aioseo_breadcrumb_json":[{"label":"Home","link":"https:\/\/candas365.es\/noticias"},{"label":"Actualidad","link":"https:\/\/candas365.es\/noticias\/category\/actualidad\/"},{"label":"Israel derriba un avi\u00f3n de combate sirio","link":"https:\/\/candas365.es\/noticias\/israel-derriba-un-avion-de-combate-sirio\/"}],"_links":{"self":[{"href":"https:\/\/candas365.es\/noticias\/wp-json\/wp\/v2\/posts\/101124","targetHints":{"allow":["GET"]}}],"collection":[{"href":"https:\/\/candas365.es\/noticias\/wp-json\/wp\/v2\/posts"}],"about":[{"href":"https:\/\/candas365.es\/noticias\/wp-json\/wp\/v2\/types\/post"}],"author":[{"embeddable":true,"href":"https:\/\/candas365.es\/noticias\/wp-json\/wp\/v2\/users\/1"}],"replies":[{"embeddable":true,"href":"https:\/\/candas365.es\/noticias\/wp-json\/wp\/v2\/comments?post=101124"}],"version-history":[{"count":0,"href":"https:\/\/candas365.es\/noticias\/wp-json\/wp\/v2\/posts\/101124\/revisions"}],"wp:featuredmedia":[{"embeddable":true,"href":"https:\/\/candas365.es\/noticias\/wp-json\/wp\/v2\/media\/98558"}],"wp:attachment":[{"href":"https:\/\/candas365.es\/noticias\/wp-json\/wp\/v2\/media?parent=101124"}],"wp:term":[{"taxonomy":"category","embeddable":true,"href":"https:\/\/candas365.es\/noticias\/wp-json\/wp\/v2\/categories?post=101124"},{"taxonomy":"post_tag","embeddable":true,"href":"https:\/\/candas365.es\/noticias\/wp-json\/wp\/v2\/tags?post=101124"}],"curies":[{"name":"wp","href":"https:\/\/api.w.org\/{rel}","templated":true}]}}