{"id":101121,"date":"2018-07-24T22:31:43","date_gmt":"2018-07-24T22:31:43","guid":{"rendered":"http:\/\/candas365.es\/noticias\/?p=101121"},"modified":"2018-07-24T22:31:43","modified_gmt":"2018-07-24T22:31:43","slug":"hijos-de-abraham-abre-en-alemania-una-guarderia-cristiano-islamica","status":"publish","type":"post","link":"https:\/\/candas365.es\/noticias\/hijos-de-abraham-abre-en-alemania-una-guarderia-cristiano-islamica\/","title":{"rendered":"\u00abHijos de Abraham\u00bb: abre en Alemania una guarder\u00eda cristiano-isl\u00e1mica"},"content":{"rendered":"<p><img fetchpriority=\"high\" decoding=\"async\" class=\"alignleft size-medium wp-image-101122\" src=\"https:\/\/candas365.es\/noticias\/wp-content\/uploads\/2018\/07\/kids-2293835_960_720-360x240.jpg\" alt=\"\" width=\"360\" height=\"240\" srcset=\"https:\/\/candas365.es\/noticias\/wp-content\/uploads\/2018\/07\/kids-2293835_960_720-360x240.jpg 360w, https:\/\/candas365.es\/noticias\/wp-content\/uploads\/2018\/07\/kids-2293835_960_720-768x512.jpg 768w, https:\/\/candas365.es\/noticias\/wp-content\/uploads\/2018\/07\/kids-2293835_960_720-655x437.jpg 655w, https:\/\/candas365.es\/noticias\/wp-content\/uploads\/2018\/07\/kids-2293835_960_720-696x464.jpg 696w, https:\/\/candas365.es\/noticias\/wp-content\/uploads\/2018\/07\/kids-2293835_960_720-630x420.jpg 630w, https:\/\/candas365.es\/noticias\/wp-content\/uploads\/2018\/07\/kids-2293835_960_720.jpg 960w\" sizes=\"(max-width: 360px) 100vw, 360px\" \/>Gifhorn (Alemania), 24 jul (dpa) &#8211; Ni\u00f1os de diferentes confesiones religiosas en un mismo centro educativo: \u00e9se el esp\u00edritu con el que abrir\u00e1 sus puertas el pr\u00f3ximo mes de agosto \u00abHijos de Abraham\u00bb, la primera guarder\u00eda cristiano-isl\u00e1mica con la que contar\u00e1 Alemania.<\/p>\n<p>\u00abQueremos lograr un ambiente en el que los ni\u00f1os de diferentes creencias puedan conocerse mutuamente y aprender unos de otros\u00bb, declar\u00f3 Linda Minkus, la directora del innovador jard\u00edn de infancia en el que ser\u00e1n atendidos 15 peque\u00f1os nacidos en familias cristianas, musulmanas y aconfesionales.<\/p>\n<p>Con el nombre de \u00abHijos de Abraham\u00bb, el parvulario situado en Gifhorn, una localidad de unos 40.000 habitantes del norte de Alemania, acoger\u00e1 a ni\u00f1os de edades comprendidas entre los uno y los cinco a\u00f1os. Ser\u00e1 inaugurado el pr\u00f3ximo jueves, aunque comenzar\u00e1 a funcionar coincidiendo con el comienzo del mes de agosto.<\/p>\n<p>La idea de crear la guarder\u00eda interreligiosa fue de la mezquita musulmana Ditib, que, ante las dificultades para sacar adelante el proyecto en solitario, vio con buenos ojos aceptar la ayuda de la comunidad cristiana, que les anim\u00f3 a seguir el ejemplo de una escuela multirreligiosa jud\u00edo-cristiana-isl\u00e1mica que funciona desde hace a\u00f1os en la cercana ciudad de Osnabr\u00fcck.<\/p>\n<p>Los educadores ser\u00e1n quienes decidan si los menores rezan juntos o acuden en conjunto a servicios religiosos. A los ni\u00f1os tambi\u00e9n se les explicar\u00e1 por qu\u00e9 unos celebran la Navidad y la Pascua y otros el Ramad\u00e1n. Adem\u00e1s, la comida que se sirva debe contar con el certificado halal, aquel que hace referencia a los alimentos permitidos por el islam.<\/p>\n","protected":false},"excerpt":{"rendered":"<p>Gifhorn (Alemania), 24 jul (dpa) &#8211; Ni\u00f1os de diferentes confesiones religiosas en un mismo centro educativo: \u00e9se el esp\u00edritu con el que abrir\u00e1 sus puertas el pr\u00f3ximo mes de agosto \u00abHijos de Abraham\u00bb, la primera guarder\u00eda cristiano-isl\u00e1mica con la que contar\u00e1 Alemania. \u00abQueremos lograr un ambiente en el que los ni\u00f1os de diferentes creencias puedan<\/p>\n","protected":false},"author":1,"featured_media":101122,"comment_status":"closed","ping_status":"closed","sticky":false,"template":"","format":"standard","meta":{"footnotes":""},"categories":[143],"tags":[],"class_list":{"0":"post-101121","1":"post","2":"type-post","3":"status-publish","4":"format-standard","5":"has-post-thumbnail","7":"category-sociedad"},"aioseo_notices":[],"aioseo_head":"\n\t\t<!-- All in One SEO Pro 4.9.6.2 - aioseo.com -->\n\t<meta name=\"description\" content=\"Gifhorn (Alemania), 24 jul (dpa) - Ni\u00f1os de diferentes confesiones religiosas en un mismo centro educativo: \u00e9se el esp\u00edritu con el que abrir\u00e1 sus puertas el pr\u00f3ximo mes de agosto &quot;Hijos de Abraham&quot;, la primera guarder\u00eda cristiano-isl\u00e1mica con la que contar\u00e1 Alemania. &quot;Queremos lograr un ambiente en el que los ni\u00f1os de diferentes creencias puedan\" \/>\n\t<meta name=\"robots\" content=\"max-image-preview:large\" \/>\n\t<meta name=\"author\" content=\"Cand\u00e1s 365\"\/>\n\t<meta name=\"google-site-verification\" content=\"UA-32230408-1\" \/>\n\t<meta name=\"msvalidate.01\" content=\"354F3CDFB2DA171B47FBE9ABF1F88D5\" \/>\n\t<meta name=\"keywords\" content=\"sociedad\" \/>\n\t<link rel=\"canonical\" href=\"https:\/\/candas365.es\/noticias\/hijos-de-abraham-abre-en-alemania-una-guarderia-cristiano-islamica\/\" \/>\n\t<meta name=\"generator\" content=\"All in One SEO Pro (AIOSEO) 4.9.6.2\" \/>\n\t\t<meta property=\"og:locale\" content=\"es_ES\" \/>\n\t\t<meta property=\"og:site_name\" content=\"Cand\u00e1s 365\" \/>\n\t\t<meta property=\"og:type\" content=\"article\" \/>\n\t\t<meta property=\"og:title\" content=\"\u00abHijos de Abraham\u00bb: abre en Alemania una guarder\u00eda cristiano-isl\u00e1mica | Cand\u00e1s 365\" \/>\n\t\t<meta property=\"og:description\" content=\"Gifhorn (Alemania), 24 jul (dpa) - Ni\u00f1os de diferentes confesiones religiosas en un mismo centro educativo: \u00e9se el esp\u00edritu con el que abrir\u00e1 sus puertas el pr\u00f3ximo mes de agosto &quot;Hijos de Abraham&quot;, la primera guarder\u00eda cristiano-isl\u00e1mica con la que contar\u00e1 Alemania. &quot;Queremos lograr un ambiente en el que los ni\u00f1os de diferentes creencias puedan\" \/>\n\t\t<meta property=\"og:url\" content=\"https:\/\/candas365.es\/noticias\/hijos-de-abraham-abre-en-alemania-una-guarderia-cristiano-islamica\/\" \/>\n\t\t<meta property=\"og:image\" content=\"https:\/\/candas365.es\/noticias\/wp-content\/uploads\/2018\/07\/kids-2293835_960_720.jpg\" \/>\n\t\t<meta property=\"og:image:secure_url\" content=\"https:\/\/candas365.es\/noticias\/wp-content\/uploads\/2018\/07\/kids-2293835_960_720.jpg\" \/>\n\t\t<meta property=\"og:image:width\" content=\"960\" \/>\n\t\t<meta property=\"og:image:height\" content=\"640\" \/>\n\t\t<meta property=\"article:published_time\" content=\"2018-07-24T22:31:43+00:00\" \/>\n\t\t<meta property=\"article:modified_time\" content=\"2018-07-24T22:31:43+00:00\" \/>\n\t\t<meta property=\"article:publisher\" content=\"https:\/\/www.facebook.com\/Nachofdezber\" \/>\n\t\t<meta property=\"article:author\" content=\"https:\/\/www.facebook.com\/carrenoactualidad\" \/>\n\t\t<meta name=\"twitter:card\" content=\"summary_large_image\" \/>\n\t\t<meta name=\"twitter:site\" content=\"@NabercoDigital\" \/>\n\t\t<meta name=\"twitter:title\" content=\"\u00abHijos de Abraham\u00bb: abre en Alemania una guarder\u00eda cristiano-isl\u00e1mica | Cand\u00e1s 365\" \/>\n\t\t<meta name=\"twitter:description\" content=\"Gifhorn (Alemania), 24 jul (dpa) - Ni\u00f1os de diferentes confesiones religiosas en un mismo centro educativo: \u00e9se el esp\u00edritu con el que abrir\u00e1 sus puertas el pr\u00f3ximo mes de agosto &quot;Hijos de Abraham&quot;, la primera guarder\u00eda cristiano-isl\u00e1mica con la que contar\u00e1 Alemania. &quot;Queremos lograr un ambiente en el que los ni\u00f1os de diferentes creencias puedan\" \/>\n\t\t<meta name=\"twitter:creator\" content=\"@nbasturias\" \/>\n\t\t<meta name=\"twitter:image\" content=\"https:\/\/candas365.es\/noticias\/wp-content\/uploads\/2018\/07\/kids-2293835_960_720.jpg\" \/>\n\t\t<meta name=\"twitter:label1\" content=\"Escrito por\" \/>\n\t\t<meta name=\"twitter:data1\" content=\"Cand\u00e1s 365\" \/>\n\t\t<meta name=\"twitter:label2\" content=\"Tiempo de lectura estimado\" \/>\n\t\t<meta name=\"twitter:data2\" content=\"1 minuto\" \/>\n\t\t<script type=\"application\/ld+json\" class=\"aioseo-schema\">\n\t\t\t{\"@context\":\"https:\\\/\\\/schema.org\",\"@graph\":[{\"@type\":\"BreadcrumbList\",\"@id\":\"https:\\\/\\\/candas365.es\\\/noticias\\\/hijos-de-abraham-abre-en-alemania-una-guarderia-cristiano-islamica\\\/#breadcrumblist\",\"itemListElement\":[{\"@type\":\"ListItem\",\"@id\":\"https:\\\/\\\/candas365.es\\\/noticias#listItem\",\"position\":1,\"name\":\"Home\",\"item\":\"https:\\\/\\\/candas365.es\\\/noticias\",\"nextItem\":{\"@type\":\"ListItem\",\"@id\":\"https:\\\/\\\/candas365.es\\\/noticias\\\/category\\\/sociedad\\\/#listItem\",\"name\":\"Sociedad\"}},{\"@type\":\"ListItem\",\"@id\":\"https:\\\/\\\/candas365.es\\\/noticias\\\/category\\\/sociedad\\\/#listItem\",\"position\":2,\"name\":\"Sociedad\",\"item\":\"https:\\\/\\\/candas365.es\\\/noticias\\\/category\\\/sociedad\\\/\",\"nextItem\":{\"@type\":\"ListItem\",\"@id\":\"https:\\\/\\\/candas365.es\\\/noticias\\\/hijos-de-abraham-abre-en-alemania-una-guarderia-cristiano-islamica\\\/#listItem\",\"name\":\"\\u00abHijos de Abraham\\u00bb: abre en Alemania una guarder\\u00eda cristiano-isl\\u00e1mica\"},\"previousItem\":{\"@type\":\"ListItem\",\"@id\":\"https:\\\/\\\/candas365.es\\\/noticias#listItem\",\"name\":\"Home\"}},{\"@type\":\"ListItem\",\"@id\":\"https:\\\/\\\/candas365.es\\\/noticias\\\/hijos-de-abraham-abre-en-alemania-una-guarderia-cristiano-islamica\\\/#listItem\",\"position\":3,\"name\":\"\\u00abHijos de Abraham\\u00bb: abre en Alemania una guarder\\u00eda cristiano-isl\\u00e1mica\",\"previousItem\":{\"@type\":\"ListItem\",\"@id\":\"https:\\\/\\\/candas365.es\\\/noticias\\\/category\\\/sociedad\\\/#listItem\",\"name\":\"Sociedad\"}}]},{\"@type\":\"NewsArticle\",\"@id\":\"https:\\\/\\\/candas365.es\\\/noticias\\\/hijos-de-abraham-abre-en-alemania-una-guarderia-cristiano-islamica\\\/#newsarticle\",\"name\":\"\\u00abHijos de Abraham\\u00bb: abre en Alemania una guarder\\u00eda cristiano-isl\\u00e1mica | Cand\\u00e1s 365\",\"headline\":\"\\u00abHijos de Abraham\\u00bb: abre en Alemania una guarder\\u00eda cristiano-isl\\u00e1mica\",\"author\":{\"@id\":\"https:\\\/\\\/candas365.es\\\/noticias\\\/author\\\/admin\\\/#author\"},\"publisher\":{\"@id\":\"https:\\\/\\\/candas365.es\\\/noticias\\\/#organization\"},\"image\":{\"@type\":\"ImageObject\",\"url\":\"https:\\\/\\\/candas365.es\\\/noticias\\\/wp-content\\\/uploads\\\/2018\\\/07\\\/kids-2293835_960_720.jpg\",\"width\":960,\"height\":640},\"datePublished\":\"2018-07-24T22:31:43+02:00\",\"dateModified\":\"2018-07-24T22:31:43+02:00\",\"inLanguage\":\"es-ES\",\"mainEntityOfPage\":{\"@id\":\"https:\\\/\\\/candas365.es\\\/noticias\\\/hijos-de-abraham-abre-en-alemania-una-guarderia-cristiano-islamica\\\/#webpage\"},\"isPartOf\":{\"@id\":\"https:\\\/\\\/candas365.es\\\/noticias\\\/hijos-de-abraham-abre-en-alemania-una-guarderia-cristiano-islamica\\\/#webpage\"},\"articleSection\":\"Sociedad\",\"dateline\":\"Publicado el julio 24, 2018.\"},{\"@type\":\"Organization\",\"@id\":\"https:\\\/\\\/candas365.es\\\/noticias\\\/#organization\",\"name\":\"Cand\\u00e1s 365\",\"description\":\"Cand\\u00e1s 365 es un diario digital independiente, fundado en 2012, con base en Asturias. Informamos con rigor sobre actualidad, sociedad, cultura y ocio, con una mirada local y global.\",\"url\":\"https:\\\/\\\/candas365.es\\\/noticias\\\/\",\"email\":\"info@candas365.es\",\"telephone\":\"+34652131393\",\"foundingDate\":\"2012-06-10\",\"logo\":{\"@type\":\"ImageObject\",\"url\":\"https:\\\/\\\/candas365.es\\\/noticias\\\/wp-content\\\/uploads\\\/2024\\\/09\\\/Candas-365-Redes.jpg\",\"@id\":\"https:\\\/\\\/candas365.es\\\/noticias\\\/hijos-de-abraham-abre-en-alemania-una-guarderia-cristiano-islamica\\\/#organizationLogo\",\"width\":1152,\"height\":864,\"caption\":\"Cand\\u00e1s 365 Redes\"},\"image\":{\"@id\":\"https:\\\/\\\/candas365.es\\\/noticias\\\/hijos-de-abraham-abre-en-alemania-una-guarderia-cristiano-islamica\\\/#organizationLogo\"},\"sameAs\":[\"https:\\\/\\\/www.facebook.com\\\/Nachofdezber\",\"https:\\\/\\\/x.com\\\/NabercoDigital\",\"https:\\\/\\\/www.instagram.com\\\/nachofdezber\\\/\",\"https:\\\/\\\/www.youtube.com\\\/channel\\\/UCZP-2wLEB9Rv6erhFmqVnvg\"],\"address\":{\"@id\":\"https:\\\/\\\/candas365.es\\\/noticias\\\/#postaladdress\",\"@type\":\"PostalAddress\",\"streetAddress\":\"san antonio 4, san antonio 4\",\"postalCode\":\"33430\",\"addressLocality\":\"Cand\\u00e1s\",\"addressRegion\":\"Asturias\",\"addressCountry\":\"ES\"}},{\"@type\":\"Person\",\"@id\":\"https:\\\/\\\/candas365.es\\\/noticias\\\/author\\\/admin\\\/#author\",\"url\":\"https:\\\/\\\/candas365.es\\\/noticias\\\/author\\\/admin\\\/\",\"name\":\"Cand\\u00e1s 365\",\"image\":{\"@type\":\"ImageObject\",\"@id\":\"https:\\\/\\\/candas365.es\\\/noticias\\\/hijos-de-abraham-abre-en-alemania-una-guarderia-cristiano-islamica\\\/#authorImage\",\"url\":\"https:\\\/\\\/secure.gravatar.com\\\/avatar\\\/496a8e03d0c493ede1718b7934145dbdf8d89be1036b0eec9544e1094c9de390?s=96&d=mm&r=g\",\"width\":96,\"height\":96,\"caption\":\"Cand\\u00e1s 365\"},\"sameAs\":[\"https:\\\/\\\/www.facebook.com\\\/carrenoactualidad\",\"https:\\\/\\\/twitter.com\\\/nbasturias\",\"https:\\\/\\\/www.instagram.com\\\/nachofdezber\\\/\",\"https:\\\/\\\/www.youtube.com\\\/channel\\\/UCZP-2wLEB9Rv6erhFmqVnvg\"]},{\"@type\":\"WebPage\",\"@id\":\"https:\\\/\\\/candas365.es\\\/noticias\\\/hijos-de-abraham-abre-en-alemania-una-guarderia-cristiano-islamica\\\/#webpage\",\"url\":\"https:\\\/\\\/candas365.es\\\/noticias\\\/hijos-de-abraham-abre-en-alemania-una-guarderia-cristiano-islamica\\\/\",\"name\":\"\\u00abHijos de Abraham\\u00bb: abre en Alemania una guarder\\u00eda cristiano-isl\\u00e1mica | Cand\\u00e1s 365\",\"description\":\"Gifhorn (Alemania), 24 jul (dpa) - Ni\\u00f1os de diferentes confesiones religiosas en un mismo centro educativo: \\u00e9se el esp\\u00edritu con el que abrir\\u00e1 sus puertas el pr\\u00f3ximo mes de agosto \\\"Hijos de Abraham\\\", la primera guarder\\u00eda cristiano-isl\\u00e1mica con la que contar\\u00e1 Alemania. \\\"Queremos lograr un ambiente en el que los ni\\u00f1os de diferentes creencias puedan\",\"inLanguage\":\"es-ES\",\"isPartOf\":{\"@id\":\"https:\\\/\\\/candas365.es\\\/noticias\\\/#website\"},\"breadcrumb\":{\"@id\":\"https:\\\/\\\/candas365.es\\\/noticias\\\/hijos-de-abraham-abre-en-alemania-una-guarderia-cristiano-islamica\\\/#breadcrumblist\"},\"author\":{\"@id\":\"https:\\\/\\\/candas365.es\\\/noticias\\\/author\\\/admin\\\/#author\"},\"creator\":{\"@id\":\"https:\\\/\\\/candas365.es\\\/noticias\\\/author\\\/admin\\\/#author\"},\"image\":{\"@type\":\"ImageObject\",\"url\":\"https:\\\/\\\/candas365.es\\\/noticias\\\/wp-content\\\/uploads\\\/2018\\\/07\\\/kids-2293835_960_720.jpg\",\"@id\":\"https:\\\/\\\/candas365.es\\\/noticias\\\/hijos-de-abraham-abre-en-alemania-una-guarderia-cristiano-islamica\\\/#mainImage\",\"width\":960,\"height\":640},\"primaryImageOfPage\":{\"@id\":\"https:\\\/\\\/candas365.es\\\/noticias\\\/hijos-de-abraham-abre-en-alemania-una-guarderia-cristiano-islamica\\\/#mainImage\"},\"datePublished\":\"2018-07-24T22:31:43+02:00\",\"dateModified\":\"2018-07-24T22:31:43+02:00\"},{\"@type\":\"WebSite\",\"@id\":\"https:\\\/\\\/candas365.es\\\/noticias\\\/#website\",\"url\":\"https:\\\/\\\/candas365.es\\\/noticias\\\/\",\"name\":\"Cand\\u00e1s 365\",\"alternateName\":\"Cand\\u00e1s 365 Noticias\",\"description\":\"Actualidad desde Carre\\u00f1o para el mundo\",\"inLanguage\":\"es-ES\",\"publisher\":{\"@id\":\"https:\\\/\\\/candas365.es\\\/noticias\\\/#organization\"}}]}\n\t\t<\/script>\n\t\t<!-- All in One SEO Pro -->\r\n\t\t<title>\u00abHijos de Abraham\u00bb: abre en Alemania una guarder\u00eda cristiano-isl\u00e1mica | Cand\u00e1s 365<\/title>\n\n","aioseo_head_json":{"title":"\u00abHijos de Abraham\u00bb: abre en Alemania una guarder\u00eda cristiano-isl\u00e1mica | Cand\u00e1s 365","description":"Gifhorn (Alemania), 24 jul (dpa) - Ni\u00f1os de diferentes confesiones religiosas en un mismo centro educativo: \u00e9se el esp\u00edritu con el que abrir\u00e1 sus puertas el pr\u00f3ximo mes de agosto \"Hijos de Abraham\", la primera guarder\u00eda cristiano-isl\u00e1mica con la que contar\u00e1 Alemania. \"Queremos lograr un ambiente en el que los ni\u00f1os de diferentes creencias puedan","canonical_url":"https:\/\/candas365.es\/noticias\/hijos-de-abraham-abre-en-alemania-una-guarderia-cristiano-islamica\/","robots":"max-image-preview:large","keywords":"sociedad","webmasterTools":{"google-site-verification":"UA-32230408-1","msvalidate.01":"354F3CDFB2DA171B47FBE9ABF1F88D5","miscellaneous":""},"schema":{"@context":"https:\/\/schema.org","@graph":[{"@type":"BreadcrumbList","@id":"https:\/\/candas365.es\/noticias\/hijos-de-abraham-abre-en-alemania-una-guarderia-cristiano-islamica\/#breadcrumblist","itemListElement":[{"@type":"ListItem","@id":"https:\/\/candas365.es\/noticias#listItem","position":1,"name":"Home","item":"https:\/\/candas365.es\/noticias","nextItem":{"@type":"ListItem","@id":"https:\/\/candas365.es\/noticias\/category\/sociedad\/#listItem","name":"Sociedad"}},{"@type":"ListItem","@id":"https:\/\/candas365.es\/noticias\/category\/sociedad\/#listItem","position":2,"name":"Sociedad","item":"https:\/\/candas365.es\/noticias\/category\/sociedad\/","nextItem":{"@type":"ListItem","@id":"https:\/\/candas365.es\/noticias\/hijos-de-abraham-abre-en-alemania-una-guarderia-cristiano-islamica\/#listItem","name":"\u00abHijos de Abraham\u00bb: abre en Alemania una guarder\u00eda cristiano-isl\u00e1mica"},"previousItem":{"@type":"ListItem","@id":"https:\/\/candas365.es\/noticias#listItem","name":"Home"}},{"@type":"ListItem","@id":"https:\/\/candas365.es\/noticias\/hijos-de-abraham-abre-en-alemania-una-guarderia-cristiano-islamica\/#listItem","position":3,"name":"\u00abHijos de Abraham\u00bb: abre en Alemania una guarder\u00eda cristiano-isl\u00e1mica","previousItem":{"@type":"ListItem","@id":"https:\/\/candas365.es\/noticias\/category\/sociedad\/#listItem","name":"Sociedad"}}]},{"@type":"NewsArticle","@id":"https:\/\/candas365.es\/noticias\/hijos-de-abraham-abre-en-alemania-una-guarderia-cristiano-islamica\/#newsarticle","name":"\u00abHijos de Abraham\u00bb: abre en Alemania una guarder\u00eda cristiano-isl\u00e1mica | Cand\u00e1s 365","headline":"\u00abHijos de Abraham\u00bb: abre en Alemania una guarder\u00eda cristiano-isl\u00e1mica","author":{"@id":"https:\/\/candas365.es\/noticias\/author\/admin\/#author"},"publisher":{"@id":"https:\/\/candas365.es\/noticias\/#organization"},"image":{"@type":"ImageObject","url":"https:\/\/candas365.es\/noticias\/wp-content\/uploads\/2018\/07\/kids-2293835_960_720.jpg","width":960,"height":640},"datePublished":"2018-07-24T22:31:43+02:00","dateModified":"2018-07-24T22:31:43+02:00","inLanguage":"es-ES","mainEntityOfPage":{"@id":"https:\/\/candas365.es\/noticias\/hijos-de-abraham-abre-en-alemania-una-guarderia-cristiano-islamica\/#webpage"},"isPartOf":{"@id":"https:\/\/candas365.es\/noticias\/hijos-de-abraham-abre-en-alemania-una-guarderia-cristiano-islamica\/#webpage"},"articleSection":"Sociedad","dateline":"Publicado el julio 24, 2018."},{"@type":"Organization","@id":"https:\/\/candas365.es\/noticias\/#organization","name":"Cand\u00e1s 365","description":"Cand\u00e1s 365 es un diario digital independiente, fundado en 2012, con base en Asturias. Informamos con rigor sobre actualidad, sociedad, cultura y ocio, con una mirada local y global.","url":"https:\/\/candas365.es\/noticias\/","email":"info@candas365.es","telephone":"+34652131393","foundingDate":"2012-06-10","logo":{"@type":"ImageObject","url":"https:\/\/candas365.es\/noticias\/wp-content\/uploads\/2024\/09\/Candas-365-Redes.jpg","@id":"https:\/\/candas365.es\/noticias\/hijos-de-abraham-abre-en-alemania-una-guarderia-cristiano-islamica\/#organizationLogo","width":1152,"height":864,"caption":"Cand\u00e1s 365 Redes"},"image":{"@id":"https:\/\/candas365.es\/noticias\/hijos-de-abraham-abre-en-alemania-una-guarderia-cristiano-islamica\/#organizationLogo"},"sameAs":["https:\/\/www.facebook.com\/Nachofdezber","https:\/\/x.com\/NabercoDigital","https:\/\/www.instagram.com\/nachofdezber\/","https:\/\/www.youtube.com\/channel\/UCZP-2wLEB9Rv6erhFmqVnvg"],"address":{"@id":"https:\/\/candas365.es\/noticias\/#postaladdress","@type":"PostalAddress","streetAddress":"san antonio 4, san antonio 4","postalCode":"33430","addressLocality":"Cand\u00e1s","addressRegion":"Asturias","addressCountry":"ES"}},{"@type":"Person","@id":"https:\/\/candas365.es\/noticias\/author\/admin\/#author","url":"https:\/\/candas365.es\/noticias\/author\/admin\/","name":"Cand\u00e1s 365","image":{"@type":"ImageObject","@id":"https:\/\/candas365.es\/noticias\/hijos-de-abraham-abre-en-alemania-una-guarderia-cristiano-islamica\/#authorImage","url":"https:\/\/secure.gravatar.com\/avatar\/496a8e03d0c493ede1718b7934145dbdf8d89be1036b0eec9544e1094c9de390?s=96&d=mm&r=g","width":96,"height":96,"caption":"Cand\u00e1s 365"},"sameAs":["https:\/\/www.facebook.com\/carrenoactualidad","https:\/\/twitter.com\/nbasturias","https:\/\/www.instagram.com\/nachofdezber\/","https:\/\/www.youtube.com\/channel\/UCZP-2wLEB9Rv6erhFmqVnvg"]},{"@type":"WebPage","@id":"https:\/\/candas365.es\/noticias\/hijos-de-abraham-abre-en-alemania-una-guarderia-cristiano-islamica\/#webpage","url":"https:\/\/candas365.es\/noticias\/hijos-de-abraham-abre-en-alemania-una-guarderia-cristiano-islamica\/","name":"\u00abHijos de Abraham\u00bb: abre en Alemania una guarder\u00eda cristiano-isl\u00e1mica | Cand\u00e1s 365","description":"Gifhorn (Alemania), 24 jul (dpa) - Ni\u00f1os de diferentes confesiones religiosas en un mismo centro educativo: \u00e9se el esp\u00edritu con el que abrir\u00e1 sus puertas el pr\u00f3ximo mes de agosto \"Hijos de Abraham\", la primera guarder\u00eda cristiano-isl\u00e1mica con la que contar\u00e1 Alemania. \"Queremos lograr un ambiente en el que los ni\u00f1os de diferentes creencias puedan","inLanguage":"es-ES","isPartOf":{"@id":"https:\/\/candas365.es\/noticias\/#website"},"breadcrumb":{"@id":"https:\/\/candas365.es\/noticias\/hijos-de-abraham-abre-en-alemania-una-guarderia-cristiano-islamica\/#breadcrumblist"},"author":{"@id":"https:\/\/candas365.es\/noticias\/author\/admin\/#author"},"creator":{"@id":"https:\/\/candas365.es\/noticias\/author\/admin\/#author"},"image":{"@type":"ImageObject","url":"https:\/\/candas365.es\/noticias\/wp-content\/uploads\/2018\/07\/kids-2293835_960_720.jpg","@id":"https:\/\/candas365.es\/noticias\/hijos-de-abraham-abre-en-alemania-una-guarderia-cristiano-islamica\/#mainImage","width":960,"height":640},"primaryImageOfPage":{"@id":"https:\/\/candas365.es\/noticias\/hijos-de-abraham-abre-en-alemania-una-guarderia-cristiano-islamica\/#mainImage"},"datePublished":"2018-07-24T22:31:43+02:00","dateModified":"2018-07-24T22:31:43+02:00"},{"@type":"WebSite","@id":"https:\/\/candas365.es\/noticias\/#website","url":"https:\/\/candas365.es\/noticias\/","name":"Cand\u00e1s 365","alternateName":"Cand\u00e1s 365 Noticias","description":"Actualidad desde Carre\u00f1o para el mundo","inLanguage":"es-ES","publisher":{"@id":"https:\/\/candas365.es\/noticias\/#organization"}}]},"og:locale":"es_ES","og:site_name":"Cand\u00e1s 365","og:type":"article","og:title":"\u00abHijos de Abraham\u00bb: abre en Alemania una guarder\u00eda cristiano-isl\u00e1mica | Cand\u00e1s 365","og:description":"Gifhorn (Alemania), 24 jul (dpa) - Ni\u00f1os de diferentes confesiones religiosas en un mismo centro educativo: \u00e9se el esp\u00edritu con el que abrir\u00e1 sus puertas el pr\u00f3ximo mes de agosto &quot;Hijos de Abraham&quot;, la primera guarder\u00eda cristiano-isl\u00e1mica con la que contar\u00e1 Alemania. &quot;Queremos lograr un ambiente en el que los ni\u00f1os de diferentes creencias puedan","og:url":"https:\/\/candas365.es\/noticias\/hijos-de-abraham-abre-en-alemania-una-guarderia-cristiano-islamica\/","og:image":"https:\/\/candas365.es\/noticias\/wp-content\/uploads\/2018\/07\/kids-2293835_960_720.jpg","og:image:secure_url":"https:\/\/candas365.es\/noticias\/wp-content\/uploads\/2018\/07\/kids-2293835_960_720.jpg","og:image:width":960,"og:image:height":640,"article:published_time":"2018-07-24T22:31:43+00:00","article:modified_time":"2018-07-24T22:31:43+00:00","article:publisher":"https:\/\/www.facebook.com\/Nachofdezber","article:author":"https:\/\/www.facebook.com\/carrenoactualidad","twitter:card":"summary_large_image","twitter:site":"@NabercoDigital","twitter:title":"\u00abHijos de Abraham\u00bb: abre en Alemania una guarder\u00eda cristiano-isl\u00e1mica | Cand\u00e1s 365","twitter:description":"Gifhorn (Alemania), 24 jul (dpa) - Ni\u00f1os de diferentes confesiones religiosas en un mismo centro educativo: \u00e9se el esp\u00edritu con el que abrir\u00e1 sus puertas el pr\u00f3ximo mes de agosto &quot;Hijos de Abraham&quot;, la primera guarder\u00eda cristiano-isl\u00e1mica con la que contar\u00e1 Alemania. &quot;Queremos lograr un ambiente en el que los ni\u00f1os de diferentes creencias puedan","twitter:creator":"@nbasturias","twitter:image":"https:\/\/candas365.es\/noticias\/wp-content\/uploads\/2018\/07\/kids-2293835_960_720.jpg","twitter:label1":"Escrito por","twitter:data1":"Cand\u00e1s 365","twitter:label2":"Tiempo de lectura estimado","twitter:data2":"1 minuto"},"aioseo_meta_data":{"post_id":"101121","title":null,"description":null,"keywords":null,"keyphrases":null,"primary_term":null,"canonical_url":null,"og_title":null,"og_description":null,"og_object_type":"default","og_image_type":"default","og_image_url":null,"og_image_width":null,"og_image_height":null,"og_image_custom_url":null,"og_image_custom_fields":null,"og_video":null,"og_custom_url":null,"og_article_section":null,"og_article_tags":null,"twitter_use_og":false,"twitter_card":"default","twitter_image_type":"default","twitter_image_url":null,"twitter_image_custom_url":null,"twitter_image_custom_fields":null,"twitter_title":null,"twitter_description":null,"schema":{"blockGraphs":[],"customGraphs":[],"default":{"data":{"Article":[],"Course":[],"Dataset":[],"FAQPage":[],"Movie":[],"Person":[],"Product":[],"ProductReview":[],"Car":[],"Recipe":[],"Service":[],"SoftwareApplication":[],"WebPage":[]},"graphName":"","isEnabled":true},"graphs":[],"defaultGraph":"","defaultPostTypeGraph":""},"schema_type":null,"schema_type_options":null,"pillar_content":false,"robots_default":true,"robots_noindex":false,"robots_noarchive":false,"robots_nosnippet":false,"robots_nofollow":false,"robots_noimageindex":false,"robots_noodp":false,"robots_notranslate":false,"robots_max_snippet":null,"robots_max_videopreview":null,"robots_max_imagepreview":"large","priority":null,"frequency":null,"location":null,"local_seo":null,"seo_analyzer_scan_date":"2025-08-27 10:38:13","breadcrumb_settings":null,"limit_modified_date":false,"reviewed_by":null,"open_ai":null,"ai":null,"created":"2020-12-21 11:48:13","updated":"2025-08-27 10:38:13"},"aioseo_breadcrumb":"<div class=\"aioseo-breadcrumbs\"><span class=\"aioseo-breadcrumb\">\n\t<a href=\"https:\/\/candas365.es\/noticias\" title=\"Home\">Home<\/a>\n<\/span><span class=\"aioseo-breadcrumb-separator\">&ndash;<\/span><span class=\"aioseo-breadcrumb\">\n\t<a href=\"https:\/\/candas365.es\/noticias\/category\/sociedad\/\" title=\"Sociedad\">Sociedad<\/a>\n<\/span><span class=\"aioseo-breadcrumb-separator\">&ndash;<\/span><span class=\"aioseo-breadcrumb\">\n\t\u00abHijos de Abraham\u00bb: abre en Alemania una guarder\u00eda cristiano-isl\u00e1mica\n<\/span><\/div>","aioseo_breadcrumb_json":[{"label":"Home","link":"https:\/\/candas365.es\/noticias"},{"label":"Sociedad","link":"https:\/\/candas365.es\/noticias\/category\/sociedad\/"},{"label":"\u00abHijos de Abraham\u00bb: abre en Alemania una guarder\u00eda cristiano-isl\u00e1mica","link":"https:\/\/candas365.es\/noticias\/hijos-de-abraham-abre-en-alemania-una-guarderia-cristiano-islamica\/"}],"_links":{"self":[{"href":"https:\/\/candas365.es\/noticias\/wp-json\/wp\/v2\/posts\/101121","targetHints":{"allow":["GET"]}}],"collection":[{"href":"https:\/\/candas365.es\/noticias\/wp-json\/wp\/v2\/posts"}],"about":[{"href":"https:\/\/candas365.es\/noticias\/wp-json\/wp\/v2\/types\/post"}],"author":[{"embeddable":true,"href":"https:\/\/candas365.es\/noticias\/wp-json\/wp\/v2\/users\/1"}],"replies":[{"embeddable":true,"href":"https:\/\/candas365.es\/noticias\/wp-json\/wp\/v2\/comments?post=101121"}],"version-history":[{"count":0,"href":"https:\/\/candas365.es\/noticias\/wp-json\/wp\/v2\/posts\/101121\/revisions"}],"wp:featuredmedia":[{"embeddable":true,"href":"https:\/\/candas365.es\/noticias\/wp-json\/wp\/v2\/media\/101122"}],"wp:attachment":[{"href":"https:\/\/candas365.es\/noticias\/wp-json\/wp\/v2\/media?parent=101121"}],"wp:term":[{"taxonomy":"category","embeddable":true,"href":"https:\/\/candas365.es\/noticias\/wp-json\/wp\/v2\/categories?post=101121"},{"taxonomy":"post_tag","embeddable":true,"href":"https:\/\/candas365.es\/noticias\/wp-json\/wp\/v2\/tags?post=101121"}],"curies":[{"name":"wp","href":"https:\/\/api.w.org\/{rel}","templated":true}]}}