{"id":101117,"date":"2018-07-24T22:25:57","date_gmt":"2018-07-24T22:25:57","guid":{"rendered":"http:\/\/candas365.es\/noticias\/?p=101117"},"modified":"2018-07-24T22:25:57","modified_gmt":"2018-07-24T22:25:57","slug":"la-coyuntura-economica-en-alemania-gano-nuevamente-impulso-en-el-segundo-trimestre-de-2018","status":"publish","type":"post","link":"https:\/\/candas365.es\/noticias\/la-coyuntura-economica-en-alemania-gano-nuevamente-impulso-en-el-segundo-trimestre-de-2018\/","title":{"rendered":"La coyuntura econ\u00f3mica en Alemania gan\u00f3 nuevamente impulso en el segundo trimestre de 2018"},"content":{"rendered":"<p><img fetchpriority=\"high\" decoding=\"async\" class=\"alignleft size-medium wp-image-19556\" src=\"https:\/\/candas365.es\/noticias\/wp-content\/uploads\/2015\/11\/euros-360x198.jpg\" alt=\"\" width=\"360\" height=\"198\" srcset=\"https:\/\/candas365.es\/noticias\/wp-content\/uploads\/2015\/11\/euros-360x198.jpg 360w, https:\/\/candas365.es\/noticias\/wp-content\/uploads\/2015\/11\/euros-650x357.jpg 650w, https:\/\/candas365.es\/noticias\/wp-content\/uploads\/2015\/11\/euros-150x82.jpg 150w, https:\/\/candas365.es\/noticias\/wp-content\/uploads\/2015\/11\/euros-450x247.jpg 450w, https:\/\/candas365.es\/noticias\/wp-content\/uploads\/2015\/11\/euros.jpg 655w\" sizes=\"(max-width: 360px) 100vw, 360px\" \/>Fr\u00e1ncfort, 24 jul (dpa) &#8211; La coyuntura econ\u00f3mica en Alemania gan\u00f3 nuevamente impulso en el segundo trimestre tras un leve retroceso a inicios de a\u00f1o, seg\u00fan estimaciones del banco central alem\u00e1n, el Bundesbak.<\/p>\n<p>Se espera que el rendimiento macroecon\u00f3mico registre \u00aben el trimestre de primavera (boreal) un impulso mayor que a inicios de a\u00f1o\u00bb, escribe el Bundesbank en su actual informe mensual publicado este lunes.<\/p>\n<p>Factores negativos del primer trimestre, tales como la epidemia de gripe, fueron ya superados. Adem\u00e1s, tras la disminuci\u00f3n del gasto p\u00fablico en el invierno (boreal), se espera ahora una reacci\u00f3n. El sector industrial estar\u00e1 en condiciones de consolidarse nuevamente mediante la recuperaci\u00f3n de la exportaci\u00f3n, explica el informe.<\/p>\n<p>Seg\u00fan el banco central, el consumo privado seguir\u00e1 probablemente siendo el pilar de la coyuntura. Como indicadores de esto, el Bundesbank hace referencia a \u00abla a\u00fan excelente situaci\u00f3n del mercado laboral\u00bb y \u00ablas fuertes alzas en los salarios\u00bb.<\/p>\n<p>En el primer trimestre, el crecimiento econ\u00f3mico hab\u00eda sufrido una leve baja en la primera econom\u00eda europea. El producto interior bruto (PIB) solo hab\u00eda crecido un 0,3 por ciento en comparaci\u00f3n al trimestre anterior. En el cuarto trimestre de 2017, el crecimiento hab\u00eda alcanzado un 0,6 por ciento.<\/p>\n<p>Actualmente, el banco emisor alem\u00e1n estima que el crecimiento para todo el a\u00f1o 2018 ser\u00e1 del 2,0 por ciento.<\/p>\n","protected":false},"excerpt":{"rendered":"<p>Fr\u00e1ncfort, 24 jul (dpa) &#8211; La coyuntura econ\u00f3mica en Alemania gan\u00f3 nuevamente impulso en el segundo trimestre tras un leve retroceso a inicios de a\u00f1o, seg\u00fan estimaciones del banco central alem\u00e1n, el Bundesbak. Se espera que el rendimiento macroecon\u00f3mico registre \u00aben el trimestre de primavera (boreal) un impulso mayor que a inicios de a\u00f1o\u00bb, escribe<\/p>\n","protected":false},"author":1,"featured_media":19556,"comment_status":"closed","ping_status":"closed","sticky":false,"template":"","format":"standard","meta":{"footnotes":""},"categories":[343],"tags":[],"class_list":{"0":"post-101117","1":"post","2":"type-post","3":"status-publish","4":"format-standard","5":"has-post-thumbnail","7":"category-actualidad"},"aioseo_notices":[],"aioseo_head":"\n\t\t<!-- All in One SEO Pro 4.9.6.2 - aioseo.com -->\n\t<meta name=\"description\" content=\"Fr\u00e1ncfort, 24 jul (dpa) - La coyuntura econ\u00f3mica en Alemania gan\u00f3 nuevamente impulso en el segundo trimestre tras un leve retroceso a inicios de a\u00f1o, seg\u00fan estimaciones del banco central alem\u00e1n, el Bundesbak. Se espera que el rendimiento macroecon\u00f3mico registre &quot;en el trimestre de primavera (boreal) un impulso mayor que a inicios de a\u00f1o&quot;, escribe\" \/>\n\t<meta name=\"robots\" content=\"max-image-preview:large\" \/>\n\t<meta name=\"author\" content=\"Cand\u00e1s 365\"\/>\n\t<meta name=\"google-site-verification\" content=\"UA-32230408-1\" \/>\n\t<meta name=\"msvalidate.01\" content=\"354F3CDFB2DA171B47FBE9ABF1F88D5\" \/>\n\t<meta name=\"keywords\" content=\"actualidad\" \/>\n\t<link rel=\"canonical\" href=\"https:\/\/candas365.es\/noticias\/la-coyuntura-economica-en-alemania-gano-nuevamente-impulso-en-el-segundo-trimestre-de-2018\/\" \/>\n\t<meta name=\"generator\" content=\"All in One SEO Pro (AIOSEO) 4.9.6.2\" \/>\n\t\t<meta property=\"og:locale\" content=\"es_ES\" \/>\n\t\t<meta property=\"og:site_name\" content=\"Cand\u00e1s 365\" \/>\n\t\t<meta property=\"og:type\" content=\"article\" \/>\n\t\t<meta property=\"og:title\" content=\"La coyuntura econ\u00f3mica en Alemania gan\u00f3 nuevamente impulso en el segundo trimestre de 2018 | Cand\u00e1s 365\" \/>\n\t\t<meta property=\"og:description\" content=\"Fr\u00e1ncfort, 24 jul (dpa) - La coyuntura econ\u00f3mica en Alemania gan\u00f3 nuevamente impulso en el segundo trimestre tras un leve retroceso a inicios de a\u00f1o, seg\u00fan estimaciones del banco central alem\u00e1n, el Bundesbak. Se espera que el rendimiento macroecon\u00f3mico registre &quot;en el trimestre de primavera (boreal) un impulso mayor que a inicios de a\u00f1o&quot;, escribe\" \/>\n\t\t<meta property=\"og:url\" content=\"https:\/\/candas365.es\/noticias\/la-coyuntura-economica-en-alemania-gano-nuevamente-impulso-en-el-segundo-trimestre-de-2018\/\" \/>\n\t\t<meta property=\"og:image\" content=\"https:\/\/candas365.es\/noticias\/wp-content\/uploads\/2015\/11\/euros.jpg\" \/>\n\t\t<meta property=\"og:image:secure_url\" content=\"https:\/\/candas365.es\/noticias\/wp-content\/uploads\/2015\/11\/euros.jpg\" \/>\n\t\t<meta property=\"og:image:width\" content=\"655\" \/>\n\t\t<meta property=\"og:image:height\" content=\"360\" \/>\n\t\t<meta property=\"article:published_time\" content=\"2018-07-24T22:25:57+00:00\" \/>\n\t\t<meta property=\"article:modified_time\" content=\"2018-07-24T22:25:57+00:00\" \/>\n\t\t<meta property=\"article:publisher\" content=\"https:\/\/www.facebook.com\/Nachofdezber\" \/>\n\t\t<meta property=\"article:author\" content=\"https:\/\/www.facebook.com\/carrenoactualidad\" \/>\n\t\t<meta name=\"twitter:card\" content=\"summary_large_image\" \/>\n\t\t<meta name=\"twitter:site\" content=\"@NabercoDigital\" \/>\n\t\t<meta name=\"twitter:title\" content=\"La coyuntura econ\u00f3mica en Alemania gan\u00f3 nuevamente impulso en el segundo trimestre de 2018 | Cand\u00e1s 365\" \/>\n\t\t<meta name=\"twitter:description\" content=\"Fr\u00e1ncfort, 24 jul (dpa) - La coyuntura econ\u00f3mica en Alemania gan\u00f3 nuevamente impulso en el segundo trimestre tras un leve retroceso a inicios de a\u00f1o, seg\u00fan estimaciones del banco central alem\u00e1n, el Bundesbak. Se espera que el rendimiento macroecon\u00f3mico registre &quot;en el trimestre de primavera (boreal) un impulso mayor que a inicios de a\u00f1o&quot;, escribe\" \/>\n\t\t<meta name=\"twitter:creator\" content=\"@nbasturias\" \/>\n\t\t<meta name=\"twitter:image\" content=\"https:\/\/candas365.es\/noticias\/wp-content\/uploads\/2015\/11\/euros.jpg\" \/>\n\t\t<meta name=\"twitter:label1\" content=\"Escrito por\" \/>\n\t\t<meta name=\"twitter:data1\" content=\"Cand\u00e1s 365\" \/>\n\t\t<meta name=\"twitter:label2\" content=\"Tiempo de lectura estimado\" \/>\n\t\t<meta name=\"twitter:data2\" content=\"1 minuto\" \/>\n\t\t<script type=\"application\/ld+json\" class=\"aioseo-schema\">\n\t\t\t{\"@context\":\"https:\\\/\\\/schema.org\",\"@graph\":[{\"@type\":\"BreadcrumbList\",\"@id\":\"https:\\\/\\\/candas365.es\\\/noticias\\\/la-coyuntura-economica-en-alemania-gano-nuevamente-impulso-en-el-segundo-trimestre-de-2018\\\/#breadcrumblist\",\"itemListElement\":[{\"@type\":\"ListItem\",\"@id\":\"https:\\\/\\\/candas365.es\\\/noticias#listItem\",\"position\":1,\"name\":\"Home\",\"item\":\"https:\\\/\\\/candas365.es\\\/noticias\",\"nextItem\":{\"@type\":\"ListItem\",\"@id\":\"https:\\\/\\\/candas365.es\\\/noticias\\\/category\\\/actualidad\\\/#listItem\",\"name\":\"Actualidad\"}},{\"@type\":\"ListItem\",\"@id\":\"https:\\\/\\\/candas365.es\\\/noticias\\\/category\\\/actualidad\\\/#listItem\",\"position\":2,\"name\":\"Actualidad\",\"item\":\"https:\\\/\\\/candas365.es\\\/noticias\\\/category\\\/actualidad\\\/\",\"nextItem\":{\"@type\":\"ListItem\",\"@id\":\"https:\\\/\\\/candas365.es\\\/noticias\\\/la-coyuntura-economica-en-alemania-gano-nuevamente-impulso-en-el-segundo-trimestre-de-2018\\\/#listItem\",\"name\":\"La coyuntura econ\\u00f3mica en Alemania gan\\u00f3 nuevamente impulso en el segundo trimestre de 2018\"},\"previousItem\":{\"@type\":\"ListItem\",\"@id\":\"https:\\\/\\\/candas365.es\\\/noticias#listItem\",\"name\":\"Home\"}},{\"@type\":\"ListItem\",\"@id\":\"https:\\\/\\\/candas365.es\\\/noticias\\\/la-coyuntura-economica-en-alemania-gano-nuevamente-impulso-en-el-segundo-trimestre-de-2018\\\/#listItem\",\"position\":3,\"name\":\"La coyuntura econ\\u00f3mica en Alemania gan\\u00f3 nuevamente impulso en el segundo trimestre de 2018\",\"previousItem\":{\"@type\":\"ListItem\",\"@id\":\"https:\\\/\\\/candas365.es\\\/noticias\\\/category\\\/actualidad\\\/#listItem\",\"name\":\"Actualidad\"}}]},{\"@type\":\"NewsArticle\",\"@id\":\"https:\\\/\\\/candas365.es\\\/noticias\\\/la-coyuntura-economica-en-alemania-gano-nuevamente-impulso-en-el-segundo-trimestre-de-2018\\\/#newsarticle\",\"name\":\"La coyuntura econ\\u00f3mica en Alemania gan\\u00f3 nuevamente impulso en el segundo trimestre de 2018 | Cand\\u00e1s 365\",\"headline\":\"La coyuntura econ\\u00f3mica en Alemania gan\\u00f3 nuevamente impulso en el segundo trimestre de 2018\",\"author\":{\"@id\":\"https:\\\/\\\/candas365.es\\\/noticias\\\/author\\\/admin\\\/#author\"},\"publisher\":{\"@id\":\"https:\\\/\\\/candas365.es\\\/noticias\\\/#organization\"},\"image\":{\"@type\":\"ImageObject\",\"url\":\"https:\\\/\\\/candas365.es\\\/noticias\\\/wp-content\\\/uploads\\\/2015\\\/11\\\/euros.jpg\",\"width\":655,\"height\":360},\"datePublished\":\"2018-07-24T22:25:57+02:00\",\"dateModified\":\"2018-07-24T22:25:57+02:00\",\"inLanguage\":\"es-ES\",\"mainEntityOfPage\":{\"@id\":\"https:\\\/\\\/candas365.es\\\/noticias\\\/la-coyuntura-economica-en-alemania-gano-nuevamente-impulso-en-el-segundo-trimestre-de-2018\\\/#webpage\"},\"isPartOf\":{\"@id\":\"https:\\\/\\\/candas365.es\\\/noticias\\\/la-coyuntura-economica-en-alemania-gano-nuevamente-impulso-en-el-segundo-trimestre-de-2018\\\/#webpage\"},\"articleSection\":\"Actualidad\",\"dateline\":\"Publicado el julio 24, 2018.\"},{\"@type\":\"Organization\",\"@id\":\"https:\\\/\\\/candas365.es\\\/noticias\\\/#organization\",\"name\":\"Cand\\u00e1s 365\",\"description\":\"Cand\\u00e1s 365 es un diario digital independiente, fundado en 2012, con base en Asturias. Informamos con rigor sobre actualidad, sociedad, cultura y ocio, con una mirada local y global.\",\"url\":\"https:\\\/\\\/candas365.es\\\/noticias\\\/\",\"email\":\"info@candas365.es\",\"telephone\":\"+34652131393\",\"foundingDate\":\"2012-06-10\",\"logo\":{\"@type\":\"ImageObject\",\"url\":\"https:\\\/\\\/candas365.es\\\/noticias\\\/wp-content\\\/uploads\\\/2024\\\/09\\\/Candas-365-Redes.jpg\",\"@id\":\"https:\\\/\\\/candas365.es\\\/noticias\\\/la-coyuntura-economica-en-alemania-gano-nuevamente-impulso-en-el-segundo-trimestre-de-2018\\\/#organizationLogo\",\"width\":1152,\"height\":864,\"caption\":\"Cand\\u00e1s 365 Redes\"},\"image\":{\"@id\":\"https:\\\/\\\/candas365.es\\\/noticias\\\/la-coyuntura-economica-en-alemania-gano-nuevamente-impulso-en-el-segundo-trimestre-de-2018\\\/#organizationLogo\"},\"sameAs\":[\"https:\\\/\\\/www.facebook.com\\\/Nachofdezber\",\"https:\\\/\\\/x.com\\\/NabercoDigital\",\"https:\\\/\\\/www.instagram.com\\\/nachofdezber\\\/\",\"https:\\\/\\\/www.youtube.com\\\/channel\\\/UCZP-2wLEB9Rv6erhFmqVnvg\"],\"address\":{\"@id\":\"https:\\\/\\\/candas365.es\\\/noticias\\\/#postaladdress\",\"@type\":\"PostalAddress\",\"streetAddress\":\"san antonio 4, san antonio 4\",\"postalCode\":\"33430\",\"addressLocality\":\"Cand\\u00e1s\",\"addressRegion\":\"Asturias\",\"addressCountry\":\"ES\"}},{\"@type\":\"Person\",\"@id\":\"https:\\\/\\\/candas365.es\\\/noticias\\\/author\\\/admin\\\/#author\",\"url\":\"https:\\\/\\\/candas365.es\\\/noticias\\\/author\\\/admin\\\/\",\"name\":\"Cand\\u00e1s 365\",\"image\":{\"@type\":\"ImageObject\",\"@id\":\"https:\\\/\\\/candas365.es\\\/noticias\\\/la-coyuntura-economica-en-alemania-gano-nuevamente-impulso-en-el-segundo-trimestre-de-2018\\\/#authorImage\",\"url\":\"https:\\\/\\\/secure.gravatar.com\\\/avatar\\\/496a8e03d0c493ede1718b7934145dbdf8d89be1036b0eec9544e1094c9de390?s=96&d=mm&r=g\",\"width\":96,\"height\":96,\"caption\":\"Cand\\u00e1s 365\"},\"sameAs\":[\"https:\\\/\\\/www.facebook.com\\\/carrenoactualidad\",\"https:\\\/\\\/twitter.com\\\/nbasturias\",\"https:\\\/\\\/www.instagram.com\\\/nachofdezber\\\/\",\"https:\\\/\\\/www.youtube.com\\\/channel\\\/UCZP-2wLEB9Rv6erhFmqVnvg\"]},{\"@type\":\"WebPage\",\"@id\":\"https:\\\/\\\/candas365.es\\\/noticias\\\/la-coyuntura-economica-en-alemania-gano-nuevamente-impulso-en-el-segundo-trimestre-de-2018\\\/#webpage\",\"url\":\"https:\\\/\\\/candas365.es\\\/noticias\\\/la-coyuntura-economica-en-alemania-gano-nuevamente-impulso-en-el-segundo-trimestre-de-2018\\\/\",\"name\":\"La coyuntura econ\\u00f3mica en Alemania gan\\u00f3 nuevamente impulso en el segundo trimestre de 2018 | Cand\\u00e1s 365\",\"description\":\"Fr\\u00e1ncfort, 24 jul (dpa) - La coyuntura econ\\u00f3mica en Alemania gan\\u00f3 nuevamente impulso en el segundo trimestre tras un leve retroceso a inicios de a\\u00f1o, seg\\u00fan estimaciones del banco central alem\\u00e1n, el Bundesbak. Se espera que el rendimiento macroecon\\u00f3mico registre \\\"en el trimestre de primavera (boreal) un impulso mayor que a inicios de a\\u00f1o\\\", escribe\",\"inLanguage\":\"es-ES\",\"isPartOf\":{\"@id\":\"https:\\\/\\\/candas365.es\\\/noticias\\\/#website\"},\"breadcrumb\":{\"@id\":\"https:\\\/\\\/candas365.es\\\/noticias\\\/la-coyuntura-economica-en-alemania-gano-nuevamente-impulso-en-el-segundo-trimestre-de-2018\\\/#breadcrumblist\"},\"author\":{\"@id\":\"https:\\\/\\\/candas365.es\\\/noticias\\\/author\\\/admin\\\/#author\"},\"creator\":{\"@id\":\"https:\\\/\\\/candas365.es\\\/noticias\\\/author\\\/admin\\\/#author\"},\"image\":{\"@type\":\"ImageObject\",\"url\":\"https:\\\/\\\/candas365.es\\\/noticias\\\/wp-content\\\/uploads\\\/2015\\\/11\\\/euros.jpg\",\"@id\":\"https:\\\/\\\/candas365.es\\\/noticias\\\/la-coyuntura-economica-en-alemania-gano-nuevamente-impulso-en-el-segundo-trimestre-de-2018\\\/#mainImage\",\"width\":655,\"height\":360},\"primaryImageOfPage\":{\"@id\":\"https:\\\/\\\/candas365.es\\\/noticias\\\/la-coyuntura-economica-en-alemania-gano-nuevamente-impulso-en-el-segundo-trimestre-de-2018\\\/#mainImage\"},\"datePublished\":\"2018-07-24T22:25:57+02:00\",\"dateModified\":\"2018-07-24T22:25:57+02:00\"},{\"@type\":\"WebSite\",\"@id\":\"https:\\\/\\\/candas365.es\\\/noticias\\\/#website\",\"url\":\"https:\\\/\\\/candas365.es\\\/noticias\\\/\",\"name\":\"Cand\\u00e1s 365\",\"alternateName\":\"Cand\\u00e1s 365 Noticias\",\"description\":\"Actualidad desde Carre\\u00f1o para el mundo\",\"inLanguage\":\"es-ES\",\"publisher\":{\"@id\":\"https:\\\/\\\/candas365.es\\\/noticias\\\/#organization\"}}]}\n\t\t<\/script>\n\t\t<!-- All in One SEO Pro -->\r\n\t\t<title>La coyuntura econ\u00f3mica en Alemania gan\u00f3 nuevamente impulso en el segundo trimestre de 2018 | Cand\u00e1s 365<\/title>\n\n","aioseo_head_json":{"title":"La coyuntura econ\u00f3mica en Alemania gan\u00f3 nuevamente impulso en el segundo trimestre de 2018 | Cand\u00e1s 365","description":"Fr\u00e1ncfort, 24 jul (dpa) - La coyuntura econ\u00f3mica en Alemania gan\u00f3 nuevamente impulso en el segundo trimestre tras un leve retroceso a inicios de a\u00f1o, seg\u00fan estimaciones del banco central alem\u00e1n, el Bundesbak. Se espera que el rendimiento macroecon\u00f3mico registre \"en el trimestre de primavera (boreal) un impulso mayor que a inicios de a\u00f1o\", escribe","canonical_url":"https:\/\/candas365.es\/noticias\/la-coyuntura-economica-en-alemania-gano-nuevamente-impulso-en-el-segundo-trimestre-de-2018\/","robots":"max-image-preview:large","keywords":"actualidad","webmasterTools":{"google-site-verification":"UA-32230408-1","msvalidate.01":"354F3CDFB2DA171B47FBE9ABF1F88D5","miscellaneous":""},"schema":{"@context":"https:\/\/schema.org","@graph":[{"@type":"BreadcrumbList","@id":"https:\/\/candas365.es\/noticias\/la-coyuntura-economica-en-alemania-gano-nuevamente-impulso-en-el-segundo-trimestre-de-2018\/#breadcrumblist","itemListElement":[{"@type":"ListItem","@id":"https:\/\/candas365.es\/noticias#listItem","position":1,"name":"Home","item":"https:\/\/candas365.es\/noticias","nextItem":{"@type":"ListItem","@id":"https:\/\/candas365.es\/noticias\/category\/actualidad\/#listItem","name":"Actualidad"}},{"@type":"ListItem","@id":"https:\/\/candas365.es\/noticias\/category\/actualidad\/#listItem","position":2,"name":"Actualidad","item":"https:\/\/candas365.es\/noticias\/category\/actualidad\/","nextItem":{"@type":"ListItem","@id":"https:\/\/candas365.es\/noticias\/la-coyuntura-economica-en-alemania-gano-nuevamente-impulso-en-el-segundo-trimestre-de-2018\/#listItem","name":"La coyuntura econ\u00f3mica en Alemania gan\u00f3 nuevamente impulso en el segundo trimestre de 2018"},"previousItem":{"@type":"ListItem","@id":"https:\/\/candas365.es\/noticias#listItem","name":"Home"}},{"@type":"ListItem","@id":"https:\/\/candas365.es\/noticias\/la-coyuntura-economica-en-alemania-gano-nuevamente-impulso-en-el-segundo-trimestre-de-2018\/#listItem","position":3,"name":"La coyuntura econ\u00f3mica en Alemania gan\u00f3 nuevamente impulso en el segundo trimestre de 2018","previousItem":{"@type":"ListItem","@id":"https:\/\/candas365.es\/noticias\/category\/actualidad\/#listItem","name":"Actualidad"}}]},{"@type":"NewsArticle","@id":"https:\/\/candas365.es\/noticias\/la-coyuntura-economica-en-alemania-gano-nuevamente-impulso-en-el-segundo-trimestre-de-2018\/#newsarticle","name":"La coyuntura econ\u00f3mica en Alemania gan\u00f3 nuevamente impulso en el segundo trimestre de 2018 | Cand\u00e1s 365","headline":"La coyuntura econ\u00f3mica en Alemania gan\u00f3 nuevamente impulso en el segundo trimestre de 2018","author":{"@id":"https:\/\/candas365.es\/noticias\/author\/admin\/#author"},"publisher":{"@id":"https:\/\/candas365.es\/noticias\/#organization"},"image":{"@type":"ImageObject","url":"https:\/\/candas365.es\/noticias\/wp-content\/uploads\/2015\/11\/euros.jpg","width":655,"height":360},"datePublished":"2018-07-24T22:25:57+02:00","dateModified":"2018-07-24T22:25:57+02:00","inLanguage":"es-ES","mainEntityOfPage":{"@id":"https:\/\/candas365.es\/noticias\/la-coyuntura-economica-en-alemania-gano-nuevamente-impulso-en-el-segundo-trimestre-de-2018\/#webpage"},"isPartOf":{"@id":"https:\/\/candas365.es\/noticias\/la-coyuntura-economica-en-alemania-gano-nuevamente-impulso-en-el-segundo-trimestre-de-2018\/#webpage"},"articleSection":"Actualidad","dateline":"Publicado el julio 24, 2018."},{"@type":"Organization","@id":"https:\/\/candas365.es\/noticias\/#organization","name":"Cand\u00e1s 365","description":"Cand\u00e1s 365 es un diario digital independiente, fundado en 2012, con base en Asturias. Informamos con rigor sobre actualidad, sociedad, cultura y ocio, con una mirada local y global.","url":"https:\/\/candas365.es\/noticias\/","email":"info@candas365.es","telephone":"+34652131393","foundingDate":"2012-06-10","logo":{"@type":"ImageObject","url":"https:\/\/candas365.es\/noticias\/wp-content\/uploads\/2024\/09\/Candas-365-Redes.jpg","@id":"https:\/\/candas365.es\/noticias\/la-coyuntura-economica-en-alemania-gano-nuevamente-impulso-en-el-segundo-trimestre-de-2018\/#organizationLogo","width":1152,"height":864,"caption":"Cand\u00e1s 365 Redes"},"image":{"@id":"https:\/\/candas365.es\/noticias\/la-coyuntura-economica-en-alemania-gano-nuevamente-impulso-en-el-segundo-trimestre-de-2018\/#organizationLogo"},"sameAs":["https:\/\/www.facebook.com\/Nachofdezber","https:\/\/x.com\/NabercoDigital","https:\/\/www.instagram.com\/nachofdezber\/","https:\/\/www.youtube.com\/channel\/UCZP-2wLEB9Rv6erhFmqVnvg"],"address":{"@id":"https:\/\/candas365.es\/noticias\/#postaladdress","@type":"PostalAddress","streetAddress":"san antonio 4, san antonio 4","postalCode":"33430","addressLocality":"Cand\u00e1s","addressRegion":"Asturias","addressCountry":"ES"}},{"@type":"Person","@id":"https:\/\/candas365.es\/noticias\/author\/admin\/#author","url":"https:\/\/candas365.es\/noticias\/author\/admin\/","name":"Cand\u00e1s 365","image":{"@type":"ImageObject","@id":"https:\/\/candas365.es\/noticias\/la-coyuntura-economica-en-alemania-gano-nuevamente-impulso-en-el-segundo-trimestre-de-2018\/#authorImage","url":"https:\/\/secure.gravatar.com\/avatar\/496a8e03d0c493ede1718b7934145dbdf8d89be1036b0eec9544e1094c9de390?s=96&d=mm&r=g","width":96,"height":96,"caption":"Cand\u00e1s 365"},"sameAs":["https:\/\/www.facebook.com\/carrenoactualidad","https:\/\/twitter.com\/nbasturias","https:\/\/www.instagram.com\/nachofdezber\/","https:\/\/www.youtube.com\/channel\/UCZP-2wLEB9Rv6erhFmqVnvg"]},{"@type":"WebPage","@id":"https:\/\/candas365.es\/noticias\/la-coyuntura-economica-en-alemania-gano-nuevamente-impulso-en-el-segundo-trimestre-de-2018\/#webpage","url":"https:\/\/candas365.es\/noticias\/la-coyuntura-economica-en-alemania-gano-nuevamente-impulso-en-el-segundo-trimestre-de-2018\/","name":"La coyuntura econ\u00f3mica en Alemania gan\u00f3 nuevamente impulso en el segundo trimestre de 2018 | Cand\u00e1s 365","description":"Fr\u00e1ncfort, 24 jul (dpa) - La coyuntura econ\u00f3mica en Alemania gan\u00f3 nuevamente impulso en el segundo trimestre tras un leve retroceso a inicios de a\u00f1o, seg\u00fan estimaciones del banco central alem\u00e1n, el Bundesbak. Se espera que el rendimiento macroecon\u00f3mico registre \"en el trimestre de primavera (boreal) un impulso mayor que a inicios de a\u00f1o\", escribe","inLanguage":"es-ES","isPartOf":{"@id":"https:\/\/candas365.es\/noticias\/#website"},"breadcrumb":{"@id":"https:\/\/candas365.es\/noticias\/la-coyuntura-economica-en-alemania-gano-nuevamente-impulso-en-el-segundo-trimestre-de-2018\/#breadcrumblist"},"author":{"@id":"https:\/\/candas365.es\/noticias\/author\/admin\/#author"},"creator":{"@id":"https:\/\/candas365.es\/noticias\/author\/admin\/#author"},"image":{"@type":"ImageObject","url":"https:\/\/candas365.es\/noticias\/wp-content\/uploads\/2015\/11\/euros.jpg","@id":"https:\/\/candas365.es\/noticias\/la-coyuntura-economica-en-alemania-gano-nuevamente-impulso-en-el-segundo-trimestre-de-2018\/#mainImage","width":655,"height":360},"primaryImageOfPage":{"@id":"https:\/\/candas365.es\/noticias\/la-coyuntura-economica-en-alemania-gano-nuevamente-impulso-en-el-segundo-trimestre-de-2018\/#mainImage"},"datePublished":"2018-07-24T22:25:57+02:00","dateModified":"2018-07-24T22:25:57+02:00"},{"@type":"WebSite","@id":"https:\/\/candas365.es\/noticias\/#website","url":"https:\/\/candas365.es\/noticias\/","name":"Cand\u00e1s 365","alternateName":"Cand\u00e1s 365 Noticias","description":"Actualidad desde Carre\u00f1o para el mundo","inLanguage":"es-ES","publisher":{"@id":"https:\/\/candas365.es\/noticias\/#organization"}}]},"og:locale":"es_ES","og:site_name":"Cand\u00e1s 365","og:type":"article","og:title":"La coyuntura econ\u00f3mica en Alemania gan\u00f3 nuevamente impulso en el segundo trimestre de 2018 | Cand\u00e1s 365","og:description":"Fr\u00e1ncfort, 24 jul (dpa) - La coyuntura econ\u00f3mica en Alemania gan\u00f3 nuevamente impulso en el segundo trimestre tras un leve retroceso a inicios de a\u00f1o, seg\u00fan estimaciones del banco central alem\u00e1n, el Bundesbak. Se espera que el rendimiento macroecon\u00f3mico registre &quot;en el trimestre de primavera (boreal) un impulso mayor que a inicios de a\u00f1o&quot;, escribe","og:url":"https:\/\/candas365.es\/noticias\/la-coyuntura-economica-en-alemania-gano-nuevamente-impulso-en-el-segundo-trimestre-de-2018\/","og:image":"https:\/\/candas365.es\/noticias\/wp-content\/uploads\/2015\/11\/euros.jpg","og:image:secure_url":"https:\/\/candas365.es\/noticias\/wp-content\/uploads\/2015\/11\/euros.jpg","og:image:width":655,"og:image:height":360,"article:published_time":"2018-07-24T22:25:57+00:00","article:modified_time":"2018-07-24T22:25:57+00:00","article:publisher":"https:\/\/www.facebook.com\/Nachofdezber","article:author":"https:\/\/www.facebook.com\/carrenoactualidad","twitter:card":"summary_large_image","twitter:site":"@NabercoDigital","twitter:title":"La coyuntura econ\u00f3mica en Alemania gan\u00f3 nuevamente impulso en el segundo trimestre de 2018 | Cand\u00e1s 365","twitter:description":"Fr\u00e1ncfort, 24 jul (dpa) - La coyuntura econ\u00f3mica en Alemania gan\u00f3 nuevamente impulso en el segundo trimestre tras un leve retroceso a inicios de a\u00f1o, seg\u00fan estimaciones del banco central alem\u00e1n, el Bundesbak. Se espera que el rendimiento macroecon\u00f3mico registre &quot;en el trimestre de primavera (boreal) un impulso mayor que a inicios de a\u00f1o&quot;, escribe","twitter:creator":"@nbasturias","twitter:image":"https:\/\/candas365.es\/noticias\/wp-content\/uploads\/2015\/11\/euros.jpg","twitter:label1":"Escrito por","twitter:data1":"Cand\u00e1s 365","twitter:label2":"Tiempo de lectura estimado","twitter:data2":"1 minuto"},"aioseo_meta_data":{"post_id":"101117","title":null,"description":null,"keywords":null,"keyphrases":null,"primary_term":null,"canonical_url":null,"og_title":null,"og_description":null,"og_object_type":"default","og_image_type":"default","og_image_url":null,"og_image_width":null,"og_image_height":null,"og_image_custom_url":null,"og_image_custom_fields":null,"og_video":null,"og_custom_url":null,"og_article_section":null,"og_article_tags":null,"twitter_use_og":false,"twitter_card":"default","twitter_image_type":"default","twitter_image_url":null,"twitter_image_custom_url":null,"twitter_image_custom_fields":null,"twitter_title":null,"twitter_description":null,"schema":{"blockGraphs":[],"customGraphs":[],"default":{"data":{"Article":[],"Course":[],"Dataset":[],"FAQPage":[],"Movie":[],"Person":[],"Product":[],"ProductReview":[],"Car":[],"Recipe":[],"Service":[],"SoftwareApplication":[],"WebPage":[]},"graphName":"","isEnabled":true},"graphs":[]},"schema_type":null,"schema_type_options":null,"pillar_content":false,"robots_default":true,"robots_noindex":false,"robots_noarchive":false,"robots_nosnippet":false,"robots_nofollow":false,"robots_noimageindex":false,"robots_noodp":false,"robots_notranslate":false,"robots_max_snippet":null,"robots_max_videopreview":null,"robots_max_imagepreview":"large","priority":null,"frequency":null,"location":null,"local_seo":null,"seo_analyzer_scan_date":"2025-08-27 10:38:11","breadcrumb_settings":null,"limit_modified_date":false,"reviewed_by":null,"open_ai":null,"ai":null,"created":"2020-12-21 11:48:13","updated":"2025-08-27 10:38:11"},"aioseo_breadcrumb":"<div class=\"aioseo-breadcrumbs\"><span class=\"aioseo-breadcrumb\">\n\t<a href=\"https:\/\/candas365.es\/noticias\" title=\"Home\">Home<\/a>\n<\/span><span class=\"aioseo-breadcrumb-separator\">&ndash;<\/span><span class=\"aioseo-breadcrumb\">\n\t<a href=\"https:\/\/candas365.es\/noticias\/category\/actualidad\/\" title=\"Actualidad\">Actualidad<\/a>\n<\/span><span class=\"aioseo-breadcrumb-separator\">&ndash;<\/span><span class=\"aioseo-breadcrumb\">\n\tLa coyuntura econ\u00f3mica en Alemania gan\u00f3 nuevamente impulso en el segundo trimestre de 2018\n<\/span><\/div>","aioseo_breadcrumb_json":[{"label":"Home","link":"https:\/\/candas365.es\/noticias"},{"label":"Actualidad","link":"https:\/\/candas365.es\/noticias\/category\/actualidad\/"},{"label":"La coyuntura econ\u00f3mica en Alemania gan\u00f3 nuevamente impulso en el segundo trimestre de 2018","link":"https:\/\/candas365.es\/noticias\/la-coyuntura-economica-en-alemania-gano-nuevamente-impulso-en-el-segundo-trimestre-de-2018\/"}],"_links":{"self":[{"href":"https:\/\/candas365.es\/noticias\/wp-json\/wp\/v2\/posts\/101117","targetHints":{"allow":["GET"]}}],"collection":[{"href":"https:\/\/candas365.es\/noticias\/wp-json\/wp\/v2\/posts"}],"about":[{"href":"https:\/\/candas365.es\/noticias\/wp-json\/wp\/v2\/types\/post"}],"author":[{"embeddable":true,"href":"https:\/\/candas365.es\/noticias\/wp-json\/wp\/v2\/users\/1"}],"replies":[{"embeddable":true,"href":"https:\/\/candas365.es\/noticias\/wp-json\/wp\/v2\/comments?post=101117"}],"version-history":[{"count":0,"href":"https:\/\/candas365.es\/noticias\/wp-json\/wp\/v2\/posts\/101117\/revisions"}],"wp:featuredmedia":[{"embeddable":true,"href":"https:\/\/candas365.es\/noticias\/wp-json\/wp\/v2\/media\/19556"}],"wp:attachment":[{"href":"https:\/\/candas365.es\/noticias\/wp-json\/wp\/v2\/media?parent=101117"}],"wp:term":[{"taxonomy":"category","embeddable":true,"href":"https:\/\/candas365.es\/noticias\/wp-json\/wp\/v2\/categories?post=101117"},{"taxonomy":"post_tag","embeddable":true,"href":"https:\/\/candas365.es\/noticias\/wp-json\/wp\/v2\/tags?post=101117"}],"curies":[{"name":"wp","href":"https:\/\/api.w.org\/{rel}","templated":true}]}}