{"id":101115,"date":"2018-07-24T22:21:54","date_gmt":"2018-07-24T22:21:54","guid":{"rendered":"http:\/\/candas365.es\/noticias\/?p=101115"},"modified":"2018-07-24T22:21:54","modified_gmt":"2018-07-24T22:21:54","slug":"alemania-ayudara-mas-a-los-familiares-de-victimas-de-actos-terroristas","status":"publish","type":"post","link":"https:\/\/candas365.es\/noticias\/alemania-ayudara-mas-a-los-familiares-de-victimas-de-actos-terroristas\/","title":{"rendered":"Alemania ayudar\u00e1 m\u00e1s a los familiares de v\u00edctimas de actos terroristas"},"content":{"rendered":"<p><img fetchpriority=\"high\" decoding=\"async\" class=\"alignleft size-medium wp-image-98518\" src=\"https:\/\/candas365.es\/noticias\/wp-content\/uploads\/2018\/06\/berlin-76509_960_720-360x270.jpg\" alt=\"\" width=\"360\" height=\"270\" srcset=\"https:\/\/candas365.es\/noticias\/wp-content\/uploads\/2018\/06\/berlin-76509_960_720-360x270.jpg 360w, https:\/\/candas365.es\/noticias\/wp-content\/uploads\/2018\/06\/berlin-76509_960_720-768x576.jpg 768w, https:\/\/candas365.es\/noticias\/wp-content\/uploads\/2018\/06\/berlin-76509_960_720-640x480.jpg 640w, https:\/\/candas365.es\/noticias\/wp-content\/uploads\/2018\/06\/berlin-76509_960_720-80x60.jpg 80w, https:\/\/candas365.es\/noticias\/wp-content\/uploads\/2018\/06\/berlin-76509_960_720-265x198.jpg 265w, https:\/\/candas365.es\/noticias\/wp-content\/uploads\/2018\/06\/berlin-76509_960_720-696x522.jpg 696w, https:\/\/candas365.es\/noticias\/wp-content\/uploads\/2018\/06\/berlin-76509_960_720-560x420.jpg 560w, https:\/\/candas365.es\/noticias\/wp-content\/uploads\/2018\/06\/berlin-76509_960_720.jpg 960w\" sizes=\"(max-width: 360px) 100vw, 360px\" \/>Berl\u00edn, 24 jul (dpa) &#8211; Los familiares de v\u00edctimas de actos terroristas recibir\u00e1n de inmediato el triple del monto recibido hasta el momento en concepto de subsidio de supervivencia, seg\u00fan cit\u00f3 el peri\u00f3dico \u00abNeue Osnabr\u00fccker Zeitung\u00bb a Edgar Franke, funcionario del Gobierno alem\u00e1n encargado del departamento de asuntos relacionados a las v\u00edctimas.<\/p>\n<p>El dinero para estas compensaciones ya est\u00e1 inclu\u00eddo en la ley presupuestaria para 2018 aprobada por el parlamento alem\u00e1n, se\u00f1al\u00f3 Franke al peri\u00f3dico.<\/p>\n<p>C\u00f3nyuges, hijos y padres de personas fallecidas como v\u00edctimas de un atentado recibir\u00e1n as\u00ed 30.000 euros (35.150 d\u00f3lares) en lugar de los 10.000 euros (11.715 d\u00f3lares) actuales. Hermanos de v\u00edctimas percibir\u00e1n 15.000 euros (17.570 d\u00f3lares) en lugar de 5.000 euros (5.850 d\u00f3lares). Estos subsidios ser\u00e1n tambi\u00e9n abonados con efecto retroactivo, asegur\u00f3 Franke.<\/p>\n<p>Preguntado por el n\u00famero de familias v\u00edctimas que se ver\u00e1n beneficiadas con estas compensaciones, Franke respondi\u00f3 que estima que sean actualmente unas 300 familias.<\/p>\n<p>Seg\u00fan Franke, no solo los familiares de las v\u00edctimas del atentado terrorista perpetrado en un mercado navide\u00f1o de Berl\u00edn en 2016 tienen derecho a recibir estos subsidios, sino tambi\u00e9n los parientes de las v\u00edctimas de la c\u00e9lula neonazi NSU o los familiares de v\u00edctimas de atentados terroristas ocurridos en el extranjero o los parientes de muertos en atentados extremistas.<\/p>\n<p>Adem\u00e1s, quienes hayan perdido a su madre o a su padre en un acto terrorista recibir\u00e1n en el futuro -y m\u00e1s all\u00e1 de los 30.000 euros mencionados- hasta 45.000 euros de sustento.<\/p>\n<p>\u00abLa ley fue promulgada y es ahora jur\u00eddicamente v\u00e1lida, lo que significa una considerable mejora para los familiares de las v\u00edctimas\u00bb, destac\u00f3 Franke.<\/p>\n<p>En el presupuesto para 2018 se destinan 8 millones de euros (9,37 millones de d\u00f3lares) para las v\u00edctimas de violencia terrorista y ataques extremistas, es decir 6,6 millones de euros m\u00e1s que en el a\u00f1o anterior, detall\u00f3 el funcionario.<\/p>\n","protected":false},"excerpt":{"rendered":"<p>Berl\u00edn, 24 jul (dpa) &#8211; Los familiares de v\u00edctimas de actos terroristas recibir\u00e1n de inmediato el triple del monto recibido hasta el momento en concepto de subsidio de supervivencia, seg\u00fan cit\u00f3 el peri\u00f3dico \u00abNeue Osnabr\u00fccker Zeitung\u00bb a Edgar Franke, funcionario del Gobierno alem\u00e1n encargado del departamento de asuntos relacionados a las v\u00edctimas. El dinero para<\/p>\n","protected":false},"author":1,"featured_media":98518,"comment_status":"closed","ping_status":"closed","sticky":false,"template":"","format":"standard","meta":{"footnotes":""},"categories":[343],"tags":[],"class_list":{"0":"post-101115","1":"post","2":"type-post","3":"status-publish","4":"format-standard","5":"has-post-thumbnail","7":"category-actualidad"},"aioseo_notices":[],"aioseo_head":"\n\t\t<!-- All in One SEO Pro 4.9.6.2 - aioseo.com -->\n\t<meta name=\"description\" content=\"Berl\u00edn, 24 jul (dpa) - Los familiares de v\u00edctimas de actos terroristas recibir\u00e1n de inmediato el triple del monto recibido hasta el momento en concepto de subsidio de supervivencia, seg\u00fan cit\u00f3 el peri\u00f3dico &quot;Neue Osnabr\u00fccker Zeitung&quot; a Edgar Franke, funcionario del Gobierno alem\u00e1n encargado del departamento de asuntos relacionados a las v\u00edctimas. El dinero para\" \/>\n\t<meta name=\"robots\" content=\"max-image-preview:large\" \/>\n\t<meta name=\"author\" content=\"Cand\u00e1s 365\"\/>\n\t<meta name=\"google-site-verification\" content=\"UA-32230408-1\" \/>\n\t<meta name=\"msvalidate.01\" content=\"354F3CDFB2DA171B47FBE9ABF1F88D5\" \/>\n\t<meta name=\"keywords\" content=\"actualidad\" \/>\n\t<link rel=\"canonical\" href=\"https:\/\/candas365.es\/noticias\/alemania-ayudara-mas-a-los-familiares-de-victimas-de-actos-terroristas\/\" \/>\n\t<meta name=\"generator\" content=\"All in One SEO Pro (AIOSEO) 4.9.6.2\" \/>\n\t\t<meta property=\"og:locale\" content=\"es_ES\" \/>\n\t\t<meta property=\"og:site_name\" content=\"Cand\u00e1s 365\" \/>\n\t\t<meta property=\"og:type\" content=\"article\" \/>\n\t\t<meta property=\"og:title\" content=\"Alemania ayudar\u00e1 m\u00e1s a los familiares de v\u00edctimas de actos terroristas | Cand\u00e1s 365\" \/>\n\t\t<meta property=\"og:description\" content=\"Berl\u00edn, 24 jul (dpa) - Los familiares de v\u00edctimas de actos terroristas recibir\u00e1n de inmediato el triple del monto recibido hasta el momento en concepto de subsidio de supervivencia, seg\u00fan cit\u00f3 el peri\u00f3dico &quot;Neue Osnabr\u00fccker Zeitung&quot; a Edgar Franke, funcionario del Gobierno alem\u00e1n encargado del departamento de asuntos relacionados a las v\u00edctimas. El dinero para\" \/>\n\t\t<meta property=\"og:url\" content=\"https:\/\/candas365.es\/noticias\/alemania-ayudara-mas-a-los-familiares-de-victimas-de-actos-terroristas\/\" \/>\n\t\t<meta property=\"og:image\" content=\"https:\/\/candas365.es\/noticias\/wp-content\/uploads\/2018\/06\/berlin-76509_960_720.jpg\" \/>\n\t\t<meta property=\"og:image:secure_url\" content=\"https:\/\/candas365.es\/noticias\/wp-content\/uploads\/2018\/06\/berlin-76509_960_720.jpg\" \/>\n\t\t<meta property=\"og:image:width\" content=\"960\" \/>\n\t\t<meta property=\"og:image:height\" content=\"720\" \/>\n\t\t<meta property=\"article:published_time\" content=\"2018-07-24T22:21:54+00:00\" \/>\n\t\t<meta property=\"article:modified_time\" content=\"2018-07-24T22:21:54+00:00\" \/>\n\t\t<meta property=\"article:publisher\" content=\"https:\/\/www.facebook.com\/Nachofdezber\" \/>\n\t\t<meta property=\"article:author\" content=\"https:\/\/www.facebook.com\/carrenoactualidad\" \/>\n\t\t<meta name=\"twitter:card\" content=\"summary_large_image\" \/>\n\t\t<meta name=\"twitter:site\" content=\"@NabercoDigital\" \/>\n\t\t<meta name=\"twitter:title\" content=\"Alemania ayudar\u00e1 m\u00e1s a los familiares de v\u00edctimas de actos terroristas | Cand\u00e1s 365\" \/>\n\t\t<meta name=\"twitter:description\" content=\"Berl\u00edn, 24 jul (dpa) - Los familiares de v\u00edctimas de actos terroristas recibir\u00e1n de inmediato el triple del monto recibido hasta el momento en concepto de subsidio de supervivencia, seg\u00fan cit\u00f3 el peri\u00f3dico &quot;Neue Osnabr\u00fccker Zeitung&quot; a Edgar Franke, funcionario del Gobierno alem\u00e1n encargado del departamento de asuntos relacionados a las v\u00edctimas. El dinero para\" \/>\n\t\t<meta name=\"twitter:creator\" content=\"@nbasturias\" \/>\n\t\t<meta name=\"twitter:image\" content=\"https:\/\/candas365.es\/noticias\/wp-content\/uploads\/2018\/06\/berlin-76509_960_720.jpg\" \/>\n\t\t<meta name=\"twitter:label1\" content=\"Escrito por\" \/>\n\t\t<meta name=\"twitter:data1\" content=\"Cand\u00e1s 365\" \/>\n\t\t<meta name=\"twitter:label2\" content=\"Tiempo de lectura estimado\" \/>\n\t\t<meta name=\"twitter:data2\" content=\"2 minutos\" \/>\n\t\t<script type=\"application\/ld+json\" class=\"aioseo-schema\">\n\t\t\t{\"@context\":\"https:\\\/\\\/schema.org\",\"@graph\":[{\"@type\":\"BreadcrumbList\",\"@id\":\"https:\\\/\\\/candas365.es\\\/noticias\\\/alemania-ayudara-mas-a-los-familiares-de-victimas-de-actos-terroristas\\\/#breadcrumblist\",\"itemListElement\":[{\"@type\":\"ListItem\",\"@id\":\"https:\\\/\\\/candas365.es\\\/noticias#listItem\",\"position\":1,\"name\":\"Home\",\"item\":\"https:\\\/\\\/candas365.es\\\/noticias\",\"nextItem\":{\"@type\":\"ListItem\",\"@id\":\"https:\\\/\\\/candas365.es\\\/noticias\\\/category\\\/actualidad\\\/#listItem\",\"name\":\"Actualidad\"}},{\"@type\":\"ListItem\",\"@id\":\"https:\\\/\\\/candas365.es\\\/noticias\\\/category\\\/actualidad\\\/#listItem\",\"position\":2,\"name\":\"Actualidad\",\"item\":\"https:\\\/\\\/candas365.es\\\/noticias\\\/category\\\/actualidad\\\/\",\"nextItem\":{\"@type\":\"ListItem\",\"@id\":\"https:\\\/\\\/candas365.es\\\/noticias\\\/alemania-ayudara-mas-a-los-familiares-de-victimas-de-actos-terroristas\\\/#listItem\",\"name\":\"Alemania ayudar\\u00e1 m\\u00e1s a los familiares de v\\u00edctimas de actos terroristas\"},\"previousItem\":{\"@type\":\"ListItem\",\"@id\":\"https:\\\/\\\/candas365.es\\\/noticias#listItem\",\"name\":\"Home\"}},{\"@type\":\"ListItem\",\"@id\":\"https:\\\/\\\/candas365.es\\\/noticias\\\/alemania-ayudara-mas-a-los-familiares-de-victimas-de-actos-terroristas\\\/#listItem\",\"position\":3,\"name\":\"Alemania ayudar\\u00e1 m\\u00e1s a los familiares de v\\u00edctimas de actos terroristas\",\"previousItem\":{\"@type\":\"ListItem\",\"@id\":\"https:\\\/\\\/candas365.es\\\/noticias\\\/category\\\/actualidad\\\/#listItem\",\"name\":\"Actualidad\"}}]},{\"@type\":\"NewsArticle\",\"@id\":\"https:\\\/\\\/candas365.es\\\/noticias\\\/alemania-ayudara-mas-a-los-familiares-de-victimas-de-actos-terroristas\\\/#newsarticle\",\"name\":\"Alemania ayudar\\u00e1 m\\u00e1s a los familiares de v\\u00edctimas de actos terroristas | Cand\\u00e1s 365\",\"headline\":\"Alemania ayudar\\u00e1 m\\u00e1s a los familiares de v\\u00edctimas de actos terroristas\",\"author\":{\"@id\":\"https:\\\/\\\/candas365.es\\\/noticias\\\/author\\\/admin\\\/#author\"},\"publisher\":{\"@id\":\"https:\\\/\\\/candas365.es\\\/noticias\\\/#organization\"},\"image\":{\"@type\":\"ImageObject\",\"url\":\"https:\\\/\\\/candas365.es\\\/noticias\\\/wp-content\\\/uploads\\\/2018\\\/06\\\/berlin-76509_960_720.jpg\",\"width\":960,\"height\":720},\"datePublished\":\"2018-07-24T22:21:54+02:00\",\"dateModified\":\"2018-07-24T22:21:54+02:00\",\"inLanguage\":\"es-ES\",\"mainEntityOfPage\":{\"@id\":\"https:\\\/\\\/candas365.es\\\/noticias\\\/alemania-ayudara-mas-a-los-familiares-de-victimas-de-actos-terroristas\\\/#webpage\"},\"isPartOf\":{\"@id\":\"https:\\\/\\\/candas365.es\\\/noticias\\\/alemania-ayudara-mas-a-los-familiares-de-victimas-de-actos-terroristas\\\/#webpage\"},\"articleSection\":\"Actualidad\",\"dateline\":\"Publicado el julio 24, 2018.\"},{\"@type\":\"Organization\",\"@id\":\"https:\\\/\\\/candas365.es\\\/noticias\\\/#organization\",\"name\":\"Cand\\u00e1s 365\",\"description\":\"Cand\\u00e1s 365 es un diario digital independiente, fundado en 2012, con base en Asturias. Informamos con rigor sobre actualidad, sociedad, cultura y ocio, con una mirada local y global.\",\"url\":\"https:\\\/\\\/candas365.es\\\/noticias\\\/\",\"email\":\"info@candas365.es\",\"telephone\":\"+34652131393\",\"foundingDate\":\"2012-06-10\",\"logo\":{\"@type\":\"ImageObject\",\"url\":\"https:\\\/\\\/candas365.es\\\/noticias\\\/wp-content\\\/uploads\\\/2024\\\/09\\\/Candas-365-Redes.jpg\",\"@id\":\"https:\\\/\\\/candas365.es\\\/noticias\\\/alemania-ayudara-mas-a-los-familiares-de-victimas-de-actos-terroristas\\\/#organizationLogo\",\"width\":1152,\"height\":864,\"caption\":\"Cand\\u00e1s 365 Redes\"},\"image\":{\"@id\":\"https:\\\/\\\/candas365.es\\\/noticias\\\/alemania-ayudara-mas-a-los-familiares-de-victimas-de-actos-terroristas\\\/#organizationLogo\"},\"sameAs\":[\"https:\\\/\\\/www.facebook.com\\\/Nachofdezber\",\"https:\\\/\\\/x.com\\\/NabercoDigital\",\"https:\\\/\\\/www.instagram.com\\\/nachofdezber\\\/\",\"https:\\\/\\\/www.youtube.com\\\/channel\\\/UCZP-2wLEB9Rv6erhFmqVnvg\"],\"address\":{\"@id\":\"https:\\\/\\\/candas365.es\\\/noticias\\\/#postaladdress\",\"@type\":\"PostalAddress\",\"streetAddress\":\"san antonio 4, san antonio 4\",\"postalCode\":\"33430\",\"addressLocality\":\"Cand\\u00e1s\",\"addressRegion\":\"Asturias\",\"addressCountry\":\"ES\"}},{\"@type\":\"Person\",\"@id\":\"https:\\\/\\\/candas365.es\\\/noticias\\\/author\\\/admin\\\/#author\",\"url\":\"https:\\\/\\\/candas365.es\\\/noticias\\\/author\\\/admin\\\/\",\"name\":\"Cand\\u00e1s 365\",\"image\":{\"@type\":\"ImageObject\",\"@id\":\"https:\\\/\\\/candas365.es\\\/noticias\\\/alemania-ayudara-mas-a-los-familiares-de-victimas-de-actos-terroristas\\\/#authorImage\",\"url\":\"https:\\\/\\\/secure.gravatar.com\\\/avatar\\\/496a8e03d0c493ede1718b7934145dbdf8d89be1036b0eec9544e1094c9de390?s=96&d=mm&r=g\",\"width\":96,\"height\":96,\"caption\":\"Cand\\u00e1s 365\"},\"sameAs\":[\"https:\\\/\\\/www.facebook.com\\\/carrenoactualidad\",\"https:\\\/\\\/twitter.com\\\/nbasturias\",\"https:\\\/\\\/www.instagram.com\\\/nachofdezber\\\/\",\"https:\\\/\\\/www.youtube.com\\\/channel\\\/UCZP-2wLEB9Rv6erhFmqVnvg\"]},{\"@type\":\"WebPage\",\"@id\":\"https:\\\/\\\/candas365.es\\\/noticias\\\/alemania-ayudara-mas-a-los-familiares-de-victimas-de-actos-terroristas\\\/#webpage\",\"url\":\"https:\\\/\\\/candas365.es\\\/noticias\\\/alemania-ayudara-mas-a-los-familiares-de-victimas-de-actos-terroristas\\\/\",\"name\":\"Alemania ayudar\\u00e1 m\\u00e1s a los familiares de v\\u00edctimas de actos terroristas | Cand\\u00e1s 365\",\"description\":\"Berl\\u00edn, 24 jul (dpa) - Los familiares de v\\u00edctimas de actos terroristas recibir\\u00e1n de inmediato el triple del monto recibido hasta el momento en concepto de subsidio de supervivencia, seg\\u00fan cit\\u00f3 el peri\\u00f3dico \\\"Neue Osnabr\\u00fccker Zeitung\\\" a Edgar Franke, funcionario del Gobierno alem\\u00e1n encargado del departamento de asuntos relacionados a las v\\u00edctimas. El dinero para\",\"inLanguage\":\"es-ES\",\"isPartOf\":{\"@id\":\"https:\\\/\\\/candas365.es\\\/noticias\\\/#website\"},\"breadcrumb\":{\"@id\":\"https:\\\/\\\/candas365.es\\\/noticias\\\/alemania-ayudara-mas-a-los-familiares-de-victimas-de-actos-terroristas\\\/#breadcrumblist\"},\"author\":{\"@id\":\"https:\\\/\\\/candas365.es\\\/noticias\\\/author\\\/admin\\\/#author\"},\"creator\":{\"@id\":\"https:\\\/\\\/candas365.es\\\/noticias\\\/author\\\/admin\\\/#author\"},\"image\":{\"@type\":\"ImageObject\",\"url\":\"https:\\\/\\\/candas365.es\\\/noticias\\\/wp-content\\\/uploads\\\/2018\\\/06\\\/berlin-76509_960_720.jpg\",\"@id\":\"https:\\\/\\\/candas365.es\\\/noticias\\\/alemania-ayudara-mas-a-los-familiares-de-victimas-de-actos-terroristas\\\/#mainImage\",\"width\":960,\"height\":720},\"primaryImageOfPage\":{\"@id\":\"https:\\\/\\\/candas365.es\\\/noticias\\\/alemania-ayudara-mas-a-los-familiares-de-victimas-de-actos-terroristas\\\/#mainImage\"},\"datePublished\":\"2018-07-24T22:21:54+02:00\",\"dateModified\":\"2018-07-24T22:21:54+02:00\"},{\"@type\":\"WebSite\",\"@id\":\"https:\\\/\\\/candas365.es\\\/noticias\\\/#website\",\"url\":\"https:\\\/\\\/candas365.es\\\/noticias\\\/\",\"name\":\"Cand\\u00e1s 365\",\"alternateName\":\"Cand\\u00e1s 365 Noticias\",\"description\":\"Actualidad desde Carre\\u00f1o para el mundo\",\"inLanguage\":\"es-ES\",\"publisher\":{\"@id\":\"https:\\\/\\\/candas365.es\\\/noticias\\\/#organization\"}}]}\n\t\t<\/script>\n\t\t<!-- All in One SEO Pro -->\r\n\t\t<title>Alemania ayudar\u00e1 m\u00e1s a los familiares de v\u00edctimas de actos terroristas | Cand\u00e1s 365<\/title>\n\n","aioseo_head_json":{"title":"Alemania ayudar\u00e1 m\u00e1s a los familiares de v\u00edctimas de actos terroristas | Cand\u00e1s 365","description":"Berl\u00edn, 24 jul (dpa) - Los familiares de v\u00edctimas de actos terroristas recibir\u00e1n de inmediato el triple del monto recibido hasta el momento en concepto de subsidio de supervivencia, seg\u00fan cit\u00f3 el peri\u00f3dico \"Neue Osnabr\u00fccker Zeitung\" a Edgar Franke, funcionario del Gobierno alem\u00e1n encargado del departamento de asuntos relacionados a las v\u00edctimas. El dinero para","canonical_url":"https:\/\/candas365.es\/noticias\/alemania-ayudara-mas-a-los-familiares-de-victimas-de-actos-terroristas\/","robots":"max-image-preview:large","keywords":"actualidad","webmasterTools":{"google-site-verification":"UA-32230408-1","msvalidate.01":"354F3CDFB2DA171B47FBE9ABF1F88D5","miscellaneous":""},"schema":{"@context":"https:\/\/schema.org","@graph":[{"@type":"BreadcrumbList","@id":"https:\/\/candas365.es\/noticias\/alemania-ayudara-mas-a-los-familiares-de-victimas-de-actos-terroristas\/#breadcrumblist","itemListElement":[{"@type":"ListItem","@id":"https:\/\/candas365.es\/noticias#listItem","position":1,"name":"Home","item":"https:\/\/candas365.es\/noticias","nextItem":{"@type":"ListItem","@id":"https:\/\/candas365.es\/noticias\/category\/actualidad\/#listItem","name":"Actualidad"}},{"@type":"ListItem","@id":"https:\/\/candas365.es\/noticias\/category\/actualidad\/#listItem","position":2,"name":"Actualidad","item":"https:\/\/candas365.es\/noticias\/category\/actualidad\/","nextItem":{"@type":"ListItem","@id":"https:\/\/candas365.es\/noticias\/alemania-ayudara-mas-a-los-familiares-de-victimas-de-actos-terroristas\/#listItem","name":"Alemania ayudar\u00e1 m\u00e1s a los familiares de v\u00edctimas de actos terroristas"},"previousItem":{"@type":"ListItem","@id":"https:\/\/candas365.es\/noticias#listItem","name":"Home"}},{"@type":"ListItem","@id":"https:\/\/candas365.es\/noticias\/alemania-ayudara-mas-a-los-familiares-de-victimas-de-actos-terroristas\/#listItem","position":3,"name":"Alemania ayudar\u00e1 m\u00e1s a los familiares de v\u00edctimas de actos terroristas","previousItem":{"@type":"ListItem","@id":"https:\/\/candas365.es\/noticias\/category\/actualidad\/#listItem","name":"Actualidad"}}]},{"@type":"NewsArticle","@id":"https:\/\/candas365.es\/noticias\/alemania-ayudara-mas-a-los-familiares-de-victimas-de-actos-terroristas\/#newsarticle","name":"Alemania ayudar\u00e1 m\u00e1s a los familiares de v\u00edctimas de actos terroristas | Cand\u00e1s 365","headline":"Alemania ayudar\u00e1 m\u00e1s a los familiares de v\u00edctimas de actos terroristas","author":{"@id":"https:\/\/candas365.es\/noticias\/author\/admin\/#author"},"publisher":{"@id":"https:\/\/candas365.es\/noticias\/#organization"},"image":{"@type":"ImageObject","url":"https:\/\/candas365.es\/noticias\/wp-content\/uploads\/2018\/06\/berlin-76509_960_720.jpg","width":960,"height":720},"datePublished":"2018-07-24T22:21:54+02:00","dateModified":"2018-07-24T22:21:54+02:00","inLanguage":"es-ES","mainEntityOfPage":{"@id":"https:\/\/candas365.es\/noticias\/alemania-ayudara-mas-a-los-familiares-de-victimas-de-actos-terroristas\/#webpage"},"isPartOf":{"@id":"https:\/\/candas365.es\/noticias\/alemania-ayudara-mas-a-los-familiares-de-victimas-de-actos-terroristas\/#webpage"},"articleSection":"Actualidad","dateline":"Publicado el julio 24, 2018."},{"@type":"Organization","@id":"https:\/\/candas365.es\/noticias\/#organization","name":"Cand\u00e1s 365","description":"Cand\u00e1s 365 es un diario digital independiente, fundado en 2012, con base en Asturias. Informamos con rigor sobre actualidad, sociedad, cultura y ocio, con una mirada local y global.","url":"https:\/\/candas365.es\/noticias\/","email":"info@candas365.es","telephone":"+34652131393","foundingDate":"2012-06-10","logo":{"@type":"ImageObject","url":"https:\/\/candas365.es\/noticias\/wp-content\/uploads\/2024\/09\/Candas-365-Redes.jpg","@id":"https:\/\/candas365.es\/noticias\/alemania-ayudara-mas-a-los-familiares-de-victimas-de-actos-terroristas\/#organizationLogo","width":1152,"height":864,"caption":"Cand\u00e1s 365 Redes"},"image":{"@id":"https:\/\/candas365.es\/noticias\/alemania-ayudara-mas-a-los-familiares-de-victimas-de-actos-terroristas\/#organizationLogo"},"sameAs":["https:\/\/www.facebook.com\/Nachofdezber","https:\/\/x.com\/NabercoDigital","https:\/\/www.instagram.com\/nachofdezber\/","https:\/\/www.youtube.com\/channel\/UCZP-2wLEB9Rv6erhFmqVnvg"],"address":{"@id":"https:\/\/candas365.es\/noticias\/#postaladdress","@type":"PostalAddress","streetAddress":"san antonio 4, san antonio 4","postalCode":"33430","addressLocality":"Cand\u00e1s","addressRegion":"Asturias","addressCountry":"ES"}},{"@type":"Person","@id":"https:\/\/candas365.es\/noticias\/author\/admin\/#author","url":"https:\/\/candas365.es\/noticias\/author\/admin\/","name":"Cand\u00e1s 365","image":{"@type":"ImageObject","@id":"https:\/\/candas365.es\/noticias\/alemania-ayudara-mas-a-los-familiares-de-victimas-de-actos-terroristas\/#authorImage","url":"https:\/\/secure.gravatar.com\/avatar\/496a8e03d0c493ede1718b7934145dbdf8d89be1036b0eec9544e1094c9de390?s=96&d=mm&r=g","width":96,"height":96,"caption":"Cand\u00e1s 365"},"sameAs":["https:\/\/www.facebook.com\/carrenoactualidad","https:\/\/twitter.com\/nbasturias","https:\/\/www.instagram.com\/nachofdezber\/","https:\/\/www.youtube.com\/channel\/UCZP-2wLEB9Rv6erhFmqVnvg"]},{"@type":"WebPage","@id":"https:\/\/candas365.es\/noticias\/alemania-ayudara-mas-a-los-familiares-de-victimas-de-actos-terroristas\/#webpage","url":"https:\/\/candas365.es\/noticias\/alemania-ayudara-mas-a-los-familiares-de-victimas-de-actos-terroristas\/","name":"Alemania ayudar\u00e1 m\u00e1s a los familiares de v\u00edctimas de actos terroristas | Cand\u00e1s 365","description":"Berl\u00edn, 24 jul (dpa) - Los familiares de v\u00edctimas de actos terroristas recibir\u00e1n de inmediato el triple del monto recibido hasta el momento en concepto de subsidio de supervivencia, seg\u00fan cit\u00f3 el peri\u00f3dico \"Neue Osnabr\u00fccker Zeitung\" a Edgar Franke, funcionario del Gobierno alem\u00e1n encargado del departamento de asuntos relacionados a las v\u00edctimas. El dinero para","inLanguage":"es-ES","isPartOf":{"@id":"https:\/\/candas365.es\/noticias\/#website"},"breadcrumb":{"@id":"https:\/\/candas365.es\/noticias\/alemania-ayudara-mas-a-los-familiares-de-victimas-de-actos-terroristas\/#breadcrumblist"},"author":{"@id":"https:\/\/candas365.es\/noticias\/author\/admin\/#author"},"creator":{"@id":"https:\/\/candas365.es\/noticias\/author\/admin\/#author"},"image":{"@type":"ImageObject","url":"https:\/\/candas365.es\/noticias\/wp-content\/uploads\/2018\/06\/berlin-76509_960_720.jpg","@id":"https:\/\/candas365.es\/noticias\/alemania-ayudara-mas-a-los-familiares-de-victimas-de-actos-terroristas\/#mainImage","width":960,"height":720},"primaryImageOfPage":{"@id":"https:\/\/candas365.es\/noticias\/alemania-ayudara-mas-a-los-familiares-de-victimas-de-actos-terroristas\/#mainImage"},"datePublished":"2018-07-24T22:21:54+02:00","dateModified":"2018-07-24T22:21:54+02:00"},{"@type":"WebSite","@id":"https:\/\/candas365.es\/noticias\/#website","url":"https:\/\/candas365.es\/noticias\/","name":"Cand\u00e1s 365","alternateName":"Cand\u00e1s 365 Noticias","description":"Actualidad desde Carre\u00f1o para el mundo","inLanguage":"es-ES","publisher":{"@id":"https:\/\/candas365.es\/noticias\/#organization"}}]},"og:locale":"es_ES","og:site_name":"Cand\u00e1s 365","og:type":"article","og:title":"Alemania ayudar\u00e1 m\u00e1s a los familiares de v\u00edctimas de actos terroristas | Cand\u00e1s 365","og:description":"Berl\u00edn, 24 jul (dpa) - Los familiares de v\u00edctimas de actos terroristas recibir\u00e1n de inmediato el triple del monto recibido hasta el momento en concepto de subsidio de supervivencia, seg\u00fan cit\u00f3 el peri\u00f3dico &quot;Neue Osnabr\u00fccker Zeitung&quot; a Edgar Franke, funcionario del Gobierno alem\u00e1n encargado del departamento de asuntos relacionados a las v\u00edctimas. El dinero para","og:url":"https:\/\/candas365.es\/noticias\/alemania-ayudara-mas-a-los-familiares-de-victimas-de-actos-terroristas\/","og:image":"https:\/\/candas365.es\/noticias\/wp-content\/uploads\/2018\/06\/berlin-76509_960_720.jpg","og:image:secure_url":"https:\/\/candas365.es\/noticias\/wp-content\/uploads\/2018\/06\/berlin-76509_960_720.jpg","og:image:width":960,"og:image:height":720,"article:published_time":"2018-07-24T22:21:54+00:00","article:modified_time":"2018-07-24T22:21:54+00:00","article:publisher":"https:\/\/www.facebook.com\/Nachofdezber","article:author":"https:\/\/www.facebook.com\/carrenoactualidad","twitter:card":"summary_large_image","twitter:site":"@NabercoDigital","twitter:title":"Alemania ayudar\u00e1 m\u00e1s a los familiares de v\u00edctimas de actos terroristas | Cand\u00e1s 365","twitter:description":"Berl\u00edn, 24 jul (dpa) - Los familiares de v\u00edctimas de actos terroristas recibir\u00e1n de inmediato el triple del monto recibido hasta el momento en concepto de subsidio de supervivencia, seg\u00fan cit\u00f3 el peri\u00f3dico &quot;Neue Osnabr\u00fccker Zeitung&quot; a Edgar Franke, funcionario del Gobierno alem\u00e1n encargado del departamento de asuntos relacionados a las v\u00edctimas. El dinero para","twitter:creator":"@nbasturias","twitter:image":"https:\/\/candas365.es\/noticias\/wp-content\/uploads\/2018\/06\/berlin-76509_960_720.jpg","twitter:label1":"Escrito por","twitter:data1":"Cand\u00e1s 365","twitter:label2":"Tiempo de lectura estimado","twitter:data2":"2 minutos"},"aioseo_meta_data":{"post_id":"101115","title":null,"description":null,"keywords":null,"keyphrases":null,"primary_term":null,"canonical_url":null,"og_title":null,"og_description":null,"og_object_type":"default","og_image_type":"default","og_image_url":null,"og_image_width":null,"og_image_height":null,"og_image_custom_url":null,"og_image_custom_fields":null,"og_video":null,"og_custom_url":null,"og_article_section":null,"og_article_tags":null,"twitter_use_og":false,"twitter_card":"default","twitter_image_type":"default","twitter_image_url":null,"twitter_image_custom_url":null,"twitter_image_custom_fields":null,"twitter_title":null,"twitter_description":null,"schema":{"blockGraphs":[],"customGraphs":[],"default":{"data":{"Article":[],"Course":[],"Dataset":[],"FAQPage":[],"Movie":[],"Person":[],"Product":[],"ProductReview":[],"Car":[],"Recipe":[],"Service":[],"SoftwareApplication":[],"WebPage":[]},"graphName":"","isEnabled":true},"graphs":[]},"schema_type":null,"schema_type_options":null,"pillar_content":false,"robots_default":true,"robots_noindex":false,"robots_noarchive":false,"robots_nosnippet":false,"robots_nofollow":false,"robots_noimageindex":false,"robots_noodp":false,"robots_notranslate":false,"robots_max_snippet":null,"robots_max_videopreview":null,"robots_max_imagepreview":"large","priority":null,"frequency":null,"location":null,"local_seo":null,"seo_analyzer_scan_date":"2025-08-27 10:38:10","breadcrumb_settings":null,"limit_modified_date":false,"reviewed_by":null,"open_ai":null,"ai":null,"created":"2020-12-21 10:43:22","updated":"2025-08-27 10:38:10"},"aioseo_breadcrumb":"<div class=\"aioseo-breadcrumbs\"><span class=\"aioseo-breadcrumb\">\n\t<a href=\"https:\/\/candas365.es\/noticias\" title=\"Home\">Home<\/a>\n<\/span><span class=\"aioseo-breadcrumb-separator\">&ndash;<\/span><span class=\"aioseo-breadcrumb\">\n\t<a href=\"https:\/\/candas365.es\/noticias\/category\/actualidad\/\" title=\"Actualidad\">Actualidad<\/a>\n<\/span><span class=\"aioseo-breadcrumb-separator\">&ndash;<\/span><span class=\"aioseo-breadcrumb\">\n\tAlemania ayudar\u00e1 m\u00e1s a los familiares de v\u00edctimas de actos terroristas\n<\/span><\/div>","aioseo_breadcrumb_json":[{"label":"Home","link":"https:\/\/candas365.es\/noticias"},{"label":"Actualidad","link":"https:\/\/candas365.es\/noticias\/category\/actualidad\/"},{"label":"Alemania ayudar\u00e1 m\u00e1s a los familiares de v\u00edctimas de actos terroristas","link":"https:\/\/candas365.es\/noticias\/alemania-ayudara-mas-a-los-familiares-de-victimas-de-actos-terroristas\/"}],"_links":{"self":[{"href":"https:\/\/candas365.es\/noticias\/wp-json\/wp\/v2\/posts\/101115","targetHints":{"allow":["GET"]}}],"collection":[{"href":"https:\/\/candas365.es\/noticias\/wp-json\/wp\/v2\/posts"}],"about":[{"href":"https:\/\/candas365.es\/noticias\/wp-json\/wp\/v2\/types\/post"}],"author":[{"embeddable":true,"href":"https:\/\/candas365.es\/noticias\/wp-json\/wp\/v2\/users\/1"}],"replies":[{"embeddable":true,"href":"https:\/\/candas365.es\/noticias\/wp-json\/wp\/v2\/comments?post=101115"}],"version-history":[{"count":0,"href":"https:\/\/candas365.es\/noticias\/wp-json\/wp\/v2\/posts\/101115\/revisions"}],"wp:featuredmedia":[{"embeddable":true,"href":"https:\/\/candas365.es\/noticias\/wp-json\/wp\/v2\/media\/98518"}],"wp:attachment":[{"href":"https:\/\/candas365.es\/noticias\/wp-json\/wp\/v2\/media?parent=101115"}],"wp:term":[{"taxonomy":"category","embeddable":true,"href":"https:\/\/candas365.es\/noticias\/wp-json\/wp\/v2\/categories?post=101115"},{"taxonomy":"post_tag","embeddable":true,"href":"https:\/\/candas365.es\/noticias\/wp-json\/wp\/v2\/tags?post=101115"}],"curies":[{"name":"wp","href":"https:\/\/api.w.org\/{rel}","templated":true}]}}