{"id":101070,"date":"2018-07-24T14:27:51","date_gmt":"2018-07-24T14:27:51","guid":{"rendered":"http:\/\/candas365.es\/noticias\/?p=101070"},"modified":"2018-07-24T14:27:51","modified_gmt":"2018-07-24T14:27:51","slug":"grande-marlaska-se-reune-con-los-delegados-del-gobierno","status":"publish","type":"post","link":"https:\/\/candas365.es\/noticias\/grande-marlaska-se-reune-con-los-delegados-del-gobierno\/","title":{"rendered":"Grande-Marlaska se re\u00fane con los delegados del Gobierno"},"content":{"rendered":"<p><img fetchpriority=\"high\" decoding=\"async\" class=\"alignleft size-medium wp-image-101071\" src=\"https:\/\/candas365.es\/noticias\/wp-content\/uploads\/2018\/07\/230718-marlaska-360x239.jpg\" alt=\"\" width=\"360\" height=\"239\" srcset=\"https:\/\/candas365.es\/noticias\/wp-content\/uploads\/2018\/07\/230718-marlaska-360x239.jpg 360w, https:\/\/candas365.es\/noticias\/wp-content\/uploads\/2018\/07\/230718-marlaska.jpg 496w\" sizes=\"(max-width: 360px) 100vw, 360px\" \/>El ministro del Interior, Fernando Grande-Marlaska, ha mantenido una primera reuni\u00f3n de trabajo con delegados y delegadas de Gobierno en las comunidades aut\u00f3nomas para avanzar en la coordinaci\u00f3n de las pol\u00edticas de seguridad.<\/p>\n<p>La reuni\u00f3n, a la que tambi\u00e9n asistieron la secretaria de Estado de Seguridad, Ana Botella G\u00f3mez, y la subsecretaria del Ministerio, Isabel Goicoechea, ha servido para concretar los par\u00e1metros de seguridad con los que trabajar\u00e1 el Ministerio, as\u00ed como diversos temas relacionados con la actuaci\u00f3n de los servicios de Protecci\u00f3n Civil, la pol\u00edtica de seguridad vial, la inmigraci\u00f3n y el problema de la violencia sobre la mujer.<\/p>\n<p>Asimismo se han analizado la asistencia a v\u00edctimas del terrorismo y el estado de la amenaza terrorista, que se mantiene en el nivel 4 reforzado, vigente desde el 19 de agosto de 2017.<\/p>\n<p>Los delegados y las delegadas han expuesto la situaci\u00f3n en la que han encontrado la Administraci\u00f3n perif\u00e9rica en sus respectivas comunidades al asumir sus cargos. Han mostrado su inter\u00e9s por potenciar el papel de la Guardia Civil en el mundo rural como elemento de cohesi\u00f3n social. Tambi\u00e9n han puesto de relieve la necesidad de evitar posibles disfunciones en la relaci\u00f3n con otras Administraciones, especialmente las auton\u00f3micas y locales.<\/p>\n<p>Asistieron a la reuni\u00f3n los delegados y las delegadas del Gobierno en las comunidades aut\u00f3nomas de La Rioja, Jos\u00e9 Ignacio P\u00e9rez S\u00e1enz; Arag\u00f3n, Mar\u00eda del Carmen S\u00e1nchez P\u00e9rez; Castilla-La Mancha, Manuel Gabriel Gonz\u00e1lez Ramos; Navarra, Jos\u00e9 Luis Arasti P\u00e9rez; Extremadura, Mar\u00eda Yolanda Garc\u00eda Seco; Illes Balears, Rosario S\u00e1nchez Grau; Madrid, Jos\u00e9 Manuel Rodr\u00edguez Uribes; Castilla y Le\u00f3n, Virginia Barcones Sanz; Canarias, Elena Ma\u00f1ez Rodr\u00edguez; Comunitat Valenciana, Juan Carlos Fulgencio Tejedor; Ceuta, Salvadora del Carmen Mateos Estudillo; Melilla, Sabrina Moh Abdelkaden; Pa\u00eds Vasco, Jes\u00fas Loza Aguirre; Galicia, Javier Losada de Azpiazu; Principado de Asturias, Delia Losa Carballido; y Cantabria, Pablo Zuloaga Mart\u00ednez.<\/p>\n","protected":false},"excerpt":{"rendered":"<p>El ministro del Interior, Fernando Grande-Marlaska, ha mantenido una primera reuni\u00f3n de trabajo con delegados y delegadas de Gobierno en las comunidades aut\u00f3nomas para avanzar en la coordinaci\u00f3n de las pol\u00edticas de seguridad. La reuni\u00f3n, a la que tambi\u00e9n asistieron la secretaria de Estado de Seguridad, Ana Botella G\u00f3mez, y la subsecretaria del Ministerio, Isabel<\/p>\n","protected":false},"author":1,"featured_media":101071,"comment_status":"closed","ping_status":"closed","sticky":false,"template":"","format":"standard","meta":{"footnotes":""},"categories":[343],"tags":[],"class_list":{"0":"post-101070","1":"post","2":"type-post","3":"status-publish","4":"format-standard","5":"has-post-thumbnail","7":"category-actualidad"},"aioseo_notices":[],"aioseo_head":"\n\t\t<!-- All in One SEO Pro 4.9.6.2 - aioseo.com -->\n\t<meta name=\"description\" content=\"El ministro del Interior, Fernando Grande-Marlaska, ha mantenido una primera reuni\u00f3n de trabajo con delegados y delegadas de Gobierno en las comunidades aut\u00f3nomas para avanzar en la coordinaci\u00f3n de las pol\u00edticas de seguridad. La reuni\u00f3n, a la que tambi\u00e9n asistieron la secretaria de Estado de Seguridad, Ana Botella G\u00f3mez, y la subsecretaria del Ministerio, Isabel\" \/>\n\t<meta name=\"robots\" content=\"max-image-preview:large\" \/>\n\t<meta name=\"author\" content=\"Cand\u00e1s 365\"\/>\n\t<meta name=\"google-site-verification\" content=\"UA-32230408-1\" \/>\n\t<meta name=\"msvalidate.01\" content=\"354F3CDFB2DA171B47FBE9ABF1F88D5\" \/>\n\t<meta name=\"keywords\" content=\"actualidad\" \/>\n\t<link rel=\"canonical\" href=\"https:\/\/candas365.es\/noticias\/grande-marlaska-se-reune-con-los-delegados-del-gobierno\/\" \/>\n\t<meta name=\"generator\" content=\"All in One SEO Pro (AIOSEO) 4.9.6.2\" \/>\n\t\t<meta property=\"og:locale\" content=\"es_ES\" \/>\n\t\t<meta property=\"og:site_name\" content=\"Cand\u00e1s 365\" \/>\n\t\t<meta property=\"og:type\" content=\"article\" \/>\n\t\t<meta property=\"og:title\" content=\"Grande-Marlaska se re\u00fane con los delegados del Gobierno | Cand\u00e1s 365\" \/>\n\t\t<meta property=\"og:description\" content=\"El ministro del Interior, Fernando Grande-Marlaska, ha mantenido una primera reuni\u00f3n de trabajo con delegados y delegadas de Gobierno en las comunidades aut\u00f3nomas para avanzar en la coordinaci\u00f3n de las pol\u00edticas de seguridad. La reuni\u00f3n, a la que tambi\u00e9n asistieron la secretaria de Estado de Seguridad, Ana Botella G\u00f3mez, y la subsecretaria del Ministerio, Isabel\" \/>\n\t\t<meta property=\"og:url\" content=\"https:\/\/candas365.es\/noticias\/grande-marlaska-se-reune-con-los-delegados-del-gobierno\/\" \/>\n\t\t<meta property=\"og:image\" content=\"https:\/\/candas365.es\/noticias\/wp-content\/uploads\/2018\/07\/230718-marlaska.jpg\" \/>\n\t\t<meta property=\"og:image:secure_url\" content=\"https:\/\/candas365.es\/noticias\/wp-content\/uploads\/2018\/07\/230718-marlaska.jpg\" \/>\n\t\t<meta property=\"og:image:width\" content=\"496\" \/>\n\t\t<meta property=\"og:image:height\" content=\"329\" \/>\n\t\t<meta property=\"article:published_time\" content=\"2018-07-24T14:27:51+00:00\" \/>\n\t\t<meta property=\"article:modified_time\" content=\"2018-07-24T14:27:51+00:00\" \/>\n\t\t<meta property=\"article:publisher\" content=\"https:\/\/www.facebook.com\/Nachofdezber\" \/>\n\t\t<meta property=\"article:author\" content=\"https:\/\/www.facebook.com\/carrenoactualidad\" \/>\n\t\t<meta name=\"twitter:card\" content=\"summary_large_image\" \/>\n\t\t<meta name=\"twitter:site\" content=\"@NabercoDigital\" \/>\n\t\t<meta name=\"twitter:title\" content=\"Grande-Marlaska se re\u00fane con los delegados del Gobierno | Cand\u00e1s 365\" \/>\n\t\t<meta name=\"twitter:description\" content=\"El ministro del Interior, Fernando Grande-Marlaska, ha mantenido una primera reuni\u00f3n de trabajo con delegados y delegadas de Gobierno en las comunidades aut\u00f3nomas para avanzar en la coordinaci\u00f3n de las pol\u00edticas de seguridad. La reuni\u00f3n, a la que tambi\u00e9n asistieron la secretaria de Estado de Seguridad, Ana Botella G\u00f3mez, y la subsecretaria del Ministerio, Isabel\" \/>\n\t\t<meta name=\"twitter:creator\" content=\"@nbasturias\" \/>\n\t\t<meta name=\"twitter:image\" content=\"https:\/\/candas365.es\/noticias\/wp-content\/uploads\/2018\/07\/230718-marlaska.jpg\" \/>\n\t\t<meta name=\"twitter:label1\" content=\"Escrito por\" \/>\n\t\t<meta name=\"twitter:data1\" content=\"Cand\u00e1s 365\" \/>\n\t\t<meta name=\"twitter:label2\" content=\"Tiempo de lectura estimado\" \/>\n\t\t<meta name=\"twitter:data2\" content=\"2 minutos\" \/>\n\t\t<script type=\"application\/ld+json\" class=\"aioseo-schema\">\n\t\t\t{\"@context\":\"https:\\\/\\\/schema.org\",\"@graph\":[{\"@type\":\"BreadcrumbList\",\"@id\":\"https:\\\/\\\/candas365.es\\\/noticias\\\/grande-marlaska-se-reune-con-los-delegados-del-gobierno\\\/#breadcrumblist\",\"itemListElement\":[{\"@type\":\"ListItem\",\"@id\":\"https:\\\/\\\/candas365.es\\\/noticias#listItem\",\"position\":1,\"name\":\"Home\",\"item\":\"https:\\\/\\\/candas365.es\\\/noticias\",\"nextItem\":{\"@type\":\"ListItem\",\"@id\":\"https:\\\/\\\/candas365.es\\\/noticias\\\/category\\\/actualidad\\\/#listItem\",\"name\":\"Actualidad\"}},{\"@type\":\"ListItem\",\"@id\":\"https:\\\/\\\/candas365.es\\\/noticias\\\/category\\\/actualidad\\\/#listItem\",\"position\":2,\"name\":\"Actualidad\",\"item\":\"https:\\\/\\\/candas365.es\\\/noticias\\\/category\\\/actualidad\\\/\",\"nextItem\":{\"@type\":\"ListItem\",\"@id\":\"https:\\\/\\\/candas365.es\\\/noticias\\\/grande-marlaska-se-reune-con-los-delegados-del-gobierno\\\/#listItem\",\"name\":\"Grande-Marlaska se re\\u00fane con los delegados del Gobierno\"},\"previousItem\":{\"@type\":\"ListItem\",\"@id\":\"https:\\\/\\\/candas365.es\\\/noticias#listItem\",\"name\":\"Home\"}},{\"@type\":\"ListItem\",\"@id\":\"https:\\\/\\\/candas365.es\\\/noticias\\\/grande-marlaska-se-reune-con-los-delegados-del-gobierno\\\/#listItem\",\"position\":3,\"name\":\"Grande-Marlaska se re\\u00fane con los delegados del Gobierno\",\"previousItem\":{\"@type\":\"ListItem\",\"@id\":\"https:\\\/\\\/candas365.es\\\/noticias\\\/category\\\/actualidad\\\/#listItem\",\"name\":\"Actualidad\"}}]},{\"@type\":\"NewsArticle\",\"@id\":\"https:\\\/\\\/candas365.es\\\/noticias\\\/grande-marlaska-se-reune-con-los-delegados-del-gobierno\\\/#newsarticle\",\"name\":\"Grande-Marlaska se re\\u00fane con los delegados del Gobierno | Cand\\u00e1s 365\",\"headline\":\"Grande-Marlaska se re\\u00fane con los delegados del Gobierno\",\"author\":{\"@id\":\"https:\\\/\\\/candas365.es\\\/noticias\\\/author\\\/admin\\\/#author\"},\"publisher\":{\"@id\":\"https:\\\/\\\/candas365.es\\\/noticias\\\/#organization\"},\"image\":{\"@type\":\"ImageObject\",\"url\":\"https:\\\/\\\/candas365.es\\\/noticias\\\/wp-content\\\/uploads\\\/2018\\\/07\\\/230718-marlaska.jpg\",\"width\":496,\"height\":329},\"datePublished\":\"2018-07-24T14:27:51+02:00\",\"dateModified\":\"2018-07-24T14:27:51+02:00\",\"inLanguage\":\"es-ES\",\"mainEntityOfPage\":{\"@id\":\"https:\\\/\\\/candas365.es\\\/noticias\\\/grande-marlaska-se-reune-con-los-delegados-del-gobierno\\\/#webpage\"},\"isPartOf\":{\"@id\":\"https:\\\/\\\/candas365.es\\\/noticias\\\/grande-marlaska-se-reune-con-los-delegados-del-gobierno\\\/#webpage\"},\"articleSection\":\"Actualidad\",\"dateline\":\"Publicado el julio 24, 2018.\"},{\"@type\":\"Organization\",\"@id\":\"https:\\\/\\\/candas365.es\\\/noticias\\\/#organization\",\"name\":\"Cand\\u00e1s 365\",\"description\":\"Cand\\u00e1s 365 es un diario digital independiente, fundado en 2012, con base en Asturias. Informamos con rigor sobre actualidad, sociedad, cultura y ocio, con una mirada local y global.\",\"url\":\"https:\\\/\\\/candas365.es\\\/noticias\\\/\",\"email\":\"info@candas365.es\",\"telephone\":\"+34652131393\",\"foundingDate\":\"2012-06-10\",\"logo\":{\"@type\":\"ImageObject\",\"url\":\"https:\\\/\\\/candas365.es\\\/noticias\\\/wp-content\\\/uploads\\\/2024\\\/09\\\/Candas-365-Redes.jpg\",\"@id\":\"https:\\\/\\\/candas365.es\\\/noticias\\\/grande-marlaska-se-reune-con-los-delegados-del-gobierno\\\/#organizationLogo\",\"width\":1152,\"height\":864,\"caption\":\"Cand\\u00e1s 365 Redes\"},\"image\":{\"@id\":\"https:\\\/\\\/candas365.es\\\/noticias\\\/grande-marlaska-se-reune-con-los-delegados-del-gobierno\\\/#organizationLogo\"},\"sameAs\":[\"https:\\\/\\\/www.facebook.com\\\/Nachofdezber\",\"https:\\\/\\\/x.com\\\/NabercoDigital\",\"https:\\\/\\\/www.instagram.com\\\/nachofdezber\\\/\",\"https:\\\/\\\/www.youtube.com\\\/channel\\\/UCZP-2wLEB9Rv6erhFmqVnvg\"],\"address\":{\"@id\":\"https:\\\/\\\/candas365.es\\\/noticias\\\/#postaladdress\",\"@type\":\"PostalAddress\",\"streetAddress\":\"san antonio 4, san antonio 4\",\"postalCode\":\"33430\",\"addressLocality\":\"Cand\\u00e1s\",\"addressRegion\":\"Asturias\",\"addressCountry\":\"ES\"}},{\"@type\":\"Person\",\"@id\":\"https:\\\/\\\/candas365.es\\\/noticias\\\/author\\\/admin\\\/#author\",\"url\":\"https:\\\/\\\/candas365.es\\\/noticias\\\/author\\\/admin\\\/\",\"name\":\"Cand\\u00e1s 365\",\"image\":{\"@type\":\"ImageObject\",\"@id\":\"https:\\\/\\\/candas365.es\\\/noticias\\\/grande-marlaska-se-reune-con-los-delegados-del-gobierno\\\/#authorImage\",\"url\":\"https:\\\/\\\/secure.gravatar.com\\\/avatar\\\/496a8e03d0c493ede1718b7934145dbdf8d89be1036b0eec9544e1094c9de390?s=96&d=mm&r=g\",\"width\":96,\"height\":96,\"caption\":\"Cand\\u00e1s 365\"},\"sameAs\":[\"https:\\\/\\\/www.facebook.com\\\/carrenoactualidad\",\"https:\\\/\\\/twitter.com\\\/nbasturias\",\"https:\\\/\\\/www.instagram.com\\\/nachofdezber\\\/\",\"https:\\\/\\\/www.youtube.com\\\/channel\\\/UCZP-2wLEB9Rv6erhFmqVnvg\"]},{\"@type\":\"WebPage\",\"@id\":\"https:\\\/\\\/candas365.es\\\/noticias\\\/grande-marlaska-se-reune-con-los-delegados-del-gobierno\\\/#webpage\",\"url\":\"https:\\\/\\\/candas365.es\\\/noticias\\\/grande-marlaska-se-reune-con-los-delegados-del-gobierno\\\/\",\"name\":\"Grande-Marlaska se re\\u00fane con los delegados del Gobierno | Cand\\u00e1s 365\",\"description\":\"El ministro del Interior, Fernando Grande-Marlaska, ha mantenido una primera reuni\\u00f3n de trabajo con delegados y delegadas de Gobierno en las comunidades aut\\u00f3nomas para avanzar en la coordinaci\\u00f3n de las pol\\u00edticas de seguridad. La reuni\\u00f3n, a la que tambi\\u00e9n asistieron la secretaria de Estado de Seguridad, Ana Botella G\\u00f3mez, y la subsecretaria del Ministerio, Isabel\",\"inLanguage\":\"es-ES\",\"isPartOf\":{\"@id\":\"https:\\\/\\\/candas365.es\\\/noticias\\\/#website\"},\"breadcrumb\":{\"@id\":\"https:\\\/\\\/candas365.es\\\/noticias\\\/grande-marlaska-se-reune-con-los-delegados-del-gobierno\\\/#breadcrumblist\"},\"author\":{\"@id\":\"https:\\\/\\\/candas365.es\\\/noticias\\\/author\\\/admin\\\/#author\"},\"creator\":{\"@id\":\"https:\\\/\\\/candas365.es\\\/noticias\\\/author\\\/admin\\\/#author\"},\"image\":{\"@type\":\"ImageObject\",\"url\":\"https:\\\/\\\/candas365.es\\\/noticias\\\/wp-content\\\/uploads\\\/2018\\\/07\\\/230718-marlaska.jpg\",\"@id\":\"https:\\\/\\\/candas365.es\\\/noticias\\\/grande-marlaska-se-reune-con-los-delegados-del-gobierno\\\/#mainImage\",\"width\":496,\"height\":329},\"primaryImageOfPage\":{\"@id\":\"https:\\\/\\\/candas365.es\\\/noticias\\\/grande-marlaska-se-reune-con-los-delegados-del-gobierno\\\/#mainImage\"},\"datePublished\":\"2018-07-24T14:27:51+02:00\",\"dateModified\":\"2018-07-24T14:27:51+02:00\"},{\"@type\":\"WebSite\",\"@id\":\"https:\\\/\\\/candas365.es\\\/noticias\\\/#website\",\"url\":\"https:\\\/\\\/candas365.es\\\/noticias\\\/\",\"name\":\"Cand\\u00e1s 365\",\"alternateName\":\"Cand\\u00e1s 365 Noticias\",\"description\":\"Actualidad desde Carre\\u00f1o para el mundo\",\"inLanguage\":\"es-ES\",\"publisher\":{\"@id\":\"https:\\\/\\\/candas365.es\\\/noticias\\\/#organization\"}}]}\n\t\t<\/script>\n\t\t<!-- All in One SEO Pro -->\r\n\t\t<title>Grande-Marlaska se re\u00fane con los delegados del Gobierno | Cand\u00e1s 365<\/title>\n\n","aioseo_head_json":{"title":"Grande-Marlaska se re\u00fane con los delegados del Gobierno | Cand\u00e1s 365","description":"El ministro del Interior, Fernando Grande-Marlaska, ha mantenido una primera reuni\u00f3n de trabajo con delegados y delegadas de Gobierno en las comunidades aut\u00f3nomas para avanzar en la coordinaci\u00f3n de las pol\u00edticas de seguridad. La reuni\u00f3n, a la que tambi\u00e9n asistieron la secretaria de Estado de Seguridad, Ana Botella G\u00f3mez, y la subsecretaria del Ministerio, Isabel","canonical_url":"https:\/\/candas365.es\/noticias\/grande-marlaska-se-reune-con-los-delegados-del-gobierno\/","robots":"max-image-preview:large","keywords":"actualidad","webmasterTools":{"google-site-verification":"UA-32230408-1","msvalidate.01":"354F3CDFB2DA171B47FBE9ABF1F88D5","miscellaneous":""},"schema":{"@context":"https:\/\/schema.org","@graph":[{"@type":"BreadcrumbList","@id":"https:\/\/candas365.es\/noticias\/grande-marlaska-se-reune-con-los-delegados-del-gobierno\/#breadcrumblist","itemListElement":[{"@type":"ListItem","@id":"https:\/\/candas365.es\/noticias#listItem","position":1,"name":"Home","item":"https:\/\/candas365.es\/noticias","nextItem":{"@type":"ListItem","@id":"https:\/\/candas365.es\/noticias\/category\/actualidad\/#listItem","name":"Actualidad"}},{"@type":"ListItem","@id":"https:\/\/candas365.es\/noticias\/category\/actualidad\/#listItem","position":2,"name":"Actualidad","item":"https:\/\/candas365.es\/noticias\/category\/actualidad\/","nextItem":{"@type":"ListItem","@id":"https:\/\/candas365.es\/noticias\/grande-marlaska-se-reune-con-los-delegados-del-gobierno\/#listItem","name":"Grande-Marlaska se re\u00fane con los delegados del Gobierno"},"previousItem":{"@type":"ListItem","@id":"https:\/\/candas365.es\/noticias#listItem","name":"Home"}},{"@type":"ListItem","@id":"https:\/\/candas365.es\/noticias\/grande-marlaska-se-reune-con-los-delegados-del-gobierno\/#listItem","position":3,"name":"Grande-Marlaska se re\u00fane con los delegados del Gobierno","previousItem":{"@type":"ListItem","@id":"https:\/\/candas365.es\/noticias\/category\/actualidad\/#listItem","name":"Actualidad"}}]},{"@type":"NewsArticle","@id":"https:\/\/candas365.es\/noticias\/grande-marlaska-se-reune-con-los-delegados-del-gobierno\/#newsarticle","name":"Grande-Marlaska se re\u00fane con los delegados del Gobierno | Cand\u00e1s 365","headline":"Grande-Marlaska se re\u00fane con los delegados del Gobierno","author":{"@id":"https:\/\/candas365.es\/noticias\/author\/admin\/#author"},"publisher":{"@id":"https:\/\/candas365.es\/noticias\/#organization"},"image":{"@type":"ImageObject","url":"https:\/\/candas365.es\/noticias\/wp-content\/uploads\/2018\/07\/230718-marlaska.jpg","width":496,"height":329},"datePublished":"2018-07-24T14:27:51+02:00","dateModified":"2018-07-24T14:27:51+02:00","inLanguage":"es-ES","mainEntityOfPage":{"@id":"https:\/\/candas365.es\/noticias\/grande-marlaska-se-reune-con-los-delegados-del-gobierno\/#webpage"},"isPartOf":{"@id":"https:\/\/candas365.es\/noticias\/grande-marlaska-se-reune-con-los-delegados-del-gobierno\/#webpage"},"articleSection":"Actualidad","dateline":"Publicado el julio 24, 2018."},{"@type":"Organization","@id":"https:\/\/candas365.es\/noticias\/#organization","name":"Cand\u00e1s 365","description":"Cand\u00e1s 365 es un diario digital independiente, fundado en 2012, con base en Asturias. Informamos con rigor sobre actualidad, sociedad, cultura y ocio, con una mirada local y global.","url":"https:\/\/candas365.es\/noticias\/","email":"info@candas365.es","telephone":"+34652131393","foundingDate":"2012-06-10","logo":{"@type":"ImageObject","url":"https:\/\/candas365.es\/noticias\/wp-content\/uploads\/2024\/09\/Candas-365-Redes.jpg","@id":"https:\/\/candas365.es\/noticias\/grande-marlaska-se-reune-con-los-delegados-del-gobierno\/#organizationLogo","width":1152,"height":864,"caption":"Cand\u00e1s 365 Redes"},"image":{"@id":"https:\/\/candas365.es\/noticias\/grande-marlaska-se-reune-con-los-delegados-del-gobierno\/#organizationLogo"},"sameAs":["https:\/\/www.facebook.com\/Nachofdezber","https:\/\/x.com\/NabercoDigital","https:\/\/www.instagram.com\/nachofdezber\/","https:\/\/www.youtube.com\/channel\/UCZP-2wLEB9Rv6erhFmqVnvg"],"address":{"@id":"https:\/\/candas365.es\/noticias\/#postaladdress","@type":"PostalAddress","streetAddress":"san antonio 4, san antonio 4","postalCode":"33430","addressLocality":"Cand\u00e1s","addressRegion":"Asturias","addressCountry":"ES"}},{"@type":"Person","@id":"https:\/\/candas365.es\/noticias\/author\/admin\/#author","url":"https:\/\/candas365.es\/noticias\/author\/admin\/","name":"Cand\u00e1s 365","image":{"@type":"ImageObject","@id":"https:\/\/candas365.es\/noticias\/grande-marlaska-se-reune-con-los-delegados-del-gobierno\/#authorImage","url":"https:\/\/secure.gravatar.com\/avatar\/496a8e03d0c493ede1718b7934145dbdf8d89be1036b0eec9544e1094c9de390?s=96&d=mm&r=g","width":96,"height":96,"caption":"Cand\u00e1s 365"},"sameAs":["https:\/\/www.facebook.com\/carrenoactualidad","https:\/\/twitter.com\/nbasturias","https:\/\/www.instagram.com\/nachofdezber\/","https:\/\/www.youtube.com\/channel\/UCZP-2wLEB9Rv6erhFmqVnvg"]},{"@type":"WebPage","@id":"https:\/\/candas365.es\/noticias\/grande-marlaska-se-reune-con-los-delegados-del-gobierno\/#webpage","url":"https:\/\/candas365.es\/noticias\/grande-marlaska-se-reune-con-los-delegados-del-gobierno\/","name":"Grande-Marlaska se re\u00fane con los delegados del Gobierno | Cand\u00e1s 365","description":"El ministro del Interior, Fernando Grande-Marlaska, ha mantenido una primera reuni\u00f3n de trabajo con delegados y delegadas de Gobierno en las comunidades aut\u00f3nomas para avanzar en la coordinaci\u00f3n de las pol\u00edticas de seguridad. La reuni\u00f3n, a la que tambi\u00e9n asistieron la secretaria de Estado de Seguridad, Ana Botella G\u00f3mez, y la subsecretaria del Ministerio, Isabel","inLanguage":"es-ES","isPartOf":{"@id":"https:\/\/candas365.es\/noticias\/#website"},"breadcrumb":{"@id":"https:\/\/candas365.es\/noticias\/grande-marlaska-se-reune-con-los-delegados-del-gobierno\/#breadcrumblist"},"author":{"@id":"https:\/\/candas365.es\/noticias\/author\/admin\/#author"},"creator":{"@id":"https:\/\/candas365.es\/noticias\/author\/admin\/#author"},"image":{"@type":"ImageObject","url":"https:\/\/candas365.es\/noticias\/wp-content\/uploads\/2018\/07\/230718-marlaska.jpg","@id":"https:\/\/candas365.es\/noticias\/grande-marlaska-se-reune-con-los-delegados-del-gobierno\/#mainImage","width":496,"height":329},"primaryImageOfPage":{"@id":"https:\/\/candas365.es\/noticias\/grande-marlaska-se-reune-con-los-delegados-del-gobierno\/#mainImage"},"datePublished":"2018-07-24T14:27:51+02:00","dateModified":"2018-07-24T14:27:51+02:00"},{"@type":"WebSite","@id":"https:\/\/candas365.es\/noticias\/#website","url":"https:\/\/candas365.es\/noticias\/","name":"Cand\u00e1s 365","alternateName":"Cand\u00e1s 365 Noticias","description":"Actualidad desde Carre\u00f1o para el mundo","inLanguage":"es-ES","publisher":{"@id":"https:\/\/candas365.es\/noticias\/#organization"}}]},"og:locale":"es_ES","og:site_name":"Cand\u00e1s 365","og:type":"article","og:title":"Grande-Marlaska se re\u00fane con los delegados del Gobierno | Cand\u00e1s 365","og:description":"El ministro del Interior, Fernando Grande-Marlaska, ha mantenido una primera reuni\u00f3n de trabajo con delegados y delegadas de Gobierno en las comunidades aut\u00f3nomas para avanzar en la coordinaci\u00f3n de las pol\u00edticas de seguridad. La reuni\u00f3n, a la que tambi\u00e9n asistieron la secretaria de Estado de Seguridad, Ana Botella G\u00f3mez, y la subsecretaria del Ministerio, Isabel","og:url":"https:\/\/candas365.es\/noticias\/grande-marlaska-se-reune-con-los-delegados-del-gobierno\/","og:image":"https:\/\/candas365.es\/noticias\/wp-content\/uploads\/2018\/07\/230718-marlaska.jpg","og:image:secure_url":"https:\/\/candas365.es\/noticias\/wp-content\/uploads\/2018\/07\/230718-marlaska.jpg","og:image:width":496,"og:image:height":329,"article:published_time":"2018-07-24T14:27:51+00:00","article:modified_time":"2018-07-24T14:27:51+00:00","article:publisher":"https:\/\/www.facebook.com\/Nachofdezber","article:author":"https:\/\/www.facebook.com\/carrenoactualidad","twitter:card":"summary_large_image","twitter:site":"@NabercoDigital","twitter:title":"Grande-Marlaska se re\u00fane con los delegados del Gobierno | Cand\u00e1s 365","twitter:description":"El ministro del Interior, Fernando Grande-Marlaska, ha mantenido una primera reuni\u00f3n de trabajo con delegados y delegadas de Gobierno en las comunidades aut\u00f3nomas para avanzar en la coordinaci\u00f3n de las pol\u00edticas de seguridad. La reuni\u00f3n, a la que tambi\u00e9n asistieron la secretaria de Estado de Seguridad, Ana Botella G\u00f3mez, y la subsecretaria del Ministerio, Isabel","twitter:creator":"@nbasturias","twitter:image":"https:\/\/candas365.es\/noticias\/wp-content\/uploads\/2018\/07\/230718-marlaska.jpg","twitter:label1":"Escrito por","twitter:data1":"Cand\u00e1s 365","twitter:label2":"Tiempo de lectura estimado","twitter:data2":"2 minutos"},"aioseo_meta_data":{"post_id":"101070","title":null,"description":null,"keywords":null,"keyphrases":null,"primary_term":null,"canonical_url":null,"og_title":null,"og_description":null,"og_object_type":"default","og_image_type":"default","og_image_url":null,"og_image_width":null,"og_image_height":null,"og_image_custom_url":null,"og_image_custom_fields":null,"og_video":null,"og_custom_url":null,"og_article_section":null,"og_article_tags":null,"twitter_use_og":false,"twitter_card":"default","twitter_image_type":"default","twitter_image_url":null,"twitter_image_custom_url":null,"twitter_image_custom_fields":null,"twitter_title":null,"twitter_description":null,"schema":{"blockGraphs":[],"customGraphs":[],"default":{"data":{"Article":[],"Course":[],"Dataset":[],"FAQPage":[],"Movie":[],"Person":[],"Product":[],"ProductReview":[],"Car":[],"Recipe":[],"Service":[],"SoftwareApplication":[],"WebPage":[]},"graphName":"","isEnabled":true},"graphs":[]},"schema_type":null,"schema_type_options":null,"pillar_content":false,"robots_default":true,"robots_noindex":false,"robots_noarchive":false,"robots_nosnippet":false,"robots_nofollow":false,"robots_noimageindex":false,"robots_noodp":false,"robots_notranslate":false,"robots_max_snippet":null,"robots_max_videopreview":null,"robots_max_imagepreview":"large","priority":null,"frequency":null,"location":null,"local_seo":null,"seo_analyzer_scan_date":"2025-08-27 10:32:09","breadcrumb_settings":null,"limit_modified_date":false,"reviewed_by":null,"open_ai":null,"ai":null,"created":"2020-12-21 11:48:13","updated":"2025-08-27 10:32:09"},"aioseo_breadcrumb":"<div class=\"aioseo-breadcrumbs\"><span class=\"aioseo-breadcrumb\">\n\t<a href=\"https:\/\/candas365.es\/noticias\" title=\"Home\">Home<\/a>\n<\/span><span class=\"aioseo-breadcrumb-separator\">&ndash;<\/span><span class=\"aioseo-breadcrumb\">\n\t<a href=\"https:\/\/candas365.es\/noticias\/category\/actualidad\/\" title=\"Actualidad\">Actualidad<\/a>\n<\/span><span class=\"aioseo-breadcrumb-separator\">&ndash;<\/span><span class=\"aioseo-breadcrumb\">\n\tGrande-Marlaska se re\u00fane con los delegados del Gobierno\n<\/span><\/div>","aioseo_breadcrumb_json":[{"label":"Home","link":"https:\/\/candas365.es\/noticias"},{"label":"Actualidad","link":"https:\/\/candas365.es\/noticias\/category\/actualidad\/"},{"label":"Grande-Marlaska se re\u00fane con los delegados del Gobierno","link":"https:\/\/candas365.es\/noticias\/grande-marlaska-se-reune-con-los-delegados-del-gobierno\/"}],"_links":{"self":[{"href":"https:\/\/candas365.es\/noticias\/wp-json\/wp\/v2\/posts\/101070","targetHints":{"allow":["GET"]}}],"collection":[{"href":"https:\/\/candas365.es\/noticias\/wp-json\/wp\/v2\/posts"}],"about":[{"href":"https:\/\/candas365.es\/noticias\/wp-json\/wp\/v2\/types\/post"}],"author":[{"embeddable":true,"href":"https:\/\/candas365.es\/noticias\/wp-json\/wp\/v2\/users\/1"}],"replies":[{"embeddable":true,"href":"https:\/\/candas365.es\/noticias\/wp-json\/wp\/v2\/comments?post=101070"}],"version-history":[{"count":0,"href":"https:\/\/candas365.es\/noticias\/wp-json\/wp\/v2\/posts\/101070\/revisions"}],"wp:featuredmedia":[{"embeddable":true,"href":"https:\/\/candas365.es\/noticias\/wp-json\/wp\/v2\/media\/101071"}],"wp:attachment":[{"href":"https:\/\/candas365.es\/noticias\/wp-json\/wp\/v2\/media?parent=101070"}],"wp:term":[{"taxonomy":"category","embeddable":true,"href":"https:\/\/candas365.es\/noticias\/wp-json\/wp\/v2\/categories?post=101070"},{"taxonomy":"post_tag","embeddable":true,"href":"https:\/\/candas365.es\/noticias\/wp-json\/wp\/v2\/tags?post=101070"}],"curies":[{"name":"wp","href":"https:\/\/api.w.org\/{rel}","templated":true}]}}