{"id":101066,"date":"2018-07-24T13:58:08","date_gmt":"2018-07-24T13:58:08","guid":{"rendered":"http:\/\/candas365.es\/noticias\/?p=101066"},"modified":"2018-07-24T14:10:14","modified_gmt":"2018-07-24T14:10:14","slug":"pola-asturias-es-la-region-mas-consumidora-de-energia-electrica-per-capita-de-toda-espana","status":"publish","type":"post","link":"https:\/\/candas365.es\/noticias\/pola-asturias-es-la-region-mas-consumidora-de-energia-electrica-per-capita-de-toda-espana\/","title":{"rendered":"Pola: \u201cAsturias es la regi\u00f3n m\u00e1s consumidora de energ\u00eda el\u00e9ctrica per c\u00e1pita de toda Espa\u00f1a\u201d"},"content":{"rendered":"<p><img fetchpriority=\"high\" decoding=\"async\" class=\"alignleft size-medium wp-image-101067\" src=\"https:\/\/candas365.es\/noticias\/wp-content\/uploads\/2018\/07\/transicion-energetica-360x255.jpg\" alt=\"\" width=\"360\" height=\"255\" srcset=\"https:\/\/candas365.es\/noticias\/wp-content\/uploads\/2018\/07\/transicion-energetica-360x255.jpg 360w, https:\/\/candas365.es\/noticias\/wp-content\/uploads\/2018\/07\/transicion-energetica-768x545.jpg 768w, https:\/\/candas365.es\/noticias\/wp-content\/uploads\/2018\/07\/transicion-energetica-655x465.jpg 655w, https:\/\/candas365.es\/noticias\/wp-content\/uploads\/2018\/07\/transicion-energetica-100x70.jpg 100w, https:\/\/candas365.es\/noticias\/wp-content\/uploads\/2018\/07\/transicion-energetica-696x494.jpg 696w, https:\/\/candas365.es\/noticias\/wp-content\/uploads\/2018\/07\/transicion-energetica-1068x758.jpg 1068w, https:\/\/candas365.es\/noticias\/wp-content\/uploads\/2018\/07\/transicion-energetica-592x420.jpg 592w, https:\/\/candas365.es\/noticias\/wp-content\/uploads\/2018\/07\/transicion-energetica.jpg 1280w\" sizes=\"(max-width: 360px) 100vw, 360px\" \/>El consejero de Empleo, Industria y Turismo, Isaac Pola, declar\u00f3 este martes en rueda de prensa los detalles sobre la jornada \u201cSmart Energy: las v\u00edas hacia la transici\u00f3n energ\u00e9tica\u201d y asegur\u00f3 que Asturias es la regi\u00f3n m\u00e1s electro-intensiva y\u00a0 la mayor consumidora de energ\u00eda el\u00e9ctrica per c\u00e1pita de toda Espa\u00f1a.<\/p>\n<p>\u201cAsturias es un caso muy especial y muy singular dentro del entorno nacional, dado que es la \u00fanica regi\u00f3n en la que el sector industrial es el sector dominante de la estructura de consumo de energ\u00eda final en el aspecto energ\u00e9tico. Tenemos instalada en nuestra regi\u00f3n un sector industrial muy potente y adem\u00e1s est\u00e1n todas las industrias electro- intensivas del pa\u00eds. Asturias es la regi\u00f3n m\u00e1s electro-intensiva, la mayor consumidora de energ\u00eda el\u00e9ctrica per c\u00e1pita del pa\u00eds. Lo cual la hace especialmente sensible a un proceso como es el de la transici\u00f3n energ\u00e9tica en el que actualmente estamos dando los primeros pasos\u201d, afirm\u00f3 Pola.<\/p>\n<p>Asimismo destac\u00f3 que en Asturias el sector energ\u00e9tico es un sector inductor de actividades industriales.<\/p>\n<p>\u201cHoy tenemos con nosotros a un selecto grupo de empresas industriales de la regi\u00f3n que ilustran un poco lo que va a ser el contenido de la jornada, que no es m\u00e1s que ese binomio industria-energ\u00eda que es paradigm\u00e1tico en nuestra regi\u00f3n. El sector energ\u00e9tico es un sector productivo y adem\u00e1s es un sector inductor de actividades industriales\u201d, puntualiz\u00f3 el Consejero de Empleo, Industria y Turismo.<\/p>\n<p>Finalmente se\u00f1al\u00f3 que la energ\u00eda el\u00e9ctrica constituye un par\u00e1metro de coste important\u00edsimo que influye directamente en su competitividad a nivel empresarial.<\/p>\n<p>\u201cTenemos una preocupaci\u00f3n habitual por el par\u00e1metro precio de la energ\u00eda el\u00e9ctrica que es un factor determinante en t\u00e9rminos de competitividad, hay que tener en cuenta que todas estas empresas compiten en mercados mundiales y que la energ\u00eda el\u00e9ctrica constituye un par\u00e1metro de coste important\u00edsimo para muchas de ellas y por tanto influye de manera determinante sobre su competitividad\u201d, concluy\u00f3.<\/p>\n<p>Soraya P\u00e9rez<\/p>\n","protected":false},"excerpt":{"rendered":"<p>El consejero de Empleo, Industria y Turismo, Isaac Pola, declar\u00f3 este martes en rueda de prensa los detalles sobre la jornada \u201cSmart Energy: las v\u00edas hacia la transici\u00f3n energ\u00e9tica\u201d y asegur\u00f3 que Asturias es la regi\u00f3n m\u00e1s electro-intensiva y\u00a0 la mayor consumidora de energ\u00eda el\u00e9ctrica per c\u00e1pita de toda Espa\u00f1a. \u201cAsturias es un caso muy<\/p>\n","protected":false},"author":1,"featured_media":101067,"comment_status":"closed","ping_status":"closed","sticky":false,"template":"","format":"standard","meta":{"footnotes":""},"categories":[7],"tags":[],"class_list":{"0":"post-101066","1":"post","2":"type-post","3":"status-publish","4":"format-standard","5":"has-post-thumbnail","7":"category-asturias"},"aioseo_notices":[],"aioseo_head":"\n\t\t<!-- All in One SEO Pro 4.9.6.2 - aioseo.com -->\n\t<meta name=\"description\" content=\"El consejero de Empleo, Industria y Turismo, Isaac Pola, declar\u00f3 este martes en rueda de prensa los detalles sobre la jornada \u201cSmart Energy: las v\u00edas hacia la transici\u00f3n energ\u00e9tica\u201d y asegur\u00f3 que Asturias es la regi\u00f3n m\u00e1s electro-intensiva y la mayor consumidora de energ\u00eda el\u00e9ctrica per c\u00e1pita de toda Espa\u00f1a. \u201cAsturias es un caso muy\" \/>\n\t<meta name=\"robots\" content=\"max-image-preview:large\" \/>\n\t<meta name=\"author\" content=\"Cand\u00e1s 365\"\/>\n\t<meta name=\"google-site-verification\" content=\"UA-32230408-1\" \/>\n\t<meta name=\"msvalidate.01\" content=\"354F3CDFB2DA171B47FBE9ABF1F88D5\" \/>\n\t<meta name=\"keywords\" content=\"asturias\" \/>\n\t<link rel=\"canonical\" href=\"https:\/\/candas365.es\/noticias\/pola-asturias-es-la-region-mas-consumidora-de-energia-electrica-per-capita-de-toda-espana\/\" \/>\n\t<meta name=\"generator\" content=\"All in One SEO Pro (AIOSEO) 4.9.6.2\" \/>\n\t\t<meta property=\"og:locale\" content=\"es_ES\" \/>\n\t\t<meta property=\"og:site_name\" content=\"Cand\u00e1s 365\" \/>\n\t\t<meta property=\"og:type\" content=\"article\" \/>\n\t\t<meta property=\"og:title\" content=\"Pola: \u201cAsturias es la regi\u00f3n m\u00e1s consumidora de energ\u00eda el\u00e9ctrica per c\u00e1pita de toda Espa\u00f1a\u201d | Cand\u00e1s 365\" \/>\n\t\t<meta property=\"og:description\" content=\"El consejero de Empleo, Industria y Turismo, Isaac Pola, declar\u00f3 este martes en rueda de prensa los detalles sobre la jornada \u201cSmart Energy: las v\u00edas hacia la transici\u00f3n energ\u00e9tica\u201d y asegur\u00f3 que Asturias es la regi\u00f3n m\u00e1s electro-intensiva y la mayor consumidora de energ\u00eda el\u00e9ctrica per c\u00e1pita de toda Espa\u00f1a. \u201cAsturias es un caso muy\" \/>\n\t\t<meta property=\"og:url\" content=\"https:\/\/candas365.es\/noticias\/pola-asturias-es-la-region-mas-consumidora-de-energia-electrica-per-capita-de-toda-espana\/\" \/>\n\t\t<meta property=\"og:image\" content=\"https:\/\/candas365.es\/noticias\/wp-content\/uploads\/2018\/07\/transicion-energetica.jpg\" \/>\n\t\t<meta property=\"og:image:secure_url\" content=\"https:\/\/candas365.es\/noticias\/wp-content\/uploads\/2018\/07\/transicion-energetica.jpg\" \/>\n\t\t<meta property=\"og:image:width\" content=\"1280\" \/>\n\t\t<meta property=\"og:image:height\" content=\"908\" \/>\n\t\t<meta property=\"article:published_time\" content=\"2018-07-24T13:58:08+00:00\" \/>\n\t\t<meta property=\"article:modified_time\" content=\"2018-07-24T14:10:14+00:00\" \/>\n\t\t<meta property=\"article:publisher\" content=\"https:\/\/www.facebook.com\/Nachofdezber\" \/>\n\t\t<meta property=\"article:author\" content=\"https:\/\/www.facebook.com\/carrenoactualidad\" \/>\n\t\t<meta name=\"twitter:card\" content=\"summary_large_image\" \/>\n\t\t<meta name=\"twitter:site\" content=\"@NabercoDigital\" \/>\n\t\t<meta name=\"twitter:title\" content=\"Pola: \u201cAsturias es la regi\u00f3n m\u00e1s consumidora de energ\u00eda el\u00e9ctrica per c\u00e1pita de toda Espa\u00f1a\u201d | Cand\u00e1s 365\" \/>\n\t\t<meta name=\"twitter:description\" content=\"El consejero de Empleo, Industria y Turismo, Isaac Pola, declar\u00f3 este martes en rueda de prensa los detalles sobre la jornada \u201cSmart Energy: las v\u00edas hacia la transici\u00f3n energ\u00e9tica\u201d y asegur\u00f3 que Asturias es la regi\u00f3n m\u00e1s electro-intensiva y la mayor consumidora de energ\u00eda el\u00e9ctrica per c\u00e1pita de toda Espa\u00f1a. \u201cAsturias es un caso muy\" \/>\n\t\t<meta name=\"twitter:creator\" content=\"@nbasturias\" \/>\n\t\t<meta name=\"twitter:image\" content=\"https:\/\/candas365.es\/noticias\/wp-content\/uploads\/2018\/07\/transicion-energetica.jpg\" \/>\n\t\t<meta name=\"twitter:label1\" content=\"Escrito por\" \/>\n\t\t<meta name=\"twitter:data1\" content=\"Cand\u00e1s 365\" \/>\n\t\t<meta name=\"twitter:label2\" content=\"Tiempo de lectura estimado\" \/>\n\t\t<meta name=\"twitter:data2\" content=\"2 minutos\" \/>\n\t\t<script type=\"application\/ld+json\" class=\"aioseo-schema\">\n\t\t\t{\"@context\":\"https:\\\/\\\/schema.org\",\"@graph\":[{\"@type\":\"BreadcrumbList\",\"@id\":\"https:\\\/\\\/candas365.es\\\/noticias\\\/pola-asturias-es-la-region-mas-consumidora-de-energia-electrica-per-capita-de-toda-espana\\\/#breadcrumblist\",\"itemListElement\":[{\"@type\":\"ListItem\",\"@id\":\"https:\\\/\\\/candas365.es\\\/noticias#listItem\",\"position\":1,\"name\":\"Home\",\"item\":\"https:\\\/\\\/candas365.es\\\/noticias\",\"nextItem\":{\"@type\":\"ListItem\",\"@id\":\"https:\\\/\\\/candas365.es\\\/noticias\\\/category\\\/asturias\\\/#listItem\",\"name\":\"Asturias\"}},{\"@type\":\"ListItem\",\"@id\":\"https:\\\/\\\/candas365.es\\\/noticias\\\/category\\\/asturias\\\/#listItem\",\"position\":2,\"name\":\"Asturias\",\"item\":\"https:\\\/\\\/candas365.es\\\/noticias\\\/category\\\/asturias\\\/\",\"nextItem\":{\"@type\":\"ListItem\",\"@id\":\"https:\\\/\\\/candas365.es\\\/noticias\\\/pola-asturias-es-la-region-mas-consumidora-de-energia-electrica-per-capita-de-toda-espana\\\/#listItem\",\"name\":\"Pola: \\u201cAsturias es la regi\\u00f3n m\\u00e1s consumidora de energ\\u00eda el\\u00e9ctrica per c\\u00e1pita de toda Espa\\u00f1a\\u201d\"},\"previousItem\":{\"@type\":\"ListItem\",\"@id\":\"https:\\\/\\\/candas365.es\\\/noticias#listItem\",\"name\":\"Home\"}},{\"@type\":\"ListItem\",\"@id\":\"https:\\\/\\\/candas365.es\\\/noticias\\\/pola-asturias-es-la-region-mas-consumidora-de-energia-electrica-per-capita-de-toda-espana\\\/#listItem\",\"position\":3,\"name\":\"Pola: \\u201cAsturias es la regi\\u00f3n m\\u00e1s consumidora de energ\\u00eda el\\u00e9ctrica per c\\u00e1pita de toda Espa\\u00f1a\\u201d\",\"previousItem\":{\"@type\":\"ListItem\",\"@id\":\"https:\\\/\\\/candas365.es\\\/noticias\\\/category\\\/asturias\\\/#listItem\",\"name\":\"Asturias\"}}]},{\"@type\":\"NewsArticle\",\"@id\":\"https:\\\/\\\/candas365.es\\\/noticias\\\/pola-asturias-es-la-region-mas-consumidora-de-energia-electrica-per-capita-de-toda-espana\\\/#newsarticle\",\"name\":\"Pola: \\u201cAsturias es la regi\\u00f3n m\\u00e1s consumidora de energ\\u00eda el\\u00e9ctrica per c\\u00e1pita de toda Espa\\u00f1a\\u201d | Cand\\u00e1s 365\",\"headline\":\"Pola: \\u201cAsturias es la regi\\u00f3n m\\u00e1s consumidora de energ\\u00eda el\\u00e9ctrica per c\\u00e1pita de toda Espa\\u00f1a\\u201d\",\"author\":{\"@id\":\"https:\\\/\\\/candas365.es\\\/noticias\\\/author\\\/admin\\\/#author\"},\"publisher\":{\"@id\":\"https:\\\/\\\/candas365.es\\\/noticias\\\/#organization\"},\"image\":{\"@type\":\"ImageObject\",\"url\":\"https:\\\/\\\/candas365.es\\\/noticias\\\/wp-content\\\/uploads\\\/2018\\\/07\\\/transicion-energetica.jpg\",\"width\":1280,\"height\":908},\"datePublished\":\"2018-07-24T13:58:08+02:00\",\"dateModified\":\"2018-07-24T14:10:14+02:00\",\"inLanguage\":\"es-ES\",\"mainEntityOfPage\":{\"@id\":\"https:\\\/\\\/candas365.es\\\/noticias\\\/pola-asturias-es-la-region-mas-consumidora-de-energia-electrica-per-capita-de-toda-espana\\\/#webpage\"},\"isPartOf\":{\"@id\":\"https:\\\/\\\/candas365.es\\\/noticias\\\/pola-asturias-es-la-region-mas-consumidora-de-energia-electrica-per-capita-de-toda-espana\\\/#webpage\"},\"articleSection\":\"Asturias\",\"dateline\":\"Publicado el julio 24, 2018.\"},{\"@type\":\"Organization\",\"@id\":\"https:\\\/\\\/candas365.es\\\/noticias\\\/#organization\",\"name\":\"Cand\\u00e1s 365\",\"description\":\"Cand\\u00e1s 365 es un diario digital independiente, fundado en 2012, con base en Asturias. Informamos con rigor sobre actualidad, sociedad, cultura y ocio, con una mirada local y global.\",\"url\":\"https:\\\/\\\/candas365.es\\\/noticias\\\/\",\"email\":\"info@candas365.es\",\"telephone\":\"+34652131393\",\"foundingDate\":\"2012-06-10\",\"logo\":{\"@type\":\"ImageObject\",\"url\":\"https:\\\/\\\/candas365.es\\\/noticias\\\/wp-content\\\/uploads\\\/2024\\\/09\\\/Candas-365-Redes.jpg\",\"@id\":\"https:\\\/\\\/candas365.es\\\/noticias\\\/pola-asturias-es-la-region-mas-consumidora-de-energia-electrica-per-capita-de-toda-espana\\\/#organizationLogo\",\"width\":1152,\"height\":864,\"caption\":\"Cand\\u00e1s 365 Redes\"},\"image\":{\"@id\":\"https:\\\/\\\/candas365.es\\\/noticias\\\/pola-asturias-es-la-region-mas-consumidora-de-energia-electrica-per-capita-de-toda-espana\\\/#organizationLogo\"},\"sameAs\":[\"https:\\\/\\\/www.facebook.com\\\/Nachofdezber\",\"https:\\\/\\\/x.com\\\/NabercoDigital\",\"https:\\\/\\\/www.instagram.com\\\/nachofdezber\\\/\",\"https:\\\/\\\/www.youtube.com\\\/channel\\\/UCZP-2wLEB9Rv6erhFmqVnvg\"],\"address\":{\"@id\":\"https:\\\/\\\/candas365.es\\\/noticias\\\/#postaladdress\",\"@type\":\"PostalAddress\",\"streetAddress\":\"san antonio 4, san antonio 4\",\"postalCode\":\"33430\",\"addressLocality\":\"Cand\\u00e1s\",\"addressRegion\":\"Asturias\",\"addressCountry\":\"ES\"}},{\"@type\":\"Person\",\"@id\":\"https:\\\/\\\/candas365.es\\\/noticias\\\/author\\\/admin\\\/#author\",\"url\":\"https:\\\/\\\/candas365.es\\\/noticias\\\/author\\\/admin\\\/\",\"name\":\"Cand\\u00e1s 365\",\"image\":{\"@type\":\"ImageObject\",\"@id\":\"https:\\\/\\\/candas365.es\\\/noticias\\\/pola-asturias-es-la-region-mas-consumidora-de-energia-electrica-per-capita-de-toda-espana\\\/#authorImage\",\"url\":\"https:\\\/\\\/secure.gravatar.com\\\/avatar\\\/496a8e03d0c493ede1718b7934145dbdf8d89be1036b0eec9544e1094c9de390?s=96&d=mm&r=g\",\"width\":96,\"height\":96,\"caption\":\"Cand\\u00e1s 365\"},\"sameAs\":[\"https:\\\/\\\/www.facebook.com\\\/carrenoactualidad\",\"https:\\\/\\\/twitter.com\\\/nbasturias\",\"https:\\\/\\\/www.instagram.com\\\/nachofdezber\\\/\",\"https:\\\/\\\/www.youtube.com\\\/channel\\\/UCZP-2wLEB9Rv6erhFmqVnvg\"]},{\"@type\":\"WebPage\",\"@id\":\"https:\\\/\\\/candas365.es\\\/noticias\\\/pola-asturias-es-la-region-mas-consumidora-de-energia-electrica-per-capita-de-toda-espana\\\/#webpage\",\"url\":\"https:\\\/\\\/candas365.es\\\/noticias\\\/pola-asturias-es-la-region-mas-consumidora-de-energia-electrica-per-capita-de-toda-espana\\\/\",\"name\":\"Pola: \\u201cAsturias es la regi\\u00f3n m\\u00e1s consumidora de energ\\u00eda el\\u00e9ctrica per c\\u00e1pita de toda Espa\\u00f1a\\u201d | Cand\\u00e1s 365\",\"description\":\"El consejero de Empleo, Industria y Turismo, Isaac Pola, declar\\u00f3 este martes en rueda de prensa los detalles sobre la jornada \\u201cSmart Energy: las v\\u00edas hacia la transici\\u00f3n energ\\u00e9tica\\u201d y asegur\\u00f3 que Asturias es la regi\\u00f3n m\\u00e1s electro-intensiva y la mayor consumidora de energ\\u00eda el\\u00e9ctrica per c\\u00e1pita de toda Espa\\u00f1a. \\u201cAsturias es un caso muy\",\"inLanguage\":\"es-ES\",\"isPartOf\":{\"@id\":\"https:\\\/\\\/candas365.es\\\/noticias\\\/#website\"},\"breadcrumb\":{\"@id\":\"https:\\\/\\\/candas365.es\\\/noticias\\\/pola-asturias-es-la-region-mas-consumidora-de-energia-electrica-per-capita-de-toda-espana\\\/#breadcrumblist\"},\"author\":{\"@id\":\"https:\\\/\\\/candas365.es\\\/noticias\\\/author\\\/admin\\\/#author\"},\"creator\":{\"@id\":\"https:\\\/\\\/candas365.es\\\/noticias\\\/author\\\/admin\\\/#author\"},\"image\":{\"@type\":\"ImageObject\",\"url\":\"https:\\\/\\\/candas365.es\\\/noticias\\\/wp-content\\\/uploads\\\/2018\\\/07\\\/transicion-energetica.jpg\",\"@id\":\"https:\\\/\\\/candas365.es\\\/noticias\\\/pola-asturias-es-la-region-mas-consumidora-de-energia-electrica-per-capita-de-toda-espana\\\/#mainImage\",\"width\":1280,\"height\":908},\"primaryImageOfPage\":{\"@id\":\"https:\\\/\\\/candas365.es\\\/noticias\\\/pola-asturias-es-la-region-mas-consumidora-de-energia-electrica-per-capita-de-toda-espana\\\/#mainImage\"},\"datePublished\":\"2018-07-24T13:58:08+02:00\",\"dateModified\":\"2018-07-24T14:10:14+02:00\"},{\"@type\":\"WebSite\",\"@id\":\"https:\\\/\\\/candas365.es\\\/noticias\\\/#website\",\"url\":\"https:\\\/\\\/candas365.es\\\/noticias\\\/\",\"name\":\"Cand\\u00e1s 365\",\"alternateName\":\"Cand\\u00e1s 365 Noticias\",\"description\":\"Actualidad desde Carre\\u00f1o para el mundo\",\"inLanguage\":\"es-ES\",\"publisher\":{\"@id\":\"https:\\\/\\\/candas365.es\\\/noticias\\\/#organization\"}}]}\n\t\t<\/script>\n\t\t<!-- All in One SEO Pro -->\r\n\t\t<title>Pola: \u201cAsturias es la regi\u00f3n m\u00e1s consumidora de energ\u00eda el\u00e9ctrica per c\u00e1pita de toda Espa\u00f1a\u201d | Cand\u00e1s 365<\/title>\n\n","aioseo_head_json":{"title":"Pola: \u201cAsturias es la regi\u00f3n m\u00e1s consumidora de energ\u00eda el\u00e9ctrica per c\u00e1pita de toda Espa\u00f1a\u201d | Cand\u00e1s 365","description":"El consejero de Empleo, Industria y Turismo, Isaac Pola, declar\u00f3 este martes en rueda de prensa los detalles sobre la jornada \u201cSmart Energy: las v\u00edas hacia la transici\u00f3n energ\u00e9tica\u201d y asegur\u00f3 que Asturias es la regi\u00f3n m\u00e1s electro-intensiva y la mayor consumidora de energ\u00eda el\u00e9ctrica per c\u00e1pita de toda Espa\u00f1a. \u201cAsturias es un caso muy","canonical_url":"https:\/\/candas365.es\/noticias\/pola-asturias-es-la-region-mas-consumidora-de-energia-electrica-per-capita-de-toda-espana\/","robots":"max-image-preview:large","keywords":"asturias","webmasterTools":{"google-site-verification":"UA-32230408-1","msvalidate.01":"354F3CDFB2DA171B47FBE9ABF1F88D5","miscellaneous":""},"schema":{"@context":"https:\/\/schema.org","@graph":[{"@type":"BreadcrumbList","@id":"https:\/\/candas365.es\/noticias\/pola-asturias-es-la-region-mas-consumidora-de-energia-electrica-per-capita-de-toda-espana\/#breadcrumblist","itemListElement":[{"@type":"ListItem","@id":"https:\/\/candas365.es\/noticias#listItem","position":1,"name":"Home","item":"https:\/\/candas365.es\/noticias","nextItem":{"@type":"ListItem","@id":"https:\/\/candas365.es\/noticias\/category\/asturias\/#listItem","name":"Asturias"}},{"@type":"ListItem","@id":"https:\/\/candas365.es\/noticias\/category\/asturias\/#listItem","position":2,"name":"Asturias","item":"https:\/\/candas365.es\/noticias\/category\/asturias\/","nextItem":{"@type":"ListItem","@id":"https:\/\/candas365.es\/noticias\/pola-asturias-es-la-region-mas-consumidora-de-energia-electrica-per-capita-de-toda-espana\/#listItem","name":"Pola: \u201cAsturias es la regi\u00f3n m\u00e1s consumidora de energ\u00eda el\u00e9ctrica per c\u00e1pita de toda Espa\u00f1a\u201d"},"previousItem":{"@type":"ListItem","@id":"https:\/\/candas365.es\/noticias#listItem","name":"Home"}},{"@type":"ListItem","@id":"https:\/\/candas365.es\/noticias\/pola-asturias-es-la-region-mas-consumidora-de-energia-electrica-per-capita-de-toda-espana\/#listItem","position":3,"name":"Pola: \u201cAsturias es la regi\u00f3n m\u00e1s consumidora de energ\u00eda el\u00e9ctrica per c\u00e1pita de toda Espa\u00f1a\u201d","previousItem":{"@type":"ListItem","@id":"https:\/\/candas365.es\/noticias\/category\/asturias\/#listItem","name":"Asturias"}}]},{"@type":"NewsArticle","@id":"https:\/\/candas365.es\/noticias\/pola-asturias-es-la-region-mas-consumidora-de-energia-electrica-per-capita-de-toda-espana\/#newsarticle","name":"Pola: \u201cAsturias es la regi\u00f3n m\u00e1s consumidora de energ\u00eda el\u00e9ctrica per c\u00e1pita de toda Espa\u00f1a\u201d | Cand\u00e1s 365","headline":"Pola: \u201cAsturias es la regi\u00f3n m\u00e1s consumidora de energ\u00eda el\u00e9ctrica per c\u00e1pita de toda Espa\u00f1a\u201d","author":{"@id":"https:\/\/candas365.es\/noticias\/author\/admin\/#author"},"publisher":{"@id":"https:\/\/candas365.es\/noticias\/#organization"},"image":{"@type":"ImageObject","url":"https:\/\/candas365.es\/noticias\/wp-content\/uploads\/2018\/07\/transicion-energetica.jpg","width":1280,"height":908},"datePublished":"2018-07-24T13:58:08+02:00","dateModified":"2018-07-24T14:10:14+02:00","inLanguage":"es-ES","mainEntityOfPage":{"@id":"https:\/\/candas365.es\/noticias\/pola-asturias-es-la-region-mas-consumidora-de-energia-electrica-per-capita-de-toda-espana\/#webpage"},"isPartOf":{"@id":"https:\/\/candas365.es\/noticias\/pola-asturias-es-la-region-mas-consumidora-de-energia-electrica-per-capita-de-toda-espana\/#webpage"},"articleSection":"Asturias","dateline":"Publicado el julio 24, 2018."},{"@type":"Organization","@id":"https:\/\/candas365.es\/noticias\/#organization","name":"Cand\u00e1s 365","description":"Cand\u00e1s 365 es un diario digital independiente, fundado en 2012, con base en Asturias. Informamos con rigor sobre actualidad, sociedad, cultura y ocio, con una mirada local y global.","url":"https:\/\/candas365.es\/noticias\/","email":"info@candas365.es","telephone":"+34652131393","foundingDate":"2012-06-10","logo":{"@type":"ImageObject","url":"https:\/\/candas365.es\/noticias\/wp-content\/uploads\/2024\/09\/Candas-365-Redes.jpg","@id":"https:\/\/candas365.es\/noticias\/pola-asturias-es-la-region-mas-consumidora-de-energia-electrica-per-capita-de-toda-espana\/#organizationLogo","width":1152,"height":864,"caption":"Cand\u00e1s 365 Redes"},"image":{"@id":"https:\/\/candas365.es\/noticias\/pola-asturias-es-la-region-mas-consumidora-de-energia-electrica-per-capita-de-toda-espana\/#organizationLogo"},"sameAs":["https:\/\/www.facebook.com\/Nachofdezber","https:\/\/x.com\/NabercoDigital","https:\/\/www.instagram.com\/nachofdezber\/","https:\/\/www.youtube.com\/channel\/UCZP-2wLEB9Rv6erhFmqVnvg"],"address":{"@id":"https:\/\/candas365.es\/noticias\/#postaladdress","@type":"PostalAddress","streetAddress":"san antonio 4, san antonio 4","postalCode":"33430","addressLocality":"Cand\u00e1s","addressRegion":"Asturias","addressCountry":"ES"}},{"@type":"Person","@id":"https:\/\/candas365.es\/noticias\/author\/admin\/#author","url":"https:\/\/candas365.es\/noticias\/author\/admin\/","name":"Cand\u00e1s 365","image":{"@type":"ImageObject","@id":"https:\/\/candas365.es\/noticias\/pola-asturias-es-la-region-mas-consumidora-de-energia-electrica-per-capita-de-toda-espana\/#authorImage","url":"https:\/\/secure.gravatar.com\/avatar\/496a8e03d0c493ede1718b7934145dbdf8d89be1036b0eec9544e1094c9de390?s=96&d=mm&r=g","width":96,"height":96,"caption":"Cand\u00e1s 365"},"sameAs":["https:\/\/www.facebook.com\/carrenoactualidad","https:\/\/twitter.com\/nbasturias","https:\/\/www.instagram.com\/nachofdezber\/","https:\/\/www.youtube.com\/channel\/UCZP-2wLEB9Rv6erhFmqVnvg"]},{"@type":"WebPage","@id":"https:\/\/candas365.es\/noticias\/pola-asturias-es-la-region-mas-consumidora-de-energia-electrica-per-capita-de-toda-espana\/#webpage","url":"https:\/\/candas365.es\/noticias\/pola-asturias-es-la-region-mas-consumidora-de-energia-electrica-per-capita-de-toda-espana\/","name":"Pola: \u201cAsturias es la regi\u00f3n m\u00e1s consumidora de energ\u00eda el\u00e9ctrica per c\u00e1pita de toda Espa\u00f1a\u201d | Cand\u00e1s 365","description":"El consejero de Empleo, Industria y Turismo, Isaac Pola, declar\u00f3 este martes en rueda de prensa los detalles sobre la jornada \u201cSmart Energy: las v\u00edas hacia la transici\u00f3n energ\u00e9tica\u201d y asegur\u00f3 que Asturias es la regi\u00f3n m\u00e1s electro-intensiva y la mayor consumidora de energ\u00eda el\u00e9ctrica per c\u00e1pita de toda Espa\u00f1a. \u201cAsturias es un caso muy","inLanguage":"es-ES","isPartOf":{"@id":"https:\/\/candas365.es\/noticias\/#website"},"breadcrumb":{"@id":"https:\/\/candas365.es\/noticias\/pola-asturias-es-la-region-mas-consumidora-de-energia-electrica-per-capita-de-toda-espana\/#breadcrumblist"},"author":{"@id":"https:\/\/candas365.es\/noticias\/author\/admin\/#author"},"creator":{"@id":"https:\/\/candas365.es\/noticias\/author\/admin\/#author"},"image":{"@type":"ImageObject","url":"https:\/\/candas365.es\/noticias\/wp-content\/uploads\/2018\/07\/transicion-energetica.jpg","@id":"https:\/\/candas365.es\/noticias\/pola-asturias-es-la-region-mas-consumidora-de-energia-electrica-per-capita-de-toda-espana\/#mainImage","width":1280,"height":908},"primaryImageOfPage":{"@id":"https:\/\/candas365.es\/noticias\/pola-asturias-es-la-region-mas-consumidora-de-energia-electrica-per-capita-de-toda-espana\/#mainImage"},"datePublished":"2018-07-24T13:58:08+02:00","dateModified":"2018-07-24T14:10:14+02:00"},{"@type":"WebSite","@id":"https:\/\/candas365.es\/noticias\/#website","url":"https:\/\/candas365.es\/noticias\/","name":"Cand\u00e1s 365","alternateName":"Cand\u00e1s 365 Noticias","description":"Actualidad desde Carre\u00f1o para el mundo","inLanguage":"es-ES","publisher":{"@id":"https:\/\/candas365.es\/noticias\/#organization"}}]},"og:locale":"es_ES","og:site_name":"Cand\u00e1s 365","og:type":"article","og:title":"Pola: \u201cAsturias es la regi\u00f3n m\u00e1s consumidora de energ\u00eda el\u00e9ctrica per c\u00e1pita de toda Espa\u00f1a\u201d | Cand\u00e1s 365","og:description":"El consejero de Empleo, Industria y Turismo, Isaac Pola, declar\u00f3 este martes en rueda de prensa los detalles sobre la jornada \u201cSmart Energy: las v\u00edas hacia la transici\u00f3n energ\u00e9tica\u201d y asegur\u00f3 que Asturias es la regi\u00f3n m\u00e1s electro-intensiva y la mayor consumidora de energ\u00eda el\u00e9ctrica per c\u00e1pita de toda Espa\u00f1a. \u201cAsturias es un caso muy","og:url":"https:\/\/candas365.es\/noticias\/pola-asturias-es-la-region-mas-consumidora-de-energia-electrica-per-capita-de-toda-espana\/","og:image":"https:\/\/candas365.es\/noticias\/wp-content\/uploads\/2018\/07\/transicion-energetica.jpg","og:image:secure_url":"https:\/\/candas365.es\/noticias\/wp-content\/uploads\/2018\/07\/transicion-energetica.jpg","og:image:width":1280,"og:image:height":908,"article:published_time":"2018-07-24T13:58:08+00:00","article:modified_time":"2018-07-24T14:10:14+00:00","article:publisher":"https:\/\/www.facebook.com\/Nachofdezber","article:author":"https:\/\/www.facebook.com\/carrenoactualidad","twitter:card":"summary_large_image","twitter:site":"@NabercoDigital","twitter:title":"Pola: \u201cAsturias es la regi\u00f3n m\u00e1s consumidora de energ\u00eda el\u00e9ctrica per c\u00e1pita de toda Espa\u00f1a\u201d | Cand\u00e1s 365","twitter:description":"El consejero de Empleo, Industria y Turismo, Isaac Pola, declar\u00f3 este martes en rueda de prensa los detalles sobre la jornada \u201cSmart Energy: las v\u00edas hacia la transici\u00f3n energ\u00e9tica\u201d y asegur\u00f3 que Asturias es la regi\u00f3n m\u00e1s electro-intensiva y la mayor consumidora de energ\u00eda el\u00e9ctrica per c\u00e1pita de toda Espa\u00f1a. \u201cAsturias es un caso muy","twitter:creator":"@nbasturias","twitter:image":"https:\/\/candas365.es\/noticias\/wp-content\/uploads\/2018\/07\/transicion-energetica.jpg","twitter:label1":"Escrito por","twitter:data1":"Cand\u00e1s 365","twitter:label2":"Tiempo de lectura estimado","twitter:data2":"2 minutos"},"aioseo_meta_data":{"post_id":"101066","title":null,"description":null,"keywords":null,"keyphrases":null,"primary_term":null,"canonical_url":null,"og_title":null,"og_description":null,"og_object_type":"default","og_image_type":"default","og_image_url":null,"og_image_width":null,"og_image_height":null,"og_image_custom_url":null,"og_image_custom_fields":null,"og_video":null,"og_custom_url":null,"og_article_section":null,"og_article_tags":null,"twitter_use_og":false,"twitter_card":"default","twitter_image_type":"default","twitter_image_url":null,"twitter_image_custom_url":null,"twitter_image_custom_fields":null,"twitter_title":null,"twitter_description":null,"schema":{"blockGraphs":[],"customGraphs":[],"default":{"data":{"Article":[],"Course":[],"Dataset":[],"FAQPage":[],"Movie":[],"Person":[],"Product":[],"ProductReview":[],"Car":[],"Recipe":[],"Service":[],"SoftwareApplication":[],"WebPage":[]},"graphName":"","isEnabled":true},"graphs":[],"defaultGraph":"","defaultPostTypeGraph":""},"schema_type":null,"schema_type_options":null,"pillar_content":false,"robots_default":true,"robots_noindex":false,"robots_noarchive":false,"robots_nosnippet":false,"robots_nofollow":false,"robots_noimageindex":false,"robots_noodp":false,"robots_notranslate":false,"robots_max_snippet":null,"robots_max_videopreview":null,"robots_max_imagepreview":"large","priority":null,"frequency":null,"location":null,"local_seo":null,"seo_analyzer_scan_date":"2025-08-27 10:32:08","breadcrumb_settings":null,"limit_modified_date":false,"reviewed_by":null,"open_ai":null,"ai":null,"created":"2020-12-21 11:48:13","updated":"2025-08-27 10:32:08"},"aioseo_breadcrumb":"<div class=\"aioseo-breadcrumbs\"><span class=\"aioseo-breadcrumb\">\n\t<a href=\"https:\/\/candas365.es\/noticias\" title=\"Home\">Home<\/a>\n<\/span><span class=\"aioseo-breadcrumb-separator\">&ndash;<\/span><span class=\"aioseo-breadcrumb\">\n\t<a href=\"https:\/\/candas365.es\/noticias\/category\/asturias\/\" title=\"Asturias\">Asturias<\/a>\n<\/span><span class=\"aioseo-breadcrumb-separator\">&ndash;<\/span><span class=\"aioseo-breadcrumb\">\n\tPola: \u201cAsturias es la regi\u00f3n m\u00e1s consumidora de energ\u00eda el\u00e9ctrica per c\u00e1pita de toda Espa\u00f1a\u201d\n<\/span><\/div>","aioseo_breadcrumb_json":[{"label":"Home","link":"https:\/\/candas365.es\/noticias"},{"label":"Asturias","link":"https:\/\/candas365.es\/noticias\/category\/asturias\/"},{"label":"Pola: \u201cAsturias es la regi\u00f3n m\u00e1s consumidora de energ\u00eda el\u00e9ctrica per c\u00e1pita de toda Espa\u00f1a\u201d","link":"https:\/\/candas365.es\/noticias\/pola-asturias-es-la-region-mas-consumidora-de-energia-electrica-per-capita-de-toda-espana\/"}],"_links":{"self":[{"href":"https:\/\/candas365.es\/noticias\/wp-json\/wp\/v2\/posts\/101066","targetHints":{"allow":["GET"]}}],"collection":[{"href":"https:\/\/candas365.es\/noticias\/wp-json\/wp\/v2\/posts"}],"about":[{"href":"https:\/\/candas365.es\/noticias\/wp-json\/wp\/v2\/types\/post"}],"author":[{"embeddable":true,"href":"https:\/\/candas365.es\/noticias\/wp-json\/wp\/v2\/users\/1"}],"replies":[{"embeddable":true,"href":"https:\/\/candas365.es\/noticias\/wp-json\/wp\/v2\/comments?post=101066"}],"version-history":[{"count":0,"href":"https:\/\/candas365.es\/noticias\/wp-json\/wp\/v2\/posts\/101066\/revisions"}],"wp:featuredmedia":[{"embeddable":true,"href":"https:\/\/candas365.es\/noticias\/wp-json\/wp\/v2\/media\/101067"}],"wp:attachment":[{"href":"https:\/\/candas365.es\/noticias\/wp-json\/wp\/v2\/media?parent=101066"}],"wp:term":[{"taxonomy":"category","embeddable":true,"href":"https:\/\/candas365.es\/noticias\/wp-json\/wp\/v2\/categories?post=101066"},{"taxonomy":"post_tag","embeddable":true,"href":"https:\/\/candas365.es\/noticias\/wp-json\/wp\/v2\/tags?post=101066"}],"curies":[{"name":"wp","href":"https:\/\/api.w.org\/{rel}","templated":true}]}}