{"id":101063,"date":"2018-07-24T11:58:53","date_gmt":"2018-07-24T11:58:53","guid":{"rendered":"http:\/\/candas365.es\/noticias\/?p=101063"},"modified":"2018-07-24T11:58:53","modified_gmt":"2018-07-24T11:58:53","slug":"reyes-maroto-defiende-en-europa-el-comercio-y-la-industria-de-espana","status":"publish","type":"post","link":"https:\/\/candas365.es\/noticias\/reyes-maroto-defiende-en-europa-el-comercio-y-la-industria-de-espana\/","title":{"rendered":"Reyes Maroto defiende en Europa el comercio y la industria de Espa\u00f1a"},"content":{"rendered":"<p><img fetchpriority=\"high\" decoding=\"async\" class=\"alignleft size-medium wp-image-101064\" src=\"https:\/\/candas365.es\/noticias\/wp-content\/uploads\/2018\/07\/230718ReyesMaroto-360x239.jpg\" alt=\"\" width=\"360\" height=\"239\" srcset=\"https:\/\/candas365.es\/noticias\/wp-content\/uploads\/2018\/07\/230718ReyesMaroto-360x239.jpg 360w, https:\/\/candas365.es\/noticias\/wp-content\/uploads\/2018\/07\/230718ReyesMaroto.jpg 496w\" sizes=\"(max-width: 360px) 100vw, 360px\" \/>La ministra de Industria, Comercio y Turismo, Reyes Maroto, se ha desplazado a Bruselas junto a la secretaria de Estado de Comercio, Xiana M\u00e9ndez, y al secretario general de Industria y de la PYME, Ra\u00fal Blanco, para defender ante las instituciones europeas los intereses espa\u00f1oles.<\/p>\n<p>\u200bDurante su estancia en la capital belga, Reyes Maroto ha mantenido un encuentro con la comisaria europea de Comercio, Cecilia Malmstr\u00f6m, y con la comisaria de Mercado Interior, Industria, Emprendimiento y Pymes, Elzbieta Bienmkowska.<\/p>\n<p>Entre otras cuestiones, la ministra espa\u00f1ola ha abordado la imposici\u00f3n de aranceles por parte de Estados Unidos a la importaci\u00f3n de ciertos productos espa\u00f1oles, como las aceitunas negras. \u00abEspa\u00f1a respaldar\u00e1 la decisi\u00f3n de la Uni\u00f3n Europea de acudir a la OMC (Organizaci\u00f3n Mundial de Comercio) para impedir el cargo arancelario estadounidense a la importaci\u00f3n de este producto y que afecta de manera directa a la econom\u00eda espa\u00f1ola\u00bb, ha explicado Reyes Maroto.<\/p>\n<p>En opini\u00f3n de las autoridades espa\u00f1olas, la decisi\u00f3n del Ejecutivo norteamericano se tom\u00f3 de manera arbitraria, realizando una evaluaci\u00f3n incorrecta y sin otorgar suficiente tiempo para su defensa, por lo que se ha creado una indefensi\u00f3n.<\/p>\n<p>La ministra tambi\u00e9n ha expresado su preocupaci\u00f3n por el sector de la automoci\u00f3n despu\u00e9s de que el presidente norteamericano, Donald Trump, insinuase recientemente que podr\u00eda imponer unos aranceles de en torno al 20% a los veh\u00edculos importados de 28 pa\u00edses de la Uni\u00f3n Europea.<\/p>\n<p>Adem\u00e1s, la ministra de Industria, Comercio y Turismo tambi\u00e9n ha abordado en este encuentro las medidas de salvaguardia que la Uni\u00f3n Europea ha adoptado sobre 23 productos del sector del acero, que afectan de manera directa e indirecta a la industria y el comercio espa\u00f1ol, y que estar\u00e1n vigentes, al menos, durante 200 d\u00edas.<\/p>\n<p>\u00abEs una buena noticia la visita de una delegaci\u00f3n de la Comisi\u00f3n Europea encabezada por el presidente Junker a los EE.UU. con la finalidad de abrir un espacio de di\u00e1logo con el Gobierno estadounidense para recuperar la normalidad en las relaciones comerciales\u00bb, ha destacado Reyes Maroto.<\/p>\n<p>En los encuentros que la ministra ha mantenido en la capital belga, tambi\u00e9n se han tratado asuntos como el futuro de las alianzas con China, la influencia del Brexit, el apoyo a que se mantenga el \u00d3rgano de Apelaciones de la OMC, la defensa de su imparcialidad y su necesidad de rotaci\u00f3n para tener en cuenta a todos los pa\u00edses, o su intenci\u00f3n de agendar y agilizar las negociaciones con Mercosur, entre otros.<\/p>\n<p>En cuanto a la Industria, Reyes Maroto ha explicado que la estrat\u00e9gica pol\u00edtica industrial 2030 por la que apuesta el actual Ejecutivo debe tener cuatro objetivos: incrementar el peso de la industria en la econom\u00eda, mejorar las cuotas de mercado de las exportaciones de la UE en los mercados globales, aumentar el empleo industrial, y mejorar la percepci\u00f3n que tiene la sociedad.<\/p>\n","protected":false},"excerpt":{"rendered":"<p>La ministra de Industria, Comercio y Turismo, Reyes Maroto, se ha desplazado a Bruselas junto a la secretaria de Estado de Comercio, Xiana M\u00e9ndez, y al secretario general de Industria y de la PYME, Ra\u00fal Blanco, para defender ante las instituciones europeas los intereses espa\u00f1oles. \u200bDurante su estancia en la capital belga, Reyes Maroto ha<\/p>\n","protected":false},"author":1,"featured_media":101064,"comment_status":"closed","ping_status":"closed","sticky":false,"template":"","format":"standard","meta":{"footnotes":""},"categories":[343],"tags":[],"class_list":{"0":"post-101063","1":"post","2":"type-post","3":"status-publish","4":"format-standard","5":"has-post-thumbnail","7":"category-actualidad"},"aioseo_notices":[],"aioseo_head":"\n\t\t<!-- All in One SEO Pro 4.9.6.2 - aioseo.com -->\n\t<meta name=\"description\" content=\"La ministra de Industria, Comercio y Turismo, Reyes Maroto, se ha desplazado a Bruselas junto a la secretaria de Estado de Comercio, Xiana M\u00e9ndez, y al secretario general de Industria y de la PYME, Ra\u00fal Blanco, para defender ante las instituciones europeas los intereses espa\u00f1oles. \u200bDurante su estancia en la capital belga, Reyes Maroto ha\" \/>\n\t<meta name=\"robots\" content=\"max-image-preview:large\" \/>\n\t<meta name=\"author\" content=\"Cand\u00e1s 365\"\/>\n\t<meta name=\"google-site-verification\" content=\"UA-32230408-1\" \/>\n\t<meta name=\"msvalidate.01\" content=\"354F3CDFB2DA171B47FBE9ABF1F88D5\" \/>\n\t<meta name=\"keywords\" content=\"actualidad\" \/>\n\t<link rel=\"canonical\" href=\"https:\/\/candas365.es\/noticias\/reyes-maroto-defiende-en-europa-el-comercio-y-la-industria-de-espana\/\" \/>\n\t<meta name=\"generator\" content=\"All in One SEO Pro (AIOSEO) 4.9.6.2\" \/>\n\t\t<meta property=\"og:locale\" content=\"es_ES\" \/>\n\t\t<meta property=\"og:site_name\" content=\"Cand\u00e1s 365\" \/>\n\t\t<meta property=\"og:type\" content=\"article\" \/>\n\t\t<meta property=\"og:title\" content=\"Reyes Maroto defiende en Europa el comercio y la industria de Espa\u00f1a | Cand\u00e1s 365\" \/>\n\t\t<meta property=\"og:description\" content=\"La ministra de Industria, Comercio y Turismo, Reyes Maroto, se ha desplazado a Bruselas junto a la secretaria de Estado de Comercio, Xiana M\u00e9ndez, y al secretario general de Industria y de la PYME, Ra\u00fal Blanco, para defender ante las instituciones europeas los intereses espa\u00f1oles. \u200bDurante su estancia en la capital belga, Reyes Maroto ha\" \/>\n\t\t<meta property=\"og:url\" content=\"https:\/\/candas365.es\/noticias\/reyes-maroto-defiende-en-europa-el-comercio-y-la-industria-de-espana\/\" \/>\n\t\t<meta property=\"og:image\" content=\"https:\/\/candas365.es\/noticias\/wp-content\/uploads\/2018\/07\/230718ReyesMaroto.jpg\" \/>\n\t\t<meta property=\"og:image:secure_url\" content=\"https:\/\/candas365.es\/noticias\/wp-content\/uploads\/2018\/07\/230718ReyesMaroto.jpg\" \/>\n\t\t<meta property=\"og:image:width\" content=\"496\" \/>\n\t\t<meta property=\"og:image:height\" content=\"329\" \/>\n\t\t<meta property=\"article:published_time\" content=\"2018-07-24T11:58:53+00:00\" \/>\n\t\t<meta property=\"article:modified_time\" content=\"2018-07-24T11:58:53+00:00\" \/>\n\t\t<meta property=\"article:publisher\" content=\"https:\/\/www.facebook.com\/Nachofdezber\" \/>\n\t\t<meta property=\"article:author\" content=\"https:\/\/www.facebook.com\/carrenoactualidad\" \/>\n\t\t<meta name=\"twitter:card\" content=\"summary_large_image\" \/>\n\t\t<meta name=\"twitter:site\" content=\"@NabercoDigital\" \/>\n\t\t<meta name=\"twitter:title\" content=\"Reyes Maroto defiende en Europa el comercio y la industria de Espa\u00f1a | Cand\u00e1s 365\" \/>\n\t\t<meta name=\"twitter:description\" content=\"La ministra de Industria, Comercio y Turismo, Reyes Maroto, se ha desplazado a Bruselas junto a la secretaria de Estado de Comercio, Xiana M\u00e9ndez, y al secretario general de Industria y de la PYME, Ra\u00fal Blanco, para defender ante las instituciones europeas los intereses espa\u00f1oles. \u200bDurante su estancia en la capital belga, Reyes Maroto ha\" \/>\n\t\t<meta name=\"twitter:creator\" content=\"@nbasturias\" \/>\n\t\t<meta name=\"twitter:image\" content=\"https:\/\/candas365.es\/noticias\/wp-content\/uploads\/2018\/07\/230718ReyesMaroto.jpg\" \/>\n\t\t<meta name=\"twitter:label1\" content=\"Escrito por\" \/>\n\t\t<meta name=\"twitter:data1\" content=\"Cand\u00e1s 365\" \/>\n\t\t<meta name=\"twitter:label2\" content=\"Tiempo de lectura estimado\" \/>\n\t\t<meta name=\"twitter:data2\" content=\"3 minutos\" \/>\n\t\t<script type=\"application\/ld+json\" class=\"aioseo-schema\">\n\t\t\t{\"@context\":\"https:\\\/\\\/schema.org\",\"@graph\":[{\"@type\":\"BreadcrumbList\",\"@id\":\"https:\\\/\\\/candas365.es\\\/noticias\\\/reyes-maroto-defiende-en-europa-el-comercio-y-la-industria-de-espana\\\/#breadcrumblist\",\"itemListElement\":[{\"@type\":\"ListItem\",\"@id\":\"https:\\\/\\\/candas365.es\\\/noticias#listItem\",\"position\":1,\"name\":\"Home\",\"item\":\"https:\\\/\\\/candas365.es\\\/noticias\",\"nextItem\":{\"@type\":\"ListItem\",\"@id\":\"https:\\\/\\\/candas365.es\\\/noticias\\\/category\\\/actualidad\\\/#listItem\",\"name\":\"Actualidad\"}},{\"@type\":\"ListItem\",\"@id\":\"https:\\\/\\\/candas365.es\\\/noticias\\\/category\\\/actualidad\\\/#listItem\",\"position\":2,\"name\":\"Actualidad\",\"item\":\"https:\\\/\\\/candas365.es\\\/noticias\\\/category\\\/actualidad\\\/\",\"nextItem\":{\"@type\":\"ListItem\",\"@id\":\"https:\\\/\\\/candas365.es\\\/noticias\\\/reyes-maroto-defiende-en-europa-el-comercio-y-la-industria-de-espana\\\/#listItem\",\"name\":\"Reyes Maroto defiende en Europa el comercio y la industria de Espa\\u00f1a\"},\"previousItem\":{\"@type\":\"ListItem\",\"@id\":\"https:\\\/\\\/candas365.es\\\/noticias#listItem\",\"name\":\"Home\"}},{\"@type\":\"ListItem\",\"@id\":\"https:\\\/\\\/candas365.es\\\/noticias\\\/reyes-maroto-defiende-en-europa-el-comercio-y-la-industria-de-espana\\\/#listItem\",\"position\":3,\"name\":\"Reyes Maroto defiende en Europa el comercio y la industria de Espa\\u00f1a\",\"previousItem\":{\"@type\":\"ListItem\",\"@id\":\"https:\\\/\\\/candas365.es\\\/noticias\\\/category\\\/actualidad\\\/#listItem\",\"name\":\"Actualidad\"}}]},{\"@type\":\"NewsArticle\",\"@id\":\"https:\\\/\\\/candas365.es\\\/noticias\\\/reyes-maroto-defiende-en-europa-el-comercio-y-la-industria-de-espana\\\/#newsarticle\",\"name\":\"Reyes Maroto defiende en Europa el comercio y la industria de Espa\\u00f1a | Cand\\u00e1s 365\",\"headline\":\"Reyes Maroto defiende en Europa el comercio y la industria de Espa\\u00f1a\",\"author\":{\"@id\":\"https:\\\/\\\/candas365.es\\\/noticias\\\/author\\\/admin\\\/#author\"},\"publisher\":{\"@id\":\"https:\\\/\\\/candas365.es\\\/noticias\\\/#organization\"},\"image\":{\"@type\":\"ImageObject\",\"url\":\"https:\\\/\\\/candas365.es\\\/noticias\\\/wp-content\\\/uploads\\\/2018\\\/07\\\/230718ReyesMaroto.jpg\",\"width\":496,\"height\":329},\"datePublished\":\"2018-07-24T11:58:53+02:00\",\"dateModified\":\"2018-07-24T11:58:53+02:00\",\"inLanguage\":\"es-ES\",\"mainEntityOfPage\":{\"@id\":\"https:\\\/\\\/candas365.es\\\/noticias\\\/reyes-maroto-defiende-en-europa-el-comercio-y-la-industria-de-espana\\\/#webpage\"},\"isPartOf\":{\"@id\":\"https:\\\/\\\/candas365.es\\\/noticias\\\/reyes-maroto-defiende-en-europa-el-comercio-y-la-industria-de-espana\\\/#webpage\"},\"articleSection\":\"Actualidad\",\"dateline\":\"Publicado el julio 24, 2018.\"},{\"@type\":\"Organization\",\"@id\":\"https:\\\/\\\/candas365.es\\\/noticias\\\/#organization\",\"name\":\"Cand\\u00e1s 365\",\"description\":\"Cand\\u00e1s 365 es un diario digital independiente, fundado en 2012, con base en Asturias. Informamos con rigor sobre actualidad, sociedad, cultura y ocio, con una mirada local y global.\",\"url\":\"https:\\\/\\\/candas365.es\\\/noticias\\\/\",\"email\":\"info@candas365.es\",\"telephone\":\"+34652131393\",\"foundingDate\":\"2012-06-10\",\"logo\":{\"@type\":\"ImageObject\",\"url\":\"https:\\\/\\\/candas365.es\\\/noticias\\\/wp-content\\\/uploads\\\/2024\\\/09\\\/Candas-365-Redes.jpg\",\"@id\":\"https:\\\/\\\/candas365.es\\\/noticias\\\/reyes-maroto-defiende-en-europa-el-comercio-y-la-industria-de-espana\\\/#organizationLogo\",\"width\":1152,\"height\":864,\"caption\":\"Cand\\u00e1s 365 Redes\"},\"image\":{\"@id\":\"https:\\\/\\\/candas365.es\\\/noticias\\\/reyes-maroto-defiende-en-europa-el-comercio-y-la-industria-de-espana\\\/#organizationLogo\"},\"sameAs\":[\"https:\\\/\\\/www.facebook.com\\\/Nachofdezber\",\"https:\\\/\\\/x.com\\\/NabercoDigital\",\"https:\\\/\\\/www.instagram.com\\\/nachofdezber\\\/\",\"https:\\\/\\\/www.youtube.com\\\/channel\\\/UCZP-2wLEB9Rv6erhFmqVnvg\"],\"address\":{\"@id\":\"https:\\\/\\\/candas365.es\\\/noticias\\\/#postaladdress\",\"@type\":\"PostalAddress\",\"streetAddress\":\"san antonio 4, san antonio 4\",\"postalCode\":\"33430\",\"addressLocality\":\"Cand\\u00e1s\",\"addressRegion\":\"Asturias\",\"addressCountry\":\"ES\"}},{\"@type\":\"Person\",\"@id\":\"https:\\\/\\\/candas365.es\\\/noticias\\\/author\\\/admin\\\/#author\",\"url\":\"https:\\\/\\\/candas365.es\\\/noticias\\\/author\\\/admin\\\/\",\"name\":\"Cand\\u00e1s 365\",\"image\":{\"@type\":\"ImageObject\",\"@id\":\"https:\\\/\\\/candas365.es\\\/noticias\\\/reyes-maroto-defiende-en-europa-el-comercio-y-la-industria-de-espana\\\/#authorImage\",\"url\":\"https:\\\/\\\/secure.gravatar.com\\\/avatar\\\/496a8e03d0c493ede1718b7934145dbdf8d89be1036b0eec9544e1094c9de390?s=96&d=mm&r=g\",\"width\":96,\"height\":96,\"caption\":\"Cand\\u00e1s 365\"},\"sameAs\":[\"https:\\\/\\\/www.facebook.com\\\/carrenoactualidad\",\"https:\\\/\\\/twitter.com\\\/nbasturias\",\"https:\\\/\\\/www.instagram.com\\\/nachofdezber\\\/\",\"https:\\\/\\\/www.youtube.com\\\/channel\\\/UCZP-2wLEB9Rv6erhFmqVnvg\"]},{\"@type\":\"WebPage\",\"@id\":\"https:\\\/\\\/candas365.es\\\/noticias\\\/reyes-maroto-defiende-en-europa-el-comercio-y-la-industria-de-espana\\\/#webpage\",\"url\":\"https:\\\/\\\/candas365.es\\\/noticias\\\/reyes-maroto-defiende-en-europa-el-comercio-y-la-industria-de-espana\\\/\",\"name\":\"Reyes Maroto defiende en Europa el comercio y la industria de Espa\\u00f1a | Cand\\u00e1s 365\",\"description\":\"La ministra de Industria, Comercio y Turismo, Reyes Maroto, se ha desplazado a Bruselas junto a la secretaria de Estado de Comercio, Xiana M\\u00e9ndez, y al secretario general de Industria y de la PYME, Ra\\u00fal Blanco, para defender ante las instituciones europeas los intereses espa\\u00f1oles. \\u200bDurante su estancia en la capital belga, Reyes Maroto ha\",\"inLanguage\":\"es-ES\",\"isPartOf\":{\"@id\":\"https:\\\/\\\/candas365.es\\\/noticias\\\/#website\"},\"breadcrumb\":{\"@id\":\"https:\\\/\\\/candas365.es\\\/noticias\\\/reyes-maroto-defiende-en-europa-el-comercio-y-la-industria-de-espana\\\/#breadcrumblist\"},\"author\":{\"@id\":\"https:\\\/\\\/candas365.es\\\/noticias\\\/author\\\/admin\\\/#author\"},\"creator\":{\"@id\":\"https:\\\/\\\/candas365.es\\\/noticias\\\/author\\\/admin\\\/#author\"},\"image\":{\"@type\":\"ImageObject\",\"url\":\"https:\\\/\\\/candas365.es\\\/noticias\\\/wp-content\\\/uploads\\\/2018\\\/07\\\/230718ReyesMaroto.jpg\",\"@id\":\"https:\\\/\\\/candas365.es\\\/noticias\\\/reyes-maroto-defiende-en-europa-el-comercio-y-la-industria-de-espana\\\/#mainImage\",\"width\":496,\"height\":329},\"primaryImageOfPage\":{\"@id\":\"https:\\\/\\\/candas365.es\\\/noticias\\\/reyes-maroto-defiende-en-europa-el-comercio-y-la-industria-de-espana\\\/#mainImage\"},\"datePublished\":\"2018-07-24T11:58:53+02:00\",\"dateModified\":\"2018-07-24T11:58:53+02:00\"},{\"@type\":\"WebSite\",\"@id\":\"https:\\\/\\\/candas365.es\\\/noticias\\\/#website\",\"url\":\"https:\\\/\\\/candas365.es\\\/noticias\\\/\",\"name\":\"Cand\\u00e1s 365\",\"alternateName\":\"Cand\\u00e1s 365 Noticias\",\"description\":\"Actualidad desde Carre\\u00f1o para el mundo\",\"inLanguage\":\"es-ES\",\"publisher\":{\"@id\":\"https:\\\/\\\/candas365.es\\\/noticias\\\/#organization\"}}]}\n\t\t<\/script>\n\t\t<!-- All in One SEO Pro -->\r\n\t\t<title>Reyes Maroto defiende en Europa el comercio y la industria de Espa\u00f1a | Cand\u00e1s 365<\/title>\n\n","aioseo_head_json":{"title":"Reyes Maroto defiende en Europa el comercio y la industria de Espa\u00f1a | Cand\u00e1s 365","description":"La ministra de Industria, Comercio y Turismo, Reyes Maroto, se ha desplazado a Bruselas junto a la secretaria de Estado de Comercio, Xiana M\u00e9ndez, y al secretario general de Industria y de la PYME, Ra\u00fal Blanco, para defender ante las instituciones europeas los intereses espa\u00f1oles. \u200bDurante su estancia en la capital belga, Reyes Maroto ha","canonical_url":"https:\/\/candas365.es\/noticias\/reyes-maroto-defiende-en-europa-el-comercio-y-la-industria-de-espana\/","robots":"max-image-preview:large","keywords":"actualidad","webmasterTools":{"google-site-verification":"UA-32230408-1","msvalidate.01":"354F3CDFB2DA171B47FBE9ABF1F88D5","miscellaneous":""},"schema":{"@context":"https:\/\/schema.org","@graph":[{"@type":"BreadcrumbList","@id":"https:\/\/candas365.es\/noticias\/reyes-maroto-defiende-en-europa-el-comercio-y-la-industria-de-espana\/#breadcrumblist","itemListElement":[{"@type":"ListItem","@id":"https:\/\/candas365.es\/noticias#listItem","position":1,"name":"Home","item":"https:\/\/candas365.es\/noticias","nextItem":{"@type":"ListItem","@id":"https:\/\/candas365.es\/noticias\/category\/actualidad\/#listItem","name":"Actualidad"}},{"@type":"ListItem","@id":"https:\/\/candas365.es\/noticias\/category\/actualidad\/#listItem","position":2,"name":"Actualidad","item":"https:\/\/candas365.es\/noticias\/category\/actualidad\/","nextItem":{"@type":"ListItem","@id":"https:\/\/candas365.es\/noticias\/reyes-maroto-defiende-en-europa-el-comercio-y-la-industria-de-espana\/#listItem","name":"Reyes Maroto defiende en Europa el comercio y la industria de Espa\u00f1a"},"previousItem":{"@type":"ListItem","@id":"https:\/\/candas365.es\/noticias#listItem","name":"Home"}},{"@type":"ListItem","@id":"https:\/\/candas365.es\/noticias\/reyes-maroto-defiende-en-europa-el-comercio-y-la-industria-de-espana\/#listItem","position":3,"name":"Reyes Maroto defiende en Europa el comercio y la industria de Espa\u00f1a","previousItem":{"@type":"ListItem","@id":"https:\/\/candas365.es\/noticias\/category\/actualidad\/#listItem","name":"Actualidad"}}]},{"@type":"NewsArticle","@id":"https:\/\/candas365.es\/noticias\/reyes-maroto-defiende-en-europa-el-comercio-y-la-industria-de-espana\/#newsarticle","name":"Reyes Maroto defiende en Europa el comercio y la industria de Espa\u00f1a | Cand\u00e1s 365","headline":"Reyes Maroto defiende en Europa el comercio y la industria de Espa\u00f1a","author":{"@id":"https:\/\/candas365.es\/noticias\/author\/admin\/#author"},"publisher":{"@id":"https:\/\/candas365.es\/noticias\/#organization"},"image":{"@type":"ImageObject","url":"https:\/\/candas365.es\/noticias\/wp-content\/uploads\/2018\/07\/230718ReyesMaroto.jpg","width":496,"height":329},"datePublished":"2018-07-24T11:58:53+02:00","dateModified":"2018-07-24T11:58:53+02:00","inLanguage":"es-ES","mainEntityOfPage":{"@id":"https:\/\/candas365.es\/noticias\/reyes-maroto-defiende-en-europa-el-comercio-y-la-industria-de-espana\/#webpage"},"isPartOf":{"@id":"https:\/\/candas365.es\/noticias\/reyes-maroto-defiende-en-europa-el-comercio-y-la-industria-de-espana\/#webpage"},"articleSection":"Actualidad","dateline":"Publicado el julio 24, 2018."},{"@type":"Organization","@id":"https:\/\/candas365.es\/noticias\/#organization","name":"Cand\u00e1s 365","description":"Cand\u00e1s 365 es un diario digital independiente, fundado en 2012, con base en Asturias. Informamos con rigor sobre actualidad, sociedad, cultura y ocio, con una mirada local y global.","url":"https:\/\/candas365.es\/noticias\/","email":"info@candas365.es","telephone":"+34652131393","foundingDate":"2012-06-10","logo":{"@type":"ImageObject","url":"https:\/\/candas365.es\/noticias\/wp-content\/uploads\/2024\/09\/Candas-365-Redes.jpg","@id":"https:\/\/candas365.es\/noticias\/reyes-maroto-defiende-en-europa-el-comercio-y-la-industria-de-espana\/#organizationLogo","width":1152,"height":864,"caption":"Cand\u00e1s 365 Redes"},"image":{"@id":"https:\/\/candas365.es\/noticias\/reyes-maroto-defiende-en-europa-el-comercio-y-la-industria-de-espana\/#organizationLogo"},"sameAs":["https:\/\/www.facebook.com\/Nachofdezber","https:\/\/x.com\/NabercoDigital","https:\/\/www.instagram.com\/nachofdezber\/","https:\/\/www.youtube.com\/channel\/UCZP-2wLEB9Rv6erhFmqVnvg"],"address":{"@id":"https:\/\/candas365.es\/noticias\/#postaladdress","@type":"PostalAddress","streetAddress":"san antonio 4, san antonio 4","postalCode":"33430","addressLocality":"Cand\u00e1s","addressRegion":"Asturias","addressCountry":"ES"}},{"@type":"Person","@id":"https:\/\/candas365.es\/noticias\/author\/admin\/#author","url":"https:\/\/candas365.es\/noticias\/author\/admin\/","name":"Cand\u00e1s 365","image":{"@type":"ImageObject","@id":"https:\/\/candas365.es\/noticias\/reyes-maroto-defiende-en-europa-el-comercio-y-la-industria-de-espana\/#authorImage","url":"https:\/\/secure.gravatar.com\/avatar\/496a8e03d0c493ede1718b7934145dbdf8d89be1036b0eec9544e1094c9de390?s=96&d=mm&r=g","width":96,"height":96,"caption":"Cand\u00e1s 365"},"sameAs":["https:\/\/www.facebook.com\/carrenoactualidad","https:\/\/twitter.com\/nbasturias","https:\/\/www.instagram.com\/nachofdezber\/","https:\/\/www.youtube.com\/channel\/UCZP-2wLEB9Rv6erhFmqVnvg"]},{"@type":"WebPage","@id":"https:\/\/candas365.es\/noticias\/reyes-maroto-defiende-en-europa-el-comercio-y-la-industria-de-espana\/#webpage","url":"https:\/\/candas365.es\/noticias\/reyes-maroto-defiende-en-europa-el-comercio-y-la-industria-de-espana\/","name":"Reyes Maroto defiende en Europa el comercio y la industria de Espa\u00f1a | Cand\u00e1s 365","description":"La ministra de Industria, Comercio y Turismo, Reyes Maroto, se ha desplazado a Bruselas junto a la secretaria de Estado de Comercio, Xiana M\u00e9ndez, y al secretario general de Industria y de la PYME, Ra\u00fal Blanco, para defender ante las instituciones europeas los intereses espa\u00f1oles. \u200bDurante su estancia en la capital belga, Reyes Maroto ha","inLanguage":"es-ES","isPartOf":{"@id":"https:\/\/candas365.es\/noticias\/#website"},"breadcrumb":{"@id":"https:\/\/candas365.es\/noticias\/reyes-maroto-defiende-en-europa-el-comercio-y-la-industria-de-espana\/#breadcrumblist"},"author":{"@id":"https:\/\/candas365.es\/noticias\/author\/admin\/#author"},"creator":{"@id":"https:\/\/candas365.es\/noticias\/author\/admin\/#author"},"image":{"@type":"ImageObject","url":"https:\/\/candas365.es\/noticias\/wp-content\/uploads\/2018\/07\/230718ReyesMaroto.jpg","@id":"https:\/\/candas365.es\/noticias\/reyes-maroto-defiende-en-europa-el-comercio-y-la-industria-de-espana\/#mainImage","width":496,"height":329},"primaryImageOfPage":{"@id":"https:\/\/candas365.es\/noticias\/reyes-maroto-defiende-en-europa-el-comercio-y-la-industria-de-espana\/#mainImage"},"datePublished":"2018-07-24T11:58:53+02:00","dateModified":"2018-07-24T11:58:53+02:00"},{"@type":"WebSite","@id":"https:\/\/candas365.es\/noticias\/#website","url":"https:\/\/candas365.es\/noticias\/","name":"Cand\u00e1s 365","alternateName":"Cand\u00e1s 365 Noticias","description":"Actualidad desde Carre\u00f1o para el mundo","inLanguage":"es-ES","publisher":{"@id":"https:\/\/candas365.es\/noticias\/#organization"}}]},"og:locale":"es_ES","og:site_name":"Cand\u00e1s 365","og:type":"article","og:title":"Reyes Maroto defiende en Europa el comercio y la industria de Espa\u00f1a | Cand\u00e1s 365","og:description":"La ministra de Industria, Comercio y Turismo, Reyes Maroto, se ha desplazado a Bruselas junto a la secretaria de Estado de Comercio, Xiana M\u00e9ndez, y al secretario general de Industria y de la PYME, Ra\u00fal Blanco, para defender ante las instituciones europeas los intereses espa\u00f1oles. \u200bDurante su estancia en la capital belga, Reyes Maroto ha","og:url":"https:\/\/candas365.es\/noticias\/reyes-maroto-defiende-en-europa-el-comercio-y-la-industria-de-espana\/","og:image":"https:\/\/candas365.es\/noticias\/wp-content\/uploads\/2018\/07\/230718ReyesMaroto.jpg","og:image:secure_url":"https:\/\/candas365.es\/noticias\/wp-content\/uploads\/2018\/07\/230718ReyesMaroto.jpg","og:image:width":496,"og:image:height":329,"article:published_time":"2018-07-24T11:58:53+00:00","article:modified_time":"2018-07-24T11:58:53+00:00","article:publisher":"https:\/\/www.facebook.com\/Nachofdezber","article:author":"https:\/\/www.facebook.com\/carrenoactualidad","twitter:card":"summary_large_image","twitter:site":"@NabercoDigital","twitter:title":"Reyes Maroto defiende en Europa el comercio y la industria de Espa\u00f1a | Cand\u00e1s 365","twitter:description":"La ministra de Industria, Comercio y Turismo, Reyes Maroto, se ha desplazado a Bruselas junto a la secretaria de Estado de Comercio, Xiana M\u00e9ndez, y al secretario general de Industria y de la PYME, Ra\u00fal Blanco, para defender ante las instituciones europeas los intereses espa\u00f1oles. \u200bDurante su estancia en la capital belga, Reyes Maroto ha","twitter:creator":"@nbasturias","twitter:image":"https:\/\/candas365.es\/noticias\/wp-content\/uploads\/2018\/07\/230718ReyesMaroto.jpg","twitter:label1":"Escrito por","twitter:data1":"Cand\u00e1s 365","twitter:label2":"Tiempo de lectura estimado","twitter:data2":"3 minutos"},"aioseo_meta_data":{"post_id":"101063","title":null,"description":null,"keywords":null,"keyphrases":null,"primary_term":null,"canonical_url":null,"og_title":null,"og_description":null,"og_object_type":"default","og_image_type":"default","og_image_url":null,"og_image_width":null,"og_image_height":null,"og_image_custom_url":null,"og_image_custom_fields":null,"og_video":null,"og_custom_url":null,"og_article_section":null,"og_article_tags":null,"twitter_use_og":false,"twitter_card":"default","twitter_image_type":"default","twitter_image_url":null,"twitter_image_custom_url":null,"twitter_image_custom_fields":null,"twitter_title":null,"twitter_description":null,"schema":{"blockGraphs":[],"customGraphs":[],"default":{"data":{"Article":[],"Course":[],"Dataset":[],"FAQPage":[],"Movie":[],"Person":[],"Product":[],"ProductReview":[],"Car":[],"Recipe":[],"Service":[],"SoftwareApplication":[],"WebPage":[]},"graphName":"","isEnabled":true},"graphs":[],"defaultGraph":"","defaultPostTypeGraph":""},"schema_type":null,"schema_type_options":null,"pillar_content":false,"robots_default":true,"robots_noindex":false,"robots_noarchive":false,"robots_nosnippet":false,"robots_nofollow":false,"robots_noimageindex":false,"robots_noodp":false,"robots_notranslate":false,"robots_max_snippet":null,"robots_max_videopreview":null,"robots_max_imagepreview":"large","priority":null,"frequency":null,"location":null,"local_seo":null,"seo_analyzer_scan_date":"2025-08-27 10:30:53","breadcrumb_settings":null,"limit_modified_date":false,"reviewed_by":null,"open_ai":null,"ai":null,"created":"2020-12-21 11:48:13","updated":"2025-08-27 10:30:53"},"aioseo_breadcrumb":"<div class=\"aioseo-breadcrumbs\"><span class=\"aioseo-breadcrumb\">\n\t<a href=\"https:\/\/candas365.es\/noticias\" title=\"Home\">Home<\/a>\n<\/span><span class=\"aioseo-breadcrumb-separator\">&ndash;<\/span><span class=\"aioseo-breadcrumb\">\n\t<a href=\"https:\/\/candas365.es\/noticias\/category\/actualidad\/\" title=\"Actualidad\">Actualidad<\/a>\n<\/span><span class=\"aioseo-breadcrumb-separator\">&ndash;<\/span><span class=\"aioseo-breadcrumb\">\n\tReyes Maroto defiende en Europa el comercio y la industria de Espa\u00f1a\n<\/span><\/div>","aioseo_breadcrumb_json":[{"label":"Home","link":"https:\/\/candas365.es\/noticias"},{"label":"Actualidad","link":"https:\/\/candas365.es\/noticias\/category\/actualidad\/"},{"label":"Reyes Maroto defiende en Europa el comercio y la industria de Espa\u00f1a","link":"https:\/\/candas365.es\/noticias\/reyes-maroto-defiende-en-europa-el-comercio-y-la-industria-de-espana\/"}],"_links":{"self":[{"href":"https:\/\/candas365.es\/noticias\/wp-json\/wp\/v2\/posts\/101063","targetHints":{"allow":["GET"]}}],"collection":[{"href":"https:\/\/candas365.es\/noticias\/wp-json\/wp\/v2\/posts"}],"about":[{"href":"https:\/\/candas365.es\/noticias\/wp-json\/wp\/v2\/types\/post"}],"author":[{"embeddable":true,"href":"https:\/\/candas365.es\/noticias\/wp-json\/wp\/v2\/users\/1"}],"replies":[{"embeddable":true,"href":"https:\/\/candas365.es\/noticias\/wp-json\/wp\/v2\/comments?post=101063"}],"version-history":[{"count":0,"href":"https:\/\/candas365.es\/noticias\/wp-json\/wp\/v2\/posts\/101063\/revisions"}],"wp:featuredmedia":[{"embeddable":true,"href":"https:\/\/candas365.es\/noticias\/wp-json\/wp\/v2\/media\/101064"}],"wp:attachment":[{"href":"https:\/\/candas365.es\/noticias\/wp-json\/wp\/v2\/media?parent=101063"}],"wp:term":[{"taxonomy":"category","embeddable":true,"href":"https:\/\/candas365.es\/noticias\/wp-json\/wp\/v2\/categories?post=101063"},{"taxonomy":"post_tag","embeddable":true,"href":"https:\/\/candas365.es\/noticias\/wp-json\/wp\/v2\/tags?post=101063"}],"curies":[{"name":"wp","href":"https:\/\/api.w.org\/{rel}","templated":true}]}}