{"id":101060,"date":"2018-07-24T11:48:03","date_gmt":"2018-07-24T11:48:03","guid":{"rendered":"http:\/\/candas365.es\/noticias\/?p=101060"},"modified":"2018-07-24T11:48:03","modified_gmt":"2018-07-24T11:48:03","slug":"espana-portugal-francia-y-la-comision-europea-se-reunen-para-abordar-la-mejora-de-las-conexiones-ferroviarias","status":"publish","type":"post","link":"https:\/\/candas365.es\/noticias\/espana-portugal-francia-y-la-comision-europea-se-reunen-para-abordar-la-mejora-de-las-conexiones-ferroviarias\/","title":{"rendered":"Espa\u00f1a, Portugal, Francia y la Comisi\u00f3n Europea se re\u00fanen para abordar la mejora de las conexiones ferroviarias"},"content":{"rendered":"<p><img fetchpriority=\"high\" decoding=\"async\" class=\"alignleft size-medium wp-image-101061\" src=\"https:\/\/candas365.es\/noticias\/wp-content\/uploads\/2018\/07\/Vias-Int-360x239.jpg\" alt=\"\" width=\"360\" height=\"239\" srcset=\"https:\/\/candas365.es\/noticias\/wp-content\/uploads\/2018\/07\/Vias-Int-360x239.jpg 360w, https:\/\/candas365.es\/noticias\/wp-content\/uploads\/2018\/07\/Vias-Int.jpg 496w\" sizes=\"(max-width: 360px) 100vw, 360px\" \/>El secretario general de Infraestructuras, Javier Izquierdo, ha presidido en Madrid la delegaci\u00f3n espa\u00f1ola en la primera reuni\u00f3n del grupo de trabajo constituido con los representantes de Francia, Portugal y la Comisi\u00f3n Europea, para abordar la mejora de las conexiones ferroviarias entre Francia y la pen\u00ednsula ib\u00e9rica.<\/p>\n<p>\u200bLa creaci\u00f3n de este grupo se acord\u00f3 el pasado mes de abril, en el marco de las jornadas sobre las redes transeuropeas de transporte organizadas por la Comisi\u00f3n Europea en Liubliana (Eslovenia). La reuni\u00f3n de hoy supone un avance del encuentro que ma\u00f1ana martes celebrar\u00e1n el ministro \u00c1balos y la ministra de Transportes de Francia, Elisabeth Borne, en Par\u00eds, en las cuestiones que ata\u00f1en a ambos pa\u00edses en materia de infraestructuras ferroviarias.<\/p>\n<p>Por parte francesa, la delegaci\u00f3n estaba encabezada por el director general de Infraestructuras, Transporte y Mar del Ministerio franc\u00e9s, Fran\u00e7ois Poupard; la de Portugal, por Eduardo Feio, presidente del Instituto da Mobilidade e dos Transportes. En representaci\u00f3n de la Comisi\u00f3n Europea, han asistido Jean-Louis Colson, jefe de la Unidad de Transporte y Red, as\u00ed como el coordinador para el Corredor Atl\u00e1ntico, Carlo Secchi y un representante del coordinador para el Corredor Mediterr\u00e1neo.<\/p>\n<p>En la reuni\u00f3n se ha debatido sobre las previsiones de inversi\u00f3n en infraestructuras ferroviarias en cada pa\u00eds para los pr\u00f3ximos a\u00f1os, con especial atenci\u00f3n a las conexiones transfronterizas.<\/p>\n<p>Por el lado espa\u00f1ol, se ha destacado la apuesta por el desarrollo de la red transeuropea de transportes, insistiendo en la necesidad de cumplir con los plazos que establecen los reglamentos comunitarios como mejor muestra del compromiso de los estados miembros con la construcci\u00f3n del proyecto europeo.<\/p>\n<p>La delegaci\u00f3n espa\u00f1ola ha puesto en valor las inversiones realizadas, en marcha y previstas en los diferentes tramos de los corredores atl\u00e1ntico y mediterr\u00e1neo, as\u00ed como la firme apuesta por la implantaci\u00f3n de los criterios de interoperabilidad comunitarios, como el sistema est\u00e1ndar europeo ERTMS de gesti\u00f3n de tr\u00e1fico -en el que nuestro pa\u00eds es pionero y l\u00edder en cuanto a kil\u00f3metros de red y equipos embarcados en los trenes-, la electrificaci\u00f3n de las l\u00edneas, los apartaderos para trenes de 750 m y el ancho de v\u00eda est\u00e1ndar 1.435 mm.<\/p>\n<p>Los representantes franceses han asumido el compromiso de identificar actuaciones que permitan mejorar las conexiones ferroviarias con Espa\u00f1a y, en particular, incrementar la fluidez de los tr\u00e1ficos internacionales de mercanc\u00edas por ferrocarril con origen o destino en la pen\u00ednsula ib\u00e9rica, contemplando tanto inversiones en la red existente como medidas de convergencia en la explotaci\u00f3n y operaci\u00f3n ferroviaria.<\/p>\n<p><strong>Red Transeuropea de Transportes<\/strong><\/p>\n<p>En ese sentido, Francia y Espa\u00f1a han acordado celebrar una reuni\u00f3n t\u00e9cnica en septiembre y elaborar una hoja de ruta com\u00fan con las actuaciones a desarrollar, para lo que se valorar\u00e1n las posibilidades de solicitar ayudas europeas de manera conjunta.<\/p>\n<p>Por parte de la Comisi\u00f3n Europea, se ha valorado muy positivamente la puesta en marcha de este grupo de trabajo cuatripartito, que est\u00e1 plenamente alineado con las propuestas comunitarias para el desarrollo de la red transeuropea de transportes en cuanto a la coordinaci\u00f3n de actuaciones en las secciones transfronterizas.<\/p>\n<p>Asimismo, se ha celebrado la propuesta franco-espa\u00f1ola de elaborar una hoja de ruta de actuaciones inmediatas para la mejora del transporte internacional de mercanc\u00edas por ferrocarril y se ha instado a Francia a garantizar las inversiones necesarias en su red para cumplir los criterios establecidos en los reglamentos comunitarios en el horizonte de 2030.<\/p>\n<p>Portugal ha explicado sus prioridades en materia ferroviaria, contempladas en el Programa Ferrovia 2020, con especial atenci\u00f3n a las conexiones con Espa\u00f1a (Evora-M\u00e9rida y Salamanca-Aveiro por lo que respecta al corredor atl\u00e1ntico) y ha destacado el incremento positivo de los tr\u00e1ficos ferroviarios de mercanc\u00edas entre Espa\u00f1a y Portugal en los \u00faltimos a\u00f1os, con el deseo de que puedan extenderse hacia Francia y norte de Europa en el futuro.<\/p>\n<p>Finalmente, se ha emplazado a los asistentes a un pr\u00f3ximo encuentro de los equipos t\u00e9cnicos del grupo cuatripartito en el \u00faltimo trimestre del a\u00f1o, en Badajoz, donde se pondr\u00e1n en com\u00fan los avances realizados.<\/p>\n","protected":false},"excerpt":{"rendered":"<p>El secretario general de Infraestructuras, Javier Izquierdo, ha presidido en Madrid la delegaci\u00f3n espa\u00f1ola en la primera reuni\u00f3n del grupo de trabajo constituido con los representantes de Francia, Portugal y la Comisi\u00f3n Europea, para abordar la mejora de las conexiones ferroviarias entre Francia y la pen\u00ednsula ib\u00e9rica. \u200bLa creaci\u00f3n de este grupo se acord\u00f3 el<\/p>\n","protected":false},"author":1,"featured_media":101061,"comment_status":"closed","ping_status":"closed","sticky":false,"template":"","format":"standard","meta":{"footnotes":""},"categories":[343],"tags":[],"class_list":{"0":"post-101060","1":"post","2":"type-post","3":"status-publish","4":"format-standard","5":"has-post-thumbnail","7":"category-actualidad"},"aioseo_notices":[],"aioseo_head":"\n\t\t<!-- All in One SEO Pro 4.9.6.2 - aioseo.com -->\n\t<meta name=\"description\" content=\"El secretario general de Infraestructuras, Javier Izquierdo, ha presidido en Madrid la delegaci\u00f3n espa\u00f1ola en la primera reuni\u00f3n del grupo de trabajo constituido con los representantes de Francia, Portugal y la Comisi\u00f3n Europea, para abordar la mejora de las conexiones ferroviarias entre Francia y la pen\u00ednsula ib\u00e9rica. \u200bLa creaci\u00f3n de este grupo se acord\u00f3 el\" \/>\n\t<meta name=\"robots\" content=\"max-image-preview:large\" \/>\n\t<meta name=\"author\" content=\"Cand\u00e1s 365\"\/>\n\t<meta name=\"google-site-verification\" content=\"UA-32230408-1\" \/>\n\t<meta name=\"msvalidate.01\" content=\"354F3CDFB2DA171B47FBE9ABF1F88D5\" \/>\n\t<meta name=\"keywords\" content=\"actualidad\" \/>\n\t<link rel=\"canonical\" href=\"https:\/\/candas365.es\/noticias\/espana-portugal-francia-y-la-comision-europea-se-reunen-para-abordar-la-mejora-de-las-conexiones-ferroviarias\/\" \/>\n\t<meta name=\"generator\" content=\"All in One SEO Pro (AIOSEO) 4.9.6.2\" \/>\n\t\t<meta property=\"og:locale\" content=\"es_ES\" \/>\n\t\t<meta property=\"og:site_name\" content=\"Cand\u00e1s 365\" \/>\n\t\t<meta property=\"og:type\" content=\"article\" \/>\n\t\t<meta property=\"og:title\" content=\"Espa\u00f1a, Portugal, Francia y la Comisi\u00f3n Europea se re\u00fanen para abordar la mejora de las conexiones ferroviarias | Cand\u00e1s 365\" \/>\n\t\t<meta property=\"og:description\" content=\"El secretario general de Infraestructuras, Javier Izquierdo, ha presidido en Madrid la delegaci\u00f3n espa\u00f1ola en la primera reuni\u00f3n del grupo de trabajo constituido con los representantes de Francia, Portugal y la Comisi\u00f3n Europea, para abordar la mejora de las conexiones ferroviarias entre Francia y la pen\u00ednsula ib\u00e9rica. \u200bLa creaci\u00f3n de este grupo se acord\u00f3 el\" \/>\n\t\t<meta property=\"og:url\" content=\"https:\/\/candas365.es\/noticias\/espana-portugal-francia-y-la-comision-europea-se-reunen-para-abordar-la-mejora-de-las-conexiones-ferroviarias\/\" \/>\n\t\t<meta property=\"og:image\" content=\"https:\/\/candas365.es\/noticias\/wp-content\/uploads\/2018\/07\/Vias-Int.jpg\" \/>\n\t\t<meta property=\"og:image:secure_url\" content=\"https:\/\/candas365.es\/noticias\/wp-content\/uploads\/2018\/07\/Vias-Int.jpg\" \/>\n\t\t<meta property=\"og:image:width\" content=\"496\" \/>\n\t\t<meta property=\"og:image:height\" content=\"329\" \/>\n\t\t<meta property=\"article:published_time\" content=\"2018-07-24T11:48:03+00:00\" \/>\n\t\t<meta property=\"article:modified_time\" content=\"2018-07-24T11:48:03+00:00\" \/>\n\t\t<meta property=\"article:publisher\" content=\"https:\/\/www.facebook.com\/Nachofdezber\" \/>\n\t\t<meta property=\"article:author\" content=\"https:\/\/www.facebook.com\/carrenoactualidad\" \/>\n\t\t<meta name=\"twitter:card\" content=\"summary_large_image\" \/>\n\t\t<meta name=\"twitter:site\" content=\"@NabercoDigital\" \/>\n\t\t<meta name=\"twitter:title\" content=\"Espa\u00f1a, Portugal, Francia y la Comisi\u00f3n Europea se re\u00fanen para abordar la mejora de las conexiones ferroviarias | Cand\u00e1s 365\" \/>\n\t\t<meta name=\"twitter:description\" content=\"El secretario general de Infraestructuras, Javier Izquierdo, ha presidido en Madrid la delegaci\u00f3n espa\u00f1ola en la primera reuni\u00f3n del grupo de trabajo constituido con los representantes de Francia, Portugal y la Comisi\u00f3n Europea, para abordar la mejora de las conexiones ferroviarias entre Francia y la pen\u00ednsula ib\u00e9rica. \u200bLa creaci\u00f3n de este grupo se acord\u00f3 el\" \/>\n\t\t<meta name=\"twitter:creator\" content=\"@nbasturias\" \/>\n\t\t<meta name=\"twitter:image\" content=\"https:\/\/candas365.es\/noticias\/wp-content\/uploads\/2018\/07\/Vias-Int.jpg\" \/>\n\t\t<meta name=\"twitter:label1\" content=\"Escrito por\" \/>\n\t\t<meta name=\"twitter:data1\" content=\"Cand\u00e1s 365\" \/>\n\t\t<meta name=\"twitter:label2\" content=\"Tiempo de lectura estimado\" \/>\n\t\t<meta name=\"twitter:data2\" content=\"4 minutos\" \/>\n\t\t<script type=\"application\/ld+json\" class=\"aioseo-schema\">\n\t\t\t{\"@context\":\"https:\\\/\\\/schema.org\",\"@graph\":[{\"@type\":\"BreadcrumbList\",\"@id\":\"https:\\\/\\\/candas365.es\\\/noticias\\\/espana-portugal-francia-y-la-comision-europea-se-reunen-para-abordar-la-mejora-de-las-conexiones-ferroviarias\\\/#breadcrumblist\",\"itemListElement\":[{\"@type\":\"ListItem\",\"@id\":\"https:\\\/\\\/candas365.es\\\/noticias#listItem\",\"position\":1,\"name\":\"Home\",\"item\":\"https:\\\/\\\/candas365.es\\\/noticias\",\"nextItem\":{\"@type\":\"ListItem\",\"@id\":\"https:\\\/\\\/candas365.es\\\/noticias\\\/category\\\/actualidad\\\/#listItem\",\"name\":\"Actualidad\"}},{\"@type\":\"ListItem\",\"@id\":\"https:\\\/\\\/candas365.es\\\/noticias\\\/category\\\/actualidad\\\/#listItem\",\"position\":2,\"name\":\"Actualidad\",\"item\":\"https:\\\/\\\/candas365.es\\\/noticias\\\/category\\\/actualidad\\\/\",\"nextItem\":{\"@type\":\"ListItem\",\"@id\":\"https:\\\/\\\/candas365.es\\\/noticias\\\/espana-portugal-francia-y-la-comision-europea-se-reunen-para-abordar-la-mejora-de-las-conexiones-ferroviarias\\\/#listItem\",\"name\":\"Espa\\u00f1a, Portugal, Francia y la Comisi\\u00f3n Europea se re\\u00fanen para abordar la mejora de las conexiones ferroviarias\"},\"previousItem\":{\"@type\":\"ListItem\",\"@id\":\"https:\\\/\\\/candas365.es\\\/noticias#listItem\",\"name\":\"Home\"}},{\"@type\":\"ListItem\",\"@id\":\"https:\\\/\\\/candas365.es\\\/noticias\\\/espana-portugal-francia-y-la-comision-europea-se-reunen-para-abordar-la-mejora-de-las-conexiones-ferroviarias\\\/#listItem\",\"position\":3,\"name\":\"Espa\\u00f1a, Portugal, Francia y la Comisi\\u00f3n Europea se re\\u00fanen para abordar la mejora de las conexiones ferroviarias\",\"previousItem\":{\"@type\":\"ListItem\",\"@id\":\"https:\\\/\\\/candas365.es\\\/noticias\\\/category\\\/actualidad\\\/#listItem\",\"name\":\"Actualidad\"}}]},{\"@type\":\"NewsArticle\",\"@id\":\"https:\\\/\\\/candas365.es\\\/noticias\\\/espana-portugal-francia-y-la-comision-europea-se-reunen-para-abordar-la-mejora-de-las-conexiones-ferroviarias\\\/#newsarticle\",\"name\":\"Espa\\u00f1a, Portugal, Francia y la Comisi\\u00f3n Europea se re\\u00fanen para abordar la mejora de las conexiones ferroviarias | Cand\\u00e1s 365\",\"headline\":\"Espa\\u00f1a, Portugal, Francia y la Comisi\\u00f3n Europea se re\\u00fanen para abordar la mejora de las conexiones ferroviarias\",\"author\":{\"@id\":\"https:\\\/\\\/candas365.es\\\/noticias\\\/author\\\/admin\\\/#author\"},\"publisher\":{\"@id\":\"https:\\\/\\\/candas365.es\\\/noticias\\\/#organization\"},\"image\":{\"@type\":\"ImageObject\",\"url\":\"https:\\\/\\\/candas365.es\\\/noticias\\\/wp-content\\\/uploads\\\/2018\\\/07\\\/Vias-Int.jpg\",\"width\":496,\"height\":329},\"datePublished\":\"2018-07-24T11:48:03+02:00\",\"dateModified\":\"2018-07-24T11:48:03+02:00\",\"inLanguage\":\"es-ES\",\"mainEntityOfPage\":{\"@id\":\"https:\\\/\\\/candas365.es\\\/noticias\\\/espana-portugal-francia-y-la-comision-europea-se-reunen-para-abordar-la-mejora-de-las-conexiones-ferroviarias\\\/#webpage\"},\"isPartOf\":{\"@id\":\"https:\\\/\\\/candas365.es\\\/noticias\\\/espana-portugal-francia-y-la-comision-europea-se-reunen-para-abordar-la-mejora-de-las-conexiones-ferroviarias\\\/#webpage\"},\"articleSection\":\"Actualidad\",\"dateline\":\"Publicado el julio 24, 2018.\"},{\"@type\":\"Organization\",\"@id\":\"https:\\\/\\\/candas365.es\\\/noticias\\\/#organization\",\"name\":\"Cand\\u00e1s 365\",\"description\":\"Cand\\u00e1s 365 es un diario digital independiente, fundado en 2012, con base en Asturias. Informamos con rigor sobre actualidad, sociedad, cultura y ocio, con una mirada local y global.\",\"url\":\"https:\\\/\\\/candas365.es\\\/noticias\\\/\",\"email\":\"info@candas365.es\",\"telephone\":\"+34652131393\",\"foundingDate\":\"2012-06-10\",\"logo\":{\"@type\":\"ImageObject\",\"url\":\"https:\\\/\\\/candas365.es\\\/noticias\\\/wp-content\\\/uploads\\\/2024\\\/09\\\/Candas-365-Redes.jpg\",\"@id\":\"https:\\\/\\\/candas365.es\\\/noticias\\\/espana-portugal-francia-y-la-comision-europea-se-reunen-para-abordar-la-mejora-de-las-conexiones-ferroviarias\\\/#organizationLogo\",\"width\":1152,\"height\":864,\"caption\":\"Cand\\u00e1s 365 Redes\"},\"image\":{\"@id\":\"https:\\\/\\\/candas365.es\\\/noticias\\\/espana-portugal-francia-y-la-comision-europea-se-reunen-para-abordar-la-mejora-de-las-conexiones-ferroviarias\\\/#organizationLogo\"},\"sameAs\":[\"https:\\\/\\\/www.facebook.com\\\/Nachofdezber\",\"https:\\\/\\\/x.com\\\/NabercoDigital\",\"https:\\\/\\\/www.instagram.com\\\/nachofdezber\\\/\",\"https:\\\/\\\/www.youtube.com\\\/channel\\\/UCZP-2wLEB9Rv6erhFmqVnvg\"],\"address\":{\"@id\":\"https:\\\/\\\/candas365.es\\\/noticias\\\/#postaladdress\",\"@type\":\"PostalAddress\",\"streetAddress\":\"san antonio 4, san antonio 4\",\"postalCode\":\"33430\",\"addressLocality\":\"Cand\\u00e1s\",\"addressRegion\":\"Asturias\",\"addressCountry\":\"ES\"}},{\"@type\":\"Person\",\"@id\":\"https:\\\/\\\/candas365.es\\\/noticias\\\/author\\\/admin\\\/#author\",\"url\":\"https:\\\/\\\/candas365.es\\\/noticias\\\/author\\\/admin\\\/\",\"name\":\"Cand\\u00e1s 365\",\"image\":{\"@type\":\"ImageObject\",\"@id\":\"https:\\\/\\\/candas365.es\\\/noticias\\\/espana-portugal-francia-y-la-comision-europea-se-reunen-para-abordar-la-mejora-de-las-conexiones-ferroviarias\\\/#authorImage\",\"url\":\"https:\\\/\\\/secure.gravatar.com\\\/avatar\\\/496a8e03d0c493ede1718b7934145dbdf8d89be1036b0eec9544e1094c9de390?s=96&d=mm&r=g\",\"width\":96,\"height\":96,\"caption\":\"Cand\\u00e1s 365\"},\"sameAs\":[\"https:\\\/\\\/www.facebook.com\\\/carrenoactualidad\",\"https:\\\/\\\/twitter.com\\\/nbasturias\",\"https:\\\/\\\/www.instagram.com\\\/nachofdezber\\\/\",\"https:\\\/\\\/www.youtube.com\\\/channel\\\/UCZP-2wLEB9Rv6erhFmqVnvg\"]},{\"@type\":\"WebPage\",\"@id\":\"https:\\\/\\\/candas365.es\\\/noticias\\\/espana-portugal-francia-y-la-comision-europea-se-reunen-para-abordar-la-mejora-de-las-conexiones-ferroviarias\\\/#webpage\",\"url\":\"https:\\\/\\\/candas365.es\\\/noticias\\\/espana-portugal-francia-y-la-comision-europea-se-reunen-para-abordar-la-mejora-de-las-conexiones-ferroviarias\\\/\",\"name\":\"Espa\\u00f1a, Portugal, Francia y la Comisi\\u00f3n Europea se re\\u00fanen para abordar la mejora de las conexiones ferroviarias | Cand\\u00e1s 365\",\"description\":\"El secretario general de Infraestructuras, Javier Izquierdo, ha presidido en Madrid la delegaci\\u00f3n espa\\u00f1ola en la primera reuni\\u00f3n del grupo de trabajo constituido con los representantes de Francia, Portugal y la Comisi\\u00f3n Europea, para abordar la mejora de las conexiones ferroviarias entre Francia y la pen\\u00ednsula ib\\u00e9rica. \\u200bLa creaci\\u00f3n de este grupo se acord\\u00f3 el\",\"inLanguage\":\"es-ES\",\"isPartOf\":{\"@id\":\"https:\\\/\\\/candas365.es\\\/noticias\\\/#website\"},\"breadcrumb\":{\"@id\":\"https:\\\/\\\/candas365.es\\\/noticias\\\/espana-portugal-francia-y-la-comision-europea-se-reunen-para-abordar-la-mejora-de-las-conexiones-ferroviarias\\\/#breadcrumblist\"},\"author\":{\"@id\":\"https:\\\/\\\/candas365.es\\\/noticias\\\/author\\\/admin\\\/#author\"},\"creator\":{\"@id\":\"https:\\\/\\\/candas365.es\\\/noticias\\\/author\\\/admin\\\/#author\"},\"image\":{\"@type\":\"ImageObject\",\"url\":\"https:\\\/\\\/candas365.es\\\/noticias\\\/wp-content\\\/uploads\\\/2018\\\/07\\\/Vias-Int.jpg\",\"@id\":\"https:\\\/\\\/candas365.es\\\/noticias\\\/espana-portugal-francia-y-la-comision-europea-se-reunen-para-abordar-la-mejora-de-las-conexiones-ferroviarias\\\/#mainImage\",\"width\":496,\"height\":329},\"primaryImageOfPage\":{\"@id\":\"https:\\\/\\\/candas365.es\\\/noticias\\\/espana-portugal-francia-y-la-comision-europea-se-reunen-para-abordar-la-mejora-de-las-conexiones-ferroviarias\\\/#mainImage\"},\"datePublished\":\"2018-07-24T11:48:03+02:00\",\"dateModified\":\"2018-07-24T11:48:03+02:00\"},{\"@type\":\"WebSite\",\"@id\":\"https:\\\/\\\/candas365.es\\\/noticias\\\/#website\",\"url\":\"https:\\\/\\\/candas365.es\\\/noticias\\\/\",\"name\":\"Cand\\u00e1s 365\",\"alternateName\":\"Cand\\u00e1s 365 Noticias\",\"description\":\"Actualidad desde Carre\\u00f1o para el mundo\",\"inLanguage\":\"es-ES\",\"publisher\":{\"@id\":\"https:\\\/\\\/candas365.es\\\/noticias\\\/#organization\"}}]}\n\t\t<\/script>\n\t\t<!-- All in One SEO Pro -->\r\n\t\t<title>Espa\u00f1a, Portugal, Francia y la Comisi\u00f3n Europea se re\u00fanen para abordar la mejora de las conexiones ferroviarias | Cand\u00e1s 365<\/title>\n\n","aioseo_head_json":{"title":"Espa\u00f1a, Portugal, Francia y la Comisi\u00f3n Europea se re\u00fanen para abordar la mejora de las conexiones ferroviarias | Cand\u00e1s 365","description":"El secretario general de Infraestructuras, Javier Izquierdo, ha presidido en Madrid la delegaci\u00f3n espa\u00f1ola en la primera reuni\u00f3n del grupo de trabajo constituido con los representantes de Francia, Portugal y la Comisi\u00f3n Europea, para abordar la mejora de las conexiones ferroviarias entre Francia y la pen\u00ednsula ib\u00e9rica. \u200bLa creaci\u00f3n de este grupo se acord\u00f3 el","canonical_url":"https:\/\/candas365.es\/noticias\/espana-portugal-francia-y-la-comision-europea-se-reunen-para-abordar-la-mejora-de-las-conexiones-ferroviarias\/","robots":"max-image-preview:large","keywords":"actualidad","webmasterTools":{"google-site-verification":"UA-32230408-1","msvalidate.01":"354F3CDFB2DA171B47FBE9ABF1F88D5","miscellaneous":""},"schema":{"@context":"https:\/\/schema.org","@graph":[{"@type":"BreadcrumbList","@id":"https:\/\/candas365.es\/noticias\/espana-portugal-francia-y-la-comision-europea-se-reunen-para-abordar-la-mejora-de-las-conexiones-ferroviarias\/#breadcrumblist","itemListElement":[{"@type":"ListItem","@id":"https:\/\/candas365.es\/noticias#listItem","position":1,"name":"Home","item":"https:\/\/candas365.es\/noticias","nextItem":{"@type":"ListItem","@id":"https:\/\/candas365.es\/noticias\/category\/actualidad\/#listItem","name":"Actualidad"}},{"@type":"ListItem","@id":"https:\/\/candas365.es\/noticias\/category\/actualidad\/#listItem","position":2,"name":"Actualidad","item":"https:\/\/candas365.es\/noticias\/category\/actualidad\/","nextItem":{"@type":"ListItem","@id":"https:\/\/candas365.es\/noticias\/espana-portugal-francia-y-la-comision-europea-se-reunen-para-abordar-la-mejora-de-las-conexiones-ferroviarias\/#listItem","name":"Espa\u00f1a, Portugal, Francia y la Comisi\u00f3n Europea se re\u00fanen para abordar la mejora de las conexiones ferroviarias"},"previousItem":{"@type":"ListItem","@id":"https:\/\/candas365.es\/noticias#listItem","name":"Home"}},{"@type":"ListItem","@id":"https:\/\/candas365.es\/noticias\/espana-portugal-francia-y-la-comision-europea-se-reunen-para-abordar-la-mejora-de-las-conexiones-ferroviarias\/#listItem","position":3,"name":"Espa\u00f1a, Portugal, Francia y la Comisi\u00f3n Europea se re\u00fanen para abordar la mejora de las conexiones ferroviarias","previousItem":{"@type":"ListItem","@id":"https:\/\/candas365.es\/noticias\/category\/actualidad\/#listItem","name":"Actualidad"}}]},{"@type":"NewsArticle","@id":"https:\/\/candas365.es\/noticias\/espana-portugal-francia-y-la-comision-europea-se-reunen-para-abordar-la-mejora-de-las-conexiones-ferroviarias\/#newsarticle","name":"Espa\u00f1a, Portugal, Francia y la Comisi\u00f3n Europea se re\u00fanen para abordar la mejora de las conexiones ferroviarias | Cand\u00e1s 365","headline":"Espa\u00f1a, Portugal, Francia y la Comisi\u00f3n Europea se re\u00fanen para abordar la mejora de las conexiones ferroviarias","author":{"@id":"https:\/\/candas365.es\/noticias\/author\/admin\/#author"},"publisher":{"@id":"https:\/\/candas365.es\/noticias\/#organization"},"image":{"@type":"ImageObject","url":"https:\/\/candas365.es\/noticias\/wp-content\/uploads\/2018\/07\/Vias-Int.jpg","width":496,"height":329},"datePublished":"2018-07-24T11:48:03+02:00","dateModified":"2018-07-24T11:48:03+02:00","inLanguage":"es-ES","mainEntityOfPage":{"@id":"https:\/\/candas365.es\/noticias\/espana-portugal-francia-y-la-comision-europea-se-reunen-para-abordar-la-mejora-de-las-conexiones-ferroviarias\/#webpage"},"isPartOf":{"@id":"https:\/\/candas365.es\/noticias\/espana-portugal-francia-y-la-comision-europea-se-reunen-para-abordar-la-mejora-de-las-conexiones-ferroviarias\/#webpage"},"articleSection":"Actualidad","dateline":"Publicado el julio 24, 2018."},{"@type":"Organization","@id":"https:\/\/candas365.es\/noticias\/#organization","name":"Cand\u00e1s 365","description":"Cand\u00e1s 365 es un diario digital independiente, fundado en 2012, con base en Asturias. Informamos con rigor sobre actualidad, sociedad, cultura y ocio, con una mirada local y global.","url":"https:\/\/candas365.es\/noticias\/","email":"info@candas365.es","telephone":"+34652131393","foundingDate":"2012-06-10","logo":{"@type":"ImageObject","url":"https:\/\/candas365.es\/noticias\/wp-content\/uploads\/2024\/09\/Candas-365-Redes.jpg","@id":"https:\/\/candas365.es\/noticias\/espana-portugal-francia-y-la-comision-europea-se-reunen-para-abordar-la-mejora-de-las-conexiones-ferroviarias\/#organizationLogo","width":1152,"height":864,"caption":"Cand\u00e1s 365 Redes"},"image":{"@id":"https:\/\/candas365.es\/noticias\/espana-portugal-francia-y-la-comision-europea-se-reunen-para-abordar-la-mejora-de-las-conexiones-ferroviarias\/#organizationLogo"},"sameAs":["https:\/\/www.facebook.com\/Nachofdezber","https:\/\/x.com\/NabercoDigital","https:\/\/www.instagram.com\/nachofdezber\/","https:\/\/www.youtube.com\/channel\/UCZP-2wLEB9Rv6erhFmqVnvg"],"address":{"@id":"https:\/\/candas365.es\/noticias\/#postaladdress","@type":"PostalAddress","streetAddress":"san antonio 4, san antonio 4","postalCode":"33430","addressLocality":"Cand\u00e1s","addressRegion":"Asturias","addressCountry":"ES"}},{"@type":"Person","@id":"https:\/\/candas365.es\/noticias\/author\/admin\/#author","url":"https:\/\/candas365.es\/noticias\/author\/admin\/","name":"Cand\u00e1s 365","image":{"@type":"ImageObject","@id":"https:\/\/candas365.es\/noticias\/espana-portugal-francia-y-la-comision-europea-se-reunen-para-abordar-la-mejora-de-las-conexiones-ferroviarias\/#authorImage","url":"https:\/\/secure.gravatar.com\/avatar\/496a8e03d0c493ede1718b7934145dbdf8d89be1036b0eec9544e1094c9de390?s=96&d=mm&r=g","width":96,"height":96,"caption":"Cand\u00e1s 365"},"sameAs":["https:\/\/www.facebook.com\/carrenoactualidad","https:\/\/twitter.com\/nbasturias","https:\/\/www.instagram.com\/nachofdezber\/","https:\/\/www.youtube.com\/channel\/UCZP-2wLEB9Rv6erhFmqVnvg"]},{"@type":"WebPage","@id":"https:\/\/candas365.es\/noticias\/espana-portugal-francia-y-la-comision-europea-se-reunen-para-abordar-la-mejora-de-las-conexiones-ferroviarias\/#webpage","url":"https:\/\/candas365.es\/noticias\/espana-portugal-francia-y-la-comision-europea-se-reunen-para-abordar-la-mejora-de-las-conexiones-ferroviarias\/","name":"Espa\u00f1a, Portugal, Francia y la Comisi\u00f3n Europea se re\u00fanen para abordar la mejora de las conexiones ferroviarias | Cand\u00e1s 365","description":"El secretario general de Infraestructuras, Javier Izquierdo, ha presidido en Madrid la delegaci\u00f3n espa\u00f1ola en la primera reuni\u00f3n del grupo de trabajo constituido con los representantes de Francia, Portugal y la Comisi\u00f3n Europea, para abordar la mejora de las conexiones ferroviarias entre Francia y la pen\u00ednsula ib\u00e9rica. \u200bLa creaci\u00f3n de este grupo se acord\u00f3 el","inLanguage":"es-ES","isPartOf":{"@id":"https:\/\/candas365.es\/noticias\/#website"},"breadcrumb":{"@id":"https:\/\/candas365.es\/noticias\/espana-portugal-francia-y-la-comision-europea-se-reunen-para-abordar-la-mejora-de-las-conexiones-ferroviarias\/#breadcrumblist"},"author":{"@id":"https:\/\/candas365.es\/noticias\/author\/admin\/#author"},"creator":{"@id":"https:\/\/candas365.es\/noticias\/author\/admin\/#author"},"image":{"@type":"ImageObject","url":"https:\/\/candas365.es\/noticias\/wp-content\/uploads\/2018\/07\/Vias-Int.jpg","@id":"https:\/\/candas365.es\/noticias\/espana-portugal-francia-y-la-comision-europea-se-reunen-para-abordar-la-mejora-de-las-conexiones-ferroviarias\/#mainImage","width":496,"height":329},"primaryImageOfPage":{"@id":"https:\/\/candas365.es\/noticias\/espana-portugal-francia-y-la-comision-europea-se-reunen-para-abordar-la-mejora-de-las-conexiones-ferroviarias\/#mainImage"},"datePublished":"2018-07-24T11:48:03+02:00","dateModified":"2018-07-24T11:48:03+02:00"},{"@type":"WebSite","@id":"https:\/\/candas365.es\/noticias\/#website","url":"https:\/\/candas365.es\/noticias\/","name":"Cand\u00e1s 365","alternateName":"Cand\u00e1s 365 Noticias","description":"Actualidad desde Carre\u00f1o para el mundo","inLanguage":"es-ES","publisher":{"@id":"https:\/\/candas365.es\/noticias\/#organization"}}]},"og:locale":"es_ES","og:site_name":"Cand\u00e1s 365","og:type":"article","og:title":"Espa\u00f1a, Portugal, Francia y la Comisi\u00f3n Europea se re\u00fanen para abordar la mejora de las conexiones ferroviarias | Cand\u00e1s 365","og:description":"El secretario general de Infraestructuras, Javier Izquierdo, ha presidido en Madrid la delegaci\u00f3n espa\u00f1ola en la primera reuni\u00f3n del grupo de trabajo constituido con los representantes de Francia, Portugal y la Comisi\u00f3n Europea, para abordar la mejora de las conexiones ferroviarias entre Francia y la pen\u00ednsula ib\u00e9rica. \u200bLa creaci\u00f3n de este grupo se acord\u00f3 el","og:url":"https:\/\/candas365.es\/noticias\/espana-portugal-francia-y-la-comision-europea-se-reunen-para-abordar-la-mejora-de-las-conexiones-ferroviarias\/","og:image":"https:\/\/candas365.es\/noticias\/wp-content\/uploads\/2018\/07\/Vias-Int.jpg","og:image:secure_url":"https:\/\/candas365.es\/noticias\/wp-content\/uploads\/2018\/07\/Vias-Int.jpg","og:image:width":496,"og:image:height":329,"article:published_time":"2018-07-24T11:48:03+00:00","article:modified_time":"2018-07-24T11:48:03+00:00","article:publisher":"https:\/\/www.facebook.com\/Nachofdezber","article:author":"https:\/\/www.facebook.com\/carrenoactualidad","twitter:card":"summary_large_image","twitter:site":"@NabercoDigital","twitter:title":"Espa\u00f1a, Portugal, Francia y la Comisi\u00f3n Europea se re\u00fanen para abordar la mejora de las conexiones ferroviarias | Cand\u00e1s 365","twitter:description":"El secretario general de Infraestructuras, Javier Izquierdo, ha presidido en Madrid la delegaci\u00f3n espa\u00f1ola en la primera reuni\u00f3n del grupo de trabajo constituido con los representantes de Francia, Portugal y la Comisi\u00f3n Europea, para abordar la mejora de las conexiones ferroviarias entre Francia y la pen\u00ednsula ib\u00e9rica. \u200bLa creaci\u00f3n de este grupo se acord\u00f3 el","twitter:creator":"@nbasturias","twitter:image":"https:\/\/candas365.es\/noticias\/wp-content\/uploads\/2018\/07\/Vias-Int.jpg","twitter:label1":"Escrito por","twitter:data1":"Cand\u00e1s 365","twitter:label2":"Tiempo de lectura estimado","twitter:data2":"4 minutos"},"aioseo_meta_data":{"post_id":"101060","title":null,"description":null,"keywords":null,"keyphrases":null,"primary_term":null,"canonical_url":null,"og_title":null,"og_description":null,"og_object_type":"default","og_image_type":"default","og_image_url":null,"og_image_width":null,"og_image_height":null,"og_image_custom_url":null,"og_image_custom_fields":null,"og_video":null,"og_custom_url":null,"og_article_section":null,"og_article_tags":null,"twitter_use_og":false,"twitter_card":"default","twitter_image_type":"default","twitter_image_url":null,"twitter_image_custom_url":null,"twitter_image_custom_fields":null,"twitter_title":null,"twitter_description":null,"schema":{"blockGraphs":[],"customGraphs":[],"default":{"data":{"Article":[],"Course":[],"Dataset":[],"FAQPage":[],"Movie":[],"Person":[],"Product":[],"ProductReview":[],"Car":[],"Recipe":[],"Service":[],"SoftwareApplication":[],"WebPage":[]},"graphName":"","isEnabled":true},"graphs":[],"defaultGraph":"","defaultPostTypeGraph":""},"schema_type":null,"schema_type_options":null,"pillar_content":false,"robots_default":true,"robots_noindex":false,"robots_noarchive":false,"robots_nosnippet":false,"robots_nofollow":false,"robots_noimageindex":false,"robots_noodp":false,"robots_notranslate":false,"robots_max_snippet":null,"robots_max_videopreview":null,"robots_max_imagepreview":"large","priority":null,"frequency":null,"location":null,"local_seo":null,"seo_analyzer_scan_date":"2025-08-27 10:30:52","breadcrumb_settings":null,"limit_modified_date":false,"reviewed_by":null,"open_ai":null,"ai":null,"created":"2020-12-21 11:48:13","updated":"2025-08-27 10:30:52"},"aioseo_breadcrumb":"<div class=\"aioseo-breadcrumbs\"><span class=\"aioseo-breadcrumb\">\n\t<a href=\"https:\/\/candas365.es\/noticias\" title=\"Home\">Home<\/a>\n<\/span><span class=\"aioseo-breadcrumb-separator\">&ndash;<\/span><span class=\"aioseo-breadcrumb\">\n\t<a href=\"https:\/\/candas365.es\/noticias\/category\/actualidad\/\" title=\"Actualidad\">Actualidad<\/a>\n<\/span><span class=\"aioseo-breadcrumb-separator\">&ndash;<\/span><span class=\"aioseo-breadcrumb\">\n\tEspa\u00f1a, Portugal, Francia y la Comisi\u00f3n Europea se re\u00fanen para abordar la mejora de las conexiones ferroviarias\n<\/span><\/div>","aioseo_breadcrumb_json":[{"label":"Home","link":"https:\/\/candas365.es\/noticias"},{"label":"Actualidad","link":"https:\/\/candas365.es\/noticias\/category\/actualidad\/"},{"label":"Espa\u00f1a, Portugal, Francia y la Comisi\u00f3n Europea se re\u00fanen para abordar la mejora de las conexiones ferroviarias","link":"https:\/\/candas365.es\/noticias\/espana-portugal-francia-y-la-comision-europea-se-reunen-para-abordar-la-mejora-de-las-conexiones-ferroviarias\/"}],"_links":{"self":[{"href":"https:\/\/candas365.es\/noticias\/wp-json\/wp\/v2\/posts\/101060","targetHints":{"allow":["GET"]}}],"collection":[{"href":"https:\/\/candas365.es\/noticias\/wp-json\/wp\/v2\/posts"}],"about":[{"href":"https:\/\/candas365.es\/noticias\/wp-json\/wp\/v2\/types\/post"}],"author":[{"embeddable":true,"href":"https:\/\/candas365.es\/noticias\/wp-json\/wp\/v2\/users\/1"}],"replies":[{"embeddable":true,"href":"https:\/\/candas365.es\/noticias\/wp-json\/wp\/v2\/comments?post=101060"}],"version-history":[{"count":0,"href":"https:\/\/candas365.es\/noticias\/wp-json\/wp\/v2\/posts\/101060\/revisions"}],"wp:featuredmedia":[{"embeddable":true,"href":"https:\/\/candas365.es\/noticias\/wp-json\/wp\/v2\/media\/101061"}],"wp:attachment":[{"href":"https:\/\/candas365.es\/noticias\/wp-json\/wp\/v2\/media?parent=101060"}],"wp:term":[{"taxonomy":"category","embeddable":true,"href":"https:\/\/candas365.es\/noticias\/wp-json\/wp\/v2\/categories?post=101060"},{"taxonomy":"post_tag","embeddable":true,"href":"https:\/\/candas365.es\/noticias\/wp-json\/wp\/v2\/tags?post=101060"}],"curies":[{"name":"wp","href":"https:\/\/api.w.org\/{rel}","templated":true}]}}