{"id":101050,"date":"2018-07-23T23:11:08","date_gmt":"2018-07-23T23:11:08","guid":{"rendered":"http:\/\/candas365.es\/noticias\/?p=101050"},"modified":"2018-07-23T23:11:08","modified_gmt":"2018-07-23T23:11:08","slug":"las-reformas-economicas-marcan-el-paso-a-la-nueva-constitucion-cubana","status":"publish","type":"post","link":"https:\/\/candas365.es\/noticias\/las-reformas-economicas-marcan-el-paso-a-la-nueva-constitucion-cubana\/","title":{"rendered":"Las reformas econ\u00f3micas marcan el paso a la nueva Constituci\u00f3n cubana"},"content":{"rendered":"<p><img fetchpriority=\"high\" decoding=\"async\" class=\"alignleft size-medium wp-image-94045\" src=\"https:\/\/candas365.es\/noticias\/wp-content\/uploads\/2018\/04\/cuba-2766076_960_720-360x241.jpg\" alt=\"\" width=\"360\" height=\"241\" srcset=\"https:\/\/candas365.es\/noticias\/wp-content\/uploads\/2018\/04\/cuba-2766076_960_720-360x241.jpg 360w, https:\/\/candas365.es\/noticias\/wp-content\/uploads\/2018\/04\/cuba-2766076_960_720-696x465.jpg 696w, https:\/\/candas365.es\/noticias\/wp-content\/uploads\/2018\/04\/cuba-2766076_960_720-628x420.jpg 628w, https:\/\/candas365.es\/noticias\/wp-content\/uploads\/2018\/04\/cuba-2766076_960_720-768x514.jpg 768w, https:\/\/candas365.es\/noticias\/wp-content\/uploads\/2018\/04\/cuba-2766076_960_720-655x438.jpg 655w, https:\/\/candas365.es\/noticias\/wp-content\/uploads\/2018\/04\/cuba-2766076_960_720.jpg 960w\" sizes=\"(max-width: 360px) 100vw, 360px\" \/>La Habana, 23 jul (dpa) &#8211; El reconocimiento de la propiedad privada y del papel del mercado en la econom\u00eda son algunos de los cambios que se incluyen en la propuesta para el nuevo texto constitucional cubano que dar\u00e1 un respaldo a las reformas econ\u00f3micas que inici\u00f3 Ra\u00fal Castro para garantizar el futuro del sistema pol\u00edtico.<\/p>\n<p>Sin el gran apoyo econ\u00f3mico del aliado venezolano, que vive una crisis pol\u00edtica y econ\u00f3mica, y con la hostilidad del republicano Donald Trump desde la Casa Blanca, la econom\u00eda cubana se ve en la encrucijada de mejorar sus discretos resultados econ\u00f3micos.<\/p>\n<p>El presidente cubano, Miguel D\u00edaz-Canel, anunci\u00f3 el domingo que durante el primer semestre del a\u00f1o el Producto Interno Bruto (PIB) creci\u00f3 un 1,1 por ciento respecto al mismo per\u00edodo anterior.<\/p>\n<p>\u00abNo por discreto deja de ser alentador, en medio de tantos factores adversos\u00bb, afirm\u00f3 D\u00edaz-Canel en un discurso televisado desde el Parlamento.<\/p>\n<p>Para el 2018, el Gobierno cubano tiene previsto crecer un dos por ciento en su PIB, mientras que la Comisi\u00f3n Econ\u00f3mica para Latinoam\u00e9rica y el Caribe (CEPAL) ha sido m\u00e1s moderada y ha pronosticado tan solo un alza del uno por ciento para este ejercicio.<\/p>\n<p>\u00abA D\u00edaz-Canel se le va a medir por cu\u00e1n capaz es para poner a Cuba en un camino econ\u00f3mico viable\u00bb, asegur\u00f3 a dpa el acad\u00e9mico cubano Arturo L\u00f3pez-Levy, profesor de Estudios Internacionales en el Gustavus Adolphus College de Estados Unidos.<\/p>\n<p>La preocupaci\u00f3n por la econom\u00eda qued\u00f3 patente cuando el s\u00e1bado, al anunciar D\u00edaz-Canel cu\u00e1l ser\u00eda su primer Consejo de Ministros -hasta entonces ten\u00eda el heredado de la etapa de Ra\u00fal Castro-, los grandes cambios se produjeron en la esfera econ\u00f3mica.<\/p>\n<p>Ricardo Cabrisas dej\u00f3 la cartera de Econom\u00eda aunque permanecer\u00e1 como vicepresidente del Consejo de Ministros, y le suceder\u00e1 su mano derecha y hasta ahora viceministro primero, Alejandro Gil.<\/p>\n<p>Cabrisas fue el gran art\u00edfice de negociar las deudas internacionales de Cuba y consigui\u00f3 un hist\u00f3rico acuerdo con el Club de Par\u00eds por el que le condonaron a La Habana 8.500 millones de d\u00f3lares de los 11.000 que deb\u00edan los cubanos desde la d\u00e9cada de 1980.<\/p>\n<p>Pero en el \u00e1mbito nacional su desempe\u00f1o no era tan brillante y el pa\u00eds cerr\u00f3 en 2016 con una ca\u00edda del PIB del 0,9 por ciento, lo que signific\u00f3 su primera recesi\u00f3n en 20 a\u00f1os.<\/p>\n<p>La otra sorpresa fue la gran ausencia de la reuni\u00f3n parlamentaria de Marino Murillo, considerado el zar de las reformas econ\u00f3micas y el encargado hasta ahora de anunciar a la ciudadan\u00eda el rumbo que tomaban los cambios.<\/p>\n<p>Murillo fue el art\u00edfice de reformas durante el mandato de Ra\u00fal Castro (2008-2018) como la autorizaci\u00f3n a la compra y venta de casas y autom\u00f3viles o la entrega de tierras en usufructo a los campesinos.<\/p>\n<p>Sin voluntad de realizar cambios pol\u00edticos, las reformas econ\u00f3micas por ahora tendr\u00e1n l\u00edneas rojas y no se tocar\u00e1 el acceso garantizado a servicios p\u00fablicos como la salud y la educaci\u00f3n, que son las grandes banderas de la Revoluci\u00f3n.<\/p>\n<p>Pero la nueva Constituci\u00f3n s\u00ed abre la posibilidad de cobrar por algunas cirug\u00edas pl\u00e1sticas o por cursos universitarios de postgrado, algo hasta ahora impensable.<\/p>\n<p>El proyecto de nueva Carta Magna, que ahora deber\u00e1 ser discutido en los barrios y las empresas y despu\u00e9s ser respaldado en un refer\u00e9ndum, busca reflejar la visi\u00f3n gubernamental de pasar de la insostenible equidad de la \u00e9poca sovi\u00e9tica a la igualdad de oportunidades.<\/p>\n<p>El acad\u00e9mico L\u00f3pez-Levy se\u00f1al\u00f3 a dpa que la prosperidad econ\u00f3mica del pa\u00eds ser\u00e1 una \u00abcondici\u00f3n imprescindible para que se pueda creer en lo de un socialismo cubano, pr\u00f3spero y sostenible\u00bb.<\/p>\n<p>Pero el pragmatismo de las reformas econ\u00f3micas chocaba con la proclama de la actual Constituci\u00f3n de la aspiraci\u00f3n del pueblo cubano al \u00abavance hacia una sociedad comunista\u00bb.<\/p>\n<p>Durante el debate algunos diputados plantearon su preocupaci\u00f3n al ver que la eliminaci\u00f3n del t\u00e9rmino significaba abandonar las esencias del sistema, aunque el Partido Comunista de Cuba se mantendr\u00e1 como el \u00fanico legal en la isla.<\/p>\n<p>\u00abEsto no quiere decir que renunciamos a nuestras ideas, solamente que en nuestra visi\u00f3n pensamos en un pa\u00eds socialista, soberano, independiente, pr\u00f3spero y sostenible\u00bb, se\u00f1al\u00f3 Esteban Lazo, presidente de la Asamblea Nacional para tranquilizar a los diputados. El t\u00e9rmino ser\u00e1 eliminado seg\u00fan acordaron en la reuni\u00f3n parlamentaria.<\/p>\n<p>\u00abEstamos ante una reforma total en el marco de los principios que establece el socialismo\u00bb, aclar\u00f3 a los diputados Homero Acosta, el secretario del Consejo de Estado, que ha sido el arquitecto de las reformas institucionales en la isla.<\/p>\n<p>Tras aprobar los diputados la reforma del texto, D\u00edaz-Canel pidi\u00f3 la participaci\u00f3n popular en los debates y el respaldo al nuevo texto constitucional \u00abpara que la institucionalidad se fortalezca y con ellos el modelo econ\u00f3mico y social\u00bb.<\/p>\n<p>En el \u00e1mbito econ\u00f3mico, el ex embajador cubano Carlos Alzugaray se\u00f1al\u00f3 a dpa que los grandes retos que tiene por delante el presidente D\u00edaz-Canel son la unificaci\u00f3n monetaria de las dos monedas que circulan en el pa\u00eds junto al desarrollo del sector no estatal, incluyendo no s\u00f3lo el cuentapropismo sino tambi\u00e9n la peque\u00f1a y mediana empresa.<\/p>\n<p>Por Guillermo Nova (dpa)<\/p>\n","protected":false},"excerpt":{"rendered":"<p>La Habana, 23 jul (dpa) &#8211; El reconocimiento de la propiedad privada y del papel del mercado en la econom\u00eda son algunos de los cambios que se incluyen en la propuesta para el nuevo texto constitucional cubano que dar\u00e1 un respaldo a las reformas econ\u00f3micas que inici\u00f3 Ra\u00fal Castro para garantizar el futuro del sistema<\/p>\n","protected":false},"author":1,"featured_media":94045,"comment_status":"closed","ping_status":"closed","sticky":false,"template":"","format":"standard","meta":{"footnotes":""},"categories":[343],"tags":[],"class_list":{"0":"post-101050","1":"post","2":"type-post","3":"status-publish","4":"format-standard","5":"has-post-thumbnail","7":"category-actualidad"},"aioseo_notices":[],"aioseo_head":"\n\t\t<!-- All in One SEO Pro 4.9.6.2 - aioseo.com -->\n\t<meta name=\"description\" content=\"La Habana, 23 jul (dpa) - El reconocimiento de la propiedad privada y del papel del mercado en la econom\u00eda son algunos de los cambios que se incluyen en la propuesta para el nuevo texto constitucional cubano que dar\u00e1 un respaldo a las reformas econ\u00f3micas que inici\u00f3 Ra\u00fal Castro para garantizar el futuro del sistema\" \/>\n\t<meta name=\"robots\" content=\"max-image-preview:large\" \/>\n\t<meta name=\"author\" content=\"Cand\u00e1s 365\"\/>\n\t<meta name=\"google-site-verification\" content=\"UA-32230408-1\" \/>\n\t<meta name=\"msvalidate.01\" content=\"354F3CDFB2DA171B47FBE9ABF1F88D5\" \/>\n\t<meta name=\"keywords\" content=\"actualidad\" \/>\n\t<link rel=\"canonical\" href=\"https:\/\/candas365.es\/noticias\/las-reformas-economicas-marcan-el-paso-a-la-nueva-constitucion-cubana\/\" \/>\n\t<meta name=\"generator\" content=\"All in One SEO Pro (AIOSEO) 4.9.6.2\" \/>\n\t\t<meta property=\"og:locale\" content=\"es_ES\" \/>\n\t\t<meta property=\"og:site_name\" content=\"Cand\u00e1s 365\" \/>\n\t\t<meta property=\"og:type\" content=\"article\" \/>\n\t\t<meta property=\"og:title\" content=\"Las reformas econ\u00f3micas marcan el paso a la nueva Constituci\u00f3n cubana | Cand\u00e1s 365\" \/>\n\t\t<meta property=\"og:description\" content=\"La Habana, 23 jul (dpa) - El reconocimiento de la propiedad privada y del papel del mercado en la econom\u00eda son algunos de los cambios que se incluyen en la propuesta para el nuevo texto constitucional cubano que dar\u00e1 un respaldo a las reformas econ\u00f3micas que inici\u00f3 Ra\u00fal Castro para garantizar el futuro del sistema\" \/>\n\t\t<meta property=\"og:url\" content=\"https:\/\/candas365.es\/noticias\/las-reformas-economicas-marcan-el-paso-a-la-nueva-constitucion-cubana\/\" \/>\n\t\t<meta property=\"og:image\" content=\"https:\/\/candas365.es\/noticias\/wp-content\/uploads\/2018\/04\/cuba-2766076_960_720.jpg\" \/>\n\t\t<meta property=\"og:image:secure_url\" content=\"https:\/\/candas365.es\/noticias\/wp-content\/uploads\/2018\/04\/cuba-2766076_960_720.jpg\" \/>\n\t\t<meta property=\"og:image:width\" content=\"960\" \/>\n\t\t<meta property=\"og:image:height\" content=\"642\" \/>\n\t\t<meta property=\"article:published_time\" content=\"2018-07-23T23:11:08+00:00\" \/>\n\t\t<meta property=\"article:modified_time\" content=\"2018-07-23T23:11:08+00:00\" \/>\n\t\t<meta property=\"article:publisher\" content=\"https:\/\/www.facebook.com\/Nachofdezber\" \/>\n\t\t<meta property=\"article:author\" content=\"https:\/\/www.facebook.com\/carrenoactualidad\" \/>\n\t\t<meta name=\"twitter:card\" content=\"summary_large_image\" \/>\n\t\t<meta name=\"twitter:site\" content=\"@NabercoDigital\" \/>\n\t\t<meta name=\"twitter:title\" content=\"Las reformas econ\u00f3micas marcan el paso a la nueva Constituci\u00f3n cubana | Cand\u00e1s 365\" \/>\n\t\t<meta name=\"twitter:description\" content=\"La Habana, 23 jul (dpa) - El reconocimiento de la propiedad privada y del papel del mercado en la econom\u00eda son algunos de los cambios que se incluyen en la propuesta para el nuevo texto constitucional cubano que dar\u00e1 un respaldo a las reformas econ\u00f3micas que inici\u00f3 Ra\u00fal Castro para garantizar el futuro del sistema\" \/>\n\t\t<meta name=\"twitter:creator\" content=\"@nbasturias\" \/>\n\t\t<meta name=\"twitter:image\" content=\"https:\/\/candas365.es\/noticias\/wp-content\/uploads\/2018\/04\/cuba-2766076_960_720.jpg\" \/>\n\t\t<meta name=\"twitter:label1\" content=\"Escrito por\" \/>\n\t\t<meta name=\"twitter:data1\" content=\"Cand\u00e1s 365\" \/>\n\t\t<meta name=\"twitter:label2\" content=\"Tiempo de lectura estimado\" \/>\n\t\t<meta name=\"twitter:data2\" content=\"5 minutos\" \/>\n\t\t<script type=\"application\/ld+json\" class=\"aioseo-schema\">\n\t\t\t{\"@context\":\"https:\\\/\\\/schema.org\",\"@graph\":[{\"@type\":\"BreadcrumbList\",\"@id\":\"https:\\\/\\\/candas365.es\\\/noticias\\\/las-reformas-economicas-marcan-el-paso-a-la-nueva-constitucion-cubana\\\/#breadcrumblist\",\"itemListElement\":[{\"@type\":\"ListItem\",\"@id\":\"https:\\\/\\\/candas365.es\\\/noticias#listItem\",\"position\":1,\"name\":\"Home\",\"item\":\"https:\\\/\\\/candas365.es\\\/noticias\",\"nextItem\":{\"@type\":\"ListItem\",\"@id\":\"https:\\\/\\\/candas365.es\\\/noticias\\\/category\\\/actualidad\\\/#listItem\",\"name\":\"Actualidad\"}},{\"@type\":\"ListItem\",\"@id\":\"https:\\\/\\\/candas365.es\\\/noticias\\\/category\\\/actualidad\\\/#listItem\",\"position\":2,\"name\":\"Actualidad\",\"item\":\"https:\\\/\\\/candas365.es\\\/noticias\\\/category\\\/actualidad\\\/\",\"nextItem\":{\"@type\":\"ListItem\",\"@id\":\"https:\\\/\\\/candas365.es\\\/noticias\\\/las-reformas-economicas-marcan-el-paso-a-la-nueva-constitucion-cubana\\\/#listItem\",\"name\":\"Las reformas econ\\u00f3micas marcan el paso a la nueva Constituci\\u00f3n cubana\"},\"previousItem\":{\"@type\":\"ListItem\",\"@id\":\"https:\\\/\\\/candas365.es\\\/noticias#listItem\",\"name\":\"Home\"}},{\"@type\":\"ListItem\",\"@id\":\"https:\\\/\\\/candas365.es\\\/noticias\\\/las-reformas-economicas-marcan-el-paso-a-la-nueva-constitucion-cubana\\\/#listItem\",\"position\":3,\"name\":\"Las reformas econ\\u00f3micas marcan el paso a la nueva Constituci\\u00f3n cubana\",\"previousItem\":{\"@type\":\"ListItem\",\"@id\":\"https:\\\/\\\/candas365.es\\\/noticias\\\/category\\\/actualidad\\\/#listItem\",\"name\":\"Actualidad\"}}]},{\"@type\":\"NewsArticle\",\"@id\":\"https:\\\/\\\/candas365.es\\\/noticias\\\/las-reformas-economicas-marcan-el-paso-a-la-nueva-constitucion-cubana\\\/#newsarticle\",\"name\":\"Las reformas econ\\u00f3micas marcan el paso a la nueva Constituci\\u00f3n cubana | Cand\\u00e1s 365\",\"headline\":\"Las reformas econ\\u00f3micas marcan el paso a la nueva Constituci\\u00f3n cubana\",\"author\":{\"@id\":\"https:\\\/\\\/candas365.es\\\/noticias\\\/author\\\/admin\\\/#author\"},\"publisher\":{\"@id\":\"https:\\\/\\\/candas365.es\\\/noticias\\\/#organization\"},\"image\":{\"@type\":\"ImageObject\",\"url\":\"https:\\\/\\\/candas365.es\\\/noticias\\\/wp-content\\\/uploads\\\/2018\\\/04\\\/cuba-2766076_960_720.jpg\",\"width\":960,\"height\":642},\"datePublished\":\"2018-07-23T23:11:08+02:00\",\"dateModified\":\"2018-07-23T23:11:08+02:00\",\"inLanguage\":\"es-ES\",\"mainEntityOfPage\":{\"@id\":\"https:\\\/\\\/candas365.es\\\/noticias\\\/las-reformas-economicas-marcan-el-paso-a-la-nueva-constitucion-cubana\\\/#webpage\"},\"isPartOf\":{\"@id\":\"https:\\\/\\\/candas365.es\\\/noticias\\\/las-reformas-economicas-marcan-el-paso-a-la-nueva-constitucion-cubana\\\/#webpage\"},\"articleSection\":\"Actualidad\",\"dateline\":\"Publicado el julio 23, 2018.\"},{\"@type\":\"Organization\",\"@id\":\"https:\\\/\\\/candas365.es\\\/noticias\\\/#organization\",\"name\":\"Cand\\u00e1s 365\",\"description\":\"Cand\\u00e1s 365 es un diario digital independiente, fundado en 2012, con base en Asturias. Informamos con rigor sobre actualidad, sociedad, cultura y ocio, con una mirada local y global.\",\"url\":\"https:\\\/\\\/candas365.es\\\/noticias\\\/\",\"email\":\"info@candas365.es\",\"telephone\":\"+34652131393\",\"foundingDate\":\"2012-06-10\",\"logo\":{\"@type\":\"ImageObject\",\"url\":\"https:\\\/\\\/candas365.es\\\/noticias\\\/wp-content\\\/uploads\\\/2024\\\/09\\\/Candas-365-Redes.jpg\",\"@id\":\"https:\\\/\\\/candas365.es\\\/noticias\\\/las-reformas-economicas-marcan-el-paso-a-la-nueva-constitucion-cubana\\\/#organizationLogo\",\"width\":1152,\"height\":864,\"caption\":\"Cand\\u00e1s 365 Redes\"},\"image\":{\"@id\":\"https:\\\/\\\/candas365.es\\\/noticias\\\/las-reformas-economicas-marcan-el-paso-a-la-nueva-constitucion-cubana\\\/#organizationLogo\"},\"sameAs\":[\"https:\\\/\\\/www.facebook.com\\\/Nachofdezber\",\"https:\\\/\\\/x.com\\\/NabercoDigital\",\"https:\\\/\\\/www.instagram.com\\\/nachofdezber\\\/\",\"https:\\\/\\\/www.youtube.com\\\/channel\\\/UCZP-2wLEB9Rv6erhFmqVnvg\"],\"address\":{\"@id\":\"https:\\\/\\\/candas365.es\\\/noticias\\\/#postaladdress\",\"@type\":\"PostalAddress\",\"streetAddress\":\"san antonio 4, san antonio 4\",\"postalCode\":\"33430\",\"addressLocality\":\"Cand\\u00e1s\",\"addressRegion\":\"Asturias\",\"addressCountry\":\"ES\"}},{\"@type\":\"Person\",\"@id\":\"https:\\\/\\\/candas365.es\\\/noticias\\\/author\\\/admin\\\/#author\",\"url\":\"https:\\\/\\\/candas365.es\\\/noticias\\\/author\\\/admin\\\/\",\"name\":\"Cand\\u00e1s 365\",\"image\":{\"@type\":\"ImageObject\",\"@id\":\"https:\\\/\\\/candas365.es\\\/noticias\\\/las-reformas-economicas-marcan-el-paso-a-la-nueva-constitucion-cubana\\\/#authorImage\",\"url\":\"https:\\\/\\\/secure.gravatar.com\\\/avatar\\\/496a8e03d0c493ede1718b7934145dbdf8d89be1036b0eec9544e1094c9de390?s=96&d=mm&r=g\",\"width\":96,\"height\":96,\"caption\":\"Cand\\u00e1s 365\"},\"sameAs\":[\"https:\\\/\\\/www.facebook.com\\\/carrenoactualidad\",\"https:\\\/\\\/twitter.com\\\/nbasturias\",\"https:\\\/\\\/www.instagram.com\\\/nachofdezber\\\/\",\"https:\\\/\\\/www.youtube.com\\\/channel\\\/UCZP-2wLEB9Rv6erhFmqVnvg\"]},{\"@type\":\"WebPage\",\"@id\":\"https:\\\/\\\/candas365.es\\\/noticias\\\/las-reformas-economicas-marcan-el-paso-a-la-nueva-constitucion-cubana\\\/#webpage\",\"url\":\"https:\\\/\\\/candas365.es\\\/noticias\\\/las-reformas-economicas-marcan-el-paso-a-la-nueva-constitucion-cubana\\\/\",\"name\":\"Las reformas econ\\u00f3micas marcan el paso a la nueva Constituci\\u00f3n cubana | Cand\\u00e1s 365\",\"description\":\"La Habana, 23 jul (dpa) - El reconocimiento de la propiedad privada y del papel del mercado en la econom\\u00eda son algunos de los cambios que se incluyen en la propuesta para el nuevo texto constitucional cubano que dar\\u00e1 un respaldo a las reformas econ\\u00f3micas que inici\\u00f3 Ra\\u00fal Castro para garantizar el futuro del sistema\",\"inLanguage\":\"es-ES\",\"isPartOf\":{\"@id\":\"https:\\\/\\\/candas365.es\\\/noticias\\\/#website\"},\"breadcrumb\":{\"@id\":\"https:\\\/\\\/candas365.es\\\/noticias\\\/las-reformas-economicas-marcan-el-paso-a-la-nueva-constitucion-cubana\\\/#breadcrumblist\"},\"author\":{\"@id\":\"https:\\\/\\\/candas365.es\\\/noticias\\\/author\\\/admin\\\/#author\"},\"creator\":{\"@id\":\"https:\\\/\\\/candas365.es\\\/noticias\\\/author\\\/admin\\\/#author\"},\"image\":{\"@type\":\"ImageObject\",\"url\":\"https:\\\/\\\/candas365.es\\\/noticias\\\/wp-content\\\/uploads\\\/2018\\\/04\\\/cuba-2766076_960_720.jpg\",\"@id\":\"https:\\\/\\\/candas365.es\\\/noticias\\\/las-reformas-economicas-marcan-el-paso-a-la-nueva-constitucion-cubana\\\/#mainImage\",\"width\":960,\"height\":642},\"primaryImageOfPage\":{\"@id\":\"https:\\\/\\\/candas365.es\\\/noticias\\\/las-reformas-economicas-marcan-el-paso-a-la-nueva-constitucion-cubana\\\/#mainImage\"},\"datePublished\":\"2018-07-23T23:11:08+02:00\",\"dateModified\":\"2018-07-23T23:11:08+02:00\"},{\"@type\":\"WebSite\",\"@id\":\"https:\\\/\\\/candas365.es\\\/noticias\\\/#website\",\"url\":\"https:\\\/\\\/candas365.es\\\/noticias\\\/\",\"name\":\"Cand\\u00e1s 365\",\"alternateName\":\"Cand\\u00e1s 365 Noticias\",\"description\":\"Actualidad desde Carre\\u00f1o para el mundo\",\"inLanguage\":\"es-ES\",\"publisher\":{\"@id\":\"https:\\\/\\\/candas365.es\\\/noticias\\\/#organization\"}}]}\n\t\t<\/script>\n\t\t<!-- All in One SEO Pro -->\r\n\t\t<title>Las reformas econ\u00f3micas marcan el paso a la nueva Constituci\u00f3n cubana | Cand\u00e1s 365<\/title>\n\n","aioseo_head_json":{"title":"Las reformas econ\u00f3micas marcan el paso a la nueva Constituci\u00f3n cubana | Cand\u00e1s 365","description":"La Habana, 23 jul (dpa) - El reconocimiento de la propiedad privada y del papel del mercado en la econom\u00eda son algunos de los cambios que se incluyen en la propuesta para el nuevo texto constitucional cubano que dar\u00e1 un respaldo a las reformas econ\u00f3micas que inici\u00f3 Ra\u00fal Castro para garantizar el futuro del sistema","canonical_url":"https:\/\/candas365.es\/noticias\/las-reformas-economicas-marcan-el-paso-a-la-nueva-constitucion-cubana\/","robots":"max-image-preview:large","keywords":"actualidad","webmasterTools":{"google-site-verification":"UA-32230408-1","msvalidate.01":"354F3CDFB2DA171B47FBE9ABF1F88D5","miscellaneous":""},"schema":{"@context":"https:\/\/schema.org","@graph":[{"@type":"BreadcrumbList","@id":"https:\/\/candas365.es\/noticias\/las-reformas-economicas-marcan-el-paso-a-la-nueva-constitucion-cubana\/#breadcrumblist","itemListElement":[{"@type":"ListItem","@id":"https:\/\/candas365.es\/noticias#listItem","position":1,"name":"Home","item":"https:\/\/candas365.es\/noticias","nextItem":{"@type":"ListItem","@id":"https:\/\/candas365.es\/noticias\/category\/actualidad\/#listItem","name":"Actualidad"}},{"@type":"ListItem","@id":"https:\/\/candas365.es\/noticias\/category\/actualidad\/#listItem","position":2,"name":"Actualidad","item":"https:\/\/candas365.es\/noticias\/category\/actualidad\/","nextItem":{"@type":"ListItem","@id":"https:\/\/candas365.es\/noticias\/las-reformas-economicas-marcan-el-paso-a-la-nueva-constitucion-cubana\/#listItem","name":"Las reformas econ\u00f3micas marcan el paso a la nueva Constituci\u00f3n cubana"},"previousItem":{"@type":"ListItem","@id":"https:\/\/candas365.es\/noticias#listItem","name":"Home"}},{"@type":"ListItem","@id":"https:\/\/candas365.es\/noticias\/las-reformas-economicas-marcan-el-paso-a-la-nueva-constitucion-cubana\/#listItem","position":3,"name":"Las reformas econ\u00f3micas marcan el paso a la nueva Constituci\u00f3n cubana","previousItem":{"@type":"ListItem","@id":"https:\/\/candas365.es\/noticias\/category\/actualidad\/#listItem","name":"Actualidad"}}]},{"@type":"NewsArticle","@id":"https:\/\/candas365.es\/noticias\/las-reformas-economicas-marcan-el-paso-a-la-nueva-constitucion-cubana\/#newsarticle","name":"Las reformas econ\u00f3micas marcan el paso a la nueva Constituci\u00f3n cubana | Cand\u00e1s 365","headline":"Las reformas econ\u00f3micas marcan el paso a la nueva Constituci\u00f3n cubana","author":{"@id":"https:\/\/candas365.es\/noticias\/author\/admin\/#author"},"publisher":{"@id":"https:\/\/candas365.es\/noticias\/#organization"},"image":{"@type":"ImageObject","url":"https:\/\/candas365.es\/noticias\/wp-content\/uploads\/2018\/04\/cuba-2766076_960_720.jpg","width":960,"height":642},"datePublished":"2018-07-23T23:11:08+02:00","dateModified":"2018-07-23T23:11:08+02:00","inLanguage":"es-ES","mainEntityOfPage":{"@id":"https:\/\/candas365.es\/noticias\/las-reformas-economicas-marcan-el-paso-a-la-nueva-constitucion-cubana\/#webpage"},"isPartOf":{"@id":"https:\/\/candas365.es\/noticias\/las-reformas-economicas-marcan-el-paso-a-la-nueva-constitucion-cubana\/#webpage"},"articleSection":"Actualidad","dateline":"Publicado el julio 23, 2018."},{"@type":"Organization","@id":"https:\/\/candas365.es\/noticias\/#organization","name":"Cand\u00e1s 365","description":"Cand\u00e1s 365 es un diario digital independiente, fundado en 2012, con base en Asturias. Informamos con rigor sobre actualidad, sociedad, cultura y ocio, con una mirada local y global.","url":"https:\/\/candas365.es\/noticias\/","email":"info@candas365.es","telephone":"+34652131393","foundingDate":"2012-06-10","logo":{"@type":"ImageObject","url":"https:\/\/candas365.es\/noticias\/wp-content\/uploads\/2024\/09\/Candas-365-Redes.jpg","@id":"https:\/\/candas365.es\/noticias\/las-reformas-economicas-marcan-el-paso-a-la-nueva-constitucion-cubana\/#organizationLogo","width":1152,"height":864,"caption":"Cand\u00e1s 365 Redes"},"image":{"@id":"https:\/\/candas365.es\/noticias\/las-reformas-economicas-marcan-el-paso-a-la-nueva-constitucion-cubana\/#organizationLogo"},"sameAs":["https:\/\/www.facebook.com\/Nachofdezber","https:\/\/x.com\/NabercoDigital","https:\/\/www.instagram.com\/nachofdezber\/","https:\/\/www.youtube.com\/channel\/UCZP-2wLEB9Rv6erhFmqVnvg"],"address":{"@id":"https:\/\/candas365.es\/noticias\/#postaladdress","@type":"PostalAddress","streetAddress":"san antonio 4, san antonio 4","postalCode":"33430","addressLocality":"Cand\u00e1s","addressRegion":"Asturias","addressCountry":"ES"}},{"@type":"Person","@id":"https:\/\/candas365.es\/noticias\/author\/admin\/#author","url":"https:\/\/candas365.es\/noticias\/author\/admin\/","name":"Cand\u00e1s 365","image":{"@type":"ImageObject","@id":"https:\/\/candas365.es\/noticias\/las-reformas-economicas-marcan-el-paso-a-la-nueva-constitucion-cubana\/#authorImage","url":"https:\/\/secure.gravatar.com\/avatar\/496a8e03d0c493ede1718b7934145dbdf8d89be1036b0eec9544e1094c9de390?s=96&d=mm&r=g","width":96,"height":96,"caption":"Cand\u00e1s 365"},"sameAs":["https:\/\/www.facebook.com\/carrenoactualidad","https:\/\/twitter.com\/nbasturias","https:\/\/www.instagram.com\/nachofdezber\/","https:\/\/www.youtube.com\/channel\/UCZP-2wLEB9Rv6erhFmqVnvg"]},{"@type":"WebPage","@id":"https:\/\/candas365.es\/noticias\/las-reformas-economicas-marcan-el-paso-a-la-nueva-constitucion-cubana\/#webpage","url":"https:\/\/candas365.es\/noticias\/las-reformas-economicas-marcan-el-paso-a-la-nueva-constitucion-cubana\/","name":"Las reformas econ\u00f3micas marcan el paso a la nueva Constituci\u00f3n cubana | Cand\u00e1s 365","description":"La Habana, 23 jul (dpa) - El reconocimiento de la propiedad privada y del papel del mercado en la econom\u00eda son algunos de los cambios que se incluyen en la propuesta para el nuevo texto constitucional cubano que dar\u00e1 un respaldo a las reformas econ\u00f3micas que inici\u00f3 Ra\u00fal Castro para garantizar el futuro del sistema","inLanguage":"es-ES","isPartOf":{"@id":"https:\/\/candas365.es\/noticias\/#website"},"breadcrumb":{"@id":"https:\/\/candas365.es\/noticias\/las-reformas-economicas-marcan-el-paso-a-la-nueva-constitucion-cubana\/#breadcrumblist"},"author":{"@id":"https:\/\/candas365.es\/noticias\/author\/admin\/#author"},"creator":{"@id":"https:\/\/candas365.es\/noticias\/author\/admin\/#author"},"image":{"@type":"ImageObject","url":"https:\/\/candas365.es\/noticias\/wp-content\/uploads\/2018\/04\/cuba-2766076_960_720.jpg","@id":"https:\/\/candas365.es\/noticias\/las-reformas-economicas-marcan-el-paso-a-la-nueva-constitucion-cubana\/#mainImage","width":960,"height":642},"primaryImageOfPage":{"@id":"https:\/\/candas365.es\/noticias\/las-reformas-economicas-marcan-el-paso-a-la-nueva-constitucion-cubana\/#mainImage"},"datePublished":"2018-07-23T23:11:08+02:00","dateModified":"2018-07-23T23:11:08+02:00"},{"@type":"WebSite","@id":"https:\/\/candas365.es\/noticias\/#website","url":"https:\/\/candas365.es\/noticias\/","name":"Cand\u00e1s 365","alternateName":"Cand\u00e1s 365 Noticias","description":"Actualidad desde Carre\u00f1o para el mundo","inLanguage":"es-ES","publisher":{"@id":"https:\/\/candas365.es\/noticias\/#organization"}}]},"og:locale":"es_ES","og:site_name":"Cand\u00e1s 365","og:type":"article","og:title":"Las reformas econ\u00f3micas marcan el paso a la nueva Constituci\u00f3n cubana | Cand\u00e1s 365","og:description":"La Habana, 23 jul (dpa) - El reconocimiento de la propiedad privada y del papel del mercado en la econom\u00eda son algunos de los cambios que se incluyen en la propuesta para el nuevo texto constitucional cubano que dar\u00e1 un respaldo a las reformas econ\u00f3micas que inici\u00f3 Ra\u00fal Castro para garantizar el futuro del sistema","og:url":"https:\/\/candas365.es\/noticias\/las-reformas-economicas-marcan-el-paso-a-la-nueva-constitucion-cubana\/","og:image":"https:\/\/candas365.es\/noticias\/wp-content\/uploads\/2018\/04\/cuba-2766076_960_720.jpg","og:image:secure_url":"https:\/\/candas365.es\/noticias\/wp-content\/uploads\/2018\/04\/cuba-2766076_960_720.jpg","og:image:width":960,"og:image:height":642,"article:published_time":"2018-07-23T23:11:08+00:00","article:modified_time":"2018-07-23T23:11:08+00:00","article:publisher":"https:\/\/www.facebook.com\/Nachofdezber","article:author":"https:\/\/www.facebook.com\/carrenoactualidad","twitter:card":"summary_large_image","twitter:site":"@NabercoDigital","twitter:title":"Las reformas econ\u00f3micas marcan el paso a la nueva Constituci\u00f3n cubana | Cand\u00e1s 365","twitter:description":"La Habana, 23 jul (dpa) - El reconocimiento de la propiedad privada y del papel del mercado en la econom\u00eda son algunos de los cambios que se incluyen en la propuesta para el nuevo texto constitucional cubano que dar\u00e1 un respaldo a las reformas econ\u00f3micas que inici\u00f3 Ra\u00fal Castro para garantizar el futuro del sistema","twitter:creator":"@nbasturias","twitter:image":"https:\/\/candas365.es\/noticias\/wp-content\/uploads\/2018\/04\/cuba-2766076_960_720.jpg","twitter:label1":"Escrito por","twitter:data1":"Cand\u00e1s 365","twitter:label2":"Tiempo de lectura estimado","twitter:data2":"5 minutos"},"aioseo_meta_data":{"post_id":"101050","title":null,"description":null,"keywords":null,"keyphrases":null,"primary_term":null,"canonical_url":null,"og_title":null,"og_description":null,"og_object_type":"default","og_image_type":"default","og_image_url":null,"og_image_width":null,"og_image_height":null,"og_image_custom_url":null,"og_image_custom_fields":null,"og_video":null,"og_custom_url":null,"og_article_section":null,"og_article_tags":null,"twitter_use_og":false,"twitter_card":"default","twitter_image_type":"default","twitter_image_url":null,"twitter_image_custom_url":null,"twitter_image_custom_fields":null,"twitter_title":null,"twitter_description":null,"schema":{"blockGraphs":[],"customGraphs":[],"default":{"data":{"Article":[],"Course":[],"Dataset":[],"FAQPage":[],"Movie":[],"Person":[],"Product":[],"ProductReview":[],"Car":[],"Recipe":[],"Service":[],"SoftwareApplication":[],"WebPage":[]},"graphName":"","isEnabled":true},"graphs":[],"defaultGraph":"","defaultPostTypeGraph":""},"schema_type":null,"schema_type_options":null,"pillar_content":false,"robots_default":true,"robots_noindex":false,"robots_noarchive":false,"robots_nosnippet":false,"robots_nofollow":false,"robots_noimageindex":false,"robots_noodp":false,"robots_notranslate":false,"robots_max_snippet":null,"robots_max_videopreview":null,"robots_max_imagepreview":"large","priority":null,"frequency":null,"location":null,"local_seo":null,"seo_analyzer_scan_date":"2025-08-27 10:28:18","breadcrumb_settings":null,"limit_modified_date":false,"reviewed_by":null,"open_ai":null,"ai":null,"created":"2020-12-21 11:48:13","updated":"2025-08-27 10:28:18"},"aioseo_breadcrumb":"<div class=\"aioseo-breadcrumbs\"><span class=\"aioseo-breadcrumb\">\n\t<a href=\"https:\/\/candas365.es\/noticias\" title=\"Home\">Home<\/a>\n<\/span><span class=\"aioseo-breadcrumb-separator\">&ndash;<\/span><span class=\"aioseo-breadcrumb\">\n\t<a href=\"https:\/\/candas365.es\/noticias\/category\/actualidad\/\" title=\"Actualidad\">Actualidad<\/a>\n<\/span><span class=\"aioseo-breadcrumb-separator\">&ndash;<\/span><span class=\"aioseo-breadcrumb\">\n\tLas reformas econ\u00f3micas marcan el paso a la nueva Constituci\u00f3n cubana\n<\/span><\/div>","aioseo_breadcrumb_json":[{"label":"Home","link":"https:\/\/candas365.es\/noticias"},{"label":"Actualidad","link":"https:\/\/candas365.es\/noticias\/category\/actualidad\/"},{"label":"Las reformas econ\u00f3micas marcan el paso a la nueva Constituci\u00f3n cubana","link":"https:\/\/candas365.es\/noticias\/las-reformas-economicas-marcan-el-paso-a-la-nueva-constitucion-cubana\/"}],"_links":{"self":[{"href":"https:\/\/candas365.es\/noticias\/wp-json\/wp\/v2\/posts\/101050","targetHints":{"allow":["GET"]}}],"collection":[{"href":"https:\/\/candas365.es\/noticias\/wp-json\/wp\/v2\/posts"}],"about":[{"href":"https:\/\/candas365.es\/noticias\/wp-json\/wp\/v2\/types\/post"}],"author":[{"embeddable":true,"href":"https:\/\/candas365.es\/noticias\/wp-json\/wp\/v2\/users\/1"}],"replies":[{"embeddable":true,"href":"https:\/\/candas365.es\/noticias\/wp-json\/wp\/v2\/comments?post=101050"}],"version-history":[{"count":0,"href":"https:\/\/candas365.es\/noticias\/wp-json\/wp\/v2\/posts\/101050\/revisions"}],"wp:featuredmedia":[{"embeddable":true,"href":"https:\/\/candas365.es\/noticias\/wp-json\/wp\/v2\/media\/94045"}],"wp:attachment":[{"href":"https:\/\/candas365.es\/noticias\/wp-json\/wp\/v2\/media?parent=101050"}],"wp:term":[{"taxonomy":"category","embeddable":true,"href":"https:\/\/candas365.es\/noticias\/wp-json\/wp\/v2\/categories?post=101050"},{"taxonomy":"post_tag","embeddable":true,"href":"https:\/\/candas365.es\/noticias\/wp-json\/wp\/v2\/tags?post=101050"}],"curies":[{"name":"wp","href":"https:\/\/api.w.org\/{rel}","templated":true}]}}