{"id":101044,"date":"2018-07-23T22:40:53","date_gmt":"2018-07-23T22:40:53","guid":{"rendered":"http:\/\/candas365.es\/noticias\/?p=101044"},"modified":"2018-07-23T22:40:53","modified_gmt":"2018-07-23T22:40:53","slug":"directivo-de-porsche-recupera-la-libertad-tras-3-meses-detenido","status":"publish","type":"post","link":"https:\/\/candas365.es\/noticias\/directivo-de-porsche-recupera-la-libertad-tras-3-meses-detenido\/","title":{"rendered":"Directivo de Porsche recupera la libertad tras 3 meses detenido"},"content":{"rendered":"<p><img fetchpriority=\"high\" decoding=\"async\" class=\"alignleft size-medium wp-image-86307\" src=\"https:\/\/candas365.es\/noticias\/wp-content\/uploads\/2017\/12\/apple-1853306_1280-news2-360x240.jpg\" alt=\"\" width=\"360\" height=\"240\" srcset=\"https:\/\/candas365.es\/noticias\/wp-content\/uploads\/2017\/12\/apple-1853306_1280-news2-360x240.jpg 360w, https:\/\/candas365.es\/noticias\/wp-content\/uploads\/2017\/12\/apple-1853306_1280-news2-768x512.jpg 768w, https:\/\/candas365.es\/noticias\/wp-content\/uploads\/2017\/12\/apple-1853306_1280-news2-655x436.jpg 655w, https:\/\/candas365.es\/noticias\/wp-content\/uploads\/2017\/12\/apple-1853306_1280-news2-696x464.jpg 696w, https:\/\/candas365.es\/noticias\/wp-content\/uploads\/2017\/12\/apple-1853306_1280-news2-1068x712.jpg 1068w, https:\/\/candas365.es\/noticias\/wp-content\/uploads\/2017\/12\/apple-1853306_1280-news2-630x420.jpg 630w, https:\/\/candas365.es\/noticias\/wp-content\/uploads\/2017\/12\/apple-1853306_1280-news2-84x55.jpg 84w, https:\/\/candas365.es\/noticias\/wp-content\/uploads\/2017\/12\/apple-1853306_1280-news2.jpg 1280w\" sizes=\"(max-width: 360px) 100vw, 360px\" \/>Stuttgart (Alemania), 23 jul (dpa) &#8211; La justicia alemana decret\u00f3 hoy libertad para el directivo de Porsche que fue detenido hace tres meses en el marco de un registro llevado a cabo en varios locales de la automotriz alemana por su presunta implicaci\u00f3n en el esc\u00e1ndalo de manipulaci\u00f3n de motores di\u00e9sel que salt\u00f3 en 2015.<\/p>\n<p>Cumpliendo con el pedido realizado anteriormente por la Fiscal\u00eda, un tribunal de Stuttgart, en el suroeste de Alemania, levant\u00f3 la orden de prisi\u00f3n provisional que pesaba sobre el m\u00e1nager del fabricante automovil\u00edstico por riesgo de fuga y entorpecimiento de la acci\u00f3n judicial.<\/p>\n<p>Seg\u00fan ha trascendido, el hombre recupera la libertad pero los jueces le han impuesto medidas cautelares, entre ellas, debe entregar su carnet de identidad y su pasaporte y no puede abandonar el pa\u00eds. Adem\u00e1s, tampoco se le permite entrar en contacto con otros acusados en el proceso abierto contra Porsche y Audi por manipulaci\u00f3n y tampoco con testigos o potenciales testigos del caso.<\/p>\n<p>Las investigaciones abiertas en Porsche se dirigen contra tres personas. Adem\u00e1s del m\u00e1nager, la justicia germana tambi\u00e9n tiene en su punto de mira a otro miembro de la directiva de la automotriz y a un antiguo trabajador de la compa\u00f1\u00eda. Todos ellos son sospechosos de fraude debido a la instalaci\u00f3n de dispositivos que disfrazaban las emisiones reales de gases contaminantes as\u00ed como de un delito de publicidad enga\u00f1osa.<\/p>\n<p>Porsche forma parte del grupo automovil\u00edstico Volkswagen, una compa\u00f1\u00eda que en 2015 escandaliz\u00f3 al mundo tras reconocer haber vendido 11 millones de veh\u00edculos manipulados a escala global.<\/p>\n","protected":false},"excerpt":{"rendered":"<p>Stuttgart (Alemania), 23 jul (dpa) &#8211; La justicia alemana decret\u00f3 hoy libertad para el directivo de Porsche que fue detenido hace tres meses en el marco de un registro llevado a cabo en varios locales de la automotriz alemana por su presunta implicaci\u00f3n en el esc\u00e1ndalo de manipulaci\u00f3n de motores di\u00e9sel que salt\u00f3 en 2015.<\/p>\n","protected":false},"author":1,"featured_media":86307,"comment_status":"closed","ping_status":"closed","sticky":false,"template":"","format":"standard","meta":{"footnotes":""},"categories":[343],"tags":[],"class_list":{"0":"post-101044","1":"post","2":"type-post","3":"status-publish","4":"format-standard","5":"has-post-thumbnail","7":"category-actualidad"},"aioseo_notices":[],"aioseo_head":"\n\t\t<!-- All in One SEO Pro 4.9.6.2 - aioseo.com -->\n\t<meta name=\"description\" content=\"Stuttgart (Alemania), 23 jul (dpa) - La justicia alemana decret\u00f3 hoy libertad para el directivo de Porsche que fue detenido hace tres meses en el marco de un registro llevado a cabo en varios locales de la automotriz alemana por su presunta implicaci\u00f3n en el esc\u00e1ndalo de manipulaci\u00f3n de motores di\u00e9sel que salt\u00f3 en 2015.\" \/>\n\t<meta name=\"robots\" content=\"max-image-preview:large\" \/>\n\t<meta name=\"author\" content=\"Cand\u00e1s 365\"\/>\n\t<meta name=\"google-site-verification\" content=\"UA-32230408-1\" \/>\n\t<meta name=\"msvalidate.01\" content=\"354F3CDFB2DA171B47FBE9ABF1F88D5\" \/>\n\t<meta name=\"keywords\" content=\"actualidad\" \/>\n\t<link rel=\"canonical\" href=\"https:\/\/candas365.es\/noticias\/directivo-de-porsche-recupera-la-libertad-tras-3-meses-detenido\/\" \/>\n\t<meta name=\"generator\" content=\"All in One SEO Pro (AIOSEO) 4.9.6.2\" \/>\n\t\t<meta property=\"og:locale\" content=\"es_ES\" \/>\n\t\t<meta property=\"og:site_name\" content=\"Cand\u00e1s 365\" \/>\n\t\t<meta property=\"og:type\" content=\"article\" \/>\n\t\t<meta property=\"og:title\" content=\"Directivo de Porsche recupera la libertad tras 3 meses detenido | Cand\u00e1s 365\" \/>\n\t\t<meta property=\"og:description\" content=\"Stuttgart (Alemania), 23 jul (dpa) - La justicia alemana decret\u00f3 hoy libertad para el directivo de Porsche que fue detenido hace tres meses en el marco de un registro llevado a cabo en varios locales de la automotriz alemana por su presunta implicaci\u00f3n en el esc\u00e1ndalo de manipulaci\u00f3n de motores di\u00e9sel que salt\u00f3 en 2015.\" \/>\n\t\t<meta property=\"og:url\" content=\"https:\/\/candas365.es\/noticias\/directivo-de-porsche-recupera-la-libertad-tras-3-meses-detenido\/\" \/>\n\t\t<meta property=\"og:image\" content=\"https:\/\/candas365.es\/noticias\/wp-content\/uploads\/2017\/12\/apple-1853306_1280-news2.jpg\" \/>\n\t\t<meta property=\"og:image:secure_url\" content=\"https:\/\/candas365.es\/noticias\/wp-content\/uploads\/2017\/12\/apple-1853306_1280-news2.jpg\" \/>\n\t\t<meta property=\"og:image:width\" content=\"1280\" \/>\n\t\t<meta property=\"og:image:height\" content=\"853\" \/>\n\t\t<meta property=\"article:published_time\" content=\"2018-07-23T22:40:53+00:00\" \/>\n\t\t<meta property=\"article:modified_time\" content=\"2018-07-23T22:40:53+00:00\" \/>\n\t\t<meta property=\"article:publisher\" content=\"https:\/\/www.facebook.com\/Nachofdezber\" \/>\n\t\t<meta property=\"article:author\" content=\"https:\/\/www.facebook.com\/carrenoactualidad\" \/>\n\t\t<meta name=\"twitter:card\" content=\"summary_large_image\" \/>\n\t\t<meta name=\"twitter:site\" content=\"@NabercoDigital\" \/>\n\t\t<meta name=\"twitter:title\" content=\"Directivo de Porsche recupera la libertad tras 3 meses detenido | Cand\u00e1s 365\" \/>\n\t\t<meta name=\"twitter:description\" content=\"Stuttgart (Alemania), 23 jul (dpa) - La justicia alemana decret\u00f3 hoy libertad para el directivo de Porsche que fue detenido hace tres meses en el marco de un registro llevado a cabo en varios locales de la automotriz alemana por su presunta implicaci\u00f3n en el esc\u00e1ndalo de manipulaci\u00f3n de motores di\u00e9sel que salt\u00f3 en 2015.\" \/>\n\t\t<meta name=\"twitter:creator\" content=\"@nbasturias\" \/>\n\t\t<meta name=\"twitter:image\" content=\"https:\/\/candas365.es\/noticias\/wp-content\/uploads\/2017\/12\/apple-1853306_1280-news2.jpg\" \/>\n\t\t<meta name=\"twitter:label1\" content=\"Escrito por\" \/>\n\t\t<meta name=\"twitter:data1\" content=\"Cand\u00e1s 365\" \/>\n\t\t<meta name=\"twitter:label2\" content=\"Tiempo de lectura estimado\" \/>\n\t\t<meta name=\"twitter:data2\" content=\"1 minuto\" \/>\n\t\t<script type=\"application\/ld+json\" class=\"aioseo-schema\">\n\t\t\t{\"@context\":\"https:\\\/\\\/schema.org\",\"@graph\":[{\"@type\":\"BreadcrumbList\",\"@id\":\"https:\\\/\\\/candas365.es\\\/noticias\\\/directivo-de-porsche-recupera-la-libertad-tras-3-meses-detenido\\\/#breadcrumblist\",\"itemListElement\":[{\"@type\":\"ListItem\",\"@id\":\"https:\\\/\\\/candas365.es\\\/noticias#listItem\",\"position\":1,\"name\":\"Home\",\"item\":\"https:\\\/\\\/candas365.es\\\/noticias\",\"nextItem\":{\"@type\":\"ListItem\",\"@id\":\"https:\\\/\\\/candas365.es\\\/noticias\\\/category\\\/actualidad\\\/#listItem\",\"name\":\"Actualidad\"}},{\"@type\":\"ListItem\",\"@id\":\"https:\\\/\\\/candas365.es\\\/noticias\\\/category\\\/actualidad\\\/#listItem\",\"position\":2,\"name\":\"Actualidad\",\"item\":\"https:\\\/\\\/candas365.es\\\/noticias\\\/category\\\/actualidad\\\/\",\"nextItem\":{\"@type\":\"ListItem\",\"@id\":\"https:\\\/\\\/candas365.es\\\/noticias\\\/directivo-de-porsche-recupera-la-libertad-tras-3-meses-detenido\\\/#listItem\",\"name\":\"Directivo de Porsche recupera la libertad tras 3 meses detenido\"},\"previousItem\":{\"@type\":\"ListItem\",\"@id\":\"https:\\\/\\\/candas365.es\\\/noticias#listItem\",\"name\":\"Home\"}},{\"@type\":\"ListItem\",\"@id\":\"https:\\\/\\\/candas365.es\\\/noticias\\\/directivo-de-porsche-recupera-la-libertad-tras-3-meses-detenido\\\/#listItem\",\"position\":3,\"name\":\"Directivo de Porsche recupera la libertad tras 3 meses detenido\",\"previousItem\":{\"@type\":\"ListItem\",\"@id\":\"https:\\\/\\\/candas365.es\\\/noticias\\\/category\\\/actualidad\\\/#listItem\",\"name\":\"Actualidad\"}}]},{\"@type\":\"NewsArticle\",\"@id\":\"https:\\\/\\\/candas365.es\\\/noticias\\\/directivo-de-porsche-recupera-la-libertad-tras-3-meses-detenido\\\/#newsarticle\",\"name\":\"Directivo de Porsche recupera la libertad tras 3 meses detenido | Cand\\u00e1s 365\",\"headline\":\"Directivo de Porsche recupera la libertad tras 3 meses detenido\",\"author\":{\"@id\":\"https:\\\/\\\/candas365.es\\\/noticias\\\/author\\\/admin\\\/#author\"},\"publisher\":{\"@id\":\"https:\\\/\\\/candas365.es\\\/noticias\\\/#organization\"},\"image\":{\"@type\":\"ImageObject\",\"url\":\"https:\\\/\\\/candas365.es\\\/noticias\\\/wp-content\\\/uploads\\\/2017\\\/12\\\/apple-1853306_1280-news2.jpg\",\"width\":1280,\"height\":853},\"datePublished\":\"2018-07-23T22:40:53+02:00\",\"dateModified\":\"2018-07-23T22:40:53+02:00\",\"inLanguage\":\"es-ES\",\"mainEntityOfPage\":{\"@id\":\"https:\\\/\\\/candas365.es\\\/noticias\\\/directivo-de-porsche-recupera-la-libertad-tras-3-meses-detenido\\\/#webpage\"},\"isPartOf\":{\"@id\":\"https:\\\/\\\/candas365.es\\\/noticias\\\/directivo-de-porsche-recupera-la-libertad-tras-3-meses-detenido\\\/#webpage\"},\"articleSection\":\"Actualidad\",\"dateline\":\"Publicado el julio 23, 2018.\"},{\"@type\":\"Organization\",\"@id\":\"https:\\\/\\\/candas365.es\\\/noticias\\\/#organization\",\"name\":\"Cand\\u00e1s 365\",\"description\":\"Cand\\u00e1s 365 es un diario digital independiente, fundado en 2012, con base en Asturias. Informamos con rigor sobre actualidad, sociedad, cultura y ocio, con una mirada local y global.\",\"url\":\"https:\\\/\\\/candas365.es\\\/noticias\\\/\",\"email\":\"info@candas365.es\",\"telephone\":\"+34652131393\",\"foundingDate\":\"2012-06-10\",\"logo\":{\"@type\":\"ImageObject\",\"url\":\"https:\\\/\\\/candas365.es\\\/noticias\\\/wp-content\\\/uploads\\\/2024\\\/09\\\/Candas-365-Redes.jpg\",\"@id\":\"https:\\\/\\\/candas365.es\\\/noticias\\\/directivo-de-porsche-recupera-la-libertad-tras-3-meses-detenido\\\/#organizationLogo\",\"width\":1152,\"height\":864,\"caption\":\"Cand\\u00e1s 365 Redes\"},\"image\":{\"@id\":\"https:\\\/\\\/candas365.es\\\/noticias\\\/directivo-de-porsche-recupera-la-libertad-tras-3-meses-detenido\\\/#organizationLogo\"},\"sameAs\":[\"https:\\\/\\\/www.facebook.com\\\/Nachofdezber\",\"https:\\\/\\\/x.com\\\/NabercoDigital\",\"https:\\\/\\\/www.instagram.com\\\/nachofdezber\\\/\",\"https:\\\/\\\/www.youtube.com\\\/channel\\\/UCZP-2wLEB9Rv6erhFmqVnvg\"],\"address\":{\"@id\":\"https:\\\/\\\/candas365.es\\\/noticias\\\/#postaladdress\",\"@type\":\"PostalAddress\",\"streetAddress\":\"san antonio 4, san antonio 4\",\"postalCode\":\"33430\",\"addressLocality\":\"Cand\\u00e1s\",\"addressRegion\":\"Asturias\",\"addressCountry\":\"ES\"}},{\"@type\":\"Person\",\"@id\":\"https:\\\/\\\/candas365.es\\\/noticias\\\/author\\\/admin\\\/#author\",\"url\":\"https:\\\/\\\/candas365.es\\\/noticias\\\/author\\\/admin\\\/\",\"name\":\"Cand\\u00e1s 365\",\"image\":{\"@type\":\"ImageObject\",\"@id\":\"https:\\\/\\\/candas365.es\\\/noticias\\\/directivo-de-porsche-recupera-la-libertad-tras-3-meses-detenido\\\/#authorImage\",\"url\":\"https:\\\/\\\/secure.gravatar.com\\\/avatar\\\/496a8e03d0c493ede1718b7934145dbdf8d89be1036b0eec9544e1094c9de390?s=96&d=mm&r=g\",\"width\":96,\"height\":96,\"caption\":\"Cand\\u00e1s 365\"},\"sameAs\":[\"https:\\\/\\\/www.facebook.com\\\/carrenoactualidad\",\"https:\\\/\\\/twitter.com\\\/nbasturias\",\"https:\\\/\\\/www.instagram.com\\\/nachofdezber\\\/\",\"https:\\\/\\\/www.youtube.com\\\/channel\\\/UCZP-2wLEB9Rv6erhFmqVnvg\"]},{\"@type\":\"WebPage\",\"@id\":\"https:\\\/\\\/candas365.es\\\/noticias\\\/directivo-de-porsche-recupera-la-libertad-tras-3-meses-detenido\\\/#webpage\",\"url\":\"https:\\\/\\\/candas365.es\\\/noticias\\\/directivo-de-porsche-recupera-la-libertad-tras-3-meses-detenido\\\/\",\"name\":\"Directivo de Porsche recupera la libertad tras 3 meses detenido | Cand\\u00e1s 365\",\"description\":\"Stuttgart (Alemania), 23 jul (dpa) - La justicia alemana decret\\u00f3 hoy libertad para el directivo de Porsche que fue detenido hace tres meses en el marco de un registro llevado a cabo en varios locales de la automotriz alemana por su presunta implicaci\\u00f3n en el esc\\u00e1ndalo de manipulaci\\u00f3n de motores di\\u00e9sel que salt\\u00f3 en 2015.\",\"inLanguage\":\"es-ES\",\"isPartOf\":{\"@id\":\"https:\\\/\\\/candas365.es\\\/noticias\\\/#website\"},\"breadcrumb\":{\"@id\":\"https:\\\/\\\/candas365.es\\\/noticias\\\/directivo-de-porsche-recupera-la-libertad-tras-3-meses-detenido\\\/#breadcrumblist\"},\"author\":{\"@id\":\"https:\\\/\\\/candas365.es\\\/noticias\\\/author\\\/admin\\\/#author\"},\"creator\":{\"@id\":\"https:\\\/\\\/candas365.es\\\/noticias\\\/author\\\/admin\\\/#author\"},\"image\":{\"@type\":\"ImageObject\",\"url\":\"https:\\\/\\\/candas365.es\\\/noticias\\\/wp-content\\\/uploads\\\/2017\\\/12\\\/apple-1853306_1280-news2.jpg\",\"@id\":\"https:\\\/\\\/candas365.es\\\/noticias\\\/directivo-de-porsche-recupera-la-libertad-tras-3-meses-detenido\\\/#mainImage\",\"width\":1280,\"height\":853},\"primaryImageOfPage\":{\"@id\":\"https:\\\/\\\/candas365.es\\\/noticias\\\/directivo-de-porsche-recupera-la-libertad-tras-3-meses-detenido\\\/#mainImage\"},\"datePublished\":\"2018-07-23T22:40:53+02:00\",\"dateModified\":\"2018-07-23T22:40:53+02:00\"},{\"@type\":\"WebSite\",\"@id\":\"https:\\\/\\\/candas365.es\\\/noticias\\\/#website\",\"url\":\"https:\\\/\\\/candas365.es\\\/noticias\\\/\",\"name\":\"Cand\\u00e1s 365\",\"alternateName\":\"Cand\\u00e1s 365 Noticias\",\"description\":\"Actualidad desde Carre\\u00f1o para el mundo\",\"inLanguage\":\"es-ES\",\"publisher\":{\"@id\":\"https:\\\/\\\/candas365.es\\\/noticias\\\/#organization\"}}]}\n\t\t<\/script>\n\t\t<!-- All in One SEO Pro -->\r\n\t\t<title>Directivo de Porsche recupera la libertad tras 3 meses detenido | Cand\u00e1s 365<\/title>\n\n","aioseo_head_json":{"title":"Directivo de Porsche recupera la libertad tras 3 meses detenido | Cand\u00e1s 365","description":"Stuttgart (Alemania), 23 jul (dpa) - La justicia alemana decret\u00f3 hoy libertad para el directivo de Porsche que fue detenido hace tres meses en el marco de un registro llevado a cabo en varios locales de la automotriz alemana por su presunta implicaci\u00f3n en el esc\u00e1ndalo de manipulaci\u00f3n de motores di\u00e9sel que salt\u00f3 en 2015.","canonical_url":"https:\/\/candas365.es\/noticias\/directivo-de-porsche-recupera-la-libertad-tras-3-meses-detenido\/","robots":"max-image-preview:large","keywords":"actualidad","webmasterTools":{"google-site-verification":"UA-32230408-1","msvalidate.01":"354F3CDFB2DA171B47FBE9ABF1F88D5","miscellaneous":""},"schema":{"@context":"https:\/\/schema.org","@graph":[{"@type":"BreadcrumbList","@id":"https:\/\/candas365.es\/noticias\/directivo-de-porsche-recupera-la-libertad-tras-3-meses-detenido\/#breadcrumblist","itemListElement":[{"@type":"ListItem","@id":"https:\/\/candas365.es\/noticias#listItem","position":1,"name":"Home","item":"https:\/\/candas365.es\/noticias","nextItem":{"@type":"ListItem","@id":"https:\/\/candas365.es\/noticias\/category\/actualidad\/#listItem","name":"Actualidad"}},{"@type":"ListItem","@id":"https:\/\/candas365.es\/noticias\/category\/actualidad\/#listItem","position":2,"name":"Actualidad","item":"https:\/\/candas365.es\/noticias\/category\/actualidad\/","nextItem":{"@type":"ListItem","@id":"https:\/\/candas365.es\/noticias\/directivo-de-porsche-recupera-la-libertad-tras-3-meses-detenido\/#listItem","name":"Directivo de Porsche recupera la libertad tras 3 meses detenido"},"previousItem":{"@type":"ListItem","@id":"https:\/\/candas365.es\/noticias#listItem","name":"Home"}},{"@type":"ListItem","@id":"https:\/\/candas365.es\/noticias\/directivo-de-porsche-recupera-la-libertad-tras-3-meses-detenido\/#listItem","position":3,"name":"Directivo de Porsche recupera la libertad tras 3 meses detenido","previousItem":{"@type":"ListItem","@id":"https:\/\/candas365.es\/noticias\/category\/actualidad\/#listItem","name":"Actualidad"}}]},{"@type":"NewsArticle","@id":"https:\/\/candas365.es\/noticias\/directivo-de-porsche-recupera-la-libertad-tras-3-meses-detenido\/#newsarticle","name":"Directivo de Porsche recupera la libertad tras 3 meses detenido | Cand\u00e1s 365","headline":"Directivo de Porsche recupera la libertad tras 3 meses detenido","author":{"@id":"https:\/\/candas365.es\/noticias\/author\/admin\/#author"},"publisher":{"@id":"https:\/\/candas365.es\/noticias\/#organization"},"image":{"@type":"ImageObject","url":"https:\/\/candas365.es\/noticias\/wp-content\/uploads\/2017\/12\/apple-1853306_1280-news2.jpg","width":1280,"height":853},"datePublished":"2018-07-23T22:40:53+02:00","dateModified":"2018-07-23T22:40:53+02:00","inLanguage":"es-ES","mainEntityOfPage":{"@id":"https:\/\/candas365.es\/noticias\/directivo-de-porsche-recupera-la-libertad-tras-3-meses-detenido\/#webpage"},"isPartOf":{"@id":"https:\/\/candas365.es\/noticias\/directivo-de-porsche-recupera-la-libertad-tras-3-meses-detenido\/#webpage"},"articleSection":"Actualidad","dateline":"Publicado el julio 23, 2018."},{"@type":"Organization","@id":"https:\/\/candas365.es\/noticias\/#organization","name":"Cand\u00e1s 365","description":"Cand\u00e1s 365 es un diario digital independiente, fundado en 2012, con base en Asturias. Informamos con rigor sobre actualidad, sociedad, cultura y ocio, con una mirada local y global.","url":"https:\/\/candas365.es\/noticias\/","email":"info@candas365.es","telephone":"+34652131393","foundingDate":"2012-06-10","logo":{"@type":"ImageObject","url":"https:\/\/candas365.es\/noticias\/wp-content\/uploads\/2024\/09\/Candas-365-Redes.jpg","@id":"https:\/\/candas365.es\/noticias\/directivo-de-porsche-recupera-la-libertad-tras-3-meses-detenido\/#organizationLogo","width":1152,"height":864,"caption":"Cand\u00e1s 365 Redes"},"image":{"@id":"https:\/\/candas365.es\/noticias\/directivo-de-porsche-recupera-la-libertad-tras-3-meses-detenido\/#organizationLogo"},"sameAs":["https:\/\/www.facebook.com\/Nachofdezber","https:\/\/x.com\/NabercoDigital","https:\/\/www.instagram.com\/nachofdezber\/","https:\/\/www.youtube.com\/channel\/UCZP-2wLEB9Rv6erhFmqVnvg"],"address":{"@id":"https:\/\/candas365.es\/noticias\/#postaladdress","@type":"PostalAddress","streetAddress":"san antonio 4, san antonio 4","postalCode":"33430","addressLocality":"Cand\u00e1s","addressRegion":"Asturias","addressCountry":"ES"}},{"@type":"Person","@id":"https:\/\/candas365.es\/noticias\/author\/admin\/#author","url":"https:\/\/candas365.es\/noticias\/author\/admin\/","name":"Cand\u00e1s 365","image":{"@type":"ImageObject","@id":"https:\/\/candas365.es\/noticias\/directivo-de-porsche-recupera-la-libertad-tras-3-meses-detenido\/#authorImage","url":"https:\/\/secure.gravatar.com\/avatar\/496a8e03d0c493ede1718b7934145dbdf8d89be1036b0eec9544e1094c9de390?s=96&d=mm&r=g","width":96,"height":96,"caption":"Cand\u00e1s 365"},"sameAs":["https:\/\/www.facebook.com\/carrenoactualidad","https:\/\/twitter.com\/nbasturias","https:\/\/www.instagram.com\/nachofdezber\/","https:\/\/www.youtube.com\/channel\/UCZP-2wLEB9Rv6erhFmqVnvg"]},{"@type":"WebPage","@id":"https:\/\/candas365.es\/noticias\/directivo-de-porsche-recupera-la-libertad-tras-3-meses-detenido\/#webpage","url":"https:\/\/candas365.es\/noticias\/directivo-de-porsche-recupera-la-libertad-tras-3-meses-detenido\/","name":"Directivo de Porsche recupera la libertad tras 3 meses detenido | Cand\u00e1s 365","description":"Stuttgart (Alemania), 23 jul (dpa) - La justicia alemana decret\u00f3 hoy libertad para el directivo de Porsche que fue detenido hace tres meses en el marco de un registro llevado a cabo en varios locales de la automotriz alemana por su presunta implicaci\u00f3n en el esc\u00e1ndalo de manipulaci\u00f3n de motores di\u00e9sel que salt\u00f3 en 2015.","inLanguage":"es-ES","isPartOf":{"@id":"https:\/\/candas365.es\/noticias\/#website"},"breadcrumb":{"@id":"https:\/\/candas365.es\/noticias\/directivo-de-porsche-recupera-la-libertad-tras-3-meses-detenido\/#breadcrumblist"},"author":{"@id":"https:\/\/candas365.es\/noticias\/author\/admin\/#author"},"creator":{"@id":"https:\/\/candas365.es\/noticias\/author\/admin\/#author"},"image":{"@type":"ImageObject","url":"https:\/\/candas365.es\/noticias\/wp-content\/uploads\/2017\/12\/apple-1853306_1280-news2.jpg","@id":"https:\/\/candas365.es\/noticias\/directivo-de-porsche-recupera-la-libertad-tras-3-meses-detenido\/#mainImage","width":1280,"height":853},"primaryImageOfPage":{"@id":"https:\/\/candas365.es\/noticias\/directivo-de-porsche-recupera-la-libertad-tras-3-meses-detenido\/#mainImage"},"datePublished":"2018-07-23T22:40:53+02:00","dateModified":"2018-07-23T22:40:53+02:00"},{"@type":"WebSite","@id":"https:\/\/candas365.es\/noticias\/#website","url":"https:\/\/candas365.es\/noticias\/","name":"Cand\u00e1s 365","alternateName":"Cand\u00e1s 365 Noticias","description":"Actualidad desde Carre\u00f1o para el mundo","inLanguage":"es-ES","publisher":{"@id":"https:\/\/candas365.es\/noticias\/#organization"}}]},"og:locale":"es_ES","og:site_name":"Cand\u00e1s 365","og:type":"article","og:title":"Directivo de Porsche recupera la libertad tras 3 meses detenido | Cand\u00e1s 365","og:description":"Stuttgart (Alemania), 23 jul (dpa) - La justicia alemana decret\u00f3 hoy libertad para el directivo de Porsche que fue detenido hace tres meses en el marco de un registro llevado a cabo en varios locales de la automotriz alemana por su presunta implicaci\u00f3n en el esc\u00e1ndalo de manipulaci\u00f3n de motores di\u00e9sel que salt\u00f3 en 2015.","og:url":"https:\/\/candas365.es\/noticias\/directivo-de-porsche-recupera-la-libertad-tras-3-meses-detenido\/","og:image":"https:\/\/candas365.es\/noticias\/wp-content\/uploads\/2017\/12\/apple-1853306_1280-news2.jpg","og:image:secure_url":"https:\/\/candas365.es\/noticias\/wp-content\/uploads\/2017\/12\/apple-1853306_1280-news2.jpg","og:image:width":1280,"og:image:height":853,"article:published_time":"2018-07-23T22:40:53+00:00","article:modified_time":"2018-07-23T22:40:53+00:00","article:publisher":"https:\/\/www.facebook.com\/Nachofdezber","article:author":"https:\/\/www.facebook.com\/carrenoactualidad","twitter:card":"summary_large_image","twitter:site":"@NabercoDigital","twitter:title":"Directivo de Porsche recupera la libertad tras 3 meses detenido | Cand\u00e1s 365","twitter:description":"Stuttgart (Alemania), 23 jul (dpa) - La justicia alemana decret\u00f3 hoy libertad para el directivo de Porsche que fue detenido hace tres meses en el marco de un registro llevado a cabo en varios locales de la automotriz alemana por su presunta implicaci\u00f3n en el esc\u00e1ndalo de manipulaci\u00f3n de motores di\u00e9sel que salt\u00f3 en 2015.","twitter:creator":"@nbasturias","twitter:image":"https:\/\/candas365.es\/noticias\/wp-content\/uploads\/2017\/12\/apple-1853306_1280-news2.jpg","twitter:label1":"Escrito por","twitter:data1":"Cand\u00e1s 365","twitter:label2":"Tiempo de lectura estimado","twitter:data2":"1 minuto"},"aioseo_meta_data":{"post_id":"101044","title":null,"description":null,"keywords":null,"keyphrases":null,"primary_term":null,"canonical_url":null,"og_title":null,"og_description":null,"og_object_type":"default","og_image_type":"default","og_image_url":null,"og_image_width":null,"og_image_height":null,"og_image_custom_url":null,"og_image_custom_fields":null,"og_video":null,"og_custom_url":null,"og_article_section":null,"og_article_tags":null,"twitter_use_og":false,"twitter_card":"default","twitter_image_type":"default","twitter_image_url":null,"twitter_image_custom_url":null,"twitter_image_custom_fields":null,"twitter_title":null,"twitter_description":null,"schema":{"blockGraphs":[],"customGraphs":[],"default":{"data":{"Article":[],"Course":[],"Dataset":[],"FAQPage":[],"Movie":[],"Person":[],"Product":[],"ProductReview":[],"Car":[],"Recipe":[],"Service":[],"SoftwareApplication":[],"WebPage":[]},"graphName":"","isEnabled":true},"graphs":[]},"schema_type":null,"schema_type_options":null,"pillar_content":false,"robots_default":true,"robots_noindex":false,"robots_noarchive":false,"robots_nosnippet":false,"robots_nofollow":false,"robots_noimageindex":false,"robots_noodp":false,"robots_notranslate":false,"robots_max_snippet":null,"robots_max_videopreview":null,"robots_max_imagepreview":"large","priority":null,"frequency":null,"location":null,"local_seo":null,"seo_analyzer_scan_date":"2025-08-27 10:28:15","breadcrumb_settings":null,"limit_modified_date":false,"reviewed_by":null,"open_ai":null,"ai":null,"created":"2020-12-21 11:48:22","updated":"2025-08-27 10:28:15"},"aioseo_breadcrumb":"<div class=\"aioseo-breadcrumbs\"><span class=\"aioseo-breadcrumb\">\n\t<a href=\"https:\/\/candas365.es\/noticias\" title=\"Home\">Home<\/a>\n<\/span><span class=\"aioseo-breadcrumb-separator\">&ndash;<\/span><span class=\"aioseo-breadcrumb\">\n\t<a href=\"https:\/\/candas365.es\/noticias\/category\/actualidad\/\" title=\"Actualidad\">Actualidad<\/a>\n<\/span><span class=\"aioseo-breadcrumb-separator\">&ndash;<\/span><span class=\"aioseo-breadcrumb\">\n\tDirectivo de Porsche recupera la libertad tras 3 meses detenido\n<\/span><\/div>","aioseo_breadcrumb_json":[{"label":"Home","link":"https:\/\/candas365.es\/noticias"},{"label":"Actualidad","link":"https:\/\/candas365.es\/noticias\/category\/actualidad\/"},{"label":"Directivo de Porsche recupera la libertad tras 3 meses detenido","link":"https:\/\/candas365.es\/noticias\/directivo-de-porsche-recupera-la-libertad-tras-3-meses-detenido\/"}],"_links":{"self":[{"href":"https:\/\/candas365.es\/noticias\/wp-json\/wp\/v2\/posts\/101044","targetHints":{"allow":["GET"]}}],"collection":[{"href":"https:\/\/candas365.es\/noticias\/wp-json\/wp\/v2\/posts"}],"about":[{"href":"https:\/\/candas365.es\/noticias\/wp-json\/wp\/v2\/types\/post"}],"author":[{"embeddable":true,"href":"https:\/\/candas365.es\/noticias\/wp-json\/wp\/v2\/users\/1"}],"replies":[{"embeddable":true,"href":"https:\/\/candas365.es\/noticias\/wp-json\/wp\/v2\/comments?post=101044"}],"version-history":[{"count":0,"href":"https:\/\/candas365.es\/noticias\/wp-json\/wp\/v2\/posts\/101044\/revisions"}],"wp:featuredmedia":[{"embeddable":true,"href":"https:\/\/candas365.es\/noticias\/wp-json\/wp\/v2\/media\/86307"}],"wp:attachment":[{"href":"https:\/\/candas365.es\/noticias\/wp-json\/wp\/v2\/media?parent=101044"}],"wp:term":[{"taxonomy":"category","embeddable":true,"href":"https:\/\/candas365.es\/noticias\/wp-json\/wp\/v2\/categories?post=101044"},{"taxonomy":"post_tag","embeddable":true,"href":"https:\/\/candas365.es\/noticias\/wp-json\/wp\/v2\/tags?post=101044"}],"curies":[{"name":"wp","href":"https:\/\/api.w.org\/{rel}","templated":true}]}}