{"id":101042,"date":"2018-07-23T22:13:35","date_gmt":"2018-07-23T22:13:35","guid":{"rendered":"http:\/\/candas365.es\/noticias\/?p=101042"},"modified":"2018-07-23T22:13:35","modified_gmt":"2018-07-23T22:13:35","slug":"el-g20-de-finanzas-insta-a-dialogar","status":"publish","type":"post","link":"https:\/\/candas365.es\/noticias\/el-g20-de-finanzas-insta-a-dialogar\/","title":{"rendered":"El G20 de Finanzas insta a dialogar"},"content":{"rendered":"<p style=\"text-align: left;\"><img fetchpriority=\"high\" decoding=\"async\" class=\"alignleft size-medium wp-image-97538\" src=\"https:\/\/candas365.es\/noticias\/wp-content\/uploads\/2018\/06\/globalisation-3390877_960_720-360x216.jpg\" alt=\"\" width=\"360\" height=\"216\" srcset=\"https:\/\/candas365.es\/noticias\/wp-content\/uploads\/2018\/06\/globalisation-3390877_960_720-360x216.jpg 360w, https:\/\/candas365.es\/noticias\/wp-content\/uploads\/2018\/06\/globalisation-3390877_960_720-768x461.jpg 768w, https:\/\/candas365.es\/noticias\/wp-content\/uploads\/2018\/06\/globalisation-3390877_960_720-655x393.jpg 655w, https:\/\/candas365.es\/noticias\/wp-content\/uploads\/2018\/06\/globalisation-3390877_960_720-696x418.jpg 696w, https:\/\/candas365.es\/noticias\/wp-content\/uploads\/2018\/06\/globalisation-3390877_960_720-700x420.jpg 700w, https:\/\/candas365.es\/noticias\/wp-content\/uploads\/2018\/06\/globalisation-3390877_960_720.jpg 960w\" sizes=\"(max-width: 360px) 100vw, 360px\" \/>Buenos Aires, 23 jul (dpa) &#8211; La cumbre de Finanzas del Grupo de los Veinte (G20) finaliz\u00f3 el domingo tras dos d\u00edas en Buenos Aires con un llamado al di\u00e1logo para amortiguar los posibles \u00abriesgos\u00bb que pudieran causarle a la econom\u00eda global \u00ablas crecientes vulnerabilidades financieras y el aumento de tensiones comerciales y geopol\u00edticas\u00bb.<\/p>\n<p>\u00abVamos a continuar monitoreando los riesgos, actuando para mitigarlos y respondiendo si \u00e9stos se materializan\u00bb, dijeron los ministros de Finanzas y presidentes de bancos centrales del G20, sostuvo este domingo la declaraci\u00f3n final de la reuni\u00f3n, que fue consensuada por los m\u00e1s de 50 delegados de los 19 pa\u00edses industrializados y emergentes m\u00e1s la Uni\u00f3n Europea (UE).<\/p>\n<p>El foro mencion\u00f3 que si bien el crecimiento global \u00abcontin\u00faa siendo robusto\u00bb, en el orden del 3,9 por ciento para este a\u00f1o y el pr\u00f3ximo, y \u00ablos niveles de desempleo son los m\u00e1s bajos en una d\u00e9cada\u00bb, esa tendencia podr\u00eda ser afectada en el corto y mediano plazo porque \u00ablos riesgos han aumentado\u00bb.<\/p>\n<p>Y cuando se refiri\u00f3 a riesgos, el G20 mencion\u00f3 \u00ablas crecientes vulnerabilidades financieras, el aumento de las tensiones comerciales y geopol\u00edticas, los desbalances globales, la desigualdad y el crecimiento estructuralmente d\u00e9bil, particularmente en algunas econom\u00edas avanzadas\u00bb.<\/p>\n<p>\u00abContinuaremos utilizando todas las herramientas de pol\u00edtica para apoyar un crecimiento fuerte, sostenible, balanceado e inclusivo\u00bb, mencionaron los delegados.<\/p>\n<p>El G20 procur\u00f3 en Buenos Aires \u00abreforzar el dialogo pero siempre manteniendo la visi\u00f3n positiva del comercio como fuente de crecimiento, productividad y desarrollo\u00bb, dijo el ministro de Hacienda argentino, Nicol\u00e1s Dujovne, en la conferencia de prensa de cierre del encuentro.<\/p>\n<p>Dujovne mencion\u00f3 que en el foro internacional \u00abprima el di\u00e1logo constructivo, pero que son el di\u00e1logo bilateral o bien la Organizaci\u00f3n Mundial de Comercio (OMC) los \u00e1mbitos \u00abpara terminar de limar las discrepancias\u00bb.<\/p>\n<p>El G20 de Finanzas alert\u00f3 que \u00absi bien muchas econom\u00edas emergentes se encuentran ahora mejor preparadas para ajustarse a las cambiantes condiciones externas, a\u00fan enfrentan desaf\u00edos tales como la volatilidad de los mercados y la reversi\u00f3n de flujos de capital\u00bb.<\/p>\n<p>El debate llevado a cabo en Buenos Aires estuvo dominado por el endurecimiento de las condiciones financieras internacionales y la escalada de la disputa comercial que involucra a Estados Unidos, la UE y China.<\/p>\n<p>Durante los dos d\u00edas de reuniones los miembros del G20 tambi\u00e9n se manifestaron a favor de una mayor inversi\u00f3n en infraestructura, fortalecer la seguridad financiera global, darle seguridad a los trabajadores en sus empleos ante los cambios tecnol\u00f3gicos y monitorear la situaci\u00f3n de sobreendeudamiento en pa\u00edses de bajos ingresos.<\/p>\n<p>Adem\u00e1s, mencionaron la necesidad de que el sistema financiero permanezca \u00ababierto, resiliente y apoyando\u00bb el crecimiento de las naciones.<\/p>\n<p>\u00abEl comercio exterior es una oportunidad, no una amenaza. Somos partidarios de seguir trabajando desde una perspectiva multilateral\u00bb, dijo la ministra de Econom\u00eda y Empresa de Espa\u00f1a, Nadia Calvi\u00f1o, en una rueda de prensa de la que particip\u00f3 dpa.<\/p>\n<p>Las sesiones del G20 de Finanzas fueron clausuradas por el presidente argentino, Mauricio Macri, que inst\u00f3 a los miembros del foro a dedicar los \u00abmejores esfuerzos para afrontar los desaf\u00edos comunes\u00bb.<\/p>\n<p>Argentina ejerce desde diciembre de 2017 la presidencia del G20 y Buenos Aires ser\u00e1 la sede de la cumbre de jefes de Estado los d\u00edas 30 de noviembre y 1 de diciembre. Luego de ese encuentro, el mandato del foro global quedar\u00e1 en manos de Jap\u00f3n durante 2019.<\/p>\n<p>El G20 representa dos tercios de la poblaci\u00f3n mundial, el 85 por ciento del producto interno bruto (PIB) del planeta y el 75 por ciento de todo el comercio internacional.<\/p>\n<p>El foro re\u00fane a la UE y a 19 pa\u00edses industrializados y emergentes: Alemania, Arabia Saud\u00ed, Australia, Brasil, Canad\u00e1, China, Corea del Sur, Estados Unidos, Francia, India, Indonesia, Italia, Jap\u00f3n, M\u00e9xico, Reino Unido, Rusia, Sud\u00e1frica, Turqu\u00eda y Argentina.<\/p>\n<p>Por Gabriel Tu\u00f1ez (dpa)<\/p>\n","protected":false},"excerpt":{"rendered":"<p>Buenos Aires, 23 jul (dpa) &#8211; La cumbre de Finanzas del Grupo de los Veinte (G20) finaliz\u00f3 el domingo tras dos d\u00edas en Buenos Aires con un llamado al di\u00e1logo para amortiguar los posibles \u00abriesgos\u00bb que pudieran causarle a la econom\u00eda global \u00ablas crecientes vulnerabilidades financieras y el aumento de tensiones comerciales y geopol\u00edticas\u00bb. \u00abVamos<\/p>\n","protected":false},"author":1,"featured_media":97538,"comment_status":"closed","ping_status":"closed","sticky":false,"template":"","format":"standard","meta":{"footnotes":""},"categories":[343],"tags":[],"class_list":{"0":"post-101042","1":"post","2":"type-post","3":"status-publish","4":"format-standard","5":"has-post-thumbnail","7":"category-actualidad"},"aioseo_notices":[],"aioseo_head":"\n\t\t<!-- All in One SEO Pro 4.9.6.2 - aioseo.com -->\n\t<meta name=\"description\" content=\"Buenos Aires, 23 jul (dpa) - La cumbre de Finanzas del Grupo de los Veinte (G20) finaliz\u00f3 el domingo tras dos d\u00edas en Buenos Aires con un llamado al di\u00e1logo para amortiguar los posibles &quot;riesgos&quot; que pudieran causarle a la econom\u00eda global &quot;las crecientes vulnerabilidades financieras y el aumento de tensiones comerciales y geopol\u00edticas&quot;. &quot;Vamos\" \/>\n\t<meta name=\"robots\" content=\"max-image-preview:large\" \/>\n\t<meta name=\"author\" content=\"Cand\u00e1s 365\"\/>\n\t<meta name=\"google-site-verification\" content=\"UA-32230408-1\" \/>\n\t<meta name=\"msvalidate.01\" content=\"354F3CDFB2DA171B47FBE9ABF1F88D5\" \/>\n\t<meta name=\"keywords\" content=\"actualidad\" \/>\n\t<link rel=\"canonical\" href=\"https:\/\/candas365.es\/noticias\/el-g20-de-finanzas-insta-a-dialogar\/\" \/>\n\t<meta name=\"generator\" content=\"All in One SEO Pro (AIOSEO) 4.9.6.2\" \/>\n\t\t<meta property=\"og:locale\" content=\"es_ES\" \/>\n\t\t<meta property=\"og:site_name\" content=\"Cand\u00e1s 365\" \/>\n\t\t<meta property=\"og:type\" content=\"article\" \/>\n\t\t<meta property=\"og:title\" content=\"El G20 de Finanzas insta a dialogar | Cand\u00e1s 365\" \/>\n\t\t<meta property=\"og:description\" content=\"Buenos Aires, 23 jul (dpa) - La cumbre de Finanzas del Grupo de los Veinte (G20) finaliz\u00f3 el domingo tras dos d\u00edas en Buenos Aires con un llamado al di\u00e1logo para amortiguar los posibles &quot;riesgos&quot; que pudieran causarle a la econom\u00eda global &quot;las crecientes vulnerabilidades financieras y el aumento de tensiones comerciales y geopol\u00edticas&quot;. &quot;Vamos\" \/>\n\t\t<meta property=\"og:url\" content=\"https:\/\/candas365.es\/noticias\/el-g20-de-finanzas-insta-a-dialogar\/\" \/>\n\t\t<meta property=\"og:image\" content=\"https:\/\/candas365.es\/noticias\/wp-content\/uploads\/2018\/06\/globalisation-3390877_960_720.jpg\" \/>\n\t\t<meta property=\"og:image:secure_url\" content=\"https:\/\/candas365.es\/noticias\/wp-content\/uploads\/2018\/06\/globalisation-3390877_960_720.jpg\" \/>\n\t\t<meta property=\"og:image:width\" content=\"960\" \/>\n\t\t<meta property=\"og:image:height\" content=\"576\" \/>\n\t\t<meta property=\"article:published_time\" content=\"2018-07-23T22:13:35+00:00\" \/>\n\t\t<meta property=\"article:modified_time\" content=\"2018-07-23T22:13:35+00:00\" \/>\n\t\t<meta property=\"article:publisher\" content=\"https:\/\/www.facebook.com\/Nachofdezber\" \/>\n\t\t<meta property=\"article:author\" content=\"https:\/\/www.facebook.com\/carrenoactualidad\" \/>\n\t\t<meta name=\"twitter:card\" content=\"summary_large_image\" \/>\n\t\t<meta name=\"twitter:site\" content=\"@NabercoDigital\" \/>\n\t\t<meta name=\"twitter:title\" content=\"El G20 de Finanzas insta a dialogar | Cand\u00e1s 365\" \/>\n\t\t<meta name=\"twitter:description\" content=\"Buenos Aires, 23 jul (dpa) - La cumbre de Finanzas del Grupo de los Veinte (G20) finaliz\u00f3 el domingo tras dos d\u00edas en Buenos Aires con un llamado al di\u00e1logo para amortiguar los posibles &quot;riesgos&quot; que pudieran causarle a la econom\u00eda global &quot;las crecientes vulnerabilidades financieras y el aumento de tensiones comerciales y geopol\u00edticas&quot;. &quot;Vamos\" \/>\n\t\t<meta name=\"twitter:creator\" content=\"@nbasturias\" \/>\n\t\t<meta name=\"twitter:image\" content=\"https:\/\/candas365.es\/noticias\/wp-content\/uploads\/2018\/06\/globalisation-3390877_960_720.jpg\" \/>\n\t\t<meta name=\"twitter:label1\" content=\"Escrito por\" \/>\n\t\t<meta name=\"twitter:data1\" content=\"Cand\u00e1s 365\" \/>\n\t\t<meta name=\"twitter:label2\" content=\"Tiempo de lectura estimado\" \/>\n\t\t<meta name=\"twitter:data2\" content=\"3 minutos\" \/>\n\t\t<script type=\"application\/ld+json\" class=\"aioseo-schema\">\n\t\t\t{\"@context\":\"https:\\\/\\\/schema.org\",\"@graph\":[{\"@type\":\"BreadcrumbList\",\"@id\":\"https:\\\/\\\/candas365.es\\\/noticias\\\/el-g20-de-finanzas-insta-a-dialogar\\\/#breadcrumblist\",\"itemListElement\":[{\"@type\":\"ListItem\",\"@id\":\"https:\\\/\\\/candas365.es\\\/noticias#listItem\",\"position\":1,\"name\":\"Home\",\"item\":\"https:\\\/\\\/candas365.es\\\/noticias\",\"nextItem\":{\"@type\":\"ListItem\",\"@id\":\"https:\\\/\\\/candas365.es\\\/noticias\\\/category\\\/actualidad\\\/#listItem\",\"name\":\"Actualidad\"}},{\"@type\":\"ListItem\",\"@id\":\"https:\\\/\\\/candas365.es\\\/noticias\\\/category\\\/actualidad\\\/#listItem\",\"position\":2,\"name\":\"Actualidad\",\"item\":\"https:\\\/\\\/candas365.es\\\/noticias\\\/category\\\/actualidad\\\/\",\"nextItem\":{\"@type\":\"ListItem\",\"@id\":\"https:\\\/\\\/candas365.es\\\/noticias\\\/el-g20-de-finanzas-insta-a-dialogar\\\/#listItem\",\"name\":\"El G20 de Finanzas insta a dialogar\"},\"previousItem\":{\"@type\":\"ListItem\",\"@id\":\"https:\\\/\\\/candas365.es\\\/noticias#listItem\",\"name\":\"Home\"}},{\"@type\":\"ListItem\",\"@id\":\"https:\\\/\\\/candas365.es\\\/noticias\\\/el-g20-de-finanzas-insta-a-dialogar\\\/#listItem\",\"position\":3,\"name\":\"El G20 de Finanzas insta a dialogar\",\"previousItem\":{\"@type\":\"ListItem\",\"@id\":\"https:\\\/\\\/candas365.es\\\/noticias\\\/category\\\/actualidad\\\/#listItem\",\"name\":\"Actualidad\"}}]},{\"@type\":\"NewsArticle\",\"@id\":\"https:\\\/\\\/candas365.es\\\/noticias\\\/el-g20-de-finanzas-insta-a-dialogar\\\/#newsarticle\",\"name\":\"El G20 de Finanzas insta a dialogar | Cand\\u00e1s 365\",\"headline\":\"El G20 de Finanzas insta a dialogar\",\"author\":{\"@id\":\"https:\\\/\\\/candas365.es\\\/noticias\\\/author\\\/admin\\\/#author\"},\"publisher\":{\"@id\":\"https:\\\/\\\/candas365.es\\\/noticias\\\/#organization\"},\"image\":{\"@type\":\"ImageObject\",\"url\":\"https:\\\/\\\/candas365.es\\\/noticias\\\/wp-content\\\/uploads\\\/2018\\\/06\\\/globalisation-3390877_960_720.jpg\",\"width\":960,\"height\":576},\"datePublished\":\"2018-07-23T22:13:35+02:00\",\"dateModified\":\"2018-07-23T22:13:35+02:00\",\"inLanguage\":\"es-ES\",\"mainEntityOfPage\":{\"@id\":\"https:\\\/\\\/candas365.es\\\/noticias\\\/el-g20-de-finanzas-insta-a-dialogar\\\/#webpage\"},\"isPartOf\":{\"@id\":\"https:\\\/\\\/candas365.es\\\/noticias\\\/el-g20-de-finanzas-insta-a-dialogar\\\/#webpage\"},\"articleSection\":\"Actualidad\",\"dateline\":\"Publicado el julio 23, 2018.\"},{\"@type\":\"Organization\",\"@id\":\"https:\\\/\\\/candas365.es\\\/noticias\\\/#organization\",\"name\":\"Cand\\u00e1s 365\",\"description\":\"Cand\\u00e1s 365 es un diario digital independiente, fundado en 2012, con base en Asturias. Informamos con rigor sobre actualidad, sociedad, cultura y ocio, con una mirada local y global.\",\"url\":\"https:\\\/\\\/candas365.es\\\/noticias\\\/\",\"email\":\"info@candas365.es\",\"telephone\":\"+34652131393\",\"foundingDate\":\"2012-06-10\",\"logo\":{\"@type\":\"ImageObject\",\"url\":\"https:\\\/\\\/candas365.es\\\/noticias\\\/wp-content\\\/uploads\\\/2024\\\/09\\\/Candas-365-Redes.jpg\",\"@id\":\"https:\\\/\\\/candas365.es\\\/noticias\\\/el-g20-de-finanzas-insta-a-dialogar\\\/#organizationLogo\",\"width\":1152,\"height\":864,\"caption\":\"Cand\\u00e1s 365 Redes\"},\"image\":{\"@id\":\"https:\\\/\\\/candas365.es\\\/noticias\\\/el-g20-de-finanzas-insta-a-dialogar\\\/#organizationLogo\"},\"sameAs\":[\"https:\\\/\\\/www.facebook.com\\\/Nachofdezber\",\"https:\\\/\\\/x.com\\\/NabercoDigital\",\"https:\\\/\\\/www.instagram.com\\\/nachofdezber\\\/\",\"https:\\\/\\\/www.youtube.com\\\/channel\\\/UCZP-2wLEB9Rv6erhFmqVnvg\"],\"address\":{\"@id\":\"https:\\\/\\\/candas365.es\\\/noticias\\\/#postaladdress\",\"@type\":\"PostalAddress\",\"streetAddress\":\"san antonio 4, san antonio 4\",\"postalCode\":\"33430\",\"addressLocality\":\"Cand\\u00e1s\",\"addressRegion\":\"Asturias\",\"addressCountry\":\"ES\"}},{\"@type\":\"Person\",\"@id\":\"https:\\\/\\\/candas365.es\\\/noticias\\\/author\\\/admin\\\/#author\",\"url\":\"https:\\\/\\\/candas365.es\\\/noticias\\\/author\\\/admin\\\/\",\"name\":\"Cand\\u00e1s 365\",\"image\":{\"@type\":\"ImageObject\",\"@id\":\"https:\\\/\\\/candas365.es\\\/noticias\\\/el-g20-de-finanzas-insta-a-dialogar\\\/#authorImage\",\"url\":\"https:\\\/\\\/secure.gravatar.com\\\/avatar\\\/496a8e03d0c493ede1718b7934145dbdf8d89be1036b0eec9544e1094c9de390?s=96&d=mm&r=g\",\"width\":96,\"height\":96,\"caption\":\"Cand\\u00e1s 365\"},\"sameAs\":[\"https:\\\/\\\/www.facebook.com\\\/carrenoactualidad\",\"https:\\\/\\\/twitter.com\\\/nbasturias\",\"https:\\\/\\\/www.instagram.com\\\/nachofdezber\\\/\",\"https:\\\/\\\/www.youtube.com\\\/channel\\\/UCZP-2wLEB9Rv6erhFmqVnvg\"]},{\"@type\":\"WebPage\",\"@id\":\"https:\\\/\\\/candas365.es\\\/noticias\\\/el-g20-de-finanzas-insta-a-dialogar\\\/#webpage\",\"url\":\"https:\\\/\\\/candas365.es\\\/noticias\\\/el-g20-de-finanzas-insta-a-dialogar\\\/\",\"name\":\"El G20 de Finanzas insta a dialogar | Cand\\u00e1s 365\",\"description\":\"Buenos Aires, 23 jul (dpa) - La cumbre de Finanzas del Grupo de los Veinte (G20) finaliz\\u00f3 el domingo tras dos d\\u00edas en Buenos Aires con un llamado al di\\u00e1logo para amortiguar los posibles \\\"riesgos\\\" que pudieran causarle a la econom\\u00eda global \\\"las crecientes vulnerabilidades financieras y el aumento de tensiones comerciales y geopol\\u00edticas\\\". \\\"Vamos\",\"inLanguage\":\"es-ES\",\"isPartOf\":{\"@id\":\"https:\\\/\\\/candas365.es\\\/noticias\\\/#website\"},\"breadcrumb\":{\"@id\":\"https:\\\/\\\/candas365.es\\\/noticias\\\/el-g20-de-finanzas-insta-a-dialogar\\\/#breadcrumblist\"},\"author\":{\"@id\":\"https:\\\/\\\/candas365.es\\\/noticias\\\/author\\\/admin\\\/#author\"},\"creator\":{\"@id\":\"https:\\\/\\\/candas365.es\\\/noticias\\\/author\\\/admin\\\/#author\"},\"image\":{\"@type\":\"ImageObject\",\"url\":\"https:\\\/\\\/candas365.es\\\/noticias\\\/wp-content\\\/uploads\\\/2018\\\/06\\\/globalisation-3390877_960_720.jpg\",\"@id\":\"https:\\\/\\\/candas365.es\\\/noticias\\\/el-g20-de-finanzas-insta-a-dialogar\\\/#mainImage\",\"width\":960,\"height\":576},\"primaryImageOfPage\":{\"@id\":\"https:\\\/\\\/candas365.es\\\/noticias\\\/el-g20-de-finanzas-insta-a-dialogar\\\/#mainImage\"},\"datePublished\":\"2018-07-23T22:13:35+02:00\",\"dateModified\":\"2018-07-23T22:13:35+02:00\"},{\"@type\":\"WebSite\",\"@id\":\"https:\\\/\\\/candas365.es\\\/noticias\\\/#website\",\"url\":\"https:\\\/\\\/candas365.es\\\/noticias\\\/\",\"name\":\"Cand\\u00e1s 365\",\"alternateName\":\"Cand\\u00e1s 365 Noticias\",\"description\":\"Actualidad desde Carre\\u00f1o para el mundo\",\"inLanguage\":\"es-ES\",\"publisher\":{\"@id\":\"https:\\\/\\\/candas365.es\\\/noticias\\\/#organization\"}}]}\n\t\t<\/script>\n\t\t<!-- All in One SEO Pro -->\r\n\t\t<title>El G20 de Finanzas insta a dialogar | Cand\u00e1s 365<\/title>\n\n","aioseo_head_json":{"title":"El G20 de Finanzas insta a dialogar | Cand\u00e1s 365","description":"Buenos Aires, 23 jul (dpa) - La cumbre de Finanzas del Grupo de los Veinte (G20) finaliz\u00f3 el domingo tras dos d\u00edas en Buenos Aires con un llamado al di\u00e1logo para amortiguar los posibles \"riesgos\" que pudieran causarle a la econom\u00eda global \"las crecientes vulnerabilidades financieras y el aumento de tensiones comerciales y geopol\u00edticas\". \"Vamos","canonical_url":"https:\/\/candas365.es\/noticias\/el-g20-de-finanzas-insta-a-dialogar\/","robots":"max-image-preview:large","keywords":"actualidad","webmasterTools":{"google-site-verification":"UA-32230408-1","msvalidate.01":"354F3CDFB2DA171B47FBE9ABF1F88D5","miscellaneous":""},"schema":{"@context":"https:\/\/schema.org","@graph":[{"@type":"BreadcrumbList","@id":"https:\/\/candas365.es\/noticias\/el-g20-de-finanzas-insta-a-dialogar\/#breadcrumblist","itemListElement":[{"@type":"ListItem","@id":"https:\/\/candas365.es\/noticias#listItem","position":1,"name":"Home","item":"https:\/\/candas365.es\/noticias","nextItem":{"@type":"ListItem","@id":"https:\/\/candas365.es\/noticias\/category\/actualidad\/#listItem","name":"Actualidad"}},{"@type":"ListItem","@id":"https:\/\/candas365.es\/noticias\/category\/actualidad\/#listItem","position":2,"name":"Actualidad","item":"https:\/\/candas365.es\/noticias\/category\/actualidad\/","nextItem":{"@type":"ListItem","@id":"https:\/\/candas365.es\/noticias\/el-g20-de-finanzas-insta-a-dialogar\/#listItem","name":"El G20 de Finanzas insta a dialogar"},"previousItem":{"@type":"ListItem","@id":"https:\/\/candas365.es\/noticias#listItem","name":"Home"}},{"@type":"ListItem","@id":"https:\/\/candas365.es\/noticias\/el-g20-de-finanzas-insta-a-dialogar\/#listItem","position":3,"name":"El G20 de Finanzas insta a dialogar","previousItem":{"@type":"ListItem","@id":"https:\/\/candas365.es\/noticias\/category\/actualidad\/#listItem","name":"Actualidad"}}]},{"@type":"NewsArticle","@id":"https:\/\/candas365.es\/noticias\/el-g20-de-finanzas-insta-a-dialogar\/#newsarticle","name":"El G20 de Finanzas insta a dialogar | Cand\u00e1s 365","headline":"El G20 de Finanzas insta a dialogar","author":{"@id":"https:\/\/candas365.es\/noticias\/author\/admin\/#author"},"publisher":{"@id":"https:\/\/candas365.es\/noticias\/#organization"},"image":{"@type":"ImageObject","url":"https:\/\/candas365.es\/noticias\/wp-content\/uploads\/2018\/06\/globalisation-3390877_960_720.jpg","width":960,"height":576},"datePublished":"2018-07-23T22:13:35+02:00","dateModified":"2018-07-23T22:13:35+02:00","inLanguage":"es-ES","mainEntityOfPage":{"@id":"https:\/\/candas365.es\/noticias\/el-g20-de-finanzas-insta-a-dialogar\/#webpage"},"isPartOf":{"@id":"https:\/\/candas365.es\/noticias\/el-g20-de-finanzas-insta-a-dialogar\/#webpage"},"articleSection":"Actualidad","dateline":"Publicado el julio 23, 2018."},{"@type":"Organization","@id":"https:\/\/candas365.es\/noticias\/#organization","name":"Cand\u00e1s 365","description":"Cand\u00e1s 365 es un diario digital independiente, fundado en 2012, con base en Asturias. Informamos con rigor sobre actualidad, sociedad, cultura y ocio, con una mirada local y global.","url":"https:\/\/candas365.es\/noticias\/","email":"info@candas365.es","telephone":"+34652131393","foundingDate":"2012-06-10","logo":{"@type":"ImageObject","url":"https:\/\/candas365.es\/noticias\/wp-content\/uploads\/2024\/09\/Candas-365-Redes.jpg","@id":"https:\/\/candas365.es\/noticias\/el-g20-de-finanzas-insta-a-dialogar\/#organizationLogo","width":1152,"height":864,"caption":"Cand\u00e1s 365 Redes"},"image":{"@id":"https:\/\/candas365.es\/noticias\/el-g20-de-finanzas-insta-a-dialogar\/#organizationLogo"},"sameAs":["https:\/\/www.facebook.com\/Nachofdezber","https:\/\/x.com\/NabercoDigital","https:\/\/www.instagram.com\/nachofdezber\/","https:\/\/www.youtube.com\/channel\/UCZP-2wLEB9Rv6erhFmqVnvg"],"address":{"@id":"https:\/\/candas365.es\/noticias\/#postaladdress","@type":"PostalAddress","streetAddress":"san antonio 4, san antonio 4","postalCode":"33430","addressLocality":"Cand\u00e1s","addressRegion":"Asturias","addressCountry":"ES"}},{"@type":"Person","@id":"https:\/\/candas365.es\/noticias\/author\/admin\/#author","url":"https:\/\/candas365.es\/noticias\/author\/admin\/","name":"Cand\u00e1s 365","image":{"@type":"ImageObject","@id":"https:\/\/candas365.es\/noticias\/el-g20-de-finanzas-insta-a-dialogar\/#authorImage","url":"https:\/\/secure.gravatar.com\/avatar\/496a8e03d0c493ede1718b7934145dbdf8d89be1036b0eec9544e1094c9de390?s=96&d=mm&r=g","width":96,"height":96,"caption":"Cand\u00e1s 365"},"sameAs":["https:\/\/www.facebook.com\/carrenoactualidad","https:\/\/twitter.com\/nbasturias","https:\/\/www.instagram.com\/nachofdezber\/","https:\/\/www.youtube.com\/channel\/UCZP-2wLEB9Rv6erhFmqVnvg"]},{"@type":"WebPage","@id":"https:\/\/candas365.es\/noticias\/el-g20-de-finanzas-insta-a-dialogar\/#webpage","url":"https:\/\/candas365.es\/noticias\/el-g20-de-finanzas-insta-a-dialogar\/","name":"El G20 de Finanzas insta a dialogar | Cand\u00e1s 365","description":"Buenos Aires, 23 jul (dpa) - La cumbre de Finanzas del Grupo de los Veinte (G20) finaliz\u00f3 el domingo tras dos d\u00edas en Buenos Aires con un llamado al di\u00e1logo para amortiguar los posibles \"riesgos\" que pudieran causarle a la econom\u00eda global \"las crecientes vulnerabilidades financieras y el aumento de tensiones comerciales y geopol\u00edticas\". \"Vamos","inLanguage":"es-ES","isPartOf":{"@id":"https:\/\/candas365.es\/noticias\/#website"},"breadcrumb":{"@id":"https:\/\/candas365.es\/noticias\/el-g20-de-finanzas-insta-a-dialogar\/#breadcrumblist"},"author":{"@id":"https:\/\/candas365.es\/noticias\/author\/admin\/#author"},"creator":{"@id":"https:\/\/candas365.es\/noticias\/author\/admin\/#author"},"image":{"@type":"ImageObject","url":"https:\/\/candas365.es\/noticias\/wp-content\/uploads\/2018\/06\/globalisation-3390877_960_720.jpg","@id":"https:\/\/candas365.es\/noticias\/el-g20-de-finanzas-insta-a-dialogar\/#mainImage","width":960,"height":576},"primaryImageOfPage":{"@id":"https:\/\/candas365.es\/noticias\/el-g20-de-finanzas-insta-a-dialogar\/#mainImage"},"datePublished":"2018-07-23T22:13:35+02:00","dateModified":"2018-07-23T22:13:35+02:00"},{"@type":"WebSite","@id":"https:\/\/candas365.es\/noticias\/#website","url":"https:\/\/candas365.es\/noticias\/","name":"Cand\u00e1s 365","alternateName":"Cand\u00e1s 365 Noticias","description":"Actualidad desde Carre\u00f1o para el mundo","inLanguage":"es-ES","publisher":{"@id":"https:\/\/candas365.es\/noticias\/#organization"}}]},"og:locale":"es_ES","og:site_name":"Cand\u00e1s 365","og:type":"article","og:title":"El G20 de Finanzas insta a dialogar | Cand\u00e1s 365","og:description":"Buenos Aires, 23 jul (dpa) - La cumbre de Finanzas del Grupo de los Veinte (G20) finaliz\u00f3 el domingo tras dos d\u00edas en Buenos Aires con un llamado al di\u00e1logo para amortiguar los posibles &quot;riesgos&quot; que pudieran causarle a la econom\u00eda global &quot;las crecientes vulnerabilidades financieras y el aumento de tensiones comerciales y geopol\u00edticas&quot;. &quot;Vamos","og:url":"https:\/\/candas365.es\/noticias\/el-g20-de-finanzas-insta-a-dialogar\/","og:image":"https:\/\/candas365.es\/noticias\/wp-content\/uploads\/2018\/06\/globalisation-3390877_960_720.jpg","og:image:secure_url":"https:\/\/candas365.es\/noticias\/wp-content\/uploads\/2018\/06\/globalisation-3390877_960_720.jpg","og:image:width":960,"og:image:height":576,"article:published_time":"2018-07-23T22:13:35+00:00","article:modified_time":"2018-07-23T22:13:35+00:00","article:publisher":"https:\/\/www.facebook.com\/Nachofdezber","article:author":"https:\/\/www.facebook.com\/carrenoactualidad","twitter:card":"summary_large_image","twitter:site":"@NabercoDigital","twitter:title":"El G20 de Finanzas insta a dialogar | Cand\u00e1s 365","twitter:description":"Buenos Aires, 23 jul (dpa) - La cumbre de Finanzas del Grupo de los Veinte (G20) finaliz\u00f3 el domingo tras dos d\u00edas en Buenos Aires con un llamado al di\u00e1logo para amortiguar los posibles &quot;riesgos&quot; que pudieran causarle a la econom\u00eda global &quot;las crecientes vulnerabilidades financieras y el aumento de tensiones comerciales y geopol\u00edticas&quot;. &quot;Vamos","twitter:creator":"@nbasturias","twitter:image":"https:\/\/candas365.es\/noticias\/wp-content\/uploads\/2018\/06\/globalisation-3390877_960_720.jpg","twitter:label1":"Escrito por","twitter:data1":"Cand\u00e1s 365","twitter:label2":"Tiempo de lectura estimado","twitter:data2":"3 minutos"},"aioseo_meta_data":{"post_id":"101042","title":null,"description":null,"keywords":null,"keyphrases":null,"primary_term":null,"canonical_url":null,"og_title":null,"og_description":null,"og_object_type":"default","og_image_type":"default","og_image_url":null,"og_image_width":null,"og_image_height":null,"og_image_custom_url":null,"og_image_custom_fields":null,"og_video":null,"og_custom_url":null,"og_article_section":null,"og_article_tags":null,"twitter_use_og":false,"twitter_card":"default","twitter_image_type":"default","twitter_image_url":null,"twitter_image_custom_url":null,"twitter_image_custom_fields":null,"twitter_title":null,"twitter_description":null,"schema":{"blockGraphs":[],"customGraphs":[],"default":{"data":{"Article":[],"Course":[],"Dataset":[],"FAQPage":[],"Movie":[],"Person":[],"Product":[],"ProductReview":[],"Car":[],"Recipe":[],"Service":[],"SoftwareApplication":[],"WebPage":[]},"graphName":"","isEnabled":true},"graphs":[],"defaultGraph":"","defaultPostTypeGraph":""},"schema_type":null,"schema_type_options":null,"pillar_content":false,"robots_default":true,"robots_noindex":false,"robots_noarchive":false,"robots_nosnippet":false,"robots_nofollow":false,"robots_noimageindex":false,"robots_noodp":false,"robots_notranslate":false,"robots_max_snippet":null,"robots_max_videopreview":null,"robots_max_imagepreview":"large","priority":null,"frequency":null,"location":null,"local_seo":null,"seo_analyzer_scan_date":"2025-08-27 10:28:14","breadcrumb_settings":null,"limit_modified_date":false,"reviewed_by":null,"open_ai":null,"ai":null,"created":"2020-12-21 11:48:22","updated":"2025-08-27 10:28:14"},"aioseo_breadcrumb":"<div class=\"aioseo-breadcrumbs\"><span class=\"aioseo-breadcrumb\">\n\t<a href=\"https:\/\/candas365.es\/noticias\" title=\"Home\">Home<\/a>\n<\/span><span class=\"aioseo-breadcrumb-separator\">&ndash;<\/span><span class=\"aioseo-breadcrumb\">\n\t<a href=\"https:\/\/candas365.es\/noticias\/category\/actualidad\/\" title=\"Actualidad\">Actualidad<\/a>\n<\/span><span class=\"aioseo-breadcrumb-separator\">&ndash;<\/span><span class=\"aioseo-breadcrumb\">\n\tEl G20 de Finanzas insta a dialogar\n<\/span><\/div>","aioseo_breadcrumb_json":[{"label":"Home","link":"https:\/\/candas365.es\/noticias"},{"label":"Actualidad","link":"https:\/\/candas365.es\/noticias\/category\/actualidad\/"},{"label":"El G20 de Finanzas insta a dialogar","link":"https:\/\/candas365.es\/noticias\/el-g20-de-finanzas-insta-a-dialogar\/"}],"_links":{"self":[{"href":"https:\/\/candas365.es\/noticias\/wp-json\/wp\/v2\/posts\/101042","targetHints":{"allow":["GET"]}}],"collection":[{"href":"https:\/\/candas365.es\/noticias\/wp-json\/wp\/v2\/posts"}],"about":[{"href":"https:\/\/candas365.es\/noticias\/wp-json\/wp\/v2\/types\/post"}],"author":[{"embeddable":true,"href":"https:\/\/candas365.es\/noticias\/wp-json\/wp\/v2\/users\/1"}],"replies":[{"embeddable":true,"href":"https:\/\/candas365.es\/noticias\/wp-json\/wp\/v2\/comments?post=101042"}],"version-history":[{"count":0,"href":"https:\/\/candas365.es\/noticias\/wp-json\/wp\/v2\/posts\/101042\/revisions"}],"wp:featuredmedia":[{"embeddable":true,"href":"https:\/\/candas365.es\/noticias\/wp-json\/wp\/v2\/media\/97538"}],"wp:attachment":[{"href":"https:\/\/candas365.es\/noticias\/wp-json\/wp\/v2\/media?parent=101042"}],"wp:term":[{"taxonomy":"category","embeddable":true,"href":"https:\/\/candas365.es\/noticias\/wp-json\/wp\/v2\/categories?post=101042"},{"taxonomy":"post_tag","embeddable":true,"href":"https:\/\/candas365.es\/noticias\/wp-json\/wp\/v2\/tags?post=101042"}],"curies":[{"name":"wp","href":"https:\/\/api.w.org\/{rel}","templated":true}]}}