{"id":101005,"date":"2018-07-23T14:34:32","date_gmt":"2018-07-23T14:34:32","guid":{"rendered":"http:\/\/candas365.es\/noticias\/?p=101005"},"modified":"2018-07-23T14:34:32","modified_gmt":"2018-07-23T14:34:32","slug":"pp-e-iu-reaccionan-ante-la-aprobacion-del-dictamen-que-investigara-a-gitpa","status":"publish","type":"post","link":"https:\/\/candas365.es\/noticias\/pp-e-iu-reaccionan-ante-la-aprobacion-del-dictamen-que-investigara-a-gitpa\/","title":{"rendered":"PP e IU reaccionan ante la aprobaci\u00f3n del dictamen que investigar\u00e1 a GITPA"},"content":{"rendered":"<p><img fetchpriority=\"high\" decoding=\"async\" class=\"alignleft size-medium wp-image-101006\" src=\"https:\/\/candas365.es\/noticias\/wp-content\/uploads\/2018\/07\/5425-360x270.jpg\" alt=\"\" width=\"360\" height=\"270\" srcset=\"https:\/\/candas365.es\/noticias\/wp-content\/uploads\/2018\/07\/5425-360x270.jpg 360w, https:\/\/candas365.es\/noticias\/wp-content\/uploads\/2018\/07\/5425.jpg 640w, https:\/\/candas365.es\/noticias\/wp-content\/uploads\/2018\/07\/5425-80x60.jpg 80w, https:\/\/candas365.es\/noticias\/wp-content\/uploads\/2018\/07\/5425-265x198.jpg 265w, https:\/\/candas365.es\/noticias\/wp-content\/uploads\/2018\/07\/5425-560x420.jpg 560w\" sizes=\"(max-width: 360px) 100vw, 360px\" \/>El diputado y portavoz del Grupo Parlamentario Popular en la Comisi\u00f3n de investigaci\u00f3n sobre las irregularidades de la empresa p\u00fablica de Telecomunicaciones (GITPA), Jos\u00e9 Agust\u00edn Cuervas-Mons, inform\u00f3 este lunes en rueda de prensa su satisfacci\u00f3n por la aprobaci\u00f3n del dictamen sobre la \u00abtrama del cable\u00bb que investigar\u00e1 los presuntos hechos de corrupci\u00f3n de esta empresa p\u00fablica.<\/p>\n<p>\u201cEs una buena noticia que un dictamen de una comisi\u00f3n salga adelante, pero yo creo que hay que hacer una profunda reflexi\u00f3n al respecto. Este dictamen se aprueba con el apoyo de determinados grupos, en concreto el PP, Podemos y Ciudadanos. Y yo quiero se\u00f1alar que con la obstrucci\u00f3n y el voto negativo de otros grupos ahora ellos deber\u00e1n explicar por qu\u00e9 no est\u00e1n de acuerdo con que haya exigencia de responsabilidades en la trama de la empresa del cable. Se trata, una vez m\u00e1s, de una empresa p\u00fablica bajo el Gobierno socialista de Asturias, sin ning\u00fan tipo de control, de eso no hay ninguna duda. Hablamos de una empresa que ha gastado m\u00e1s de 60 millones de euros en supuestas obras\u201d, se\u00f1al\u00f3 Cuervas-Mons.<\/p>\n<p>Asimismo el diputado denunci\u00f3 que el PSOE siempre reacciona de la misma manera cuando hay un caso de corrupci\u00f3n de este tipo.<\/p>\n<p>\u201cEsto es una comisi\u00f3n parlamentaria, esto no es un juzgado. Aqu\u00ed estamos definiendo las responsabilidades pol\u00edticas de las personas que gestionaron las empresas y de los responsables pol\u00edticos que ten\u00edan que haber controlado esa empresa y no lo hicieron. Y bueno para nosotros como grupo parlamentario se nos hace evidente que han ocurrido cosas que tienen que investigarse. Pero lo triste es que en Asturias cada vez que hay un caso de corrupci\u00f3n el PSOE lo tapa\u201d, puntualiz\u00f3 el portavoz del Grupo Parlamentario Popular en la Comisi\u00f3n de investigaci\u00f3n sobre las irregularidades de GITPA.<\/p>\n<p>Por su parte, el diputado de Izquierda Unida (IU), Ovidio Zapico, consider\u00f3 que este dictamen que ha sido aprobado hoy de la comisi\u00f3n del GITPA es un \u201cfracaso\u201d.<\/p>\n<p>\u201cA juicio del Grupo Parlamentario de Izquierda Unida, la comisi\u00f3n del GITPA que ha votado hoy a favor del dictamen, ha fracasado. Y ha fracasado porque los grupos que han fraguado una raqu\u00edtica mayor\u00eda, que han sido el Partido Popular, Podemos y Ciudadanos, nunca buscaron un acuerdo o un consenso al menos con nosotros\u201d, asegur\u00f3 Zapico.<\/p>\n<p>Igualmente se\u00f1al\u00f3 que la Comisi\u00f3n del GITPA se ha excedido en el marco de las responsabilidades pol\u00edticas cuando recomienda que se debe \u201csuprimir\u201d esta empresa p\u00fablica.<\/p>\n<p>\u201cCiertamente, en el GITPA se produjeron situaciones que no pueden volver a repetirse, pero la Comisi\u00f3n se ha excedido en el marco de las responsabilidades pol\u00edticas y ha incluido un concepto en las recomendaciones que a Izquierda Unida le preocupa especialmente, y es el de la supresi\u00f3n de esta empresa p\u00fablica. Creemos que m\u00e1s all\u00e1 de esclarecer las responsabilidades pol\u00edticas y penales que tuvieron lugar, nosotros no podemos suprimir una empresa como GITPA que est\u00e1 llamada a ser la herramienta imprescindible para solventar uno de los graves problemas que tenemos en Asturias que es la importante brecha digital entre el mundo rural y el mundo urbano\u201d, puntualiz\u00f3 el diputado de Izquierda Unida.<\/p>\n<p>Finalmente resalt\u00f3 que si se desea mantener al conjunto de los territorios de Asturias en las mismas condiciones tecnol\u00f3gicas, no se puede eliminar la empresa p\u00fablica GITPA.<\/p>\n<p>Soraya Andreina P\u00e9rez<\/p>\n","protected":false},"excerpt":{"rendered":"<p>El diputado y portavoz del Grupo Parlamentario Popular en la Comisi\u00f3n de investigaci\u00f3n sobre las irregularidades de la empresa p\u00fablica de Telecomunicaciones (GITPA), Jos\u00e9 Agust\u00edn Cuervas-Mons, inform\u00f3 este lunes en rueda de prensa su satisfacci\u00f3n por la aprobaci\u00f3n del dictamen sobre la \u00abtrama del cable\u00bb que investigar\u00e1 los presuntos hechos de corrupci\u00f3n de esta empresa<\/p>\n","protected":false},"author":1,"featured_media":101006,"comment_status":"closed","ping_status":"closed","sticky":false,"template":"","format":"standard","meta":{"footnotes":""},"categories":[7],"tags":[],"class_list":{"0":"post-101005","1":"post","2":"type-post","3":"status-publish","4":"format-standard","5":"has-post-thumbnail","7":"category-asturias"},"aioseo_notices":[],"aioseo_head":"\n\t\t<!-- All in One SEO Pro 4.9.6.2 - aioseo.com -->\n\t<meta name=\"description\" content=\"El diputado y portavoz del Grupo Parlamentario Popular en la Comisi\u00f3n de investigaci\u00f3n sobre las irregularidades de la empresa p\u00fablica de Telecomunicaciones (GITPA), Jos\u00e9 Agust\u00edn Cuervas-Mons, inform\u00f3 este lunes en rueda de prensa su satisfacci\u00f3n por la aprobaci\u00f3n del dictamen sobre la &quot;trama del cable&quot; que investigar\u00e1 los presuntos hechos de corrupci\u00f3n de esta empresa\" \/>\n\t<meta name=\"robots\" content=\"max-image-preview:large\" \/>\n\t<meta name=\"author\" content=\"Cand\u00e1s 365\"\/>\n\t<meta name=\"google-site-verification\" content=\"UA-32230408-1\" \/>\n\t<meta name=\"msvalidate.01\" content=\"354F3CDFB2DA171B47FBE9ABF1F88D5\" \/>\n\t<meta name=\"keywords\" content=\"asturias\" \/>\n\t<link rel=\"canonical\" href=\"https:\/\/candas365.es\/noticias\/pp-e-iu-reaccionan-ante-la-aprobacion-del-dictamen-que-investigara-a-gitpa\/\" \/>\n\t<meta name=\"generator\" content=\"All in One SEO Pro (AIOSEO) 4.9.6.2\" \/>\n\t\t<meta property=\"og:locale\" content=\"es_ES\" \/>\n\t\t<meta property=\"og:site_name\" content=\"Cand\u00e1s 365\" \/>\n\t\t<meta property=\"og:type\" content=\"article\" \/>\n\t\t<meta property=\"og:title\" content=\"PP e IU reaccionan ante la aprobaci\u00f3n del dictamen que investigar\u00e1 a GITPA | Cand\u00e1s 365\" \/>\n\t\t<meta property=\"og:description\" content=\"El diputado y portavoz del Grupo Parlamentario Popular en la Comisi\u00f3n de investigaci\u00f3n sobre las irregularidades de la empresa p\u00fablica de Telecomunicaciones (GITPA), Jos\u00e9 Agust\u00edn Cuervas-Mons, inform\u00f3 este lunes en rueda de prensa su satisfacci\u00f3n por la aprobaci\u00f3n del dictamen sobre la &quot;trama del cable&quot; que investigar\u00e1 los presuntos hechos de corrupci\u00f3n de esta empresa\" \/>\n\t\t<meta property=\"og:url\" content=\"https:\/\/candas365.es\/noticias\/pp-e-iu-reaccionan-ante-la-aprobacion-del-dictamen-que-investigara-a-gitpa\/\" \/>\n\t\t<meta property=\"og:image\" content=\"https:\/\/candas365.es\/noticias\/wp-content\/uploads\/2018\/07\/5425.jpg\" \/>\n\t\t<meta property=\"og:image:secure_url\" content=\"https:\/\/candas365.es\/noticias\/wp-content\/uploads\/2018\/07\/5425.jpg\" \/>\n\t\t<meta property=\"og:image:width\" content=\"640\" \/>\n\t\t<meta property=\"og:image:height\" content=\"480\" \/>\n\t\t<meta property=\"article:published_time\" content=\"2018-07-23T14:34:32+00:00\" \/>\n\t\t<meta property=\"article:modified_time\" content=\"2018-07-23T14:34:32+00:00\" \/>\n\t\t<meta property=\"article:publisher\" content=\"https:\/\/www.facebook.com\/Nachofdezber\" \/>\n\t\t<meta property=\"article:author\" content=\"https:\/\/www.facebook.com\/carrenoactualidad\" \/>\n\t\t<meta name=\"twitter:card\" content=\"summary_large_image\" \/>\n\t\t<meta name=\"twitter:site\" content=\"@NabercoDigital\" \/>\n\t\t<meta name=\"twitter:title\" content=\"PP e IU reaccionan ante la aprobaci\u00f3n del dictamen que investigar\u00e1 a GITPA | Cand\u00e1s 365\" \/>\n\t\t<meta name=\"twitter:description\" content=\"El diputado y portavoz del Grupo Parlamentario Popular en la Comisi\u00f3n de investigaci\u00f3n sobre las irregularidades de la empresa p\u00fablica de Telecomunicaciones (GITPA), Jos\u00e9 Agust\u00edn Cuervas-Mons, inform\u00f3 este lunes en rueda de prensa su satisfacci\u00f3n por la aprobaci\u00f3n del dictamen sobre la &quot;trama del cable&quot; que investigar\u00e1 los presuntos hechos de corrupci\u00f3n de esta empresa\" \/>\n\t\t<meta name=\"twitter:creator\" content=\"@nbasturias\" \/>\n\t\t<meta name=\"twitter:image\" content=\"https:\/\/candas365.es\/noticias\/wp-content\/uploads\/2018\/07\/5425.jpg\" \/>\n\t\t<meta name=\"twitter:label1\" content=\"Escrito por\" \/>\n\t\t<meta name=\"twitter:data1\" content=\"Cand\u00e1s 365\" \/>\n\t\t<meta name=\"twitter:label2\" content=\"Tiempo de lectura estimado\" \/>\n\t\t<meta name=\"twitter:data2\" content=\"3 minutos\" \/>\n\t\t<script type=\"application\/ld+json\" class=\"aioseo-schema\">\n\t\t\t{\"@context\":\"https:\\\/\\\/schema.org\",\"@graph\":[{\"@type\":\"BreadcrumbList\",\"@id\":\"https:\\\/\\\/candas365.es\\\/noticias\\\/pp-e-iu-reaccionan-ante-la-aprobacion-del-dictamen-que-investigara-a-gitpa\\\/#breadcrumblist\",\"itemListElement\":[{\"@type\":\"ListItem\",\"@id\":\"https:\\\/\\\/candas365.es\\\/noticias#listItem\",\"position\":1,\"name\":\"Home\",\"item\":\"https:\\\/\\\/candas365.es\\\/noticias\",\"nextItem\":{\"@type\":\"ListItem\",\"@id\":\"https:\\\/\\\/candas365.es\\\/noticias\\\/category\\\/asturias\\\/#listItem\",\"name\":\"Asturias\"}},{\"@type\":\"ListItem\",\"@id\":\"https:\\\/\\\/candas365.es\\\/noticias\\\/category\\\/asturias\\\/#listItem\",\"position\":2,\"name\":\"Asturias\",\"item\":\"https:\\\/\\\/candas365.es\\\/noticias\\\/category\\\/asturias\\\/\",\"nextItem\":{\"@type\":\"ListItem\",\"@id\":\"https:\\\/\\\/candas365.es\\\/noticias\\\/pp-e-iu-reaccionan-ante-la-aprobacion-del-dictamen-que-investigara-a-gitpa\\\/#listItem\",\"name\":\"PP e IU reaccionan ante la aprobaci\\u00f3n del dictamen que investigar\\u00e1 a GITPA\"},\"previousItem\":{\"@type\":\"ListItem\",\"@id\":\"https:\\\/\\\/candas365.es\\\/noticias#listItem\",\"name\":\"Home\"}},{\"@type\":\"ListItem\",\"@id\":\"https:\\\/\\\/candas365.es\\\/noticias\\\/pp-e-iu-reaccionan-ante-la-aprobacion-del-dictamen-que-investigara-a-gitpa\\\/#listItem\",\"position\":3,\"name\":\"PP e IU reaccionan ante la aprobaci\\u00f3n del dictamen que investigar\\u00e1 a GITPA\",\"previousItem\":{\"@type\":\"ListItem\",\"@id\":\"https:\\\/\\\/candas365.es\\\/noticias\\\/category\\\/asturias\\\/#listItem\",\"name\":\"Asturias\"}}]},{\"@type\":\"NewsArticle\",\"@id\":\"https:\\\/\\\/candas365.es\\\/noticias\\\/pp-e-iu-reaccionan-ante-la-aprobacion-del-dictamen-que-investigara-a-gitpa\\\/#newsarticle\",\"name\":\"PP e IU reaccionan ante la aprobaci\\u00f3n del dictamen que investigar\\u00e1 a GITPA | Cand\\u00e1s 365\",\"headline\":\"PP e IU reaccionan ante la aprobaci\\u00f3n del dictamen que investigar\\u00e1 a GITPA\",\"author\":{\"@id\":\"https:\\\/\\\/candas365.es\\\/noticias\\\/author\\\/admin\\\/#author\"},\"publisher\":{\"@id\":\"https:\\\/\\\/candas365.es\\\/noticias\\\/#organization\"},\"image\":{\"@type\":\"ImageObject\",\"url\":\"https:\\\/\\\/candas365.es\\\/noticias\\\/wp-content\\\/uploads\\\/2018\\\/07\\\/5425.jpg\",\"width\":640,\"height\":480},\"datePublished\":\"2018-07-23T14:34:32+02:00\",\"dateModified\":\"2018-07-23T14:34:32+02:00\",\"inLanguage\":\"es-ES\",\"mainEntityOfPage\":{\"@id\":\"https:\\\/\\\/candas365.es\\\/noticias\\\/pp-e-iu-reaccionan-ante-la-aprobacion-del-dictamen-que-investigara-a-gitpa\\\/#webpage\"},\"isPartOf\":{\"@id\":\"https:\\\/\\\/candas365.es\\\/noticias\\\/pp-e-iu-reaccionan-ante-la-aprobacion-del-dictamen-que-investigara-a-gitpa\\\/#webpage\"},\"articleSection\":\"Asturias\",\"dateline\":\"Publicado el julio 23, 2018.\"},{\"@type\":\"Organization\",\"@id\":\"https:\\\/\\\/candas365.es\\\/noticias\\\/#organization\",\"name\":\"Cand\\u00e1s 365\",\"description\":\"Cand\\u00e1s 365 es un diario digital independiente, fundado en 2012, con base en Asturias. Informamos con rigor sobre actualidad, sociedad, cultura y ocio, con una mirada local y global.\",\"url\":\"https:\\\/\\\/candas365.es\\\/noticias\\\/\",\"email\":\"info@candas365.es\",\"telephone\":\"+34652131393\",\"foundingDate\":\"2012-06-10\",\"logo\":{\"@type\":\"ImageObject\",\"url\":\"https:\\\/\\\/candas365.es\\\/noticias\\\/wp-content\\\/uploads\\\/2024\\\/09\\\/Candas-365-Redes.jpg\",\"@id\":\"https:\\\/\\\/candas365.es\\\/noticias\\\/pp-e-iu-reaccionan-ante-la-aprobacion-del-dictamen-que-investigara-a-gitpa\\\/#organizationLogo\",\"width\":1152,\"height\":864,\"caption\":\"Cand\\u00e1s 365 Redes\"},\"image\":{\"@id\":\"https:\\\/\\\/candas365.es\\\/noticias\\\/pp-e-iu-reaccionan-ante-la-aprobacion-del-dictamen-que-investigara-a-gitpa\\\/#organizationLogo\"},\"sameAs\":[\"https:\\\/\\\/www.facebook.com\\\/Nachofdezber\",\"https:\\\/\\\/x.com\\\/NabercoDigital\",\"https:\\\/\\\/www.instagram.com\\\/nachofdezber\\\/\",\"https:\\\/\\\/www.youtube.com\\\/channel\\\/UCZP-2wLEB9Rv6erhFmqVnvg\"],\"address\":{\"@id\":\"https:\\\/\\\/candas365.es\\\/noticias\\\/#postaladdress\",\"@type\":\"PostalAddress\",\"streetAddress\":\"san antonio 4, san antonio 4\",\"postalCode\":\"33430\",\"addressLocality\":\"Cand\\u00e1s\",\"addressRegion\":\"Asturias\",\"addressCountry\":\"ES\"}},{\"@type\":\"Person\",\"@id\":\"https:\\\/\\\/candas365.es\\\/noticias\\\/author\\\/admin\\\/#author\",\"url\":\"https:\\\/\\\/candas365.es\\\/noticias\\\/author\\\/admin\\\/\",\"name\":\"Cand\\u00e1s 365\",\"image\":{\"@type\":\"ImageObject\",\"@id\":\"https:\\\/\\\/candas365.es\\\/noticias\\\/pp-e-iu-reaccionan-ante-la-aprobacion-del-dictamen-que-investigara-a-gitpa\\\/#authorImage\",\"url\":\"https:\\\/\\\/secure.gravatar.com\\\/avatar\\\/496a8e03d0c493ede1718b7934145dbdf8d89be1036b0eec9544e1094c9de390?s=96&d=mm&r=g\",\"width\":96,\"height\":96,\"caption\":\"Cand\\u00e1s 365\"},\"sameAs\":[\"https:\\\/\\\/www.facebook.com\\\/carrenoactualidad\",\"https:\\\/\\\/twitter.com\\\/nbasturias\",\"https:\\\/\\\/www.instagram.com\\\/nachofdezber\\\/\",\"https:\\\/\\\/www.youtube.com\\\/channel\\\/UCZP-2wLEB9Rv6erhFmqVnvg\"]},{\"@type\":\"WebPage\",\"@id\":\"https:\\\/\\\/candas365.es\\\/noticias\\\/pp-e-iu-reaccionan-ante-la-aprobacion-del-dictamen-que-investigara-a-gitpa\\\/#webpage\",\"url\":\"https:\\\/\\\/candas365.es\\\/noticias\\\/pp-e-iu-reaccionan-ante-la-aprobacion-del-dictamen-que-investigara-a-gitpa\\\/\",\"name\":\"PP e IU reaccionan ante la aprobaci\\u00f3n del dictamen que investigar\\u00e1 a GITPA | Cand\\u00e1s 365\",\"description\":\"El diputado y portavoz del Grupo Parlamentario Popular en la Comisi\\u00f3n de investigaci\\u00f3n sobre las irregularidades de la empresa p\\u00fablica de Telecomunicaciones (GITPA), Jos\\u00e9 Agust\\u00edn Cuervas-Mons, inform\\u00f3 este lunes en rueda de prensa su satisfacci\\u00f3n por la aprobaci\\u00f3n del dictamen sobre la \\\"trama del cable\\\" que investigar\\u00e1 los presuntos hechos de corrupci\\u00f3n de esta empresa\",\"inLanguage\":\"es-ES\",\"isPartOf\":{\"@id\":\"https:\\\/\\\/candas365.es\\\/noticias\\\/#website\"},\"breadcrumb\":{\"@id\":\"https:\\\/\\\/candas365.es\\\/noticias\\\/pp-e-iu-reaccionan-ante-la-aprobacion-del-dictamen-que-investigara-a-gitpa\\\/#breadcrumblist\"},\"author\":{\"@id\":\"https:\\\/\\\/candas365.es\\\/noticias\\\/author\\\/admin\\\/#author\"},\"creator\":{\"@id\":\"https:\\\/\\\/candas365.es\\\/noticias\\\/author\\\/admin\\\/#author\"},\"image\":{\"@type\":\"ImageObject\",\"url\":\"https:\\\/\\\/candas365.es\\\/noticias\\\/wp-content\\\/uploads\\\/2018\\\/07\\\/5425.jpg\",\"@id\":\"https:\\\/\\\/candas365.es\\\/noticias\\\/pp-e-iu-reaccionan-ante-la-aprobacion-del-dictamen-que-investigara-a-gitpa\\\/#mainImage\",\"width\":640,\"height\":480},\"primaryImageOfPage\":{\"@id\":\"https:\\\/\\\/candas365.es\\\/noticias\\\/pp-e-iu-reaccionan-ante-la-aprobacion-del-dictamen-que-investigara-a-gitpa\\\/#mainImage\"},\"datePublished\":\"2018-07-23T14:34:32+02:00\",\"dateModified\":\"2018-07-23T14:34:32+02:00\"},{\"@type\":\"WebSite\",\"@id\":\"https:\\\/\\\/candas365.es\\\/noticias\\\/#website\",\"url\":\"https:\\\/\\\/candas365.es\\\/noticias\\\/\",\"name\":\"Cand\\u00e1s 365\",\"alternateName\":\"Cand\\u00e1s 365 Noticias\",\"description\":\"Actualidad desde Carre\\u00f1o para el mundo\",\"inLanguage\":\"es-ES\",\"publisher\":{\"@id\":\"https:\\\/\\\/candas365.es\\\/noticias\\\/#organization\"}}]}\n\t\t<\/script>\n\t\t<!-- All in One SEO Pro -->\r\n\t\t<title>PP e IU reaccionan ante la aprobaci\u00f3n del dictamen que investigar\u00e1 a GITPA | Cand\u00e1s 365<\/title>\n\n","aioseo_head_json":{"title":"PP e IU reaccionan ante la aprobaci\u00f3n del dictamen que investigar\u00e1 a GITPA | Cand\u00e1s 365","description":"El diputado y portavoz del Grupo Parlamentario Popular en la Comisi\u00f3n de investigaci\u00f3n sobre las irregularidades de la empresa p\u00fablica de Telecomunicaciones (GITPA), Jos\u00e9 Agust\u00edn Cuervas-Mons, inform\u00f3 este lunes en rueda de prensa su satisfacci\u00f3n por la aprobaci\u00f3n del dictamen sobre la \"trama del cable\" que investigar\u00e1 los presuntos hechos de corrupci\u00f3n de esta empresa","canonical_url":"https:\/\/candas365.es\/noticias\/pp-e-iu-reaccionan-ante-la-aprobacion-del-dictamen-que-investigara-a-gitpa\/","robots":"max-image-preview:large","keywords":"asturias","webmasterTools":{"google-site-verification":"UA-32230408-1","msvalidate.01":"354F3CDFB2DA171B47FBE9ABF1F88D5","miscellaneous":""},"schema":{"@context":"https:\/\/schema.org","@graph":[{"@type":"BreadcrumbList","@id":"https:\/\/candas365.es\/noticias\/pp-e-iu-reaccionan-ante-la-aprobacion-del-dictamen-que-investigara-a-gitpa\/#breadcrumblist","itemListElement":[{"@type":"ListItem","@id":"https:\/\/candas365.es\/noticias#listItem","position":1,"name":"Home","item":"https:\/\/candas365.es\/noticias","nextItem":{"@type":"ListItem","@id":"https:\/\/candas365.es\/noticias\/category\/asturias\/#listItem","name":"Asturias"}},{"@type":"ListItem","@id":"https:\/\/candas365.es\/noticias\/category\/asturias\/#listItem","position":2,"name":"Asturias","item":"https:\/\/candas365.es\/noticias\/category\/asturias\/","nextItem":{"@type":"ListItem","@id":"https:\/\/candas365.es\/noticias\/pp-e-iu-reaccionan-ante-la-aprobacion-del-dictamen-que-investigara-a-gitpa\/#listItem","name":"PP e IU reaccionan ante la aprobaci\u00f3n del dictamen que investigar\u00e1 a GITPA"},"previousItem":{"@type":"ListItem","@id":"https:\/\/candas365.es\/noticias#listItem","name":"Home"}},{"@type":"ListItem","@id":"https:\/\/candas365.es\/noticias\/pp-e-iu-reaccionan-ante-la-aprobacion-del-dictamen-que-investigara-a-gitpa\/#listItem","position":3,"name":"PP e IU reaccionan ante la aprobaci\u00f3n del dictamen que investigar\u00e1 a GITPA","previousItem":{"@type":"ListItem","@id":"https:\/\/candas365.es\/noticias\/category\/asturias\/#listItem","name":"Asturias"}}]},{"@type":"NewsArticle","@id":"https:\/\/candas365.es\/noticias\/pp-e-iu-reaccionan-ante-la-aprobacion-del-dictamen-que-investigara-a-gitpa\/#newsarticle","name":"PP e IU reaccionan ante la aprobaci\u00f3n del dictamen que investigar\u00e1 a GITPA | Cand\u00e1s 365","headline":"PP e IU reaccionan ante la aprobaci\u00f3n del dictamen que investigar\u00e1 a GITPA","author":{"@id":"https:\/\/candas365.es\/noticias\/author\/admin\/#author"},"publisher":{"@id":"https:\/\/candas365.es\/noticias\/#organization"},"image":{"@type":"ImageObject","url":"https:\/\/candas365.es\/noticias\/wp-content\/uploads\/2018\/07\/5425.jpg","width":640,"height":480},"datePublished":"2018-07-23T14:34:32+02:00","dateModified":"2018-07-23T14:34:32+02:00","inLanguage":"es-ES","mainEntityOfPage":{"@id":"https:\/\/candas365.es\/noticias\/pp-e-iu-reaccionan-ante-la-aprobacion-del-dictamen-que-investigara-a-gitpa\/#webpage"},"isPartOf":{"@id":"https:\/\/candas365.es\/noticias\/pp-e-iu-reaccionan-ante-la-aprobacion-del-dictamen-que-investigara-a-gitpa\/#webpage"},"articleSection":"Asturias","dateline":"Publicado el julio 23, 2018."},{"@type":"Organization","@id":"https:\/\/candas365.es\/noticias\/#organization","name":"Cand\u00e1s 365","description":"Cand\u00e1s 365 es un diario digital independiente, fundado en 2012, con base en Asturias. Informamos con rigor sobre actualidad, sociedad, cultura y ocio, con una mirada local y global.","url":"https:\/\/candas365.es\/noticias\/","email":"info@candas365.es","telephone":"+34652131393","foundingDate":"2012-06-10","logo":{"@type":"ImageObject","url":"https:\/\/candas365.es\/noticias\/wp-content\/uploads\/2024\/09\/Candas-365-Redes.jpg","@id":"https:\/\/candas365.es\/noticias\/pp-e-iu-reaccionan-ante-la-aprobacion-del-dictamen-que-investigara-a-gitpa\/#organizationLogo","width":1152,"height":864,"caption":"Cand\u00e1s 365 Redes"},"image":{"@id":"https:\/\/candas365.es\/noticias\/pp-e-iu-reaccionan-ante-la-aprobacion-del-dictamen-que-investigara-a-gitpa\/#organizationLogo"},"sameAs":["https:\/\/www.facebook.com\/Nachofdezber","https:\/\/x.com\/NabercoDigital","https:\/\/www.instagram.com\/nachofdezber\/","https:\/\/www.youtube.com\/channel\/UCZP-2wLEB9Rv6erhFmqVnvg"],"address":{"@id":"https:\/\/candas365.es\/noticias\/#postaladdress","@type":"PostalAddress","streetAddress":"san antonio 4, san antonio 4","postalCode":"33430","addressLocality":"Cand\u00e1s","addressRegion":"Asturias","addressCountry":"ES"}},{"@type":"Person","@id":"https:\/\/candas365.es\/noticias\/author\/admin\/#author","url":"https:\/\/candas365.es\/noticias\/author\/admin\/","name":"Cand\u00e1s 365","image":{"@type":"ImageObject","@id":"https:\/\/candas365.es\/noticias\/pp-e-iu-reaccionan-ante-la-aprobacion-del-dictamen-que-investigara-a-gitpa\/#authorImage","url":"https:\/\/secure.gravatar.com\/avatar\/496a8e03d0c493ede1718b7934145dbdf8d89be1036b0eec9544e1094c9de390?s=96&d=mm&r=g","width":96,"height":96,"caption":"Cand\u00e1s 365"},"sameAs":["https:\/\/www.facebook.com\/carrenoactualidad","https:\/\/twitter.com\/nbasturias","https:\/\/www.instagram.com\/nachofdezber\/","https:\/\/www.youtube.com\/channel\/UCZP-2wLEB9Rv6erhFmqVnvg"]},{"@type":"WebPage","@id":"https:\/\/candas365.es\/noticias\/pp-e-iu-reaccionan-ante-la-aprobacion-del-dictamen-que-investigara-a-gitpa\/#webpage","url":"https:\/\/candas365.es\/noticias\/pp-e-iu-reaccionan-ante-la-aprobacion-del-dictamen-que-investigara-a-gitpa\/","name":"PP e IU reaccionan ante la aprobaci\u00f3n del dictamen que investigar\u00e1 a GITPA | Cand\u00e1s 365","description":"El diputado y portavoz del Grupo Parlamentario Popular en la Comisi\u00f3n de investigaci\u00f3n sobre las irregularidades de la empresa p\u00fablica de Telecomunicaciones (GITPA), Jos\u00e9 Agust\u00edn Cuervas-Mons, inform\u00f3 este lunes en rueda de prensa su satisfacci\u00f3n por la aprobaci\u00f3n del dictamen sobre la \"trama del cable\" que investigar\u00e1 los presuntos hechos de corrupci\u00f3n de esta empresa","inLanguage":"es-ES","isPartOf":{"@id":"https:\/\/candas365.es\/noticias\/#website"},"breadcrumb":{"@id":"https:\/\/candas365.es\/noticias\/pp-e-iu-reaccionan-ante-la-aprobacion-del-dictamen-que-investigara-a-gitpa\/#breadcrumblist"},"author":{"@id":"https:\/\/candas365.es\/noticias\/author\/admin\/#author"},"creator":{"@id":"https:\/\/candas365.es\/noticias\/author\/admin\/#author"},"image":{"@type":"ImageObject","url":"https:\/\/candas365.es\/noticias\/wp-content\/uploads\/2018\/07\/5425.jpg","@id":"https:\/\/candas365.es\/noticias\/pp-e-iu-reaccionan-ante-la-aprobacion-del-dictamen-que-investigara-a-gitpa\/#mainImage","width":640,"height":480},"primaryImageOfPage":{"@id":"https:\/\/candas365.es\/noticias\/pp-e-iu-reaccionan-ante-la-aprobacion-del-dictamen-que-investigara-a-gitpa\/#mainImage"},"datePublished":"2018-07-23T14:34:32+02:00","dateModified":"2018-07-23T14:34:32+02:00"},{"@type":"WebSite","@id":"https:\/\/candas365.es\/noticias\/#website","url":"https:\/\/candas365.es\/noticias\/","name":"Cand\u00e1s 365","alternateName":"Cand\u00e1s 365 Noticias","description":"Actualidad desde Carre\u00f1o para el mundo","inLanguage":"es-ES","publisher":{"@id":"https:\/\/candas365.es\/noticias\/#organization"}}]},"og:locale":"es_ES","og:site_name":"Cand\u00e1s 365","og:type":"article","og:title":"PP e IU reaccionan ante la aprobaci\u00f3n del dictamen que investigar\u00e1 a GITPA | Cand\u00e1s 365","og:description":"El diputado y portavoz del Grupo Parlamentario Popular en la Comisi\u00f3n de investigaci\u00f3n sobre las irregularidades de la empresa p\u00fablica de Telecomunicaciones (GITPA), Jos\u00e9 Agust\u00edn Cuervas-Mons, inform\u00f3 este lunes en rueda de prensa su satisfacci\u00f3n por la aprobaci\u00f3n del dictamen sobre la &quot;trama del cable&quot; que investigar\u00e1 los presuntos hechos de corrupci\u00f3n de esta empresa","og:url":"https:\/\/candas365.es\/noticias\/pp-e-iu-reaccionan-ante-la-aprobacion-del-dictamen-que-investigara-a-gitpa\/","og:image":"https:\/\/candas365.es\/noticias\/wp-content\/uploads\/2018\/07\/5425.jpg","og:image:secure_url":"https:\/\/candas365.es\/noticias\/wp-content\/uploads\/2018\/07\/5425.jpg","og:image:width":640,"og:image:height":480,"article:published_time":"2018-07-23T14:34:32+00:00","article:modified_time":"2018-07-23T14:34:32+00:00","article:publisher":"https:\/\/www.facebook.com\/Nachofdezber","article:author":"https:\/\/www.facebook.com\/carrenoactualidad","twitter:card":"summary_large_image","twitter:site":"@NabercoDigital","twitter:title":"PP e IU reaccionan ante la aprobaci\u00f3n del dictamen que investigar\u00e1 a GITPA | Cand\u00e1s 365","twitter:description":"El diputado y portavoz del Grupo Parlamentario Popular en la Comisi\u00f3n de investigaci\u00f3n sobre las irregularidades de la empresa p\u00fablica de Telecomunicaciones (GITPA), Jos\u00e9 Agust\u00edn Cuervas-Mons, inform\u00f3 este lunes en rueda de prensa su satisfacci\u00f3n por la aprobaci\u00f3n del dictamen sobre la &quot;trama del cable&quot; que investigar\u00e1 los presuntos hechos de corrupci\u00f3n de esta empresa","twitter:creator":"@nbasturias","twitter:image":"https:\/\/candas365.es\/noticias\/wp-content\/uploads\/2018\/07\/5425.jpg","twitter:label1":"Escrito por","twitter:data1":"Cand\u00e1s 365","twitter:label2":"Tiempo de lectura estimado","twitter:data2":"3 minutos"},"aioseo_meta_data":{"post_id":"101005","title":null,"description":null,"keywords":null,"keyphrases":null,"primary_term":null,"canonical_url":null,"og_title":null,"og_description":null,"og_object_type":"default","og_image_type":"default","og_image_url":null,"og_image_width":null,"og_image_height":null,"og_image_custom_url":null,"og_image_custom_fields":null,"og_video":null,"og_custom_url":null,"og_article_section":null,"og_article_tags":null,"twitter_use_og":false,"twitter_card":"default","twitter_image_type":"default","twitter_image_url":null,"twitter_image_custom_url":null,"twitter_image_custom_fields":null,"twitter_title":null,"twitter_description":null,"schema":{"blockGraphs":[],"customGraphs":[],"default":{"data":{"Article":[],"Course":[],"Dataset":[],"FAQPage":[],"Movie":[],"Person":[],"Product":[],"ProductReview":[],"Car":[],"Recipe":[],"Service":[],"SoftwareApplication":[],"WebPage":[]},"graphName":"","isEnabled":true},"graphs":[],"defaultGraph":"","defaultPostTypeGraph":""},"schema_type":null,"schema_type_options":null,"pillar_content":false,"robots_default":true,"robots_noindex":false,"robots_noarchive":false,"robots_nosnippet":false,"robots_nofollow":false,"robots_noimageindex":false,"robots_noodp":false,"robots_notranslate":false,"robots_max_snippet":null,"robots_max_videopreview":null,"robots_max_imagepreview":"large","priority":null,"frequency":null,"location":null,"local_seo":null,"seo_analyzer_scan_date":"2025-08-27 10:20:20","breadcrumb_settings":null,"limit_modified_date":false,"reviewed_by":null,"open_ai":null,"ai":null,"created":"2020-12-21 11:48:22","updated":"2025-08-27 10:20:20"},"aioseo_breadcrumb":"<div class=\"aioseo-breadcrumbs\"><span class=\"aioseo-breadcrumb\">\n\t<a href=\"https:\/\/candas365.es\/noticias\" title=\"Home\">Home<\/a>\n<\/span><span class=\"aioseo-breadcrumb-separator\">&ndash;<\/span><span class=\"aioseo-breadcrumb\">\n\t<a href=\"https:\/\/candas365.es\/noticias\/category\/asturias\/\" title=\"Asturias\">Asturias<\/a>\n<\/span><span class=\"aioseo-breadcrumb-separator\">&ndash;<\/span><span class=\"aioseo-breadcrumb\">\n\tPP e IU reaccionan ante la aprobaci\u00f3n del dictamen que investigar\u00e1 a GITPA\n<\/span><\/div>","aioseo_breadcrumb_json":[{"label":"Home","link":"https:\/\/candas365.es\/noticias"},{"label":"Asturias","link":"https:\/\/candas365.es\/noticias\/category\/asturias\/"},{"label":"PP e IU reaccionan ante la aprobaci\u00f3n del dictamen que investigar\u00e1 a GITPA","link":"https:\/\/candas365.es\/noticias\/pp-e-iu-reaccionan-ante-la-aprobacion-del-dictamen-que-investigara-a-gitpa\/"}],"_links":{"self":[{"href":"https:\/\/candas365.es\/noticias\/wp-json\/wp\/v2\/posts\/101005","targetHints":{"allow":["GET"]}}],"collection":[{"href":"https:\/\/candas365.es\/noticias\/wp-json\/wp\/v2\/posts"}],"about":[{"href":"https:\/\/candas365.es\/noticias\/wp-json\/wp\/v2\/types\/post"}],"author":[{"embeddable":true,"href":"https:\/\/candas365.es\/noticias\/wp-json\/wp\/v2\/users\/1"}],"replies":[{"embeddable":true,"href":"https:\/\/candas365.es\/noticias\/wp-json\/wp\/v2\/comments?post=101005"}],"version-history":[{"count":0,"href":"https:\/\/candas365.es\/noticias\/wp-json\/wp\/v2\/posts\/101005\/revisions"}],"wp:featuredmedia":[{"embeddable":true,"href":"https:\/\/candas365.es\/noticias\/wp-json\/wp\/v2\/media\/101006"}],"wp:attachment":[{"href":"https:\/\/candas365.es\/noticias\/wp-json\/wp\/v2\/media?parent=101005"}],"wp:term":[{"taxonomy":"category","embeddable":true,"href":"https:\/\/candas365.es\/noticias\/wp-json\/wp\/v2\/categories?post=101005"},{"taxonomy":"post_tag","embeddable":true,"href":"https:\/\/candas365.es\/noticias\/wp-json\/wp\/v2\/tags?post=101005"}],"curies":[{"name":"wp","href":"https:\/\/api.w.org\/{rel}","templated":true}]}}