{"id":101002,"date":"2018-07-23T13:22:32","date_gmt":"2018-07-23T13:22:32","guid":{"rendered":"http:\/\/candas365.es\/noticias\/?p=101002"},"modified":"2018-07-23T13:22:32","modified_gmt":"2018-07-23T13:22:32","slug":"saavedra-ya-se-han-dispensado-32-470-farmacos-a-usuarios-asturianos-en-otras-regiones","status":"publish","type":"post","link":"https:\/\/candas365.es\/noticias\/saavedra-ya-se-han-dispensado-32-470-farmacos-a-usuarios-asturianos-en-otras-regiones\/","title":{"rendered":"Saavedra: \u201cYa se han dispensado 32.470 f\u00e1rmacos a usuarios asturianos en otras regiones\u201d"},"content":{"rendered":"<p><img fetchpriority=\"high\" decoding=\"async\" class=\"alignleft size-medium wp-image-101003\" src=\"https:\/\/candas365.es\/noticias\/wp-content\/uploads\/2018\/07\/medications-257336_960_720-360x238.jpg\" alt=\"\" width=\"360\" height=\"238\" srcset=\"https:\/\/candas365.es\/noticias\/wp-content\/uploads\/2018\/07\/medications-257336_960_720-360x238.jpg 360w, https:\/\/candas365.es\/noticias\/wp-content\/uploads\/2018\/07\/medications-257336_960_720-768x508.jpg 768w, https:\/\/candas365.es\/noticias\/wp-content\/uploads\/2018\/07\/medications-257336_960_720-655x433.jpg 655w, https:\/\/candas365.es\/noticias\/wp-content\/uploads\/2018\/07\/medications-257336_960_720-696x460.jpg 696w, https:\/\/candas365.es\/noticias\/wp-content\/uploads\/2018\/07\/medications-257336_960_720-635x420.jpg 635w, https:\/\/candas365.es\/noticias\/wp-content\/uploads\/2018\/07\/medications-257336_960_720.jpg 960w\" sizes=\"(max-width: 360px) 100vw, 360px\" \/>La directora general de Planificaci\u00f3n Sanitaria, Concepci\u00f3n Saavedra, declar\u00f3 este lunes en rueda de prensa todos los detalles sobre la implementaci\u00f3n de la \u201creceta electr\u00f3nica interoperable\u201d.<\/p>\n<p>Saavedra indic\u00f3 que esta modalidad ya ha permitido la dispensaci\u00f3n de 32.470 f\u00e1rmacos a usuarios asturianos en otras regiones de Espa\u00f1a.<\/p>\n<p>\u201cEn estas vacaciones los asturianos pueden ya seguir con esa dispensaci\u00f3n en otras regiones, en todas excepto en Madrid y en algunas farmacias de Catalu\u00f1a porque all\u00ed se est\u00e1 implementando de forma gradual. La receta electr\u00f3nica que como saben es interoperable desde finales de 2017, ya ha permitido la dispensaci\u00f3n de 32.470 f\u00e1rmacos a usuarios asturianos en otras regiones. Los datos del primer semestre lo que nos muestran es que la mayor parte de esas dispensaciones han sido en Castilla Le\u00f3n, en la Comunidad Valenciana, en Galicia, Canarias y Cantabria\u201d, asegur\u00f3 la Directora General de Planificaci\u00f3n Sanitaria.<\/p>\n<p>Igualmente destac\u00f3 que para poder hacer uso de esta receta electr\u00f3nica, las personas deben poseer obligatoriamente una tarjeta sanitaria.<\/p>\n<p>\u201cSer\u00eda imprescindible que llevaran la tarjeta sanitaria. Sin la tarjeta sanitaria no se puede hacer nada. Tambi\u00e9n es recomendable, aunque no es necesario, llevar la hoja de receta electr\u00f3nica y solicitar siempre el ticket por si tuvieran derecho al rembolso\u201d, puntualiz\u00f3 Saavedra.<\/p>\n<p>Es importante recordar que la receta m\u00e9dica electr\u00f3nica es una modalidad reciente de servicio digital que permite al profesional de la salud emitir y transmitir prescripciones por medios electr\u00f3nicos, basados en las tecnolog\u00edas de la informaci\u00f3n y comunicaciones, que posteriormente pueden ser objeto de dispensaci\u00f3n.<\/p>\n<p>Soraya Andreina P\u00e9rez<\/p>\n","protected":false},"excerpt":{"rendered":"<p>La directora general de Planificaci\u00f3n Sanitaria, Concepci\u00f3n Saavedra, declar\u00f3 este lunes en rueda de prensa todos los detalles sobre la implementaci\u00f3n de la \u201creceta electr\u00f3nica interoperable\u201d. Saavedra indic\u00f3 que esta modalidad ya ha permitido la dispensaci\u00f3n de 32.470 f\u00e1rmacos a usuarios asturianos en otras regiones de Espa\u00f1a. \u201cEn estas vacaciones los asturianos pueden ya seguir<\/p>\n","protected":false},"author":1,"featured_media":101003,"comment_status":"closed","ping_status":"closed","sticky":false,"template":"","format":"standard","meta":{"footnotes":""},"categories":[7],"tags":[],"class_list":{"0":"post-101002","1":"post","2":"type-post","3":"status-publish","4":"format-standard","5":"has-post-thumbnail","7":"category-asturias"},"aioseo_notices":[],"aioseo_head":"\n\t\t<!-- All in One SEO Pro 4.9.6.2 - aioseo.com -->\n\t<meta name=\"description\" content=\"La directora general de Planificaci\u00f3n Sanitaria, Concepci\u00f3n Saavedra, declar\u00f3 este lunes en rueda de prensa todos los detalles sobre la implementaci\u00f3n de la \u201creceta electr\u00f3nica interoperable\u201d. Saavedra indic\u00f3 que esta modalidad ya ha permitido la dispensaci\u00f3n de 32.470 f\u00e1rmacos a usuarios asturianos en otras regiones de Espa\u00f1a. \u201cEn estas vacaciones los asturianos pueden ya seguir\" \/>\n\t<meta name=\"robots\" content=\"max-image-preview:large\" \/>\n\t<meta name=\"author\" content=\"Cand\u00e1s 365\"\/>\n\t<meta name=\"google-site-verification\" content=\"UA-32230408-1\" \/>\n\t<meta name=\"msvalidate.01\" content=\"354F3CDFB2DA171B47FBE9ABF1F88D5\" \/>\n\t<meta name=\"keywords\" content=\"asturias\" \/>\n\t<link rel=\"canonical\" href=\"https:\/\/candas365.es\/noticias\/saavedra-ya-se-han-dispensado-32-470-farmacos-a-usuarios-asturianos-en-otras-regiones\/\" \/>\n\t<meta name=\"generator\" content=\"All in One SEO Pro (AIOSEO) 4.9.6.2\" \/>\n\t\t<meta property=\"og:locale\" content=\"es_ES\" \/>\n\t\t<meta property=\"og:site_name\" content=\"Cand\u00e1s 365\" \/>\n\t\t<meta property=\"og:type\" content=\"article\" \/>\n\t\t<meta property=\"og:title\" content=\"Saavedra: \u201cYa se han dispensado 32.470 f\u00e1rmacos a usuarios asturianos en otras regiones\u201d | Cand\u00e1s 365\" \/>\n\t\t<meta property=\"og:description\" content=\"La directora general de Planificaci\u00f3n Sanitaria, Concepci\u00f3n Saavedra, declar\u00f3 este lunes en rueda de prensa todos los detalles sobre la implementaci\u00f3n de la \u201creceta electr\u00f3nica interoperable\u201d. Saavedra indic\u00f3 que esta modalidad ya ha permitido la dispensaci\u00f3n de 32.470 f\u00e1rmacos a usuarios asturianos en otras regiones de Espa\u00f1a. \u201cEn estas vacaciones los asturianos pueden ya seguir\" \/>\n\t\t<meta property=\"og:url\" content=\"https:\/\/candas365.es\/noticias\/saavedra-ya-se-han-dispensado-32-470-farmacos-a-usuarios-asturianos-en-otras-regiones\/\" \/>\n\t\t<meta property=\"og:image\" content=\"https:\/\/candas365.es\/noticias\/wp-content\/uploads\/2018\/07\/medications-257336_960_720.jpg\" \/>\n\t\t<meta property=\"og:image:secure_url\" content=\"https:\/\/candas365.es\/noticias\/wp-content\/uploads\/2018\/07\/medications-257336_960_720.jpg\" \/>\n\t\t<meta property=\"og:image:width\" content=\"960\" \/>\n\t\t<meta property=\"og:image:height\" content=\"635\" \/>\n\t\t<meta property=\"article:published_time\" content=\"2018-07-23T13:22:32+00:00\" \/>\n\t\t<meta property=\"article:modified_time\" content=\"2018-07-23T13:22:32+00:00\" \/>\n\t\t<meta property=\"article:publisher\" content=\"https:\/\/www.facebook.com\/Nachofdezber\" \/>\n\t\t<meta property=\"article:author\" content=\"https:\/\/www.facebook.com\/carrenoactualidad\" \/>\n\t\t<meta name=\"twitter:card\" content=\"summary_large_image\" \/>\n\t\t<meta name=\"twitter:site\" content=\"@NabercoDigital\" \/>\n\t\t<meta name=\"twitter:title\" content=\"Saavedra: \u201cYa se han dispensado 32.470 f\u00e1rmacos a usuarios asturianos en otras regiones\u201d | Cand\u00e1s 365\" \/>\n\t\t<meta name=\"twitter:description\" content=\"La directora general de Planificaci\u00f3n Sanitaria, Concepci\u00f3n Saavedra, declar\u00f3 este lunes en rueda de prensa todos los detalles sobre la implementaci\u00f3n de la \u201creceta electr\u00f3nica interoperable\u201d. Saavedra indic\u00f3 que esta modalidad ya ha permitido la dispensaci\u00f3n de 32.470 f\u00e1rmacos a usuarios asturianos en otras regiones de Espa\u00f1a. \u201cEn estas vacaciones los asturianos pueden ya seguir\" \/>\n\t\t<meta name=\"twitter:creator\" content=\"@nbasturias\" \/>\n\t\t<meta name=\"twitter:image\" content=\"https:\/\/candas365.es\/noticias\/wp-content\/uploads\/2018\/07\/medications-257336_960_720.jpg\" \/>\n\t\t<meta name=\"twitter:label1\" content=\"Escrito por\" \/>\n\t\t<meta name=\"twitter:data1\" content=\"Cand\u00e1s 365\" \/>\n\t\t<meta name=\"twitter:label2\" content=\"Tiempo de lectura estimado\" \/>\n\t\t<meta name=\"twitter:data2\" content=\"1 minuto\" \/>\n\t\t<script type=\"application\/ld+json\" class=\"aioseo-schema\">\n\t\t\t{\"@context\":\"https:\\\/\\\/schema.org\",\"@graph\":[{\"@type\":\"BreadcrumbList\",\"@id\":\"https:\\\/\\\/candas365.es\\\/noticias\\\/saavedra-ya-se-han-dispensado-32-470-farmacos-a-usuarios-asturianos-en-otras-regiones\\\/#breadcrumblist\",\"itemListElement\":[{\"@type\":\"ListItem\",\"@id\":\"https:\\\/\\\/candas365.es\\\/noticias#listItem\",\"position\":1,\"name\":\"Home\",\"item\":\"https:\\\/\\\/candas365.es\\\/noticias\",\"nextItem\":{\"@type\":\"ListItem\",\"@id\":\"https:\\\/\\\/candas365.es\\\/noticias\\\/category\\\/asturias\\\/#listItem\",\"name\":\"Asturias\"}},{\"@type\":\"ListItem\",\"@id\":\"https:\\\/\\\/candas365.es\\\/noticias\\\/category\\\/asturias\\\/#listItem\",\"position\":2,\"name\":\"Asturias\",\"item\":\"https:\\\/\\\/candas365.es\\\/noticias\\\/category\\\/asturias\\\/\",\"nextItem\":{\"@type\":\"ListItem\",\"@id\":\"https:\\\/\\\/candas365.es\\\/noticias\\\/saavedra-ya-se-han-dispensado-32-470-farmacos-a-usuarios-asturianos-en-otras-regiones\\\/#listItem\",\"name\":\"Saavedra: \\u201cYa se han dispensado 32.470 f\\u00e1rmacos a usuarios asturianos en otras regiones\\u201d\"},\"previousItem\":{\"@type\":\"ListItem\",\"@id\":\"https:\\\/\\\/candas365.es\\\/noticias#listItem\",\"name\":\"Home\"}},{\"@type\":\"ListItem\",\"@id\":\"https:\\\/\\\/candas365.es\\\/noticias\\\/saavedra-ya-se-han-dispensado-32-470-farmacos-a-usuarios-asturianos-en-otras-regiones\\\/#listItem\",\"position\":3,\"name\":\"Saavedra: \\u201cYa se han dispensado 32.470 f\\u00e1rmacos a usuarios asturianos en otras regiones\\u201d\",\"previousItem\":{\"@type\":\"ListItem\",\"@id\":\"https:\\\/\\\/candas365.es\\\/noticias\\\/category\\\/asturias\\\/#listItem\",\"name\":\"Asturias\"}}]},{\"@type\":\"NewsArticle\",\"@id\":\"https:\\\/\\\/candas365.es\\\/noticias\\\/saavedra-ya-se-han-dispensado-32-470-farmacos-a-usuarios-asturianos-en-otras-regiones\\\/#newsarticle\",\"name\":\"Saavedra: \\u201cYa se han dispensado 32.470 f\\u00e1rmacos a usuarios asturianos en otras regiones\\u201d | Cand\\u00e1s 365\",\"headline\":\"Saavedra: \\u201cYa se han dispensado 32.470 f\\u00e1rmacos a usuarios asturianos en otras regiones\\u201d\",\"author\":{\"@id\":\"https:\\\/\\\/candas365.es\\\/noticias\\\/author\\\/admin\\\/#author\"},\"publisher\":{\"@id\":\"https:\\\/\\\/candas365.es\\\/noticias\\\/#organization\"},\"image\":{\"@type\":\"ImageObject\",\"url\":\"https:\\\/\\\/candas365.es\\\/noticias\\\/wp-content\\\/uploads\\\/2018\\\/07\\\/medications-257336_960_720.jpg\",\"width\":960,\"height\":635},\"datePublished\":\"2018-07-23T13:22:32+02:00\",\"dateModified\":\"2018-07-23T13:22:32+02:00\",\"inLanguage\":\"es-ES\",\"mainEntityOfPage\":{\"@id\":\"https:\\\/\\\/candas365.es\\\/noticias\\\/saavedra-ya-se-han-dispensado-32-470-farmacos-a-usuarios-asturianos-en-otras-regiones\\\/#webpage\"},\"isPartOf\":{\"@id\":\"https:\\\/\\\/candas365.es\\\/noticias\\\/saavedra-ya-se-han-dispensado-32-470-farmacos-a-usuarios-asturianos-en-otras-regiones\\\/#webpage\"},\"articleSection\":\"Asturias\",\"dateline\":\"Publicado el julio 23, 2018.\"},{\"@type\":\"Organization\",\"@id\":\"https:\\\/\\\/candas365.es\\\/noticias\\\/#organization\",\"name\":\"Cand\\u00e1s 365\",\"description\":\"Cand\\u00e1s 365 es un diario digital independiente, fundado en 2012, con base en Asturias. Informamos con rigor sobre actualidad, sociedad, cultura y ocio, con una mirada local y global.\",\"url\":\"https:\\\/\\\/candas365.es\\\/noticias\\\/\",\"email\":\"info@candas365.es\",\"telephone\":\"+34652131393\",\"foundingDate\":\"2012-06-10\",\"logo\":{\"@type\":\"ImageObject\",\"url\":\"https:\\\/\\\/candas365.es\\\/noticias\\\/wp-content\\\/uploads\\\/2024\\\/09\\\/Candas-365-Redes.jpg\",\"@id\":\"https:\\\/\\\/candas365.es\\\/noticias\\\/saavedra-ya-se-han-dispensado-32-470-farmacos-a-usuarios-asturianos-en-otras-regiones\\\/#organizationLogo\",\"width\":1152,\"height\":864,\"caption\":\"Cand\\u00e1s 365 Redes\"},\"image\":{\"@id\":\"https:\\\/\\\/candas365.es\\\/noticias\\\/saavedra-ya-se-han-dispensado-32-470-farmacos-a-usuarios-asturianos-en-otras-regiones\\\/#organizationLogo\"},\"sameAs\":[\"https:\\\/\\\/www.facebook.com\\\/Nachofdezber\",\"https:\\\/\\\/x.com\\\/NabercoDigital\",\"https:\\\/\\\/www.instagram.com\\\/nachofdezber\\\/\",\"https:\\\/\\\/www.youtube.com\\\/channel\\\/UCZP-2wLEB9Rv6erhFmqVnvg\"],\"address\":{\"@id\":\"https:\\\/\\\/candas365.es\\\/noticias\\\/#postaladdress\",\"@type\":\"PostalAddress\",\"streetAddress\":\"san antonio 4, san antonio 4\",\"postalCode\":\"33430\",\"addressLocality\":\"Cand\\u00e1s\",\"addressRegion\":\"Asturias\",\"addressCountry\":\"ES\"}},{\"@type\":\"Person\",\"@id\":\"https:\\\/\\\/candas365.es\\\/noticias\\\/author\\\/admin\\\/#author\",\"url\":\"https:\\\/\\\/candas365.es\\\/noticias\\\/author\\\/admin\\\/\",\"name\":\"Cand\\u00e1s 365\",\"image\":{\"@type\":\"ImageObject\",\"@id\":\"https:\\\/\\\/candas365.es\\\/noticias\\\/saavedra-ya-se-han-dispensado-32-470-farmacos-a-usuarios-asturianos-en-otras-regiones\\\/#authorImage\",\"url\":\"https:\\\/\\\/secure.gravatar.com\\\/avatar\\\/496a8e03d0c493ede1718b7934145dbdf8d89be1036b0eec9544e1094c9de390?s=96&d=mm&r=g\",\"width\":96,\"height\":96,\"caption\":\"Cand\\u00e1s 365\"},\"sameAs\":[\"https:\\\/\\\/www.facebook.com\\\/carrenoactualidad\",\"https:\\\/\\\/twitter.com\\\/nbasturias\",\"https:\\\/\\\/www.instagram.com\\\/nachofdezber\\\/\",\"https:\\\/\\\/www.youtube.com\\\/channel\\\/UCZP-2wLEB9Rv6erhFmqVnvg\"]},{\"@type\":\"WebPage\",\"@id\":\"https:\\\/\\\/candas365.es\\\/noticias\\\/saavedra-ya-se-han-dispensado-32-470-farmacos-a-usuarios-asturianos-en-otras-regiones\\\/#webpage\",\"url\":\"https:\\\/\\\/candas365.es\\\/noticias\\\/saavedra-ya-se-han-dispensado-32-470-farmacos-a-usuarios-asturianos-en-otras-regiones\\\/\",\"name\":\"Saavedra: \\u201cYa se han dispensado 32.470 f\\u00e1rmacos a usuarios asturianos en otras regiones\\u201d | Cand\\u00e1s 365\",\"description\":\"La directora general de Planificaci\\u00f3n Sanitaria, Concepci\\u00f3n Saavedra, declar\\u00f3 este lunes en rueda de prensa todos los detalles sobre la implementaci\\u00f3n de la \\u201creceta electr\\u00f3nica interoperable\\u201d. Saavedra indic\\u00f3 que esta modalidad ya ha permitido la dispensaci\\u00f3n de 32.470 f\\u00e1rmacos a usuarios asturianos en otras regiones de Espa\\u00f1a. \\u201cEn estas vacaciones los asturianos pueden ya seguir\",\"inLanguage\":\"es-ES\",\"isPartOf\":{\"@id\":\"https:\\\/\\\/candas365.es\\\/noticias\\\/#website\"},\"breadcrumb\":{\"@id\":\"https:\\\/\\\/candas365.es\\\/noticias\\\/saavedra-ya-se-han-dispensado-32-470-farmacos-a-usuarios-asturianos-en-otras-regiones\\\/#breadcrumblist\"},\"author\":{\"@id\":\"https:\\\/\\\/candas365.es\\\/noticias\\\/author\\\/admin\\\/#author\"},\"creator\":{\"@id\":\"https:\\\/\\\/candas365.es\\\/noticias\\\/author\\\/admin\\\/#author\"},\"image\":{\"@type\":\"ImageObject\",\"url\":\"https:\\\/\\\/candas365.es\\\/noticias\\\/wp-content\\\/uploads\\\/2018\\\/07\\\/medications-257336_960_720.jpg\",\"@id\":\"https:\\\/\\\/candas365.es\\\/noticias\\\/saavedra-ya-se-han-dispensado-32-470-farmacos-a-usuarios-asturianos-en-otras-regiones\\\/#mainImage\",\"width\":960,\"height\":635},\"primaryImageOfPage\":{\"@id\":\"https:\\\/\\\/candas365.es\\\/noticias\\\/saavedra-ya-se-han-dispensado-32-470-farmacos-a-usuarios-asturianos-en-otras-regiones\\\/#mainImage\"},\"datePublished\":\"2018-07-23T13:22:32+02:00\",\"dateModified\":\"2018-07-23T13:22:32+02:00\"},{\"@type\":\"WebSite\",\"@id\":\"https:\\\/\\\/candas365.es\\\/noticias\\\/#website\",\"url\":\"https:\\\/\\\/candas365.es\\\/noticias\\\/\",\"name\":\"Cand\\u00e1s 365\",\"alternateName\":\"Cand\\u00e1s 365 Noticias\",\"description\":\"Actualidad desde Carre\\u00f1o para el mundo\",\"inLanguage\":\"es-ES\",\"publisher\":{\"@id\":\"https:\\\/\\\/candas365.es\\\/noticias\\\/#organization\"}}]}\n\t\t<\/script>\n\t\t<!-- All in One SEO Pro -->\r\n\t\t<title>Saavedra: \u201cYa se han dispensado 32.470 f\u00e1rmacos a usuarios asturianos en otras regiones\u201d | Cand\u00e1s 365<\/title>\n\n","aioseo_head_json":{"title":"Saavedra: \u201cYa se han dispensado 32.470 f\u00e1rmacos a usuarios asturianos en otras regiones\u201d | Cand\u00e1s 365","description":"La directora general de Planificaci\u00f3n Sanitaria, Concepci\u00f3n Saavedra, declar\u00f3 este lunes en rueda de prensa todos los detalles sobre la implementaci\u00f3n de la \u201creceta electr\u00f3nica interoperable\u201d. Saavedra indic\u00f3 que esta modalidad ya ha permitido la dispensaci\u00f3n de 32.470 f\u00e1rmacos a usuarios asturianos en otras regiones de Espa\u00f1a. \u201cEn estas vacaciones los asturianos pueden ya seguir","canonical_url":"https:\/\/candas365.es\/noticias\/saavedra-ya-se-han-dispensado-32-470-farmacos-a-usuarios-asturianos-en-otras-regiones\/","robots":"max-image-preview:large","keywords":"asturias","webmasterTools":{"google-site-verification":"UA-32230408-1","msvalidate.01":"354F3CDFB2DA171B47FBE9ABF1F88D5","miscellaneous":""},"schema":{"@context":"https:\/\/schema.org","@graph":[{"@type":"BreadcrumbList","@id":"https:\/\/candas365.es\/noticias\/saavedra-ya-se-han-dispensado-32-470-farmacos-a-usuarios-asturianos-en-otras-regiones\/#breadcrumblist","itemListElement":[{"@type":"ListItem","@id":"https:\/\/candas365.es\/noticias#listItem","position":1,"name":"Home","item":"https:\/\/candas365.es\/noticias","nextItem":{"@type":"ListItem","@id":"https:\/\/candas365.es\/noticias\/category\/asturias\/#listItem","name":"Asturias"}},{"@type":"ListItem","@id":"https:\/\/candas365.es\/noticias\/category\/asturias\/#listItem","position":2,"name":"Asturias","item":"https:\/\/candas365.es\/noticias\/category\/asturias\/","nextItem":{"@type":"ListItem","@id":"https:\/\/candas365.es\/noticias\/saavedra-ya-se-han-dispensado-32-470-farmacos-a-usuarios-asturianos-en-otras-regiones\/#listItem","name":"Saavedra: \u201cYa se han dispensado 32.470 f\u00e1rmacos a usuarios asturianos en otras regiones\u201d"},"previousItem":{"@type":"ListItem","@id":"https:\/\/candas365.es\/noticias#listItem","name":"Home"}},{"@type":"ListItem","@id":"https:\/\/candas365.es\/noticias\/saavedra-ya-se-han-dispensado-32-470-farmacos-a-usuarios-asturianos-en-otras-regiones\/#listItem","position":3,"name":"Saavedra: \u201cYa se han dispensado 32.470 f\u00e1rmacos a usuarios asturianos en otras regiones\u201d","previousItem":{"@type":"ListItem","@id":"https:\/\/candas365.es\/noticias\/category\/asturias\/#listItem","name":"Asturias"}}]},{"@type":"NewsArticle","@id":"https:\/\/candas365.es\/noticias\/saavedra-ya-se-han-dispensado-32-470-farmacos-a-usuarios-asturianos-en-otras-regiones\/#newsarticle","name":"Saavedra: \u201cYa se han dispensado 32.470 f\u00e1rmacos a usuarios asturianos en otras regiones\u201d | Cand\u00e1s 365","headline":"Saavedra: \u201cYa se han dispensado 32.470 f\u00e1rmacos a usuarios asturianos en otras regiones\u201d","author":{"@id":"https:\/\/candas365.es\/noticias\/author\/admin\/#author"},"publisher":{"@id":"https:\/\/candas365.es\/noticias\/#organization"},"image":{"@type":"ImageObject","url":"https:\/\/candas365.es\/noticias\/wp-content\/uploads\/2018\/07\/medications-257336_960_720.jpg","width":960,"height":635},"datePublished":"2018-07-23T13:22:32+02:00","dateModified":"2018-07-23T13:22:32+02:00","inLanguage":"es-ES","mainEntityOfPage":{"@id":"https:\/\/candas365.es\/noticias\/saavedra-ya-se-han-dispensado-32-470-farmacos-a-usuarios-asturianos-en-otras-regiones\/#webpage"},"isPartOf":{"@id":"https:\/\/candas365.es\/noticias\/saavedra-ya-se-han-dispensado-32-470-farmacos-a-usuarios-asturianos-en-otras-regiones\/#webpage"},"articleSection":"Asturias","dateline":"Publicado el julio 23, 2018."},{"@type":"Organization","@id":"https:\/\/candas365.es\/noticias\/#organization","name":"Cand\u00e1s 365","description":"Cand\u00e1s 365 es un diario digital independiente, fundado en 2012, con base en Asturias. Informamos con rigor sobre actualidad, sociedad, cultura y ocio, con una mirada local y global.","url":"https:\/\/candas365.es\/noticias\/","email":"info@candas365.es","telephone":"+34652131393","foundingDate":"2012-06-10","logo":{"@type":"ImageObject","url":"https:\/\/candas365.es\/noticias\/wp-content\/uploads\/2024\/09\/Candas-365-Redes.jpg","@id":"https:\/\/candas365.es\/noticias\/saavedra-ya-se-han-dispensado-32-470-farmacos-a-usuarios-asturianos-en-otras-regiones\/#organizationLogo","width":1152,"height":864,"caption":"Cand\u00e1s 365 Redes"},"image":{"@id":"https:\/\/candas365.es\/noticias\/saavedra-ya-se-han-dispensado-32-470-farmacos-a-usuarios-asturianos-en-otras-regiones\/#organizationLogo"},"sameAs":["https:\/\/www.facebook.com\/Nachofdezber","https:\/\/x.com\/NabercoDigital","https:\/\/www.instagram.com\/nachofdezber\/","https:\/\/www.youtube.com\/channel\/UCZP-2wLEB9Rv6erhFmqVnvg"],"address":{"@id":"https:\/\/candas365.es\/noticias\/#postaladdress","@type":"PostalAddress","streetAddress":"san antonio 4, san antonio 4","postalCode":"33430","addressLocality":"Cand\u00e1s","addressRegion":"Asturias","addressCountry":"ES"}},{"@type":"Person","@id":"https:\/\/candas365.es\/noticias\/author\/admin\/#author","url":"https:\/\/candas365.es\/noticias\/author\/admin\/","name":"Cand\u00e1s 365","image":{"@type":"ImageObject","@id":"https:\/\/candas365.es\/noticias\/saavedra-ya-se-han-dispensado-32-470-farmacos-a-usuarios-asturianos-en-otras-regiones\/#authorImage","url":"https:\/\/secure.gravatar.com\/avatar\/496a8e03d0c493ede1718b7934145dbdf8d89be1036b0eec9544e1094c9de390?s=96&d=mm&r=g","width":96,"height":96,"caption":"Cand\u00e1s 365"},"sameAs":["https:\/\/www.facebook.com\/carrenoactualidad","https:\/\/twitter.com\/nbasturias","https:\/\/www.instagram.com\/nachofdezber\/","https:\/\/www.youtube.com\/channel\/UCZP-2wLEB9Rv6erhFmqVnvg"]},{"@type":"WebPage","@id":"https:\/\/candas365.es\/noticias\/saavedra-ya-se-han-dispensado-32-470-farmacos-a-usuarios-asturianos-en-otras-regiones\/#webpage","url":"https:\/\/candas365.es\/noticias\/saavedra-ya-se-han-dispensado-32-470-farmacos-a-usuarios-asturianos-en-otras-regiones\/","name":"Saavedra: \u201cYa se han dispensado 32.470 f\u00e1rmacos a usuarios asturianos en otras regiones\u201d | Cand\u00e1s 365","description":"La directora general de Planificaci\u00f3n Sanitaria, Concepci\u00f3n Saavedra, declar\u00f3 este lunes en rueda de prensa todos los detalles sobre la implementaci\u00f3n de la \u201creceta electr\u00f3nica interoperable\u201d. Saavedra indic\u00f3 que esta modalidad ya ha permitido la dispensaci\u00f3n de 32.470 f\u00e1rmacos a usuarios asturianos en otras regiones de Espa\u00f1a. \u201cEn estas vacaciones los asturianos pueden ya seguir","inLanguage":"es-ES","isPartOf":{"@id":"https:\/\/candas365.es\/noticias\/#website"},"breadcrumb":{"@id":"https:\/\/candas365.es\/noticias\/saavedra-ya-se-han-dispensado-32-470-farmacos-a-usuarios-asturianos-en-otras-regiones\/#breadcrumblist"},"author":{"@id":"https:\/\/candas365.es\/noticias\/author\/admin\/#author"},"creator":{"@id":"https:\/\/candas365.es\/noticias\/author\/admin\/#author"},"image":{"@type":"ImageObject","url":"https:\/\/candas365.es\/noticias\/wp-content\/uploads\/2018\/07\/medications-257336_960_720.jpg","@id":"https:\/\/candas365.es\/noticias\/saavedra-ya-se-han-dispensado-32-470-farmacos-a-usuarios-asturianos-en-otras-regiones\/#mainImage","width":960,"height":635},"primaryImageOfPage":{"@id":"https:\/\/candas365.es\/noticias\/saavedra-ya-se-han-dispensado-32-470-farmacos-a-usuarios-asturianos-en-otras-regiones\/#mainImage"},"datePublished":"2018-07-23T13:22:32+02:00","dateModified":"2018-07-23T13:22:32+02:00"},{"@type":"WebSite","@id":"https:\/\/candas365.es\/noticias\/#website","url":"https:\/\/candas365.es\/noticias\/","name":"Cand\u00e1s 365","alternateName":"Cand\u00e1s 365 Noticias","description":"Actualidad desde Carre\u00f1o para el mundo","inLanguage":"es-ES","publisher":{"@id":"https:\/\/candas365.es\/noticias\/#organization"}}]},"og:locale":"es_ES","og:site_name":"Cand\u00e1s 365","og:type":"article","og:title":"Saavedra: \u201cYa se han dispensado 32.470 f\u00e1rmacos a usuarios asturianos en otras regiones\u201d | Cand\u00e1s 365","og:description":"La directora general de Planificaci\u00f3n Sanitaria, Concepci\u00f3n Saavedra, declar\u00f3 este lunes en rueda de prensa todos los detalles sobre la implementaci\u00f3n de la \u201creceta electr\u00f3nica interoperable\u201d. Saavedra indic\u00f3 que esta modalidad ya ha permitido la dispensaci\u00f3n de 32.470 f\u00e1rmacos a usuarios asturianos en otras regiones de Espa\u00f1a. \u201cEn estas vacaciones los asturianos pueden ya seguir","og:url":"https:\/\/candas365.es\/noticias\/saavedra-ya-se-han-dispensado-32-470-farmacos-a-usuarios-asturianos-en-otras-regiones\/","og:image":"https:\/\/candas365.es\/noticias\/wp-content\/uploads\/2018\/07\/medications-257336_960_720.jpg","og:image:secure_url":"https:\/\/candas365.es\/noticias\/wp-content\/uploads\/2018\/07\/medications-257336_960_720.jpg","og:image:width":960,"og:image:height":635,"article:published_time":"2018-07-23T13:22:32+00:00","article:modified_time":"2018-07-23T13:22:32+00:00","article:publisher":"https:\/\/www.facebook.com\/Nachofdezber","article:author":"https:\/\/www.facebook.com\/carrenoactualidad","twitter:card":"summary_large_image","twitter:site":"@NabercoDigital","twitter:title":"Saavedra: \u201cYa se han dispensado 32.470 f\u00e1rmacos a usuarios asturianos en otras regiones\u201d | Cand\u00e1s 365","twitter:description":"La directora general de Planificaci\u00f3n Sanitaria, Concepci\u00f3n Saavedra, declar\u00f3 este lunes en rueda de prensa todos los detalles sobre la implementaci\u00f3n de la \u201creceta electr\u00f3nica interoperable\u201d. Saavedra indic\u00f3 que esta modalidad ya ha permitido la dispensaci\u00f3n de 32.470 f\u00e1rmacos a usuarios asturianos en otras regiones de Espa\u00f1a. \u201cEn estas vacaciones los asturianos pueden ya seguir","twitter:creator":"@nbasturias","twitter:image":"https:\/\/candas365.es\/noticias\/wp-content\/uploads\/2018\/07\/medications-257336_960_720.jpg","twitter:label1":"Escrito por","twitter:data1":"Cand\u00e1s 365","twitter:label2":"Tiempo de lectura estimado","twitter:data2":"1 minuto"},"aioseo_meta_data":{"post_id":"101002","title":null,"description":null,"keywords":null,"keyphrases":null,"primary_term":null,"canonical_url":null,"og_title":null,"og_description":null,"og_object_type":"default","og_image_type":"default","og_image_url":null,"og_image_width":null,"og_image_height":null,"og_image_custom_url":null,"og_image_custom_fields":null,"og_video":null,"og_custom_url":null,"og_article_section":null,"og_article_tags":null,"twitter_use_og":false,"twitter_card":"default","twitter_image_type":"default","twitter_image_url":null,"twitter_image_custom_url":null,"twitter_image_custom_fields":null,"twitter_title":null,"twitter_description":null,"schema":{"blockGraphs":[],"customGraphs":[],"default":{"data":{"Article":[],"Course":[],"Dataset":[],"FAQPage":[],"Movie":[],"Person":[],"Product":[],"ProductReview":[],"Car":[],"Recipe":[],"Service":[],"SoftwareApplication":[],"WebPage":[]},"graphName":"","isEnabled":true},"graphs":[],"defaultGraph":"","defaultPostTypeGraph":""},"schema_type":null,"schema_type_options":null,"pillar_content":false,"robots_default":true,"robots_noindex":false,"robots_noarchive":false,"robots_nosnippet":false,"robots_nofollow":false,"robots_noimageindex":false,"robots_noodp":false,"robots_notranslate":false,"robots_max_snippet":null,"robots_max_videopreview":null,"robots_max_imagepreview":"large","priority":null,"frequency":null,"location":null,"local_seo":null,"seo_analyzer_scan_date":"2025-08-27 10:20:19","breadcrumb_settings":null,"limit_modified_date":false,"reviewed_by":null,"open_ai":null,"ai":null,"created":"2020-12-21 11:48:22","updated":"2025-08-27 10:20:19"},"aioseo_breadcrumb":"<div class=\"aioseo-breadcrumbs\"><span class=\"aioseo-breadcrumb\">\n\t<a href=\"https:\/\/candas365.es\/noticias\" title=\"Home\">Home<\/a>\n<\/span><span class=\"aioseo-breadcrumb-separator\">&ndash;<\/span><span class=\"aioseo-breadcrumb\">\n\t<a href=\"https:\/\/candas365.es\/noticias\/category\/asturias\/\" title=\"Asturias\">Asturias<\/a>\n<\/span><span class=\"aioseo-breadcrumb-separator\">&ndash;<\/span><span class=\"aioseo-breadcrumb\">\n\tSaavedra: \u201cYa se han dispensado 32.470 f\u00e1rmacos a usuarios asturianos en otras regiones\u201d\n<\/span><\/div>","aioseo_breadcrumb_json":[{"label":"Home","link":"https:\/\/candas365.es\/noticias"},{"label":"Asturias","link":"https:\/\/candas365.es\/noticias\/category\/asturias\/"},{"label":"Saavedra: \u201cYa se han dispensado 32.470 f\u00e1rmacos a usuarios asturianos en otras regiones\u201d","link":"https:\/\/candas365.es\/noticias\/saavedra-ya-se-han-dispensado-32-470-farmacos-a-usuarios-asturianos-en-otras-regiones\/"}],"_links":{"self":[{"href":"https:\/\/candas365.es\/noticias\/wp-json\/wp\/v2\/posts\/101002","targetHints":{"allow":["GET"]}}],"collection":[{"href":"https:\/\/candas365.es\/noticias\/wp-json\/wp\/v2\/posts"}],"about":[{"href":"https:\/\/candas365.es\/noticias\/wp-json\/wp\/v2\/types\/post"}],"author":[{"embeddable":true,"href":"https:\/\/candas365.es\/noticias\/wp-json\/wp\/v2\/users\/1"}],"replies":[{"embeddable":true,"href":"https:\/\/candas365.es\/noticias\/wp-json\/wp\/v2\/comments?post=101002"}],"version-history":[{"count":0,"href":"https:\/\/candas365.es\/noticias\/wp-json\/wp\/v2\/posts\/101002\/revisions"}],"wp:featuredmedia":[{"embeddable":true,"href":"https:\/\/candas365.es\/noticias\/wp-json\/wp\/v2\/media\/101003"}],"wp:attachment":[{"href":"https:\/\/candas365.es\/noticias\/wp-json\/wp\/v2\/media?parent=101002"}],"wp:term":[{"taxonomy":"category","embeddable":true,"href":"https:\/\/candas365.es\/noticias\/wp-json\/wp\/v2\/categories?post=101002"},{"taxonomy":"post_tag","embeddable":true,"href":"https:\/\/candas365.es\/noticias\/wp-json\/wp\/v2\/tags?post=101002"}],"curies":[{"name":"wp","href":"https:\/\/api.w.org\/{rel}","templated":true}]}}