{"id":100945,"date":"2018-07-22T15:38:07","date_gmt":"2018-07-22T15:38:07","guid":{"rendered":"http:\/\/candas365.es\/noticias\/?p=100945"},"modified":"2018-07-22T15:39:21","modified_gmt":"2018-07-22T15:39:21","slug":"aprobado-el-proyecto-de-ley-de-participacion-y-promocion-juvenil","status":"publish","type":"post","link":"https:\/\/candas365.es\/noticias\/aprobado-el-proyecto-de-ley-de-participacion-y-promocion-juvenil\/","title":{"rendered":"Aprobado el proyecto de Ley de Participaci\u00f3n y Promoci\u00f3n Juvenil"},"content":{"rendered":"<p><img fetchpriority=\"high\" decoding=\"async\" class=\"alignleft size-medium wp-image-100946\" src=\"https:\/\/candas365.es\/noticias\/wp-content\/uploads\/2018\/07\/people-2557396_960_720-360x240.jpg\" alt=\"\" width=\"360\" height=\"240\" srcset=\"https:\/\/candas365.es\/noticias\/wp-content\/uploads\/2018\/07\/people-2557396_960_720-360x240.jpg 360w, https:\/\/candas365.es\/noticias\/wp-content\/uploads\/2018\/07\/people-2557396_960_720-768x512.jpg 768w, https:\/\/candas365.es\/noticias\/wp-content\/uploads\/2018\/07\/people-2557396_960_720-655x437.jpg 655w, https:\/\/candas365.es\/noticias\/wp-content\/uploads\/2018\/07\/people-2557396_960_720-696x464.jpg 696w, https:\/\/candas365.es\/noticias\/wp-content\/uploads\/2018\/07\/people-2557396_960_720-630x420.jpg 630w, https:\/\/candas365.es\/noticias\/wp-content\/uploads\/2018\/07\/people-2557396_960_720.jpg 960w\" sizes=\"(max-width: 360px) 100vw, 360px\" \/>El Gobierno de Asturias ha aprobado esta semana el proyecto de ley de Participaci\u00f3n y Promoci\u00f3n Juvenil, que regula las actividades de las escuelas de animaci\u00f3n infantil y juvenil, as\u00ed como aquellas que se realizan al aire libre como campamentos urbanos y de verano, colonias y acampadas itinerantes. Adem\u00e1s, el Principado garantiza con esta normativa el mantenimiento de los programas de apoyo a favor de la juventud que desarrolla desde hace a\u00f1os y la consolidaci\u00f3n de las entidades representativas del movimiento asociativo.<\/p>\n<p>El documento es fruto del consenso y las aportaciones de los diferentes agentes involucrados en las pol\u00edticas juveniles que forman parte del Consejo Rector de Juventud, cuya visi\u00f3n y conocimiento de la realidad han enriquecido su articulado. El texto cuenta con 7 t\u00edtulos, 71 art\u00edculos, 3 disposiciones adicionales, 3 transitorias, una derogatoria y 3 finales, y aporta las siguientes novedades:<\/p>\n<p>&#8211; Reconoce el papel del Consejo de la Juventud y preserva su condici\u00f3n de organismo aut\u00f3nomo adscrito a la Consejer\u00eda de Presidencia y Participaci\u00f3n Ciudadana, adem\u00e1s de respetar su personalidad jur\u00eddica, su capacidad de decisi\u00f3n y sus \u00f3rganos de gobierno.<\/p>\n<p>&#8211; Garantiza la continuidad de la Red de Oficinas J\u00f3venes como herramienta clave para promover la participaci\u00f3n en el territorio, al tiempo que reconoce su condici\u00f3n de servicio p\u00fablico y gratuito de informaci\u00f3n y asesoramiento.<\/p>\n<p>&#8211; Define el concepto de instalaciones juveniles y sus tipolog\u00edas: albergues, residencias, casas de la juventud, granjas escuelas y aulas de la naturaleza, y establece las bases para su funcionamiento.<\/p>\n<p>&#8211; Regula las actividades de las escuelas de animaci\u00f3n infantil y juvenil, y de aquellas que se realizan al aire libre como los campamentos urbanos y de verano, las colonias y las acampadas itinerantes.<\/p>\n<p>&#8211; Crea un cuerpo de inspecci\u00f3n para garantizar el cumplimiento de la ley y velar por el correcto funcionamiento del sector de actividades de ocio y tiempo libre, impidiendo el intrusismo y las malas pr\u00e1cticas.<\/p>\n<p>&#8211; Establece un r\u00e9gimen sancionador para las actividades de ocio y tiempo libre.<\/p>\n<p>&#8211; Profundiza en la definici\u00f3n de las pol\u00edticas de juventud y afianza su car\u00e1cter integral y transversal, de tal manera que el Gobierno debe contribuir a mejorar la empleabilidad y el acceso a la vivienda de los j\u00f3venes, a facilitar su derecho a la informaci\u00f3n y a una educaci\u00f3n p\u00fablica que fomente valores c\u00edvicos y democr\u00e1ticos, y a impulsar la igualdad y la solidaridad.<\/p>\n<p>El anteproyecto reafirma el car\u00e1cter transversal de las pol\u00edticas de promoci\u00f3n juvenil, impulsa el compromiso del Gobierno de Asturias con el sector m\u00e1s joven de la poblaci\u00f3n mediante la regulaci\u00f3n de algunas materias que actualmente carecen de marco normativo y eleva a rango de ley algunas de sus pol\u00edticas, como el respaldo al movimiento asociativo y a sus entidades representativas. Este apoyo ya se concret\u00f3 al inicio de esta legislatura con la recuperaci\u00f3n del Instituto Asturiano de la Juventud y el fortalecimiento de su consejo rector; el mantenimiento del soporte presupuestario a los consejos de la juventud y a la red de oficinas j\u00f3venes municipales, y la mejora de programas como Culturaqu\u00ed, que este a\u00f1o cumple su vig\u00e9sima novena edici\u00f3n.<\/p>\n<p>El Principado ha destinado a estas pol\u00edticas cerca de 21 millones desde 2013, de los que 2,6 han financiado programas e intervenciones de apoyo al movimiento asociativo y han permitido consolidar los instrumentos de participaci\u00f3n de esta poblaci\u00f3n.<\/p>\n","protected":false},"excerpt":{"rendered":"<p>El Gobierno de Asturias ha aprobado esta semana el proyecto de ley de Participaci\u00f3n y Promoci\u00f3n Juvenil, que regula las actividades de las escuelas de animaci\u00f3n infantil y juvenil, as\u00ed como aquellas que se realizan al aire libre como campamentos urbanos y de verano, colonias y acampadas itinerantes. Adem\u00e1s, el Principado garantiza con esta normativa<\/p>\n","protected":false},"author":1,"featured_media":100946,"comment_status":"closed","ping_status":"closed","sticky":false,"template":"","format":"standard","meta":{"footnotes":""},"categories":[7],"tags":[],"class_list":{"0":"post-100945","1":"post","2":"type-post","3":"status-publish","4":"format-standard","5":"has-post-thumbnail","7":"category-asturias"},"aioseo_notices":[],"aioseo_head":"\n\t\t<!-- All in One SEO Pro 4.9.6.2 - aioseo.com -->\n\t<meta name=\"description\" content=\"El Gobierno de Asturias ha aprobado esta semana el proyecto de ley de Participaci\u00f3n y Promoci\u00f3n Juvenil, que regula las actividades de las escuelas de animaci\u00f3n infantil y juvenil, as\u00ed como aquellas que se realizan al aire libre como campamentos urbanos y de verano, colonias y acampadas itinerantes. Adem\u00e1s, el Principado garantiza con esta normativa\" \/>\n\t<meta name=\"robots\" content=\"max-image-preview:large\" \/>\n\t<meta name=\"author\" content=\"Cand\u00e1s 365\"\/>\n\t<meta name=\"google-site-verification\" content=\"UA-32230408-1\" \/>\n\t<meta name=\"msvalidate.01\" content=\"354F3CDFB2DA171B47FBE9ABF1F88D5\" \/>\n\t<meta name=\"keywords\" content=\"asturias\" \/>\n\t<link rel=\"canonical\" href=\"https:\/\/candas365.es\/noticias\/aprobado-el-proyecto-de-ley-de-participacion-y-promocion-juvenil\/\" \/>\n\t<meta name=\"generator\" content=\"All in One SEO Pro (AIOSEO) 4.9.6.2\" \/>\n\t\t<meta property=\"og:locale\" content=\"es_ES\" \/>\n\t\t<meta property=\"og:site_name\" content=\"Cand\u00e1s 365\" \/>\n\t\t<meta property=\"og:type\" content=\"article\" \/>\n\t\t<meta property=\"og:title\" content=\"Aprobado el proyecto de Ley de Participaci\u00f3n y Promoci\u00f3n Juvenil | Cand\u00e1s 365\" \/>\n\t\t<meta property=\"og:description\" content=\"El Gobierno de Asturias ha aprobado esta semana el proyecto de ley de Participaci\u00f3n y Promoci\u00f3n Juvenil, que regula las actividades de las escuelas de animaci\u00f3n infantil y juvenil, as\u00ed como aquellas que se realizan al aire libre como campamentos urbanos y de verano, colonias y acampadas itinerantes. Adem\u00e1s, el Principado garantiza con esta normativa\" \/>\n\t\t<meta property=\"og:url\" content=\"https:\/\/candas365.es\/noticias\/aprobado-el-proyecto-de-ley-de-participacion-y-promocion-juvenil\/\" \/>\n\t\t<meta property=\"og:image\" content=\"https:\/\/candas365.es\/noticias\/wp-content\/uploads\/2018\/07\/people-2557396_960_720.jpg\" \/>\n\t\t<meta property=\"og:image:secure_url\" content=\"https:\/\/candas365.es\/noticias\/wp-content\/uploads\/2018\/07\/people-2557396_960_720.jpg\" \/>\n\t\t<meta property=\"og:image:width\" content=\"960\" \/>\n\t\t<meta property=\"og:image:height\" content=\"640\" \/>\n\t\t<meta property=\"article:published_time\" content=\"2018-07-22T15:38:07+00:00\" \/>\n\t\t<meta property=\"article:modified_time\" content=\"2018-07-22T15:39:21+00:00\" \/>\n\t\t<meta property=\"article:publisher\" content=\"https:\/\/www.facebook.com\/Nachofdezber\" \/>\n\t\t<meta property=\"article:author\" content=\"https:\/\/www.facebook.com\/carrenoactualidad\" \/>\n\t\t<meta name=\"twitter:card\" content=\"summary_large_image\" \/>\n\t\t<meta name=\"twitter:site\" content=\"@NabercoDigital\" \/>\n\t\t<meta name=\"twitter:title\" content=\"Aprobado el proyecto de Ley de Participaci\u00f3n y Promoci\u00f3n Juvenil | Cand\u00e1s 365\" \/>\n\t\t<meta name=\"twitter:description\" content=\"El Gobierno de Asturias ha aprobado esta semana el proyecto de ley de Participaci\u00f3n y Promoci\u00f3n Juvenil, que regula las actividades de las escuelas de animaci\u00f3n infantil y juvenil, as\u00ed como aquellas que se realizan al aire libre como campamentos urbanos y de verano, colonias y acampadas itinerantes. Adem\u00e1s, el Principado garantiza con esta normativa\" \/>\n\t\t<meta name=\"twitter:creator\" content=\"@nbasturias\" \/>\n\t\t<meta name=\"twitter:image\" content=\"https:\/\/candas365.es\/noticias\/wp-content\/uploads\/2018\/07\/people-2557396_960_720.jpg\" \/>\n\t\t<meta name=\"twitter:label1\" content=\"Escrito por\" \/>\n\t\t<meta name=\"twitter:data1\" content=\"Cand\u00e1s 365\" \/>\n\t\t<meta name=\"twitter:label2\" content=\"Tiempo de lectura estimado\" \/>\n\t\t<meta name=\"twitter:data2\" content=\"3 minutos\" \/>\n\t\t<script type=\"application\/ld+json\" class=\"aioseo-schema\">\n\t\t\t{\"@context\":\"https:\\\/\\\/schema.org\",\"@graph\":[{\"@type\":\"BreadcrumbList\",\"@id\":\"https:\\\/\\\/candas365.es\\\/noticias\\\/aprobado-el-proyecto-de-ley-de-participacion-y-promocion-juvenil\\\/#breadcrumblist\",\"itemListElement\":[{\"@type\":\"ListItem\",\"@id\":\"https:\\\/\\\/candas365.es\\\/noticias#listItem\",\"position\":1,\"name\":\"Home\",\"item\":\"https:\\\/\\\/candas365.es\\\/noticias\",\"nextItem\":{\"@type\":\"ListItem\",\"@id\":\"https:\\\/\\\/candas365.es\\\/noticias\\\/category\\\/asturias\\\/#listItem\",\"name\":\"Asturias\"}},{\"@type\":\"ListItem\",\"@id\":\"https:\\\/\\\/candas365.es\\\/noticias\\\/category\\\/asturias\\\/#listItem\",\"position\":2,\"name\":\"Asturias\",\"item\":\"https:\\\/\\\/candas365.es\\\/noticias\\\/category\\\/asturias\\\/\",\"nextItem\":{\"@type\":\"ListItem\",\"@id\":\"https:\\\/\\\/candas365.es\\\/noticias\\\/aprobado-el-proyecto-de-ley-de-participacion-y-promocion-juvenil\\\/#listItem\",\"name\":\"Aprobado el proyecto de Ley de Participaci\\u00f3n y Promoci\\u00f3n Juvenil\"},\"previousItem\":{\"@type\":\"ListItem\",\"@id\":\"https:\\\/\\\/candas365.es\\\/noticias#listItem\",\"name\":\"Home\"}},{\"@type\":\"ListItem\",\"@id\":\"https:\\\/\\\/candas365.es\\\/noticias\\\/aprobado-el-proyecto-de-ley-de-participacion-y-promocion-juvenil\\\/#listItem\",\"position\":3,\"name\":\"Aprobado el proyecto de Ley de Participaci\\u00f3n y Promoci\\u00f3n Juvenil\",\"previousItem\":{\"@type\":\"ListItem\",\"@id\":\"https:\\\/\\\/candas365.es\\\/noticias\\\/category\\\/asturias\\\/#listItem\",\"name\":\"Asturias\"}}]},{\"@type\":\"NewsArticle\",\"@id\":\"https:\\\/\\\/candas365.es\\\/noticias\\\/aprobado-el-proyecto-de-ley-de-participacion-y-promocion-juvenil\\\/#newsarticle\",\"name\":\"Aprobado el proyecto de Ley de Participaci\\u00f3n y Promoci\\u00f3n Juvenil | Cand\\u00e1s 365\",\"headline\":\"Aprobado el proyecto de Ley de Participaci\\u00f3n y Promoci\\u00f3n Juvenil\",\"author\":{\"@id\":\"https:\\\/\\\/candas365.es\\\/noticias\\\/author\\\/admin\\\/#author\"},\"publisher\":{\"@id\":\"https:\\\/\\\/candas365.es\\\/noticias\\\/#organization\"},\"image\":{\"@type\":\"ImageObject\",\"url\":\"https:\\\/\\\/candas365.es\\\/noticias\\\/wp-content\\\/uploads\\\/2018\\\/07\\\/people-2557396_960_720.jpg\",\"width\":960,\"height\":640},\"datePublished\":\"2018-07-22T15:38:07+02:00\",\"dateModified\":\"2018-07-22T15:39:21+02:00\",\"inLanguage\":\"es-ES\",\"mainEntityOfPage\":{\"@id\":\"https:\\\/\\\/candas365.es\\\/noticias\\\/aprobado-el-proyecto-de-ley-de-participacion-y-promocion-juvenil\\\/#webpage\"},\"isPartOf\":{\"@id\":\"https:\\\/\\\/candas365.es\\\/noticias\\\/aprobado-el-proyecto-de-ley-de-participacion-y-promocion-juvenil\\\/#webpage\"},\"articleSection\":\"Asturias\",\"dateline\":\"Publicado el julio 22, 2018.\"},{\"@type\":\"Organization\",\"@id\":\"https:\\\/\\\/candas365.es\\\/noticias\\\/#organization\",\"name\":\"Cand\\u00e1s 365\",\"description\":\"Cand\\u00e1s 365 es un diario digital independiente, fundado en 2012, con base en Asturias. Informamos con rigor sobre actualidad, sociedad, cultura y ocio, con una mirada local y global.\",\"url\":\"https:\\\/\\\/candas365.es\\\/noticias\\\/\",\"email\":\"info@candas365.es\",\"telephone\":\"+34652131393\",\"foundingDate\":\"2012-06-10\",\"logo\":{\"@type\":\"ImageObject\",\"url\":\"https:\\\/\\\/candas365.es\\\/noticias\\\/wp-content\\\/uploads\\\/2024\\\/09\\\/Candas-365-Redes.jpg\",\"@id\":\"https:\\\/\\\/candas365.es\\\/noticias\\\/aprobado-el-proyecto-de-ley-de-participacion-y-promocion-juvenil\\\/#organizationLogo\",\"width\":1152,\"height\":864,\"caption\":\"Cand\\u00e1s 365 Redes\"},\"image\":{\"@id\":\"https:\\\/\\\/candas365.es\\\/noticias\\\/aprobado-el-proyecto-de-ley-de-participacion-y-promocion-juvenil\\\/#organizationLogo\"},\"sameAs\":[\"https:\\\/\\\/www.facebook.com\\\/Nachofdezber\",\"https:\\\/\\\/x.com\\\/NabercoDigital\",\"https:\\\/\\\/www.instagram.com\\\/nachofdezber\\\/\",\"https:\\\/\\\/www.youtube.com\\\/channel\\\/UCZP-2wLEB9Rv6erhFmqVnvg\"],\"address\":{\"@id\":\"https:\\\/\\\/candas365.es\\\/noticias\\\/#postaladdress\",\"@type\":\"PostalAddress\",\"streetAddress\":\"san antonio 4, san antonio 4\",\"postalCode\":\"33430\",\"addressLocality\":\"Cand\\u00e1s\",\"addressRegion\":\"Asturias\",\"addressCountry\":\"ES\"}},{\"@type\":\"Person\",\"@id\":\"https:\\\/\\\/candas365.es\\\/noticias\\\/author\\\/admin\\\/#author\",\"url\":\"https:\\\/\\\/candas365.es\\\/noticias\\\/author\\\/admin\\\/\",\"name\":\"Cand\\u00e1s 365\",\"image\":{\"@type\":\"ImageObject\",\"@id\":\"https:\\\/\\\/candas365.es\\\/noticias\\\/aprobado-el-proyecto-de-ley-de-participacion-y-promocion-juvenil\\\/#authorImage\",\"url\":\"https:\\\/\\\/secure.gravatar.com\\\/avatar\\\/496a8e03d0c493ede1718b7934145dbdf8d89be1036b0eec9544e1094c9de390?s=96&d=mm&r=g\",\"width\":96,\"height\":96,\"caption\":\"Cand\\u00e1s 365\"},\"sameAs\":[\"https:\\\/\\\/www.facebook.com\\\/carrenoactualidad\",\"https:\\\/\\\/twitter.com\\\/nbasturias\",\"https:\\\/\\\/www.instagram.com\\\/nachofdezber\\\/\",\"https:\\\/\\\/www.youtube.com\\\/channel\\\/UCZP-2wLEB9Rv6erhFmqVnvg\"]},{\"@type\":\"WebPage\",\"@id\":\"https:\\\/\\\/candas365.es\\\/noticias\\\/aprobado-el-proyecto-de-ley-de-participacion-y-promocion-juvenil\\\/#webpage\",\"url\":\"https:\\\/\\\/candas365.es\\\/noticias\\\/aprobado-el-proyecto-de-ley-de-participacion-y-promocion-juvenil\\\/\",\"name\":\"Aprobado el proyecto de Ley de Participaci\\u00f3n y Promoci\\u00f3n Juvenil | Cand\\u00e1s 365\",\"description\":\"El Gobierno de Asturias ha aprobado esta semana el proyecto de ley de Participaci\\u00f3n y Promoci\\u00f3n Juvenil, que regula las actividades de las escuelas de animaci\\u00f3n infantil y juvenil, as\\u00ed como aquellas que se realizan al aire libre como campamentos urbanos y de verano, colonias y acampadas itinerantes. Adem\\u00e1s, el Principado garantiza con esta normativa\",\"inLanguage\":\"es-ES\",\"isPartOf\":{\"@id\":\"https:\\\/\\\/candas365.es\\\/noticias\\\/#website\"},\"breadcrumb\":{\"@id\":\"https:\\\/\\\/candas365.es\\\/noticias\\\/aprobado-el-proyecto-de-ley-de-participacion-y-promocion-juvenil\\\/#breadcrumblist\"},\"author\":{\"@id\":\"https:\\\/\\\/candas365.es\\\/noticias\\\/author\\\/admin\\\/#author\"},\"creator\":{\"@id\":\"https:\\\/\\\/candas365.es\\\/noticias\\\/author\\\/admin\\\/#author\"},\"image\":{\"@type\":\"ImageObject\",\"url\":\"https:\\\/\\\/candas365.es\\\/noticias\\\/wp-content\\\/uploads\\\/2018\\\/07\\\/people-2557396_960_720.jpg\",\"@id\":\"https:\\\/\\\/candas365.es\\\/noticias\\\/aprobado-el-proyecto-de-ley-de-participacion-y-promocion-juvenil\\\/#mainImage\",\"width\":960,\"height\":640},\"primaryImageOfPage\":{\"@id\":\"https:\\\/\\\/candas365.es\\\/noticias\\\/aprobado-el-proyecto-de-ley-de-participacion-y-promocion-juvenil\\\/#mainImage\"},\"datePublished\":\"2018-07-22T15:38:07+02:00\",\"dateModified\":\"2018-07-22T15:39:21+02:00\"},{\"@type\":\"WebSite\",\"@id\":\"https:\\\/\\\/candas365.es\\\/noticias\\\/#website\",\"url\":\"https:\\\/\\\/candas365.es\\\/noticias\\\/\",\"name\":\"Cand\\u00e1s 365\",\"alternateName\":\"Cand\\u00e1s 365 Noticias\",\"description\":\"Actualidad desde Carre\\u00f1o para el mundo\",\"inLanguage\":\"es-ES\",\"publisher\":{\"@id\":\"https:\\\/\\\/candas365.es\\\/noticias\\\/#organization\"}}]}\n\t\t<\/script>\n\t\t<!-- All in One SEO Pro -->\r\n\t\t<title>Aprobado el proyecto de Ley de Participaci\u00f3n y Promoci\u00f3n Juvenil | Cand\u00e1s 365<\/title>\n\n","aioseo_head_json":{"title":"Aprobado el proyecto de Ley de Participaci\u00f3n y Promoci\u00f3n Juvenil | Cand\u00e1s 365","description":"El Gobierno de Asturias ha aprobado esta semana el proyecto de ley de Participaci\u00f3n y Promoci\u00f3n Juvenil, que regula las actividades de las escuelas de animaci\u00f3n infantil y juvenil, as\u00ed como aquellas que se realizan al aire libre como campamentos urbanos y de verano, colonias y acampadas itinerantes. Adem\u00e1s, el Principado garantiza con esta normativa","canonical_url":"https:\/\/candas365.es\/noticias\/aprobado-el-proyecto-de-ley-de-participacion-y-promocion-juvenil\/","robots":"max-image-preview:large","keywords":"asturias","webmasterTools":{"google-site-verification":"UA-32230408-1","msvalidate.01":"354F3CDFB2DA171B47FBE9ABF1F88D5","miscellaneous":""},"schema":{"@context":"https:\/\/schema.org","@graph":[{"@type":"BreadcrumbList","@id":"https:\/\/candas365.es\/noticias\/aprobado-el-proyecto-de-ley-de-participacion-y-promocion-juvenil\/#breadcrumblist","itemListElement":[{"@type":"ListItem","@id":"https:\/\/candas365.es\/noticias#listItem","position":1,"name":"Home","item":"https:\/\/candas365.es\/noticias","nextItem":{"@type":"ListItem","@id":"https:\/\/candas365.es\/noticias\/category\/asturias\/#listItem","name":"Asturias"}},{"@type":"ListItem","@id":"https:\/\/candas365.es\/noticias\/category\/asturias\/#listItem","position":2,"name":"Asturias","item":"https:\/\/candas365.es\/noticias\/category\/asturias\/","nextItem":{"@type":"ListItem","@id":"https:\/\/candas365.es\/noticias\/aprobado-el-proyecto-de-ley-de-participacion-y-promocion-juvenil\/#listItem","name":"Aprobado el proyecto de Ley de Participaci\u00f3n y Promoci\u00f3n Juvenil"},"previousItem":{"@type":"ListItem","@id":"https:\/\/candas365.es\/noticias#listItem","name":"Home"}},{"@type":"ListItem","@id":"https:\/\/candas365.es\/noticias\/aprobado-el-proyecto-de-ley-de-participacion-y-promocion-juvenil\/#listItem","position":3,"name":"Aprobado el proyecto de Ley de Participaci\u00f3n y Promoci\u00f3n Juvenil","previousItem":{"@type":"ListItem","@id":"https:\/\/candas365.es\/noticias\/category\/asturias\/#listItem","name":"Asturias"}}]},{"@type":"NewsArticle","@id":"https:\/\/candas365.es\/noticias\/aprobado-el-proyecto-de-ley-de-participacion-y-promocion-juvenil\/#newsarticle","name":"Aprobado el proyecto de Ley de Participaci\u00f3n y Promoci\u00f3n Juvenil | Cand\u00e1s 365","headline":"Aprobado el proyecto de Ley de Participaci\u00f3n y Promoci\u00f3n Juvenil","author":{"@id":"https:\/\/candas365.es\/noticias\/author\/admin\/#author"},"publisher":{"@id":"https:\/\/candas365.es\/noticias\/#organization"},"image":{"@type":"ImageObject","url":"https:\/\/candas365.es\/noticias\/wp-content\/uploads\/2018\/07\/people-2557396_960_720.jpg","width":960,"height":640},"datePublished":"2018-07-22T15:38:07+02:00","dateModified":"2018-07-22T15:39:21+02:00","inLanguage":"es-ES","mainEntityOfPage":{"@id":"https:\/\/candas365.es\/noticias\/aprobado-el-proyecto-de-ley-de-participacion-y-promocion-juvenil\/#webpage"},"isPartOf":{"@id":"https:\/\/candas365.es\/noticias\/aprobado-el-proyecto-de-ley-de-participacion-y-promocion-juvenil\/#webpage"},"articleSection":"Asturias","dateline":"Publicado el julio 22, 2018."},{"@type":"Organization","@id":"https:\/\/candas365.es\/noticias\/#organization","name":"Cand\u00e1s 365","description":"Cand\u00e1s 365 es un diario digital independiente, fundado en 2012, con base en Asturias. Informamos con rigor sobre actualidad, sociedad, cultura y ocio, con una mirada local y global.","url":"https:\/\/candas365.es\/noticias\/","email":"info@candas365.es","telephone":"+34652131393","foundingDate":"2012-06-10","logo":{"@type":"ImageObject","url":"https:\/\/candas365.es\/noticias\/wp-content\/uploads\/2024\/09\/Candas-365-Redes.jpg","@id":"https:\/\/candas365.es\/noticias\/aprobado-el-proyecto-de-ley-de-participacion-y-promocion-juvenil\/#organizationLogo","width":1152,"height":864,"caption":"Cand\u00e1s 365 Redes"},"image":{"@id":"https:\/\/candas365.es\/noticias\/aprobado-el-proyecto-de-ley-de-participacion-y-promocion-juvenil\/#organizationLogo"},"sameAs":["https:\/\/www.facebook.com\/Nachofdezber","https:\/\/x.com\/NabercoDigital","https:\/\/www.instagram.com\/nachofdezber\/","https:\/\/www.youtube.com\/channel\/UCZP-2wLEB9Rv6erhFmqVnvg"],"address":{"@id":"https:\/\/candas365.es\/noticias\/#postaladdress","@type":"PostalAddress","streetAddress":"san antonio 4, san antonio 4","postalCode":"33430","addressLocality":"Cand\u00e1s","addressRegion":"Asturias","addressCountry":"ES"}},{"@type":"Person","@id":"https:\/\/candas365.es\/noticias\/author\/admin\/#author","url":"https:\/\/candas365.es\/noticias\/author\/admin\/","name":"Cand\u00e1s 365","image":{"@type":"ImageObject","@id":"https:\/\/candas365.es\/noticias\/aprobado-el-proyecto-de-ley-de-participacion-y-promocion-juvenil\/#authorImage","url":"https:\/\/secure.gravatar.com\/avatar\/496a8e03d0c493ede1718b7934145dbdf8d89be1036b0eec9544e1094c9de390?s=96&d=mm&r=g","width":96,"height":96,"caption":"Cand\u00e1s 365"},"sameAs":["https:\/\/www.facebook.com\/carrenoactualidad","https:\/\/twitter.com\/nbasturias","https:\/\/www.instagram.com\/nachofdezber\/","https:\/\/www.youtube.com\/channel\/UCZP-2wLEB9Rv6erhFmqVnvg"]},{"@type":"WebPage","@id":"https:\/\/candas365.es\/noticias\/aprobado-el-proyecto-de-ley-de-participacion-y-promocion-juvenil\/#webpage","url":"https:\/\/candas365.es\/noticias\/aprobado-el-proyecto-de-ley-de-participacion-y-promocion-juvenil\/","name":"Aprobado el proyecto de Ley de Participaci\u00f3n y Promoci\u00f3n Juvenil | Cand\u00e1s 365","description":"El Gobierno de Asturias ha aprobado esta semana el proyecto de ley de Participaci\u00f3n y Promoci\u00f3n Juvenil, que regula las actividades de las escuelas de animaci\u00f3n infantil y juvenil, as\u00ed como aquellas que se realizan al aire libre como campamentos urbanos y de verano, colonias y acampadas itinerantes. Adem\u00e1s, el Principado garantiza con esta normativa","inLanguage":"es-ES","isPartOf":{"@id":"https:\/\/candas365.es\/noticias\/#website"},"breadcrumb":{"@id":"https:\/\/candas365.es\/noticias\/aprobado-el-proyecto-de-ley-de-participacion-y-promocion-juvenil\/#breadcrumblist"},"author":{"@id":"https:\/\/candas365.es\/noticias\/author\/admin\/#author"},"creator":{"@id":"https:\/\/candas365.es\/noticias\/author\/admin\/#author"},"image":{"@type":"ImageObject","url":"https:\/\/candas365.es\/noticias\/wp-content\/uploads\/2018\/07\/people-2557396_960_720.jpg","@id":"https:\/\/candas365.es\/noticias\/aprobado-el-proyecto-de-ley-de-participacion-y-promocion-juvenil\/#mainImage","width":960,"height":640},"primaryImageOfPage":{"@id":"https:\/\/candas365.es\/noticias\/aprobado-el-proyecto-de-ley-de-participacion-y-promocion-juvenil\/#mainImage"},"datePublished":"2018-07-22T15:38:07+02:00","dateModified":"2018-07-22T15:39:21+02:00"},{"@type":"WebSite","@id":"https:\/\/candas365.es\/noticias\/#website","url":"https:\/\/candas365.es\/noticias\/","name":"Cand\u00e1s 365","alternateName":"Cand\u00e1s 365 Noticias","description":"Actualidad desde Carre\u00f1o para el mundo","inLanguage":"es-ES","publisher":{"@id":"https:\/\/candas365.es\/noticias\/#organization"}}]},"og:locale":"es_ES","og:site_name":"Cand\u00e1s 365","og:type":"article","og:title":"Aprobado el proyecto de Ley de Participaci\u00f3n y Promoci\u00f3n Juvenil | Cand\u00e1s 365","og:description":"El Gobierno de Asturias ha aprobado esta semana el proyecto de ley de Participaci\u00f3n y Promoci\u00f3n Juvenil, que regula las actividades de las escuelas de animaci\u00f3n infantil y juvenil, as\u00ed como aquellas que se realizan al aire libre como campamentos urbanos y de verano, colonias y acampadas itinerantes. Adem\u00e1s, el Principado garantiza con esta normativa","og:url":"https:\/\/candas365.es\/noticias\/aprobado-el-proyecto-de-ley-de-participacion-y-promocion-juvenil\/","og:image":"https:\/\/candas365.es\/noticias\/wp-content\/uploads\/2018\/07\/people-2557396_960_720.jpg","og:image:secure_url":"https:\/\/candas365.es\/noticias\/wp-content\/uploads\/2018\/07\/people-2557396_960_720.jpg","og:image:width":960,"og:image:height":640,"article:published_time":"2018-07-22T15:38:07+00:00","article:modified_time":"2018-07-22T15:39:21+00:00","article:publisher":"https:\/\/www.facebook.com\/Nachofdezber","article:author":"https:\/\/www.facebook.com\/carrenoactualidad","twitter:card":"summary_large_image","twitter:site":"@NabercoDigital","twitter:title":"Aprobado el proyecto de Ley de Participaci\u00f3n y Promoci\u00f3n Juvenil | Cand\u00e1s 365","twitter:description":"El Gobierno de Asturias ha aprobado esta semana el proyecto de ley de Participaci\u00f3n y Promoci\u00f3n Juvenil, que regula las actividades de las escuelas de animaci\u00f3n infantil y juvenil, as\u00ed como aquellas que se realizan al aire libre como campamentos urbanos y de verano, colonias y acampadas itinerantes. Adem\u00e1s, el Principado garantiza con esta normativa","twitter:creator":"@nbasturias","twitter:image":"https:\/\/candas365.es\/noticias\/wp-content\/uploads\/2018\/07\/people-2557396_960_720.jpg","twitter:label1":"Escrito por","twitter:data1":"Cand\u00e1s 365","twitter:label2":"Tiempo de lectura estimado","twitter:data2":"3 minutos"},"aioseo_meta_data":{"post_id":"100945","title":null,"description":null,"keywords":null,"keyphrases":null,"primary_term":null,"canonical_url":null,"og_title":null,"og_description":null,"og_object_type":"default","og_image_type":"default","og_image_url":null,"og_image_width":null,"og_image_height":null,"og_image_custom_url":null,"og_image_custom_fields":null,"og_video":null,"og_custom_url":null,"og_article_section":null,"og_article_tags":null,"twitter_use_og":false,"twitter_card":"default","twitter_image_type":"default","twitter_image_url":null,"twitter_image_custom_url":null,"twitter_image_custom_fields":null,"twitter_title":null,"twitter_description":null,"schema":{"blockGraphs":[],"customGraphs":[],"default":{"data":{"Article":[],"Course":[],"Dataset":[],"FAQPage":[],"Movie":[],"Person":[],"Product":[],"ProductReview":[],"Car":[],"Recipe":[],"Service":[],"SoftwareApplication":[],"WebPage":[]},"graphName":"","isEnabled":true},"graphs":[]},"schema_type":null,"schema_type_options":null,"pillar_content":false,"robots_default":true,"robots_noindex":false,"robots_noarchive":false,"robots_nosnippet":false,"robots_nofollow":false,"robots_noimageindex":false,"robots_noodp":false,"robots_notranslate":false,"robots_max_snippet":null,"robots_max_videopreview":null,"robots_max_imagepreview":"large","priority":null,"frequency":null,"location":null,"local_seo":null,"seo_analyzer_scan_date":"2025-08-27 10:12:11","breadcrumb_settings":null,"limit_modified_date":false,"reviewed_by":null,"open_ai":null,"ai":null,"created":"2020-12-21 11:48:22","updated":"2025-08-27 10:12:11"},"aioseo_breadcrumb":"<div class=\"aioseo-breadcrumbs\"><span class=\"aioseo-breadcrumb\">\n\t<a href=\"https:\/\/candas365.es\/noticias\" title=\"Home\">Home<\/a>\n<\/span><span class=\"aioseo-breadcrumb-separator\">&ndash;<\/span><span class=\"aioseo-breadcrumb\">\n\t<a href=\"https:\/\/candas365.es\/noticias\/category\/asturias\/\" title=\"Asturias\">Asturias<\/a>\n<\/span><span class=\"aioseo-breadcrumb-separator\">&ndash;<\/span><span class=\"aioseo-breadcrumb\">\n\tAprobado el proyecto de Ley de Participaci\u00f3n y Promoci\u00f3n Juvenil\n<\/span><\/div>","aioseo_breadcrumb_json":[{"label":"Home","link":"https:\/\/candas365.es\/noticias"},{"label":"Asturias","link":"https:\/\/candas365.es\/noticias\/category\/asturias\/"},{"label":"Aprobado el proyecto de Ley de Participaci\u00f3n y Promoci\u00f3n Juvenil","link":"https:\/\/candas365.es\/noticias\/aprobado-el-proyecto-de-ley-de-participacion-y-promocion-juvenil\/"}],"_links":{"self":[{"href":"https:\/\/candas365.es\/noticias\/wp-json\/wp\/v2\/posts\/100945","targetHints":{"allow":["GET"]}}],"collection":[{"href":"https:\/\/candas365.es\/noticias\/wp-json\/wp\/v2\/posts"}],"about":[{"href":"https:\/\/candas365.es\/noticias\/wp-json\/wp\/v2\/types\/post"}],"author":[{"embeddable":true,"href":"https:\/\/candas365.es\/noticias\/wp-json\/wp\/v2\/users\/1"}],"replies":[{"embeddable":true,"href":"https:\/\/candas365.es\/noticias\/wp-json\/wp\/v2\/comments?post=100945"}],"version-history":[{"count":0,"href":"https:\/\/candas365.es\/noticias\/wp-json\/wp\/v2\/posts\/100945\/revisions"}],"wp:featuredmedia":[{"embeddable":true,"href":"https:\/\/candas365.es\/noticias\/wp-json\/wp\/v2\/media\/100946"}],"wp:attachment":[{"href":"https:\/\/candas365.es\/noticias\/wp-json\/wp\/v2\/media?parent=100945"}],"wp:term":[{"taxonomy":"category","embeddable":true,"href":"https:\/\/candas365.es\/noticias\/wp-json\/wp\/v2\/categories?post=100945"},{"taxonomy":"post_tag","embeddable":true,"href":"https:\/\/candas365.es\/noticias\/wp-json\/wp\/v2\/tags?post=100945"}],"curies":[{"name":"wp","href":"https:\/\/api.w.org\/{rel}","templated":true}]}}