{"id":100935,"date":"2018-07-22T07:16:37","date_gmt":"2018-07-22T07:16:37","guid":{"rendered":"http:\/\/candas365.es\/noticias\/?p=100935"},"modified":"2018-07-22T07:16:37","modified_gmt":"2018-07-22T07:16:37","slug":"la-solucion-de-la-baja-velocidad-de-conexion-a-internet-en-casa-ya-ha-llegado-afirman-en-fersay","status":"publish","type":"post","link":"https:\/\/candas365.es\/noticias\/la-solucion-de-la-baja-velocidad-de-conexion-a-internet-en-casa-ya-ha-llegado-afirman-en-fersay\/","title":{"rendered":"\u00abLa soluci\u00f3n de la baja velocidad de conexi\u00f3n a Internet en casa ya ha llegado\u00bb, afirman en Fersay"},"content":{"rendered":"<p><img fetchpriority=\"high\" decoding=\"async\" class=\"alignleft size-medium wp-image-100936\" src=\"https:\/\/candas365.es\/noticias\/wp-content\/uploads\/2018\/07\/1531929224_problemas_internet-360x240.jpg\" alt=\"\" width=\"360\" height=\"240\" srcset=\"https:\/\/candas365.es\/noticias\/wp-content\/uploads\/2018\/07\/1531929224_problemas_internet-360x240.jpg 360w, https:\/\/candas365.es\/noticias\/wp-content\/uploads\/2018\/07\/1531929224_problemas_internet.jpg 625w\" sizes=\"(max-width: 360px) 100vw, 360px\" \/>\u00abPoco a poco las innovaciones tecnol\u00f3gicas han ido avanzando hacia los hogares inteligentes, pero lo que a casi nadie se le ocurri\u00f3 es que con tantos dispositivos y electrodom\u00e9sticos conectados a una misma red Wi-Fi, era cuesti\u00f3n de tiempo que la calidad de la conectividad a Internet de cualquier casa puede verse dr\u00e1sticamente afectada\u00bb, mantienen en\u00a0<a href=\"http:\/\/bit.ly\/Fersay-20-07\" target=\"_blank\" rel=\"nofollow noopener\"><span style=\"color: #ff6600;\"><strong>Fersay<\/strong><\/span><\/a>, l\u00edder en repuestos para electrodom\u00e9sticos en Europa.<\/p>\n<p>Cualquier proveedor de Internet en la actualidad recomienda no tener m\u00e1s de cinco dispositivos conectados a la red Wi-Fi al mismo tiempo, pero entre los tel\u00e9fonos m\u00f3viles, los ordenadores, las televisiones y el resto de los dispositivos y electrodom\u00e9sticos, este l\u00edmite es sobrepasado con creces en la mayor\u00eda de hogares.<\/p>\n<p>Los routers inal\u00e1mbricos son mucho mejores de lo que hace unos pocos a\u00f1os. Admiten velocidades inal\u00e1mbricas m\u00e1s r\u00e1pidas para adaptarse mejor a las velocidades que ofrece su proveedor de servicios de Internet.<\/p>\n<p>\u00abLos modelos m\u00e1s innovadores son capaces de ofrecer suficiente alcance para cubrir completamente una casa de hasta 279 metros cuadrados. Pero eso, suponiendo que el interior sea di\u00e1fano. Paredes, mobiliario, otros tipos de ondas y un sinf\u00edn m\u00e1s de elementos influyen en que al intentar conectar un dispositivo al Wi-Fi, o bien reciba muy poca se\u00f1al o ni siquiera sea capaz de conectarse\u00bb, afirman.<\/p>\n<p>En la actualidad existen algunas soluciones intermedias como los adaptadores de red para la l\u00ednea el\u00e9ctrica o los repetidores de se\u00f1al Wi-Fi, pero el desempe\u00f1o real de estos dispositivos nunca es tan eficaz como tener el router a menos de cinco metros, m\u00e1s a\u00fan si hay varios dispositivos conectados a \u00e9l al mismo tiempo.<\/p>\n<p>\u00abLa soluci\u00f3n que acaba de entrar en juego para solventar estos problemas de conectividad en superficies interiores son los sistemas de malla Wi-Fi, una red formada por una combinaci\u00f3n de dos o m\u00e1s puntos de acceso inal\u00e1mbrico que se comunican entre s\u00ed para cubrir toda la superficie de nuestro hogar con una conexi\u00f3n a Internet m\u00e1s s\u00f3lida y fiable\u00bb, explican.<\/p>\n<p>Como ocurr\u00eda con soluciones anteriores, la eficacia de este sistema depende de lo grande que sea la superficie en la que se instale la red de malla, ya que a mayor distancia es inevitable que la velocidad que los dispositivos conectados a ella disfruten de menos velocidad de conexi\u00f3n.<\/p>\n<p>\u00abIncluso a pesar de la distancia, en un hogar inteligente en el que constantemente deban estar conectados m\u00e1s de diez, quince, veinte o incluso el doble de dispositivos al mismo tiempo, un sistema de malla Wi-Fi proporciona la posibilidad de disfrutar de una conectividad y velocidad decentes en todos los dispositivos. La \u00fanica desventaja, por el momento, es su precio\u00bb\u00a0comentan.<\/p>\n<p>Y esto no sorprende realmente, ya que despu\u00e9s de a\u00f1os siendo testigos de la salida al mercado de todo tipo de novedosos gadgets y dispositivos que tras su lanzamiento tienen un precio desorbitado, es habitual que su precio vaya bajando a medida que crezca su demanda. \u00abY no cabe duda de que la demanda de una soluci\u00f3n que resulte tan esencial para la conexi\u00f3n a Internet de cualquier hogar a largo plazo va a crecer en el futuro\u00bb, concluyen en Fersay.<\/p>\n","protected":false},"excerpt":{"rendered":"<p>\u00abPoco a poco las innovaciones tecnol\u00f3gicas han ido avanzando hacia los hogares inteligentes, pero lo que a casi nadie se le ocurri\u00f3 es que con tantos dispositivos y electrodom\u00e9sticos conectados a una misma red Wi-Fi, era cuesti\u00f3n de tiempo que la calidad de la conectividad a Internet de cualquier casa puede verse dr\u00e1sticamente afectada\u00bb, mantienen<\/p>\n","protected":false},"author":1,"featured_media":100936,"comment_status":"closed","ping_status":"closed","sticky":false,"template":"","format":"standard","meta":{"footnotes":""},"categories":[142],"tags":[],"class_list":{"0":"post-100935","1":"post","2":"type-post","3":"status-publish","4":"format-standard","5":"has-post-thumbnail","7":"category-revista"},"aioseo_notices":[],"aioseo_head":"\n\t\t<!-- All in One SEO Pro 4.9.6.2 - aioseo.com -->\n\t<meta name=\"description\" content=\"&quot;Poco a poco las innovaciones tecnol\u00f3gicas han ido avanzando hacia los hogares inteligentes, pero lo que a casi nadie se le ocurri\u00f3 es que con tantos dispositivos y electrodom\u00e9sticos conectados a una misma red Wi-Fi, era cuesti\u00f3n de tiempo que la calidad de la conectividad a Internet de cualquier casa puede verse dr\u00e1sticamente afectada&quot;, mantienen\" \/>\n\t<meta name=\"robots\" content=\"max-image-preview:large\" \/>\n\t<meta name=\"author\" content=\"Cand\u00e1s 365\"\/>\n\t<meta name=\"google-site-verification\" content=\"UA-32230408-1\" \/>\n\t<meta name=\"msvalidate.01\" content=\"354F3CDFB2DA171B47FBE9ABF1F88D5\" \/>\n\t<meta name=\"keywords\" content=\"revista\" \/>\n\t<link rel=\"canonical\" href=\"https:\/\/candas365.es\/noticias\/la-solucion-de-la-baja-velocidad-de-conexion-a-internet-en-casa-ya-ha-llegado-afirman-en-fersay\/\" \/>\n\t<meta name=\"generator\" content=\"All in One SEO Pro (AIOSEO) 4.9.6.2\" \/>\n\t\t<meta property=\"og:locale\" content=\"es_ES\" \/>\n\t\t<meta property=\"og:site_name\" content=\"Cand\u00e1s 365\" \/>\n\t\t<meta property=\"og:type\" content=\"article\" \/>\n\t\t<meta property=\"og:title\" content=\"\u00abLa soluci\u00f3n de la baja velocidad de conexi\u00f3n a Internet en casa ya ha llegado\u00bb, afirman en Fersay | Cand\u00e1s 365\" \/>\n\t\t<meta property=\"og:description\" content=\"&quot;Poco a poco las innovaciones tecnol\u00f3gicas han ido avanzando hacia los hogares inteligentes, pero lo que a casi nadie se le ocurri\u00f3 es que con tantos dispositivos y electrodom\u00e9sticos conectados a una misma red Wi-Fi, era cuesti\u00f3n de tiempo que la calidad de la conectividad a Internet de cualquier casa puede verse dr\u00e1sticamente afectada&quot;, mantienen\" \/>\n\t\t<meta property=\"og:url\" content=\"https:\/\/candas365.es\/noticias\/la-solucion-de-la-baja-velocidad-de-conexion-a-internet-en-casa-ya-ha-llegado-afirman-en-fersay\/\" \/>\n\t\t<meta property=\"og:image\" content=\"https:\/\/candas365.es\/noticias\/wp-content\/uploads\/2018\/07\/1531929224_problemas_internet.jpg\" \/>\n\t\t<meta property=\"og:image:secure_url\" content=\"https:\/\/candas365.es\/noticias\/wp-content\/uploads\/2018\/07\/1531929224_problemas_internet.jpg\" \/>\n\t\t<meta property=\"og:image:width\" content=\"625\" \/>\n\t\t<meta property=\"og:image:height\" content=\"417\" \/>\n\t\t<meta property=\"article:published_time\" content=\"2018-07-22T07:16:37+00:00\" \/>\n\t\t<meta property=\"article:modified_time\" content=\"2018-07-22T07:16:37+00:00\" \/>\n\t\t<meta property=\"article:publisher\" content=\"https:\/\/www.facebook.com\/Nachofdezber\" \/>\n\t\t<meta property=\"article:author\" content=\"https:\/\/www.facebook.com\/carrenoactualidad\" \/>\n\t\t<meta name=\"twitter:card\" content=\"summary_large_image\" \/>\n\t\t<meta name=\"twitter:site\" content=\"@NabercoDigital\" \/>\n\t\t<meta name=\"twitter:title\" content=\"\u00abLa soluci\u00f3n de la baja velocidad de conexi\u00f3n a Internet en casa ya ha llegado\u00bb, afirman en Fersay | Cand\u00e1s 365\" \/>\n\t\t<meta name=\"twitter:description\" content=\"&quot;Poco a poco las innovaciones tecnol\u00f3gicas han ido avanzando hacia los hogares inteligentes, pero lo que a casi nadie se le ocurri\u00f3 es que con tantos dispositivos y electrodom\u00e9sticos conectados a una misma red Wi-Fi, era cuesti\u00f3n de tiempo que la calidad de la conectividad a Internet de cualquier casa puede verse dr\u00e1sticamente afectada&quot;, mantienen\" \/>\n\t\t<meta name=\"twitter:creator\" content=\"@nbasturias\" \/>\n\t\t<meta name=\"twitter:image\" content=\"https:\/\/candas365.es\/noticias\/wp-content\/uploads\/2018\/07\/1531929224_problemas_internet.jpg\" \/>\n\t\t<meta name=\"twitter:label1\" content=\"Escrito por\" \/>\n\t\t<meta name=\"twitter:data1\" content=\"Cand\u00e1s 365\" \/>\n\t\t<meta name=\"twitter:label2\" content=\"Tiempo de lectura estimado\" \/>\n\t\t<meta name=\"twitter:data2\" content=\"3 minutos\" \/>\n\t\t<script type=\"application\/ld+json\" class=\"aioseo-schema\">\n\t\t\t{\"@context\":\"https:\\\/\\\/schema.org\",\"@graph\":[{\"@type\":\"BreadcrumbList\",\"@id\":\"https:\\\/\\\/candas365.es\\\/noticias\\\/la-solucion-de-la-baja-velocidad-de-conexion-a-internet-en-casa-ya-ha-llegado-afirman-en-fersay\\\/#breadcrumblist\",\"itemListElement\":[{\"@type\":\"ListItem\",\"@id\":\"https:\\\/\\\/candas365.es\\\/noticias#listItem\",\"position\":1,\"name\":\"Home\",\"item\":\"https:\\\/\\\/candas365.es\\\/noticias\",\"nextItem\":{\"@type\":\"ListItem\",\"@id\":\"https:\\\/\\\/candas365.es\\\/noticias\\\/category\\\/revista\\\/#listItem\",\"name\":\"Revista\"}},{\"@type\":\"ListItem\",\"@id\":\"https:\\\/\\\/candas365.es\\\/noticias\\\/category\\\/revista\\\/#listItem\",\"position\":2,\"name\":\"Revista\",\"item\":\"https:\\\/\\\/candas365.es\\\/noticias\\\/category\\\/revista\\\/\",\"nextItem\":{\"@type\":\"ListItem\",\"@id\":\"https:\\\/\\\/candas365.es\\\/noticias\\\/la-solucion-de-la-baja-velocidad-de-conexion-a-internet-en-casa-ya-ha-llegado-afirman-en-fersay\\\/#listItem\",\"name\":\"\\u00abLa soluci\\u00f3n de la baja velocidad de conexi\\u00f3n a Internet en casa ya ha llegado\\u00bb, afirman en Fersay\"},\"previousItem\":{\"@type\":\"ListItem\",\"@id\":\"https:\\\/\\\/candas365.es\\\/noticias#listItem\",\"name\":\"Home\"}},{\"@type\":\"ListItem\",\"@id\":\"https:\\\/\\\/candas365.es\\\/noticias\\\/la-solucion-de-la-baja-velocidad-de-conexion-a-internet-en-casa-ya-ha-llegado-afirman-en-fersay\\\/#listItem\",\"position\":3,\"name\":\"\\u00abLa soluci\\u00f3n de la baja velocidad de conexi\\u00f3n a Internet en casa ya ha llegado\\u00bb, afirman en Fersay\",\"previousItem\":{\"@type\":\"ListItem\",\"@id\":\"https:\\\/\\\/candas365.es\\\/noticias\\\/category\\\/revista\\\/#listItem\",\"name\":\"Revista\"}}]},{\"@type\":\"NewsArticle\",\"@id\":\"https:\\\/\\\/candas365.es\\\/noticias\\\/la-solucion-de-la-baja-velocidad-de-conexion-a-internet-en-casa-ya-ha-llegado-afirman-en-fersay\\\/#newsarticle\",\"name\":\"\\u00abLa soluci\\u00f3n de la baja velocidad de conexi\\u00f3n a Internet en casa ya ha llegado\\u00bb, afirman en Fersay | Cand\\u00e1s 365\",\"headline\":\"\\u00abLa soluci\\u00f3n de la baja velocidad de conexi\\u00f3n a Internet en casa ya ha llegado\\u00bb, afirman en Fersay\",\"author\":{\"@id\":\"https:\\\/\\\/candas365.es\\\/noticias\\\/author\\\/admin\\\/#author\"},\"publisher\":{\"@id\":\"https:\\\/\\\/candas365.es\\\/noticias\\\/#organization\"},\"image\":{\"@type\":\"ImageObject\",\"url\":\"https:\\\/\\\/candas365.es\\\/noticias\\\/wp-content\\\/uploads\\\/2018\\\/07\\\/1531929224_problemas_internet.jpg\",\"width\":625,\"height\":417},\"datePublished\":\"2018-07-22T07:16:37+02:00\",\"dateModified\":\"2018-07-22T07:16:37+02:00\",\"inLanguage\":\"es-ES\",\"mainEntityOfPage\":{\"@id\":\"https:\\\/\\\/candas365.es\\\/noticias\\\/la-solucion-de-la-baja-velocidad-de-conexion-a-internet-en-casa-ya-ha-llegado-afirman-en-fersay\\\/#webpage\"},\"isPartOf\":{\"@id\":\"https:\\\/\\\/candas365.es\\\/noticias\\\/la-solucion-de-la-baja-velocidad-de-conexion-a-internet-en-casa-ya-ha-llegado-afirman-en-fersay\\\/#webpage\"},\"articleSection\":\"Revista\",\"dateline\":\"Publicado el julio 22, 2018.\"},{\"@type\":\"Organization\",\"@id\":\"https:\\\/\\\/candas365.es\\\/noticias\\\/#organization\",\"name\":\"Cand\\u00e1s 365\",\"description\":\"Cand\\u00e1s 365 es un diario digital independiente, fundado en 2012, con base en Asturias. Informamos con rigor sobre actualidad, sociedad, cultura y ocio, con una mirada local y global.\",\"url\":\"https:\\\/\\\/candas365.es\\\/noticias\\\/\",\"email\":\"info@candas365.es\",\"telephone\":\"+34652131393\",\"foundingDate\":\"2012-06-10\",\"logo\":{\"@type\":\"ImageObject\",\"url\":\"https:\\\/\\\/candas365.es\\\/noticias\\\/wp-content\\\/uploads\\\/2024\\\/09\\\/Candas-365-Redes.jpg\",\"@id\":\"https:\\\/\\\/candas365.es\\\/noticias\\\/la-solucion-de-la-baja-velocidad-de-conexion-a-internet-en-casa-ya-ha-llegado-afirman-en-fersay\\\/#organizationLogo\",\"width\":1152,\"height\":864,\"caption\":\"Cand\\u00e1s 365 Redes\"},\"image\":{\"@id\":\"https:\\\/\\\/candas365.es\\\/noticias\\\/la-solucion-de-la-baja-velocidad-de-conexion-a-internet-en-casa-ya-ha-llegado-afirman-en-fersay\\\/#organizationLogo\"},\"sameAs\":[\"https:\\\/\\\/www.facebook.com\\\/Nachofdezber\",\"https:\\\/\\\/x.com\\\/NabercoDigital\",\"https:\\\/\\\/www.instagram.com\\\/nachofdezber\\\/\",\"https:\\\/\\\/www.youtube.com\\\/channel\\\/UCZP-2wLEB9Rv6erhFmqVnvg\"],\"address\":{\"@id\":\"https:\\\/\\\/candas365.es\\\/noticias\\\/#postaladdress\",\"@type\":\"PostalAddress\",\"streetAddress\":\"san antonio 4, san antonio 4\",\"postalCode\":\"33430\",\"addressLocality\":\"Cand\\u00e1s\",\"addressRegion\":\"Asturias\",\"addressCountry\":\"ES\"}},{\"@type\":\"Person\",\"@id\":\"https:\\\/\\\/candas365.es\\\/noticias\\\/author\\\/admin\\\/#author\",\"url\":\"https:\\\/\\\/candas365.es\\\/noticias\\\/author\\\/admin\\\/\",\"name\":\"Cand\\u00e1s 365\",\"image\":{\"@type\":\"ImageObject\",\"@id\":\"https:\\\/\\\/candas365.es\\\/noticias\\\/la-solucion-de-la-baja-velocidad-de-conexion-a-internet-en-casa-ya-ha-llegado-afirman-en-fersay\\\/#authorImage\",\"url\":\"https:\\\/\\\/secure.gravatar.com\\\/avatar\\\/496a8e03d0c493ede1718b7934145dbdf8d89be1036b0eec9544e1094c9de390?s=96&d=mm&r=g\",\"width\":96,\"height\":96,\"caption\":\"Cand\\u00e1s 365\"},\"sameAs\":[\"https:\\\/\\\/www.facebook.com\\\/carrenoactualidad\",\"https:\\\/\\\/twitter.com\\\/nbasturias\",\"https:\\\/\\\/www.instagram.com\\\/nachofdezber\\\/\",\"https:\\\/\\\/www.youtube.com\\\/channel\\\/UCZP-2wLEB9Rv6erhFmqVnvg\"]},{\"@type\":\"WebPage\",\"@id\":\"https:\\\/\\\/candas365.es\\\/noticias\\\/la-solucion-de-la-baja-velocidad-de-conexion-a-internet-en-casa-ya-ha-llegado-afirman-en-fersay\\\/#webpage\",\"url\":\"https:\\\/\\\/candas365.es\\\/noticias\\\/la-solucion-de-la-baja-velocidad-de-conexion-a-internet-en-casa-ya-ha-llegado-afirman-en-fersay\\\/\",\"name\":\"\\u00abLa soluci\\u00f3n de la baja velocidad de conexi\\u00f3n a Internet en casa ya ha llegado\\u00bb, afirman en Fersay | Cand\\u00e1s 365\",\"description\":\"\\\"Poco a poco las innovaciones tecnol\\u00f3gicas han ido avanzando hacia los hogares inteligentes, pero lo que a casi nadie se le ocurri\\u00f3 es que con tantos dispositivos y electrodom\\u00e9sticos conectados a una misma red Wi-Fi, era cuesti\\u00f3n de tiempo que la calidad de la conectividad a Internet de cualquier casa puede verse dr\\u00e1sticamente afectada\\\", mantienen\",\"inLanguage\":\"es-ES\",\"isPartOf\":{\"@id\":\"https:\\\/\\\/candas365.es\\\/noticias\\\/#website\"},\"breadcrumb\":{\"@id\":\"https:\\\/\\\/candas365.es\\\/noticias\\\/la-solucion-de-la-baja-velocidad-de-conexion-a-internet-en-casa-ya-ha-llegado-afirman-en-fersay\\\/#breadcrumblist\"},\"author\":{\"@id\":\"https:\\\/\\\/candas365.es\\\/noticias\\\/author\\\/admin\\\/#author\"},\"creator\":{\"@id\":\"https:\\\/\\\/candas365.es\\\/noticias\\\/author\\\/admin\\\/#author\"},\"image\":{\"@type\":\"ImageObject\",\"url\":\"https:\\\/\\\/candas365.es\\\/noticias\\\/wp-content\\\/uploads\\\/2018\\\/07\\\/1531929224_problemas_internet.jpg\",\"@id\":\"https:\\\/\\\/candas365.es\\\/noticias\\\/la-solucion-de-la-baja-velocidad-de-conexion-a-internet-en-casa-ya-ha-llegado-afirman-en-fersay\\\/#mainImage\",\"width\":625,\"height\":417},\"primaryImageOfPage\":{\"@id\":\"https:\\\/\\\/candas365.es\\\/noticias\\\/la-solucion-de-la-baja-velocidad-de-conexion-a-internet-en-casa-ya-ha-llegado-afirman-en-fersay\\\/#mainImage\"},\"datePublished\":\"2018-07-22T07:16:37+02:00\",\"dateModified\":\"2018-07-22T07:16:37+02:00\"},{\"@type\":\"WebSite\",\"@id\":\"https:\\\/\\\/candas365.es\\\/noticias\\\/#website\",\"url\":\"https:\\\/\\\/candas365.es\\\/noticias\\\/\",\"name\":\"Cand\\u00e1s 365\",\"alternateName\":\"Cand\\u00e1s 365 Noticias\",\"description\":\"Actualidad desde Carre\\u00f1o para el mundo\",\"inLanguage\":\"es-ES\",\"publisher\":{\"@id\":\"https:\\\/\\\/candas365.es\\\/noticias\\\/#organization\"}}]}\n\t\t<\/script>\n\t\t<!-- All in One SEO Pro -->\r\n\t\t<title>\u00abLa soluci\u00f3n de la baja velocidad de conexi\u00f3n a Internet en casa ya ha llegado\u00bb, afirman en Fersay | Cand\u00e1s 365<\/title>\n\n","aioseo_head_json":{"title":"\u00abLa soluci\u00f3n de la baja velocidad de conexi\u00f3n a Internet en casa ya ha llegado\u00bb, afirman en Fersay | Cand\u00e1s 365","description":"\"Poco a poco las innovaciones tecnol\u00f3gicas han ido avanzando hacia los hogares inteligentes, pero lo que a casi nadie se le ocurri\u00f3 es que con tantos dispositivos y electrodom\u00e9sticos conectados a una misma red Wi-Fi, era cuesti\u00f3n de tiempo que la calidad de la conectividad a Internet de cualquier casa puede verse dr\u00e1sticamente afectada\", mantienen","canonical_url":"https:\/\/candas365.es\/noticias\/la-solucion-de-la-baja-velocidad-de-conexion-a-internet-en-casa-ya-ha-llegado-afirman-en-fersay\/","robots":"max-image-preview:large","keywords":"revista","webmasterTools":{"google-site-verification":"UA-32230408-1","msvalidate.01":"354F3CDFB2DA171B47FBE9ABF1F88D5","miscellaneous":""},"schema":{"@context":"https:\/\/schema.org","@graph":[{"@type":"BreadcrumbList","@id":"https:\/\/candas365.es\/noticias\/la-solucion-de-la-baja-velocidad-de-conexion-a-internet-en-casa-ya-ha-llegado-afirman-en-fersay\/#breadcrumblist","itemListElement":[{"@type":"ListItem","@id":"https:\/\/candas365.es\/noticias#listItem","position":1,"name":"Home","item":"https:\/\/candas365.es\/noticias","nextItem":{"@type":"ListItem","@id":"https:\/\/candas365.es\/noticias\/category\/revista\/#listItem","name":"Revista"}},{"@type":"ListItem","@id":"https:\/\/candas365.es\/noticias\/category\/revista\/#listItem","position":2,"name":"Revista","item":"https:\/\/candas365.es\/noticias\/category\/revista\/","nextItem":{"@type":"ListItem","@id":"https:\/\/candas365.es\/noticias\/la-solucion-de-la-baja-velocidad-de-conexion-a-internet-en-casa-ya-ha-llegado-afirman-en-fersay\/#listItem","name":"\u00abLa soluci\u00f3n de la baja velocidad de conexi\u00f3n a Internet en casa ya ha llegado\u00bb, afirman en Fersay"},"previousItem":{"@type":"ListItem","@id":"https:\/\/candas365.es\/noticias#listItem","name":"Home"}},{"@type":"ListItem","@id":"https:\/\/candas365.es\/noticias\/la-solucion-de-la-baja-velocidad-de-conexion-a-internet-en-casa-ya-ha-llegado-afirman-en-fersay\/#listItem","position":3,"name":"\u00abLa soluci\u00f3n de la baja velocidad de conexi\u00f3n a Internet en casa ya ha llegado\u00bb, afirman en Fersay","previousItem":{"@type":"ListItem","@id":"https:\/\/candas365.es\/noticias\/category\/revista\/#listItem","name":"Revista"}}]},{"@type":"NewsArticle","@id":"https:\/\/candas365.es\/noticias\/la-solucion-de-la-baja-velocidad-de-conexion-a-internet-en-casa-ya-ha-llegado-afirman-en-fersay\/#newsarticle","name":"\u00abLa soluci\u00f3n de la baja velocidad de conexi\u00f3n a Internet en casa ya ha llegado\u00bb, afirman en Fersay | Cand\u00e1s 365","headline":"\u00abLa soluci\u00f3n de la baja velocidad de conexi\u00f3n a Internet en casa ya ha llegado\u00bb, afirman en Fersay","author":{"@id":"https:\/\/candas365.es\/noticias\/author\/admin\/#author"},"publisher":{"@id":"https:\/\/candas365.es\/noticias\/#organization"},"image":{"@type":"ImageObject","url":"https:\/\/candas365.es\/noticias\/wp-content\/uploads\/2018\/07\/1531929224_problemas_internet.jpg","width":625,"height":417},"datePublished":"2018-07-22T07:16:37+02:00","dateModified":"2018-07-22T07:16:37+02:00","inLanguage":"es-ES","mainEntityOfPage":{"@id":"https:\/\/candas365.es\/noticias\/la-solucion-de-la-baja-velocidad-de-conexion-a-internet-en-casa-ya-ha-llegado-afirman-en-fersay\/#webpage"},"isPartOf":{"@id":"https:\/\/candas365.es\/noticias\/la-solucion-de-la-baja-velocidad-de-conexion-a-internet-en-casa-ya-ha-llegado-afirman-en-fersay\/#webpage"},"articleSection":"Revista","dateline":"Publicado el julio 22, 2018."},{"@type":"Organization","@id":"https:\/\/candas365.es\/noticias\/#organization","name":"Cand\u00e1s 365","description":"Cand\u00e1s 365 es un diario digital independiente, fundado en 2012, con base en Asturias. Informamos con rigor sobre actualidad, sociedad, cultura y ocio, con una mirada local y global.","url":"https:\/\/candas365.es\/noticias\/","email":"info@candas365.es","telephone":"+34652131393","foundingDate":"2012-06-10","logo":{"@type":"ImageObject","url":"https:\/\/candas365.es\/noticias\/wp-content\/uploads\/2024\/09\/Candas-365-Redes.jpg","@id":"https:\/\/candas365.es\/noticias\/la-solucion-de-la-baja-velocidad-de-conexion-a-internet-en-casa-ya-ha-llegado-afirman-en-fersay\/#organizationLogo","width":1152,"height":864,"caption":"Cand\u00e1s 365 Redes"},"image":{"@id":"https:\/\/candas365.es\/noticias\/la-solucion-de-la-baja-velocidad-de-conexion-a-internet-en-casa-ya-ha-llegado-afirman-en-fersay\/#organizationLogo"},"sameAs":["https:\/\/www.facebook.com\/Nachofdezber","https:\/\/x.com\/NabercoDigital","https:\/\/www.instagram.com\/nachofdezber\/","https:\/\/www.youtube.com\/channel\/UCZP-2wLEB9Rv6erhFmqVnvg"],"address":{"@id":"https:\/\/candas365.es\/noticias\/#postaladdress","@type":"PostalAddress","streetAddress":"san antonio 4, san antonio 4","postalCode":"33430","addressLocality":"Cand\u00e1s","addressRegion":"Asturias","addressCountry":"ES"}},{"@type":"Person","@id":"https:\/\/candas365.es\/noticias\/author\/admin\/#author","url":"https:\/\/candas365.es\/noticias\/author\/admin\/","name":"Cand\u00e1s 365","image":{"@type":"ImageObject","@id":"https:\/\/candas365.es\/noticias\/la-solucion-de-la-baja-velocidad-de-conexion-a-internet-en-casa-ya-ha-llegado-afirman-en-fersay\/#authorImage","url":"https:\/\/secure.gravatar.com\/avatar\/496a8e03d0c493ede1718b7934145dbdf8d89be1036b0eec9544e1094c9de390?s=96&d=mm&r=g","width":96,"height":96,"caption":"Cand\u00e1s 365"},"sameAs":["https:\/\/www.facebook.com\/carrenoactualidad","https:\/\/twitter.com\/nbasturias","https:\/\/www.instagram.com\/nachofdezber\/","https:\/\/www.youtube.com\/channel\/UCZP-2wLEB9Rv6erhFmqVnvg"]},{"@type":"WebPage","@id":"https:\/\/candas365.es\/noticias\/la-solucion-de-la-baja-velocidad-de-conexion-a-internet-en-casa-ya-ha-llegado-afirman-en-fersay\/#webpage","url":"https:\/\/candas365.es\/noticias\/la-solucion-de-la-baja-velocidad-de-conexion-a-internet-en-casa-ya-ha-llegado-afirman-en-fersay\/","name":"\u00abLa soluci\u00f3n de la baja velocidad de conexi\u00f3n a Internet en casa ya ha llegado\u00bb, afirman en Fersay | Cand\u00e1s 365","description":"\"Poco a poco las innovaciones tecnol\u00f3gicas han ido avanzando hacia los hogares inteligentes, pero lo que a casi nadie se le ocurri\u00f3 es que con tantos dispositivos y electrodom\u00e9sticos conectados a una misma red Wi-Fi, era cuesti\u00f3n de tiempo que la calidad de la conectividad a Internet de cualquier casa puede verse dr\u00e1sticamente afectada\", mantienen","inLanguage":"es-ES","isPartOf":{"@id":"https:\/\/candas365.es\/noticias\/#website"},"breadcrumb":{"@id":"https:\/\/candas365.es\/noticias\/la-solucion-de-la-baja-velocidad-de-conexion-a-internet-en-casa-ya-ha-llegado-afirman-en-fersay\/#breadcrumblist"},"author":{"@id":"https:\/\/candas365.es\/noticias\/author\/admin\/#author"},"creator":{"@id":"https:\/\/candas365.es\/noticias\/author\/admin\/#author"},"image":{"@type":"ImageObject","url":"https:\/\/candas365.es\/noticias\/wp-content\/uploads\/2018\/07\/1531929224_problemas_internet.jpg","@id":"https:\/\/candas365.es\/noticias\/la-solucion-de-la-baja-velocidad-de-conexion-a-internet-en-casa-ya-ha-llegado-afirman-en-fersay\/#mainImage","width":625,"height":417},"primaryImageOfPage":{"@id":"https:\/\/candas365.es\/noticias\/la-solucion-de-la-baja-velocidad-de-conexion-a-internet-en-casa-ya-ha-llegado-afirman-en-fersay\/#mainImage"},"datePublished":"2018-07-22T07:16:37+02:00","dateModified":"2018-07-22T07:16:37+02:00"},{"@type":"WebSite","@id":"https:\/\/candas365.es\/noticias\/#website","url":"https:\/\/candas365.es\/noticias\/","name":"Cand\u00e1s 365","alternateName":"Cand\u00e1s 365 Noticias","description":"Actualidad desde Carre\u00f1o para el mundo","inLanguage":"es-ES","publisher":{"@id":"https:\/\/candas365.es\/noticias\/#organization"}}]},"og:locale":"es_ES","og:site_name":"Cand\u00e1s 365","og:type":"article","og:title":"\u00abLa soluci\u00f3n de la baja velocidad de conexi\u00f3n a Internet en casa ya ha llegado\u00bb, afirman en Fersay | Cand\u00e1s 365","og:description":"&quot;Poco a poco las innovaciones tecnol\u00f3gicas han ido avanzando hacia los hogares inteligentes, pero lo que a casi nadie se le ocurri\u00f3 es que con tantos dispositivos y electrodom\u00e9sticos conectados a una misma red Wi-Fi, era cuesti\u00f3n de tiempo que la calidad de la conectividad a Internet de cualquier casa puede verse dr\u00e1sticamente afectada&quot;, mantienen","og:url":"https:\/\/candas365.es\/noticias\/la-solucion-de-la-baja-velocidad-de-conexion-a-internet-en-casa-ya-ha-llegado-afirman-en-fersay\/","og:image":"https:\/\/candas365.es\/noticias\/wp-content\/uploads\/2018\/07\/1531929224_problemas_internet.jpg","og:image:secure_url":"https:\/\/candas365.es\/noticias\/wp-content\/uploads\/2018\/07\/1531929224_problemas_internet.jpg","og:image:width":625,"og:image:height":417,"article:published_time":"2018-07-22T07:16:37+00:00","article:modified_time":"2018-07-22T07:16:37+00:00","article:publisher":"https:\/\/www.facebook.com\/Nachofdezber","article:author":"https:\/\/www.facebook.com\/carrenoactualidad","twitter:card":"summary_large_image","twitter:site":"@NabercoDigital","twitter:title":"\u00abLa soluci\u00f3n de la baja velocidad de conexi\u00f3n a Internet en casa ya ha llegado\u00bb, afirman en Fersay | Cand\u00e1s 365","twitter:description":"&quot;Poco a poco las innovaciones tecnol\u00f3gicas han ido avanzando hacia los hogares inteligentes, pero lo que a casi nadie se le ocurri\u00f3 es que con tantos dispositivos y electrodom\u00e9sticos conectados a una misma red Wi-Fi, era cuesti\u00f3n de tiempo que la calidad de la conectividad a Internet de cualquier casa puede verse dr\u00e1sticamente afectada&quot;, mantienen","twitter:creator":"@nbasturias","twitter:image":"https:\/\/candas365.es\/noticias\/wp-content\/uploads\/2018\/07\/1531929224_problemas_internet.jpg","twitter:label1":"Escrito por","twitter:data1":"Cand\u00e1s 365","twitter:label2":"Tiempo de lectura estimado","twitter:data2":"3 minutos"},"aioseo_meta_data":{"post_id":"100935","title":null,"description":null,"keywords":null,"keyphrases":null,"primary_term":null,"canonical_url":null,"og_title":null,"og_description":null,"og_object_type":"default","og_image_type":"default","og_image_url":null,"og_image_width":null,"og_image_height":null,"og_image_custom_url":null,"og_image_custom_fields":null,"og_video":null,"og_custom_url":null,"og_article_section":null,"og_article_tags":null,"twitter_use_og":false,"twitter_card":"default","twitter_image_type":"default","twitter_image_url":null,"twitter_image_custom_url":null,"twitter_image_custom_fields":null,"twitter_title":null,"twitter_description":null,"schema":{"blockGraphs":[],"customGraphs":[],"default":{"data":{"Article":[],"Course":[],"Dataset":[],"FAQPage":[],"Movie":[],"Person":[],"Product":[],"ProductReview":[],"Car":[],"Recipe":[],"Service":[],"SoftwareApplication":[],"WebPage":[]},"graphName":"","isEnabled":true},"graphs":[]},"schema_type":null,"schema_type_options":null,"pillar_content":false,"robots_default":true,"robots_noindex":false,"robots_noarchive":false,"robots_nosnippet":false,"robots_nofollow":false,"robots_noimageindex":false,"robots_noodp":false,"robots_notranslate":false,"robots_max_snippet":null,"robots_max_videopreview":null,"robots_max_imagepreview":"large","priority":null,"frequency":null,"location":null,"local_seo":null,"seo_analyzer_scan_date":"2025-08-27 10:10:14","breadcrumb_settings":null,"limit_modified_date":false,"reviewed_by":null,"open_ai":null,"ai":null,"created":"2020-12-21 11:48:22","updated":"2025-08-27 10:10:14"},"aioseo_breadcrumb":"<div class=\"aioseo-breadcrumbs\"><span class=\"aioseo-breadcrumb\">\n\t<a href=\"https:\/\/candas365.es\/noticias\" title=\"Home\">Home<\/a>\n<\/span><span class=\"aioseo-breadcrumb-separator\">&ndash;<\/span><span class=\"aioseo-breadcrumb\">\n\t<a href=\"https:\/\/candas365.es\/noticias\/category\/revista\/\" title=\"Revista\">Revista<\/a>\n<\/span><span class=\"aioseo-breadcrumb-separator\">&ndash;<\/span><span class=\"aioseo-breadcrumb\">\n\t\u00abLa soluci\u00f3n de la baja velocidad de conexi\u00f3n a Internet en casa ya ha llegado\u00bb, afirman en Fersay\n<\/span><\/div>","aioseo_breadcrumb_json":[{"label":"Home","link":"https:\/\/candas365.es\/noticias"},{"label":"Revista","link":"https:\/\/candas365.es\/noticias\/category\/revista\/"},{"label":"\u00abLa soluci\u00f3n de la baja velocidad de conexi\u00f3n a Internet en casa ya ha llegado\u00bb, afirman en Fersay","link":"https:\/\/candas365.es\/noticias\/la-solucion-de-la-baja-velocidad-de-conexion-a-internet-en-casa-ya-ha-llegado-afirman-en-fersay\/"}],"_links":{"self":[{"href":"https:\/\/candas365.es\/noticias\/wp-json\/wp\/v2\/posts\/100935","targetHints":{"allow":["GET"]}}],"collection":[{"href":"https:\/\/candas365.es\/noticias\/wp-json\/wp\/v2\/posts"}],"about":[{"href":"https:\/\/candas365.es\/noticias\/wp-json\/wp\/v2\/types\/post"}],"author":[{"embeddable":true,"href":"https:\/\/candas365.es\/noticias\/wp-json\/wp\/v2\/users\/1"}],"replies":[{"embeddable":true,"href":"https:\/\/candas365.es\/noticias\/wp-json\/wp\/v2\/comments?post=100935"}],"version-history":[{"count":0,"href":"https:\/\/candas365.es\/noticias\/wp-json\/wp\/v2\/posts\/100935\/revisions"}],"wp:featuredmedia":[{"embeddable":true,"href":"https:\/\/candas365.es\/noticias\/wp-json\/wp\/v2\/media\/100936"}],"wp:attachment":[{"href":"https:\/\/candas365.es\/noticias\/wp-json\/wp\/v2\/media?parent=100935"}],"wp:term":[{"taxonomy":"category","embeddable":true,"href":"https:\/\/candas365.es\/noticias\/wp-json\/wp\/v2\/categories?post=100935"},{"taxonomy":"post_tag","embeddable":true,"href":"https:\/\/candas365.es\/noticias\/wp-json\/wp\/v2\/tags?post=100935"}],"curies":[{"name":"wp","href":"https:\/\/api.w.org\/{rel}","templated":true}]}}