{"id":100929,"date":"2018-07-22T07:11:48","date_gmt":"2018-07-22T07:11:48","guid":{"rendered":"http:\/\/candas365.es\/noticias\/?p=100929"},"modified":"2018-07-22T07:11:48","modified_gmt":"2018-07-22T07:11:48","slug":"mimi-luzon-llega-a-espana-de-la-mano-de-marta-garcia","status":"publish","type":"post","link":"https:\/\/candas365.es\/noticias\/mimi-luzon-llega-a-espana-de-la-mano-de-marta-garcia\/","title":{"rendered":"Mimi Luzon llega a Espa\u00f1a de la mano de Marta Garc\u00eda"},"content":{"rendered":"<p><img fetchpriority=\"high\" decoding=\"async\" class=\"alignleft size-medium wp-image-100930\" src=\"https:\/\/candas365.es\/noticias\/wp-content\/uploads\/2018\/07\/1531998998_Mimi_Luzon_x_MG_opt-360x188.jpg\" alt=\"\" width=\"360\" height=\"188\" srcset=\"https:\/\/candas365.es\/noticias\/wp-content\/uploads\/2018\/07\/1531998998_Mimi_Luzon_x_MG_opt-360x188.jpg 360w, https:\/\/candas365.es\/noticias\/wp-content\/uploads\/2018\/07\/1531998998_Mimi_Luzon_x_MG_opt-768x401.jpg 768w, https:\/\/candas365.es\/noticias\/wp-content\/uploads\/2018\/07\/1531998998_Mimi_Luzon_x_MG_opt-655x342.jpg 655w, https:\/\/candas365.es\/noticias\/wp-content\/uploads\/2018\/07\/1531998998_Mimi_Luzon_x_MG_opt-696x364.jpg 696w, https:\/\/candas365.es\/noticias\/wp-content\/uploads\/2018\/07\/1531998998_Mimi_Luzon_x_MG_opt.jpg 800w\" sizes=\"(max-width: 360px) 100vw, 360px\" \/>Irina Shayk, Sara Sampaio, Chiara Ferragni, Elsa Hosk, Izabel Goulart o Bianca Balti. Estas son solo algunas de las\u00a0<em>celebrities\u00a0<\/em>que Mimi Luzon, experta en bienestar y belleza de la piel, ha tratado de cara a eventos internacionales. Con el objetivo de expandir su\u00a0<em>know-how\u00a0<\/em>en Espa\u00f1a, Luzon escoge la Cl\u00ednica de est\u00e9tica\u00a0<em>antiaging\u00a0<\/em>Marta Garc\u00eda como punto donde ofrecer sus tratamientos.<\/p>\n<p><strong>Mimi Luzon<\/strong>, de origen israel\u00ed, dirige el centro de est\u00e9tica m\u00e1s c\u00e9lebre de Tel Aviv y vive a caballo entre su tierra, Estados Unidos y Europa dedic\u00e1ndose al cuidado de la piel de las celebridades m\u00e1s reconocidas. Luzon cuenta con m\u00e1s de 30 a\u00f1os de experiencia y ha desarrollado su propia l\u00ednea de productos y tratamientos en cabina con f\u00f3rmulas \u00fanicas dise\u00f1adas para tratar las diferentes\u00a0<strong>necesidades de la piel<\/strong>.<\/p>\n<p>Los protocolos ideados por Mimi Luzon combinan ingredientes activos con la tecnolog\u00eda m\u00e1s avanzada. Todos los productos de su l\u00ednea de tratamiento, tanto de domicilio como en cabina, se han creado en EE.UU., hecho que garantiza que los principios activos empleados son de\u00a0<strong>m\u00e1xima calidad y eficacia.<\/strong><\/p>\n<p>A partir de la colaboraci\u00f3n entre Mimi Luzon y la\u00a0<strong>Cl\u00ednica de est\u00e9tica\u00a0<em>antiaging\u00a0<\/em>de Marta Garc\u00eda<\/strong>, ahora el centro dispone de 3 de los protocolos ideados por la esteticista israelita. Todos ellos trabajan sobre el\u00a0<strong>equilibrio y cuidado de la piel\u00a0<\/strong>y sobre el envejecimiento global. Los tratamientos combaten tanto flacidez como arrugas y aportan un a\u00f1adido nunca visto en cuanto a\u00a0<strong>hidrataci\u00f3n y luminosidad.<\/strong><\/p>\n<p><strong>Lift &amp; Glow Mimi Luzon\u00a0con\u00a0RF\u00a0<\/strong><\/p>\n<p>Tratamiento que combina la\u00a0<strong>24K Pure Gold Mask<\/strong>, los conocidos exfoliantes profundos Snow White o Get Even y el trabajo de uno de los equipos de radiofrecuencia monopolar y bipolar m\u00e1s eficaz del mercado. Todo ello, junto al masaje de remonte vitalizador del centro Marta Garc\u00eda, crea un aut\u00e9ntico efecto\u00a0<strong><em>resurfacing<\/em><\/strong>.<\/p>\n<p>Precio: 290\u20ac\/sesi\u00f3n. Duraci\u00f3n: 1h\/sesi\u00f3n<\/p>\n<p><strong>Lift &amp; Glow Mimi Luzon E-Light MG<\/strong><\/p>\n<p>Este protocolo es exclusivo del centro de Marta Garc\u00eda y a\u00fana lo mejor de ambas esteticistas. El tratamiento consigue una\u00a0<strong>piel saludable y resplandeciente<\/strong>, uniforme y libre de imperfecciones. Trabaja sobre los efectos de la exposici\u00f3n solar, los cambios hormonales y cambios que la piel va presentando con la edad, que pueden causar pigmentaci\u00f3n o aparici\u00f3n de manchas.<\/p>\n<p>En cabina, Marta Garc\u00eda trabaja el protocolo Lift &amp; Glow de Mimi Luzon, que incluye la famosa y buscada mascarilla de oro de 24 kilates (24K Pure Gold Mask) y le a\u00f1ade la combinaci\u00f3n de las\u00a0<strong>tecnolog\u00edas m\u00e1s punteras<\/strong>, como la radiofrecuencia multipolar unida a los beneficios del IPL y del l\u00e1ser de Xenon para corregir las manchas.<\/p>\n<p>Para domicilio, pauta\u00a0<strong>The Brightening Collection<\/strong>, que contiene una mezcla de \u00e1cidos activos como \u00e1cido l\u00e1ctico, k\u00f3jico y m\u00e1lico. La uni\u00f3n de estos activos proporciona a la piel un tono m\u00e1s saludable, resplandeciente y uniforme; y todo de manera controlada y no invasiva.<\/p>\n<p>Precio 300 \u20ac\/ sesi\u00f3n. Duraci\u00f3n:1 h y 15 min\/sesi\u00f3n<\/p>\n<p><strong>Wonder Treatment Mimi Luzon<\/strong><\/p>\n<p>Este protocolo dise\u00f1ado por Mimi Luzon consiste en una cura que emplea los exfoliantes profundos Snow White o Get Even junto a la\u00a0<strong>Wonder Mask<\/strong>. Esta m\u00e1scara combina hojas de\u00a0<strong>plata pura\u00a0<\/strong>con extracto de alga marina, \u00e1cido hialur\u00f3nico, p\u00e9ptodos de cobre, escualano, \u00e1rnica y t\u00e9 rojo.<\/p>\n<p>A la cura con exfoliantes, se le suma un\u00a0<strong>masaje espec\u00edfico detox\u00a0<\/strong>que act\u00faa a modo de antinflamatorio rejuvenecedor e hidratante para las pieles sensibles y deshidratadas. Tambi\u00e9n reduce rojeces y calma el estr\u00e9s de la piel.<\/p>\n<p>Precio: desde 250\u20ac\/sesi\u00f3n. Duraci\u00f3n: 1h\/sesi\u00f3n<\/p>\n<p><strong>Sobre Marta Garc\u00eda Esteticistas<\/strong><\/p>\n<p><strong>Marta Garc\u00eda\u00a0<\/strong>fund\u00f3 su propio centro de est\u00e9tica,\u00a0<strong>Marta Garc\u00eda Esteticistas<\/strong>, en Oviedo (Asturias) en\u00a0<strong>1996.\u00a0<\/strong>Desde el inicio se hizo cargo del departamento facial y de la direcci\u00f3n del centro y no ha dejado de investigar, combinar tratamientos e idear sus propios protocolos.<\/p>\n<p>En 1999,\u00a0<strong>Jairo Garc\u00eda\u00a0<\/strong>se uni\u00f3 a esta gran aventura como encargado de los departamentos de corporal, est\u00e9tica del pie y masajes. El resto del equipo trabaja en el centro desde hace a\u00f1os y destaca por su buena cualificaci\u00f3n, sensibilidad, comprensi\u00f3n y cordialidad con los clientes.<\/p>\n<p><strong>Marta Garc\u00eda Esteticistas\u00a0<\/strong>es ahora un referente en el sector Belleza y cuenta con varios premios y reconocimientos, como el\u00a0<strong>Premio a la Excelencia\u00a0<\/strong>en Mejor centro de Belleza y Bienestar o el Premio ADACO de Innovaci\u00f3n y Modernizaci\u00f3n Comercial.<\/p>\n<p>En\u00a0<strong>Marta Garc\u00eda Esteticistas<\/strong>, son especialistas en tratamientos\u00a0<strong>faciales y corporales\u00a0<\/strong>con aparatolog\u00eda de\u00a0<strong>\u00faltima generaci\u00f3n\u00a0<\/strong>y en depilaci\u00f3n l\u00e1ser. Tambi\u00e9n disponen de una amplia gama de t\u00e9cnicas tradicionales como el ayurveda, masajes, est\u00e9tica de pies y manos o curas de bienestar. Destacan por el exhaustivo examen que se realiza a cada cliente: tienen claro que la clave del \u00e9xito en cualquier tratamiento de belleza reside en un\u00a0<strong>buen diagn\u00f3stico<\/strong>.<\/p>\n<p><strong>Conocerles<\/strong><br \/>\nwww.martagarcia.net<br \/>\nC\/ Ur\u00eda, 39. Oviedo<\/p>\n","protected":false},"excerpt":{"rendered":"<p>Irina Shayk, Sara Sampaio, Chiara Ferragni, Elsa Hosk, Izabel Goulart o Bianca Balti. Estas son solo algunas de las\u00a0celebrities\u00a0que Mimi Luzon, experta en bienestar y belleza de la piel, ha tratado de cara a eventos internacionales. Con el objetivo de expandir su\u00a0know-how\u00a0en Espa\u00f1a, Luzon escoge la Cl\u00ednica de est\u00e9tica\u00a0antiaging\u00a0Marta Garc\u00eda como punto donde ofrecer sus<\/p>\n","protected":false},"author":1,"featured_media":100930,"comment_status":"closed","ping_status":"closed","sticky":false,"template":"","format":"standard","meta":{"footnotes":""},"categories":[142],"tags":[],"class_list":{"0":"post-100929","1":"post","2":"type-post","3":"status-publish","4":"format-standard","5":"has-post-thumbnail","7":"category-revista"},"aioseo_notices":[],"aioseo_head":"\n\t\t<!-- All in One SEO Pro 4.9.6.2 - aioseo.com -->\n\t<meta name=\"description\" content=\"Irina Shayk, Sara Sampaio, Chiara Ferragni, Elsa Hosk, Izabel Goulart o Bianca Balti. Estas son solo algunas de las celebrities que Mimi Luzon, experta en bienestar y belleza de la piel, ha tratado de cara a eventos internacionales. Con el objetivo de expandir su know-how en Espa\u00f1a, Luzon escoge la Cl\u00ednica de est\u00e9tica antiaging Marta Garc\u00eda como punto donde ofrecer sus\" \/>\n\t<meta name=\"robots\" content=\"max-image-preview:large\" \/>\n\t<meta name=\"author\" content=\"Cand\u00e1s 365\"\/>\n\t<meta name=\"google-site-verification\" content=\"UA-32230408-1\" \/>\n\t<meta name=\"msvalidate.01\" content=\"354F3CDFB2DA171B47FBE9ABF1F88D5\" \/>\n\t<meta name=\"keywords\" content=\"revista\" \/>\n\t<link rel=\"canonical\" href=\"https:\/\/candas365.es\/noticias\/mimi-luzon-llega-a-espana-de-la-mano-de-marta-garcia\/\" \/>\n\t<meta name=\"generator\" content=\"All in One SEO Pro (AIOSEO) 4.9.6.2\" \/>\n\t\t<meta property=\"og:locale\" content=\"es_ES\" \/>\n\t\t<meta property=\"og:site_name\" content=\"Cand\u00e1s 365\" \/>\n\t\t<meta property=\"og:type\" content=\"article\" \/>\n\t\t<meta property=\"og:title\" content=\"Mimi Luzon llega a Espa\u00f1a de la mano de Marta Garc\u00eda | Cand\u00e1s 365\" \/>\n\t\t<meta property=\"og:description\" content=\"Irina Shayk, Sara Sampaio, Chiara Ferragni, Elsa Hosk, Izabel Goulart o Bianca Balti. Estas son solo algunas de las celebrities que Mimi Luzon, experta en bienestar y belleza de la piel, ha tratado de cara a eventos internacionales. Con el objetivo de expandir su know-how en Espa\u00f1a, Luzon escoge la Cl\u00ednica de est\u00e9tica antiaging Marta Garc\u00eda como punto donde ofrecer sus\" \/>\n\t\t<meta property=\"og:url\" content=\"https:\/\/candas365.es\/noticias\/mimi-luzon-llega-a-espana-de-la-mano-de-marta-garcia\/\" \/>\n\t\t<meta property=\"og:image\" content=\"https:\/\/candas365.es\/noticias\/wp-content\/uploads\/2018\/07\/1531998998_Mimi_Luzon_x_MG_opt.jpg\" \/>\n\t\t<meta property=\"og:image:secure_url\" content=\"https:\/\/candas365.es\/noticias\/wp-content\/uploads\/2018\/07\/1531998998_Mimi_Luzon_x_MG_opt.jpg\" \/>\n\t\t<meta property=\"og:image:width\" content=\"800\" \/>\n\t\t<meta property=\"og:image:height\" content=\"418\" \/>\n\t\t<meta property=\"article:published_time\" content=\"2018-07-22T07:11:48+00:00\" \/>\n\t\t<meta property=\"article:modified_time\" content=\"2018-07-22T07:11:48+00:00\" \/>\n\t\t<meta property=\"article:publisher\" content=\"https:\/\/www.facebook.com\/Nachofdezber\" \/>\n\t\t<meta property=\"article:author\" content=\"https:\/\/www.facebook.com\/carrenoactualidad\" \/>\n\t\t<meta name=\"twitter:card\" content=\"summary_large_image\" \/>\n\t\t<meta name=\"twitter:site\" content=\"@NabercoDigital\" \/>\n\t\t<meta name=\"twitter:title\" content=\"Mimi Luzon llega a Espa\u00f1a de la mano de Marta Garc\u00eda | Cand\u00e1s 365\" \/>\n\t\t<meta name=\"twitter:description\" content=\"Irina Shayk, Sara Sampaio, Chiara Ferragni, Elsa Hosk, Izabel Goulart o Bianca Balti. Estas son solo algunas de las celebrities que Mimi Luzon, experta en bienestar y belleza de la piel, ha tratado de cara a eventos internacionales. Con el objetivo de expandir su know-how en Espa\u00f1a, Luzon escoge la Cl\u00ednica de est\u00e9tica antiaging Marta Garc\u00eda como punto donde ofrecer sus\" \/>\n\t\t<meta name=\"twitter:creator\" content=\"@nbasturias\" \/>\n\t\t<meta name=\"twitter:image\" content=\"https:\/\/candas365.es\/noticias\/wp-content\/uploads\/2018\/07\/1531998998_Mimi_Luzon_x_MG_opt.jpg\" \/>\n\t\t<meta name=\"twitter:label1\" content=\"Escrito por\" \/>\n\t\t<meta name=\"twitter:data1\" content=\"Cand\u00e1s 365\" \/>\n\t\t<meta name=\"twitter:label2\" content=\"Tiempo de lectura estimado\" \/>\n\t\t<meta name=\"twitter:data2\" content=\"4 minutos\" \/>\n\t\t<script type=\"application\/ld+json\" class=\"aioseo-schema\">\n\t\t\t{\"@context\":\"https:\\\/\\\/schema.org\",\"@graph\":[{\"@type\":\"BreadcrumbList\",\"@id\":\"https:\\\/\\\/candas365.es\\\/noticias\\\/mimi-luzon-llega-a-espana-de-la-mano-de-marta-garcia\\\/#breadcrumblist\",\"itemListElement\":[{\"@type\":\"ListItem\",\"@id\":\"https:\\\/\\\/candas365.es\\\/noticias#listItem\",\"position\":1,\"name\":\"Home\",\"item\":\"https:\\\/\\\/candas365.es\\\/noticias\",\"nextItem\":{\"@type\":\"ListItem\",\"@id\":\"https:\\\/\\\/candas365.es\\\/noticias\\\/category\\\/revista\\\/#listItem\",\"name\":\"Revista\"}},{\"@type\":\"ListItem\",\"@id\":\"https:\\\/\\\/candas365.es\\\/noticias\\\/category\\\/revista\\\/#listItem\",\"position\":2,\"name\":\"Revista\",\"item\":\"https:\\\/\\\/candas365.es\\\/noticias\\\/category\\\/revista\\\/\",\"nextItem\":{\"@type\":\"ListItem\",\"@id\":\"https:\\\/\\\/candas365.es\\\/noticias\\\/mimi-luzon-llega-a-espana-de-la-mano-de-marta-garcia\\\/#listItem\",\"name\":\"Mimi Luzon llega a Espa\\u00f1a de la mano de Marta Garc\\u00eda\"},\"previousItem\":{\"@type\":\"ListItem\",\"@id\":\"https:\\\/\\\/candas365.es\\\/noticias#listItem\",\"name\":\"Home\"}},{\"@type\":\"ListItem\",\"@id\":\"https:\\\/\\\/candas365.es\\\/noticias\\\/mimi-luzon-llega-a-espana-de-la-mano-de-marta-garcia\\\/#listItem\",\"position\":3,\"name\":\"Mimi Luzon llega a Espa\\u00f1a de la mano de Marta Garc\\u00eda\",\"previousItem\":{\"@type\":\"ListItem\",\"@id\":\"https:\\\/\\\/candas365.es\\\/noticias\\\/category\\\/revista\\\/#listItem\",\"name\":\"Revista\"}}]},{\"@type\":\"NewsArticle\",\"@id\":\"https:\\\/\\\/candas365.es\\\/noticias\\\/mimi-luzon-llega-a-espana-de-la-mano-de-marta-garcia\\\/#newsarticle\",\"name\":\"Mimi Luzon llega a Espa\\u00f1a de la mano de Marta Garc\\u00eda | Cand\\u00e1s 365\",\"headline\":\"Mimi Luzon llega a Espa\\u00f1a de la mano de Marta Garc\\u00eda\",\"author\":{\"@id\":\"https:\\\/\\\/candas365.es\\\/noticias\\\/author\\\/admin\\\/#author\"},\"publisher\":{\"@id\":\"https:\\\/\\\/candas365.es\\\/noticias\\\/#organization\"},\"image\":{\"@type\":\"ImageObject\",\"url\":\"https:\\\/\\\/candas365.es\\\/noticias\\\/wp-content\\\/uploads\\\/2018\\\/07\\\/1531998998_Mimi_Luzon_x_MG_opt.jpg\",\"width\":800,\"height\":418},\"datePublished\":\"2018-07-22T07:11:48+02:00\",\"dateModified\":\"2018-07-22T07:11:48+02:00\",\"inLanguage\":\"es-ES\",\"mainEntityOfPage\":{\"@id\":\"https:\\\/\\\/candas365.es\\\/noticias\\\/mimi-luzon-llega-a-espana-de-la-mano-de-marta-garcia\\\/#webpage\"},\"isPartOf\":{\"@id\":\"https:\\\/\\\/candas365.es\\\/noticias\\\/mimi-luzon-llega-a-espana-de-la-mano-de-marta-garcia\\\/#webpage\"},\"articleSection\":\"Revista\",\"dateline\":\"Publicado el julio 22, 2018.\"},{\"@type\":\"Organization\",\"@id\":\"https:\\\/\\\/candas365.es\\\/noticias\\\/#organization\",\"name\":\"Cand\\u00e1s 365\",\"description\":\"Cand\\u00e1s 365 es un diario digital independiente, fundado en 2012, con base en Asturias. Informamos con rigor sobre actualidad, sociedad, cultura y ocio, con una mirada local y global.\",\"url\":\"https:\\\/\\\/candas365.es\\\/noticias\\\/\",\"email\":\"info@candas365.es\",\"telephone\":\"+34652131393\",\"foundingDate\":\"2012-06-10\",\"logo\":{\"@type\":\"ImageObject\",\"url\":\"https:\\\/\\\/candas365.es\\\/noticias\\\/wp-content\\\/uploads\\\/2024\\\/09\\\/Candas-365-Redes.jpg\",\"@id\":\"https:\\\/\\\/candas365.es\\\/noticias\\\/mimi-luzon-llega-a-espana-de-la-mano-de-marta-garcia\\\/#organizationLogo\",\"width\":1152,\"height\":864,\"caption\":\"Cand\\u00e1s 365 Redes\"},\"image\":{\"@id\":\"https:\\\/\\\/candas365.es\\\/noticias\\\/mimi-luzon-llega-a-espana-de-la-mano-de-marta-garcia\\\/#organizationLogo\"},\"sameAs\":[\"https:\\\/\\\/www.facebook.com\\\/Nachofdezber\",\"https:\\\/\\\/x.com\\\/NabercoDigital\",\"https:\\\/\\\/www.instagram.com\\\/nachofdezber\\\/\",\"https:\\\/\\\/www.youtube.com\\\/channel\\\/UCZP-2wLEB9Rv6erhFmqVnvg\"],\"address\":{\"@id\":\"https:\\\/\\\/candas365.es\\\/noticias\\\/#postaladdress\",\"@type\":\"PostalAddress\",\"streetAddress\":\"san antonio 4, san antonio 4\",\"postalCode\":\"33430\",\"addressLocality\":\"Cand\\u00e1s\",\"addressRegion\":\"Asturias\",\"addressCountry\":\"ES\"}},{\"@type\":\"Person\",\"@id\":\"https:\\\/\\\/candas365.es\\\/noticias\\\/author\\\/admin\\\/#author\",\"url\":\"https:\\\/\\\/candas365.es\\\/noticias\\\/author\\\/admin\\\/\",\"name\":\"Cand\\u00e1s 365\",\"image\":{\"@type\":\"ImageObject\",\"@id\":\"https:\\\/\\\/candas365.es\\\/noticias\\\/mimi-luzon-llega-a-espana-de-la-mano-de-marta-garcia\\\/#authorImage\",\"url\":\"https:\\\/\\\/secure.gravatar.com\\\/avatar\\\/496a8e03d0c493ede1718b7934145dbdf8d89be1036b0eec9544e1094c9de390?s=96&d=mm&r=g\",\"width\":96,\"height\":96,\"caption\":\"Cand\\u00e1s 365\"},\"sameAs\":[\"https:\\\/\\\/www.facebook.com\\\/carrenoactualidad\",\"https:\\\/\\\/twitter.com\\\/nbasturias\",\"https:\\\/\\\/www.instagram.com\\\/nachofdezber\\\/\",\"https:\\\/\\\/www.youtube.com\\\/channel\\\/UCZP-2wLEB9Rv6erhFmqVnvg\"]},{\"@type\":\"WebPage\",\"@id\":\"https:\\\/\\\/candas365.es\\\/noticias\\\/mimi-luzon-llega-a-espana-de-la-mano-de-marta-garcia\\\/#webpage\",\"url\":\"https:\\\/\\\/candas365.es\\\/noticias\\\/mimi-luzon-llega-a-espana-de-la-mano-de-marta-garcia\\\/\",\"name\":\"Mimi Luzon llega a Espa\\u00f1a de la mano de Marta Garc\\u00eda | Cand\\u00e1s 365\",\"description\":\"Irina Shayk, Sara Sampaio, Chiara Ferragni, Elsa Hosk, Izabel Goulart o Bianca Balti. Estas son solo algunas de las celebrities que Mimi Luzon, experta en bienestar y belleza de la piel, ha tratado de cara a eventos internacionales. Con el objetivo de expandir su know-how en Espa\\u00f1a, Luzon escoge la Cl\\u00ednica de est\\u00e9tica antiaging Marta Garc\\u00eda como punto donde ofrecer sus\",\"inLanguage\":\"es-ES\",\"isPartOf\":{\"@id\":\"https:\\\/\\\/candas365.es\\\/noticias\\\/#website\"},\"breadcrumb\":{\"@id\":\"https:\\\/\\\/candas365.es\\\/noticias\\\/mimi-luzon-llega-a-espana-de-la-mano-de-marta-garcia\\\/#breadcrumblist\"},\"author\":{\"@id\":\"https:\\\/\\\/candas365.es\\\/noticias\\\/author\\\/admin\\\/#author\"},\"creator\":{\"@id\":\"https:\\\/\\\/candas365.es\\\/noticias\\\/author\\\/admin\\\/#author\"},\"image\":{\"@type\":\"ImageObject\",\"url\":\"https:\\\/\\\/candas365.es\\\/noticias\\\/wp-content\\\/uploads\\\/2018\\\/07\\\/1531998998_Mimi_Luzon_x_MG_opt.jpg\",\"@id\":\"https:\\\/\\\/candas365.es\\\/noticias\\\/mimi-luzon-llega-a-espana-de-la-mano-de-marta-garcia\\\/#mainImage\",\"width\":800,\"height\":418},\"primaryImageOfPage\":{\"@id\":\"https:\\\/\\\/candas365.es\\\/noticias\\\/mimi-luzon-llega-a-espana-de-la-mano-de-marta-garcia\\\/#mainImage\"},\"datePublished\":\"2018-07-22T07:11:48+02:00\",\"dateModified\":\"2018-07-22T07:11:48+02:00\"},{\"@type\":\"WebSite\",\"@id\":\"https:\\\/\\\/candas365.es\\\/noticias\\\/#website\",\"url\":\"https:\\\/\\\/candas365.es\\\/noticias\\\/\",\"name\":\"Cand\\u00e1s 365\",\"alternateName\":\"Cand\\u00e1s 365 Noticias\",\"description\":\"Actualidad desde Carre\\u00f1o para el mundo\",\"inLanguage\":\"es-ES\",\"publisher\":{\"@id\":\"https:\\\/\\\/candas365.es\\\/noticias\\\/#organization\"}}]}\n\t\t<\/script>\n\t\t<!-- All in One SEO Pro -->\r\n\t\t<title>Mimi Luzon llega a Espa\u00f1a de la mano de Marta Garc\u00eda | Cand\u00e1s 365<\/title>\n\n","aioseo_head_json":{"title":"Mimi Luzon llega a Espa\u00f1a de la mano de Marta Garc\u00eda | Cand\u00e1s 365","description":"Irina Shayk, Sara Sampaio, Chiara Ferragni, Elsa Hosk, Izabel Goulart o Bianca Balti. Estas son solo algunas de las celebrities que Mimi Luzon, experta en bienestar y belleza de la piel, ha tratado de cara a eventos internacionales. Con el objetivo de expandir su know-how en Espa\u00f1a, Luzon escoge la Cl\u00ednica de est\u00e9tica antiaging Marta Garc\u00eda como punto donde ofrecer sus","canonical_url":"https:\/\/candas365.es\/noticias\/mimi-luzon-llega-a-espana-de-la-mano-de-marta-garcia\/","robots":"max-image-preview:large","keywords":"revista","webmasterTools":{"google-site-verification":"UA-32230408-1","msvalidate.01":"354F3CDFB2DA171B47FBE9ABF1F88D5","miscellaneous":""},"schema":{"@context":"https:\/\/schema.org","@graph":[{"@type":"BreadcrumbList","@id":"https:\/\/candas365.es\/noticias\/mimi-luzon-llega-a-espana-de-la-mano-de-marta-garcia\/#breadcrumblist","itemListElement":[{"@type":"ListItem","@id":"https:\/\/candas365.es\/noticias#listItem","position":1,"name":"Home","item":"https:\/\/candas365.es\/noticias","nextItem":{"@type":"ListItem","@id":"https:\/\/candas365.es\/noticias\/category\/revista\/#listItem","name":"Revista"}},{"@type":"ListItem","@id":"https:\/\/candas365.es\/noticias\/category\/revista\/#listItem","position":2,"name":"Revista","item":"https:\/\/candas365.es\/noticias\/category\/revista\/","nextItem":{"@type":"ListItem","@id":"https:\/\/candas365.es\/noticias\/mimi-luzon-llega-a-espana-de-la-mano-de-marta-garcia\/#listItem","name":"Mimi Luzon llega a Espa\u00f1a de la mano de Marta Garc\u00eda"},"previousItem":{"@type":"ListItem","@id":"https:\/\/candas365.es\/noticias#listItem","name":"Home"}},{"@type":"ListItem","@id":"https:\/\/candas365.es\/noticias\/mimi-luzon-llega-a-espana-de-la-mano-de-marta-garcia\/#listItem","position":3,"name":"Mimi Luzon llega a Espa\u00f1a de la mano de Marta Garc\u00eda","previousItem":{"@type":"ListItem","@id":"https:\/\/candas365.es\/noticias\/category\/revista\/#listItem","name":"Revista"}}]},{"@type":"NewsArticle","@id":"https:\/\/candas365.es\/noticias\/mimi-luzon-llega-a-espana-de-la-mano-de-marta-garcia\/#newsarticle","name":"Mimi Luzon llega a Espa\u00f1a de la mano de Marta Garc\u00eda | Cand\u00e1s 365","headline":"Mimi Luzon llega a Espa\u00f1a de la mano de Marta Garc\u00eda","author":{"@id":"https:\/\/candas365.es\/noticias\/author\/admin\/#author"},"publisher":{"@id":"https:\/\/candas365.es\/noticias\/#organization"},"image":{"@type":"ImageObject","url":"https:\/\/candas365.es\/noticias\/wp-content\/uploads\/2018\/07\/1531998998_Mimi_Luzon_x_MG_opt.jpg","width":800,"height":418},"datePublished":"2018-07-22T07:11:48+02:00","dateModified":"2018-07-22T07:11:48+02:00","inLanguage":"es-ES","mainEntityOfPage":{"@id":"https:\/\/candas365.es\/noticias\/mimi-luzon-llega-a-espana-de-la-mano-de-marta-garcia\/#webpage"},"isPartOf":{"@id":"https:\/\/candas365.es\/noticias\/mimi-luzon-llega-a-espana-de-la-mano-de-marta-garcia\/#webpage"},"articleSection":"Revista","dateline":"Publicado el julio 22, 2018."},{"@type":"Organization","@id":"https:\/\/candas365.es\/noticias\/#organization","name":"Cand\u00e1s 365","description":"Cand\u00e1s 365 es un diario digital independiente, fundado en 2012, con base en Asturias. Informamos con rigor sobre actualidad, sociedad, cultura y ocio, con una mirada local y global.","url":"https:\/\/candas365.es\/noticias\/","email":"info@candas365.es","telephone":"+34652131393","foundingDate":"2012-06-10","logo":{"@type":"ImageObject","url":"https:\/\/candas365.es\/noticias\/wp-content\/uploads\/2024\/09\/Candas-365-Redes.jpg","@id":"https:\/\/candas365.es\/noticias\/mimi-luzon-llega-a-espana-de-la-mano-de-marta-garcia\/#organizationLogo","width":1152,"height":864,"caption":"Cand\u00e1s 365 Redes"},"image":{"@id":"https:\/\/candas365.es\/noticias\/mimi-luzon-llega-a-espana-de-la-mano-de-marta-garcia\/#organizationLogo"},"sameAs":["https:\/\/www.facebook.com\/Nachofdezber","https:\/\/x.com\/NabercoDigital","https:\/\/www.instagram.com\/nachofdezber\/","https:\/\/www.youtube.com\/channel\/UCZP-2wLEB9Rv6erhFmqVnvg"],"address":{"@id":"https:\/\/candas365.es\/noticias\/#postaladdress","@type":"PostalAddress","streetAddress":"san antonio 4, san antonio 4","postalCode":"33430","addressLocality":"Cand\u00e1s","addressRegion":"Asturias","addressCountry":"ES"}},{"@type":"Person","@id":"https:\/\/candas365.es\/noticias\/author\/admin\/#author","url":"https:\/\/candas365.es\/noticias\/author\/admin\/","name":"Cand\u00e1s 365","image":{"@type":"ImageObject","@id":"https:\/\/candas365.es\/noticias\/mimi-luzon-llega-a-espana-de-la-mano-de-marta-garcia\/#authorImage","url":"https:\/\/secure.gravatar.com\/avatar\/496a8e03d0c493ede1718b7934145dbdf8d89be1036b0eec9544e1094c9de390?s=96&d=mm&r=g","width":96,"height":96,"caption":"Cand\u00e1s 365"},"sameAs":["https:\/\/www.facebook.com\/carrenoactualidad","https:\/\/twitter.com\/nbasturias","https:\/\/www.instagram.com\/nachofdezber\/","https:\/\/www.youtube.com\/channel\/UCZP-2wLEB9Rv6erhFmqVnvg"]},{"@type":"WebPage","@id":"https:\/\/candas365.es\/noticias\/mimi-luzon-llega-a-espana-de-la-mano-de-marta-garcia\/#webpage","url":"https:\/\/candas365.es\/noticias\/mimi-luzon-llega-a-espana-de-la-mano-de-marta-garcia\/","name":"Mimi Luzon llega a Espa\u00f1a de la mano de Marta Garc\u00eda | Cand\u00e1s 365","description":"Irina Shayk, Sara Sampaio, Chiara Ferragni, Elsa Hosk, Izabel Goulart o Bianca Balti. Estas son solo algunas de las celebrities que Mimi Luzon, experta en bienestar y belleza de la piel, ha tratado de cara a eventos internacionales. Con el objetivo de expandir su know-how en Espa\u00f1a, Luzon escoge la Cl\u00ednica de est\u00e9tica antiaging Marta Garc\u00eda como punto donde ofrecer sus","inLanguage":"es-ES","isPartOf":{"@id":"https:\/\/candas365.es\/noticias\/#website"},"breadcrumb":{"@id":"https:\/\/candas365.es\/noticias\/mimi-luzon-llega-a-espana-de-la-mano-de-marta-garcia\/#breadcrumblist"},"author":{"@id":"https:\/\/candas365.es\/noticias\/author\/admin\/#author"},"creator":{"@id":"https:\/\/candas365.es\/noticias\/author\/admin\/#author"},"image":{"@type":"ImageObject","url":"https:\/\/candas365.es\/noticias\/wp-content\/uploads\/2018\/07\/1531998998_Mimi_Luzon_x_MG_opt.jpg","@id":"https:\/\/candas365.es\/noticias\/mimi-luzon-llega-a-espana-de-la-mano-de-marta-garcia\/#mainImage","width":800,"height":418},"primaryImageOfPage":{"@id":"https:\/\/candas365.es\/noticias\/mimi-luzon-llega-a-espana-de-la-mano-de-marta-garcia\/#mainImage"},"datePublished":"2018-07-22T07:11:48+02:00","dateModified":"2018-07-22T07:11:48+02:00"},{"@type":"WebSite","@id":"https:\/\/candas365.es\/noticias\/#website","url":"https:\/\/candas365.es\/noticias\/","name":"Cand\u00e1s 365","alternateName":"Cand\u00e1s 365 Noticias","description":"Actualidad desde Carre\u00f1o para el mundo","inLanguage":"es-ES","publisher":{"@id":"https:\/\/candas365.es\/noticias\/#organization"}}]},"og:locale":"es_ES","og:site_name":"Cand\u00e1s 365","og:type":"article","og:title":"Mimi Luzon llega a Espa\u00f1a de la mano de Marta Garc\u00eda | Cand\u00e1s 365","og:description":"Irina Shayk, Sara Sampaio, Chiara Ferragni, Elsa Hosk, Izabel Goulart o Bianca Balti. Estas son solo algunas de las celebrities que Mimi Luzon, experta en bienestar y belleza de la piel, ha tratado de cara a eventos internacionales. Con el objetivo de expandir su know-how en Espa\u00f1a, Luzon escoge la Cl\u00ednica de est\u00e9tica antiaging Marta Garc\u00eda como punto donde ofrecer sus","og:url":"https:\/\/candas365.es\/noticias\/mimi-luzon-llega-a-espana-de-la-mano-de-marta-garcia\/","og:image":"https:\/\/candas365.es\/noticias\/wp-content\/uploads\/2018\/07\/1531998998_Mimi_Luzon_x_MG_opt.jpg","og:image:secure_url":"https:\/\/candas365.es\/noticias\/wp-content\/uploads\/2018\/07\/1531998998_Mimi_Luzon_x_MG_opt.jpg","og:image:width":800,"og:image:height":418,"article:published_time":"2018-07-22T07:11:48+00:00","article:modified_time":"2018-07-22T07:11:48+00:00","article:publisher":"https:\/\/www.facebook.com\/Nachofdezber","article:author":"https:\/\/www.facebook.com\/carrenoactualidad","twitter:card":"summary_large_image","twitter:site":"@NabercoDigital","twitter:title":"Mimi Luzon llega a Espa\u00f1a de la mano de Marta Garc\u00eda | Cand\u00e1s 365","twitter:description":"Irina Shayk, Sara Sampaio, Chiara Ferragni, Elsa Hosk, Izabel Goulart o Bianca Balti. Estas son solo algunas de las celebrities que Mimi Luzon, experta en bienestar y belleza de la piel, ha tratado de cara a eventos internacionales. Con el objetivo de expandir su know-how en Espa\u00f1a, Luzon escoge la Cl\u00ednica de est\u00e9tica antiaging Marta Garc\u00eda como punto donde ofrecer sus","twitter:creator":"@nbasturias","twitter:image":"https:\/\/candas365.es\/noticias\/wp-content\/uploads\/2018\/07\/1531998998_Mimi_Luzon_x_MG_opt.jpg","twitter:label1":"Escrito por","twitter:data1":"Cand\u00e1s 365","twitter:label2":"Tiempo de lectura estimado","twitter:data2":"4 minutos"},"aioseo_meta_data":{"post_id":"100929","title":null,"description":null,"keywords":null,"keyphrases":null,"primary_term":null,"canonical_url":null,"og_title":null,"og_description":null,"og_object_type":"default","og_image_type":"default","og_image_url":null,"og_image_width":null,"og_image_height":null,"og_image_custom_url":null,"og_image_custom_fields":null,"og_video":null,"og_custom_url":null,"og_article_section":null,"og_article_tags":null,"twitter_use_og":false,"twitter_card":"default","twitter_image_type":"default","twitter_image_url":null,"twitter_image_custom_url":null,"twitter_image_custom_fields":null,"twitter_title":null,"twitter_description":null,"schema":{"blockGraphs":[],"customGraphs":[],"default":{"data":{"Article":[],"Course":[],"Dataset":[],"FAQPage":[],"Movie":[],"Person":[],"Product":[],"ProductReview":[],"Car":[],"Recipe":[],"Service":[],"SoftwareApplication":[],"WebPage":[]},"graphName":"","isEnabled":true},"graphs":[]},"schema_type":null,"schema_type_options":null,"pillar_content":false,"robots_default":true,"robots_noindex":false,"robots_noarchive":false,"robots_nosnippet":false,"robots_nofollow":false,"robots_noimageindex":false,"robots_noodp":false,"robots_notranslate":false,"robots_max_snippet":null,"robots_max_videopreview":null,"robots_max_imagepreview":"large","priority":null,"frequency":null,"location":null,"local_seo":null,"seo_analyzer_scan_date":"2025-08-27 10:10:12","breadcrumb_settings":null,"limit_modified_date":false,"reviewed_by":null,"open_ai":null,"ai":null,"created":"2020-12-21 11:48:22","updated":"2025-08-27 10:10:12"},"aioseo_breadcrumb":"<div class=\"aioseo-breadcrumbs\"><span class=\"aioseo-breadcrumb\">\n\t<a href=\"https:\/\/candas365.es\/noticias\" title=\"Home\">Home<\/a>\n<\/span><span class=\"aioseo-breadcrumb-separator\">&ndash;<\/span><span class=\"aioseo-breadcrumb\">\n\t<a href=\"https:\/\/candas365.es\/noticias\/category\/revista\/\" title=\"Revista\">Revista<\/a>\n<\/span><span class=\"aioseo-breadcrumb-separator\">&ndash;<\/span><span class=\"aioseo-breadcrumb\">\n\tMimi Luzon llega a Espa\u00f1a de la mano de Marta Garc\u00eda\n<\/span><\/div>","aioseo_breadcrumb_json":[{"label":"Home","link":"https:\/\/candas365.es\/noticias"},{"label":"Revista","link":"https:\/\/candas365.es\/noticias\/category\/revista\/"},{"label":"Mimi Luzon llega a Espa\u00f1a de la mano de Marta Garc\u00eda","link":"https:\/\/candas365.es\/noticias\/mimi-luzon-llega-a-espana-de-la-mano-de-marta-garcia\/"}],"_links":{"self":[{"href":"https:\/\/candas365.es\/noticias\/wp-json\/wp\/v2\/posts\/100929","targetHints":{"allow":["GET"]}}],"collection":[{"href":"https:\/\/candas365.es\/noticias\/wp-json\/wp\/v2\/posts"}],"about":[{"href":"https:\/\/candas365.es\/noticias\/wp-json\/wp\/v2\/types\/post"}],"author":[{"embeddable":true,"href":"https:\/\/candas365.es\/noticias\/wp-json\/wp\/v2\/users\/1"}],"replies":[{"embeddable":true,"href":"https:\/\/candas365.es\/noticias\/wp-json\/wp\/v2\/comments?post=100929"}],"version-history":[{"count":0,"href":"https:\/\/candas365.es\/noticias\/wp-json\/wp\/v2\/posts\/100929\/revisions"}],"wp:featuredmedia":[{"embeddable":true,"href":"https:\/\/candas365.es\/noticias\/wp-json\/wp\/v2\/media\/100930"}],"wp:attachment":[{"href":"https:\/\/candas365.es\/noticias\/wp-json\/wp\/v2\/media?parent=100929"}],"wp:term":[{"taxonomy":"category","embeddable":true,"href":"https:\/\/candas365.es\/noticias\/wp-json\/wp\/v2\/categories?post=100929"},{"taxonomy":"post_tag","embeddable":true,"href":"https:\/\/candas365.es\/noticias\/wp-json\/wp\/v2\/tags?post=100929"}],"curies":[{"name":"wp","href":"https:\/\/api.w.org\/{rel}","templated":true}]}}