{"id":100920,"date":"2018-07-22T01:17:26","date_gmt":"2018-07-22T01:17:26","guid":{"rendered":"http:\/\/candas365.es\/noticias\/?p=100920"},"modified":"2018-07-22T01:17:26","modified_gmt":"2018-07-22T01:17:26","slug":"5-imprescindibles-que-no-deben-faltar-en-el-botiquin-de-viaje","status":"publish","type":"post","link":"https:\/\/candas365.es\/noticias\/5-imprescindibles-que-no-deben-faltar-en-el-botiquin-de-viaje\/","title":{"rendered":"5 imprescindibles que no deben faltar en el botiqu\u00edn de viaje"},"content":{"rendered":"<p><img fetchpriority=\"high\" decoding=\"async\" class=\"alignleft size-medium wp-image-100921\" src=\"https:\/\/candas365.es\/noticias\/wp-content\/uploads\/2018\/07\/1531825235_NP_Botiquin_mediQuo1-360x203.jpg\" alt=\"\" width=\"360\" height=\"203\" srcset=\"https:\/\/candas365.es\/noticias\/wp-content\/uploads\/2018\/07\/1531825235_NP_Botiquin_mediQuo1-360x203.jpg 360w, https:\/\/candas365.es\/noticias\/wp-content\/uploads\/2018\/07\/1531825235_NP_Botiquin_mediQuo1-768x432.jpg 768w, https:\/\/candas365.es\/noticias\/wp-content\/uploads\/2018\/07\/1531825235_NP_Botiquin_mediQuo1-655x368.jpg 655w, https:\/\/candas365.es\/noticias\/wp-content\/uploads\/2018\/07\/1531825235_NP_Botiquin_mediQuo1-696x392.jpg 696w, https:\/\/candas365.es\/noticias\/wp-content\/uploads\/2018\/07\/1531825235_NP_Botiquin_mediQuo1-1068x601.jpg 1068w, https:\/\/candas365.es\/noticias\/wp-content\/uploads\/2018\/07\/1531825235_NP_Botiquin_mediQuo1-747x420.jpg 747w, https:\/\/candas365.es\/noticias\/wp-content\/uploads\/2018\/07\/1531825235_NP_Botiquin_mediQuo1.jpg 1200w\" sizes=\"(max-width: 360px) 100vw, 360px\" \/>\u00bfPreparando la maleta para estas vacaciones? Cuando se prepara el equipaje no hay que olvidar incluir un peque\u00f1o botiqu\u00edn con material sanitario para que ning\u00fan problema de salud pueda arruinar esos d\u00edas de relax en familia.<\/p>\n<p>Pero \u00bfqu\u00e9 debe contener? Seg\u00fan,\u00a0<strong>S\u00f3nia Cibri\u00e1n<\/strong>, doctora de Medicina General y Familiar de\u00a0<a href=\"https:\/\/www.mediquo.com\/\" target=\"_blank\" rel=\"nofollow noopener\"><span style=\"color: #ff6600;\"><strong>mediQuo<\/strong><\/span><\/a>\u00a0\u2013 una app de chat m\u00e9dico 24 horas, los 7 d\u00edas de la semana-, \u201ccuando se decide realizar un viaje familiar es fundamental llevar siempre en la maleta un peque\u00f1o botiqu\u00edn con algunos b\u00e1sicos sanitarios para poder afrontar cualquier contratiempo y tratar las dolencias m\u00e1s comunes\u201d<em>.<\/em><\/p>\n<p>A la hora de planificar un viaje es igual de importante tener la documentaci\u00f3n en orden que llevar en la maleta un buen malet\u00edn de primeros auxilios. Por eso, la\u00a0<strong>Dra. Cibri\u00e1n<\/strong>\u00a0muestra qu\u00e9 hay que tener en cuenta a la hora de organizar el botiqu\u00edn con material sanitario, que ante todo debe ser resistente, ligero y, a ser posible, contar con alg\u00fan tipo de aislante t\u00e9rmico.<\/p>\n<p><strong>\u00bfCon qui\u00e9n se va?<\/strong>\u00a0No ser\u00e1 lo mismo si es una escapada donde solamente viajan personas adultas que si se viaja con ni\u00f1os, beb\u00e9s o mascotas, puesto que las necesidades cambian.<\/p>\n<p><strong>\u00bfD\u00f3nde se va?<\/strong>\u00a0Dependiendo del destino, se llevar\u00e1 unos elementos sanitarios u otros. Es decir, no es igual ir de vacaciones a la monta\u00f1a que disfrutar de unos d\u00edas de relax en la playa o ir de turismo por alguna ciudad que estar de safari lejos de la civilizaci\u00f3n.<\/p>\n<p><strong>\u00bfCu\u00e1nto tiempo?<\/strong>\u00a0Hay que tener en cuenta que, a m\u00e1s tiempo de vacaciones, m\u00e1s previsores hay que ser.<\/p>\n<p><strong>5 imprescindibles que no deben faltar en el botiqu\u00edn de viaje<br \/>\nAntit\u00e9rmico \/ Analg\u00e9sico<\/strong>. Son los medicamentos m\u00e1s utilizados y los que con m\u00e1s probabilidad se usaran durante las vacaciones en caso de que aparezca fiebre o alg\u00fan tipo de dolor (de cabeza, muscular, malestar&#8230;). Si adem\u00e1s se tiene pensado caminar mucho o hacer deporte, es recomendable incluir una pomada analg\u00e9sica para calmar los dolores o las molestias de la zona local.<\/p>\n<p><strong>Protector solar<\/strong>. Adem\u00e1s de protectores f\u00edsicos (gorras, sombreros, gafas de sol&#8230;) es imprescindible llevar una crema de protecci\u00f3n solar de factor alto para prevenir quemaduras, sobre todo en los momentos centrales del d\u00eda. La\u00a0<strong>doctora de Medicina General y Familiar de mediQuo<\/strong>\u00a0recuerda que se debe aplicar 30 minutos antes de salir de casa, volver a aplicarla cada 2 horas y, de nuevo, tras cada chapuz\u00f3n.<\/p>\n<p><strong>Corticoides t\u00f3picos<\/strong>. Llevar una crema de corticoides ayudar\u00e1 a bajar r\u00e1pidamente el picor e inflamaci\u00f3n de la piel, en el caso de picaduras de insectos. Asimismo, sirven para calmar el dolor de las quemaduras y de picaduras de animales marinos, como las medusas. La\u00a0<strong>Dra. Cibri\u00e1n<\/strong>\u00a0insiste en recordar que los antihistam\u00ednicos t\u00f3picos no est\u00e1n recomendados.<\/p>\n<p><strong>Material de curas<\/strong>. Imprescindible a\u00f1adir un term\u00f3metro, unas tijeras, desinfectante yodado, agua oxigenada, esparadrapo y gasas est\u00e9riles. Ayudar\u00e1 a solucionar cualquier herida menor.<\/p>\n<p><strong>Repelente de mosquitos<\/strong>. Mejor prevenir que curar. En verano, se est\u00e1 m\u00e1s expuestos a posibles picaduras, por lo que es recomendable tener a mano un repelente de insectos, especialmente si hay agua dulce cerca del lugar de alojamiento. Los repelentes de uso t\u00f3pico (cremas, lociones) forman una pel\u00edcula sobre la piel convirti\u00e9ndola en un lugar no agradable para insectos como moscas, mosquitos, pulgas y garrapatas. Sin embargo, ninguna loci\u00f3n t\u00f3pica es eficaz contra los insectos con aguij\u00f3n (abejas y avispas).<\/p>\n","protected":false},"excerpt":{"rendered":"<p>\u00bfPreparando la maleta para estas vacaciones? Cuando se prepara el equipaje no hay que olvidar incluir un peque\u00f1o botiqu\u00edn con material sanitario para que ning\u00fan problema de salud pueda arruinar esos d\u00edas de relax en familia. Pero \u00bfqu\u00e9 debe contener? Seg\u00fan,\u00a0S\u00f3nia Cibri\u00e1n, doctora de Medicina General y Familiar de\u00a0mediQuo\u00a0\u2013 una app de chat m\u00e9dico 24<\/p>\n","protected":false},"author":1,"featured_media":100921,"comment_status":"closed","ping_status":"closed","sticky":false,"template":"","format":"standard","meta":{"footnotes":""},"categories":[142],"tags":[],"class_list":{"0":"post-100920","1":"post","2":"type-post","3":"status-publish","4":"format-standard","5":"has-post-thumbnail","7":"category-revista"},"aioseo_notices":[],"aioseo_head":"\n\t\t<!-- All in One SEO Pro 4.9.6.2 - aioseo.com -->\n\t<meta name=\"description\" content=\"\u00bfPreparando la maleta para estas vacaciones? Cuando se prepara el equipaje no hay que olvidar incluir un peque\u00f1o botiqu\u00edn con material sanitario para que ning\u00fan problema de salud pueda arruinar esos d\u00edas de relax en familia. Pero \u00bfqu\u00e9 debe contener? Seg\u00fan, S\u00f3nia Cibri\u00e1n, doctora de Medicina General y Familiar de mediQuo \u2013 una app de chat m\u00e9dico 24\" \/>\n\t<meta name=\"robots\" content=\"max-image-preview:large\" \/>\n\t<meta name=\"author\" content=\"Cand\u00e1s 365\"\/>\n\t<meta name=\"google-site-verification\" content=\"UA-32230408-1\" \/>\n\t<meta name=\"msvalidate.01\" content=\"354F3CDFB2DA171B47FBE9ABF1F88D5\" \/>\n\t<meta name=\"keywords\" content=\"revista\" \/>\n\t<link rel=\"canonical\" href=\"https:\/\/candas365.es\/noticias\/5-imprescindibles-que-no-deben-faltar-en-el-botiquin-de-viaje\/\" \/>\n\t<meta name=\"generator\" content=\"All in One SEO Pro (AIOSEO) 4.9.6.2\" \/>\n\t\t<meta property=\"og:locale\" content=\"es_ES\" \/>\n\t\t<meta property=\"og:site_name\" content=\"Cand\u00e1s 365\" \/>\n\t\t<meta property=\"og:type\" content=\"article\" \/>\n\t\t<meta property=\"og:title\" content=\"5 imprescindibles que no deben faltar en el botiqu\u00edn de viaje | Cand\u00e1s 365\" \/>\n\t\t<meta property=\"og:description\" content=\"\u00bfPreparando la maleta para estas vacaciones? Cuando se prepara el equipaje no hay que olvidar incluir un peque\u00f1o botiqu\u00edn con material sanitario para que ning\u00fan problema de salud pueda arruinar esos d\u00edas de relax en familia. Pero \u00bfqu\u00e9 debe contener? Seg\u00fan, S\u00f3nia Cibri\u00e1n, doctora de Medicina General y Familiar de mediQuo \u2013 una app de chat m\u00e9dico 24\" \/>\n\t\t<meta property=\"og:url\" content=\"https:\/\/candas365.es\/noticias\/5-imprescindibles-que-no-deben-faltar-en-el-botiquin-de-viaje\/\" \/>\n\t\t<meta property=\"og:image\" content=\"https:\/\/candas365.es\/noticias\/wp-content\/uploads\/2018\/07\/1531825235_NP_Botiquin_mediQuo1.jpg\" \/>\n\t\t<meta property=\"og:image:secure_url\" content=\"https:\/\/candas365.es\/noticias\/wp-content\/uploads\/2018\/07\/1531825235_NP_Botiquin_mediQuo1.jpg\" \/>\n\t\t<meta property=\"og:image:width\" content=\"1200\" \/>\n\t\t<meta property=\"og:image:height\" content=\"675\" \/>\n\t\t<meta property=\"article:published_time\" content=\"2018-07-22T01:17:26+00:00\" \/>\n\t\t<meta property=\"article:modified_time\" content=\"2018-07-22T01:17:26+00:00\" \/>\n\t\t<meta property=\"article:publisher\" content=\"https:\/\/www.facebook.com\/Nachofdezber\" \/>\n\t\t<meta property=\"article:author\" content=\"https:\/\/www.facebook.com\/carrenoactualidad\" \/>\n\t\t<meta name=\"twitter:card\" content=\"summary_large_image\" \/>\n\t\t<meta name=\"twitter:site\" content=\"@NabercoDigital\" \/>\n\t\t<meta name=\"twitter:title\" content=\"5 imprescindibles que no deben faltar en el botiqu\u00edn de viaje | Cand\u00e1s 365\" \/>\n\t\t<meta name=\"twitter:description\" content=\"\u00bfPreparando la maleta para estas vacaciones? Cuando se prepara el equipaje no hay que olvidar incluir un peque\u00f1o botiqu\u00edn con material sanitario para que ning\u00fan problema de salud pueda arruinar esos d\u00edas de relax en familia. Pero \u00bfqu\u00e9 debe contener? Seg\u00fan, S\u00f3nia Cibri\u00e1n, doctora de Medicina General y Familiar de mediQuo \u2013 una app de chat m\u00e9dico 24\" \/>\n\t\t<meta name=\"twitter:creator\" content=\"@nbasturias\" \/>\n\t\t<meta name=\"twitter:image\" content=\"https:\/\/candas365.es\/noticias\/wp-content\/uploads\/2018\/07\/1531825235_NP_Botiquin_mediQuo1.jpg\" \/>\n\t\t<meta name=\"twitter:label1\" content=\"Escrito por\" \/>\n\t\t<meta name=\"twitter:data1\" content=\"Cand\u00e1s 365\" \/>\n\t\t<meta name=\"twitter:label2\" content=\"Tiempo de lectura estimado\" \/>\n\t\t<meta name=\"twitter:data2\" content=\"3 minutos\" \/>\n\t\t<script type=\"application\/ld+json\" class=\"aioseo-schema\">\n\t\t\t{\"@context\":\"https:\\\/\\\/schema.org\",\"@graph\":[{\"@type\":\"BreadcrumbList\",\"@id\":\"https:\\\/\\\/candas365.es\\\/noticias\\\/5-imprescindibles-que-no-deben-faltar-en-el-botiquin-de-viaje\\\/#breadcrumblist\",\"itemListElement\":[{\"@type\":\"ListItem\",\"@id\":\"https:\\\/\\\/candas365.es\\\/noticias#listItem\",\"position\":1,\"name\":\"Home\",\"item\":\"https:\\\/\\\/candas365.es\\\/noticias\",\"nextItem\":{\"@type\":\"ListItem\",\"@id\":\"https:\\\/\\\/candas365.es\\\/noticias\\\/category\\\/revista\\\/#listItem\",\"name\":\"Revista\"}},{\"@type\":\"ListItem\",\"@id\":\"https:\\\/\\\/candas365.es\\\/noticias\\\/category\\\/revista\\\/#listItem\",\"position\":2,\"name\":\"Revista\",\"item\":\"https:\\\/\\\/candas365.es\\\/noticias\\\/category\\\/revista\\\/\",\"nextItem\":{\"@type\":\"ListItem\",\"@id\":\"https:\\\/\\\/candas365.es\\\/noticias\\\/5-imprescindibles-que-no-deben-faltar-en-el-botiquin-de-viaje\\\/#listItem\",\"name\":\"5 imprescindibles que no deben faltar en el botiqu\\u00edn de viaje\"},\"previousItem\":{\"@type\":\"ListItem\",\"@id\":\"https:\\\/\\\/candas365.es\\\/noticias#listItem\",\"name\":\"Home\"}},{\"@type\":\"ListItem\",\"@id\":\"https:\\\/\\\/candas365.es\\\/noticias\\\/5-imprescindibles-que-no-deben-faltar-en-el-botiquin-de-viaje\\\/#listItem\",\"position\":3,\"name\":\"5 imprescindibles que no deben faltar en el botiqu\\u00edn de viaje\",\"previousItem\":{\"@type\":\"ListItem\",\"@id\":\"https:\\\/\\\/candas365.es\\\/noticias\\\/category\\\/revista\\\/#listItem\",\"name\":\"Revista\"}}]},{\"@type\":\"NewsArticle\",\"@id\":\"https:\\\/\\\/candas365.es\\\/noticias\\\/5-imprescindibles-que-no-deben-faltar-en-el-botiquin-de-viaje\\\/#newsarticle\",\"name\":\"5 imprescindibles que no deben faltar en el botiqu\\u00edn de viaje | Cand\\u00e1s 365\",\"headline\":\"5 imprescindibles que no deben faltar en el botiqu\\u00edn de viaje\",\"author\":{\"@id\":\"https:\\\/\\\/candas365.es\\\/noticias\\\/author\\\/admin\\\/#author\"},\"publisher\":{\"@id\":\"https:\\\/\\\/candas365.es\\\/noticias\\\/#organization\"},\"image\":{\"@type\":\"ImageObject\",\"url\":\"https:\\\/\\\/candas365.es\\\/noticias\\\/wp-content\\\/uploads\\\/2018\\\/07\\\/1531825235_NP_Botiquin_mediQuo1.jpg\",\"width\":1200,\"height\":675},\"datePublished\":\"2018-07-22T01:17:26+02:00\",\"dateModified\":\"2018-07-22T01:17:26+02:00\",\"inLanguage\":\"es-ES\",\"mainEntityOfPage\":{\"@id\":\"https:\\\/\\\/candas365.es\\\/noticias\\\/5-imprescindibles-que-no-deben-faltar-en-el-botiquin-de-viaje\\\/#webpage\"},\"isPartOf\":{\"@id\":\"https:\\\/\\\/candas365.es\\\/noticias\\\/5-imprescindibles-que-no-deben-faltar-en-el-botiquin-de-viaje\\\/#webpage\"},\"articleSection\":\"Revista\",\"dateline\":\"Publicado el julio 22, 2018.\"},{\"@type\":\"Organization\",\"@id\":\"https:\\\/\\\/candas365.es\\\/noticias\\\/#organization\",\"name\":\"Cand\\u00e1s 365\",\"description\":\"Cand\\u00e1s 365 es un diario digital independiente, fundado en 2012, con base en Asturias. Informamos con rigor sobre actualidad, sociedad, cultura y ocio, con una mirada local y global.\",\"url\":\"https:\\\/\\\/candas365.es\\\/noticias\\\/\",\"email\":\"info@candas365.es\",\"telephone\":\"+34652131393\",\"foundingDate\":\"2012-06-10\",\"logo\":{\"@type\":\"ImageObject\",\"url\":\"https:\\\/\\\/candas365.es\\\/noticias\\\/wp-content\\\/uploads\\\/2024\\\/09\\\/Candas-365-Redes.jpg\",\"@id\":\"https:\\\/\\\/candas365.es\\\/noticias\\\/5-imprescindibles-que-no-deben-faltar-en-el-botiquin-de-viaje\\\/#organizationLogo\",\"width\":1152,\"height\":864,\"caption\":\"Cand\\u00e1s 365 Redes\"},\"image\":{\"@id\":\"https:\\\/\\\/candas365.es\\\/noticias\\\/5-imprescindibles-que-no-deben-faltar-en-el-botiquin-de-viaje\\\/#organizationLogo\"},\"sameAs\":[\"https:\\\/\\\/www.facebook.com\\\/Nachofdezber\",\"https:\\\/\\\/x.com\\\/NabercoDigital\",\"https:\\\/\\\/www.instagram.com\\\/nachofdezber\\\/\",\"https:\\\/\\\/www.youtube.com\\\/channel\\\/UCZP-2wLEB9Rv6erhFmqVnvg\"],\"address\":{\"@id\":\"https:\\\/\\\/candas365.es\\\/noticias\\\/#postaladdress\",\"@type\":\"PostalAddress\",\"streetAddress\":\"san antonio 4, san antonio 4\",\"postalCode\":\"33430\",\"addressLocality\":\"Cand\\u00e1s\",\"addressRegion\":\"Asturias\",\"addressCountry\":\"ES\"}},{\"@type\":\"Person\",\"@id\":\"https:\\\/\\\/candas365.es\\\/noticias\\\/author\\\/admin\\\/#author\",\"url\":\"https:\\\/\\\/candas365.es\\\/noticias\\\/author\\\/admin\\\/\",\"name\":\"Cand\\u00e1s 365\",\"image\":{\"@type\":\"ImageObject\",\"@id\":\"https:\\\/\\\/candas365.es\\\/noticias\\\/5-imprescindibles-que-no-deben-faltar-en-el-botiquin-de-viaje\\\/#authorImage\",\"url\":\"https:\\\/\\\/secure.gravatar.com\\\/avatar\\\/496a8e03d0c493ede1718b7934145dbdf8d89be1036b0eec9544e1094c9de390?s=96&d=mm&r=g\",\"width\":96,\"height\":96,\"caption\":\"Cand\\u00e1s 365\"},\"sameAs\":[\"https:\\\/\\\/www.facebook.com\\\/carrenoactualidad\",\"https:\\\/\\\/twitter.com\\\/nbasturias\",\"https:\\\/\\\/www.instagram.com\\\/nachofdezber\\\/\",\"https:\\\/\\\/www.youtube.com\\\/channel\\\/UCZP-2wLEB9Rv6erhFmqVnvg\"]},{\"@type\":\"WebPage\",\"@id\":\"https:\\\/\\\/candas365.es\\\/noticias\\\/5-imprescindibles-que-no-deben-faltar-en-el-botiquin-de-viaje\\\/#webpage\",\"url\":\"https:\\\/\\\/candas365.es\\\/noticias\\\/5-imprescindibles-que-no-deben-faltar-en-el-botiquin-de-viaje\\\/\",\"name\":\"5 imprescindibles que no deben faltar en el botiqu\\u00edn de viaje | Cand\\u00e1s 365\",\"description\":\"\\u00bfPreparando la maleta para estas vacaciones? Cuando se prepara el equipaje no hay que olvidar incluir un peque\\u00f1o botiqu\\u00edn con material sanitario para que ning\\u00fan problema de salud pueda arruinar esos d\\u00edas de relax en familia. Pero \\u00bfqu\\u00e9 debe contener? Seg\\u00fan, S\\u00f3nia Cibri\\u00e1n, doctora de Medicina General y Familiar de mediQuo \\u2013 una app de chat m\\u00e9dico 24\",\"inLanguage\":\"es-ES\",\"isPartOf\":{\"@id\":\"https:\\\/\\\/candas365.es\\\/noticias\\\/#website\"},\"breadcrumb\":{\"@id\":\"https:\\\/\\\/candas365.es\\\/noticias\\\/5-imprescindibles-que-no-deben-faltar-en-el-botiquin-de-viaje\\\/#breadcrumblist\"},\"author\":{\"@id\":\"https:\\\/\\\/candas365.es\\\/noticias\\\/author\\\/admin\\\/#author\"},\"creator\":{\"@id\":\"https:\\\/\\\/candas365.es\\\/noticias\\\/author\\\/admin\\\/#author\"},\"image\":{\"@type\":\"ImageObject\",\"url\":\"https:\\\/\\\/candas365.es\\\/noticias\\\/wp-content\\\/uploads\\\/2018\\\/07\\\/1531825235_NP_Botiquin_mediQuo1.jpg\",\"@id\":\"https:\\\/\\\/candas365.es\\\/noticias\\\/5-imprescindibles-que-no-deben-faltar-en-el-botiquin-de-viaje\\\/#mainImage\",\"width\":1200,\"height\":675},\"primaryImageOfPage\":{\"@id\":\"https:\\\/\\\/candas365.es\\\/noticias\\\/5-imprescindibles-que-no-deben-faltar-en-el-botiquin-de-viaje\\\/#mainImage\"},\"datePublished\":\"2018-07-22T01:17:26+02:00\",\"dateModified\":\"2018-07-22T01:17:26+02:00\"},{\"@type\":\"WebSite\",\"@id\":\"https:\\\/\\\/candas365.es\\\/noticias\\\/#website\",\"url\":\"https:\\\/\\\/candas365.es\\\/noticias\\\/\",\"name\":\"Cand\\u00e1s 365\",\"alternateName\":\"Cand\\u00e1s 365 Noticias\",\"description\":\"Actualidad desde Carre\\u00f1o para el mundo\",\"inLanguage\":\"es-ES\",\"publisher\":{\"@id\":\"https:\\\/\\\/candas365.es\\\/noticias\\\/#organization\"}}]}\n\t\t<\/script>\n\t\t<!-- All in One SEO Pro -->\r\n\t\t<title>5 imprescindibles que no deben faltar en el botiqu\u00edn de viaje | Cand\u00e1s 365<\/title>\n\n","aioseo_head_json":{"title":"5 imprescindibles que no deben faltar en el botiqu\u00edn de viaje | Cand\u00e1s 365","description":"\u00bfPreparando la maleta para estas vacaciones? Cuando se prepara el equipaje no hay que olvidar incluir un peque\u00f1o botiqu\u00edn con material sanitario para que ning\u00fan problema de salud pueda arruinar esos d\u00edas de relax en familia. Pero \u00bfqu\u00e9 debe contener? Seg\u00fan, S\u00f3nia Cibri\u00e1n, doctora de Medicina General y Familiar de mediQuo \u2013 una app de chat m\u00e9dico 24","canonical_url":"https:\/\/candas365.es\/noticias\/5-imprescindibles-que-no-deben-faltar-en-el-botiquin-de-viaje\/","robots":"max-image-preview:large","keywords":"revista","webmasterTools":{"google-site-verification":"UA-32230408-1","msvalidate.01":"354F3CDFB2DA171B47FBE9ABF1F88D5","miscellaneous":""},"schema":{"@context":"https:\/\/schema.org","@graph":[{"@type":"BreadcrumbList","@id":"https:\/\/candas365.es\/noticias\/5-imprescindibles-que-no-deben-faltar-en-el-botiquin-de-viaje\/#breadcrumblist","itemListElement":[{"@type":"ListItem","@id":"https:\/\/candas365.es\/noticias#listItem","position":1,"name":"Home","item":"https:\/\/candas365.es\/noticias","nextItem":{"@type":"ListItem","@id":"https:\/\/candas365.es\/noticias\/category\/revista\/#listItem","name":"Revista"}},{"@type":"ListItem","@id":"https:\/\/candas365.es\/noticias\/category\/revista\/#listItem","position":2,"name":"Revista","item":"https:\/\/candas365.es\/noticias\/category\/revista\/","nextItem":{"@type":"ListItem","@id":"https:\/\/candas365.es\/noticias\/5-imprescindibles-que-no-deben-faltar-en-el-botiquin-de-viaje\/#listItem","name":"5 imprescindibles que no deben faltar en el botiqu\u00edn de viaje"},"previousItem":{"@type":"ListItem","@id":"https:\/\/candas365.es\/noticias#listItem","name":"Home"}},{"@type":"ListItem","@id":"https:\/\/candas365.es\/noticias\/5-imprescindibles-que-no-deben-faltar-en-el-botiquin-de-viaje\/#listItem","position":3,"name":"5 imprescindibles que no deben faltar en el botiqu\u00edn de viaje","previousItem":{"@type":"ListItem","@id":"https:\/\/candas365.es\/noticias\/category\/revista\/#listItem","name":"Revista"}}]},{"@type":"NewsArticle","@id":"https:\/\/candas365.es\/noticias\/5-imprescindibles-que-no-deben-faltar-en-el-botiquin-de-viaje\/#newsarticle","name":"5 imprescindibles que no deben faltar en el botiqu\u00edn de viaje | Cand\u00e1s 365","headline":"5 imprescindibles que no deben faltar en el botiqu\u00edn de viaje","author":{"@id":"https:\/\/candas365.es\/noticias\/author\/admin\/#author"},"publisher":{"@id":"https:\/\/candas365.es\/noticias\/#organization"},"image":{"@type":"ImageObject","url":"https:\/\/candas365.es\/noticias\/wp-content\/uploads\/2018\/07\/1531825235_NP_Botiquin_mediQuo1.jpg","width":1200,"height":675},"datePublished":"2018-07-22T01:17:26+02:00","dateModified":"2018-07-22T01:17:26+02:00","inLanguage":"es-ES","mainEntityOfPage":{"@id":"https:\/\/candas365.es\/noticias\/5-imprescindibles-que-no-deben-faltar-en-el-botiquin-de-viaje\/#webpage"},"isPartOf":{"@id":"https:\/\/candas365.es\/noticias\/5-imprescindibles-que-no-deben-faltar-en-el-botiquin-de-viaje\/#webpage"},"articleSection":"Revista","dateline":"Publicado el julio 22, 2018."},{"@type":"Organization","@id":"https:\/\/candas365.es\/noticias\/#organization","name":"Cand\u00e1s 365","description":"Cand\u00e1s 365 es un diario digital independiente, fundado en 2012, con base en Asturias. Informamos con rigor sobre actualidad, sociedad, cultura y ocio, con una mirada local y global.","url":"https:\/\/candas365.es\/noticias\/","email":"info@candas365.es","telephone":"+34652131393","foundingDate":"2012-06-10","logo":{"@type":"ImageObject","url":"https:\/\/candas365.es\/noticias\/wp-content\/uploads\/2024\/09\/Candas-365-Redes.jpg","@id":"https:\/\/candas365.es\/noticias\/5-imprescindibles-que-no-deben-faltar-en-el-botiquin-de-viaje\/#organizationLogo","width":1152,"height":864,"caption":"Cand\u00e1s 365 Redes"},"image":{"@id":"https:\/\/candas365.es\/noticias\/5-imprescindibles-que-no-deben-faltar-en-el-botiquin-de-viaje\/#organizationLogo"},"sameAs":["https:\/\/www.facebook.com\/Nachofdezber","https:\/\/x.com\/NabercoDigital","https:\/\/www.instagram.com\/nachofdezber\/","https:\/\/www.youtube.com\/channel\/UCZP-2wLEB9Rv6erhFmqVnvg"],"address":{"@id":"https:\/\/candas365.es\/noticias\/#postaladdress","@type":"PostalAddress","streetAddress":"san antonio 4, san antonio 4","postalCode":"33430","addressLocality":"Cand\u00e1s","addressRegion":"Asturias","addressCountry":"ES"}},{"@type":"Person","@id":"https:\/\/candas365.es\/noticias\/author\/admin\/#author","url":"https:\/\/candas365.es\/noticias\/author\/admin\/","name":"Cand\u00e1s 365","image":{"@type":"ImageObject","@id":"https:\/\/candas365.es\/noticias\/5-imprescindibles-que-no-deben-faltar-en-el-botiquin-de-viaje\/#authorImage","url":"https:\/\/secure.gravatar.com\/avatar\/496a8e03d0c493ede1718b7934145dbdf8d89be1036b0eec9544e1094c9de390?s=96&d=mm&r=g","width":96,"height":96,"caption":"Cand\u00e1s 365"},"sameAs":["https:\/\/www.facebook.com\/carrenoactualidad","https:\/\/twitter.com\/nbasturias","https:\/\/www.instagram.com\/nachofdezber\/","https:\/\/www.youtube.com\/channel\/UCZP-2wLEB9Rv6erhFmqVnvg"]},{"@type":"WebPage","@id":"https:\/\/candas365.es\/noticias\/5-imprescindibles-que-no-deben-faltar-en-el-botiquin-de-viaje\/#webpage","url":"https:\/\/candas365.es\/noticias\/5-imprescindibles-que-no-deben-faltar-en-el-botiquin-de-viaje\/","name":"5 imprescindibles que no deben faltar en el botiqu\u00edn de viaje | Cand\u00e1s 365","description":"\u00bfPreparando la maleta para estas vacaciones? Cuando se prepara el equipaje no hay que olvidar incluir un peque\u00f1o botiqu\u00edn con material sanitario para que ning\u00fan problema de salud pueda arruinar esos d\u00edas de relax en familia. Pero \u00bfqu\u00e9 debe contener? Seg\u00fan, S\u00f3nia Cibri\u00e1n, doctora de Medicina General y Familiar de mediQuo \u2013 una app de chat m\u00e9dico 24","inLanguage":"es-ES","isPartOf":{"@id":"https:\/\/candas365.es\/noticias\/#website"},"breadcrumb":{"@id":"https:\/\/candas365.es\/noticias\/5-imprescindibles-que-no-deben-faltar-en-el-botiquin-de-viaje\/#breadcrumblist"},"author":{"@id":"https:\/\/candas365.es\/noticias\/author\/admin\/#author"},"creator":{"@id":"https:\/\/candas365.es\/noticias\/author\/admin\/#author"},"image":{"@type":"ImageObject","url":"https:\/\/candas365.es\/noticias\/wp-content\/uploads\/2018\/07\/1531825235_NP_Botiquin_mediQuo1.jpg","@id":"https:\/\/candas365.es\/noticias\/5-imprescindibles-que-no-deben-faltar-en-el-botiquin-de-viaje\/#mainImage","width":1200,"height":675},"primaryImageOfPage":{"@id":"https:\/\/candas365.es\/noticias\/5-imprescindibles-que-no-deben-faltar-en-el-botiquin-de-viaje\/#mainImage"},"datePublished":"2018-07-22T01:17:26+02:00","dateModified":"2018-07-22T01:17:26+02:00"},{"@type":"WebSite","@id":"https:\/\/candas365.es\/noticias\/#website","url":"https:\/\/candas365.es\/noticias\/","name":"Cand\u00e1s 365","alternateName":"Cand\u00e1s 365 Noticias","description":"Actualidad desde Carre\u00f1o para el mundo","inLanguage":"es-ES","publisher":{"@id":"https:\/\/candas365.es\/noticias\/#organization"}}]},"og:locale":"es_ES","og:site_name":"Cand\u00e1s 365","og:type":"article","og:title":"5 imprescindibles que no deben faltar en el botiqu\u00edn de viaje | Cand\u00e1s 365","og:description":"\u00bfPreparando la maleta para estas vacaciones? Cuando se prepara el equipaje no hay que olvidar incluir un peque\u00f1o botiqu\u00edn con material sanitario para que ning\u00fan problema de salud pueda arruinar esos d\u00edas de relax en familia. Pero \u00bfqu\u00e9 debe contener? Seg\u00fan, S\u00f3nia Cibri\u00e1n, doctora de Medicina General y Familiar de mediQuo \u2013 una app de chat m\u00e9dico 24","og:url":"https:\/\/candas365.es\/noticias\/5-imprescindibles-que-no-deben-faltar-en-el-botiquin-de-viaje\/","og:image":"https:\/\/candas365.es\/noticias\/wp-content\/uploads\/2018\/07\/1531825235_NP_Botiquin_mediQuo1.jpg","og:image:secure_url":"https:\/\/candas365.es\/noticias\/wp-content\/uploads\/2018\/07\/1531825235_NP_Botiquin_mediQuo1.jpg","og:image:width":1200,"og:image:height":675,"article:published_time":"2018-07-22T01:17:26+00:00","article:modified_time":"2018-07-22T01:17:26+00:00","article:publisher":"https:\/\/www.facebook.com\/Nachofdezber","article:author":"https:\/\/www.facebook.com\/carrenoactualidad","twitter:card":"summary_large_image","twitter:site":"@NabercoDigital","twitter:title":"5 imprescindibles que no deben faltar en el botiqu\u00edn de viaje | Cand\u00e1s 365","twitter:description":"\u00bfPreparando la maleta para estas vacaciones? Cuando se prepara el equipaje no hay que olvidar incluir un peque\u00f1o botiqu\u00edn con material sanitario para que ning\u00fan problema de salud pueda arruinar esos d\u00edas de relax en familia. Pero \u00bfqu\u00e9 debe contener? Seg\u00fan, S\u00f3nia Cibri\u00e1n, doctora de Medicina General y Familiar de mediQuo \u2013 una app de chat m\u00e9dico 24","twitter:creator":"@nbasturias","twitter:image":"https:\/\/candas365.es\/noticias\/wp-content\/uploads\/2018\/07\/1531825235_NP_Botiquin_mediQuo1.jpg","twitter:label1":"Escrito por","twitter:data1":"Cand\u00e1s 365","twitter:label2":"Tiempo de lectura estimado","twitter:data2":"3 minutos"},"aioseo_meta_data":{"post_id":"100920","title":null,"description":null,"keywords":null,"keyphrases":null,"primary_term":null,"canonical_url":null,"og_title":null,"og_description":null,"og_object_type":"default","og_image_type":"default","og_image_url":null,"og_image_width":null,"og_image_height":null,"og_image_custom_url":null,"og_image_custom_fields":null,"og_video":null,"og_custom_url":null,"og_article_section":null,"og_article_tags":null,"twitter_use_og":false,"twitter_card":"default","twitter_image_type":"default","twitter_image_url":null,"twitter_image_custom_url":null,"twitter_image_custom_fields":null,"twitter_title":null,"twitter_description":null,"schema":{"blockGraphs":[],"customGraphs":[],"default":{"data":{"Article":[],"Course":[],"Dataset":[],"FAQPage":[],"Movie":[],"Person":[],"Product":[],"ProductReview":[],"Car":[],"Recipe":[],"Service":[],"SoftwareApplication":[],"WebPage":[]},"graphName":"","isEnabled":true},"graphs":[],"defaultGraph":"","defaultPostTypeGraph":""},"schema_type":null,"schema_type_options":null,"pillar_content":false,"robots_default":true,"robots_noindex":false,"robots_noarchive":false,"robots_nosnippet":false,"robots_nofollow":false,"robots_noimageindex":false,"robots_noodp":false,"robots_notranslate":false,"robots_max_snippet":null,"robots_max_videopreview":null,"robots_max_imagepreview":"large","priority":null,"frequency":null,"location":null,"local_seo":null,"seo_analyzer_scan_date":"2025-08-27 10:08:26","breadcrumb_settings":null,"limit_modified_date":false,"reviewed_by":null,"open_ai":null,"ai":null,"created":"2020-12-21 11:48:23","updated":"2025-08-27 10:08:26"},"aioseo_breadcrumb":"<div class=\"aioseo-breadcrumbs\"><span class=\"aioseo-breadcrumb\">\n\t<a href=\"https:\/\/candas365.es\/noticias\" title=\"Home\">Home<\/a>\n<\/span><span class=\"aioseo-breadcrumb-separator\">&ndash;<\/span><span class=\"aioseo-breadcrumb\">\n\t<a href=\"https:\/\/candas365.es\/noticias\/category\/revista\/\" title=\"Revista\">Revista<\/a>\n<\/span><span class=\"aioseo-breadcrumb-separator\">&ndash;<\/span><span class=\"aioseo-breadcrumb\">\n\t5 imprescindibles que no deben faltar en el botiqu\u00edn de viaje\n<\/span><\/div>","aioseo_breadcrumb_json":[{"label":"Home","link":"https:\/\/candas365.es\/noticias"},{"label":"Revista","link":"https:\/\/candas365.es\/noticias\/category\/revista\/"},{"label":"5 imprescindibles que no deben faltar en el botiqu\u00edn de viaje","link":"https:\/\/candas365.es\/noticias\/5-imprescindibles-que-no-deben-faltar-en-el-botiquin-de-viaje\/"}],"_links":{"self":[{"href":"https:\/\/candas365.es\/noticias\/wp-json\/wp\/v2\/posts\/100920","targetHints":{"allow":["GET"]}}],"collection":[{"href":"https:\/\/candas365.es\/noticias\/wp-json\/wp\/v2\/posts"}],"about":[{"href":"https:\/\/candas365.es\/noticias\/wp-json\/wp\/v2\/types\/post"}],"author":[{"embeddable":true,"href":"https:\/\/candas365.es\/noticias\/wp-json\/wp\/v2\/users\/1"}],"replies":[{"embeddable":true,"href":"https:\/\/candas365.es\/noticias\/wp-json\/wp\/v2\/comments?post=100920"}],"version-history":[{"count":0,"href":"https:\/\/candas365.es\/noticias\/wp-json\/wp\/v2\/posts\/100920\/revisions"}],"wp:featuredmedia":[{"embeddable":true,"href":"https:\/\/candas365.es\/noticias\/wp-json\/wp\/v2\/media\/100921"}],"wp:attachment":[{"href":"https:\/\/candas365.es\/noticias\/wp-json\/wp\/v2\/media?parent=100920"}],"wp:term":[{"taxonomy":"category","embeddable":true,"href":"https:\/\/candas365.es\/noticias\/wp-json\/wp\/v2\/categories?post=100920"},{"taxonomy":"post_tag","embeddable":true,"href":"https:\/\/candas365.es\/noticias\/wp-json\/wp\/v2\/tags?post=100920"}],"curies":[{"name":"wp","href":"https:\/\/api.w.org\/{rel}","templated":true}]}}