{"id":100908,"date":"2018-07-22T00:25:05","date_gmt":"2018-07-22T00:25:05","guid":{"rendered":"http:\/\/candas365.es\/noticias\/?p=100908"},"modified":"2018-07-22T00:25:05","modified_gmt":"2018-07-22T00:25:05","slug":"admiral-traslada-sus-operaciones-continentales-a-espana","status":"publish","type":"post","link":"https:\/\/candas365.es\/noticias\/admiral-traslada-sus-operaciones-continentales-a-espana\/","title":{"rendered":"Admiral traslada sus operaciones continentales a Espa\u00f1a"},"content":{"rendered":"<p><img fetchpriority=\"high\" decoding=\"async\" class=\"alignleft size-medium wp-image-100909\" src=\"https:\/\/candas365.es\/noticias\/wp-content\/uploads\/2018\/07\/Sede-Ministerio.jpg-360x239.jpg\" alt=\"\" width=\"360\" height=\"239\" srcset=\"https:\/\/candas365.es\/noticias\/wp-content\/uploads\/2018\/07\/Sede-Ministerio.jpg-360x239.jpg 360w, https:\/\/candas365.es\/noticias\/wp-content\/uploads\/2018\/07\/Sede-Ministerio.jpg.jpg 496w\" sizes=\"(max-width: 360px) 100vw, 360px\" \/>El Ministerio de Econom\u00eda y Empresa ha concedido autorizaci\u00f3n para operar en Espa\u00f1a a la entidad Admiral Europe Compa\u00f1\u00eda de Seguros, S.A., perteneciente al grupo asegurador brit\u00e1nico Admiral.<\/p>\n<p>\u200bAdmiral solicit\u00f3 la constituci\u00f3n en Espa\u00f1a de una entidad que ser\u00e1 cabecera del grupo europeo fuera del Reino Unido. En concreto, crear\u00e1 una entidad aseguradora en Madrid (Admiral Europe) y una corredur\u00eda de seguros en Sevilla (Admiral Intermediary Services).<\/p>\n<p>Es la primera aseguradora de Reino Unido que traslada sus operaciones continentales a Espa\u00f1a como consecuencia del Brexit. La elecci\u00f3n de Espa\u00f1a como cabecera del grupo es especialmente significativa puesto que, siendo el segundo pa\u00eds en cuota de mercado, pone de manifiesto la confianza de la aseguradora brit\u00e1nica en el mercado espa\u00f1ol y en el \u00f3rgano supervisor.<\/p>\n<p>El grupo Admiral es uno de los principales operadores del seguro de autom\u00f3viles en el Reino Unido, con unos ingresos totales de cerca de 3.000 millones de libras y tiene presencia en los mercados de seguros de Italia (170 millones \u20ac de primas), Espa\u00f1a (73 millones \u20ac de primas), Francia (66 millones \u20ac de primas). Tiene tambi\u00e9n actividad en Estados Unidos.<\/p>\n<p>Hasta ahora, Admiral operaba en Espa\u00f1a como sucursal de la matriz brit\u00e1nica y comercializa seguros de autom\u00f3viles a trav\u00e9s de la marca Qualitas Auto y de los comparadores Rastreator y Balumba.<\/p>\n<p>Admiral Europe Compa\u00f1\u00eda de Seguros, S.A. tiene intenci\u00f3n de iniciar sus operaciones en Espa\u00f1a a partir de 1 de enero de 2019.<\/p>\n","protected":false},"excerpt":{"rendered":"<p>El Ministerio de Econom\u00eda y Empresa ha concedido autorizaci\u00f3n para operar en Espa\u00f1a a la entidad Admiral Europe Compa\u00f1\u00eda de Seguros, S.A., perteneciente al grupo asegurador brit\u00e1nico Admiral. \u200bAdmiral solicit\u00f3 la constituci\u00f3n en Espa\u00f1a de una entidad que ser\u00e1 cabecera del grupo europeo fuera del Reino Unido. En concreto, crear\u00e1 una entidad aseguradora en Madrid<\/p>\n","protected":false},"author":1,"featured_media":100909,"comment_status":"closed","ping_status":"closed","sticky":false,"template":"","format":"standard","meta":{"footnotes":""},"categories":[343],"tags":[],"class_list":{"0":"post-100908","1":"post","2":"type-post","3":"status-publish","4":"format-standard","5":"has-post-thumbnail","7":"category-actualidad"},"aioseo_notices":[],"aioseo_head":"\n\t\t<!-- All in One SEO Pro 4.9.6.2 - aioseo.com -->\n\t<meta name=\"description\" content=\"El Ministerio de Econom\u00eda y Empresa ha concedido autorizaci\u00f3n para operar en Espa\u00f1a a la entidad Admiral Europe Compa\u00f1\u00eda de Seguros, S.A., perteneciente al grupo asegurador brit\u00e1nico Admiral. \u200bAdmiral solicit\u00f3 la constituci\u00f3n en Espa\u00f1a de una entidad que ser\u00e1 cabecera del grupo europeo fuera del Reino Unido. En concreto, crear\u00e1 una entidad aseguradora en Madrid\" \/>\n\t<meta name=\"robots\" content=\"max-image-preview:large\" \/>\n\t<meta name=\"author\" content=\"Cand\u00e1s 365\"\/>\n\t<meta name=\"google-site-verification\" content=\"UA-32230408-1\" \/>\n\t<meta name=\"msvalidate.01\" content=\"354F3CDFB2DA171B47FBE9ABF1F88D5\" \/>\n\t<meta name=\"keywords\" content=\"actualidad\" \/>\n\t<link rel=\"canonical\" href=\"https:\/\/candas365.es\/noticias\/admiral-traslada-sus-operaciones-continentales-a-espana\/\" \/>\n\t<meta name=\"generator\" content=\"All in One SEO Pro (AIOSEO) 4.9.6.2\" \/>\n\t\t<meta property=\"og:locale\" content=\"es_ES\" \/>\n\t\t<meta property=\"og:site_name\" content=\"Cand\u00e1s 365\" \/>\n\t\t<meta property=\"og:type\" content=\"article\" \/>\n\t\t<meta property=\"og:title\" content=\"Admiral traslada sus operaciones continentales a Espa\u00f1a | Cand\u00e1s 365\" \/>\n\t\t<meta property=\"og:description\" content=\"El Ministerio de Econom\u00eda y Empresa ha concedido autorizaci\u00f3n para operar en Espa\u00f1a a la entidad Admiral Europe Compa\u00f1\u00eda de Seguros, S.A., perteneciente al grupo asegurador brit\u00e1nico Admiral. \u200bAdmiral solicit\u00f3 la constituci\u00f3n en Espa\u00f1a de una entidad que ser\u00e1 cabecera del grupo europeo fuera del Reino Unido. En concreto, crear\u00e1 una entidad aseguradora en Madrid\" \/>\n\t\t<meta property=\"og:url\" content=\"https:\/\/candas365.es\/noticias\/admiral-traslada-sus-operaciones-continentales-a-espana\/\" \/>\n\t\t<meta property=\"og:image\" content=\"https:\/\/candas365.es\/noticias\/wp-content\/uploads\/2018\/07\/Sede-Ministerio.jpg.jpg\" \/>\n\t\t<meta property=\"og:image:secure_url\" content=\"https:\/\/candas365.es\/noticias\/wp-content\/uploads\/2018\/07\/Sede-Ministerio.jpg.jpg\" \/>\n\t\t<meta property=\"og:image:width\" content=\"496\" \/>\n\t\t<meta property=\"og:image:height\" content=\"329\" \/>\n\t\t<meta property=\"article:published_time\" content=\"2018-07-22T00:25:05+00:00\" \/>\n\t\t<meta property=\"article:modified_time\" content=\"2018-07-22T00:25:05+00:00\" \/>\n\t\t<meta property=\"article:publisher\" content=\"https:\/\/www.facebook.com\/Nachofdezber\" \/>\n\t\t<meta property=\"article:author\" content=\"https:\/\/www.facebook.com\/carrenoactualidad\" \/>\n\t\t<meta name=\"twitter:card\" content=\"summary_large_image\" \/>\n\t\t<meta name=\"twitter:site\" content=\"@NabercoDigital\" \/>\n\t\t<meta name=\"twitter:title\" content=\"Admiral traslada sus operaciones continentales a Espa\u00f1a | Cand\u00e1s 365\" \/>\n\t\t<meta name=\"twitter:description\" content=\"El Ministerio de Econom\u00eda y Empresa ha concedido autorizaci\u00f3n para operar en Espa\u00f1a a la entidad Admiral Europe Compa\u00f1\u00eda de Seguros, S.A., perteneciente al grupo asegurador brit\u00e1nico Admiral. \u200bAdmiral solicit\u00f3 la constituci\u00f3n en Espa\u00f1a de una entidad que ser\u00e1 cabecera del grupo europeo fuera del Reino Unido. En concreto, crear\u00e1 una entidad aseguradora en Madrid\" \/>\n\t\t<meta name=\"twitter:creator\" content=\"@nbasturias\" \/>\n\t\t<meta name=\"twitter:image\" content=\"https:\/\/candas365.es\/noticias\/wp-content\/uploads\/2018\/07\/Sede-Ministerio.jpg.jpg\" \/>\n\t\t<meta name=\"twitter:label1\" content=\"Escrito por\" \/>\n\t\t<meta name=\"twitter:data1\" content=\"Cand\u00e1s 365\" \/>\n\t\t<meta name=\"twitter:label2\" content=\"Tiempo de lectura estimado\" \/>\n\t\t<meta name=\"twitter:data2\" content=\"1 minuto\" \/>\n\t\t<script type=\"application\/ld+json\" class=\"aioseo-schema\">\n\t\t\t{\"@context\":\"https:\\\/\\\/schema.org\",\"@graph\":[{\"@type\":\"BreadcrumbList\",\"@id\":\"https:\\\/\\\/candas365.es\\\/noticias\\\/admiral-traslada-sus-operaciones-continentales-a-espana\\\/#breadcrumblist\",\"itemListElement\":[{\"@type\":\"ListItem\",\"@id\":\"https:\\\/\\\/candas365.es\\\/noticias#listItem\",\"position\":1,\"name\":\"Home\",\"item\":\"https:\\\/\\\/candas365.es\\\/noticias\",\"nextItem\":{\"@type\":\"ListItem\",\"@id\":\"https:\\\/\\\/candas365.es\\\/noticias\\\/category\\\/actualidad\\\/#listItem\",\"name\":\"Actualidad\"}},{\"@type\":\"ListItem\",\"@id\":\"https:\\\/\\\/candas365.es\\\/noticias\\\/category\\\/actualidad\\\/#listItem\",\"position\":2,\"name\":\"Actualidad\",\"item\":\"https:\\\/\\\/candas365.es\\\/noticias\\\/category\\\/actualidad\\\/\",\"nextItem\":{\"@type\":\"ListItem\",\"@id\":\"https:\\\/\\\/candas365.es\\\/noticias\\\/admiral-traslada-sus-operaciones-continentales-a-espana\\\/#listItem\",\"name\":\"Admiral traslada sus operaciones continentales a Espa\\u00f1a\"},\"previousItem\":{\"@type\":\"ListItem\",\"@id\":\"https:\\\/\\\/candas365.es\\\/noticias#listItem\",\"name\":\"Home\"}},{\"@type\":\"ListItem\",\"@id\":\"https:\\\/\\\/candas365.es\\\/noticias\\\/admiral-traslada-sus-operaciones-continentales-a-espana\\\/#listItem\",\"position\":3,\"name\":\"Admiral traslada sus operaciones continentales a Espa\\u00f1a\",\"previousItem\":{\"@type\":\"ListItem\",\"@id\":\"https:\\\/\\\/candas365.es\\\/noticias\\\/category\\\/actualidad\\\/#listItem\",\"name\":\"Actualidad\"}}]},{\"@type\":\"NewsArticle\",\"@id\":\"https:\\\/\\\/candas365.es\\\/noticias\\\/admiral-traslada-sus-operaciones-continentales-a-espana\\\/#newsarticle\",\"name\":\"Admiral traslada sus operaciones continentales a Espa\\u00f1a | Cand\\u00e1s 365\",\"headline\":\"Admiral traslada sus operaciones continentales a Espa\\u00f1a\",\"author\":{\"@id\":\"https:\\\/\\\/candas365.es\\\/noticias\\\/author\\\/admin\\\/#author\"},\"publisher\":{\"@id\":\"https:\\\/\\\/candas365.es\\\/noticias\\\/#organization\"},\"image\":{\"@type\":\"ImageObject\",\"url\":\"https:\\\/\\\/candas365.es\\\/noticias\\\/wp-content\\\/uploads\\\/2018\\\/07\\\/Sede-Ministerio.jpg.jpg\",\"width\":496,\"height\":329},\"datePublished\":\"2018-07-22T00:25:05+02:00\",\"dateModified\":\"2018-07-22T00:25:05+02:00\",\"inLanguage\":\"es-ES\",\"mainEntityOfPage\":{\"@id\":\"https:\\\/\\\/candas365.es\\\/noticias\\\/admiral-traslada-sus-operaciones-continentales-a-espana\\\/#webpage\"},\"isPartOf\":{\"@id\":\"https:\\\/\\\/candas365.es\\\/noticias\\\/admiral-traslada-sus-operaciones-continentales-a-espana\\\/#webpage\"},\"articleSection\":\"Actualidad\",\"dateline\":\"Publicado el julio 22, 2018.\"},{\"@type\":\"Organization\",\"@id\":\"https:\\\/\\\/candas365.es\\\/noticias\\\/#organization\",\"name\":\"Cand\\u00e1s 365\",\"description\":\"Cand\\u00e1s 365 es un diario digital independiente, fundado en 2012, con base en Asturias. Informamos con rigor sobre actualidad, sociedad, cultura y ocio, con una mirada local y global.\",\"url\":\"https:\\\/\\\/candas365.es\\\/noticias\\\/\",\"email\":\"info@candas365.es\",\"telephone\":\"+34652131393\",\"foundingDate\":\"2012-06-10\",\"logo\":{\"@type\":\"ImageObject\",\"url\":\"https:\\\/\\\/candas365.es\\\/noticias\\\/wp-content\\\/uploads\\\/2024\\\/09\\\/Candas-365-Redes.jpg\",\"@id\":\"https:\\\/\\\/candas365.es\\\/noticias\\\/admiral-traslada-sus-operaciones-continentales-a-espana\\\/#organizationLogo\",\"width\":1152,\"height\":864,\"caption\":\"Cand\\u00e1s 365 Redes\"},\"image\":{\"@id\":\"https:\\\/\\\/candas365.es\\\/noticias\\\/admiral-traslada-sus-operaciones-continentales-a-espana\\\/#organizationLogo\"},\"sameAs\":[\"https:\\\/\\\/www.facebook.com\\\/Nachofdezber\",\"https:\\\/\\\/x.com\\\/NabercoDigital\",\"https:\\\/\\\/www.instagram.com\\\/nachofdezber\\\/\",\"https:\\\/\\\/www.youtube.com\\\/channel\\\/UCZP-2wLEB9Rv6erhFmqVnvg\"],\"address\":{\"@id\":\"https:\\\/\\\/candas365.es\\\/noticias\\\/#postaladdress\",\"@type\":\"PostalAddress\",\"streetAddress\":\"san antonio 4, san antonio 4\",\"postalCode\":\"33430\",\"addressLocality\":\"Cand\\u00e1s\",\"addressRegion\":\"Asturias\",\"addressCountry\":\"ES\"}},{\"@type\":\"Person\",\"@id\":\"https:\\\/\\\/candas365.es\\\/noticias\\\/author\\\/admin\\\/#author\",\"url\":\"https:\\\/\\\/candas365.es\\\/noticias\\\/author\\\/admin\\\/\",\"name\":\"Cand\\u00e1s 365\",\"image\":{\"@type\":\"ImageObject\",\"@id\":\"https:\\\/\\\/candas365.es\\\/noticias\\\/admiral-traslada-sus-operaciones-continentales-a-espana\\\/#authorImage\",\"url\":\"https:\\\/\\\/secure.gravatar.com\\\/avatar\\\/496a8e03d0c493ede1718b7934145dbdf8d89be1036b0eec9544e1094c9de390?s=96&d=mm&r=g\",\"width\":96,\"height\":96,\"caption\":\"Cand\\u00e1s 365\"},\"sameAs\":[\"https:\\\/\\\/www.facebook.com\\\/carrenoactualidad\",\"https:\\\/\\\/twitter.com\\\/nbasturias\",\"https:\\\/\\\/www.instagram.com\\\/nachofdezber\\\/\",\"https:\\\/\\\/www.youtube.com\\\/channel\\\/UCZP-2wLEB9Rv6erhFmqVnvg\"]},{\"@type\":\"WebPage\",\"@id\":\"https:\\\/\\\/candas365.es\\\/noticias\\\/admiral-traslada-sus-operaciones-continentales-a-espana\\\/#webpage\",\"url\":\"https:\\\/\\\/candas365.es\\\/noticias\\\/admiral-traslada-sus-operaciones-continentales-a-espana\\\/\",\"name\":\"Admiral traslada sus operaciones continentales a Espa\\u00f1a | Cand\\u00e1s 365\",\"description\":\"El Ministerio de Econom\\u00eda y Empresa ha concedido autorizaci\\u00f3n para operar en Espa\\u00f1a a la entidad Admiral Europe Compa\\u00f1\\u00eda de Seguros, S.A., perteneciente al grupo asegurador brit\\u00e1nico Admiral. \\u200bAdmiral solicit\\u00f3 la constituci\\u00f3n en Espa\\u00f1a de una entidad que ser\\u00e1 cabecera del grupo europeo fuera del Reino Unido. En concreto, crear\\u00e1 una entidad aseguradora en Madrid\",\"inLanguage\":\"es-ES\",\"isPartOf\":{\"@id\":\"https:\\\/\\\/candas365.es\\\/noticias\\\/#website\"},\"breadcrumb\":{\"@id\":\"https:\\\/\\\/candas365.es\\\/noticias\\\/admiral-traslada-sus-operaciones-continentales-a-espana\\\/#breadcrumblist\"},\"author\":{\"@id\":\"https:\\\/\\\/candas365.es\\\/noticias\\\/author\\\/admin\\\/#author\"},\"creator\":{\"@id\":\"https:\\\/\\\/candas365.es\\\/noticias\\\/author\\\/admin\\\/#author\"},\"image\":{\"@type\":\"ImageObject\",\"url\":\"https:\\\/\\\/candas365.es\\\/noticias\\\/wp-content\\\/uploads\\\/2018\\\/07\\\/Sede-Ministerio.jpg.jpg\",\"@id\":\"https:\\\/\\\/candas365.es\\\/noticias\\\/admiral-traslada-sus-operaciones-continentales-a-espana\\\/#mainImage\",\"width\":496,\"height\":329},\"primaryImageOfPage\":{\"@id\":\"https:\\\/\\\/candas365.es\\\/noticias\\\/admiral-traslada-sus-operaciones-continentales-a-espana\\\/#mainImage\"},\"datePublished\":\"2018-07-22T00:25:05+02:00\",\"dateModified\":\"2018-07-22T00:25:05+02:00\"},{\"@type\":\"WebSite\",\"@id\":\"https:\\\/\\\/candas365.es\\\/noticias\\\/#website\",\"url\":\"https:\\\/\\\/candas365.es\\\/noticias\\\/\",\"name\":\"Cand\\u00e1s 365\",\"alternateName\":\"Cand\\u00e1s 365 Noticias\",\"description\":\"Actualidad desde Carre\\u00f1o para el mundo\",\"inLanguage\":\"es-ES\",\"publisher\":{\"@id\":\"https:\\\/\\\/candas365.es\\\/noticias\\\/#organization\"}}]}\n\t\t<\/script>\n\t\t<!-- All in One SEO Pro -->\r\n\t\t<title>Admiral traslada sus operaciones continentales a Espa\u00f1a | Cand\u00e1s 365<\/title>\n\n","aioseo_head_json":{"title":"Admiral traslada sus operaciones continentales a Espa\u00f1a | Cand\u00e1s 365","description":"El Ministerio de Econom\u00eda y Empresa ha concedido autorizaci\u00f3n para operar en Espa\u00f1a a la entidad Admiral Europe Compa\u00f1\u00eda de Seguros, S.A., perteneciente al grupo asegurador brit\u00e1nico Admiral. \u200bAdmiral solicit\u00f3 la constituci\u00f3n en Espa\u00f1a de una entidad que ser\u00e1 cabecera del grupo europeo fuera del Reino Unido. En concreto, crear\u00e1 una entidad aseguradora en Madrid","canonical_url":"https:\/\/candas365.es\/noticias\/admiral-traslada-sus-operaciones-continentales-a-espana\/","robots":"max-image-preview:large","keywords":"actualidad","webmasterTools":{"google-site-verification":"UA-32230408-1","msvalidate.01":"354F3CDFB2DA171B47FBE9ABF1F88D5","miscellaneous":""},"schema":{"@context":"https:\/\/schema.org","@graph":[{"@type":"BreadcrumbList","@id":"https:\/\/candas365.es\/noticias\/admiral-traslada-sus-operaciones-continentales-a-espana\/#breadcrumblist","itemListElement":[{"@type":"ListItem","@id":"https:\/\/candas365.es\/noticias#listItem","position":1,"name":"Home","item":"https:\/\/candas365.es\/noticias","nextItem":{"@type":"ListItem","@id":"https:\/\/candas365.es\/noticias\/category\/actualidad\/#listItem","name":"Actualidad"}},{"@type":"ListItem","@id":"https:\/\/candas365.es\/noticias\/category\/actualidad\/#listItem","position":2,"name":"Actualidad","item":"https:\/\/candas365.es\/noticias\/category\/actualidad\/","nextItem":{"@type":"ListItem","@id":"https:\/\/candas365.es\/noticias\/admiral-traslada-sus-operaciones-continentales-a-espana\/#listItem","name":"Admiral traslada sus operaciones continentales a Espa\u00f1a"},"previousItem":{"@type":"ListItem","@id":"https:\/\/candas365.es\/noticias#listItem","name":"Home"}},{"@type":"ListItem","@id":"https:\/\/candas365.es\/noticias\/admiral-traslada-sus-operaciones-continentales-a-espana\/#listItem","position":3,"name":"Admiral traslada sus operaciones continentales a Espa\u00f1a","previousItem":{"@type":"ListItem","@id":"https:\/\/candas365.es\/noticias\/category\/actualidad\/#listItem","name":"Actualidad"}}]},{"@type":"NewsArticle","@id":"https:\/\/candas365.es\/noticias\/admiral-traslada-sus-operaciones-continentales-a-espana\/#newsarticle","name":"Admiral traslada sus operaciones continentales a Espa\u00f1a | Cand\u00e1s 365","headline":"Admiral traslada sus operaciones continentales a Espa\u00f1a","author":{"@id":"https:\/\/candas365.es\/noticias\/author\/admin\/#author"},"publisher":{"@id":"https:\/\/candas365.es\/noticias\/#organization"},"image":{"@type":"ImageObject","url":"https:\/\/candas365.es\/noticias\/wp-content\/uploads\/2018\/07\/Sede-Ministerio.jpg.jpg","width":496,"height":329},"datePublished":"2018-07-22T00:25:05+02:00","dateModified":"2018-07-22T00:25:05+02:00","inLanguage":"es-ES","mainEntityOfPage":{"@id":"https:\/\/candas365.es\/noticias\/admiral-traslada-sus-operaciones-continentales-a-espana\/#webpage"},"isPartOf":{"@id":"https:\/\/candas365.es\/noticias\/admiral-traslada-sus-operaciones-continentales-a-espana\/#webpage"},"articleSection":"Actualidad","dateline":"Publicado el julio 22, 2018."},{"@type":"Organization","@id":"https:\/\/candas365.es\/noticias\/#organization","name":"Cand\u00e1s 365","description":"Cand\u00e1s 365 es un diario digital independiente, fundado en 2012, con base en Asturias. Informamos con rigor sobre actualidad, sociedad, cultura y ocio, con una mirada local y global.","url":"https:\/\/candas365.es\/noticias\/","email":"info@candas365.es","telephone":"+34652131393","foundingDate":"2012-06-10","logo":{"@type":"ImageObject","url":"https:\/\/candas365.es\/noticias\/wp-content\/uploads\/2024\/09\/Candas-365-Redes.jpg","@id":"https:\/\/candas365.es\/noticias\/admiral-traslada-sus-operaciones-continentales-a-espana\/#organizationLogo","width":1152,"height":864,"caption":"Cand\u00e1s 365 Redes"},"image":{"@id":"https:\/\/candas365.es\/noticias\/admiral-traslada-sus-operaciones-continentales-a-espana\/#organizationLogo"},"sameAs":["https:\/\/www.facebook.com\/Nachofdezber","https:\/\/x.com\/NabercoDigital","https:\/\/www.instagram.com\/nachofdezber\/","https:\/\/www.youtube.com\/channel\/UCZP-2wLEB9Rv6erhFmqVnvg"],"address":{"@id":"https:\/\/candas365.es\/noticias\/#postaladdress","@type":"PostalAddress","streetAddress":"san antonio 4, san antonio 4","postalCode":"33430","addressLocality":"Cand\u00e1s","addressRegion":"Asturias","addressCountry":"ES"}},{"@type":"Person","@id":"https:\/\/candas365.es\/noticias\/author\/admin\/#author","url":"https:\/\/candas365.es\/noticias\/author\/admin\/","name":"Cand\u00e1s 365","image":{"@type":"ImageObject","@id":"https:\/\/candas365.es\/noticias\/admiral-traslada-sus-operaciones-continentales-a-espana\/#authorImage","url":"https:\/\/secure.gravatar.com\/avatar\/496a8e03d0c493ede1718b7934145dbdf8d89be1036b0eec9544e1094c9de390?s=96&d=mm&r=g","width":96,"height":96,"caption":"Cand\u00e1s 365"},"sameAs":["https:\/\/www.facebook.com\/carrenoactualidad","https:\/\/twitter.com\/nbasturias","https:\/\/www.instagram.com\/nachofdezber\/","https:\/\/www.youtube.com\/channel\/UCZP-2wLEB9Rv6erhFmqVnvg"]},{"@type":"WebPage","@id":"https:\/\/candas365.es\/noticias\/admiral-traslada-sus-operaciones-continentales-a-espana\/#webpage","url":"https:\/\/candas365.es\/noticias\/admiral-traslada-sus-operaciones-continentales-a-espana\/","name":"Admiral traslada sus operaciones continentales a Espa\u00f1a | Cand\u00e1s 365","description":"El Ministerio de Econom\u00eda y Empresa ha concedido autorizaci\u00f3n para operar en Espa\u00f1a a la entidad Admiral Europe Compa\u00f1\u00eda de Seguros, S.A., perteneciente al grupo asegurador brit\u00e1nico Admiral. \u200bAdmiral solicit\u00f3 la constituci\u00f3n en Espa\u00f1a de una entidad que ser\u00e1 cabecera del grupo europeo fuera del Reino Unido. En concreto, crear\u00e1 una entidad aseguradora en Madrid","inLanguage":"es-ES","isPartOf":{"@id":"https:\/\/candas365.es\/noticias\/#website"},"breadcrumb":{"@id":"https:\/\/candas365.es\/noticias\/admiral-traslada-sus-operaciones-continentales-a-espana\/#breadcrumblist"},"author":{"@id":"https:\/\/candas365.es\/noticias\/author\/admin\/#author"},"creator":{"@id":"https:\/\/candas365.es\/noticias\/author\/admin\/#author"},"image":{"@type":"ImageObject","url":"https:\/\/candas365.es\/noticias\/wp-content\/uploads\/2018\/07\/Sede-Ministerio.jpg.jpg","@id":"https:\/\/candas365.es\/noticias\/admiral-traslada-sus-operaciones-continentales-a-espana\/#mainImage","width":496,"height":329},"primaryImageOfPage":{"@id":"https:\/\/candas365.es\/noticias\/admiral-traslada-sus-operaciones-continentales-a-espana\/#mainImage"},"datePublished":"2018-07-22T00:25:05+02:00","dateModified":"2018-07-22T00:25:05+02:00"},{"@type":"WebSite","@id":"https:\/\/candas365.es\/noticias\/#website","url":"https:\/\/candas365.es\/noticias\/","name":"Cand\u00e1s 365","alternateName":"Cand\u00e1s 365 Noticias","description":"Actualidad desde Carre\u00f1o para el mundo","inLanguage":"es-ES","publisher":{"@id":"https:\/\/candas365.es\/noticias\/#organization"}}]},"og:locale":"es_ES","og:site_name":"Cand\u00e1s 365","og:type":"article","og:title":"Admiral traslada sus operaciones continentales a Espa\u00f1a | Cand\u00e1s 365","og:description":"El Ministerio de Econom\u00eda y Empresa ha concedido autorizaci\u00f3n para operar en Espa\u00f1a a la entidad Admiral Europe Compa\u00f1\u00eda de Seguros, S.A., perteneciente al grupo asegurador brit\u00e1nico Admiral. \u200bAdmiral solicit\u00f3 la constituci\u00f3n en Espa\u00f1a de una entidad que ser\u00e1 cabecera del grupo europeo fuera del Reino Unido. En concreto, crear\u00e1 una entidad aseguradora en Madrid","og:url":"https:\/\/candas365.es\/noticias\/admiral-traslada-sus-operaciones-continentales-a-espana\/","og:image":"https:\/\/candas365.es\/noticias\/wp-content\/uploads\/2018\/07\/Sede-Ministerio.jpg.jpg","og:image:secure_url":"https:\/\/candas365.es\/noticias\/wp-content\/uploads\/2018\/07\/Sede-Ministerio.jpg.jpg","og:image:width":496,"og:image:height":329,"article:published_time":"2018-07-22T00:25:05+00:00","article:modified_time":"2018-07-22T00:25:05+00:00","article:publisher":"https:\/\/www.facebook.com\/Nachofdezber","article:author":"https:\/\/www.facebook.com\/carrenoactualidad","twitter:card":"summary_large_image","twitter:site":"@NabercoDigital","twitter:title":"Admiral traslada sus operaciones continentales a Espa\u00f1a | Cand\u00e1s 365","twitter:description":"El Ministerio de Econom\u00eda y Empresa ha concedido autorizaci\u00f3n para operar en Espa\u00f1a a la entidad Admiral Europe Compa\u00f1\u00eda de Seguros, S.A., perteneciente al grupo asegurador brit\u00e1nico Admiral. \u200bAdmiral solicit\u00f3 la constituci\u00f3n en Espa\u00f1a de una entidad que ser\u00e1 cabecera del grupo europeo fuera del Reino Unido. En concreto, crear\u00e1 una entidad aseguradora en Madrid","twitter:creator":"@nbasturias","twitter:image":"https:\/\/candas365.es\/noticias\/wp-content\/uploads\/2018\/07\/Sede-Ministerio.jpg.jpg","twitter:label1":"Escrito por","twitter:data1":"Cand\u00e1s 365","twitter:label2":"Tiempo de lectura estimado","twitter:data2":"1 minuto"},"aioseo_meta_data":{"post_id":"100908","title":null,"description":null,"keywords":null,"keyphrases":null,"primary_term":null,"canonical_url":null,"og_title":null,"og_description":null,"og_object_type":"default","og_image_type":"default","og_image_url":null,"og_image_width":null,"og_image_height":null,"og_image_custom_url":null,"og_image_custom_fields":null,"og_video":null,"og_custom_url":null,"og_article_section":null,"og_article_tags":null,"twitter_use_og":false,"twitter_card":"default","twitter_image_type":"default","twitter_image_url":null,"twitter_image_custom_url":null,"twitter_image_custom_fields":null,"twitter_title":null,"twitter_description":null,"schema":{"blockGraphs":[],"customGraphs":[],"default":{"data":{"Article":[],"Course":[],"Dataset":[],"FAQPage":[],"Movie":[],"Person":[],"Product":[],"ProductReview":[],"Car":[],"Recipe":[],"Service":[],"SoftwareApplication":[],"WebPage":[]},"graphName":"","isEnabled":true},"graphs":[]},"schema_type":null,"schema_type_options":null,"pillar_content":false,"robots_default":true,"robots_noindex":false,"robots_noarchive":false,"robots_nosnippet":false,"robots_nofollow":false,"robots_noimageindex":false,"robots_noodp":false,"robots_notranslate":false,"robots_max_snippet":null,"robots_max_videopreview":null,"robots_max_imagepreview":"large","priority":null,"frequency":null,"location":null,"local_seo":null,"seo_analyzer_scan_date":"2025-08-27 10:08:22","breadcrumb_settings":null,"limit_modified_date":false,"reviewed_by":null,"open_ai":null,"ai":null,"created":"2020-12-21 11:48:23","updated":"2025-08-27 10:08:22"},"aioseo_breadcrumb":"<div class=\"aioseo-breadcrumbs\"><span class=\"aioseo-breadcrumb\">\n\t<a href=\"https:\/\/candas365.es\/noticias\" title=\"Home\">Home<\/a>\n<\/span><span class=\"aioseo-breadcrumb-separator\">&ndash;<\/span><span class=\"aioseo-breadcrumb\">\n\t<a href=\"https:\/\/candas365.es\/noticias\/category\/actualidad\/\" title=\"Actualidad\">Actualidad<\/a>\n<\/span><span class=\"aioseo-breadcrumb-separator\">&ndash;<\/span><span class=\"aioseo-breadcrumb\">\n\tAdmiral traslada sus operaciones continentales a Espa\u00f1a\n<\/span><\/div>","aioseo_breadcrumb_json":[{"label":"Home","link":"https:\/\/candas365.es\/noticias"},{"label":"Actualidad","link":"https:\/\/candas365.es\/noticias\/category\/actualidad\/"},{"label":"Admiral traslada sus operaciones continentales a Espa\u00f1a","link":"https:\/\/candas365.es\/noticias\/admiral-traslada-sus-operaciones-continentales-a-espana\/"}],"_links":{"self":[{"href":"https:\/\/candas365.es\/noticias\/wp-json\/wp\/v2\/posts\/100908","targetHints":{"allow":["GET"]}}],"collection":[{"href":"https:\/\/candas365.es\/noticias\/wp-json\/wp\/v2\/posts"}],"about":[{"href":"https:\/\/candas365.es\/noticias\/wp-json\/wp\/v2\/types\/post"}],"author":[{"embeddable":true,"href":"https:\/\/candas365.es\/noticias\/wp-json\/wp\/v2\/users\/1"}],"replies":[{"embeddable":true,"href":"https:\/\/candas365.es\/noticias\/wp-json\/wp\/v2\/comments?post=100908"}],"version-history":[{"count":0,"href":"https:\/\/candas365.es\/noticias\/wp-json\/wp\/v2\/posts\/100908\/revisions"}],"wp:featuredmedia":[{"embeddable":true,"href":"https:\/\/candas365.es\/noticias\/wp-json\/wp\/v2\/media\/100909"}],"wp:attachment":[{"href":"https:\/\/candas365.es\/noticias\/wp-json\/wp\/v2\/media?parent=100908"}],"wp:term":[{"taxonomy":"category","embeddable":true,"href":"https:\/\/candas365.es\/noticias\/wp-json\/wp\/v2\/categories?post=100908"},{"taxonomy":"post_tag","embeddable":true,"href":"https:\/\/candas365.es\/noticias\/wp-json\/wp\/v2\/tags?post=100908"}],"curies":[{"name":"wp","href":"https:\/\/api.w.org\/{rel}","templated":true}]}}