{"id":100905,"date":"2018-07-22T00:23:36","date_gmt":"2018-07-22T00:23:36","guid":{"rendered":"http:\/\/candas365.es\/noticias\/?p=100905"},"modified":"2018-07-22T00:23:36","modified_gmt":"2018-07-22T00:23:36","slug":"monton-las-prioridades-de-la-oms-son-las-prioridades-del-gobierno-espanol","status":"publish","type":"post","link":"https:\/\/candas365.es\/noticias\/monton-las-prioridades-de-la-oms-son-las-prioridades-del-gobierno-espanol\/","title":{"rendered":"Mont\u00f3n: \u00abLas prioridades de la OMS son las prioridades del Gobierno espa\u00f1ol\u00bb"},"content":{"rendered":"<p><img fetchpriority=\"high\" decoding=\"async\" class=\"alignleft size-medium wp-image-100906\" src=\"https:\/\/candas365.es\/noticias\/wp-content\/uploads\/2018\/07\/190718Mont\u00f3nCampus\u00c1frica01-360x239.jpg\" alt=\"\" width=\"360\" height=\"239\" srcset=\"https:\/\/candas365.es\/noticias\/wp-content\/uploads\/2018\/07\/190718Mont\u00f3nCampus\u00c1frica01-360x239.jpg 360w, https:\/\/candas365.es\/noticias\/wp-content\/uploads\/2018\/07\/190718Mont\u00f3nCampus\u00c1frica01.jpg 496w\" sizes=\"(max-width: 360px) 100vw, 360px\" \/>La Ministra de Sanidad, Consumo y Bienestar Social, Carmen Mont\u00f3n, ha mostrado el respaldo del Gobierno de Espa\u00f1a a las prioridades de la Organizaci\u00f3n Mundial de la Salud (OMS) para el continente africano.<\/p>\n<p>\u200bMont\u00f3n, que ha intervenido en el acto institucional del D\u00eda de la Cooperaci\u00f3n en el marco de Campus \u00c1frica, ha defendido \u00abuna agenda com\u00fan que incluye reforzar los sistemas nacionales de salud del continente, potenciar los Objetivos de Desarrollo Sostenible vinculados a la salud o hacer especial hincapi\u00e9 en los determinantes sociales que afectan al estado de salud de las personas\u00bb.<\/p>\n<p>La Ministra ha mostrado tambi\u00e9n el respaldo del Gobierno espa\u00f1ol a los objetivos de la Agenda 2030 de Naciones Unidas. \u00abVamos a unir esfuerzos, recursos y afianzar las alianzas necesarias para que la ciudadan\u00eda a la que representamos mejore sus resultados en salud y todas nuestras pol\u00edticas aporten salud y bienestar\u00bb.<\/p>\n<p>Mont\u00f3n record\u00f3 el lema elegido por el primer Foro de Salud de la OMS celebrado en Ruanda el a\u00f1o pasado (\u00abPoniendo a las personas primero: el camino hacia la cobertura universal en \u00c1frica\u00bb) para argumentar \u00abque ese reto es irrenunciable porque los derechos de las personas tambi\u00e9n lo son\u00bb. \u00abNo hay bien m\u00e1s beneficioso para la persona\u00bb, afirm\u00f3 en su intervenci\u00f3n, \u00abque colaborar en garantizar su asistencia sanitaria como el derecho fundamental que es, por encima del origen o de la situaci\u00f3n administrativa que tenga esa persona en su pa\u00eds de residencia\u00bb.<\/p>\n<p>La Ministra espa\u00f1ola elogi\u00f3 la \u00abdedicaci\u00f3n y el esfuerzo diario\u00bb de los cooperantes. \u00abNo se me ocurre mejor compa\u00f1\u00eda\u00bb, concluy\u00f3, \u00abpara ganar el futuro; estar a su altura desde las instituciones supone sin duda un reto de primer orden\u00bb.<\/p>\n<p>De cara al futuro, Mont\u00f3n ha adelantado que, a su entender, la cooperaci\u00f3n con \u00c1frica \u00abdebe pasar por potenciar los proyectos de cooperaci\u00f3n sanitaria de \u00e1mbito materno-infantil, no solo desde la perspectiva de la prevenci\u00f3n a trav\u00e9s de programas de vacunaci\u00f3n o de planificaci\u00f3n familiar, sino de empoderamiento de los actores locales, especialmente las mujeres, a trav\u00e9s de la formaci\u00f3n y la educaci\u00f3n\u00bb.<\/p>\n<p>\u00abPara ello\u00bb, ha continuado la Ministra, \u00abson imprescindibles metodolog\u00edas que incluyan la adaptaci\u00f3n a los sistemas de salud locales, a sus planificaciones y liderazgos. Se trata de trabajar juntos, de compartir objetivos, de colaborar en resolver problemas\u00bb.<\/p>\n<p>Este encuentro, organizado por el Cabildo de Tenerife, ha contado con la presencia de sus hom\u00f3logos en Mauritania y Guinea Bissau, Kane Boubakar y Mar\u00eda In\u00e1cia C\u00f3 Mendes, respectivamente, y representantes de Senegal as\u00ed como con la del consejero de Sanidad canario, Jos\u00e9 Manuel Baltar, el presidente del Cabildo, Carlos Alonso Rodr\u00edguez, y el rector de la Universidad de La Laguna, Antonio Martin\u00f3n.<\/p>\n","protected":false},"excerpt":{"rendered":"<p>La Ministra de Sanidad, Consumo y Bienestar Social, Carmen Mont\u00f3n, ha mostrado el respaldo del Gobierno de Espa\u00f1a a las prioridades de la Organizaci\u00f3n Mundial de la Salud (OMS) para el continente africano. \u200bMont\u00f3n, que ha intervenido en el acto institucional del D\u00eda de la Cooperaci\u00f3n en el marco de Campus \u00c1frica, ha defendido \u00abuna<\/p>\n","protected":false},"author":1,"featured_media":100906,"comment_status":"closed","ping_status":"closed","sticky":false,"template":"","format":"standard","meta":{"footnotes":""},"categories":[343],"tags":[],"class_list":{"0":"post-100905","1":"post","2":"type-post","3":"status-publish","4":"format-standard","5":"has-post-thumbnail","7":"category-actualidad"},"aioseo_notices":[],"aioseo_head":"\n\t\t<!-- All in One SEO Pro 4.9.6.2 - aioseo.com -->\n\t<meta name=\"description\" content=\"La Ministra de Sanidad, Consumo y Bienestar Social, Carmen Mont\u00f3n, ha mostrado el respaldo del Gobierno de Espa\u00f1a a las prioridades de la Organizaci\u00f3n Mundial de la Salud (OMS) para el continente africano. \u200bMont\u00f3n, que ha intervenido en el acto institucional del D\u00eda de la Cooperaci\u00f3n en el marco de Campus \u00c1frica, ha defendido &quot;una\" \/>\n\t<meta name=\"robots\" content=\"max-image-preview:large\" \/>\n\t<meta name=\"author\" content=\"Cand\u00e1s 365\"\/>\n\t<meta name=\"google-site-verification\" content=\"UA-32230408-1\" \/>\n\t<meta name=\"msvalidate.01\" content=\"354F3CDFB2DA171B47FBE9ABF1F88D5\" \/>\n\t<meta name=\"keywords\" content=\"actualidad\" \/>\n\t<link rel=\"canonical\" href=\"https:\/\/candas365.es\/noticias\/monton-las-prioridades-de-la-oms-son-las-prioridades-del-gobierno-espanol\/\" \/>\n\t<meta name=\"generator\" content=\"All in One SEO Pro (AIOSEO) 4.9.6.2\" \/>\n\t\t<meta property=\"og:locale\" content=\"es_ES\" \/>\n\t\t<meta property=\"og:site_name\" content=\"Cand\u00e1s 365\" \/>\n\t\t<meta property=\"og:type\" content=\"article\" \/>\n\t\t<meta property=\"og:title\" content=\"Mont\u00f3n: \u00abLas prioridades de la OMS son las prioridades del Gobierno espa\u00f1ol\u00bb | Cand\u00e1s 365\" \/>\n\t\t<meta property=\"og:description\" content=\"La Ministra de Sanidad, Consumo y Bienestar Social, Carmen Mont\u00f3n, ha mostrado el respaldo del Gobierno de Espa\u00f1a a las prioridades de la Organizaci\u00f3n Mundial de la Salud (OMS) para el continente africano. \u200bMont\u00f3n, que ha intervenido en el acto institucional del D\u00eda de la Cooperaci\u00f3n en el marco de Campus \u00c1frica, ha defendido &quot;una\" \/>\n\t\t<meta property=\"og:url\" content=\"https:\/\/candas365.es\/noticias\/monton-las-prioridades-de-la-oms-son-las-prioridades-del-gobierno-espanol\/\" \/>\n\t\t<meta property=\"og:image\" content=\"https:\/\/candas365.es\/noticias\/wp-content\/uploads\/2018\/07\/190718Mont\u00f3nCampus\u00c1frica01.jpg\" \/>\n\t\t<meta property=\"og:image:secure_url\" content=\"https:\/\/candas365.es\/noticias\/wp-content\/uploads\/2018\/07\/190718Mont\u00f3nCampus\u00c1frica01.jpg\" \/>\n\t\t<meta property=\"og:image:width\" content=\"496\" \/>\n\t\t<meta property=\"og:image:height\" content=\"329\" \/>\n\t\t<meta property=\"article:published_time\" content=\"2018-07-22T00:23:36+00:00\" \/>\n\t\t<meta property=\"article:modified_time\" content=\"2018-07-22T00:23:36+00:00\" \/>\n\t\t<meta property=\"article:publisher\" content=\"https:\/\/www.facebook.com\/Nachofdezber\" \/>\n\t\t<meta property=\"article:author\" content=\"https:\/\/www.facebook.com\/carrenoactualidad\" \/>\n\t\t<meta name=\"twitter:card\" content=\"summary_large_image\" \/>\n\t\t<meta name=\"twitter:site\" content=\"@NabercoDigital\" \/>\n\t\t<meta name=\"twitter:title\" content=\"Mont\u00f3n: \u00abLas prioridades de la OMS son las prioridades del Gobierno espa\u00f1ol\u00bb | Cand\u00e1s 365\" \/>\n\t\t<meta name=\"twitter:description\" content=\"La Ministra de Sanidad, Consumo y Bienestar Social, Carmen Mont\u00f3n, ha mostrado el respaldo del Gobierno de Espa\u00f1a a las prioridades de la Organizaci\u00f3n Mundial de la Salud (OMS) para el continente africano. \u200bMont\u00f3n, que ha intervenido en el acto institucional del D\u00eda de la Cooperaci\u00f3n en el marco de Campus \u00c1frica, ha defendido &quot;una\" \/>\n\t\t<meta name=\"twitter:creator\" content=\"@nbasturias\" \/>\n\t\t<meta name=\"twitter:image\" content=\"https:\/\/candas365.es\/noticias\/wp-content\/uploads\/2018\/07\/190718Mont\u00f3nCampus\u00c1frica01.jpg\" \/>\n\t\t<meta name=\"twitter:label1\" content=\"Escrito por\" \/>\n\t\t<meta name=\"twitter:data1\" content=\"Cand\u00e1s 365\" \/>\n\t\t<meta name=\"twitter:label2\" content=\"Tiempo de lectura estimado\" \/>\n\t\t<meta name=\"twitter:data2\" content=\"2 minutos\" \/>\n\t\t<script type=\"application\/ld+json\" class=\"aioseo-schema\">\n\t\t\t{\"@context\":\"https:\\\/\\\/schema.org\",\"@graph\":[{\"@type\":\"BreadcrumbList\",\"@id\":\"https:\\\/\\\/candas365.es\\\/noticias\\\/monton-las-prioridades-de-la-oms-son-las-prioridades-del-gobierno-espanol\\\/#breadcrumblist\",\"itemListElement\":[{\"@type\":\"ListItem\",\"@id\":\"https:\\\/\\\/candas365.es\\\/noticias#listItem\",\"position\":1,\"name\":\"Home\",\"item\":\"https:\\\/\\\/candas365.es\\\/noticias\",\"nextItem\":{\"@type\":\"ListItem\",\"@id\":\"https:\\\/\\\/candas365.es\\\/noticias\\\/category\\\/actualidad\\\/#listItem\",\"name\":\"Actualidad\"}},{\"@type\":\"ListItem\",\"@id\":\"https:\\\/\\\/candas365.es\\\/noticias\\\/category\\\/actualidad\\\/#listItem\",\"position\":2,\"name\":\"Actualidad\",\"item\":\"https:\\\/\\\/candas365.es\\\/noticias\\\/category\\\/actualidad\\\/\",\"nextItem\":{\"@type\":\"ListItem\",\"@id\":\"https:\\\/\\\/candas365.es\\\/noticias\\\/monton-las-prioridades-de-la-oms-son-las-prioridades-del-gobierno-espanol\\\/#listItem\",\"name\":\"Mont\\u00f3n: \\u00abLas prioridades de la OMS son las prioridades del Gobierno espa\\u00f1ol\\u00bb\"},\"previousItem\":{\"@type\":\"ListItem\",\"@id\":\"https:\\\/\\\/candas365.es\\\/noticias#listItem\",\"name\":\"Home\"}},{\"@type\":\"ListItem\",\"@id\":\"https:\\\/\\\/candas365.es\\\/noticias\\\/monton-las-prioridades-de-la-oms-son-las-prioridades-del-gobierno-espanol\\\/#listItem\",\"position\":3,\"name\":\"Mont\\u00f3n: \\u00abLas prioridades de la OMS son las prioridades del Gobierno espa\\u00f1ol\\u00bb\",\"previousItem\":{\"@type\":\"ListItem\",\"@id\":\"https:\\\/\\\/candas365.es\\\/noticias\\\/category\\\/actualidad\\\/#listItem\",\"name\":\"Actualidad\"}}]},{\"@type\":\"NewsArticle\",\"@id\":\"https:\\\/\\\/candas365.es\\\/noticias\\\/monton-las-prioridades-de-la-oms-son-las-prioridades-del-gobierno-espanol\\\/#newsarticle\",\"name\":\"Mont\\u00f3n: \\u00abLas prioridades de la OMS son las prioridades del Gobierno espa\\u00f1ol\\u00bb | Cand\\u00e1s 365\",\"headline\":\"Mont\\u00f3n: \\u00abLas prioridades de la OMS son las prioridades del Gobierno espa\\u00f1ol\\u00bb\",\"author\":{\"@id\":\"https:\\\/\\\/candas365.es\\\/noticias\\\/author\\\/admin\\\/#author\"},\"publisher\":{\"@id\":\"https:\\\/\\\/candas365.es\\\/noticias\\\/#organization\"},\"image\":{\"@type\":\"ImageObject\",\"url\":\"https:\\\/\\\/candas365.es\\\/noticias\\\/wp-content\\\/uploads\\\/2018\\\/07\\\/190718Mont\\u00f3nCampus\\u00c1frica01.jpg\",\"width\":496,\"height\":329},\"datePublished\":\"2018-07-22T00:23:36+02:00\",\"dateModified\":\"2018-07-22T00:23:36+02:00\",\"inLanguage\":\"es-ES\",\"mainEntityOfPage\":{\"@id\":\"https:\\\/\\\/candas365.es\\\/noticias\\\/monton-las-prioridades-de-la-oms-son-las-prioridades-del-gobierno-espanol\\\/#webpage\"},\"isPartOf\":{\"@id\":\"https:\\\/\\\/candas365.es\\\/noticias\\\/monton-las-prioridades-de-la-oms-son-las-prioridades-del-gobierno-espanol\\\/#webpage\"},\"articleSection\":\"Actualidad\",\"dateline\":\"Publicado el julio 22, 2018.\"},{\"@type\":\"Organization\",\"@id\":\"https:\\\/\\\/candas365.es\\\/noticias\\\/#organization\",\"name\":\"Cand\\u00e1s 365\",\"description\":\"Cand\\u00e1s 365 es un diario digital independiente, fundado en 2012, con base en Asturias. Informamos con rigor sobre actualidad, sociedad, cultura y ocio, con una mirada local y global.\",\"url\":\"https:\\\/\\\/candas365.es\\\/noticias\\\/\",\"email\":\"info@candas365.es\",\"telephone\":\"+34652131393\",\"foundingDate\":\"2012-06-10\",\"logo\":{\"@type\":\"ImageObject\",\"url\":\"https:\\\/\\\/candas365.es\\\/noticias\\\/wp-content\\\/uploads\\\/2024\\\/09\\\/Candas-365-Redes.jpg\",\"@id\":\"https:\\\/\\\/candas365.es\\\/noticias\\\/monton-las-prioridades-de-la-oms-son-las-prioridades-del-gobierno-espanol\\\/#organizationLogo\",\"width\":1152,\"height\":864,\"caption\":\"Cand\\u00e1s 365 Redes\"},\"image\":{\"@id\":\"https:\\\/\\\/candas365.es\\\/noticias\\\/monton-las-prioridades-de-la-oms-son-las-prioridades-del-gobierno-espanol\\\/#organizationLogo\"},\"sameAs\":[\"https:\\\/\\\/www.facebook.com\\\/Nachofdezber\",\"https:\\\/\\\/x.com\\\/NabercoDigital\",\"https:\\\/\\\/www.instagram.com\\\/nachofdezber\\\/\",\"https:\\\/\\\/www.youtube.com\\\/channel\\\/UCZP-2wLEB9Rv6erhFmqVnvg\"],\"address\":{\"@id\":\"https:\\\/\\\/candas365.es\\\/noticias\\\/#postaladdress\",\"@type\":\"PostalAddress\",\"streetAddress\":\"san antonio 4, san antonio 4\",\"postalCode\":\"33430\",\"addressLocality\":\"Cand\\u00e1s\",\"addressRegion\":\"Asturias\",\"addressCountry\":\"ES\"}},{\"@type\":\"Person\",\"@id\":\"https:\\\/\\\/candas365.es\\\/noticias\\\/author\\\/admin\\\/#author\",\"url\":\"https:\\\/\\\/candas365.es\\\/noticias\\\/author\\\/admin\\\/\",\"name\":\"Cand\\u00e1s 365\",\"image\":{\"@type\":\"ImageObject\",\"@id\":\"https:\\\/\\\/candas365.es\\\/noticias\\\/monton-las-prioridades-de-la-oms-son-las-prioridades-del-gobierno-espanol\\\/#authorImage\",\"url\":\"https:\\\/\\\/secure.gravatar.com\\\/avatar\\\/496a8e03d0c493ede1718b7934145dbdf8d89be1036b0eec9544e1094c9de390?s=96&d=mm&r=g\",\"width\":96,\"height\":96,\"caption\":\"Cand\\u00e1s 365\"},\"sameAs\":[\"https:\\\/\\\/www.facebook.com\\\/carrenoactualidad\",\"https:\\\/\\\/twitter.com\\\/nbasturias\",\"https:\\\/\\\/www.instagram.com\\\/nachofdezber\\\/\",\"https:\\\/\\\/www.youtube.com\\\/channel\\\/UCZP-2wLEB9Rv6erhFmqVnvg\"]},{\"@type\":\"WebPage\",\"@id\":\"https:\\\/\\\/candas365.es\\\/noticias\\\/monton-las-prioridades-de-la-oms-son-las-prioridades-del-gobierno-espanol\\\/#webpage\",\"url\":\"https:\\\/\\\/candas365.es\\\/noticias\\\/monton-las-prioridades-de-la-oms-son-las-prioridades-del-gobierno-espanol\\\/\",\"name\":\"Mont\\u00f3n: \\u00abLas prioridades de la OMS son las prioridades del Gobierno espa\\u00f1ol\\u00bb | Cand\\u00e1s 365\",\"description\":\"La Ministra de Sanidad, Consumo y Bienestar Social, Carmen Mont\\u00f3n, ha mostrado el respaldo del Gobierno de Espa\\u00f1a a las prioridades de la Organizaci\\u00f3n Mundial de la Salud (OMS) para el continente africano. \\u200bMont\\u00f3n, que ha intervenido en el acto institucional del D\\u00eda de la Cooperaci\\u00f3n en el marco de Campus \\u00c1frica, ha defendido \\\"una\",\"inLanguage\":\"es-ES\",\"isPartOf\":{\"@id\":\"https:\\\/\\\/candas365.es\\\/noticias\\\/#website\"},\"breadcrumb\":{\"@id\":\"https:\\\/\\\/candas365.es\\\/noticias\\\/monton-las-prioridades-de-la-oms-son-las-prioridades-del-gobierno-espanol\\\/#breadcrumblist\"},\"author\":{\"@id\":\"https:\\\/\\\/candas365.es\\\/noticias\\\/author\\\/admin\\\/#author\"},\"creator\":{\"@id\":\"https:\\\/\\\/candas365.es\\\/noticias\\\/author\\\/admin\\\/#author\"},\"image\":{\"@type\":\"ImageObject\",\"url\":\"https:\\\/\\\/candas365.es\\\/noticias\\\/wp-content\\\/uploads\\\/2018\\\/07\\\/190718Mont\\u00f3nCampus\\u00c1frica01.jpg\",\"@id\":\"https:\\\/\\\/candas365.es\\\/noticias\\\/monton-las-prioridades-de-la-oms-son-las-prioridades-del-gobierno-espanol\\\/#mainImage\",\"width\":496,\"height\":329},\"primaryImageOfPage\":{\"@id\":\"https:\\\/\\\/candas365.es\\\/noticias\\\/monton-las-prioridades-de-la-oms-son-las-prioridades-del-gobierno-espanol\\\/#mainImage\"},\"datePublished\":\"2018-07-22T00:23:36+02:00\",\"dateModified\":\"2018-07-22T00:23:36+02:00\"},{\"@type\":\"WebSite\",\"@id\":\"https:\\\/\\\/candas365.es\\\/noticias\\\/#website\",\"url\":\"https:\\\/\\\/candas365.es\\\/noticias\\\/\",\"name\":\"Cand\\u00e1s 365\",\"alternateName\":\"Cand\\u00e1s 365 Noticias\",\"description\":\"Actualidad desde Carre\\u00f1o para el mundo\",\"inLanguage\":\"es-ES\",\"publisher\":{\"@id\":\"https:\\\/\\\/candas365.es\\\/noticias\\\/#organization\"}}]}\n\t\t<\/script>\n\t\t<!-- All in One SEO Pro -->\r\n\t\t<title>Mont\u00f3n: \u00abLas prioridades de la OMS son las prioridades del Gobierno espa\u00f1ol\u00bb | Cand\u00e1s 365<\/title>\n\n","aioseo_head_json":{"title":"Mont\u00f3n: \u00abLas prioridades de la OMS son las prioridades del Gobierno espa\u00f1ol\u00bb | Cand\u00e1s 365","description":"La Ministra de Sanidad, Consumo y Bienestar Social, Carmen Mont\u00f3n, ha mostrado el respaldo del Gobierno de Espa\u00f1a a las prioridades de la Organizaci\u00f3n Mundial de la Salud (OMS) para el continente africano. \u200bMont\u00f3n, que ha intervenido en el acto institucional del D\u00eda de la Cooperaci\u00f3n en el marco de Campus \u00c1frica, ha defendido \"una","canonical_url":"https:\/\/candas365.es\/noticias\/monton-las-prioridades-de-la-oms-son-las-prioridades-del-gobierno-espanol\/","robots":"max-image-preview:large","keywords":"actualidad","webmasterTools":{"google-site-verification":"UA-32230408-1","msvalidate.01":"354F3CDFB2DA171B47FBE9ABF1F88D5","miscellaneous":""},"schema":{"@context":"https:\/\/schema.org","@graph":[{"@type":"BreadcrumbList","@id":"https:\/\/candas365.es\/noticias\/monton-las-prioridades-de-la-oms-son-las-prioridades-del-gobierno-espanol\/#breadcrumblist","itemListElement":[{"@type":"ListItem","@id":"https:\/\/candas365.es\/noticias#listItem","position":1,"name":"Home","item":"https:\/\/candas365.es\/noticias","nextItem":{"@type":"ListItem","@id":"https:\/\/candas365.es\/noticias\/category\/actualidad\/#listItem","name":"Actualidad"}},{"@type":"ListItem","@id":"https:\/\/candas365.es\/noticias\/category\/actualidad\/#listItem","position":2,"name":"Actualidad","item":"https:\/\/candas365.es\/noticias\/category\/actualidad\/","nextItem":{"@type":"ListItem","@id":"https:\/\/candas365.es\/noticias\/monton-las-prioridades-de-la-oms-son-las-prioridades-del-gobierno-espanol\/#listItem","name":"Mont\u00f3n: \u00abLas prioridades de la OMS son las prioridades del Gobierno espa\u00f1ol\u00bb"},"previousItem":{"@type":"ListItem","@id":"https:\/\/candas365.es\/noticias#listItem","name":"Home"}},{"@type":"ListItem","@id":"https:\/\/candas365.es\/noticias\/monton-las-prioridades-de-la-oms-son-las-prioridades-del-gobierno-espanol\/#listItem","position":3,"name":"Mont\u00f3n: \u00abLas prioridades de la OMS son las prioridades del Gobierno espa\u00f1ol\u00bb","previousItem":{"@type":"ListItem","@id":"https:\/\/candas365.es\/noticias\/category\/actualidad\/#listItem","name":"Actualidad"}}]},{"@type":"NewsArticle","@id":"https:\/\/candas365.es\/noticias\/monton-las-prioridades-de-la-oms-son-las-prioridades-del-gobierno-espanol\/#newsarticle","name":"Mont\u00f3n: \u00abLas prioridades de la OMS son las prioridades del Gobierno espa\u00f1ol\u00bb | Cand\u00e1s 365","headline":"Mont\u00f3n: \u00abLas prioridades de la OMS son las prioridades del Gobierno espa\u00f1ol\u00bb","author":{"@id":"https:\/\/candas365.es\/noticias\/author\/admin\/#author"},"publisher":{"@id":"https:\/\/candas365.es\/noticias\/#organization"},"image":{"@type":"ImageObject","url":"https:\/\/candas365.es\/noticias\/wp-content\/uploads\/2018\/07\/190718Mont\u00f3nCampus\u00c1frica01.jpg","width":496,"height":329},"datePublished":"2018-07-22T00:23:36+02:00","dateModified":"2018-07-22T00:23:36+02:00","inLanguage":"es-ES","mainEntityOfPage":{"@id":"https:\/\/candas365.es\/noticias\/monton-las-prioridades-de-la-oms-son-las-prioridades-del-gobierno-espanol\/#webpage"},"isPartOf":{"@id":"https:\/\/candas365.es\/noticias\/monton-las-prioridades-de-la-oms-son-las-prioridades-del-gobierno-espanol\/#webpage"},"articleSection":"Actualidad","dateline":"Publicado el julio 22, 2018."},{"@type":"Organization","@id":"https:\/\/candas365.es\/noticias\/#organization","name":"Cand\u00e1s 365","description":"Cand\u00e1s 365 es un diario digital independiente, fundado en 2012, con base en Asturias. Informamos con rigor sobre actualidad, sociedad, cultura y ocio, con una mirada local y global.","url":"https:\/\/candas365.es\/noticias\/","email":"info@candas365.es","telephone":"+34652131393","foundingDate":"2012-06-10","logo":{"@type":"ImageObject","url":"https:\/\/candas365.es\/noticias\/wp-content\/uploads\/2024\/09\/Candas-365-Redes.jpg","@id":"https:\/\/candas365.es\/noticias\/monton-las-prioridades-de-la-oms-son-las-prioridades-del-gobierno-espanol\/#organizationLogo","width":1152,"height":864,"caption":"Cand\u00e1s 365 Redes"},"image":{"@id":"https:\/\/candas365.es\/noticias\/monton-las-prioridades-de-la-oms-son-las-prioridades-del-gobierno-espanol\/#organizationLogo"},"sameAs":["https:\/\/www.facebook.com\/Nachofdezber","https:\/\/x.com\/NabercoDigital","https:\/\/www.instagram.com\/nachofdezber\/","https:\/\/www.youtube.com\/channel\/UCZP-2wLEB9Rv6erhFmqVnvg"],"address":{"@id":"https:\/\/candas365.es\/noticias\/#postaladdress","@type":"PostalAddress","streetAddress":"san antonio 4, san antonio 4","postalCode":"33430","addressLocality":"Cand\u00e1s","addressRegion":"Asturias","addressCountry":"ES"}},{"@type":"Person","@id":"https:\/\/candas365.es\/noticias\/author\/admin\/#author","url":"https:\/\/candas365.es\/noticias\/author\/admin\/","name":"Cand\u00e1s 365","image":{"@type":"ImageObject","@id":"https:\/\/candas365.es\/noticias\/monton-las-prioridades-de-la-oms-son-las-prioridades-del-gobierno-espanol\/#authorImage","url":"https:\/\/secure.gravatar.com\/avatar\/496a8e03d0c493ede1718b7934145dbdf8d89be1036b0eec9544e1094c9de390?s=96&d=mm&r=g","width":96,"height":96,"caption":"Cand\u00e1s 365"},"sameAs":["https:\/\/www.facebook.com\/carrenoactualidad","https:\/\/twitter.com\/nbasturias","https:\/\/www.instagram.com\/nachofdezber\/","https:\/\/www.youtube.com\/channel\/UCZP-2wLEB9Rv6erhFmqVnvg"]},{"@type":"WebPage","@id":"https:\/\/candas365.es\/noticias\/monton-las-prioridades-de-la-oms-son-las-prioridades-del-gobierno-espanol\/#webpage","url":"https:\/\/candas365.es\/noticias\/monton-las-prioridades-de-la-oms-son-las-prioridades-del-gobierno-espanol\/","name":"Mont\u00f3n: \u00abLas prioridades de la OMS son las prioridades del Gobierno espa\u00f1ol\u00bb | Cand\u00e1s 365","description":"La Ministra de Sanidad, Consumo y Bienestar Social, Carmen Mont\u00f3n, ha mostrado el respaldo del Gobierno de Espa\u00f1a a las prioridades de la Organizaci\u00f3n Mundial de la Salud (OMS) para el continente africano. \u200bMont\u00f3n, que ha intervenido en el acto institucional del D\u00eda de la Cooperaci\u00f3n en el marco de Campus \u00c1frica, ha defendido \"una","inLanguage":"es-ES","isPartOf":{"@id":"https:\/\/candas365.es\/noticias\/#website"},"breadcrumb":{"@id":"https:\/\/candas365.es\/noticias\/monton-las-prioridades-de-la-oms-son-las-prioridades-del-gobierno-espanol\/#breadcrumblist"},"author":{"@id":"https:\/\/candas365.es\/noticias\/author\/admin\/#author"},"creator":{"@id":"https:\/\/candas365.es\/noticias\/author\/admin\/#author"},"image":{"@type":"ImageObject","url":"https:\/\/candas365.es\/noticias\/wp-content\/uploads\/2018\/07\/190718Mont\u00f3nCampus\u00c1frica01.jpg","@id":"https:\/\/candas365.es\/noticias\/monton-las-prioridades-de-la-oms-son-las-prioridades-del-gobierno-espanol\/#mainImage","width":496,"height":329},"primaryImageOfPage":{"@id":"https:\/\/candas365.es\/noticias\/monton-las-prioridades-de-la-oms-son-las-prioridades-del-gobierno-espanol\/#mainImage"},"datePublished":"2018-07-22T00:23:36+02:00","dateModified":"2018-07-22T00:23:36+02:00"},{"@type":"WebSite","@id":"https:\/\/candas365.es\/noticias\/#website","url":"https:\/\/candas365.es\/noticias\/","name":"Cand\u00e1s 365","alternateName":"Cand\u00e1s 365 Noticias","description":"Actualidad desde Carre\u00f1o para el mundo","inLanguage":"es-ES","publisher":{"@id":"https:\/\/candas365.es\/noticias\/#organization"}}]},"og:locale":"es_ES","og:site_name":"Cand\u00e1s 365","og:type":"article","og:title":"Mont\u00f3n: \u00abLas prioridades de la OMS son las prioridades del Gobierno espa\u00f1ol\u00bb | Cand\u00e1s 365","og:description":"La Ministra de Sanidad, Consumo y Bienestar Social, Carmen Mont\u00f3n, ha mostrado el respaldo del Gobierno de Espa\u00f1a a las prioridades de la Organizaci\u00f3n Mundial de la Salud (OMS) para el continente africano. \u200bMont\u00f3n, que ha intervenido en el acto institucional del D\u00eda de la Cooperaci\u00f3n en el marco de Campus \u00c1frica, ha defendido &quot;una","og:url":"https:\/\/candas365.es\/noticias\/monton-las-prioridades-de-la-oms-son-las-prioridades-del-gobierno-espanol\/","og:image":"https:\/\/candas365.es\/noticias\/wp-content\/uploads\/2018\/07\/190718Mont\u00f3nCampus\u00c1frica01.jpg","og:image:secure_url":"https:\/\/candas365.es\/noticias\/wp-content\/uploads\/2018\/07\/190718Mont\u00f3nCampus\u00c1frica01.jpg","og:image:width":496,"og:image:height":329,"article:published_time":"2018-07-22T00:23:36+00:00","article:modified_time":"2018-07-22T00:23:36+00:00","article:publisher":"https:\/\/www.facebook.com\/Nachofdezber","article:author":"https:\/\/www.facebook.com\/carrenoactualidad","twitter:card":"summary_large_image","twitter:site":"@NabercoDigital","twitter:title":"Mont\u00f3n: \u00abLas prioridades de la OMS son las prioridades del Gobierno espa\u00f1ol\u00bb | Cand\u00e1s 365","twitter:description":"La Ministra de Sanidad, Consumo y Bienestar Social, Carmen Mont\u00f3n, ha mostrado el respaldo del Gobierno de Espa\u00f1a a las prioridades de la Organizaci\u00f3n Mundial de la Salud (OMS) para el continente africano. \u200bMont\u00f3n, que ha intervenido en el acto institucional del D\u00eda de la Cooperaci\u00f3n en el marco de Campus \u00c1frica, ha defendido &quot;una","twitter:creator":"@nbasturias","twitter:image":"https:\/\/candas365.es\/noticias\/wp-content\/uploads\/2018\/07\/190718Mont\u00f3nCampus\u00c1frica01.jpg","twitter:label1":"Escrito por","twitter:data1":"Cand\u00e1s 365","twitter:label2":"Tiempo de lectura estimado","twitter:data2":"2 minutos"},"aioseo_meta_data":{"post_id":"100905","title":null,"description":null,"keywords":null,"keyphrases":null,"primary_term":null,"canonical_url":null,"og_title":null,"og_description":null,"og_object_type":"default","og_image_type":"default","og_image_url":null,"og_image_width":null,"og_image_height":null,"og_image_custom_url":null,"og_image_custom_fields":null,"og_video":null,"og_custom_url":null,"og_article_section":null,"og_article_tags":null,"twitter_use_og":false,"twitter_card":"default","twitter_image_type":"default","twitter_image_url":null,"twitter_image_custom_url":null,"twitter_image_custom_fields":null,"twitter_title":null,"twitter_description":null,"schema":{"blockGraphs":[],"customGraphs":[],"default":{"data":{"Article":[],"Course":[],"Dataset":[],"FAQPage":[],"Movie":[],"Person":[],"Product":[],"ProductReview":[],"Car":[],"Recipe":[],"Service":[],"SoftwareApplication":[],"WebPage":[]},"graphName":"","isEnabled":true},"graphs":[],"defaultGraph":"","defaultPostTypeGraph":""},"schema_type":null,"schema_type_options":null,"pillar_content":false,"robots_default":true,"robots_noindex":false,"robots_noarchive":false,"robots_nosnippet":false,"robots_nofollow":false,"robots_noimageindex":false,"robots_noodp":false,"robots_notranslate":false,"robots_max_snippet":null,"robots_max_videopreview":null,"robots_max_imagepreview":"large","priority":null,"frequency":null,"location":null,"local_seo":null,"seo_analyzer_scan_date":"2025-08-27 10:06:15","breadcrumb_settings":null,"limit_modified_date":false,"reviewed_by":null,"open_ai":null,"ai":null,"created":"2020-12-21 11:48:23","updated":"2025-08-27 10:06:15"},"aioseo_breadcrumb":"<div class=\"aioseo-breadcrumbs\"><span class=\"aioseo-breadcrumb\">\n\t<a href=\"https:\/\/candas365.es\/noticias\" title=\"Home\">Home<\/a>\n<\/span><span class=\"aioseo-breadcrumb-separator\">&ndash;<\/span><span class=\"aioseo-breadcrumb\">\n\t<a href=\"https:\/\/candas365.es\/noticias\/category\/actualidad\/\" title=\"Actualidad\">Actualidad<\/a>\n<\/span><span class=\"aioseo-breadcrumb-separator\">&ndash;<\/span><span class=\"aioseo-breadcrumb\">\n\tMont\u00f3n: \u00abLas prioridades de la OMS son las prioridades del Gobierno espa\u00f1ol\u00bb\n<\/span><\/div>","aioseo_breadcrumb_json":[{"label":"Home","link":"https:\/\/candas365.es\/noticias"},{"label":"Actualidad","link":"https:\/\/candas365.es\/noticias\/category\/actualidad\/"},{"label":"Mont\u00f3n: \u00abLas prioridades de la OMS son las prioridades del Gobierno espa\u00f1ol\u00bb","link":"https:\/\/candas365.es\/noticias\/monton-las-prioridades-de-la-oms-son-las-prioridades-del-gobierno-espanol\/"}],"_links":{"self":[{"href":"https:\/\/candas365.es\/noticias\/wp-json\/wp\/v2\/posts\/100905","targetHints":{"allow":["GET"]}}],"collection":[{"href":"https:\/\/candas365.es\/noticias\/wp-json\/wp\/v2\/posts"}],"about":[{"href":"https:\/\/candas365.es\/noticias\/wp-json\/wp\/v2\/types\/post"}],"author":[{"embeddable":true,"href":"https:\/\/candas365.es\/noticias\/wp-json\/wp\/v2\/users\/1"}],"replies":[{"embeddable":true,"href":"https:\/\/candas365.es\/noticias\/wp-json\/wp\/v2\/comments?post=100905"}],"version-history":[{"count":0,"href":"https:\/\/candas365.es\/noticias\/wp-json\/wp\/v2\/posts\/100905\/revisions"}],"wp:featuredmedia":[{"embeddable":true,"href":"https:\/\/candas365.es\/noticias\/wp-json\/wp\/v2\/media\/100906"}],"wp:attachment":[{"href":"https:\/\/candas365.es\/noticias\/wp-json\/wp\/v2\/media?parent=100905"}],"wp:term":[{"taxonomy":"category","embeddable":true,"href":"https:\/\/candas365.es\/noticias\/wp-json\/wp\/v2\/categories?post=100905"},{"taxonomy":"post_tag","embeddable":true,"href":"https:\/\/candas365.es\/noticias\/wp-json\/wp\/v2\/tags?post=100905"}],"curies":[{"name":"wp","href":"https:\/\/api.w.org\/{rel}","templated":true}]}}