{"id":100900,"date":"2018-07-21T23:24:57","date_gmt":"2018-07-21T23:24:57","guid":{"rendered":"http:\/\/candas365.es\/noticias\/?p=100900"},"modified":"2018-07-21T23:24:57","modified_gmt":"2018-07-21T23:24:57","slug":"pablo-casado-nuevo-presidente-del-pp-como-sucesor-de-rajoy","status":"publish","type":"post","link":"https:\/\/candas365.es\/noticias\/pablo-casado-nuevo-presidente-del-pp-como-sucesor-de-rajoy\/","title":{"rendered":"Pablo Casado, nuevo presidente del PP como sucesor de Rajoy"},"content":{"rendered":"<p><img fetchpriority=\"high\" decoding=\"async\" class=\"alignleft size-medium wp-image-100901\" src=\"https:\/\/candas365.es\/noticias\/wp-content\/uploads\/2018\/07\/41739283960_e5c900191a_k-360x163.jpg\" alt=\"\" width=\"360\" height=\"163\" srcset=\"https:\/\/candas365.es\/noticias\/wp-content\/uploads\/2018\/07\/41739283960_e5c900191a_k-360x163.jpg 360w, https:\/\/candas365.es\/noticias\/wp-content\/uploads\/2018\/07\/41739283960_e5c900191a_k.jpg 640w\" sizes=\"(max-width: 360px) 100vw, 360px\" \/>Madrid, 21 jul (dpa) &#8211; El joven economista y abogado Pablo Casado fue elegido hoy nuevo presidente del Partido Popular (PP) como sucesor de Mariano Rajoy, que dirigi\u00f3 la formaci\u00f3n conservadora durante 14 a\u00f1os hasta renunciar al cargo el mes pasado tras ser destituido como jefe de Gobierno espa\u00f1ol.<\/p>\n<p>El ex vicesecretario de Comunicaci\u00f3n del PP, de 37 a\u00f1os, consigui\u00f3 la mayor\u00eda de votos de los 3.082 delegados reunidos en un congreso extraordinario del PP en Madrid y super\u00f3 a la otra candidata, la ex vicepresidenta del Gobierno Soraya S\u00e1enz de Santamar\u00eda, tras una dura campa\u00f1a marcada por las acusaciones cruzadas y videos difamatorios.<\/p>\n<p>La elecci\u00f3n abre una nueva era en el partido m\u00e1s votado de Espa\u00f1a tras el abrupto final de Rajoy. Casado asume ahora el cargo con tres retos centrales: liderar la oposici\u00f3n al Gobierno del socialista Pedro S\u00e1nchez, iniciar la renovaci\u00f3n del PP y devolver relevancia a un partido golpeado y dividido.<\/p>\n<p>\u00abAl futuro no se le espera sentado, al futuro se le sale a conquistar\u00bb, avis\u00f3 Casado en su \u00faltimo discurso antes de la votaci\u00f3n en el congreso extraordinario del PP que lo llev\u00f3 a uno de los puestos clave en el panorama pol\u00edtico del pa\u00eds. \u00abEspa\u00f1a nos necesita m\u00e1s que nunca, m\u00e1s fuertes y m\u00e1s unidos\u00bb.<\/p>\n<p>Casado lanz\u00f3 en su discurso diversos gui\u00f1os a valores tradicionales del PP, como la defensa de la familia, y prometi\u00f3 la renovaci\u00f3n del partido: los dos pilares que hicieron que su candidatura pasara de ser un paso sorpresivo a imponerse finalmente en el congreso de hoy.<\/p>\n<p>\u00abYo no quiero comentar lo que pasa en Espa\u00f1a, quiero decir lo que tiene que pasar en Espa\u00f1a. Tenemos que volver a liderar esta sociedad, lo merecemos\u00bb, reclam\u00f3 Casado, que prometi\u00f3 \u00abilusi\u00f3n, pero tambi\u00e9n renovaci\u00f3n\u00bb. \u00abUna renovaci\u00f3n tranquila, constructiva, de futuro, un cambio de etapa, contando con todos\u00bb.<\/p>\n<p>A pesar del discurso com\u00fan contra el populismo, el socialismo y el independentismo catal\u00e1n, la elecci\u00f3n enfrentaba a dos candidatos con proyectos, perfiles y estrategias bien diferenciados.<\/p>\n<p>S\u00e1enz de Santamar\u00eda (Valladolid, 1971) estaba considerada desde hac\u00eda a\u00f1os como posible sucesora de Rajoy. Avalada por su experiencia como \u00abn\u00famero dos\u00bb de Rajoy y por las encuestas que le otorgaban mejor intenci\u00f3n de voto, ofrec\u00eda adem\u00e1s el atractivo adicional de poder convertirse en la primera mujer al frente del PP.<\/p>\n<p>Del otro lado, Casado (Palencia, 1981) sedujo al aparato del partido con un discurso de mayor renovaci\u00f3n y vuelta a las ra\u00edces del PP. Ambicioso y orgulloso, cultiv\u00f3 adem\u00e1s un perfil m\u00e1s conservador como respuesta a Ciudadanos, la formaci\u00f3n liberal que viene robando votos al PP en la derecha.<\/p>\n<p>Casado termin\u00f3 detr\u00e1s de S\u00e1enz de Santamar\u00eda en una primera votaci\u00f3n de afiliados del partido el 5 de julio, pero sum\u00f3 desde entonces el apoyo de los otros candidatos y su apuesta termin\u00f3 imponi\u00e9ndose.<\/p>\n<p>El PP sigue siendo el partido m\u00e1s fuerte del Congreso espa\u00f1ol como ganador de las elecciones de 2016, que dieron a Rajoy un segundo mandato consecutivo al frente del Gobierno.<\/p>\n<p>El l\u00edder conservador fue destituido el 1 de junio por una moci\u00f3n de censura que llev\u00f3 al Gobierno al socialista Pedro S\u00e1nchez y renunci\u00f3 luego a la presidencia del PP, que ocupaba desde 2004.<\/p>\n<p>Sin la figura que vertebraba desde entonces la formaci\u00f3n y en medio de una crisis de imagen, el PP comenz\u00f3 un proceso de relevo en el que por primera vez en su historia implic\u00f3 a sus bases, llamadas a elegir entre seis candidatos. Casado y S\u00e1enz de Santamar\u00eda, los m\u00e1s votados, llegaron al final de la carrera culminada hoy.<\/p>\n<p>El inicio del congreso extraordinario el viernes se convirti\u00f3 en una despedida y homenaje a Rajoy, que aprovech\u00f3 para reivindicar su figura y su gesti\u00f3n. \u00abMe voy con la serenidad de que no han sido los espa\u00f1oles quienes nos han retirado del Gobierno ni tampoco mis compa\u00f1eros de partido\u00bb, dijo emocionado.<\/p>\n","protected":false},"excerpt":{"rendered":"<p>Madrid, 21 jul (dpa) &#8211; El joven economista y abogado Pablo Casado fue elegido hoy nuevo presidente del Partido Popular (PP) como sucesor de Mariano Rajoy, que dirigi\u00f3 la formaci\u00f3n conservadora durante 14 a\u00f1os hasta renunciar al cargo el mes pasado tras ser destituido como jefe de Gobierno espa\u00f1ol. El ex vicesecretario de Comunicaci\u00f3n del<\/p>\n","protected":false},"author":1,"featured_media":100901,"comment_status":"closed","ping_status":"closed","sticky":false,"template":"","format":"standard","meta":{"footnotes":""},"categories":[343],"tags":[],"class_list":{"0":"post-100900","1":"post","2":"type-post","3":"status-publish","4":"format-standard","5":"has-post-thumbnail","7":"category-actualidad"},"aioseo_notices":[],"aioseo_head":"\n\t\t<!-- All in One SEO Pro 4.9.6.2 - aioseo.com -->\n\t<meta name=\"description\" content=\"Madrid, 21 jul (dpa) - El joven economista y abogado Pablo Casado fue elegido hoy nuevo presidente del Partido Popular (PP) como sucesor de Mariano Rajoy, que dirigi\u00f3 la formaci\u00f3n conservadora durante 14 a\u00f1os hasta renunciar al cargo el mes pasado tras ser destituido como jefe de Gobierno espa\u00f1ol. El ex vicesecretario de Comunicaci\u00f3n del\" \/>\n\t<meta name=\"robots\" content=\"max-image-preview:large\" \/>\n\t<meta name=\"author\" content=\"Cand\u00e1s 365\"\/>\n\t<meta name=\"google-site-verification\" content=\"UA-32230408-1\" \/>\n\t<meta name=\"msvalidate.01\" content=\"354F3CDFB2DA171B47FBE9ABF1F88D5\" \/>\n\t<meta name=\"keywords\" content=\"actualidad\" \/>\n\t<link rel=\"canonical\" href=\"https:\/\/candas365.es\/noticias\/pablo-casado-nuevo-presidente-del-pp-como-sucesor-de-rajoy\/\" \/>\n\t<meta name=\"generator\" content=\"All in One SEO Pro (AIOSEO) 4.9.6.2\" \/>\n\t\t<meta property=\"og:locale\" content=\"es_ES\" \/>\n\t\t<meta property=\"og:site_name\" content=\"Cand\u00e1s 365\" \/>\n\t\t<meta property=\"og:type\" content=\"article\" \/>\n\t\t<meta property=\"og:title\" content=\"Pablo Casado, nuevo presidente del PP como sucesor de Rajoy | Cand\u00e1s 365\" \/>\n\t\t<meta property=\"og:description\" content=\"Madrid, 21 jul (dpa) - El joven economista y abogado Pablo Casado fue elegido hoy nuevo presidente del Partido Popular (PP) como sucesor de Mariano Rajoy, que dirigi\u00f3 la formaci\u00f3n conservadora durante 14 a\u00f1os hasta renunciar al cargo el mes pasado tras ser destituido como jefe de Gobierno espa\u00f1ol. El ex vicesecretario de Comunicaci\u00f3n del\" \/>\n\t\t<meta property=\"og:url\" content=\"https:\/\/candas365.es\/noticias\/pablo-casado-nuevo-presidente-del-pp-como-sucesor-de-rajoy\/\" \/>\n\t\t<meta property=\"og:image\" content=\"https:\/\/candas365.es\/noticias\/wp-content\/uploads\/2018\/07\/41739283960_e5c900191a_k.jpg\" \/>\n\t\t<meta property=\"og:image:secure_url\" content=\"https:\/\/candas365.es\/noticias\/wp-content\/uploads\/2018\/07\/41739283960_e5c900191a_k.jpg\" \/>\n\t\t<meta property=\"og:image:width\" content=\"640\" \/>\n\t\t<meta property=\"og:image:height\" content=\"290\" \/>\n\t\t<meta property=\"article:published_time\" content=\"2018-07-21T23:24:57+00:00\" \/>\n\t\t<meta property=\"article:modified_time\" content=\"2018-07-21T23:24:57+00:00\" \/>\n\t\t<meta property=\"article:publisher\" content=\"https:\/\/www.facebook.com\/Nachofdezber\" \/>\n\t\t<meta property=\"article:author\" content=\"https:\/\/www.facebook.com\/carrenoactualidad\" \/>\n\t\t<meta name=\"twitter:card\" content=\"summary_large_image\" \/>\n\t\t<meta name=\"twitter:site\" content=\"@NabercoDigital\" \/>\n\t\t<meta name=\"twitter:title\" content=\"Pablo Casado, nuevo presidente del PP como sucesor de Rajoy | Cand\u00e1s 365\" \/>\n\t\t<meta name=\"twitter:description\" content=\"Madrid, 21 jul (dpa) - El joven economista y abogado Pablo Casado fue elegido hoy nuevo presidente del Partido Popular (PP) como sucesor de Mariano Rajoy, que dirigi\u00f3 la formaci\u00f3n conservadora durante 14 a\u00f1os hasta renunciar al cargo el mes pasado tras ser destituido como jefe de Gobierno espa\u00f1ol. El ex vicesecretario de Comunicaci\u00f3n del\" \/>\n\t\t<meta name=\"twitter:creator\" content=\"@nbasturias\" \/>\n\t\t<meta name=\"twitter:image\" content=\"https:\/\/candas365.es\/noticias\/wp-content\/uploads\/2018\/07\/41739283960_e5c900191a_k.jpg\" \/>\n\t\t<meta name=\"twitter:label1\" content=\"Escrito por\" \/>\n\t\t<meta name=\"twitter:data1\" content=\"Cand\u00e1s 365\" \/>\n\t\t<meta name=\"twitter:label2\" content=\"Tiempo de lectura estimado\" \/>\n\t\t<meta name=\"twitter:data2\" content=\"3 minutos\" \/>\n\t\t<script type=\"application\/ld+json\" class=\"aioseo-schema\">\n\t\t\t{\"@context\":\"https:\\\/\\\/schema.org\",\"@graph\":[{\"@type\":\"BreadcrumbList\",\"@id\":\"https:\\\/\\\/candas365.es\\\/noticias\\\/pablo-casado-nuevo-presidente-del-pp-como-sucesor-de-rajoy\\\/#breadcrumblist\",\"itemListElement\":[{\"@type\":\"ListItem\",\"@id\":\"https:\\\/\\\/candas365.es\\\/noticias#listItem\",\"position\":1,\"name\":\"Home\",\"item\":\"https:\\\/\\\/candas365.es\\\/noticias\",\"nextItem\":{\"@type\":\"ListItem\",\"@id\":\"https:\\\/\\\/candas365.es\\\/noticias\\\/category\\\/actualidad\\\/#listItem\",\"name\":\"Actualidad\"}},{\"@type\":\"ListItem\",\"@id\":\"https:\\\/\\\/candas365.es\\\/noticias\\\/category\\\/actualidad\\\/#listItem\",\"position\":2,\"name\":\"Actualidad\",\"item\":\"https:\\\/\\\/candas365.es\\\/noticias\\\/category\\\/actualidad\\\/\",\"nextItem\":{\"@type\":\"ListItem\",\"@id\":\"https:\\\/\\\/candas365.es\\\/noticias\\\/pablo-casado-nuevo-presidente-del-pp-como-sucesor-de-rajoy\\\/#listItem\",\"name\":\"Pablo Casado, nuevo presidente del PP como sucesor de Rajoy\"},\"previousItem\":{\"@type\":\"ListItem\",\"@id\":\"https:\\\/\\\/candas365.es\\\/noticias#listItem\",\"name\":\"Home\"}},{\"@type\":\"ListItem\",\"@id\":\"https:\\\/\\\/candas365.es\\\/noticias\\\/pablo-casado-nuevo-presidente-del-pp-como-sucesor-de-rajoy\\\/#listItem\",\"position\":3,\"name\":\"Pablo Casado, nuevo presidente del PP como sucesor de Rajoy\",\"previousItem\":{\"@type\":\"ListItem\",\"@id\":\"https:\\\/\\\/candas365.es\\\/noticias\\\/category\\\/actualidad\\\/#listItem\",\"name\":\"Actualidad\"}}]},{\"@type\":\"NewsArticle\",\"@id\":\"https:\\\/\\\/candas365.es\\\/noticias\\\/pablo-casado-nuevo-presidente-del-pp-como-sucesor-de-rajoy\\\/#newsarticle\",\"name\":\"Pablo Casado, nuevo presidente del PP como sucesor de Rajoy | Cand\\u00e1s 365\",\"headline\":\"Pablo Casado, nuevo presidente del PP como sucesor de Rajoy\",\"author\":{\"@id\":\"https:\\\/\\\/candas365.es\\\/noticias\\\/author\\\/admin\\\/#author\"},\"publisher\":{\"@id\":\"https:\\\/\\\/candas365.es\\\/noticias\\\/#organization\"},\"image\":{\"@type\":\"ImageObject\",\"url\":\"https:\\\/\\\/candas365.es\\\/noticias\\\/wp-content\\\/uploads\\\/2018\\\/07\\\/41739283960_e5c900191a_k.jpg\",\"width\":640,\"height\":290},\"datePublished\":\"2018-07-21T23:24:57+02:00\",\"dateModified\":\"2018-07-21T23:24:57+02:00\",\"inLanguage\":\"es-ES\",\"mainEntityOfPage\":{\"@id\":\"https:\\\/\\\/candas365.es\\\/noticias\\\/pablo-casado-nuevo-presidente-del-pp-como-sucesor-de-rajoy\\\/#webpage\"},\"isPartOf\":{\"@id\":\"https:\\\/\\\/candas365.es\\\/noticias\\\/pablo-casado-nuevo-presidente-del-pp-como-sucesor-de-rajoy\\\/#webpage\"},\"articleSection\":\"Actualidad\",\"dateline\":\"Publicado el julio 21, 2018.\"},{\"@type\":\"Organization\",\"@id\":\"https:\\\/\\\/candas365.es\\\/noticias\\\/#organization\",\"name\":\"Cand\\u00e1s 365\",\"description\":\"Cand\\u00e1s 365 es un diario digital independiente, fundado en 2012, con base en Asturias. Informamos con rigor sobre actualidad, sociedad, cultura y ocio, con una mirada local y global.\",\"url\":\"https:\\\/\\\/candas365.es\\\/noticias\\\/\",\"email\":\"info@candas365.es\",\"telephone\":\"+34652131393\",\"foundingDate\":\"2012-06-10\",\"logo\":{\"@type\":\"ImageObject\",\"url\":\"https:\\\/\\\/candas365.es\\\/noticias\\\/wp-content\\\/uploads\\\/2024\\\/09\\\/Candas-365-Redes.jpg\",\"@id\":\"https:\\\/\\\/candas365.es\\\/noticias\\\/pablo-casado-nuevo-presidente-del-pp-como-sucesor-de-rajoy\\\/#organizationLogo\",\"width\":1152,\"height\":864,\"caption\":\"Cand\\u00e1s 365 Redes\"},\"image\":{\"@id\":\"https:\\\/\\\/candas365.es\\\/noticias\\\/pablo-casado-nuevo-presidente-del-pp-como-sucesor-de-rajoy\\\/#organizationLogo\"},\"sameAs\":[\"https:\\\/\\\/www.facebook.com\\\/Nachofdezber\",\"https:\\\/\\\/x.com\\\/NabercoDigital\",\"https:\\\/\\\/www.instagram.com\\\/nachofdezber\\\/\",\"https:\\\/\\\/www.youtube.com\\\/channel\\\/UCZP-2wLEB9Rv6erhFmqVnvg\"],\"address\":{\"@id\":\"https:\\\/\\\/candas365.es\\\/noticias\\\/#postaladdress\",\"@type\":\"PostalAddress\",\"streetAddress\":\"san antonio 4, san antonio 4\",\"postalCode\":\"33430\",\"addressLocality\":\"Cand\\u00e1s\",\"addressRegion\":\"Asturias\",\"addressCountry\":\"ES\"}},{\"@type\":\"Person\",\"@id\":\"https:\\\/\\\/candas365.es\\\/noticias\\\/author\\\/admin\\\/#author\",\"url\":\"https:\\\/\\\/candas365.es\\\/noticias\\\/author\\\/admin\\\/\",\"name\":\"Cand\\u00e1s 365\",\"image\":{\"@type\":\"ImageObject\",\"@id\":\"https:\\\/\\\/candas365.es\\\/noticias\\\/pablo-casado-nuevo-presidente-del-pp-como-sucesor-de-rajoy\\\/#authorImage\",\"url\":\"https:\\\/\\\/secure.gravatar.com\\\/avatar\\\/496a8e03d0c493ede1718b7934145dbdf8d89be1036b0eec9544e1094c9de390?s=96&d=mm&r=g\",\"width\":96,\"height\":96,\"caption\":\"Cand\\u00e1s 365\"},\"sameAs\":[\"https:\\\/\\\/www.facebook.com\\\/carrenoactualidad\",\"https:\\\/\\\/twitter.com\\\/nbasturias\",\"https:\\\/\\\/www.instagram.com\\\/nachofdezber\\\/\",\"https:\\\/\\\/www.youtube.com\\\/channel\\\/UCZP-2wLEB9Rv6erhFmqVnvg\"]},{\"@type\":\"WebPage\",\"@id\":\"https:\\\/\\\/candas365.es\\\/noticias\\\/pablo-casado-nuevo-presidente-del-pp-como-sucesor-de-rajoy\\\/#webpage\",\"url\":\"https:\\\/\\\/candas365.es\\\/noticias\\\/pablo-casado-nuevo-presidente-del-pp-como-sucesor-de-rajoy\\\/\",\"name\":\"Pablo Casado, nuevo presidente del PP como sucesor de Rajoy | Cand\\u00e1s 365\",\"description\":\"Madrid, 21 jul (dpa) - El joven economista y abogado Pablo Casado fue elegido hoy nuevo presidente del Partido Popular (PP) como sucesor de Mariano Rajoy, que dirigi\\u00f3 la formaci\\u00f3n conservadora durante 14 a\\u00f1os hasta renunciar al cargo el mes pasado tras ser destituido como jefe de Gobierno espa\\u00f1ol. El ex vicesecretario de Comunicaci\\u00f3n del\",\"inLanguage\":\"es-ES\",\"isPartOf\":{\"@id\":\"https:\\\/\\\/candas365.es\\\/noticias\\\/#website\"},\"breadcrumb\":{\"@id\":\"https:\\\/\\\/candas365.es\\\/noticias\\\/pablo-casado-nuevo-presidente-del-pp-como-sucesor-de-rajoy\\\/#breadcrumblist\"},\"author\":{\"@id\":\"https:\\\/\\\/candas365.es\\\/noticias\\\/author\\\/admin\\\/#author\"},\"creator\":{\"@id\":\"https:\\\/\\\/candas365.es\\\/noticias\\\/author\\\/admin\\\/#author\"},\"image\":{\"@type\":\"ImageObject\",\"url\":\"https:\\\/\\\/candas365.es\\\/noticias\\\/wp-content\\\/uploads\\\/2018\\\/07\\\/41739283960_e5c900191a_k.jpg\",\"@id\":\"https:\\\/\\\/candas365.es\\\/noticias\\\/pablo-casado-nuevo-presidente-del-pp-como-sucesor-de-rajoy\\\/#mainImage\",\"width\":640,\"height\":290},\"primaryImageOfPage\":{\"@id\":\"https:\\\/\\\/candas365.es\\\/noticias\\\/pablo-casado-nuevo-presidente-del-pp-como-sucesor-de-rajoy\\\/#mainImage\"},\"datePublished\":\"2018-07-21T23:24:57+02:00\",\"dateModified\":\"2018-07-21T23:24:57+02:00\"},{\"@type\":\"WebSite\",\"@id\":\"https:\\\/\\\/candas365.es\\\/noticias\\\/#website\",\"url\":\"https:\\\/\\\/candas365.es\\\/noticias\\\/\",\"name\":\"Cand\\u00e1s 365\",\"alternateName\":\"Cand\\u00e1s 365 Noticias\",\"description\":\"Actualidad desde Carre\\u00f1o para el mundo\",\"inLanguage\":\"es-ES\",\"publisher\":{\"@id\":\"https:\\\/\\\/candas365.es\\\/noticias\\\/#organization\"}}]}\n\t\t<\/script>\n\t\t<!-- All in One SEO Pro -->\r\n\t\t<title>Pablo Casado, nuevo presidente del PP como sucesor de Rajoy | Cand\u00e1s 365<\/title>\n\n","aioseo_head_json":{"title":"Pablo Casado, nuevo presidente del PP como sucesor de Rajoy | Cand\u00e1s 365","description":"Madrid, 21 jul (dpa) - El joven economista y abogado Pablo Casado fue elegido hoy nuevo presidente del Partido Popular (PP) como sucesor de Mariano Rajoy, que dirigi\u00f3 la formaci\u00f3n conservadora durante 14 a\u00f1os hasta renunciar al cargo el mes pasado tras ser destituido como jefe de Gobierno espa\u00f1ol. El ex vicesecretario de Comunicaci\u00f3n del","canonical_url":"https:\/\/candas365.es\/noticias\/pablo-casado-nuevo-presidente-del-pp-como-sucesor-de-rajoy\/","robots":"max-image-preview:large","keywords":"actualidad","webmasterTools":{"google-site-verification":"UA-32230408-1","msvalidate.01":"354F3CDFB2DA171B47FBE9ABF1F88D5","miscellaneous":""},"schema":{"@context":"https:\/\/schema.org","@graph":[{"@type":"BreadcrumbList","@id":"https:\/\/candas365.es\/noticias\/pablo-casado-nuevo-presidente-del-pp-como-sucesor-de-rajoy\/#breadcrumblist","itemListElement":[{"@type":"ListItem","@id":"https:\/\/candas365.es\/noticias#listItem","position":1,"name":"Home","item":"https:\/\/candas365.es\/noticias","nextItem":{"@type":"ListItem","@id":"https:\/\/candas365.es\/noticias\/category\/actualidad\/#listItem","name":"Actualidad"}},{"@type":"ListItem","@id":"https:\/\/candas365.es\/noticias\/category\/actualidad\/#listItem","position":2,"name":"Actualidad","item":"https:\/\/candas365.es\/noticias\/category\/actualidad\/","nextItem":{"@type":"ListItem","@id":"https:\/\/candas365.es\/noticias\/pablo-casado-nuevo-presidente-del-pp-como-sucesor-de-rajoy\/#listItem","name":"Pablo Casado, nuevo presidente del PP como sucesor de Rajoy"},"previousItem":{"@type":"ListItem","@id":"https:\/\/candas365.es\/noticias#listItem","name":"Home"}},{"@type":"ListItem","@id":"https:\/\/candas365.es\/noticias\/pablo-casado-nuevo-presidente-del-pp-como-sucesor-de-rajoy\/#listItem","position":3,"name":"Pablo Casado, nuevo presidente del PP como sucesor de Rajoy","previousItem":{"@type":"ListItem","@id":"https:\/\/candas365.es\/noticias\/category\/actualidad\/#listItem","name":"Actualidad"}}]},{"@type":"NewsArticle","@id":"https:\/\/candas365.es\/noticias\/pablo-casado-nuevo-presidente-del-pp-como-sucesor-de-rajoy\/#newsarticle","name":"Pablo Casado, nuevo presidente del PP como sucesor de Rajoy | Cand\u00e1s 365","headline":"Pablo Casado, nuevo presidente del PP como sucesor de Rajoy","author":{"@id":"https:\/\/candas365.es\/noticias\/author\/admin\/#author"},"publisher":{"@id":"https:\/\/candas365.es\/noticias\/#organization"},"image":{"@type":"ImageObject","url":"https:\/\/candas365.es\/noticias\/wp-content\/uploads\/2018\/07\/41739283960_e5c900191a_k.jpg","width":640,"height":290},"datePublished":"2018-07-21T23:24:57+02:00","dateModified":"2018-07-21T23:24:57+02:00","inLanguage":"es-ES","mainEntityOfPage":{"@id":"https:\/\/candas365.es\/noticias\/pablo-casado-nuevo-presidente-del-pp-como-sucesor-de-rajoy\/#webpage"},"isPartOf":{"@id":"https:\/\/candas365.es\/noticias\/pablo-casado-nuevo-presidente-del-pp-como-sucesor-de-rajoy\/#webpage"},"articleSection":"Actualidad","dateline":"Publicado el julio 21, 2018."},{"@type":"Organization","@id":"https:\/\/candas365.es\/noticias\/#organization","name":"Cand\u00e1s 365","description":"Cand\u00e1s 365 es un diario digital independiente, fundado en 2012, con base en Asturias. Informamos con rigor sobre actualidad, sociedad, cultura y ocio, con una mirada local y global.","url":"https:\/\/candas365.es\/noticias\/","email":"info@candas365.es","telephone":"+34652131393","foundingDate":"2012-06-10","logo":{"@type":"ImageObject","url":"https:\/\/candas365.es\/noticias\/wp-content\/uploads\/2024\/09\/Candas-365-Redes.jpg","@id":"https:\/\/candas365.es\/noticias\/pablo-casado-nuevo-presidente-del-pp-como-sucesor-de-rajoy\/#organizationLogo","width":1152,"height":864,"caption":"Cand\u00e1s 365 Redes"},"image":{"@id":"https:\/\/candas365.es\/noticias\/pablo-casado-nuevo-presidente-del-pp-como-sucesor-de-rajoy\/#organizationLogo"},"sameAs":["https:\/\/www.facebook.com\/Nachofdezber","https:\/\/x.com\/NabercoDigital","https:\/\/www.instagram.com\/nachofdezber\/","https:\/\/www.youtube.com\/channel\/UCZP-2wLEB9Rv6erhFmqVnvg"],"address":{"@id":"https:\/\/candas365.es\/noticias\/#postaladdress","@type":"PostalAddress","streetAddress":"san antonio 4, san antonio 4","postalCode":"33430","addressLocality":"Cand\u00e1s","addressRegion":"Asturias","addressCountry":"ES"}},{"@type":"Person","@id":"https:\/\/candas365.es\/noticias\/author\/admin\/#author","url":"https:\/\/candas365.es\/noticias\/author\/admin\/","name":"Cand\u00e1s 365","image":{"@type":"ImageObject","@id":"https:\/\/candas365.es\/noticias\/pablo-casado-nuevo-presidente-del-pp-como-sucesor-de-rajoy\/#authorImage","url":"https:\/\/secure.gravatar.com\/avatar\/496a8e03d0c493ede1718b7934145dbdf8d89be1036b0eec9544e1094c9de390?s=96&d=mm&r=g","width":96,"height":96,"caption":"Cand\u00e1s 365"},"sameAs":["https:\/\/www.facebook.com\/carrenoactualidad","https:\/\/twitter.com\/nbasturias","https:\/\/www.instagram.com\/nachofdezber\/","https:\/\/www.youtube.com\/channel\/UCZP-2wLEB9Rv6erhFmqVnvg"]},{"@type":"WebPage","@id":"https:\/\/candas365.es\/noticias\/pablo-casado-nuevo-presidente-del-pp-como-sucesor-de-rajoy\/#webpage","url":"https:\/\/candas365.es\/noticias\/pablo-casado-nuevo-presidente-del-pp-como-sucesor-de-rajoy\/","name":"Pablo Casado, nuevo presidente del PP como sucesor de Rajoy | Cand\u00e1s 365","description":"Madrid, 21 jul (dpa) - El joven economista y abogado Pablo Casado fue elegido hoy nuevo presidente del Partido Popular (PP) como sucesor de Mariano Rajoy, que dirigi\u00f3 la formaci\u00f3n conservadora durante 14 a\u00f1os hasta renunciar al cargo el mes pasado tras ser destituido como jefe de Gobierno espa\u00f1ol. El ex vicesecretario de Comunicaci\u00f3n del","inLanguage":"es-ES","isPartOf":{"@id":"https:\/\/candas365.es\/noticias\/#website"},"breadcrumb":{"@id":"https:\/\/candas365.es\/noticias\/pablo-casado-nuevo-presidente-del-pp-como-sucesor-de-rajoy\/#breadcrumblist"},"author":{"@id":"https:\/\/candas365.es\/noticias\/author\/admin\/#author"},"creator":{"@id":"https:\/\/candas365.es\/noticias\/author\/admin\/#author"},"image":{"@type":"ImageObject","url":"https:\/\/candas365.es\/noticias\/wp-content\/uploads\/2018\/07\/41739283960_e5c900191a_k.jpg","@id":"https:\/\/candas365.es\/noticias\/pablo-casado-nuevo-presidente-del-pp-como-sucesor-de-rajoy\/#mainImage","width":640,"height":290},"primaryImageOfPage":{"@id":"https:\/\/candas365.es\/noticias\/pablo-casado-nuevo-presidente-del-pp-como-sucesor-de-rajoy\/#mainImage"},"datePublished":"2018-07-21T23:24:57+02:00","dateModified":"2018-07-21T23:24:57+02:00"},{"@type":"WebSite","@id":"https:\/\/candas365.es\/noticias\/#website","url":"https:\/\/candas365.es\/noticias\/","name":"Cand\u00e1s 365","alternateName":"Cand\u00e1s 365 Noticias","description":"Actualidad desde Carre\u00f1o para el mundo","inLanguage":"es-ES","publisher":{"@id":"https:\/\/candas365.es\/noticias\/#organization"}}]},"og:locale":"es_ES","og:site_name":"Cand\u00e1s 365","og:type":"article","og:title":"Pablo Casado, nuevo presidente del PP como sucesor de Rajoy | Cand\u00e1s 365","og:description":"Madrid, 21 jul (dpa) - El joven economista y abogado Pablo Casado fue elegido hoy nuevo presidente del Partido Popular (PP) como sucesor de Mariano Rajoy, que dirigi\u00f3 la formaci\u00f3n conservadora durante 14 a\u00f1os hasta renunciar al cargo el mes pasado tras ser destituido como jefe de Gobierno espa\u00f1ol. El ex vicesecretario de Comunicaci\u00f3n del","og:url":"https:\/\/candas365.es\/noticias\/pablo-casado-nuevo-presidente-del-pp-como-sucesor-de-rajoy\/","og:image":"https:\/\/candas365.es\/noticias\/wp-content\/uploads\/2018\/07\/41739283960_e5c900191a_k.jpg","og:image:secure_url":"https:\/\/candas365.es\/noticias\/wp-content\/uploads\/2018\/07\/41739283960_e5c900191a_k.jpg","og:image:width":640,"og:image:height":290,"article:published_time":"2018-07-21T23:24:57+00:00","article:modified_time":"2018-07-21T23:24:57+00:00","article:publisher":"https:\/\/www.facebook.com\/Nachofdezber","article:author":"https:\/\/www.facebook.com\/carrenoactualidad","twitter:card":"summary_large_image","twitter:site":"@NabercoDigital","twitter:title":"Pablo Casado, nuevo presidente del PP como sucesor de Rajoy | Cand\u00e1s 365","twitter:description":"Madrid, 21 jul (dpa) - El joven economista y abogado Pablo Casado fue elegido hoy nuevo presidente del Partido Popular (PP) como sucesor de Mariano Rajoy, que dirigi\u00f3 la formaci\u00f3n conservadora durante 14 a\u00f1os hasta renunciar al cargo el mes pasado tras ser destituido como jefe de Gobierno espa\u00f1ol. El ex vicesecretario de Comunicaci\u00f3n del","twitter:creator":"@nbasturias","twitter:image":"https:\/\/candas365.es\/noticias\/wp-content\/uploads\/2018\/07\/41739283960_e5c900191a_k.jpg","twitter:label1":"Escrito por","twitter:data1":"Cand\u00e1s 365","twitter:label2":"Tiempo de lectura estimado","twitter:data2":"3 minutos"},"aioseo_meta_data":{"post_id":"100900","title":null,"description":null,"keywords":null,"keyphrases":null,"primary_term":null,"canonical_url":null,"og_title":null,"og_description":null,"og_object_type":"default","og_image_type":"default","og_image_url":null,"og_image_width":null,"og_image_height":null,"og_image_custom_url":null,"og_image_custom_fields":null,"og_video":null,"og_custom_url":null,"og_article_section":null,"og_article_tags":null,"twitter_use_og":false,"twitter_card":"default","twitter_image_type":"default","twitter_image_url":null,"twitter_image_custom_url":null,"twitter_image_custom_fields":null,"twitter_title":null,"twitter_description":null,"schema":{"blockGraphs":[],"customGraphs":[],"default":{"data":{"Article":[],"Course":[],"Dataset":[],"FAQPage":[],"Movie":[],"Person":[],"Product":[],"ProductReview":[],"Car":[],"Recipe":[],"Service":[],"SoftwareApplication":[],"WebPage":[]},"graphName":"","isEnabled":true},"graphs":[]},"schema_type":null,"schema_type_options":null,"pillar_content":false,"robots_default":true,"robots_noindex":false,"robots_noarchive":false,"robots_nosnippet":false,"robots_nofollow":false,"robots_noimageindex":false,"robots_noodp":false,"robots_notranslate":false,"robots_max_snippet":null,"robots_max_videopreview":null,"robots_max_imagepreview":"large","priority":null,"frequency":null,"location":null,"local_seo":null,"seo_analyzer_scan_date":"2025-08-27 10:06:13","breadcrumb_settings":null,"limit_modified_date":false,"reviewed_by":null,"open_ai":null,"ai":null,"created":"2020-12-21 11:48:23","updated":"2025-08-27 10:06:13"},"aioseo_breadcrumb":"<div class=\"aioseo-breadcrumbs\"><span class=\"aioseo-breadcrumb\">\n\t<a href=\"https:\/\/candas365.es\/noticias\" title=\"Home\">Home<\/a>\n<\/span><span class=\"aioseo-breadcrumb-separator\">&ndash;<\/span><span class=\"aioseo-breadcrumb\">\n\t<a href=\"https:\/\/candas365.es\/noticias\/category\/actualidad\/\" title=\"Actualidad\">Actualidad<\/a>\n<\/span><span class=\"aioseo-breadcrumb-separator\">&ndash;<\/span><span class=\"aioseo-breadcrumb\">\n\tPablo Casado, nuevo presidente del PP como sucesor de Rajoy\n<\/span><\/div>","aioseo_breadcrumb_json":[{"label":"Home","link":"https:\/\/candas365.es\/noticias"},{"label":"Actualidad","link":"https:\/\/candas365.es\/noticias\/category\/actualidad\/"},{"label":"Pablo Casado, nuevo presidente del PP como sucesor de Rajoy","link":"https:\/\/candas365.es\/noticias\/pablo-casado-nuevo-presidente-del-pp-como-sucesor-de-rajoy\/"}],"_links":{"self":[{"href":"https:\/\/candas365.es\/noticias\/wp-json\/wp\/v2\/posts\/100900","targetHints":{"allow":["GET"]}}],"collection":[{"href":"https:\/\/candas365.es\/noticias\/wp-json\/wp\/v2\/posts"}],"about":[{"href":"https:\/\/candas365.es\/noticias\/wp-json\/wp\/v2\/types\/post"}],"author":[{"embeddable":true,"href":"https:\/\/candas365.es\/noticias\/wp-json\/wp\/v2\/users\/1"}],"replies":[{"embeddable":true,"href":"https:\/\/candas365.es\/noticias\/wp-json\/wp\/v2\/comments?post=100900"}],"version-history":[{"count":0,"href":"https:\/\/candas365.es\/noticias\/wp-json\/wp\/v2\/posts\/100900\/revisions"}],"wp:featuredmedia":[{"embeddable":true,"href":"https:\/\/candas365.es\/noticias\/wp-json\/wp\/v2\/media\/100901"}],"wp:attachment":[{"href":"https:\/\/candas365.es\/noticias\/wp-json\/wp\/v2\/media?parent=100900"}],"wp:term":[{"taxonomy":"category","embeddable":true,"href":"https:\/\/candas365.es\/noticias\/wp-json\/wp\/v2\/categories?post=100900"},{"taxonomy":"post_tag","embeddable":true,"href":"https:\/\/candas365.es\/noticias\/wp-json\/wp\/v2\/tags?post=100900"}],"curies":[{"name":"wp","href":"https:\/\/api.w.org\/{rel}","templated":true}]}}