{"id":100898,"date":"2018-07-21T22:40:42","date_gmt":"2018-07-21T22:40:42","guid":{"rendered":"http:\/\/candas365.es\/noticias\/?p=100898"},"modified":"2018-07-21T22:40:42","modified_gmt":"2018-07-21T22:40:42","slug":"el-fmi-evalua-el-impacto-de-la-disputa-comercial-entre-eeuu-y-la-ue","status":"publish","type":"post","link":"https:\/\/candas365.es\/noticias\/el-fmi-evalua-el-impacto-de-la-disputa-comercial-entre-eeuu-y-la-ue\/","title":{"rendered":"El FMI eval\u00faa el impacto de la disputa comercial entre EEUU y la UE"},"content":{"rendered":"<p><img fetchpriority=\"high\" decoding=\"async\" class=\"alignleft size-medium wp-image-97538\" src=\"https:\/\/candas365.es\/noticias\/wp-content\/uploads\/2018\/06\/globalisation-3390877_960_720-360x216.jpg\" alt=\"\" width=\"360\" height=\"216\" srcset=\"https:\/\/candas365.es\/noticias\/wp-content\/uploads\/2018\/06\/globalisation-3390877_960_720-360x216.jpg 360w, https:\/\/candas365.es\/noticias\/wp-content\/uploads\/2018\/06\/globalisation-3390877_960_720-768x461.jpg 768w, https:\/\/candas365.es\/noticias\/wp-content\/uploads\/2018\/06\/globalisation-3390877_960_720-655x393.jpg 655w, https:\/\/candas365.es\/noticias\/wp-content\/uploads\/2018\/06\/globalisation-3390877_960_720-696x418.jpg 696w, https:\/\/candas365.es\/noticias\/wp-content\/uploads\/2018\/06\/globalisation-3390877_960_720-700x420.jpg 700w, https:\/\/candas365.es\/noticias\/wp-content\/uploads\/2018\/06\/globalisation-3390877_960_720.jpg 960w\" sizes=\"(max-width: 360px) 100vw, 360px\" \/>Buenos Aires, 21 jul (dpa) &#8211; La directora gerente del Fondo Monetario Internacional, Christine Lagarde, afirm\u00f3 hoy que el organismo eval\u00faa el impacto que tendr\u00eda a nivel global una disputa comercial entre Estados Unidos, China y la Uni\u00f3n Europea (UE).<\/p>\n<p>\u00abIdentificamos el impacto directo en caso de situaciones hipot\u00e9ticas de restricciones comerciales resultado de (la aplicaci\u00f3n de) aranceles\u00bb, dijo Lagarde en una conferencia de prensa en Buenos Aires.<\/p>\n<p>La directora gerente del FMI particip\u00f3 este s\u00e1bado en el inicio de la cumbre de ministros de Finanzas y presidentes de bancos centrales del Grupo de los Veinte (G20), que se celebra en la capital argentina.<\/p>\n<p>Lagarde coment\u00f3 que el organismo se encuentra en contacto con las partes involucradas en la disputa que, en el caso de escalar, podr\u00eda afectar al crecimiento econ\u00f3mico global.<\/p>\n<p>Estados Unidos, la UE y China cruzaron en los \u00faltimos d\u00edas amenazas de imponer aranceles a los productos importados de cada pa\u00eds y bloque.<\/p>\n<p>La jefa del FMI confi\u00f3 en que durante la reuni\u00f3n del G20 en Buenos Aires el presidente argentino, Mauricio Macri, pueda trabajar en la b\u00fasqueda de \u00abuna buena comprensi\u00f3n e igualdad de las situaciones\u00bb comerciales a nivel global.<\/p>\n<p>\u00abConf\u00edo en que Macri har\u00e1 lo m\u00e1ximo posible, pero es una responsabilidad de todas las partes del G20\u00bb, agreg\u00f3 Lagarde en una conferencia de prensa que ofreci\u00f3 con el ministro de Hacienda argentino, Nicol\u00e1s Dujovne.<\/p>\n<p>Argentina preside este a\u00f1o el G20 y Buenos Aires ser\u00e1 la sede de la cumbre de jefes de Estado los d\u00edas 30 de noviembre y 1 de diciembre pr\u00f3ximo.<\/p>\n<p>Adem\u00e1s de Argentina, el G20 est\u00e1 integrado por Alemania, Arabia Saud\u00ed, Australia, Brasil, Canad\u00e1, China, Corea del Sur, Estados Unidos, Francia, India, Indonesia, Italia, Jap\u00f3n, M\u00e9xico, Reino Unido, Rusia, Sud\u00e1frica, Turqu\u00eda y la UE.<\/p>\n<p>El Grupo representa dos tercios de la poblaci\u00f3n mundial, el 85 por ciento del producto interno bruto (PIB) del planeta y el 75 por ciento de todo el comercio internacional.<\/p>\n","protected":false},"excerpt":{"rendered":"<p>Buenos Aires, 21 jul (dpa) &#8211; La directora gerente del Fondo Monetario Internacional, Christine Lagarde, afirm\u00f3 hoy que el organismo eval\u00faa el impacto que tendr\u00eda a nivel global una disputa comercial entre Estados Unidos, China y la Uni\u00f3n Europea (UE). \u00abIdentificamos el impacto directo en caso de situaciones hipot\u00e9ticas de restricciones comerciales resultado de (la<\/p>\n","protected":false},"author":1,"featured_media":97538,"comment_status":"closed","ping_status":"closed","sticky":false,"template":"","format":"standard","meta":{"footnotes":""},"categories":[343],"tags":[],"class_list":{"0":"post-100898","1":"post","2":"type-post","3":"status-publish","4":"format-standard","5":"has-post-thumbnail","7":"category-actualidad"},"aioseo_notices":[],"aioseo_head":"\n\t\t<!-- All in One SEO Pro 4.9.6.2 - aioseo.com -->\n\t<meta name=\"description\" content=\"Buenos Aires, 21 jul (dpa) - La directora gerente del Fondo Monetario Internacional, Christine Lagarde, afirm\u00f3 hoy que el organismo eval\u00faa el impacto que tendr\u00eda a nivel global una disputa comercial entre Estados Unidos, China y la Uni\u00f3n Europea (UE). &quot;Identificamos el impacto directo en caso de situaciones hipot\u00e9ticas de restricciones comerciales resultado de (la\" \/>\n\t<meta name=\"robots\" content=\"max-image-preview:large\" \/>\n\t<meta name=\"author\" content=\"Cand\u00e1s 365\"\/>\n\t<meta name=\"google-site-verification\" content=\"UA-32230408-1\" \/>\n\t<meta name=\"msvalidate.01\" content=\"354F3CDFB2DA171B47FBE9ABF1F88D5\" \/>\n\t<meta name=\"keywords\" content=\"actualidad\" \/>\n\t<link rel=\"canonical\" href=\"https:\/\/candas365.es\/noticias\/el-fmi-evalua-el-impacto-de-la-disputa-comercial-entre-eeuu-y-la-ue\/\" \/>\n\t<meta name=\"generator\" content=\"All in One SEO Pro (AIOSEO) 4.9.6.2\" \/>\n\t\t<meta property=\"og:locale\" content=\"es_ES\" \/>\n\t\t<meta property=\"og:site_name\" content=\"Cand\u00e1s 365\" \/>\n\t\t<meta property=\"og:type\" content=\"article\" \/>\n\t\t<meta property=\"og:title\" content=\"El FMI eval\u00faa el impacto de la disputa comercial entre EEUU y la UE | Cand\u00e1s 365\" \/>\n\t\t<meta property=\"og:description\" content=\"Buenos Aires, 21 jul (dpa) - La directora gerente del Fondo Monetario Internacional, Christine Lagarde, afirm\u00f3 hoy que el organismo eval\u00faa el impacto que tendr\u00eda a nivel global una disputa comercial entre Estados Unidos, China y la Uni\u00f3n Europea (UE). &quot;Identificamos el impacto directo en caso de situaciones hipot\u00e9ticas de restricciones comerciales resultado de (la\" \/>\n\t\t<meta property=\"og:url\" content=\"https:\/\/candas365.es\/noticias\/el-fmi-evalua-el-impacto-de-la-disputa-comercial-entre-eeuu-y-la-ue\/\" \/>\n\t\t<meta property=\"og:image\" content=\"https:\/\/candas365.es\/noticias\/wp-content\/uploads\/2018\/06\/globalisation-3390877_960_720.jpg\" \/>\n\t\t<meta property=\"og:image:secure_url\" content=\"https:\/\/candas365.es\/noticias\/wp-content\/uploads\/2018\/06\/globalisation-3390877_960_720.jpg\" \/>\n\t\t<meta property=\"og:image:width\" content=\"960\" \/>\n\t\t<meta property=\"og:image:height\" content=\"576\" \/>\n\t\t<meta property=\"article:published_time\" content=\"2018-07-21T22:40:42+00:00\" \/>\n\t\t<meta property=\"article:modified_time\" content=\"2018-07-21T22:40:42+00:00\" \/>\n\t\t<meta property=\"article:publisher\" content=\"https:\/\/www.facebook.com\/Nachofdezber\" \/>\n\t\t<meta property=\"article:author\" content=\"https:\/\/www.facebook.com\/carrenoactualidad\" \/>\n\t\t<meta name=\"twitter:card\" content=\"summary_large_image\" \/>\n\t\t<meta name=\"twitter:site\" content=\"@NabercoDigital\" \/>\n\t\t<meta name=\"twitter:title\" content=\"El FMI eval\u00faa el impacto de la disputa comercial entre EEUU y la UE | Cand\u00e1s 365\" \/>\n\t\t<meta name=\"twitter:description\" content=\"Buenos Aires, 21 jul (dpa) - La directora gerente del Fondo Monetario Internacional, Christine Lagarde, afirm\u00f3 hoy que el organismo eval\u00faa el impacto que tendr\u00eda a nivel global una disputa comercial entre Estados Unidos, China y la Uni\u00f3n Europea (UE). &quot;Identificamos el impacto directo en caso de situaciones hipot\u00e9ticas de restricciones comerciales resultado de (la\" \/>\n\t\t<meta name=\"twitter:creator\" content=\"@nbasturias\" \/>\n\t\t<meta name=\"twitter:image\" content=\"https:\/\/candas365.es\/noticias\/wp-content\/uploads\/2018\/06\/globalisation-3390877_960_720.jpg\" \/>\n\t\t<meta name=\"twitter:label1\" content=\"Escrito por\" \/>\n\t\t<meta name=\"twitter:data1\" content=\"Cand\u00e1s 365\" \/>\n\t\t<meta name=\"twitter:label2\" content=\"Tiempo de lectura estimado\" \/>\n\t\t<meta name=\"twitter:data2\" content=\"2 minutos\" \/>\n\t\t<script type=\"application\/ld+json\" class=\"aioseo-schema\">\n\t\t\t{\"@context\":\"https:\\\/\\\/schema.org\",\"@graph\":[{\"@type\":\"BreadcrumbList\",\"@id\":\"https:\\\/\\\/candas365.es\\\/noticias\\\/el-fmi-evalua-el-impacto-de-la-disputa-comercial-entre-eeuu-y-la-ue\\\/#breadcrumblist\",\"itemListElement\":[{\"@type\":\"ListItem\",\"@id\":\"https:\\\/\\\/candas365.es\\\/noticias#listItem\",\"position\":1,\"name\":\"Home\",\"item\":\"https:\\\/\\\/candas365.es\\\/noticias\",\"nextItem\":{\"@type\":\"ListItem\",\"@id\":\"https:\\\/\\\/candas365.es\\\/noticias\\\/category\\\/actualidad\\\/#listItem\",\"name\":\"Actualidad\"}},{\"@type\":\"ListItem\",\"@id\":\"https:\\\/\\\/candas365.es\\\/noticias\\\/category\\\/actualidad\\\/#listItem\",\"position\":2,\"name\":\"Actualidad\",\"item\":\"https:\\\/\\\/candas365.es\\\/noticias\\\/category\\\/actualidad\\\/\",\"nextItem\":{\"@type\":\"ListItem\",\"@id\":\"https:\\\/\\\/candas365.es\\\/noticias\\\/el-fmi-evalua-el-impacto-de-la-disputa-comercial-entre-eeuu-y-la-ue\\\/#listItem\",\"name\":\"El FMI eval\\u00faa el impacto de la disputa comercial entre EEUU y la UE\"},\"previousItem\":{\"@type\":\"ListItem\",\"@id\":\"https:\\\/\\\/candas365.es\\\/noticias#listItem\",\"name\":\"Home\"}},{\"@type\":\"ListItem\",\"@id\":\"https:\\\/\\\/candas365.es\\\/noticias\\\/el-fmi-evalua-el-impacto-de-la-disputa-comercial-entre-eeuu-y-la-ue\\\/#listItem\",\"position\":3,\"name\":\"El FMI eval\\u00faa el impacto de la disputa comercial entre EEUU y la UE\",\"previousItem\":{\"@type\":\"ListItem\",\"@id\":\"https:\\\/\\\/candas365.es\\\/noticias\\\/category\\\/actualidad\\\/#listItem\",\"name\":\"Actualidad\"}}]},{\"@type\":\"NewsArticle\",\"@id\":\"https:\\\/\\\/candas365.es\\\/noticias\\\/el-fmi-evalua-el-impacto-de-la-disputa-comercial-entre-eeuu-y-la-ue\\\/#newsarticle\",\"name\":\"El FMI eval\\u00faa el impacto de la disputa comercial entre EEUU y la UE | Cand\\u00e1s 365\",\"headline\":\"El FMI eval\\u00faa el impacto de la disputa comercial entre EEUU y la UE\",\"author\":{\"@id\":\"https:\\\/\\\/candas365.es\\\/noticias\\\/author\\\/admin\\\/#author\"},\"publisher\":{\"@id\":\"https:\\\/\\\/candas365.es\\\/noticias\\\/#organization\"},\"image\":{\"@type\":\"ImageObject\",\"url\":\"https:\\\/\\\/candas365.es\\\/noticias\\\/wp-content\\\/uploads\\\/2018\\\/06\\\/globalisation-3390877_960_720.jpg\",\"width\":960,\"height\":576},\"datePublished\":\"2018-07-21T22:40:42+02:00\",\"dateModified\":\"2018-07-21T22:40:42+02:00\",\"inLanguage\":\"es-ES\",\"mainEntityOfPage\":{\"@id\":\"https:\\\/\\\/candas365.es\\\/noticias\\\/el-fmi-evalua-el-impacto-de-la-disputa-comercial-entre-eeuu-y-la-ue\\\/#webpage\"},\"isPartOf\":{\"@id\":\"https:\\\/\\\/candas365.es\\\/noticias\\\/el-fmi-evalua-el-impacto-de-la-disputa-comercial-entre-eeuu-y-la-ue\\\/#webpage\"},\"articleSection\":\"Actualidad\",\"dateline\":\"Publicado el julio 21, 2018.\"},{\"@type\":\"Organization\",\"@id\":\"https:\\\/\\\/candas365.es\\\/noticias\\\/#organization\",\"name\":\"Cand\\u00e1s 365\",\"description\":\"Cand\\u00e1s 365 es un diario digital independiente, fundado en 2012, con base en Asturias. Informamos con rigor sobre actualidad, sociedad, cultura y ocio, con una mirada local y global.\",\"url\":\"https:\\\/\\\/candas365.es\\\/noticias\\\/\",\"email\":\"info@candas365.es\",\"telephone\":\"+34652131393\",\"foundingDate\":\"2012-06-10\",\"logo\":{\"@type\":\"ImageObject\",\"url\":\"https:\\\/\\\/candas365.es\\\/noticias\\\/wp-content\\\/uploads\\\/2024\\\/09\\\/Candas-365-Redes.jpg\",\"@id\":\"https:\\\/\\\/candas365.es\\\/noticias\\\/el-fmi-evalua-el-impacto-de-la-disputa-comercial-entre-eeuu-y-la-ue\\\/#organizationLogo\",\"width\":1152,\"height\":864,\"caption\":\"Cand\\u00e1s 365 Redes\"},\"image\":{\"@id\":\"https:\\\/\\\/candas365.es\\\/noticias\\\/el-fmi-evalua-el-impacto-de-la-disputa-comercial-entre-eeuu-y-la-ue\\\/#organizationLogo\"},\"sameAs\":[\"https:\\\/\\\/www.facebook.com\\\/Nachofdezber\",\"https:\\\/\\\/x.com\\\/NabercoDigital\",\"https:\\\/\\\/www.instagram.com\\\/nachofdezber\\\/\",\"https:\\\/\\\/www.youtube.com\\\/channel\\\/UCZP-2wLEB9Rv6erhFmqVnvg\"],\"address\":{\"@id\":\"https:\\\/\\\/candas365.es\\\/noticias\\\/#postaladdress\",\"@type\":\"PostalAddress\",\"streetAddress\":\"san antonio 4, san antonio 4\",\"postalCode\":\"33430\",\"addressLocality\":\"Cand\\u00e1s\",\"addressRegion\":\"Asturias\",\"addressCountry\":\"ES\"}},{\"@type\":\"Person\",\"@id\":\"https:\\\/\\\/candas365.es\\\/noticias\\\/author\\\/admin\\\/#author\",\"url\":\"https:\\\/\\\/candas365.es\\\/noticias\\\/author\\\/admin\\\/\",\"name\":\"Cand\\u00e1s 365\",\"image\":{\"@type\":\"ImageObject\",\"@id\":\"https:\\\/\\\/candas365.es\\\/noticias\\\/el-fmi-evalua-el-impacto-de-la-disputa-comercial-entre-eeuu-y-la-ue\\\/#authorImage\",\"url\":\"https:\\\/\\\/secure.gravatar.com\\\/avatar\\\/496a8e03d0c493ede1718b7934145dbdf8d89be1036b0eec9544e1094c9de390?s=96&d=mm&r=g\",\"width\":96,\"height\":96,\"caption\":\"Cand\\u00e1s 365\"},\"sameAs\":[\"https:\\\/\\\/www.facebook.com\\\/carrenoactualidad\",\"https:\\\/\\\/twitter.com\\\/nbasturias\",\"https:\\\/\\\/www.instagram.com\\\/nachofdezber\\\/\",\"https:\\\/\\\/www.youtube.com\\\/channel\\\/UCZP-2wLEB9Rv6erhFmqVnvg\"]},{\"@type\":\"WebPage\",\"@id\":\"https:\\\/\\\/candas365.es\\\/noticias\\\/el-fmi-evalua-el-impacto-de-la-disputa-comercial-entre-eeuu-y-la-ue\\\/#webpage\",\"url\":\"https:\\\/\\\/candas365.es\\\/noticias\\\/el-fmi-evalua-el-impacto-de-la-disputa-comercial-entre-eeuu-y-la-ue\\\/\",\"name\":\"El FMI eval\\u00faa el impacto de la disputa comercial entre EEUU y la UE | Cand\\u00e1s 365\",\"description\":\"Buenos Aires, 21 jul (dpa) - La directora gerente del Fondo Monetario Internacional, Christine Lagarde, afirm\\u00f3 hoy que el organismo eval\\u00faa el impacto que tendr\\u00eda a nivel global una disputa comercial entre Estados Unidos, China y la Uni\\u00f3n Europea (UE). \\\"Identificamos el impacto directo en caso de situaciones hipot\\u00e9ticas de restricciones comerciales resultado de (la\",\"inLanguage\":\"es-ES\",\"isPartOf\":{\"@id\":\"https:\\\/\\\/candas365.es\\\/noticias\\\/#website\"},\"breadcrumb\":{\"@id\":\"https:\\\/\\\/candas365.es\\\/noticias\\\/el-fmi-evalua-el-impacto-de-la-disputa-comercial-entre-eeuu-y-la-ue\\\/#breadcrumblist\"},\"author\":{\"@id\":\"https:\\\/\\\/candas365.es\\\/noticias\\\/author\\\/admin\\\/#author\"},\"creator\":{\"@id\":\"https:\\\/\\\/candas365.es\\\/noticias\\\/author\\\/admin\\\/#author\"},\"image\":{\"@type\":\"ImageObject\",\"url\":\"https:\\\/\\\/candas365.es\\\/noticias\\\/wp-content\\\/uploads\\\/2018\\\/06\\\/globalisation-3390877_960_720.jpg\",\"@id\":\"https:\\\/\\\/candas365.es\\\/noticias\\\/el-fmi-evalua-el-impacto-de-la-disputa-comercial-entre-eeuu-y-la-ue\\\/#mainImage\",\"width\":960,\"height\":576},\"primaryImageOfPage\":{\"@id\":\"https:\\\/\\\/candas365.es\\\/noticias\\\/el-fmi-evalua-el-impacto-de-la-disputa-comercial-entre-eeuu-y-la-ue\\\/#mainImage\"},\"datePublished\":\"2018-07-21T22:40:42+02:00\",\"dateModified\":\"2018-07-21T22:40:42+02:00\"},{\"@type\":\"WebSite\",\"@id\":\"https:\\\/\\\/candas365.es\\\/noticias\\\/#website\",\"url\":\"https:\\\/\\\/candas365.es\\\/noticias\\\/\",\"name\":\"Cand\\u00e1s 365\",\"alternateName\":\"Cand\\u00e1s 365 Noticias\",\"description\":\"Actualidad desde Carre\\u00f1o para el mundo\",\"inLanguage\":\"es-ES\",\"publisher\":{\"@id\":\"https:\\\/\\\/candas365.es\\\/noticias\\\/#organization\"}}]}\n\t\t<\/script>\n\t\t<!-- All in One SEO Pro -->\r\n\t\t<title>El FMI eval\u00faa el impacto de la disputa comercial entre EEUU y la UE | Cand\u00e1s 365<\/title>\n\n","aioseo_head_json":{"title":"El FMI eval\u00faa el impacto de la disputa comercial entre EEUU y la UE | Cand\u00e1s 365","description":"Buenos Aires, 21 jul (dpa) - La directora gerente del Fondo Monetario Internacional, Christine Lagarde, afirm\u00f3 hoy que el organismo eval\u00faa el impacto que tendr\u00eda a nivel global una disputa comercial entre Estados Unidos, China y la Uni\u00f3n Europea (UE). \"Identificamos el impacto directo en caso de situaciones hipot\u00e9ticas de restricciones comerciales resultado de (la","canonical_url":"https:\/\/candas365.es\/noticias\/el-fmi-evalua-el-impacto-de-la-disputa-comercial-entre-eeuu-y-la-ue\/","robots":"max-image-preview:large","keywords":"actualidad","webmasterTools":{"google-site-verification":"UA-32230408-1","msvalidate.01":"354F3CDFB2DA171B47FBE9ABF1F88D5","miscellaneous":""},"schema":{"@context":"https:\/\/schema.org","@graph":[{"@type":"BreadcrumbList","@id":"https:\/\/candas365.es\/noticias\/el-fmi-evalua-el-impacto-de-la-disputa-comercial-entre-eeuu-y-la-ue\/#breadcrumblist","itemListElement":[{"@type":"ListItem","@id":"https:\/\/candas365.es\/noticias#listItem","position":1,"name":"Home","item":"https:\/\/candas365.es\/noticias","nextItem":{"@type":"ListItem","@id":"https:\/\/candas365.es\/noticias\/category\/actualidad\/#listItem","name":"Actualidad"}},{"@type":"ListItem","@id":"https:\/\/candas365.es\/noticias\/category\/actualidad\/#listItem","position":2,"name":"Actualidad","item":"https:\/\/candas365.es\/noticias\/category\/actualidad\/","nextItem":{"@type":"ListItem","@id":"https:\/\/candas365.es\/noticias\/el-fmi-evalua-el-impacto-de-la-disputa-comercial-entre-eeuu-y-la-ue\/#listItem","name":"El FMI eval\u00faa el impacto de la disputa comercial entre EEUU y la UE"},"previousItem":{"@type":"ListItem","@id":"https:\/\/candas365.es\/noticias#listItem","name":"Home"}},{"@type":"ListItem","@id":"https:\/\/candas365.es\/noticias\/el-fmi-evalua-el-impacto-de-la-disputa-comercial-entre-eeuu-y-la-ue\/#listItem","position":3,"name":"El FMI eval\u00faa el impacto de la disputa comercial entre EEUU y la UE","previousItem":{"@type":"ListItem","@id":"https:\/\/candas365.es\/noticias\/category\/actualidad\/#listItem","name":"Actualidad"}}]},{"@type":"NewsArticle","@id":"https:\/\/candas365.es\/noticias\/el-fmi-evalua-el-impacto-de-la-disputa-comercial-entre-eeuu-y-la-ue\/#newsarticle","name":"El FMI eval\u00faa el impacto de la disputa comercial entre EEUU y la UE | Cand\u00e1s 365","headline":"El FMI eval\u00faa el impacto de la disputa comercial entre EEUU y la UE","author":{"@id":"https:\/\/candas365.es\/noticias\/author\/admin\/#author"},"publisher":{"@id":"https:\/\/candas365.es\/noticias\/#organization"},"image":{"@type":"ImageObject","url":"https:\/\/candas365.es\/noticias\/wp-content\/uploads\/2018\/06\/globalisation-3390877_960_720.jpg","width":960,"height":576},"datePublished":"2018-07-21T22:40:42+02:00","dateModified":"2018-07-21T22:40:42+02:00","inLanguage":"es-ES","mainEntityOfPage":{"@id":"https:\/\/candas365.es\/noticias\/el-fmi-evalua-el-impacto-de-la-disputa-comercial-entre-eeuu-y-la-ue\/#webpage"},"isPartOf":{"@id":"https:\/\/candas365.es\/noticias\/el-fmi-evalua-el-impacto-de-la-disputa-comercial-entre-eeuu-y-la-ue\/#webpage"},"articleSection":"Actualidad","dateline":"Publicado el julio 21, 2018."},{"@type":"Organization","@id":"https:\/\/candas365.es\/noticias\/#organization","name":"Cand\u00e1s 365","description":"Cand\u00e1s 365 es un diario digital independiente, fundado en 2012, con base en Asturias. Informamos con rigor sobre actualidad, sociedad, cultura y ocio, con una mirada local y global.","url":"https:\/\/candas365.es\/noticias\/","email":"info@candas365.es","telephone":"+34652131393","foundingDate":"2012-06-10","logo":{"@type":"ImageObject","url":"https:\/\/candas365.es\/noticias\/wp-content\/uploads\/2024\/09\/Candas-365-Redes.jpg","@id":"https:\/\/candas365.es\/noticias\/el-fmi-evalua-el-impacto-de-la-disputa-comercial-entre-eeuu-y-la-ue\/#organizationLogo","width":1152,"height":864,"caption":"Cand\u00e1s 365 Redes"},"image":{"@id":"https:\/\/candas365.es\/noticias\/el-fmi-evalua-el-impacto-de-la-disputa-comercial-entre-eeuu-y-la-ue\/#organizationLogo"},"sameAs":["https:\/\/www.facebook.com\/Nachofdezber","https:\/\/x.com\/NabercoDigital","https:\/\/www.instagram.com\/nachofdezber\/","https:\/\/www.youtube.com\/channel\/UCZP-2wLEB9Rv6erhFmqVnvg"],"address":{"@id":"https:\/\/candas365.es\/noticias\/#postaladdress","@type":"PostalAddress","streetAddress":"san antonio 4, san antonio 4","postalCode":"33430","addressLocality":"Cand\u00e1s","addressRegion":"Asturias","addressCountry":"ES"}},{"@type":"Person","@id":"https:\/\/candas365.es\/noticias\/author\/admin\/#author","url":"https:\/\/candas365.es\/noticias\/author\/admin\/","name":"Cand\u00e1s 365","image":{"@type":"ImageObject","@id":"https:\/\/candas365.es\/noticias\/el-fmi-evalua-el-impacto-de-la-disputa-comercial-entre-eeuu-y-la-ue\/#authorImage","url":"https:\/\/secure.gravatar.com\/avatar\/496a8e03d0c493ede1718b7934145dbdf8d89be1036b0eec9544e1094c9de390?s=96&d=mm&r=g","width":96,"height":96,"caption":"Cand\u00e1s 365"},"sameAs":["https:\/\/www.facebook.com\/carrenoactualidad","https:\/\/twitter.com\/nbasturias","https:\/\/www.instagram.com\/nachofdezber\/","https:\/\/www.youtube.com\/channel\/UCZP-2wLEB9Rv6erhFmqVnvg"]},{"@type":"WebPage","@id":"https:\/\/candas365.es\/noticias\/el-fmi-evalua-el-impacto-de-la-disputa-comercial-entre-eeuu-y-la-ue\/#webpage","url":"https:\/\/candas365.es\/noticias\/el-fmi-evalua-el-impacto-de-la-disputa-comercial-entre-eeuu-y-la-ue\/","name":"El FMI eval\u00faa el impacto de la disputa comercial entre EEUU y la UE | Cand\u00e1s 365","description":"Buenos Aires, 21 jul (dpa) - La directora gerente del Fondo Monetario Internacional, Christine Lagarde, afirm\u00f3 hoy que el organismo eval\u00faa el impacto que tendr\u00eda a nivel global una disputa comercial entre Estados Unidos, China y la Uni\u00f3n Europea (UE). \"Identificamos el impacto directo en caso de situaciones hipot\u00e9ticas de restricciones comerciales resultado de (la","inLanguage":"es-ES","isPartOf":{"@id":"https:\/\/candas365.es\/noticias\/#website"},"breadcrumb":{"@id":"https:\/\/candas365.es\/noticias\/el-fmi-evalua-el-impacto-de-la-disputa-comercial-entre-eeuu-y-la-ue\/#breadcrumblist"},"author":{"@id":"https:\/\/candas365.es\/noticias\/author\/admin\/#author"},"creator":{"@id":"https:\/\/candas365.es\/noticias\/author\/admin\/#author"},"image":{"@type":"ImageObject","url":"https:\/\/candas365.es\/noticias\/wp-content\/uploads\/2018\/06\/globalisation-3390877_960_720.jpg","@id":"https:\/\/candas365.es\/noticias\/el-fmi-evalua-el-impacto-de-la-disputa-comercial-entre-eeuu-y-la-ue\/#mainImage","width":960,"height":576},"primaryImageOfPage":{"@id":"https:\/\/candas365.es\/noticias\/el-fmi-evalua-el-impacto-de-la-disputa-comercial-entre-eeuu-y-la-ue\/#mainImage"},"datePublished":"2018-07-21T22:40:42+02:00","dateModified":"2018-07-21T22:40:42+02:00"},{"@type":"WebSite","@id":"https:\/\/candas365.es\/noticias\/#website","url":"https:\/\/candas365.es\/noticias\/","name":"Cand\u00e1s 365","alternateName":"Cand\u00e1s 365 Noticias","description":"Actualidad desde Carre\u00f1o para el mundo","inLanguage":"es-ES","publisher":{"@id":"https:\/\/candas365.es\/noticias\/#organization"}}]},"og:locale":"es_ES","og:site_name":"Cand\u00e1s 365","og:type":"article","og:title":"El FMI eval\u00faa el impacto de la disputa comercial entre EEUU y la UE | Cand\u00e1s 365","og:description":"Buenos Aires, 21 jul (dpa) - La directora gerente del Fondo Monetario Internacional, Christine Lagarde, afirm\u00f3 hoy que el organismo eval\u00faa el impacto que tendr\u00eda a nivel global una disputa comercial entre Estados Unidos, China y la Uni\u00f3n Europea (UE). &quot;Identificamos el impacto directo en caso de situaciones hipot\u00e9ticas de restricciones comerciales resultado de (la","og:url":"https:\/\/candas365.es\/noticias\/el-fmi-evalua-el-impacto-de-la-disputa-comercial-entre-eeuu-y-la-ue\/","og:image":"https:\/\/candas365.es\/noticias\/wp-content\/uploads\/2018\/06\/globalisation-3390877_960_720.jpg","og:image:secure_url":"https:\/\/candas365.es\/noticias\/wp-content\/uploads\/2018\/06\/globalisation-3390877_960_720.jpg","og:image:width":960,"og:image:height":576,"article:published_time":"2018-07-21T22:40:42+00:00","article:modified_time":"2018-07-21T22:40:42+00:00","article:publisher":"https:\/\/www.facebook.com\/Nachofdezber","article:author":"https:\/\/www.facebook.com\/carrenoactualidad","twitter:card":"summary_large_image","twitter:site":"@NabercoDigital","twitter:title":"El FMI eval\u00faa el impacto de la disputa comercial entre EEUU y la UE | Cand\u00e1s 365","twitter:description":"Buenos Aires, 21 jul (dpa) - La directora gerente del Fondo Monetario Internacional, Christine Lagarde, afirm\u00f3 hoy que el organismo eval\u00faa el impacto que tendr\u00eda a nivel global una disputa comercial entre Estados Unidos, China y la Uni\u00f3n Europea (UE). &quot;Identificamos el impacto directo en caso de situaciones hipot\u00e9ticas de restricciones comerciales resultado de (la","twitter:creator":"@nbasturias","twitter:image":"https:\/\/candas365.es\/noticias\/wp-content\/uploads\/2018\/06\/globalisation-3390877_960_720.jpg","twitter:label1":"Escrito por","twitter:data1":"Cand\u00e1s 365","twitter:label2":"Tiempo de lectura estimado","twitter:data2":"2 minutos"},"aioseo_meta_data":{"post_id":"100898","title":null,"description":null,"keywords":null,"keyphrases":null,"primary_term":null,"canonical_url":null,"og_title":null,"og_description":null,"og_object_type":"default","og_image_type":"default","og_image_url":null,"og_image_width":null,"og_image_height":null,"og_image_custom_url":null,"og_image_custom_fields":null,"og_video":null,"og_custom_url":null,"og_article_section":null,"og_article_tags":null,"twitter_use_og":false,"twitter_card":"default","twitter_image_type":"default","twitter_image_url":null,"twitter_image_custom_url":null,"twitter_image_custom_fields":null,"twitter_title":null,"twitter_description":null,"schema":{"blockGraphs":[],"customGraphs":[],"default":{"data":{"Article":[],"Course":[],"Dataset":[],"FAQPage":[],"Movie":[],"Person":[],"Product":[],"ProductReview":[],"Car":[],"Recipe":[],"Service":[],"SoftwareApplication":[],"WebPage":[]},"graphName":"","isEnabled":true},"graphs":[],"defaultGraph":"","defaultPostTypeGraph":""},"schema_type":null,"schema_type_options":null,"pillar_content":false,"robots_default":true,"robots_noindex":false,"robots_noarchive":false,"robots_nosnippet":false,"robots_nofollow":false,"robots_noimageindex":false,"robots_noodp":false,"robots_notranslate":false,"robots_max_snippet":null,"robots_max_videopreview":null,"robots_max_imagepreview":"large","priority":null,"frequency":null,"location":null,"local_seo":null,"seo_analyzer_scan_date":"2025-08-27 10:06:12","breadcrumb_settings":null,"limit_modified_date":false,"reviewed_by":null,"open_ai":null,"ai":null,"created":"2020-12-21 11:48:23","updated":"2025-08-27 10:06:12"},"aioseo_breadcrumb":"<div class=\"aioseo-breadcrumbs\"><span class=\"aioseo-breadcrumb\">\n\t<a href=\"https:\/\/candas365.es\/noticias\" title=\"Home\">Home<\/a>\n<\/span><span class=\"aioseo-breadcrumb-separator\">&ndash;<\/span><span class=\"aioseo-breadcrumb\">\n\t<a href=\"https:\/\/candas365.es\/noticias\/category\/actualidad\/\" title=\"Actualidad\">Actualidad<\/a>\n<\/span><span class=\"aioseo-breadcrumb-separator\">&ndash;<\/span><span class=\"aioseo-breadcrumb\">\n\tEl FMI eval\u00faa el impacto de la disputa comercial entre EEUU y la UE\n<\/span><\/div>","aioseo_breadcrumb_json":[{"label":"Home","link":"https:\/\/candas365.es\/noticias"},{"label":"Actualidad","link":"https:\/\/candas365.es\/noticias\/category\/actualidad\/"},{"label":"El FMI eval\u00faa el impacto de la disputa comercial entre EEUU y la UE","link":"https:\/\/candas365.es\/noticias\/el-fmi-evalua-el-impacto-de-la-disputa-comercial-entre-eeuu-y-la-ue\/"}],"_links":{"self":[{"href":"https:\/\/candas365.es\/noticias\/wp-json\/wp\/v2\/posts\/100898","targetHints":{"allow":["GET"]}}],"collection":[{"href":"https:\/\/candas365.es\/noticias\/wp-json\/wp\/v2\/posts"}],"about":[{"href":"https:\/\/candas365.es\/noticias\/wp-json\/wp\/v2\/types\/post"}],"author":[{"embeddable":true,"href":"https:\/\/candas365.es\/noticias\/wp-json\/wp\/v2\/users\/1"}],"replies":[{"embeddable":true,"href":"https:\/\/candas365.es\/noticias\/wp-json\/wp\/v2\/comments?post=100898"}],"version-history":[{"count":0,"href":"https:\/\/candas365.es\/noticias\/wp-json\/wp\/v2\/posts\/100898\/revisions"}],"wp:featuredmedia":[{"embeddable":true,"href":"https:\/\/candas365.es\/noticias\/wp-json\/wp\/v2\/media\/97538"}],"wp:attachment":[{"href":"https:\/\/candas365.es\/noticias\/wp-json\/wp\/v2\/media?parent=100898"}],"wp:term":[{"taxonomy":"category","embeddable":true,"href":"https:\/\/candas365.es\/noticias\/wp-json\/wp\/v2\/categories?post=100898"},{"taxonomy":"post_tag","embeddable":true,"href":"https:\/\/candas365.es\/noticias\/wp-json\/wp\/v2\/tags?post=100898"}],"curies":[{"name":"wp","href":"https:\/\/api.w.org\/{rel}","templated":true}]}}