{"id":100893,"date":"2018-07-21T22:28:38","date_gmt":"2018-07-21T22:28:38","guid":{"rendered":"http:\/\/candas365.es\/noticias\/?p=100893"},"modified":"2018-07-22T00:15:32","modified_gmt":"2018-07-22T00:15:32","slug":"declaran-a-la-lucha-libre-patrimonio-cultural-de-la-ciudad-de-mexico","status":"publish","type":"post","link":"https:\/\/candas365.es\/noticias\/declaran-a-la-lucha-libre-patrimonio-cultural-de-la-ciudad-de-mexico\/","title":{"rendered":"Declaran a la lucha libre patrimonio cultural de la Ciudad de M\u00e9xico"},"content":{"rendered":"<p><img fetchpriority=\"high\" decoding=\"async\" class=\"alignleft size-medium wp-image-100894\" src=\"https:\/\/candas365.es\/noticias\/wp-content\/uploads\/2018\/07\/wrestling-432393_960_720-360x270.jpg\" alt=\"\" width=\"360\" height=\"270\" srcset=\"https:\/\/candas365.es\/noticias\/wp-content\/uploads\/2018\/07\/wrestling-432393_960_720-360x270.jpg 360w, https:\/\/candas365.es\/noticias\/wp-content\/uploads\/2018\/07\/wrestling-432393_960_720-768x576.jpg 768w, https:\/\/candas365.es\/noticias\/wp-content\/uploads\/2018\/07\/wrestling-432393_960_720-640x480.jpg 640w, https:\/\/candas365.es\/noticias\/wp-content\/uploads\/2018\/07\/wrestling-432393_960_720-80x60.jpg 80w, https:\/\/candas365.es\/noticias\/wp-content\/uploads\/2018\/07\/wrestling-432393_960_720-265x198.jpg 265w, https:\/\/candas365.es\/noticias\/wp-content\/uploads\/2018\/07\/wrestling-432393_960_720-696x522.jpg 696w, https:\/\/candas365.es\/noticias\/wp-content\/uploads\/2018\/07\/wrestling-432393_960_720-560x420.jpg 560w, https:\/\/candas365.es\/noticias\/wp-content\/uploads\/2018\/07\/wrestling-432393_960_720.jpg 960w\" sizes=\"(max-width: 360px) 100vw, 360px\" \/>Ciudad de M\u00e9xico, 21 jul (dpa) &#8211; El Gobierno de la Ciudad de M\u00e9xico declar\u00f3 hoy como patrimonio cultural intangible de esa urbe a la lucha libre, un deporte que forma parte de la tradici\u00f3n e identidad de M\u00e9xico.<\/p>\n<p>\u00abSi nosotros pregunt\u00e1ramos a quienes nos vienen a visitar a qu\u00e9 vienen a esta ciudad, muchos de ellos dir\u00edan &#8216;venimos a tener contacto con la lucha libre&#8217;. Porque representan una forma de expresarse\u00bb, dijo el alcalde, Jos\u00e9 Ram\u00f3n Amieva, tras firmar la declaratoria en una ceremonia en la que estuvieron presentes figuras de la lucha libre mexicana.<\/p>\n<p>Amieva indic\u00f3 que se trata de un reconocimiento tanto al deporte como a los luchadores, y anunci\u00f3 que las autoridades de la Ciudad de M\u00e9xico crear\u00e1n un directorio para registrar a todos los que est\u00e1n involucrados y relacionados con esa actividad.<\/p>\n<p>Se trata del deporte m\u00e1s popular en M\u00e9xico, s\u00f3lo superado por el f\u00fatbol, y mezcla la lucha con el espect\u00e1culo, representado sobre todo en las m\u00e1scaras que llevan los luchadores para cubrir su identidad y crear una imagen especial para los aficionados.<\/p>\n<p>La declaratoria fue impulsada por el ex luchador \u00abFantasma\u00bb, titular de la Comisi\u00f3n de Lucha Libre de la Ciudad de M\u00e9xico, que explic\u00f3 que tuvo que tocar \u00abmuchas puertas\u00bb para hacerse escuchar y que se trat\u00f3 de un \u00abtrabajo de tres a\u00f1os\u00bb.<\/p>\n<p>\u00abPara m\u00ed este es un momento hist\u00f3rico\u00bb, manifest\u00f3 cuando dio un discurso. \u00abAhora ya podemos decir que la lucha libre es parte de nuestra cultura\u00bb.<\/p>\n<p>A la ceremonia asistieron luchadores y dirigentes de la Lucha Libre AAA como \u00abPagano\u00bb, con el cabello te\u00f1ido de rojo y el rostro pintado como un terrible payaso; \u00abRudo\u00bb, hijo del \u00abFantasma\u00bb, con una m\u00e1scara violeta muy parecida a la de su padre, entre otros.<\/p>\n<p>Durante la ceremonia se habl\u00f3 de la historia de la lucha libre mexicana y c\u00f3mo \u00e9sta se diferencia de otro tipo de lucha libre debido a la espectacularidad de los luchadores, la teatralidad y el mito que se crea alrededor de la m\u00e1scara que oculta sus identidades.<\/p>\n<p>Tambi\u00e9n se record\u00f3 al famoso luchador \u00abEl Rayo de Jalisco\u00bb, cuyo nombre real era Max Linares Moreno y que falleci\u00f3 el jueves a los 86 a\u00f1os. Los presentes guardaron un minuto de silencio para honrarlo.<\/p>\n<p>Adem\u00e1s de la ceremonia, en el Z\u00f3calo de la capital se organiz\u00f3 un evento gratuito de lucha libre, mientras que en la Plaza Garibaldi, conocida por sus tradicionales mariachis, se realizar\u00e1 este fin de semana una feria art\u00edstica que combina la m\u00fasica con el colorido deporte y la m\u00fasica.<\/p>\n","protected":false},"excerpt":{"rendered":"<p>Ciudad de M\u00e9xico, 21 jul (dpa) &#8211; El Gobierno de la Ciudad de M\u00e9xico declar\u00f3 hoy como patrimonio cultural intangible de esa urbe a la lucha libre, un deporte que forma parte de la tradici\u00f3n e identidad de M\u00e9xico. \u00abSi nosotros pregunt\u00e1ramos a quienes nos vienen a visitar a qu\u00e9 vienen a esta ciudad, muchos<\/p>\n","protected":false},"author":1,"featured_media":100894,"comment_status":"closed","ping_status":"closed","sticky":false,"template":"","format":"standard","meta":{"footnotes":""},"categories":[142],"tags":[],"class_list":{"0":"post-100893","1":"post","2":"type-post","3":"status-publish","4":"format-standard","5":"has-post-thumbnail","7":"category-revista"},"aioseo_notices":[],"aioseo_head":"\n\t\t<!-- All in One SEO Pro 4.9.6.2 - aioseo.com -->\n\t<meta name=\"description\" content=\"Ciudad de M\u00e9xico, 21 jul (dpa) - El Gobierno de la Ciudad de M\u00e9xico declar\u00f3 hoy como patrimonio cultural intangible de esa urbe a la lucha libre, un deporte que forma parte de la tradici\u00f3n e identidad de M\u00e9xico. &quot;Si nosotros pregunt\u00e1ramos a quienes nos vienen a visitar a qu\u00e9 vienen a esta ciudad, muchos\" \/>\n\t<meta name=\"robots\" content=\"max-image-preview:large\" \/>\n\t<meta name=\"author\" content=\"Cand\u00e1s 365\"\/>\n\t<meta name=\"google-site-verification\" content=\"UA-32230408-1\" \/>\n\t<meta name=\"msvalidate.01\" content=\"354F3CDFB2DA171B47FBE9ABF1F88D5\" \/>\n\t<meta name=\"keywords\" content=\"revista\" \/>\n\t<link rel=\"canonical\" href=\"https:\/\/candas365.es\/noticias\/declaran-a-la-lucha-libre-patrimonio-cultural-de-la-ciudad-de-mexico\/\" \/>\n\t<meta name=\"generator\" content=\"All in One SEO Pro (AIOSEO) 4.9.6.2\" \/>\n\t\t<meta property=\"og:locale\" content=\"es_ES\" \/>\n\t\t<meta property=\"og:site_name\" content=\"Cand\u00e1s 365\" \/>\n\t\t<meta property=\"og:type\" content=\"article\" \/>\n\t\t<meta property=\"og:title\" content=\"Declaran a la lucha libre patrimonio cultural de la Ciudad de M\u00e9xico | Cand\u00e1s 365\" \/>\n\t\t<meta property=\"og:description\" content=\"Ciudad de M\u00e9xico, 21 jul (dpa) - El Gobierno de la Ciudad de M\u00e9xico declar\u00f3 hoy como patrimonio cultural intangible de esa urbe a la lucha libre, un deporte que forma parte de la tradici\u00f3n e identidad de M\u00e9xico. &quot;Si nosotros pregunt\u00e1ramos a quienes nos vienen a visitar a qu\u00e9 vienen a esta ciudad, muchos\" \/>\n\t\t<meta property=\"og:url\" content=\"https:\/\/candas365.es\/noticias\/declaran-a-la-lucha-libre-patrimonio-cultural-de-la-ciudad-de-mexico\/\" \/>\n\t\t<meta property=\"og:image\" content=\"https:\/\/candas365.es\/noticias\/wp-content\/uploads\/2018\/07\/wrestling-432393_960_720.jpg\" \/>\n\t\t<meta property=\"og:image:secure_url\" content=\"https:\/\/candas365.es\/noticias\/wp-content\/uploads\/2018\/07\/wrestling-432393_960_720.jpg\" \/>\n\t\t<meta property=\"og:image:width\" content=\"960\" \/>\n\t\t<meta property=\"og:image:height\" content=\"720\" \/>\n\t\t<meta property=\"article:published_time\" content=\"2018-07-21T22:28:38+00:00\" \/>\n\t\t<meta property=\"article:modified_time\" content=\"2018-07-22T00:15:32+00:00\" \/>\n\t\t<meta property=\"article:publisher\" content=\"https:\/\/www.facebook.com\/Nachofdezber\" \/>\n\t\t<meta property=\"article:author\" content=\"https:\/\/www.facebook.com\/carrenoactualidad\" \/>\n\t\t<meta name=\"twitter:card\" content=\"summary_large_image\" \/>\n\t\t<meta name=\"twitter:site\" content=\"@NabercoDigital\" \/>\n\t\t<meta name=\"twitter:title\" content=\"Declaran a la lucha libre patrimonio cultural de la Ciudad de M\u00e9xico | Cand\u00e1s 365\" \/>\n\t\t<meta name=\"twitter:description\" content=\"Ciudad de M\u00e9xico, 21 jul (dpa) - El Gobierno de la Ciudad de M\u00e9xico declar\u00f3 hoy como patrimonio cultural intangible de esa urbe a la lucha libre, un deporte que forma parte de la tradici\u00f3n e identidad de M\u00e9xico. &quot;Si nosotros pregunt\u00e1ramos a quienes nos vienen a visitar a qu\u00e9 vienen a esta ciudad, muchos\" \/>\n\t\t<meta name=\"twitter:creator\" content=\"@nbasturias\" \/>\n\t\t<meta name=\"twitter:image\" content=\"https:\/\/candas365.es\/noticias\/wp-content\/uploads\/2018\/07\/wrestling-432393_960_720.jpg\" \/>\n\t\t<meta name=\"twitter:label1\" content=\"Escrito por\" \/>\n\t\t<meta name=\"twitter:data1\" content=\"Cand\u00e1s 365\" \/>\n\t\t<meta name=\"twitter:label2\" content=\"Tiempo de lectura estimado\" \/>\n\t\t<meta name=\"twitter:data2\" content=\"2 minutos\" \/>\n\t\t<script type=\"application\/ld+json\" class=\"aioseo-schema\">\n\t\t\t{\"@context\":\"https:\\\/\\\/schema.org\",\"@graph\":[{\"@type\":\"BreadcrumbList\",\"@id\":\"https:\\\/\\\/candas365.es\\\/noticias\\\/declaran-a-la-lucha-libre-patrimonio-cultural-de-la-ciudad-de-mexico\\\/#breadcrumblist\",\"itemListElement\":[{\"@type\":\"ListItem\",\"@id\":\"https:\\\/\\\/candas365.es\\\/noticias#listItem\",\"position\":1,\"name\":\"Home\",\"item\":\"https:\\\/\\\/candas365.es\\\/noticias\",\"nextItem\":{\"@type\":\"ListItem\",\"@id\":\"https:\\\/\\\/candas365.es\\\/noticias\\\/category\\\/revista\\\/#listItem\",\"name\":\"Revista\"}},{\"@type\":\"ListItem\",\"@id\":\"https:\\\/\\\/candas365.es\\\/noticias\\\/category\\\/revista\\\/#listItem\",\"position\":2,\"name\":\"Revista\",\"item\":\"https:\\\/\\\/candas365.es\\\/noticias\\\/category\\\/revista\\\/\",\"nextItem\":{\"@type\":\"ListItem\",\"@id\":\"https:\\\/\\\/candas365.es\\\/noticias\\\/declaran-a-la-lucha-libre-patrimonio-cultural-de-la-ciudad-de-mexico\\\/#listItem\",\"name\":\"Declaran a la lucha libre patrimonio cultural de la Ciudad de M\\u00e9xico\"},\"previousItem\":{\"@type\":\"ListItem\",\"@id\":\"https:\\\/\\\/candas365.es\\\/noticias#listItem\",\"name\":\"Home\"}},{\"@type\":\"ListItem\",\"@id\":\"https:\\\/\\\/candas365.es\\\/noticias\\\/declaran-a-la-lucha-libre-patrimonio-cultural-de-la-ciudad-de-mexico\\\/#listItem\",\"position\":3,\"name\":\"Declaran a la lucha libre patrimonio cultural de la Ciudad de M\\u00e9xico\",\"previousItem\":{\"@type\":\"ListItem\",\"@id\":\"https:\\\/\\\/candas365.es\\\/noticias\\\/category\\\/revista\\\/#listItem\",\"name\":\"Revista\"}}]},{\"@type\":\"NewsArticle\",\"@id\":\"https:\\\/\\\/candas365.es\\\/noticias\\\/declaran-a-la-lucha-libre-patrimonio-cultural-de-la-ciudad-de-mexico\\\/#newsarticle\",\"name\":\"Declaran a la lucha libre patrimonio cultural de la Ciudad de M\\u00e9xico | Cand\\u00e1s 365\",\"headline\":\"Declaran a la lucha libre patrimonio cultural de la Ciudad de M\\u00e9xico\",\"author\":{\"@id\":\"https:\\\/\\\/candas365.es\\\/noticias\\\/author\\\/admin\\\/#author\"},\"publisher\":{\"@id\":\"https:\\\/\\\/candas365.es\\\/noticias\\\/#organization\"},\"image\":{\"@type\":\"ImageObject\",\"url\":\"https:\\\/\\\/candas365.es\\\/noticias\\\/wp-content\\\/uploads\\\/2018\\\/07\\\/wrestling-432393_960_720.jpg\",\"width\":960,\"height\":720},\"datePublished\":\"2018-07-21T22:28:38+02:00\",\"dateModified\":\"2018-07-22T00:15:32+02:00\",\"inLanguage\":\"es-ES\",\"mainEntityOfPage\":{\"@id\":\"https:\\\/\\\/candas365.es\\\/noticias\\\/declaran-a-la-lucha-libre-patrimonio-cultural-de-la-ciudad-de-mexico\\\/#webpage\"},\"isPartOf\":{\"@id\":\"https:\\\/\\\/candas365.es\\\/noticias\\\/declaran-a-la-lucha-libre-patrimonio-cultural-de-la-ciudad-de-mexico\\\/#webpage\"},\"articleSection\":\"Revista\",\"dateline\":\"Publicado el julio 21, 2018.\"},{\"@type\":\"Organization\",\"@id\":\"https:\\\/\\\/candas365.es\\\/noticias\\\/#organization\",\"name\":\"Cand\\u00e1s 365\",\"description\":\"Cand\\u00e1s 365 es un diario digital independiente, fundado en 2012, con base en Asturias. Informamos con rigor sobre actualidad, sociedad, cultura y ocio, con una mirada local y global.\",\"url\":\"https:\\\/\\\/candas365.es\\\/noticias\\\/\",\"email\":\"info@candas365.es\",\"telephone\":\"+34652131393\",\"foundingDate\":\"2012-06-10\",\"logo\":{\"@type\":\"ImageObject\",\"url\":\"https:\\\/\\\/candas365.es\\\/noticias\\\/wp-content\\\/uploads\\\/2024\\\/09\\\/Candas-365-Redes.jpg\",\"@id\":\"https:\\\/\\\/candas365.es\\\/noticias\\\/declaran-a-la-lucha-libre-patrimonio-cultural-de-la-ciudad-de-mexico\\\/#organizationLogo\",\"width\":1152,\"height\":864,\"caption\":\"Cand\\u00e1s 365 Redes\"},\"image\":{\"@id\":\"https:\\\/\\\/candas365.es\\\/noticias\\\/declaran-a-la-lucha-libre-patrimonio-cultural-de-la-ciudad-de-mexico\\\/#organizationLogo\"},\"sameAs\":[\"https:\\\/\\\/www.facebook.com\\\/Nachofdezber\",\"https:\\\/\\\/x.com\\\/NabercoDigital\",\"https:\\\/\\\/www.instagram.com\\\/nachofdezber\\\/\",\"https:\\\/\\\/www.youtube.com\\\/channel\\\/UCZP-2wLEB9Rv6erhFmqVnvg\"],\"address\":{\"@id\":\"https:\\\/\\\/candas365.es\\\/noticias\\\/#postaladdress\",\"@type\":\"PostalAddress\",\"streetAddress\":\"san antonio 4, san antonio 4\",\"postalCode\":\"33430\",\"addressLocality\":\"Cand\\u00e1s\",\"addressRegion\":\"Asturias\",\"addressCountry\":\"ES\"}},{\"@type\":\"Person\",\"@id\":\"https:\\\/\\\/candas365.es\\\/noticias\\\/author\\\/admin\\\/#author\",\"url\":\"https:\\\/\\\/candas365.es\\\/noticias\\\/author\\\/admin\\\/\",\"name\":\"Cand\\u00e1s 365\",\"image\":{\"@type\":\"ImageObject\",\"@id\":\"https:\\\/\\\/candas365.es\\\/noticias\\\/declaran-a-la-lucha-libre-patrimonio-cultural-de-la-ciudad-de-mexico\\\/#authorImage\",\"url\":\"https:\\\/\\\/secure.gravatar.com\\\/avatar\\\/496a8e03d0c493ede1718b7934145dbdf8d89be1036b0eec9544e1094c9de390?s=96&d=mm&r=g\",\"width\":96,\"height\":96,\"caption\":\"Cand\\u00e1s 365\"},\"sameAs\":[\"https:\\\/\\\/www.facebook.com\\\/carrenoactualidad\",\"https:\\\/\\\/twitter.com\\\/nbasturias\",\"https:\\\/\\\/www.instagram.com\\\/nachofdezber\\\/\",\"https:\\\/\\\/www.youtube.com\\\/channel\\\/UCZP-2wLEB9Rv6erhFmqVnvg\"]},{\"@type\":\"WebPage\",\"@id\":\"https:\\\/\\\/candas365.es\\\/noticias\\\/declaran-a-la-lucha-libre-patrimonio-cultural-de-la-ciudad-de-mexico\\\/#webpage\",\"url\":\"https:\\\/\\\/candas365.es\\\/noticias\\\/declaran-a-la-lucha-libre-patrimonio-cultural-de-la-ciudad-de-mexico\\\/\",\"name\":\"Declaran a la lucha libre patrimonio cultural de la Ciudad de M\\u00e9xico | Cand\\u00e1s 365\",\"description\":\"Ciudad de M\\u00e9xico, 21 jul (dpa) - El Gobierno de la Ciudad de M\\u00e9xico declar\\u00f3 hoy como patrimonio cultural intangible de esa urbe a la lucha libre, un deporte que forma parte de la tradici\\u00f3n e identidad de M\\u00e9xico. \\\"Si nosotros pregunt\\u00e1ramos a quienes nos vienen a visitar a qu\\u00e9 vienen a esta ciudad, muchos\",\"inLanguage\":\"es-ES\",\"isPartOf\":{\"@id\":\"https:\\\/\\\/candas365.es\\\/noticias\\\/#website\"},\"breadcrumb\":{\"@id\":\"https:\\\/\\\/candas365.es\\\/noticias\\\/declaran-a-la-lucha-libre-patrimonio-cultural-de-la-ciudad-de-mexico\\\/#breadcrumblist\"},\"author\":{\"@id\":\"https:\\\/\\\/candas365.es\\\/noticias\\\/author\\\/admin\\\/#author\"},\"creator\":{\"@id\":\"https:\\\/\\\/candas365.es\\\/noticias\\\/author\\\/admin\\\/#author\"},\"image\":{\"@type\":\"ImageObject\",\"url\":\"https:\\\/\\\/candas365.es\\\/noticias\\\/wp-content\\\/uploads\\\/2018\\\/07\\\/wrestling-432393_960_720.jpg\",\"@id\":\"https:\\\/\\\/candas365.es\\\/noticias\\\/declaran-a-la-lucha-libre-patrimonio-cultural-de-la-ciudad-de-mexico\\\/#mainImage\",\"width\":960,\"height\":720},\"primaryImageOfPage\":{\"@id\":\"https:\\\/\\\/candas365.es\\\/noticias\\\/declaran-a-la-lucha-libre-patrimonio-cultural-de-la-ciudad-de-mexico\\\/#mainImage\"},\"datePublished\":\"2018-07-21T22:28:38+02:00\",\"dateModified\":\"2018-07-22T00:15:32+02:00\"},{\"@type\":\"WebSite\",\"@id\":\"https:\\\/\\\/candas365.es\\\/noticias\\\/#website\",\"url\":\"https:\\\/\\\/candas365.es\\\/noticias\\\/\",\"name\":\"Cand\\u00e1s 365\",\"alternateName\":\"Cand\\u00e1s 365 Noticias\",\"description\":\"Actualidad desde Carre\\u00f1o para el mundo\",\"inLanguage\":\"es-ES\",\"publisher\":{\"@id\":\"https:\\\/\\\/candas365.es\\\/noticias\\\/#organization\"}}]}\n\t\t<\/script>\n\t\t<!-- All in One SEO Pro -->\r\n\t\t<title>Declaran a la lucha libre patrimonio cultural de la Ciudad de M\u00e9xico | Cand\u00e1s 365<\/title>\n\n","aioseo_head_json":{"title":"Declaran a la lucha libre patrimonio cultural de la Ciudad de M\u00e9xico | Cand\u00e1s 365","description":"Ciudad de M\u00e9xico, 21 jul (dpa) - El Gobierno de la Ciudad de M\u00e9xico declar\u00f3 hoy como patrimonio cultural intangible de esa urbe a la lucha libre, un deporte que forma parte de la tradici\u00f3n e identidad de M\u00e9xico. \"Si nosotros pregunt\u00e1ramos a quienes nos vienen a visitar a qu\u00e9 vienen a esta ciudad, muchos","canonical_url":"https:\/\/candas365.es\/noticias\/declaran-a-la-lucha-libre-patrimonio-cultural-de-la-ciudad-de-mexico\/","robots":"max-image-preview:large","keywords":"revista","webmasterTools":{"google-site-verification":"UA-32230408-1","msvalidate.01":"354F3CDFB2DA171B47FBE9ABF1F88D5","miscellaneous":""},"schema":{"@context":"https:\/\/schema.org","@graph":[{"@type":"BreadcrumbList","@id":"https:\/\/candas365.es\/noticias\/declaran-a-la-lucha-libre-patrimonio-cultural-de-la-ciudad-de-mexico\/#breadcrumblist","itemListElement":[{"@type":"ListItem","@id":"https:\/\/candas365.es\/noticias#listItem","position":1,"name":"Home","item":"https:\/\/candas365.es\/noticias","nextItem":{"@type":"ListItem","@id":"https:\/\/candas365.es\/noticias\/category\/revista\/#listItem","name":"Revista"}},{"@type":"ListItem","@id":"https:\/\/candas365.es\/noticias\/category\/revista\/#listItem","position":2,"name":"Revista","item":"https:\/\/candas365.es\/noticias\/category\/revista\/","nextItem":{"@type":"ListItem","@id":"https:\/\/candas365.es\/noticias\/declaran-a-la-lucha-libre-patrimonio-cultural-de-la-ciudad-de-mexico\/#listItem","name":"Declaran a la lucha libre patrimonio cultural de la Ciudad de M\u00e9xico"},"previousItem":{"@type":"ListItem","@id":"https:\/\/candas365.es\/noticias#listItem","name":"Home"}},{"@type":"ListItem","@id":"https:\/\/candas365.es\/noticias\/declaran-a-la-lucha-libre-patrimonio-cultural-de-la-ciudad-de-mexico\/#listItem","position":3,"name":"Declaran a la lucha libre patrimonio cultural de la Ciudad de M\u00e9xico","previousItem":{"@type":"ListItem","@id":"https:\/\/candas365.es\/noticias\/category\/revista\/#listItem","name":"Revista"}}]},{"@type":"NewsArticle","@id":"https:\/\/candas365.es\/noticias\/declaran-a-la-lucha-libre-patrimonio-cultural-de-la-ciudad-de-mexico\/#newsarticle","name":"Declaran a la lucha libre patrimonio cultural de la Ciudad de M\u00e9xico | Cand\u00e1s 365","headline":"Declaran a la lucha libre patrimonio cultural de la Ciudad de M\u00e9xico","author":{"@id":"https:\/\/candas365.es\/noticias\/author\/admin\/#author"},"publisher":{"@id":"https:\/\/candas365.es\/noticias\/#organization"},"image":{"@type":"ImageObject","url":"https:\/\/candas365.es\/noticias\/wp-content\/uploads\/2018\/07\/wrestling-432393_960_720.jpg","width":960,"height":720},"datePublished":"2018-07-21T22:28:38+02:00","dateModified":"2018-07-22T00:15:32+02:00","inLanguage":"es-ES","mainEntityOfPage":{"@id":"https:\/\/candas365.es\/noticias\/declaran-a-la-lucha-libre-patrimonio-cultural-de-la-ciudad-de-mexico\/#webpage"},"isPartOf":{"@id":"https:\/\/candas365.es\/noticias\/declaran-a-la-lucha-libre-patrimonio-cultural-de-la-ciudad-de-mexico\/#webpage"},"articleSection":"Revista","dateline":"Publicado el julio 21, 2018."},{"@type":"Organization","@id":"https:\/\/candas365.es\/noticias\/#organization","name":"Cand\u00e1s 365","description":"Cand\u00e1s 365 es un diario digital independiente, fundado en 2012, con base en Asturias. Informamos con rigor sobre actualidad, sociedad, cultura y ocio, con una mirada local y global.","url":"https:\/\/candas365.es\/noticias\/","email":"info@candas365.es","telephone":"+34652131393","foundingDate":"2012-06-10","logo":{"@type":"ImageObject","url":"https:\/\/candas365.es\/noticias\/wp-content\/uploads\/2024\/09\/Candas-365-Redes.jpg","@id":"https:\/\/candas365.es\/noticias\/declaran-a-la-lucha-libre-patrimonio-cultural-de-la-ciudad-de-mexico\/#organizationLogo","width":1152,"height":864,"caption":"Cand\u00e1s 365 Redes"},"image":{"@id":"https:\/\/candas365.es\/noticias\/declaran-a-la-lucha-libre-patrimonio-cultural-de-la-ciudad-de-mexico\/#organizationLogo"},"sameAs":["https:\/\/www.facebook.com\/Nachofdezber","https:\/\/x.com\/NabercoDigital","https:\/\/www.instagram.com\/nachofdezber\/","https:\/\/www.youtube.com\/channel\/UCZP-2wLEB9Rv6erhFmqVnvg"],"address":{"@id":"https:\/\/candas365.es\/noticias\/#postaladdress","@type":"PostalAddress","streetAddress":"san antonio 4, san antonio 4","postalCode":"33430","addressLocality":"Cand\u00e1s","addressRegion":"Asturias","addressCountry":"ES"}},{"@type":"Person","@id":"https:\/\/candas365.es\/noticias\/author\/admin\/#author","url":"https:\/\/candas365.es\/noticias\/author\/admin\/","name":"Cand\u00e1s 365","image":{"@type":"ImageObject","@id":"https:\/\/candas365.es\/noticias\/declaran-a-la-lucha-libre-patrimonio-cultural-de-la-ciudad-de-mexico\/#authorImage","url":"https:\/\/secure.gravatar.com\/avatar\/496a8e03d0c493ede1718b7934145dbdf8d89be1036b0eec9544e1094c9de390?s=96&d=mm&r=g","width":96,"height":96,"caption":"Cand\u00e1s 365"},"sameAs":["https:\/\/www.facebook.com\/carrenoactualidad","https:\/\/twitter.com\/nbasturias","https:\/\/www.instagram.com\/nachofdezber\/","https:\/\/www.youtube.com\/channel\/UCZP-2wLEB9Rv6erhFmqVnvg"]},{"@type":"WebPage","@id":"https:\/\/candas365.es\/noticias\/declaran-a-la-lucha-libre-patrimonio-cultural-de-la-ciudad-de-mexico\/#webpage","url":"https:\/\/candas365.es\/noticias\/declaran-a-la-lucha-libre-patrimonio-cultural-de-la-ciudad-de-mexico\/","name":"Declaran a la lucha libre patrimonio cultural de la Ciudad de M\u00e9xico | Cand\u00e1s 365","description":"Ciudad de M\u00e9xico, 21 jul (dpa) - El Gobierno de la Ciudad de M\u00e9xico declar\u00f3 hoy como patrimonio cultural intangible de esa urbe a la lucha libre, un deporte que forma parte de la tradici\u00f3n e identidad de M\u00e9xico. \"Si nosotros pregunt\u00e1ramos a quienes nos vienen a visitar a qu\u00e9 vienen a esta ciudad, muchos","inLanguage":"es-ES","isPartOf":{"@id":"https:\/\/candas365.es\/noticias\/#website"},"breadcrumb":{"@id":"https:\/\/candas365.es\/noticias\/declaran-a-la-lucha-libre-patrimonio-cultural-de-la-ciudad-de-mexico\/#breadcrumblist"},"author":{"@id":"https:\/\/candas365.es\/noticias\/author\/admin\/#author"},"creator":{"@id":"https:\/\/candas365.es\/noticias\/author\/admin\/#author"},"image":{"@type":"ImageObject","url":"https:\/\/candas365.es\/noticias\/wp-content\/uploads\/2018\/07\/wrestling-432393_960_720.jpg","@id":"https:\/\/candas365.es\/noticias\/declaran-a-la-lucha-libre-patrimonio-cultural-de-la-ciudad-de-mexico\/#mainImage","width":960,"height":720},"primaryImageOfPage":{"@id":"https:\/\/candas365.es\/noticias\/declaran-a-la-lucha-libre-patrimonio-cultural-de-la-ciudad-de-mexico\/#mainImage"},"datePublished":"2018-07-21T22:28:38+02:00","dateModified":"2018-07-22T00:15:32+02:00"},{"@type":"WebSite","@id":"https:\/\/candas365.es\/noticias\/#website","url":"https:\/\/candas365.es\/noticias\/","name":"Cand\u00e1s 365","alternateName":"Cand\u00e1s 365 Noticias","description":"Actualidad desde Carre\u00f1o para el mundo","inLanguage":"es-ES","publisher":{"@id":"https:\/\/candas365.es\/noticias\/#organization"}}]},"og:locale":"es_ES","og:site_name":"Cand\u00e1s 365","og:type":"article","og:title":"Declaran a la lucha libre patrimonio cultural de la Ciudad de M\u00e9xico | Cand\u00e1s 365","og:description":"Ciudad de M\u00e9xico, 21 jul (dpa) - El Gobierno de la Ciudad de M\u00e9xico declar\u00f3 hoy como patrimonio cultural intangible de esa urbe a la lucha libre, un deporte que forma parte de la tradici\u00f3n e identidad de M\u00e9xico. &quot;Si nosotros pregunt\u00e1ramos a quienes nos vienen a visitar a qu\u00e9 vienen a esta ciudad, muchos","og:url":"https:\/\/candas365.es\/noticias\/declaran-a-la-lucha-libre-patrimonio-cultural-de-la-ciudad-de-mexico\/","og:image":"https:\/\/candas365.es\/noticias\/wp-content\/uploads\/2018\/07\/wrestling-432393_960_720.jpg","og:image:secure_url":"https:\/\/candas365.es\/noticias\/wp-content\/uploads\/2018\/07\/wrestling-432393_960_720.jpg","og:image:width":960,"og:image:height":720,"article:published_time":"2018-07-21T22:28:38+00:00","article:modified_time":"2018-07-22T00:15:32+00:00","article:publisher":"https:\/\/www.facebook.com\/Nachofdezber","article:author":"https:\/\/www.facebook.com\/carrenoactualidad","twitter:card":"summary_large_image","twitter:site":"@NabercoDigital","twitter:title":"Declaran a la lucha libre patrimonio cultural de la Ciudad de M\u00e9xico | Cand\u00e1s 365","twitter:description":"Ciudad de M\u00e9xico, 21 jul (dpa) - El Gobierno de la Ciudad de M\u00e9xico declar\u00f3 hoy como patrimonio cultural intangible de esa urbe a la lucha libre, un deporte que forma parte de la tradici\u00f3n e identidad de M\u00e9xico. &quot;Si nosotros pregunt\u00e1ramos a quienes nos vienen a visitar a qu\u00e9 vienen a esta ciudad, muchos","twitter:creator":"@nbasturias","twitter:image":"https:\/\/candas365.es\/noticias\/wp-content\/uploads\/2018\/07\/wrestling-432393_960_720.jpg","twitter:label1":"Escrito por","twitter:data1":"Cand\u00e1s 365","twitter:label2":"Tiempo de lectura estimado","twitter:data2":"2 minutos"},"aioseo_meta_data":{"post_id":"100893","title":null,"description":null,"keywords":null,"keyphrases":null,"primary_term":null,"canonical_url":null,"og_title":null,"og_description":null,"og_object_type":"default","og_image_type":"default","og_image_url":null,"og_image_width":null,"og_image_height":null,"og_image_custom_url":null,"og_image_custom_fields":null,"og_video":null,"og_custom_url":null,"og_article_section":null,"og_article_tags":null,"twitter_use_og":false,"twitter_card":"default","twitter_image_type":"default","twitter_image_url":null,"twitter_image_custom_url":null,"twitter_image_custom_fields":null,"twitter_title":null,"twitter_description":null,"schema":{"blockGraphs":[],"customGraphs":[],"default":{"data":{"Article":[],"Course":[],"Dataset":[],"FAQPage":[],"Movie":[],"Person":[],"Product":[],"ProductReview":[],"Car":[],"Recipe":[],"Service":[],"SoftwareApplication":[],"WebPage":[]},"graphName":"","isEnabled":true},"graphs":[]},"schema_type":null,"schema_type_options":null,"pillar_content":false,"robots_default":true,"robots_noindex":false,"robots_noarchive":false,"robots_nosnippet":false,"robots_nofollow":false,"robots_noimageindex":false,"robots_noodp":false,"robots_notranslate":false,"robots_max_snippet":null,"robots_max_videopreview":null,"robots_max_imagepreview":"large","priority":null,"frequency":null,"location":null,"local_seo":null,"seo_analyzer_scan_date":"2025-08-27 10:04:12","breadcrumb_settings":null,"limit_modified_date":false,"reviewed_by":null,"open_ai":null,"ai":null,"created":"2020-12-21 11:48:23","updated":"2025-08-27 10:04:12"},"aioseo_breadcrumb":"<div class=\"aioseo-breadcrumbs\"><span class=\"aioseo-breadcrumb\">\n\t<a href=\"https:\/\/candas365.es\/noticias\" title=\"Home\">Home<\/a>\n<\/span><span class=\"aioseo-breadcrumb-separator\">&ndash;<\/span><span class=\"aioseo-breadcrumb\">\n\t<a href=\"https:\/\/candas365.es\/noticias\/category\/revista\/\" title=\"Revista\">Revista<\/a>\n<\/span><span class=\"aioseo-breadcrumb-separator\">&ndash;<\/span><span class=\"aioseo-breadcrumb\">\n\tDeclaran a la lucha libre patrimonio cultural de la Ciudad de M\u00e9xico\n<\/span><\/div>","aioseo_breadcrumb_json":[{"label":"Home","link":"https:\/\/candas365.es\/noticias"},{"label":"Revista","link":"https:\/\/candas365.es\/noticias\/category\/revista\/"},{"label":"Declaran a la lucha libre patrimonio cultural de la Ciudad de M\u00e9xico","link":"https:\/\/candas365.es\/noticias\/declaran-a-la-lucha-libre-patrimonio-cultural-de-la-ciudad-de-mexico\/"}],"_links":{"self":[{"href":"https:\/\/candas365.es\/noticias\/wp-json\/wp\/v2\/posts\/100893","targetHints":{"allow":["GET"]}}],"collection":[{"href":"https:\/\/candas365.es\/noticias\/wp-json\/wp\/v2\/posts"}],"about":[{"href":"https:\/\/candas365.es\/noticias\/wp-json\/wp\/v2\/types\/post"}],"author":[{"embeddable":true,"href":"https:\/\/candas365.es\/noticias\/wp-json\/wp\/v2\/users\/1"}],"replies":[{"embeddable":true,"href":"https:\/\/candas365.es\/noticias\/wp-json\/wp\/v2\/comments?post=100893"}],"version-history":[{"count":0,"href":"https:\/\/candas365.es\/noticias\/wp-json\/wp\/v2\/posts\/100893\/revisions"}],"wp:featuredmedia":[{"embeddable":true,"href":"https:\/\/candas365.es\/noticias\/wp-json\/wp\/v2\/media\/100894"}],"wp:attachment":[{"href":"https:\/\/candas365.es\/noticias\/wp-json\/wp\/v2\/media?parent=100893"}],"wp:term":[{"taxonomy":"category","embeddable":true,"href":"https:\/\/candas365.es\/noticias\/wp-json\/wp\/v2\/categories?post=100893"},{"taxonomy":"post_tag","embeddable":true,"href":"https:\/\/candas365.es\/noticias\/wp-json\/wp\/v2\/tags?post=100893"}],"curies":[{"name":"wp","href":"https:\/\/api.w.org\/{rel}","templated":true}]}}