{"id":100860,"date":"2018-07-21T19:37:13","date_gmt":"2018-07-21T19:37:13","guid":{"rendered":"http:\/\/candas365.es\/noticias\/?p=100860"},"modified":"2018-07-21T19:37:13","modified_gmt":"2018-07-21T19:37:13","slug":"prision-provisional-para-el-atacante-con-cuchillo-en-un-bus-en-alemania","status":"publish","type":"post","link":"https:\/\/candas365.es\/noticias\/prision-provisional-para-el-atacante-con-cuchillo-en-un-bus-en-alemania\/","title":{"rendered":"Prisi\u00f3n provisional para el atacante con cuchillo en un bus en Alemania"},"content":{"rendered":"<p><img fetchpriority=\"high\" decoding=\"async\" class=\"alignleft size-medium wp-image-83818\" src=\"https:\/\/candas365.es\/noticias\/wp-content\/uploads\/2017\/11\/juzgado-360x270.jpg\" alt=\"\" width=\"360\" height=\"270\" srcset=\"https:\/\/candas365.es\/noticias\/wp-content\/uploads\/2017\/11\/juzgado.jpg 360w, https:\/\/candas365.es\/noticias\/wp-content\/uploads\/2017\/11\/juzgado-80x60.jpg 80w, https:\/\/candas365.es\/noticias\/wp-content\/uploads\/2017\/11\/juzgado-265x198.jpg 265w, https:\/\/candas365.es\/noticias\/wp-content\/uploads\/2017\/11\/juzgado-90x67.jpg 90w\" sizes=\"(max-width: 360px) 100vw, 360px\" \/>L\u00fcbeck (Alemania), 21 jul (dpa) &#8211; Un tribunal del norte de Alemania dict\u00f3 hoy una orden de detenci\u00f3n provisional para el hombre que este viernes atac\u00f3 con un cuchillo a los pasajeros de un autob\u00fas en la ciudad de L\u00fcbeck, causando una decena de heridos, informaron las autoridades.<\/p>\n<p>Los jueces accedieron a la petici\u00f3n de la Fiscal\u00eda que solicitaba el ingreso en prisi\u00f3n del agresor, de 34 a\u00f1os y nacido en Ir\u00e1n aunque con nacionalidad alemana, por los cargos de intento de asesinato, lesiones corporales graves e intento de incendio intencionado.<\/p>\n<p>El acusado, que compareci\u00f3 en la ma\u00f1ana de hoy ante el juez, guard\u00f3 silencio en todo momento respecto de los delitos que se le imputan, as\u00ed como de los motivos que lo habr\u00edan llevado a perpetrar un ataque con cuchillo contra los pasajeros de un autob\u00fas.<\/p>\n<p>Tres de las v\u00edctimas presentan heridas graves, indicaron las mismas fuentes. A\u00fan se desconocen los motivos del ataque pero las fuerzas de seguridad contemplan todas las posibilidades. Por el momento no se puede descartar una motivaci\u00f3n terrorista, indic\u00f3 el ministro del Interior de la regi\u00f3n de Schleswig-Holstein, a la que pertenece L\u00fcbeck, el conservador Hans-Joachim Grote.<\/p>\n<p>El autob\u00fas se dirig\u00eda de L\u00fcbeck al balneario de Travem\u00fcnde, junto al mar B\u00e1ltico, donde este viernes precisamente se inauguraba un festival anual de vela.<\/p>\n<p>Testigos del hecho que cita el diario local \u00abL\u00fcbecker Nachrichten\u00bb se\u00f1alaron que el autob\u00fas iba lleno de pasajeros cuando uno de ellos repentinamente tir\u00f3 su mochila al suelo, sac\u00f3 un cuchillo o un objeto punzante y comenz\u00f3 a atacar a mansalva.<\/p>\n<p>El conductor fren\u00f3 inmediatamente y abri\u00f3 las puertas para que la gente pudiera huir. Artificieros de la Polic\u00eda llegaron al lugar para revisar la mochila humeante que el agresor hab\u00eda dejado en el autob\u00fas.<\/p>\n<p>Seg\u00fan Grote, los primeros an\u00e1lisis arrojaron que se trataba de una sustancia inflamable, pero no de un explosivo.<\/p>\n","protected":false},"excerpt":{"rendered":"<p>L\u00fcbeck (Alemania), 21 jul (dpa) &#8211; Un tribunal del norte de Alemania dict\u00f3 hoy una orden de detenci\u00f3n provisional para el hombre que este viernes atac\u00f3 con un cuchillo a los pasajeros de un autob\u00fas en la ciudad de L\u00fcbeck, causando una decena de heridos, informaron las autoridades. Los jueces accedieron a la petici\u00f3n de<\/p>\n","protected":false},"author":1,"featured_media":83818,"comment_status":"closed","ping_status":"closed","sticky":false,"template":"","format":"standard","meta":{"footnotes":""},"categories":[343],"tags":[],"class_list":{"0":"post-100860","1":"post","2":"type-post","3":"status-publish","4":"format-standard","5":"has-post-thumbnail","7":"category-actualidad"},"aioseo_notices":[],"aioseo_head":"\n\t\t<!-- All in One SEO Pro 4.9.6.2 - aioseo.com -->\n\t<meta name=\"description\" content=\"L\u00fcbeck (Alemania), 21 jul (dpa) - Un tribunal del norte de Alemania dict\u00f3 hoy una orden de detenci\u00f3n provisional para el hombre que este viernes atac\u00f3 con un cuchillo a los pasajeros de un autob\u00fas en la ciudad de L\u00fcbeck, causando una decena de heridos, informaron las autoridades. Los jueces accedieron a la petici\u00f3n de\" \/>\n\t<meta name=\"robots\" content=\"max-image-preview:large\" \/>\n\t<meta name=\"author\" content=\"Cand\u00e1s 365\"\/>\n\t<meta name=\"google-site-verification\" content=\"UA-32230408-1\" \/>\n\t<meta name=\"msvalidate.01\" content=\"354F3CDFB2DA171B47FBE9ABF1F88D5\" \/>\n\t<meta name=\"keywords\" content=\"actualidad\" \/>\n\t<link rel=\"canonical\" href=\"https:\/\/candas365.es\/noticias\/prision-provisional-para-el-atacante-con-cuchillo-en-un-bus-en-alemania\/\" \/>\n\t<meta name=\"generator\" content=\"All in One SEO Pro (AIOSEO) 4.9.6.2\" \/>\n\t\t<meta property=\"og:locale\" content=\"es_ES\" \/>\n\t\t<meta property=\"og:site_name\" content=\"Cand\u00e1s 365\" \/>\n\t\t<meta property=\"og:type\" content=\"article\" \/>\n\t\t<meta property=\"og:title\" content=\"Prisi\u00f3n provisional para el atacante con cuchillo en un bus en Alemania | Cand\u00e1s 365\" \/>\n\t\t<meta property=\"og:description\" content=\"L\u00fcbeck (Alemania), 21 jul (dpa) - Un tribunal del norte de Alemania dict\u00f3 hoy una orden de detenci\u00f3n provisional para el hombre que este viernes atac\u00f3 con un cuchillo a los pasajeros de un autob\u00fas en la ciudad de L\u00fcbeck, causando una decena de heridos, informaron las autoridades. Los jueces accedieron a la petici\u00f3n de\" \/>\n\t\t<meta property=\"og:url\" content=\"https:\/\/candas365.es\/noticias\/prision-provisional-para-el-atacante-con-cuchillo-en-un-bus-en-alemania\/\" \/>\n\t\t<meta property=\"og:image\" content=\"https:\/\/candas365.es\/noticias\/wp-content\/uploads\/2017\/11\/juzgado.jpg\" \/>\n\t\t<meta property=\"og:image:secure_url\" content=\"https:\/\/candas365.es\/noticias\/wp-content\/uploads\/2017\/11\/juzgado.jpg\" \/>\n\t\t<meta property=\"og:image:width\" content=\"360\" \/>\n\t\t<meta property=\"og:image:height\" content=\"270\" \/>\n\t\t<meta property=\"article:published_time\" content=\"2018-07-21T19:37:13+00:00\" \/>\n\t\t<meta property=\"article:modified_time\" content=\"2018-07-21T19:37:13+00:00\" \/>\n\t\t<meta property=\"article:publisher\" content=\"https:\/\/www.facebook.com\/Nachofdezber\" \/>\n\t\t<meta property=\"article:author\" content=\"https:\/\/www.facebook.com\/carrenoactualidad\" \/>\n\t\t<meta name=\"twitter:card\" content=\"summary_large_image\" \/>\n\t\t<meta name=\"twitter:site\" content=\"@NabercoDigital\" \/>\n\t\t<meta name=\"twitter:title\" content=\"Prisi\u00f3n provisional para el atacante con cuchillo en un bus en Alemania | Cand\u00e1s 365\" \/>\n\t\t<meta name=\"twitter:description\" content=\"L\u00fcbeck (Alemania), 21 jul (dpa) - Un tribunal del norte de Alemania dict\u00f3 hoy una orden de detenci\u00f3n provisional para el hombre que este viernes atac\u00f3 con un cuchillo a los pasajeros de un autob\u00fas en la ciudad de L\u00fcbeck, causando una decena de heridos, informaron las autoridades. Los jueces accedieron a la petici\u00f3n de\" \/>\n\t\t<meta name=\"twitter:creator\" content=\"@nbasturias\" \/>\n\t\t<meta name=\"twitter:image\" content=\"https:\/\/candas365.es\/noticias\/wp-content\/uploads\/2017\/11\/juzgado.jpg\" \/>\n\t\t<meta name=\"twitter:label1\" content=\"Escrito por\" \/>\n\t\t<meta name=\"twitter:data1\" content=\"Cand\u00e1s 365\" \/>\n\t\t<meta name=\"twitter:label2\" content=\"Tiempo de lectura estimado\" \/>\n\t\t<meta name=\"twitter:data2\" content=\"2 minutos\" \/>\n\t\t<script type=\"application\/ld+json\" class=\"aioseo-schema\">\n\t\t\t{\"@context\":\"https:\\\/\\\/schema.org\",\"@graph\":[{\"@type\":\"BreadcrumbList\",\"@id\":\"https:\\\/\\\/candas365.es\\\/noticias\\\/prision-provisional-para-el-atacante-con-cuchillo-en-un-bus-en-alemania\\\/#breadcrumblist\",\"itemListElement\":[{\"@type\":\"ListItem\",\"@id\":\"https:\\\/\\\/candas365.es\\\/noticias#listItem\",\"position\":1,\"name\":\"Home\",\"item\":\"https:\\\/\\\/candas365.es\\\/noticias\",\"nextItem\":{\"@type\":\"ListItem\",\"@id\":\"https:\\\/\\\/candas365.es\\\/noticias\\\/category\\\/actualidad\\\/#listItem\",\"name\":\"Actualidad\"}},{\"@type\":\"ListItem\",\"@id\":\"https:\\\/\\\/candas365.es\\\/noticias\\\/category\\\/actualidad\\\/#listItem\",\"position\":2,\"name\":\"Actualidad\",\"item\":\"https:\\\/\\\/candas365.es\\\/noticias\\\/category\\\/actualidad\\\/\",\"nextItem\":{\"@type\":\"ListItem\",\"@id\":\"https:\\\/\\\/candas365.es\\\/noticias\\\/prision-provisional-para-el-atacante-con-cuchillo-en-un-bus-en-alemania\\\/#listItem\",\"name\":\"Prisi\\u00f3n provisional para el atacante con cuchillo en un bus en Alemania\"},\"previousItem\":{\"@type\":\"ListItem\",\"@id\":\"https:\\\/\\\/candas365.es\\\/noticias#listItem\",\"name\":\"Home\"}},{\"@type\":\"ListItem\",\"@id\":\"https:\\\/\\\/candas365.es\\\/noticias\\\/prision-provisional-para-el-atacante-con-cuchillo-en-un-bus-en-alemania\\\/#listItem\",\"position\":3,\"name\":\"Prisi\\u00f3n provisional para el atacante con cuchillo en un bus en Alemania\",\"previousItem\":{\"@type\":\"ListItem\",\"@id\":\"https:\\\/\\\/candas365.es\\\/noticias\\\/category\\\/actualidad\\\/#listItem\",\"name\":\"Actualidad\"}}]},{\"@type\":\"NewsArticle\",\"@id\":\"https:\\\/\\\/candas365.es\\\/noticias\\\/prision-provisional-para-el-atacante-con-cuchillo-en-un-bus-en-alemania\\\/#newsarticle\",\"name\":\"Prisi\\u00f3n provisional para el atacante con cuchillo en un bus en Alemania | Cand\\u00e1s 365\",\"headline\":\"Prisi\\u00f3n provisional para el atacante con cuchillo en un bus en Alemania\",\"author\":{\"@id\":\"https:\\\/\\\/candas365.es\\\/noticias\\\/author\\\/admin\\\/#author\"},\"publisher\":{\"@id\":\"https:\\\/\\\/candas365.es\\\/noticias\\\/#organization\"},\"image\":{\"@type\":\"ImageObject\",\"url\":\"https:\\\/\\\/candas365.es\\\/noticias\\\/wp-content\\\/uploads\\\/2017\\\/11\\\/juzgado.jpg\",\"width\":360,\"height\":270},\"datePublished\":\"2018-07-21T19:37:13+02:00\",\"dateModified\":\"2018-07-21T19:37:13+02:00\",\"inLanguage\":\"es-ES\",\"mainEntityOfPage\":{\"@id\":\"https:\\\/\\\/candas365.es\\\/noticias\\\/prision-provisional-para-el-atacante-con-cuchillo-en-un-bus-en-alemania\\\/#webpage\"},\"isPartOf\":{\"@id\":\"https:\\\/\\\/candas365.es\\\/noticias\\\/prision-provisional-para-el-atacante-con-cuchillo-en-un-bus-en-alemania\\\/#webpage\"},\"articleSection\":\"Actualidad\",\"dateline\":\"Publicado el julio 21, 2018.\"},{\"@type\":\"Organization\",\"@id\":\"https:\\\/\\\/candas365.es\\\/noticias\\\/#organization\",\"name\":\"Cand\\u00e1s 365\",\"description\":\"Cand\\u00e1s 365 es un diario digital independiente, fundado en 2012, con base en Asturias. Informamos con rigor sobre actualidad, sociedad, cultura y ocio, con una mirada local y global.\",\"url\":\"https:\\\/\\\/candas365.es\\\/noticias\\\/\",\"email\":\"info@candas365.es\",\"telephone\":\"+34652131393\",\"foundingDate\":\"2012-06-10\",\"logo\":{\"@type\":\"ImageObject\",\"url\":\"https:\\\/\\\/candas365.es\\\/noticias\\\/wp-content\\\/uploads\\\/2024\\\/09\\\/Candas-365-Redes.jpg\",\"@id\":\"https:\\\/\\\/candas365.es\\\/noticias\\\/prision-provisional-para-el-atacante-con-cuchillo-en-un-bus-en-alemania\\\/#organizationLogo\",\"width\":1152,\"height\":864,\"caption\":\"Cand\\u00e1s 365 Redes\"},\"image\":{\"@id\":\"https:\\\/\\\/candas365.es\\\/noticias\\\/prision-provisional-para-el-atacante-con-cuchillo-en-un-bus-en-alemania\\\/#organizationLogo\"},\"sameAs\":[\"https:\\\/\\\/www.facebook.com\\\/Nachofdezber\",\"https:\\\/\\\/x.com\\\/NabercoDigital\",\"https:\\\/\\\/www.instagram.com\\\/nachofdezber\\\/\",\"https:\\\/\\\/www.youtube.com\\\/channel\\\/UCZP-2wLEB9Rv6erhFmqVnvg\"],\"address\":{\"@id\":\"https:\\\/\\\/candas365.es\\\/noticias\\\/#postaladdress\",\"@type\":\"PostalAddress\",\"streetAddress\":\"san antonio 4, san antonio 4\",\"postalCode\":\"33430\",\"addressLocality\":\"Cand\\u00e1s\",\"addressRegion\":\"Asturias\",\"addressCountry\":\"ES\"}},{\"@type\":\"Person\",\"@id\":\"https:\\\/\\\/candas365.es\\\/noticias\\\/author\\\/admin\\\/#author\",\"url\":\"https:\\\/\\\/candas365.es\\\/noticias\\\/author\\\/admin\\\/\",\"name\":\"Cand\\u00e1s 365\",\"image\":{\"@type\":\"ImageObject\",\"@id\":\"https:\\\/\\\/candas365.es\\\/noticias\\\/prision-provisional-para-el-atacante-con-cuchillo-en-un-bus-en-alemania\\\/#authorImage\",\"url\":\"https:\\\/\\\/secure.gravatar.com\\\/avatar\\\/496a8e03d0c493ede1718b7934145dbdf8d89be1036b0eec9544e1094c9de390?s=96&d=mm&r=g\",\"width\":96,\"height\":96,\"caption\":\"Cand\\u00e1s 365\"},\"sameAs\":[\"https:\\\/\\\/www.facebook.com\\\/carrenoactualidad\",\"https:\\\/\\\/twitter.com\\\/nbasturias\",\"https:\\\/\\\/www.instagram.com\\\/nachofdezber\\\/\",\"https:\\\/\\\/www.youtube.com\\\/channel\\\/UCZP-2wLEB9Rv6erhFmqVnvg\"]},{\"@type\":\"WebPage\",\"@id\":\"https:\\\/\\\/candas365.es\\\/noticias\\\/prision-provisional-para-el-atacante-con-cuchillo-en-un-bus-en-alemania\\\/#webpage\",\"url\":\"https:\\\/\\\/candas365.es\\\/noticias\\\/prision-provisional-para-el-atacante-con-cuchillo-en-un-bus-en-alemania\\\/\",\"name\":\"Prisi\\u00f3n provisional para el atacante con cuchillo en un bus en Alemania | Cand\\u00e1s 365\",\"description\":\"L\\u00fcbeck (Alemania), 21 jul (dpa) - Un tribunal del norte de Alemania dict\\u00f3 hoy una orden de detenci\\u00f3n provisional para el hombre que este viernes atac\\u00f3 con un cuchillo a los pasajeros de un autob\\u00fas en la ciudad de L\\u00fcbeck, causando una decena de heridos, informaron las autoridades. Los jueces accedieron a la petici\\u00f3n de\",\"inLanguage\":\"es-ES\",\"isPartOf\":{\"@id\":\"https:\\\/\\\/candas365.es\\\/noticias\\\/#website\"},\"breadcrumb\":{\"@id\":\"https:\\\/\\\/candas365.es\\\/noticias\\\/prision-provisional-para-el-atacante-con-cuchillo-en-un-bus-en-alemania\\\/#breadcrumblist\"},\"author\":{\"@id\":\"https:\\\/\\\/candas365.es\\\/noticias\\\/author\\\/admin\\\/#author\"},\"creator\":{\"@id\":\"https:\\\/\\\/candas365.es\\\/noticias\\\/author\\\/admin\\\/#author\"},\"image\":{\"@type\":\"ImageObject\",\"url\":\"https:\\\/\\\/candas365.es\\\/noticias\\\/wp-content\\\/uploads\\\/2017\\\/11\\\/juzgado.jpg\",\"@id\":\"https:\\\/\\\/candas365.es\\\/noticias\\\/prision-provisional-para-el-atacante-con-cuchillo-en-un-bus-en-alemania\\\/#mainImage\",\"width\":360,\"height\":270},\"primaryImageOfPage\":{\"@id\":\"https:\\\/\\\/candas365.es\\\/noticias\\\/prision-provisional-para-el-atacante-con-cuchillo-en-un-bus-en-alemania\\\/#mainImage\"},\"datePublished\":\"2018-07-21T19:37:13+02:00\",\"dateModified\":\"2018-07-21T19:37:13+02:00\"},{\"@type\":\"WebSite\",\"@id\":\"https:\\\/\\\/candas365.es\\\/noticias\\\/#website\",\"url\":\"https:\\\/\\\/candas365.es\\\/noticias\\\/\",\"name\":\"Cand\\u00e1s 365\",\"alternateName\":\"Cand\\u00e1s 365 Noticias\",\"description\":\"Actualidad desde Carre\\u00f1o para el mundo\",\"inLanguage\":\"es-ES\",\"publisher\":{\"@id\":\"https:\\\/\\\/candas365.es\\\/noticias\\\/#organization\"}}]}\n\t\t<\/script>\n\t\t<!-- All in One SEO Pro -->\r\n\t\t<title>Prisi\u00f3n provisional para el atacante con cuchillo en un bus en Alemania | Cand\u00e1s 365<\/title>\n\n","aioseo_head_json":{"title":"Prisi\u00f3n provisional para el atacante con cuchillo en un bus en Alemania | Cand\u00e1s 365","description":"L\u00fcbeck (Alemania), 21 jul (dpa) - Un tribunal del norte de Alemania dict\u00f3 hoy una orden de detenci\u00f3n provisional para el hombre que este viernes atac\u00f3 con un cuchillo a los pasajeros de un autob\u00fas en la ciudad de L\u00fcbeck, causando una decena de heridos, informaron las autoridades. Los jueces accedieron a la petici\u00f3n de","canonical_url":"https:\/\/candas365.es\/noticias\/prision-provisional-para-el-atacante-con-cuchillo-en-un-bus-en-alemania\/","robots":"max-image-preview:large","keywords":"actualidad","webmasterTools":{"google-site-verification":"UA-32230408-1","msvalidate.01":"354F3CDFB2DA171B47FBE9ABF1F88D5","miscellaneous":""},"schema":{"@context":"https:\/\/schema.org","@graph":[{"@type":"BreadcrumbList","@id":"https:\/\/candas365.es\/noticias\/prision-provisional-para-el-atacante-con-cuchillo-en-un-bus-en-alemania\/#breadcrumblist","itemListElement":[{"@type":"ListItem","@id":"https:\/\/candas365.es\/noticias#listItem","position":1,"name":"Home","item":"https:\/\/candas365.es\/noticias","nextItem":{"@type":"ListItem","@id":"https:\/\/candas365.es\/noticias\/category\/actualidad\/#listItem","name":"Actualidad"}},{"@type":"ListItem","@id":"https:\/\/candas365.es\/noticias\/category\/actualidad\/#listItem","position":2,"name":"Actualidad","item":"https:\/\/candas365.es\/noticias\/category\/actualidad\/","nextItem":{"@type":"ListItem","@id":"https:\/\/candas365.es\/noticias\/prision-provisional-para-el-atacante-con-cuchillo-en-un-bus-en-alemania\/#listItem","name":"Prisi\u00f3n provisional para el atacante con cuchillo en un bus en Alemania"},"previousItem":{"@type":"ListItem","@id":"https:\/\/candas365.es\/noticias#listItem","name":"Home"}},{"@type":"ListItem","@id":"https:\/\/candas365.es\/noticias\/prision-provisional-para-el-atacante-con-cuchillo-en-un-bus-en-alemania\/#listItem","position":3,"name":"Prisi\u00f3n provisional para el atacante con cuchillo en un bus en Alemania","previousItem":{"@type":"ListItem","@id":"https:\/\/candas365.es\/noticias\/category\/actualidad\/#listItem","name":"Actualidad"}}]},{"@type":"NewsArticle","@id":"https:\/\/candas365.es\/noticias\/prision-provisional-para-el-atacante-con-cuchillo-en-un-bus-en-alemania\/#newsarticle","name":"Prisi\u00f3n provisional para el atacante con cuchillo en un bus en Alemania | Cand\u00e1s 365","headline":"Prisi\u00f3n provisional para el atacante con cuchillo en un bus en Alemania","author":{"@id":"https:\/\/candas365.es\/noticias\/author\/admin\/#author"},"publisher":{"@id":"https:\/\/candas365.es\/noticias\/#organization"},"image":{"@type":"ImageObject","url":"https:\/\/candas365.es\/noticias\/wp-content\/uploads\/2017\/11\/juzgado.jpg","width":360,"height":270},"datePublished":"2018-07-21T19:37:13+02:00","dateModified":"2018-07-21T19:37:13+02:00","inLanguage":"es-ES","mainEntityOfPage":{"@id":"https:\/\/candas365.es\/noticias\/prision-provisional-para-el-atacante-con-cuchillo-en-un-bus-en-alemania\/#webpage"},"isPartOf":{"@id":"https:\/\/candas365.es\/noticias\/prision-provisional-para-el-atacante-con-cuchillo-en-un-bus-en-alemania\/#webpage"},"articleSection":"Actualidad","dateline":"Publicado el julio 21, 2018."},{"@type":"Organization","@id":"https:\/\/candas365.es\/noticias\/#organization","name":"Cand\u00e1s 365","description":"Cand\u00e1s 365 es un diario digital independiente, fundado en 2012, con base en Asturias. Informamos con rigor sobre actualidad, sociedad, cultura y ocio, con una mirada local y global.","url":"https:\/\/candas365.es\/noticias\/","email":"info@candas365.es","telephone":"+34652131393","foundingDate":"2012-06-10","logo":{"@type":"ImageObject","url":"https:\/\/candas365.es\/noticias\/wp-content\/uploads\/2024\/09\/Candas-365-Redes.jpg","@id":"https:\/\/candas365.es\/noticias\/prision-provisional-para-el-atacante-con-cuchillo-en-un-bus-en-alemania\/#organizationLogo","width":1152,"height":864,"caption":"Cand\u00e1s 365 Redes"},"image":{"@id":"https:\/\/candas365.es\/noticias\/prision-provisional-para-el-atacante-con-cuchillo-en-un-bus-en-alemania\/#organizationLogo"},"sameAs":["https:\/\/www.facebook.com\/Nachofdezber","https:\/\/x.com\/NabercoDigital","https:\/\/www.instagram.com\/nachofdezber\/","https:\/\/www.youtube.com\/channel\/UCZP-2wLEB9Rv6erhFmqVnvg"],"address":{"@id":"https:\/\/candas365.es\/noticias\/#postaladdress","@type":"PostalAddress","streetAddress":"san antonio 4, san antonio 4","postalCode":"33430","addressLocality":"Cand\u00e1s","addressRegion":"Asturias","addressCountry":"ES"}},{"@type":"Person","@id":"https:\/\/candas365.es\/noticias\/author\/admin\/#author","url":"https:\/\/candas365.es\/noticias\/author\/admin\/","name":"Cand\u00e1s 365","image":{"@type":"ImageObject","@id":"https:\/\/candas365.es\/noticias\/prision-provisional-para-el-atacante-con-cuchillo-en-un-bus-en-alemania\/#authorImage","url":"https:\/\/secure.gravatar.com\/avatar\/496a8e03d0c493ede1718b7934145dbdf8d89be1036b0eec9544e1094c9de390?s=96&d=mm&r=g","width":96,"height":96,"caption":"Cand\u00e1s 365"},"sameAs":["https:\/\/www.facebook.com\/carrenoactualidad","https:\/\/twitter.com\/nbasturias","https:\/\/www.instagram.com\/nachofdezber\/","https:\/\/www.youtube.com\/channel\/UCZP-2wLEB9Rv6erhFmqVnvg"]},{"@type":"WebPage","@id":"https:\/\/candas365.es\/noticias\/prision-provisional-para-el-atacante-con-cuchillo-en-un-bus-en-alemania\/#webpage","url":"https:\/\/candas365.es\/noticias\/prision-provisional-para-el-atacante-con-cuchillo-en-un-bus-en-alemania\/","name":"Prisi\u00f3n provisional para el atacante con cuchillo en un bus en Alemania | Cand\u00e1s 365","description":"L\u00fcbeck (Alemania), 21 jul (dpa) - Un tribunal del norte de Alemania dict\u00f3 hoy una orden de detenci\u00f3n provisional para el hombre que este viernes atac\u00f3 con un cuchillo a los pasajeros de un autob\u00fas en la ciudad de L\u00fcbeck, causando una decena de heridos, informaron las autoridades. Los jueces accedieron a la petici\u00f3n de","inLanguage":"es-ES","isPartOf":{"@id":"https:\/\/candas365.es\/noticias\/#website"},"breadcrumb":{"@id":"https:\/\/candas365.es\/noticias\/prision-provisional-para-el-atacante-con-cuchillo-en-un-bus-en-alemania\/#breadcrumblist"},"author":{"@id":"https:\/\/candas365.es\/noticias\/author\/admin\/#author"},"creator":{"@id":"https:\/\/candas365.es\/noticias\/author\/admin\/#author"},"image":{"@type":"ImageObject","url":"https:\/\/candas365.es\/noticias\/wp-content\/uploads\/2017\/11\/juzgado.jpg","@id":"https:\/\/candas365.es\/noticias\/prision-provisional-para-el-atacante-con-cuchillo-en-un-bus-en-alemania\/#mainImage","width":360,"height":270},"primaryImageOfPage":{"@id":"https:\/\/candas365.es\/noticias\/prision-provisional-para-el-atacante-con-cuchillo-en-un-bus-en-alemania\/#mainImage"},"datePublished":"2018-07-21T19:37:13+02:00","dateModified":"2018-07-21T19:37:13+02:00"},{"@type":"WebSite","@id":"https:\/\/candas365.es\/noticias\/#website","url":"https:\/\/candas365.es\/noticias\/","name":"Cand\u00e1s 365","alternateName":"Cand\u00e1s 365 Noticias","description":"Actualidad desde Carre\u00f1o para el mundo","inLanguage":"es-ES","publisher":{"@id":"https:\/\/candas365.es\/noticias\/#organization"}}]},"og:locale":"es_ES","og:site_name":"Cand\u00e1s 365","og:type":"article","og:title":"Prisi\u00f3n provisional para el atacante con cuchillo en un bus en Alemania | Cand\u00e1s 365","og:description":"L\u00fcbeck (Alemania), 21 jul (dpa) - Un tribunal del norte de Alemania dict\u00f3 hoy una orden de detenci\u00f3n provisional para el hombre que este viernes atac\u00f3 con un cuchillo a los pasajeros de un autob\u00fas en la ciudad de L\u00fcbeck, causando una decena de heridos, informaron las autoridades. Los jueces accedieron a la petici\u00f3n de","og:url":"https:\/\/candas365.es\/noticias\/prision-provisional-para-el-atacante-con-cuchillo-en-un-bus-en-alemania\/","og:image":"https:\/\/candas365.es\/noticias\/wp-content\/uploads\/2017\/11\/juzgado.jpg","og:image:secure_url":"https:\/\/candas365.es\/noticias\/wp-content\/uploads\/2017\/11\/juzgado.jpg","og:image:width":360,"og:image:height":270,"article:published_time":"2018-07-21T19:37:13+00:00","article:modified_time":"2018-07-21T19:37:13+00:00","article:publisher":"https:\/\/www.facebook.com\/Nachofdezber","article:author":"https:\/\/www.facebook.com\/carrenoactualidad","twitter:card":"summary_large_image","twitter:site":"@NabercoDigital","twitter:title":"Prisi\u00f3n provisional para el atacante con cuchillo en un bus en Alemania | Cand\u00e1s 365","twitter:description":"L\u00fcbeck (Alemania), 21 jul (dpa) - Un tribunal del norte de Alemania dict\u00f3 hoy una orden de detenci\u00f3n provisional para el hombre que este viernes atac\u00f3 con un cuchillo a los pasajeros de un autob\u00fas en la ciudad de L\u00fcbeck, causando una decena de heridos, informaron las autoridades. Los jueces accedieron a la petici\u00f3n de","twitter:creator":"@nbasturias","twitter:image":"https:\/\/candas365.es\/noticias\/wp-content\/uploads\/2017\/11\/juzgado.jpg","twitter:label1":"Escrito por","twitter:data1":"Cand\u00e1s 365","twitter:label2":"Tiempo de lectura estimado","twitter:data2":"2 minutos"},"aioseo_meta_data":{"post_id":"100860","title":null,"description":null,"keywords":null,"keyphrases":null,"primary_term":null,"canonical_url":null,"og_title":null,"og_description":null,"og_object_type":"default","og_image_type":"default","og_image_url":null,"og_image_width":null,"og_image_height":null,"og_image_custom_url":null,"og_image_custom_fields":null,"og_video":null,"og_custom_url":null,"og_article_section":null,"og_article_tags":null,"twitter_use_og":false,"twitter_card":"default","twitter_image_type":"default","twitter_image_url":null,"twitter_image_custom_url":null,"twitter_image_custom_fields":null,"twitter_title":null,"twitter_description":null,"schema":{"blockGraphs":[],"customGraphs":[],"default":{"data":{"Article":[],"Course":[],"Dataset":[],"FAQPage":[],"Movie":[],"Person":[],"Product":[],"ProductReview":[],"Car":[],"Recipe":[],"Service":[],"SoftwareApplication":[],"WebPage":[]},"graphName":"","isEnabled":true},"graphs":[],"defaultGraph":"","defaultPostTypeGraph":""},"schema_type":null,"schema_type_options":null,"pillar_content":false,"robots_default":true,"robots_noindex":false,"robots_noarchive":false,"robots_nosnippet":false,"robots_nofollow":false,"robots_noimageindex":false,"robots_noodp":false,"robots_notranslate":false,"robots_max_snippet":null,"robots_max_videopreview":null,"robots_max_imagepreview":"large","priority":null,"frequency":null,"location":null,"local_seo":null,"seo_analyzer_scan_date":"2025-08-27 09:58:10","breadcrumb_settings":null,"limit_modified_date":false,"reviewed_by":null,"open_ai":null,"ai":null,"created":"2020-12-21 11:48:28","updated":"2025-08-27 09:58:10"},"aioseo_breadcrumb":"<div class=\"aioseo-breadcrumbs\"><span class=\"aioseo-breadcrumb\">\n\t<a href=\"https:\/\/candas365.es\/noticias\" title=\"Home\">Home<\/a>\n<\/span><span class=\"aioseo-breadcrumb-separator\">&ndash;<\/span><span class=\"aioseo-breadcrumb\">\n\t<a href=\"https:\/\/candas365.es\/noticias\/category\/actualidad\/\" title=\"Actualidad\">Actualidad<\/a>\n<\/span><span class=\"aioseo-breadcrumb-separator\">&ndash;<\/span><span class=\"aioseo-breadcrumb\">\n\tPrisi\u00f3n provisional para el atacante con cuchillo en un bus en Alemania\n<\/span><\/div>","aioseo_breadcrumb_json":[{"label":"Home","link":"https:\/\/candas365.es\/noticias"},{"label":"Actualidad","link":"https:\/\/candas365.es\/noticias\/category\/actualidad\/"},{"label":"Prisi\u00f3n provisional para el atacante con cuchillo en un bus en Alemania","link":"https:\/\/candas365.es\/noticias\/prision-provisional-para-el-atacante-con-cuchillo-en-un-bus-en-alemania\/"}],"_links":{"self":[{"href":"https:\/\/candas365.es\/noticias\/wp-json\/wp\/v2\/posts\/100860","targetHints":{"allow":["GET"]}}],"collection":[{"href":"https:\/\/candas365.es\/noticias\/wp-json\/wp\/v2\/posts"}],"about":[{"href":"https:\/\/candas365.es\/noticias\/wp-json\/wp\/v2\/types\/post"}],"author":[{"embeddable":true,"href":"https:\/\/candas365.es\/noticias\/wp-json\/wp\/v2\/users\/1"}],"replies":[{"embeddable":true,"href":"https:\/\/candas365.es\/noticias\/wp-json\/wp\/v2\/comments?post=100860"}],"version-history":[{"count":0,"href":"https:\/\/candas365.es\/noticias\/wp-json\/wp\/v2\/posts\/100860\/revisions"}],"wp:featuredmedia":[{"embeddable":true,"href":"https:\/\/candas365.es\/noticias\/wp-json\/wp\/v2\/media\/83818"}],"wp:attachment":[{"href":"https:\/\/candas365.es\/noticias\/wp-json\/wp\/v2\/media?parent=100860"}],"wp:term":[{"taxonomy":"category","embeddable":true,"href":"https:\/\/candas365.es\/noticias\/wp-json\/wp\/v2\/categories?post=100860"},{"taxonomy":"post_tag","embeddable":true,"href":"https:\/\/candas365.es\/noticias\/wp-json\/wp\/v2\/tags?post=100860"}],"curies":[{"name":"wp","href":"https:\/\/api.w.org\/{rel}","templated":true}]}}