{"id":100853,"date":"2018-07-21T16:48:33","date_gmt":"2018-07-21T16:48:33","guid":{"rendered":"http:\/\/candas365.es\/noticias\/?p=100853"},"modified":"2018-07-21T16:48:33","modified_gmt":"2018-07-21T16:48:33","slug":"presentada-la-campana-voces-contra-las-agresiones-sexuales-en-fiestas-veraniegas","status":"publish","type":"post","link":"https:\/\/candas365.es\/noticias\/presentada-la-campana-voces-contra-las-agresiones-sexuales-en-fiestas-veraniegas\/","title":{"rendered":"Presentada la campa\u00f1a Voces contra las agresiones sexuales en fiestas veraniegas"},"content":{"rendered":"<p><img fetchpriority=\"high\" decoding=\"async\" class=\"alignleft size-medium wp-image-100854\" src=\"https:\/\/candas365.es\/noticias\/wp-content\/uploads\/2018\/07\/Campana-Violencia-Sexual-1-360x270.jpg\" alt=\"\" width=\"360\" height=\"270\" srcset=\"https:\/\/candas365.es\/noticias\/wp-content\/uploads\/2018\/07\/Campana-Violencia-Sexual-1-360x270.jpg 360w, https:\/\/candas365.es\/noticias\/wp-content\/uploads\/2018\/07\/Campana-Violencia-Sexual-1-768x576.jpg 768w, https:\/\/candas365.es\/noticias\/wp-content\/uploads\/2018\/07\/Campana-Violencia-Sexual-1-640x480.jpg 640w, https:\/\/candas365.es\/noticias\/wp-content\/uploads\/2018\/07\/Campana-Violencia-Sexual-1-80x60.jpg 80w, https:\/\/candas365.es\/noticias\/wp-content\/uploads\/2018\/07\/Campana-Violencia-Sexual-1-265x198.jpg 265w, https:\/\/candas365.es\/noticias\/wp-content\/uploads\/2018\/07\/Campana-Violencia-Sexual-1-696x522.jpg 696w, https:\/\/candas365.es\/noticias\/wp-content\/uploads\/2018\/07\/Campana-Violencia-Sexual-1-1068x801.jpg 1068w, https:\/\/candas365.es\/noticias\/wp-content\/uploads\/2018\/07\/Campana-Violencia-Sexual-1-560x420.jpg 560w, https:\/\/candas365.es\/noticias\/wp-content\/uploads\/2018\/07\/Campana-Violencia-Sexual-1.jpg 1280w\" sizes=\"(max-width: 360px) 100vw, 360px\" \/>El Gobierno del Principado, la Delegaci\u00f3n del Gobierno y la Federaci\u00f3n Asturiana de Concejos (FACC) han dise\u00f1ado una campa\u00f1a informativa que, bajo el lema Voces contra las agresiones sexuales en fiestas veraniegas, propone una acci\u00f3n conjunta y coordinada de las tres administraciones para responder ante estos casos y garantizar que las mujeres que lo requieran sean atendidas por personal especializado. La finalidad de la iniciativa es realizar una correcta intervenci\u00f3n con la v\u00edctima, sin poner en riesgo su seguridad ni la recogida de pruebas que pueden tener relevancia en un posterior proceso penal.<\/p>\n<p>La campa\u00f1a se desarrollar\u00e1 en un doble plano. Por un lado, se elaborar\u00e1 y difundir\u00e1 material informativo con pautas sencillas de actuaci\u00f3n para personas que presencien una agresi\u00f3n sexual. Esta parte ir\u00e1 dirigida a toda la ciudadan\u00eda y busca concienciar sobre la necesidad de prestar apoyo a las mujeres agredidas y aislar a sus agresores. De esa forma, se crear\u00e1 un clima seguro y colaborativo, lo que reforzar\u00e1 el acceso de las v\u00edctimas a la atenci\u00f3n especializada que requieren.<\/p>\n<p>Por otra parte, se formar\u00e1 a personas y profesionales sin especializaci\u00f3n en este \u00e1mbito en la atenci\u00f3n b\u00e1sica e intervenci\u00f3n en crisis a v\u00edctimas de violencia sexual. Tambi\u00e9n se les informar\u00e1 sobre los mecanismos para derivarlas hacia los profesionales adecuados. Esta parte de la campa\u00f1a va dirigida a voluntarios de protecci\u00f3n civil, polic\u00edas locales, asociaciones vecinales y de festejos, empresas de seguridad privada y otros colectivos, a los que tambi\u00e9n se les orientar\u00e1 sobre los recursos y apoyos disponibles para las v\u00edctimas.<\/p>\n<p><strong>Formaci\u00f3n por especialistas<\/strong><\/p>\n<p>Especialistas en atenci\u00f3n a mujeres v\u00edctimas de violencia sexual de la Administraci\u00f3n auton\u00f3mica y de las fuerzas y cuerpos de seguridad del Estado ser\u00e1n los encargados de impartir la formaci\u00f3n, junto con miembros del Equipo Mujer-Menor de la Guardia Civil y de la Unidad de Familia y Mujer de la Polic\u00eda Nacional.<\/p>\n<p>La sesi\u00f3n formativa se celebrar\u00e1 el pr\u00f3ximo viernes, 27 de julio, en la sede de la FACC y estar\u00e1 dirigida a las personas de apoyo para que puedan ayudar a las v\u00edctimas y conozcan los protocolos de coordinaci\u00f3n entre las fuerzas y cuerpos de seguridad y el sistema sanitario, fundamentales en estas situaciones. Esta iniciativa persigue no s\u00f3lo ofrecer una respuesta r\u00e1pida, sino tambi\u00e9n reforzar la seguridad de las mujeres que han sufrido una agresi\u00f3n, facilitar la atenci\u00f3n conjunta por parte de equipos sanitarios y forenses, la emisi\u00f3n del correspondiente parte de lesiones y la atenci\u00f3n psicosocial y jur\u00eddica proporcionada por otros recursos del Protocolo Interdepartamental de Violencia de G\u00e9nero.<\/p>\n<p>El objetivo fundamental de la campa\u00f1a es mejorar el acceso de las v\u00edctimas a los especialistas, adem\u00e1s de transmitir mensajes que propicien un cambio de actitud en toda la sociedad. De este modo, se persigue erradicar de forma progresiva la violencia contra las mujeres, tanto en las relaciones de pareja como en otros contextos sociales.<\/p>\n<p>La campa\u00f1a continua con la senda iniciada en diciembre de 2017, dentro del Fondo de Agresiones Sexuales, en el que el Gobierno del Principado y el Ejecutivo central colaboran para llevar a cabo acciones preventivas y de atenci\u00f3n a las v\u00edctimas de este tipo de agresiones.<\/p>\n","protected":false},"excerpt":{"rendered":"<p>El Gobierno del Principado, la Delegaci\u00f3n del Gobierno y la Federaci\u00f3n Asturiana de Concejos (FACC) han dise\u00f1ado una campa\u00f1a informativa que, bajo el lema Voces contra las agresiones sexuales en fiestas veraniegas, propone una acci\u00f3n conjunta y coordinada de las tres administraciones para responder ante estos casos y garantizar que las mujeres que lo requieran<\/p>\n","protected":false},"author":1,"featured_media":100854,"comment_status":"closed","ping_status":"closed","sticky":false,"template":"","format":"standard","meta":{"footnotes":""},"categories":[7],"tags":[],"class_list":{"0":"post-100853","1":"post","2":"type-post","3":"status-publish","4":"format-standard","5":"has-post-thumbnail","7":"category-asturias"},"aioseo_notices":[],"aioseo_head":"\n\t\t<!-- All in One SEO Pro 4.9.6.2 - aioseo.com -->\n\t<meta name=\"description\" content=\"El Gobierno del Principado, la Delegaci\u00f3n del Gobierno y la Federaci\u00f3n Asturiana de Concejos (FACC) han dise\u00f1ado una campa\u00f1a informativa que, bajo el lema Voces contra las agresiones sexuales en fiestas veraniegas, propone una acci\u00f3n conjunta y coordinada de las tres administraciones para responder ante estos casos y garantizar que las mujeres que lo requieran\" \/>\n\t<meta name=\"robots\" content=\"max-image-preview:large\" \/>\n\t<meta name=\"author\" content=\"Cand\u00e1s 365\"\/>\n\t<meta name=\"google-site-verification\" content=\"UA-32230408-1\" \/>\n\t<meta name=\"msvalidate.01\" content=\"354F3CDFB2DA171B47FBE9ABF1F88D5\" \/>\n\t<meta name=\"keywords\" content=\"asturias\" \/>\n\t<link rel=\"canonical\" href=\"https:\/\/candas365.es\/noticias\/presentada-la-campana-voces-contra-las-agresiones-sexuales-en-fiestas-veraniegas\/\" \/>\n\t<meta name=\"generator\" content=\"All in One SEO Pro (AIOSEO) 4.9.6.2\" \/>\n\t\t<meta property=\"og:locale\" content=\"es_ES\" \/>\n\t\t<meta property=\"og:site_name\" content=\"Cand\u00e1s 365\" \/>\n\t\t<meta property=\"og:type\" content=\"article\" \/>\n\t\t<meta property=\"og:title\" content=\"Presentada la campa\u00f1a Voces contra las agresiones sexuales en fiestas veraniegas | Cand\u00e1s 365\" \/>\n\t\t<meta property=\"og:description\" content=\"El Gobierno del Principado, la Delegaci\u00f3n del Gobierno y la Federaci\u00f3n Asturiana de Concejos (FACC) han dise\u00f1ado una campa\u00f1a informativa que, bajo el lema Voces contra las agresiones sexuales en fiestas veraniegas, propone una acci\u00f3n conjunta y coordinada de las tres administraciones para responder ante estos casos y garantizar que las mujeres que lo requieran\" \/>\n\t\t<meta property=\"og:url\" content=\"https:\/\/candas365.es\/noticias\/presentada-la-campana-voces-contra-las-agresiones-sexuales-en-fiestas-veraniegas\/\" \/>\n\t\t<meta property=\"og:image\" content=\"https:\/\/candas365.es\/noticias\/wp-content\/uploads\/2018\/07\/Campana-Violencia-Sexual-1.jpg\" \/>\n\t\t<meta property=\"og:image:secure_url\" content=\"https:\/\/candas365.es\/noticias\/wp-content\/uploads\/2018\/07\/Campana-Violencia-Sexual-1.jpg\" \/>\n\t\t<meta property=\"og:image:width\" content=\"1280\" \/>\n\t\t<meta property=\"og:image:height\" content=\"960\" \/>\n\t\t<meta property=\"article:published_time\" content=\"2018-07-21T16:48:33+00:00\" \/>\n\t\t<meta property=\"article:modified_time\" content=\"2018-07-21T16:48:33+00:00\" \/>\n\t\t<meta property=\"article:publisher\" content=\"https:\/\/www.facebook.com\/Nachofdezber\" \/>\n\t\t<meta property=\"article:author\" content=\"https:\/\/www.facebook.com\/carrenoactualidad\" \/>\n\t\t<meta name=\"twitter:card\" content=\"summary_large_image\" \/>\n\t\t<meta name=\"twitter:site\" content=\"@NabercoDigital\" \/>\n\t\t<meta name=\"twitter:title\" content=\"Presentada la campa\u00f1a Voces contra las agresiones sexuales en fiestas veraniegas | Cand\u00e1s 365\" \/>\n\t\t<meta name=\"twitter:description\" content=\"El Gobierno del Principado, la Delegaci\u00f3n del Gobierno y la Federaci\u00f3n Asturiana de Concejos (FACC) han dise\u00f1ado una campa\u00f1a informativa que, bajo el lema Voces contra las agresiones sexuales en fiestas veraniegas, propone una acci\u00f3n conjunta y coordinada de las tres administraciones para responder ante estos casos y garantizar que las mujeres que lo requieran\" \/>\n\t\t<meta name=\"twitter:creator\" content=\"@nbasturias\" \/>\n\t\t<meta name=\"twitter:image\" content=\"https:\/\/candas365.es\/noticias\/wp-content\/uploads\/2018\/07\/Campana-Violencia-Sexual-1.jpg\" \/>\n\t\t<meta name=\"twitter:label1\" content=\"Escrito por\" \/>\n\t\t<meta name=\"twitter:data1\" content=\"Cand\u00e1s 365\" \/>\n\t\t<meta name=\"twitter:label2\" content=\"Tiempo de lectura estimado\" \/>\n\t\t<meta name=\"twitter:data2\" content=\"3 minutos\" \/>\n\t\t<script type=\"application\/ld+json\" class=\"aioseo-schema\">\n\t\t\t{\"@context\":\"https:\\\/\\\/schema.org\",\"@graph\":[{\"@type\":\"BreadcrumbList\",\"@id\":\"https:\\\/\\\/candas365.es\\\/noticias\\\/presentada-la-campana-voces-contra-las-agresiones-sexuales-en-fiestas-veraniegas\\\/#breadcrumblist\",\"itemListElement\":[{\"@type\":\"ListItem\",\"@id\":\"https:\\\/\\\/candas365.es\\\/noticias#listItem\",\"position\":1,\"name\":\"Home\",\"item\":\"https:\\\/\\\/candas365.es\\\/noticias\",\"nextItem\":{\"@type\":\"ListItem\",\"@id\":\"https:\\\/\\\/candas365.es\\\/noticias\\\/category\\\/asturias\\\/#listItem\",\"name\":\"Asturias\"}},{\"@type\":\"ListItem\",\"@id\":\"https:\\\/\\\/candas365.es\\\/noticias\\\/category\\\/asturias\\\/#listItem\",\"position\":2,\"name\":\"Asturias\",\"item\":\"https:\\\/\\\/candas365.es\\\/noticias\\\/category\\\/asturias\\\/\",\"nextItem\":{\"@type\":\"ListItem\",\"@id\":\"https:\\\/\\\/candas365.es\\\/noticias\\\/presentada-la-campana-voces-contra-las-agresiones-sexuales-en-fiestas-veraniegas\\\/#listItem\",\"name\":\"Presentada la campa\\u00f1a Voces contra las agresiones sexuales en fiestas veraniegas\"},\"previousItem\":{\"@type\":\"ListItem\",\"@id\":\"https:\\\/\\\/candas365.es\\\/noticias#listItem\",\"name\":\"Home\"}},{\"@type\":\"ListItem\",\"@id\":\"https:\\\/\\\/candas365.es\\\/noticias\\\/presentada-la-campana-voces-contra-las-agresiones-sexuales-en-fiestas-veraniegas\\\/#listItem\",\"position\":3,\"name\":\"Presentada la campa\\u00f1a Voces contra las agresiones sexuales en fiestas veraniegas\",\"previousItem\":{\"@type\":\"ListItem\",\"@id\":\"https:\\\/\\\/candas365.es\\\/noticias\\\/category\\\/asturias\\\/#listItem\",\"name\":\"Asturias\"}}]},{\"@type\":\"NewsArticle\",\"@id\":\"https:\\\/\\\/candas365.es\\\/noticias\\\/presentada-la-campana-voces-contra-las-agresiones-sexuales-en-fiestas-veraniegas\\\/#newsarticle\",\"name\":\"Presentada la campa\\u00f1a Voces contra las agresiones sexuales en fiestas veraniegas | Cand\\u00e1s 365\",\"headline\":\"Presentada la campa\\u00f1a Voces contra las agresiones sexuales en fiestas veraniegas\",\"author\":{\"@id\":\"https:\\\/\\\/candas365.es\\\/noticias\\\/author\\\/admin\\\/#author\"},\"publisher\":{\"@id\":\"https:\\\/\\\/candas365.es\\\/noticias\\\/#organization\"},\"image\":{\"@type\":\"ImageObject\",\"url\":\"https:\\\/\\\/candas365.es\\\/noticias\\\/wp-content\\\/uploads\\\/2018\\\/07\\\/Campana-Violencia-Sexual-1.jpg\",\"width\":1280,\"height\":960},\"datePublished\":\"2018-07-21T16:48:33+02:00\",\"dateModified\":\"2018-07-21T16:48:33+02:00\",\"inLanguage\":\"es-ES\",\"mainEntityOfPage\":{\"@id\":\"https:\\\/\\\/candas365.es\\\/noticias\\\/presentada-la-campana-voces-contra-las-agresiones-sexuales-en-fiestas-veraniegas\\\/#webpage\"},\"isPartOf\":{\"@id\":\"https:\\\/\\\/candas365.es\\\/noticias\\\/presentada-la-campana-voces-contra-las-agresiones-sexuales-en-fiestas-veraniegas\\\/#webpage\"},\"articleSection\":\"Asturias\",\"dateline\":\"Publicado el julio 21, 2018.\"},{\"@type\":\"Organization\",\"@id\":\"https:\\\/\\\/candas365.es\\\/noticias\\\/#organization\",\"name\":\"Cand\\u00e1s 365\",\"description\":\"Cand\\u00e1s 365 es un diario digital independiente, fundado en 2012, con base en Asturias. Informamos con rigor sobre actualidad, sociedad, cultura y ocio, con una mirada local y global.\",\"url\":\"https:\\\/\\\/candas365.es\\\/noticias\\\/\",\"email\":\"info@candas365.es\",\"telephone\":\"+34652131393\",\"foundingDate\":\"2012-06-10\",\"logo\":{\"@type\":\"ImageObject\",\"url\":\"https:\\\/\\\/candas365.es\\\/noticias\\\/wp-content\\\/uploads\\\/2024\\\/09\\\/Candas-365-Redes.jpg\",\"@id\":\"https:\\\/\\\/candas365.es\\\/noticias\\\/presentada-la-campana-voces-contra-las-agresiones-sexuales-en-fiestas-veraniegas\\\/#organizationLogo\",\"width\":1152,\"height\":864,\"caption\":\"Cand\\u00e1s 365 Redes\"},\"image\":{\"@id\":\"https:\\\/\\\/candas365.es\\\/noticias\\\/presentada-la-campana-voces-contra-las-agresiones-sexuales-en-fiestas-veraniegas\\\/#organizationLogo\"},\"sameAs\":[\"https:\\\/\\\/www.facebook.com\\\/Nachofdezber\",\"https:\\\/\\\/x.com\\\/NabercoDigital\",\"https:\\\/\\\/www.instagram.com\\\/nachofdezber\\\/\",\"https:\\\/\\\/www.youtube.com\\\/channel\\\/UCZP-2wLEB9Rv6erhFmqVnvg\"],\"address\":{\"@id\":\"https:\\\/\\\/candas365.es\\\/noticias\\\/#postaladdress\",\"@type\":\"PostalAddress\",\"streetAddress\":\"san antonio 4, san antonio 4\",\"postalCode\":\"33430\",\"addressLocality\":\"Cand\\u00e1s\",\"addressRegion\":\"Asturias\",\"addressCountry\":\"ES\"}},{\"@type\":\"Person\",\"@id\":\"https:\\\/\\\/candas365.es\\\/noticias\\\/author\\\/admin\\\/#author\",\"url\":\"https:\\\/\\\/candas365.es\\\/noticias\\\/author\\\/admin\\\/\",\"name\":\"Cand\\u00e1s 365\",\"image\":{\"@type\":\"ImageObject\",\"@id\":\"https:\\\/\\\/candas365.es\\\/noticias\\\/presentada-la-campana-voces-contra-las-agresiones-sexuales-en-fiestas-veraniegas\\\/#authorImage\",\"url\":\"https:\\\/\\\/secure.gravatar.com\\\/avatar\\\/496a8e03d0c493ede1718b7934145dbdf8d89be1036b0eec9544e1094c9de390?s=96&d=mm&r=g\",\"width\":96,\"height\":96,\"caption\":\"Cand\\u00e1s 365\"},\"sameAs\":[\"https:\\\/\\\/www.facebook.com\\\/carrenoactualidad\",\"https:\\\/\\\/twitter.com\\\/nbasturias\",\"https:\\\/\\\/www.instagram.com\\\/nachofdezber\\\/\",\"https:\\\/\\\/www.youtube.com\\\/channel\\\/UCZP-2wLEB9Rv6erhFmqVnvg\"]},{\"@type\":\"WebPage\",\"@id\":\"https:\\\/\\\/candas365.es\\\/noticias\\\/presentada-la-campana-voces-contra-las-agresiones-sexuales-en-fiestas-veraniegas\\\/#webpage\",\"url\":\"https:\\\/\\\/candas365.es\\\/noticias\\\/presentada-la-campana-voces-contra-las-agresiones-sexuales-en-fiestas-veraniegas\\\/\",\"name\":\"Presentada la campa\\u00f1a Voces contra las agresiones sexuales en fiestas veraniegas | Cand\\u00e1s 365\",\"description\":\"El Gobierno del Principado, la Delegaci\\u00f3n del Gobierno y la Federaci\\u00f3n Asturiana de Concejos (FACC) han dise\\u00f1ado una campa\\u00f1a informativa que, bajo el lema Voces contra las agresiones sexuales en fiestas veraniegas, propone una acci\\u00f3n conjunta y coordinada de las tres administraciones para responder ante estos casos y garantizar que las mujeres que lo requieran\",\"inLanguage\":\"es-ES\",\"isPartOf\":{\"@id\":\"https:\\\/\\\/candas365.es\\\/noticias\\\/#website\"},\"breadcrumb\":{\"@id\":\"https:\\\/\\\/candas365.es\\\/noticias\\\/presentada-la-campana-voces-contra-las-agresiones-sexuales-en-fiestas-veraniegas\\\/#breadcrumblist\"},\"author\":{\"@id\":\"https:\\\/\\\/candas365.es\\\/noticias\\\/author\\\/admin\\\/#author\"},\"creator\":{\"@id\":\"https:\\\/\\\/candas365.es\\\/noticias\\\/author\\\/admin\\\/#author\"},\"image\":{\"@type\":\"ImageObject\",\"url\":\"https:\\\/\\\/candas365.es\\\/noticias\\\/wp-content\\\/uploads\\\/2018\\\/07\\\/Campana-Violencia-Sexual-1.jpg\",\"@id\":\"https:\\\/\\\/candas365.es\\\/noticias\\\/presentada-la-campana-voces-contra-las-agresiones-sexuales-en-fiestas-veraniegas\\\/#mainImage\",\"width\":1280,\"height\":960},\"primaryImageOfPage\":{\"@id\":\"https:\\\/\\\/candas365.es\\\/noticias\\\/presentada-la-campana-voces-contra-las-agresiones-sexuales-en-fiestas-veraniegas\\\/#mainImage\"},\"datePublished\":\"2018-07-21T16:48:33+02:00\",\"dateModified\":\"2018-07-21T16:48:33+02:00\"},{\"@type\":\"WebSite\",\"@id\":\"https:\\\/\\\/candas365.es\\\/noticias\\\/#website\",\"url\":\"https:\\\/\\\/candas365.es\\\/noticias\\\/\",\"name\":\"Cand\\u00e1s 365\",\"alternateName\":\"Cand\\u00e1s 365 Noticias\",\"description\":\"Actualidad desde Carre\\u00f1o para el mundo\",\"inLanguage\":\"es-ES\",\"publisher\":{\"@id\":\"https:\\\/\\\/candas365.es\\\/noticias\\\/#organization\"}}]}\n\t\t<\/script>\n\t\t<!-- All in One SEO Pro -->\r\n\t\t<title>Presentada la campa\u00f1a Voces contra las agresiones sexuales en fiestas veraniegas | Cand\u00e1s 365<\/title>\n\n","aioseo_head_json":{"title":"Presentada la campa\u00f1a Voces contra las agresiones sexuales en fiestas veraniegas | Cand\u00e1s 365","description":"El Gobierno del Principado, la Delegaci\u00f3n del Gobierno y la Federaci\u00f3n Asturiana de Concejos (FACC) han dise\u00f1ado una campa\u00f1a informativa que, bajo el lema Voces contra las agresiones sexuales en fiestas veraniegas, propone una acci\u00f3n conjunta y coordinada de las tres administraciones para responder ante estos casos y garantizar que las mujeres que lo requieran","canonical_url":"https:\/\/candas365.es\/noticias\/presentada-la-campana-voces-contra-las-agresiones-sexuales-en-fiestas-veraniegas\/","robots":"max-image-preview:large","keywords":"asturias","webmasterTools":{"google-site-verification":"UA-32230408-1","msvalidate.01":"354F3CDFB2DA171B47FBE9ABF1F88D5","miscellaneous":""},"schema":{"@context":"https:\/\/schema.org","@graph":[{"@type":"BreadcrumbList","@id":"https:\/\/candas365.es\/noticias\/presentada-la-campana-voces-contra-las-agresiones-sexuales-en-fiestas-veraniegas\/#breadcrumblist","itemListElement":[{"@type":"ListItem","@id":"https:\/\/candas365.es\/noticias#listItem","position":1,"name":"Home","item":"https:\/\/candas365.es\/noticias","nextItem":{"@type":"ListItem","@id":"https:\/\/candas365.es\/noticias\/category\/asturias\/#listItem","name":"Asturias"}},{"@type":"ListItem","@id":"https:\/\/candas365.es\/noticias\/category\/asturias\/#listItem","position":2,"name":"Asturias","item":"https:\/\/candas365.es\/noticias\/category\/asturias\/","nextItem":{"@type":"ListItem","@id":"https:\/\/candas365.es\/noticias\/presentada-la-campana-voces-contra-las-agresiones-sexuales-en-fiestas-veraniegas\/#listItem","name":"Presentada la campa\u00f1a Voces contra las agresiones sexuales en fiestas veraniegas"},"previousItem":{"@type":"ListItem","@id":"https:\/\/candas365.es\/noticias#listItem","name":"Home"}},{"@type":"ListItem","@id":"https:\/\/candas365.es\/noticias\/presentada-la-campana-voces-contra-las-agresiones-sexuales-en-fiestas-veraniegas\/#listItem","position":3,"name":"Presentada la campa\u00f1a Voces contra las agresiones sexuales en fiestas veraniegas","previousItem":{"@type":"ListItem","@id":"https:\/\/candas365.es\/noticias\/category\/asturias\/#listItem","name":"Asturias"}}]},{"@type":"NewsArticle","@id":"https:\/\/candas365.es\/noticias\/presentada-la-campana-voces-contra-las-agresiones-sexuales-en-fiestas-veraniegas\/#newsarticle","name":"Presentada la campa\u00f1a Voces contra las agresiones sexuales en fiestas veraniegas | Cand\u00e1s 365","headline":"Presentada la campa\u00f1a Voces contra las agresiones sexuales en fiestas veraniegas","author":{"@id":"https:\/\/candas365.es\/noticias\/author\/admin\/#author"},"publisher":{"@id":"https:\/\/candas365.es\/noticias\/#organization"},"image":{"@type":"ImageObject","url":"https:\/\/candas365.es\/noticias\/wp-content\/uploads\/2018\/07\/Campana-Violencia-Sexual-1.jpg","width":1280,"height":960},"datePublished":"2018-07-21T16:48:33+02:00","dateModified":"2018-07-21T16:48:33+02:00","inLanguage":"es-ES","mainEntityOfPage":{"@id":"https:\/\/candas365.es\/noticias\/presentada-la-campana-voces-contra-las-agresiones-sexuales-en-fiestas-veraniegas\/#webpage"},"isPartOf":{"@id":"https:\/\/candas365.es\/noticias\/presentada-la-campana-voces-contra-las-agresiones-sexuales-en-fiestas-veraniegas\/#webpage"},"articleSection":"Asturias","dateline":"Publicado el julio 21, 2018."},{"@type":"Organization","@id":"https:\/\/candas365.es\/noticias\/#organization","name":"Cand\u00e1s 365","description":"Cand\u00e1s 365 es un diario digital independiente, fundado en 2012, con base en Asturias. Informamos con rigor sobre actualidad, sociedad, cultura y ocio, con una mirada local y global.","url":"https:\/\/candas365.es\/noticias\/","email":"info@candas365.es","telephone":"+34652131393","foundingDate":"2012-06-10","logo":{"@type":"ImageObject","url":"https:\/\/candas365.es\/noticias\/wp-content\/uploads\/2024\/09\/Candas-365-Redes.jpg","@id":"https:\/\/candas365.es\/noticias\/presentada-la-campana-voces-contra-las-agresiones-sexuales-en-fiestas-veraniegas\/#organizationLogo","width":1152,"height":864,"caption":"Cand\u00e1s 365 Redes"},"image":{"@id":"https:\/\/candas365.es\/noticias\/presentada-la-campana-voces-contra-las-agresiones-sexuales-en-fiestas-veraniegas\/#organizationLogo"},"sameAs":["https:\/\/www.facebook.com\/Nachofdezber","https:\/\/x.com\/NabercoDigital","https:\/\/www.instagram.com\/nachofdezber\/","https:\/\/www.youtube.com\/channel\/UCZP-2wLEB9Rv6erhFmqVnvg"],"address":{"@id":"https:\/\/candas365.es\/noticias\/#postaladdress","@type":"PostalAddress","streetAddress":"san antonio 4, san antonio 4","postalCode":"33430","addressLocality":"Cand\u00e1s","addressRegion":"Asturias","addressCountry":"ES"}},{"@type":"Person","@id":"https:\/\/candas365.es\/noticias\/author\/admin\/#author","url":"https:\/\/candas365.es\/noticias\/author\/admin\/","name":"Cand\u00e1s 365","image":{"@type":"ImageObject","@id":"https:\/\/candas365.es\/noticias\/presentada-la-campana-voces-contra-las-agresiones-sexuales-en-fiestas-veraniegas\/#authorImage","url":"https:\/\/secure.gravatar.com\/avatar\/496a8e03d0c493ede1718b7934145dbdf8d89be1036b0eec9544e1094c9de390?s=96&d=mm&r=g","width":96,"height":96,"caption":"Cand\u00e1s 365"},"sameAs":["https:\/\/www.facebook.com\/carrenoactualidad","https:\/\/twitter.com\/nbasturias","https:\/\/www.instagram.com\/nachofdezber\/","https:\/\/www.youtube.com\/channel\/UCZP-2wLEB9Rv6erhFmqVnvg"]},{"@type":"WebPage","@id":"https:\/\/candas365.es\/noticias\/presentada-la-campana-voces-contra-las-agresiones-sexuales-en-fiestas-veraniegas\/#webpage","url":"https:\/\/candas365.es\/noticias\/presentada-la-campana-voces-contra-las-agresiones-sexuales-en-fiestas-veraniegas\/","name":"Presentada la campa\u00f1a Voces contra las agresiones sexuales en fiestas veraniegas | Cand\u00e1s 365","description":"El Gobierno del Principado, la Delegaci\u00f3n del Gobierno y la Federaci\u00f3n Asturiana de Concejos (FACC) han dise\u00f1ado una campa\u00f1a informativa que, bajo el lema Voces contra las agresiones sexuales en fiestas veraniegas, propone una acci\u00f3n conjunta y coordinada de las tres administraciones para responder ante estos casos y garantizar que las mujeres que lo requieran","inLanguage":"es-ES","isPartOf":{"@id":"https:\/\/candas365.es\/noticias\/#website"},"breadcrumb":{"@id":"https:\/\/candas365.es\/noticias\/presentada-la-campana-voces-contra-las-agresiones-sexuales-en-fiestas-veraniegas\/#breadcrumblist"},"author":{"@id":"https:\/\/candas365.es\/noticias\/author\/admin\/#author"},"creator":{"@id":"https:\/\/candas365.es\/noticias\/author\/admin\/#author"},"image":{"@type":"ImageObject","url":"https:\/\/candas365.es\/noticias\/wp-content\/uploads\/2018\/07\/Campana-Violencia-Sexual-1.jpg","@id":"https:\/\/candas365.es\/noticias\/presentada-la-campana-voces-contra-las-agresiones-sexuales-en-fiestas-veraniegas\/#mainImage","width":1280,"height":960},"primaryImageOfPage":{"@id":"https:\/\/candas365.es\/noticias\/presentada-la-campana-voces-contra-las-agresiones-sexuales-en-fiestas-veraniegas\/#mainImage"},"datePublished":"2018-07-21T16:48:33+02:00","dateModified":"2018-07-21T16:48:33+02:00"},{"@type":"WebSite","@id":"https:\/\/candas365.es\/noticias\/#website","url":"https:\/\/candas365.es\/noticias\/","name":"Cand\u00e1s 365","alternateName":"Cand\u00e1s 365 Noticias","description":"Actualidad desde Carre\u00f1o para el mundo","inLanguage":"es-ES","publisher":{"@id":"https:\/\/candas365.es\/noticias\/#organization"}}]},"og:locale":"es_ES","og:site_name":"Cand\u00e1s 365","og:type":"article","og:title":"Presentada la campa\u00f1a Voces contra las agresiones sexuales en fiestas veraniegas | Cand\u00e1s 365","og:description":"El Gobierno del Principado, la Delegaci\u00f3n del Gobierno y la Federaci\u00f3n Asturiana de Concejos (FACC) han dise\u00f1ado una campa\u00f1a informativa que, bajo el lema Voces contra las agresiones sexuales en fiestas veraniegas, propone una acci\u00f3n conjunta y coordinada de las tres administraciones para responder ante estos casos y garantizar que las mujeres que lo requieran","og:url":"https:\/\/candas365.es\/noticias\/presentada-la-campana-voces-contra-las-agresiones-sexuales-en-fiestas-veraniegas\/","og:image":"https:\/\/candas365.es\/noticias\/wp-content\/uploads\/2018\/07\/Campana-Violencia-Sexual-1.jpg","og:image:secure_url":"https:\/\/candas365.es\/noticias\/wp-content\/uploads\/2018\/07\/Campana-Violencia-Sexual-1.jpg","og:image:width":1280,"og:image:height":960,"article:published_time":"2018-07-21T16:48:33+00:00","article:modified_time":"2018-07-21T16:48:33+00:00","article:publisher":"https:\/\/www.facebook.com\/Nachofdezber","article:author":"https:\/\/www.facebook.com\/carrenoactualidad","twitter:card":"summary_large_image","twitter:site":"@NabercoDigital","twitter:title":"Presentada la campa\u00f1a Voces contra las agresiones sexuales en fiestas veraniegas | Cand\u00e1s 365","twitter:description":"El Gobierno del Principado, la Delegaci\u00f3n del Gobierno y la Federaci\u00f3n Asturiana de Concejos (FACC) han dise\u00f1ado una campa\u00f1a informativa que, bajo el lema Voces contra las agresiones sexuales en fiestas veraniegas, propone una acci\u00f3n conjunta y coordinada de las tres administraciones para responder ante estos casos y garantizar que las mujeres que lo requieran","twitter:creator":"@nbasturias","twitter:image":"https:\/\/candas365.es\/noticias\/wp-content\/uploads\/2018\/07\/Campana-Violencia-Sexual-1.jpg","twitter:label1":"Escrito por","twitter:data1":"Cand\u00e1s 365","twitter:label2":"Tiempo de lectura estimado","twitter:data2":"3 minutos"},"aioseo_meta_data":{"post_id":"100853","title":null,"description":null,"keywords":null,"keyphrases":null,"primary_term":null,"canonical_url":null,"og_title":null,"og_description":null,"og_object_type":"default","og_image_type":"default","og_image_url":null,"og_image_width":null,"og_image_height":null,"og_image_custom_url":null,"og_image_custom_fields":null,"og_video":null,"og_custom_url":null,"og_article_section":null,"og_article_tags":null,"twitter_use_og":false,"twitter_card":"default","twitter_image_type":"default","twitter_image_url":null,"twitter_image_custom_url":null,"twitter_image_custom_fields":null,"twitter_title":null,"twitter_description":null,"schema":{"blockGraphs":[],"customGraphs":[],"default":{"data":{"Article":[],"Course":[],"Dataset":[],"FAQPage":[],"Movie":[],"Person":[],"Product":[],"ProductReview":[],"Car":[],"Recipe":[],"Service":[],"SoftwareApplication":[],"WebPage":[]},"graphName":"","isEnabled":true},"graphs":[],"defaultGraph":"","defaultPostTypeGraph":""},"schema_type":null,"schema_type_options":null,"pillar_content":false,"robots_default":true,"robots_noindex":false,"robots_noarchive":false,"robots_nosnippet":false,"robots_nofollow":false,"robots_noimageindex":false,"robots_noodp":false,"robots_notranslate":false,"robots_max_snippet":null,"robots_max_videopreview":null,"robots_max_imagepreview":"large","priority":null,"frequency":null,"location":null,"local_seo":null,"seo_analyzer_scan_date":"2025-08-27 09:58:07","breadcrumb_settings":null,"limit_modified_date":false,"reviewed_by":null,"open_ai":null,"ai":null,"created":"2020-12-21 11:48:28","updated":"2025-08-27 09:58:07"},"aioseo_breadcrumb":"<div class=\"aioseo-breadcrumbs\"><span class=\"aioseo-breadcrumb\">\n\t<a href=\"https:\/\/candas365.es\/noticias\" title=\"Home\">Home<\/a>\n<\/span><span class=\"aioseo-breadcrumb-separator\">&ndash;<\/span><span class=\"aioseo-breadcrumb\">\n\t<a href=\"https:\/\/candas365.es\/noticias\/category\/asturias\/\" title=\"Asturias\">Asturias<\/a>\n<\/span><span class=\"aioseo-breadcrumb-separator\">&ndash;<\/span><span class=\"aioseo-breadcrumb\">\n\tPresentada la campa\u00f1a Voces contra las agresiones sexuales en fiestas veraniegas\n<\/span><\/div>","aioseo_breadcrumb_json":[{"label":"Home","link":"https:\/\/candas365.es\/noticias"},{"label":"Asturias","link":"https:\/\/candas365.es\/noticias\/category\/asturias\/"},{"label":"Presentada la campa\u00f1a Voces contra las agresiones sexuales en fiestas veraniegas","link":"https:\/\/candas365.es\/noticias\/presentada-la-campana-voces-contra-las-agresiones-sexuales-en-fiestas-veraniegas\/"}],"_links":{"self":[{"href":"https:\/\/candas365.es\/noticias\/wp-json\/wp\/v2\/posts\/100853","targetHints":{"allow":["GET"]}}],"collection":[{"href":"https:\/\/candas365.es\/noticias\/wp-json\/wp\/v2\/posts"}],"about":[{"href":"https:\/\/candas365.es\/noticias\/wp-json\/wp\/v2\/types\/post"}],"author":[{"embeddable":true,"href":"https:\/\/candas365.es\/noticias\/wp-json\/wp\/v2\/users\/1"}],"replies":[{"embeddable":true,"href":"https:\/\/candas365.es\/noticias\/wp-json\/wp\/v2\/comments?post=100853"}],"version-history":[{"count":0,"href":"https:\/\/candas365.es\/noticias\/wp-json\/wp\/v2\/posts\/100853\/revisions"}],"wp:featuredmedia":[{"embeddable":true,"href":"https:\/\/candas365.es\/noticias\/wp-json\/wp\/v2\/media\/100854"}],"wp:attachment":[{"href":"https:\/\/candas365.es\/noticias\/wp-json\/wp\/v2\/media?parent=100853"}],"wp:term":[{"taxonomy":"category","embeddable":true,"href":"https:\/\/candas365.es\/noticias\/wp-json\/wp\/v2\/categories?post=100853"},{"taxonomy":"post_tag","embeddable":true,"href":"https:\/\/candas365.es\/noticias\/wp-json\/wp\/v2\/tags?post=100853"}],"curies":[{"name":"wp","href":"https:\/\/api.w.org\/{rel}","templated":true}]}}