{"id":100850,"date":"2018-07-21T16:45:21","date_gmt":"2018-07-21T16:45:21","guid":{"rendered":"http:\/\/candas365.es\/noticias\/?p=100850"},"modified":"2018-07-21T16:45:21","modified_gmt":"2018-07-21T16:45:21","slug":"genaro-alonso-ha-visitado-la-nueva-sede-de-la-escuela-superior-de-arte-del-principado","status":"publish","type":"post","link":"https:\/\/candas365.es\/noticias\/genaro-alonso-ha-visitado-la-nueva-sede-de-la-escuela-superior-de-arte-del-principado\/","title":{"rendered":"Genaro Alonso ha visitado la nueva sede de la Escuela Superior de Arte del Principado"},"content":{"rendered":"<p><img fetchpriority=\"high\" decoding=\"async\" class=\"alignleft size-medium wp-image-100851\" src=\"https:\/\/candas365.es\/noticias\/wp-content\/uploads\/2018\/07\/escuela-arte-aviles-2-360x187.jpg\" alt=\"\" width=\"360\" height=\"187\" srcset=\"https:\/\/candas365.es\/noticias\/wp-content\/uploads\/2018\/07\/escuela-arte-aviles-2-360x187.jpg 360w, https:\/\/candas365.es\/noticias\/wp-content\/uploads\/2018\/07\/escuela-arte-aviles-2-768x400.jpg 768w, https:\/\/candas365.es\/noticias\/wp-content\/uploads\/2018\/07\/escuela-arte-aviles-2-655x341.jpg 655w, https:\/\/candas365.es\/noticias\/wp-content\/uploads\/2018\/07\/escuela-arte-aviles-2-696x362.jpg 696w, https:\/\/candas365.es\/noticias\/wp-content\/uploads\/2018\/07\/escuela-arte-aviles-2-1068x556.jpg 1068w, https:\/\/candas365.es\/noticias\/wp-content\/uploads\/2018\/07\/escuela-arte-aviles-2-807x420.jpg 807w, https:\/\/candas365.es\/noticias\/wp-content\/uploads\/2018\/07\/escuela-arte-aviles-2.jpg 1280w\" sizes=\"(max-width: 360px) 100vw, 360px\" \/>El consejero de Educaci\u00f3n y Cultura, Genaro Alonso, ha visitado la nueva sede de la Escuela Superior de Arte del Principado, ubicada en Avil\u00e9s, cuyas obras finalizaron el pasado 1 de junio. Estas instalaciones albergar\u00e1n, a partir del pr\u00f3ximo a\u00f1o, el \u00e1rea de Conservaci\u00f3n de Bienes Culturales (especialidades de documento gr\u00e1fico, escultura y pintura), ubicadas hasta ahora en el antiguo instituto de Formaci\u00f3n Profesional de Valliniello.<\/p>\n<p>Los trabajos, que se adjudicaron en 2015, han sido cofinanciados por la Uni\u00f3n Europea a trav\u00e9s del Fondo Europeo de Desarrollo Regional (Feder).<\/p>\n<p>El proyecto se ha llevado a cabo mediante un convenio de colaboraci\u00f3n para la ordenaci\u00f3n de espacios educativos suscrito en 2011 entre el Gobierno del Principado, promotor de la iniciativa, y el Ayuntamiento de Avil\u00e9s, por valor de 6 millones de euros.<\/p>\n<p>La nueva sede de la Escuela Superior de Arte se ubica en un edificio de 2.860 metros cuadrados, construidos sobre un solar de 7.500 cedido por la Administraci\u00f3n local y situado en el Parque Empresarial del Principado de Asturias (PEPA).<\/p>\n<p>Las obras, con un presupuesto total de 3.070.877 euros, han sido ejecutadas por la empresa constructora Proyecon Galicia S.A, en funci\u00f3n del proyecto original de Jerem\u00edas Sampedro Rodr\u00edguez. El director de obra ha sido Rafael Pedro Fern\u00e1ndez Guerrero, arquitecto de la Consejer\u00eda de Educaci\u00f3n y Cultura.<\/p>\n<p>La ubicaci\u00f3n del nuevo equipamiento en el entorno de la r\u00eda y del Centro Cultural Internacional Oscar Niemeyer potencia la recuperaci\u00f3n ambiental y urbana de una zona antes degradada por el desarrollo industrial. Adem\u00e1s, las formas y colores del edificio persiguen mimetizarse con el paisaje industrial que domina la margen derecha de la r\u00eda y las formas ondulantes de la cubierta de los talleres, confeccionadas con acero corten, dotan de singularidad al inmueble.<\/p>\n<p>La nueva sede, que se ilumina con lucernarios creados a partir de aberturas en el techo, se organiza a trav\u00e9s de un distribuidor longitudinal que vertebra la zona de talleres destinados a restauraci\u00f3n de pintura y escultura y cuyas dimensiones favorecen el transporte de las obras de arte mediante el uso de una peque\u00f1a maquinaria.<\/p>\n<p>Los citados talleres, as\u00ed como otros de t\u00e9cnicas comunes, se han proyectado con una altura especial que ayuda a la elevaci\u00f3n y evacuaci\u00f3n de gases nocivos.<\/p>\n<p>Adem\u00e1s, la iluminaci\u00f3n interior confiere un nivel de luz constante y un aislamiento que consigue un importante confort ac\u00fastico. Tambi\u00e9n destaca la amplitud de las puertas para facilitar el traslado de piezas de gran formato.<\/p>\n<p>La Consejer\u00eda de Educaci\u00f3n prev\u00e9 la ampliaci\u00f3n del edificio, en una segunda fase, para acoger los estudios de Dise\u00f1o, con sus almacenes, sala de audiovisuales y plat\u00f3 y laboratorio fotogr\u00e1ficos. En este sentido, Genaro Alonso ha anunciado que ya se est\u00e1 trabajando en el expediente para contratar este a\u00f1o el proyecto b\u00e1sico y de ejecuci\u00f3n, por un importe de licitaci\u00f3n que rondar\u00e1 los 120.000 euros.<\/p>\n","protected":false},"excerpt":{"rendered":"<p>El consejero de Educaci\u00f3n y Cultura, Genaro Alonso, ha visitado la nueva sede de la Escuela Superior de Arte del Principado, ubicada en Avil\u00e9s, cuyas obras finalizaron el pasado 1 de junio. Estas instalaciones albergar\u00e1n, a partir del pr\u00f3ximo a\u00f1o, el \u00e1rea de Conservaci\u00f3n de Bienes Culturales (especialidades de documento gr\u00e1fico, escultura y pintura), ubicadas<\/p>\n","protected":false},"author":1,"featured_media":100851,"comment_status":"closed","ping_status":"closed","sticky":false,"template":"","format":"standard","meta":{"footnotes":""},"categories":[7],"tags":[],"class_list":{"0":"post-100850","1":"post","2":"type-post","3":"status-publish","4":"format-standard","5":"has-post-thumbnail","7":"category-asturias"},"aioseo_notices":[],"aioseo_head":"\n\t\t<!-- All in One SEO Pro 4.9.6.2 - aioseo.com -->\n\t<meta name=\"description\" content=\"El consejero de Educaci\u00f3n y Cultura, Genaro Alonso, ha visitado la nueva sede de la Escuela Superior de Arte del Principado, ubicada en Avil\u00e9s, cuyas obras finalizaron el pasado 1 de junio. Estas instalaciones albergar\u00e1n, a partir del pr\u00f3ximo a\u00f1o, el \u00e1rea de Conservaci\u00f3n de Bienes Culturales (especialidades de documento gr\u00e1fico, escultura y pintura), ubicadas\" \/>\n\t<meta name=\"robots\" content=\"max-image-preview:large\" \/>\n\t<meta name=\"author\" content=\"Cand\u00e1s 365\"\/>\n\t<meta name=\"google-site-verification\" content=\"UA-32230408-1\" \/>\n\t<meta name=\"msvalidate.01\" content=\"354F3CDFB2DA171B47FBE9ABF1F88D5\" \/>\n\t<meta name=\"keywords\" content=\"asturias\" \/>\n\t<link rel=\"canonical\" href=\"https:\/\/candas365.es\/noticias\/genaro-alonso-ha-visitado-la-nueva-sede-de-la-escuela-superior-de-arte-del-principado\/\" \/>\n\t<meta name=\"generator\" content=\"All in One SEO Pro (AIOSEO) 4.9.6.2\" \/>\n\t\t<meta property=\"og:locale\" content=\"es_ES\" \/>\n\t\t<meta property=\"og:site_name\" content=\"Cand\u00e1s 365\" \/>\n\t\t<meta property=\"og:type\" content=\"article\" \/>\n\t\t<meta property=\"og:title\" content=\"Genaro Alonso ha visitado la nueva sede de la Escuela Superior de Arte del Principado | Cand\u00e1s 365\" \/>\n\t\t<meta property=\"og:description\" content=\"El consejero de Educaci\u00f3n y Cultura, Genaro Alonso, ha visitado la nueva sede de la Escuela Superior de Arte del Principado, ubicada en Avil\u00e9s, cuyas obras finalizaron el pasado 1 de junio. Estas instalaciones albergar\u00e1n, a partir del pr\u00f3ximo a\u00f1o, el \u00e1rea de Conservaci\u00f3n de Bienes Culturales (especialidades de documento gr\u00e1fico, escultura y pintura), ubicadas\" \/>\n\t\t<meta property=\"og:url\" content=\"https:\/\/candas365.es\/noticias\/genaro-alonso-ha-visitado-la-nueva-sede-de-la-escuela-superior-de-arte-del-principado\/\" \/>\n\t\t<meta property=\"og:image\" content=\"https:\/\/candas365.es\/noticias\/wp-content\/uploads\/2018\/07\/escuela-arte-aviles-2.jpg\" \/>\n\t\t<meta property=\"og:image:secure_url\" content=\"https:\/\/candas365.es\/noticias\/wp-content\/uploads\/2018\/07\/escuela-arte-aviles-2.jpg\" \/>\n\t\t<meta property=\"og:image:width\" content=\"1280\" \/>\n\t\t<meta property=\"og:image:height\" content=\"666\" \/>\n\t\t<meta property=\"article:published_time\" content=\"2018-07-21T16:45:21+00:00\" \/>\n\t\t<meta property=\"article:modified_time\" content=\"2018-07-21T16:45:21+00:00\" \/>\n\t\t<meta property=\"article:publisher\" content=\"https:\/\/www.facebook.com\/Nachofdezber\" \/>\n\t\t<meta property=\"article:author\" content=\"https:\/\/www.facebook.com\/carrenoactualidad\" \/>\n\t\t<meta name=\"twitter:card\" content=\"summary_large_image\" \/>\n\t\t<meta name=\"twitter:site\" content=\"@NabercoDigital\" \/>\n\t\t<meta name=\"twitter:title\" content=\"Genaro Alonso ha visitado la nueva sede de la Escuela Superior de Arte del Principado | Cand\u00e1s 365\" \/>\n\t\t<meta name=\"twitter:description\" content=\"El consejero de Educaci\u00f3n y Cultura, Genaro Alonso, ha visitado la nueva sede de la Escuela Superior de Arte del Principado, ubicada en Avil\u00e9s, cuyas obras finalizaron el pasado 1 de junio. Estas instalaciones albergar\u00e1n, a partir del pr\u00f3ximo a\u00f1o, el \u00e1rea de Conservaci\u00f3n de Bienes Culturales (especialidades de documento gr\u00e1fico, escultura y pintura), ubicadas\" \/>\n\t\t<meta name=\"twitter:creator\" content=\"@nbasturias\" \/>\n\t\t<meta name=\"twitter:image\" content=\"https:\/\/candas365.es\/noticias\/wp-content\/uploads\/2018\/07\/escuela-arte-aviles-2.jpg\" \/>\n\t\t<meta name=\"twitter:label1\" content=\"Escrito por\" \/>\n\t\t<meta name=\"twitter:data1\" content=\"Cand\u00e1s 365\" \/>\n\t\t<meta name=\"twitter:label2\" content=\"Tiempo de lectura estimado\" \/>\n\t\t<meta name=\"twitter:data2\" content=\"3 minutos\" \/>\n\t\t<script type=\"application\/ld+json\" class=\"aioseo-schema\">\n\t\t\t{\"@context\":\"https:\\\/\\\/schema.org\",\"@graph\":[{\"@type\":\"BreadcrumbList\",\"@id\":\"https:\\\/\\\/candas365.es\\\/noticias\\\/genaro-alonso-ha-visitado-la-nueva-sede-de-la-escuela-superior-de-arte-del-principado\\\/#breadcrumblist\",\"itemListElement\":[{\"@type\":\"ListItem\",\"@id\":\"https:\\\/\\\/candas365.es\\\/noticias#listItem\",\"position\":1,\"name\":\"Home\",\"item\":\"https:\\\/\\\/candas365.es\\\/noticias\",\"nextItem\":{\"@type\":\"ListItem\",\"@id\":\"https:\\\/\\\/candas365.es\\\/noticias\\\/category\\\/asturias\\\/#listItem\",\"name\":\"Asturias\"}},{\"@type\":\"ListItem\",\"@id\":\"https:\\\/\\\/candas365.es\\\/noticias\\\/category\\\/asturias\\\/#listItem\",\"position\":2,\"name\":\"Asturias\",\"item\":\"https:\\\/\\\/candas365.es\\\/noticias\\\/category\\\/asturias\\\/\",\"nextItem\":{\"@type\":\"ListItem\",\"@id\":\"https:\\\/\\\/candas365.es\\\/noticias\\\/genaro-alonso-ha-visitado-la-nueva-sede-de-la-escuela-superior-de-arte-del-principado\\\/#listItem\",\"name\":\"Genaro Alonso ha visitado la nueva sede de la Escuela Superior de Arte del Principado\"},\"previousItem\":{\"@type\":\"ListItem\",\"@id\":\"https:\\\/\\\/candas365.es\\\/noticias#listItem\",\"name\":\"Home\"}},{\"@type\":\"ListItem\",\"@id\":\"https:\\\/\\\/candas365.es\\\/noticias\\\/genaro-alonso-ha-visitado-la-nueva-sede-de-la-escuela-superior-de-arte-del-principado\\\/#listItem\",\"position\":3,\"name\":\"Genaro Alonso ha visitado la nueva sede de la Escuela Superior de Arte del Principado\",\"previousItem\":{\"@type\":\"ListItem\",\"@id\":\"https:\\\/\\\/candas365.es\\\/noticias\\\/category\\\/asturias\\\/#listItem\",\"name\":\"Asturias\"}}]},{\"@type\":\"NewsArticle\",\"@id\":\"https:\\\/\\\/candas365.es\\\/noticias\\\/genaro-alonso-ha-visitado-la-nueva-sede-de-la-escuela-superior-de-arte-del-principado\\\/#newsarticle\",\"name\":\"Genaro Alonso ha visitado la nueva sede de la Escuela Superior de Arte del Principado | Cand\\u00e1s 365\",\"headline\":\"Genaro Alonso ha visitado la nueva sede de la Escuela Superior de Arte del Principado\",\"author\":{\"@id\":\"https:\\\/\\\/candas365.es\\\/noticias\\\/author\\\/admin\\\/#author\"},\"publisher\":{\"@id\":\"https:\\\/\\\/candas365.es\\\/noticias\\\/#organization\"},\"image\":{\"@type\":\"ImageObject\",\"url\":\"https:\\\/\\\/candas365.es\\\/noticias\\\/wp-content\\\/uploads\\\/2018\\\/07\\\/escuela-arte-aviles-2.jpg\",\"width\":1280,\"height\":666},\"datePublished\":\"2018-07-21T16:45:21+02:00\",\"dateModified\":\"2018-07-21T16:45:21+02:00\",\"inLanguage\":\"es-ES\",\"mainEntityOfPage\":{\"@id\":\"https:\\\/\\\/candas365.es\\\/noticias\\\/genaro-alonso-ha-visitado-la-nueva-sede-de-la-escuela-superior-de-arte-del-principado\\\/#webpage\"},\"isPartOf\":{\"@id\":\"https:\\\/\\\/candas365.es\\\/noticias\\\/genaro-alonso-ha-visitado-la-nueva-sede-de-la-escuela-superior-de-arte-del-principado\\\/#webpage\"},\"articleSection\":\"Asturias\",\"dateline\":\"Publicado el julio 21, 2018.\"},{\"@type\":\"Organization\",\"@id\":\"https:\\\/\\\/candas365.es\\\/noticias\\\/#organization\",\"name\":\"Cand\\u00e1s 365\",\"description\":\"Cand\\u00e1s 365 es un diario digital independiente, fundado en 2012, con base en Asturias. Informamos con rigor sobre actualidad, sociedad, cultura y ocio, con una mirada local y global.\",\"url\":\"https:\\\/\\\/candas365.es\\\/noticias\\\/\",\"email\":\"info@candas365.es\",\"telephone\":\"+34652131393\",\"foundingDate\":\"2012-06-10\",\"logo\":{\"@type\":\"ImageObject\",\"url\":\"https:\\\/\\\/candas365.es\\\/noticias\\\/wp-content\\\/uploads\\\/2024\\\/09\\\/Candas-365-Redes.jpg\",\"@id\":\"https:\\\/\\\/candas365.es\\\/noticias\\\/genaro-alonso-ha-visitado-la-nueva-sede-de-la-escuela-superior-de-arte-del-principado\\\/#organizationLogo\",\"width\":1152,\"height\":864,\"caption\":\"Cand\\u00e1s 365 Redes\"},\"image\":{\"@id\":\"https:\\\/\\\/candas365.es\\\/noticias\\\/genaro-alonso-ha-visitado-la-nueva-sede-de-la-escuela-superior-de-arte-del-principado\\\/#organizationLogo\"},\"sameAs\":[\"https:\\\/\\\/www.facebook.com\\\/Nachofdezber\",\"https:\\\/\\\/x.com\\\/NabercoDigital\",\"https:\\\/\\\/www.instagram.com\\\/nachofdezber\\\/\",\"https:\\\/\\\/www.youtube.com\\\/channel\\\/UCZP-2wLEB9Rv6erhFmqVnvg\"],\"address\":{\"@id\":\"https:\\\/\\\/candas365.es\\\/noticias\\\/#postaladdress\",\"@type\":\"PostalAddress\",\"streetAddress\":\"san antonio 4, san antonio 4\",\"postalCode\":\"33430\",\"addressLocality\":\"Cand\\u00e1s\",\"addressRegion\":\"Asturias\",\"addressCountry\":\"ES\"}},{\"@type\":\"Person\",\"@id\":\"https:\\\/\\\/candas365.es\\\/noticias\\\/author\\\/admin\\\/#author\",\"url\":\"https:\\\/\\\/candas365.es\\\/noticias\\\/author\\\/admin\\\/\",\"name\":\"Cand\\u00e1s 365\",\"image\":{\"@type\":\"ImageObject\",\"@id\":\"https:\\\/\\\/candas365.es\\\/noticias\\\/genaro-alonso-ha-visitado-la-nueva-sede-de-la-escuela-superior-de-arte-del-principado\\\/#authorImage\",\"url\":\"https:\\\/\\\/secure.gravatar.com\\\/avatar\\\/496a8e03d0c493ede1718b7934145dbdf8d89be1036b0eec9544e1094c9de390?s=96&d=mm&r=g\",\"width\":96,\"height\":96,\"caption\":\"Cand\\u00e1s 365\"},\"sameAs\":[\"https:\\\/\\\/www.facebook.com\\\/carrenoactualidad\",\"https:\\\/\\\/twitter.com\\\/nbasturias\",\"https:\\\/\\\/www.instagram.com\\\/nachofdezber\\\/\",\"https:\\\/\\\/www.youtube.com\\\/channel\\\/UCZP-2wLEB9Rv6erhFmqVnvg\"]},{\"@type\":\"WebPage\",\"@id\":\"https:\\\/\\\/candas365.es\\\/noticias\\\/genaro-alonso-ha-visitado-la-nueva-sede-de-la-escuela-superior-de-arte-del-principado\\\/#webpage\",\"url\":\"https:\\\/\\\/candas365.es\\\/noticias\\\/genaro-alonso-ha-visitado-la-nueva-sede-de-la-escuela-superior-de-arte-del-principado\\\/\",\"name\":\"Genaro Alonso ha visitado la nueva sede de la Escuela Superior de Arte del Principado | Cand\\u00e1s 365\",\"description\":\"El consejero de Educaci\\u00f3n y Cultura, Genaro Alonso, ha visitado la nueva sede de la Escuela Superior de Arte del Principado, ubicada en Avil\\u00e9s, cuyas obras finalizaron el pasado 1 de junio. Estas instalaciones albergar\\u00e1n, a partir del pr\\u00f3ximo a\\u00f1o, el \\u00e1rea de Conservaci\\u00f3n de Bienes Culturales (especialidades de documento gr\\u00e1fico, escultura y pintura), ubicadas\",\"inLanguage\":\"es-ES\",\"isPartOf\":{\"@id\":\"https:\\\/\\\/candas365.es\\\/noticias\\\/#website\"},\"breadcrumb\":{\"@id\":\"https:\\\/\\\/candas365.es\\\/noticias\\\/genaro-alonso-ha-visitado-la-nueva-sede-de-la-escuela-superior-de-arte-del-principado\\\/#breadcrumblist\"},\"author\":{\"@id\":\"https:\\\/\\\/candas365.es\\\/noticias\\\/author\\\/admin\\\/#author\"},\"creator\":{\"@id\":\"https:\\\/\\\/candas365.es\\\/noticias\\\/author\\\/admin\\\/#author\"},\"image\":{\"@type\":\"ImageObject\",\"url\":\"https:\\\/\\\/candas365.es\\\/noticias\\\/wp-content\\\/uploads\\\/2018\\\/07\\\/escuela-arte-aviles-2.jpg\",\"@id\":\"https:\\\/\\\/candas365.es\\\/noticias\\\/genaro-alonso-ha-visitado-la-nueva-sede-de-la-escuela-superior-de-arte-del-principado\\\/#mainImage\",\"width\":1280,\"height\":666},\"primaryImageOfPage\":{\"@id\":\"https:\\\/\\\/candas365.es\\\/noticias\\\/genaro-alonso-ha-visitado-la-nueva-sede-de-la-escuela-superior-de-arte-del-principado\\\/#mainImage\"},\"datePublished\":\"2018-07-21T16:45:21+02:00\",\"dateModified\":\"2018-07-21T16:45:21+02:00\"},{\"@type\":\"WebSite\",\"@id\":\"https:\\\/\\\/candas365.es\\\/noticias\\\/#website\",\"url\":\"https:\\\/\\\/candas365.es\\\/noticias\\\/\",\"name\":\"Cand\\u00e1s 365\",\"alternateName\":\"Cand\\u00e1s 365 Noticias\",\"description\":\"Actualidad desde Carre\\u00f1o para el mundo\",\"inLanguage\":\"es-ES\",\"publisher\":{\"@id\":\"https:\\\/\\\/candas365.es\\\/noticias\\\/#organization\"}}]}\n\t\t<\/script>\n\t\t<!-- All in One SEO Pro -->\r\n\t\t<title>Genaro Alonso ha visitado la nueva sede de la Escuela Superior de Arte del Principado | Cand\u00e1s 365<\/title>\n\n","aioseo_head_json":{"title":"Genaro Alonso ha visitado la nueva sede de la Escuela Superior de Arte del Principado | Cand\u00e1s 365","description":"El consejero de Educaci\u00f3n y Cultura, Genaro Alonso, ha visitado la nueva sede de la Escuela Superior de Arte del Principado, ubicada en Avil\u00e9s, cuyas obras finalizaron el pasado 1 de junio. Estas instalaciones albergar\u00e1n, a partir del pr\u00f3ximo a\u00f1o, el \u00e1rea de Conservaci\u00f3n de Bienes Culturales (especialidades de documento gr\u00e1fico, escultura y pintura), ubicadas","canonical_url":"https:\/\/candas365.es\/noticias\/genaro-alonso-ha-visitado-la-nueva-sede-de-la-escuela-superior-de-arte-del-principado\/","robots":"max-image-preview:large","keywords":"asturias","webmasterTools":{"google-site-verification":"UA-32230408-1","msvalidate.01":"354F3CDFB2DA171B47FBE9ABF1F88D5","miscellaneous":""},"schema":{"@context":"https:\/\/schema.org","@graph":[{"@type":"BreadcrumbList","@id":"https:\/\/candas365.es\/noticias\/genaro-alonso-ha-visitado-la-nueva-sede-de-la-escuela-superior-de-arte-del-principado\/#breadcrumblist","itemListElement":[{"@type":"ListItem","@id":"https:\/\/candas365.es\/noticias#listItem","position":1,"name":"Home","item":"https:\/\/candas365.es\/noticias","nextItem":{"@type":"ListItem","@id":"https:\/\/candas365.es\/noticias\/category\/asturias\/#listItem","name":"Asturias"}},{"@type":"ListItem","@id":"https:\/\/candas365.es\/noticias\/category\/asturias\/#listItem","position":2,"name":"Asturias","item":"https:\/\/candas365.es\/noticias\/category\/asturias\/","nextItem":{"@type":"ListItem","@id":"https:\/\/candas365.es\/noticias\/genaro-alonso-ha-visitado-la-nueva-sede-de-la-escuela-superior-de-arte-del-principado\/#listItem","name":"Genaro Alonso ha visitado la nueva sede de la Escuela Superior de Arte del Principado"},"previousItem":{"@type":"ListItem","@id":"https:\/\/candas365.es\/noticias#listItem","name":"Home"}},{"@type":"ListItem","@id":"https:\/\/candas365.es\/noticias\/genaro-alonso-ha-visitado-la-nueva-sede-de-la-escuela-superior-de-arte-del-principado\/#listItem","position":3,"name":"Genaro Alonso ha visitado la nueva sede de la Escuela Superior de Arte del Principado","previousItem":{"@type":"ListItem","@id":"https:\/\/candas365.es\/noticias\/category\/asturias\/#listItem","name":"Asturias"}}]},{"@type":"NewsArticle","@id":"https:\/\/candas365.es\/noticias\/genaro-alonso-ha-visitado-la-nueva-sede-de-la-escuela-superior-de-arte-del-principado\/#newsarticle","name":"Genaro Alonso ha visitado la nueva sede de la Escuela Superior de Arte del Principado | Cand\u00e1s 365","headline":"Genaro Alonso ha visitado la nueva sede de la Escuela Superior de Arte del Principado","author":{"@id":"https:\/\/candas365.es\/noticias\/author\/admin\/#author"},"publisher":{"@id":"https:\/\/candas365.es\/noticias\/#organization"},"image":{"@type":"ImageObject","url":"https:\/\/candas365.es\/noticias\/wp-content\/uploads\/2018\/07\/escuela-arte-aviles-2.jpg","width":1280,"height":666},"datePublished":"2018-07-21T16:45:21+02:00","dateModified":"2018-07-21T16:45:21+02:00","inLanguage":"es-ES","mainEntityOfPage":{"@id":"https:\/\/candas365.es\/noticias\/genaro-alonso-ha-visitado-la-nueva-sede-de-la-escuela-superior-de-arte-del-principado\/#webpage"},"isPartOf":{"@id":"https:\/\/candas365.es\/noticias\/genaro-alonso-ha-visitado-la-nueva-sede-de-la-escuela-superior-de-arte-del-principado\/#webpage"},"articleSection":"Asturias","dateline":"Publicado el julio 21, 2018."},{"@type":"Organization","@id":"https:\/\/candas365.es\/noticias\/#organization","name":"Cand\u00e1s 365","description":"Cand\u00e1s 365 es un diario digital independiente, fundado en 2012, con base en Asturias. Informamos con rigor sobre actualidad, sociedad, cultura y ocio, con una mirada local y global.","url":"https:\/\/candas365.es\/noticias\/","email":"info@candas365.es","telephone":"+34652131393","foundingDate":"2012-06-10","logo":{"@type":"ImageObject","url":"https:\/\/candas365.es\/noticias\/wp-content\/uploads\/2024\/09\/Candas-365-Redes.jpg","@id":"https:\/\/candas365.es\/noticias\/genaro-alonso-ha-visitado-la-nueva-sede-de-la-escuela-superior-de-arte-del-principado\/#organizationLogo","width":1152,"height":864,"caption":"Cand\u00e1s 365 Redes"},"image":{"@id":"https:\/\/candas365.es\/noticias\/genaro-alonso-ha-visitado-la-nueva-sede-de-la-escuela-superior-de-arte-del-principado\/#organizationLogo"},"sameAs":["https:\/\/www.facebook.com\/Nachofdezber","https:\/\/x.com\/NabercoDigital","https:\/\/www.instagram.com\/nachofdezber\/","https:\/\/www.youtube.com\/channel\/UCZP-2wLEB9Rv6erhFmqVnvg"],"address":{"@id":"https:\/\/candas365.es\/noticias\/#postaladdress","@type":"PostalAddress","streetAddress":"san antonio 4, san antonio 4","postalCode":"33430","addressLocality":"Cand\u00e1s","addressRegion":"Asturias","addressCountry":"ES"}},{"@type":"Person","@id":"https:\/\/candas365.es\/noticias\/author\/admin\/#author","url":"https:\/\/candas365.es\/noticias\/author\/admin\/","name":"Cand\u00e1s 365","image":{"@type":"ImageObject","@id":"https:\/\/candas365.es\/noticias\/genaro-alonso-ha-visitado-la-nueva-sede-de-la-escuela-superior-de-arte-del-principado\/#authorImage","url":"https:\/\/secure.gravatar.com\/avatar\/496a8e03d0c493ede1718b7934145dbdf8d89be1036b0eec9544e1094c9de390?s=96&d=mm&r=g","width":96,"height":96,"caption":"Cand\u00e1s 365"},"sameAs":["https:\/\/www.facebook.com\/carrenoactualidad","https:\/\/twitter.com\/nbasturias","https:\/\/www.instagram.com\/nachofdezber\/","https:\/\/www.youtube.com\/channel\/UCZP-2wLEB9Rv6erhFmqVnvg"]},{"@type":"WebPage","@id":"https:\/\/candas365.es\/noticias\/genaro-alonso-ha-visitado-la-nueva-sede-de-la-escuela-superior-de-arte-del-principado\/#webpage","url":"https:\/\/candas365.es\/noticias\/genaro-alonso-ha-visitado-la-nueva-sede-de-la-escuela-superior-de-arte-del-principado\/","name":"Genaro Alonso ha visitado la nueva sede de la Escuela Superior de Arte del Principado | Cand\u00e1s 365","description":"El consejero de Educaci\u00f3n y Cultura, Genaro Alonso, ha visitado la nueva sede de la Escuela Superior de Arte del Principado, ubicada en Avil\u00e9s, cuyas obras finalizaron el pasado 1 de junio. Estas instalaciones albergar\u00e1n, a partir del pr\u00f3ximo a\u00f1o, el \u00e1rea de Conservaci\u00f3n de Bienes Culturales (especialidades de documento gr\u00e1fico, escultura y pintura), ubicadas","inLanguage":"es-ES","isPartOf":{"@id":"https:\/\/candas365.es\/noticias\/#website"},"breadcrumb":{"@id":"https:\/\/candas365.es\/noticias\/genaro-alonso-ha-visitado-la-nueva-sede-de-la-escuela-superior-de-arte-del-principado\/#breadcrumblist"},"author":{"@id":"https:\/\/candas365.es\/noticias\/author\/admin\/#author"},"creator":{"@id":"https:\/\/candas365.es\/noticias\/author\/admin\/#author"},"image":{"@type":"ImageObject","url":"https:\/\/candas365.es\/noticias\/wp-content\/uploads\/2018\/07\/escuela-arte-aviles-2.jpg","@id":"https:\/\/candas365.es\/noticias\/genaro-alonso-ha-visitado-la-nueva-sede-de-la-escuela-superior-de-arte-del-principado\/#mainImage","width":1280,"height":666},"primaryImageOfPage":{"@id":"https:\/\/candas365.es\/noticias\/genaro-alonso-ha-visitado-la-nueva-sede-de-la-escuela-superior-de-arte-del-principado\/#mainImage"},"datePublished":"2018-07-21T16:45:21+02:00","dateModified":"2018-07-21T16:45:21+02:00"},{"@type":"WebSite","@id":"https:\/\/candas365.es\/noticias\/#website","url":"https:\/\/candas365.es\/noticias\/","name":"Cand\u00e1s 365","alternateName":"Cand\u00e1s 365 Noticias","description":"Actualidad desde Carre\u00f1o para el mundo","inLanguage":"es-ES","publisher":{"@id":"https:\/\/candas365.es\/noticias\/#organization"}}]},"og:locale":"es_ES","og:site_name":"Cand\u00e1s 365","og:type":"article","og:title":"Genaro Alonso ha visitado la nueva sede de la Escuela Superior de Arte del Principado | Cand\u00e1s 365","og:description":"El consejero de Educaci\u00f3n y Cultura, Genaro Alonso, ha visitado la nueva sede de la Escuela Superior de Arte del Principado, ubicada en Avil\u00e9s, cuyas obras finalizaron el pasado 1 de junio. Estas instalaciones albergar\u00e1n, a partir del pr\u00f3ximo a\u00f1o, el \u00e1rea de Conservaci\u00f3n de Bienes Culturales (especialidades de documento gr\u00e1fico, escultura y pintura), ubicadas","og:url":"https:\/\/candas365.es\/noticias\/genaro-alonso-ha-visitado-la-nueva-sede-de-la-escuela-superior-de-arte-del-principado\/","og:image":"https:\/\/candas365.es\/noticias\/wp-content\/uploads\/2018\/07\/escuela-arte-aviles-2.jpg","og:image:secure_url":"https:\/\/candas365.es\/noticias\/wp-content\/uploads\/2018\/07\/escuela-arte-aviles-2.jpg","og:image:width":1280,"og:image:height":666,"article:published_time":"2018-07-21T16:45:21+00:00","article:modified_time":"2018-07-21T16:45:21+00:00","article:publisher":"https:\/\/www.facebook.com\/Nachofdezber","article:author":"https:\/\/www.facebook.com\/carrenoactualidad","twitter:card":"summary_large_image","twitter:site":"@NabercoDigital","twitter:title":"Genaro Alonso ha visitado la nueva sede de la Escuela Superior de Arte del Principado | Cand\u00e1s 365","twitter:description":"El consejero de Educaci\u00f3n y Cultura, Genaro Alonso, ha visitado la nueva sede de la Escuela Superior de Arte del Principado, ubicada en Avil\u00e9s, cuyas obras finalizaron el pasado 1 de junio. Estas instalaciones albergar\u00e1n, a partir del pr\u00f3ximo a\u00f1o, el \u00e1rea de Conservaci\u00f3n de Bienes Culturales (especialidades de documento gr\u00e1fico, escultura y pintura), ubicadas","twitter:creator":"@nbasturias","twitter:image":"https:\/\/candas365.es\/noticias\/wp-content\/uploads\/2018\/07\/escuela-arte-aviles-2.jpg","twitter:label1":"Escrito por","twitter:data1":"Cand\u00e1s 365","twitter:label2":"Tiempo de lectura estimado","twitter:data2":"3 minutos"},"aioseo_meta_data":{"post_id":"100850","title":null,"description":null,"keywords":null,"keyphrases":null,"primary_term":null,"canonical_url":null,"og_title":null,"og_description":null,"og_object_type":"default","og_image_type":"default","og_image_url":null,"og_image_width":null,"og_image_height":null,"og_image_custom_url":null,"og_image_custom_fields":null,"og_video":null,"og_custom_url":null,"og_article_section":null,"og_article_tags":null,"twitter_use_og":false,"twitter_card":"default","twitter_image_type":"default","twitter_image_url":null,"twitter_image_custom_url":null,"twitter_image_custom_fields":null,"twitter_title":null,"twitter_description":null,"schema":{"blockGraphs":[],"customGraphs":[],"default":{"data":{"Article":[],"Course":[],"Dataset":[],"FAQPage":[],"Movie":[],"Person":[],"Product":[],"ProductReview":[],"Car":[],"Recipe":[],"Service":[],"SoftwareApplication":[],"WebPage":[]},"graphName":"","isEnabled":true},"graphs":[]},"schema_type":null,"schema_type_options":null,"pillar_content":false,"robots_default":true,"robots_noindex":false,"robots_noarchive":false,"robots_nosnippet":false,"robots_nofollow":false,"robots_noimageindex":false,"robots_noodp":false,"robots_notranslate":false,"robots_max_snippet":null,"robots_max_videopreview":null,"robots_max_imagepreview":"large","priority":null,"frequency":null,"location":null,"local_seo":null,"seo_analyzer_scan_date":"2025-08-27 09:56:13","breadcrumb_settings":null,"limit_modified_date":false,"reviewed_by":null,"open_ai":null,"ai":null,"created":"2020-12-21 11:48:28","updated":"2025-08-27 09:56:13"},"aioseo_breadcrumb":"<div class=\"aioseo-breadcrumbs\"><span class=\"aioseo-breadcrumb\">\n\t<a href=\"https:\/\/candas365.es\/noticias\" title=\"Home\">Home<\/a>\n<\/span><span class=\"aioseo-breadcrumb-separator\">&ndash;<\/span><span class=\"aioseo-breadcrumb\">\n\t<a href=\"https:\/\/candas365.es\/noticias\/category\/asturias\/\" title=\"Asturias\">Asturias<\/a>\n<\/span><span class=\"aioseo-breadcrumb-separator\">&ndash;<\/span><span class=\"aioseo-breadcrumb\">\n\tGenaro Alonso ha visitado la nueva sede de la Escuela Superior de Arte del Principado\n<\/span><\/div>","aioseo_breadcrumb_json":[{"label":"Home","link":"https:\/\/candas365.es\/noticias"},{"label":"Asturias","link":"https:\/\/candas365.es\/noticias\/category\/asturias\/"},{"label":"Genaro Alonso ha visitado la nueva sede de la Escuela Superior de Arte del Principado","link":"https:\/\/candas365.es\/noticias\/genaro-alonso-ha-visitado-la-nueva-sede-de-la-escuela-superior-de-arte-del-principado\/"}],"_links":{"self":[{"href":"https:\/\/candas365.es\/noticias\/wp-json\/wp\/v2\/posts\/100850","targetHints":{"allow":["GET"]}}],"collection":[{"href":"https:\/\/candas365.es\/noticias\/wp-json\/wp\/v2\/posts"}],"about":[{"href":"https:\/\/candas365.es\/noticias\/wp-json\/wp\/v2\/types\/post"}],"author":[{"embeddable":true,"href":"https:\/\/candas365.es\/noticias\/wp-json\/wp\/v2\/users\/1"}],"replies":[{"embeddable":true,"href":"https:\/\/candas365.es\/noticias\/wp-json\/wp\/v2\/comments?post=100850"}],"version-history":[{"count":0,"href":"https:\/\/candas365.es\/noticias\/wp-json\/wp\/v2\/posts\/100850\/revisions"}],"wp:featuredmedia":[{"embeddable":true,"href":"https:\/\/candas365.es\/noticias\/wp-json\/wp\/v2\/media\/100851"}],"wp:attachment":[{"href":"https:\/\/candas365.es\/noticias\/wp-json\/wp\/v2\/media?parent=100850"}],"wp:term":[{"taxonomy":"category","embeddable":true,"href":"https:\/\/candas365.es\/noticias\/wp-json\/wp\/v2\/categories?post=100850"},{"taxonomy":"post_tag","embeddable":true,"href":"https:\/\/candas365.es\/noticias\/wp-json\/wp\/v2\/tags?post=100850"}],"curies":[{"name":"wp","href":"https:\/\/api.w.org\/{rel}","templated":true}]}}