{"id":100843,"date":"2018-07-21T14:02:22","date_gmt":"2018-07-21T14:02:22","guid":{"rendered":"http:\/\/candas365.es\/noticias\/?p=100843"},"modified":"2018-07-21T14:02:22","modified_gmt":"2018-07-21T14:02:22","slug":"dolores-carcedo-visita-la-casa-consistorial-de-castropol","status":"publish","type":"post","link":"https:\/\/candas365.es\/noticias\/dolores-carcedo-visita-la-casa-consistorial-de-castropol\/","title":{"rendered":"Dolores Carcedo visita la casa consistorial de Castropol"},"content":{"rendered":"<p><img fetchpriority=\"high\" decoding=\"async\" class=\"alignleft size-medium wp-image-100844\" src=\"https:\/\/candas365.es\/noticias\/wp-content\/uploads\/2018\/07\/visita-castropol-360x270.jpeg\" alt=\"\" width=\"360\" height=\"270\" srcset=\"https:\/\/candas365.es\/noticias\/wp-content\/uploads\/2018\/07\/visita-castropol-360x270.jpeg 360w, https:\/\/candas365.es\/noticias\/wp-content\/uploads\/2018\/07\/visita-castropol-768x576.jpeg 768w, https:\/\/candas365.es\/noticias\/wp-content\/uploads\/2018\/07\/visita-castropol-640x480.jpeg 640w, https:\/\/candas365.es\/noticias\/wp-content\/uploads\/2018\/07\/visita-castropol-80x60.jpeg 80w, https:\/\/candas365.es\/noticias\/wp-content\/uploads\/2018\/07\/visita-castropol-265x198.jpeg 265w, https:\/\/candas365.es\/noticias\/wp-content\/uploads\/2018\/07\/visita-castropol-696x522.jpeg 696w, https:\/\/candas365.es\/noticias\/wp-content\/uploads\/2018\/07\/visita-castropol-1068x802.jpeg 1068w, https:\/\/candas365.es\/noticias\/wp-content\/uploads\/2018\/07\/visita-castropol-560x420.jpeg 560w, https:\/\/candas365.es\/noticias\/wp-content\/uploads\/2018\/07\/visita-castropol.jpeg 1599w\" sizes=\"(max-width: 360px) 100vw, 360px\" \/>La consejera de Hacienda y Sector P\u00fablico, Dolores Carcedo, ha participado hoy en el acto de inauguraci\u00f3n de las obras de mejora y reforma de la casa consistorial de Castropol, que ha cofinanciado el Principado con una aportaci\u00f3n de 900.000 euros, gracias al convenio suscrito por ambas administraciones en 2014. La inversi\u00f3n total fue de 1.214.957 euros.<\/p>\n<p>La consejera, que ha estado acompa\u00f1ada por el alcalde de Castropol, Jos\u00e9 \u00c1ngel P\u00e9rez; el director general de Administraci\u00f3n Local, Ricardo Su\u00e1rez, y varios miembros de la corporaci\u00f3n municipal, ha explicado que \u201chemos podido comprobar que se ha hecho un gran trabajo para reformar y modernizar la casa consistorial que, adem\u00e1s, est\u00e1 ubicada en un edificio hist\u00f3rico\u201d.<\/p>\n<p>La actuaci\u00f3n se llev\u00f3 a cabo tanto en el exterior como en el interior del inmueble, para reformar la cubierta y los revestimientos. En el interior se realiz\u00f3 un vaciado del edificio para conseguir una nueva distribuci\u00f3n que permitiera contar con unas dependencias m\u00e1s funcionales y modernas. La mejora de la accesibilidad era tambi\u00e9n uno de los principales objetivos, para lo que se construy\u00f3 una rampa de acceso y se instal\u00f3 un ascensor.<\/p>\n<p>Las obras tambi\u00e9n incluyeron una renovaci\u00f3n de las redes de saneamiento, telecomunicaciones, electricidad y calefacci\u00f3n, donde se tuvo en cuenta la eficiencia energ\u00e9tica, por ejemplo, a trav\u00e9s de la instalaci\u00f3n de un sistema de calefacci\u00f3n por suelo radiante o la utilizaci\u00f3n de tecnolog\u00eda LED para la iluminaci\u00f3n, dos aspectos que reducen el consumo.<\/p>\n","protected":false},"excerpt":{"rendered":"<p>La consejera de Hacienda y Sector P\u00fablico, Dolores Carcedo, ha participado hoy en el acto de inauguraci\u00f3n de las obras de mejora y reforma de la casa consistorial de Castropol, que ha cofinanciado el Principado con una aportaci\u00f3n de 900.000 euros, gracias al convenio suscrito por ambas administraciones en 2014. La inversi\u00f3n total fue de<\/p>\n","protected":false},"author":1,"featured_media":100844,"comment_status":"closed","ping_status":"closed","sticky":false,"template":"","format":"standard","meta":{"footnotes":""},"categories":[7],"tags":[],"class_list":{"0":"post-100843","1":"post","2":"type-post","3":"status-publish","4":"format-standard","5":"has-post-thumbnail","7":"category-asturias"},"aioseo_notices":[],"aioseo_head":"\n\t\t<!-- All in One SEO Pro 4.9.6.2 - aioseo.com -->\n\t<meta name=\"description\" content=\"La consejera de Hacienda y Sector P\u00fablico, Dolores Carcedo, ha participado hoy en el acto de inauguraci\u00f3n de las obras de mejora y reforma de la casa consistorial de Castropol, que ha cofinanciado el Principado con una aportaci\u00f3n de 900.000 euros, gracias al convenio suscrito por ambas administraciones en 2014. La inversi\u00f3n total fue de\" \/>\n\t<meta name=\"robots\" content=\"max-image-preview:large\" \/>\n\t<meta name=\"author\" content=\"Cand\u00e1s 365\"\/>\n\t<meta name=\"google-site-verification\" content=\"UA-32230408-1\" \/>\n\t<meta name=\"msvalidate.01\" content=\"354F3CDFB2DA171B47FBE9ABF1F88D5\" \/>\n\t<meta name=\"keywords\" content=\"asturias\" \/>\n\t<link rel=\"canonical\" href=\"https:\/\/candas365.es\/noticias\/dolores-carcedo-visita-la-casa-consistorial-de-castropol\/\" \/>\n\t<meta name=\"generator\" content=\"All in One SEO Pro (AIOSEO) 4.9.6.2\" \/>\n\t\t<meta property=\"og:locale\" content=\"es_ES\" \/>\n\t\t<meta property=\"og:site_name\" content=\"Cand\u00e1s 365\" \/>\n\t\t<meta property=\"og:type\" content=\"article\" \/>\n\t\t<meta property=\"og:title\" content=\"Dolores Carcedo visita la casa consistorial de Castropol | Cand\u00e1s 365\" \/>\n\t\t<meta property=\"og:description\" content=\"La consejera de Hacienda y Sector P\u00fablico, Dolores Carcedo, ha participado hoy en el acto de inauguraci\u00f3n de las obras de mejora y reforma de la casa consistorial de Castropol, que ha cofinanciado el Principado con una aportaci\u00f3n de 900.000 euros, gracias al convenio suscrito por ambas administraciones en 2014. La inversi\u00f3n total fue de\" \/>\n\t\t<meta property=\"og:url\" content=\"https:\/\/candas365.es\/noticias\/dolores-carcedo-visita-la-casa-consistorial-de-castropol\/\" \/>\n\t\t<meta property=\"og:image\" content=\"https:\/\/candas365.es\/noticias\/wp-content\/uploads\/2018\/07\/visita-castropol.jpeg\" \/>\n\t\t<meta property=\"og:image:secure_url\" content=\"https:\/\/candas365.es\/noticias\/wp-content\/uploads\/2018\/07\/visita-castropol.jpeg\" \/>\n\t\t<meta property=\"og:image:width\" content=\"1599\" \/>\n\t\t<meta property=\"og:image:height\" content=\"1200\" \/>\n\t\t<meta property=\"article:published_time\" content=\"2018-07-21T14:02:22+00:00\" \/>\n\t\t<meta property=\"article:modified_time\" content=\"2018-07-21T14:02:22+00:00\" \/>\n\t\t<meta property=\"article:publisher\" content=\"https:\/\/www.facebook.com\/Nachofdezber\" \/>\n\t\t<meta property=\"article:author\" content=\"https:\/\/www.facebook.com\/carrenoactualidad\" \/>\n\t\t<meta name=\"twitter:card\" content=\"summary_large_image\" \/>\n\t\t<meta name=\"twitter:site\" content=\"@NabercoDigital\" \/>\n\t\t<meta name=\"twitter:title\" content=\"Dolores Carcedo visita la casa consistorial de Castropol | Cand\u00e1s 365\" \/>\n\t\t<meta name=\"twitter:description\" content=\"La consejera de Hacienda y Sector P\u00fablico, Dolores Carcedo, ha participado hoy en el acto de inauguraci\u00f3n de las obras de mejora y reforma de la casa consistorial de Castropol, que ha cofinanciado el Principado con una aportaci\u00f3n de 900.000 euros, gracias al convenio suscrito por ambas administraciones en 2014. La inversi\u00f3n total fue de\" \/>\n\t\t<meta name=\"twitter:creator\" content=\"@nbasturias\" \/>\n\t\t<meta name=\"twitter:image\" content=\"https:\/\/candas365.es\/noticias\/wp-content\/uploads\/2018\/07\/visita-castropol.jpeg\" \/>\n\t\t<meta name=\"twitter:label1\" content=\"Escrito por\" \/>\n\t\t<meta name=\"twitter:data1\" content=\"Cand\u00e1s 365\" \/>\n\t\t<meta name=\"twitter:label2\" content=\"Tiempo de lectura estimado\" \/>\n\t\t<meta name=\"twitter:data2\" content=\"1 minuto\" \/>\n\t\t<script type=\"application\/ld+json\" class=\"aioseo-schema\">\n\t\t\t{\"@context\":\"https:\\\/\\\/schema.org\",\"@graph\":[{\"@type\":\"BreadcrumbList\",\"@id\":\"https:\\\/\\\/candas365.es\\\/noticias\\\/dolores-carcedo-visita-la-casa-consistorial-de-castropol\\\/#breadcrumblist\",\"itemListElement\":[{\"@type\":\"ListItem\",\"@id\":\"https:\\\/\\\/candas365.es\\\/noticias#listItem\",\"position\":1,\"name\":\"Home\",\"item\":\"https:\\\/\\\/candas365.es\\\/noticias\",\"nextItem\":{\"@type\":\"ListItem\",\"@id\":\"https:\\\/\\\/candas365.es\\\/noticias\\\/category\\\/asturias\\\/#listItem\",\"name\":\"Asturias\"}},{\"@type\":\"ListItem\",\"@id\":\"https:\\\/\\\/candas365.es\\\/noticias\\\/category\\\/asturias\\\/#listItem\",\"position\":2,\"name\":\"Asturias\",\"item\":\"https:\\\/\\\/candas365.es\\\/noticias\\\/category\\\/asturias\\\/\",\"nextItem\":{\"@type\":\"ListItem\",\"@id\":\"https:\\\/\\\/candas365.es\\\/noticias\\\/dolores-carcedo-visita-la-casa-consistorial-de-castropol\\\/#listItem\",\"name\":\"Dolores Carcedo visita la casa consistorial de Castropol\"},\"previousItem\":{\"@type\":\"ListItem\",\"@id\":\"https:\\\/\\\/candas365.es\\\/noticias#listItem\",\"name\":\"Home\"}},{\"@type\":\"ListItem\",\"@id\":\"https:\\\/\\\/candas365.es\\\/noticias\\\/dolores-carcedo-visita-la-casa-consistorial-de-castropol\\\/#listItem\",\"position\":3,\"name\":\"Dolores Carcedo visita la casa consistorial de Castropol\",\"previousItem\":{\"@type\":\"ListItem\",\"@id\":\"https:\\\/\\\/candas365.es\\\/noticias\\\/category\\\/asturias\\\/#listItem\",\"name\":\"Asturias\"}}]},{\"@type\":\"NewsArticle\",\"@id\":\"https:\\\/\\\/candas365.es\\\/noticias\\\/dolores-carcedo-visita-la-casa-consistorial-de-castropol\\\/#newsarticle\",\"name\":\"Dolores Carcedo visita la casa consistorial de Castropol | Cand\\u00e1s 365\",\"headline\":\"Dolores Carcedo visita la casa consistorial de Castropol\",\"author\":{\"@id\":\"https:\\\/\\\/candas365.es\\\/noticias\\\/author\\\/admin\\\/#author\"},\"publisher\":{\"@id\":\"https:\\\/\\\/candas365.es\\\/noticias\\\/#organization\"},\"image\":{\"@type\":\"ImageObject\",\"url\":\"https:\\\/\\\/candas365.es\\\/noticias\\\/wp-content\\\/uploads\\\/2018\\\/07\\\/visita-castropol.jpeg\",\"width\":1599,\"height\":1200},\"datePublished\":\"2018-07-21T14:02:22+02:00\",\"dateModified\":\"2018-07-21T14:02:22+02:00\",\"inLanguage\":\"es-ES\",\"mainEntityOfPage\":{\"@id\":\"https:\\\/\\\/candas365.es\\\/noticias\\\/dolores-carcedo-visita-la-casa-consistorial-de-castropol\\\/#webpage\"},\"isPartOf\":{\"@id\":\"https:\\\/\\\/candas365.es\\\/noticias\\\/dolores-carcedo-visita-la-casa-consistorial-de-castropol\\\/#webpage\"},\"articleSection\":\"Asturias\",\"dateline\":\"Publicado el julio 21, 2018.\"},{\"@type\":\"Organization\",\"@id\":\"https:\\\/\\\/candas365.es\\\/noticias\\\/#organization\",\"name\":\"Cand\\u00e1s 365\",\"description\":\"Cand\\u00e1s 365 es un diario digital independiente, fundado en 2012, con base en Asturias. Informamos con rigor sobre actualidad, sociedad, cultura y ocio, con una mirada local y global.\",\"url\":\"https:\\\/\\\/candas365.es\\\/noticias\\\/\",\"email\":\"info@candas365.es\",\"telephone\":\"+34652131393\",\"foundingDate\":\"2012-06-10\",\"logo\":{\"@type\":\"ImageObject\",\"url\":\"https:\\\/\\\/candas365.es\\\/noticias\\\/wp-content\\\/uploads\\\/2024\\\/09\\\/Candas-365-Redes.jpg\",\"@id\":\"https:\\\/\\\/candas365.es\\\/noticias\\\/dolores-carcedo-visita-la-casa-consistorial-de-castropol\\\/#organizationLogo\",\"width\":1152,\"height\":864,\"caption\":\"Cand\\u00e1s 365 Redes\"},\"image\":{\"@id\":\"https:\\\/\\\/candas365.es\\\/noticias\\\/dolores-carcedo-visita-la-casa-consistorial-de-castropol\\\/#organizationLogo\"},\"sameAs\":[\"https:\\\/\\\/www.facebook.com\\\/Nachofdezber\",\"https:\\\/\\\/x.com\\\/NabercoDigital\",\"https:\\\/\\\/www.instagram.com\\\/nachofdezber\\\/\",\"https:\\\/\\\/www.youtube.com\\\/channel\\\/UCZP-2wLEB9Rv6erhFmqVnvg\"],\"address\":{\"@id\":\"https:\\\/\\\/candas365.es\\\/noticias\\\/#postaladdress\",\"@type\":\"PostalAddress\",\"streetAddress\":\"san antonio 4, san antonio 4\",\"postalCode\":\"33430\",\"addressLocality\":\"Cand\\u00e1s\",\"addressRegion\":\"Asturias\",\"addressCountry\":\"ES\"}},{\"@type\":\"Person\",\"@id\":\"https:\\\/\\\/candas365.es\\\/noticias\\\/author\\\/admin\\\/#author\",\"url\":\"https:\\\/\\\/candas365.es\\\/noticias\\\/author\\\/admin\\\/\",\"name\":\"Cand\\u00e1s 365\",\"image\":{\"@type\":\"ImageObject\",\"@id\":\"https:\\\/\\\/candas365.es\\\/noticias\\\/dolores-carcedo-visita-la-casa-consistorial-de-castropol\\\/#authorImage\",\"url\":\"https:\\\/\\\/secure.gravatar.com\\\/avatar\\\/496a8e03d0c493ede1718b7934145dbdf8d89be1036b0eec9544e1094c9de390?s=96&d=mm&r=g\",\"width\":96,\"height\":96,\"caption\":\"Cand\\u00e1s 365\"},\"sameAs\":[\"https:\\\/\\\/www.facebook.com\\\/carrenoactualidad\",\"https:\\\/\\\/twitter.com\\\/nbasturias\",\"https:\\\/\\\/www.instagram.com\\\/nachofdezber\\\/\",\"https:\\\/\\\/www.youtube.com\\\/channel\\\/UCZP-2wLEB9Rv6erhFmqVnvg\"]},{\"@type\":\"WebPage\",\"@id\":\"https:\\\/\\\/candas365.es\\\/noticias\\\/dolores-carcedo-visita-la-casa-consistorial-de-castropol\\\/#webpage\",\"url\":\"https:\\\/\\\/candas365.es\\\/noticias\\\/dolores-carcedo-visita-la-casa-consistorial-de-castropol\\\/\",\"name\":\"Dolores Carcedo visita la casa consistorial de Castropol | Cand\\u00e1s 365\",\"description\":\"La consejera de Hacienda y Sector P\\u00fablico, Dolores Carcedo, ha participado hoy en el acto de inauguraci\\u00f3n de las obras de mejora y reforma de la casa consistorial de Castropol, que ha cofinanciado el Principado con una aportaci\\u00f3n de 900.000 euros, gracias al convenio suscrito por ambas administraciones en 2014. La inversi\\u00f3n total fue de\",\"inLanguage\":\"es-ES\",\"isPartOf\":{\"@id\":\"https:\\\/\\\/candas365.es\\\/noticias\\\/#website\"},\"breadcrumb\":{\"@id\":\"https:\\\/\\\/candas365.es\\\/noticias\\\/dolores-carcedo-visita-la-casa-consistorial-de-castropol\\\/#breadcrumblist\"},\"author\":{\"@id\":\"https:\\\/\\\/candas365.es\\\/noticias\\\/author\\\/admin\\\/#author\"},\"creator\":{\"@id\":\"https:\\\/\\\/candas365.es\\\/noticias\\\/author\\\/admin\\\/#author\"},\"image\":{\"@type\":\"ImageObject\",\"url\":\"https:\\\/\\\/candas365.es\\\/noticias\\\/wp-content\\\/uploads\\\/2018\\\/07\\\/visita-castropol.jpeg\",\"@id\":\"https:\\\/\\\/candas365.es\\\/noticias\\\/dolores-carcedo-visita-la-casa-consistorial-de-castropol\\\/#mainImage\",\"width\":1599,\"height\":1200},\"primaryImageOfPage\":{\"@id\":\"https:\\\/\\\/candas365.es\\\/noticias\\\/dolores-carcedo-visita-la-casa-consistorial-de-castropol\\\/#mainImage\"},\"datePublished\":\"2018-07-21T14:02:22+02:00\",\"dateModified\":\"2018-07-21T14:02:22+02:00\"},{\"@type\":\"WebSite\",\"@id\":\"https:\\\/\\\/candas365.es\\\/noticias\\\/#website\",\"url\":\"https:\\\/\\\/candas365.es\\\/noticias\\\/\",\"name\":\"Cand\\u00e1s 365\",\"alternateName\":\"Cand\\u00e1s 365 Noticias\",\"description\":\"Actualidad desde Carre\\u00f1o para el mundo\",\"inLanguage\":\"es-ES\",\"publisher\":{\"@id\":\"https:\\\/\\\/candas365.es\\\/noticias\\\/#organization\"}}]}\n\t\t<\/script>\n\t\t<!-- All in One SEO Pro -->\r\n\t\t<title>Dolores Carcedo visita la casa consistorial de Castropol | Cand\u00e1s 365<\/title>\n\n","aioseo_head_json":{"title":"Dolores Carcedo visita la casa consistorial de Castropol | Cand\u00e1s 365","description":"La consejera de Hacienda y Sector P\u00fablico, Dolores Carcedo, ha participado hoy en el acto de inauguraci\u00f3n de las obras de mejora y reforma de la casa consistorial de Castropol, que ha cofinanciado el Principado con una aportaci\u00f3n de 900.000 euros, gracias al convenio suscrito por ambas administraciones en 2014. La inversi\u00f3n total fue de","canonical_url":"https:\/\/candas365.es\/noticias\/dolores-carcedo-visita-la-casa-consistorial-de-castropol\/","robots":"max-image-preview:large","keywords":"asturias","webmasterTools":{"google-site-verification":"UA-32230408-1","msvalidate.01":"354F3CDFB2DA171B47FBE9ABF1F88D5","miscellaneous":""},"schema":{"@context":"https:\/\/schema.org","@graph":[{"@type":"BreadcrumbList","@id":"https:\/\/candas365.es\/noticias\/dolores-carcedo-visita-la-casa-consistorial-de-castropol\/#breadcrumblist","itemListElement":[{"@type":"ListItem","@id":"https:\/\/candas365.es\/noticias#listItem","position":1,"name":"Home","item":"https:\/\/candas365.es\/noticias","nextItem":{"@type":"ListItem","@id":"https:\/\/candas365.es\/noticias\/category\/asturias\/#listItem","name":"Asturias"}},{"@type":"ListItem","@id":"https:\/\/candas365.es\/noticias\/category\/asturias\/#listItem","position":2,"name":"Asturias","item":"https:\/\/candas365.es\/noticias\/category\/asturias\/","nextItem":{"@type":"ListItem","@id":"https:\/\/candas365.es\/noticias\/dolores-carcedo-visita-la-casa-consistorial-de-castropol\/#listItem","name":"Dolores Carcedo visita la casa consistorial de Castropol"},"previousItem":{"@type":"ListItem","@id":"https:\/\/candas365.es\/noticias#listItem","name":"Home"}},{"@type":"ListItem","@id":"https:\/\/candas365.es\/noticias\/dolores-carcedo-visita-la-casa-consistorial-de-castropol\/#listItem","position":3,"name":"Dolores Carcedo visita la casa consistorial de Castropol","previousItem":{"@type":"ListItem","@id":"https:\/\/candas365.es\/noticias\/category\/asturias\/#listItem","name":"Asturias"}}]},{"@type":"NewsArticle","@id":"https:\/\/candas365.es\/noticias\/dolores-carcedo-visita-la-casa-consistorial-de-castropol\/#newsarticle","name":"Dolores Carcedo visita la casa consistorial de Castropol | Cand\u00e1s 365","headline":"Dolores Carcedo visita la casa consistorial de Castropol","author":{"@id":"https:\/\/candas365.es\/noticias\/author\/admin\/#author"},"publisher":{"@id":"https:\/\/candas365.es\/noticias\/#organization"},"image":{"@type":"ImageObject","url":"https:\/\/candas365.es\/noticias\/wp-content\/uploads\/2018\/07\/visita-castropol.jpeg","width":1599,"height":1200},"datePublished":"2018-07-21T14:02:22+02:00","dateModified":"2018-07-21T14:02:22+02:00","inLanguage":"es-ES","mainEntityOfPage":{"@id":"https:\/\/candas365.es\/noticias\/dolores-carcedo-visita-la-casa-consistorial-de-castropol\/#webpage"},"isPartOf":{"@id":"https:\/\/candas365.es\/noticias\/dolores-carcedo-visita-la-casa-consistorial-de-castropol\/#webpage"},"articleSection":"Asturias","dateline":"Publicado el julio 21, 2018."},{"@type":"Organization","@id":"https:\/\/candas365.es\/noticias\/#organization","name":"Cand\u00e1s 365","description":"Cand\u00e1s 365 es un diario digital independiente, fundado en 2012, con base en Asturias. Informamos con rigor sobre actualidad, sociedad, cultura y ocio, con una mirada local y global.","url":"https:\/\/candas365.es\/noticias\/","email":"info@candas365.es","telephone":"+34652131393","foundingDate":"2012-06-10","logo":{"@type":"ImageObject","url":"https:\/\/candas365.es\/noticias\/wp-content\/uploads\/2024\/09\/Candas-365-Redes.jpg","@id":"https:\/\/candas365.es\/noticias\/dolores-carcedo-visita-la-casa-consistorial-de-castropol\/#organizationLogo","width":1152,"height":864,"caption":"Cand\u00e1s 365 Redes"},"image":{"@id":"https:\/\/candas365.es\/noticias\/dolores-carcedo-visita-la-casa-consistorial-de-castropol\/#organizationLogo"},"sameAs":["https:\/\/www.facebook.com\/Nachofdezber","https:\/\/x.com\/NabercoDigital","https:\/\/www.instagram.com\/nachofdezber\/","https:\/\/www.youtube.com\/channel\/UCZP-2wLEB9Rv6erhFmqVnvg"],"address":{"@id":"https:\/\/candas365.es\/noticias\/#postaladdress","@type":"PostalAddress","streetAddress":"san antonio 4, san antonio 4","postalCode":"33430","addressLocality":"Cand\u00e1s","addressRegion":"Asturias","addressCountry":"ES"}},{"@type":"Person","@id":"https:\/\/candas365.es\/noticias\/author\/admin\/#author","url":"https:\/\/candas365.es\/noticias\/author\/admin\/","name":"Cand\u00e1s 365","image":{"@type":"ImageObject","@id":"https:\/\/candas365.es\/noticias\/dolores-carcedo-visita-la-casa-consistorial-de-castropol\/#authorImage","url":"https:\/\/secure.gravatar.com\/avatar\/496a8e03d0c493ede1718b7934145dbdf8d89be1036b0eec9544e1094c9de390?s=96&d=mm&r=g","width":96,"height":96,"caption":"Cand\u00e1s 365"},"sameAs":["https:\/\/www.facebook.com\/carrenoactualidad","https:\/\/twitter.com\/nbasturias","https:\/\/www.instagram.com\/nachofdezber\/","https:\/\/www.youtube.com\/channel\/UCZP-2wLEB9Rv6erhFmqVnvg"]},{"@type":"WebPage","@id":"https:\/\/candas365.es\/noticias\/dolores-carcedo-visita-la-casa-consistorial-de-castropol\/#webpage","url":"https:\/\/candas365.es\/noticias\/dolores-carcedo-visita-la-casa-consistorial-de-castropol\/","name":"Dolores Carcedo visita la casa consistorial de Castropol | Cand\u00e1s 365","description":"La consejera de Hacienda y Sector P\u00fablico, Dolores Carcedo, ha participado hoy en el acto de inauguraci\u00f3n de las obras de mejora y reforma de la casa consistorial de Castropol, que ha cofinanciado el Principado con una aportaci\u00f3n de 900.000 euros, gracias al convenio suscrito por ambas administraciones en 2014. La inversi\u00f3n total fue de","inLanguage":"es-ES","isPartOf":{"@id":"https:\/\/candas365.es\/noticias\/#website"},"breadcrumb":{"@id":"https:\/\/candas365.es\/noticias\/dolores-carcedo-visita-la-casa-consistorial-de-castropol\/#breadcrumblist"},"author":{"@id":"https:\/\/candas365.es\/noticias\/author\/admin\/#author"},"creator":{"@id":"https:\/\/candas365.es\/noticias\/author\/admin\/#author"},"image":{"@type":"ImageObject","url":"https:\/\/candas365.es\/noticias\/wp-content\/uploads\/2018\/07\/visita-castropol.jpeg","@id":"https:\/\/candas365.es\/noticias\/dolores-carcedo-visita-la-casa-consistorial-de-castropol\/#mainImage","width":1599,"height":1200},"primaryImageOfPage":{"@id":"https:\/\/candas365.es\/noticias\/dolores-carcedo-visita-la-casa-consistorial-de-castropol\/#mainImage"},"datePublished":"2018-07-21T14:02:22+02:00","dateModified":"2018-07-21T14:02:22+02:00"},{"@type":"WebSite","@id":"https:\/\/candas365.es\/noticias\/#website","url":"https:\/\/candas365.es\/noticias\/","name":"Cand\u00e1s 365","alternateName":"Cand\u00e1s 365 Noticias","description":"Actualidad desde Carre\u00f1o para el mundo","inLanguage":"es-ES","publisher":{"@id":"https:\/\/candas365.es\/noticias\/#organization"}}]},"og:locale":"es_ES","og:site_name":"Cand\u00e1s 365","og:type":"article","og:title":"Dolores Carcedo visita la casa consistorial de Castropol | Cand\u00e1s 365","og:description":"La consejera de Hacienda y Sector P\u00fablico, Dolores Carcedo, ha participado hoy en el acto de inauguraci\u00f3n de las obras de mejora y reforma de la casa consistorial de Castropol, que ha cofinanciado el Principado con una aportaci\u00f3n de 900.000 euros, gracias al convenio suscrito por ambas administraciones en 2014. La inversi\u00f3n total fue de","og:url":"https:\/\/candas365.es\/noticias\/dolores-carcedo-visita-la-casa-consistorial-de-castropol\/","og:image":"https:\/\/candas365.es\/noticias\/wp-content\/uploads\/2018\/07\/visita-castropol.jpeg","og:image:secure_url":"https:\/\/candas365.es\/noticias\/wp-content\/uploads\/2018\/07\/visita-castropol.jpeg","og:image:width":1599,"og:image:height":1200,"article:published_time":"2018-07-21T14:02:22+00:00","article:modified_time":"2018-07-21T14:02:22+00:00","article:publisher":"https:\/\/www.facebook.com\/Nachofdezber","article:author":"https:\/\/www.facebook.com\/carrenoactualidad","twitter:card":"summary_large_image","twitter:site":"@NabercoDigital","twitter:title":"Dolores Carcedo visita la casa consistorial de Castropol | Cand\u00e1s 365","twitter:description":"La consejera de Hacienda y Sector P\u00fablico, Dolores Carcedo, ha participado hoy en el acto de inauguraci\u00f3n de las obras de mejora y reforma de la casa consistorial de Castropol, que ha cofinanciado el Principado con una aportaci\u00f3n de 900.000 euros, gracias al convenio suscrito por ambas administraciones en 2014. La inversi\u00f3n total fue de","twitter:creator":"@nbasturias","twitter:image":"https:\/\/candas365.es\/noticias\/wp-content\/uploads\/2018\/07\/visita-castropol.jpeg","twitter:label1":"Escrito por","twitter:data1":"Cand\u00e1s 365","twitter:label2":"Tiempo de lectura estimado","twitter:data2":"1 minuto"},"aioseo_meta_data":{"post_id":"100843","title":null,"description":null,"keywords":null,"keyphrases":null,"primary_term":null,"canonical_url":null,"og_title":null,"og_description":null,"og_object_type":"default","og_image_type":"default","og_image_url":null,"og_image_width":null,"og_image_height":null,"og_image_custom_url":null,"og_image_custom_fields":null,"og_video":null,"og_custom_url":null,"og_article_section":null,"og_article_tags":null,"twitter_use_og":false,"twitter_card":"default","twitter_image_type":"default","twitter_image_url":null,"twitter_image_custom_url":null,"twitter_image_custom_fields":null,"twitter_title":null,"twitter_description":null,"schema":{"blockGraphs":[],"customGraphs":[],"default":{"data":{"Article":[],"Course":[],"Dataset":[],"FAQPage":[],"Movie":[],"Person":[],"Product":[],"ProductReview":[],"Car":[],"Recipe":[],"Service":[],"SoftwareApplication":[],"WebPage":[]},"graphName":"","isEnabled":true},"graphs":[]},"schema_type":null,"schema_type_options":null,"pillar_content":false,"robots_default":true,"robots_noindex":false,"robots_noarchive":false,"robots_nosnippet":false,"robots_nofollow":false,"robots_noimageindex":false,"robots_noodp":false,"robots_notranslate":false,"robots_max_snippet":null,"robots_max_videopreview":null,"robots_max_imagepreview":"large","priority":null,"frequency":null,"location":null,"local_seo":null,"seo_analyzer_scan_date":"2025-08-27 09:56:10","breadcrumb_settings":null,"limit_modified_date":false,"reviewed_by":null,"open_ai":null,"ai":null,"created":"2020-12-21 11:48:28","updated":"2025-08-27 09:56:10"},"aioseo_breadcrumb":"<div class=\"aioseo-breadcrumbs\"><span class=\"aioseo-breadcrumb\">\n\t<a href=\"https:\/\/candas365.es\/noticias\" title=\"Home\">Home<\/a>\n<\/span><span class=\"aioseo-breadcrumb-separator\">&ndash;<\/span><span class=\"aioseo-breadcrumb\">\n\t<a href=\"https:\/\/candas365.es\/noticias\/category\/asturias\/\" title=\"Asturias\">Asturias<\/a>\n<\/span><span class=\"aioseo-breadcrumb-separator\">&ndash;<\/span><span class=\"aioseo-breadcrumb\">\n\tDolores Carcedo visita la casa consistorial de Castropol\n<\/span><\/div>","aioseo_breadcrumb_json":[{"label":"Home","link":"https:\/\/candas365.es\/noticias"},{"label":"Asturias","link":"https:\/\/candas365.es\/noticias\/category\/asturias\/"},{"label":"Dolores Carcedo visita la casa consistorial de Castropol","link":"https:\/\/candas365.es\/noticias\/dolores-carcedo-visita-la-casa-consistorial-de-castropol\/"}],"_links":{"self":[{"href":"https:\/\/candas365.es\/noticias\/wp-json\/wp\/v2\/posts\/100843","targetHints":{"allow":["GET"]}}],"collection":[{"href":"https:\/\/candas365.es\/noticias\/wp-json\/wp\/v2\/posts"}],"about":[{"href":"https:\/\/candas365.es\/noticias\/wp-json\/wp\/v2\/types\/post"}],"author":[{"embeddable":true,"href":"https:\/\/candas365.es\/noticias\/wp-json\/wp\/v2\/users\/1"}],"replies":[{"embeddable":true,"href":"https:\/\/candas365.es\/noticias\/wp-json\/wp\/v2\/comments?post=100843"}],"version-history":[{"count":0,"href":"https:\/\/candas365.es\/noticias\/wp-json\/wp\/v2\/posts\/100843\/revisions"}],"wp:featuredmedia":[{"embeddable":true,"href":"https:\/\/candas365.es\/noticias\/wp-json\/wp\/v2\/media\/100844"}],"wp:attachment":[{"href":"https:\/\/candas365.es\/noticias\/wp-json\/wp\/v2\/media?parent=100843"}],"wp:term":[{"taxonomy":"category","embeddable":true,"href":"https:\/\/candas365.es\/noticias\/wp-json\/wp\/v2\/categories?post=100843"},{"taxonomy":"post_tag","embeddable":true,"href":"https:\/\/candas365.es\/noticias\/wp-json\/wp\/v2\/tags?post=100843"}],"curies":[{"name":"wp","href":"https:\/\/api.w.org\/{rel}","templated":true}]}}